{"id":259417,"date":"2022-02-15T05:45:36","date_gmt":"2022-02-15T04:45:36","guid":{"rendered":"https:\/\/www.radiopiu.net\/wordpress\/?p=259417"},"modified":"2022-02-15T08:48:02","modified_gmt":"2022-02-15T07:48:02","slug":"giornale-radiopiu-15-febbraio-2022-direttore-mirko-mezzacasa","status":"publish","type":"post","link":"https:\/\/www.radiopiu.net\/wordpress\/giornale-radiopiu-15-febbraio-2022-direttore-mirko-mezzacasa\/","title":{"rendered":"GIORNALE RADIOPIU 15 FEBBRAIO 2022 DIRETTORE MIRKO MEZZACASA"},"content":{"rendered":"<h3 class=\"kvgmc6g5 cxmmr5t8 oygrvhab hcukyx3x c1et5uql\"><span style=\"color: #0000ff;\"><strong><img loading=\"lazy\" decoding=\"async\" class=\"alignleft\" src=\"https:\/\/www.radiopiu.net\/wordpress\/wp-content\/uploads\/2022\/02\/511fc9a2-ec45-4637-a6e9-b8daa89bc3ae.jpg\" width=\"201\" height=\"268\" \/>INFORMAZIONE il canale su TELEGRAM informazione di prima mano e in tempo reale. iscriviti ed aiutaci a farlo conoscere<\/strong><\/span><\/h3>\n<p><strong>Riecco la neve&#8230; da Viabilit\u00e0 Provincia Belluno lo scatto di Federica alle cinque del mattino a Pieve di Livinallongo<\/strong><\/p>\n<p>&nbsp;<\/p>\n<p>&nbsp;<\/p>\n<p>&nbsp;<\/p>\n<p>&nbsp;<\/p>\n<p>&nbsp;<\/p>\n<blockquote>\n<h3><\/h3>\n<hr \/>\n<h3><a href=\"https:\/\/www.radiopiu.net\/wordpress\/giornale-radiopiu-15-febbraio-2022-direttore-mirko-mezzacasa\/ba53a6b1-402f-4b9c-82c8-eba805ecca37\/\" rel=\"attachment wp-att-259597\"><img loading=\"lazy\" decoding=\"async\" class=\" wp-image-259597 alignleft\" src=\"https:\/\/www.radiopiu.net\/wordpress\/wp-content\/uploads\/2022\/02\/ba53a6b1-402f-4b9c-82c8-eba805ecca37-300x225.jpg\" alt=\"\" width=\"236\" height=\"177\" srcset=\"https:\/\/www.radiopiu.net\/wordpress\/wp-content\/uploads\/2022\/02\/ba53a6b1-402f-4b9c-82c8-eba805ecca37-300x225.jpg 300w, https:\/\/www.radiopiu.net\/wordpress\/wp-content\/uploads\/2022\/02\/ba53a6b1-402f-4b9c-82c8-eba805ecca37-768x576.jpg 768w, https:\/\/www.radiopiu.net\/wordpress\/wp-content\/uploads\/2022\/02\/ba53a6b1-402f-4b9c-82c8-eba805ecca37.jpg 1024w\" sizes=\"auto, (max-width: 236px) 100vw, 236px\" \/><\/a><\/h3>\n<h3>GIORNATA DI EMERGENZE NELL&#8217;AGORDINO<\/h3>\n<\/blockquote>\n<p><strong>ALLEGHE<\/strong> Due interventi dell&#8217;elicottero nella giornata di ieri, in mattinata ad Alleghe per soccorrere un turista colto da malore mentre soggiornava in un Hotel a Masar\u00e8 di Rocca Pietore, importante e risolutivo l&#8217;intervento in emergenza dei volontari\u00a0 della croce verde di Alleghe partiti dalla vicina sede di Rusech.<\/p>\n<p><strong>ROCCA PIETORE<\/strong> Ieri sera volo notturno dell&#8217;elicottero Leone1 da Treviso\u00a0 avrebbe dovuto atterrare ad Agordo per ricevere un paziente colto da malore a Mo\u00e8 di Laste dove \u00e8 intervenuto personale sanitario in ambulanza sempre della Croce Verde di Alleghe che in serata\u00a0 ha coperto\u00a0 il turno del colleghi di Rocca Pietore.\u00a0 Per le avverse condizioni meteo l&#8217;elicottero non \u00e8 arrivato ad Agordo e l&#8217;ambulanza del pronto soccorso dell&#8217;ospedale ha preso in carico il paziente scendendo\u00a0 fino all&#8217;ospedale San Martino di\u00a0 Belluno.<\/p>\n<div style=\"width: 640px;\" class=\"wp-video\"><video class=\"wp-video-shortcode\" id=\"video-259417-1\" width=\"640\" height=\"352\" preload=\"metadata\" controls=\"controls\"><source type=\"video\/mp4\" src=\"https:\/\/www.radiopiu.net\/wordpress\/wp-content\/uploads\/2022\/02\/WhatsApp-Video-2022-02-14-at-09.37.37.mp4?_=1\" \/><a href=\"https:\/\/www.radiopiu.net\/wordpress\/wp-content\/uploads\/2022\/02\/WhatsApp-Video-2022-02-14-at-09.37.37.mp4\">https:\/\/www.radiopiu.net\/wordpress\/wp-content\/uploads\/2022\/02\/WhatsApp-Video-2022-02-14-at-09.37.37.mp4<\/a><\/video><\/div>\n<p>&nbsp;<\/p>\n<p>&nbsp;<\/p>\n<hr \/>\n<blockquote>\n<h3><\/h3>\n<h3>UN ABBRACCIO ALLA FAMIGLIA ORSINGHER NEL RICORDO DI DANIELA &#8220;PERSONA SQUISITA&#8221;<\/h3>\n<\/blockquote>\n<p><strong><a href=\"https:\/\/www.radiopiu.net\/wordpress\/una-abbraccio-alla-famiglia-orsingher-dle-ricordo-di-daniela-persona-squisita\/56487454_101684864359486_1142243541599125504_n\/\" rel=\"attachment wp-att-259549\"><img loading=\"lazy\" decoding=\"async\" class=\"size-medium wp-image-259549 alignleft\" src=\"https:\/\/www.radiopiu.net\/wordpress\/wp-content\/uploads\/2022\/02\/56487454_101684864359486_1142243541599125504_n-e1644867794405-300x300.jpg\" alt=\"\" width=\"300\" height=\"300\" srcset=\"https:\/\/www.radiopiu.net\/wordpress\/wp-content\/uploads\/2022\/02\/56487454_101684864359486_1142243541599125504_n-e1644867794405-300x300.jpg 300w, https:\/\/www.radiopiu.net\/wordpress\/wp-content\/uploads\/2022\/02\/56487454_101684864359486_1142243541599125504_n-e1644867794405-150x150.jpg 150w, https:\/\/www.radiopiu.net\/wordpress\/wp-content\/uploads\/2022\/02\/56487454_101684864359486_1142243541599125504_n-e1644867794405-768x768.jpg 768w, https:\/\/www.radiopiu.net\/wordpress\/wp-content\/uploads\/2022\/02\/56487454_101684864359486_1142243541599125504_n-e1644867794405.jpg 778w\" sizes=\"auto, (max-width: 300px) 100vw, 300px\" \/><\/a><\/strong><\/p>\n<p><strong>ALLEGHE\u00a0<\/strong> Caro amico, caro forte amico, stavo pensando che potrei iniziare dal sassofono, Non si dovrebbero divulgare le confidenze, ma me la vedo lass\u00f9 Daniela anche a fare musica. Che siano note dolci e in fatto di musica il marchio Orsingher ne sa qualche cosa, quelle note che possano rincuorarti Stefano e che siano un caldo abbraccio per Giulia, Davide, le sue creature che ce la ricorderanno ad ogni occasione. Non c&#8217;\u00e8 altro da aggiungere Stefano, se non un forte ti e vi vogliamo bene. E per lenire un po&#8217; il dolore ripeto quello che un&#8217;alleghese ha scritto di Daniela dopo averla conosciuta, forse anche accanto a te sul posto di lavoro<em> &#8220;persona squisita&#8221;<\/em>, L&#8217;Alleghe Hockey per voce del suo presidente Adriano Levis <em>&#8220;La famiglia dell&#8217;Alleghe Hockey abbraccia Stefano e Davide con Giulia. Abbiamo nel cuore tanta tristezza&#8221;.<\/em> Daniela Alfieri, nata ad Agordo in piazza della Libert\u00e0 56 anni fa \u00e8 mancata ieri mattina, il malore di qualche giorno fa gli \u00e8 stato fatale. Lascia il marito Stefano Orsingher con i figli Giulia e Davide, la mamma Gaia Antonietta, i fratelli Giorgio, Flavio, Maurizio Alfieri.<\/p>\n<p>mirko e RadioPi\u00f9<\/p>\n<p>&nbsp;<\/p>\n<hr \/>\n<p>&nbsp;<\/p>\n<blockquote>\n<h2>ACQUA INQUINATA IN ALCUNE FRAZIONI<\/h2>\n<\/blockquote>\n<p><strong><img loading=\"lazy\" decoding=\"async\" class=\"alignleft\" src=\"https:\/\/www.radiopiu.net\/wordpress\/wp-content\/uploads\/2018\/08\/ACQUA.jpeg\" width=\"175\" height=\"105\" \/>\u00a0CANALE D&#8217; AGORDO<\/strong> Gestione Servizi Pubblici informa che nelle LOCALITA&#8217; FREGONA, PISOLIVA E LA MORA l&#8217;acqua erogata dall&#8217;acquedotto non \u00e8 potabile e non pu\u00f2 essere usata per scopi alimentari. Verr\u00e0 effettuato servizio sostitutivo con approvvigionamento alternativo di emergenza nelle localit\u00e0 di Pisoliva e Fregona. GSP ha, comunque, gi\u00e0 adottato necessari interventi di pulizia e disinfezione della rete. Ulteriori informazioni saranno fornite nei prossimi giorni. Per maggiori informazioni \u00e8 possibile contattare il Servizio Clienti al numero 800 306 999 o +39 0445 230521 (da estero) .<\/p>\n<p>&nbsp;<\/p>\n<hr \/>\n<blockquote>\n<h3><\/h3>\n<h3>LAVORI SULLA CONDOTTA FOGNARIA, DISAGI PER LA CIRCOLAZIONE<\/h3>\n<\/blockquote>\n<p><strong>ROCCA PIETORE<\/strong> In localit\u00e0 Masar\u00e8 dal civico 7 al civico 20 fino al 25 febbraio senso unico alternato. il 24 febbraio dalle 7 alle 24 interdizione totale al traffico veicolare dal civico 12A (condominio Elena) al civico 20<\/p>\n<p>&nbsp;<\/p>\n<p>&nbsp;<\/p>\n<hr \/>\n<blockquote>\n<h3><\/h3>\n<h3>AGGIORNAMENTO COVID: IN PROVINCIA DI BELLUNO 3445 POSITIVI, 61 PAZIENTI RICOVERATI. TRE DECESSI NEL FINE SETTIMANA<\/h3>\n<\/blockquote>\n<p><strong>BELLUNO<\/strong> Aggiornamento settimanale sulla situazione epidemiologica in provincia di Belluno a cura dell&#8217;Ulss 1 Dolomiti. Le persone attualmente positive sono 3445. Nell\u2019ultima settimana di rilevazione si registra un ulteriore calo dei nuovi casi rispetto al precedente periodo di osservazione. Nel dettaglio, i nuovi casi rilevati nell\u2019ultima settimana sono 1.613 (-915 rispetto alla scorsa settimana), con un conseguente tasso di incidenza settimanale di 808 casi su 100 mila abitanti, in ulteriore riduzione rispetto alla settimana precedente, e lievemente inferiore all&#8217;incidenza nazionale (813 su 100 mila abitanti). La curva epidemica delle ultime settimane si comporta in modo simile a quanto accaduto in altri contesti: rapidissima crescita dettata dalla variante Omicron, molto diffusiva; speculare rapida decrescita. Come nelle precedenti settimane, \u00a0i nuovi casi si collocano prevalentemente nelle fasce centrali 25-64 anni e nella fascia 0-14 anni. Nella settimana scorsa sono stati eseguiti dai team dell\u2019Ulss Dolomiti 12.930 tamponi (di cui 4.077 molecolari e 8.853 antigenici). A questi si aggiungono 8.912 tamponi antigenici eseguiti dalle Farmacie del territorio, 393 tamponi eseguiti dai Pediatri di Libera scelta e 241 tamponi eseguiti dai Medici di Medicina Generale. In media, ogni giorno vengono eseguiti circa 1.600 tamponi ogni 100 mila abitanti. Nella settimana qui analizzata sono stati somministrati 13 trattamenti con monoclonali dall\u2019Unit\u00e0 Operativa di\u00a0 Malattie Infettive di Belluno, per un totale di 327 dosi complessive. In questa settimana sono iniziate le prescrizioni dell\u2019antivirale di Pfizer che si aggiunge al gi\u00e0 disponibile farmaco della Merck. Nella settimana sono stati prescritti 6 trattamenti per un totale di \u00a023 trattamenti complessivi. Sono attualmente ricoverati: un paziente in terapia intensiva, 39 in area non critica di cui 18 no covid e 21 negli ospedali di comunit\u00e0. Nel weekend sono decedute tre pazienti covid positive di anni 81 e 88 ricoverate in Pneumologia a Belluno e di anni 90 ricoverata in Pneumologia a Feltre.<\/p>\n\n\t\t\t<style type='text\/css'>\n\t\t\t\t#gallery-1 {\n\t\t\t\t\tmargin: auto;\n\t\t\t\t}\n\t\t\t\t#gallery-1 .gallery-item {\n\t\t\t\t\tfloat: left;\n\t\t\t\t\tmargin-top: 10px;\n\t\t\t\t\ttext-align: center;\n\t\t\t\t\twidth: 50%;\n\t\t\t\t}\n\t\t\t\t#gallery-1 img {\n\t\t\t\t\tborder: 2px solid #cfcfcf;\n\t\t\t\t}\n\t\t\t\t#gallery-1 .gallery-caption {\n\t\t\t\t\tmargin-left: 0;\n\t\t\t\t}\n\t\t\t\t\/* see gallery_shortcode() in wp-includes\/media.php *\/\n\t\t\t<\/style>\n\t\t<div id='gallery-1' class='dt-gallery-container gallery galleryid-259417 gallery-columns-2 gallery-size-medium'><dl class='gallery-item'>\n\t\t\t\t<dt class='gallery-icon landscape'>\n\t\t\t\t\t<a class=\"rollover rollover-zoom dt-pswp-item\" title=\"1\" data-dt-img-description=\"\" data-large_image_width=\"964\" data-large_image_height=\"310\"href='https:\/\/www.radiopiu.net\/wordpress\/wp-content\/uploads\/2022\/02\/1-2.jpg'><img loading=\"lazy\" decoding=\"async\" width=\"300\" height=\"96\" src=\"https:\/\/www.radiopiu.net\/wordpress\/wp-content\/uploads\/2022\/02\/1-2-300x96.jpg\" class=\"attachment-medium size-medium\" alt=\"\" aria-describedby=\"gallery-1-259525\" srcset=\"https:\/\/www.radiopiu.net\/wordpress\/wp-content\/uploads\/2022\/02\/1-2-300x96.jpg 300w, https:\/\/www.radiopiu.net\/wordpress\/wp-content\/uploads\/2022\/02\/1-2-768x247.jpg 768w, https:\/\/www.radiopiu.net\/wordpress\/wp-content\/uploads\/2022\/02\/1-2.jpg 964w\" sizes=\"auto, (max-width: 300px) 100vw, 300px\" \/><\/a>\n\t\t\t\t<\/dt>\n\t\t\t\t\t<dd class='wp-caption-text gallery-caption' id='gallery-1-259525'>\n\t\t\t\t\tANDAMENTO EPIDEMICO COVID DAI PRIMI DI MARZO 2020 AD OGGI\n\t\t\t\t\t<\/dd><\/dl><dl class='gallery-item'>\n\t\t\t\t<dt class='gallery-icon landscape'>\n\t\t\t\t\t<a class=\"rollover rollover-zoom dt-pswp-item\" title=\"2\" data-dt-img-description=\"\" data-large_image_width=\"964\" data-large_image_height=\"376\"href='https:\/\/www.radiopiu.net\/wordpress\/wp-content\/uploads\/2022\/02\/2-1.jpg'><img loading=\"lazy\" decoding=\"async\" width=\"300\" height=\"117\" src=\"https:\/\/www.radiopiu.net\/wordpress\/wp-content\/uploads\/2022\/02\/2-1-300x117.jpg\" class=\"attachment-medium size-medium\" alt=\"\" aria-describedby=\"gallery-1-259526\" srcset=\"https:\/\/www.radiopiu.net\/wordpress\/wp-content\/uploads\/2022\/02\/2-1-300x117.jpg 300w, https:\/\/www.radiopiu.net\/wordpress\/wp-content\/uploads\/2022\/02\/2-1-768x300.jpg 768w, https:\/\/www.radiopiu.net\/wordpress\/wp-content\/uploads\/2022\/02\/2-1.jpg 964w\" sizes=\"auto, (max-width: 300px) 100vw, 300px\" \/><\/a>\n\t\t\t\t<\/dt>\n\t\t\t\t\t<dd class='wp-caption-text gallery-caption' id='gallery-1-259526'>\n\t\t\t\t\tANDAMENTO EPIDEMICO COVID DAI PRIMI DI MARZO 2020 AD OGGI\n\t\t\t\t\t<\/dd><\/dl><br style=\"clear: both\" \/><dl class='gallery-item'>\n\t\t\t\t<dt class='gallery-icon portrait'>\n\t\t\t\t\t<a class=\"rollover rollover-zoom dt-pswp-item\" title=\"3\" data-dt-img-description=\"\" data-large_image_width=\"964\" data-large_image_height=\"996\"href='https:\/\/www.radiopiu.net\/wordpress\/wp-content\/uploads\/2022\/02\/3-1.jpg'><img loading=\"lazy\" decoding=\"async\" width=\"290\" height=\"300\" src=\"https:\/\/www.radiopiu.net\/wordpress\/wp-content\/uploads\/2022\/02\/3-1-290x300.jpg\" class=\"attachment-medium size-medium\" alt=\"\" aria-describedby=\"gallery-1-259527\" srcset=\"https:\/\/www.radiopiu.net\/wordpress\/wp-content\/uploads\/2022\/02\/3-1-290x300.jpg 290w, https:\/\/www.radiopiu.net\/wordpress\/wp-content\/uploads\/2022\/02\/3-1-768x793.jpg 768w, https:\/\/www.radiopiu.net\/wordpress\/wp-content\/uploads\/2022\/02\/3-1.jpg 964w\" sizes=\"auto, (max-width: 290px) 100vw, 290px\" \/><\/a>\n\t\t\t\t<\/dt>\n\t\t\t\t\t<dd class='wp-caption-text gallery-caption' id='gallery-1-259527'>\n\t\t\t\t\tL\u2019INCIDENZA SETTIMANALE PER SINGOLO COMUNE\n\t\t\t\t\t<\/dd><\/dl><dl class='gallery-item'>\n\t\t\t\t<dt class='gallery-icon landscape'>\n\t\t\t\t\t<a class=\"rollover rollover-zoom dt-pswp-item\" title=\"4\" data-dt-img-description=\"\" data-large_image_width=\"964\" data-large_image_height=\"526\"href='https:\/\/www.radiopiu.net\/wordpress\/wp-content\/uploads\/2022\/02\/4.png'><img loading=\"lazy\" decoding=\"async\" width=\"300\" height=\"164\" src=\"https:\/\/www.radiopiu.net\/wordpress\/wp-content\/uploads\/2022\/02\/4-300x164.png\" class=\"attachment-medium size-medium\" alt=\"\" aria-describedby=\"gallery-1-259528\" srcset=\"https:\/\/www.radiopiu.net\/wordpress\/wp-content\/uploads\/2022\/02\/4-300x164.png 300w, https:\/\/www.radiopiu.net\/wordpress\/wp-content\/uploads\/2022\/02\/4-768x419.png 768w, https:\/\/www.radiopiu.net\/wordpress\/wp-content\/uploads\/2022\/02\/4.png 964w\" sizes=\"auto, (max-width: 300px) 100vw, 300px\" \/><\/a>\n\t\t\t\t<\/dt>\n\t\t\t\t\t<dd class='wp-caption-text gallery-caption' id='gallery-1-259528'>\n\t\t\t\t\tNUOVI POSITIVI PER FASCE D&#8217;ETA&#8217;\n\t\t\t\t\t<\/dd><\/dl><br style=\"clear: both\" \/>\n\t\t\t<\/div>\n\n<p>&nbsp;<\/p>\n<hr \/>\n<p>&nbsp;<\/p>\n<blockquote>\n<h3 class=\"p1\"><span class=\"s1\">ZLS, LA REGIONE INSERISCE 25 COMUNI BELLUNESI TRA AGORDINO, CADORE E ZOLDANO<\/span><\/h3>\n<\/blockquote>\n<p><span class=\"s1\"><strong><a href=\"https:\/\/www.radiopiu.net\/wordpress\/la-presidente-di-confartigianato-claudia-scarzanella-parla-delle-sfide-territoriali-per-lanno-che-verra\/claudia-scarzanella-confartigianato\/\" rel=\"attachment wp-att-182277\"><img loading=\"lazy\" decoding=\"async\" class=\"size-medium wp-image-182277 alignleft\" src=\"https:\/\/www.radiopiu.net\/wordpress\/wp-content\/uploads\/2020\/12\/CLAUDIA-SCARZANELLA-CONFARTIGIANATO-300x236.png\" alt=\"\" width=\"300\" height=\"236\" srcset=\"https:\/\/www.radiopiu.net\/wordpress\/wp-content\/uploads\/2020\/12\/CLAUDIA-SCARZANELLA-CONFARTIGIANATO-300x236.png 300w, https:\/\/www.radiopiu.net\/wordpress\/wp-content\/uploads\/2020\/12\/CLAUDIA-SCARZANELLA-CONFARTIGIANATO-1024x804.png 1024w, https:\/\/www.radiopiu.net\/wordpress\/wp-content\/uploads\/2020\/12\/CLAUDIA-SCARZANELLA-CONFARTIGIANATO-768x603.png 768w, https:\/\/www.radiopiu.net\/wordpress\/wp-content\/uploads\/2020\/12\/CLAUDIA-SCARZANELLA-CONFARTIGIANATO.png 1042w\" sizes=\"auto, (max-width: 300px) 100vw, 300px\" \/><\/a>BELLUNO <\/strong>\u00ab<em>Semplificazione, sgravi fiscali e meno burocrazia sono strumenti concreti per sostenere le imprese della montagna e attirare nuovi attivit\u00e0 produttive. Continuiamo su questa strada, anche per contrastare lo spopolamento delle cosiddette \u201cterre alte<\/em>\u201d\u00bb. \u00c8 il commento della presidente di Confartigianato Belluno alla delibera di giunta regionale del 18 gennaio scorso, con cui il Veneto punta a costituire la Zls, vale a dire la Zona logistica semplificata, e ad allargarla a 25 Comuni bellunesi la Zls. A fine gennaio, poi, il governatore Zaia ha sottoscritto con la ministra per il Sud e la Coesione territoriale Mara Carfagna il protocollo d\u2019intesa per l\u2019istituzione della Zls.\u00a0 <\/span><span class=\"s1\">L\u2019intento della Regione Veneto \u00e8 quello di risollevare le sorti di Porto Marghera, attraverso un provvedimento che offre misure speciali. Le Zls infatti sono aree geografiche all\u2019interno delle quali sono previste particolari agevolazioni e incentivi per le aziende insediate o che decidono di insediarsi. In particolare, sgravi contributivi, accelerazione delle procedure autorizzative, meno burocrazia e sconti sulla tassazione. <\/span><span class=\"s1\">Con la delibera di giunta regionale nella Zls che riguarda il Veneto vengono inserite anche zone del Polesine e del Bellunese, in particolare i Comuni di Agordo, Alleghe, Calalzo, Cencenighe, Cibiana, Colle Santa Lucia, Domegge, Falcade, Canale d\u2019Agordo, La Valle Agordina, Livinallongo, Lorenzago, Lozzo, Ospitale, Perarolo, Pieve di Cadore, Rocca Pietore, San Tomaso Agordino, Sedico, Selva, Taibon, Vallada, Valle di Cadore, Longarone e Val di Zoldo.\u00a0 <\/span><span class=\"s1\">\u00ab<em>Confartigianato Belluno ha sempre creduto in questa possibilit\u00e0, fin dal 2019, quindi bene che la Regione Veneto abbia percepito le istanze sollevate dal territorio &#8211; commenta il direttore di Confartigianato Belluno Michele Basso -. Abbiamo fatto un percorso per sollecitare le personalit\u00e0 politiche del territorio e le categorie a sollevare l\u2019attenzione sulla necessit\u00e0 di questa misura anche in ottica antispopolamento e a favore della sopravvivenza delle imprese. In particolare ricordiamo l\u2019impegno in tal senso del compianto senatore Paolo Saviane. Abbiamo sostenuto sia la Zes, Zona economica speciale, sia la Zls, convinti che solo creando condizioni di vantaggio \u00e8 possibile tenere le imprese a lavorare sul territorio. Ora ci auguriamo che questo percorso possa arrivare a conclusione, per dare alle nostre aziende possibilit\u00e0 concrete di lavorare, a condizioni che sono s\u00ec di vantaggio, ma bisogna sempre considerare che chi vive e lavora in montagna deve affrontare difficolt\u00e0 &#8211; logistiche, ambientali e non solo &#8211; che in pianura non esistono. Proprio per questo auspichiamo che nella Zls possa rientrare anche il Comelico, che oggi deve fare i conti anche con la chiusura prolungata della galleria, mettendo a serio rischio la tenuta del tessuto produttivo locale<\/em>\u00bb.<\/span><\/p>\n<p>&nbsp;<\/p>\n<p><strong>BOND: &#8220;BENE L&#8217;INSERIMENTO DEI 25 COMUNI BELLUNESI&#8221;<\/strong><\/p>\n<p><strong>ROMA <\/strong>\u201cLa Regione Veneto ha individuato 25 comuni bellunesi per la nuova zls, zona logistica semplificata. Un\u2019ottima iniziativa per l\u2019economia della montagna, ma \u00e8 necessario inserire anche il Comelico, che oggi con la chiusura della galleria, rischia una vera e propria desertificazione imprenditoriale ed economica\u201d. \u00c8 quanto afferma il deputato Dario Bond, in merito alla Dgr del 18 gennaio 2022, con cui la Regione Veneto avvia il percorso per la definizione di una nuova Zona Logistica Semplificata, includendo anche i comuni di Cadore, Agordino, Zoldano e in piccolissima parte Valbelluna. \u201cLa strada della fiscalit\u00e0 agevolata va benissimo per risollevare la montagna e far sentire meno forti le difficolt\u00e0 che devono sobbarcarsi le imprese delle terre alte rispetto alle colleghe della pianura. Quindi benissimo la strada intrapresa dal Veneto. Ma \u00e8 il caso di ridefinire il perimetro, inserendo anche il Comelico. Oggi quella vallata paga dinamiche di spopolamento pi\u00f9 drammatiche rispetto ad altre zone bellunesi. E con la chiusura della galleria si rischia un\u2019accelerazione senza pari, un nuovo esodo che va in qualche modo tamponato\u201d.<\/p>\n<p>&nbsp;<\/p>\n<hr \/>\n<p>&nbsp;<\/p>\n<blockquote>\n<h3>\u00a0DAL 1 MAGGIO IMPOSTA DI SOGGIORNO ANCHE IN ALPAGO<\/h3>\n<\/blockquote>\n<p><strong><a href=\"https:\/\/www.radiopiu.net\/wordpress\/dal-1-maggio-imposta-di-soggiorno-anche-in-alpago\/th-318\/\" rel=\"attachment wp-att-259567\"><img loading=\"lazy\" decoding=\"async\" class=\"wp-image-259567 alignleft\" src=\"https:\/\/www.radiopiu.net\/wordpress\/wp-content\/uploads\/2022\/02\/th-9.jpg\" alt=\"\" width=\"158\" height=\"113\" \/><\/a><\/strong><\/p>\n<p>&nbsp;<\/p>\n<p><strong>di\u00a0 DAMIANO TORMEN\u00a0<\/strong><\/p>\n<audio class=\"wp-audio-shortcode\" id=\"audio-259417-1\" preload=\"none\" style=\"width: 100%;\" controls=\"controls\"><source type=\"audio\/mpeg\" src=\"https:\/\/www.radiopiu.net\/wordpress\/wp-content\/uploads\/2022\/02\/DAMIANO-1.mp3?_=1\" \/><a href=\"https:\/\/www.radiopiu.net\/wordpress\/wp-content\/uploads\/2022\/02\/DAMIANO-1.mp3\">https:\/\/www.radiopiu.net\/wordpress\/wp-content\/uploads\/2022\/02\/DAMIANO-1.mp3<\/a><\/audio>\n<p>&nbsp;<\/p>\n<p>&nbsp;<\/p>\n<hr \/>\n<p>&nbsp;<\/p>\n<blockquote>\n<h2>SEI STUDENTI SU DIECI DELL&#8217;AGORDINO HANNO SCELTO SCUOLE A BELLUNO O FELTRE<\/h2>\n<\/blockquote>\n<p><strong><a href=\"https:\/\/www.radiopiu.net\/wordpress\/sabato-17-ottobre-la-presentazione-del-progetto-dolomia-in-sala-don-tamis\/follador-de-rossi\/\" rel=\"attachment wp-att-164367\"><img loading=\"lazy\" decoding=\"async\" class=\"size-medium wp-image-164367 alignleft\" src=\"https:\/\/www.radiopiu.net\/wordpress\/wp-content\/uploads\/2020\/10\/FOLLADOR-DE-ROSSI-300x140.jpg\" alt=\"\" width=\"300\" height=\"140\" srcset=\"https:\/\/www.radiopiu.net\/wordpress\/wp-content\/uploads\/2020\/10\/FOLLADOR-DE-ROSSI-300x140.jpg 300w, https:\/\/www.radiopiu.net\/wordpress\/wp-content\/uploads\/2020\/10\/FOLLADOR-DE-ROSSI-1024x477.jpg 1024w, https:\/\/www.radiopiu.net\/wordpress\/wp-content\/uploads\/2020\/10\/FOLLADOR-DE-ROSSI-768x358.jpg 768w, https:\/\/www.radiopiu.net\/wordpress\/wp-content\/uploads\/2020\/10\/FOLLADOR-DE-ROSSI-1536x716.jpg 1536w, https:\/\/www.radiopiu.net\/wordpress\/wp-content\/uploads\/2020\/10\/FOLLADOR-DE-ROSSI-2048x954.jpg 2048w, https:\/\/www.radiopiu.net\/wordpress\/wp-content\/uploads\/2020\/10\/FOLLADOR-DE-ROSSI-640x298.jpg 640w\" sizes=\"auto, (max-width: 300px) 100vw, 300px\" \/><\/a>DI GIANNI SANTOMASO<\/strong><\/p>\n<audio class=\"wp-audio-shortcode\" id=\"audio-259417-2\" preload=\"none\" style=\"width: 100%;\" controls=\"controls\"><source type=\"audio\/mpeg\" src=\"https:\/\/www.radiopiu.net\/wordpress\/wp-content\/uploads\/2022\/02\/GIANNI-BHO.mp3?_=2\" \/><a href=\"https:\/\/www.radiopiu.net\/wordpress\/wp-content\/uploads\/2022\/02\/GIANNI-BHO.mp3\">https:\/\/www.radiopiu.net\/wordpress\/wp-content\/uploads\/2022\/02\/GIANNI-BHO.mp3<\/a><\/audio>\n<p>&nbsp;<\/p>\n<p><strong>\u00a0DALLA TRASMISSIONE 007 IN CONDOTTA, CON LA PROF. MARIA ROSA SALAMAZO<\/strong><\/p>\n<audio class=\"wp-audio-shortcode\" id=\"audio-259417-3\" preload=\"none\" style=\"width: 100%;\" controls=\"controls\"><source type=\"audio\/mpeg\" src=\"https:\/\/www.radiopiu.net\/wordpress\/wp-content\/uploads\/2022\/02\/007-14-febbraio.mp3?_=3\" \/><a href=\"https:\/\/www.radiopiu.net\/wordpress\/wp-content\/uploads\/2022\/02\/007-14-febbraio.mp3\">https:\/\/www.radiopiu.net\/wordpress\/wp-content\/uploads\/2022\/02\/007-14-febbraio.mp3<\/a><\/audio>\n<p>&nbsp;<\/p>\n<p>&nbsp;<\/p>\n<hr \/>\n<p>&nbsp;<\/p>\n<blockquote class=\"wp-embedded-content\" data-secret=\"4I5UebJZiB\"><p><a href=\"https:\/\/www.radiopiu.net\/wordpress\/positivi-in-calo-in-veneto-delle-ultime-24-ore-ma-2-ricoveri-in-piu-a-belluno\/\">POSITIVI IN CALO IN VENETO DELLE ULTIME 24 ORE, MA 2 RICOVERI IN PIU&#8217; A BELLUNO<\/a><\/p><\/blockquote>\n<p><iframe loading=\"lazy\" class=\"wp-embedded-content\" sandbox=\"allow-scripts\" security=\"restricted\" style=\"position: absolute; clip: rect(1px, 1px, 1px, 1px);\" title=\"&#8220;POSITIVI IN CALO IN VENETO DELLE ULTIME 24 ORE, MA 2 RICOVERI IN PIU&#8217; A BELLUNO&#8221; &#8212; Radio Pi\u00f9\" src=\"https:\/\/www.radiopiu.net\/wordpress\/positivi-in-calo-in-veneto-delle-ultime-24-ore-ma-2-ricoveri-in-piu-a-belluno\/embed\/#?secret=4I5UebJZiB\" data-secret=\"4I5UebJZiB\" width=\"600\" height=\"338\" frameborder=\"0\" marginwidth=\"0\" marginheight=\"0\" scrolling=\"no\"><\/iframe><\/p>\n<p>&nbsp;<\/p>\n<h2>I GRAFICI DI TIZIANO DE COL<\/h2>\n\n\t\t\t<style type='text\/css'>\n\t\t\t\t#gallery-2 {\n\t\t\t\t\tmargin: auto;\n\t\t\t\t}\n\t\t\t\t#gallery-2 .gallery-item {\n\t\t\t\t\tfloat: left;\n\t\t\t\t\tmargin-top: 10px;\n\t\t\t\t\ttext-align: center;\n\t\t\t\t\twidth: 33%;\n\t\t\t\t}\n\t\t\t\t#gallery-2 img {\n\t\t\t\t\tborder: 2px solid #cfcfcf;\n\t\t\t\t}\n\t\t\t\t#gallery-2 .gallery-caption {\n\t\t\t\t\tmargin-left: 0;\n\t\t\t\t}\n\t\t\t\t\/* see gallery_shortcode() in wp-includes\/media.php *\/\n\t\t\t<\/style>\n\t\t<div id='gallery-2' class='dt-gallery-container gallery galleryid-259417 gallery-columns-3 gallery-size-thumbnail'><dl class='gallery-item'>\n\t\t\t\t<dt class='gallery-icon landscape'>\n\t\t\t\t\t<a class=\"rollover rollover-zoom dt-pswp-item\" title=\"b809a242-6b20-49a1-8f1f-ac19fcbbaee7\" data-dt-img-description=\"\" data-large_image_width=\"589\" data-large_image_height=\"359\"href='https:\/\/www.radiopiu.net\/wordpress\/wp-content\/uploads\/2022\/02\/b809a242-6b20-49a1-8f1f-ac19fcbbaee7.jpg'><img loading=\"lazy\" decoding=\"async\" width=\"150\" height=\"150\" src=\"https:\/\/www.radiopiu.net\/wordpress\/wp-content\/uploads\/2022\/02\/b809a242-6b20-49a1-8f1f-ac19fcbbaee7-150x150.jpg\" class=\"attachment-thumbnail size-thumbnail\" alt=\"\" \/><\/a>\n\t\t\t\t<\/dt><\/dl><dl class='gallery-item'>\n\t\t\t\t<dt class='gallery-icon landscape'>\n\t\t\t\t\t<a class=\"rollover rollover-zoom dt-pswp-item\" title=\"10d69fce-f931-42a4-96fd-b07b831e4dd2\" data-dt-img-description=\"\" data-large_image_width=\"592\" data-large_image_height=\"365\"href='https:\/\/www.radiopiu.net\/wordpress\/wp-content\/uploads\/2022\/02\/10d69fce-f931-42a4-96fd-b07b831e4dd2.jpg'><img loading=\"lazy\" decoding=\"async\" width=\"150\" height=\"150\" src=\"https:\/\/www.radiopiu.net\/wordpress\/wp-content\/uploads\/2022\/02\/10d69fce-f931-42a4-96fd-b07b831e4dd2-150x150.jpg\" class=\"attachment-thumbnail size-thumbnail\" alt=\"\" \/><\/a>\n\t\t\t\t<\/dt><\/dl><dl class='gallery-item'>\n\t\t\t\t<dt class='gallery-icon landscape'>\n\t\t\t\t\t<a class=\"rollover rollover-zoom dt-pswp-item\" title=\"582ffb0a-e3e9-45fc-aac1-adcacfaec609\" data-dt-img-description=\"\" data-large_image_width=\"596\" data-large_image_height=\"360\"href='https:\/\/www.radiopiu.net\/wordpress\/wp-content\/uploads\/2022\/02\/582ffb0a-e3e9-45fc-aac1-adcacfaec609.jpg'><img loading=\"lazy\" decoding=\"async\" width=\"150\" height=\"150\" src=\"https:\/\/www.radiopiu.net\/wordpress\/wp-content\/uploads\/2022\/02\/582ffb0a-e3e9-45fc-aac1-adcacfaec609-150x150.jpg\" class=\"attachment-thumbnail size-thumbnail\" alt=\"\" \/><\/a>\n\t\t\t\t<\/dt><\/dl><br style=\"clear: both\" \/><dl class='gallery-item'>\n\t\t\t\t<dt class='gallery-icon landscape'>\n\t\t\t\t\t<a class=\"rollover rollover-zoom dt-pswp-item\" title=\"0f08a737-663b-4d64-83c2-81375577a8c8\" data-dt-img-description=\"\" data-large_image_width=\"602\" data-large_image_height=\"356\"href='https:\/\/www.radiopiu.net\/wordpress\/wp-content\/uploads\/2022\/02\/0f08a737-663b-4d64-83c2-81375577a8c8.jpg'><img loading=\"lazy\" decoding=\"async\" width=\"150\" height=\"150\" src=\"https:\/\/www.radiopiu.net\/wordpress\/wp-content\/uploads\/2022\/02\/0f08a737-663b-4d64-83c2-81375577a8c8-150x150.jpg\" class=\"attachment-thumbnail size-thumbnail\" alt=\"\" \/><\/a>\n\t\t\t\t<\/dt><\/dl><dl class='gallery-item'>\n\t\t\t\t<dt class='gallery-icon landscape'>\n\t\t\t\t\t<a class=\"rollover rollover-zoom dt-pswp-item\" title=\"c3fcefed-081a-4ca0-a895-f277713412ca\" data-dt-img-description=\"\" data-large_image_width=\"616\" data-large_image_height=\"356\"href='https:\/\/www.radiopiu.net\/wordpress\/wp-content\/uploads\/2022\/02\/c3fcefed-081a-4ca0-a895-f277713412ca.jpg'><img loading=\"lazy\" decoding=\"async\" width=\"150\" height=\"150\" src=\"https:\/\/www.radiopiu.net\/wordpress\/wp-content\/uploads\/2022\/02\/c3fcefed-081a-4ca0-a895-f277713412ca-150x150.jpg\" class=\"attachment-thumbnail size-thumbnail\" alt=\"\" \/><\/a>\n\t\t\t\t<\/dt><\/dl><dl class='gallery-item'>\n\t\t\t\t<dt class='gallery-icon landscape'>\n\t\t\t\t\t<a class=\"rollover rollover-zoom dt-pswp-item\" title=\"5de2a893-c0e0-4d40-afc1-0162427a237d\" data-dt-img-description=\"\" data-large_image_width=\"624\" data-large_image_height=\"351\"href='https:\/\/www.radiopiu.net\/wordpress\/wp-content\/uploads\/2022\/02\/5de2a893-c0e0-4d40-afc1-0162427a237d.jpg'><img loading=\"lazy\" decoding=\"async\" width=\"150\" height=\"150\" src=\"https:\/\/www.radiopiu.net\/wordpress\/wp-content\/uploads\/2022\/02\/5de2a893-c0e0-4d40-afc1-0162427a237d-150x150.jpg\" class=\"attachment-thumbnail size-thumbnail\" alt=\"\" \/><\/a>\n\t\t\t\t<\/dt><\/dl><br style=\"clear: both\" \/>\n\t\t\t<\/div>\n\n<p>&nbsp;<\/p>\n<hr \/>\n<p>&nbsp;<\/p>\n<blockquote>\n<h3>NUOVI ORARI PUNTI TAMPONE<\/h3>\n<\/blockquote>\n<p><strong><a href=\"https:\/\/www.radiopiu.net\/wordpress\/giornale-radiopiu-23-gennaio-2021-direttore-mirko-mezzacasa\/tamponi-paludi-1\/\" rel=\"attachment wp-att-186210\"><img loading=\"lazy\" decoding=\"async\" class=\"size-medium wp-image-186210 alignleft\" src=\"https:\/\/www.radiopiu.net\/wordpress\/wp-content\/uploads\/2021\/01\/Tamponi-Paludi-1-300x169.jpg\" alt=\"\" width=\"300\" height=\"169\" srcset=\"https:\/\/www.radiopiu.net\/wordpress\/wp-content\/uploads\/2021\/01\/Tamponi-Paludi-1-300x169.jpg 300w, https:\/\/www.radiopiu.net\/wordpress\/wp-content\/uploads\/2021\/01\/Tamponi-Paludi-1-1024x576.jpg 1024w, https:\/\/www.radiopiu.net\/wordpress\/wp-content\/uploads\/2021\/01\/Tamponi-Paludi-1-768x432.jpg 768w, https:\/\/www.radiopiu.net\/wordpress\/wp-content\/uploads\/2021\/01\/Tamponi-Paludi-1-1536x864.jpg 1536w, https:\/\/www.radiopiu.net\/wordpress\/wp-content\/uploads\/2021\/01\/Tamponi-Paludi-1.jpg 1600w\" sizes=\"auto, (max-width: 300px) 100vw, 300px\" \/><\/a>BELLUNO <\/strong>Entrano in vigore nuovi orari dei punti tampone, riorganizzati alla luce del calo della necessit\u00e0. Si ricorda che i tamponi si eseguono solo su prenotazione dal sito ww.aulss1.veneto.it o su invio dell\u2019unit\u00e0 di crisi. Questi i nuovi orari: Paludi dal luned\u00ec al sabato dalle 8.30 alle 16.00 e domenica dalle 8.30 alle 13.30: su prenotazione per tamponi green pass, tamponi antigenici e molecolari prescritti del curante, tamponi di sorveglianza programmati dall&#8217;Unit\u00e0 di Crisi Covid; domenica dalle 14 alle 18.30 accesso libero per soggetti sintomatici. Feltre &#8211; dal luned\u00ec al sabato dalle 8 alle 13.30: su prenotazione per tamponi green pass, tamponi antigenici e molecolari prescritti del curante, tamponi di sorveglianza programmati dall&#8217;Unit\u00e0 di Crisi Covid; Agordo &#8211; marted\u00ec, gioved\u00ec e sabato dalle 8 alle 10.30: su prenotazione per tamponi antigenici e molecolari prescritti del curante, tamponi di sorveglianza programmati dall&#8217;Unit\u00e0 di Crisi Covid; Tai di Cadore &#8211; marted\u00ec, gioved\u00ec e sabato dalle 13 alle 16 : su prenotazione per tamponi antigenici e molecolari prescritti del curante, tamponi di sorveglianza programmati dall&#8217;Unit\u00e0 di Crisi Covid. Alla luce della consistente riduzione di attivit\u00e0, cessa l&#8217;operativit\u00e0 del drive-in ospedaliero &#8220;pediatrico&#8221; di S. Gervasio Prosegue, fino a diversa determinazione, la prenotabilit\u00e0, dal luned\u00ec al sabato, dalle 8 alle 15, di tamponi antigenici e tamponi molecolari (prescritti dal curante) presso l&#8217;ospedale Codivilla Putti di Cortina (gestione GVM)<\/p>\n<p>&nbsp;<\/p>\n<p>&nbsp;<\/p>\n<hr \/>\n<p>&nbsp;<\/p>\n<blockquote>\n<h3>MESSAGGI DEL CUORE: DALL\u2019AMBULANZA ECG DIRETTAMENTE IN CARDIOLOGIA<\/h3>\n<\/blockquote>\n<p><strong><a href=\"https:\/\/www.radiopiu.net\/wordpress\/monoclonali-pronti-per-la-somministrazione-in-ulss-1-dolomiti\/ulss-1-2\/\" rel=\"attachment wp-att-198838\"><img loading=\"lazy\" decoding=\"async\" class=\"size-medium wp-image-198838 alignleft\" src=\"https:\/\/www.radiopiu.net\/wordpress\/wp-content\/uploads\/2021\/03\/ULSS-1-300x158.jpg\" alt=\"\" width=\"300\" height=\"158\" srcset=\"https:\/\/www.radiopiu.net\/wordpress\/wp-content\/uploads\/2021\/03\/ULSS-1-300x158.jpg 300w, https:\/\/www.radiopiu.net\/wordpress\/wp-content\/uploads\/2021\/03\/ULSS-1-768x404.jpg 768w, https:\/\/www.radiopiu.net\/wordpress\/wp-content\/uploads\/2021\/03\/ULSS-1.jpg 776w\" sizes=\"auto, (max-width: 300px) 100vw, 300px\" \/><\/a>BELLUNO <\/strong>In Ulss Dolomiti il \u201ccuore\u201d usa le moderne tecnologie digitali per mandare rapidamente i tracciati ECG, direttamente dall\u2019ambulanza alle \u00a0Cardiologie. In \u00a0tutte le ambulanze SUEM operanti sul territorio dell\u2019ulss Dolomiti \u00e8 operativo un sistema che consente all\u2019operatore sanitario intervenuto a soccorrere un paziente con un sospetto di sindrome coronarica acuta di trasmetterel\u2019elettrocardiogramma diagnostico a 12 derivazioni direttamente alle Cardiologie ( a Belluno per il distretto 1 e a Feltre per il distretto 2) e alla Centrale Operativa SUEM, in qualunque parte della provincia si trovi. Il tracciato viene letto, in tempo reale, da un medico che pu\u00f2 fare diagnosi tempestiva di patologia cardiaca e, se indicato, dare disposizione di portare il paziente direttamente verso l\u2019ospedale di Belluno, dove c\u2019\u00e8 il laboratorio di emodinamica e avviare tempestivamente le terapie specifiche. Nel frattempo, gli specialisti ospedalieri allestiscono la sala in modo che sia pronta all\u2019arrivo del paziente. Ogni mese, gli ECG inviati alle cardiologie per la refertazione dalle ambulanze SUEM sono circa 20.<\/p>\n<p>&nbsp;<\/p>\n<p>&nbsp;<\/p>\n<hr \/>\n<p>&nbsp;<\/p>\n<blockquote>\n<h3>MANGIO SANO CORRO LONTANO: RIPRENDONO I LABORATORI DI EDUCAZIONE ALLA SALUTE NELLE SCUOLE<\/h3>\n<\/blockquote>\n<p><strong><a href=\"https:\/\/www.radiopiu.net\/wordpress\/giornale-radiopiu-15-febbraio-2022-direttore-mirko-mezzacasa\/villa-di-villa-3\/\" rel=\"attachment wp-att-259534\"><img loading=\"lazy\" decoding=\"async\" class=\" wp-image-259534 alignleft\" src=\"https:\/\/www.radiopiu.net\/wordpress\/wp-content\/uploads\/2022\/02\/villa-di-villa-3-300x189.jpeg\" alt=\"\" width=\"232\" height=\"146\" srcset=\"https:\/\/www.radiopiu.net\/wordpress\/wp-content\/uploads\/2022\/02\/villa-di-villa-3-300x189.jpeg 300w, https:\/\/www.radiopiu.net\/wordpress\/wp-content\/uploads\/2022\/02\/villa-di-villa-3-1024x645.jpeg 1024w, https:\/\/www.radiopiu.net\/wordpress\/wp-content\/uploads\/2022\/02\/villa-di-villa-3-768x484.jpeg 768w, https:\/\/www.radiopiu.net\/wordpress\/wp-content\/uploads\/2022\/02\/villa-di-villa-3-1536x968.jpeg 1536w, https:\/\/www.radiopiu.net\/wordpress\/wp-content\/uploads\/2022\/02\/villa-di-villa-3.jpeg 1600w\" sizes=\"auto, (max-width: 232px) 100vw, 232px\" \/><\/a>BELLUNO <\/strong>Il bruco del progetto \u201cMangio sano, corro lontano\u201d ritorna in classe. Con il rallentamento dell\u2019epidemia covid, riprendono le attivit\u00e0 di educazione e promozione alla salute che tanto sono mancate in questo periodo. La prima scuola visitata del team della promozione della salute \u00e8 stata l\u2019infanzia di Villa di Villa, con il progetto \u201cmangio sano e corro lontano\u201d. Il programma \u201cCorro lontano perch\u00e9 mangio sano\u201d si rivolge ai bambini appartenenti all\u2019ultimo anno della Scuola dell\u2019infanzia e prevede i seguenti obiettivi:\u00a0 far conoscere loro i principali gruppi di alimenti,\u00a0 far comprendere cosa si intende per adeguato riposo, far comprendere l\u2019importanza del movimento nella vita di tutti i giorni.<\/p>\n<p>\u200b<\/p>\n<p>&nbsp;<\/p>\n<hr \/>\n<p>&nbsp;<\/p>\n<blockquote>\n<h3>INCENDI BOSCHIVI. BOTTACIN: \u201cNEGLI ULTIMI GIORNI IL VENETO E\u2019 STATO PROTAGONISTA DI VARI INCENDI DOMATI GRAZIE AL PREZIOSO LAVORO DI SQUADRA\u201d<\/h3>\n<\/blockquote>\n<p><strong>VENEZIA<\/strong> &#8221; <em>Nell\u2019ultimo mese siamo intervenuti con successo su numerosi incendi, con bonifica delle aree interessate. Le ultime ore, inoltre, si sono rivelate particolarmente intense per il lavoro messo in campo da una grande squadra &#8211; composta da diversi operatori forestali regionali, guidati dai direttori delle operazioni di spegnimento, a cui hanno partecipato anche i volontari della protezione civile e i vigili del fuoco &#8211; attiva per lo spegnimento degli incendi boschivi e per le operazioni di bonifica anche nelle zone di Val di Zoldo (localit\u00e0 Ciamber, nel bellunese) e di Vittorio Veneto (monte Altare, nel trevigiano). Alla fine, l\u2019impegno di tutti, ci ha permesso di raggiungere il risultato sperato<\/em>\u201d. Giosce allo spegnimento, anche dell\u2019ultimo incendio boschivo scoppiato in queste ultime ore, l\u2019Assessore all\u2019Ambiente della Regione del Veneto, Gianpaolo Bottacin, che ha seguito passo passo l\u2019evolversi delle fiamme, tenendosi aggiornato sulla situazione. \u201c<em>Ricordo che, negli ultimi anni, nel nostro territorio, &#8211; ha aggiunto Bottacin &#8211; abbiamo ridotto del 50 per cento il pericolo di incendi boschivi: significa che, grazie al Piano di contrasto introdotto dalla Regione del Veneto e che ora \u00e8 stato aggiornato, alcuni importanti risultati li abbiamo raggiunti. Detto ci\u00f2, il problema non \u00e8 risolto e, infatti, non abbassiamo la guardia. Fondamentale, per\u00f2, \u00e8 anche il contributo attivo di ciascun cittadino: chiunque pu\u00f2 e deve fare la propria parte, in termini di prevenzione e senso civico. Cerchiamo, ad esempio, di evitare di accendere fuochi al di fuori delle aree attrezzate, di parcheggiare l\u2019auto sopra l\u2019erba e foglie secche, di gettare mozziconi di sigaretta o fiammiferi accesi e di dar fuoco a residui vegetali o forestali<\/em>\u201d.<\/p>\n\n\t\t\t<style type='text\/css'>\n\t\t\t\t#gallery-3 {\n\t\t\t\t\tmargin: auto;\n\t\t\t\t}\n\t\t\t\t#gallery-3 .gallery-item {\n\t\t\t\t\tfloat: left;\n\t\t\t\t\tmargin-top: 10px;\n\t\t\t\t\ttext-align: center;\n\t\t\t\t\twidth: 50%;\n\t\t\t\t}\n\t\t\t\t#gallery-3 img {\n\t\t\t\t\tborder: 2px solid #cfcfcf;\n\t\t\t\t}\n\t\t\t\t#gallery-3 .gallery-caption {\n\t\t\t\t\tmargin-left: 0;\n\t\t\t\t}\n\t\t\t\t\/* see gallery_shortcode() in wp-includes\/media.php *\/\n\t\t\t<\/style>\n\t\t<div id='gallery-3' class='dt-gallery-container gallery galleryid-259417 gallery-columns-2 gallery-size-medium'><dl class='gallery-item'>\n\t\t\t\t<dt class='gallery-icon portrait'>\n\t\t\t\t\t<a class=\"rollover rollover-zoom dt-pswp-item\" title=\"elicottero2\" data-dt-img-description=\"\" data-large_image_width=\"597\" data-large_image_height=\"1024\"href='https:\/\/www.radiopiu.net\/wordpress\/wp-content\/uploads\/2022\/02\/elicottero2.jpg'><img loading=\"lazy\" decoding=\"async\" width=\"175\" height=\"300\" src=\"https:\/\/www.radiopiu.net\/wordpress\/wp-content\/uploads\/2022\/02\/elicottero2-175x300.jpg\" class=\"attachment-medium size-medium\" alt=\"\" srcset=\"https:\/\/www.radiopiu.net\/wordpress\/wp-content\/uploads\/2022\/02\/elicottero2-175x300.jpg 175w, https:\/\/www.radiopiu.net\/wordpress\/wp-content\/uploads\/2022\/02\/elicottero2.jpg 597w\" sizes=\"auto, (max-width: 175px) 100vw, 175px\" \/><\/a>\n\t\t\t\t<\/dt><\/dl><dl class='gallery-item'>\n\t\t\t\t<dt class='gallery-icon portrait'>\n\t\t\t\t\t<a class=\"rollover rollover-zoom dt-pswp-item\" title=\"incendio boschivo\" data-dt-img-description=\"\" data-large_image_width=\"592\" data-large_image_height=\"1024\"href='https:\/\/www.radiopiu.net\/wordpress\/wp-content\/uploads\/2022\/02\/incendio-boschivo.jpg'><img loading=\"lazy\" decoding=\"async\" width=\"173\" height=\"300\" src=\"https:\/\/www.radiopiu.net\/wordpress\/wp-content\/uploads\/2022\/02\/incendio-boschivo-173x300.jpg\" class=\"attachment-medium size-medium\" alt=\"\" srcset=\"https:\/\/www.radiopiu.net\/wordpress\/wp-content\/uploads\/2022\/02\/incendio-boschivo-173x300.jpg 173w, https:\/\/www.radiopiu.net\/wordpress\/wp-content\/uploads\/2022\/02\/incendio-boschivo.jpg 592w\" sizes=\"auto, (max-width: 173px) 100vw, 173px\" \/><\/a>\n\t\t\t\t<\/dt><\/dl><br style=\"clear: both\" \/>\n\t\t\t<\/div>\n\n<p>&nbsp;<\/p>\n<p>&nbsp;<\/p>\n<hr \/>\n<p>&nbsp;<\/p>\n<blockquote>\n<h3>BOSTRICO: PER DE MENECH BISOGNA ISTITUIRE I SERVIZI FORESTALI BELLUNESI<\/h3>\n<\/blockquote>\n<p><strong>ROMA<\/strong> \u00ab<em>Istituire i servizi forestali bellunesi trasferendo alla Provincia di Belluno tutte le funzioni sulla gestione delle foreste e della difesa del suolo. Solo cos\u00ec riusciremmo a superare le difficolt\u00e0 di coordinamento emerse nella giunta regionale. I problemi interni alla giunta hanno impedito un\u2019azione decisa contro il bostrico. Nonostante ci fossero ingenti risorse stanziate dallo Stato, ora i tecnici affermano che \u00e8 troppo tardi e il territorio bellunese rischia di perdere fino a due terzi del proprio patrimonio boschivo. Affidare la gestione della tutela del suolo e delle foreste alla Provincia di Belluno, dove per altro ci sono i quattro quinti dei boschi del Veneto, eviterebbe la dispersione delle competenze e l\u2019amaro spettacolo da fine impero delle liti riservateci da Venezia in queste settimane. Il trasferimento delle competenze, delle funzioni e delle risorse umane ed economiche, sarebbe inoltre in piena linea con lo statuto regionale che riconosce la specificit\u00e0 della provincia di Belluno<\/em>\u00bb. Lo dichiara il deputato bellunese, Roger De Menech.<\/p>\n<p><strong>ROGER DE MENECH<\/strong><\/p>\n<div style=\"width: 848px;\" class=\"wp-video\"><video class=\"wp-video-shortcode\" id=\"video-259417-2\" width=\"848\" height=\"480\" preload=\"metadata\" controls=\"controls\"><source type=\"video\/mp4\" src=\"https:\/\/www.radiopiu.net\/wordpress\/wp-content\/uploads\/2022\/02\/DE-MENECH-BOSTRICO.mp4?_=2\" \/><a href=\"https:\/\/www.radiopiu.net\/wordpress\/wp-content\/uploads\/2022\/02\/DE-MENECH-BOSTRICO.mp4\">https:\/\/www.radiopiu.net\/wordpress\/wp-content\/uploads\/2022\/02\/DE-MENECH-BOSTRICO.mp4<\/a><\/video><\/div>\n<p>&nbsp;<\/p>\n<p>&nbsp;<\/p>\n<hr \/>\n<p>&nbsp;<\/p>\n<blockquote>\n<h3>BOSTRICO. LA REGIONE DEL VENETO FORNISCE LA RELAZIONE SUL TEMA E CHIARISCE LE AZIONI COMPIUTE<\/h3>\n<\/blockquote>\n<p><strong><a href=\"https:\/\/www.radiopiu.net\/wordpress\/post-vaia-recuperati-10mila-metri-cubi-di-legname-ma-il-bostrico-dilaga\/bostrico-2\/\" rel=\"attachment wp-att-254880\"><img loading=\"lazy\" decoding=\"async\" class=\"size-medium wp-image-254880 alignleft\" src=\"https:\/\/www.radiopiu.net\/wordpress\/wp-content\/uploads\/2022\/01\/BOSTRICO-300x225.jpg\" alt=\"\" width=\"300\" height=\"225\" srcset=\"https:\/\/www.radiopiu.net\/wordpress\/wp-content\/uploads\/2022\/01\/BOSTRICO-300x225.jpg 300w, https:\/\/www.radiopiu.net\/wordpress\/wp-content\/uploads\/2022\/01\/BOSTRICO-1024x768.jpg 1024w, https:\/\/www.radiopiu.net\/wordpress\/wp-content\/uploads\/2022\/01\/BOSTRICO-768x576.jpg 768w, https:\/\/www.radiopiu.net\/wordpress\/wp-content\/uploads\/2022\/01\/BOSTRICO-1536x1152.jpg 1536w, https:\/\/www.radiopiu.net\/wordpress\/wp-content\/uploads\/2022\/01\/BOSTRICO.jpg 2048w\" sizes=\"auto, (max-width: 300px) 100vw, 300px\" \/><\/a>VENEZIA<\/strong> In merito al comunicato stampa rilasciato oggi dal deputato bellunese De Menech, che ritorna sul tema del \u201cBostrico\u201d, l\u2019Assessorato all\u2019Agricoltura e l\u2019Assessorato all\u2019Ambiente della Regione del Veneto precisano quanto segue: Non \u00e8 vero ed \u00e8 lontanissimo dalla verit\u00e0 quanto De Menech evidenzia nella sua nota stampa annunciando che la Regione del Veneto non ha fatto nulla per prevenire e contrastare il problema del Bostrico. Al contrario, in maniera coordinata, fin da subito la Regione si \u00e8 attivata con una moltitudine di azioni, tanto che, in molte aree, il problema \u00e8 stato risolto. Fondamentale, inoltre, fin da subito \u00e8 stata la collaborazione con l\u2019Universit\u00e0 di Padova e il professor Raffaele Cavalli del Dipartimento Territorio, Ambiente, Agricoltura e Foreste. Come \u00e8 stato ribadito anche in Consiglio regionale, molti schianti sono stati lasciati l\u00ec appositamente perch\u00e9 i massimi esperti mondiali di rischio valanghe hanno evidenziato che, prima di rimuovere gli alberi abbattuti da Vaia, devono essere realizzati i paravalanghe. Questo perch\u00e9 l&#8217;albero schiantato funge anche da paravalanghe con neve fino a quota di 1 metro (sopra no ed infatti \u00e8 stato anche realizzato un poderoso piano di protezione civile emergenziale con soccorso alpino insieme ai carabinieri forestali che permette, nella peggiore delle ipotesi, che si possa arrivare all&#8217;evacuazione di ben 600 edifici, numerosi dei quali alberghi). Per costruire i paravalanghe, prima bisogna individuare i nuovi siti valanghivi venutisi a creare, quindi devono essere preparati i progetti, infine bisogna appaltare le opere e, per questo motivo, gli alberi non possono essere rimossi subito: la sicurezza umana viene prima del Bostrico. Il Bostrico non \u00e8 un problema solo Veneto. Si ricorda, infatti, che in tutte le emergenze con schianti rilevanti, si manifesta la controindicazione del Bostrico con grandi ripercussioni sull\u2019ambiente. Il problema \u00e8 di rilevanza mondiale. Inoltre, per il trasferimento dei forestali, la Provincia non pu\u00f2 assumere direttamente gli operai, che avviene di fatto tramite Venetoagricoltura. Con gli stessi forestali \u00e8 stato appena sottoscritto il nuovo contratto integrativo regionale che garantisce risorse e finanziamenti alla complessa attivit\u00e0 di difesa dei boschi, dell\u2019intero sistema idraulico forestale, della gestione e della salvaguardia dei territori, dei paesaggi e della conservazione degli ecosistemi.<\/p>\n<p>&nbsp;<\/p>\n<p>&nbsp;<\/p>\n<hr \/>\n<p>&nbsp;<\/p>\n<blockquote>\n<h3>DATI OCCUPAZIONE GENNAIO 2022. CRESCONO POSTI A TEMPO INDETERMINATO E DIMISSIONI<\/h3>\n<\/blockquote>\n<p><strong><a href=\"https:\/\/www.radiopiu.net\/wordpress\/scuola-edile-belluno-centro-formazione-sicurezza\/consulenza-formazione-sicurezza-sul-lavoro-4\/\" rel=\"attachment wp-att-237753\"><img loading=\"lazy\" decoding=\"async\" class=\"size-medium wp-image-237753 alignleft\" src=\"https:\/\/www.radiopiu.net\/wordpress\/wp-content\/uploads\/2021\/10\/consulenza-formazione-sicurezza-sul-lavoro-4-300x225.jpg\" alt=\"\" width=\"300\" height=\"225\" srcset=\"https:\/\/www.radiopiu.net\/wordpress\/wp-content\/uploads\/2021\/10\/consulenza-formazione-sicurezza-sul-lavoro-4-300x225.jpg 300w, https:\/\/www.radiopiu.net\/wordpress\/wp-content\/uploads\/2021\/10\/consulenza-formazione-sicurezza-sul-lavoro-4.jpg 600w\" sizes=\"auto, (max-width: 300px) 100vw, 300px\" \/><\/a>VENEZIA\u00a0 <\/strong>\u201cIl mercato del lavoro in Veneto sta cambiando e noi lo stiamo monitorando in maniera precisa e puntuale attraverso le analisi di Veneto Lavoro &#8211; afferma\u00a0Elena Donazzan, Assessore regionale al Lavoro \u2013. Lo scenario di incertezza che abbiamo di fronte con la crisi data dall\u2019aumento dei costi energetici, delle materie prime e il problema degli approvvigionamenti \u00e8 completata dalla crescita delle dimissioni volontarie, la cosiddetta <em>great resignation<\/em>, fenomeno globale che registriamo anche in Veneto. Il 29 per cento delle cessazioni di gennaio \u00e8 dato da dimissioni volontarie, con un pi\u00f9 19 per cento rispetto ad un anno fa. Sono numeri su cui riflettere a fondo per porre in essere le misure pi\u00f9 adeguate a sostegno dei lavoratori e dell\u2019occupazione\u201d. Cos\u00ec l\u2019Assessore regionale al lavoro Elena Donazzan commenta alcuni dei dati che emergono da La Bussola di Veneto Lavoro che riporta i dati sull\u2019occupazione in Veneto del mese di gennaio. Il quadro economico internazionale caratterizzato dalla crisi energetica europea e l\u2019impennata inflazionistica con il rischio bellico in Ucraina gettano qualche ombra sulle previsioni occupazionali per il 2022, dopo che il 2021 si era chiuso in Veneto con un aumento di quasi 40 mila posti di lavoro e una crescita stimata del Pil pari al +6,9%. Il 2022 si \u00e8 aperto nella nostra regione con una crescita dei posti a tempo indeterminato, che a gennaio hanno fatto registrare un saldo positivo per 6.200 posizioni lavorative in pi\u00f9 e un aumento delle assunzioni pari al pi\u00f9 3 per cento rispetto al 2020 e a pi\u00f9 58 per cento su gennaio di un anno fa. I saldi mensili sono positivi in tutti i comparti industriali e negativi in agricoltura e in buona parte del terziario.<\/p>\n<p><strong>IL REPORT DI VENETO LAVORO<\/strong><\/p>\n<a href=\"https:\/\/www.radiopiu.net\/wordpress\/wp-content\/uploads\/2022\/02\/Bussola-Veneto-Lavoro-febbraio-2022.pdf\" class=\"pdfemb-viewer\" style=\"\" data-width=\"max\" data-height=\"max\" data-toolbar=\"top\" data-toolbar-fixed=\"on\">Bussola Veneto Lavoro \u2013 febbraio 2022<\/a>\n<p>&nbsp;<\/p>\n<hr \/>\n<p>&nbsp;<\/p>\n<blockquote>\n<h3>PNRR, BORGHI: APPELLO DELLE ASSOCIAZIONI AL MINISTERO. SU 1 MILIARDO DI EURO, IL\u00a0 50% SOLO SU 21 BORGHI<\/h3>\n<\/blockquote>\n<p><strong><a href=\"https:\/\/www.radiopiu.net\/wordpress\/giornale-radiopiu-12-dicembre-2020-direttore-mirko-mezzacasa\/unpli\/\" rel=\"attachment wp-att-178779\"><img loading=\"lazy\" decoding=\"async\" class=\"size-medium wp-image-178779 alignleft\" src=\"https:\/\/www.radiopiu.net\/wordpress\/wp-content\/uploads\/2020\/12\/UNPLI-300x122.png\" alt=\"\" width=\"300\" height=\"122\" srcset=\"https:\/\/www.radiopiu.net\/wordpress\/wp-content\/uploads\/2020\/12\/UNPLI-300x122.png 300w, https:\/\/www.radiopiu.net\/wordpress\/wp-content\/uploads\/2020\/12\/UNPLI-1024x415.png 1024w, https:\/\/www.radiopiu.net\/wordpress\/wp-content\/uploads\/2020\/12\/UNPLI-768x311.png 768w, https:\/\/www.radiopiu.net\/wordpress\/wp-content\/uploads\/2020\/12\/UNPLI.png 1066w\" sizes=\"auto, (max-width: 300px) 100vw, 300px\" \/><\/a>ROMA <\/strong>Le associazioni che costituiscono la piattaforma dei Borghi (Borghi\u00a0pi\u00f9 belli d\u2019Italia,\u00a0Legambiente,\u00a0Unione Nazionale Pro Loco d\u2019Italia\u00a0e\u00a0Touring Club Italiano,) intervengono sul tema dei fondi assegnati nell\u2019ambito del PNRR ai Borghi ed in particolare sulla scelta di dividere le risorse stanziate sull\u2019asse \u201cIntervento 2.1 &#8211; Attrattivit\u00e0 Dei Borghi\u201d (1 miliardo di euro) in due diverse linee, entrambe in scadenza il 15 marzo. In particolare, le organizzazioni manifestano perplessit\u00e0 sulla circostanza che quasi la met\u00e0 delle risorse (420 mln di euro) sia investite nella linea \u201cA\u201d che finanzia 21 progetti ed in particolare attribuisce a un solo progetto pilota proposto da ciascun Regione\u00a0 fino a 20 milioni di euro. Su questo punto le associazioni gi\u00e0 nell\u2019autunno scorso avevano espresso la loro contrariet\u00e0 ad ogni ipotesi di concentrare una parte significativa delle risorse disponibili su pochi Borghi (uno per regione); oggi appare ancora pi\u00f9 preoccupante il possibile esito di questa linea, che rischia di non premiare la qualit\u00e0 delle proposte, la capacit\u00e0 di coinvolgimento delle comunit\u00e0 e dei soggetti che lavorano sul territorio e le concrete ricadute occupazionali sul lungo periodo, innescando vere e proprie azioni di disuguaglianza che in considerazione dei criteri discriminatori, in alcuni casi utilizzati, stanno\u00a0 suscitando la rivolta dei territori. Di contro il bando sulla linea B mette a disposizione 580 mln di euro, di cui 380 milioni di euro per i Progetti locali di rigenerazione culturale presentati dai Comuni e 200 milioni di euro quale regime d\u2019aiuto, attivato attraverso una procedura centralizzata di responsabilit\u00e0 del MiC, a favore delle micro, piccole e medie imprese localizzate o che intendono insediarsi nei borghi che saranno selezionati. Proprio la linea B pu\u00f2 rappresentare una grande opportunit\u00e0 di rigenerazione culturale e innovazione urbana diffusa, anche se limitata ad almeno 229 piccoli comuni, creando una fortissima competizione sui territori; le stesse Regioni sanno gi\u00e0 che a fronte delle numerose richieste potranno soddisfare un esiguo numero di Comuni beneficiari dei fondi (i progetti potranno impegnare fino a circa 1,65 milioni di euro a borgo, arrivando anche fino a 2,53 milioni di euro, comprendendo anche il successivo bando della componente dedicata alle imprese localizzate).<\/p>\n<p>&nbsp;<\/p>\n<p>&nbsp;<\/p>\n<hr \/>\n<p>&nbsp;<\/p>\n<blockquote>\n<h3>RIFUGI ALPINI PRESIDI INSOSTITUIBILI DELLA MONTAGNA. ESTENDERE ANCHE QUESTE A STRUTTURE IL SUPERBONUS 80%<\/h3>\n<\/blockquote>\n<p><strong>BELLUNO<\/strong> \u201cI rifugi alpini sono autentici avamposto nella custodia del bene-montagna e per questo bisogna utilizzare ogni strumento utile a favorirne la permanenza e la sopravvivenza, anche in termini economici\u201d. Con queste parole il coordinatore provinciale di Forza Italia Dario Scopel rilancia anche per la montagna bellunese una proposta che si sta facendo largo trasversalmente in queste ore e che, partita dall&#8217;UNCEM \u2013 l&#8217;Unione Nazionale Comuni Comunit\u00e0 ed Enti Montani \u2013 sta raccogliendo il favore di altre istituzioni, come il CAI, oltre, naturalmente, a numerosi rifugisti. L&#8217;idea \u00e8 quella di richiedere al governo l&#8217;estensione del superbonus dell&#8217;80% per gli interventi a favore delle strutture ricettive, per l&#8217;appunto, ai rifugi alpini, ma anche alle strutture di media montagna, come quelle poste a presidio di malghe e aree verdi.<\/p>\n<p><strong>DARIO SCOPEL, COORDINATORE PROVINCIALE DI FORZA ITALIA<\/strong><\/p>\n<div style=\"width: 848px;\" class=\"wp-video\"><video class=\"wp-video-shortcode\" id=\"video-259417-3\" width=\"848\" height=\"480\" preload=\"metadata\" controls=\"controls\"><source type=\"video\/mp4\" src=\"https:\/\/www.radiopiu.net\/wordpress\/wp-content\/uploads\/2022\/02\/SCOPEL-RIFUGI.mp4?_=3\" \/><a href=\"https:\/\/www.radiopiu.net\/wordpress\/wp-content\/uploads\/2022\/02\/SCOPEL-RIFUGI.mp4\">https:\/\/www.radiopiu.net\/wordpress\/wp-content\/uploads\/2022\/02\/SCOPEL-RIFUGI.mp4<\/a><\/video><\/div>\n<p>&nbsp;<\/p>\n<hr \/>\n<p>&nbsp;<\/p>\n<blockquote>\n<h3>CONTRIBUTI NAZIONALI PER SICUREZZA DI EDIFICI E TERRITORIO. PRESENTATA DOMANDA PER SEI PROGETTI<\/h3>\n<\/blockquote>\n<p><strong><a href=\"https:\/\/www.radiopiu.net\/wordpress\/monumenti-da-ammirare-o-riscoprire-con-la-guida-una-giornata-a-belluno\/belluno-belluno-5\/\" rel=\"attachment wp-att-258268\"><img loading=\"lazy\" decoding=\"async\" class=\"size-full wp-image-258268 alignleft\" src=\"https:\/\/www.radiopiu.net\/wordpress\/wp-content\/uploads\/2022\/02\/BELLUNO-BELLUNO-5.jpg\" alt=\"\" width=\"151\" height=\"240\" \/><\/a>BELLUNO <\/strong>La Giunta Comunale ha approvato nella seduta di ieri pomeriggio la presentazione di sei progetti per l&#8217;accesso ai contributi messi a disposizione dei comuni dal Ministero dell&#8217;Interno \u2013 450 milioni di euro a livello nazionale \u2013 per la messa in sicurezza di edifici e del territorio; l&#8217;ammontare complessivo dei progetti, che coprono tutte le tipologie di intervento finanziabili, \u00e8 superiore ai 2,2 milioni di euro. Il fondo nazionale prevede tre categorie di intervento: messa in sicurezza del territorio a rischio idrogeologico; messa in sicurezza di strade, ponti e viadotti; messa in sicurezza ed efficientamento energetico degli edifici, con precedenza per gli edifici scolastici. Per la prima categoria, \u00e8 stato candidato al contributo l&#8217;intervento di ripristino dei versanti in via San Francesco e a Borgo Pra, per un importo totale di 290mila euro; sul fronte della sicurezza stradale, invece, vengono proposti gli interventi strutturali al ponte sul Rei\u00f9, per 210mila euro. Quattro, invece, i progetti di messa in sicurezza ed efficientamento energetico degli edifici: l&#8217;adeguamento degli impianti alla scuola \u201cValeriano\u201d di Castion per 1.100.000 euro, la sistemazione degli Uffici anagrafe e della palazzina di Via Mezzaterra (167mila euro), il rifacimento dei tetti e delle facciate della sede dell\u2019Ufficio Tecnico di Piazza Castello (200mila euro) e la manutenzione straordinaria per il ripristino dell\u2019impermeabilizzazione del parcheggio comunale di Via San Biagio (250mila euro).<\/p>\n<p><strong>BIAGIO GIANNONE, CONSIGLIERE COMUNALE DEL COMUNE DI BELLUNO<\/strong><\/p>\n<audio class=\"wp-audio-shortcode\" id=\"audio-259417-4\" preload=\"none\" style=\"width: 100%;\" controls=\"controls\"><source type=\"audio\/mpeg\" src=\"https:\/\/www.radiopiu.net\/wordpress\/wp-content\/uploads\/2022\/02\/GIANNONE-SICUREZZA.mp3?_=4\" \/><a href=\"https:\/\/www.radiopiu.net\/wordpress\/wp-content\/uploads\/2022\/02\/GIANNONE-SICUREZZA.mp3\">https:\/\/www.radiopiu.net\/wordpress\/wp-content\/uploads\/2022\/02\/GIANNONE-SICUREZZA.mp3<\/a><\/audio>\n<p>&nbsp;<\/p>\n<hr \/>\n<p>&nbsp;<\/p>\n<blockquote>\n<h3>BIM GSP, AL VIA I LAVORI ALL\u2019ACQUEDOTTO DELLA VAL CLUSA<\/h3>\n<\/blockquote>\n<p><strong><a href=\"https:\/\/www.radiopiu.net\/wordpress\/giornale-radiopiu-15-febbraio-2022-direttore-mirko-mezzacasa\/lavori-eseguiti-di-recente-a-trichiana\/\" rel=\"attachment wp-att-259483\"><img loading=\"lazy\" decoding=\"async\" class=\"size-medium wp-image-259483 alignleft\" src=\"https:\/\/www.radiopiu.net\/wordpress\/wp-content\/uploads\/2022\/02\/lavori-eseguiti-di-recente-a-Trichiana-300x241.jpg\" alt=\"\" width=\"300\" height=\"241\" srcset=\"https:\/\/www.radiopiu.net\/wordpress\/wp-content\/uploads\/2022\/02\/lavori-eseguiti-di-recente-a-Trichiana-300x241.jpg 300w, https:\/\/www.radiopiu.net\/wordpress\/wp-content\/uploads\/2022\/02\/lavori-eseguiti-di-recente-a-Trichiana.jpg 756w\" sizes=\"auto, (max-width: 300px) 100vw, 300px\" \/><\/a>BELLUNO<\/strong> Partiranno nei prossimi giorni i lavori di manutenzione all\u2019acquedotto della Val Clusa, il principale in provincia di Belluno, che alimenta buona parte dei comuni di Sospirolo, Sedico, Belluno, Limana, Borgo Valbelluna, Quero Vas, Segusino e Valdobbiadene. Bim Gsp, con un investimento di oltre 400mila euro, interverr\u00e0 lungo quattro tratti di rete ormai vetusti e molto ammalorati, soggetti, negli ultimi anni ed anche nelle scorse settimane, a frequenti e numerosi interventi di riparazione. A Limana, in particolare, \u00e8 prevista la sostituzione di due tratte di rete di adduzione ed una di distribuzione rispettivamente in localit\u00e0 Col di Mezzo e Calcine, per una lunghezza complessiva di circa 2 km. A Borgo Valbelluna, invece, i lavori saranno localizzati in prossimit\u00e0 del Parco Lotto a Trichiana e a Samprogno di Mel: interesseranno esclusivamente due tratti di linea di adduzione, con diametro variabile tra i 10 e i 50 cm, per una lunghezza totale di circa 360 m.<\/p>\n<p>&nbsp;<\/p>\n<p>&nbsp;<\/p>\n<hr \/>\n<p>&nbsp;<\/p>\n<blockquote>\n<h3>NEL CENTENARIO DELLA SEZIONE DEGLI ALPINI DI FELTRE L\u2019ELEZIONE DEL NUOVO DIRETTIVO<\/h3>\n<\/blockquote>\n<p><strong><a href=\"https:\/\/www.radiopiu.net\/wordpress\/giornale-radiopiu-15-febbraio-2022-direttore-mirko-mezzacasa\/locandina-della-manifestazione\/\" rel=\"attachment wp-att-259479\"><img loading=\"lazy\" decoding=\"async\" class=\"size-medium wp-image-259479 alignleft\" src=\"https:\/\/www.radiopiu.net\/wordpress\/wp-content\/uploads\/2022\/02\/locandina-della-manifestazione-214x300.jpg\" alt=\"\" width=\"214\" height=\"300\" srcset=\"https:\/\/www.radiopiu.net\/wordpress\/wp-content\/uploads\/2022\/02\/locandina-della-manifestazione-214x300.jpg 214w, https:\/\/www.radiopiu.net\/wordpress\/wp-content\/uploads\/2022\/02\/locandina-della-manifestazione-731x1024.jpg 731w, https:\/\/www.radiopiu.net\/wordpress\/wp-content\/uploads\/2022\/02\/locandina-della-manifestazione-768x1076.jpg 768w, https:\/\/www.radiopiu.net\/wordpress\/wp-content\/uploads\/2022\/02\/locandina-della-manifestazione-1096x1536.jpg 1096w, https:\/\/www.radiopiu.net\/wordpress\/wp-content\/uploads\/2022\/02\/locandina-della-manifestazione.jpg 1142w\" sizes=\"auto, (max-width: 214px) 100vw, 214px\" \/><\/a>FELTRE <\/strong>L\u2019assemblea generale dei soci e dei delegati della sezione di Feltre dell\u2019Associazione Nazionale Alpini di quest\u2019anno ha un\u2019importanza particolare, cadendo nell\u2019anno del centenario della sua fondazione, ma anche nel 150\u00b0 anniversario della nascita del corpo degli alpini. Senza parlare del fatto che questo \u00e8 anche l\u2019anno dell\u2019elezione del nuovo direttivo per il prossimo triennio. Tre i giorni che verranno dedicati a quest\u2019appuntamento a partire da venerd\u00ec 18 febbraio con la prima delle sei conferenze dell&#8217;ANA Feltre. \u00a0Domenica , nell\u2019auditorium delle Canosiane, alle 8.00 ci sar\u00e0 l\u2019apertura dei seggi per l\u2019elezione, da parte dei soci delegati, del presidente, dei consiglieri e dei revisori dei conti che resteranno in carica per il triennio 2022-2025. A seguire, alle 8.45, la S.Messa in suffragio di tutti i soci \u201candati avanti\u201d. I lavori dell\u2019assemblea dei delegati inizieranno alle 9.30, con la relazione morale del presidente e quelle finanziaria, sportiva e di protezione civile. Al termine ci sar\u00e0 il consueto trasferimento al monumento ai Caduti della citt\u00e0, dove verr\u00e0 deposta una corona e saranno resi gli onori. La giornata verr\u00e0 conclusa dal pranzo sociale nei locali della Birreria Pedavena. Tutta la manifestazione avverr\u00e0 nel rispetto delle vigenti norme in materia di Covid: pertanto, per \u00a0chi vorr\u00e0 parteciparvi, sar\u00e0 necessario esibire il green pass, usare la mascherina e mantenere il distanziamento.<\/p>\n<p>&nbsp;<\/p>\n<p>&nbsp;<\/p>\n<hr \/>\n<p>&nbsp;<\/p>\n<blockquote>\n<h3>ABDUL AZIZ, DAL BANGLADESH PASSANDO PER LA LIBIA, IL MEDITERRANEO ED AGORDO<\/h3>\n<\/blockquote>\n<p><strong>AGORDO\u00a0<\/strong>Come ogni lunedi Gianni Santomaso dalle pagine del Corriere delle Alpi racconta una storia, un personaggio, un pezzo di vita dell\u2019Agordino \u201cVivere l\u2019Agordino\u201d una raccolta spaccato di vita agordina con le immancabili vignette di Erica Andrich<\/p>\n<p>di Gianni Santomaso<\/p>\n<audio class=\"wp-audio-shortcode\" id=\"audio-259417-5\" preload=\"none\" style=\"width: 100%;\" controls=\"controls\"><source type=\"audio\/mpeg\" src=\"https:\/\/www.radiopiu.net\/wordpress\/wp-content\/uploads\/2022\/02\/SPECIALE-GIANNI-ABDUL-AZIZ.mp3?_=5\" \/><a href=\"https:\/\/www.radiopiu.net\/wordpress\/wp-content\/uploads\/2022\/02\/SPECIALE-GIANNI-ABDUL-AZIZ.mp3\">https:\/\/www.radiopiu.net\/wordpress\/wp-content\/uploads\/2022\/02\/SPECIALE-GIANNI-ABDUL-AZIZ.mp3<\/a><\/audio>\n<p>&nbsp;<\/p>\n\n\t\t\t<style type='text\/css'>\n\t\t\t\t#gallery-4 {\n\t\t\t\t\tmargin: auto;\n\t\t\t\t}\n\t\t\t\t#gallery-4 .gallery-item {\n\t\t\t\t\tfloat: left;\n\t\t\t\t\tmargin-top: 10px;\n\t\t\t\t\ttext-align: center;\n\t\t\t\t\twidth: 33%;\n\t\t\t\t}\n\t\t\t\t#gallery-4 img {\n\t\t\t\t\tborder: 2px solid #cfcfcf;\n\t\t\t\t}\n\t\t\t\t#gallery-4 .gallery-caption {\n\t\t\t\t\tmargin-left: 0;\n\t\t\t\t}\n\t\t\t\t\/* see gallery_shortcode() in wp-includes\/media.php *\/\n\t\t\t<\/style>\n\t\t<div id='gallery-4' class='dt-gallery-container gallery galleryid-259417 gallery-columns-3 gallery-size-medium'><dl class='gallery-item'>\n\t\t\t\t<dt class='gallery-icon portrait'>\n\t\t\t\t\t<a class=\"rollover rollover-zoom dt-pswp-item\" title=\"0\" data-dt-img-description=\"\" data-large_image_width=\"1683\" data-large_image_height=\"1812\"href='https:\/\/www.radiopiu.net\/wordpress\/wp-content\/uploads\/2022\/02\/0-1.png'><img loading=\"lazy\" decoding=\"async\" width=\"279\" height=\"300\" src=\"https:\/\/www.radiopiu.net\/wordpress\/wp-content\/uploads\/2022\/02\/0-1-279x300.png\" class=\"attachment-medium size-medium\" alt=\"\" srcset=\"https:\/\/www.radiopiu.net\/wordpress\/wp-content\/uploads\/2022\/02\/0-1-279x300.png 279w, https:\/\/www.radiopiu.net\/wordpress\/wp-content\/uploads\/2022\/02\/0-1-951x1024.png 951w, https:\/\/www.radiopiu.net\/wordpress\/wp-content\/uploads\/2022\/02\/0-1-768x827.png 768w, https:\/\/www.radiopiu.net\/wordpress\/wp-content\/uploads\/2022\/02\/0-1-1427x1536.png 1427w, https:\/\/www.radiopiu.net\/wordpress\/wp-content\/uploads\/2022\/02\/0-1.png 1683w\" sizes=\"auto, (max-width: 279px) 100vw, 279px\" \/><\/a>\n\t\t\t\t<\/dt><\/dl><dl class='gallery-item'>\n\t\t\t\t<dt class='gallery-icon landscape'>\n\t\t\t\t\t<a class=\"rollover rollover-zoom dt-pswp-item\" title=\"9c26da14-e5f9-449c-a474-0fc89c943286\" data-dt-img-description=\"\" data-large_image_width=\"1600\" data-large_image_height=\"901\"href='https:\/\/www.radiopiu.net\/wordpress\/wp-content\/uploads\/2022\/02\/9c26da14-e5f9-449c-a474-0fc89c943286.jpg'><img loading=\"lazy\" decoding=\"async\" width=\"300\" height=\"169\" src=\"https:\/\/www.radiopiu.net\/wordpress\/wp-content\/uploads\/2022\/02\/9c26da14-e5f9-449c-a474-0fc89c943286-300x169.jpg\" class=\"attachment-medium size-medium\" alt=\"\" srcset=\"https:\/\/www.radiopiu.net\/wordpress\/wp-content\/uploads\/2022\/02\/9c26da14-e5f9-449c-a474-0fc89c943286-300x169.jpg 300w, https:\/\/www.radiopiu.net\/wordpress\/wp-content\/uploads\/2022\/02\/9c26da14-e5f9-449c-a474-0fc89c943286-1024x577.jpg 1024w, https:\/\/www.radiopiu.net\/wordpress\/wp-content\/uploads\/2022\/02\/9c26da14-e5f9-449c-a474-0fc89c943286-768x432.jpg 768w, https:\/\/www.radiopiu.net\/wordpress\/wp-content\/uploads\/2022\/02\/9c26da14-e5f9-449c-a474-0fc89c943286-1536x865.jpg 1536w, https:\/\/www.radiopiu.net\/wordpress\/wp-content\/uploads\/2022\/02\/9c26da14-e5f9-449c-a474-0fc89c943286.jpg 1600w\" sizes=\"auto, (max-width: 300px) 100vw, 300px\" \/><\/a>\n\t\t\t\t<\/dt><\/dl><dl class='gallery-item'>\n\t\t\t\t<dt class='gallery-icon landscape'>\n\t\t\t\t\t<a class=\"rollover rollover-zoom dt-pswp-item\" title=\"1eca5ee2-628a-45ea-9abc-045ae1ffcf1d\" data-dt-img-description=\"\" data-large_image_width=\"1600\" data-large_image_height=\"901\"href='https:\/\/www.radiopiu.net\/wordpress\/wp-content\/uploads\/2022\/02\/1eca5ee2-628a-45ea-9abc-045ae1ffcf1d.jpg'><img loading=\"lazy\" decoding=\"async\" width=\"300\" height=\"169\" src=\"https:\/\/www.radiopiu.net\/wordpress\/wp-content\/uploads\/2022\/02\/1eca5ee2-628a-45ea-9abc-045ae1ffcf1d-300x169.jpg\" class=\"attachment-medium size-medium\" alt=\"\" srcset=\"https:\/\/www.radiopiu.net\/wordpress\/wp-content\/uploads\/2022\/02\/1eca5ee2-628a-45ea-9abc-045ae1ffcf1d-300x169.jpg 300w, https:\/\/www.radiopiu.net\/wordpress\/wp-content\/uploads\/2022\/02\/1eca5ee2-628a-45ea-9abc-045ae1ffcf1d-1024x577.jpg 1024w, https:\/\/www.radiopiu.net\/wordpress\/wp-content\/uploads\/2022\/02\/1eca5ee2-628a-45ea-9abc-045ae1ffcf1d-768x432.jpg 768w, https:\/\/www.radiopiu.net\/wordpress\/wp-content\/uploads\/2022\/02\/1eca5ee2-628a-45ea-9abc-045ae1ffcf1d-1536x865.jpg 1536w, https:\/\/www.radiopiu.net\/wordpress\/wp-content\/uploads\/2022\/02\/1eca5ee2-628a-45ea-9abc-045ae1ffcf1d.jpg 1600w\" sizes=\"auto, (max-width: 300px) 100vw, 300px\" \/><\/a>\n\t\t\t\t<\/dt><\/dl><br style=\"clear: both\" \/>\n\t\t\t<\/div>\n\n<p>&nbsp;<\/p>\n<hr \/>\n<p>&nbsp;<\/p>\n<blockquote>\n<h3 class=\"p1\"><span class=\"s1\">LA PROVINCIA CERCA UN TECNICO PER IL SETTORE DIFESA DEL SUOLO, PATRIMONIO E VIABILIT\u00c0, ASSUNZIONE A TEMPO INDETERMINATO PER SOSTITUIRE I PENSIONAMENTI<\/span><\/h3>\n<\/blockquote>\n<p class=\"p1\"><span class=\"s1\"><strong>BELLUNO <\/strong>La Provincia di Belluno cerca un tecnico da inserire in organico. \u00c8 stato bandito il concorso per l\u2019assunzione a tempo indeterminato di una ulteriore figura professionale di istruttore tecnico di categoria C da destinare al settore Difesa del Suolo, Patrimonio e Viabilit\u00e0 per la sostituzione di personale cessato dal servizio nel corso del 2021. <\/span><span class=\"s1\">Per l&#8217;ammissione al concorso \u00e8 richiesto il possesso di un diploma di scuola media superiore che consente l\u2019accesso all\u2019Universit\u00e0 di natura tecnica, ovvero un qualsiasi diploma di istruzione secondaria superiore purch\u00e9 accompagnato da un diploma di laurea nelle discipline afferenti a ingegneria o architettura. <\/span><span class=\"s1\">Le prove d\u2019esame saranno indirizzate ad accertare il possesso delle competenze richieste. E consisteranno in\u00a0una prova scritta (in calendario il 6 aprile) e in\u00a0una prova orale (prevista per il 13 aprile). Per presentare domanda c\u2019\u00e8 tempo fino al 14 marzo (tutti i dettagli e la documentazione si trovano sul sito della Provincia, <a href=\"http:\/\/www.provincia.belluno.it\/\"><span class=\"s2\">www.provincia.belluno.it<\/span><\/a>).<\/span><\/p>\n<p>&nbsp;<\/p>\n<p>&nbsp;<\/p>\n<hr \/>\n<p>&nbsp;<\/p>\n<blockquote>\n<h3>LA GUARDIA DI FINANZA APRE AL CONCORSO\u00a0 PER 12 ESECUTORI E\u00a0 1 ARCHIVISTA DELLA BANDA <span dir=\"ltr\" role=\"presentation\">MUSICALE\u00a0<\/span><\/h3>\n<\/blockquote>\n<p><br role=\"presentation\" \/><span dir=\"ltr\" role=\"presentation\">Possono partecipare i cittadini italiani di et\u00e0 compresa fra i 18 e i 40 anni in possesso, oltre che del<\/span><br role=\"presentation\" \/><span dir=\"ltr\" role=\"presentation\">diploma di istruzione secondaria di secondo grado, anche di idoneo titolo di studio. Presentazione delle domande entro le 12 del 28 febbraio <\/span><span dir=\"ltr\" role=\"presentation\">\u00a0esclusivamente mediante la procedura <\/span><span dir=\"ltr\" role=\"presentation\">telematica disponibile sul portale attivo all\u2019indirizzo \u201chttps:\/\/concorsi.gdf.gov.it\u201d.<\/span><\/p>\n<p>&nbsp;<\/p>\n<hr \/>\n<p>&nbsp;<\/p>\n<blockquote>\n<h3>LILT IN ASSEMBLEA<\/h3>\n<\/blockquote>\n<p><strong>BELLUNO<\/strong> L&#8217;assemblea dei soci della Lilt Belluno\u00a0 (Lega italiana per la lotta contro i tumori) si terr\u00e0 domani\u00a0 alle 17.30\u00a0 nella sala riunioni della Casa delle associazioni in via del Piave. All&#8217;ordine del giorno la relazione delle attivit\u00e0, l&#8217;anticipazione dei progetti peril 2022\u00a0 e l&#8217;approvazione del bilancio consuntivo 2021. La capienza della sala \u00e8 di massimo 15 posti per cui \u00e8 prevista la possibilit\u00e0 di un collegamento online su richiesta allo 0437 944952 o scrivendo a belluno@lilt.it; per accedere alla sala \u00e8 obbligatorio il Green Pass rafforzato.<\/p>\n<p>&nbsp;<\/p>\n<p>&nbsp;<\/p>\n<hr \/>\n<p>&nbsp;<\/p>\n<blockquote>\n<h3>SABATO 26 FEBBRAIO CARNEVALE A SOSPIROLO<\/h3>\n<\/blockquote>\n<p><strong>SOSPIROLO<\/strong>\u00a0 Sabato 26 febbraio al Centro civico di Sospirolo alle 15 con la \u00a0Proloco Monti del Sole e il \u00a0patrocinio del Comune di Sospirolo \u00a0tradizionale appuntamento con\u00a0 Carnevale dei bambini.\u00a0 * Spettacolo\u00a0\u00a0\u201cChe occhi Grandi che Hai! Manuale di corteggiamento per Lupi e affini\u201d\u00a0 \u00a0 con Cristina Gianni e Davide De Bona di Teatro Piteco.\u00a0 A seguire all&#8217;aperto la sfilata delle mascherine<\/p>\n<p>&nbsp;<\/p>\n<hr \/>\n<p>&nbsp;<\/p>\n<blockquote>\n<h3>IMBAGIN\u00c0. STORIE DI SEGGIOLAI AGORDINI<\/h3>\n<\/blockquote>\n<p><strong><a href=\"https:\/\/www.radiopiu.net\/wordpress\/giornale-radiopiu-15-febbraio-2022-direttore-mirko-mezzacasa\/schermata-2022-02-14-alle-13-47-25\/\" rel=\"attachment wp-att-259481\"><img loading=\"lazy\" decoding=\"async\" class=\"size-medium wp-image-259481 alignleft\" src=\"https:\/\/www.radiopiu.net\/wordpress\/wp-content\/uploads\/2022\/02\/Schermata-2022-02-14-alle-13.47.25-300x224.png\" alt=\"\" width=\"300\" height=\"224\" srcset=\"https:\/\/www.radiopiu.net\/wordpress\/wp-content\/uploads\/2022\/02\/Schermata-2022-02-14-alle-13.47.25-300x224.png 300w, https:\/\/www.radiopiu.net\/wordpress\/wp-content\/uploads\/2022\/02\/Schermata-2022-02-14-alle-13.47.25-1024x766.png 1024w, https:\/\/www.radiopiu.net\/wordpress\/wp-content\/uploads\/2022\/02\/Schermata-2022-02-14-alle-13.47.25-768x574.png 768w, https:\/\/www.radiopiu.net\/wordpress\/wp-content\/uploads\/2022\/02\/Schermata-2022-02-14-alle-13.47.25.png 1308w\" sizes=\"auto, (max-width: 300px) 100vw, 300px\" \/><\/a>SOSPIROLO<\/strong> Con la sua recente opera edita dall\u2019Associazione Bellunesi nel Mondo a fine 2021, Enrico Stalliviere, ispirato da un suo vivacissimo \u2018demone\u2019 dei ricordi, presenta in una carrellata di quadri vivaci e pittoreschi, la ricca variet\u00e0 di tipi umani incontrati nel suo lungo peregrinare in Valbelluna quando era un giovane \u2018gaburo\u2019- apprendista seggiolaio ambulante &#8211; e poi &#8216;conza&#8217; maturo, testimoniando il sapere e il sapore di un mestiere antico da non dimenticare, sulla scia dei racconti gi\u00e0 narrati in &#8216;Storie di conza e gaburi&#8217; del 2012 e &#8216;Tut aldrit&#8217; del 2015. &#8220;Imbagin\u00e0. Storie Di Seggiolai Agordini&#8221; sar\u00e0 presentato dalla Biblioteca di Sospirolo in collaborazione con la Biblioteca delle Migrazioni dell\u2019Associazione Bellunesi nel mondo, venerd\u00ec 18 febbraio 2022 al Centro civico di Sospirolo, alle 20.45. L\u2019ingresso in sala \u00e8 libero muniti di Greenpass C19 rafforzato. Per informazioni: 0437 844508, biblioteca@comune.sospirolo.bl.it.<\/p>\n<p>&nbsp;<\/p>\n<hr \/>\n<p>&nbsp;<\/p>\n<blockquote>\n<h3>ATOS TRIO, MARTED\u00cc 22 FEBBRAIO 2022, PREFETTURA DI BELLUNO<\/h3>\n<\/blockquote>\n<p><strong><a href=\"https:\/\/www.radiopiu.net\/wordpress\/giornale-radiopiu-15-febbraio-2022-direttore-mirko-mezzacasa\/atos_trio\/\" rel=\"attachment wp-att-259511\"><img loading=\"lazy\" decoding=\"async\" class=\"size-medium wp-image-259511 alignleft\" src=\"https:\/\/www.radiopiu.net\/wordpress\/wp-content\/uploads\/2022\/02\/Atos_Trio-300x163.jpg\" alt=\"\" width=\"300\" height=\"163\" srcset=\"https:\/\/www.radiopiu.net\/wordpress\/wp-content\/uploads\/2022\/02\/Atos_Trio-300x163.jpg 300w, https:\/\/www.radiopiu.net\/wordpress\/wp-content\/uploads\/2022\/02\/Atos_Trio-1024x555.jpg 1024w, https:\/\/www.radiopiu.net\/wordpress\/wp-content\/uploads\/2022\/02\/Atos_Trio-768x416.jpg 768w, https:\/\/www.radiopiu.net\/wordpress\/wp-content\/uploads\/2022\/02\/Atos_Trio-1536x832.jpg 1536w, https:\/\/www.radiopiu.net\/wordpress\/wp-content\/uploads\/2022\/02\/Atos_Trio.jpg 1920w\" sizes=\"auto, (max-width: 300px) 100vw, 300px\" \/><\/a>BELLUNO <\/strong>Per il Washington Post \u00e8 &#8220;uno dei migliori trii con pianoforte oggi in circolazione&#8221;. Il riconoscimento va al pluripremiato Atos Trio che suona marted\u00ec 22 febbraio 2022, alle 20:30, nella suggestiva Sala Zanardelli della Prefettura di Belluno, per la 69a Stagione del Circolo Culturale Bellunese. \u00a0Per il numero limitato dei posti, il concerto \u00e8 su invito. Informazioni e prenotazioni presso Agenzia Alpe Bellunese: tel. 0437 940407, e-mail: <a href=\"mailto:info@alpebellunese.it\">info@alpebellunese.it<\/a>. Si accede con greenpass rafforzato (a partire dai 12 anni) e con utilizzo della mascherina FFP2, nel rispetto delle distanze e delle norme anti Covid-19. Informazioni e programma di sala su <a href=\"http:\/\/www.belcircolo.org\/?fbclid=IwAR2izSUAVTlC4hs0H96AbyD10mlC_ghaG9qpPXhlQOqEutlluBICQ3y_C2c\">w<\/a><a href=\"http:\/\/www.belcircolo.org\/?fbclid=IwAR2izSUAVTlC4hs0H96AbyD10mlC_ghaG9qpPXhlQOqEutlluBICQ3y_C2c\">ww.belcircolo.org<\/a><\/p>\n<p>&nbsp;<\/p>\n<p>&nbsp;<\/p>\n<hr \/>\n<p>&nbsp;<\/p>\n<blockquote>\n<h3>AUGURI CARA MARIUCCIA!<\/h3>\n<\/blockquote>\n<p><a class=\"dt-pswp-item\" href=\"https:\/\/www.radiopiu.net\/wordpress\/wp-content\/uploads\/2022\/02\/Mariuccia.jpg\" data-dt-img-description=\"\" data-large_image_width=\"535\" data-large_image_height=\"804\"><img loading=\"lazy\" decoding=\"async\" class=\"alignleft size-medium wp-image-259447\" src=\"https:\/\/www.radiopiu.net\/wordpress\/wp-content\/uploads\/2022\/02\/Mariuccia-200x300.jpg\" alt=\"\" width=\"200\" height=\"300\" srcset=\"https:\/\/www.radiopiu.net\/wordpress\/wp-content\/uploads\/2022\/02\/Mariuccia-200x300.jpg 200w, https:\/\/www.radiopiu.net\/wordpress\/wp-content\/uploads\/2022\/02\/Mariuccia.jpg 535w\" sizes=\"auto, (max-width: 200px) 100vw, 200px\" \/><\/a><\/p>\n<p>&nbsp;<\/p>\n<p>&nbsp;<\/p>\n<p>&nbsp;<\/p>\n<p>Ieri Maria\u00a0 &#8220;Mariuccia&#8221; Cadorin di Taibon ha compiuto 100 anni, un meraviglioso traguardo!<br \/>\nNella sua sua vita Mariuccia sposata con Adone, ha avuto tre figli Luigina, Amedea e Pio, e da loro poi nove nipoti, diciassette pronipoti e due trisnipoti, una grande e bella famiglia! Grande festa alla casa di riposo di Livinallongo dove Mariuccia ha festeggiato i suoi primi 100 compleanni!<\/p>\n<p>&nbsp;<\/p>\n<p>&nbsp;<\/p>\n<p>&nbsp;<\/p>\n<p>&nbsp;<\/p>\n<p>&nbsp;<\/p>\n<hr \/>\n<p>&nbsp;<\/p>\n<div class=\"page-title-head hgroup\">\n<blockquote>\n<h3 class=\"entry-title\">IN MARMOLADA PER CHIEDERE LA MANO ALLA FUTURA SPOSA<\/h3>\n<\/blockquote>\n<\/div>\n<div class=\"page-title-breadcrumbs\"><\/div>\n<p><strong><img loading=\"lazy\" decoding=\"async\" class=\"alignleft\" src=\"https:\/\/www.radiopiu.net\/wordpress\/wp-content\/uploads\/2022\/02\/274066949_10224643260461318_3088587435835719122_n.jpg\" width=\"213\" height=\"160\" \/>AGORDO<\/strong> La curiosit\u00e0 del giorno \u00e8 firmata Stefano Parissenti, che sulla sua pagina facebook scrive: <em>&#8220;Io taxista a Malga Ciapela, con i futuri sposi con dichiarazione fatta oggi sulla Marmolada&#8221;.<\/em> Infatti Stefano ha accompagnato due turisti per la ditta di trasporti Thomas Travel di Thomas Soppera da Malga Ciapela ad Alleghe, durante il viaggio il promesso sposo ha raccontato la bella avventura, ovvero una richiesta di matrimonio in Marmolada, la giovane infermiera s&#8217;\u00e8 fatta infilare l&#8217;anello con gioia.<\/p>\n<p>&nbsp;<\/p>\n<p>&nbsp;<\/p>\n<p>&nbsp;<\/p>\n<hr \/>\n<blockquote>\n<h3><\/h3>\n<h3>QUEGLI STORICI ANNI \u201970 DEL BELLUNO CALCIO CHE MILIT\u00d2 CON ONORE NEL CAMPIONATO DI \u201cC\u201d<\/h3>\n<\/blockquote>\n<p><strong>di RENATO BONA<\/strong><\/p>\n<p>Conoscendo ed apprezzando la grande passione del mio fratello e collega Roberto per il Belluno calcio, gli ho girato una serie di \u201creperti\u201d vale a dire schedine del Totocalcio, nelle quali compare anche il nome della squadra giallobl\u00f9. Con lo zelo che lo contraddistingue, Roberto ne ha ricavato un servizio per \u201cStoria del Calcio Belluno 1905\u201d, pagina-museo virtuale del club gialloblu che dedica a tutti coloro che al Belluno hanno voluto e vogliono bene. Possono leggerlo gli appassionati del calcio, ma non solo loro, visto che si tratta d storia degli anni \u201970, il periodo aureo del sodalizio cittadino che, una volta conquistata la Serie C, si misur\u00f2 anche con grandi societ\u00e0 del panorama calcistico italiano, con lunghi trascorsi in massima Serie, se non addirittura scudettate. <b>*<\/b> Quella che consideriamo una vera e propria \u201cchicca\u201d ci \u00e8 stata segnalata e trasmessa dal giornalista Renato Bona, gi\u00e0 capo della redazione bellunese e bassanese del quotidiano \u201cIl Gazzettino\u201d, per decenni corrispondete Rai dalla provincia, nonch\u00e9 uno dei quattro soci fondatori del periodico \u201cFuorigioco\u201d (Sostene Schena, Sergio Sommacal ed il compianto Piero Cester gli altri), il foglio che per quattro stagioni segu\u00ec e sostenne da vicino l\u2019irripetibile sogno-avventura del Belluno di Eros Beraldo, di Buzzatti, Caneve, Losso, Bandiera, Balestra, Sommavilla e compagnia, in Serie C. Bona, che nonostante sia in pensione da qualche anno, non ha smarrito il pallino per il proprio mestiere, ha colto al volo l\u2019opportunit\u00e0 di riprendere le sei schedine del Totocalcio, appartenenti alla collezione personale di Pierluigi Volpon, tifoso gialloblu di \u201cvecchia data\u201d. La particolarit\u00e0 delle schedine esibite con orgoglio dal titolare (assieme ai figli Cristina &#8211; con lui nella foto &#8211; e Massimo) del Bar Helvetia di via Mezzaterra, in citt\u00e0, conosciuto locale che offre anche i servizi di edicola e ricevitoria di tutti i concorsi e giochi possibili, \u00e8 quella di presentare, fra i pronostici da indovinare, anche quelli relativi ad altrettante partite del Belluno. La schedina del Concorso 36, del 3 maggio 1970, diede spazio alle gare della Serie B (in cui spiccava il derby del Sud Foggia-Reggina, poi terminato 1-1 e a tre incontri di Serie D: Pordenone-Belluno, Schio-Trento e Forl\u00ec Senigallia. Il confronto che and\u00f2 in scena allo stadio-velodromo \u201cOttavio Bottecchia\u201d mise di fronte terza e prima forza del campionato. I gialloblu patirono un brutto avvio di gara, subendo nel primo tempo le reti neroverdi di Jut, su rigore e Muzzin. L\u2019autorete di Bernardis, dopo la mezz\u2019ora della ripresa, serv\u00ec solo a dimezzare lo svantaggio, ma non ad evitare la sconfitta. La settimana successiva l\u2019undici di Beraldo perse anche in casa (0-1), con il Montebelluna, che di l\u00ec a qualche domenica sarebbe retrocesso. In virt\u00f9 di quell\u2019inatteso kappa\u00f2, il Belluno fu scavalcato in testa alla classifica dal Trento e raggiunto dal Pordenone, dando addio ai propri sogni di gloria. In quella partita furono schierati: Piccoli, Valmassoi, Zampieri, Tesan, Fiorin, Lusente, Gagliazzo, Canella (73\u2019 Patrizio), Collazuol, Olivotto, Gaiotti. La schedina del Concorso 22, del 23 gennaio 1972, venne modulata sui pronostici delle otto partite della Serie A (spiccava Lanerossi Vicenza \u2013 Juventus 1-3, con i berici guidati in panchina dall\u2019ex giocatore-allenatore gialloblu nella Serie C del secondo dopoguerra Umberto Menti, tre di B e due di C con il derby veneto Belluno-Padova. Alla partita, secondo le cronache, assistettero circa 7 mila spettatori con un incasso di quasi 5 milioni di lire. In quella occasione l\u2019undici gialloblu si conferm\u00f2 \u201cammazzagrandi\u201d (al polisportivo erano gi\u00e0 cadute Lecco, Udinese e Cremonese) imponendosi 1-0 grazie ad un\u2019involontaria deviazione di Barbierato, su tiro di Rigo (capocannoniere del Girone C di Serie D 1970-71 con 16 reti nelle file dell\u2019Arco, approd\u00f2 in gialloblu dalla Mirandolese). Questa la formazioni bellunese: Bubacco, Cecco, Grion, Da Rold, Cerantola, Zampieri, Gagliazzo, Flaborea, Inferrera, Mantiero, Rigo. Anche la gara di ritorno fra biancoscudati e grifoni, giocata allo stadio Appiani, il 18 giugno 1972, trov\u00f2 spazio nella schedina del Concorso 43. Il derby fin\u00ec a reti inviolate e fu seguito solamente da un migliaio di spettatori. Rispetto alla gara d\u2019andata il Belluno inser\u00ec Moretti, Argenta e Sommacal, mentre non scesero in campo Cecco, Da Rold e Mantiero. Si tratta di una schedina \u201cstorica\u201d perch\u00e9 fra gli incontri da pronosticare compare quello di Ternana-Novara che, vinto 3-1 dagli umbri, valse all\u2019undici di Corrado Viciani la prima e finora unica promozione in Serie A. Anche cinque domeniche prima il Belluno si era ritrovato in schedina: per il Concorso 38 del 14 maggio 1972, in occasione della gara di ritorno con l\u2019Udinese. Quella volta le zebrette friulane (clamorosamente sconfitte 2-0 al polisportivo con i centri di Gaiotti e Gagliazzo) si imposero 4-0 con reti di Pellizzari, Ded\u00e8 e doppietta di Bordon. Questo il Belluno schierato al \u201cMoretti\u201d: Bubacco, Cecco, Grion, Tesan, Cerantola, Moretti, Zardo, Canella, Mantiero (66\u2019 Da Rold), Flaborea, Gaiotti. I gialloblu ebbero modo di rifarsi il 5 novembre 1972, quando tornarono in schedina per il Concorso 11, in occasione della gara casalinga con l\u2019Udinese del campionato di Serie C 1972-73. Il Belluno si impose 1-0 con rete, quasi in zona Cesarini, di Gianni Inferrera. Un gol al quale \u201cStoria del Calcio Belluno 1905\u201d \u00e8 molto affezionata perch\u00e9 il bello scatto di Bepi Zanfron che lo immortal\u00f2, da sempre \u00e8 il simbolo del profilo della pagina. Beraldo schier\u00f2: Bubacco, Valmassoi, Grion, Olivotto, Del Piccolo, Moretti, Dalle Crode, Canella (68\u2019 Tesan), Inferrera, Flaborea, Miorandi. La pregevole collezione dell\u2019amico Pierluigi Volpon si chiude con la schedina del Concorso 8 del 20 ottobre 1974. Una schedina \u201cclassica\u201d, con 8 incontri di Serie A, tre di B e due di C. Il primo di questi due \u00e8 Belluno-Mantova, gara terminata 1-1 con reti di Jacovone per i virgiliani (che solo due anni prima erano in A) e Dalla Bella per i gialloblu. Quel giorno, in campo: Zamparo, Cisco, Stella, Cecco, Capeleto, Dal Bianco, Dalla Bella, Tamborini, Inferrera (78\u2019 Follador), Miorandi, Gallio.<\/p>\n\n\t\t\t<style type='text\/css'>\n\t\t\t\t#gallery-5 {\n\t\t\t\t\tmargin: auto;\n\t\t\t\t}\n\t\t\t\t#gallery-5 .gallery-item {\n\t\t\t\t\tfloat: left;\n\t\t\t\t\tmargin-top: 10px;\n\t\t\t\t\ttext-align: center;\n\t\t\t\t\twidth: 25%;\n\t\t\t\t}\n\t\t\t\t#gallery-5 img {\n\t\t\t\t\tborder: 2px solid #cfcfcf;\n\t\t\t\t}\n\t\t\t\t#gallery-5 .gallery-caption {\n\t\t\t\t\tmargin-left: 0;\n\t\t\t\t}\n\t\t\t\t\/* see gallery_shortcode() in wp-includes\/media.php *\/\n\t\t\t<\/style>\n\t\t<div id='gallery-5' class='dt-gallery-container gallery galleryid-259417 gallery-columns-4 gallery-size-thumbnail'><dl class='gallery-item'>\n\t\t\t\t<dt class='gallery-icon landscape'>\n\t\t\t\t\t<a class=\"rollover rollover-zoom dt-pswp-item\" title=\"272764106_641311327291177_7257258379275803488_n\" data-dt-img-description=\"\" data-large_image_width=\"403\" data-large_image_height=\"203\"href='https:\/\/www.radiopiu.net\/wordpress\/wp-content\/uploads\/2022\/02\/272764106_641311327291177_7257258379275803488_n.jpg'><img loading=\"lazy\" decoding=\"async\" width=\"150\" height=\"150\" src=\"https:\/\/www.radiopiu.net\/wordpress\/wp-content\/uploads\/2022\/02\/272764106_641311327291177_7257258379275803488_n-150x150.jpg\" class=\"attachment-thumbnail size-thumbnail\" alt=\"\" \/><\/a>\n\t\t\t\t<\/dt><\/dl><dl class='gallery-item'>\n\t\t\t\t<dt class='gallery-icon portrait'>\n\t\t\t\t\t<a class=\"rollover rollover-zoom dt-pswp-item\" title=\"273696357_895778757764404_28691900180302523_n\" data-dt-img-description=\"\" data-large_image_width=\"152\" data-large_image_height=\"247\"href='https:\/\/www.radiopiu.net\/wordpress\/wp-content\/uploads\/2022\/02\/273696357_895778757764404_28691900180302523_n.jpg'><img loading=\"lazy\" decoding=\"async\" width=\"150\" height=\"150\" src=\"https:\/\/www.radiopiu.net\/wordpress\/wp-content\/uploads\/2022\/02\/273696357_895778757764404_28691900180302523_n-150x150.jpg\" class=\"attachment-thumbnail size-thumbnail\" alt=\"\" \/><\/a>\n\t\t\t\t<\/dt><\/dl><dl class='gallery-item'>\n\t\t\t\t<dt class='gallery-icon landscape'>\n\t\t\t\t\t<a class=\"rollover rollover-zoom dt-pswp-item\" title=\"273040343_455841962930619_5572085564921173065_n\" data-dt-img-description=\"\" data-large_image_width=\"295\" data-large_image_height=\"206\"href='https:\/\/www.radiopiu.net\/wordpress\/wp-content\/uploads\/2022\/02\/273040343_455841962930619_5572085564921173065_n.jpg'><img loading=\"lazy\" decoding=\"async\" width=\"150\" height=\"150\" src=\"https:\/\/www.radiopiu.net\/wordpress\/wp-content\/uploads\/2022\/02\/273040343_455841962930619_5572085564921173065_n-150x150.jpg\" class=\"attachment-thumbnail size-thumbnail\" alt=\"\" \/><\/a>\n\t\t\t\t<\/dt><\/dl><dl class='gallery-item'>\n\t\t\t\t<dt class='gallery-icon portrait'>\n\t\t\t\t\t<a class=\"rollover rollover-zoom dt-pswp-item\" title=\"273213367_533281567912989_7746992306177469618_n\" data-dt-img-description=\"\" data-large_image_width=\"159\" data-large_image_height=\"225\"href='https:\/\/www.radiopiu.net\/wordpress\/wp-content\/uploads\/2022\/02\/273213367_533281567912989_7746992306177469618_n.jpg'><img loading=\"lazy\" decoding=\"async\" width=\"150\" height=\"150\" src=\"https:\/\/www.radiopiu.net\/wordpress\/wp-content\/uploads\/2022\/02\/273213367_533281567912989_7746992306177469618_n-150x150.jpg\" class=\"attachment-thumbnail size-thumbnail\" alt=\"\" \/><\/a>\n\t\t\t\t<\/dt><\/dl><br style=\"clear: both\" \/><dl class='gallery-item'>\n\t\t\t\t<dt class='gallery-icon landscape'>\n\t\t\t\t\t<a class=\"rollover rollover-zoom dt-pswp-item\" title=\"259283723_428571469063513_2978842802321062869_n\" data-dt-img-description=\"\" data-large_image_width=\"275\" data-large_image_height=\"206\"href='https:\/\/www.radiopiu.net\/wordpress\/wp-content\/uploads\/2022\/02\/259283723_428571469063513_2978842802321062869_n.jpg'><img loading=\"lazy\" decoding=\"async\" width=\"150\" height=\"150\" src=\"https:\/\/www.radiopiu.net\/wordpress\/wp-content\/uploads\/2022\/02\/259283723_428571469063513_2978842802321062869_n-150x150.jpg\" class=\"attachment-thumbnail size-thumbnail\" alt=\"\" \/><\/a>\n\t\t\t\t<\/dt><\/dl><dl class='gallery-item'>\n\t\t\t\t<dt class='gallery-icon portrait'>\n\t\t\t\t\t<a class=\"rollover rollover-zoom dt-pswp-item\" title=\"273054204_606267917704007_4535167933025973332_n\" data-dt-img-description=\"\" data-large_image_width=\"160\" data-large_image_height=\"202\"href='https:\/\/www.radiopiu.net\/wordpress\/wp-content\/uploads\/2022\/02\/273054204_606267917704007_4535167933025973332_n.jpg'><img loading=\"lazy\" decoding=\"async\" width=\"150\" height=\"150\" src=\"https:\/\/www.radiopiu.net\/wordpress\/wp-content\/uploads\/2022\/02\/273054204_606267917704007_4535167933025973332_n-150x150.jpg\" class=\"attachment-thumbnail size-thumbnail\" alt=\"\" \/><\/a>\n\t\t\t\t<\/dt><\/dl><dl class='gallery-item'>\n\t\t\t\t<dt class='gallery-icon portrait'>\n\t\t\t\t\t<a class=\"rollover rollover-zoom dt-pswp-item\" title=\"259399237_278319950992987_4694336141236260338_n\" data-dt-img-description=\"\" data-large_image_width=\"160\" data-large_image_height=\"204\"href='https:\/\/www.radiopiu.net\/wordpress\/wp-content\/uploads\/2022\/02\/259399237_278319950992987_4694336141236260338_n.jpg'><img loading=\"lazy\" decoding=\"async\" width=\"150\" height=\"150\" src=\"https:\/\/www.radiopiu.net\/wordpress\/wp-content\/uploads\/2022\/02\/259399237_278319950992987_4694336141236260338_n-150x150.jpg\" class=\"attachment-thumbnail size-thumbnail\" alt=\"\" \/><\/a>\n\t\t\t\t<\/dt><\/dl><dl class='gallery-item'>\n\t\t\t\t<dt class='gallery-icon landscape'>\n\t\t\t\t\t<a class=\"rollover rollover-zoom dt-pswp-item\" title=\"272977961_375039681291627_4289127696326510701_n\" data-dt-img-description=\"\" data-large_image_width=\"259\" data-large_image_height=\"206\"href='https:\/\/www.radiopiu.net\/wordpress\/wp-content\/uploads\/2022\/02\/272977961_375039681291627_4289127696326510701_n.jpg'><img loading=\"lazy\" decoding=\"async\" width=\"150\" height=\"150\" src=\"https:\/\/www.radiopiu.net\/wordpress\/wp-content\/uploads\/2022\/02\/272977961_375039681291627_4289127696326510701_n-150x150.jpg\" class=\"attachment-thumbnail size-thumbnail\" alt=\"\" \/><\/a>\n\t\t\t\t<\/dt><\/dl><br style=\"clear: both\" \/>\n\t\t\t<\/div>\n\n<p>&nbsp;<\/p>\n<p>NELLE FOTO: Pierluigi Volpon con la figlia Cristina all\u2019interno del Bar Helvetia; Massimo Volpon; Roberto Bona; la collezione di schedine dell\u2019appassionato Pierluigi; due numeri di \u201cFuorigioco\u201d della stagione 1971-72, la prima del Belluno Calcio in Serie C, in cui Volpon, da sempre tifoso dell\u2019undici gialloblu, \u00e8 stato ripreso dall\u2019obbiettivo di Zanfron; il gol di Gianni Inferrera che valse l\u20191-0 sull\u2019Udinese, il 5 novembre 1972. Il pregevole scatto di Zanfron \u00e8 stato scelto come simbolo del profilo della pagina facebook \u201cStoria del Calcio Belluno 1905\u201d; figurina del Belluno dell\u2019album Calciatori Panini 1973-74.<\/p>\n<p>&nbsp;<\/p>\n<p>&nbsp;<\/p>\n<hr \/>\n<p>&nbsp;<\/p>\n<h2><span style=\"color: #ff0000;\">IERI ALLA RADIO<\/span><\/h2>\n<h2><span style=\"color: #808000;\">ALLO ZERO TERMICO: VALERIO SCARPA<\/span><\/h2>\n<blockquote><p><em><a href=\"https:\/\/www.radiopiu.net\/wordpress\/allo-zero-termico-valerio-scarpa-la-guida-alpina\/valerio-scarpa-2\/\" rel=\"attachment wp-att-259428\"><img loading=\"lazy\" decoding=\"async\" class=\" wp-image-259428 alignleft\" src=\"https:\/\/www.radiopiu.net\/wordpress\/wp-content\/uploads\/2022\/02\/VALERIO-SCARPA-300x300.jpg\" alt=\"\" width=\"120\" height=\"120\" \/><\/a>ZERO TERMICO E\u2019 UN VIAGGIO ALLA SCOPERTA DEL NOSTRO TERRITORIO, DALLA VOCE DEI PROTAGONISTI. TURISMO, SPORT, EVENTI, CULTURA, INTRATTENIMENTO. DAL LUNEDI\u2019 AL VENERDI ALLE 15.10 ALLE 20.30. ZERO TERMICO. UN APPUNTAMENTO IN COLLABORAZIONE CON: SPORT 203. LA NATURALE PORTA D\u2019INGRESSO\u2026.VERSO LO ZERO TERMICO. LOCALITA\u2019 LE CAMPE STRADA AGORDO BELLUNO. ABBIGLIAMENTO E ATTREZZATURA\u2026.DEDICATI A CHI AMA LA MONTAGNA.<\/em><\/p><\/blockquote>\n<p><strong>di Claudio Fontanive<\/strong><\/p>\n<p><strong>PUNTATA 24, CON VALERIO SCARPA GUIDA ALPINA<\/strong><\/p>\n<p><span style=\"color: #ff0000;\">AUDIO\u00a0<\/span><\/p>\n<audio class=\"wp-audio-shortcode\" id=\"audio-259417-6\" preload=\"none\" style=\"width: 100%;\" controls=\"controls\"><source type=\"audio\/mpeg\" src=\"https:\/\/www.radiopiu.net\/wordpress\/wp-content\/uploads\/2022\/02\/valerio-scardpa-14-febbraio.mp3?_=6\" \/><a href=\"https:\/\/www.radiopiu.net\/wordpress\/wp-content\/uploads\/2022\/02\/valerio-scardpa-14-febbraio.mp3\">https:\/\/www.radiopiu.net\/wordpress\/wp-content\/uploads\/2022\/02\/valerio-scardpa-14-febbraio.mp3<\/a><\/audio>\n<p>&nbsp;<\/p>\n<hr \/>\n<p>&nbsp;<\/p>\n<h2><span style=\"color: #008080;\">WILLIAM DA ROIT E FEDERICO DE COL NEL POST VASALOPPET CLASSIC<\/span><\/h2>\n<p><strong>di Claudio Fontanive<\/strong><\/p>\n<p>OSPITI: William Da Roit e Federico De Col<\/p>\n<audio class=\"wp-audio-shortcode\" id=\"audio-259417-7\" preload=\"none\" style=\"width: 100%;\" controls=\"controls\"><source type=\"audio\/mpeg\" src=\"https:\/\/www.radiopiu.net\/wordpress\/wp-content\/uploads\/2022\/02\/william-da-roit-1.mp3?_=7\" \/><a href=\"https:\/\/www.radiopiu.net\/wordpress\/wp-content\/uploads\/2022\/02\/william-da-roit-1.mp3\">https:\/\/www.radiopiu.net\/wordpress\/wp-content\/uploads\/2022\/02\/william-da-roit-1.mp3<\/a><\/audio>\n<p>&nbsp;<\/p>\n<p><strong>IL VIDEO<\/strong><\/p>\n<div style=\"width: 640px;\" class=\"wp-video\"><video class=\"wp-video-shortcode\" id=\"video-259417-4\" width=\"640\" height=\"368\" preload=\"metadata\" controls=\"controls\"><source type=\"video\/mp4\" src=\"https:\/\/www.radiopiu.net\/wordpress\/wp-content\/uploads\/2022\/02\/VASALOPPET.mp4?_=4\" \/><a href=\"https:\/\/www.radiopiu.net\/wordpress\/wp-content\/uploads\/2022\/02\/VASALOPPET.mp4\">https:\/\/www.radiopiu.net\/wordpress\/wp-content\/uploads\/2022\/02\/VASALOPPET.mp4<\/a><\/video><\/div>\n<p>&nbsp;<\/p>\n<blockquote class=\"wp-embedded-content\" data-secret=\"P08hcCWoHu\"><p><a href=\"https:\/\/www.radiopiu.net\/wordpress\/larrivo-di-william-dopo-i-90-km-di-gara\/\">WILLIAM  DA ROIT, L&#8217;IMPRESA  ALLA VASA DEL CENTENARIO CON SCI A ABITI D&#8217;EPOCA<\/a><\/p><\/blockquote>\n<p><iframe loading=\"lazy\" class=\"wp-embedded-content\" sandbox=\"allow-scripts\" security=\"restricted\" style=\"position: absolute; clip: rect(1px, 1px, 1px, 1px);\" title=\"&#8220;WILLIAM  DA ROIT, L&#8217;IMPRESA  ALLA VASA DEL CENTENARIO CON SCI A ABITI D&#8217;EPOCA&#8221; &#8212; Radio Pi\u00f9\" src=\"https:\/\/www.radiopiu.net\/wordpress\/larrivo-di-william-dopo-i-90-km-di-gara\/embed\/#?secret=P08hcCWoHu\" data-secret=\"P08hcCWoHu\" width=\"600\" height=\"338\" frameborder=\"0\" marginwidth=\"0\" marginheight=\"0\" scrolling=\"no\"><\/iframe><\/p>\n<p>&nbsp;<\/p>\n<p>&nbsp;<\/p>\n<hr \/>\n<p>&nbsp;<\/p>\n<h2><span style=\"color: #993366;\">SALUTE &amp; SOCIETA&#8217;<\/span><\/h2>\n<p><strong><a href=\"https:\/\/www.radiopiu.net\/wordpress\/giornale-radiopiu-15-febbraio-2022-direttore-mirko-mezzacasa\/9e9ccd1e-6ecb-b2e5-83c1-6c28b978e101\/\" rel=\"attachment wp-att-259472\"><img loading=\"lazy\" decoding=\"async\" class=\"size-medium wp-image-259472 alignleft\" src=\"https:\/\/www.radiopiu.net\/wordpress\/wp-content\/uploads\/2022\/02\/9e9ccd1e-6ecb-b2e5-83c1-6c28b978e101-300x200.jpg\" alt=\"\" width=\"300\" height=\"200\" srcset=\"https:\/\/www.radiopiu.net\/wordpress\/wp-content\/uploads\/2022\/02\/9e9ccd1e-6ecb-b2e5-83c1-6c28b978e101-300x200.jpg 300w, https:\/\/www.radiopiu.net\/wordpress\/wp-content\/uploads\/2022\/02\/9e9ccd1e-6ecb-b2e5-83c1-6c28b978e101-1024x683.jpg 1024w, https:\/\/www.radiopiu.net\/wordpress\/wp-content\/uploads\/2022\/02\/9e9ccd1e-6ecb-b2e5-83c1-6c28b978e101-768x512.jpg 768w, https:\/\/www.radiopiu.net\/wordpress\/wp-content\/uploads\/2022\/02\/9e9ccd1e-6ecb-b2e5-83c1-6c28b978e101.jpg 1200w\" sizes=\"auto, (max-width: 300px) 100vw, 300px\" \/><\/a>PUNTATA DEL 14 FEBBRAIO 2022<\/strong><\/p>\n<p>Broncopneumopatia cronico-ostruttiva: Con la nota 99 di AIFA anche i medici di medicina generale possono prescrivere le nuove associazioni farmaci contro la \u00a0broncopneumopatia cronico-ostruttiva. Nicola Casella ne ha parlato con Claudio Micheletto, direttore dell&#8217;UOC di pneumologia dell&#8217;AOI di Verona<\/p>\n<audio class=\"wp-audio-shortcode\" id=\"audio-259417-8\" preload=\"none\" style=\"width: 100%;\" controls=\"controls\"><source type=\"audio\/mpeg\" src=\"https:\/\/www.radiopiu.net\/wordpress\/wp-content\/uploads\/2022\/02\/SALUTE-1.mp3?_=8\" \/><a href=\"https:\/\/www.radiopiu.net\/wordpress\/wp-content\/uploads\/2022\/02\/SALUTE-1.mp3\">https:\/\/www.radiopiu.net\/wordpress\/wp-content\/uploads\/2022\/02\/SALUTE-1.mp3<\/a><\/audio>\n<p>&nbsp;<\/p>\n<p><strong>LA RACCOLTA<\/strong><\/p>\n<blockquote class=\"wp-embedded-content\" data-secret=\"4jxgL08XwI\"><p><a href=\"https:\/\/www.radiopiu.net\/wordpress\/saluteesocieta\/\">Salute e Societ\u00e0<\/a><\/p><\/blockquote>\n<p><iframe loading=\"lazy\" class=\"wp-embedded-content\" sandbox=\"allow-scripts\" security=\"restricted\" style=\"position: absolute; clip: rect(1px, 1px, 1px, 1px);\" title=\"&#8220;Salute e Societ\u00e0&#8221; &#8212; Radio Pi\u00f9\" src=\"https:\/\/www.radiopiu.net\/wordpress\/saluteesocieta\/embed\/#?secret=4jxgL08XwI\" data-secret=\"4jxgL08XwI\" width=\"600\" height=\"338\" frameborder=\"0\" marginwidth=\"0\" marginheight=\"0\" scrolling=\"no\"><\/iframe><\/p>\n<p>&nbsp;<\/p>\n<hr \/>\n<p>&nbsp;<\/p>\n<p><strong>TUTTI I LUNEDI ALLE 10,30 E 1900, LA DOMENICA ALLE 8 007 IN CONDOTTA, LA SCUOLA CON LA PROF. MARIA ROSA SALMAZO E CLAUDIO FONTANIVE, IN PODCAST TUTTE LE PUNTATE DELLE ULTIME STAGIONI.<\/strong><\/p>\n<p>&nbsp;<\/p>\n<p><strong>PUNTATA DEL 14 FEBBRAIO 2022<\/strong><\/p>\n<audio class=\"wp-audio-shortcode\" id=\"audio-259417-9\" preload=\"none\" style=\"width: 100%;\" controls=\"controls\"><source type=\"audio\/mpeg\" src=\"https:\/\/www.radiopiu.net\/wordpress\/wp-content\/uploads\/2022\/02\/007-14-febbraio.mp3?_=9\" \/><a href=\"https:\/\/www.radiopiu.net\/wordpress\/wp-content\/uploads\/2022\/02\/007-14-febbraio.mp3\">https:\/\/www.radiopiu.net\/wordpress\/wp-content\/uploads\/2022\/02\/007-14-febbraio.mp3<\/a><\/audio>\n<p>&nbsp;<\/p>\n<blockquote class=\"wp-embedded-content\" data-secret=\"lVHjddXkgk\"><p><a href=\"https:\/\/www.radiopiu.net\/wordpress\/007incondotta-9\/\">007 in condotta<\/a><\/p><\/blockquote>\n<p><iframe loading=\"lazy\" class=\"wp-embedded-content\" sandbox=\"allow-scripts\" security=\"restricted\" style=\"position: absolute; clip: rect(1px, 1px, 1px, 1px);\" title=\"&#8220;007 in condotta&#8221; &#8212; Radio Pi\u00f9\" src=\"https:\/\/www.radiopiu.net\/wordpress\/007incondotta-9\/embed\/#?secret=lVHjddXkgk\" data-secret=\"lVHjddXkgk\" width=\"600\" height=\"338\" frameborder=\"0\" marginwidth=\"0\" marginheight=\"0\" scrolling=\"no\"><\/iframe><\/p>\n<p>&nbsp;<\/p>\n<hr \/>\n<p>&nbsp;<\/p>\n<p>&nbsp;<\/p>\n<blockquote class=\"wp-embedded-content\" data-secret=\"cnXgfeQGbF\"><p><a href=\"https:\/\/www.radiopiu.net\/wordpress\/raccoltaso1\/\">LA RACCOLTA: 160 BATTUTE&#8230;SMS IN RIVA, di Sostene Schena<\/a><\/p><\/blockquote>\n<p><iframe loading=\"lazy\" class=\"wp-embedded-content\" sandbox=\"allow-scripts\" security=\"restricted\" style=\"position: absolute; clip: rect(1px, 1px, 1px, 1px);\" title=\"&#8220;LA RACCOLTA: 160 BATTUTE&#8230;SMS IN RIVA, di Sostene Schena&#8221; &#8212; Radio Pi\u00f9\" src=\"https:\/\/www.radiopiu.net\/wordpress\/raccoltaso1\/embed\/#?secret=cnXgfeQGbF\" data-secret=\"cnXgfeQGbF\" width=\"600\" height=\"338\" frameborder=\"0\" marginwidth=\"0\" marginheight=\"0\" scrolling=\"no\"><\/iframe><\/p>\n<p>&nbsp;<\/p>\n<hr \/>\n<p>&nbsp;<\/p>\n<div>\n<div class=\"b654a4as d2edcug0\">\n<div class=\"rq0escxv hkbzh7o3 jwdofwj8 n8tt0mok r8blr3vg hyh9befq\">\n<p><a class=\"dt-pswp-item\" href=\"https:\/\/www.radiopiu.net\/wordpress\/wp-content\/uploads\/2020\/10\/pp.jpg\" data-dt-img-description=\"\" data-large_image_width=\"640\" data-large_image_height=\"640\"><img loading=\"lazy\" decoding=\"async\" class=\"wp-image-163678 alignleft\" src=\"https:\/\/www.radiopiu.net\/wordpress\/wp-content\/uploads\/2020\/10\/pp-300x300.jpg\" alt=\"\" width=\"106\" height=\"106\" srcset=\"https:\/\/www.radiopiu.net\/wordpress\/wp-content\/uploads\/2020\/10\/pp-300x300.jpg 300w, https:\/\/www.radiopiu.net\/wordpress\/wp-content\/uploads\/2020\/10\/pp-150x150.jpg 150w, https:\/\/www.radiopiu.net\/wordpress\/wp-content\/uploads\/2020\/10\/pp-125x125.jpg 125w, https:\/\/www.radiopiu.net\/wordpress\/wp-content\/uploads\/2020\/10\/pp-200x200.jpg 200w, https:\/\/www.radiopiu.net\/wordpress\/wp-content\/uploads\/2020\/10\/pp-80x80.jpg 80w, https:\/\/www.radiopiu.net\/wordpress\/wp-content\/uploads\/2020\/10\/pp-480x480.jpg 480w, https:\/\/www.radiopiu.net\/wordpress\/wp-content\/uploads\/2020\/10\/pp.jpg 640w\" sizes=\"auto, (max-width: 106px) 100vw, 106px\" \/><\/a><\/p>\n<\/div>\n<\/div>\n<\/div>\n<div>\n<div class=\"page-title-head hgroup\">\n<div class=\"page-title-head hgroup\">\n<div class=\"b654a4as d2edcug0\">\n<div class=\"j83agx80 btwxx1t3 lhclo0ds hop8lmos nkwizq5d scwd0bx6 roh60bw9\">\n<div class=\"rq0escxv hkbzh7o3 jwdofwj8 n8tt0mok r8blr3vg hyh9befq\">\n<div class=\"do00u71z l9j0dhe7 k4urcfbm\">\n<h2><span style=\"color: #000080;\">\u00a0<\/span><span style=\"color: #000080;\">DON CESARE, IL PENSIERO DEL GIORNO. ALLA RADIO ALLE 7 DEL MATTINO E ALLE 19.30 DELLA SERA.<\/span><\/h2>\n<\/div>\n<div class=\"do00u71z l9j0dhe7 k4urcfbm\">\n<audio class=\"wp-audio-shortcode\" id=\"audio-259417-10\" preload=\"none\" style=\"width: 100%;\" controls=\"controls\"><source type=\"audio\/mpeg\" src=\"https:\/\/www.radiopiu.net\/wordpress\/wp-content\/uploads\/2022\/02\/CESARE-4.mp3?_=10\" \/><a href=\"https:\/\/www.radiopiu.net\/wordpress\/wp-content\/uploads\/2022\/02\/CESARE-4.mp3\">https:\/\/www.radiopiu.net\/wordpress\/wp-content\/uploads\/2022\/02\/CESARE-4.mp3<\/a><\/audio>\n<p>&nbsp;<\/p>\n<hr \/>\n<p>&nbsp;<\/p>\n<h3 class=\"kvgmc6g5 cxmmr5t8 oygrvhab hcukyx3x c1et5uql\"><span style=\"color: #0000ff;\"><strong>INFORMAZIONE il canale su TELEGRAM informazione di prima mano e in tempo reale. iscriviti ed aiutaci a farlo conoscere\u00a0\u00a0<\/strong><\/span><\/h3>\n<p>&nbsp;<\/p>\n<p>&nbsp;<\/p>\n<hr \/>\n<p>&nbsp;<\/p>\n<div class=\"do00u71z l9j0dhe7 k4urcfbm\">\n<div>\n<div class=\"page-title-head hgroup\">\n<div class=\"page-title-head hgroup\">\n<div class=\"b654a4as d2edcug0\">\n<div class=\"j83agx80 btwxx1t3 lhclo0ds hop8lmos nkwizq5d scwd0bx6 roh60bw9\">\n<div class=\"rq0escxv hkbzh7o3 jwdofwj8 n8tt0mok r8blr3vg hyh9befq\">\n<div class=\"do00u71z l9j0dhe7 k4urcfbm\">\n<div class=\"page-title-head hgroup\">\n<div class=\"page-title-head hgroup\">\n<div class=\"b654a4as d2edcug0\">\n<div class=\"j83agx80 btwxx1t3 lhclo0ds hop8lmos nkwizq5d scwd0bx6 roh60bw9\">\n<div class=\"rq0escxv hkbzh7o3 jwdofwj8 n8tt0mok r8blr3vg hyh9befq\">\n<div class=\"do00u71z l9j0dhe7 k4urcfbm\">\n<div class=\"ecm0bbzt e5nlhep0 a8c37x1j\">\n<div class=\"kvgmc6g5 cxmmr5t8 oygrvhab hcukyx3x c1et5uql\">\n<div class=\"gmail-kvgmc6g5 gmail-cxmmr5t8 gmail-oygrvhab gmail-hcukyx3x gmail-c1et5uql gmail-ii04i59q\">\n<div class=\"page-title-head hgroup\">\n<div class=\"page-title-head hgroup\">\n<div class=\"b654a4as d2edcug0\">\n<div class=\"j83agx80 btwxx1t3 lhclo0ds hop8lmos nkwizq5d scwd0bx6 roh60bw9\">\n<div class=\"rq0escxv hkbzh7o3 jwdofwj8 n8tt0mok r8blr3vg hyh9befq\">\n<div class=\"do00u71z l9j0dhe7 k4urcfbm\">\n<div class=\"page-title-head hgroup\">\n<div class=\"page-title-head hgroup\">\n<div class=\"b654a4as d2edcug0\">\n<div class=\"j83agx80 btwxx1t3 lhclo0ds hop8lmos nkwizq5d scwd0bx6 roh60bw9\">\n<div class=\"rq0escxv hkbzh7o3 jwdofwj8 n8tt0mok r8blr3vg hyh9befq\">\n<div class=\"do00u71z l9j0dhe7 k4urcfbm\">\n<div>\n<div class=\"page-title-head hgroup\">\n<div class=\"page-title-head hgroup\">\n<div class=\"b654a4as d2edcug0\">\n<div class=\"j83agx80 btwxx1t3 lhclo0ds hop8lmos nkwizq5d scwd0bx6 roh60bw9\">\n<div class=\"rq0escxv hkbzh7o3 jwdofwj8 n8tt0mok r8blr3vg hyh9befq\">\n<div class=\"do00u71z l9j0dhe7 k4urcfbm\">\n<div class=\"ecm0bbzt e5nlhep0 a8c37x1j\">\n<div class=\"kvgmc6g5 cxmmr5t8 oygrvhab hcukyx3x c1et5uql\">\n<div class=\"gmail-kvgmc6g5 gmail-cxmmr5t8 gmail-oygrvhab gmail-hcukyx3x gmail-c1et5uql gmail-ii04i59q\">\n<div class=\"page-title-head hgroup\">\n<div class=\"page-title-head hgroup\">\n<div class=\"b654a4as d2edcug0\">\n<div class=\"j83agx80 btwxx1t3 lhclo0ds hop8lmos nkwizq5d scwd0bx6 roh60bw9\">\n<div class=\"rq0escxv hkbzh7o3 jwdofwj8 n8tt0mok r8blr3vg hyh9befq\">\n<div class=\"do00u71z l9j0dhe7 k4urcfbm\">\n<blockquote>\n<h3><span style=\"color: #ff0000;\">IN VIVO VERSO, SETTIMA STAGIONE CON BRUNELLA MORO, DAL LUNEDI AL VENERDI ALLE 7.10, 10.10 E 18.50\u00a0\u00a0<\/span><\/h3>\n<\/blockquote>\n<h3>NOI LA POESIA di ANTONIETTA CREPAZ<\/h3>\n<p>AUDIO<\/p>\n<audio class=\"wp-audio-shortcode\" id=\"audio-259417-11\" preload=\"none\" style=\"width: 100%;\" controls=\"controls\"><source type=\"audio\/mpeg\" src=\"https:\/\/www.radiopiu.net\/wordpress\/wp-content\/uploads\/2022\/02\/01-ANTONIETTA-CREPAZ-NOI-LA-POESIA.mp3?_=11\" \/><a href=\"https:\/\/www.radiopiu.net\/wordpress\/wp-content\/uploads\/2022\/02\/01-ANTONIETTA-CREPAZ-NOI-LA-POESIA.mp3\">https:\/\/www.radiopiu.net\/wordpress\/wp-content\/uploads\/2022\/02\/01-ANTONIETTA-CREPAZ-NOI-LA-POESIA.mp3<\/a><\/audio>\n<p>&nbsp;<\/p>\n<blockquote><p><a href=\"https:\/\/www.radiopiu.net\/wordpress\/noi-la-poesia-di-antonietta-crepaz\/1-foto-antonietta-crepaz\/\" rel=\"attachment wp-att-259170\"><img loading=\"lazy\" decoding=\"async\" class=\"size-medium wp-image-259170 alignleft\" src=\"https:\/\/www.radiopiu.net\/wordpress\/wp-content\/uploads\/2022\/02\/1-FOTO-ANTONIETTA-CREPAZ-225x300.jpg\" alt=\"\" width=\"225\" height=\"300\" srcset=\"https:\/\/www.radiopiu.net\/wordpress\/wp-content\/uploads\/2022\/02\/1-FOTO-ANTONIETTA-CREPAZ-225x300.jpg 225w, https:\/\/www.radiopiu.net\/wordpress\/wp-content\/uploads\/2022\/02\/1-FOTO-ANTONIETTA-CREPAZ-768x1023.jpg 768w, https:\/\/www.radiopiu.net\/wordpress\/wp-content\/uploads\/2022\/02\/1-FOTO-ANTONIETTA-CREPAZ-1153x1536.jpg 1153w, https:\/\/www.radiopiu.net\/wordpress\/wp-content\/uploads\/2022\/02\/1-FOTO-ANTONIETTA-CREPAZ.jpg 1200w\" sizes=\"auto, (max-width: 225px) 100vw, 225px\" \/><\/a><strong>NOI, LA POESIA.<\/strong><\/p><\/blockquote>\n<p>Non ricordo dove eravamo<br \/>\nso che non v&#8217;erano<br \/>\nalbe dorate<br \/>\nne&#8217; tramonti infuocati<br \/>\nneppure gorgoglianti ruscelli<br \/>\nod onde che come mantra<br \/>\ns&#8217;infrangono ritmiche.<\/p>\n<p>Forse eravamo<br \/>\nbloccati dal traffico,<br \/>\no in mezzo alla folla<br \/>\no in un&#8217;osteria fumosa<br \/>\ndove non v&#8217;era<br \/>\ncontorno poetico,<br \/>\nl&#8217;unico ritmo<br \/>\ndi un verso scandito<br \/>\nera il battito dei cuori<br \/>\nduetto che recitava<br \/>\nin un&#8217;unica voce,<br \/>\ne i nostri corpi<br \/>\nche or timidi, or bramosi<br \/>\nsi cercavano,<br \/>\ncon favelle mute<br \/>\nper non rompere<br \/>\nla magia di un silenzio<br \/>\nsolo nostro.<\/p>\n<p>La poesia eravamo noi.<\/p>\n<p><strong>LA RACCOLTA COMPLETA\u00a0 \u00a0<\/strong><\/p>\n<blockquote class=\"wp-embedded-content\" data-secret=\"WRtkGTOFyM\"><p><a href=\"https:\/\/www.radiopiu.net\/wordpress\/in-vivo-verso\/\">In Vivo Verso<\/a><\/p><\/blockquote>\n<p><iframe loading=\"lazy\" class=\"wp-embedded-content\" sandbox=\"allow-scripts\" security=\"restricted\" style=\"position: absolute; clip: rect(1px, 1px, 1px, 1px);\" title=\"&#8220;In Vivo Verso&#8221; &#8212; Radio Pi\u00f9\" src=\"https:\/\/www.radiopiu.net\/wordpress\/in-vivo-verso\/embed\/#?secret=WRtkGTOFyM\" data-secret=\"WRtkGTOFyM\" width=\"600\" height=\"338\" frameborder=\"0\" marginwidth=\"0\" marginheight=\"0\" scrolling=\"no\"><\/iframe><\/p>\n<p>&nbsp;<\/p>\n<hr \/>\n<p>&nbsp;<\/p>\n<h2><span style=\"color: #808000;\">GOCCE DI FILOSOFIA<\/span><\/h2>\n<p><strong>PUNTATA 136 CON LISA DE LUCA<\/strong><\/p>\n<audio class=\"wp-audio-shortcode\" id=\"audio-259417-12\" preload=\"none\" style=\"width: 100%;\" controls=\"controls\"><source type=\"audio\/mpeg\" src=\"https:\/\/www.radiopiu.net\/wordpress\/wp-content\/uploads\/2022\/02\/FI1-2.mp3?_=12\" \/><a href=\"https:\/\/www.radiopiu.net\/wordpress\/wp-content\/uploads\/2022\/02\/FI1-2.mp3\">https:\/\/www.radiopiu.net\/wordpress\/wp-content\/uploads\/2022\/02\/FI1-2.mp3<\/a><\/audio>\n<p>&nbsp;<\/p>\n<p><strong>raccolta completa<\/strong><\/p>\n<blockquote class=\"wp-embedded-content\" data-secret=\"mxbxBNluPJ\"><p><a href=\"https:\/\/www.radiopiu.net\/wordpress\/gocce-filosofia\/\">Gocce di filosofia, PRIMA E SECONDA STAGIONE 2022<\/a><\/p><\/blockquote>\n<p><iframe loading=\"lazy\" class=\"wp-embedded-content\" sandbox=\"allow-scripts\" security=\"restricted\" style=\"position: absolute; clip: rect(1px, 1px, 1px, 1px);\" title=\"&#8220;Gocce di filosofia, PRIMA E SECONDA STAGIONE 2022&#8221; &#8212; Radio Pi\u00f9\" src=\"https:\/\/www.radiopiu.net\/wordpress\/gocce-filosofia\/embed\/#?secret=mxbxBNluPJ\" data-secret=\"mxbxBNluPJ\" width=\"600\" height=\"338\" frameborder=\"0\" marginwidth=\"0\" marginheight=\"0\" scrolling=\"no\"><\/iframe><\/p>\n<p>&nbsp;<\/p>\n<hr \/>\n<p>&nbsp;<\/p>\n<p><span style=\"color: #0000ff;\">MUSICA PIU&#8217;\u00a0<\/span><\/p>\n<p><a href=\"https:\/\/www.radiopiu.net\/wordpress\/giornale-radiopiu-20-settembre-2021-direttore-mirko-mezzacasa\/pp-79\/\" rel=\"attachment wp-att-232921\"><img loading=\"lazy\" decoding=\"async\" class=\"wp-image-232921 alignleft\" src=\"https:\/\/www.radiopiu.net\/wordpress\/wp-content\/uploads\/2021\/09\/pp-1-300x300.jpg\" alt=\"\" width=\"135\" height=\"135\" srcset=\"https:\/\/www.radiopiu.net\/wordpress\/wp-content\/uploads\/2021\/09\/pp-1-300x300.jpg 300w, https:\/\/www.radiopiu.net\/wordpress\/wp-content\/uploads\/2021\/09\/pp-1-150x150.jpg 150w, https:\/\/www.radiopiu.net\/wordpress\/wp-content\/uploads\/2021\/09\/pp-1.jpg 640w\" sizes=\"auto, (max-width: 135px) 100vw, 135px\" \/><\/a><\/p>\n<div class=\"mkdf-post-text\">\n<div class=\"mkdf-post-text-inner\">\n<div class=\"mkdf-post-text-main\">\n<div class=\"mkdf-post-text\">\n<div class=\"mkdf-post-text-inner\">\n<div class=\"mkdf-post-text-main\">\n<div class=\"mkdf-post-text\">\n<div class=\"mkdf-post-text-inner\">\n<div class=\"mkdf-post-text-main\">\n<div class=\"page-title-head hgroup\">\n<div class=\"page-title-head hgroup\">\n<div class=\"mkdf-post-text\">\n<div class=\"mkdf-post-text-inner\">\n<div class=\"mkdf-post-text-main\">\n<div class=\"mkdf-post-text\">\n<div class=\"mkdf-post-text-inner\">\n<div class=\"mkdf-post-text-main\">\n<div class=\"page-title-head hgroup\">\n<div class=\"page-title-head hgroup\">\n<div class=\"page-title-head hgroup\">\n<div class=\"page-title-head hgroup\">\n<div class=\"b654a4as d2edcug0\">\n<div class=\"page-title-head hgroup\">\n<div class=\"page-title-head hgroup\">\n<div class=\"page-title-head hgroup\">\n<div class=\"page-title-head hgroup\">\n<div class=\"b654a4as d2edcug0\">\n<div class=\"page-title-head hgroup\">\n<div class=\"page-title-head hgroup\">\n<div class=\"page-title-head hgroup\">\n<div class=\"page-title-head hgroup\">\n<div class=\"b654a4as d2edcug0\">\n<div class=\"mkdf-post-text\">\n<div class=\"mkdf-post-text-inner\">\n<div class=\"mkdf-post-text-main\">\n<div class=\"mkdf-post-text\">\n<div class=\"mkdf-post-text-inner\">\n<div class=\"mkdf-post-text-main\">\n<div class=\"mkdf-post-text\">\n<div class=\"mkdf-post-text-inner\">\n<div class=\"mkdf-post-text-main\">\n<div class=\"page-title-head hgroup\">\n<div class=\"page-title-head hgroup\">\n<div class=\"mkdf-post-text\">\n<div class=\"mkdf-post-text-inner\">\n<div class=\"mkdf-post-text-main\">\n<div class=\"mkdf-post-text\">\n<div class=\"mkdf-post-text-inner\">\n<div class=\"mkdf-post-text-main\">\n<div class=\"page-title-head hgroup\">\n<div class=\"page-title-head hgroup\">\n<div class=\"page-title-head hgroup\">\n<div class=\"page-title-head hgroup\">\n<div class=\"b654a4as d2edcug0\">\n<div class=\"page-title-head hgroup\">\n<div class=\"page-title-head hgroup\">\n<div class=\"page-title-head hgroup\">\n<div class=\"page-title-head hgroup\">\n<div class=\"b654a4as d2edcug0\">\n<div class=\"page-title-head hgroup\">\n<div class=\"page-title-head hgroup\">\n<div class=\"page-title-head hgroup\">\n<div class=\"page-title-head hgroup\">\n<div class=\"b654a4as d2edcug0\">\n<div><\/div>\n<div><\/div>\n<div>\n<p><strong>MUSICA ALLA RADIO, IL PROGRAMMA DI LORIS SCUSSEL &#8220;COLLAGE OPERAZIONE NOSTALGIA&#8221; DAL LUNEDI AL VENERDI ALLE 16.00\u00a0 E ALLE 23\u00a0<\/strong><\/p>\n<\/div>\n<p><strong>\u00a0\u00a0<\/strong><\/p>\n<p><strong>PUNTATA 541 DEL 14 FEBBRAIO 2022<\/strong><\/p>\n<audio class=\"wp-audio-shortcode\" id=\"audio-259417-13\" preload=\"none\" style=\"width: 100%;\" controls=\"controls\"><source type=\"audio\/mpeg\" src=\"https:\/\/www.radiopiu.net\/wordpress\/wp-content\/uploads\/2022\/02\/Collage-541.mp3?_=13\" \/><a href=\"https:\/\/www.radiopiu.net\/wordpress\/wp-content\/uploads\/2022\/02\/Collage-541.mp3\">https:\/\/www.radiopiu.net\/wordpress\/wp-content\/uploads\/2022\/02\/Collage-541.mp3<\/a><\/audio>\n<p>&nbsp;<\/p>\n<p><strong><a href=\"https:\/\/www.radiopiu.net\/wordpress\/collage-operazione-nostalgia-musica-passando-per-linferno\/jimmy-spitaleri-con-michi-dei-rossi\/\" rel=\"attachment wp-att-259373\"><img loading=\"lazy\" decoding=\"async\" class=\"size-medium wp-image-259373 alignleft\" src=\"https:\/\/www.radiopiu.net\/wordpress\/wp-content\/uploads\/2022\/02\/Jimmy-Spitaleri-con-Michi-Dei-Rossi-300x200.jpg\" alt=\"\" width=\"300\" height=\"200\" srcset=\"https:\/\/www.radiopiu.net\/wordpress\/wp-content\/uploads\/2022\/02\/Jimmy-Spitaleri-con-Michi-Dei-Rossi-300x200.jpg 300w, https:\/\/www.radiopiu.net\/wordpress\/wp-content\/uploads\/2022\/02\/Jimmy-Spitaleri-con-Michi-Dei-Rossi.jpg 720w\" sizes=\"auto, (max-width: 300px) 100vw, 300px\" \/><\/a>di Loris Scussel<\/strong><\/p>\n<p>La nuova settimana di\u00a0 Collage proseguir\u00e0 nella consueta alternanza tra la musica internazionale e quella italiana, in particolare nella puntata di marted\u00ec prendendo spunto dall\u2019abuso di termini inglesi nella nostra lingua ascolteremo un brano tratto dall\u2019album \u201cInferno\u201d, liberamente ispirato alla Divina Commedia di Dante Alighieri, del gruppo rock Metamorfosi con la voce possente di Jimmy Spitaleri. Gioved\u00ec spazio ai complessi beat e infine venerd\u00ec parafrasando il grande Renzo Arbore \u201cmeglio dal vivo che dal morto\u201d ovvero spazio alla musica live. Il programma andr\u00e0 in onda dal luned\u00ec al venerd\u00ec alle 16,00 e alle 23,00.<\/p>\n<p>&nbsp;<\/p>\n<blockquote class=\"wp-embedded-content\" data-secret=\"kT3XQ6J1Sq\"><p><a href=\"https:\/\/www.radiopiu.net\/wordpress\/loris-scussel-dal-collage-radiofonico-a-quello-della-rivista-patinata\/\">LORIS SCUSSEL DAL COLLAGE RADIOFONICO A QUELLO DELLA RIVISTA PATINATA<\/a><\/p><\/blockquote>\n<p><iframe loading=\"lazy\" class=\"wp-embedded-content\" sandbox=\"allow-scripts\" security=\"restricted\" style=\"position: absolute; clip: rect(1px, 1px, 1px, 1px);\" title=\"&#8220;LORIS SCUSSEL DAL COLLAGE RADIOFONICO A QUELLO DELLA RIVISTA PATINATA&#8221; &#8212; Radio Pi\u00f9\" src=\"https:\/\/www.radiopiu.net\/wordpress\/loris-scussel-dal-collage-radiofonico-a-quello-della-rivista-patinata\/embed\/#?secret=kT3XQ6J1Sq\" data-secret=\"kT3XQ6J1Sq\" width=\"600\" height=\"338\" frameborder=\"0\" marginwidth=\"0\" marginheight=\"0\" scrolling=\"no\"><\/iframe><\/p>\n<p>&nbsp;<\/p>\n<p>&nbsp;<\/p>\n<\/div>\n<\/div>\n<\/div>\n<\/div>\n<\/div>\n<\/div>\n<\/div>\n<\/div>\n<\/div>\n<\/div>\n<\/div>\n<\/div>\n<\/div>\n<\/div>\n<\/div>\n<\/div>\n<\/div>\n<\/div>\n<\/div>\n<\/div>\n<\/div>\n<\/div>\n<\/div>\n<\/div>\n<\/div>\n<\/div>\n<\/div>\n<\/div>\n<\/div>\n<\/div>\n<\/div>\n<\/div>\n<\/div>\n<\/div>\n<\/div>\n<\/div>\n<\/div>\n<\/div>\n<\/div>\n<\/div>\n<\/div>\n<\/div>\n<\/div>\n<\/div>\n<\/div>\n<\/div>\n<\/div>\n<\/div>\n<\/div>\n<\/div>\n<\/div>\n<\/div>\n<\/div>\n<\/div>\n<\/div>\n<\/div>\n<\/div>\n<\/div>\n<\/div>\n<\/div>\n<\/div>\n<\/div>\n<\/div>\n<\/div>\n<hr \/>\n<p>&nbsp;<\/p>\n<p>&nbsp;<\/p>\n<blockquote class=\"wp-embedded-content\" data-secret=\"siXo6KTJYV\"><p><a href=\"https:\/\/www.radiopiu.net\/wordpress\/freemix-la-liberta-musicale-mixata-da-dj-athos-e-raccontata-da-dj-jack\/\">FREEMIX, LA LIBERTA&#8217; MUSICALE MIXATA DA DJ ATHOS E RACCONTATA DA DJ JACK<\/a><\/p><\/blockquote>\n<p><iframe loading=\"lazy\" class=\"wp-embedded-content\" sandbox=\"allow-scripts\" security=\"restricted\" style=\"position: absolute; clip: rect(1px, 1px, 1px, 1px);\" title=\"&#8220;FREEMIX, LA LIBERTA&#8217; MUSICALE MIXATA DA DJ ATHOS E RACCONTATA DA DJ JACK&#8221; &#8212; Radio Pi\u00f9\" src=\"https:\/\/www.radiopiu.net\/wordpress\/freemix-la-liberta-musicale-mixata-da-dj-athos-e-raccontata-da-dj-jack\/embed\/#?secret=siXo6KTJYV\" data-secret=\"siXo6KTJYV\" width=\"600\" height=\"338\" frameborder=\"0\" marginwidth=\"0\" marginheight=\"0\" scrolling=\"no\"><\/iframe><\/p>\n<p>&nbsp;<\/p>\n<blockquote class=\"wp-embedded-content\" data-secret=\"RDxA33tonL\"><p><a href=\"https:\/\/www.radiopiu.net\/wordpress\/da-ieri-alla-radio-in-palinsesto-loris-e-maurizio-con-la-grande-musica\/\">IL BLUES ALLA RADIO &#8230; COME NON L&#8217;AVETE MAI SENTITO PRIMA<\/a><\/p><\/blockquote>\n<p><iframe loading=\"lazy\" class=\"wp-embedded-content\" sandbox=\"allow-scripts\" security=\"restricted\" style=\"position: absolute; clip: rect(1px, 1px, 1px, 1px);\" title=\"&#8220;IL BLUES ALLA RADIO &#8230; COME NON L&#8217;AVETE MAI SENTITO PRIMA&#8221; &#8212; Radio Pi\u00f9\" src=\"https:\/\/www.radiopiu.net\/wordpress\/da-ieri-alla-radio-in-palinsesto-loris-e-maurizio-con-la-grande-musica\/embed\/#?secret=RDxA33tonL\" data-secret=\"RDxA33tonL\" width=\"600\" height=\"338\" frameborder=\"0\" marginwidth=\"0\" marginheight=\"0\" scrolling=\"no\"><\/iframe><\/p>\n<p>&nbsp;<\/p>\n<hr \/>\n<p>&nbsp;<\/p>\n<blockquote>\n<h3><span style=\"color: #0000ff;\">INFORMAZIONE il canale su TELEGRAM informazione di prima mano e in tempo reale. iscriviti ed aiutaci a farlo conoscere\u00a0\u00a0<\/span><\/h3>\n<\/blockquote>\n<div>\n<div class=\"page-title-head hgroup\">\n<div class=\"page-title-head hgroup\">\n<div class=\"page-title-head hgroup\">\n<div class=\"page-title-head hgroup\">\n<div class=\"b654a4as d2edcug0\">\n<div class=\"page-title-head hgroup\">\n<div class=\"page-title-head hgroup\">\n<div class=\"page-title-head hgroup\">\n<div class=\"page-title-head hgroup\">\n<div class=\"b654a4as d2edcug0\">\n<div class=\"page-title-head hgroup\">\n<div class=\"page-title-head hgroup\">\n<div class=\"page-title-head hgroup\">\n<div class=\"page-title-head hgroup\">\n<div class=\"page-title-head hgroup\">\n<div class=\"page-title-head hgroup\">\n<div class=\"page-title-head hgroup\">\n<div class=\"page-title-head hgroup\">\n<div class=\"page-title-head hgroup\">\n<div class=\"b654a4as d2edcug0\">\n<div class=\"page-title-head hgroup\">\n<div class=\"page-title-head hgroup\">\n<div class=\"page-title-head hgroup\">\n<div class=\"page-title-head hgroup\">\n<div class=\"b654a4as d2edcug0\">\n<div>\n<p>&nbsp;<\/p>\n<\/div>\n<div>\n<div class=\"page-title-head hgroup\">\n<div class=\"page-title-head hgroup\">\n<div class=\"page-title-head hgroup\">\n<div class=\"page-title-head hgroup\">\n<div class=\"page-title-head hgroup\">\n<div class=\"b654a4as d2edcug0\">\n<div>\n<hr \/>\n<\/div>\n<\/div>\n<div>\n<div>\n<p>&nbsp;<\/p>\n<\/div>\n<div>\n<div>\n<p>&nbsp;<\/p>\n<\/div>\n<div>\n<div>\n<p><strong>DUE MINUTI UN LIBRO, TUTTI I GIORNI ALLA RADIO ALLE 9.40 E ALLE 17.50\u00a0<\/strong><\/p>\n<div>\n<div>\n<p><strong>LA RACCOLTA COMPLETA\u00a0\u00a0<\/strong><\/p>\n<\/div>\n<div>\n<blockquote class=\"wp-embedded-content\" data-secret=\"cHNNq8N9x0\"><p><a href=\"https:\/\/www.radiopiu.net\/wordpress\/due-minuti-un-libro\/\">Due minuti un libro<\/a><\/p><\/blockquote>\n<p><iframe loading=\"lazy\" class=\"wp-embedded-content\" sandbox=\"allow-scripts\" security=\"restricted\" style=\"position: absolute; clip: rect(1px, 1px, 1px, 1px);\" title=\"&#8220;Due minuti un libro&#8221; &#8212; Radio Pi\u00f9\" src=\"https:\/\/www.radiopiu.net\/wordpress\/due-minuti-un-libro\/embed\/#?secret=cHNNq8N9x0\" data-secret=\"cHNNq8N9x0\" width=\"600\" height=\"338\" frameborder=\"0\" marginwidth=\"0\" marginheight=\"0\" scrolling=\"no\"><\/iframe><\/p>\n<\/div>\n<\/div>\n<\/div>\n<div class=\"mkdf-post-text\">\n<div class=\"mkdf-post-text-inner\">\n<div class=\"mkdf-post-text-main\">\n<div class=\"mkdf-post-text\">\n<div class=\"mkdf-post-text-inner\">\n<div class=\"mkdf-post-text-main\">\n<div class=\"mkdf-post-text\">\n<div class=\"mkdf-post-text-inner\">\n<div class=\"mkdf-post-text-main\">\n<div class=\"page-title-head hgroup\">\n<div class=\"page-title-head hgroup\">\n<div class=\"mkdf-post-text\">\n<div class=\"mkdf-post-text-inner\">\n<div class=\"mkdf-post-text-main\">\n<div class=\"mkdf-post-text\">\n<div class=\"mkdf-post-text-inner\">\n<div class=\"mkdf-post-text-main\">\n<div class=\"page-title-head hgroup\">\n<div class=\"page-title-head hgroup\">\n<div class=\"page-title-head hgroup\">\n<div class=\"page-title-head hgroup\">\n<div class=\"b654a4as d2edcug0\">\n<div class=\"page-title-head hgroup\">\n<div class=\"page-title-head hgroup\">\n<div class=\"page-title-head hgroup\">\n<div class=\"page-title-head hgroup\">\n<div class=\"b654a4as d2edcug0\">\n<div class=\"page-title-head hgroup\">\n<div class=\"page-title-head hgroup\">\n<div class=\"page-title-head hgroup\">\n<div class=\"page-title-head hgroup\">\n<div class=\"b654a4as d2edcug0\">\n<div>\n<p>&nbsp;<\/p>\n<\/div>\n<div>\n<hr \/>\n<p>&nbsp;<\/p>\n<\/div>\n<h2><span style=\"color: #808000;\">L&#8217;ALMANACCO LADINO\u00a0\u00a0<\/span><\/h2>\n<p><strong>PUNTATA DEL 14 FEBBRAIO 2022<\/strong><\/p>\n<audio class=\"wp-audio-shortcode\" id=\"audio-259417-14\" preload=\"none\" style=\"width: 100%;\" controls=\"controls\"><source type=\"audio\/mpeg\" src=\"https:\/\/www.radiopiu.net\/wordpress\/wp-content\/uploads\/2022\/02\/77\u00b0Almanacco-Ladino_Anpezo.mp3?_=14\" \/><a href=\"https:\/\/www.radiopiu.net\/wordpress\/wp-content\/uploads\/2022\/02\/77\u00b0Almanacco-Ladino_Anpezo.mp3\">https:\/\/www.radiopiu.net\/wordpress\/wp-content\/uploads\/2022\/02\/77\u00b0Almanacco-Ladino_Anpezo.mp3<\/a><\/audio>\n<p>&nbsp;<\/p>\n<p><strong>LA RACCOLTA<\/strong><\/p>\n<blockquote class=\"wp-embedded-content\" data-secret=\"xPBNJybkpl\"><p><a href=\"https:\/\/www.radiopiu.net\/wordpress\/almanacco-ladino\/\">Almanacco Ladino<\/a><\/p><\/blockquote>\n<p><iframe loading=\"lazy\" class=\"wp-embedded-content\" sandbox=\"allow-scripts\" security=\"restricted\" style=\"position: absolute; clip: rect(1px, 1px, 1px, 1px);\" title=\"&#8220;Almanacco Ladino&#8221; &#8212; Radio Pi\u00f9\" src=\"https:\/\/www.radiopiu.net\/wordpress\/almanacco-ladino\/embed\/#?secret=xPBNJybkpl\" data-secret=\"xPBNJybkpl\" width=\"600\" height=\"338\" frameborder=\"0\" marginwidth=\"0\" marginheight=\"0\" scrolling=\"no\"><\/iframe><\/p>\n<p>&nbsp;<\/p>\n<hr \/>\n<p>&nbsp;<\/p>\n<h2><span style=\"color: #33cccc;\">LA RASSEGNA STAMPA DA L&#8217;AMICO DEL POPOLO<\/span><\/h2>\n<p><strong><a href=\"https:\/\/www.radiopiu.net\/wordpress\/il-questionario-sulluso-della-lingua-ladina\/denni-dorigo-8\/\" rel=\"attachment wp-att-224612\"><img loading=\"lazy\" decoding=\"async\" class=\" wp-image-224612 alignleft\" src=\"https:\/\/www.radiopiu.net\/wordpress\/wp-content\/uploads\/2021\/07\/DENNI-DORIGO-300x300.jpg\" alt=\"\" width=\"162\" height=\"162\" srcset=\"https:\/\/www.radiopiu.net\/wordpress\/wp-content\/uploads\/2021\/07\/DENNI-DORIGO-300x300.jpg 300w, https:\/\/www.radiopiu.net\/wordpress\/wp-content\/uploads\/2021\/07\/DENNI-DORIGO-1024x1024.jpg 1024w, https:\/\/www.radiopiu.net\/wordpress\/wp-content\/uploads\/2021\/07\/DENNI-DORIGO-150x150.jpg 150w, https:\/\/www.radiopiu.net\/wordpress\/wp-content\/uploads\/2021\/07\/DENNI-DORIGO-768x769.jpg 768w, https:\/\/www.radiopiu.net\/wordpress\/wp-content\/uploads\/2021\/07\/DENNI-DORIGO.jpg 1240w\" sizes=\"auto, (max-width: 162px) 100vw, 162px\" \/><\/a>di Gianni Santomaso<\/strong><\/p>\n<p>OSPITE: Denny Dorigo<\/p>\n<audio class=\"wp-audio-shortcode\" id=\"audio-259417-15\" preload=\"none\" style=\"width: 100%;\" controls=\"controls\"><source type=\"audio\/mpeg\" src=\"https:\/\/www.radiopiu.net\/wordpress\/wp-content\/uploads\/2022\/02\/RASSEGNA-GIANNI-1.mp3?_=15\" \/><a href=\"https:\/\/www.radiopiu.net\/wordpress\/wp-content\/uploads\/2022\/02\/RASSEGNA-GIANNI-1.mp3\">https:\/\/www.radiopiu.net\/wordpress\/wp-content\/uploads\/2022\/02\/RASSEGNA-GIANNI-1.mp3<\/a><\/audio>\n<p>&nbsp;<\/p>\n<p><strong>LA RACCOLTA COMPLETA<\/strong><\/p>\n<blockquote class=\"wp-embedded-content\" data-secret=\"Mola3gLuEn\"><p><a href=\"https:\/\/www.radiopiu.net\/wordpress\/rassegna-stampa-di-gianni-santomaso\/\">Rassegna stampa da l&#8217;amico del popolo &#8211; di Gianni Santomaso<\/a><\/p><\/blockquote>\n<p><iframe loading=\"lazy\" class=\"wp-embedded-content\" sandbox=\"allow-scripts\" security=\"restricted\" style=\"position: absolute; clip: rect(1px, 1px, 1px, 1px);\" title=\"&#8220;Rassegna stampa da l&#8217;amico del popolo &#8211; di Gianni Santomaso&#8221; &#8212; Radio Pi\u00f9\" src=\"https:\/\/www.radiopiu.net\/wordpress\/rassegna-stampa-di-gianni-santomaso\/embed\/#?secret=Mola3gLuEn\" data-secret=\"Mola3gLuEn\" width=\"600\" height=\"338\" frameborder=\"0\" marginwidth=\"0\" marginheight=\"0\" scrolling=\"no\"><\/iframe><\/p>\n<p>&nbsp;<\/p>\n<hr \/>\n<p>&nbsp;<\/p>\n<h2><span style=\"color: #800080;\">I RACCONTI DI PAOLO SOPPELSA\u00a0<\/span><\/h2>\n<p><strong>INCONTRI<\/strong><\/p>\n<p><em><strong>AUDIO<\/strong><\/em><\/p>\n<audio class=\"wp-audio-shortcode\" id=\"audio-259417-16\" preload=\"none\" style=\"width: 100%;\" controls=\"controls\"><source type=\"audio\/mpeg\" src=\"https:\/\/www.radiopiu.net\/wordpress\/wp-content\/uploads\/2022\/02\/PAOLO-SOPPELSA-INCONTRI.mp3?_=16\" \/><a href=\"https:\/\/www.radiopiu.net\/wordpress\/wp-content\/uploads\/2022\/02\/PAOLO-SOPPELSA-INCONTRI.mp3\">https:\/\/www.radiopiu.net\/wordpress\/wp-content\/uploads\/2022\/02\/PAOLO-SOPPELSA-INCONTRI.mp3<\/a><\/audio>\n<p>&nbsp;<\/p>\n<p><a href=\"https:\/\/www.radiopiu.net\/wordpress\/i-racconti-di-paolo-soppelsa-puntata-113\/13ca24f6-46cc-4ef6-a84b-b9466b96538e\/\" rel=\"attachment wp-att-259383\"><img loading=\"lazy\" decoding=\"async\" class=\"size-medium wp-image-259383 alignleft\" src=\"https:\/\/www.radiopiu.net\/wordpress\/wp-content\/uploads\/2022\/02\/13ca24f6-46cc-4ef6-a84b-b9466b96538e-300x285.jpg\" alt=\"\" width=\"300\" height=\"285\" srcset=\"https:\/\/www.radiopiu.net\/wordpress\/wp-content\/uploads\/2022\/02\/13ca24f6-46cc-4ef6-a84b-b9466b96538e-300x285.jpg 300w, https:\/\/www.radiopiu.net\/wordpress\/wp-content\/uploads\/2022\/02\/13ca24f6-46cc-4ef6-a84b-b9466b96538e-1024x974.jpg 1024w, https:\/\/www.radiopiu.net\/wordpress\/wp-content\/uploads\/2022\/02\/13ca24f6-46cc-4ef6-a84b-b9466b96538e-768x731.jpg 768w, https:\/\/www.radiopiu.net\/wordpress\/wp-content\/uploads\/2022\/02\/13ca24f6-46cc-4ef6-a84b-b9466b96538e-1536x1461.jpg 1536w, https:\/\/www.radiopiu.net\/wordpress\/wp-content\/uploads\/2022\/02\/13ca24f6-46cc-4ef6-a84b-b9466b96538e.jpg 1600w\" sizes=\"auto, (max-width: 300px) 100vw, 300px\" \/><\/a>Ero arrivato a Pradesora una domenica mattina d&#8217;aprile, all&#8217;ora in cui le campane della chiesa di Cencenighe suonavano potenti annunciando la Messa. Era primavera da quasi un mese, ma lass\u00f9, quel giorno, ho ritrovato l&#8217;inverno. Atmosfera umida e lattiginosa, nuvole pesanti che avvolgevano il Pelsa e sensazione di &#8220;sburia d&#8217;aoril&#8221; imminente. C&#8217;era ancora la neve a ricoprire i prati sotto alle vecchie case; una neve anziana, dura e spigolosa, rugosa, lavorata da pomeriggi tiepidi e fredde notti di stelle, che raccontava il lungo e lento scorrere della stagione dei silenzi. Ho posato lo zaino accanto allo spigolo in pietra di una casa e mi sono incamminato lungo la mulattiera dirigendomi verso il bosco. Ho raggiunto il &#8220;festil&#8221; dove &#8220;l&#8217;acqua che non c&#8217;era&#8221; scendeva con getto deciso bucando il ghiaccio ormai sottile presente nell&#8217;incavo di larice e poi, pochi minuti pi\u00f9 tardi, mi sono fermato nei pressi dell&#8217;antica &#8220;calchera&#8221;. Dopo qualche istante ha iniziato a scendere pioggia mista a neve; la &#8220;sburia&#8221; ora era realt\u00e0 ed era arrivato il tempo di salutare quelle pietre cariche di storia e ricoperte di muschio e &#8220;foie de fagher&#8221;. Ho raggiunto in fretta la casa mentre le pesanti e fredde gocce si stavano trasformando in neve d&#8217;aprile ed \u00e8 mentre imbracciavo lo zaino che i nostri sguardi si sono incrociati. Ora io non conosco il nome preciso di quegli oggetti dalle fattezze umane utili a bloccare in posizione aperta gli scuri delle finestre; qualcuno li chiama &#8220;pop\u00f2&#8221;, altri invece &#8220;omenet&#8221;. Io, da bambino, li chiamavo &#8220;poles&#8221; quella sorta di ganci ad incastro dalla forma di viso di donna e uomo nati dell&#8217;ingegno e della fantasia di antichi artigiani. E chiss\u00e0 perch\u00e9 tali artigiani decisero che, a godere della luce del giorno fosse quel viso severo e aristocratico di uomo baffuto e a vivere la notte, invece, fosse quel viso di donna somigliante alla &#8220;vecia de spade&#8221;. Mi ponevo questa domanda mentre &#8220;el poles&#8221;, nella sua versione uomo, mi scrutava con il suo sguardo enigmatico e austero. La neve bagnata scendeva sempre pi\u00f9 copiosa e a me venivano in mente i &#8220;poles&#8221; identici a quello che mi stava osservando, montati a lato delle finestre della casa dei nonni. Incutevano un p\u00f2 di soggezione questi &#8220;poles&#8221; baffuti dall&#8217;aria aristocratica, ed io li trattavo sempre con grande rispetto. &#8220;Va a ser\u00e0 i scur&#8221;, mi diceva la nonna poco prima che venisse buio. Cos\u00ec uscivo nell&#8217;oscurit\u00e0 della quasi notte e il &#8220;poles&#8221;, che aveva scrutato con attenzione il mio giocare pomeridiano, lo dovevo necessariamente maneggiare. Lo alzavo delicatamente e lo accompagnavo con delicatezza nel suo capovolgersi. Era in quel momento che compariva il volto della &#8220;vecia de spade&#8221; che avrebbe ammirato per lunghe ore la luna e le stelle. All&#8217;alba, invece, sarebbero state le mani forti del nonno a rimettere in posizione eretta i &#8220;poles&#8221;, e sarebbe stato l&#8217;uomo dai grandi baffi spioventi ad assistere allo spuntare del sole sopra il Pelsa. Ora era giunto davvero il tempo del mio andare, del dover salutare le antiche case di Pradesora e pure &#8220;el poles&#8221; che ancora mi osservava con il suo sguardo accigliato. L&#8217;ho accarezzato prima di incamminarmi sotto a quella neve d&#8217;aprile, ma non capovolto come facevo all&#8217;inizio di quelle sere lontane; ho lasciato che il suo sguardo severo potesse continuare ad ammirare l&#8217;innevato versante nord delle Pale di San Lucano, che quella mattina si stava ricoprendo di neve nuova di primavera&#8230;Magiche Dolomiti!!<\/p>\n<p><strong>LA RACCOLTA COMPLETA<\/strong><\/p>\n<blockquote class=\"wp-embedded-content\" data-secret=\"EaZ93AZMrw\"><p><a href=\"https:\/\/www.radiopiu.net\/wordpress\/i-racconti-di-paolo-soppelsa\/\">I racconti di Paolo Soppelsa<\/a><\/p><\/blockquote>\n<p><iframe loading=\"lazy\" class=\"wp-embedded-content\" sandbox=\"allow-scripts\" security=\"restricted\" style=\"position: absolute; clip: rect(1px, 1px, 1px, 1px);\" title=\"&#8220;I racconti di Paolo Soppelsa&#8221; &#8212; Radio Pi\u00f9\" src=\"https:\/\/www.radiopiu.net\/wordpress\/i-racconti-di-paolo-soppelsa\/embed\/#?secret=EaZ93AZMrw\" data-secret=\"EaZ93AZMrw\" width=\"600\" height=\"338\" frameborder=\"0\" marginwidth=\"0\" marginheight=\"0\" scrolling=\"no\"><\/iframe><\/p>\n<p>&nbsp;<\/p>\n<hr \/>\n<\/div>\n<div class=\"b654a4as d2edcug0\">\n<p>&nbsp;<\/p>\n<p><a href=\"https:\/\/www.radiopiu.net\/wordpress\/giornale-radiopiu-26-settembre-2018-direttore-mirko-mezzacasa\/viabilita-2\/\" rel=\"attachment wp-att-61954\"><img loading=\"lazy\" decoding=\"async\" class=\"aligncenter wp-image-61954 size-full\" src=\"https:\/\/www.radiopiu.net\/wordpress\/wp-content\/uploads\/2018\/09\/viabilita.jpeg\" sizes=\"auto, (max-width: 800px) 100vw, 800px\" srcset=\"https:\/\/www.radiopiu.net\/wordpress\/wp-content\/uploads\/2018\/09\/viabilita.jpeg 800w, https:\/\/www.radiopiu.net\/wordpress\/wp-content\/uploads\/2018\/09\/viabilita-300x38.jpeg 300w, https:\/\/www.radiopiu.net\/wordpress\/wp-content\/uploads\/2018\/09\/viabilita-768x96.jpeg 768w\" alt=\"\" width=\"800\" height=\"100\" \/><\/a><\/p>\n<div class=\"ecm0bbzt e5nlhep0 a8c37x1j\">\n<div class=\"kvgmc6g5 cxmmr5t8 oygrvhab hcukyx3x c1et5uql\">\n<div class=\"gmail-kvgmc6g5 gmail-cxmmr5t8 gmail-oygrvhab gmail-hcukyx3x gmail-c1et5uql gmail-ii04i59q\">\n<div class=\"page-title-head hgroup\">\n<div class=\"page-title-head hgroup\">\n<div class=\"b654a4as d2edcug0\">\n<div class=\"j83agx80 btwxx1t3 lhclo0ds hop8lmos nkwizq5d scwd0bx6 roh60bw9\">\n<div class=\"rq0escxv hkbzh7o3 jwdofwj8 n8tt0mok r8blr3vg hyh9befq\">\n<div class=\"do00u71z l9j0dhe7 k4urcfbm\">\n<div class=\"page-title-head hgroup\">\n<div class=\"page-title-head hgroup\">\n<div class=\"page-title-head hgroup\">\n<div class=\"page-title-head hgroup\">\n<div class=\"b654a4as d2edcug0\">\n<div class=\"page-title-head hgroup\">\n<div class=\"page-title-head hgroup\">\n<div class=\"page-title-head hgroup\">\n<div class=\"page-title-head hgroup\">\n<div class=\"b654a4as d2edcug0\">\n<div class=\"page-title-head hgroup\">\n<div class=\"page-title-head hgroup\">\n<div class=\"page-title-head hgroup\">\n<div class=\"page-title-head hgroup\">\n<div class=\"page-title-head hgroup\">\n<div class=\"page-title-head hgroup\">\n<div class=\"page-title-head hgroup\">\n<div class=\"page-title-head hgroup\">\n<div class=\"page-title-head hgroup\">\n<div class=\"b654a4as d2edcug0\">\n<div class=\"page-title-head hgroup\">\n<div class=\"page-title-head hgroup\">\n<div class=\"page-title-head hgroup\">\n<div class=\"page-title-head hgroup\">\n<div class=\"b654a4as d2edcug0\">\n<div class=\"page-title-head hgroup\">\n<div class=\"page-title-head hgroup\">\n<div class=\"page-title-head hgroup\">\n<div class=\"page-title-head hgroup\">\n<div class=\"page-title-head hgroup\">\n<div class=\"mkdf-post-text\">\n<div class=\"mkdf-post-text-inner\">\n<div class=\"mkdf-post-text-main\">\n<div class=\"mkdf-post-text\">\n<div class=\"mkdf-post-text-inner\">\n<div class=\"mkdf-post-text-main\">\n<div class=\"mkdf-post-text\">\n<div class=\"mkdf-post-text-inner\">\n<div class=\"mkdf-post-text-main\">\n<div class=\"page-title-head hgroup\">\n<div class=\"page-title-head hgroup\">\n<div class=\"mkdf-post-text\">\n<div class=\"mkdf-post-text-inner\">\n<div class=\"mkdf-post-text-main\">\n<div class=\"mkdf-post-text\">\n<div class=\"mkdf-post-text-inner\">\n<div class=\"mkdf-post-text-main\">\n<div class=\"page-title-head hgroup\">\n<div class=\"page-title-head hgroup\">\n<div class=\"page-title-head hgroup\">\n<div class=\"page-title-head hgroup\">\n<div class=\"b654a4as d2edcug0\">\n<div class=\"page-title-head hgroup\">\n<div class=\"page-title-head hgroup\">\n<div class=\"page-title-head hgroup\">\n<div class=\"page-title-head hgroup\">\n<div class=\"b654a4as d2edcug0\">\n<div class=\"page-title-head hgroup\">\n<div class=\"page-title-head hgroup\">\n<div class=\"page-title-head hgroup\">\n<div class=\"page-title-head hgroup\">\n<div class=\"b654a4as d2edcug0\">\n<div class=\"chat-input\">\n<div class=\"chat-input-container\">\n<div class=\"rows-wrapper chat-input-wrapper\">\n<div class=\"reply-wrapper\">\n<div class=\"btn-menu\">\n<div class=\"btn-menu-item tgico-replace rp\">\n<div class=\"c-ripple\">\n<div class=\"bubbles scrolled-down\">\n<div class=\"scrollable scrollable-y\">\n<div class=\"bubbles-inner has-rights is-chat is-channel\">\n<div class=\"bubbles-date-group\">\n<div class=\"bubble hide-name is-out can-have-tail is-group-first is-group-last is-read\" data-mid=\"5377294335\" data-peer-id=\"-1478820725\" data-timestamp=\"1638437407\">\n<div class=\"bubble-content-wrapper\">\n<div class=\"bubble-content\">\n<p class=\"message\" dir=\"auto\"><strong>\u00a0\u00a0<\/strong><\/p>\n<\/div>\n<\/div>\n<\/div>\n<\/div>\n<\/div>\n<\/div>\n<\/div>\n<\/div>\n<\/div>\n<\/div>\n<\/div>\n<\/div>\n<\/div>\n<\/div>\n<\/div>\n<\/div>\n<\/div>\n<\/div>\n<\/div>\n<\/div>\n<\/div>\n<\/div>\n<\/div>\n<\/div>\n<\/div>\n<\/div>\n<\/div>\n<\/div>\n<\/div>\n<\/div>\n<\/div>\n<\/div>\n<\/div>\n<\/div>\n<\/div>\n<\/div>\n<\/div>\n<\/div>\n<\/div>\n<\/div>\n<\/div>\n<\/div>\n<\/div>\n<\/div>\n<\/div>\n<\/div>\n<\/div>\n<\/div>\n<\/div>\n<\/div>\n<\/div>\n<\/div>\n<\/div>\n<\/div>\n<\/div>\n<\/div>\n<\/div>\n<\/div>\n<\/div>\n<\/div>\n<\/div>\n<\/div>\n<\/div>\n<\/div>\n<\/div>\n<\/div>\n<\/div>\n<\/div>\n<\/div>\n<\/div>\n<\/div>\n<\/div>\n<\/div>\n<\/div>\n<\/div>\n<\/div>\n<\/div>\n<\/div>\n<\/div>\n<\/div>\n<\/div>\n<\/div>\n<\/div>\n<\/div>\n<\/div>\n<\/div>\n<\/div>\n<\/div>\n<\/div>\n<\/div>\n<\/div>\n<\/div>\n<\/div>\n<\/div>\n<\/div>\n<\/div>\n<\/div>\n<\/div>\n<\/div>\n<\/div>\n<\/div>\n<\/div>\n<\/div>\n<\/div>\n<\/div>\n<\/div>\n<\/div>\n<\/div>\n<\/div>\n<\/div>\n<\/div>\n<\/div>\n<\/div>\n<\/div>\n<\/div>\n<\/div>\n<\/div>\n<\/div>\n<\/div>\n<\/div>\n<\/div>\n<\/div>\n<\/div>\n<\/div>\n<\/div>\n<\/div>\n<\/div>\n<\/div>\n<\/div>\n<\/div>\n<\/div>\n<\/div>\n<\/div>\n<\/div>\n<\/div>\n<\/div>\n<\/div>\n<\/div>\n<\/div>\n<\/div>\n<\/div>\n<\/div>\n<\/div>\n<\/div>\n<\/div>\n<\/div>\n<\/div>\n<\/div>\n<\/div>\n<\/div>\n<\/div>\n<\/div>\n<\/div>\n<\/div>\n<\/div>\n<\/div>\n<\/div>\n<\/div>\n<\/div>\n<\/div>\n<\/div>\n<\/div>\n<\/div>\n<\/div>\n<\/div>\n<\/div>\n<\/div>\n<\/div>\n<div>\n<div class=\"page-title-head hgroup\">\n<div class=\"page-title-head hgroup\">\n<div class=\"b654a4as d2edcug0\">\n<div class=\"j83agx80 btwxx1t3 lhclo0ds hop8lmos nkwizq5d scwd0bx6 roh60bw9\">\n<div class=\"rq0escxv hkbzh7o3 jwdofwj8 n8tt0mok r8blr3vg hyh9befq\">\n<div class=\"do00u71z l9j0dhe7 k4urcfbm\">\n<div class=\"ecm0bbzt e5nlhep0 a8c37x1j\">\n<div class=\"kvgmc6g5 cxmmr5t8 oygrvhab hcukyx3x c1et5uql\">\n<div class=\"gmail-kvgmc6g5 gmail-cxmmr5t8 gmail-oygrvhab gmail-hcukyx3x gmail-c1et5uql gmail-ii04i59q\">\n<div class=\"page-title-head hgroup\">\n<div class=\"page-title-head hgroup\">\n<div class=\"b654a4as d2edcug0\">\n<div class=\"j83agx80 btwxx1t3 lhclo0ds hop8lmos nkwizq5d scwd0bx6 roh60bw9\">\n<div class=\"rq0escxv hkbzh7o3 jwdofwj8 n8tt0mok r8blr3vg hyh9befq\">\n<div class=\"do00u71z l9j0dhe7 k4urcfbm\">\n<div class=\"page-title-head hgroup\">\n<div class=\"page-title-head hgroup\">\n<div class=\"page-title-head hgroup\">\n<div class=\"page-title-head hgroup\">\n<div class=\"b654a4as d2edcug0\">\n<div class=\"page-title-head hgroup\">\n<div class=\"page-title-head hgroup\">\n<div class=\"page-title-head hgroup\">\n<div class=\"page-title-head hgroup\">\n<div class=\"b654a4as d2edcug0\">\n<div class=\"page-title-head hgroup\">\n<div class=\"page-title-head hgroup\">\n<div class=\"page-title-head hgroup\">\n<div class=\"page-title-head hgroup\">\n<div class=\"page-title-head hgroup\">\n<div class=\"page-title-head hgroup\">\n<div class=\"page-title-head hgroup\">\n<div class=\"page-title-head hgroup\">\n<div class=\"page-title-head hgroup\">\n<div class=\"b654a4as d2edcug0\">\n<div class=\"page-title-head hgroup\">\n<div class=\"page-title-head hgroup\">\n<div class=\"page-title-head hgroup\">\n<div class=\"page-title-head hgroup\">\n<div class=\"b654a4as d2edcug0\">\n<div class=\"page-title-head hgroup\">\n<div class=\"page-title-head hgroup\">\n<div class=\"page-title-head hgroup\">\n<div class=\"page-title-head hgroup\">\n<div class=\"page-title-head hgroup\">\n<div class=\"mkdf-post-text\">\n<div class=\"mkdf-post-text-inner\">\n<div class=\"mkdf-post-text-main\">\n<div class=\"mkdf-post-text\">\n<div class=\"mkdf-post-text-inner\">\n<div class=\"mkdf-post-text-main\">\n<div class=\"mkdf-post-text\">\n<div class=\"mkdf-post-text-inner\">\n<div class=\"mkdf-post-text-main\">\n<div class=\"page-title-head hgroup\">\n<div class=\"page-title-head hgroup\">\n<div class=\"mkdf-post-text\">\n<div class=\"mkdf-post-text-inner\">\n<div class=\"mkdf-post-text-main\">\n<div class=\"mkdf-post-text\">\n<div class=\"mkdf-post-text-inner\">\n<div class=\"mkdf-post-text-main\">\n<div class=\"page-title-head hgroup\">\n<div class=\"page-title-head hgroup\">\n<div class=\"page-title-head hgroup\">\n<div class=\"page-title-head hgroup\">\n<div class=\"b654a4as d2edcug0\">\n<div class=\"page-title-head hgroup\">\n<div class=\"page-title-head hgroup\">\n<div class=\"page-title-head hgroup\">\n<div class=\"page-title-head hgroup\">\n<div class=\"b654a4as d2edcug0\">\n<div class=\"page-title-head hgroup\">\n<div class=\"page-title-head hgroup\">\n<div class=\"page-title-head hgroup\">\n<div class=\"page-title-head hgroup\">\n<div class=\"b654a4as d2edcug0\">\n<div class=\"ecm0bbzt e5nlhep0 a8c37x1j\">\n<div class=\"kvgmc6g5 cxmmr5t8 oygrvhab hcukyx3x c1et5uql\">\n<div class=\"gmail-kvgmc6g5 gmail-cxmmr5t8 gmail-oygrvhab gmail-hcukyx3x gmail-c1et5uql gmail-ii04i59q\">\n<div class=\"page-title-head hgroup\">\n<div class=\"page-title-head hgroup\">\n<div class=\"b654a4as d2edcug0\">\n<div class=\"j83agx80 btwxx1t3 lhclo0ds hop8lmos nkwizq5d scwd0bx6 roh60bw9\">\n<div class=\"rq0escxv hkbzh7o3 jwdofwj8 n8tt0mok r8blr3vg hyh9befq\">\n<div class=\"do00u71z l9j0dhe7 k4urcfbm\">\n<div class=\"page-title-head hgroup\">\n<div class=\"page-title-head hgroup\">\n<div class=\"page-title-head hgroup\">\n<div class=\"page-title-head hgroup\">\n<div class=\"b654a4as d2edcug0\">\n<div class=\"page-title-head hgroup\">\n<div class=\"page-title-head hgroup\">\n<div class=\"page-title-head hgroup\">\n<div class=\"page-title-head hgroup\">\n<div class=\"b654a4as d2edcug0\">\n<div class=\"page-title-head hgroup\">\n<div class=\"page-title-head hgroup\">\n<div class=\"page-title-head hgroup\">\n<div class=\"page-title-head hgroup\">\n<div class=\"page-title-head hgroup\">\n<div class=\"page-title-head hgroup\">\n<div class=\"page-title-head hgroup\">\n<div class=\"page-title-head hgroup\">\n<div class=\"page-title-head hgroup\">\n<div class=\"b654a4as d2edcug0\">\n<div class=\"page-title-head hgroup\">\n<div class=\"page-title-head hgroup\">\n<div class=\"page-title-head hgroup\">\n<div class=\"page-title-head hgroup\">\n<div class=\"b654a4as d2edcug0\">\n<div class=\"page-title-head hgroup\">\n<div class=\"page-title-head hgroup\">\n<div class=\"page-title-head hgroup\">\n<div class=\"page-title-head hgroup\">\n<div class=\"page-title-head hgroup\">\n<div class=\"mkdf-post-text\">\n<div class=\"mkdf-post-text-inner\">\n<div class=\"mkdf-post-text-main\">\n<div class=\"mkdf-post-text\">\n<div class=\"mkdf-post-text-inner\">\n<div class=\"mkdf-post-text-main\">\n<div class=\"mkdf-post-text\">\n<div class=\"mkdf-post-text-inner\">\n<div class=\"mkdf-post-text-main\">\n<div class=\"page-title-head hgroup\">\n<div class=\"page-title-head hgroup\">\n<div class=\"mkdf-post-text\">\n<div class=\"mkdf-post-text-inner\">\n<div class=\"mkdf-post-text-main\">\n<div class=\"mkdf-post-text\">\n<div class=\"mkdf-post-text-inner\">\n<div class=\"mkdf-post-text-main\">\n<div class=\"page-title-head hgroup\">\n<div class=\"page-title-head hgroup\">\n<div class=\"page-title-head hgroup\">\n<div class=\"page-title-head hgroup\">\n<div class=\"b654a4as d2edcug0\">\n<div class=\"page-title-head hgroup\">\n<div class=\"page-title-head hgroup\">\n<div class=\"page-title-head hgroup\">\n<div class=\"page-title-head hgroup\">\n<div class=\"b654a4as d2edcug0\">\n<div class=\"page-title-head hgroup\">\n<div class=\"page-title-head hgroup\">\n<div class=\"page-title-head hgroup\">\n<div class=\"page-title-head hgroup\">\n<div class=\"b654a4as d2edcug0\">\n<blockquote class=\"wp-embedded-content\" data-secret=\"teAnmTFjkp\"><p><a href=\"https:\/\/www.radiopiu.net\/wordpress\/viabilita\/\">viabilita<\/a><\/p><\/blockquote>\n<p><iframe loading=\"lazy\" class=\"wp-embedded-content\" sandbox=\"allow-scripts\" security=\"restricted\" style=\"position: absolute; clip: rect(1px, 1px, 1px, 1px);\" title=\"&#8220;viabilita&#8221; &#8212; Radio Pi\u00f9\" src=\"https:\/\/www.radiopiu.net\/wordpress\/viabilita\/embed\/#?secret=teAnmTFjkp\" data-secret=\"teAnmTFjkp\" width=\"600\" height=\"338\" frameborder=\"0\" marginwidth=\"0\" marginheight=\"0\" scrolling=\"no\"><\/iframe><\/p>\n<p>&nbsp;<\/p>\n<hr \/>\n<p>&nbsp;<\/p>\n<\/div>\n<div class=\"b654a4as d2edcug0\">\n<div class=\"ecm0bbzt e5nlhep0 a8c37x1j\">\n<div class=\"kvgmc6g5 cxmmr5t8 oygrvhab hcukyx3x c1et5uql\">\n<div class=\"gmail-kvgmc6g5 gmail-cxmmr5t8 gmail-oygrvhab gmail-hcukyx3x gmail-c1et5uql gmail-ii04i59q\">\n<div>\n<div class=\"page-title-head hgroup\">\n<div class=\"page-title-head hgroup\">\n<div class=\"b654a4as d2edcug0\">\n<div class=\"j83agx80 btwxx1t3 lhclo0ds hop8lmos nkwizq5d scwd0bx6 roh60bw9\">\n<div class=\"rq0escxv hkbzh7o3 jwdofwj8 n8tt0mok r8blr3vg hyh9befq\">\n<div class=\"do00u71z l9j0dhe7 k4urcfbm\">\n<div>\n<div class=\"page-title-head hgroup\">\n<div class=\"page-title-head hgroup\">\n<div class=\"page-title-head hgroup\">\n<div class=\"page-title-head hgroup\">\n<div class=\"b654a4as d2edcug0\">\n<div class=\"page-title-head hgroup\">\n<div class=\"page-title-head hgroup\">\n<div class=\"page-title-head hgroup\">\n<div class=\"page-title-head hgroup\">\n<div class=\"b654a4as d2edcug0\">\n<div class=\"page-title-head hgroup\">\n<div class=\"page-title-head hgroup\">\n<div class=\"page-title-head hgroup\">\n<div class=\"page-title-head hgroup\">\n<div class=\"page-title-head hgroup\">\n<div class=\"mkdf-post-text\">\n<div class=\"mkdf-post-text-inner\">\n<div class=\"mkdf-post-text-main\">\n<div class=\"mkdf-post-text\">\n<div class=\"mkdf-post-text-inner\">\n<div class=\"mkdf-post-text-main\">\n<div class=\"mkdf-post-text\">\n<div class=\"mkdf-post-text-inner\">\n<div class=\"mkdf-post-text-main\">\n<div class=\"page-title-head hgroup\">\n<div class=\"page-title-head hgroup\">\n<div class=\"mkdf-post-text\">\n<div class=\"mkdf-post-text-inner\">\n<div class=\"mkdf-post-text-main\">\n<div class=\"mkdf-post-text\">\n<div class=\"mkdf-post-text-inner\">\n<div class=\"mkdf-post-text-main\">\n<div>\n<div class=\"page-title-head hgroup\">\n<div class=\"page-title-head hgroup\">\n<div>\n<div class=\"page-title-head hgroup\">\n<div class=\"page-title-head hgroup\">\n<div class=\"b654a4as d2edcug0\">\n<div>\n<div class=\"page-title-head hgroup\" style=\"text-align: left;\">\n<div class=\"page-title-head hgroup\">\n<div dir=\"auto\">\n<p><a class=\"dt-pswp-item pspw-wrap-ready\" href=\"https:\/\/i0.wp.com\/www.radiopiu.net\/wordpress\/wp-content\/uploads\/2018\/09\/WhatsApp-Image-2018-09-20-at-16.04.06.jpeg?ssl=1\" data-dt-img-description=\"\" data-large_image_width=\"800\" data-large_image_height=\"100\"><img loading=\"lazy\" decoding=\"async\" class=\"aligncenter wp-image-61378 size-full jetpack-lazy-image jetpack-lazy-image--handled\" src=\"https:\/\/i0.wp.com\/www.radiopiu.net\/wordpress\/wp-content\/uploads\/2018\/09\/WhatsApp-Image-2018-09-20-at-16.04.06.jpeg?resize=800%2C100&amp;ssl=1\" sizes=\"auto, (max-width: 800px) 100vw, 800px\" srcset=\"https:\/\/i0.wp.com\/www.radiopiu.net\/wordpress\/wp-content\/uploads\/2018\/09\/WhatsApp-Image-2018-09-20-at-16.04.06.jpeg?w=800&amp;ssl=1 800w, https:\/\/i0.wp.com\/www.radiopiu.net\/wordpress\/wp-content\/uploads\/2018\/09\/WhatsApp-Image-2018-09-20-at-16.04.06.jpeg?resize=300%2C38&amp;ssl=1 300w, https:\/\/i0.wp.com\/www.radiopiu.net\/wordpress\/wp-content\/uploads\/2018\/09\/WhatsApp-Image-2018-09-20-at-16.04.06.jpeg?resize=768%2C96&amp;ssl=1 768w\" alt=\"\" width=\"800\" height=\"100\" data-lazy-loaded=\"1\" \/><\/a><\/p>\n<\/div>\n<\/div>\n<\/div>\n<\/div>\n<\/div>\n<\/div>\n<\/div>\n<\/div>\n<\/div>\n<\/div>\n<\/div>\n<\/div>\n<\/div>\n<\/div>\n<\/div>\n<\/div>\n<\/div>\n<\/div>\n<\/div>\n<\/div>\n<\/div>\n<\/div>\n<\/div>\n<\/div>\n<\/div>\n<\/div>\n<\/div>\n<\/div>\n<\/div>\n<\/div>\n<\/div>\n<\/div>\n<\/div>\n<\/div>\n<\/div>\n<\/div>\n<\/div>\n<\/div>\n<\/div>\n<\/div>\n<\/div>\n<\/div>\n<\/div>\n<\/div>\n<p>&nbsp;<\/p>\n<\/div>\n<\/div>\n<\/div>\n<\/div>\n<\/div>\n<\/div>\n<\/div>\n<\/div>\n<\/div>\n<\/div>\n<\/div>\n<\/div>\n<\/div>\n<\/div>\n<\/div>\n<\/div>\n<\/div>\n<\/div>\n<\/div>\n<\/div>\n<\/div>\n<\/div>\n<\/div>\n<\/div>\n<\/div>\n<\/div>\n<\/div>\n<\/div>\n<\/div>\n<\/div>\n<\/div>\n<\/div>\n<\/div>\n<\/div>\n<\/div>\n<\/div>\n<\/div>\n<\/div>\n<\/div>\n<\/div>\n<\/div>\n<\/div>\n<\/div>\n<\/div>\n<\/div>\n<\/div>\n<\/div>\n<\/div>\n<\/div>\n<\/div>\n<\/div>\n<\/div>\n<\/div>\n<\/div>\n<\/div>\n<\/div>\n<\/div>\n<\/div>\n<\/div>\n<\/div>\n<\/div>\n<\/div>\n<\/div>\n<\/div>\n<\/div>\n<\/div>\n<\/div>\n<\/div>\n<\/div>\n<\/div>\n<\/div>\n<\/div>\n<\/div>\n<\/div>\n<\/div>\n<\/div>\n<\/div>\n<\/div>\n<\/div>\n<\/div>\n<\/div>\n<\/div>\n<\/div>\n<\/div>\n<\/div>\n<\/div>\n<\/div>\n<\/div>\n<\/div>\n<\/div>\n<\/div>\n<\/div>\n<\/div>\n<\/div>\n<\/div>\n<\/div>\n<\/div>\n<\/div>\n<\/div>\n<\/div>\n<\/div>\n<\/div>\n<\/div>\n<\/div>\n<\/div>\n<\/div>\n<\/div>\n<\/div>\n<\/div>\n<\/div>\n<\/div>\n<\/div>\n<\/div>\n<\/div>\n<\/div>\n<\/div>\n<\/div>\n<\/div>\n<\/div>\n<\/div>\n<\/div>\n<\/div>\n<\/div>\n<\/div>\n<\/div>\n<\/div>\n<\/div>\n<\/div>\n<\/div>\n<\/div>\n<\/div>\n<\/div>\n<\/div>\n<\/div>\n<\/div>\n<\/div>\n<\/div>\n<\/div>\n<\/div>\n<\/div>\n<\/div>\n<\/div>\n<\/div>\n<\/div>\n<\/div>\n<\/div>\n<\/div>\n<\/div>\n<\/div>\n<\/div>\n<\/div>\n<\/div>\n<\/div>\n<\/div>\n<\/div>\n<\/div>\n<\/div>\n<\/div>\n<\/div>\n<\/div>\n<\/div>\n<\/div>\n<\/div>\n<\/div>\n<\/div>\n<\/div>\n<\/div>\n<\/div>\n<\/div>\n<\/div>\n<\/div>\n<\/div>\n<\/div>\n<\/div>\n<\/div>\n<\/div>\n<\/div>\n<\/div>\n<\/div>\n<\/div>\n<\/div>\n<\/div>\n<\/div>\n<\/div>\n<\/div>\n<\/div>\n<\/div>\n<p><center><b>Martedi 15<\/b><\/center><b>Tempo atteso: <\/b>Tempo perturbato con cielo molto nuvoloso o coperto su tutto l&#8217;arco alpino specie al mattino; graduale attenuazione dei fenomeni dalle ore centrali a partire dalle zone occidentali con schiarite diffuse dalla sera.<br \/>\n<b>Precipitazioni: <\/b>Diffuse fin dalle prime ore, in prevalenza di moderata intensit\u00e0 anche con qualche rovescio, soprattutto nei settori prealpini, nevose fino a fondovalle sulle Dolomiti, inizialmente intorno ai 400-700 m sulle Prealpi, localmente un po&#8217; pi\u00f9 in basso nelle conche prealpine riparate dalle correnti meridionali, come in alcuni tratti della Valbelluna specie verso il Feltrino; limite delle nevicate in leggero innalzamento fino a 600-900 m nella tarda mattinata; graduale attenuazione dei fenomeni dalle ore centrali a partire dalle zone occidentali. I quantitativi totali di precipitazione varieranno mediamente tra i 15 e 20 mm delle Dolomiti e tra i 20 e i 30 mm delle Prealpi con punte di 35 mm in caso di qualche rovescio, con altrettanti centimetri di neve fresca oltre i 1000\/1500 m.<br \/>\n<b>Temperature: <\/b>Minime in aumento anche sensibile nelle valli dolomitiche, in lieve calo in alta montagna e misurate a fine giornata; massime in lieve aumento sulle zone prealpine, in calo sulle Dolomiti. Lieve escursione termica giornaliera. Su Prealpi a 1500 m min -2\u00b0C max 0\u00b0C, a 2000 m min -6\u00b0C max -2\u00b0C; su Dolomiti a 2000 m min -6\u00b0C max -3\u00b0C, a 3000 m min -12\u00b0C max -9\u00b0C.<br \/>\n<b>Venti: <\/b>In alta montagna ancora tesi o forti dai quadranti meridionali al mattino, tendenti nel pomeriggio ad attenuarsi parzialmente e a rinforzare per disporsi dai quadranti settentrionali, a 20-35 km\/h a 2000 m e a 25-40 km\/h a 3000 m.<\/p>\n<hr \/>\n<p><center><b>Mercoledi 16<\/b><\/center><b>Tempo atteso: <\/b>Tempo al mattino soleggiato con cielo in prevalenza poco nuvoloso; dalle ore centrali passaggio di nubi alte con addensamenti nuvolosi localmente consistenti, specie nei rilievi di confine con il Trentino Alto Adige. Possibili foschie o banchi di nebbia, associati a qualche nube bassa nelle ore pi\u00f9 fredde in alcune valli prealpine.<br \/>\n<b>Precipitazioni: <\/b>Generalmente assenti (0%), salvo una probabilit\u00e0 molto bassa (0-5%) di neve burrascosa sui rilievi di confine con il Trentino Alto Adige.<br \/>\n<b>Temperature: <\/b>Minime in calo anche sensibile nelle valli su valori temporaneamente inferiori alla norma, massime in contenuto aumento a tutte le quote, leggermente superiori alle medie del periodo; aumento dell&#8217;inversione termica nella notte. Su Prealpi a 1500 m min -4\u00b0C max 3\u00b0C, a 2000 m min -7\u00b0C max 1\u00b0C; su Dolomiti a 2000 m min -6\u00b0C max 1\u00b0C, a 3000 m min -12\u00b0C max -1\u00b0C.<br \/>\n<b>Venti: <\/b>Nelle valli in genere deboli o moderati per brezza o per qualche locale raffica di Foehn; in alta montagna dai quadranti settentrionali, inizialmente moderati tendenti a divenire forti dal tardo pomeriggio, specie sulle cime delle Dolomiti, a 20-30 km\/h a 2000 m e a 25-60 km\/h a 3000 m.<\/p>\n<hr \/>\n<p><center><b>Giovedi 17<\/b><\/center>Tempo stabile con cielo in genere poco nuvoloso per nubi alte, specie al mattino; nel pomeriggio a tratti anche parzialmente nuvoloso per innocui addensamenti in prossimit\u00e0 delle cime. Possibili foschie o banchi di nebbia, associati a qualche nube bassa nelle ore pi\u00f9 fredde in alcune valli prealpine. Precipitazioni assenti. Temperature in aumento anche marcato specie in quota nei valori massimi, superiori alle medie del periodo. Clima diurno piuttosto mite per il periodo a tutte le quote con marcata inversione termica. Venti ancora dai quadranti settentrionali in ulteriore rinforzo in alta montagna sulle Dolomiti, dove tenderanno a divenire anche molto forti.<\/p>\n<hr \/>\n<p><center><b>Venerdi 18<\/b><\/center>Ancora tempo stabile e pi\u00f9 soleggiato rispetto a gioved\u00ec con cielo in genere poco nuvoloso con qualche locale e innocuo addensamento in prossimit\u00e0 delle cime. Possibili foschie o banchi di nebbia, associati a qualche nube bassa nelle ore pi\u00f9 fredde in alcune valli prealpine. Precipitazioni assenti. Temperature in ulteriore aumento superiori alle medie del periodo, con marcata inversione termica. Venti in alta montagna ancora dai quadranti settentrionali ancora forti al mattino sulle vette dolomitiche, in parziale attenuazione in seguito. Previsore: M.Padoan<\/p>\n<p>&nbsp;<\/p>\n<hr \/>\n<p>&nbsp;<\/p>\n<p><img loading=\"lazy\" decoding=\"async\" class=\"wp-image-60761 size-full aligncenter\" src=\"https:\/\/www.radiopiu.net\/wordpress\/wp-content\/uploads\/2018\/09\/sport.jpg\" alt=\"\" width=\"800\" height=\"100\" srcset=\"https:\/\/www.radiopiu.net\/wordpress\/wp-content\/uploads\/2018\/09\/sport.jpg 800w, https:\/\/www.radiopiu.net\/wordpress\/wp-content\/uploads\/2018\/09\/sport-300x38.jpg 300w, https:\/\/www.radiopiu.net\/wordpress\/wp-content\/uploads\/2018\/09\/sport-768x96.jpg 768w\" sizes=\"auto, (max-width: 800px) 100vw, 800px\" \/><\/p>\n<p>&nbsp;<\/p>\n<p><span style=\"color: #0000ff;\"><strong>SNOWBOARD<\/strong><\/span><\/p>\n<blockquote>\n<h3>LUCIA DALMASSO: GUARDO AVANTI CON IL CUORE, LA TESTA E LA PERSEVERANZA<\/h3>\n<\/blockquote>\n<p><strong><a href=\"https:\/\/www.radiopiu.net\/wordpress\/giornale-radiopiu-28-gennaio-2022-direttore-mirko-mezzacasa\/934ed186-f1eb-4bee-a1c4-dae328874085\/\" rel=\"attachment wp-att-256452\"><img loading=\"lazy\" decoding=\"async\" class=\"size-medium wp-image-256452 alignleft\" src=\"https:\/\/www.radiopiu.net\/wordpress\/wp-content\/uploads\/2022\/01\/934ed186-f1eb-4bee-a1c4-dae328874085-300x200.jpg\" alt=\"\" width=\"300\" height=\"200\" srcset=\"https:\/\/www.radiopiu.net\/wordpress\/wp-content\/uploads\/2022\/01\/934ed186-f1eb-4bee-a1c4-dae328874085-300x200.jpg 300w, https:\/\/www.radiopiu.net\/wordpress\/wp-content\/uploads\/2022\/01\/934ed186-f1eb-4bee-a1c4-dae328874085-1024x683.jpg 1024w, https:\/\/www.radiopiu.net\/wordpress\/wp-content\/uploads\/2022\/01\/934ed186-f1eb-4bee-a1c4-dae328874085-768x512.jpg 768w, https:\/\/www.radiopiu.net\/wordpress\/wp-content\/uploads\/2022\/01\/934ed186-f1eb-4bee-a1c4-dae328874085.jpg 1080w\" sizes=\"auto, (max-width: 300px) 100vw, 300px\" \/><\/a>FALCADE <\/strong>Lucia Dalmasso \u00e8 tornata a casa dal suo sogno di bambina: partecipare alle Olimpiadi. Un sogno che ha cercato nella sua carriera da sciatrice ma che poi ha coronato in 5 anni da snowboardista.\u00a0 \u201c<em>Non parlo di sconfitta, perch\u00e9 \u00e8 tutta esperienza, e come tale \u00e8 sempre positiva \u2013 queste le parole di Lucia al ritorno dalla Cina. Le gare sono cos\u00ec, quando dai il massimo ci pu\u00f2 stare di sbagliare. Sono contenta della mia prima olimpiade, dalla quale porto a casa tanta esperienza, tante indicazioni sulla mia sciata, tanti imput personali, perch\u00e9 sono certa che da questa esperienza crescer\u00f2 sotto ogni punto di vista. Cuore, testa, perseveranza, questi sono i miei ingredienti giorno dopo giorno, passo dopo passo per il mio cammino di crescita<\/em>\u201d. Ora a casa ha trovato qualche giorno di riposo con il calore della sua famiglia, degli amici, di chi la sostiene, di chi le d\u00e0 il supporto affinch\u00e8 possa essere sempre ai massimi livelli. La stagione dell&#8217;agordina non \u00e8 finita, perch\u00e8 a met\u00e0 marzo a Piancavallo torna la coppa del mondo di snowboard parallelo e l&#8217;azzurra vuole puntare a migliorare la sua posizione nel ranking mondiale. Dopodich\u00e9 la portacolori di Falcade andr\u00e0 a difendere il doppio titolo di Campionessa Italiana di Snowboard parallelo gigante e slalom conquistato lo scorso anno. \u201cSono fiera ed orgogliosa di me stessa. Ora devo rimanere concentrata per il finale di stagione e per difendere i miei titoli nazionali e ringraziare sul campo tutti quelli che hanno creduto in me\u201d. E al finale di stagione ci saranno davvero tutti quelli che l&#8217;hanno supportata e soprattutto hanno creduto in lei. Tanti appuntamenti aspettano Lucia, non solo sportivi, ma anche appuntamenti ed esperienze personali in cui potr\u00e0 essere d&#8217;esempio per i giovani del futuro.<\/p>\n<p>&nbsp;<\/p>\n<p>&nbsp;<\/p>\n<hr \/>\n<p>&nbsp;<\/p>\n<p><span style=\"color: #0000ff;\"><strong>BROOMBALL<\/strong><\/span><\/p>\n<blockquote>\n<h3>IL BROOMBALL BELLUNO SI AGGIUDICA GARA 1 DELLE SEMIFINALI DEL CAMPIONATO ITALIANO<\/h3>\n<\/blockquote>\n<p><strong><a href=\"https:\/\/www.radiopiu.net\/wordpress\/il-broomball-belluno-si-aggiudica-gara-1-delle-semifinali-del-campionato-italiano\/broomball-belluno-2022\/\" rel=\"attachment wp-att-259537\"><img loading=\"lazy\" decoding=\"async\" class=\"size-medium wp-image-259537 alignleft\" src=\"https:\/\/www.radiopiu.net\/wordpress\/wp-content\/uploads\/2022\/02\/broomball-belluno-2022-300x140.jpg\" alt=\"\" width=\"300\" height=\"140\" srcset=\"https:\/\/www.radiopiu.net\/wordpress\/wp-content\/uploads\/2022\/02\/broomball-belluno-2022-300x140.jpg 300w, https:\/\/www.radiopiu.net\/wordpress\/wp-content\/uploads\/2022\/02\/broomball-belluno-2022-768x358.jpg 768w, https:\/\/www.radiopiu.net\/wordpress\/wp-content\/uploads\/2022\/02\/broomball-belluno-2022.jpg 896w\" sizes=\"auto, (max-width: 300px) 100vw, 300px\" \/><\/a>BELLUNO\u00a0<\/strong>Buona la prima per il Broomball Belluno che vince 2 a 0 contro il Vipiteno gara 1 di semifinale del Campionato Italiano. Una prova di spessore per i bellunesi che hanno giocato molto bene concedendo poco agli altoatesini. Il portiere del Vipiteno protagonista assoluto del match, capace di difendere al meglio la porta sulle tante occasioni del Belluno. Una prestazione grintosa. A decidere la sfida le reti di Alex Farenzena ed Alberto Canei dopo una prova molto convincente. Domenica 27 febbraio a Feltre la gara di ritorno. Se la formazione bellunese vince acceder\u00e0 alla finalissima del campionato italiano.<\/p>\n<p>&nbsp;<\/p>\n<p>&nbsp;<\/p>\n<hr \/>\n<p>&nbsp;<\/p>\n<p><span style=\"color: #0000ff;\"><strong>NUOTO<\/strong><\/span><\/p>\n<blockquote>\n<h3>ESORDIENTI: BEN 18 MEDAGLIE CONQUISTATE A TEZZE SUL BRENTA DALLA SPORTIVAMENTE BELLUNO<\/h3>\n<\/blockquote>\n<p><strong><a href=\"https:\/\/www.radiopiu.net\/wordpress\/nuoto-esordienti-ben-18-medaglie-conquistate-a-tezze-sul-brenta-dalla-sportivamente-belluno\/esordienti_b_a_tezze\/\" rel=\"attachment wp-att-259486\"><img loading=\"lazy\" decoding=\"async\" class=\"size-medium wp-image-259486 alignleft\" src=\"https:\/\/www.radiopiu.net\/wordpress\/wp-content\/uploads\/2022\/02\/Esordienti_B_a_Tezze-300x225.jpg\" alt=\"\" width=\"300\" height=\"225\" srcset=\"https:\/\/www.radiopiu.net\/wordpress\/wp-content\/uploads\/2022\/02\/Esordienti_B_a_Tezze-300x225.jpg 300w, https:\/\/www.radiopiu.net\/wordpress\/wp-content\/uploads\/2022\/02\/Esordienti_B_a_Tezze.jpg 640w\" sizes=\"auto, (max-width: 300px) 100vw, 300px\" \/><\/a>BELLUNO <\/strong>La Sportivamente Belluno si mette in luce nella 4^ giornata di gare per Esordienti: ben 18 le medaglie conquistate a Tezze sul Brenta (provincia di Vicenza). Per la fascia B, a recitare da protagoniste sono Dora Bortoluzzi e Ginevra Dal Mas, rispettivamente prima (1&#8217;21&#8243;5) e seconda (1&#8217;25&#8243;8) nei 100 metri stile libero: gara in cui spiccano pure Federico Nerviani (primo in 1&#8217;17&#8243;1) e Mario Dalla Riva (terzo in 1&#8217;22&#8243;0). Bortoluzzi, per\u00f2, non si accontenta e trionfa pure nei 50 farfalla (43\u201d7), mentre Mattia Don\u00e0 \u00e8 terzo in 39&#8243;9. In merito ai 100 dorso, molto bene Camilla Fistarol (seconda in 1\u201937\u201d6) e ancora Nerviani (primo in 1\u201926&#8243;7). Ultima gara in programma per la categoria B? I 200 stile libero, arricchiti dall&#8217;argento di Don\u00e0 (2&#8217;56&#8243;7) e dalle belle prove di Mario Dalla Riva, Alessandro Morra, Cesare Lorenzi e Stella Somacal. Applausi anche per Greta Galanti, nei 100 rana e dorso, Daniel Somacal e Aurora Camposeo, nei 100 stile libero e 100 rana. Passando agli Esordienti A, \u00e8 d\u2019argento la staffetta 4&#215;100 stile libero con Alessandro Nerviani, Alex Brianti, Cervo Levi e Niccol\u00f2 Longi. A livello individuale, inoltre, Nerviani centra tre podi in tre gare: primo nei 100 misti (1\u201910\u201d2), cos\u00ec come nei 200 rana (2\u201954&#8243;5), e secondo nei 400 stile libero (4&#8217;49&#8243;9) a soli 2 decimi dal primo. Terzo poi Brianti nei 100 stile (1\u201911\u201d7), seguito a un soffio da Longi (1&#8217;12&#8243;0). E splendido pure il bronzo nei 200 rana di Vincenzo Iuliano (3&#8217;23&#8243;3) che migliora il proprio personale. Come sono entusiasmanti i 100 dorso di Cervo Levi (primo in 1\u201921&#8243;6), seguito da Brianti (1&#8217;21&#8243;7). Nei 200 misti, altra medaglia grazie a Longi (bronzo di pregio in 3\u201903\u201d5) e nei 400 stile libero \u00e8 da rimarcare la prima esperienza di Margherita Mazzoli e Marta De Min. L&#8217;allenatrice Daniela Piermarini fa un plauso \u00aball\u2019intera squadra che ha siglato i propri personal\u00bb. E si congratula con \u00abMargherita De Cian, Greta Viel, Beatrice Mezzacasa, Irene Bello, Domenico Baldo, Alessio Camposeo, Samuele Sommacal. Ora prepariamoci al prossimo appuntamento, in calendario il 6 marzo a Bassano del Grappa\u00bb.<\/p>\n<p>&nbsp;<\/p>\n<blockquote>\n<h3>IL FINE SETTIMANA DI ATTIVAMENTE AGORDINO E I SUOI PICCOLI ATLETI<\/h3>\n<\/blockquote>\n<p><strong>AGORDO <\/strong>Giornata, quella di domenica 13 febbraio 2022 ricca di gare per gli agonisti e i propaganda della SSD Attivamente Agordino. I pi\u00f9 piccoli, nati dal 2015 al 2011, impegnati a Santa Giustina, hanno dato dimostrazione di avere gi\u00e0 buone abilit\u00e0 natatorie continuando il percorso di crescita, ottenendo ottimi risultati e primeggiando nelle loro gare. Buoni risultati anche per gli esordienti, impegnati a Tezze sul Brenta, che li ha visti migliorare i loro personali e accrescere il loro bagaglio di esperienza. Infine, ciliegina sulla torta, Filippo Monestier si migliora di un secondo sui 100 stile libero e stacca, dopo i 50 stile, anche il tempo per i campionati italiani in programma a Riccione. Inutile dire l&#8217;entusiasmo e la soddisfazione della Societ\u00e0 per un movimento che, pur tra mille difficolt\u00e0, sta prendendo sempre pi\u00f9 forma.<\/p>\n\n\t\t\t<style type='text\/css'>\n\t\t\t\t#gallery-6 {\n\t\t\t\t\tmargin: auto;\n\t\t\t\t}\n\t\t\t\t#gallery-6 .gallery-item {\n\t\t\t\t\tfloat: left;\n\t\t\t\t\tmargin-top: 10px;\n\t\t\t\t\ttext-align: center;\n\t\t\t\t\twidth: 50%;\n\t\t\t\t}\n\t\t\t\t#gallery-6 img {\n\t\t\t\t\tborder: 2px solid #cfcfcf;\n\t\t\t\t}\n\t\t\t\t#gallery-6 .gallery-caption {\n\t\t\t\t\tmargin-left: 0;\n\t\t\t\t}\n\t\t\t\t\/* see gallery_shortcode() in wp-includes\/media.php *\/\n\t\t\t<\/style>\n\t\t<div id='gallery-6' class='dt-gallery-container gallery galleryid-259417 gallery-columns-2 gallery-size-medium'><dl class='gallery-item'>\n\t\t\t\t<dt class='gallery-icon landscape'>\n\t\t\t\t\t<a class=\"rollover rollover-zoom dt-pswp-item\" title=\"1\" data-dt-img-description=\"\" data-large_image_width=\"2000\" data-large_image_height=\"1500\"href='https:\/\/www.radiopiu.net\/wordpress\/wp-content\/uploads\/2022\/02\/1.jpeg'><img loading=\"lazy\" decoding=\"async\" width=\"300\" height=\"225\" src=\"https:\/\/www.radiopiu.net\/wordpress\/wp-content\/uploads\/2022\/02\/1-300x225.jpeg\" class=\"attachment-medium size-medium\" alt=\"\" srcset=\"https:\/\/www.radiopiu.net\/wordpress\/wp-content\/uploads\/2022\/02\/1-300x225.jpeg 300w, https:\/\/www.radiopiu.net\/wordpress\/wp-content\/uploads\/2022\/02\/1-1024x768.jpeg 1024w, https:\/\/www.radiopiu.net\/wordpress\/wp-content\/uploads\/2022\/02\/1-768x576.jpeg 768w, https:\/\/www.radiopiu.net\/wordpress\/wp-content\/uploads\/2022\/02\/1-1536x1152.jpeg 1536w, https:\/\/www.radiopiu.net\/wordpress\/wp-content\/uploads\/2022\/02\/1.jpeg 2000w\" sizes=\"auto, (max-width: 300px) 100vw, 300px\" \/><\/a>\n\t\t\t\t<\/dt><\/dl><dl class='gallery-item'>\n\t\t\t\t<dt class='gallery-icon landscape'>\n\t\t\t\t\t<a class=\"rollover rollover-zoom dt-pswp-item\" title=\"2\" data-dt-img-description=\"\" data-large_image_width=\"2000\" data-large_image_height=\"1500\"href='https:\/\/www.radiopiu.net\/wordpress\/wp-content\/uploads\/2022\/02\/2.jpeg'><img loading=\"lazy\" decoding=\"async\" width=\"300\" height=\"225\" src=\"https:\/\/www.radiopiu.net\/wordpress\/wp-content\/uploads\/2022\/02\/2-300x225.jpeg\" class=\"attachment-medium size-medium\" alt=\"\" srcset=\"https:\/\/www.radiopiu.net\/wordpress\/wp-content\/uploads\/2022\/02\/2-300x225.jpeg 300w, https:\/\/www.radiopiu.net\/wordpress\/wp-content\/uploads\/2022\/02\/2-1024x768.jpeg 1024w, https:\/\/www.radiopiu.net\/wordpress\/wp-content\/uploads\/2022\/02\/2-768x576.jpeg 768w, https:\/\/www.radiopiu.net\/wordpress\/wp-content\/uploads\/2022\/02\/2-1536x1152.jpeg 1536w, https:\/\/www.radiopiu.net\/wordpress\/wp-content\/uploads\/2022\/02\/2.jpeg 2000w\" sizes=\"auto, (max-width: 300px) 100vw, 300px\" \/><\/a>\n\t\t\t\t<\/dt><\/dl><br style=\"clear: both\" \/>\n\t\t\t<\/div>\n\n<p>&nbsp;<\/p>\n<\/div>\n<\/div>\n<\/div>\n<\/div>\n<\/div>\n<\/div>\n<\/div>\n<\/div>\n","protected":false},"excerpt":{"rendered":"<p>INFORMAZIONE il canale su TELEGRAM informazione di prima mano e in tempo reale. iscriviti ed aiutaci a farlo conoscere Riecco la neve&#8230; da Viabilit\u00e0 Provincia Belluno lo scatto di Federica alle cinque del mattino a Pieve di Livinallongo &nbsp; &nbsp; &nbsp; &nbsp; &nbsp; GIORNATA DI EMERGENZE NELL&#8217;AGORDINO ALLEGHE Due interventi dell&#8217;elicottero nella giornata di ieri,&hellip;<\/p>\n","protected":false},"author":4,"featured_media":259579,"comment_status":"closed","ping_status":"closed","sticky":false,"template":"","format":"standard","meta":{"_monsterinsights_skip_tracking":false,"_monsterinsights_sitenote_active":false,"_monsterinsights_sitenote_note":"","_monsterinsights_sitenote_category":0,"footnotes":""},"categories":[104,86,49],"tags":[],"class_list":["post-259417","post","type-post","status-publish","format-standard","has-post-thumbnail","hentry","category-evidenza_3","category-gr","category-news-18","category-104","category-86","category-49","description-off"],"img_url":"https:\/\/www.radiopiu.net\/wordpress\/wp-content\/uploads\/2022\/02\/511fc9a2-ec45-4637-a6e9-b8daa89bc3ae.jpg","_links":{"self":[{"href":"https:\/\/www.radiopiu.net\/wordpress\/wp-json\/wp\/v2\/posts\/259417","targetHints":{"allow":["GET"]}}],"collection":[{"href":"https:\/\/www.radiopiu.net\/wordpress\/wp-json\/wp\/v2\/posts"}],"about":[{"href":"https:\/\/www.radiopiu.net\/wordpress\/wp-json\/wp\/v2\/types\/post"}],"author":[{"embeddable":true,"href":"https:\/\/www.radiopiu.net\/wordpress\/wp-json\/wp\/v2\/users\/4"}],"replies":[{"embeddable":true,"href":"https:\/\/www.radiopiu.net\/wordpress\/wp-json\/wp\/v2\/comments?post=259417"}],"version-history":[{"count":0,"href":"https:\/\/www.radiopiu.net\/wordpress\/wp-json\/wp\/v2\/posts\/259417\/revisions"}],"wp:featuredmedia":[{"embeddable":true,"href":"https:\/\/www.radiopiu.net\/wordpress\/wp-json\/wp\/v2\/media\/259579"}],"wp:attachment":[{"href":"https:\/\/www.radiopiu.net\/wordpress\/wp-json\/wp\/v2\/media?parent=259417"}],"wp:term":[{"taxonomy":"category","embeddable":true,"href":"https:\/\/www.radiopiu.net\/wordpress\/wp-json\/wp\/v2\/categories?post=259417"},{"taxonomy":"post_tag","embeddable":true,"href":"https:\/\/www.radiopiu.net\/wordpress\/wp-json\/wp\/v2\/tags?post=259417"}],"curies":[{"name":"wp","href":"https:\/\/api.w.org\/{rel}","templated":true}]}}