{"id":259456,"date":"2022-02-14T13:16:12","date_gmt":"2022-02-14T12:16:12","guid":{"rendered":"https:\/\/www.radiopiu.net\/wordpress\/?p=259456"},"modified":"2022-02-14T13:16:12","modified_gmt":"2022-02-14T12:16:12","slug":"il-nome-di-san-valentino-patrono-di-limana-alle-parrocchie-di-igne-e-di-mareson-di-zoldo","status":"publish","type":"post","link":"https:\/\/www.radiopiu.net\/wordpress\/il-nome-di-san-valentino-patrono-di-limana-alle-parrocchie-di-igne-e-di-mareson-di-zoldo\/","title":{"rendered":"IL NOME DI SAN VALENTINO (PATRONO DI LIMANA) ALLE PARROCCHIE DI IGNE E DI MARESON DI ZOLDO"},"content":{"rendered":"<p><strong>di Renato Bona<\/strong><\/p>\n<p>Oggi, 14 febbraio, torna la \u201cFesta di san Valentino\u201d, ricorrenza dedicata agli innamorati, che viene celebrata in gran parte del mondo e soprattutto in Europa, nelle Americhe ed in Estremo Oriente. Lo ricordiamo perch\u00e9 la realt\u00e0 bellunese \u00e8 legata a Valentino per il fatto che si tratta del patrono di Limana, paese della Sinistra Piave, e perch\u00e9 due parrocchie diocesane sono a lui dedicate: quella di Igne, in comune di Longarone, e quella di Mareson di Zoldo. La libera enciclopedia Wikipedia quanto alla festivit\u00e0 religiosa ricorda che: \u201cPrende il nome del santo nonch\u00e9 martire cristiano Valentino di Terni e venne istituita nel 496 da papa Gelasio I, andando a sostituirsi alla precedente festa pagana dei \u2018Lupercalia\u2019 presumibilmente anche con lo scopo di cristianizzare la festivit\u00e0 romana\u201d.Furono i Benedettini a contribuire decisamente alla sua diffusione, in particolare in Francia ed Inghilterra e lo fecero attraverso i loro numerosi monasteri, essendo stati affidatari della basilica di San Valentino a Terni dalla fine della seconda met\u00e0 del VII secolo. E veniamo alla storia della \u201cfesta degli innamorati\u201d: intorno alla met\u00e0 di febbraio nell\u2019antica Roma c\u2019era l\u2019usanza di celebrare gli accennati \u201cLupercalia\u201d che erano \u201cfeste di radice arcaica legate al ciclo di morte e rinascita della natura, alla sovversione delle regole e alla distruzione dell\u2019ordine per permettere al mondo e alla societ\u00e0 di purificarsi e rinascere\u201d. Erano accompagnate da vari rituali, mascherate, cortei e giornate caratterizzate dal fatto decisamente stravagante: i servi infatti prendevano il posto dei padroni e viceversa; lo scopo \u201cera quello di innescare appunto un processo di rinascita, rimettendo in atto il caos primigenio\u201d. Viene precisato che parte di tali manifestazioni ritualistiche \u00e8 sopravvissuta fino ad oggi, \u201cmediata dalla morale cristiana, nelle tradizioni del Carnevale\u201d. In particolare, alcune pratiche arcaiche della fertilit\u00e0 prevedevano che le donne romane si sottoponessero, in mezzo alle strade, ai colpi vibrati da gruppi di giovani uomini nudi, \u201carmati\u201d di fascine di rami strette da spaghi; attraverso le frustate di questi uomini, \u201cregrediti\u201d alla condizione ancestrale e divina della sessualit\u00e0 libera, impersonata dal dio agreste Fauno-Luperco, le donne ricevevano una benedizione che ne propiziava la fertilit\u00e0\u201d. Va precisato che questi riti, di natura ancestrale e legati alla sfera pi\u00f9 antica e primordiale della sessualit\u00e0 umana, furono definite deplorevoli gi\u00e0 nel tardo Impero romano, e furono quindi definitivamente bandite dai papi cristiani. Sembra in particolare che sia stato papa Gelasio I ad istituire, sul ceppo reciso dei \u201cLupercali\u201d, una festivit\u00e0 dedicata all\u2019amore, nel caso specifico amore romantico e privo di riferimenti espliciti alla sessualit\u00e0, ma nel solco della tradizione biblica; comunque fertile e fruttuoso, finalizzato alla riproduzione, associandola idealmente alla protezione del santo Valentino.Ancora da Wikipedia: Bench\u00e9 la figura di Valentino sia nota anche per il messaggio d\u2019amore portato, l\u2019associazione specifica \u201ccon l\u2019amore romantico degli innamorati \u00e8 quasi certamente posteriore, e la questione della sua origine risulta controversa\u201d Secondo la leggenda, Valentino avrebbe donato a una fanciulla povera la somma di denaro necessaria come dote per il suo sposalizio che, senza di questa, non si sarebbe potuto celebrare, esponendo la ragazza priva di mezzi e di altro sostegno, al rischio della perdizione. Dal generoso dono deriverebbe la tradizione di considerare il santo presule come il protettore degli innamorati. Secondo una delle tesi pi\u00f9 accreditate, il giorno di san Valentino come festa degli innamorati andrebbe ricondotto al circolo di Geoffrey Chaucer che, nel \u201cParlamento degli Uccelli\u201d associa la ricorrenza al fidanzamento di Riccardo II d\u2019Inghilterra con Anna di Boemia. Studiosi come Henry Kelly hanno messo in forse questa interpretazione sottolineando il fatto che il fidanzamento di Riccardo II andrebbe collocato al 3 maggio, giorno dedicato a un altro santo, omonimo del martire: san Valentino di Genova. La conclusione \u00e8 che pur restando incerta l\u2019evoluzione storica della ricorrenza, vi sono riferimenti che fanno ritenere che la \u201cgiornata\u201d di san Valentino fosse dedicata agli innamorati gi\u00e0 dai primi secoli del II millennio. Fra questi, la fondazione a Parigi, il 14 febbraio 1400, dell\u2019\u201cAlto tribunale dell\u2019Amore\u201d, istituzione ispirata ai principi dell\u2019amor cortese, che aveva lo scopo di decidere su controversie legate ai contratti d\u2019amore, ai tradimenti e alla violenza contro le donne. I giudici venivano selezionati in base alla loro familiarit\u00e0 con la poesia d\u2019amore. Come che sia, viene puntualizzato il fatto che \u201calla met\u00e0 di febbraio si riscontrano i primi segni di risveglio della natura; nel Medioevo, soprattutto in Francia ed Inghilterra, si riteneva che in quella data cominciasse l\u2019accoppiamento degli uccelli, quindi l\u2019evento si prestava ad essere considerato ls festa degli innamorati. Ed oggi? Nei paesi di cultura anglosassone in particolare ma, per imitazione, anche altrove, il tratto che caratterizza la festa di san Valentino \u00e8 lo scambio di \u201cvalentine\u201d, bigliettini d\u2019amore spesso sagomati nella forma di cuori stilizzati o secondo altri temi tipici della rappresentazione popolare dell\u2019amore romantico: la colomba, l\u2019immagine di Cupido con arco e frecce\u2026 A partire dal XIX secolo questa tradizione ha fatto registrare la massiccia produzione industriale e commercializzazione su vasta scala di biglietti d\u2019auguri dedicati a questa ricorrenza tanto che la Greeting card association ha stimato che ogni anno venissero spediti il 14 febbraio circa un miliardo di biglietti augurali, numero che colloca la ricorrenza al secondo posto come numero di biglietti acquistati e spediti, dopo il Natale. Poi, la tradizione divenne secondaria rispetto allo scambio di regali come scatole di cioccolatini, mazzi di fiori, e per i pi\u00f9 facoltosi e fortunati, gi ioielli! Prima di accennare alle tre realt\u00e0 bellunesi di cui abbiano detto sopra, ecco tre frasi che si abbinavano alla festa di san Valentino: \u201cPer san Valentino fiorisce lo spino\u201d, \u201cPer san Valentino la primavera sta vicino\u201d, e, quello pi\u00f9 antico, secondo il quale: \u201cA san Valentino, ogni \u2018Valentino\u2019 sceglie la sua \u2018Valentina\u2019). A Igne in comune di Longarone, la parrocchia (oggi parroco don Augusto Antoniol, vicario parrocchiale don Rinaldo Ottone, collaboratore pastorale don Fabio Cassol) fu costituita il 24 agosto 1936 dal vescovo di Belluno e Feltre mons. Giosu\u00e8 Cattarossi. La posa della prima pietra della nuova chiesa risale al 6 aprile 1792; nel 1806, il 13 agosto, dopo 13 anni di lavori, fu benedetta dall\u2019Arciprete di Longarone. La parrocchia di san Valentino di Mareson di Zoldo (oggi parroco don Roberto De Nardin, vicari parrocchiali mons. Paolo Arnoldo e don Elio Del Favero): secondo Infodolomiti la realizzazione si deve a Leonardo del fu Nicol\u00f2 Mascagnino che ottenne il permesso dal vescovo Pietro Barozzi. Nel tempo fu oggetto di restauri, rifacimenti ed ampliamenti e si arricch\u00ec fra l\u2019altro dell\u2019altare maggiore opera dell\u2019illustre bellunese Andrea Brustolon. Divenne parrocchiale nel 1944. E concludiamo con Damiano Tormen che il 14 febbraio dello scorso anno scrisse fra l\u2019altro per \u201cNewsinquota.it\u201d: \u201c\u2026Nella chiesa parrocchiale di Limana c\u2019\u00e8 una statua lignea del Santo, deposta in un\u2019urna di legno dorato, conservata sotto l\u2019altare laterale. Dentro la statua dovrebbe esserci una cassetta contenente le reliquie traslate da Roma. E anche il cranio del vescovo Valentino\u201d.<\/p>\n\n\t\t\t<style type='text\/css'>\n\t\t\t\t#gallery-1 {\n\t\t\t\t\tmargin: auto;\n\t\t\t\t}\n\t\t\t\t#gallery-1 .gallery-item {\n\t\t\t\t\tfloat: left;\n\t\t\t\t\tmargin-top: 10px;\n\t\t\t\t\ttext-align: center;\n\t\t\t\t\twidth: 25%;\n\t\t\t\t}\n\t\t\t\t#gallery-1 img {\n\t\t\t\t\tborder: 2px solid #cfcfcf;\n\t\t\t\t}\n\t\t\t\t#gallery-1 .gallery-caption {\n\t\t\t\t\tmargin-left: 0;\n\t\t\t\t}\n\t\t\t\t\/* see gallery_shortcode() in wp-includes\/media.php *\/\n\t\t\t<\/style>\n\t\t<div id='gallery-1' class='dt-gallery-container gallery galleryid-259456 gallery-columns-4 gallery-size-medium'><dl class='gallery-item'>\n\t\t\t\t<dt class='gallery-icon portrait'>\n\t\t\t\t\t<a class=\"rollover rollover-zoom dt-pswp-item\" title=\"259825933_1385595968538136_2545997079403042622_n\" data-dt-img-description=\"\" data-large_image_width=\"211\" data-large_image_height=\"238\"href='https:\/\/www.radiopiu.net\/wordpress\/wp-content\/uploads\/2022\/02\/259825933_1385595968538136_2545997079403042622_n.jpg'><img loading=\"lazy\" decoding=\"async\" width=\"211\" height=\"238\" src=\"https:\/\/www.radiopiu.net\/wordpress\/wp-content\/uploads\/2022\/02\/259825933_1385595968538136_2545997079403042622_n.jpg\" class=\"attachment-medium size-medium\" alt=\"\" \/><\/a>\n\t\t\t\t<\/dt><\/dl><dl class='gallery-item'>\n\t\t\t\t<dt class='gallery-icon portrait'>\n\t\t\t\t\t<a class=\"rollover rollover-zoom dt-pswp-item\" title=\"271963508_477735290473375_6294336191786808417_n\" data-dt-img-description=\"\" data-large_image_width=\"260\" data-large_image_height=\"460\"href='https:\/\/www.radiopiu.net\/wordpress\/wp-content\/uploads\/2022\/02\/271963508_477735290473375_6294336191786808417_n.jpg'><img loading=\"lazy\" decoding=\"async\" width=\"170\" height=\"300\" src=\"https:\/\/www.radiopiu.net\/wordpress\/wp-content\/uploads\/2022\/02\/271963508_477735290473375_6294336191786808417_n-170x300.jpg\" class=\"attachment-medium size-medium\" alt=\"\" srcset=\"https:\/\/www.radiopiu.net\/wordpress\/wp-content\/uploads\/2022\/02\/271963508_477735290473375_6294336191786808417_n-170x300.jpg 170w, https:\/\/www.radiopiu.net\/wordpress\/wp-content\/uploads\/2022\/02\/271963508_477735290473375_6294336191786808417_n.jpg 260w\" sizes=\"auto, (max-width: 170px) 100vw, 170px\" \/><\/a>\n\t\t\t\t<\/dt><\/dl><dl class='gallery-item'>\n\t\t\t\t<dt class='gallery-icon portrait'>\n\t\t\t\t\t<a class=\"rollover rollover-zoom dt-pswp-item\" title=\"272295536_408130084406201_1358270620370877494_n\" data-dt-img-description=\"\" data-large_image_width=\"160\" data-large_image_height=\"223\"href='https:\/\/www.radiopiu.net\/wordpress\/wp-content\/uploads\/2022\/02\/272295536_408130084406201_1358270620370877494_n.jpg'><img loading=\"lazy\" decoding=\"async\" width=\"160\" height=\"223\" src=\"https:\/\/www.radiopiu.net\/wordpress\/wp-content\/uploads\/2022\/02\/272295536_408130084406201_1358270620370877494_n.jpg\" class=\"attachment-medium size-medium\" alt=\"\" \/><\/a>\n\t\t\t\t<\/dt><\/dl><dl class='gallery-item'>\n\t\t\t\t<dt class='gallery-icon portrait'>\n\t\t\t\t\t<a class=\"rollover rollover-zoom dt-pswp-item\" title=\"272884013_1000051614257969_724477723667467076_n\" data-dt-img-description=\"\" data-large_image_width=\"320\" data-large_image_height=\"578\"href='https:\/\/www.radiopiu.net\/wordpress\/wp-content\/uploads\/2022\/02\/272884013_1000051614257969_724477723667467076_n.jpg'><img loading=\"lazy\" decoding=\"async\" width=\"166\" height=\"300\" src=\"https:\/\/www.radiopiu.net\/wordpress\/wp-content\/uploads\/2022\/02\/272884013_1000051614257969_724477723667467076_n-166x300.jpg\" class=\"attachment-medium size-medium\" alt=\"\" srcset=\"https:\/\/www.radiopiu.net\/wordpress\/wp-content\/uploads\/2022\/02\/272884013_1000051614257969_724477723667467076_n-166x300.jpg 166w, https:\/\/www.radiopiu.net\/wordpress\/wp-content\/uploads\/2022\/02\/272884013_1000051614257969_724477723667467076_n.jpg 320w\" sizes=\"auto, (max-width: 166px) 100vw, 166px\" \/><\/a>\n\t\t\t\t<\/dt><\/dl><br style=\"clear: both\" \/><dl class='gallery-item'>\n\t\t\t\t<dt class='gallery-icon portrait'>\n\t\t\t\t\t<a class=\"rollover rollover-zoom dt-pswp-item\" title=\"273267146_1819385184925734_7522096334376339506_n\" data-dt-img-description=\"\" data-large_image_width=\"155\" data-large_image_height=\"240\"href='https:\/\/www.radiopiu.net\/wordpress\/wp-content\/uploads\/2022\/02\/273267146_1819385184925734_7522096334376339506_n.jpg'><img loading=\"lazy\" decoding=\"async\" width=\"155\" height=\"240\" src=\"https:\/\/www.radiopiu.net\/wordpress\/wp-content\/uploads\/2022\/02\/273267146_1819385184925734_7522096334376339506_n.jpg\" class=\"attachment-medium size-medium\" alt=\"\" \/><\/a>\n\t\t\t\t<\/dt><\/dl><dl class='gallery-item'>\n\t\t\t\t<dt class='gallery-icon landscape'>\n\t\t\t\t\t<a class=\"rollover rollover-zoom dt-pswp-item\" title=\"273815139_314156104009103_2253281797064851400_n\" data-dt-img-description=\"\" data-large_image_width=\"210\" data-large_image_height=\"210\"href='https:\/\/www.radiopiu.net\/wordpress\/wp-content\/uploads\/2022\/02\/273815139_314156104009103_2253281797064851400_n.jpg'><img loading=\"lazy\" decoding=\"async\" width=\"210\" height=\"210\" src=\"https:\/\/www.radiopiu.net\/wordpress\/wp-content\/uploads\/2022\/02\/273815139_314156104009103_2253281797064851400_n.jpg\" class=\"attachment-medium size-medium\" alt=\"\" srcset=\"https:\/\/www.radiopiu.net\/wordpress\/wp-content\/uploads\/2022\/02\/273815139_314156104009103_2253281797064851400_n.jpg 210w, https:\/\/www.radiopiu.net\/wordpress\/wp-content\/uploads\/2022\/02\/273815139_314156104009103_2253281797064851400_n-150x150.jpg 150w\" sizes=\"auto, (max-width: 210px) 100vw, 210px\" \/><\/a>\n\t\t\t\t<\/dt><\/dl><dl class='gallery-item'>\n\t\t\t\t<dt class='gallery-icon landscape'>\n\t\t\t\t\t<a class=\"rollover rollover-zoom dt-pswp-item\" title=\"273841653_412325737329862_5355356313350021819_n\" data-dt-img-description=\"\" data-large_image_width=\"259\" data-large_image_height=\"194\"href='https:\/\/www.radiopiu.net\/wordpress\/wp-content\/uploads\/2022\/02\/273841653_412325737329862_5355356313350021819_n.jpg'><img loading=\"lazy\" decoding=\"async\" width=\"259\" height=\"194\" src=\"https:\/\/www.radiopiu.net\/wordpress\/wp-content\/uploads\/2022\/02\/273841653_412325737329862_5355356313350021819_n.jpg\" class=\"attachment-medium size-medium\" alt=\"\" \/><\/a>\n\t\t\t\t<\/dt><\/dl><dl class='gallery-item'>\n\t\t\t\t<dt class='gallery-icon portrait'>\n\t\t\t\t\t<a class=\"rollover rollover-zoom dt-pswp-item\" title=\"273929063_476962104046149_1122620319216724620_n\" data-dt-img-description=\"\" data-large_image_width=\"186\" data-large_image_height=\"272\"href='https:\/\/www.radiopiu.net\/wordpress\/wp-content\/uploads\/2022\/02\/273929063_476962104046149_1122620319216724620_n.jpg'><img loading=\"lazy\" decoding=\"async\" width=\"186\" height=\"272\" src=\"https:\/\/www.radiopiu.net\/wordpress\/wp-content\/uploads\/2022\/02\/273929063_476962104046149_1122620319216724620_n.jpg\" class=\"attachment-medium size-medium\" alt=\"\" \/><\/a>\n\t\t\t\t<\/dt><\/dl><br style=\"clear: both\" \/>\n\t\t\t<\/div>\n\n<p>&nbsp;<\/p>\n<p>NELLE FOTO: immagini di san Valentino; disegno di una coppia di innamorati; le chiese di Igne e Mareson e particolari dell\u2019interno; la parrocchiale di Limana.<\/p>\n","protected":false},"excerpt":{"rendered":"<p>di Renato Bona Oggi, 14 febbraio, torna la \u201cFesta di san Valentino\u201d, ricorrenza dedicata agli innamorati, che viene celebrata in gran parte del mondo e soprattutto in Europa, nelle Americhe ed in Estremo Oriente. Lo ricordiamo perch\u00e9 la realt\u00e0 bellunese \u00e8 legata a Valentino per il fatto che si tratta del patrono di Limana, paese&hellip;<\/p>\n","protected":false},"author":4,"featured_media":259463,"comment_status":"closed","ping_status":"closed","sticky":false,"template":"","format":"standard","meta":{"_monsterinsights_skip_tracking":false,"_monsterinsights_sitenote_active":false,"_monsterinsights_sitenote_note":"","_monsterinsights_sitenote_category":0,"footnotes":""},"categories":[49],"tags":[],"class_list":["post-259456","post","type-post","status-publish","format-standard","has-post-thumbnail","hentry","category-news-18","category-49","description-off"],"img_url":"https:\/\/www.radiopiu.net\/wordpress\/wp-content\/uploads\/2022\/02\/273841653_412325737329862_5355356313350021819_n.jpg","_links":{"self":[{"href":"https:\/\/www.radiopiu.net\/wordpress\/wp-json\/wp\/v2\/posts\/259456","targetHints":{"allow":["GET"]}}],"collection":[{"href":"https:\/\/www.radiopiu.net\/wordpress\/wp-json\/wp\/v2\/posts"}],"about":[{"href":"https:\/\/www.radiopiu.net\/wordpress\/wp-json\/wp\/v2\/types\/post"}],"author":[{"embeddable":true,"href":"https:\/\/www.radiopiu.net\/wordpress\/wp-json\/wp\/v2\/users\/4"}],"replies":[{"embeddable":true,"href":"https:\/\/www.radiopiu.net\/wordpress\/wp-json\/wp\/v2\/comments?post=259456"}],"version-history":[{"count":0,"href":"https:\/\/www.radiopiu.net\/wordpress\/wp-json\/wp\/v2\/posts\/259456\/revisions"}],"wp:featuredmedia":[{"embeddable":true,"href":"https:\/\/www.radiopiu.net\/wordpress\/wp-json\/wp\/v2\/media\/259463"}],"wp:attachment":[{"href":"https:\/\/www.radiopiu.net\/wordpress\/wp-json\/wp\/v2\/media?parent=259456"}],"wp:term":[{"taxonomy":"category","embeddable":true,"href":"https:\/\/www.radiopiu.net\/wordpress\/wp-json\/wp\/v2\/categories?post=259456"},{"taxonomy":"post_tag","embeddable":true,"href":"https:\/\/www.radiopiu.net\/wordpress\/wp-json\/wp\/v2\/tags?post=259456"}],"curies":[{"name":"wp","href":"https:\/\/api.w.org\/{rel}","templated":true}]}}