{"id":259508,"date":"2022-02-14T14:55:21","date_gmt":"2022-02-14T13:55:21","guid":{"rendered":"https:\/\/www.radiopiu.net\/wordpress\/?p=259508"},"modified":"2022-02-14T14:55:21","modified_gmt":"2022-02-14T13:55:21","slug":"snowboard-lucia-dalmasso-guardo-avanti-con-il-cuore-la-testa-e-la-perseveranza","status":"publish","type":"post","link":"https:\/\/www.radiopiu.net\/wordpress\/snowboard-lucia-dalmasso-guardo-avanti-con-il-cuore-la-testa-e-la-perseveranza\/","title":{"rendered":"SNOWBOARD. LUCIA DALMASSO: GUARDO AVANTI CON IL CUORE, LA TESTA E LA PERSEVERANZA"},"content":{"rendered":"<p><strong><a href=\"https:\/\/www.radiopiu.net\/wordpress\/giornale-radiopiu-28-gennaio-2022-direttore-mirko-mezzacasa\/934ed186-f1eb-4bee-a1c4-dae328874085\/\" rel=\"attachment wp-att-256452\"><img loading=\"lazy\" decoding=\"async\" class=\"size-medium wp-image-256452 alignleft\" src=\"https:\/\/www.radiopiu.net\/wordpress\/wp-content\/uploads\/2022\/01\/934ed186-f1eb-4bee-a1c4-dae328874085-300x200.jpg\" alt=\"\" width=\"300\" height=\"200\" srcset=\"https:\/\/www.radiopiu.net\/wordpress\/wp-content\/uploads\/2022\/01\/934ed186-f1eb-4bee-a1c4-dae328874085-300x200.jpg 300w, https:\/\/www.radiopiu.net\/wordpress\/wp-content\/uploads\/2022\/01\/934ed186-f1eb-4bee-a1c4-dae328874085-1024x683.jpg 1024w, https:\/\/www.radiopiu.net\/wordpress\/wp-content\/uploads\/2022\/01\/934ed186-f1eb-4bee-a1c4-dae328874085-768x512.jpg 768w, https:\/\/www.radiopiu.net\/wordpress\/wp-content\/uploads\/2022\/01\/934ed186-f1eb-4bee-a1c4-dae328874085.jpg 1080w\" sizes=\"auto, (max-width: 300px) 100vw, 300px\" \/><\/a>FALCADE <\/strong>Lucia Dalmasso \u00e8 tornata a casa dal suo sogno di bambina: partecipare alle Olimpiadi. Un sogno che ha cercato nella sua carriera da sciatrice ma che poi ha coronato in 5 anni da snowboardista.\u00a0 \u201c<em>Non parlo di sconfitta, perch\u00e9 \u00e8 tutta esperienza, e come tale \u00e8 sempre positiva \u2013 queste le parole di Lucia al ritorno dalla Cina. Le gare sono cos\u00ec, quando dai il massimo ci pu\u00f2 stare di sbagliare. Sono contenta della mia prima olimpiade, dalla quale porto a casa tanta esperienza, tante indicazioni sulla mia sciata, tanti imput personali, perch\u00e9 sono certa che da questa esperienza crescer\u00f2 sotto ogni punto di vista. Cuore, testa, perseveranza, questi sono i miei ingredienti giorno dopo giorno, passo dopo passo per il mio cammino di crescita<\/em>\u201d. Ora a casa ha trovato qualche giorno di riposo con il calore della sua famiglia, degli amici, di chi la sostiene, di chi le d\u00e0 il supporto affinch\u00e8 possa essere sempre ai massimi livelli. La stagione dell&#8217;agordina non \u00e8 finita, perch\u00e8 a met\u00e0 marzo a Piancavallo torna la coppa del mondo di snowboard parallelo e l&#8217;azzurra vuole puntare a migliorare la sua posizione nel ranking mondiale. Dopodich\u00e9 la portacolori di Falcade andr\u00e0 a difendere il doppio titolo di Campionessa Italiana di Snowboard parallelo gigante e slalom conquistato lo scorso anno. \u201cSono fiera ed orgogliosa di me stessa. Ora devo rimanere concentrata per il finale di stagione e per difendere i miei titoli nazionali e ringraziare sul campo tutti quelli che hanno creduto in me\u201d. E al finale di stagione ci saranno davvero tutti quelli che l&#8217;hanno supportata e soprattutto hanno creduto in lei. Tanti appuntamenti aspettano Lucia, non solo sportivi, ma anche appuntamenti ed esperienze personali in cui potr\u00e0 essere d&#8217;esempio per i giovani del futuro.<\/p>\n<p>&nbsp;<\/p>\n<p>&nbsp;<\/p>\n<p>*****<\/p>\n","protected":false},"excerpt":{"rendered":"<p>FALCADE Lucia Dalmasso \u00e8 tornata a casa dal suo sogno di bambina: partecipare alle Olimpiadi. Un sogno che ha cercato nella sua carriera da sciatrice ma che poi ha coronato in 5 anni da snowboardista.\u00a0 \u201cNon parlo di sconfitta, perch\u00e9 \u00e8 tutta esperienza, e come tale \u00e8 sempre positiva \u2013 queste le parole di Lucia&hellip;<\/p>\n","protected":false},"author":4,"featured_media":256452,"comment_status":"closed","ping_status":"closed","sticky":false,"template":"","format":"standard","meta":{"_monsterinsights_skip_tracking":false,"_monsterinsights_sitenote_active":false,"_monsterinsights_sitenote_note":"","_monsterinsights_sitenote_category":0,"footnotes":""},"categories":[51,49],"tags":[],"class_list":["post-259508","post","type-post","status-publish","format-standard","has-post-thumbnail","hentry","category-evidenza-top","category-news-18","category-51","category-49","description-off"],"img_url":"https:\/\/www.radiopiu.net\/wordpress\/wp-content\/uploads\/2022\/01\/934ed186-f1eb-4bee-a1c4-dae328874085.jpg","_links":{"self":[{"href":"https:\/\/www.radiopiu.net\/wordpress\/wp-json\/wp\/v2\/posts\/259508","targetHints":{"allow":["GET"]}}],"collection":[{"href":"https:\/\/www.radiopiu.net\/wordpress\/wp-json\/wp\/v2\/posts"}],"about":[{"href":"https:\/\/www.radiopiu.net\/wordpress\/wp-json\/wp\/v2\/types\/post"}],"author":[{"embeddable":true,"href":"https:\/\/www.radiopiu.net\/wordpress\/wp-json\/wp\/v2\/users\/4"}],"replies":[{"embeddable":true,"href":"https:\/\/www.radiopiu.net\/wordpress\/wp-json\/wp\/v2\/comments?post=259508"}],"version-history":[{"count":0,"href":"https:\/\/www.radiopiu.net\/wordpress\/wp-json\/wp\/v2\/posts\/259508\/revisions"}],"wp:featuredmedia":[{"embeddable":true,"href":"https:\/\/www.radiopiu.net\/wordpress\/wp-json\/wp\/v2\/media\/256452"}],"wp:attachment":[{"href":"https:\/\/www.radiopiu.net\/wordpress\/wp-json\/wp\/v2\/media?parent=259508"}],"wp:term":[{"taxonomy":"category","embeddable":true,"href":"https:\/\/www.radiopiu.net\/wordpress\/wp-json\/wp\/v2\/categories?post=259508"},{"taxonomy":"post_tag","embeddable":true,"href":"https:\/\/www.radiopiu.net\/wordpress\/wp-json\/wp\/v2\/tags?post=259508"}],"curies":[{"name":"wp","href":"https:\/\/api.w.org\/{rel}","templated":true}]}}