{"id":259514,"date":"2022-02-14T15:39:29","date_gmt":"2022-02-14T14:39:29","guid":{"rendered":"https:\/\/www.radiopiu.net\/wordpress\/?p=259514"},"modified":"2022-02-14T15:39:29","modified_gmt":"2022-02-14T14:39:29","slug":"zona-logistica-semplificata-la-regione-inserisce-25-comuni-bellunesi-tra-agordino-cadore-e-zoldano","status":"publish","type":"post","link":"https:\/\/www.radiopiu.net\/wordpress\/zona-logistica-semplificata-la-regione-inserisce-25-comuni-bellunesi-tra-agordino-cadore-e-zoldano\/","title":{"rendered":"ZONA LOGISTICA SEMPLIFICATA. LA REGIONE INSERISCE 25 COMUNI BELLUNESI TRA AGORDINO, CADORE E ZOLDANO"},"content":{"rendered":"<p><span class=\"s1\"><strong><a href=\"https:\/\/www.radiopiu.net\/wordpress\/la-presidente-di-confartigianato-claudia-scarzanella-parla-delle-sfide-territoriali-per-lanno-che-verra\/claudia-scarzanella-confartigianato\/\" rel=\"attachment wp-att-182277\"><img loading=\"lazy\" decoding=\"async\" class=\"size-medium wp-image-182277 alignleft\" src=\"https:\/\/www.radiopiu.net\/wordpress\/wp-content\/uploads\/2020\/12\/CLAUDIA-SCARZANELLA-CONFARTIGIANATO-300x236.png\" alt=\"\" width=\"300\" height=\"236\" srcset=\"https:\/\/www.radiopiu.net\/wordpress\/wp-content\/uploads\/2020\/12\/CLAUDIA-SCARZANELLA-CONFARTIGIANATO-300x236.png 300w, https:\/\/www.radiopiu.net\/wordpress\/wp-content\/uploads\/2020\/12\/CLAUDIA-SCARZANELLA-CONFARTIGIANATO-1024x804.png 1024w, https:\/\/www.radiopiu.net\/wordpress\/wp-content\/uploads\/2020\/12\/CLAUDIA-SCARZANELLA-CONFARTIGIANATO-768x603.png 768w, https:\/\/www.radiopiu.net\/wordpress\/wp-content\/uploads\/2020\/12\/CLAUDIA-SCARZANELLA-CONFARTIGIANATO.png 1042w\" sizes=\"auto, (max-width: 300px) 100vw, 300px\" \/><\/a>BELLUNO <\/strong>\u00ab<em>Semplificazione, sgravi fiscali e meno burocrazia sono strumenti concreti per sostenere le imprese della montagna e attirare nuovi attivit\u00e0 produttive. Continuiamo su questa strada, anche per contrastare lo spopolamento delle cosiddette \u201cterre alte<\/em>\u201d\u00bb. \u00c8 il commento della presidente di Confartigianato Belluno alla delibera di giunta regionale del 18 gennaio scorso, con cui il Veneto punta a costituire la Zls, vale a dire la Zona logistica semplificata, e ad allargarla a 25 Comuni bellunesi la Zls. A fine gennaio, poi, il governatore Zaia ha sottoscritto con la ministra per il Sud e la Coesione territoriale Mara Carfagna il protocollo d\u2019intesa per l\u2019istituzione della Zls.\u00a0 <\/span><span class=\"s1\">L\u2019intento della Regione Veneto \u00e8 quello di risollevare le sorti di Porto Marghera, attraverso un provvedimento che offre misure speciali. Le Zls infatti sono aree geografiche all\u2019interno delle quali sono previste particolari agevolazioni e incentivi per le aziende insediate o che decidono di insediarsi. In particolare, sgravi contributivi, accelerazione delle procedure autorizzative, meno burocrazia e sconti sulla tassazione. <\/span><span class=\"s1\">Con la delibera di giunta regionale nella Zls che riguarda il Veneto vengono inserite anche zone del Polesine e del Bellunese, in particolare i Comuni di Agordo, Alleghe, Calalzo, Cencenighe, Cibiana, Colle Santa Lucia, Domegge, Falcade, Canale d\u2019Agordo, La Valle Agordina, Livinallongo, Lorenzago, Lozzo, Ospitale, Perarolo, Pieve di Cadore, Rocca Pietore, San Tomaso Agordino, Sedico, Selva, Taibon, Vallada, Valle di Cadore, Longarone e Val di Zoldo.\u00a0 <\/span><span class=\"s1\">\u00ab<em>Confartigianato Belluno ha sempre creduto in questa possibilit\u00e0, fin dal 2019, quindi bene che la Regione Veneto abbia percepito le istanze sollevate dal territorio &#8211; commenta il direttore di Confartigianato Belluno Michele Basso -. Abbiamo fatto un percorso per sollecitare le personalit\u00e0 politiche del territorio e le categorie a sollevare l\u2019attenzione sulla necessit\u00e0 di questa misura anche in ottica antispopolamento e a favore della sopravvivenza delle imprese. In particolare ricordiamo l\u2019impegno in tal senso del compianto senatore Paolo Saviane. Abbiamo sostenuto sia la Zes, Zona economica speciale, sia la Zls, convinti che solo creando condizioni di vantaggio \u00e8 possibile tenere le imprese a lavorare sul territorio. Ora ci auguriamo che questo percorso possa arrivare a conclusione, per dare alle nostre aziende possibilit\u00e0 concrete di lavorare, a condizioni che sono s\u00ec di vantaggio, ma bisogna sempre considerare che chi vive e lavora in montagna deve affrontare difficolt\u00e0 &#8211; logistiche, ambientali e non solo &#8211; che in pianura non esistono. Proprio per questo auspichiamo che nella Zls possa rientrare anche il Comelico, che oggi deve fare i conti anche con la chiusura prolungata della galleria, mettendo a serio rischio la tenuta del tessuto produttivo locale<\/em>\u00bb.<\/span><\/p>\n<p>&nbsp;<\/p>\n<p><strong>BOND: &#8220;BENE L&#8217;INSERIMENTO DEI 25 COMUNI BELLUNESI&#8221;<\/strong><\/p>\n<p><strong>ROMA <\/strong>\u201cLa Regione Veneto ha individuato 25 comuni bellunesi per la nuova zls, zona logistica semplificata. Un\u2019ottima iniziativa per l\u2019economia della montagna, ma \u00e8 necessario inserire anche il Comelico, che oggi con la chiusura della galleria, rischia una vera e propria desertificazione imprenditoriale ed economica\u201d. \u00c8 quanto afferma il deputato Dario Bond, in merito alla Dgr del 18 gennaio 2022, con cui la Regione Veneto avvia il percorso per la definizione di una nuova Zona Logistica Semplificata, includendo anche i comuni di Cadore, Agordino, Zoldano e in piccolissima parte Valbelluna. \u201cLa strada della fiscalit\u00e0 agevolata va benissimo per risollevare la montagna e far sentire meno forti le difficolt\u00e0 che devono sobbarcarsi le imprese delle terre alte rispetto alle colleghe della pianura. Quindi benissimo la strada intrapresa dal Veneto. Ma \u00e8 il caso di ridefinire il perimetro, inserendo anche il Comelico. Oggi quella vallata paga dinamiche di spopolamento pi\u00f9 drammatiche rispetto ad altre zone bellunesi. E con la chiusura della galleria si rischia un\u2019accelerazione senza pari, un nuovo esodo che va in qualche modo tamponato\u201d.<\/p>\n<p>&nbsp;<\/p>\n<p>&nbsp;<\/p>\n<p>*****<\/p>\n","protected":false},"excerpt":{"rendered":"<p>BELLUNO \u00abSemplificazione, sgravi fiscali e meno burocrazia sono strumenti concreti per sostenere le imprese della montagna e attirare nuovi attivit\u00e0 produttive. Continuiamo su questa strada, anche per contrastare lo spopolamento delle cosiddette \u201cterre alte\u201d\u00bb. \u00c8 il commento della presidente di Confartigianato Belluno alla delibera di giunta regionale del 18 gennaio scorso, con cui il Veneto&hellip;<\/p>\n","protected":false},"author":4,"featured_media":182277,"comment_status":"closed","ping_status":"closed","sticky":false,"template":"","format":"standard","meta":{"_monsterinsights_skip_tracking":false,"_monsterinsights_sitenote_active":false,"_monsterinsights_sitenote_note":"","_monsterinsights_sitenote_category":0,"footnotes":""},"categories":[51,49],"tags":[],"class_list":["post-259514","post","type-post","status-publish","format-standard","has-post-thumbnail","hentry","category-evidenza-top","category-news-18","category-51","category-49","description-off"],"img_url":"https:\/\/www.radiopiu.net\/wordpress\/wp-content\/uploads\/2020\/12\/CLAUDIA-SCARZANELLA-CONFARTIGIANATO.png","_links":{"self":[{"href":"https:\/\/www.radiopiu.net\/wordpress\/wp-json\/wp\/v2\/posts\/259514","targetHints":{"allow":["GET"]}}],"collection":[{"href":"https:\/\/www.radiopiu.net\/wordpress\/wp-json\/wp\/v2\/posts"}],"about":[{"href":"https:\/\/www.radiopiu.net\/wordpress\/wp-json\/wp\/v2\/types\/post"}],"author":[{"embeddable":true,"href":"https:\/\/www.radiopiu.net\/wordpress\/wp-json\/wp\/v2\/users\/4"}],"replies":[{"embeddable":true,"href":"https:\/\/www.radiopiu.net\/wordpress\/wp-json\/wp\/v2\/comments?post=259514"}],"version-history":[{"count":0,"href":"https:\/\/www.radiopiu.net\/wordpress\/wp-json\/wp\/v2\/posts\/259514\/revisions"}],"wp:featuredmedia":[{"embeddable":true,"href":"https:\/\/www.radiopiu.net\/wordpress\/wp-json\/wp\/v2\/media\/182277"}],"wp:attachment":[{"href":"https:\/\/www.radiopiu.net\/wordpress\/wp-json\/wp\/v2\/media?parent=259514"}],"wp:term":[{"taxonomy":"category","embeddable":true,"href":"https:\/\/www.radiopiu.net\/wordpress\/wp-json\/wp\/v2\/categories?post=259514"},{"taxonomy":"post_tag","embeddable":true,"href":"https:\/\/www.radiopiu.net\/wordpress\/wp-json\/wp\/v2\/tags?post=259514"}],"curies":[{"name":"wp","href":"https:\/\/api.w.org\/{rel}","templated":true}]}}