{"id":259530,"date":"2022-02-14T17:03:43","date_gmt":"2022-02-14T16:03:43","guid":{"rendered":"https:\/\/www.radiopiu.net\/wordpress\/?p=259530"},"modified":"2022-02-14T17:03:43","modified_gmt":"2022-02-14T16:03:43","slug":"bostrico-la-regione-del-veneto-fornisce-la-relazione-sul-tema-e-chiarisce-le-azioni-compiute","status":"publish","type":"post","link":"https:\/\/www.radiopiu.net\/wordpress\/bostrico-la-regione-del-veneto-fornisce-la-relazione-sul-tema-e-chiarisce-le-azioni-compiute\/","title":{"rendered":"BOSTRICO. LA REGIONE DEL VENETO FORNISCE LA RELAZIONE SUL TEMA E CHIARISCE LE AZIONI COMPIUTE"},"content":{"rendered":"<p><strong><a href=\"https:\/\/www.radiopiu.net\/wordpress\/post-vaia-recuperati-10mila-metri-cubi-di-legname-ma-il-bostrico-dilaga\/bostrico-2\/\" rel=\"attachment wp-att-254880\"><img loading=\"lazy\" decoding=\"async\" class=\"size-medium wp-image-254880 alignleft\" src=\"https:\/\/www.radiopiu.net\/wordpress\/wp-content\/uploads\/2022\/01\/BOSTRICO-300x225.jpg\" alt=\"\" width=\"300\" height=\"225\" srcset=\"https:\/\/www.radiopiu.net\/wordpress\/wp-content\/uploads\/2022\/01\/BOSTRICO-300x225.jpg 300w, https:\/\/www.radiopiu.net\/wordpress\/wp-content\/uploads\/2022\/01\/BOSTRICO-1024x768.jpg 1024w, https:\/\/www.radiopiu.net\/wordpress\/wp-content\/uploads\/2022\/01\/BOSTRICO-768x576.jpg 768w, https:\/\/www.radiopiu.net\/wordpress\/wp-content\/uploads\/2022\/01\/BOSTRICO-1536x1152.jpg 1536w, https:\/\/www.radiopiu.net\/wordpress\/wp-content\/uploads\/2022\/01\/BOSTRICO.jpg 2048w\" sizes=\"auto, (max-width: 300px) 100vw, 300px\" \/><\/a>VENEZIA<\/strong> In merito al comunicato stampa rilasciato oggi dal deputato bellunese De Menech, che ritorna sul tema del \u201cBostrico\u201d, l\u2019Assessorato all\u2019Agricoltura e l\u2019Assessorato all\u2019Ambiente della Regione del Veneto precisano quanto segue: Non \u00e8 vero ed \u00e8 lontanissimo dalla verit\u00e0 quanto De Menech evidenzia nella sua nota stampa annunciando che la Regione del Veneto non ha fatto nulla per prevenire e contrastare il problema del Bostrico. Al contrario, in maniera coordinata, fin da subito la Regione si \u00e8 attivata con una moltitudine di azioni, tanto che, in molte aree, il problema \u00e8 stato risolto. Fondamentale, inoltre, fin da subito \u00e8 stata la collaborazione con l\u2019Universit\u00e0 di Padova e il professor Raffaele Cavalli del Dipartimento Territorio, Ambiente, Agricoltura e Foreste. Come \u00e8 stato ribadito anche in Consiglio regionale, molti schianti sono stati lasciati l\u00ec appositamente perch\u00e9 i massimi esperti mondiali di rischio valanghe hanno evidenziato che, prima di rimuovere gli alberi abbattuti da Vaia, devono essere realizzati i paravalanghe. Questo perch\u00e9 l&#8217;albero schiantato funge anche da paravalanghe con neve fino a quota di 1 metro (sopra no ed infatti \u00e8 stato anche realizzato un poderoso piano di protezione civile emergenziale con soccorso alpino insieme ai carabinieri forestali che permette, nella peggiore delle ipotesi, che si possa arrivare all&#8217;evacuazione di ben 600 edifici, numerosi dei quali alberghi). Per costruire i paravalanghe, prima bisogna individuare i nuovi siti valanghivi venutisi a creare, quindi devono essere preparati i progetti, infine bisogna appaltare le opere e, per questo motivo, gli alberi non possono essere rimossi subito: la sicurezza umana viene prima del Bostrico. Il Bostrico non \u00e8 un problema solo Veneto. Si ricorda, infatti, che in tutte le emergenze con schianti rilevanti, si manifesta la controindicazione del Bostrico con grandi ripercussioni sull\u2019ambiente. Il problema \u00e8 di rilevanza mondiale. Inoltre, per il trasferimento dei forestali, la Provincia non pu\u00f2 assumere direttamente gli operai, che avviene di fatto tramite Venetoagricoltura. Con gli stessi forestali \u00e8 stato appena sottoscritto il nuovo contratto integrativo regionale che garantisce risorse e finanziamenti alla complessa attivit\u00e0 di difesa dei boschi, dell\u2019intero sistema idraulico forestale, della gestione e della salvaguardia dei territori, dei paesaggi e della conservazione degli ecosistemi.<\/p>\n<p>&nbsp;<\/p>\n<p>&nbsp;<\/p>\n<p>*****<\/p>\n","protected":false},"excerpt":{"rendered":"<p>VENEZIA In merito al comunicato stampa rilasciato oggi dal deputato bellunese De Menech, che ritorna sul tema del \u201cBostrico\u201d, l\u2019Assessorato all\u2019Agricoltura e l\u2019Assessorato all\u2019Ambiente della Regione del Veneto precisano quanto segue: Non \u00e8 vero ed \u00e8 lontanissimo dalla verit\u00e0 quanto De Menech evidenzia nella sua nota stampa annunciando che la Regione del Veneto non ha&hellip;<\/p>\n","protected":false},"author":4,"featured_media":254880,"comment_status":"closed","ping_status":"closed","sticky":false,"template":"","format":"standard","meta":{"_monsterinsights_skip_tracking":false,"_monsterinsights_sitenote_active":false,"_monsterinsights_sitenote_note":"","_monsterinsights_sitenote_category":0,"footnotes":""},"categories":[51,49],"tags":[],"class_list":["post-259530","post","type-post","status-publish","format-standard","has-post-thumbnail","hentry","category-evidenza-top","category-news-18","category-51","category-49","description-off"],"img_url":"https:\/\/www.radiopiu.net\/wordpress\/wp-content\/uploads\/2022\/01\/BOSTRICO.jpg","_links":{"self":[{"href":"https:\/\/www.radiopiu.net\/wordpress\/wp-json\/wp\/v2\/posts\/259530","targetHints":{"allow":["GET"]}}],"collection":[{"href":"https:\/\/www.radiopiu.net\/wordpress\/wp-json\/wp\/v2\/posts"}],"about":[{"href":"https:\/\/www.radiopiu.net\/wordpress\/wp-json\/wp\/v2\/types\/post"}],"author":[{"embeddable":true,"href":"https:\/\/www.radiopiu.net\/wordpress\/wp-json\/wp\/v2\/users\/4"}],"replies":[{"embeddable":true,"href":"https:\/\/www.radiopiu.net\/wordpress\/wp-json\/wp\/v2\/comments?post=259530"}],"version-history":[{"count":0,"href":"https:\/\/www.radiopiu.net\/wordpress\/wp-json\/wp\/v2\/posts\/259530\/revisions"}],"wp:featuredmedia":[{"embeddable":true,"href":"https:\/\/www.radiopiu.net\/wordpress\/wp-json\/wp\/v2\/media\/254880"}],"wp:attachment":[{"href":"https:\/\/www.radiopiu.net\/wordpress\/wp-json\/wp\/v2\/media?parent=259530"}],"wp:term":[{"taxonomy":"category","embeddable":true,"href":"https:\/\/www.radiopiu.net\/wordpress\/wp-json\/wp\/v2\/categories?post=259530"},{"taxonomy":"post_tag","embeddable":true,"href":"https:\/\/www.radiopiu.net\/wordpress\/wp-json\/wp\/v2\/tags?post=259530"}],"curies":[{"name":"wp","href":"https:\/\/api.w.org\/{rel}","templated":true}]}}