{"id":259544,"date":"2022-02-16T05:56:37","date_gmt":"2022-02-16T04:56:37","guid":{"rendered":"https:\/\/www.radiopiu.net\/wordpress\/?p=259544"},"modified":"2022-02-16T09:39:16","modified_gmt":"2022-02-16T08:39:16","slug":"giornale-radiopiu-16-febbraio-2022-direttore-mirko-mezzacasa","status":"publish","type":"post","link":"https:\/\/www.radiopiu.net\/wordpress\/giornale-radiopiu-16-febbraio-2022-direttore-mirko-mezzacasa\/","title":{"rendered":"GIORNALE RADIOPIU 16 FEBBRAIO 2022 DIRETTORE MIRKO MEZZACASA"},"content":{"rendered":"<h3 class=\"kvgmc6g5 cxmmr5t8 oygrvhab hcukyx3x c1et5uql\"><span style=\"color: #0000ff;\"><strong>INFORMAZIONE il canale su TELEGRAM informazione di prima mano e in tempo reale. iscriviti ed aiutaci a farlo conoscere<\/strong><\/span><\/h3>\n<blockquote><p><strong>AGGIORNAMENTO COVID NELL&#8217;AGORDINO<\/strong>, POSITIVI OGGI: FALCADE 19, LA VALLE 28, COLLE SANTA LUCIA 4, ROCCA PIETORE 3, LIVINALLONGO 3 TAIBON 21, CANALE D&#8217;AGORDO 5, ALLEGHE 15,<\/p><\/blockquote>\n<p>&nbsp;<\/p>\n<hr \/>\n<p>&nbsp;<\/p>\n<blockquote>\n<h2>ACQUA INQUINATA IN ALCUNE FRAZIONI<\/h2>\n<\/blockquote>\n<p><strong><img loading=\"lazy\" decoding=\"async\" class=\"alignleft\" src=\"https:\/\/www.radiopiu.net\/wordpress\/wp-content\/uploads\/2018\/08\/ACQUA.jpeg\" width=\"175\" height=\"105\" \/>\u00a0CANALE D&#8217; AGORDO<\/strong> Gestione Servizi Pubblici informa che nelle LOCALITA&#8217; FREGONA, PISOLIVA E LA MORA l&#8217;acqua erogata dall&#8217;acquedotto non \u00e8 potabile e non pu\u00f2 essere usata per scopi alimentari. Verr\u00e0 effettuato servizio sostitutivo con approvvigionamento alternativo di emergenza nelle localit\u00e0 di Pisoliva e Fregona. GSP ha, comunque, gi\u00e0 adottato necessari interventi di pulizia e disinfezione della rete. Ulteriori informazioni saranno fornite nei prossimi giorni. Per maggiori informazioni \u00e8 possibile contattare il Servizio Clienti al numero 800 306 999 o +39 0445 230521 (da estero) .<\/p>\n<p>&nbsp;<\/p>\n<hr \/>\n<blockquote>\n<h3><\/h3>\n<h3>LAVORI SULLA CONDOTTA FOGNARIA, DISAGI PER LA CIRCOLAZIONE<\/h3>\n<\/blockquote>\n<p><strong>ROCCA PIETORE<\/strong> In localit\u00e0 Masar\u00e8 dal civico 7 al civico 20 fino al 25 febbraio senso unico alternato. il 24 febbraio dalle 7 alle 24 interdizione totale al traffico veicolare dal civico 12A (condominio Elena) al civico 20<\/p>\n<p>&nbsp;<\/p>\n<p>&nbsp;<\/p>\n<hr \/>\n<p>&nbsp;<\/p>\n<blockquote>\n<h3>DOMANI I FUNERALI DI FRANCO STORICO AUTISTA DELLA DOLOMITIBUS<\/h3>\n<\/blockquote>\n<p><a href=\"https:\/\/www.radiopiu.net\/wordpress\/giovedi-i-funerali-di-franco-storico-autista-della-dolomitibus\/cadorin-franco-online\/\" rel=\"attachment wp-att-259676\"><img loading=\"lazy\" decoding=\"async\" class=\"wp-image-259676 alignleft\" src=\"https:\/\/www.radiopiu.net\/wordpress\/wp-content\/uploads\/2022\/02\/cadorin-franco-online-243x300.jpg\" alt=\"\" width=\"151\" height=\"186\" srcset=\"https:\/\/www.radiopiu.net\/wordpress\/wp-content\/uploads\/2022\/02\/cadorin-franco-online-243x300.jpg 243w, https:\/\/www.radiopiu.net\/wordpress\/wp-content\/uploads\/2022\/02\/cadorin-franco-online.jpg 486w\" sizes=\"auto, (max-width: 151px) 100vw, 151px\" \/><\/a><strong>BELLUNO<\/strong> Si svolgeranno domani nella parrocchiale di Antole-Sois in funerali di Franco Cadorin, 72 anni mancato improvvisamente all&#8217;affetto dei suoi cari. <em>&#8220;Ieri \u00e8 venuto a mancare un&#8217;autista storico di Dolomitibus&#8221;<\/em> ci ha scritto un nostro ascoltatore, attuale autista presso l&#8217;azienda di trasporto che invia anche a nome dei colleghi un messaggio di condoglianze alla famiglia.<\/p>\n<p><strong>Si potr\u00e0 fargli visita Mercoled\u00ec dalle 14.00 alle 16.00, Gioved\u00ec dalle 9.00 in poi presso la Casa Funeraria Donadel in via Marisiga n. 97 a Belluno.\u00a0<\/strong><\/p>\n<p>&nbsp;<\/p>\n<p>&nbsp;<\/p>\n<p>&nbsp;<\/p>\n<p>&nbsp;<\/p>\n<hr \/>\n<p>&nbsp;<\/p>\n<p>&nbsp;<\/p>\n<blockquote>\n<h3><strong><a href=\"https:\/\/www.radiopiu.net\/wordpress\/una-abbraccio-alla-famiglia-orsingher-dle-ricordo-di-daniela-persona-squisita\/56487454_101684864359486_1142243541599125504_n\/\" rel=\"attachment wp-att-259549\"><img loading=\"lazy\" decoding=\"async\" class=\" wp-image-259549 alignleft\" src=\"https:\/\/www.radiopiu.net\/wordpress\/wp-content\/uploads\/2022\/02\/56487454_101684864359486_1142243541599125504_n-e1644867794405-300x300.jpg\" alt=\"\" width=\"124\" height=\"124\" srcset=\"https:\/\/www.radiopiu.net\/wordpress\/wp-content\/uploads\/2022\/02\/56487454_101684864359486_1142243541599125504_n-e1644867794405-300x300.jpg 300w, https:\/\/www.radiopiu.net\/wordpress\/wp-content\/uploads\/2022\/02\/56487454_101684864359486_1142243541599125504_n-e1644867794405-150x150.jpg 150w, https:\/\/www.radiopiu.net\/wordpress\/wp-content\/uploads\/2022\/02\/56487454_101684864359486_1142243541599125504_n-e1644867794405-768x768.jpg 768w, https:\/\/www.radiopiu.net\/wordpress\/wp-content\/uploads\/2022\/02\/56487454_101684864359486_1142243541599125504_n-e1644867794405.jpg 778w\" sizes=\"auto, (max-width: 124px) 100vw, 124px\" \/><\/a><\/strong>L&#8217;ULTIMO GESTO DI DANIELA, LA DONAZIONE DEGLI ORGANI. I FUNERALI PROBABILMENTE VENERDI<\/h3>\n<\/blockquote>\n<p><strong><em>ALLEGHE<\/em><\/strong><\/p>\n<p><strong>di Gianni Santomaso\u00a0<\/strong><\/p>\n<audio class=\"wp-audio-shortcode\" id=\"audio-259544-1\" preload=\"none\" style=\"width: 100%;\" controls=\"controls\"><source type=\"audio\/mpeg\" src=\"https:\/\/www.radiopiu.net\/wordpress\/wp-content\/uploads\/2022\/02\/gianni-daniela-alfieri.mp3?_=1\" \/><a href=\"https:\/\/www.radiopiu.net\/wordpress\/wp-content\/uploads\/2022\/02\/gianni-daniela-alfieri.mp3\">https:\/\/www.radiopiu.net\/wordpress\/wp-content\/uploads\/2022\/02\/gianni-daniela-alfieri.mp3<\/a><\/audio>\n<p>&nbsp;<\/p>\n<p>&nbsp;<\/p>\n<hr \/>\n<p>&nbsp;<\/p>\n<blockquote>\n<h3><a href=\"https:\/\/www.radiopiu.net\/wordpress\/giornale-radiopiu-16-febbraio-2022-direttore-mirko-mezzacasa\/10cfdd5a-bd90-48b8-9734-b87a92bbb98c\/\" rel=\"attachment wp-att-259816\"><img loading=\"lazy\" decoding=\"async\" class=\" wp-image-259816 alignleft\" src=\"https:\/\/www.radiopiu.net\/wordpress\/wp-content\/uploads\/2022\/02\/10cfdd5a-bd90-48b8-9734-b87a92bbb98c-300x135.jpg\" alt=\"\" width=\"180\" height=\"81\" srcset=\"https:\/\/www.radiopiu.net\/wordpress\/wp-content\/uploads\/2022\/02\/10cfdd5a-bd90-48b8-9734-b87a92bbb98c-300x135.jpg 300w, https:\/\/www.radiopiu.net\/wordpress\/wp-content\/uploads\/2022\/02\/10cfdd5a-bd90-48b8-9734-b87a92bbb98c-1024x461.jpg 1024w, https:\/\/www.radiopiu.net\/wordpress\/wp-content\/uploads\/2022\/02\/10cfdd5a-bd90-48b8-9734-b87a92bbb98c-768x345.jpg 768w, https:\/\/www.radiopiu.net\/wordpress\/wp-content\/uploads\/2022\/02\/10cfdd5a-bd90-48b8-9734-b87a92bbb98c-1536x691.jpg 1536w, https:\/\/www.radiopiu.net\/wordpress\/wp-content\/uploads\/2022\/02\/10cfdd5a-bd90-48b8-9734-b87a92bbb98c.jpg 2048w\" sizes=\"auto, (max-width: 180px) 100vw, 180px\" \/><\/a>SOSPIROLO PIANGE L&#8217;EX CONSIGLIERE COMUNALE<br \/>\n<strong>\u00a0<\/strong><\/h3>\n<\/blockquote>\n<p><strong>SOSPIROLO<\/strong> In seguito alla malattia che non lascia scampo \u00e8 mancato Corrado Bogo, 69 anni, candidato sindaco nel 2013 e quindi consigliere di opposizione fino al 2018. Perito edile, dirigente dell&#8217;impresa Bardin aveva collaborato con varie realt\u00e0 del settore delle costruzioni. Lascia la moglie, due figli, i nipoti. Le esequie si terranno in forma privata.<\/p>\n<p>&nbsp;<\/p>\n<p>&nbsp;<\/p>\n<hr \/>\n<p>&nbsp;<\/p>\n<blockquote>\n<h3>IL MESSAGGIO IMPORTANTE, IL GRAZIE AI SANITARI E AI NOSTRI VOLONTARI<\/h3>\n<\/blockquote>\n<p><strong><img loading=\"lazy\" decoding=\"async\" class=\"alignleft\" src=\"https:\/\/www.radiopiu.net\/wordpress\/wp-content\/uploads\/2022\/02\/Schermata-2018-11-21-alle-08.15.24.png\" width=\"229\" height=\"124\" \/>ALLEGHE\u00a0<\/strong> Poche righe, piene di significato. Sono state inviate stamane in redazione dopo l&#8217;intervento di ieri di cui abbiamo riferito nelle cronache del Giornale Radio Pi\u00f9.<\/p>\n<blockquote><p>&nbsp;<\/p>\n<p><em>Volevo ringraziare i volontari dell&#8217;ambulanza di Alleghe per la loro celerit\u00e0 ,la squadra medica dell&#8217;ospedale di Agordo intervenuta ieri sera, tutto lo staff del Leone 1* e tutti i medici, che stanno prestando le cure al nostro bimbo. Grazie<\/em><em>, la mamma ed il pap\u00e0.<\/em><\/p><\/blockquote>\n<p>*Leone1 elicottero,Treviso.<\/p>\n<p>&nbsp;<\/p>\n<p><strong><a href=\"https:\/\/www.radiopiu.net\/wordpress\/elezioni-comunali-2019-alleghe\/alleghe-danilo-de-toni\/\" rel=\"attachment wp-att-86463\"><img loading=\"lazy\" decoding=\"async\" class=\"wp-image-86463 alignleft\" src=\"https:\/\/www.radiopiu.net\/wordpress\/wp-content\/uploads\/2019\/05\/ALLEGHE-DANILO-DE-TONI-257x300.jpeg\" alt=\"\" width=\"93\" height=\"109\" srcset=\"https:\/\/www.radiopiu.net\/wordpress\/wp-content\/uploads\/2019\/05\/ALLEGHE-DANILO-DE-TONI-257x300.jpeg 257w, https:\/\/www.radiopiu.net\/wordpress\/wp-content\/uploads\/2019\/05\/ALLEGHE-DANILO-DE-TONI-768x895.jpeg 768w, https:\/\/www.radiopiu.net\/wordpress\/wp-content\/uploads\/2019\/05\/ALLEGHE-DANILO-DE-TONI-879x1024.jpeg 879w, https:\/\/www.radiopiu.net\/wordpress\/wp-content\/uploads\/2019\/05\/ALLEGHE-DANILO-DE-TONI.jpeg 1373w\" sizes=\"auto, (max-width: 93px) 100vw, 93px\" \/><\/a>L&#8217;INTERVENTO DEL MATTINO ALL&#8217;HOTEL SAVOIA, IL SINDACO DANILO DE TONI\u00a0\u00a0<\/strong><\/p>\n<blockquote><p><em>&#8220;Mi associo a quanto scritto dalla dottoressa Barbarino del 118 per complimentarmi e ringraziare l&#8217;equipe Intervenuta all&#8217;hotel Savoia per il prezioso e tempestivo contributo prestato in occasione dell&#8217;emergenza. Ringrazio tutti i volontari della Croce Verde\u00a0 alleghese per la passione e l&#8217;altruismo che ogni giorno dimostrano prestando la loro opera al servizio dei valligiani e degli ospiti&#8221;<\/em><\/p><\/blockquote>\n<p>&nbsp;<\/p>\n<hr \/>\n<p>&nbsp;<\/p>\n<blockquote>\n<h3><a href=\"https:\/\/www.radiopiu.net\/wordpress\/giornale-radiopiu-16-febbraio-2022-direttore-mirko-mezzacasa\/c8d975e2-cc20-4ce4-88d7-83a386927eac\/\" rel=\"attachment wp-att-259814\"><img loading=\"lazy\" decoding=\"async\" class=\" wp-image-259814 alignleft\" src=\"https:\/\/www.radiopiu.net\/wordpress\/wp-content\/uploads\/2022\/02\/c8d975e2-cc20-4ce4-88d7-83a386927eac-300x169.jpg\" alt=\"\" width=\"195\" height=\"110\" srcset=\"https:\/\/www.radiopiu.net\/wordpress\/wp-content\/uploads\/2022\/02\/c8d975e2-cc20-4ce4-88d7-83a386927eac-300x169.jpg 300w, https:\/\/www.radiopiu.net\/wordpress\/wp-content\/uploads\/2022\/02\/c8d975e2-cc20-4ce4-88d7-83a386927eac-1024x576.jpg 1024w, https:\/\/www.radiopiu.net\/wordpress\/wp-content\/uploads\/2022\/02\/c8d975e2-cc20-4ce4-88d7-83a386927eac-768x432.jpg 768w, https:\/\/www.radiopiu.net\/wordpress\/wp-content\/uploads\/2022\/02\/c8d975e2-cc20-4ce4-88d7-83a386927eac-1536x864.jpg 1536w, https:\/\/www.radiopiu.net\/wordpress\/wp-content\/uploads\/2022\/02\/c8d975e2-cc20-4ce4-88d7-83a386927eac.jpg 1920w\" sizes=\"auto, (max-width: 195px) 100vw, 195px\" \/><\/a>L&#8217;INCIDENTE: PANDA SVENTRATA, AGORDINO QUASI INCOLUME<\/h3>\n<\/blockquote>\n<p><strong>FELTRE<\/strong>\u00a0 La Panda impatta\u00a0 con il rimorchio del camion che stava incrociando. L&#8217;automobilista residente a Lentiai rimasto coinvolto ieri pomeriggio lungo la statale 50, in localit\u00e0 Casonetto, nei pressi del ristorante Sagittario dalla sventrata auto ne \u00e8 uscito quasi\u00a0 incolume. Alla fine, l&#8217;uomo un agordino, se l&#8217;\u00e8 cavata con una botta in testa ed \u00e8 stato visitato al Pronto Soccorso di Feltre. L&#8217;incidente \u00e8 avvenuto poco dopo le 15. L&#8217;impatto del rimorchio con la fiancata lato guida \u00e8 devastante.<\/p>\n<p>&nbsp;<\/p>\n<hr \/>\n<blockquote>\n<h3><\/h3>\n<h3>TIR DI TRAVERSO SULL&#8217;ALEMAGNA, PASSI CHIUSI PER NEVE VENTATA<\/h3>\n<p><em>I vigili del fuoco hanno aiutato i sanitari del Cadore nella dismissione di una paziente che dall&#8217;ospedale doveva tornare a casa<\/em><\/p><\/blockquote>\n<p><strong><a href=\"https:\/\/www.radiopiu.net\/wordpress\/giornale-radiopiu-16-febbraio-2022-direttore-mirko-mezzacasa\/f0976c3a-3568-45b8-a337-ff24a7a1d13b\/\" rel=\"attachment wp-att-259813\"><img loading=\"lazy\" decoding=\"async\" class=\"wp-image-259813 alignleft\" src=\"https:\/\/www.radiopiu.net\/wordpress\/wp-content\/uploads\/2022\/02\/f0976c3a-3568-45b8-a337-ff24a7a1d13b-300x169.jpg\" alt=\"\" width=\"202\" height=\"114\" srcset=\"https:\/\/www.radiopiu.net\/wordpress\/wp-content\/uploads\/2022\/02\/f0976c3a-3568-45b8-a337-ff24a7a1d13b-300x169.jpg 300w, https:\/\/www.radiopiu.net\/wordpress\/wp-content\/uploads\/2022\/02\/f0976c3a-3568-45b8-a337-ff24a7a1d13b-1024x576.jpg 1024w, https:\/\/www.radiopiu.net\/wordpress\/wp-content\/uploads\/2022\/02\/f0976c3a-3568-45b8-a337-ff24a7a1d13b-768x432.jpg 768w, https:\/\/www.radiopiu.net\/wordpress\/wp-content\/uploads\/2022\/02\/f0976c3a-3568-45b8-a337-ff24a7a1d13b-1536x864.jpg 1536w, https:\/\/www.radiopiu.net\/wordpress\/wp-content\/uploads\/2022\/02\/f0976c3a-3568-45b8-a337-ff24a7a1d13b.jpg 1920w\" sizes=\"auto, (max-width: 202px) 100vw, 202px\" \/><\/a>BELLUNO<\/strong> Che il maltempo fosse in arrivo era stato annunciato da alcuni giorni, ma non \u00e8 stato sufficiente per evitare forti disagi lungo l&#8217;Alemagna. Qui si sono registrati disagi e rallentamenti di una certa portata. Primi &#8220;indagati&#8221; i camionisti con i lori tir causa di\u00a0 code\u00a0 a Valle di Cadore, dove due autoarticolati hanno bloccato la circolazione all\u2019altezza della curva di Vallesina. Ad Agordo autoarticolato di traverso sulla comunale per Luxottica, la Kaio Scavi lo ha levato dai guai, ma alla rotonda di Pragrande il camionista si \u00e8 di nuovo trovato con il mezzo di traverso.\u00a0 A Ronc di Bos sulla riva del Piano ieri mattina il furgoncino di una ditta di mobili, senza catene montate, \u00e8 scivolato all&#8217;indietro. Il mezzo ha finito la corsa appoggiandosi sul guard rail della strada, ma si \u00e8 intraversato impedendo la normale viabilit\u00e0. I vigili del fuoco di Agordo lo hanno trainato e spostato fino a una piazzola di sicurezza. In centro a Belluno i vigili ieri sono intervenuti per un allagamento sotto una galleria di via Matteotti, risolto in breve tempo. Nel pomeriggio di ieri sono stati chiusi i passi Giau, Pordoi e Fedaia a causa soprattutto della neve ventata, traffico regolare nel resto della provincia con un grande lavoro di Veneto Strade e ditte private.<\/p>\n<p>&nbsp;<\/p>\n<blockquote>\n<h3>RISVEGLIO NELLA NEVE, SCATTI DA VIABILITA&#8217; PROVINCIA BELLUNO by TELEGRAM<\/h3>\n<\/blockquote>\n<blockquote><p><em>PIU&#8217; DI 10MILA OCCHI SULLE STRADE DEL BELLUNESE, CHAT ANIMATA STAMANE SU TELEGRAM, FOTO, VIDEO E NOTIZIE&#8230; ECCONE ALCUNE<\/em><\/p><\/blockquote>\n\n\t\t\t<style type='text\/css'>\n\t\t\t\t#gallery-1 {\n\t\t\t\t\tmargin: auto;\n\t\t\t\t}\n\t\t\t\t#gallery-1 .gallery-item {\n\t\t\t\t\tfloat: left;\n\t\t\t\t\tmargin-top: 10px;\n\t\t\t\t\ttext-align: center;\n\t\t\t\t\twidth: 25%;\n\t\t\t\t}\n\t\t\t\t#gallery-1 img {\n\t\t\t\t\tborder: 2px solid #cfcfcf;\n\t\t\t\t}\n\t\t\t\t#gallery-1 .gallery-caption {\n\t\t\t\t\tmargin-left: 0;\n\t\t\t\t}\n\t\t\t\t\/* see gallery_shortcode() in wp-includes\/media.php *\/\n\t\t\t<\/style>\n\t\t<div id='gallery-1' class='dt-gallery-container gallery galleryid-259544 gallery-columns-4 gallery-size-thumbnail'><dl class='gallery-item'>\n\t\t\t\t<dt class='gallery-icon portrait'>\n\t\t\t\t\t<a class=\"rollover rollover-zoom dt-pswp-item\" title=\"pieve di livinallongo\" data-dt-img-description=\"\" data-large_image_width=\"600\" data-large_image_height=\"800\"href='https:\/\/www.radiopiu.net\/wordpress\/wp-content\/uploads\/2022\/02\/pieve-di-livinallongo.jpg'><img loading=\"lazy\" decoding=\"async\" width=\"150\" height=\"150\" src=\"https:\/\/www.radiopiu.net\/wordpress\/wp-content\/uploads\/2022\/02\/pieve-di-livinallongo-150x150.jpg\" class=\"attachment-thumbnail size-thumbnail\" alt=\"\" aria-describedby=\"gallery-1-259649\" \/><\/a>\n\t\t\t\t<\/dt>\n\t\t\t\t\t<dd class='wp-caption-text gallery-caption' id='gallery-1-259649'>\n\t\t\t\t\tpieve di livinallongo\n\t\t\t\t\t<\/dd><\/dl><dl class='gallery-item'>\n\t\t\t\t<dt class='gallery-icon portrait'>\n\t\t\t\t\t<a class=\"rollover rollover-zoom dt-pswp-item\" title=\"cortina\" data-dt-img-description=\"cortina\" data-large_image_width=\"379\" data-large_image_height=\"800\"href='https:\/\/www.radiopiu.net\/wordpress\/wp-content\/uploads\/2022\/02\/cortina.jpg'><img loading=\"lazy\" decoding=\"async\" width=\"150\" height=\"150\" src=\"https:\/\/www.radiopiu.net\/wordpress\/wp-content\/uploads\/2022\/02\/cortina-150x150.jpg\" class=\"attachment-thumbnail size-thumbnail\" alt=\"\" aria-describedby=\"gallery-1-259647\" \/><\/a>\n\t\t\t\t<\/dt>\n\t\t\t\t\t<dd class='wp-caption-text gallery-caption' id='gallery-1-259647'>\n\t\t\t\t\tcortina\n\t\t\t\t\t<\/dd><\/dl><dl class='gallery-item'>\n\t\t\t\t<dt class='gallery-icon portrait'>\n\t\t\t\t\t<a class=\"rollover rollover-zoom dt-pswp-item\" title=\"falcade\" data-dt-img-description=\"\" data-large_image_width=\"600\" data-large_image_height=\"800\"href='https:\/\/www.radiopiu.net\/wordpress\/wp-content\/uploads\/2022\/02\/falcade.jpg'><img loading=\"lazy\" decoding=\"async\" width=\"150\" height=\"150\" src=\"https:\/\/www.radiopiu.net\/wordpress\/wp-content\/uploads\/2022\/02\/falcade-150x150.jpg\" class=\"attachment-thumbnail size-thumbnail\" alt=\"\" aria-describedby=\"gallery-1-259646\" \/><\/a>\n\t\t\t\t<\/dt>\n\t\t\t\t\t<dd class='wp-caption-text gallery-caption' id='gallery-1-259646'>\n\t\t\t\t\tfalcade\n\t\t\t\t\t<\/dd><\/dl><dl class='gallery-item'>\n\t\t\t\t<dt class='gallery-icon landscape'>\n\t\t\t\t\t<a class=\"rollover rollover-zoom dt-pswp-item\" title=\"san pellegrino\" data-dt-img-description=\"\" data-large_image_width=\"1280\" data-large_image_height=\"720\"href='https:\/\/www.radiopiu.net\/wordpress\/wp-content\/uploads\/2022\/02\/san-pellegrino.jpg'><img loading=\"lazy\" decoding=\"async\" width=\"150\" height=\"150\" src=\"https:\/\/www.radiopiu.net\/wordpress\/wp-content\/uploads\/2022\/02\/san-pellegrino-150x150.jpg\" class=\"attachment-thumbnail size-thumbnail\" alt=\"\" aria-describedby=\"gallery-1-259645\" \/><\/a>\n\t\t\t\t<\/dt>\n\t\t\t\t\t<dd class='wp-caption-text gallery-caption' id='gallery-1-259645'>\n\t\t\t\t\tsan pellegrino\n\t\t\t\t\t<\/dd><\/dl><br style=\"clear: both\" \/><dl class='gallery-item'>\n\t\t\t\t<dt class='gallery-icon portrait'>\n\t\t\t\t\t<a class=\"rollover rollover-zoom dt-pswp-item\" title=\"passo campolongo\" data-dt-img-description=\"\" data-large_image_width=\"389\" data-large_image_height=\"800\"href='https:\/\/www.radiopiu.net\/wordpress\/wp-content\/uploads\/2022\/02\/passo-campolongo.jpg'><img loading=\"lazy\" decoding=\"async\" width=\"150\" height=\"150\" src=\"https:\/\/www.radiopiu.net\/wordpress\/wp-content\/uploads\/2022\/02\/passo-campolongo-150x150.jpg\" class=\"attachment-thumbnail size-thumbnail\" alt=\"\" aria-describedby=\"gallery-1-259644\" \/><\/a>\n\t\t\t\t<\/dt>\n\t\t\t\t\t<dd class='wp-caption-text gallery-caption' id='gallery-1-259644'>\n\t\t\t\t\tpasso campolongo\n\t\t\t\t\t<\/dd><\/dl><dl class='gallery-item'>\n\t\t\t\t<dt class='gallery-icon portrait'>\n\t\t\t\t\t<a class=\"rollover rollover-zoom dt-pswp-item\" title=\"calalzo2\" data-dt-img-description=\"\" data-large_image_width=\"450\" data-large_image_height=\"800\"href='https:\/\/www.radiopiu.net\/wordpress\/wp-content\/uploads\/2022\/02\/calalzo2.jpg'><img loading=\"lazy\" decoding=\"async\" width=\"150\" height=\"150\" src=\"https:\/\/www.radiopiu.net\/wordpress\/wp-content\/uploads\/2022\/02\/calalzo2-150x150.jpg\" class=\"attachment-thumbnail size-thumbnail\" alt=\"\" aria-describedby=\"gallery-1-259643\" \/><\/a>\n\t\t\t\t<\/dt>\n\t\t\t\t\t<dd class='wp-caption-text gallery-caption' id='gallery-1-259643'>\n\t\t\t\t\tcalalzo\n\t\t\t\t\t<\/dd><\/dl><dl class='gallery-item'>\n\t\t\t\t<dt class='gallery-icon landscape'>\n\t\t\t\t\t<a class=\"rollover rollover-zoom dt-pswp-item\" title=\"cencenighe\" data-dt-img-description=\"\" data-large_image_width=\"1000\" data-large_image_height=\"744\"href='https:\/\/www.radiopiu.net\/wordpress\/wp-content\/uploads\/2022\/02\/cencenighe.jpg'><img loading=\"lazy\" decoding=\"async\" width=\"150\" height=\"150\" src=\"https:\/\/www.radiopiu.net\/wordpress\/wp-content\/uploads\/2022\/02\/cencenighe-150x150.jpg\" class=\"attachment-thumbnail size-thumbnail\" alt=\"\" aria-describedby=\"gallery-1-259680\" \/><\/a>\n\t\t\t\t<\/dt>\n\t\t\t\t\t<dd class='wp-caption-text gallery-caption' id='gallery-1-259680'>\n\t\t\t\t\tcencenighe\n\t\t\t\t\t<\/dd><\/dl><dl class='gallery-item'>\n\t\t\t\t<dt class='gallery-icon landscape'>\n\t\t\t\t\t<a class=\"rollover rollover-zoom dt-pswp-item\" title=\"rivamonte-agordo\" data-dt-img-description=\"\" data-large_image_width=\"800\" data-large_image_height=\"360\"href='https:\/\/www.radiopiu.net\/wordpress\/wp-content\/uploads\/2022\/02\/rivamonte-agordo.jpg'><img loading=\"lazy\" decoding=\"async\" width=\"150\" height=\"150\" src=\"https:\/\/www.radiopiu.net\/wordpress\/wp-content\/uploads\/2022\/02\/rivamonte-agordo-150x150.jpg\" class=\"attachment-thumbnail size-thumbnail\" alt=\"\" aria-describedby=\"gallery-1-259728\" \/><\/a>\n\t\t\t\t<\/dt>\n\t\t\t\t\t<dd class='wp-caption-text gallery-caption' id='gallery-1-259728'>\n\t\t\t\t\tagordo &#8211; rivamonte\n\t\t\t\t\t<\/dd><\/dl><br style=\"clear: both\" \/>\n\t\t\t<\/div>\n\n<hr \/>\n<p>&nbsp;<\/p>\n<blockquote>\n<h2><span style=\"color: #ff0000;\">OGGI SUL CORRIERE DELLE ALPI<\/span><br \/>\n<span style=\"color: #ff0000;\">di\u00a0 GIGI SOSSO\u00a0<\/span><\/h2>\n<p>Il pap\u00e0 non \u00e8 un orco: annullata la condanna<\/p><\/blockquote>\n<p><strong><img loading=\"lazy\" decoding=\"async\" class=\"alignleft\" src=\"https:\/\/www.radiopiu.net\/wordpress\/wp-content\/uploads\/2018\/07\/TRIBUNALE-1.jpg\" width=\"195\" height=\"146\" \/>BELLUNO<\/strong> Da nove anni di reclusione, all&#8217;assoluzione completa. Condannato a nove anni in primo grado per violenza sessuale sulla figlia adottiva, un padre agordino \u00e8 stato assolto perch\u00e9 il fatto non sussiste dalla Corte d&#8217;Appello di Venezia. La sentenza di condanna pronunciata nel 2017 dal giudice Coniglio, su richiesta del pubblico ministero Gallego, \u00e8 stata completamente riformata. Gi\u00e0 il procuratore generale veneziano aveva domandato l&#8217;assoluzione con questa formula, mentre il difensore del padre, l&#8217;avvocato Cesare Stradaioli del foro di Belluno, si sarebbe accontentato anche dell&#8217;insufficienza o contraddittoriet\u00e0 della prova. Alla fine ha ottenuto anche di pi\u00f9. La stessa Procura generale ha richiesto l&#8217;archiviazione della vicenda, dunque tutto questo fa pensare che non ci sar\u00e0 ricorso in Cassazione e che questa sia la sentenza definitiva per un caso che aveva provocato grande sdegno nella vallata. I fatti contestati nella lunga e difficile vicenda giudiziaria risalgono al 2009, quando le due figlie dell&#8217;uomo erano minorenni.<\/p>\n<p>&nbsp;<\/p>\n<hr \/>\n<blockquote>\n<h3><\/h3>\n<blockquote>\n<h3>LO SCIOPERO BIANCO &#8220;SIAMO E VOGLIAMO ESSERE MEDICI DELLE FAMIGLIE&#8221;<\/h3>\n<\/blockquote>\n<p><strong>LO SCIOPERO INFORMATICO<\/strong><\/p>\n<p><strong><a href=\"https:\/\/www.radiopiu.net\/wordpress\/lo-sciopero-bianco-siamo-e-vogliamo-essere-medici-delle-famiglie\/eb0a3324-b1ed-44cb-abb7-69b8272b1669\/\" rel=\"attachment wp-att-259793\"><img loading=\"lazy\" decoding=\"async\" class=\" wp-image-259793 alignleft\" src=\"https:\/\/www.radiopiu.net\/wordpress\/wp-content\/uploads\/2022\/02\/eb0a3324-b1ed-44cb-abb7-69b8272b1669-211x300.jpg\" alt=\"\" width=\"195\" height=\"277\" srcset=\"https:\/\/www.radiopiu.net\/wordpress\/wp-content\/uploads\/2022\/02\/eb0a3324-b1ed-44cb-abb7-69b8272b1669-211x300.jpg 211w, https:\/\/www.radiopiu.net\/wordpress\/wp-content\/uploads\/2022\/02\/eb0a3324-b1ed-44cb-abb7-69b8272b1669.jpg 721w\" sizes=\"auto, (max-width: 195px) 100vw, 195px\" \/><\/a>REDAZIONE<\/strong> Una serie di giorni di sciopero: il 16, 22 e 23 febbraio, ma anche a marzo un&#8217;altra decina di giorni. E&#8217; l&#8217;agitazione indetta dal Sindacato Medici Italiani e sar\u00e0 uno sciopero cosiddetto bianco di tutti i medici di medicina generale aderenti alle sigle ma anche a tutti gli altri che vogliono seguire l&#8217;invito delle due sigle sindacali. Bianco perch\u00e9 il servizio verr\u00e0 garantito ma in tutte le date previste di sciopero non verranno fatte ricette telematiche evitando disservizi e disagi al malato, ,ma obbligando\u00a0 le aziende a caricarsi manualmente tutte le impegnative.<em> &#8220;Basta burocrazia, ridateci la clinica, non fateci fare i muli, siamo e vogliamo essere i medici delle famiglie&#8221;\u00a0<\/em> si legge nel manifesta che annuncia l&#8217;iniziativa nata per difendere il diritto di essere professionisti e ribadire il diritto dei cittadini di avere un medico non certo un impiegato.<\/p>\n<blockquote><p><em>I medici di famiglia fanno notare il mancato riconoscimento dell&#8217;attivit\u00e0 svolta con inappropriati carichi di lavoro, soprattutto burocratico e un atteggiamento costantemente impositivo di controllo costante e di natura inquisitoria. Ma anche la sempre pi\u00f9 frequente ed immotivata denigrazione sostenuta da organi istituzionali da parte dei mass media nei confronti dei medici del territorio con conseguente compromissione del rapporto fiduciario tra cittadino e medico. Cosa chiedono: riconoscimento e valorizzazione a difesa del ruolo svolto dai medici di famiglia che in questa pandemia hanno lasciato sul campo quasi 400 colleghi. Semplificazione delle procedure e dei percorsi con sgravio della burocrazia che sta soffocando la professione e provocando l&#8217;abbandono anticipato di numerosi medici e il viraggio di giovani colleghe ad altre branche.<\/em><\/p><\/blockquote>\n<p>&nbsp;<\/p><\/blockquote>\n<hr \/>\n<blockquote>\n<h3><\/h3>\n<h3><\/h3>\n<\/blockquote>\n<hr \/>\n<h3><\/h3>\n<h3>INTESA SEST ACC E SINDACATI IN REGIONE PER DISTACCO 40 LAVORATORI. PRIMO PASSO PER CONFRONTO AMPIO<\/h3>\n<p><strong><a href=\"https:\/\/www.radiopiu.net\/wordpress\/il-ritorno-al-lavoro-dei-licenzati-dai-cinesi\/acc-mel\/\" rel=\"attachment wp-att-145345\"><img loading=\"lazy\" decoding=\"async\" class=\"size-medium wp-image-145345 alignleft\" src=\"https:\/\/www.radiopiu.net\/wordpress\/wp-content\/uploads\/2020\/06\/ACC-MEL-300x300.png\" alt=\"\" width=\"300\" height=\"300\" srcset=\"https:\/\/www.radiopiu.net\/wordpress\/wp-content\/uploads\/2020\/06\/ACC-MEL-300x300.png 300w, https:\/\/www.radiopiu.net\/wordpress\/wp-content\/uploads\/2020\/06\/ACC-MEL-150x150.png 150w, https:\/\/www.radiopiu.net\/wordpress\/wp-content\/uploads\/2020\/06\/ACC-MEL-768x768.png 768w, https:\/\/www.radiopiu.net\/wordpress\/wp-content\/uploads\/2020\/06\/ACC-MEL.png 796w\" sizes=\"auto, (max-width: 300px) 100vw, 300px\" \/><\/a>VENEZIA <\/strong>Luned\u00ec, alla presenza dell\u2019Assessore Elena Donazzan con l\u2019assistenza dell\u2019Unit\u00e0 di crisi aziendali e della Direzione Lavoro, si sono incontrati in sede regionale: Italia Wanbao ACC S.r.l. in A.S nella persona del Commissario Straordinario, Maurizio Castro; SEST S.p.A. rappresentata dall\u2019Amministratore Delegato, Michele Faggioli, e le Segreterie territoriali Fim-CISL, Fiom-CGIL e Uilm-UIL di Belluno. Il tavolo ha avuto l\u2019obiettivo di condividere l\u2019opportunit\u00e0 e la necessit\u00e0 del distacco di 40 lavoratori da ACC a SEST, e le relative modalit\u00e0 operative, per il periodo di marzo e aprile. Le Rappresentanze aziendali e dei lavoratori hanno valutato l\u2019importanza di questo primo accordo in sede istituzionale in quanto propedeutico al confronto che nel prossimo periodo vedr\u00e0 impegnate tutte le Parti in considerazione dell\u2019aggiudicazione a SEST della gara competitiva di ACC. E\u2019 stato infatti condiviso l\u2019auspicio di procedere rapidamente ad approfondire gli aspetti della cessione degli asset aziendali e del trasferimento dei lavoratori nell\u2019ottica della massima valorizzazione possibile delle potenzialit\u00e0 produttive del sito Borgo Valbelluna e delle competenze dei suoi lavoratori. La Regione del Veneto, per il tramite dell\u2019Assessore Donazzan, ha confermato che il supporto istituzionale alla situazione di ACC continuer\u00e0 ad essere garantito anche in questa fase risolutoria della vicenda, con particolare riguardo per i lavoratori che non rientreranno nel nuovo perimetro aziendale. \u201cQuesto primo importante passo \u00e8 avvenuto solo grazie alla grande reputazione del Commissario Castro nel mondo industriale e alla determinazione dei sindacati e dei lavoratori a difendere il sito produttivo di ACC\u201d commenta l\u2019Assessore Donazzan .<\/p>\n<p>&nbsp;<\/p>\n<p><strong>\u00a0ZAIA, \u201cAVANTI COSI\u2019 SI PUO\u2019 FARE PRESTO E BENE\u201d<\/strong><\/p>\n<p><strong>VENEZIA\u00a0<\/strong> <em>\u201cUn primo accordo in sede istituzionale, al quale mi auguro ne seguano altri, raggiunti con lo stesso spirito: lavorare in squadra per dare un futuro solido all\u2019Azienda e ai suoi lavoratori. Bisogna fare le cose presto, ma anche bene \u2013 dice il Presidente del Veneto Luca Zaia \u2013 e direi che finora i due aspetti si sono palesati entrambi. Ringrazio per l\u2019impegno il Ministro Giorgetti, tutti i nostri tecnici regionali e l\u2019Assessore Donazzan, tutte le parti sociali sedute al tavolo. Gli aspetti tecnici da approfondire sono ancora molti \u2013 conclude Zaia \u2013 ma i tempi del lavoro e lo spirito collaborativo che lo contraddistingue sono un\u2019ottima premessa\u201d.<\/em><\/p>\n<p>&nbsp;<\/p>\n<hr \/>\n<p>&nbsp;<\/p>\n<blockquote>\n<h3>GLI AIUTI ECONOMICI DELL&#8217;UNIONE MONTANA AGLI INFERMIERI AGORDINI<\/h3>\n<\/blockquote>\n<p>&nbsp;<\/p>\n<p><strong><a href=\"https:\/\/www.radiopiu.net\/wordpress\/gli-aiuti-economici-dellunione-montana-agli-infermieri-agordini\/doctor-5180142__340\/\" rel=\"attachment wp-att-259734\"><img loading=\"lazy\" decoding=\"async\" class=\"size-medium wp-image-259734 alignleft\" src=\"https:\/\/www.radiopiu.net\/wordpress\/wp-content\/uploads\/2022\/02\/doctor-5180142__340-300x171.webp\" alt=\"\" width=\"300\" height=\"171\" srcset=\"https:\/\/www.radiopiu.net\/wordpress\/wp-content\/uploads\/2022\/02\/doctor-5180142__340-300x171.webp 300w, https:\/\/www.radiopiu.net\/wordpress\/wp-content\/uploads\/2022\/02\/doctor-5180142__340.webp 596w\" sizes=\"auto, (max-width: 300px) 100vw, 300px\" \/><\/a>AGORDO<\/strong> L<span dir=\"ltr\" role=\"presentation\">\u2019Unione Montana Agordina ha istituito tre borse di studio a favore degli studenti che siano iscritti, nell&#8217;anno accademico 2021-2022, al primo anno del Corso di Laurea in Infermieristica; tre premi di incentivazione a favore di studenti iscritti, nell&#8217;anno accademico 2021-2022, al secondo o terzo anno del Corso di Laurea in Infermieristica. Iniziativa che si ripete per\u00a0 <\/span><span dir=\"ltr\" role=\"presentation\">incentivare i giovani agordini che desiderano intraprendere gli studi per la <\/span><span dir=\"ltr\" role=\"presentation\">professione infermieristica o li stiano portando avanti con profitto. La domanda per l&#8217;assegnazione deve essere predisposta su apposito stampato disponibile presso gli uffici e scaricabile dal sito internet www.agordino.bl.it e presentata direttamente alla sede dell\u2019Unione Montana, oppure a mezzo posta raccomandata inviandola all\u2019Unione Montana Agordina, via IV Novembre, 2 &#8211; 32021 AGORDO (BL), entro il 31.03.2022 (per le domande inviate a mezzo posta far\u00e0 fede la data del timbro postale). L<\/span><span dir=\"ltr\" role=\"presentation\">&#8216;importo della<\/span> <span dir=\"ltr\" role=\"presentation\">borsa di studio<\/span> <span dir=\"ltr\" role=\"presentation\">\u00e8 fissato in\u00a0 775 euro, mentre quello del<\/span> <span dir=\"ltr\" role=\"presentation\">premio di incentivazione <\/span><span dir=\"ltr\" role=\"presentation\">\u00e8 fissato in 260 euro e saranno corrisposti il 60 giugno <\/span><span dir=\"ltr\" role=\"presentation\">agli studenti che <\/span><span dir=\"ltr\" role=\"presentation\">occuperanno i primi tre posti nelle relative graduatorie. <\/span><span dir=\"ltr\" role=\"presentation\">Nell\u2019assegnazione di borse di studio e premi incentivanti sar\u00e0 data precedenza agli studenti che non hanno rapporti di lavoro in <\/span><span dir=\"ltr\" role=\"presentation\">corso.\u00a0<\/span><\/p>\n<p>&nbsp;<\/p>\n<hr \/>\n<p>&nbsp;<\/p>\n<blockquote>\n<h3>BELLUNO COME PARIGI, SIMIELE &#8220;GLI ALBERI DI BELLUNO COME QUELLI DEGLI CHAMPS ELYSEE&#8221;<\/h3>\n<\/blockquote>\n<blockquote><p><em><img loading=\"lazy\" decoding=\"async\" class=\"alignleft\" src=\"https:\/\/www.radiopiu.net\/wordpress\/wp-content\/uploads\/2022\/02\/273602871_1036173733628047_1786924390968591203_n.jpg\" width=\"192\" height=\"144\" \/>Gli alberi sono stati potati con tecnica del \u201cpollarding\u201d o \u201ca testa di salice\u201d: \u00e8 una sorta di \u201ccura\u201d che viene effettuata su piante gi\u00e0 capitozzate ed \u00e8 una tecnica che consente di mantenere in salute gli alberi con una struttura della chioma gi\u00e0 irrimediabilmente compromessa.<\/em><\/p><\/blockquote>\n<p><strong>BELLUNO<\/strong> <em>\u00abI tagli delle piante in atto in questi giorni in citt\u00e0 sono necessari non solo per la sicurezza di automobilisti e pedoni, ma anche per la salute delle piante stesse. Spiace che ci sia qualcuno che scambia, inconsapevolmente o meno, un&#8217;operazione di salvaguardia degli alberi per capitozzature, pratica attuata ormai decenni fa e che ora per tutelare le piante richiede invece interventi mirati come quelli che stiamo portando avanti\u00bb<\/em>: l&#8217;assessore all&#8217;ambiente del Comune di Belluno Alberto Simiele risponde cos\u00ec alle polemiche scoppiate su social e stampa in merito ai lavori di potatura degli alberi cittadini.<\/p>\n<p><strong>L&#8217;ASSESSORE SIMIELE<\/strong><\/p>\n<audio class=\"wp-audio-shortcode\" id=\"audio-259544-2\" preload=\"none\" style=\"width: 100%;\" controls=\"controls\"><source type=\"audio\/mpeg\" src=\"https:\/\/www.radiopiu.net\/wordpress\/wp-content\/uploads\/2022\/02\/Simiele-Polemiche-taglio-piante.mp3?_=2\" \/><a href=\"https:\/\/www.radiopiu.net\/wordpress\/wp-content\/uploads\/2022\/02\/Simiele-Polemiche-taglio-piante.mp3\">https:\/\/www.radiopiu.net\/wordpress\/wp-content\/uploads\/2022\/02\/Simiele-Polemiche-taglio-piante.mp3<\/a><\/audio>\n<p>&nbsp;<\/p>\n<p><em><a href=\"https:\/\/www.radiopiu.net\/wordpress\/belluno-come-parigi-simiele-gli-alberi-di-belluno-come-quelli-degli-champs-elysee\/273776517_1037681266810627_6362066390477600014_n\/\" rel=\"attachment wp-att-259749\"><img loading=\"lazy\" decoding=\"async\" class=\" wp-image-259749 alignleft\" src=\"https:\/\/www.radiopiu.net\/wordpress\/wp-content\/uploads\/2022\/02\/273776517_1037681266810627_6362066390477600014_n-300x225.jpg\" alt=\"\" width=\"275\" height=\"206\" srcset=\"https:\/\/www.radiopiu.net\/wordpress\/wp-content\/uploads\/2022\/02\/273776517_1037681266810627_6362066390477600014_n-300x225.jpg 300w, https:\/\/www.radiopiu.net\/wordpress\/wp-content\/uploads\/2022\/02\/273776517_1037681266810627_6362066390477600014_n-1024x768.jpg 1024w, https:\/\/www.radiopiu.net\/wordpress\/wp-content\/uploads\/2022\/02\/273776517_1037681266810627_6362066390477600014_n-768x576.jpg 768w, https:\/\/www.radiopiu.net\/wordpress\/wp-content\/uploads\/2022\/02\/273776517_1037681266810627_6362066390477600014_n-1536x1152.jpg 1536w, https:\/\/www.radiopiu.net\/wordpress\/wp-content\/uploads\/2022\/02\/273776517_1037681266810627_6362066390477600014_n.jpg 2048w\" sizes=\"auto, (max-width: 275px) 100vw, 275px\" \/><\/a>Per l&#8217;assessore la gestione a \u201cpollarding\u201d \u00e8 l\u2019unico modo che consente di ridurre il rischio di cedimenti di parti di chioma sulle piante capitozzate: il fatto di tagliare in prossimit\u00e0 del vecchio capitozzo\u00a0 consente di creare delle teste che nel tempo di stabilizzano, per mezzo della formazione di \u201ccalli cicatriziali\u201d che permettono una pi\u00f9 rapida rimarginazione delle ferite. La tecnica a \u201cpollarding\u201d viene usata da tempi remoti in ambito agricolo, ma anche in contesti di pregio come i giardini all\u2019italiana o in importanti filari alberati come gli Champs-Elysees parigini.\u00a0\u00a0<\/em><\/p>\n<p><strong>IL CONSIGLIERE COMUNALE FABIO RUFUS BRISTOT<\/strong> <em>&#8220;Resto basito perch\u00e9 si ignora volutamente (\u00e8 molto pi\u00f9 comodo cos\u00ec si fa quello che si vuole in sfregio anche al buon senso) la portata della vigente normativa in materia di gestione del verde. Infatti, il Decreto del Ministero dell\u2019Ambiente del 10 marzo 2020 \u00e8 esemplare nel disporre il fatto che la capitozzata va evitata nel modo pi\u00f9 assoluto (art. 11), proprio per le ragioni esattamente contrarie a quelle adotte dall\u2019Assessore. Un\u2019ulteriore riprova della superficialit\u00e0 perpetrata nel tempo a danno del verde pubblico della citt\u00e0 e dei suoi quartieri, condizione triste e a tutti purtroppo visibile. Ma con evidenza questo stato di cose va bene cos\u00ec&#8221;.<\/em><\/p>\n<p><strong>\u00a0ANACLETO BORGANGA &#8211;\u00a0 &#8220;SEI DI BELLUNO SE&#8221;\u00a0<\/strong><em> I\u00a0 capitozzatori degli alberi cittadini, all\u2019opera in questi giorni a Belluno, sono stati oggetto di ammirazione per la rapidit\u00e0 e destrezza nelle operazioni di taglio, ma hanno dimostrato di non conoscere bene l\u2019arte della potatura. Lo si nota nel taglio a filo di grossi rami che ha interessato il collare (rigonfiamento che separa il tronco dal ramo) allargando la ferita, ostacolandone la chiusura e favorendo l\u2019ingresso di agenti patogeni. (FOTO ANACLETO BORANGA, FACEBOOK SEI DI BELLUNO SE&#8221;<\/em><\/p>\n<p>&nbsp;<\/p>\n<p>***<\/p>\n<blockquote>\n<h3>DA PARIGI.. A BEIRUT<\/h3>\n<\/blockquote>\n<p><strong>BELLUNO<\/strong> Il consigliere comunale Fabio Rufus Bristot nelle ultime ore anzich\u00e8 guardare il cielo e gli alberi soggetti a tecnica pollarding, abbassa gli occhi in Via Feltre e riflette :<em>&#8220;C\u2019era una via Feltre ora c\u2019\u00e8 una via Beirut, disastrata e in condizioni pietose! L\u2019abbandono pi\u00f9 completo&#8221;<\/em><\/p>\n\n\t\t\t<style type='text\/css'>\n\t\t\t\t#gallery-2 {\n\t\t\t\t\tmargin: auto;\n\t\t\t\t}\n\t\t\t\t#gallery-2 .gallery-item {\n\t\t\t\t\tfloat: left;\n\t\t\t\t\tmargin-top: 10px;\n\t\t\t\t\ttext-align: center;\n\t\t\t\t\twidth: 20%;\n\t\t\t\t}\n\t\t\t\t#gallery-2 img {\n\t\t\t\t\tborder: 2px solid #cfcfcf;\n\t\t\t\t}\n\t\t\t\t#gallery-2 .gallery-caption {\n\t\t\t\t\tmargin-left: 0;\n\t\t\t\t}\n\t\t\t\t\/* see gallery_shortcode() in wp-includes\/media.php *\/\n\t\t\t<\/style>\n\t\t<div id='gallery-2' class='dt-gallery-container gallery galleryid-259544 gallery-columns-5 gallery-size-thumbnail'><dl class='gallery-item'>\n\t\t\t\t<dt class='gallery-icon portrait'>\n\t\t\t\t\t<a class=\"rollover rollover-zoom dt-pswp-item\" title=\"274139161_4725616537555617_8789666337438810120_n\" data-dt-img-description=\"\" data-large_image_width=\"540\" data-large_image_height=\"960\"href='https:\/\/www.radiopiu.net\/wordpress\/wp-content\/uploads\/2022\/02\/274139161_4725616537555617_8789666337438810120_n.jpg'><img loading=\"lazy\" decoding=\"async\" width=\"150\" height=\"150\" src=\"https:\/\/www.radiopiu.net\/wordpress\/wp-content\/uploads\/2022\/02\/274139161_4725616537555617_8789666337438810120_n-150x150.jpg\" class=\"attachment-thumbnail size-thumbnail\" alt=\"\" \/><\/a>\n\t\t\t\t<\/dt><\/dl><dl class='gallery-item'>\n\t\t\t\t<dt class='gallery-icon portrait'>\n\t\t\t\t\t<a class=\"rollover rollover-zoom dt-pswp-item\" title=\"274081795_4725616647555606_7589682389710380230_n\" data-dt-img-description=\"\" data-large_image_width=\"540\" data-large_image_height=\"960\"href='https:\/\/www.radiopiu.net\/wordpress\/wp-content\/uploads\/2022\/02\/274081795_4725616647555606_7589682389710380230_n.jpg'><img loading=\"lazy\" decoding=\"async\" width=\"150\" height=\"150\" src=\"https:\/\/www.radiopiu.net\/wordpress\/wp-content\/uploads\/2022\/02\/274081795_4725616647555606_7589682389710380230_n-150x150.jpg\" class=\"attachment-thumbnail size-thumbnail\" alt=\"\" \/><\/a>\n\t\t\t\t<\/dt><\/dl><dl class='gallery-item'>\n\t\t\t\t<dt class='gallery-icon portrait'>\n\t\t\t\t\t<a class=\"rollover rollover-zoom dt-pswp-item\" title=\"274062056_4725616457555625_8979622533522847298_n\" data-dt-img-description=\"\" data-large_image_width=\"540\" data-large_image_height=\"960\"href='https:\/\/www.radiopiu.net\/wordpress\/wp-content\/uploads\/2022\/02\/274062056_4725616457555625_8979622533522847298_n.jpg'><img loading=\"lazy\" decoding=\"async\" width=\"150\" height=\"150\" src=\"https:\/\/www.radiopiu.net\/wordpress\/wp-content\/uploads\/2022\/02\/274062056_4725616457555625_8979622533522847298_n-150x150.jpg\" class=\"attachment-thumbnail size-thumbnail\" alt=\"\" \/><\/a>\n\t\t\t\t<\/dt><\/dl><dl class='gallery-item'>\n\t\t\t\t<dt class='gallery-icon portrait'>\n\t\t\t\t\t<a class=\"rollover rollover-zoom dt-pswp-item\" title=\"273972276_4725616837555587_1982753143916449282_n\" data-dt-img-description=\"\" data-large_image_width=\"540\" data-large_image_height=\"960\"href='https:\/\/www.radiopiu.net\/wordpress\/wp-content\/uploads\/2022\/02\/273972276_4725616837555587_1982753143916449282_n.jpg'><img loading=\"lazy\" decoding=\"async\" width=\"150\" height=\"150\" src=\"https:\/\/www.radiopiu.net\/wordpress\/wp-content\/uploads\/2022\/02\/273972276_4725616837555587_1982753143916449282_n-150x150.jpg\" class=\"attachment-thumbnail size-thumbnail\" alt=\"\" \/><\/a>\n\t\t\t\t<\/dt><\/dl><dl class='gallery-item'>\n\t\t\t\t<dt class='gallery-icon portrait'>\n\t\t\t\t\t<a class=\"rollover rollover-zoom dt-pswp-item\" title=\"274003086_4725628444221093_6747094305636178266_n\" data-dt-img-description=\"\" data-large_image_width=\"1536\" data-large_image_height=\"2048\"href='https:\/\/www.radiopiu.net\/wordpress\/wp-content\/uploads\/2022\/02\/274003086_4725628444221093_6747094305636178266_n.jpg'><img loading=\"lazy\" decoding=\"async\" width=\"150\" height=\"150\" src=\"https:\/\/www.radiopiu.net\/wordpress\/wp-content\/uploads\/2022\/02\/274003086_4725628444221093_6747094305636178266_n-150x150.jpg\" class=\"attachment-thumbnail size-thumbnail\" alt=\"\" \/><\/a>\n\t\t\t\t<\/dt><\/dl><br style=\"clear: both\" \/>\n\t\t\t<\/div>\n\n<p>&nbsp;<\/p>\n<hr \/>\n<p>&nbsp;<\/p>\n<blockquote>\n<h3>NELLA COSTITUZIONE ANCHE LA TUTELA DEGLI ANIMALI, ADDAMIANO PRECURSORE A BELLUNO<\/h3>\n<\/blockquote>\n<p><strong><a href=\"https:\/\/www.radiopiu.net\/wordpress\/giornale-radiopiu-16-febbraio-2022-direttore-mirko-mezzacasa\/9a0499c7-6f06-4651-9d6b-afa73550705d\/\" rel=\"attachment wp-att-259820\"><img loading=\"lazy\" decoding=\"async\" class=\"wp-image-259820 alignleft\" src=\"https:\/\/www.radiopiu.net\/wordpress\/wp-content\/uploads\/2022\/02\/9a0499c7-6f06-4651-9d6b-afa73550705d-300x300.jpg\" alt=\"\" width=\"148\" height=\"148\" srcset=\"https:\/\/www.radiopiu.net\/wordpress\/wp-content\/uploads\/2022\/02\/9a0499c7-6f06-4651-9d6b-afa73550705d-300x300.jpg 300w, https:\/\/www.radiopiu.net\/wordpress\/wp-content\/uploads\/2022\/02\/9a0499c7-6f06-4651-9d6b-afa73550705d-1024x1024.jpg 1024w, https:\/\/www.radiopiu.net\/wordpress\/wp-content\/uploads\/2022\/02\/9a0499c7-6f06-4651-9d6b-afa73550705d-150x150.jpg 150w, https:\/\/www.radiopiu.net\/wordpress\/wp-content\/uploads\/2022\/02\/9a0499c7-6f06-4651-9d6b-afa73550705d-768x768.jpg 768w, https:\/\/www.radiopiu.net\/wordpress\/wp-content\/uploads\/2022\/02\/9a0499c7-6f06-4651-9d6b-afa73550705d-1536x1536.jpg 1536w, https:\/\/www.radiopiu.net\/wordpress\/wp-content\/uploads\/2022\/02\/9a0499c7-6f06-4651-9d6b-afa73550705d.jpg 2048w\" sizes=\"auto, (max-width: 148px) 100vw, 148px\" \/><\/a>BELLUNO <\/strong>La Repubblica italiana si impegna a tutelare anche ambiente, biodiversit\u00e0, ecosistemi e animali. Il 9 febbraio la Camera dei deputati ha approvato l\u2019introduzione di questo nuovo contenuto all\u2019articolo 9, quindi tra i principi fondamentali, della carta Costituzionale. Grazie a tale inserimento, l&#8217;Italia \u00e8 diventato il quinto paese al mondo a prevedere la salvaguardia di animali e ambiente nella <a href=\"https:\/\/www.radiopiu.net\/wordpress\/solidarieta-al-cinquantenne-aggredito-addamiano-dobbiamo-risalire-agli-autori-di-questi-gravi-fatti\/addamiano-4\/\" rel=\"attachment wp-att-250847\"><img loading=\"lazy\" decoding=\"async\" class=\"wp-image-250847 alignright\" src=\"https:\/\/www.radiopiu.net\/wordpress\/wp-content\/uploads\/2021\/12\/ADDAMIANO-300x242.png\" alt=\"\" width=\"164\" height=\"132\" srcset=\"https:\/\/www.radiopiu.net\/wordpress\/wp-content\/uploads\/2021\/12\/ADDAMIANO-300x242.png 300w, https:\/\/www.radiopiu.net\/wordpress\/wp-content\/uploads\/2021\/12\/ADDAMIANO-1024x827.png 1024w, https:\/\/www.radiopiu.net\/wordpress\/wp-content\/uploads\/2021\/12\/ADDAMIANO-768x621.png 768w, https:\/\/www.radiopiu.net\/wordpress\/wp-content\/uploads\/2021\/12\/ADDAMIANO.png 1406w\" sizes=\"auto, (max-width: 164px) 100vw, 164px\" \/><\/a>Costituzione. Tale novit\u00e0 segue l\u2019orientamento europeo che deriva dall\u2019articolo 13 del Trattato sul funzionamento dell\u2019Unione, dove si precisa che gli animali sono esseri senzienti e si riconosce loro dignit\u00e0. \u00a0In tempi non sospetti, molto prima delle decisioni romane (31 marzo di un anno fa) il consigliere comunale Raffaele Addamiano aveva depositato come da regolamento un ordine del giorno per invitare il sindaco e la Giunta ad adoperarsi a tutti i livelli istituzionali per favorire l&#8217;inserimento nella Costituzione Italiana di un esplicito richiamo alla promozione e garanzia della vita e salute degli animali con una dicitura innovativa <em>&#8220;La Repubblica tutela il paesaggio, il patrimonio storico ed artistico della Nazione, l&#8217;ambiente e promuove il rispetto degli animali e la tutela della loro dignit\u00e0 quali esseri senzienti&#8221;.<\/em><\/p>\n<p><strong>IL CONSIGLIERE COMUNUALE RAFFAELE ADDAMIANO<\/strong><\/p>\n<audio class=\"wp-audio-shortcode\" id=\"audio-259544-3\" preload=\"none\" style=\"width: 100%;\" controls=\"controls\"><source type=\"audio\/mpeg\" src=\"https:\/\/www.radiopiu.net\/wordpress\/wp-content\/uploads\/2022\/02\/ADDAMIANO.mp3?_=3\" \/><a href=\"https:\/\/www.radiopiu.net\/wordpress\/wp-content\/uploads\/2022\/02\/ADDAMIANO.mp3\">https:\/\/www.radiopiu.net\/wordpress\/wp-content\/uploads\/2022\/02\/ADDAMIANO.mp3<\/a><\/audio>\n<p>&nbsp;<\/p>\n<p>&nbsp;<\/p>\n<hr \/>\n<p>&nbsp;<\/p>\n<blockquote>\n<h3>ALLA SCUOLA MEDIA RICCI NON SI ENTRA DAL CANCELLO PRINCIPALE<\/h3>\n<\/blockquote>\n<p><strong>BELLUNO<\/strong> \u201cQuando si potr\u00e0 tornare ad accedere alla scuola media Ricci dal cancello principale?\u201d chiede il consigliere comunale della Lega Marzio Sovilla. La sua domanda \u00e8 rivolta all\u2019amministrazione Massaro, perch\u00e9 la scalinata d\u2019ingresso dell\u2019Istituto \u00e8 da tempo inagibile, tanto che di recente il dirigente scolastico si \u00e8 trovato costretto a diramare un comunicato per vietarne l\u2019utilizzo. \u201cNon \u00e8 solo una questione di degrado, ma anche di pubblica sicurezza \u2013 tuona Sovilla -. La scuola media storica del centro cittadino merita un\u2019attenzione migliore\u201d.<\/p>\n<p><strong>MARZIO SOVILLA, CONSIGLIERE COMUNALE DELLA LEGA<\/strong><\/p>\n<audio class=\"wp-audio-shortcode\" id=\"audio-259544-4\" preload=\"none\" style=\"width: 100%;\" controls=\"controls\"><source type=\"audio\/mpeg\" src=\"https:\/\/www.radiopiu.net\/wordpress\/wp-content\/uploads\/2022\/02\/Sovilla-su-scalinata-medie-Ricci.mp3?_=4\" \/><a href=\"https:\/\/www.radiopiu.net\/wordpress\/wp-content\/uploads\/2022\/02\/Sovilla-su-scalinata-medie-Ricci.mp3\">https:\/\/www.radiopiu.net\/wordpress\/wp-content\/uploads\/2022\/02\/Sovilla-su-scalinata-medie-Ricci.mp3<\/a><\/audio>\n<p>&nbsp;<\/p>\n\n\t\t\t<style type='text\/css'>\n\t\t\t\t#gallery-3 {\n\t\t\t\t\tmargin: auto;\n\t\t\t\t}\n\t\t\t\t#gallery-3 .gallery-item {\n\t\t\t\t\tfloat: left;\n\t\t\t\t\tmargin-top: 10px;\n\t\t\t\t\ttext-align: center;\n\t\t\t\t\twidth: 25%;\n\t\t\t\t}\n\t\t\t\t#gallery-3 img {\n\t\t\t\t\tborder: 2px solid #cfcfcf;\n\t\t\t\t}\n\t\t\t\t#gallery-3 .gallery-caption {\n\t\t\t\t\tmargin-left: 0;\n\t\t\t\t}\n\t\t\t\t\/* see gallery_shortcode() in wp-includes\/media.php *\/\n\t\t\t<\/style>\n\t\t<div id='gallery-3' class='dt-gallery-container gallery galleryid-259544 gallery-columns-4 gallery-size-thumbnail'><dl class='gallery-item'>\n\t\t\t\t<dt class='gallery-icon landscape'>\n\t\t\t\t\t<a class=\"rollover rollover-zoom dt-pswp-item\" title=\"Gradini Ricci\" data-dt-img-description=\"\" data-large_image_width=\"1736\" data-large_image_height=\"1736\"href='https:\/\/www.radiopiu.net\/wordpress\/wp-content\/uploads\/2022\/02\/Gradini-Ricci.jpeg'><img loading=\"lazy\" decoding=\"async\" width=\"150\" height=\"150\" src=\"https:\/\/www.radiopiu.net\/wordpress\/wp-content\/uploads\/2022\/02\/Gradini-Ricci-150x150.jpeg\" class=\"attachment-thumbnail size-thumbnail\" alt=\"\" srcset=\"https:\/\/www.radiopiu.net\/wordpress\/wp-content\/uploads\/2022\/02\/Gradini-Ricci-150x150.jpeg 150w, https:\/\/www.radiopiu.net\/wordpress\/wp-content\/uploads\/2022\/02\/Gradini-Ricci-300x300.jpeg 300w, https:\/\/www.radiopiu.net\/wordpress\/wp-content\/uploads\/2022\/02\/Gradini-Ricci-1024x1024.jpeg 1024w, https:\/\/www.radiopiu.net\/wordpress\/wp-content\/uploads\/2022\/02\/Gradini-Ricci-768x768.jpeg 768w, https:\/\/www.radiopiu.net\/wordpress\/wp-content\/uploads\/2022\/02\/Gradini-Ricci-1536x1536.jpeg 1536w, https:\/\/www.radiopiu.net\/wordpress\/wp-content\/uploads\/2022\/02\/Gradini-Ricci.jpeg 1736w\" sizes=\"auto, (max-width: 150px) 100vw, 150px\" \/><\/a>\n\t\t\t\t<\/dt><\/dl><dl class='gallery-item'>\n\t\t\t\t<dt class='gallery-icon landscape'>\n\t\t\t\t\t<a class=\"rollover rollover-zoom dt-pswp-item\" title=\"Gradini Ricci_3\" data-dt-img-description=\"\" data-large_image_width=\"1736\" data-large_image_height=\"1736\"href='https:\/\/www.radiopiu.net\/wordpress\/wp-content\/uploads\/2022\/02\/Gradini-Ricci_3.jpeg'><img loading=\"lazy\" decoding=\"async\" width=\"150\" height=\"150\" src=\"https:\/\/www.radiopiu.net\/wordpress\/wp-content\/uploads\/2022\/02\/Gradini-Ricci_3-150x150.jpeg\" class=\"attachment-thumbnail size-thumbnail\" alt=\"\" srcset=\"https:\/\/www.radiopiu.net\/wordpress\/wp-content\/uploads\/2022\/02\/Gradini-Ricci_3-150x150.jpeg 150w, https:\/\/www.radiopiu.net\/wordpress\/wp-content\/uploads\/2022\/02\/Gradini-Ricci_3-300x300.jpeg 300w, https:\/\/www.radiopiu.net\/wordpress\/wp-content\/uploads\/2022\/02\/Gradini-Ricci_3-1024x1024.jpeg 1024w, https:\/\/www.radiopiu.net\/wordpress\/wp-content\/uploads\/2022\/02\/Gradini-Ricci_3-768x768.jpeg 768w, https:\/\/www.radiopiu.net\/wordpress\/wp-content\/uploads\/2022\/02\/Gradini-Ricci_3-1536x1536.jpeg 1536w, https:\/\/www.radiopiu.net\/wordpress\/wp-content\/uploads\/2022\/02\/Gradini-Ricci_3.jpeg 1736w\" sizes=\"auto, (max-width: 150px) 100vw, 150px\" \/><\/a>\n\t\t\t\t<\/dt><\/dl><dl class='gallery-item'>\n\t\t\t\t<dt class='gallery-icon landscape'>\n\t\t\t\t\t<a class=\"rollover rollover-zoom dt-pswp-item\" title=\"Gradini Ricci_2\" data-dt-img-description=\"\" data-large_image_width=\"1736\" data-large_image_height=\"1138\"href='https:\/\/www.radiopiu.net\/wordpress\/wp-content\/uploads\/2022\/02\/Gradini-Ricci_2.jpeg'><img loading=\"lazy\" decoding=\"async\" width=\"150\" height=\"150\" src=\"https:\/\/www.radiopiu.net\/wordpress\/wp-content\/uploads\/2022\/02\/Gradini-Ricci_2-150x150.jpeg\" class=\"attachment-thumbnail size-thumbnail\" alt=\"\" \/><\/a>\n\t\t\t\t<\/dt><\/dl><dl class='gallery-item'>\n\t\t\t\t<dt class='gallery-icon landscape'>\n\t\t\t\t\t<a class=\"rollover rollover-zoom dt-pswp-item\" title=\"Gradini Ricci_1\" data-dt-img-description=\"\" data-large_image_width=\"1736\" data-large_image_height=\"1736\"href='https:\/\/www.radiopiu.net\/wordpress\/wp-content\/uploads\/2022\/02\/Gradini-Ricci_1.jpeg'><img loading=\"lazy\" decoding=\"async\" width=\"150\" height=\"150\" src=\"https:\/\/www.radiopiu.net\/wordpress\/wp-content\/uploads\/2022\/02\/Gradini-Ricci_1-150x150.jpeg\" class=\"attachment-thumbnail size-thumbnail\" alt=\"\" srcset=\"https:\/\/www.radiopiu.net\/wordpress\/wp-content\/uploads\/2022\/02\/Gradini-Ricci_1-150x150.jpeg 150w, https:\/\/www.radiopiu.net\/wordpress\/wp-content\/uploads\/2022\/02\/Gradini-Ricci_1-300x300.jpeg 300w, https:\/\/www.radiopiu.net\/wordpress\/wp-content\/uploads\/2022\/02\/Gradini-Ricci_1-1024x1024.jpeg 1024w, https:\/\/www.radiopiu.net\/wordpress\/wp-content\/uploads\/2022\/02\/Gradini-Ricci_1-768x768.jpeg 768w, https:\/\/www.radiopiu.net\/wordpress\/wp-content\/uploads\/2022\/02\/Gradini-Ricci_1-1536x1536.jpeg 1536w, https:\/\/www.radiopiu.net\/wordpress\/wp-content\/uploads\/2022\/02\/Gradini-Ricci_1.jpeg 1736w\" sizes=\"auto, (max-width: 150px) 100vw, 150px\" \/><\/a>\n\t\t\t\t<\/dt><\/dl><br style=\"clear: both\" \/>\n\t\t\t<\/div>\n\n<p>&nbsp;<\/p>\n<p>&nbsp;<\/p>\n<hr \/>\n<p>&nbsp;<\/p>\n<blockquote>\n<h3><\/h3>\n<h3>SCATTI CURIOSI&#8230;DEGLI ASCOLTATORI, DA FALCADE SU VISIT TRENTINO AL CICLISTA FUORI STAGIONE<\/h3>\n<\/blockquote>\n\n\t\t\t<style type='text\/css'>\n\t\t\t\t#gallery-4 {\n\t\t\t\t\tmargin: auto;\n\t\t\t\t}\n\t\t\t\t#gallery-4 .gallery-item {\n\t\t\t\t\tfloat: left;\n\t\t\t\t\tmargin-top: 10px;\n\t\t\t\t\ttext-align: center;\n\t\t\t\t\twidth: 33%;\n\t\t\t\t}\n\t\t\t\t#gallery-4 img {\n\t\t\t\t\tborder: 2px solid #cfcfcf;\n\t\t\t\t}\n\t\t\t\t#gallery-4 .gallery-caption {\n\t\t\t\t\tmargin-left: 0;\n\t\t\t\t}\n\t\t\t\t\/* see gallery_shortcode() in wp-includes\/media.php *\/\n\t\t\t<\/style>\n\t\t<div id='gallery-4' class='dt-gallery-container gallery galleryid-259544 gallery-columns-3 gallery-size-medium'><dl class='gallery-item'>\n\t\t\t\t<dt class='gallery-icon portrait'>\n\t\t\t\t\t<a class=\"rollover rollover-zoom dt-pswp-item\" title=\"273889635_944455996463119_5829015406404160703_n\" data-dt-img-description=\"\" data-large_image_width=\"591\" data-large_image_height=\"1280\"href='https:\/\/www.radiopiu.net\/wordpress\/wp-content\/uploads\/2022\/02\/273889635_944455996463119_5829015406404160703_n.jpg'><img loading=\"lazy\" decoding=\"async\" width=\"139\" height=\"300\" src=\"https:\/\/www.radiopiu.net\/wordpress\/wp-content\/uploads\/2022\/02\/273889635_944455996463119_5829015406404160703_n-139x300.jpg\" class=\"attachment-medium size-medium\" alt=\"\" srcset=\"https:\/\/www.radiopiu.net\/wordpress\/wp-content\/uploads\/2022\/02\/273889635_944455996463119_5829015406404160703_n-139x300.jpg 139w, https:\/\/www.radiopiu.net\/wordpress\/wp-content\/uploads\/2022\/02\/273889635_944455996463119_5829015406404160703_n-473x1024.jpg 473w, https:\/\/www.radiopiu.net\/wordpress\/wp-content\/uploads\/2022\/02\/273889635_944455996463119_5829015406404160703_n.jpg 591w\" sizes=\"auto, (max-width: 139px) 100vw, 139px\" \/><\/a>\n\t\t\t\t<\/dt><\/dl><dl class='gallery-item'>\n\t\t\t\t<dt class='gallery-icon portrait'>\n\t\t\t\t\t<a class=\"rollover rollover-zoom dt-pswp-item\" title=\"f3ef5668-a0b7-4b51-abe7-6ee0cda4c3d1\" data-dt-img-description=\"\" data-large_image_width=\"1536\" data-large_image_height=\"2048\"href='https:\/\/www.radiopiu.net\/wordpress\/wp-content\/uploads\/2022\/02\/f3ef5668-a0b7-4b51-abe7-6ee0cda4c3d1.jpg'><img loading=\"lazy\" decoding=\"async\" width=\"225\" height=\"300\" src=\"https:\/\/www.radiopiu.net\/wordpress\/wp-content\/uploads\/2022\/02\/f3ef5668-a0b7-4b51-abe7-6ee0cda4c3d1-225x300.jpg\" class=\"attachment-medium size-medium\" alt=\"\" srcset=\"https:\/\/www.radiopiu.net\/wordpress\/wp-content\/uploads\/2022\/02\/f3ef5668-a0b7-4b51-abe7-6ee0cda4c3d1-225x300.jpg 225w, https:\/\/www.radiopiu.net\/wordpress\/wp-content\/uploads\/2022\/02\/f3ef5668-a0b7-4b51-abe7-6ee0cda4c3d1-768x1024.jpg 768w, https:\/\/www.radiopiu.net\/wordpress\/wp-content\/uploads\/2022\/02\/f3ef5668-a0b7-4b51-abe7-6ee0cda4c3d1-1152x1536.jpg 1152w, https:\/\/www.radiopiu.net\/wordpress\/wp-content\/uploads\/2022\/02\/f3ef5668-a0b7-4b51-abe7-6ee0cda4c3d1.jpg 1536w\" sizes=\"auto, (max-width: 225px) 100vw, 225px\" \/><\/a>\n\t\t\t\t<\/dt><\/dl>\n\t\t\t\t<br style='clear: both' \/>\n\t\t\t<\/div>\n\n<p>&nbsp;<\/p>\n<p>&nbsp;<\/p>\n<hr \/>\n<p>&nbsp;<\/p>\n<blockquote class=\"wp-embedded-content\" data-secret=\"09CecD6ZQI\"><p><a href=\"https:\/\/www.radiopiu.net\/wordpress\/calano-i-ricoveri-38-decessi-e-quasi-7300-nuove-positivita-in-veneto-nelle-ultime-24-ore\/\">CALANO I RICOVERI, 38 DECESSI E QUASI 7300 NUOVE POSITIVITA&#8217; IN VENETO NELLE ULTIME 24 ORE<\/a><\/p><\/blockquote>\n<p><iframe loading=\"lazy\" class=\"wp-embedded-content\" sandbox=\"allow-scripts\" security=\"restricted\" style=\"position: absolute; clip: rect(1px, 1px, 1px, 1px);\" title=\"&#8220;CALANO I RICOVERI, 38 DECESSI E QUASI 7300 NUOVE POSITIVITA&#8217; IN VENETO NELLE ULTIME 24 ORE&#8221; &#8212; Radio Pi\u00f9\" src=\"https:\/\/www.radiopiu.net\/wordpress\/calano-i-ricoveri-38-decessi-e-quasi-7300-nuove-positivita-in-veneto-nelle-ultime-24-ore\/embed\/#?secret=09CecD6ZQI\" data-secret=\"09CecD6ZQI\" width=\"600\" height=\"338\" frameborder=\"0\" marginwidth=\"0\" marginheight=\"0\" scrolling=\"no\"><\/iframe><\/p>\n<p>&nbsp;<\/p>\n<h2>I GRAFICI DI TIZIANO DE COL<\/h2>\n\n\t\t\t<style type='text\/css'>\n\t\t\t\t#gallery-5 {\n\t\t\t\t\tmargin: auto;\n\t\t\t\t}\n\t\t\t\t#gallery-5 .gallery-item {\n\t\t\t\t\tfloat: left;\n\t\t\t\t\tmargin-top: 10px;\n\t\t\t\t\ttext-align: center;\n\t\t\t\t\twidth: 33%;\n\t\t\t\t}\n\t\t\t\t#gallery-5 img {\n\t\t\t\t\tborder: 2px solid #cfcfcf;\n\t\t\t\t}\n\t\t\t\t#gallery-5 .gallery-caption {\n\t\t\t\t\tmargin-left: 0;\n\t\t\t\t}\n\t\t\t\t\/* see gallery_shortcode() in wp-includes\/media.php *\/\n\t\t\t<\/style>\n\t\t<div id='gallery-5' class='dt-gallery-container gallery galleryid-259544 gallery-columns-3 gallery-size-thumbnail'><dl class='gallery-item'>\n\t\t\t\t<dt class='gallery-icon landscape'>\n\t\t\t\t\t<a class=\"rollover rollover-zoom dt-pswp-item\" title=\"8e735f47-c29d-4915-9271-8b2ad2ba3dea\" data-dt-img-description=\"\" data-large_image_width=\"597\" data-large_image_height=\"362\"href='https:\/\/www.radiopiu.net\/wordpress\/wp-content\/uploads\/2022\/02\/8e735f47-c29d-4915-9271-8b2ad2ba3dea.jpg'><img loading=\"lazy\" decoding=\"async\" width=\"150\" height=\"150\" src=\"https:\/\/www.radiopiu.net\/wordpress\/wp-content\/uploads\/2022\/02\/8e735f47-c29d-4915-9271-8b2ad2ba3dea-150x150.jpg\" class=\"attachment-thumbnail size-thumbnail\" alt=\"\" \/><\/a>\n\t\t\t\t<\/dt><\/dl><dl class='gallery-item'>\n\t\t\t\t<dt class='gallery-icon landscape'>\n\t\t\t\t\t<a class=\"rollover rollover-zoom dt-pswp-item\" title=\"c1daaa62-1fa7-4c2d-b4b5-9d90e11e3a87\" data-dt-img-description=\"\" data-large_image_width=\"611\" data-large_image_height=\"354\"href='https:\/\/www.radiopiu.net\/wordpress\/wp-content\/uploads\/2022\/02\/c1daaa62-1fa7-4c2d-b4b5-9d90e11e3a87.jpg'><img loading=\"lazy\" decoding=\"async\" width=\"150\" height=\"150\" src=\"https:\/\/www.radiopiu.net\/wordpress\/wp-content\/uploads\/2022\/02\/c1daaa62-1fa7-4c2d-b4b5-9d90e11e3a87-150x150.jpg\" class=\"attachment-thumbnail size-thumbnail\" alt=\"\" \/><\/a>\n\t\t\t\t<\/dt><\/dl><dl class='gallery-item'>\n\t\t\t\t<dt class='gallery-icon landscape'>\n\t\t\t\t\t<a class=\"rollover rollover-zoom dt-pswp-item\" title=\"84c79913-0404-46a5-a180-baf158f3d021\" data-dt-img-description=\"\" data-large_image_width=\"602\" data-large_image_height=\"366\"href='https:\/\/www.radiopiu.net\/wordpress\/wp-content\/uploads\/2022\/02\/84c79913-0404-46a5-a180-baf158f3d021.jpg'><img loading=\"lazy\" decoding=\"async\" width=\"150\" height=\"150\" src=\"https:\/\/www.radiopiu.net\/wordpress\/wp-content\/uploads\/2022\/02\/84c79913-0404-46a5-a180-baf158f3d021-150x150.jpg\" class=\"attachment-thumbnail size-thumbnail\" alt=\"\" \/><\/a>\n\t\t\t\t<\/dt><\/dl><br style=\"clear: both\" \/><dl class='gallery-item'>\n\t\t\t\t<dt class='gallery-icon landscape'>\n\t\t\t\t\t<a class=\"rollover rollover-zoom dt-pswp-item\" title=\"88d90576-ba96-4ef6-b728-a40d0a6d369f\" data-dt-img-description=\"\" data-large_image_width=\"596\" data-large_image_height=\"363\"href='https:\/\/www.radiopiu.net\/wordpress\/wp-content\/uploads\/2022\/02\/88d90576-ba96-4ef6-b728-a40d0a6d369f.jpg'><img loading=\"lazy\" decoding=\"async\" width=\"150\" height=\"150\" src=\"https:\/\/www.radiopiu.net\/wordpress\/wp-content\/uploads\/2022\/02\/88d90576-ba96-4ef6-b728-a40d0a6d369f-150x150.jpg\" class=\"attachment-thumbnail size-thumbnail\" alt=\"\" \/><\/a>\n\t\t\t\t<\/dt><\/dl><dl class='gallery-item'>\n\t\t\t\t<dt class='gallery-icon landscape'>\n\t\t\t\t\t<a class=\"rollover rollover-zoom dt-pswp-item\" title=\"a1846d98-15e1-4454-825d-e17168ac242b\" data-dt-img-description=\"\" data-large_image_width=\"612\" data-large_image_height=\"357\"href='https:\/\/www.radiopiu.net\/wordpress\/wp-content\/uploads\/2022\/02\/a1846d98-15e1-4454-825d-e17168ac242b.jpg'><img loading=\"lazy\" decoding=\"async\" width=\"150\" height=\"150\" src=\"https:\/\/www.radiopiu.net\/wordpress\/wp-content\/uploads\/2022\/02\/a1846d98-15e1-4454-825d-e17168ac242b-150x150.jpg\" class=\"attachment-thumbnail size-thumbnail\" alt=\"\" \/><\/a>\n\t\t\t\t<\/dt><\/dl><dl class='gallery-item'>\n\t\t\t\t<dt class='gallery-icon landscape'>\n\t\t\t\t\t<a class=\"rollover rollover-zoom dt-pswp-item\" title=\"1ce7aa53-1e24-4e72-a627-c9ff06e8444e\" data-dt-img-description=\"\" data-large_image_width=\"608\" data-large_image_height=\"355\"href='https:\/\/www.radiopiu.net\/wordpress\/wp-content\/uploads\/2022\/02\/1ce7aa53-1e24-4e72-a627-c9ff06e8444e.jpg'><img loading=\"lazy\" decoding=\"async\" width=\"150\" height=\"150\" src=\"https:\/\/www.radiopiu.net\/wordpress\/wp-content\/uploads\/2022\/02\/1ce7aa53-1e24-4e72-a627-c9ff06e8444e-150x150.jpg\" class=\"attachment-thumbnail size-thumbnail\" alt=\"\" \/><\/a>\n\t\t\t\t<\/dt><\/dl><br style=\"clear: both\" \/>\n\t\t\t<\/div>\n\n<p>&nbsp;<\/p>\n<hr \/>\n<p>&nbsp;<\/p>\n<p>&nbsp;<\/p>\n<blockquote>\n<h3>COMELICO DIMENTICATO, PER IL PD A RISCHIO SPOPOLAMENTO<\/h3>\n<\/blockquote>\n<p><strong>VENEZIA<\/strong> <em>\u201cCon l\u2019esclusione dalla \u2018Carta degli aiuti\u2019 da un lato e la chiusura della galleria, il territorio del Comelico rischia di spopolarsi in maniera definitiva. A fronte di problemi cronici per le Terre alte del Bellunese, la scelta della Regione \u00e8 incomprensibile e va assolutamente modificata\u201d<\/em>. In una nota la consigliera del Partito Democratico Veneto e vicepresidente dell\u2019assemblea di Palazzo Ferro Fini Francesca Zottis contesta la decisione della Giunta Zaia di non includere il Comelico dalla nuova Zona logistica semplificata che riguarda la provincia di Belluno. <em>\u201cSi tratta di cinque Comuni con circa seimila abitanti che gi\u00e0 devono fare i conti con la carenza di servizi e una viabilit\u00e0 insufficiente. Qual \u00e8 la ratio di una decisione del genere che va a sommarsi alla chiusura della galleria per un periodo di almeno due anni, salvo complicazioni e ritardi, accentuando cos\u00ec l\u2019isolamento dell\u2019area con tutte le conseguenze del caso? Ben vengano agevolazioni e semplificazioni, ma vanno fatte con criterio. Probabilmente qualche assessore dovrebbe fare un giro in Comelico, siamo certi che in poche ore cambierebbe subito idea\u201d.<\/em><\/p>\n<p>&nbsp;<\/p>\n<p>&nbsp;<\/p>\n<hr \/>\n<blockquote>\n<h3><\/h3>\n<h3>NUOVI ORARI PUNTI TAMPONE<\/h3>\n<\/blockquote>\n<p><strong><a href=\"https:\/\/www.radiopiu.net\/wordpress\/giornale-radiopiu-23-gennaio-2021-direttore-mirko-mezzacasa\/tamponi-paludi-1\/\" rel=\"attachment wp-att-186210\"><img loading=\"lazy\" decoding=\"async\" class=\"size-medium wp-image-186210 alignleft\" src=\"https:\/\/www.radiopiu.net\/wordpress\/wp-content\/uploads\/2021\/01\/Tamponi-Paludi-1-300x169.jpg\" alt=\"\" width=\"300\" height=\"169\" srcset=\"https:\/\/www.radiopiu.net\/wordpress\/wp-content\/uploads\/2021\/01\/Tamponi-Paludi-1-300x169.jpg 300w, https:\/\/www.radiopiu.net\/wordpress\/wp-content\/uploads\/2021\/01\/Tamponi-Paludi-1-1024x576.jpg 1024w, https:\/\/www.radiopiu.net\/wordpress\/wp-content\/uploads\/2021\/01\/Tamponi-Paludi-1-768x432.jpg 768w, https:\/\/www.radiopiu.net\/wordpress\/wp-content\/uploads\/2021\/01\/Tamponi-Paludi-1-1536x864.jpg 1536w, https:\/\/www.radiopiu.net\/wordpress\/wp-content\/uploads\/2021\/01\/Tamponi-Paludi-1.jpg 1600w\" sizes=\"auto, (max-width: 300px) 100vw, 300px\" \/><\/a>BELLUNO <\/strong>Entrano in vigore nuovi orari dei punti tampone, riorganizzati alla luce del calo della necessit\u00e0. Si ricorda che i tamponi si eseguono solo su prenotazione dal sito ww.aulss1.veneto.it o su invio dell\u2019unit\u00e0 di crisi. Questi i nuovi orari: Paludi dal luned\u00ec al sabato dalle 8.30 alle 16.00 e domenica dalle 8.30 alle 13.30: su prenotazione per tamponi green pass, tamponi antigenici e molecolari prescritti del curante, tamponi di sorveglianza programmati dall&#8217;Unit\u00e0 di Crisi Covid; domenica dalle 14 alle 18.30 accesso libero per soggetti sintomatici. Feltre &#8211; dal luned\u00ec al sabato dalle 8 alle 13.30: su prenotazione per tamponi green pass, tamponi antigenici e molecolari prescritti del curante, tamponi di sorveglianza programmati dall&#8217;Unit\u00e0 di Crisi Covid; Agordo &#8211; marted\u00ec, gioved\u00ec e sabato dalle 8 alle 10.30: su prenotazione per tamponi antigenici e molecolari prescritti del curante, tamponi di sorveglianza programmati dall&#8217;Unit\u00e0 di Crisi Covid; Tai di Cadore &#8211; marted\u00ec, gioved\u00ec e sabato dalle 13 alle 16 : su prenotazione per tamponi antigenici e molecolari prescritti del curante, tamponi di sorveglianza programmati dall&#8217;Unit\u00e0 di Crisi Covid. Alla luce della consistente riduzione di attivit\u00e0, cessa l&#8217;operativit\u00e0 del drive-in ospedaliero &#8220;pediatrico&#8221; di S. Gervasio Prosegue, fino a diversa determinazione, la prenotabilit\u00e0, dal luned\u00ec al sabato, dalle 8 alle 15, di tamponi antigenici e tamponi molecolari (prescritti dal curante) presso l&#8217;ospedale Codivilla Putti di Cortina (gestione GVM)<\/p>\n<p>&nbsp;<\/p>\n<hr \/>\n<p>&nbsp;<\/p>\n<blockquote>\n<h3>TELECONTROLLO DEI PACEMAKER, QUANDO IL RITMO SI SEGUE A DISTANZA<\/h3>\n<\/blockquote>\n<p><strong><a href=\"https:\/\/www.radiopiu.net\/wordpress\/giornale-radiopiu-16-febbraio-2022-direttore-mirko-mezzacasa\/p_20220215_111339_vhdr_on-1\/\" rel=\"attachment wp-att-259806\"><img loading=\"lazy\" decoding=\"async\" class=\" wp-image-259806 alignleft\" src=\"https:\/\/www.radiopiu.net\/wordpress\/wp-content\/uploads\/2022\/02\/P_20220215_111339_vHDR_On-1-300x225.jpg\" alt=\"\" width=\"252\" height=\"189\" srcset=\"https:\/\/www.radiopiu.net\/wordpress\/wp-content\/uploads\/2022\/02\/P_20220215_111339_vHDR_On-1-300x225.jpg 300w, https:\/\/www.radiopiu.net\/wordpress\/wp-content\/uploads\/2022\/02\/P_20220215_111339_vHDR_On-1-1024x768.jpg 1024w, https:\/\/www.radiopiu.net\/wordpress\/wp-content\/uploads\/2022\/02\/P_20220215_111339_vHDR_On-1-768x576.jpg 768w, https:\/\/www.radiopiu.net\/wordpress\/wp-content\/uploads\/2022\/02\/P_20220215_111339_vHDR_On-1-1536x1152.jpg 1536w, https:\/\/www.radiopiu.net\/wordpress\/wp-content\/uploads\/2022\/02\/P_20220215_111339_vHDR_On-1-2048x1536.jpg 2048w\" sizes=\"auto, (max-width: 252px) 100vw, 252px\" \/><\/a>BELLUNO<\/strong> In ulss Dolomiti il controllo dei dispositivi cardiaci impiantabili avviene in remoto, facendo risparmiare tempo ai pazienti e ai loro accompagnatori e ottimizzando le richieste di visite. Con il termine \u201cmonitoraggio remoto\u201d si intende la verifica periodica del funzionamento, dei parametri elettrici e degli eventi aritmici registrati dai dispositivi cardiaci impiantabili (DCI), senza che il paziente sia fisicamente presente nell&#8217;ambulatorio. In ulss Dolomiti, i pazienti portatori di DCI attualmente monitorati sono 920.<\/p>\n<blockquote><p><em>\u00abDurante il periodo di pandemia, si \u00e8 potuto spedire direttamente a casa del paziente il monitoraggio remoto e tramite telefono aiutarli nell\u2019installazione ed nell&#8217;effettuare la prima trasmissione manuale. Il monitoraggio remoto permette di limitare le visite e ridurre i costi sociali, tenuto conto che la maggior parte dei pazienti sono anziani, che l\u201980% \u00e8 accompagnato da un familiare che deve assentarsi dal lavoro e che circa un terzo dei pazienti sono ancora in attivit\u00e0 lavorativa e devono prendere dei permessi\u00bb, spiega il direttore della Cardiologia di Feltre Aldo Bonso. \u00abI principali benefici sono comunque quelli clinici determinati dal monitoraggio remoto, quali la prevenzione dell\u2019ictus in pazienti con fibrillazione atriale, la prevenzione delle ospedalizzazioni per scompenso cardiaco e l\u2019effetto favorevole sulla sopravvivenza, il riconoscimento precoce di malfunzionamenti\u00bb.<\/em><br \/>\n<em>\u00abIl monitoraggio da remoto dei dispositivi cardiaci impiantabili \u00e8 una delle attivit\u00e0 di telemedicina che si stanno ulteriormente implementando, al fine di evitare al paziente e ai suoi familiari, spostamenti evitabili, mantenendo al tempo stesso la miglior presa in carico da parte degli specialisti\u00bb, rimarca il direttore generale Maria Grazia Carraro, \u00abla recente pandemia ci ha spinto a sviluppare ulteriormente modelli di cura innovativi con l\u2019obiettivo di garantire sicurezza e monitoraggio per il paziente grazie alla tecnologia oggi disponibile, mantenendo il contatto\u00bb.<\/em><\/p><\/blockquote>\n<hr \/>\n<p>&nbsp;<\/p>\n<blockquote>\n<h3>AGGIORNAMENTO CAMPAGNA VACCINALE NELLA ULSS1 DOLOMITI<\/h3>\n<\/blockquote>\n<p><strong><a href=\"https:\/\/www.radiopiu.net\/wordpress\/giornale-radiopiu-19-gennaio-2021-direttore-mirko-mezzacasa\/vaccini-ulss\/\" rel=\"attachment wp-att-185410\"><img loading=\"lazy\" decoding=\"async\" class=\"wp-image-185410 alignleft\" src=\"https:\/\/www.radiopiu.net\/wordpress\/wp-content\/uploads\/2021\/01\/VACCINI-ULSS-300x300.jpg\" alt=\"\" width=\"188\" height=\"188\" srcset=\"https:\/\/www.radiopiu.net\/wordpress\/wp-content\/uploads\/2021\/01\/VACCINI-ULSS-300x300.jpg 300w, https:\/\/www.radiopiu.net\/wordpress\/wp-content\/uploads\/2021\/01\/VACCINI-ULSS.jpg 1024w, https:\/\/www.radiopiu.net\/wordpress\/wp-content\/uploads\/2021\/01\/VACCINI-ULSS-150x150.jpg 150w, https:\/\/www.radiopiu.net\/wordpress\/wp-content\/uploads\/2021\/01\/VACCINI-ULSS-768x768.jpg 768w\" sizes=\"auto, (max-width: 188px) 100vw, 188px\" \/><\/a>BELLUNO<\/strong> \u00a0Totale dosi somministrate: 437.170 ( +3.643 nella settimana) \u2981 84,9% \u2013 164.100 persone vaccinate con primo ciclo over 5 \u2981 83,4% &#8211; 161.281 persone con ciclo completo over 5 \u2981 29.368 (15,2%)persone ancora da vaccinare over 5 anni Di queste 11.523 sono risultate positive negli ultimi 180 giorni. Risultano vaccinati con almeno una dose: \u2981 Il 30,2% dei 5-11 enni (3.286) \u2981 l\u201981% % dei 12- 19 enni (11.509) \u2981 l\u2019 86,2 % dei 20-29enni (16.329) \u2981 l\u2019 82% dei 30-39enni (16.280) \u2981 l\u2019 80,4% dei 40-49enni (22.112) \u2981 l\u201988,2 % dei 50-59enni (29.283) \u2981 l\u201990,6% dei 60-69enni (25.301) \u2981 il 94,6% dei 70-79enni (22.483) \u2981 circa il 100% degli over 80 (17.529) Le persone ancora da vaccinare sono cos\u00ec suddivise: \u2981 5-11 anni: 7.603 (69,8%) \u2981 12-19 anni: 2.712 (19,1%) \u2981 20-29 anni: 2.652 (14,0%) \u2981 30-39 anni: 3.624 (18,3%) \u2981 40-49 anni: 5.422 (19,7%) \u2981 50-59 anni: 3.961 (11,9%) \u2981 60-69 anni: 2.636 (9,4%) \u2981 70 79 anni: 1.301 (5,5%). Dal 1 gennaio al 14 febbraio 2022: \u2981 sono state somministrate 5462 prime dosi (+260 nella settimana 8-13 febbraio) di cui 1.937 a persone con pi\u00f9 di 50 anni (+172 nella settimana 8-13 febbraio) Gli over 50 non ancora vaccinati ad oggi sono 7.898 TERZE DOSI\/dosi booster \u2981 126.789 terze dosi gi\u00e0 somministrate La popolazione ad oggi eleggibile per la terza dose \u00e8 pari a 147.727. Tra gli eleggibili che ancora non hanno fatto il booster , circa 21 mila persone, circa 9.000 sono risultati positivi negli ultimi 120 giorni, quindi gli eleggibili \u201creali\u201d ancora da vaccinare sono 12.000 persone.<\/p>\n<p>&nbsp;<\/p>\n<p>&nbsp;<\/p>\n<hr \/>\n<p>&nbsp;<\/p>\n<blockquote>\n<h3 class=\"p1\"><span class=\"s1\">LA PROVINCIA CERCA UN TECNICO PER IL SETTORE DIFESA DEL SUOLO, PATRIMONIO E VIABILIT\u00c0, ASSUNZIONE A TEMPO INDETERMINATO PER SOSTITUIRE I PENSIONAMENTI<\/span><\/h3>\n<\/blockquote>\n<p class=\"p1\"><span class=\"s1\"><strong>BELLUNO <\/strong>La Provincia di Belluno cerca un tecnico da inserire in organico. \u00c8 stato bandito il concorso per l\u2019assunzione a tempo indeterminato di una ulteriore figura professionale di istruttore tecnico di categoria C da destinare al settore Difesa del Suolo, Patrimonio e Viabilit\u00e0 per la sostituzione di personale cessato dal servizio nel corso del 2021. <\/span><span class=\"s1\">Per l&#8217;ammissione al concorso \u00e8 richiesto il possesso di un diploma di scuola media superiore che consente l\u2019accesso all\u2019Universit\u00e0 di natura tecnica, ovvero un qualsiasi diploma di istruzione secondaria superiore purch\u00e9 accompagnato da un diploma di laurea nelle discipline afferenti a ingegneria o architettura. <\/span><span class=\"s1\">Le prove d\u2019esame saranno indirizzate ad accertare il possesso delle competenze richieste. E consisteranno in\u00a0una prova scritta (in calendario il 6 aprile) e in\u00a0una prova orale (prevista per il 13 aprile). Per presentare domanda c\u2019\u00e8 tempo fino al 14 marzo (tutti i dettagli e la documentazione si trovano sul sito della Provincia, <a href=\"http:\/\/www.provincia.belluno.it\/\"><span class=\"s2\">www.provincia.belluno.it<\/span><\/a>).<\/span><\/p>\n<p>&nbsp;<\/p>\n<p>&nbsp;<\/p>\n<hr \/>\n<p>&nbsp;<\/p>\n<blockquote>\n<h3>LA GUARDIA DI FINANZA APRE AL CONCORSO\u00a0 PER 12 ESECUTORI E\u00a0 1 ARCHIVISTA DELLA BANDA <span dir=\"ltr\" role=\"presentation\">MUSICALE\u00a0<\/span><\/h3>\n<\/blockquote>\n<p><br role=\"presentation\" \/><span dir=\"ltr\" role=\"presentation\">Possono partecipare i cittadini italiani di et\u00e0 compresa fra i 18 e i 40 anni in possesso, oltre che del<\/span><br role=\"presentation\" \/><span dir=\"ltr\" role=\"presentation\">diploma di istruzione secondaria di secondo grado, anche di idoneo titolo di studio. Presentazione delle domande entro le 12 del 28 febbraio <\/span><span dir=\"ltr\" role=\"presentation\">\u00a0esclusivamente mediante la procedura <\/span><span dir=\"ltr\" role=\"presentation\">telematica disponibile sul portale attivo all\u2019indirizzo \u201chttps:\/\/concorsi.gdf.gov.it\u201d.<\/span><\/p>\n<p>&nbsp;<\/p>\n<hr \/>\n<p>&nbsp;<\/p>\n<blockquote>\n<h3>LILT IN ASSEMBLEA<\/h3>\n<\/blockquote>\n<p><strong>BELLUNO<\/strong> L&#8217;assemblea dei soci della Lilt Belluno\u00a0 (Lega italiana per la lotta contro i tumori) si terr\u00e0 oggi\u00a0 alle 17.30\u00a0 nella sala riunioni della Casa delle associazioni in via del Piave. All&#8217;ordine del giorno la relazione delle attivit\u00e0, l&#8217;anticipazione dei progetti peril 2022\u00a0 e l&#8217;approvazione del bilancio consuntivo 2021. La capienza della sala \u00e8 di massimo 15 posti per cui \u00e8 prevista la possibilit\u00e0 di un collegamento online su richiesta allo 0437 944952 o scrivendo a belluno@lilt.it; per accedere alla sala \u00e8 obbligatorio il Green Pass rafforzato.<\/p>\n<p>&nbsp;<\/p>\n<p>&nbsp;<\/p>\n<hr \/>\n<p>&nbsp;<\/p>\n<blockquote>\n<h3>SABATO 26 FEBBRAIO CARNEVALE A SOSPIROLO<\/h3>\n<\/blockquote>\n<p><strong>SOSPIROLO<\/strong>\u00a0 Sabato 26 febbraio al Centro civico di Sospirolo alle 15 con la \u00a0Proloco Monti del Sole e il \u00a0patrocinio del Comune di Sospirolo \u00a0tradizionale appuntamento con\u00a0 Carnevale dei bambini.\u00a0 * Spettacolo\u00a0\u00a0\u201cChe occhi Grandi che Hai! Manuale di corteggiamento per Lupi e affini\u201d\u00a0 \u00a0 con Cristina Gianni e Davide De Bona di Teatro Piteco.\u00a0 A seguire all&#8217;aperto la sfilata delle mascherine<\/p>\n<p>&nbsp;<\/p>\n<hr \/>\n<p>&nbsp;<\/p>\n<blockquote>\n<h3>INIZIATIVE A GOSALDO, DALLA PROLOCO ALLA NEVE<\/h3>\n<\/blockquote>\n<p>&nbsp;<\/p>\n<p><strong>GOSALDO<\/strong>\u00a0 La prima iniziativa, presentata ieri alla radio da Gianni Santomaso \u00e8 della Proloco\u00a0 <em>&#8220;Ecco scoperta la nostra sorpresa per San Valentino. Inviateci le vostro foto pi\u00f9 belle dal 14 al 21 febbraio e nella settimana successiva, chi ricever\u00e0 pi\u00f9 &#8220;mi piace&#8221;, sar\u00e0 premiato con un piccolo pensiero. Inviate le fotografie a:\u00a0 prolocogosaldo@gmail.com oppure Whatsapp 3383967056&#8243;<\/em> Il contesto ha gi\u00e0 avuto inizio e buon scatto.<br \/>\nSempre la proloco organizza con gli Amici della Piazza &#8220;all&#8217;arrembaggio arrivano i pirati&#8221;, sabato alle 15.30 nella sala polifunzionale delle ex scuole medie di Gosaldo con il duo G&amp;G e i pi\u00f9 giovani (ma non solo) sono invitati a partecipare in maschera.<br \/>\nA Forcella Aurine il 27 febbraio il trofeo del Gruppo Alpini di Frassen\u00e8, gara di slalom gigante aperta a tutti, partenza primo concorrente alle 10, premi ai primi 3 di ogni categoria. Iscrizioni entro le 18 del 26 febbraio al Bar Alpino (0437 67253) Little Bar (0437 67193). Con la collaborazione di Aurine Ski Progetto Desma.<\/p>\n\n\t\t\t<style type='text\/css'>\n\t\t\t\t#gallery-6 {\n\t\t\t\t\tmargin: auto;\n\t\t\t\t}\n\t\t\t\t#gallery-6 .gallery-item {\n\t\t\t\t\tfloat: left;\n\t\t\t\t\tmargin-top: 10px;\n\t\t\t\t\ttext-align: center;\n\t\t\t\t\twidth: 33%;\n\t\t\t\t}\n\t\t\t\t#gallery-6 img {\n\t\t\t\t\tborder: 2px solid #cfcfcf;\n\t\t\t\t}\n\t\t\t\t#gallery-6 .gallery-caption {\n\t\t\t\t\tmargin-left: 0;\n\t\t\t\t}\n\t\t\t\t\/* see gallery_shortcode() in wp-includes\/media.php *\/\n\t\t\t<\/style>\n\t\t<div id='gallery-6' class='dt-gallery-container gallery galleryid-259544 gallery-columns-3 gallery-size-thumbnail'><dl class='gallery-item'>\n\t\t\t\t<dt class='gallery-icon landscape'>\n\t\t\t\t\t<a class=\"rollover rollover-zoom dt-pswp-item\" title=\"273861415_6947192841989335_7071267388495310987_n\" data-dt-img-description=\"\" data-large_image_width=\"720\" data-large_image_height=\"540\"href='https:\/\/www.radiopiu.net\/wordpress\/wp-content\/uploads\/2022\/02\/273861415_6947192841989335_7071267388495310987_n.jpg'><img loading=\"lazy\" decoding=\"async\" width=\"150\" height=\"150\" src=\"https:\/\/www.radiopiu.net\/wordpress\/wp-content\/uploads\/2022\/02\/273861415_6947192841989335_7071267388495310987_n-150x150.jpg\" class=\"attachment-thumbnail size-thumbnail\" alt=\"\" \/><\/a>\n\t\t\t\t<\/dt><\/dl><dl class='gallery-item'>\n\t\t\t\t<dt class='gallery-icon portrait'>\n\t\t\t\t\t<a class=\"rollover rollover-zoom dt-pswp-item\" title=\"274067202_6958211580887461_846800283031527178_n\" data-dt-img-description=\"\" data-large_image_width=\"526\" data-large_image_height=\"789\"href='https:\/\/www.radiopiu.net\/wordpress\/wp-content\/uploads\/2022\/02\/274067202_6958211580887461_846800283031527178_n.jpg'><img loading=\"lazy\" decoding=\"async\" width=\"150\" height=\"150\" src=\"https:\/\/www.radiopiu.net\/wordpress\/wp-content\/uploads\/2022\/02\/274067202_6958211580887461_846800283031527178_n-150x150.jpg\" class=\"attachment-thumbnail size-thumbnail\" alt=\"\" \/><\/a>\n\t\t\t\t<\/dt><\/dl><dl class='gallery-item'>\n\t\t\t\t<dt class='gallery-icon portrait'>\n\t\t\t\t\t<a class=\"rollover rollover-zoom dt-pswp-item\" title=\"273927969_10219130263120144_6567494010658918619_n\" data-dt-img-description=\"\" data-large_image_width=\"678\" data-large_image_height=\"960\"href='https:\/\/www.radiopiu.net\/wordpress\/wp-content\/uploads\/2022\/02\/273927969_10219130263120144_6567494010658918619_n.jpg'><img loading=\"lazy\" decoding=\"async\" width=\"150\" height=\"150\" src=\"https:\/\/www.radiopiu.net\/wordpress\/wp-content\/uploads\/2022\/02\/273927969_10219130263120144_6567494010658918619_n-150x150.jpg\" class=\"attachment-thumbnail size-thumbnail\" alt=\"\" \/><\/a>\n\t\t\t\t<\/dt><\/dl><br style=\"clear: both\" \/>\n\t\t\t<\/div>\n\n<p>&nbsp;<\/p>\n<p><strong><a href=\"https:\/\/www.radiopiu.net\/wordpress\/un-cuore-che-unisce-lagordino\/32914d12-439f-4c82-8d4d-2566f1dd94d6\/\" rel=\"attachment wp-att-259398\"><img loading=\"lazy\" decoding=\"async\" class=\"wp-image-259398 alignleft\" src=\"https:\/\/www.radiopiu.net\/wordpress\/wp-content\/uploads\/2022\/02\/32914d12-439f-4c82-8d4d-2566f1dd94d6-300x225.jpg\" alt=\"\" width=\"185\" height=\"139\" srcset=\"https:\/\/www.radiopiu.net\/wordpress\/wp-content\/uploads\/2022\/02\/32914d12-439f-4c82-8d4d-2566f1dd94d6-300x225.jpg 300w, https:\/\/www.radiopiu.net\/wordpress\/wp-content\/uploads\/2022\/02\/32914d12-439f-4c82-8d4d-2566f1dd94d6-1024x768.jpg 1024w, https:\/\/www.radiopiu.net\/wordpress\/wp-content\/uploads\/2022\/02\/32914d12-439f-4c82-8d4d-2566f1dd94d6-768x576.jpg 768w, https:\/\/www.radiopiu.net\/wordpress\/wp-content\/uploads\/2022\/02\/32914d12-439f-4c82-8d4d-2566f1dd94d6-1536x1152.jpg 1536w, https:\/\/www.radiopiu.net\/wordpress\/wp-content\/uploads\/2022\/02\/32914d12-439f-4c82-8d4d-2566f1dd94d6.jpg 1600w\" sizes=\"auto, (max-width: 185px) 100vw, 185px\" \/><\/a><\/strong><\/p>\n<p>&nbsp;<\/p>\n<p><strong>ieri alla radio, di Gianni Santomaso<\/strong><\/p>\n<audio class=\"wp-audio-shortcode\" id=\"audio-259544-5\" preload=\"none\" style=\"width: 100%;\" controls=\"controls\"><source type=\"audio\/mpeg\" src=\"https:\/\/www.radiopiu.net\/wordpress\/wp-content\/uploads\/2022\/02\/GIANNI-CUORI-AGORDINO.mp3?_=5\" \/><a href=\"https:\/\/www.radiopiu.net\/wordpress\/wp-content\/uploads\/2022\/02\/GIANNI-CUORI-AGORDINO.mp3\">https:\/\/www.radiopiu.net\/wordpress\/wp-content\/uploads\/2022\/02\/GIANNI-CUORI-AGORDINO.mp3<\/a><\/audio>\n<p>&nbsp;<\/p>\n<p>&nbsp;<\/p>\n<hr \/>\n<blockquote>\n<h3><\/h3>\n<h3>IMBAGIN\u00c0. STORIE DI SEGGIOLAI AGORDINI<\/h3>\n<\/blockquote>\n<p><strong><a href=\"https:\/\/www.radiopiu.net\/wordpress\/giornale-radiopiu-15-febbraio-2022-direttore-mirko-mezzacasa\/schermata-2022-02-14-alle-13-47-25\/\" rel=\"attachment wp-att-259481\"><img loading=\"lazy\" decoding=\"async\" class=\"size-medium wp-image-259481 alignleft\" src=\"https:\/\/www.radiopiu.net\/wordpress\/wp-content\/uploads\/2022\/02\/Schermata-2022-02-14-alle-13.47.25-300x224.png\" alt=\"\" width=\"300\" height=\"224\" srcset=\"https:\/\/www.radiopiu.net\/wordpress\/wp-content\/uploads\/2022\/02\/Schermata-2022-02-14-alle-13.47.25-300x224.png 300w, https:\/\/www.radiopiu.net\/wordpress\/wp-content\/uploads\/2022\/02\/Schermata-2022-02-14-alle-13.47.25-1024x766.png 1024w, https:\/\/www.radiopiu.net\/wordpress\/wp-content\/uploads\/2022\/02\/Schermata-2022-02-14-alle-13.47.25-768x574.png 768w, https:\/\/www.radiopiu.net\/wordpress\/wp-content\/uploads\/2022\/02\/Schermata-2022-02-14-alle-13.47.25.png 1308w\" sizes=\"auto, (max-width: 300px) 100vw, 300px\" \/><\/a>SOSPIROLO<\/strong> Con la sua recente opera edita dall\u2019Associazione Bellunesi nel Mondo a fine 2021, Enrico Stalliviere, ispirato da un suo vivacissimo \u2018demone\u2019 dei ricordi, presenta in una carrellata di quadri vivaci e pittoreschi, la ricca variet\u00e0 di tipi umani incontrati nel suo lungo peregrinare in Valbelluna quando era un giovane \u2018gaburo\u2019- apprendista seggiolaio ambulante &#8211; e poi &#8216;conza&#8217; maturo, testimoniando il sapere e il sapore di un mestiere antico da non dimenticare, sulla scia dei racconti gi\u00e0 narrati in &#8216;Storie di conza e gaburi&#8217; del 2012 e &#8216;Tut aldrit&#8217; del 2015. &#8220;Imbagin\u00e0. Storie Di Seggiolai Agordini&#8221; sar\u00e0 presentato dalla Biblioteca di Sospirolo in collaborazione con la Biblioteca delle Migrazioni dell\u2019Associazione Bellunesi nel mondo, venerd\u00ec 18 febbraio 2022 al Centro civico di Sospirolo, alle 20.45. L\u2019ingresso in sala \u00e8 libero muniti di Greenpass C19 rafforzato. Per informazioni: 0437 844508, biblioteca@comune.sospirolo.bl.it.<\/p>\n<p>&nbsp;<\/p>\n<p>&nbsp;<\/p>\n<hr \/>\n<p>&nbsp;<\/p>\n<blockquote>\n<h3>GRAN FINALE PER LA MOSTRA \u201cACQUA FERRO FUOCO. ARTE DELLE SPADE NEL BELLUNESE\u201d<\/h3>\n<\/blockquote>\n<p><strong>BELLUNO<\/strong> Gran finale per la mostra \u201cAcqua ferro fuoco. Arte delle spade nel Bellunese\u201d allestita nell\u2019ambito del progetto KLANG \u2013 Spade di leoni e aquile, finanziato dall\u2019UE, dal Fondo FESR e Interreg V-A Italia-Austria 2014-2020 e visitabile al terzo piano del museo civico di Belluno fino al 6 marzo: nelle due ultime settimane di apertura, anche l\u2019incontro con i conservatori di musei importanti. Marted\u00ec 22 alle 17.30 Palazzo Fulcis ospiter\u00e0 Federica Manoli del Museo Poldi Pezzoli con un intervento su \u201cGian Giacomo Poldi Pezzoli e il collezionismo di armi e armature nel XIX secolo\u201d, mentre il 1 marzo alla stessa ora l\u2019appuntamento sar\u00e0 con Andrea Bellieni della Fondazione Musei Civici di Venezia che parler\u00e0 delle \u201cAntiche armerie veneziane: dai palazzi ai Civici Musei\u201d. Le conferenze saranno online.<\/p>\n<p>&nbsp;<\/p>\n<p>&nbsp;<\/p>\n<hr \/>\n<p>&nbsp;<\/p>\n<blockquote>\n<h3>PIAZZETTA DELLE ERBE, FONTANE E SEMINARIO DUE CHIESE, PORTA RUGO I BORGHI PRA\u2019 E PIAVE<\/h3>\n<\/blockquote>\n<p><strong>di RENATO BONA<\/strong><\/p>\n<p>Tutto nell\u2019ultima parte del libro-guida di Ibrsc \u201cUna giornata a Belluno\u201d Si conclude con questo servizio la nostra osservazione di immagini e lettura delle relative didascalie del prezioso e forse anche per questo oggi introvabile libro-guida di 130 pagine \u201cUna giornata a Belluno\u201d, edito nel dicembre di 29 anni fa dall\u2019Istituto bellunese di ricerche sociali e culturali che fra l\u2019altro, in apertura, a proposito dei luoghi di cultura, sosteneva che \u201cA testimonianza della vivacit\u00e0 culturale della Citt\u00e0 non si potranno trascurare i numerosi Circoli: svolgono la loro attivit\u00e0 nei pi\u00f9 svariati campi: dai francobolli alla musica, dai funghi alla produzione dialettale, dall\u2019arte alla storia locale. In pratica, tali Circoli, per parlare solo di quelli censiti dal Comune, sono ben una sessantina e tutti si rivolgono alla popolazione locale e agli ospiti con proposte numerose e intelligenti\u201d. Prima di addentrarci nelle ultime \u201cofferte\u201d proposte nella pubblicazione, \u00e8 doveroso ricordare quanti, in base alle specifiche competenze, hanno collaborato con Ibrsc: la padovana Bertoncello arti grafiche di Cittadella per la stampa; il gruppo di operatori culturali con Andrea Basile, Sandra Bardin, Mariagrazia Bortot, Federico Bressan, Sergio Sacco; Giorgio Ghe per le foto a colori, Gigetto De Bortoli; per quelle in bianco e nero; lo studio tecnico dell\u2019architetto Roberto Reolon per la cartina topografica, la scuola di lingue Marco Polo per le traduzioni. L\u2019ultima volta eravamo giunti a Palazzo Minerva, nella via Rialto. Pochi passi e siamo nella Piazzetta delle Erbe che anticamente era chiamata Piazza del Foro perch\u00e9 \u201ccostruita sull\u2019antico forum romano, in cui si intrecciavano il cardo maximus (via Rialto e via Mezzaterra) e il cardo cumanus (via Catullo e via Valeriano). Ufficialmente \u00e8 piazza delle Erbe, per il tipo di mercato che vi si svolge. Circondata da bei palazzi e cinta da portici alla veneziana, \u00e8 complessivamente rinascimentale, piccola ma armoniosa, assai accogliente, con ambiente ideale per manifestazioni culturali e concerti nella buona stagione. Qui si trova anche il Monte di Piet\u00e0, edificio costruito nel 1531 con facciata su tre archi che prende luce da tre finestroni quadrati con inferriate sporgenti a maglia fitta. La facciata \u00e8 ornata da figurazioni come Leone di San Marco e Piet\u00e0, e da stemmi di Podest\u00e0 di Belluno. Nel sottoportico la porta che d\u00e0 sulla chiesa della Madonna della Salute che custodisce opere di Andrea Brustolon. Breve spostamento e siano davanti al Portale in pietra \u201cche regge un cancello in ferro e introduce in un cortiletto variamente caratterizzato da costruzioni eterogenee. Viene ricordato che Citt\u00e0 e Provincia hanno dato i natali a numerosi artisti del ferro battuto: Caro Rizzarda a Feltre, Nino Vergerio a Lentiai, Candido Corriani a Ponte nelle Alpi, i De Biasio nell\u2019Agordino. A lato del Portale ecco la Fontana del Seminario ex Fontana della Motta (originariamente si trovava vicino alla fortificazione omonima): tra le 9 di Belluno \u00e8 quella pi\u00f9 classica. Eretta nel 1561 reca una scritta in latino che spiega: \u201cIl magnanimo Loredan, sensibile alle difficolt\u00e0 della contrada Dojona, crea quest\u2019opera. Vena novella, tu che zampilli rediviva dopo molto tempo, crescerai come un\u2019onda per i futuri nipoti. 1561\u201d. Tocca ora sostare per il Seminario Gregoriano la cui facciata \u00e8 stata rifatta nel 1952 e che \u201cnasconde dietro a s\u00e9 il pi\u00f9 antico e noto centro storico-architettonico-culturale della Citt\u00e0, unico sopravvissuto alle requisizioni e agli incameramenti\u201d. Costruito a fine \u2018300 contiene due cortili del \u2018400 e del \u2018500. Gi\u00e0 convento dei francescani , allontanati nel 1806, appartiene alla Diocesi che vi ha insediato il Seminario intitolato a Papa Gregorio XVI, il liceo-ginnasio Alvise Lollino, la Biblioteca Gregoriana e la famosa Biblioteca Lolliniana. E siamo cos\u00ec giunti alla Chiesa di San Pietro, edificata nel 1750 al posto di quella del 1326, edificio barocco a unica navata. Accoglie le due pale lignee: Crocifissione e San Francesco Saverio, di Andrea Brustolon. Al centro dell\u2019abside la tela di Sebastiano Ricci con la \u201cSacra conversazione con la Vergine, San Pietro e San Giovanni evangelista; di Schiavone le tele con San Pietro e San Paolo. Nella Cappella Fulcis la Decollazione di San Giovanni Battista e la Pesca miracolosa dell\u2019obolo di San Pietro, pure del Ricci. Qualche decina di metri oltre, sorge la chiesa, ora sconsacrata di Santa Maria dei Battuti, ora propriet\u00e0 dell\u2019Archivio di Stato, che era stata edificata verso il 1330. La torre campanaria \u00e8 del 1415. Avviandoci alla conclusione non possiamo trascurare Porta Rugo, costruita nel 1300 e ristrutturata nel 1622, dalla quale si usciva dalla citt\u00e0 per recarsi nei borghi Pra e Piave. Il primo, unito alla Citt\u00e0 con un ponte sull\u2019Ardo, annovera palazzi e botteghe testimoni di una prosperosa vita del passato; il secondo, disposto sulla riva del Piave, era luogo dove attraccavano le zattere nel piccolo porticciolo. La chiesa \u00e8 dedicata a San Nicol\u00f2, patrono di tutti coloro che percorrono mari e fiumi. Borgo Piave ha ripreso a vivere e a ornarsi come testimoniano, fra l\u2019altro, le scalette di accesso. Un salto per ammirare lungo la strada provinciale della Sinistra Piave la chiesetta di San Pellegrino costruita nel 1532 e poi rimaneggiata; ora fa parte della Villa Buzzati. E torniamo in centro, chiudendo con la Statua di San Lucano a proposito della quale si pu\u00f2 leggere: \u201dLe fontane antiche di Belluno hanno una cuspide tutte tendenti alla piramide o al cono anche quando portano una statua, come quella di Piazza del Mercato che rappresenta l\u2019apostolo dei bellunesi ossia il vescovo san Lucano. La devozione dei cittadini per i Santi protettori \u00e8 visibile anche in questi manufatti, auspicio di protezione e di benedizione dal Cielo\u201d.<\/p>\n\n\t\t\t<style type='text\/css'>\n\t\t\t\t#gallery-7 {\n\t\t\t\t\tmargin: auto;\n\t\t\t\t}\n\t\t\t\t#gallery-7 .gallery-item {\n\t\t\t\t\tfloat: left;\n\t\t\t\t\tmargin-top: 10px;\n\t\t\t\t\ttext-align: center;\n\t\t\t\t\twidth: 14%;\n\t\t\t\t}\n\t\t\t\t#gallery-7 img {\n\t\t\t\t\tborder: 2px solid #cfcfcf;\n\t\t\t\t}\n\t\t\t\t#gallery-7 .gallery-caption {\n\t\t\t\t\tmargin-left: 0;\n\t\t\t\t}\n\t\t\t\t\/* see gallery_shortcode() in wp-includes\/media.php *\/\n\t\t\t<\/style>\n\t\t<div id='gallery-7' class='dt-gallery-container gallery galleryid-259544 gallery-columns-7 gallery-size-thumbnail'><dl class='gallery-item'>\n\t\t\t\t<dt class='gallery-icon portrait'>\n\t\t\t\t\t<a class=\"rollover rollover-zoom dt-pswp-item\" title=\"273731925_499082234964631_8708993151239395640_n\" data-dt-img-description=\"\" data-large_image_width=\"160\" data-large_image_height=\"203\"href='https:\/\/www.radiopiu.net\/wordpress\/wp-content\/uploads\/2022\/02\/273731925_499082234964631_8708993151239395640_n.jpg'><img loading=\"lazy\" decoding=\"async\" width=\"150\" height=\"150\" src=\"https:\/\/www.radiopiu.net\/wordpress\/wp-content\/uploads\/2022\/02\/273731925_499082234964631_8708993151239395640_n-150x150.jpg\" class=\"attachment-thumbnail size-thumbnail\" alt=\"\" \/><\/a>\n\t\t\t\t<\/dt><\/dl><dl class='gallery-item'>\n\t\t\t\t<dt class='gallery-icon portrait'>\n\t\t\t\t\t<a class=\"rollover rollover-zoom dt-pswp-item\" title=\"273619416_3178508699134597_5730229665953545346_n\" data-dt-img-description=\"\" data-large_image_width=\"159\" data-large_image_height=\"225\"href='https:\/\/www.radiopiu.net\/wordpress\/wp-content\/uploads\/2022\/02\/273619416_3178508699134597_5730229665953545346_n.jpg'><img loading=\"lazy\" decoding=\"async\" width=\"150\" height=\"150\" src=\"https:\/\/www.radiopiu.net\/wordpress\/wp-content\/uploads\/2022\/02\/273619416_3178508699134597_5730229665953545346_n-150x150.jpg\" class=\"attachment-thumbnail size-thumbnail\" alt=\"\" \/><\/a>\n\t\t\t\t<\/dt><\/dl><dl class='gallery-item'>\n\t\t\t\t<dt class='gallery-icon portrait'>\n\t\t\t\t\t<a class=\"rollover rollover-zoom dt-pswp-item\" title=\"272929481_900873210580634_3529975386948879537_n\" data-dt-img-description=\"\" data-large_image_width=\"156\" data-large_image_height=\"225\"href='https:\/\/www.radiopiu.net\/wordpress\/wp-content\/uploads\/2022\/02\/272929481_900873210580634_3529975386948879537_n.jpg'><img loading=\"lazy\" decoding=\"async\" width=\"150\" height=\"150\" src=\"https:\/\/www.radiopiu.net\/wordpress\/wp-content\/uploads\/2022\/02\/272929481_900873210580634_3529975386948879537_n-150x150.jpg\" class=\"attachment-thumbnail size-thumbnail\" alt=\"\" \/><\/a>\n\t\t\t\t<\/dt><\/dl><dl class='gallery-item'>\n\t\t\t\t<dt class='gallery-icon portrait'>\n\t\t\t\t\t<a class=\"rollover rollover-zoom dt-pswp-item\" title=\"272859672_2879860562313254_5556765875884159974_n\" data-dt-img-description=\"\" data-large_image_width=\"155\" data-large_image_height=\"240\"href='https:\/\/www.radiopiu.net\/wordpress\/wp-content\/uploads\/2022\/02\/272859672_2879860562313254_5556765875884159974_n.jpg'><img loading=\"lazy\" decoding=\"async\" width=\"150\" height=\"150\" src=\"https:\/\/www.radiopiu.net\/wordpress\/wp-content\/uploads\/2022\/02\/272859672_2879860562313254_5556765875884159974_n-150x150.jpg\" class=\"attachment-thumbnail size-thumbnail\" alt=\"\" \/><\/a>\n\t\t\t\t<\/dt><\/dl><dl class='gallery-item'>\n\t\t\t\t<dt class='gallery-icon portrait'>\n\t\t\t\t\t<a class=\"rollover rollover-zoom dt-pswp-item\" title=\"273719103_912626392735883_2256624335069037827_n\" data-dt-img-description=\"\" data-large_image_width=\"160\" data-large_image_height=\"201\"href='https:\/\/www.radiopiu.net\/wordpress\/wp-content\/uploads\/2022\/02\/273719103_912626392735883_2256624335069037827_n.jpg'><img loading=\"lazy\" decoding=\"async\" width=\"150\" height=\"150\" src=\"https:\/\/www.radiopiu.net\/wordpress\/wp-content\/uploads\/2022\/02\/273719103_912626392735883_2256624335069037827_n-150x150.jpg\" class=\"attachment-thumbnail size-thumbnail\" alt=\"\" \/><\/a>\n\t\t\t\t<\/dt><\/dl><dl class='gallery-item'>\n\t\t\t\t<dt class='gallery-icon portrait'>\n\t\t\t\t\t<a class=\"rollover rollover-zoom dt-pswp-item\" title=\"273730421_1250450189142090_7045631120052653125_n\" data-dt-img-description=\"\" data-large_image_width=\"153\" data-large_image_height=\"240\"href='https:\/\/www.radiopiu.net\/wordpress\/wp-content\/uploads\/2022\/02\/273730421_1250450189142090_7045631120052653125_n.jpg'><img loading=\"lazy\" decoding=\"async\" width=\"150\" height=\"150\" src=\"https:\/\/www.radiopiu.net\/wordpress\/wp-content\/uploads\/2022\/02\/273730421_1250450189142090_7045631120052653125_n-150x150.jpg\" class=\"attachment-thumbnail size-thumbnail\" alt=\"\" \/><\/a>\n\t\t\t\t<\/dt><\/dl><dl class='gallery-item'>\n\t\t\t\t<dt class='gallery-icon portrait'>\n\t\t\t\t\t<a class=\"rollover rollover-zoom dt-pswp-item\" title=\"273258426_495124365467351_2122913146570039180_n\" data-dt-img-description=\"\" data-large_image_width=\"152\" data-large_image_height=\"225\"href='https:\/\/www.radiopiu.net\/wordpress\/wp-content\/uploads\/2022\/02\/273258426_495124365467351_2122913146570039180_n.jpg'><img loading=\"lazy\" decoding=\"async\" width=\"150\" height=\"150\" src=\"https:\/\/www.radiopiu.net\/wordpress\/wp-content\/uploads\/2022\/02\/273258426_495124365467351_2122913146570039180_n-150x150.jpg\" class=\"attachment-thumbnail size-thumbnail\" alt=\"\" \/><\/a>\n\t\t\t\t<\/dt><\/dl><br style=\"clear: both\" \/><dl class='gallery-item'>\n\t\t\t\t<dt class='gallery-icon portrait'>\n\t\t\t\t\t<a class=\"rollover rollover-zoom dt-pswp-item\" title=\"258851223_1168460227053456_6255018430672884940_n\" data-dt-img-description=\"\" data-large_image_width=\"152\" data-large_image_height=\"247\"href='https:\/\/www.radiopiu.net\/wordpress\/wp-content\/uploads\/2022\/02\/258851223_1168460227053456_6255018430672884940_n.jpg'><img loading=\"lazy\" decoding=\"async\" width=\"150\" height=\"150\" src=\"https:\/\/www.radiopiu.net\/wordpress\/wp-content\/uploads\/2022\/02\/258851223_1168460227053456_6255018430672884940_n-150x150.jpg\" class=\"attachment-thumbnail size-thumbnail\" alt=\"\" \/><\/a>\n\t\t\t\t<\/dt><\/dl><dl class='gallery-item'>\n\t\t\t\t<dt class='gallery-icon portrait'>\n\t\t\t\t\t<a class=\"rollover rollover-zoom dt-pswp-item\" title=\"273241928_631586768167909_2686570633486996053_n\" data-dt-img-description=\"\" data-large_image_width=\"158\" data-large_image_height=\"225\"href='https:\/\/www.radiopiu.net\/wordpress\/wp-content\/uploads\/2022\/02\/273241928_631586768167909_2686570633486996053_n.jpg'><img loading=\"lazy\" decoding=\"async\" width=\"150\" height=\"150\" src=\"https:\/\/www.radiopiu.net\/wordpress\/wp-content\/uploads\/2022\/02\/273241928_631586768167909_2686570633486996053_n-150x150.jpg\" class=\"attachment-thumbnail size-thumbnail\" alt=\"\" \/><\/a>\n\t\t\t\t<\/dt><\/dl><dl class='gallery-item'>\n\t\t\t\t<dt class='gallery-icon portrait'>\n\t\t\t\t\t<a class=\"rollover rollover-zoom dt-pswp-item\" title=\"273689644_273380144876018_834304143065912852_n\" data-dt-img-description=\"\" data-large_image_width=\"157\" data-large_image_height=\"225\"href='https:\/\/www.radiopiu.net\/wordpress\/wp-content\/uploads\/2022\/02\/273689644_273380144876018_834304143065912852_n.jpg'><img loading=\"lazy\" decoding=\"async\" width=\"150\" height=\"150\" src=\"https:\/\/www.radiopiu.net\/wordpress\/wp-content\/uploads\/2022\/02\/273689644_273380144876018_834304143065912852_n-150x150.jpg\" class=\"attachment-thumbnail size-thumbnail\" alt=\"\" \/><\/a>\n\t\t\t\t<\/dt><\/dl><dl class='gallery-item'>\n\t\t\t\t<dt class='gallery-icon portrait'>\n\t\t\t\t\t<a class=\"rollover rollover-zoom dt-pswp-item\" title=\"273066895_478829940533250_6336045507969913274_n\" data-dt-img-description=\"\" data-large_image_width=\"153\" data-large_image_height=\"240\"href='https:\/\/www.radiopiu.net\/wordpress\/wp-content\/uploads\/2022\/02\/273066895_478829940533250_6336045507969913274_n.jpg'><img loading=\"lazy\" decoding=\"async\" width=\"150\" height=\"150\" src=\"https:\/\/www.radiopiu.net\/wordpress\/wp-content\/uploads\/2022\/02\/273066895_478829940533250_6336045507969913274_n-150x150.jpg\" class=\"attachment-thumbnail size-thumbnail\" alt=\"\" \/><\/a>\n\t\t\t\t<\/dt><\/dl><dl class='gallery-item'>\n\t\t\t\t<dt class='gallery-icon portrait'>\n\t\t\t\t\t<a class=\"rollover rollover-zoom dt-pswp-item\" title=\"273046867_292702972850839_8816498421257682185_n\" data-dt-img-description=\"\" data-large_image_width=\"149\" data-large_image_height=\"247\"href='https:\/\/www.radiopiu.net\/wordpress\/wp-content\/uploads\/2022\/02\/273046867_292702972850839_8816498421257682185_n.jpg'><img loading=\"lazy\" decoding=\"async\" width=\"149\" height=\"150\" src=\"https:\/\/www.radiopiu.net\/wordpress\/wp-content\/uploads\/2022\/02\/273046867_292702972850839_8816498421257682185_n-149x150.jpg\" class=\"attachment-thumbnail size-thumbnail\" alt=\"\" \/><\/a>\n\t\t\t\t<\/dt><\/dl><dl class='gallery-item'>\n\t\t\t\t<dt class='gallery-icon portrait'>\n\t\t\t\t\t<a class=\"rollover rollover-zoom dt-pswp-item\" title=\"272831589_647704533156694_4381956035093008865_n\" data-dt-img-description=\"\" data-large_image_width=\"160\" data-large_image_height=\"280\"href='https:\/\/www.radiopiu.net\/wordpress\/wp-content\/uploads\/2022\/02\/272831589_647704533156694_4381956035093008865_n.jpg'><img loading=\"lazy\" decoding=\"async\" width=\"150\" height=\"150\" src=\"https:\/\/www.radiopiu.net\/wordpress\/wp-content\/uploads\/2022\/02\/272831589_647704533156694_4381956035093008865_n-150x150.jpg\" class=\"attachment-thumbnail size-thumbnail\" alt=\"\" \/><\/a>\n\t\t\t\t<\/dt><\/dl><dl class='gallery-item'>\n\t\t\t\t<dt class='gallery-icon portrait'>\n\t\t\t\t\t<a class=\"rollover rollover-zoom dt-pswp-item\" title=\"273179015_1574262149613138_5179717442836785900_n\" data-dt-img-description=\"\" data-large_image_width=\"154\" data-large_image_height=\"240\"href='https:\/\/www.radiopiu.net\/wordpress\/wp-content\/uploads\/2022\/02\/273179015_1574262149613138_5179717442836785900_n.jpg'><img loading=\"lazy\" decoding=\"async\" width=\"150\" height=\"150\" src=\"https:\/\/www.radiopiu.net\/wordpress\/wp-content\/uploads\/2022\/02\/273179015_1574262149613138_5179717442836785900_n-150x150.jpg\" class=\"attachment-thumbnail size-thumbnail\" alt=\"\" \/><\/a>\n\t\t\t\t<\/dt><\/dl><br style=\"clear: both\" \/>\n\t\t\t<\/div>\n\n<p>&nbsp;<\/p>\n<p>NELLE FOTO (riproduzioni dal libro-guida \u201cUna giornata a Belluno\u201d): scorcio di Piazza delle Erbe; il Monte di Piet\u00e0; portale in pietra; Fontana del Seminario; facciata del Seminario Gregoriano; il chiostro piccolo all\u2019interno; il chiostro grande e la chiesa di San Pietro; interno di San Pietro; ex chiesa di Santa Maria dei Battuti; Porta Rugo; scorcio di Borgo Pra; Scalette di Borgo Piave; chiesetta di San Pellegrino; San Lucano \u201cl\u2019apostolo dei bellunesi\u201d in versione invernale.<\/p>\n<p>&nbsp;<\/p>\n<hr \/>\n<p>&nbsp;<\/p>\n<h2><span style=\"color: #ff0000;\">IERI ALLA RADIO<\/span><\/h2>\n<h2><span style=\"color: #808000;\">ALLO ZERO TERMICO: VALERIO SCARPA<\/span><\/h2>\n<blockquote><p><em><a href=\"https:\/\/www.radiopiu.net\/wordpress\/salviamo-gli-impollinatori-il-progetto-di-studio-e-monitoraggio-avviato-dal-parco-nel-2020-prosegue-anche-questanno\/ape-polline\/\" rel=\"attachment wp-att-192404\"><img loading=\"lazy\" decoding=\"async\" class=\" wp-image-192404 alignleft\" src=\"https:\/\/www.radiopiu.net\/wordpress\/wp-content\/uploads\/2021\/02\/APE-POLLINE-300x199.jpg\" alt=\"\" width=\"182\" height=\"121\" srcset=\"https:\/\/www.radiopiu.net\/wordpress\/wp-content\/uploads\/2021\/02\/APE-POLLINE-300x199.jpg 300w, https:\/\/www.radiopiu.net\/wordpress\/wp-content\/uploads\/2021\/02\/APE-POLLINE-1024x680.jpg 1024w, https:\/\/www.radiopiu.net\/wordpress\/wp-content\/uploads\/2021\/02\/APE-POLLINE-768x510.jpg 768w, https:\/\/www.radiopiu.net\/wordpress\/wp-content\/uploads\/2021\/02\/APE-POLLINE-1536x1020.jpg 1536w, https:\/\/www.radiopiu.net\/wordpress\/wp-content\/uploads\/2021\/02\/APE-POLLINE.jpg 1920w\" sizes=\"auto, (max-width: 182px) 100vw, 182px\" \/><\/a>ZERO TERMICO E\u2019 UN VIAGGIO ALLA SCOPERTA DEL NOSTRO TERRITORIO, DALLA VOCE DEI PROTAGONISTI. TURISMO, SPORT, EVENTI, CULTURA, INTRATTENIMENTO. DAL LUNEDI\u2019 AL VENERDI ALLE 15.10 ALLE 20.30. ZERO TERMICO. UN APPUNTAMENTO IN COLLABORAZIONE CON: SPORT 203. LA NATURALE PORTA D\u2019INGRESSO\u2026.VERSO LO ZERO TERMICO. LOCALITA\u2019 LE CAMPE STRADA AGORDO BELLUNO. ABBIGLIAMENTO E ATTREZZATURA\u2026.DEDICATI A CHI AMA LA MONTAGNA.<\/em><\/p><\/blockquote>\n<p><strong>di Claudio Fontanive<\/strong><\/p>\n<p><strong>PUNTATA 26, CON MIRCO TANCON E OMAR BALCON DI APIDOLOMITI<\/strong><\/p>\n<p><span style=\"color: #ff0000;\">AUDIO\u00a0<\/span><\/p>\n<audio class=\"wp-audio-shortcode\" id=\"audio-259544-6\" preload=\"none\" style=\"width: 100%;\" controls=\"controls\"><source type=\"audio\/mpeg\" src=\"https:\/\/www.radiopiu.net\/wordpress\/wp-content\/uploads\/2022\/02\/omar-balcon-mirco-tancon-15-febbraio.mp3?_=6\" \/><a href=\"https:\/\/www.radiopiu.net\/wordpress\/wp-content\/uploads\/2022\/02\/omar-balcon-mirco-tancon-15-febbraio.mp3\">https:\/\/www.radiopiu.net\/wordpress\/wp-content\/uploads\/2022\/02\/omar-balcon-mirco-tancon-15-febbraio.mp3<\/a><\/audio>\n<p>&nbsp;<\/p>\n<hr \/>\n<p>&nbsp;<\/p>\n<p><strong>TUTTI I LUNEDI ALLE 10,30 E 1900, LA DOMENICA ALLE 8 007 IN CONDOTTA, LA SCUOLA CON LA PROF. MARIA ROSA SALMAZO E CLAUDIO FONTANIVE, IN PODCAST TUTTE LE PUNTATE DELLE ULTIME STAGIONI.<\/strong><\/p>\n<p>&nbsp;<\/p>\n<blockquote class=\"wp-embedded-content\" data-secret=\"4kNycfMtq1\"><p><a href=\"https:\/\/www.radiopiu.net\/wordpress\/007incondotta-9\/\">007 in condotta<\/a><\/p><\/blockquote>\n<p><iframe loading=\"lazy\" class=\"wp-embedded-content\" sandbox=\"allow-scripts\" security=\"restricted\" style=\"position: absolute; clip: rect(1px, 1px, 1px, 1px);\" title=\"&#8220;007 in condotta&#8221; &#8212; Radio Pi\u00f9\" src=\"https:\/\/www.radiopiu.net\/wordpress\/007incondotta-9\/embed\/#?secret=4kNycfMtq1\" data-secret=\"4kNycfMtq1\" width=\"600\" height=\"338\" frameborder=\"0\" marginwidth=\"0\" marginheight=\"0\" scrolling=\"no\"><\/iframe><\/p>\n<p>&nbsp;<\/p>\n<hr \/>\n<p>&nbsp;<\/p>\n<p>&nbsp;<\/p>\n<blockquote class=\"wp-embedded-content\" data-secret=\"sCj2YLxTtB\"><p><a href=\"https:\/\/www.radiopiu.net\/wordpress\/raccoltaso1\/\">LA RACCOLTA: 160 BATTUTE&#8230;SMS IN RIVA, di Sostene Schena<\/a><\/p><\/blockquote>\n<p><iframe loading=\"lazy\" class=\"wp-embedded-content\" sandbox=\"allow-scripts\" security=\"restricted\" style=\"position: absolute; clip: rect(1px, 1px, 1px, 1px);\" title=\"&#8220;LA RACCOLTA: 160 BATTUTE&#8230;SMS IN RIVA, di Sostene Schena&#8221; &#8212; Radio Pi\u00f9\" src=\"https:\/\/www.radiopiu.net\/wordpress\/raccoltaso1\/embed\/#?secret=sCj2YLxTtB\" data-secret=\"sCj2YLxTtB\" width=\"600\" height=\"338\" frameborder=\"0\" marginwidth=\"0\" marginheight=\"0\" scrolling=\"no\"><\/iframe><\/p>\n<p>&nbsp;<\/p>\n<hr \/>\n<p>&nbsp;<\/p>\n<div>\n<div class=\"b654a4as d2edcug0\">\n<div class=\"rq0escxv hkbzh7o3 jwdofwj8 n8tt0mok r8blr3vg hyh9befq\">\n<p><a class=\"dt-pswp-item\" href=\"https:\/\/www.radiopiu.net\/wordpress\/wp-content\/uploads\/2020\/10\/pp.jpg\" data-dt-img-description=\"\" data-large_image_width=\"640\" data-large_image_height=\"640\"><img loading=\"lazy\" decoding=\"async\" class=\"wp-image-163678 alignleft\" src=\"https:\/\/www.radiopiu.net\/wordpress\/wp-content\/uploads\/2020\/10\/pp-300x300.jpg\" alt=\"\" width=\"106\" height=\"106\" srcset=\"https:\/\/www.radiopiu.net\/wordpress\/wp-content\/uploads\/2020\/10\/pp-300x300.jpg 300w, https:\/\/www.radiopiu.net\/wordpress\/wp-content\/uploads\/2020\/10\/pp-150x150.jpg 150w, https:\/\/www.radiopiu.net\/wordpress\/wp-content\/uploads\/2020\/10\/pp-125x125.jpg 125w, https:\/\/www.radiopiu.net\/wordpress\/wp-content\/uploads\/2020\/10\/pp-200x200.jpg 200w, https:\/\/www.radiopiu.net\/wordpress\/wp-content\/uploads\/2020\/10\/pp-80x80.jpg 80w, https:\/\/www.radiopiu.net\/wordpress\/wp-content\/uploads\/2020\/10\/pp-480x480.jpg 480w, https:\/\/www.radiopiu.net\/wordpress\/wp-content\/uploads\/2020\/10\/pp.jpg 640w\" sizes=\"auto, (max-width: 106px) 100vw, 106px\" \/><\/a><\/p>\n<\/div>\n<\/div>\n<\/div>\n<div>\n<div class=\"page-title-head hgroup\">\n<div class=\"page-title-head hgroup\">\n<div class=\"b654a4as d2edcug0\">\n<div class=\"j83agx80 btwxx1t3 lhclo0ds hop8lmos nkwizq5d scwd0bx6 roh60bw9\">\n<div class=\"rq0escxv hkbzh7o3 jwdofwj8 n8tt0mok r8blr3vg hyh9befq\">\n<div class=\"do00u71z l9j0dhe7 k4urcfbm\">\n<h2><span style=\"color: #000080;\">\u00a0<\/span><span style=\"color: #000080;\">DON CESARE, IL PENSIERO DEL GIORNO. ALLA RADIO ALLE 7 DEL MATTINO E ALLE 19.30 DELLA SERA.<\/span><\/h2>\n<\/div>\n<div class=\"do00u71z l9j0dhe7 k4urcfbm\">\n<audio class=\"wp-audio-shortcode\" id=\"audio-259544-7\" preload=\"none\" style=\"width: 100%;\" controls=\"controls\"><source type=\"audio\/mpeg\" src=\"https:\/\/www.radiopiu.net\/wordpress\/wp-content\/uploads\/2022\/02\/CESARE-5.mp3?_=7\" \/><a href=\"https:\/\/www.radiopiu.net\/wordpress\/wp-content\/uploads\/2022\/02\/CESARE-5.mp3\">https:\/\/www.radiopiu.net\/wordpress\/wp-content\/uploads\/2022\/02\/CESARE-5.mp3<\/a><\/audio>\n<p>&nbsp;<\/p>\n<hr \/>\n<p>&nbsp;<\/p>\n<h3 class=\"kvgmc6g5 cxmmr5t8 oygrvhab hcukyx3x c1et5uql\"><span style=\"color: #0000ff;\"><strong>INFORMAZIONE il canale su TELEGRAM informazione di prima mano e in tempo reale. iscriviti ed aiutaci a farlo conoscere\u00a0\u00a0<\/strong><\/span><\/h3>\n<p>&nbsp;<\/p>\n<p>&nbsp;<\/p>\n<hr \/>\n<p>&nbsp;<\/p>\n<div class=\"do00u71z l9j0dhe7 k4urcfbm\">\n<div>\n<div class=\"page-title-head hgroup\">\n<div class=\"page-title-head hgroup\">\n<div class=\"b654a4as d2edcug0\">\n<div class=\"j83agx80 btwxx1t3 lhclo0ds hop8lmos nkwizq5d scwd0bx6 roh60bw9\">\n<div class=\"rq0escxv hkbzh7o3 jwdofwj8 n8tt0mok r8blr3vg hyh9befq\">\n<div class=\"do00u71z l9j0dhe7 k4urcfbm\">\n<div class=\"page-title-head hgroup\">\n<div class=\"page-title-head hgroup\">\n<div class=\"b654a4as d2edcug0\">\n<div class=\"j83agx80 btwxx1t3 lhclo0ds hop8lmos nkwizq5d scwd0bx6 roh60bw9\">\n<div class=\"rq0escxv hkbzh7o3 jwdofwj8 n8tt0mok r8blr3vg hyh9befq\">\n<div class=\"do00u71z l9j0dhe7 k4urcfbm\">\n<div class=\"ecm0bbzt e5nlhep0 a8c37x1j\">\n<div class=\"kvgmc6g5 cxmmr5t8 oygrvhab hcukyx3x c1et5uql\">\n<div class=\"gmail-kvgmc6g5 gmail-cxmmr5t8 gmail-oygrvhab gmail-hcukyx3x gmail-c1et5uql gmail-ii04i59q\">\n<div class=\"page-title-head hgroup\">\n<div class=\"page-title-head hgroup\">\n<div class=\"b654a4as d2edcug0\">\n<div class=\"j83agx80 btwxx1t3 lhclo0ds hop8lmos nkwizq5d scwd0bx6 roh60bw9\">\n<div class=\"rq0escxv hkbzh7o3 jwdofwj8 n8tt0mok r8blr3vg hyh9befq\">\n<div class=\"do00u71z l9j0dhe7 k4urcfbm\">\n<div class=\"page-title-head hgroup\">\n<div class=\"page-title-head hgroup\">\n<div class=\"b654a4as d2edcug0\">\n<div class=\"j83agx80 btwxx1t3 lhclo0ds hop8lmos nkwizq5d scwd0bx6 roh60bw9\">\n<div class=\"rq0escxv hkbzh7o3 jwdofwj8 n8tt0mok r8blr3vg hyh9befq\">\n<div class=\"do00u71z l9j0dhe7 k4urcfbm\">\n<div>\n<div class=\"page-title-head hgroup\">\n<div class=\"page-title-head hgroup\">\n<div class=\"b654a4as d2edcug0\">\n<div class=\"j83agx80 btwxx1t3 lhclo0ds hop8lmos nkwizq5d scwd0bx6 roh60bw9\">\n<div class=\"rq0escxv hkbzh7o3 jwdofwj8 n8tt0mok r8blr3vg hyh9befq\">\n<div class=\"do00u71z l9j0dhe7 k4urcfbm\">\n<div class=\"ecm0bbzt e5nlhep0 a8c37x1j\">\n<div class=\"kvgmc6g5 cxmmr5t8 oygrvhab hcukyx3x c1et5uql\">\n<div class=\"gmail-kvgmc6g5 gmail-cxmmr5t8 gmail-oygrvhab gmail-hcukyx3x gmail-c1et5uql gmail-ii04i59q\">\n<div class=\"page-title-head hgroup\">\n<div class=\"page-title-head hgroup\">\n<div class=\"b654a4as d2edcug0\">\n<div class=\"j83agx80 btwxx1t3 lhclo0ds hop8lmos nkwizq5d scwd0bx6 roh60bw9\">\n<div class=\"rq0escxv hkbzh7o3 jwdofwj8 n8tt0mok r8blr3vg hyh9befq\">\n<div class=\"do00u71z l9j0dhe7 k4urcfbm\">\n<blockquote>\n<h3><span style=\"color: #ff0000;\">IN VIVO VERSO, SETTIMA STAGIONE CON BRUNELLA MORO, DAL LUNEDI AL VENERDI ALLE 7.10, 10.10 E 18.50\u00a0\u00a0<\/span><\/h3>\n<\/blockquote>\n<h3>SOLITUDINE di ALFONSO PRETEL<\/h3>\n<p>AUDIO<\/p>\n<audio class=\"wp-audio-shortcode\" id=\"audio-259544-8\" preload=\"none\" style=\"width: 100%;\" controls=\"controls\"><source type=\"audio\/mpeg\" src=\"https:\/\/www.radiopiu.net\/wordpress\/wp-content\/uploads\/2022\/02\/02-ALFONSO-PRETEL-SOLITUDINE.mp3?_=8\" \/><a href=\"https:\/\/www.radiopiu.net\/wordpress\/wp-content\/uploads\/2022\/02\/02-ALFONSO-PRETEL-SOLITUDINE.mp3\">https:\/\/www.radiopiu.net\/wordpress\/wp-content\/uploads\/2022\/02\/02-ALFONSO-PRETEL-SOLITUDINE.mp3<\/a><\/audio>\n<p>&nbsp;<\/p>\n<p><strong><img loading=\"lazy\" decoding=\"async\" class=\"alignleft\" src=\"https:\/\/www.radiopiu.net\/wordpress\/wp-content\/uploads\/2022\/02\/2-ALFONSO-PRETEL-FOTO.jpg\" width=\"150\" height=\"200\" \/>SOLITUDINE<\/strong><\/p>\n<p>Solitudine,<br \/>\nlo stato desiderato<br \/>\ndall&#8217;infinito<br \/>\nche ogni uomo tenta<br \/>\ndi percorrere amando.<br \/>\nSilenzio puro<br \/>\ne preghiera zitta<br \/>\nper tutti gli altri<br \/>\nche si credono vicini<br \/>\nai nostri sentieri.<br \/>\nMa distanziati<br \/>\ndei passi dell&#8217;anima<br \/>\ncol loro rumore<br \/>\nsullo spirito lungo<br \/>\nd&#8217;erba, pietra o fango.<br \/>\nMarciare cos\u00ec<br \/>\n\u00e8 una necessit\u00e0<br \/>\nineluttabile<br \/>\nperch\u00e9 Dio solo guida<br \/>\nalle bussole uniche.<\/p>\n<p><strong>LA RACCOLTA COMPLETA\u00a0 \u00a0<\/strong><\/p>\n<blockquote class=\"wp-embedded-content\" data-secret=\"eiDubHTUaU\"><p><a href=\"https:\/\/www.radiopiu.net\/wordpress\/in-vivo-verso\/\">In Vivo Verso<\/a><\/p><\/blockquote>\n<p><iframe loading=\"lazy\" class=\"wp-embedded-content\" sandbox=\"allow-scripts\" security=\"restricted\" style=\"position: absolute; clip: rect(1px, 1px, 1px, 1px);\" title=\"&#8220;In Vivo Verso&#8221; &#8212; Radio Pi\u00f9\" src=\"https:\/\/www.radiopiu.net\/wordpress\/in-vivo-verso\/embed\/#?secret=eiDubHTUaU\" data-secret=\"eiDubHTUaU\" width=\"600\" height=\"338\" frameborder=\"0\" marginwidth=\"0\" marginheight=\"0\" scrolling=\"no\"><\/iframe><\/p>\n<p>&nbsp;<\/p>\n<hr \/>\n<p>&nbsp;<\/p>\n<h2><span style=\"color: #808000;\">GOCCE DI FILOSOFIA<\/span><\/h2>\n<p><strong>PUNTATA 137 CON LISA DE LUCA<\/strong><\/p>\n<audio class=\"wp-audio-shortcode\" id=\"audio-259544-9\" preload=\"none\" style=\"width: 100%;\" controls=\"controls\"><source type=\"audio\/mpeg\" src=\"https:\/\/www.radiopiu.net\/wordpress\/wp-content\/uploads\/2022\/02\/FI2-1.mp3?_=9\" \/><a href=\"https:\/\/www.radiopiu.net\/wordpress\/wp-content\/uploads\/2022\/02\/FI2-1.mp3\">https:\/\/www.radiopiu.net\/wordpress\/wp-content\/uploads\/2022\/02\/FI2-1.mp3<\/a><\/audio>\n<p>&nbsp;<\/p>\n<p><strong>raccolta completa<\/strong><\/p>\n<blockquote class=\"wp-embedded-content\" data-secret=\"eBTSMlwkSV\"><p><a href=\"https:\/\/www.radiopiu.net\/wordpress\/gocce-filosofia\/\">Gocce di filosofia, PRIMA E SECONDA STAGIONE 2022<\/a><\/p><\/blockquote>\n<p><iframe loading=\"lazy\" class=\"wp-embedded-content\" sandbox=\"allow-scripts\" security=\"restricted\" style=\"position: absolute; clip: rect(1px, 1px, 1px, 1px);\" title=\"&#8220;Gocce di filosofia, PRIMA E SECONDA STAGIONE 2022&#8221; &#8212; Radio Pi\u00f9\" src=\"https:\/\/www.radiopiu.net\/wordpress\/gocce-filosofia\/embed\/#?secret=eBTSMlwkSV\" data-secret=\"eBTSMlwkSV\" width=\"600\" height=\"338\" frameborder=\"0\" marginwidth=\"0\" marginheight=\"0\" scrolling=\"no\"><\/iframe><\/p>\n<p>&nbsp;<\/p>\n<hr \/>\n<p>&nbsp;<\/p>\n<p><span style=\"color: #0000ff;\">MUSICA PIU&#8217;\u00a0<\/span><\/p>\n<p><a href=\"https:\/\/www.radiopiu.net\/wordpress\/giornale-radiopiu-20-settembre-2021-direttore-mirko-mezzacasa\/pp-79\/\" rel=\"attachment wp-att-232921\"><img loading=\"lazy\" decoding=\"async\" class=\"wp-image-232921 alignleft\" src=\"https:\/\/www.radiopiu.net\/wordpress\/wp-content\/uploads\/2021\/09\/pp-1-300x300.jpg\" alt=\"\" width=\"135\" height=\"135\" srcset=\"https:\/\/www.radiopiu.net\/wordpress\/wp-content\/uploads\/2021\/09\/pp-1-300x300.jpg 300w, https:\/\/www.radiopiu.net\/wordpress\/wp-content\/uploads\/2021\/09\/pp-1-150x150.jpg 150w, https:\/\/www.radiopiu.net\/wordpress\/wp-content\/uploads\/2021\/09\/pp-1.jpg 640w\" sizes=\"auto, (max-width: 135px) 100vw, 135px\" \/><\/a><\/p>\n<div class=\"mkdf-post-text\">\n<div class=\"mkdf-post-text-inner\">\n<div class=\"mkdf-post-text-main\">\n<div class=\"mkdf-post-text\">\n<div class=\"mkdf-post-text-inner\">\n<div class=\"mkdf-post-text-main\">\n<div class=\"mkdf-post-text\">\n<div class=\"mkdf-post-text-inner\">\n<div class=\"mkdf-post-text-main\">\n<div class=\"page-title-head hgroup\">\n<div class=\"page-title-head hgroup\">\n<div class=\"mkdf-post-text\">\n<div class=\"mkdf-post-text-inner\">\n<div class=\"mkdf-post-text-main\">\n<div class=\"mkdf-post-text\">\n<div class=\"mkdf-post-text-inner\">\n<div class=\"mkdf-post-text-main\">\n<div class=\"page-title-head hgroup\">\n<div class=\"page-title-head hgroup\">\n<div class=\"page-title-head hgroup\">\n<div class=\"page-title-head hgroup\">\n<div class=\"b654a4as d2edcug0\">\n<div class=\"page-title-head hgroup\">\n<div class=\"page-title-head hgroup\">\n<div class=\"page-title-head hgroup\">\n<div class=\"page-title-head hgroup\">\n<div class=\"b654a4as d2edcug0\">\n<div class=\"page-title-head hgroup\">\n<div class=\"page-title-head hgroup\">\n<div class=\"page-title-head hgroup\">\n<div class=\"page-title-head hgroup\">\n<div class=\"b654a4as d2edcug0\">\n<div class=\"mkdf-post-text\">\n<div class=\"mkdf-post-text-inner\">\n<div class=\"mkdf-post-text-main\">\n<div class=\"mkdf-post-text\">\n<div class=\"mkdf-post-text-inner\">\n<div class=\"mkdf-post-text-main\">\n<div class=\"mkdf-post-text\">\n<div class=\"mkdf-post-text-inner\">\n<div class=\"mkdf-post-text-main\">\n<div class=\"page-title-head hgroup\">\n<div class=\"page-title-head hgroup\">\n<div class=\"mkdf-post-text\">\n<div class=\"mkdf-post-text-inner\">\n<div class=\"mkdf-post-text-main\">\n<div class=\"mkdf-post-text\">\n<div class=\"mkdf-post-text-inner\">\n<div class=\"mkdf-post-text-main\">\n<div class=\"page-title-head hgroup\">\n<div class=\"page-title-head hgroup\">\n<div class=\"page-title-head hgroup\">\n<div class=\"page-title-head hgroup\">\n<div class=\"b654a4as d2edcug0\">\n<div class=\"page-title-head hgroup\">\n<div class=\"page-title-head hgroup\">\n<div class=\"page-title-head hgroup\">\n<div class=\"page-title-head hgroup\">\n<div class=\"b654a4as d2edcug0\">\n<div class=\"page-title-head hgroup\">\n<div class=\"page-title-head hgroup\">\n<div class=\"page-title-head hgroup\">\n<div class=\"page-title-head hgroup\">\n<div class=\"b654a4as d2edcug0\">\n<div><\/div>\n<div><\/div>\n<div>\n<p><strong>MUSICA ALLA RADIO, IL PROGRAMMA DI LORIS SCUSSEL &#8220;COLLAGE OPERAZIONE NOSTALGIA&#8221; DAL LUNEDI AL VENERDI ALLE 16.00\u00a0 E ALLE 23\u00a0<\/strong><\/p>\n<\/div>\n<p><strong>\u00a0\u00a0<\/strong><\/p>\n<p><strong>PUNTATA 542 DEL 15 FEBBRAIO 2022<\/strong><\/p>\n<audio class=\"wp-audio-shortcode\" id=\"audio-259544-10\" preload=\"none\" style=\"width: 100%;\" controls=\"controls\"><source type=\"audio\/mpeg\" src=\"https:\/\/www.radiopiu.net\/wordpress\/wp-content\/uploads\/2022\/02\/Collage-542.mp3?_=10\" \/><a href=\"https:\/\/www.radiopiu.net\/wordpress\/wp-content\/uploads\/2022\/02\/Collage-542.mp3\">https:\/\/www.radiopiu.net\/wordpress\/wp-content\/uploads\/2022\/02\/Collage-542.mp3<\/a><\/audio>\n<p>&nbsp;<\/p>\n<p><strong><a href=\"https:\/\/www.radiopiu.net\/wordpress\/collage-operazione-nostalgia-musica-passando-per-linferno\/jimmy-spitaleri-con-michi-dei-rossi\/\" rel=\"attachment wp-att-259373\"><img loading=\"lazy\" decoding=\"async\" class=\"size-medium wp-image-259373 alignleft\" src=\"https:\/\/www.radiopiu.net\/wordpress\/wp-content\/uploads\/2022\/02\/Jimmy-Spitaleri-con-Michi-Dei-Rossi-300x200.jpg\" alt=\"\" width=\"300\" height=\"200\" srcset=\"https:\/\/www.radiopiu.net\/wordpress\/wp-content\/uploads\/2022\/02\/Jimmy-Spitaleri-con-Michi-Dei-Rossi-300x200.jpg 300w, https:\/\/www.radiopiu.net\/wordpress\/wp-content\/uploads\/2022\/02\/Jimmy-Spitaleri-con-Michi-Dei-Rossi.jpg 720w\" sizes=\"auto, (max-width: 300px) 100vw, 300px\" \/><\/a>di Loris Scussel<\/strong><\/p>\n<p>La nuova settimana di\u00a0 Collage proseguir\u00e0 nella consueta alternanza tra la musica internazionale e quella italiana, in particolare nella puntata di marted\u00ec prendendo spunto dall\u2019abuso di termini inglesi nella nostra lingua ascolteremo un brano tratto dall\u2019album \u201cInferno\u201d, liberamente ispirato alla Divina Commedia di Dante Alighieri, del gruppo rock Metamorfosi con la voce possente di Jimmy Spitaleri. Gioved\u00ec spazio ai complessi beat e infine venerd\u00ec parafrasando il grande Renzo Arbore \u201cmeglio dal vivo che dal morto\u201d ovvero spazio alla musica live. Il programma andr\u00e0 in onda dal luned\u00ec al venerd\u00ec alle 16,00 e alle 23,00.<\/p>\n<p>&nbsp;<\/p>\n<p>&nbsp;<\/p>\n<p>&nbsp;<\/p>\n<\/div>\n<\/div>\n<\/div>\n<\/div>\n<\/div>\n<\/div>\n<\/div>\n<\/div>\n<\/div>\n<\/div>\n<\/div>\n<\/div>\n<\/div>\n<\/div>\n<\/div>\n<\/div>\n<\/div>\n<\/div>\n<\/div>\n<\/div>\n<\/div>\n<\/div>\n<\/div>\n<\/div>\n<\/div>\n<\/div>\n<\/div>\n<\/div>\n<\/div>\n<\/div>\n<\/div>\n<\/div>\n<\/div>\n<\/div>\n<\/div>\n<\/div>\n<\/div>\n<\/div>\n<\/div>\n<\/div>\n<\/div>\n<\/div>\n<\/div>\n<\/div>\n<\/div>\n<\/div>\n<\/div>\n<\/div>\n<\/div>\n<\/div>\n<\/div>\n<\/div>\n<\/div>\n<\/div>\n<\/div>\n<\/div>\n<\/div>\n<\/div>\n<\/div>\n<\/div>\n<\/div>\n<\/div>\n<\/div>\n<\/div>\n<hr \/>\n<p>&nbsp;<\/p>\n<p>&nbsp;<\/p>\n<blockquote class=\"wp-embedded-content\" data-secret=\"Eum43oHd1Z\"><p><a href=\"https:\/\/www.radiopiu.net\/wordpress\/freemix-la-liberta-musicale-mixata-da-dj-athos-e-raccontata-da-dj-jack\/\">FREEMIX, LA LIBERTA&#8217; MUSICALE MIXATA DA DJ ATHOS E RACCONTATA DA DJ JACK<\/a><\/p><\/blockquote>\n<p><iframe loading=\"lazy\" class=\"wp-embedded-content\" sandbox=\"allow-scripts\" security=\"restricted\" style=\"position: absolute; clip: rect(1px, 1px, 1px, 1px);\" title=\"&#8220;FREEMIX, LA LIBERTA&#8217; MUSICALE MIXATA DA DJ ATHOS E RACCONTATA DA DJ JACK&#8221; &#8212; Radio Pi\u00f9\" src=\"https:\/\/www.radiopiu.net\/wordpress\/freemix-la-liberta-musicale-mixata-da-dj-athos-e-raccontata-da-dj-jack\/embed\/#?secret=Eum43oHd1Z\" data-secret=\"Eum43oHd1Z\" width=\"600\" height=\"338\" frameborder=\"0\" marginwidth=\"0\" marginheight=\"0\" scrolling=\"no\"><\/iframe><\/p>\n<p>&nbsp;<\/p>\n<blockquote class=\"wp-embedded-content\" data-secret=\"ubba8wAuTF\"><p><a href=\"https:\/\/www.radiopiu.net\/wordpress\/da-ieri-alla-radio-in-palinsesto-loris-e-maurizio-con-la-grande-musica\/\">IL BLUES ALLA RADIO &#8230; COME NON L&#8217;AVETE MAI SENTITO PRIMA<\/a><\/p><\/blockquote>\n<p><iframe loading=\"lazy\" class=\"wp-embedded-content\" sandbox=\"allow-scripts\" security=\"restricted\" style=\"position: absolute; clip: rect(1px, 1px, 1px, 1px);\" title=\"&#8220;IL BLUES ALLA RADIO &#8230; COME NON L&#8217;AVETE MAI SENTITO PRIMA&#8221; &#8212; Radio Pi\u00f9\" src=\"https:\/\/www.radiopiu.net\/wordpress\/da-ieri-alla-radio-in-palinsesto-loris-e-maurizio-con-la-grande-musica\/embed\/#?secret=ubba8wAuTF\" data-secret=\"ubba8wAuTF\" width=\"600\" height=\"338\" frameborder=\"0\" marginwidth=\"0\" marginheight=\"0\" scrolling=\"no\"><\/iframe><\/p>\n<p>&nbsp;<\/p>\n<hr \/>\n<p>&nbsp;<\/p>\n<blockquote>\n<h3><span style=\"color: #0000ff;\">INFORMAZIONE il canale su TELEGRAM informazione di prima mano e in tempo reale. iscriviti ed aiutaci a farlo conoscere\u00a0\u00a0<\/span><\/h3>\n<\/blockquote>\n<div>\n<div class=\"page-title-head hgroup\">\n<div class=\"page-title-head hgroup\">\n<div class=\"page-title-head hgroup\">\n<div class=\"page-title-head hgroup\">\n<div class=\"b654a4as d2edcug0\">\n<div class=\"page-title-head hgroup\">\n<div class=\"page-title-head hgroup\">\n<div class=\"page-title-head hgroup\">\n<div class=\"page-title-head hgroup\">\n<div class=\"b654a4as d2edcug0\">\n<div class=\"page-title-head hgroup\">\n<div class=\"page-title-head hgroup\">\n<div class=\"page-title-head hgroup\">\n<div class=\"page-title-head hgroup\">\n<div class=\"page-title-head hgroup\">\n<div class=\"page-title-head hgroup\">\n<div class=\"page-title-head hgroup\">\n<div class=\"page-title-head hgroup\">\n<div class=\"page-title-head hgroup\">\n<div class=\"b654a4as d2edcug0\">\n<div class=\"page-title-head hgroup\">\n<div class=\"page-title-head hgroup\">\n<div class=\"page-title-head hgroup\">\n<div class=\"page-title-head hgroup\">\n<div class=\"b654a4as d2edcug0\">\n<div>\n<p>&nbsp;<\/p>\n<\/div>\n<div>\n<div class=\"page-title-head hgroup\">\n<div class=\"page-title-head hgroup\">\n<div class=\"page-title-head hgroup\">\n<div class=\"page-title-head hgroup\">\n<div class=\"page-title-head hgroup\">\n<div class=\"b654a4as d2edcug0\">\n<div>\n<hr \/>\n<\/div>\n<\/div>\n<div>\n<div>\n<p>&nbsp;<\/p>\n<\/div>\n<div>\n<div>\n<p>&nbsp;<\/p>\n<\/div>\n<div>\n<div>\n<p><strong>DUE MINUTI UN LIBRO, TUTTI I GIORNI ALLA RADIO ALLE 9.40 E ALLE 17.50\u00a0<\/strong><\/p>\n<div>\n<div>\n<p><strong>LA RACCOLTA COMPLETA\u00a0\u00a0<\/strong><\/p>\n<\/div>\n<div>\n<blockquote class=\"wp-embedded-content\" data-secret=\"OT1NSpvKSv\"><p><a href=\"https:\/\/www.radiopiu.net\/wordpress\/due-minuti-un-libro\/\">Due minuti un libro<\/a><\/p><\/blockquote>\n<p><iframe loading=\"lazy\" class=\"wp-embedded-content\" sandbox=\"allow-scripts\" security=\"restricted\" style=\"position: absolute; clip: rect(1px, 1px, 1px, 1px);\" title=\"&#8220;Due minuti un libro&#8221; &#8212; Radio Pi\u00f9\" src=\"https:\/\/www.radiopiu.net\/wordpress\/due-minuti-un-libro\/embed\/#?secret=OT1NSpvKSv\" data-secret=\"OT1NSpvKSv\" width=\"600\" height=\"338\" frameborder=\"0\" marginwidth=\"0\" marginheight=\"0\" scrolling=\"no\"><\/iframe><\/p>\n<\/div>\n<\/div>\n<\/div>\n<div class=\"mkdf-post-text\">\n<div class=\"mkdf-post-text-inner\">\n<div class=\"mkdf-post-text-main\">\n<div class=\"mkdf-post-text\">\n<div class=\"mkdf-post-text-inner\">\n<div class=\"mkdf-post-text-main\">\n<div class=\"mkdf-post-text\">\n<div class=\"mkdf-post-text-inner\">\n<div class=\"mkdf-post-text-main\">\n<div class=\"page-title-head hgroup\">\n<div class=\"page-title-head hgroup\">\n<div class=\"mkdf-post-text\">\n<div class=\"mkdf-post-text-inner\">\n<div class=\"mkdf-post-text-main\">\n<div class=\"mkdf-post-text\">\n<div class=\"mkdf-post-text-inner\">\n<div class=\"mkdf-post-text-main\">\n<div class=\"page-title-head hgroup\">\n<div class=\"page-title-head hgroup\">\n<div class=\"page-title-head hgroup\">\n<div class=\"page-title-head hgroup\">\n<div class=\"b654a4as d2edcug0\">\n<div class=\"page-title-head hgroup\">\n<div class=\"page-title-head hgroup\">\n<div class=\"page-title-head hgroup\">\n<div class=\"page-title-head hgroup\">\n<div class=\"b654a4as d2edcug0\">\n<div class=\"page-title-head hgroup\">\n<div class=\"page-title-head hgroup\">\n<div class=\"page-title-head hgroup\">\n<div class=\"page-title-head hgroup\">\n<div class=\"b654a4as d2edcug0\">\n<div>\n<p>&nbsp;<\/p>\n<\/div>\n<div>\n<hr \/>\n<p>&nbsp;<\/p>\n<\/div>\n<h2><span style=\"color: #808000;\">L&#8217;ALMANACCO LADINO\u00a0\u00a0<\/span><\/h2>\n<p><strong>PUNTATA DEL 14 FEBBRAIO 2022<\/strong><\/p>\n<audio class=\"wp-audio-shortcode\" id=\"audio-259544-11\" preload=\"none\" style=\"width: 100%;\" controls=\"controls\"><source type=\"audio\/mpeg\" src=\"https:\/\/www.radiopiu.net\/wordpress\/wp-content\/uploads\/2022\/02\/77\u00b0Almanacco-Ladino_Anpezo.mp3?_=11\" \/><a href=\"https:\/\/www.radiopiu.net\/wordpress\/wp-content\/uploads\/2022\/02\/77\u00b0Almanacco-Ladino_Anpezo.mp3\">https:\/\/www.radiopiu.net\/wordpress\/wp-content\/uploads\/2022\/02\/77\u00b0Almanacco-Ladino_Anpezo.mp3<\/a><\/audio>\n<p>&nbsp;<\/p>\n<p><strong>LA RACCOLTA<\/strong><\/p>\n<blockquote class=\"wp-embedded-content\" data-secret=\"WXV23drHzA\"><p><a href=\"https:\/\/www.radiopiu.net\/wordpress\/almanacco-ladino\/\">Almanacco Ladino<\/a><\/p><\/blockquote>\n<p><iframe loading=\"lazy\" class=\"wp-embedded-content\" sandbox=\"allow-scripts\" security=\"restricted\" style=\"position: absolute; clip: rect(1px, 1px, 1px, 1px);\" title=\"&#8220;Almanacco Ladino&#8221; &#8212; Radio Pi\u00f9\" src=\"https:\/\/www.radiopiu.net\/wordpress\/almanacco-ladino\/embed\/#?secret=WXV23drHzA\" data-secret=\"WXV23drHzA\" width=\"600\" height=\"338\" frameborder=\"0\" marginwidth=\"0\" marginheight=\"0\" scrolling=\"no\"><\/iframe><\/p>\n<p>&nbsp;<\/p>\n<hr \/>\n<p>&nbsp;<\/p>\n<h2><span style=\"color: #33cccc;\">LA RASSEGNA STAMPA DA L&#8217;AMICO DEL POPOLO<\/span><\/h2>\n<p><strong><a href=\"https:\/\/www.radiopiu.net\/wordpress\/il-questionario-sulluso-della-lingua-ladina\/denni-dorigo-8\/\" rel=\"attachment wp-att-224612\"><img loading=\"lazy\" decoding=\"async\" class=\" wp-image-224612 alignleft\" src=\"https:\/\/www.radiopiu.net\/wordpress\/wp-content\/uploads\/2021\/07\/DENNI-DORIGO-300x300.jpg\" alt=\"\" width=\"162\" height=\"162\" srcset=\"https:\/\/www.radiopiu.net\/wordpress\/wp-content\/uploads\/2021\/07\/DENNI-DORIGO-300x300.jpg 300w, https:\/\/www.radiopiu.net\/wordpress\/wp-content\/uploads\/2021\/07\/DENNI-DORIGO-1024x1024.jpg 1024w, https:\/\/www.radiopiu.net\/wordpress\/wp-content\/uploads\/2021\/07\/DENNI-DORIGO-150x150.jpg 150w, https:\/\/www.radiopiu.net\/wordpress\/wp-content\/uploads\/2021\/07\/DENNI-DORIGO-768x769.jpg 768w, https:\/\/www.radiopiu.net\/wordpress\/wp-content\/uploads\/2021\/07\/DENNI-DORIGO.jpg 1240w\" sizes=\"auto, (max-width: 162px) 100vw, 162px\" \/><\/a>di Gianni Santomaso<\/strong><\/p>\n<p>OSPITE: Denny Dorigo<\/p>\n<audio class=\"wp-audio-shortcode\" id=\"audio-259544-12\" preload=\"none\" style=\"width: 100%;\" controls=\"controls\"><source type=\"audio\/mpeg\" src=\"https:\/\/www.radiopiu.net\/wordpress\/wp-content\/uploads\/2022\/02\/RASSEGNA-GIANNI-1.mp3?_=12\" \/><a href=\"https:\/\/www.radiopiu.net\/wordpress\/wp-content\/uploads\/2022\/02\/RASSEGNA-GIANNI-1.mp3\">https:\/\/www.radiopiu.net\/wordpress\/wp-content\/uploads\/2022\/02\/RASSEGNA-GIANNI-1.mp3<\/a><\/audio>\n<p>&nbsp;<\/p>\n<p><strong>LA RACCOLTA COMPLETA<\/strong><\/p>\n<blockquote class=\"wp-embedded-content\" data-secret=\"gX2WIk8ceG\"><p><a href=\"https:\/\/www.radiopiu.net\/wordpress\/rassegna-stampa-di-gianni-santomaso\/\">Rassegna stampa da l&#8217;amico del popolo &#8211; di Gianni Santomaso<\/a><\/p><\/blockquote>\n<p><iframe loading=\"lazy\" class=\"wp-embedded-content\" sandbox=\"allow-scripts\" security=\"restricted\" style=\"position: absolute; clip: rect(1px, 1px, 1px, 1px);\" title=\"&#8220;Rassegna stampa da l&#8217;amico del popolo &#8211; di Gianni Santomaso&#8221; &#8212; Radio Pi\u00f9\" src=\"https:\/\/www.radiopiu.net\/wordpress\/rassegna-stampa-di-gianni-santomaso\/embed\/#?secret=gX2WIk8ceG\" data-secret=\"gX2WIk8ceG\" width=\"600\" height=\"338\" frameborder=\"0\" marginwidth=\"0\" marginheight=\"0\" scrolling=\"no\"><\/iframe><\/p>\n<p>&nbsp;<\/p>\n<hr \/>\n<p>&nbsp;<\/p>\n<h2><span style=\"color: #800080;\">I RACCONTI DI PAOLO SOPPELSA\u00a0<\/span><\/h2>\n<p><strong>LA RACCOLTA COMPLETA<\/strong><\/p>\n<blockquote class=\"wp-embedded-content\" data-secret=\"Tsg4VwSDgG\"><p><a href=\"https:\/\/www.radiopiu.net\/wordpress\/i-racconti-di-paolo-soppelsa\/\">I racconti di Paolo Soppelsa<\/a><\/p><\/blockquote>\n<p><iframe loading=\"lazy\" class=\"wp-embedded-content\" sandbox=\"allow-scripts\" security=\"restricted\" style=\"position: absolute; clip: rect(1px, 1px, 1px, 1px);\" title=\"&#8220;I racconti di Paolo Soppelsa&#8221; &#8212; Radio Pi\u00f9\" src=\"https:\/\/www.radiopiu.net\/wordpress\/i-racconti-di-paolo-soppelsa\/embed\/#?secret=Tsg4VwSDgG\" data-secret=\"Tsg4VwSDgG\" width=\"600\" height=\"338\" frameborder=\"0\" marginwidth=\"0\" marginheight=\"0\" scrolling=\"no\"><\/iframe><\/p>\n<p>&nbsp;<\/p>\n<hr \/>\n<\/div>\n<div class=\"b654a4as d2edcug0\">\n<p>&nbsp;<\/p>\n<p><a href=\"https:\/\/www.radiopiu.net\/wordpress\/giornale-radiopiu-26-settembre-2018-direttore-mirko-mezzacasa\/viabilita-2\/\" rel=\"attachment wp-att-61954\"><img loading=\"lazy\" decoding=\"async\" class=\"aligncenter wp-image-61954 size-full\" src=\"https:\/\/www.radiopiu.net\/wordpress\/wp-content\/uploads\/2018\/09\/viabilita.jpeg\" sizes=\"auto, (max-width: 800px) 100vw, 800px\" srcset=\"https:\/\/www.radiopiu.net\/wordpress\/wp-content\/uploads\/2018\/09\/viabilita.jpeg 800w, https:\/\/www.radiopiu.net\/wordpress\/wp-content\/uploads\/2018\/09\/viabilita-300x38.jpeg 300w, https:\/\/www.radiopiu.net\/wordpress\/wp-content\/uploads\/2018\/09\/viabilita-768x96.jpeg 768w\" alt=\"\" width=\"800\" height=\"100\" \/><\/a><\/p>\n<div class=\"ecm0bbzt e5nlhep0 a8c37x1j\">\n<div class=\"kvgmc6g5 cxmmr5t8 oygrvhab hcukyx3x c1et5uql\">\n<div class=\"gmail-kvgmc6g5 gmail-cxmmr5t8 gmail-oygrvhab gmail-hcukyx3x gmail-c1et5uql gmail-ii04i59q\">\n<div class=\"page-title-head hgroup\">\n<div class=\"page-title-head hgroup\">\n<div class=\"b654a4as d2edcug0\">\n<div class=\"j83agx80 btwxx1t3 lhclo0ds hop8lmos nkwizq5d scwd0bx6 roh60bw9\">\n<div class=\"rq0escxv hkbzh7o3 jwdofwj8 n8tt0mok r8blr3vg hyh9befq\">\n<div class=\"do00u71z l9j0dhe7 k4urcfbm\">\n<div class=\"page-title-head hgroup\">\n<div class=\"page-title-head hgroup\">\n<div class=\"page-title-head hgroup\">\n<div class=\"page-title-head hgroup\">\n<div class=\"b654a4as d2edcug0\">\n<div class=\"page-title-head hgroup\">\n<div class=\"page-title-head hgroup\">\n<div class=\"page-title-head hgroup\">\n<div class=\"page-title-head hgroup\">\n<div class=\"b654a4as d2edcug0\">\n<div class=\"page-title-head hgroup\">\n<div class=\"page-title-head hgroup\">\n<div class=\"page-title-head hgroup\">\n<div class=\"page-title-head hgroup\">\n<div class=\"page-title-head hgroup\">\n<div class=\"page-title-head hgroup\">\n<div class=\"page-title-head hgroup\">\n<div class=\"page-title-head hgroup\">\n<div class=\"page-title-head hgroup\">\n<div class=\"b654a4as d2edcug0\">\n<div class=\"page-title-head hgroup\">\n<div class=\"page-title-head hgroup\">\n<div class=\"page-title-head hgroup\">\n<div class=\"page-title-head hgroup\">\n<div class=\"b654a4as d2edcug0\">\n<div class=\"page-title-head hgroup\">\n<div class=\"page-title-head hgroup\">\n<div class=\"page-title-head hgroup\">\n<div class=\"page-title-head hgroup\">\n<div class=\"page-title-head hgroup\">\n<div class=\"mkdf-post-text\">\n<div class=\"mkdf-post-text-inner\">\n<div class=\"mkdf-post-text-main\">\n<div class=\"mkdf-post-text\">\n<div class=\"mkdf-post-text-inner\">\n<div class=\"mkdf-post-text-main\">\n<div class=\"mkdf-post-text\">\n<div class=\"mkdf-post-text-inner\">\n<div class=\"mkdf-post-text-main\">\n<div class=\"page-title-head hgroup\">\n<div class=\"page-title-head hgroup\">\n<div class=\"mkdf-post-text\">\n<div class=\"mkdf-post-text-inner\">\n<div class=\"mkdf-post-text-main\">\n<div class=\"mkdf-post-text\">\n<div class=\"mkdf-post-text-inner\">\n<div class=\"mkdf-post-text-main\">\n<div class=\"page-title-head hgroup\">\n<div class=\"page-title-head hgroup\">\n<div class=\"page-title-head hgroup\">\n<div class=\"page-title-head hgroup\">\n<div class=\"b654a4as d2edcug0\">\n<div class=\"page-title-head hgroup\">\n<div class=\"page-title-head hgroup\">\n<div class=\"page-title-head hgroup\">\n<div class=\"page-title-head hgroup\">\n<div class=\"b654a4as d2edcug0\">\n<div class=\"page-title-head hgroup\">\n<div class=\"page-title-head hgroup\">\n<div class=\"page-title-head hgroup\">\n<div class=\"page-title-head hgroup\">\n<div class=\"b654a4as d2edcug0\">\n<div class=\"chat-input\">\n<div class=\"chat-input-container\">\n<div class=\"rows-wrapper chat-input-wrapper\">\n<div class=\"reply-wrapper\">\n<div class=\"btn-menu\">\n<div class=\"btn-menu-item tgico-replace rp\">\n<div class=\"c-ripple\">\n<div class=\"bubbles scrolled-down\">\n<div class=\"scrollable scrollable-y\">\n<div class=\"bubbles-inner has-rights is-chat is-channel\">\n<div class=\"bubbles-date-group\">\n<div class=\"bubble hide-name is-out can-have-tail is-group-first is-group-last is-read\" data-mid=\"5377294335\" data-peer-id=\"-1478820725\" data-timestamp=\"1638437407\">\n<div class=\"bubble-content-wrapper\">\n<div class=\"bubble-content\">\n<p class=\"message\" dir=\"auto\"><strong>\u00a0\u00a0<\/strong><\/p>\n<\/div>\n<\/div>\n<\/div>\n<\/div>\n<\/div>\n<\/div>\n<\/div>\n<\/div>\n<\/div>\n<\/div>\n<\/div>\n<\/div>\n<\/div>\n<\/div>\n<\/div>\n<\/div>\n<\/div>\n<\/div>\n<\/div>\n<\/div>\n<\/div>\n<\/div>\n<\/div>\n<\/div>\n<\/div>\n<\/div>\n<\/div>\n<\/div>\n<\/div>\n<\/div>\n<\/div>\n<\/div>\n<\/div>\n<\/div>\n<\/div>\n<\/div>\n<\/div>\n<\/div>\n<\/div>\n<\/div>\n<\/div>\n<\/div>\n<\/div>\n<\/div>\n<\/div>\n<\/div>\n<\/div>\n<\/div>\n<\/div>\n<\/div>\n<\/div>\n<\/div>\n<\/div>\n<\/div>\n<\/div>\n<\/div>\n<\/div>\n<\/div>\n<\/div>\n<\/div>\n<\/div>\n<\/div>\n<\/div>\n<\/div>\n<\/div>\n<\/div>\n<\/div>\n<\/div>\n<\/div>\n<\/div>\n<\/div>\n<\/div>\n<\/div>\n<\/div>\n<\/div>\n<\/div>\n<\/div>\n<\/div>\n<\/div>\n<\/div>\n<\/div>\n<\/div>\n<\/div>\n<\/div>\n<\/div>\n<\/div>\n<\/div>\n<\/div>\n<\/div>\n<\/div>\n<\/div>\n<\/div>\n<\/div>\n<\/div>\n<\/div>\n<\/div>\n<\/div>\n<\/div>\n<\/div>\n<\/div>\n<\/div>\n<\/div>\n<\/div>\n<\/div>\n<\/div>\n<\/div>\n<\/div>\n<\/div>\n<\/div>\n<\/div>\n<\/div>\n<\/div>\n<\/div>\n<\/div>\n<\/div>\n<\/div>\n<\/div>\n<\/div>\n<\/div>\n<\/div>\n<\/div>\n<\/div>\n<\/div>\n<\/div>\n<\/div>\n<\/div>\n<\/div>\n<\/div>\n<\/div>\n<\/div>\n<\/div>\n<\/div>\n<\/div>\n<\/div>\n<\/div>\n<\/div>\n<\/div>\n<\/div>\n<\/div>\n<\/div>\n<\/div>\n<\/div>\n<\/div>\n<\/div>\n<\/div>\n<\/div>\n<\/div>\n<\/div>\n<\/div>\n<\/div>\n<\/div>\n<\/div>\n<\/div>\n<\/div>\n<\/div>\n<\/div>\n<\/div>\n<\/div>\n<\/div>\n<\/div>\n<\/div>\n<\/div>\n<\/div>\n<\/div>\n<\/div>\n<\/div>\n<\/div>\n<\/div>\n<div>\n<div class=\"page-title-head hgroup\">\n<div class=\"page-title-head hgroup\">\n<div class=\"b654a4as d2edcug0\">\n<div class=\"j83agx80 btwxx1t3 lhclo0ds hop8lmos nkwizq5d scwd0bx6 roh60bw9\">\n<div class=\"rq0escxv hkbzh7o3 jwdofwj8 n8tt0mok r8blr3vg hyh9befq\">\n<div class=\"do00u71z l9j0dhe7 k4urcfbm\">\n<div class=\"ecm0bbzt e5nlhep0 a8c37x1j\">\n<div class=\"kvgmc6g5 cxmmr5t8 oygrvhab hcukyx3x c1et5uql\">\n<div class=\"gmail-kvgmc6g5 gmail-cxmmr5t8 gmail-oygrvhab gmail-hcukyx3x gmail-c1et5uql gmail-ii04i59q\">\n<div class=\"page-title-head hgroup\">\n<div class=\"page-title-head hgroup\">\n<div class=\"b654a4as d2edcug0\">\n<div class=\"j83agx80 btwxx1t3 lhclo0ds hop8lmos nkwizq5d scwd0bx6 roh60bw9\">\n<div class=\"rq0escxv hkbzh7o3 jwdofwj8 n8tt0mok r8blr3vg hyh9befq\">\n<div class=\"do00u71z l9j0dhe7 k4urcfbm\">\n<div class=\"page-title-head hgroup\">\n<div class=\"page-title-head hgroup\">\n<div class=\"page-title-head hgroup\">\n<div class=\"page-title-head hgroup\">\n<div class=\"b654a4as d2edcug0\">\n<div class=\"page-title-head hgroup\">\n<div class=\"page-title-head hgroup\">\n<div class=\"page-title-head hgroup\">\n<div class=\"page-title-head hgroup\">\n<div class=\"b654a4as d2edcug0\">\n<div class=\"page-title-head hgroup\">\n<div class=\"page-title-head hgroup\">\n<div class=\"page-title-head hgroup\">\n<div class=\"page-title-head hgroup\">\n<div class=\"page-title-head hgroup\">\n<div class=\"page-title-head hgroup\">\n<div class=\"page-title-head hgroup\">\n<div class=\"page-title-head hgroup\">\n<div class=\"page-title-head hgroup\">\n<div class=\"b654a4as d2edcug0\">\n<div class=\"page-title-head hgroup\">\n<div class=\"page-title-head hgroup\">\n<div class=\"page-title-head hgroup\">\n<div class=\"page-title-head hgroup\">\n<div class=\"b654a4as d2edcug0\">\n<div class=\"page-title-head hgroup\">\n<div class=\"page-title-head hgroup\">\n<div class=\"page-title-head hgroup\">\n<div class=\"page-title-head hgroup\">\n<div class=\"page-title-head hgroup\">\n<div class=\"mkdf-post-text\">\n<div class=\"mkdf-post-text-inner\">\n<div class=\"mkdf-post-text-main\">\n<div class=\"mkdf-post-text\">\n<div class=\"mkdf-post-text-inner\">\n<div class=\"mkdf-post-text-main\">\n<div class=\"mkdf-post-text\">\n<div class=\"mkdf-post-text-inner\">\n<div class=\"mkdf-post-text-main\">\n<div class=\"page-title-head hgroup\">\n<div class=\"page-title-head hgroup\">\n<div class=\"mkdf-post-text\">\n<div class=\"mkdf-post-text-inner\">\n<div class=\"mkdf-post-text-main\">\n<div class=\"mkdf-post-text\">\n<div class=\"mkdf-post-text-inner\">\n<div class=\"mkdf-post-text-main\">\n<div class=\"page-title-head hgroup\">\n<div class=\"page-title-head hgroup\">\n<div class=\"page-title-head hgroup\">\n<div class=\"page-title-head hgroup\">\n<div class=\"b654a4as d2edcug0\">\n<div class=\"page-title-head hgroup\">\n<div class=\"page-title-head hgroup\">\n<div class=\"page-title-head hgroup\">\n<div class=\"page-title-head hgroup\">\n<div class=\"b654a4as d2edcug0\">\n<div class=\"page-title-head hgroup\">\n<div class=\"page-title-head hgroup\">\n<div class=\"page-title-head hgroup\">\n<div class=\"page-title-head hgroup\">\n<div class=\"b654a4as d2edcug0\">\n<div class=\"ecm0bbzt e5nlhep0 a8c37x1j\">\n<div class=\"kvgmc6g5 cxmmr5t8 oygrvhab hcukyx3x c1et5uql\">\n<div class=\"gmail-kvgmc6g5 gmail-cxmmr5t8 gmail-oygrvhab gmail-hcukyx3x gmail-c1et5uql gmail-ii04i59q\">\n<div class=\"page-title-head hgroup\">\n<div class=\"page-title-head hgroup\">\n<div class=\"b654a4as d2edcug0\">\n<div class=\"j83agx80 btwxx1t3 lhclo0ds hop8lmos nkwizq5d scwd0bx6 roh60bw9\">\n<div class=\"rq0escxv hkbzh7o3 jwdofwj8 n8tt0mok r8blr3vg hyh9befq\">\n<div class=\"do00u71z l9j0dhe7 k4urcfbm\">\n<div class=\"page-title-head hgroup\">\n<div class=\"page-title-head hgroup\">\n<div class=\"page-title-head hgroup\">\n<div class=\"page-title-head hgroup\">\n<div class=\"b654a4as d2edcug0\">\n<div class=\"page-title-head hgroup\">\n<div class=\"page-title-head hgroup\">\n<div class=\"page-title-head hgroup\">\n<div class=\"page-title-head hgroup\">\n<div class=\"b654a4as d2edcug0\">\n<div class=\"page-title-head hgroup\">\n<div class=\"page-title-head hgroup\">\n<div class=\"page-title-head hgroup\">\n<div class=\"page-title-head hgroup\">\n<div class=\"page-title-head hgroup\">\n<div class=\"page-title-head hgroup\">\n<div class=\"page-title-head hgroup\">\n<div class=\"page-title-head hgroup\">\n<div class=\"page-title-head hgroup\">\n<div class=\"b654a4as d2edcug0\">\n<div class=\"page-title-head hgroup\">\n<div class=\"page-title-head hgroup\">\n<div class=\"page-title-head hgroup\">\n<div class=\"page-title-head hgroup\">\n<div class=\"b654a4as d2edcug0\">\n<div class=\"page-title-head hgroup\">\n<div class=\"page-title-head hgroup\">\n<div class=\"page-title-head hgroup\">\n<div class=\"page-title-head hgroup\">\n<div class=\"page-title-head hgroup\">\n<div class=\"mkdf-post-text\">\n<div class=\"mkdf-post-text-inner\">\n<div class=\"mkdf-post-text-main\">\n<div class=\"mkdf-post-text\">\n<div class=\"mkdf-post-text-inner\">\n<div class=\"mkdf-post-text-main\">\n<div class=\"mkdf-post-text\">\n<div class=\"mkdf-post-text-inner\">\n<div class=\"mkdf-post-text-main\">\n<div class=\"page-title-head hgroup\">\n<div class=\"page-title-head hgroup\">\n<div class=\"mkdf-post-text\">\n<div class=\"mkdf-post-text-inner\">\n<div class=\"mkdf-post-text-main\">\n<div class=\"mkdf-post-text\">\n<div class=\"mkdf-post-text-inner\">\n<div class=\"mkdf-post-text-main\">\n<div class=\"page-title-head hgroup\">\n<div class=\"page-title-head hgroup\">\n<div class=\"page-title-head hgroup\">\n<div class=\"page-title-head hgroup\">\n<div class=\"b654a4as d2edcug0\">\n<div class=\"page-title-head hgroup\">\n<div class=\"page-title-head hgroup\">\n<div class=\"page-title-head hgroup\">\n<div class=\"page-title-head hgroup\">\n<div class=\"b654a4as d2edcug0\">\n<div class=\"page-title-head hgroup\">\n<div class=\"page-title-head hgroup\">\n<div class=\"page-title-head hgroup\">\n<div class=\"page-title-head hgroup\">\n<div class=\"b654a4as d2edcug0\">\n<blockquote class=\"wp-embedded-content\" data-secret=\"nmuvJHrqdp\"><p><a href=\"https:\/\/www.radiopiu.net\/wordpress\/viabilita\/\">viabilita<\/a><\/p><\/blockquote>\n<p><iframe loading=\"lazy\" class=\"wp-embedded-content\" sandbox=\"allow-scripts\" security=\"restricted\" style=\"position: absolute; clip: rect(1px, 1px, 1px, 1px);\" title=\"&#8220;viabilita&#8221; &#8212; Radio Pi\u00f9\" src=\"https:\/\/www.radiopiu.net\/wordpress\/viabilita\/embed\/#?secret=nmuvJHrqdp\" data-secret=\"nmuvJHrqdp\" width=\"600\" height=\"338\" frameborder=\"0\" marginwidth=\"0\" marginheight=\"0\" scrolling=\"no\"><\/iframe><\/p>\n<p>&nbsp;<\/p>\n<hr \/>\n<p>&nbsp;<\/p>\n<\/div>\n<div class=\"b654a4as d2edcug0\">\n<div class=\"ecm0bbzt e5nlhep0 a8c37x1j\">\n<div class=\"kvgmc6g5 cxmmr5t8 oygrvhab hcukyx3x c1et5uql\">\n<div class=\"gmail-kvgmc6g5 gmail-cxmmr5t8 gmail-oygrvhab gmail-hcukyx3x gmail-c1et5uql gmail-ii04i59q\">\n<div>\n<div class=\"page-title-head hgroup\">\n<div class=\"page-title-head hgroup\">\n<div class=\"b654a4as d2edcug0\">\n<div class=\"j83agx80 btwxx1t3 lhclo0ds hop8lmos nkwizq5d scwd0bx6 roh60bw9\">\n<div class=\"rq0escxv hkbzh7o3 jwdofwj8 n8tt0mok r8blr3vg hyh9befq\">\n<div class=\"do00u71z l9j0dhe7 k4urcfbm\">\n<div>\n<div class=\"page-title-head hgroup\">\n<div class=\"page-title-head hgroup\">\n<div class=\"page-title-head hgroup\">\n<div class=\"page-title-head hgroup\">\n<div class=\"b654a4as d2edcug0\">\n<div class=\"page-title-head hgroup\">\n<div class=\"page-title-head hgroup\">\n<div class=\"page-title-head hgroup\">\n<div class=\"page-title-head hgroup\">\n<div class=\"b654a4as d2edcug0\">\n<div class=\"page-title-head hgroup\">\n<div class=\"page-title-head hgroup\">\n<div class=\"page-title-head hgroup\">\n<div class=\"page-title-head hgroup\">\n<div class=\"page-title-head hgroup\">\n<div class=\"mkdf-post-text\">\n<div class=\"mkdf-post-text-inner\">\n<div class=\"mkdf-post-text-main\">\n<div class=\"mkdf-post-text\">\n<div class=\"mkdf-post-text-inner\">\n<div class=\"mkdf-post-text-main\">\n<div class=\"mkdf-post-text\">\n<div class=\"mkdf-post-text-inner\">\n<div class=\"mkdf-post-text-main\">\n<div class=\"page-title-head hgroup\">\n<div class=\"page-title-head hgroup\">\n<div class=\"mkdf-post-text\">\n<div class=\"mkdf-post-text-inner\">\n<div class=\"mkdf-post-text-main\">\n<div class=\"mkdf-post-text\">\n<div class=\"mkdf-post-text-inner\">\n<div class=\"mkdf-post-text-main\">\n<div>\n<div class=\"page-title-head hgroup\">\n<div class=\"page-title-head hgroup\">\n<div>\n<div class=\"page-title-head hgroup\">\n<div class=\"page-title-head hgroup\">\n<div class=\"b654a4as d2edcug0\">\n<div>\n<div class=\"page-title-head hgroup\" style=\"text-align: left;\">\n<div class=\"page-title-head hgroup\">\n<div dir=\"auto\">\n<p><a class=\"dt-pswp-item pspw-wrap-ready\" href=\"https:\/\/i0.wp.com\/www.radiopiu.net\/wordpress\/wp-content\/uploads\/2018\/09\/WhatsApp-Image-2018-09-20-at-16.04.06.jpeg?ssl=1\" data-dt-img-description=\"\" data-large_image_width=\"800\" data-large_image_height=\"100\"><img loading=\"lazy\" decoding=\"async\" class=\"aligncenter wp-image-61378 size-full jetpack-lazy-image jetpack-lazy-image--handled\" src=\"https:\/\/i0.wp.com\/www.radiopiu.net\/wordpress\/wp-content\/uploads\/2018\/09\/WhatsApp-Image-2018-09-20-at-16.04.06.jpeg?resize=800%2C100&amp;ssl=1\" sizes=\"auto, (max-width: 800px) 100vw, 800px\" srcset=\"https:\/\/i0.wp.com\/www.radiopiu.net\/wordpress\/wp-content\/uploads\/2018\/09\/WhatsApp-Image-2018-09-20-at-16.04.06.jpeg?w=800&amp;ssl=1 800w, https:\/\/i0.wp.com\/www.radiopiu.net\/wordpress\/wp-content\/uploads\/2018\/09\/WhatsApp-Image-2018-09-20-at-16.04.06.jpeg?resize=300%2C38&amp;ssl=1 300w, https:\/\/i0.wp.com\/www.radiopiu.net\/wordpress\/wp-content\/uploads\/2018\/09\/WhatsApp-Image-2018-09-20-at-16.04.06.jpeg?resize=768%2C96&amp;ssl=1 768w\" alt=\"\" width=\"800\" height=\"100\" data-lazy-loaded=\"1\" \/><\/a><\/p>\n<\/div>\n<\/div>\n<\/div>\n<\/div>\n<\/div>\n<\/div>\n<\/div>\n<\/div>\n<\/div>\n<\/div>\n<\/div>\n<\/div>\n<\/div>\n<\/div>\n<\/div>\n<\/div>\n<\/div>\n<\/div>\n<\/div>\n<\/div>\n<\/div>\n<\/div>\n<\/div>\n<\/div>\n<\/div>\n<\/div>\n<\/div>\n<\/div>\n<\/div>\n<\/div>\n<\/div>\n<\/div>\n<\/div>\n<\/div>\n<\/div>\n<\/div>\n<\/div>\n<\/div>\n<\/div>\n<\/div>\n<\/div>\n<\/div>\n<\/div>\n<\/div>\n<p>&nbsp;<\/p>\n<p><center><b>Mercoledi 16<\/b><\/center><b>Tempo atteso: <\/b>Tempo al mattino soleggiato con cielo in prevalenza poco nuvoloso; dalle ore centrali passaggio di nubi alte con addensamenti nuvolosi localmente consistenti, specie sui rilievi di confine con il Trentino Alto Adige. Possibili foschie o banchi di nebbia, associati a qualche nube bassa nelle ore pi\u00f9 fredde in alcune valli prealpine.<br \/>\n<b>Precipitazioni: <\/b>Generalmente assenti (0%), salvo una probabilit\u00e0 molto bassa (0-5%) di un po&#8217; di neve burrascosa sui rilievi di confine con il Trentino Alto Adige.<br \/>\n<b>Temperature: <\/b>Minime in calo anche sensibile nelle valli su valori temporaneamente inferiori alla norma, massime in contenuto aumento a tutte le quote, leggermente superiori alle medie del periodo; aumento dell&#8217;inversione termica nella notte. Paradossalmente le massime in alta montagna saranno misurate a fine giornata. Su Prealpi a 1500 m min -4\u00b0C max 3\u00b0C, a 2000 m min -7\u00b0C max 1\u00b0C; su Dolomiti a 2000 m min -6\u00b0C max 1\u00b0C, a 3000 m min -12\u00b0C max -2\u00b0C.<br \/>\n<b>Venti: <\/b>Nelle valli in genere deboli o moderati per brezza o per qualche locale raffica di Foehn dal pomeriggio\/sera; in alta montagna dai quadranti settentrionali, al mattino deboli o moderati tendenti a divenire forti dal tardo pomeriggio, specie sulle cime delle Dolomiti, a 10-25 km\/h a 2000 m e a 20-50 km\/h a 3000 m.<\/p>\n<hr \/>\n<p><center><b>Giovedi 17<\/b><\/center><b>Tempo atteso: <\/b>Tempo stabile con cielo in genere sereno o poco nuvoloso per modeste nubi alte, specie al mattino; nel pomeriggio a tratti anche parzialmente nuvoloso per qualche e innocuo addensamento in prossimit\u00e0 delle cime. Possibili foschie o banchi di nebbia, associati a qualche nube bassa nelle ore pi\u00f9 fredde in alcune valli prealpine.<br \/>\n<b>Precipitazioni: <\/b>Assenti (0%).<br \/>\n<b>Temperature: <\/b>Temperature in aumento anche marcato specie in quota nei valori massimi, superiori alle medie del periodo. Clima diurno piuttosto mite per il periodo a tutte le quote con marcata inversione termica. Intorno ai 2000 m possibili valori notturni leggermente superiori o prossimi allo 0\u00b0C. Su Prealpi a 1500 m min 0\u00b0C max 12\u00b0C, a 2000 m min 2\u00b0C max 8\u00b0C; su Dolomiti a 2000 m min 1\u00b0C max 8\u00b0C, a 3000 m min -4\u00b0C max 0\u00b0C.<br \/>\n<b>Venti: <\/b>Nelle valli deboli o anche moderati per brezze o per qualche episodio di Foehn nel pomeriggio, in alta montagna ancora dai quadranti settentrionali in ulteriore rinforzo in alta montagna specie sulle Dolomiti, dove tenderanno a divenire anche molto forti, a 25-30 km\/h a 2000 m e a 50-75 km\/h a 3000 m con raffiche fino a 90\/100 km\/h.<\/p>\n<hr \/>\n<p><center><b>Venerdi 18<\/b><\/center>Ancora tempo stabile e pi\u00f9 soleggiato rispetto a gioved\u00ec con cielo in genere sereno poco nuvoloso con qualche locale e innocuo addensamento in prossimit\u00e0 delle cime. Possibili foschie o banchi di nebbia, associati a qualche nube bassa nelle ore pi\u00f9 fredde in alcune valli prealpine. Precipitazioni assenti. Temperature in ulteriore aumento superiori alle medie del periodo, con marcata inversione termica. Venti in alta montagna dai quadranti settentrionali ancora forti al mattino sulle vette dolomitiche, in parziale attenuazione in seguito.<\/p>\n<hr \/>\n<p><center><b>Sabato 19<\/b><\/center>Cielo nuvoloso a tratti molto nuvoloso con qualche breve precipitazione di scarsa entit\u00e0, eventualmente nevosa oltre i 1500-1700 m. Temperature in calo in quota, in contenuto aumento nelle valli. Venti in quota dai quadranti occidentali, inizialmente forti, in graduale attenuazione nel corso della giornata. Previsore: M.Padoan<\/p>\n<p>&nbsp;<\/p>\n<p>&nbsp;<\/p>\n<\/div>\n<\/div>\n<\/div>\n<\/div>\n<\/div>\n<\/div>\n<\/div>\n<\/div>\n<\/div>\n<\/div>\n<\/div>\n<\/div>\n<\/div>\n<\/div>\n<\/div>\n<\/div>\n<\/div>\n<\/div>\n<\/div>\n<\/div>\n<\/div>\n<\/div>\n<\/div>\n<\/div>\n<\/div>\n<\/div>\n<\/div>\n<\/div>\n<\/div>\n<\/div>\n<\/div>\n<\/div>\n<\/div>\n<\/div>\n<\/div>\n<\/div>\n<\/div>\n<\/div>\n<\/div>\n<\/div>\n<\/div>\n<\/div>\n<\/div>\n<\/div>\n<\/div>\n<\/div>\n<\/div>\n<\/div>\n<\/div>\n<\/div>\n<\/div>\n<\/div>\n<\/div>\n<\/div>\n<\/div>\n<\/div>\n<\/div>\n<\/div>\n<\/div>\n<\/div>\n<\/div>\n<\/div>\n<\/div>\n<\/div>\n<\/div>\n<\/div>\n<\/div>\n<\/div>\n<\/div>\n<\/div>\n<\/div>\n<\/div>\n<\/div>\n<\/div>\n<\/div>\n<\/div>\n<\/div>\n<\/div>\n<\/div>\n<\/div>\n<\/div>\n<\/div>\n<\/div>\n<\/div>\n<\/div>\n<\/div>\n<\/div>\n<\/div>\n<\/div>\n<\/div>\n<\/div>\n<\/div>\n<\/div>\n<\/div>\n<\/div>\n<\/div>\n<\/div>\n<\/div>\n<\/div>\n<\/div>\n<\/div>\n<\/div>\n<\/div>\n<\/div>\n<\/div>\n<\/div>\n<\/div>\n<\/div>\n<\/div>\n<\/div>\n<\/div>\n<\/div>\n<\/div>\n<\/div>\n<\/div>\n<\/div>\n<\/div>\n<\/div>\n<\/div>\n<\/div>\n<\/div>\n<\/div>\n<\/div>\n<\/div>\n<\/div>\n<\/div>\n<\/div>\n<\/div>\n<\/div>\n<\/div>\n<\/div>\n<\/div>\n<\/div>\n<\/div>\n<\/div>\n<\/div>\n<\/div>\n<\/div>\n<\/div>\n<\/div>\n<\/div>\n<\/div>\n<\/div>\n<\/div>\n<\/div>\n<\/div>\n<\/div>\n<\/div>\n<\/div>\n<\/div>\n<\/div>\n<\/div>\n<\/div>\n<\/div>\n<\/div>\n<\/div>\n<\/div>\n<\/div>\n<\/div>\n<\/div>\n<\/div>\n<\/div>\n<\/div>\n<\/div>\n<\/div>\n<\/div>\n<\/div>\n<\/div>\n<\/div>\n<\/div>\n<\/div>\n<\/div>\n<\/div>\n<\/div>\n<\/div>\n<\/div>\n<\/div>\n<\/div>\n<\/div>\n<\/div>\n<\/div>\n<\/div>\n<\/div>\n<\/div>\n<\/div>\n<\/div>\n<\/div>\n<blockquote class=\"wp-embedded-content\" data-secret=\"2Qp5Pf0dr2\"><p><a href=\"https:\/\/www.radiopiu.net\/wordpress\/la-neve-e-scesa-piu-copiosa-nella-parte-bassa-della-provincia-il-bollettino-neve-al-suolo-di-arpav\/\">LA NEVE E&#8217; SCESA PIU&#8217; COPIOSA NELLA PARTE BASSA DELLA PROVINCIA. IL BOLLETTINO NEVE AL SUOLO DI ARPAV<\/a><\/p><\/blockquote>\n<p><iframe loading=\"lazy\" class=\"wp-embedded-content\" sandbox=\"allow-scripts\" security=\"restricted\" style=\"position: absolute; clip: rect(1px, 1px, 1px, 1px);\" title=\"&#8220;LA NEVE E&#8217; SCESA PIU&#8217; COPIOSA NELLA PARTE BASSA DELLA PROVINCIA. IL BOLLETTINO NEVE AL SUOLO DI ARPAV&#8221; &#8212; Radio Pi\u00f9\" src=\"https:\/\/www.radiopiu.net\/wordpress\/la-neve-e-scesa-piu-copiosa-nella-parte-bassa-della-provincia-il-bollettino-neve-al-suolo-di-arpav\/embed\/#?secret=2Qp5Pf0dr2\" data-secret=\"2Qp5Pf0dr2\" width=\"600\" height=\"338\" frameborder=\"0\" marginwidth=\"0\" marginheight=\"0\" scrolling=\"no\"><\/iframe><\/p>\n<p>&nbsp;<\/p>\n<p>&nbsp;<\/p>\n<hr \/>\n<p>&nbsp;<\/p>\n<p><img loading=\"lazy\" decoding=\"async\" class=\"wp-image-60761 size-full aligncenter\" src=\"https:\/\/www.radiopiu.net\/wordpress\/wp-content\/uploads\/2018\/09\/sport.jpg\" alt=\"\" width=\"800\" height=\"100\" srcset=\"https:\/\/www.radiopiu.net\/wordpress\/wp-content\/uploads\/2018\/09\/sport.jpg 800w, https:\/\/www.radiopiu.net\/wordpress\/wp-content\/uploads\/2018\/09\/sport-300x38.jpg 300w, https:\/\/www.radiopiu.net\/wordpress\/wp-content\/uploads\/2018\/09\/sport-768x96.jpg 768w\" sizes=\"auto, (max-width: 800px) 100vw, 800px\" \/><\/p>\n<p>&nbsp;<\/p>\n<p><span style=\"color: #0000ff;\"><strong>HOCKEY SU GHIACCIO<\/strong><\/span><\/p>\n<blockquote>\n<h3>A DUE PARTITE DALLA FINE DEL MASTER ROUND L&#8217;ALLEGHE E&#8217; TERZO IN CLASSIFICA<\/h3>\n<\/blockquote>\n<p><strong><a href=\"https:\/\/www.radiopiu.net\/wordpress\/civette-vittoriose-allesordio-con-lappiano-ne-parla-davide-testori\/davide-testori\/\" rel=\"attachment wp-att-164395\"><img loading=\"lazy\" decoding=\"async\" class=\"wp-image-164395 alignleft\" src=\"https:\/\/www.radiopiu.net\/wordpress\/wp-content\/uploads\/2020\/10\/DAVIDE-TESTORI-300x300.png\" alt=\"\" width=\"119\" height=\"119\" srcset=\"https:\/\/www.radiopiu.net\/wordpress\/wp-content\/uploads\/2020\/10\/DAVIDE-TESTORI-300x300.png 300w, https:\/\/www.radiopiu.net\/wordpress\/wp-content\/uploads\/2020\/10\/DAVIDE-TESTORI-150x150.png 150w, https:\/\/www.radiopiu.net\/wordpress\/wp-content\/uploads\/2020\/10\/DAVIDE-TESTORI-768x768.png 768w, https:\/\/www.radiopiu.net\/wordpress\/wp-content\/uploads\/2020\/10\/DAVIDE-TESTORI-125x125.png 125w, https:\/\/www.radiopiu.net\/wordpress\/wp-content\/uploads\/2020\/10\/DAVIDE-TESTORI-200x200.png 200w, https:\/\/www.radiopiu.net\/wordpress\/wp-content\/uploads\/2020\/10\/DAVIDE-TESTORI-80x80.png 80w, https:\/\/www.radiopiu.net\/wordpress\/wp-content\/uploads\/2020\/10\/DAVIDE-TESTORI-480x480.png 480w, https:\/\/www.radiopiu.net\/wordpress\/wp-content\/uploads\/2020\/10\/DAVIDE-TESTORI.png 788w\" sizes=\"auto, (max-width: 119px) 100vw, 119px\" \/><\/a>ALLEGHE<\/strong> Dopo la bella prestazione di sabato scorso contro il Pergine con la vittoria per 5 a 3, l&#8217;Alleghe sogna i playoff con il fattore campo a favore. Agli uomini di Fontana serve almeno la quarta posizione per assicurarsi la prima partita in casa per i quarti di finale. Mancano due partite prima della fine del Master Round e tutto \u00e8 ancora in bilico. Intanto domani le civette sono chiamate ad una trasferta insidiosa a Cavalese per affrontare il Fiemme.<\/p>\n<p><strong>DAVIDE TESTORI, GIOCATORE DELL&#8217;ALLEGHE HOCKEY<\/strong><\/p>\n<audio class=\"wp-audio-shortcode\" id=\"audio-259544-13\" preload=\"none\" style=\"width: 100%;\" controls=\"controls\"><source type=\"audio\/mpeg\" src=\"https:\/\/www.radiopiu.net\/wordpress\/wp-content\/uploads\/2022\/02\/testori.mp3?_=13\" \/><a href=\"https:\/\/www.radiopiu.net\/wordpress\/wp-content\/uploads\/2022\/02\/testori.mp3\">https:\/\/www.radiopiu.net\/wordpress\/wp-content\/uploads\/2022\/02\/testori.mp3<\/a><\/audio>\n<p>&nbsp;<\/p>\n<hr \/>\n<p>&nbsp;<\/p>\n<p><strong><span style=\"color: #0000ff;\">SCI DI FONDO<\/span><\/strong><\/p>\n<blockquote>\n<h3>A TU PER TU CON ELIA BARP, ATLETA DELLE FIAMME GIALLE, CRESCIUTO NELLO SKI COLLEGE VENETO DI FALCADE PRONTO A PARTIRE PER I MONDIALI JUNIORES DI LYGNA<\/h3>\n<\/blockquote>\n<p><strong><a href=\"https:\/\/www.radiopiu.net\/wordpress\/a-tu-per-tu-con-elia-barp-atleta-delle-fiamme-gialle-cresciuto-nello-ski-college-veneto-di-falcade-pronto-a-partire-per-i-mondiali-juniores-di-lygna\/image2-10\/\" rel=\"attachment wp-att-259682\"><img loading=\"lazy\" decoding=\"async\" class=\"size-medium wp-image-259682 alignleft\" src=\"https:\/\/www.radiopiu.net\/wordpress\/wp-content\/uploads\/2022\/02\/image2-300x200.jpeg\" alt=\"\" width=\"300\" height=\"200\" srcset=\"https:\/\/www.radiopiu.net\/wordpress\/wp-content\/uploads\/2022\/02\/image2-300x200.jpeg 300w, https:\/\/www.radiopiu.net\/wordpress\/wp-content\/uploads\/2022\/02\/image2-1024x683.jpeg 1024w, https:\/\/www.radiopiu.net\/wordpress\/wp-content\/uploads\/2022\/02\/image2-768x512.jpeg 768w, https:\/\/www.radiopiu.net\/wordpress\/wp-content\/uploads\/2022\/02\/image2-1536x1024.jpeg 1536w, https:\/\/www.radiopiu.net\/wordpress\/wp-content\/uploads\/2022\/02\/image2-2048x1365.jpeg 2048w\" sizes=\"auto, (max-width: 300px) 100vw, 300px\" \/><\/a>di Camilla Ronchi<\/strong><\/p>\n<p><strong>FALCADE <\/strong>Talentuoso, con la risposta pronta e mai banale, Elia Barp, atleta trichianese trapiantato a Falcade, \u00e8 quel che si definisce una promessa dello sci di fondo. Classe 2002, arruolato nel gruppo sportivo Fiamme Gialle, Elia \u00e8 cresciuto nello Ski College Veneto di Falcade e sulla pista \u201cPietro Scola\u201d trascorre gran parte delle sue giornate tra una sessione e l\u2019 altra di allenamento. Il sogno sono i Giochi Olimpici in casa, tra 4 anni, ma ora il focus sono i Mondiali Juniores di sci di fondo che si svolgeranno a Lygna, in Norvegia, dal 22 febbraio al 6 marzo. \u201c<em>Non so cosa aspettarmi quest\u2019anno. Sar<\/em><em>\u00e0 <\/em><em>un mondiale strano in quanto il programma prevede la 30 km subito come prima gara e di conseguenza sar<\/em><em>\u00e0 <\/em><em>dura gestire le energie per il resto della settimana, ma \u00e8 cos\u00ec per tutti, quindi ce la giochiamo. L\u2019 anno scorso \u00e9 andata bene e mi sono reso conto che anche gli atleti dell\u2019Europa del nord non erano dei marziani<\/em>.\u201d Un anno fa, al primo anno di categoria, ai Mondiali Juniores di Vuolatti ( Finlandia) Elia conquist\u00f2 uno splendido settimo posto finale nella 10 km a tecnica libera, concludendo la propria fatica a 53\u201d dal vincitore Marrin Kirkber Moerk e una medaglia di bronzo nella staffetta. Con questa premessa e sulla base della brillante stagione di cui Barp \u00e8 stato protagonista, da dicembre ad oggi, \u00e8 lecito aspettarci un altro bel risultato. Il finanziere bellunese ha fino ad oggi dominato la stagione nelle gare del circuito OPA CUP, il circuito del fondo delle nazioni alpine, balcaniche e dell\u2019Europa centrale, mettendo a segno 4 successi e 2 podi nelle 8 gare disputate. Una vittoria \u00e8 arrivata anche nel giorno del suo 19\u00b0compleanno sulla neve austriaca di Sanlt Urlich, dove ha primeggiato nella 15 Km skating mass start. \u201c<em>A Lygna punto a fare subito bene alla 30 km visto che a livello europeo ho dimostrato di essere competitivo anche se ogni anno, ogni gara, \u00e8 sempre un punto di domanda. Mentre nelle gare dell\u2019 OPA Cup ci conosciamo tutti, ai Mondiali ci sono anche i norvegesi, finlandesi e russi\u00a0 che non gareggiano con noi durante l\u2019 anno, quindi non so quanto possano essere forti. Delle gare in programma spero di fare bene nella 30 km a tecnica libera e nella 10 km a tecnica classica. Come format prediligo le lunghe rispetto alle sprint\u201d.<\/em><\/p>\n<p><strong>Sei ancora giovanissimo ma hai gi<\/strong><strong>\u00e0 <\/strong><strong>vinto tanto. La vittoria pi\u00f9 bella?<\/strong><\/p>\n<p>\u201c<em>Non saprei, forse non una vittoria ma la medaglia di bronzo nella staffetta mista alle Olimpiadi di Losanna, la prima medaglia a livello internazionale, la prima gara \u201cda grandi\u201d in cui ho avvertito la magia dei cinque cerchi. Le Olimpiadi sono sempre l\u2019esperienza pi\u00f9 bella che pu\u00f2 capitare ad un atleta. Quelle giovanili sono state indimenticabili, ora lavoro per quelle che ci saranno a casa nostra tra Milano e Cortina. Non sar<\/em><em>\u00e0 <\/em><em>facile perch\u00e9 non \u00e8 solo il mio obiettivo ma il sogno che accomuna ogni ragazzo che come me fa agonismo.\u201d<\/em><\/p>\n<p><strong><a href=\"https:\/\/www.radiopiu.net\/wordpress\/a-tu-per-tu-con-elia-barp-atleta-delle-fiamme-gialle-cresciuto-nello-ski-college-veneto-di-falcade-pronto-a-partire-per-i-mondiali-juniores-di-lygna\/elia-con-il-fratellino-dante\/\" rel=\"attachment wp-att-259684\"><img loading=\"lazy\" decoding=\"async\" class=\"size-medium wp-image-259684 alignright\" src=\"https:\/\/www.radiopiu.net\/wordpress\/wp-content\/uploads\/2022\/02\/Elia-con-il-fratellino-Dante-173x300.jpeg\" alt=\"\" width=\"173\" height=\"300\" srcset=\"https:\/\/www.radiopiu.net\/wordpress\/wp-content\/uploads\/2022\/02\/Elia-con-il-fratellino-Dante-173x300.jpeg 173w, https:\/\/www.radiopiu.net\/wordpress\/wp-content\/uploads\/2022\/02\/Elia-con-il-fratellino-Dante.jpeg 589w\" sizes=\"auto, (max-width: 173px) 100vw, 173px\" \/><\/a><\/strong><strong>Stai seguendo i Giochi Olimpici di Pechino?<\/strong><\/p>\n<p><em>\u201cCerto, non mi perdo una gara! Seguo soprattutto lo sci di fondo, siamo fortunati perch<\/em><em>\u00e9 <\/em><em>per guardarle non occorre svegliarsi la notte ma mi piacciono anche le altre gare. Cerco di rubare qualche segreto dai migliori. Alexasander Bolshunov \u00e8 uno dei miei preferiti ma anche Federico Pellegrino \u00e8 l\u2019atleta a cui mi ispiro. A Pechino ha dimostrato di essere una leggenda. Penso che il segreto del suo successo sia stato il coraggio di cambiare, di uscire dalla comfort zone per essere competitivo nonostante il passare degli anni. E\u2019 stato pazzesco come ha gestito la gara e si \u00e8 andato a prendere un argento dopo 4 anni da Pyeongchang. <\/em><em>Sono molto orgoglioso anche dei ragazzi che con me hanno frequentato lo Ski College e che a Pechino hanno portato in alto non solo il tricolore ma anche i colori dell\u2019 istituto sportivo\u00a0 di Falcade. Complimenti a Lucia Dalmasso, Filippo Ferrari, Tommaso Leoni e al mio caro amico Leonardo Donaggio con il quale ho condiviso il percorso scolastico\u201d.<\/em><\/p>\n<p><strong>Tornassi indietro rifaresti lo Ski College \u00a0Veneto e sceglieresti ancora Falcade come paese nel quale vivere ed allenarti?<\/strong><\/p>\n<p>\u201c<em>Lo Ski College mi ha permesso di conciliare lo studio con la mia passione per lo sci, mi ha regalato\u00a0 le amicizie di altri ragazzi che con me condividevano il desiderio di affermarsi nello sport e di studiare e soprattutto mi ha insegnato ad organizzarmi e dare il meglio di me anche sotto pressione. Anche ora che ho finito la scuola gli insegnamenti ricevuti allo Ski College Veneto continuano ad essere preziosi. <\/em><em>Falcade ora per me significa \u201ccasa\u201d, un paese a cui non manca niente ed \u00e9 anche in posizione piuttosto strategica per chi si sposta spesso come me. Siamo fortunati perch\u00e9 <\/em><em>\u00a0<\/em><em>a Falcade d<\/em><em>\u2019 inverno fa quasi sempre freddo e la pista \u201cPietro Scola\u201d dove mi alleno tutti giorni \u00e8 sempre perfettamente innevata ed in ottime condizioni\u00a0 grazie all\u2019 efficiente impianto di innevamento e alla bravura di chi la gestisce. Non \u00e8 scontato avere a casa una pista dove ti puoi allenare a fine stagione, quando la neve scarseggia ovunque.<\/em>\u201d A Falcade lo sci di fondo \u00e8 uno sport molto praticato soprattutto dai bambini, molti dei quali entrano nelle file dello Sci Club Val Biois\u00a0 e iniziano a sognare di diventare forti come Elia, un vero\u00a0 beniamino per i ragazzi del posto. Lo sci di fondo a Falcade non \u00e8 unicamente uno sport ma una realt\u00e0 che crea aggregazione e unisce una comunit\u00e0 sulla Piana, il grande prato che di Falcade \u00e8 uno dei simboli pi\u00f9 caratteristici.<\/p>\n<p><strong>\u00a0<\/strong><strong>I ragazzi della tua et<\/strong><strong>\u00e0 <\/strong><strong>fanno una vita un po&#8217; pi\u00f9 spensierata della tua. Non ti manca la libert<\/strong><strong>\u00e0 <\/strong><strong>che hanno i tuoi coetanei? <\/strong><\/p>\n<p>\u201c<em>Non mi pesa affatto dovermi allenare tutti i giorni e rinunciare ad uscire la sera per una birretta con gli amici. Niente rinunce solo gratitudine; poter fare l\u2019atleta a tempo pieno \u00e8 un vero privilegio. E\u2019 meraviglioso doversi concentrare solo nell\u2019 andare pi\u00f9 forte, sono molto fortunato rispetto ad alcuni miei amici che lavorano in fabbrica 8 ore al giorno\u201d <\/em><\/p>\n<p><a href=\"https:\/\/www.radiopiu.net\/wordpress\/a-tu-per-tu-con-elia-barp-atleta-delle-fiamme-gialle-cresciuto-nello-ski-college-veneto-di-falcade-pronto-a-partire-per-i-mondiali-juniores-di-lygna\/elia-barp-1o-classificato-juniores-under-20\/\" rel=\"attachment wp-att-259685\"><img loading=\"lazy\" decoding=\"async\" class=\"wp-image-259685 size-medium alignleft\" src=\"https:\/\/www.radiopiu.net\/wordpress\/wp-content\/uploads\/2022\/02\/image0-200x300.jpeg\" alt=\"\" width=\"200\" height=\"300\" srcset=\"https:\/\/www.radiopiu.net\/wordpress\/wp-content\/uploads\/2022\/02\/image0-200x300.jpeg 200w, https:\/\/www.radiopiu.net\/wordpress\/wp-content\/uploads\/2022\/02\/image0-683x1024.jpeg 683w, https:\/\/www.radiopiu.net\/wordpress\/wp-content\/uploads\/2022\/02\/image0-768x1152.jpeg 768w, https:\/\/www.radiopiu.net\/wordpress\/wp-content\/uploads\/2022\/02\/image0-1024x1536.jpeg 1024w, https:\/\/www.radiopiu.net\/wordpress\/wp-content\/uploads\/2022\/02\/image0.jpeg 1280w\" sizes=\"auto, (max-width: 200px) 100vw, 200px\" \/><\/a><strong>Ogni atleta, in qualsiasi sport, \u00e8 seguito fin da giovanissimo da un preparatore psicologico. Perch<\/strong><strong>\u00e9 <\/strong><strong>nelle gare, soprattutto quelle pi\u00f9 prestigiose la testa pu\u00f2 fare la differenza. Tu che preparazione mentale fai?<\/strong><\/p>\n<p><strong><em>\u00a0<\/em><\/strong><em>\u201cPer la verit<\/em><em>\u00e0 <\/em><em>non ho un mental coach, riconosco che sono una mosca bianca perch<\/em><em>\u00e9 <\/em><em>per quasi tutti gli atleti\u00a0 la figura dello psicologo sportivo ormai \u00e8 diventata centrale nella crescita a agonistica. Io per ora non ne ho bisogno, mi concentro bene, gestisco la tensione e lo stress delle gare e riesco a trasformare l\u2019 emozione dei grandi eventi in benzina per andare ancora pi\u00f9 forte. <\/em><em>Per ora va bene cos\u00ec.<\/em>\u201d<\/p>\n<p><strong>Grande tifo per Elia Barp in casa PromoFalcade Dolomiti, l\u2019ente di Promozione turistica che\u00a0 da quest\u2019 anno \u00e9 a fianco di Elia Barp nell\u2019 inseguire i suoi sogni in Coppa Europa e ai Mondiali. <\/strong><\/p>\n<p>Ecco il commento a caldo del consigliere Fulvio Valt : \u201c<em>Falcade e la Valle del Biois sono orgogliosi di avere un atleta cos\u00ec giovane e gi<\/em><em>\u00e0 <\/em><em>cos\u00ec forte che porter<\/em><em>\u00e0 <\/em><em>alto il nome del suo territorio nella massima competizione mondiale giovanile. Elia \u00e8 uno dei talenti sfornati dallo Ski College Veneto e siamo felici che nella nostra comunit<\/em><em>\u00e0 a<\/em><em>abbia trovato l\u2019atmosfera ideale per crescere come atleta e come persona. Siamo fiduciosi che questa collaborazione possa essere rinnovata negli anni fino magari ai Giochi di Milano-Cortina. Promuovere il nostro territorio attraverso il sorriso e la determinazione dei giovani atleti \u00e8 il modo migliore per veicolare il nostro brand in tutto il mondo\u201d<\/em><\/p>\n<p>&nbsp;<\/p>\n<p>&nbsp;<\/p>\n<hr \/>\n<p>&nbsp;<\/p>\n<p><span style=\"color: #0000ff;\"><strong>PALLAVOLO<\/strong><\/span><\/p>\n<blockquote>\n<h3>OGGI LA SFIDA CON MACERATA PER LA DA ROLD LOGISTIC<\/h3>\n<\/blockquote>\n<p><strong><a href=\"https:\/\/www.radiopiu.net\/wordpress\/giornale-radiopiu-16-febbraio-2022-direttore-mirko-mezzacasa\/macerata_drl_andata\/\" rel=\"attachment wp-att-259679\"><img loading=\"lazy\" decoding=\"async\" class=\"size-medium wp-image-259679 alignleft\" src=\"https:\/\/www.radiopiu.net\/wordpress\/wp-content\/uploads\/2022\/02\/Macerata_DRL_andata-300x200.jpg\" alt=\"\" width=\"300\" height=\"200\" srcset=\"https:\/\/www.radiopiu.net\/wordpress\/wp-content\/uploads\/2022\/02\/Macerata_DRL_andata-300x200.jpg 300w, https:\/\/www.radiopiu.net\/wordpress\/wp-content\/uploads\/2022\/02\/Macerata_DRL_andata.jpg 603w\" sizes=\"auto, (max-width: 300px) 100vw, 300px\" \/><\/a>BELLUNO<\/strong> Mercoled\u00ec in palestra per la<span class=\"gmail-Apple-converted-space\">\u00a0<\/span>Da Rold Logistics Belluno. Non \u00e8 una novit\u00e0? Vero, se non fosse che oggi, alla<span class=\"gmail-Apple-converted-space\">\u00a0<\/span>Spes Arena (ore 19.30), non \u00e8 in programma il classico allenamento infrasettimanale, bens\u00ec una partita con i tre punti in palio. \u00c8 un recupero valido per la seconda giornata di ritorno del campionato di<span class=\"gmail-Apple-converted-space\">\u00a0<\/span>Serie A3 Credem Banca. E vedr\u00e0 i rinoceronti opposti a una delle corazzate del girone: la<span class=\"gmail-Apple-converted-space\">\u00a0<\/span>Med Store Tunit Macerata. Una compagine che ha perso appena tre gare in tutta la stagione. E che attualmente occupa il terzo gradino della classifica.<span class=\"gmail-Apple-converted-space\">\u00a0<\/span>Per ottenere un risultato positivo dal confronto con i marchigiani servir\u00e0 la miglior versione bellunese. Ben lontana da quella andata in scena a Torino, contro la ViViBanca: \u00abDi fonte ad avversari di questa caratura &#8211; argomenta il direttore generale, Franco Da Re &#8211; abbiamo l\u2019occasione di dimostrare che non siamo quelli visti in Piemonte. Soprattutto in termini di atteggiamento e capacit\u00e0 tecniche\u00bb. Domenica scorsa si \u00e8 spezzata una striscia positiva che durava da quattro incontri: \u00abLa realt\u00e0 \u00e8 che verso Torino siamo partiti, ma mai arrivati. Non siamo riusciti a entrare in partita. Ed \u00e8 un peccato perch\u00e9 finora abbiamo sempre dimostrato di essere una squadra combattiva e poco propensa a mollare\u00bb.<span class=\"gmail-Apple-converted-space\"> \u00a0<\/span><\/p>\n<p>&nbsp;<\/p>\n<p>&nbsp;<\/p>\n<hr \/>\n<p>&nbsp;<\/p>\n<\/div>\n<\/div>\n<\/div>\n<\/div>\n<\/div>\n<\/div>\n<\/div>\n<\/div>\n","protected":false},"excerpt":{"rendered":"<p>INFORMAZIONE il canale su TELEGRAM informazione di prima mano e in tempo reale. iscriviti ed aiutaci a farlo conoscere AGGIORNAMENTO COVID NELL&#8217;AGORDINO, POSITIVI OGGI: FALCADE 19, LA VALLE 28, COLLE SANTA LUCIA 4, ROCCA PIETORE 3, LIVINALLONGO 3 TAIBON 21, CANALE D&#8217;AGORDO 5, ALLEGHE 15, &nbsp; &nbsp; ACQUA INQUINATA IN ALCUNE FRAZIONI \u00a0CANALE D&#8217; AGORDO&hellip;<\/p>\n","protected":false},"author":4,"featured_media":259813,"comment_status":"closed","ping_status":"closed","sticky":false,"template":"","format":"standard","meta":{"_monsterinsights_skip_tracking":false,"_monsterinsights_sitenote_active":false,"_monsterinsights_sitenote_note":"","_monsterinsights_sitenote_category":0,"footnotes":""},"categories":[104,86,49],"tags":[],"class_list":["post-259544","post","type-post","status-publish","format-standard","has-post-thumbnail","hentry","category-evidenza_3","category-gr","category-news-18","category-104","category-86","category-49","description-off"],"img_url":"https:\/\/www.radiopiu.net\/wordpress\/wp-content\/uploads\/2022\/02\/f0976c3a-3568-45b8-a337-ff24a7a1d13b.jpg","_links":{"self":[{"href":"https:\/\/www.radiopiu.net\/wordpress\/wp-json\/wp\/v2\/posts\/259544","targetHints":{"allow":["GET"]}}],"collection":[{"href":"https:\/\/www.radiopiu.net\/wordpress\/wp-json\/wp\/v2\/posts"}],"about":[{"href":"https:\/\/www.radiopiu.net\/wordpress\/wp-json\/wp\/v2\/types\/post"}],"author":[{"embeddable":true,"href":"https:\/\/www.radiopiu.net\/wordpress\/wp-json\/wp\/v2\/users\/4"}],"replies":[{"embeddable":true,"href":"https:\/\/www.radiopiu.net\/wordpress\/wp-json\/wp\/v2\/comments?post=259544"}],"version-history":[{"count":0,"href":"https:\/\/www.radiopiu.net\/wordpress\/wp-json\/wp\/v2\/posts\/259544\/revisions"}],"wp:featuredmedia":[{"embeddable":true,"href":"https:\/\/www.radiopiu.net\/wordpress\/wp-json\/wp\/v2\/media\/259813"}],"wp:attachment":[{"href":"https:\/\/www.radiopiu.net\/wordpress\/wp-json\/wp\/v2\/media?parent=259544"}],"wp:term":[{"taxonomy":"category","embeddable":true,"href":"https:\/\/www.radiopiu.net\/wordpress\/wp-json\/wp\/v2\/categories?post=259544"},{"taxonomy":"post_tag","embeddable":true,"href":"https:\/\/www.radiopiu.net\/wordpress\/wp-json\/wp\/v2\/tags?post=259544"}],"curies":[{"name":"wp","href":"https:\/\/api.w.org\/{rel}","templated":true}]}}