{"id":259548,"date":"2022-02-16T05:54:05","date_gmt":"2022-02-16T04:54:05","guid":{"rendered":"https:\/\/www.radiopiu.net\/wordpress\/?p=259548"},"modified":"2022-02-16T06:12:43","modified_gmt":"2022-02-16T05:12:43","slug":"alleghe13fee","status":"publish","type":"post","link":"https:\/\/www.radiopiu.net\/wordpress\/alleghe13fee\/","title":{"rendered":"L&#8217;ULTIMO GESTO DI DANIELA, LA DONAZIONE DEGLI ORGANI. I FUNERALI PROBABILMENTE VENERDI"},"content":{"rendered":"<p>&nbsp;<\/p>\n<p>&nbsp;<\/p>\n<p><strong><em>ALLEGHE<\/em><\/strong><\/p>\n<p><strong>di Gianni Santomaso\u00a0<\/strong><\/p>\n<audio class=\"wp-audio-shortcode\" id=\"audio-259548-1\" preload=\"none\" style=\"width: 100%;\" controls=\"controls\"><source type=\"audio\/mpeg\" src=\"https:\/\/www.radiopiu.net\/wordpress\/wp-content\/uploads\/2022\/02\/gianni-daniela-alfieri.mp3?_=1\" \/><a href=\"https:\/\/www.radiopiu.net\/wordpress\/wp-content\/uploads\/2022\/02\/gianni-daniela-alfieri.mp3\">https:\/\/www.radiopiu.net\/wordpress\/wp-content\/uploads\/2022\/02\/gianni-daniela-alfieri.mp3<\/a><\/audio>\n<p>&nbsp;<\/p>\n<p><span style=\"color: #ff0000;\"><strong>IERI ALLA RADIO<\/strong><\/span><\/p>\n<p><strong><a href=\"https:\/\/www.radiopiu.net\/wordpress\/una-abbraccio-alla-famiglia-orsingher-dle-ricordo-di-daniela-persona-squisita\/56487454_101684864359486_1142243541599125504_n\/\" rel=\"attachment wp-att-259549\"><img loading=\"lazy\" decoding=\"async\" class=\"size-medium wp-image-259549 alignleft\" src=\"https:\/\/www.radiopiu.net\/wordpress\/wp-content\/uploads\/2022\/02\/56487454_101684864359486_1142243541599125504_n-e1644867794405-300x300.jpg\" alt=\"\" width=\"300\" height=\"300\" srcset=\"https:\/\/www.radiopiu.net\/wordpress\/wp-content\/uploads\/2022\/02\/56487454_101684864359486_1142243541599125504_n-e1644867794405-300x300.jpg 300w, https:\/\/www.radiopiu.net\/wordpress\/wp-content\/uploads\/2022\/02\/56487454_101684864359486_1142243541599125504_n-e1644867794405-150x150.jpg 150w, https:\/\/www.radiopiu.net\/wordpress\/wp-content\/uploads\/2022\/02\/56487454_101684864359486_1142243541599125504_n-e1644867794405-768x768.jpg 768w, https:\/\/www.radiopiu.net\/wordpress\/wp-content\/uploads\/2022\/02\/56487454_101684864359486_1142243541599125504_n-e1644867794405.jpg 778w\" sizes=\"auto, (max-width: 300px) 100vw, 300px\" \/><\/a>ALLEGHE\u00a0<\/strong> Caro amico, caro forte amico, stavo pensando che potrei iniziare dal sassofono, Non si dovrebbero divulgare le confidenze, ma me la vedo lass\u00f9 Daniela anche a fare musica. Che siano note dolci e in fatto di musica il marchio Orsingher ne sa qualche cosa, quelle note che possano rincuorarti Stefano e che siano un caldo abbraccio per Giulia, Davide, le sue creature che ce la ricorderanno ad ogni occasione. Non c&#8217;\u00e8 altro da aggiungere Stefano, se non un forte ti e vi vogliamo bene. E per lenire un po&#8217; il dolore ripeto quello che un&#8217;alleghese ha scritto di Daniela dopo averla conosciuta, forse anche accanto a te sul posto di lavoro<em> &#8220;persona squisita&#8221;<\/em>, L&#8217;Alleghe Hockey per voce del suo presidente Adriano Levis <em>&#8220;La famiglia dell&#8217;Alleghe Hockey abbraccia Stefano e Davide con Giulia. Abbiamo nel cuore tanta tristezza&#8221;.<\/em> Daniela Alfieri, nata ad Agordo in piazza della Libert\u00e0 56 anni fa \u00e8 mancata stamane,, il malore di qualche giorno fa gli \u00e8 stato fatale. Lascia il marito Stefano Orsingher con i figli Giulia e Davide, la mamma Gaia Antonietta, i fratelli Giorgio, Flavio, Maurizio Alfieri.<\/p>\n<p>mirko e RadioPi\u00f9<\/p>\n","protected":false},"excerpt":{"rendered":"<p>&nbsp; &nbsp; ALLEGHE di Gianni Santomaso\u00a0 &nbsp; IERI ALLA RADIO ALLEGHE\u00a0 Caro amico, caro forte amico, stavo pensando che potrei iniziare dal sassofono, Non si dovrebbero divulgare le confidenze, ma me la vedo lass\u00f9 Daniela anche a fare musica. Che siano note dolci e in fatto di musica il marchio Orsingher ne sa qualche cosa,&hellip;<\/p>\n","protected":false},"author":4,"featured_media":259549,"comment_status":"closed","ping_status":"closed","sticky":false,"template":"","format":"standard","meta":{"_monsterinsights_skip_tracking":false,"_monsterinsights_sitenote_active":false,"_monsterinsights_sitenote_note":"","_monsterinsights_sitenote_category":0,"footnotes":""},"categories":[51,49],"tags":[],"class_list":["post-259548","post","type-post","status-publish","format-standard","has-post-thumbnail","hentry","category-evidenza-top","category-news-18","category-51","category-49","description-off"],"img_url":"https:\/\/www.radiopiu.net\/wordpress\/wp-content\/uploads\/2022\/02\/56487454_101684864359486_1142243541599125504_n-e1644867794405.jpg","_links":{"self":[{"href":"https:\/\/www.radiopiu.net\/wordpress\/wp-json\/wp\/v2\/posts\/259548","targetHints":{"allow":["GET"]}}],"collection":[{"href":"https:\/\/www.radiopiu.net\/wordpress\/wp-json\/wp\/v2\/posts"}],"about":[{"href":"https:\/\/www.radiopiu.net\/wordpress\/wp-json\/wp\/v2\/types\/post"}],"author":[{"embeddable":true,"href":"https:\/\/www.radiopiu.net\/wordpress\/wp-json\/wp\/v2\/users\/4"}],"replies":[{"embeddable":true,"href":"https:\/\/www.radiopiu.net\/wordpress\/wp-json\/wp\/v2\/comments?post=259548"}],"version-history":[{"count":0,"href":"https:\/\/www.radiopiu.net\/wordpress\/wp-json\/wp\/v2\/posts\/259548\/revisions"}],"wp:featuredmedia":[{"embeddable":true,"href":"https:\/\/www.radiopiu.net\/wordpress\/wp-json\/wp\/v2\/media\/259549"}],"wp:attachment":[{"href":"https:\/\/www.radiopiu.net\/wordpress\/wp-json\/wp\/v2\/media?parent=259548"}],"wp:term":[{"taxonomy":"category","embeddable":true,"href":"https:\/\/www.radiopiu.net\/wordpress\/wp-json\/wp\/v2\/categories?post=259548"},{"taxonomy":"post_tag","embeddable":true,"href":"https:\/\/www.radiopiu.net\/wordpress\/wp-json\/wp\/v2\/tags?post=259548"}],"curies":[{"name":"wp","href":"https:\/\/api.w.org\/{rel}","templated":true}]}}