{"id":259575,"date":"2022-02-15T05:33:44","date_gmt":"2022-02-15T04:33:44","guid":{"rendered":"https:\/\/www.radiopiu.net\/wordpress\/?p=259575"},"modified":"2022-02-15T05:33:45","modified_gmt":"2022-02-15T04:33:45","slug":"imbagina-storie-di-seggiolai-agordini","status":"publish","type":"post","link":"https:\/\/www.radiopiu.net\/wordpress\/imbagina-storie-di-seggiolai-agordini\/","title":{"rendered":"IMBAGIN\u00c0. STORIE DI SEGGIOLAI AGORDINI"},"content":{"rendered":"<blockquote>\n<h3><\/h3>\n<\/blockquote>\n<p><strong><a href=\"https:\/\/www.radiopiu.net\/wordpress\/?attachment_id=259481\" rel=\"attachment wp-att-259481\"><img loading=\"lazy\" decoding=\"async\" class=\"size-medium wp-image-259481 alignleft\" src=\"https:\/\/www.radiopiu.net\/wordpress\/wp-content\/uploads\/2022\/02\/Schermata-2022-02-14-alle-13.47.25-300x224.png\" alt=\"\" width=\"300\" height=\"224\" srcset=\"https:\/\/www.radiopiu.net\/wordpress\/wp-content\/uploads\/2022\/02\/Schermata-2022-02-14-alle-13.47.25-300x224.png 300w, https:\/\/www.radiopiu.net\/wordpress\/wp-content\/uploads\/2022\/02\/Schermata-2022-02-14-alle-13.47.25-1024x766.png 1024w, https:\/\/www.radiopiu.net\/wordpress\/wp-content\/uploads\/2022\/02\/Schermata-2022-02-14-alle-13.47.25-768x574.png 768w, https:\/\/www.radiopiu.net\/wordpress\/wp-content\/uploads\/2022\/02\/Schermata-2022-02-14-alle-13.47.25.png 1308w\" sizes=\"auto, (max-width: 300px) 100vw, 300px\" \/><\/a>SOSPIROLO<\/strong> Con la sua recente opera edita dall\u2019Associazione Bellunesi nel Mondo a fine 2021, Enrico Stalliviere, ispirato da un suo vivacissimo \u2018demone\u2019 dei ricordi, presenta in una carrellata di quadri vivaci e pittoreschi, la ricca variet\u00e0 di tipi umani incontrati nel suo lungo peregrinare in Valbelluna quando era un giovane \u2018gaburo\u2019- apprendista seggiolaio ambulante &#8211; e poi &#8216;conza&#8217; maturo, testimoniando il sapere e il sapore di un mestiere antico da non dimenticare, sulla scia dei racconti gi\u00e0 narrati in &#8216;Storie di conza e gaburi&#8217; del 2012 e &#8216;Tut aldrit&#8217; del 2015. &#8220;Imbagin\u00e0. Storie Di Seggiolai Agordini&#8221; sar\u00e0 presentato dalla Biblioteca di Sospirolo in collaborazione con la Biblioteca delle Migrazioni dell\u2019Associazione Bellunesi nel mondo, venerd\u00ec 18 febbraio 2022 al Centro civico di Sospirolo, alle 20.45. L\u2019ingresso in sala \u00e8 libero muniti di Greenpass C19 rafforzato. Per informazioni: 0437 844508, biblioteca@comune.sospirolo.bl.it.<\/p>\n","protected":false},"excerpt":{"rendered":"<p>SOSPIROLO Con la sua recente opera edita dall\u2019Associazione Bellunesi nel Mondo a fine 2021, Enrico Stalliviere, ispirato da un suo vivacissimo \u2018demone\u2019 dei ricordi, presenta in una carrellata di quadri vivaci e pittoreschi, la ricca variet\u00e0 di tipi umani incontrati nel suo lungo peregrinare in Valbelluna quando era un giovane \u2018gaburo\u2019- apprendista seggiolaio ambulante &#8211;&hellip;<\/p>\n","protected":false},"author":4,"featured_media":259481,"comment_status":"closed","ping_status":"closed","sticky":false,"template":"","format":"standard","meta":{"_monsterinsights_skip_tracking":false,"_monsterinsights_sitenote_active":false,"_monsterinsights_sitenote_note":"","_monsterinsights_sitenote_category":0,"footnotes":""},"categories":[104,49],"tags":[],"class_list":["post-259575","post","type-post","status-publish","format-standard","has-post-thumbnail","hentry","category-evidenza_3","category-news-18","category-104","category-49","description-off"],"img_url":"https:\/\/www.radiopiu.net\/wordpress\/wp-content\/uploads\/2022\/02\/Schermata-2022-02-14-alle-13.47.25.png","_links":{"self":[{"href":"https:\/\/www.radiopiu.net\/wordpress\/wp-json\/wp\/v2\/posts\/259575","targetHints":{"allow":["GET"]}}],"collection":[{"href":"https:\/\/www.radiopiu.net\/wordpress\/wp-json\/wp\/v2\/posts"}],"about":[{"href":"https:\/\/www.radiopiu.net\/wordpress\/wp-json\/wp\/v2\/types\/post"}],"author":[{"embeddable":true,"href":"https:\/\/www.radiopiu.net\/wordpress\/wp-json\/wp\/v2\/users\/4"}],"replies":[{"embeddable":true,"href":"https:\/\/www.radiopiu.net\/wordpress\/wp-json\/wp\/v2\/comments?post=259575"}],"version-history":[{"count":0,"href":"https:\/\/www.radiopiu.net\/wordpress\/wp-json\/wp\/v2\/posts\/259575\/revisions"}],"wp:featuredmedia":[{"embeddable":true,"href":"https:\/\/www.radiopiu.net\/wordpress\/wp-json\/wp\/v2\/media\/259481"}],"wp:attachment":[{"href":"https:\/\/www.radiopiu.net\/wordpress\/wp-json\/wp\/v2\/media?parent=259575"}],"wp:term":[{"taxonomy":"category","embeddable":true,"href":"https:\/\/www.radiopiu.net\/wordpress\/wp-json\/wp\/v2\/categories?post=259575"},{"taxonomy":"post_tag","embeddable":true,"href":"https:\/\/www.radiopiu.net\/wordpress\/wp-json\/wp\/v2\/tags?post=259575"}],"curies":[{"name":"wp","href":"https:\/\/api.w.org\/{rel}","templated":true}]}}