{"id":259580,"date":"2022-02-14T23:39:32","date_gmt":"2022-02-14T22:39:32","guid":{"rendered":"https:\/\/www.radiopiu.net\/wordpress\/?p=259580"},"modified":"2022-02-15T05:49:23","modified_gmt":"2022-02-15T04:49:23","slug":"quegli-storici-anni-70-del-belluno-calcio-che-milito-con-onore-nel-campionato-di-c","status":"publish","type":"post","link":"https:\/\/www.radiopiu.net\/wordpress\/quegli-storici-anni-70-del-belluno-calcio-che-milito-con-onore-nel-campionato-di-c\/","title":{"rendered":"QUEGLI STORICI ANNI \u201970 DEL BELLUNO CALCIO CHE MILIT\u00d2 CON ONORE NEL CAMPIONATO DI \u201cC\u201d"},"content":{"rendered":"<p><strong>di RENATO BONA<\/strong><\/p>\n<p>Conoscendo ed apprezzando la grande passione del mio fratello e collega Roberto per il Belluno calcio, gli ho girato una serie di \u201creperti\u201d vale a dire schedine del Totocalcio, nelle quali compare anche il nome della squadra giallobl\u00f9. Con lo zelo che lo contraddistingue, Roberto ne ha ricavato un servizio per \u201cStoria del Calcio Belluno 1905\u201d, pagina-museo virtuale del club gialloblu che dedica a tutti coloro che al Belluno hanno voluto e vogliono bene. Possono leggerlo gli appassionati del calcio, ma non solo loro, visto che si tratta d storia degli anni \u201970, il periodo aureo del sodalizio cittadino che, una volta conquistata la Serie C, si misur\u00f2 anche con grandi societ\u00e0 del panorama calcistico italiano, con lunghi trascorsi in massima Serie, se non addirittura scudettate. <b>*<\/b> Quella che consideriamo una vera e propria \u201cchicca\u201d ci \u00e8 stata segnalata e trasmessa dal giornalista Renato Bona, gi\u00e0 capo della redazione bellunese e bassanese del quotidiano \u201cIl Gazzettino\u201d, per decenni corrispondete Rai dalla provincia, nonch\u00e9 uno dei quattro soci fondatori del periodico \u201cFuorigioco\u201d (Sostene Schena, Sergio Sommacal ed il compianto Piero Cester gli altri), il foglio che per quattro stagioni segu\u00ec e sostenne da vicino l\u2019irripetibile sogno-avventura del Belluno di Eros Beraldo, di Buzzatti, Caneve, Losso, Bandiera, Balestra, Sommavilla e compagnia, in Serie C. Bona, che nonostante sia in pensione da qualche anno, non ha smarrito il pallino per il proprio mestiere, ha colto al volo l\u2019opportunit\u00e0 di riprendere le sei schedine del Totocalcio, appartenenti alla collezione personale di Pierluigi Volpon, tifoso gialloblu di \u201cvecchia data\u201d. La particolarit\u00e0 delle schedine esibite con orgoglio dal titolare (assieme ai figli Cristina &#8211; con lui nella foto &#8211; e Massimo) del Bar Helvetia di via Mezzaterra, in citt\u00e0, conosciuto locale che offre anche i servizi di edicola e ricevitoria di tutti i concorsi e giochi possibili, \u00e8 quella di presentare, fra i pronostici da indovinare, anche quelli relativi ad altrettante partite del Belluno. La schedina del Concorso 36, del 3 maggio 1970, diede spazio alle gare della Serie B (in cui spiccava il derby del Sud Foggia-Reggina, poi terminato 1-1 e a tre incontri di Serie D: Pordenone-Belluno, Schio-Trento e Forl\u00ec Senigallia. Il confronto che and\u00f2 in scena allo stadio-velodromo \u201cOttavio Bottecchia\u201d mise di fronte terza e prima forza del campionato. I gialloblu patirono un brutto avvio di gara, subendo nel primo tempo le reti neroverdi di Jut, su rigore e Muzzin. L\u2019autorete di Bernardis, dopo la mezz\u2019ora della ripresa, serv\u00ec solo a dimezzare lo svantaggio, ma non ad evitare la sconfitta. La settimana successiva l\u2019undici di Beraldo perse anche in casa (0-1), con il Montebelluna, che di l\u00ec a qualche domenica sarebbe retrocesso. In virt\u00f9 di quell\u2019inatteso kappa\u00f2, il Belluno fu scavalcato in testa alla classifica dal Trento e raggiunto dal Pordenone, dando addio ai propri sogni di gloria. In quella partita furono schierati: Piccoli, Valmassoi, Zampieri, Tesan, Fiorin, Lusente, Gagliazzo, Canella (73\u2019 Patrizio), Collazuol, Olivotto, Gaiotti. La schedina del Concorso 22, del 23 gennaio 1972, venne modulata sui pronostici delle otto partite della Serie A (spiccava Lanerossi Vicenza \u2013 Juventus 1-3, con i berici guidati in panchina dall\u2019ex giocatore-allenatore gialloblu nella Serie C del secondo dopoguerra Umberto Menti, tre di B e due di C con il derby veneto Belluno-Padova. Alla partita, secondo le cronache, assistettero circa 7 mila spettatori con un incasso di quasi 5 milioni di lire. In quella occasione l\u2019undici gialloblu si conferm\u00f2 \u201cammazzagrandi\u201d (al polisportivo erano gi\u00e0 cadute Lecco, Udinese e Cremonese) imponendosi 1-0 grazie ad un\u2019involontaria deviazione di Barbierato, su tiro di Rigo (capocannoniere del Girone C di Serie D 1970-71 con 16 reti nelle file dell\u2019Arco, approd\u00f2 in gialloblu dalla Mirandolese). Questa la formazioni bellunese: Bubacco, Cecco, Grion, Da Rold, Cerantola, Zampieri, Gagliazzo, Flaborea, Inferrera, Mantiero, Rigo. Anche la gara di ritorno fra biancoscudati e grifoni, giocata allo stadio Appiani, il 18 giugno 1972, trov\u00f2 spazio nella schedina del Concorso 43. Il derby fin\u00ec a reti inviolate e fu seguito solamente da un migliaio di spettatori. Rispetto alla gara d\u2019andata il Belluno inser\u00ec Moretti, Argenta e Sommacal, mentre non scesero in campo Cecco, Da Rold e Mantiero. Si tratta di una schedina \u201cstorica\u201d perch\u00e9 fra gli incontri da pronosticare compare quello di Ternana-Novara che, vinto 3-1 dagli umbri, valse all\u2019undici di Corrado Viciani la prima e finora unica promozione in Serie A. Anche cinque domeniche prima il Belluno si era ritrovato in schedina: per il Concorso 38 del 14 maggio 1972, in occasione della gara di ritorno con l\u2019Udinese. Quella volta le zebrette friulane (clamorosamente sconfitte 2-0 al polisportivo con i centri di Gaiotti e Gagliazzo) si imposero 4-0 con reti di Pellizzari, Ded\u00e8 e doppietta di Bordon. Questo il Belluno schierato al \u201cMoretti\u201d: Bubacco, Cecco, Grion, Tesan, Cerantola, Moretti, Zardo, Canella, Mantiero (66\u2019 Da Rold), Flaborea, Gaiotti. I gialloblu ebbero modo di rifarsi il 5 novembre 1972, quando tornarono in schedina per il Concorso 11, in occasione della gara casalinga con l\u2019Udinese del campionato di Serie C 1972-73. Il Belluno si impose 1-0 con rete, quasi in zona Cesarini, di Gianni Inferrera. Un gol al quale \u201cStoria del Calcio Belluno 1905\u201d \u00e8 molto affezionata perch\u00e9 il bello scatto di Bepi Zanfron che lo immortal\u00f2, da sempre \u00e8 il simbolo del profilo della pagina. Beraldo schier\u00f2: Bubacco, Valmassoi, Grion, Olivotto, Del Piccolo, Moretti, Dalle Crode, Canella (68\u2019 Tesan), Inferrera, Flaborea, Miorandi. La pregevole collezione dell\u2019amico Pierluigi Volpon si chiude con la schedina del Concorso 8 del 20 ottobre 1974. Una schedina \u201cclassica\u201d, con 8 incontri di Serie A, tre di B e due di C. Il primo di questi due \u00e8 Belluno-Mantova, gara terminata 1-1 con reti di Jacovone per i virgiliani (che solo due anni prima erano in A) e Dalla Bella per i gialloblu. Quel giorno, in campo: Zamparo, Cisco, Stella, Cecco, Capeleto, Dal Bianco, Dalla Bella, Tamborini, Inferrera (78\u2019 Follador), Miorandi, Gallio.<\/p>\n\n\t\t\t<style type='text\/css'>\n\t\t\t\t#gallery-1 {\n\t\t\t\t\tmargin: auto;\n\t\t\t\t}\n\t\t\t\t#gallery-1 .gallery-item {\n\t\t\t\t\tfloat: left;\n\t\t\t\t\tmargin-top: 10px;\n\t\t\t\t\ttext-align: center;\n\t\t\t\t\twidth: 25%;\n\t\t\t\t}\n\t\t\t\t#gallery-1 img {\n\t\t\t\t\tborder: 2px solid #cfcfcf;\n\t\t\t\t}\n\t\t\t\t#gallery-1 .gallery-caption {\n\t\t\t\t\tmargin-left: 0;\n\t\t\t\t}\n\t\t\t\t\/* see gallery_shortcode() in wp-includes\/media.php *\/\n\t\t\t<\/style>\n\t\t<div id='gallery-1' class='dt-gallery-container gallery galleryid-259580 gallery-columns-4 gallery-size-thumbnail'><dl class='gallery-item'>\n\t\t\t\t<dt class='gallery-icon landscape'>\n\t\t\t\t\t<a class=\"rollover rollover-zoom dt-pswp-item\" title=\"272764106_641311327291177_7257258379275803488_n\" data-dt-img-description=\"\" data-large_image_width=\"403\" data-large_image_height=\"203\"href='https:\/\/www.radiopiu.net\/wordpress\/wp-content\/uploads\/2022\/02\/272764106_641311327291177_7257258379275803488_n.jpg'><img loading=\"lazy\" decoding=\"async\" width=\"150\" height=\"150\" src=\"https:\/\/www.radiopiu.net\/wordpress\/wp-content\/uploads\/2022\/02\/272764106_641311327291177_7257258379275803488_n-150x150.jpg\" class=\"attachment-thumbnail size-thumbnail\" alt=\"\" \/><\/a>\n\t\t\t\t<\/dt><\/dl><dl class='gallery-item'>\n\t\t\t\t<dt class='gallery-icon portrait'>\n\t\t\t\t\t<a class=\"rollover rollover-zoom dt-pswp-item\" title=\"273696357_895778757764404_28691900180302523_n\" data-dt-img-description=\"\" data-large_image_width=\"152\" data-large_image_height=\"247\"href='https:\/\/www.radiopiu.net\/wordpress\/wp-content\/uploads\/2022\/02\/273696357_895778757764404_28691900180302523_n.jpg'><img loading=\"lazy\" decoding=\"async\" width=\"150\" height=\"150\" src=\"https:\/\/www.radiopiu.net\/wordpress\/wp-content\/uploads\/2022\/02\/273696357_895778757764404_28691900180302523_n-150x150.jpg\" class=\"attachment-thumbnail size-thumbnail\" alt=\"\" \/><\/a>\n\t\t\t\t<\/dt><\/dl><dl class='gallery-item'>\n\t\t\t\t<dt class='gallery-icon landscape'>\n\t\t\t\t\t<a class=\"rollover rollover-zoom dt-pswp-item\" title=\"273040343_455841962930619_5572085564921173065_n\" data-dt-img-description=\"\" data-large_image_width=\"295\" data-large_image_height=\"206\"href='https:\/\/www.radiopiu.net\/wordpress\/wp-content\/uploads\/2022\/02\/273040343_455841962930619_5572085564921173065_n.jpg'><img loading=\"lazy\" decoding=\"async\" width=\"150\" height=\"150\" src=\"https:\/\/www.radiopiu.net\/wordpress\/wp-content\/uploads\/2022\/02\/273040343_455841962930619_5572085564921173065_n-150x150.jpg\" class=\"attachment-thumbnail size-thumbnail\" alt=\"\" \/><\/a>\n\t\t\t\t<\/dt><\/dl><dl class='gallery-item'>\n\t\t\t\t<dt class='gallery-icon portrait'>\n\t\t\t\t\t<a class=\"rollover rollover-zoom dt-pswp-item\" title=\"273213367_533281567912989_7746992306177469618_n\" data-dt-img-description=\"\" data-large_image_width=\"159\" data-large_image_height=\"225\"href='https:\/\/www.radiopiu.net\/wordpress\/wp-content\/uploads\/2022\/02\/273213367_533281567912989_7746992306177469618_n.jpg'><img loading=\"lazy\" decoding=\"async\" width=\"150\" height=\"150\" src=\"https:\/\/www.radiopiu.net\/wordpress\/wp-content\/uploads\/2022\/02\/273213367_533281567912989_7746992306177469618_n-150x150.jpg\" class=\"attachment-thumbnail size-thumbnail\" alt=\"\" \/><\/a>\n\t\t\t\t<\/dt><\/dl><br style=\"clear: both\" \/><dl class='gallery-item'>\n\t\t\t\t<dt class='gallery-icon landscape'>\n\t\t\t\t\t<a class=\"rollover rollover-zoom dt-pswp-item\" title=\"259283723_428571469063513_2978842802321062869_n\" data-dt-img-description=\"\" data-large_image_width=\"275\" data-large_image_height=\"206\"href='https:\/\/www.radiopiu.net\/wordpress\/wp-content\/uploads\/2022\/02\/259283723_428571469063513_2978842802321062869_n.jpg'><img loading=\"lazy\" decoding=\"async\" width=\"150\" height=\"150\" src=\"https:\/\/www.radiopiu.net\/wordpress\/wp-content\/uploads\/2022\/02\/259283723_428571469063513_2978842802321062869_n-150x150.jpg\" class=\"attachment-thumbnail size-thumbnail\" alt=\"\" \/><\/a>\n\t\t\t\t<\/dt><\/dl><dl class='gallery-item'>\n\t\t\t\t<dt class='gallery-icon portrait'>\n\t\t\t\t\t<a class=\"rollover rollover-zoom dt-pswp-item\" title=\"273054204_606267917704007_4535167933025973332_n\" data-dt-img-description=\"\" data-large_image_width=\"160\" data-large_image_height=\"202\"href='https:\/\/www.radiopiu.net\/wordpress\/wp-content\/uploads\/2022\/02\/273054204_606267917704007_4535167933025973332_n.jpg'><img loading=\"lazy\" decoding=\"async\" width=\"150\" height=\"150\" src=\"https:\/\/www.radiopiu.net\/wordpress\/wp-content\/uploads\/2022\/02\/273054204_606267917704007_4535167933025973332_n-150x150.jpg\" class=\"attachment-thumbnail size-thumbnail\" alt=\"\" \/><\/a>\n\t\t\t\t<\/dt><\/dl><dl class='gallery-item'>\n\t\t\t\t<dt class='gallery-icon portrait'>\n\t\t\t\t\t<a class=\"rollover rollover-zoom dt-pswp-item\" title=\"259399237_278319950992987_4694336141236260338_n\" data-dt-img-description=\"\" data-large_image_width=\"160\" data-large_image_height=\"204\"href='https:\/\/www.radiopiu.net\/wordpress\/wp-content\/uploads\/2022\/02\/259399237_278319950992987_4694336141236260338_n.jpg'><img loading=\"lazy\" decoding=\"async\" width=\"150\" height=\"150\" src=\"https:\/\/www.radiopiu.net\/wordpress\/wp-content\/uploads\/2022\/02\/259399237_278319950992987_4694336141236260338_n-150x150.jpg\" class=\"attachment-thumbnail size-thumbnail\" alt=\"\" \/><\/a>\n\t\t\t\t<\/dt><\/dl><dl class='gallery-item'>\n\t\t\t\t<dt class='gallery-icon landscape'>\n\t\t\t\t\t<a class=\"rollover rollover-zoom dt-pswp-item\" title=\"272977961_375039681291627_4289127696326510701_n\" data-dt-img-description=\"\" data-large_image_width=\"259\" data-large_image_height=\"206\"href='https:\/\/www.radiopiu.net\/wordpress\/wp-content\/uploads\/2022\/02\/272977961_375039681291627_4289127696326510701_n.jpg'><img loading=\"lazy\" decoding=\"async\" width=\"150\" height=\"150\" src=\"https:\/\/www.radiopiu.net\/wordpress\/wp-content\/uploads\/2022\/02\/272977961_375039681291627_4289127696326510701_n-150x150.jpg\" class=\"attachment-thumbnail size-thumbnail\" alt=\"\" \/><\/a>\n\t\t\t\t<\/dt><\/dl><br style=\"clear: both\" \/>\n\t\t\t<\/div>\n\n<p>&nbsp;<\/p>\n<p>NELLE FOTO: Pierluigi Volpon con la figlia Cristina all\u2019interno del Bar Helvetia; Massimo Volpon; Roberto Bona; la collezione di schedine dell\u2019appassionato Pierluigi; due numeri di \u201cFuorigioco\u201d della stagione 1971-72, la prima del Belluno Calcio in Serie C, in cui Volpon, da sempre tifoso dell\u2019undici gialloblu, \u00e8 stato ripreso dall\u2019obbiettivo di Zanfron; il gol di Gianni Inferrera che valse l\u20191-0 sull\u2019Udinese, il 5 novembre 1972. Il pregevole scatto di Zanfron \u00e8 stato scelto come simbolo del profilo della pagina facebook \u201cStoria del Calcio Belluno 1905\u201d; figurina del Belluno dell\u2019album Calciatori Panini 1973-74.<\/p>\n","protected":false},"excerpt":{"rendered":"<p>di RENATO BONA Conoscendo ed apprezzando la grande passione del mio fratello e collega Roberto per il Belluno calcio, gli ho girato una serie di \u201creperti\u201d vale a dire schedine del Totocalcio, nelle quali compare anche il nome della squadra giallobl\u00f9. Con lo zelo che lo contraddistingue, Roberto ne ha ricavato un servizio per \u201cStoria&hellip;<\/p>\n","protected":false},"author":4,"featured_media":259586,"comment_status":"closed","ping_status":"closed","sticky":false,"template":"","format":"standard","meta":{"_monsterinsights_skip_tracking":false,"_monsterinsights_sitenote_active":false,"_monsterinsights_sitenote_note":"","_monsterinsights_sitenote_category":0,"footnotes":""},"categories":[104,49],"tags":[],"class_list":["post-259580","post","type-post","status-publish","format-standard","has-post-thumbnail","hentry","category-evidenza_3","category-news-18","category-104","category-49","description-off"],"img_url":"https:\/\/www.radiopiu.net\/wordpress\/wp-content\/uploads\/2022\/02\/259283723_428571469063513_2978842802321062869_n.jpg","_links":{"self":[{"href":"https:\/\/www.radiopiu.net\/wordpress\/wp-json\/wp\/v2\/posts\/259580","targetHints":{"allow":["GET"]}}],"collection":[{"href":"https:\/\/www.radiopiu.net\/wordpress\/wp-json\/wp\/v2\/posts"}],"about":[{"href":"https:\/\/www.radiopiu.net\/wordpress\/wp-json\/wp\/v2\/types\/post"}],"author":[{"embeddable":true,"href":"https:\/\/www.radiopiu.net\/wordpress\/wp-json\/wp\/v2\/users\/4"}],"replies":[{"embeddable":true,"href":"https:\/\/www.radiopiu.net\/wordpress\/wp-json\/wp\/v2\/comments?post=259580"}],"version-history":[{"count":0,"href":"https:\/\/www.radiopiu.net\/wordpress\/wp-json\/wp\/v2\/posts\/259580\/revisions"}],"wp:featuredmedia":[{"embeddable":true,"href":"https:\/\/www.radiopiu.net\/wordpress\/wp-json\/wp\/v2\/media\/259586"}],"wp:attachment":[{"href":"https:\/\/www.radiopiu.net\/wordpress\/wp-json\/wp\/v2\/media?parent=259580"}],"wp:term":[{"taxonomy":"category","embeddable":true,"href":"https:\/\/www.radiopiu.net\/wordpress\/wp-json\/wp\/v2\/categories?post=259580"},{"taxonomy":"post_tag","embeddable":true,"href":"https:\/\/www.radiopiu.net\/wordpress\/wp-json\/wp\/v2\/tags?post=259580"}],"curies":[{"name":"wp","href":"https:\/\/api.w.org\/{rel}","templated":true}]}}