{"id":259630,"date":"2022-02-15T07:55:02","date_gmt":"2022-02-15T06:55:02","guid":{"rendered":"https:\/\/www.radiopiu.net\/wordpress\/?p=259630"},"modified":"2022-02-15T09:55:41","modified_gmt":"2022-02-15T08:55:41","slug":"lutto-in-nevegal-se-ne-andato-il-pioniere","status":"publish","type":"post","link":"https:\/\/www.radiopiu.net\/wordpress\/lutto-in-nevegal-se-ne-andato-il-pioniere\/","title":{"rendered":"LUTTO IN NEVEGAL, SE N&#8217;E&#8217; ANDATO IL PIONIERE"},"content":{"rendered":"<div class=\"ll8tlv6m j83agx80 btwxx1t3 n851cfcs hv4rvrfc dati1w0a pybr56ya\">\n<div class=\"buofh1pr\">\n<div class=\"j83agx80 cbu4d94t ew0dbk1b irj2b8pg\">\n<div class=\"qzhwtbm6 knvmm38d\">\n<div class=\"ll8tlv6m j83agx80 btwxx1t3 n851cfcs hv4rvrfc dati1w0a pybr56ya\">\n<div class=\"buofh1pr\">\n<div class=\"j83agx80 cbu4d94t ew0dbk1b irj2b8pg\">\n<div class=\"qzhwtbm6 knvmm38d\">\n<p><strong><a href=\"https:\/\/www.radiopiu.net\/wordpress\/lutto-in-nevegal-se-ne-andato-il-pioniere\/clipboard03\/\" rel=\"attachment wp-att-259653\"><img loading=\"lazy\" decoding=\"async\" class=\" wp-image-259653 alignleft\" src=\"https:\/\/www.radiopiu.net\/wordpress\/wp-content\/uploads\/2022\/02\/Clipboard03-300x169.webp\" alt=\"\" width=\"245\" height=\"138\" srcset=\"https:\/\/www.radiopiu.net\/wordpress\/wp-content\/uploads\/2022\/02\/Clipboard03-300x169.webp 300w, https:\/\/www.radiopiu.net\/wordpress\/wp-content\/uploads\/2022\/02\/Clipboard03-768x432.webp 768w, https:\/\/www.radiopiu.net\/wordpress\/wp-content\/uploads\/2022\/02\/Clipboard03.webp 960w\" sizes=\"auto, (max-width: 245px) 100vw, 245px\" \/><\/a>BELLUNO<\/strong> E&#8217; mancato\u00a0\u00a0Ivano Dal Bo, il pioniere del Nevegal, il guerriero, sempre pronto a difendere il suo Colle, rilanciarlo, riportarlo agli antichi splendori: un esempio. Se ne \u00e8 andato un pezzo di storia\u00a0 Gli amici\u00a0 <a class=\"oajrlxb2 g5ia77u1 qu0x051f esr5mh6w e9989ue4 r7d6kgcz rq0escxv nhd2j8a9 nc684nl6 p7hjln8o kvgmc6g5 cxmmr5t8 oygrvhab hcukyx3x jb3vyjys rz4wbd8a qt6c0cv9 a8nywdso i1ao9s8h esuyzwwr f1sip0of lzcic4wl gpro0wi8 oo9gr5id lrazzd5p\" tabindex=\"0\" role=\"link\" href=\"https:\/\/www.facebook.com\/groups\/309190982556043\/user\/100014826543332\/?__cft__[0]=AZX0bsreMeKll07YWWdX2lO2uLvB98OrXJJWgtzOcZSdjDhxVKTRibAIk365tX5AHgc4s13rScF0TJ9n7FfyqIIoVlTygwDAnQezDFP7-B0QzVuRkM72e7nGJQ8EC5DLenpuu2Bh1dyAn_y37spjITZoqhROwExrA2afbxrVipO7eHbJGnIcr1npZoEaGA-cR3g&amp;__tn__=-UC%2CP-R\"><strong>Amanti Alpe del Nevegal<\/strong><\/a> (foto facebook a sinistra) <em>&#8220;Oggi \u00e8 una giornata triste per la comunit\u00e0 del Neveg\u00e0l. Ci lascia &#8220;Il Bove&#8221; <a class=\"oajrlxb2 g5ia77u1 qu0x051f esr5mh6w e9989ue4 r7d6kgcz rq0escxv nhd2j8a9 nc684nl6 p7hjln8o kvgmc6g5 cxmmr5t8 oygrvhab hcukyx3x jb3vyjys rz4wbd8a qt6c0cv9 a8nywdso i1ao9s8h esuyzwwr f1sip0of lzcic4wl gpro0wi8 q66pz984 b1v8xokw\" tabindex=\"0\" role=\"link\" href=\"https:\/\/www.facebook.com\/groups\/309190982556043\/user\/100014358882183\/?__cft__[0]=AZX0bsreMeKll07YWWdX2lO2uLvB98OrXJJWgtzOcZSdjDhxVKTRibAIk365tX5AHgc4s13rScF0TJ9n7FfyqIIoVlTygwDAnQezDFP7-B0QzVuRkM72e7nGJQ8EC5DLenpuu2Bh1dyAn_y37spjITZoqhROwExrA2afbxrVipO7eHbJGnIcr1npZoEaGA-cR3g&amp;__tn__=-]K-R\"><span class=\"nc684nl6\">Ivano Dal Bo<\/span><\/a> , pioniere del Neveg\u00e0l, padre del nostro amico <a class=\"oajrlxb2 g5ia77u1 qu0x051f esr5mh6w e9989ue4 r7d6kgcz rq0escxv nhd2j8a9 nc684nl6 p7hjln8o kvgmc6g5 cxmmr5t8 oygrvhab hcukyx3x jb3vyjys rz4wbd8a qt6c0cv9 a8nywdso i1ao9s8h esuyzwwr f1sip0of lzcic4wl gpro0wi8 q66pz984 b1v8xokw\" tabindex=\"0\" role=\"link\" href=\"https:\/\/www.facebook.com\/groups\/309190982556043\/user\/100000611563319\/?__cft__[0]=AZX0bsreMeKll07YWWdX2lO2uLvB98OrXJJWgtzOcZSdjDhxVKTRibAIk365tX5AHgc4s13rScF0TJ9n7FfyqIIoVlTygwDAnQezDFP7-B0QzVuRkM72e7nGJQ8EC5DLenpuu2Bh1dyAn_y37spjITZoqhROwExrA2afbxrVipO7eHbJGnIcr1npZoEaGA-cR3g&amp;__tn__=-]K-R\"><span class=\"nc684nl6\">Ivan Dal Bo<\/span><\/a>. Ivano, dopo aver trascorso molti anni in Germania, torna a Belluno e apre sul Colle la birreria &#8220;Stube Nevegal&#8221; e la Trattoria Pizzeria Dal Bo, gestita da Ivan. Carattere a volte burbero ma persona di grande valore, un gran lavoratore e di grande cuore. Una grande perdita per il nostro Colle, siamo vicini al dolore di Ivan e della sua famiglia&#8221;. <\/em><a class=\"oajrlxb2 g5ia77u1 qu0x051f esr5mh6w e9989ue4 r7d6kgcz rq0escxv nhd2j8a9 nc684nl6 p7hjln8o kvgmc6g5 cxmmr5t8 oygrvhab hcukyx3x jb3vyjys rz4wbd8a qt6c0cv9 a8nywdso i1ao9s8h esuyzwwr f1sip0of lzcic4wl gpro0wi8 oo9gr5id lrazzd5p\" tabindex=\"0\" role=\"link\" href=\"https:\/\/www.facebook.com\/flavio.dalfarra?__cft__[0]=AZXDoJoTDEiYQN5um0_BPDZSba0f2Jw47X8OlhrqKSlB_Pxp2ywdY4xP4rhmFDV5OFX-RW4s2v2u9B3zr77inhjy3oDDBZhEnL8XgDoX3aQ9okcDxLuknSOYvLmRyNy3EpU&amp;__tn__=-UC%2CP-R\"><strong>Flavio Dal Farra<\/strong><\/a>\u00a0 &#8220;<em>Quante battaglie <a class=\"oajrlxb2 g5ia77u1 qu0x051f esr5mh6w e9989ue4 r7d6kgcz rq0escxv nhd2j8a9 nc684nl6 p7hjln8o kvgmc6g5 cxmmr5t8 oygrvhab hcukyx3x jb3vyjys rz4wbd8a qt6c0cv9 a8nywdso i1ao9s8h esuyzwwr f1sip0of lzcic4wl gpro0wi8 q66pz984 b1v8xokw\" tabindex=\"0\" role=\"link\" href=\"https:\/\/www.facebook.com\/ivano.dalbo.9?__cft__[0]=AZXDoJoTDEiYQN5um0_BPDZSba0f2Jw47X8OlhrqKSlB_Pxp2ywdY4xP4rhmFDV5OFX-RW4s2v2u9B3zr77inhjy3oDDBZhEnL8XgDoX3aQ9okcDxLuknSOYvLmRyNy3EpU&amp;__tn__=-]K-R\"><span class=\"nc684nl6\">Ivano Dal Bo<\/span><\/a> per il nostro Nevegal. Quante discussioni, confronti e risate insieme. Non riesco a non ripercorrere in queste ore dalla triste notizia quegli anni in cui vivevo per il Nevegal. Se ne va un pezzo grosso e se ne va con lui un pezzo di storia ma ci\u00f2 che non se ne andr\u00e0 mai sar\u00e1 il tuo ricordo. Ciao Ivano, riposa in pace&#8221;<\/p>\n<p><\/em><\/p>\n<p>&nbsp;<\/p>\n<\/div>\n<p>***<\/p>\n<div class=\"qzhwtbm6 knvmm38d\">\n<p>&nbsp;<\/p>\n<div id=\"adv-Bottom\">\n<div id=\"div-gpt-ad-Bottom\" data-google-query-id=\"CND4zYGPgfYCFYHydwodO5sBig\"><\/div>\n<\/div>\n<\/div>\n<\/div>\n<\/div>\n<\/div>\n<\/div>\n<\/div>\n<\/div>\n<\/div>\n","protected":false},"excerpt":{"rendered":"<p>BELLUNO E&#8217; mancato\u00a0\u00a0Ivano Dal Bo, il pioniere del Nevegal, il guerriero, sempre pronto a difendere il suo Colle, rilanciarlo, riportarlo agli antichi splendori: un esempio. Se ne \u00e8 andato un pezzo di storia\u00a0 Gli amici\u00a0 Amanti Alpe del Nevegal (foto facebook a sinistra) &#8220;Oggi \u00e8 una giornata triste per la comunit\u00e0 del Neveg\u00e0l. Ci lascia&hellip;<\/p>\n","protected":false},"author":4,"featured_media":259653,"comment_status":"closed","ping_status":"closed","sticky":false,"template":"","format":"standard","meta":{"_monsterinsights_skip_tracking":false,"_monsterinsights_sitenote_active":false,"_monsterinsights_sitenote_note":"","_monsterinsights_sitenote_category":0,"footnotes":""},"categories":[51,49],"tags":[],"class_list":["post-259630","post","type-post","status-publish","format-standard","has-post-thumbnail","hentry","category-evidenza-top","category-news-18","category-51","category-49","description-off"],"img_url":"https:\/\/www.radiopiu.net\/wordpress\/wp-content\/uploads\/2022\/02\/Clipboard03.webp","_links":{"self":[{"href":"https:\/\/www.radiopiu.net\/wordpress\/wp-json\/wp\/v2\/posts\/259630","targetHints":{"allow":["GET"]}}],"collection":[{"href":"https:\/\/www.radiopiu.net\/wordpress\/wp-json\/wp\/v2\/posts"}],"about":[{"href":"https:\/\/www.radiopiu.net\/wordpress\/wp-json\/wp\/v2\/types\/post"}],"author":[{"embeddable":true,"href":"https:\/\/www.radiopiu.net\/wordpress\/wp-json\/wp\/v2\/users\/4"}],"replies":[{"embeddable":true,"href":"https:\/\/www.radiopiu.net\/wordpress\/wp-json\/wp\/v2\/comments?post=259630"}],"version-history":[{"count":0,"href":"https:\/\/www.radiopiu.net\/wordpress\/wp-json\/wp\/v2\/posts\/259630\/revisions"}],"wp:featuredmedia":[{"embeddable":true,"href":"https:\/\/www.radiopiu.net\/wordpress\/wp-json\/wp\/v2\/media\/259653"}],"wp:attachment":[{"href":"https:\/\/www.radiopiu.net\/wordpress\/wp-json\/wp\/v2\/media?parent=259630"}],"wp:term":[{"taxonomy":"category","embeddable":true,"href":"https:\/\/www.radiopiu.net\/wordpress\/wp-json\/wp\/v2\/categories?post=259630"},{"taxonomy":"post_tag","embeddable":true,"href":"https:\/\/www.radiopiu.net\/wordpress\/wp-json\/wp\/v2\/tags?post=259630"}],"curies":[{"name":"wp","href":"https:\/\/api.w.org\/{rel}","templated":true}]}}