{"id":259673,"date":"2022-02-15T10:31:14","date_gmt":"2022-02-15T09:31:14","guid":{"rendered":"https:\/\/www.radiopiu.net\/wordpress\/?p=259673"},"modified":"2022-02-16T06:15:58","modified_gmt":"2022-02-16T05:15:58","slug":"a-tu-per-tu-con-elia-barp-atleta-delle-fiamme-gialle-cresciuto-nello-ski-college-veneto-di-falcade-pronto-a-partire-per-i-mondiali-juniores-di-lygna","status":"publish","type":"post","link":"https:\/\/www.radiopiu.net\/wordpress\/a-tu-per-tu-con-elia-barp-atleta-delle-fiamme-gialle-cresciuto-nello-ski-college-veneto-di-falcade-pronto-a-partire-per-i-mondiali-juniores-di-lygna\/","title":{"rendered":"A TU PER TU CON ELIA BARP, ATLETA DELLE FIAMME GIALLE, CRESCIUTO NELLO SKI COLLEGE VENETO DI FALCADE PRONTO A PARTIRE PER I MONDIALI JUNIORES DI LYGNA"},"content":{"rendered":"<p><strong><a href=\"https:\/\/www.radiopiu.net\/wordpress\/a-tu-per-tu-con-elia-barp-atleta-delle-fiamme-gialle-cresciuto-nello-ski-college-veneto-di-falcade-pronto-a-partire-per-i-mondiali-juniores-di-lygna\/image2-10\/\" rel=\"attachment wp-att-259682\"><img loading=\"lazy\" decoding=\"async\" class=\"size-medium wp-image-259682 alignleft\" src=\"https:\/\/www.radiopiu.net\/wordpress\/wp-content\/uploads\/2022\/02\/image2-300x200.jpeg\" alt=\"\" width=\"300\" height=\"200\" srcset=\"https:\/\/www.radiopiu.net\/wordpress\/wp-content\/uploads\/2022\/02\/image2-300x200.jpeg 300w, https:\/\/www.radiopiu.net\/wordpress\/wp-content\/uploads\/2022\/02\/image2-1024x683.jpeg 1024w, https:\/\/www.radiopiu.net\/wordpress\/wp-content\/uploads\/2022\/02\/image2-768x512.jpeg 768w, https:\/\/www.radiopiu.net\/wordpress\/wp-content\/uploads\/2022\/02\/image2-1536x1024.jpeg 1536w, https:\/\/www.radiopiu.net\/wordpress\/wp-content\/uploads\/2022\/02\/image2-2048x1365.jpeg 2048w\" sizes=\"auto, (max-width: 300px) 100vw, 300px\" \/><\/a>di Camilla Ronchi<\/strong><\/p>\n<p><strong>FALCADE <\/strong>Talentuoso, con la risposta pronta e mai banale, Elia Barp, atleta trichianese trapiantato a Falcade, \u00e8 quel che si definisce una promessa dello sci di fondo. Classe 2002, arruolato nel gruppo sportivo Fiamme Gialle, Elia \u00e8 cresciuto nello Ski College Veneto di Falcade e sulla pista \u201cPietro Scola\u201d trascorre gran parte delle sue giornate tra una sessione e l\u2019 altra di allenamento. Il sogno sono i Giochi Olimpici in casa, tra 4 anni, ma ora il focus sono i Mondiali Juniores di sci di fondo che si svolgeranno a Lygna, in Norvegia, dal 22 febbraio al 6 marzo. \u201c<em>Non so cosa aspettarmi quest\u2019anno. Sar<\/em><em>\u00e0 <\/em><em>un mondiale strano in quanto il programma prevede la 30 km subito come prima gara e di conseguenza sar<\/em><em>\u00e0 <\/em><em>dura gestire le energie per il resto della settimana, ma \u00e8 cos\u00ec per tutti, quindi ce la giochiamo. L\u2019 anno scorso \u00e9 andata bene e mi sono reso conto che anche gli atleti dell\u2019Europa del nord non erano dei marziani<\/em>.\u201d Un anno fa, al primo anno di categoria, ai Mondiali Juniores di Vuolatti ( Finlandia) Elia conquist\u00f2 uno splendido settimo posto finale nella 10 km a tecnica libera, concludendo la propria fatica a 53\u201d dal vincitore Marrin Kirkber Moerk e una medaglia di bronzo nella staffetta. Con questa premessa e sulla base della brillante stagione di cui Barp \u00e8 stato protagonista, da dicembre ad oggi, \u00e8 lecito aspettarci un altro bel risultato. Il finanziere bellunese ha fino ad oggi dominato la stagione nelle gare del circuito OPA CUP, il circuito del fondo delle nazioni alpine, balcaniche e dell\u2019Europa centrale, mettendo a segno 4 successi e 2 podi nelle 8 gare disputate. Una vittoria \u00e8 arrivata anche nel giorno del suo 19\u00b0compleanno sulla neve austriaca di Sanlt Urlich, dove ha primeggiato nella 15 Km skating mass start. \u201c<em>A Lygna punto a fare subito bene alla 30 km visto che a livello europeo ho dimostrato di essere competitivo anche se ogni anno, ogni gara, \u00e8 sempre un punto di domanda. Mentre nelle gare dell\u2019 OPA Cup ci conosciamo tutti, ai Mondiali ci sono anche i norvegesi, finlandesi e russi\u00a0 che non gareggiano con noi durante l\u2019 anno, quindi non so quanto possano essere forti. Delle gare in programma spero di fare bene nella 30 km a tecnica libera e nella 10 km a tecnica classica. Come format prediligo le lunghe rispetto alle sprint\u201d.<\/em><\/p>\n<p><strong>Sei ancora giovanissimo ma hai gi<\/strong><strong>\u00e0 <\/strong><strong>vinto tanto. La vittoria pi\u00f9 bella?<\/strong><\/p>\n<p>\u201c<em>Non saprei, forse non una vittoria ma la medaglia di bronzo nella staffetta mista alle Olimpiadi di Losanna, la prima medaglia a livello internazionale, la prima gara \u201cda grandi\u201d in cui ho avvertito la magia dei cinque cerchi. Le Olimpiadi sono sempre l\u2019esperienza pi\u00f9 bella che pu\u00f2 capitare ad un atleta. Quelle giovanili sono state indimenticabili, ora lavoro per quelle che ci saranno a casa nostra tra Milano e Cortina. Non sar<\/em><em>\u00e0 <\/em><em>facile perch\u00e9 non \u00e8 solo il mio obiettivo ma il sogno che accomuna ogni ragazzo che come me fa agonismo.\u201d<\/em><\/p>\n<p><strong><a href=\"https:\/\/www.radiopiu.net\/wordpress\/a-tu-per-tu-con-elia-barp-atleta-delle-fiamme-gialle-cresciuto-nello-ski-college-veneto-di-falcade-pronto-a-partire-per-i-mondiali-juniores-di-lygna\/elia-con-il-fratellino-dante\/\" rel=\"attachment wp-att-259684\"><img loading=\"lazy\" decoding=\"async\" class=\"size-medium wp-image-259684 alignright\" src=\"https:\/\/www.radiopiu.net\/wordpress\/wp-content\/uploads\/2022\/02\/Elia-con-il-fratellino-Dante-173x300.jpeg\" alt=\"\" width=\"173\" height=\"300\" srcset=\"https:\/\/www.radiopiu.net\/wordpress\/wp-content\/uploads\/2022\/02\/Elia-con-il-fratellino-Dante-173x300.jpeg 173w, https:\/\/www.radiopiu.net\/wordpress\/wp-content\/uploads\/2022\/02\/Elia-con-il-fratellino-Dante.jpeg 589w\" sizes=\"auto, (max-width: 173px) 100vw, 173px\" \/><\/a><\/strong><strong>Stai seguendo i Giochi Olimpici di Pechino?<\/strong><\/p>\n<p><em>\u201cCerto, non mi perdo una gara! Seguo soprattutto lo sci di fondo, siamo fortunati perch<\/em><em>\u00e9 <\/em><em>per guardarle non occorre svegliarsi la notte ma mi piacciono anche le altre gare. Cerco di rubare qualche segreto dai migliori. Alexasander Bolshunov \u00e8 uno dei miei preferiti ma anche Federico Pellegrino \u00e8 l\u2019atleta a cui mi ispiro. A Pechino ha dimostrato di essere una leggenda. Penso che il segreto del suo successo sia stato il coraggio di cambiare, di uscire dalla comfort zone per essere competitivo nonostante il passare degli anni. E\u2019 stato pazzesco come ha gestito la gara e si \u00e8 andato a prendere un argento dopo 4 anni da Pyeongchang. <\/em><em>Sono molto orgoglioso anche dei ragazzi che con me hanno frequentato lo Ski College e che a Pechino hanno portato in alto non solo il tricolore ma anche i colori dell\u2019 istituto sportivo\u00a0 di Falcade. Complimenti a Lucia Dalmasso, Filippo Ferrari, Tommaso Leoni e al mio caro amico Leonardo Donaggio con il quale ho condiviso il percorso scolastico\u201d.<\/em><\/p>\n<p><strong>Tornassi indietro rifaresti lo Ski College \u00a0Veneto e sceglieresti ancora Falcade come paese nel quale vivere ed allenarti?<\/strong><\/p>\n<p>\u201c<em>Lo Ski College mi ha permesso di conciliare lo studio con la mia passione per lo sci, mi ha regalato\u00a0 le amicizie di altri ragazzi che con me condividevano il desiderio di affermarsi nello sport e di studiare e soprattutto mi ha insegnato ad organizzarmi e dare il meglio di me anche sotto pressione. Anche ora che ho finito la scuola gli insegnamenti ricevuti allo Ski College Veneto continuano ad essere preziosi. <\/em><em>Falcade ora per me significa \u201ccasa\u201d, un paese a cui non manca niente ed \u00e9 anche in posizione piuttosto strategica per chi si sposta spesso come me. Siamo fortunati perch\u00e9 <\/em><em>\u00a0<\/em><em>a Falcade d<\/em><em>\u2019 inverno fa quasi sempre freddo e la pista \u201cPietro Scola\u201d dove mi alleno tutti giorni \u00e8 sempre perfettamente innevata ed in ottime condizioni\u00a0 grazie all\u2019 efficiente impianto di innevamento e alla bravura di chi la gestisce. Non \u00e8 scontato avere a casa una pista dove ti puoi allenare a fine stagione, quando la neve scarseggia ovunque.<\/em>\u201d A Falcade lo sci di fondo \u00e8 uno sport molto praticato soprattutto dai bambini, molti dei quali entrano nelle file dello Sci Club Val Biois\u00a0 e iniziano a sognare di diventare forti come Elia, un vero\u00a0 beniamino per i ragazzi del posto. Lo sci di fondo a Falcade non \u00e8 unicamente uno sport ma una realt\u00e0 che crea aggregazione e unisce una comunit\u00e0 sulla Piana, il grande prato che di Falcade \u00e8 uno dei simboli pi\u00f9 caratteristici.<\/p>\n<p><strong>\u00a0<\/strong><strong>I ragazzi della tua et<\/strong><strong>\u00e0 <\/strong><strong>fanno una vita un po&#8217; pi\u00f9 spensierata della tua. Non ti manca la libert<\/strong><strong>\u00e0 <\/strong><strong>che hanno i tuoi coetanei? <\/strong><\/p>\n<p>\u201c<em>Non mi pesa affatto dovermi allenare tutti i giorni e rinunciare ad uscire la sera per una birretta con gli amici. Niente rinunce solo gratitudine; poter fare l\u2019atleta a tempo pieno \u00e8 un vero privilegio. E\u2019 meraviglioso doversi concentrare solo nell\u2019 andare pi\u00f9 forte, sono molto fortunato rispetto ad alcuni miei amici che lavorano in fabbrica 8 ore al giorno\u201d <\/em><\/p>\n<p><a href=\"https:\/\/www.radiopiu.net\/wordpress\/a-tu-per-tu-con-elia-barp-atleta-delle-fiamme-gialle-cresciuto-nello-ski-college-veneto-di-falcade-pronto-a-partire-per-i-mondiali-juniores-di-lygna\/elia-barp-1o-classificato-juniores-under-20\/\" rel=\"attachment wp-att-259685\"><img loading=\"lazy\" decoding=\"async\" class=\"wp-image-259685 size-medium alignleft\" src=\"https:\/\/www.radiopiu.net\/wordpress\/wp-content\/uploads\/2022\/02\/image0-200x300.jpeg\" alt=\"\" width=\"200\" height=\"300\" srcset=\"https:\/\/www.radiopiu.net\/wordpress\/wp-content\/uploads\/2022\/02\/image0-200x300.jpeg 200w, https:\/\/www.radiopiu.net\/wordpress\/wp-content\/uploads\/2022\/02\/image0-683x1024.jpeg 683w, https:\/\/www.radiopiu.net\/wordpress\/wp-content\/uploads\/2022\/02\/image0-768x1152.jpeg 768w, https:\/\/www.radiopiu.net\/wordpress\/wp-content\/uploads\/2022\/02\/image0-1024x1536.jpeg 1024w, https:\/\/www.radiopiu.net\/wordpress\/wp-content\/uploads\/2022\/02\/image0.jpeg 1280w\" sizes=\"auto, (max-width: 200px) 100vw, 200px\" \/><\/a><strong>Ogni atleta, in qualsiasi sport, \u00e8 seguito fin da giovanissimo da un preparatore psicologico. Perch<\/strong><strong>\u00e9 <\/strong><strong>nelle gare, soprattutto quelle pi\u00f9 prestigiose la testa pu\u00f2 fare la differenza. Tu che preparazione mentale fai?<\/strong><\/p>\n<p><strong><em>\u00a0<\/em><\/strong><em>\u201cPer la verit<\/em><em>\u00e0 <\/em><em>non ho un mental coach, riconosco che sono una mosca bianca perch<\/em><em>\u00e9 <\/em><em>per quasi tutti gli atleti\u00a0 la figura dello psicologo sportivo ormai \u00e8 diventata centrale nella crescita a agonistica. Io per ora non ne ho bisogno, mi concentro bene, gestisco la tensione e lo stress delle gare e riesco a trasformare l\u2019 emozione dei grandi eventi in benzina per andare ancora pi\u00f9 forte. <\/em><em>Per ora va bene cos\u00ec.<\/em>\u201d<\/p>\n<p><strong>Grande tifo per Elia Barp in casa PromoFalcade Dolomiti, l\u2019ente di Promozione turistica che\u00a0 da quest\u2019 anno \u00e9 a fianco di Elia Barp nell\u2019 inseguire i suoi sogni in Coppa Europa e ai Mondiali. <\/strong><\/p>\n<p>Ecco il commento a caldo del consigliere Fulvio Valt : \u201c<em>Falcade e la Valle del Biois sono orgogliosi di avere un atleta cos\u00ec giovane e gi<\/em><em>\u00e0 <\/em><em>cos\u00ec forte che porter<\/em><em>\u00e0 <\/em><em>alto il nome del suo territorio nella massima competizione mondiale giovanile. Elia \u00e8 uno dei talenti sfornati dallo Ski College Veneto e siamo felici che nella nostra comunit<\/em><em>\u00e0 a<\/em><em>abbia trovato l\u2019atmosfera ideale per crescere come atleta e come persona. Siamo fiduciosi che questa collaborazione possa essere rinnovata negli anni fino magari ai Giochi di Milano-Cortina. Promuovere il nostro territorio attraverso il sorriso e la determinazione dei giovani atleti \u00e8 il modo migliore per veicolare il nostro brand in tutto il mondo\u201d<\/em><\/p>\n<p>&nbsp;<\/p>\n<p>&nbsp;<\/p>\n<p>******<\/p>\n","protected":false},"excerpt":{"rendered":"<p>di Camilla Ronchi FALCADE Talentuoso, con la risposta pronta e mai banale, Elia Barp, atleta trichianese trapiantato a Falcade, \u00e8 quel che si definisce una promessa dello sci di fondo. Classe 2002, arruolato nel gruppo sportivo Fiamme Gialle, Elia \u00e8 cresciuto nello Ski College Veneto di Falcade e sulla pista \u201cPietro Scola\u201d trascorre gran parte&hellip;<\/p>\n","protected":false},"author":4,"featured_media":259682,"comment_status":"closed","ping_status":"closed","sticky":false,"template":"","format":"standard","meta":{"_monsterinsights_skip_tracking":false,"_monsterinsights_sitenote_active":false,"_monsterinsights_sitenote_note":"","_monsterinsights_sitenote_category":0,"footnotes":""},"categories":[104,49],"tags":[],"class_list":["post-259673","post","type-post","status-publish","format-standard","has-post-thumbnail","hentry","category-evidenza_3","category-news-18","category-104","category-49","description-off"],"img_url":"https:\/\/www.radiopiu.net\/wordpress\/wp-content\/uploads\/2022\/02\/image2-scaled.jpeg","_links":{"self":[{"href":"https:\/\/www.radiopiu.net\/wordpress\/wp-json\/wp\/v2\/posts\/259673","targetHints":{"allow":["GET"]}}],"collection":[{"href":"https:\/\/www.radiopiu.net\/wordpress\/wp-json\/wp\/v2\/posts"}],"about":[{"href":"https:\/\/www.radiopiu.net\/wordpress\/wp-json\/wp\/v2\/types\/post"}],"author":[{"embeddable":true,"href":"https:\/\/www.radiopiu.net\/wordpress\/wp-json\/wp\/v2\/users\/4"}],"replies":[{"embeddable":true,"href":"https:\/\/www.radiopiu.net\/wordpress\/wp-json\/wp\/v2\/comments?post=259673"}],"version-history":[{"count":0,"href":"https:\/\/www.radiopiu.net\/wordpress\/wp-json\/wp\/v2\/posts\/259673\/revisions"}],"wp:featuredmedia":[{"embeddable":true,"href":"https:\/\/www.radiopiu.net\/wordpress\/wp-json\/wp\/v2\/media\/259682"}],"wp:attachment":[{"href":"https:\/\/www.radiopiu.net\/wordpress\/wp-json\/wp\/v2\/media?parent=259673"}],"wp:term":[{"taxonomy":"category","embeddable":true,"href":"https:\/\/www.radiopiu.net\/wordpress\/wp-json\/wp\/v2\/categories?post=259673"},{"taxonomy":"post_tag","embeddable":true,"href":"https:\/\/www.radiopiu.net\/wordpress\/wp-json\/wp\/v2\/tags?post=259673"}],"curies":[{"name":"wp","href":"https:\/\/api.w.org\/{rel}","templated":true}]}}