{"id":259708,"date":"2022-02-16T05:50:33","date_gmt":"2022-02-16T04:50:33","guid":{"rendered":"https:\/\/www.radiopiu.net\/wordpress\/?p=259708"},"modified":"2022-02-16T06:13:42","modified_gmt":"2022-02-16T05:13:42","slug":"intesa-sest-acc-e-sindacati-in-regione-per-distacco-40-lavoratori-primo-passo-per-confronto-ampio","status":"publish","type":"post","link":"https:\/\/www.radiopiu.net\/wordpress\/intesa-sest-acc-e-sindacati-in-regione-per-distacco-40-lavoratori-primo-passo-per-confronto-ampio\/","title":{"rendered":"INTESA SEST ACC E SINDACATI IN REGIONE PER DISTACCO 40 LAVORATORI. PRIMO PASSO PER CONFRONTO AMPIO"},"content":{"rendered":"<p><strong><a href=\"https:\/\/www.radiopiu.net\/wordpress\/il-ritorno-al-lavoro-dei-licenzati-dai-cinesi\/acc-mel\/\" rel=\"attachment wp-att-145345\"><img loading=\"lazy\" decoding=\"async\" class=\"size-medium wp-image-145345 alignleft\" src=\"https:\/\/www.radiopiu.net\/wordpress\/wp-content\/uploads\/2020\/06\/ACC-MEL-300x300.png\" alt=\"\" width=\"300\" height=\"300\" srcset=\"https:\/\/www.radiopiu.net\/wordpress\/wp-content\/uploads\/2020\/06\/ACC-MEL-300x300.png 300w, https:\/\/www.radiopiu.net\/wordpress\/wp-content\/uploads\/2020\/06\/ACC-MEL-150x150.png 150w, https:\/\/www.radiopiu.net\/wordpress\/wp-content\/uploads\/2020\/06\/ACC-MEL-768x768.png 768w, https:\/\/www.radiopiu.net\/wordpress\/wp-content\/uploads\/2020\/06\/ACC-MEL.png 796w\" sizes=\"auto, (max-width: 300px) 100vw, 300px\" \/><\/a>VENEZIA <\/strong>Nella giornata di ieri, alla presenza dell\u2019Assessore Elena Donazzan con l\u2019assistenza dell\u2019Unit\u00e0 di crisi aziendali e della Direzione Lavoro, si sono incontrati in sede regionale: Italia Wanbao ACC S.r.l. in A.S nella persona del Commissario Straordinario, Maurizio Castro; SEST S.p.A. rappresentata dall\u2019Amministratore Delegato, Michele Faggioli, e le Segreterie territoriali Fim-CISL, Fiom-CGIL e Uilm-UIL di Belluno. Il tavolo ha avuto l\u2019obiettivo di condividere l\u2019opportunit\u00e0 e la necessit\u00e0 del distacco di 40 lavoratori da ACC a SEST, e le relative modalit\u00e0 operative, per il periodo di marzo e aprile. Le Rappresentanze aziendali e dei lavoratori hanno valutato l\u2019importanza di questo primo accordo in sede istituzionale in quanto propedeutico al confronto che nel prossimo periodo vedr\u00e0 impegnate tutte le Parti in considerazione dell\u2019aggiudicazione a SEST della gara competitiva di ACC. E\u2019 stato infatti condiviso l\u2019auspicio di procedere rapidamente ad approfondire gli aspetti della cessione degli asset aziendali e del trasferimento dei lavoratori nell\u2019ottica della massima valorizzazione possibile delle potenzialit\u00e0 produttive del sito Borgo Valbelluna e delle competenze dei suoi lavoratori. La Regione del Veneto, per il tramite dell\u2019Assessore Donazzan, ha confermato che il supporto istituzionale alla situazione di ACC continuer\u00e0 ad essere garantito anche in questa fase risolutoria della vicenda, con particolare riguardo per i lavoratori che non rientreranno nel nuovo perimetro aziendale. \u201cQuesto primo importante passo \u00e8 avvenuto solo grazie alla grande reputazione del Commissario Castro nel mondo industriale e alla determinazione dei sindacati e dei lavoratori a difendere il sito produttivo di ACC\u201d commenta l\u2019Assessore Donazzan .<\/p>\n<p>&nbsp;<\/p>\n<p><strong>\u00a0ZAIA, \u201cAVANTI COSI\u2019 SI PUO\u2019 FARE PRESTO E BENE\u201d<\/strong><\/p>\n<p><strong>VENEZIA\u00a0<\/strong> <em>\u201cUn primo accordo in sede istituzionale, al quale mi auguro ne seguano altri, raggiunti con lo stesso spirito: lavorare in squadra per dare un futuro solido all\u2019Azienda e ai suoi lavoratori. Bisogna fare le cose presto, ma anche bene \u2013 dice il Presidente del Veneto Luca Zaia \u2013 e direi che finora i due aspetti si sono palesati entrambi. Ringrazio per l\u2019impegno il Ministro Giorgetti, tutti i nostri tecnici regionali e l\u2019Assessore Donazzan, tutte le parti sociali sedute al tavolo. Gli aspetti tecnici da approfondire sono ancora molti \u2013 conclude Zaia \u2013 ma i tempi del lavoro e lo spirito collaborativo che lo contraddistingue sono un\u2019ottima premessa\u201d.<\/em><\/p>\n<p>&nbsp;<\/p>\n<p>*****<\/p>\n","protected":false},"excerpt":{"rendered":"<p>VENEZIA Nella giornata di ieri, alla presenza dell\u2019Assessore Elena Donazzan con l\u2019assistenza dell\u2019Unit\u00e0 di crisi aziendali e della Direzione Lavoro, si sono incontrati in sede regionale: Italia Wanbao ACC S.r.l. in A.S nella persona del Commissario Straordinario, Maurizio Castro; SEST S.p.A. rappresentata dall\u2019Amministratore Delegato, Michele Faggioli, e le Segreterie territoriali Fim-CISL, Fiom-CGIL e Uilm-UIL di&hellip;<\/p>\n","protected":false},"author":4,"featured_media":145345,"comment_status":"closed","ping_status":"closed","sticky":false,"template":"","format":"standard","meta":{"_monsterinsights_skip_tracking":false,"_monsterinsights_sitenote_active":false,"_monsterinsights_sitenote_note":"","_monsterinsights_sitenote_category":0,"footnotes":""},"categories":[51,49],"tags":[],"class_list":["post-259708","post","type-post","status-publish","format-standard","has-post-thumbnail","hentry","category-evidenza-top","category-news-18","category-51","category-49","description-off"],"img_url":"https:\/\/www.radiopiu.net\/wordpress\/wp-content\/uploads\/2020\/06\/ACC-MEL.png","_links":{"self":[{"href":"https:\/\/www.radiopiu.net\/wordpress\/wp-json\/wp\/v2\/posts\/259708","targetHints":{"allow":["GET"]}}],"collection":[{"href":"https:\/\/www.radiopiu.net\/wordpress\/wp-json\/wp\/v2\/posts"}],"about":[{"href":"https:\/\/www.radiopiu.net\/wordpress\/wp-json\/wp\/v2\/types\/post"}],"author":[{"embeddable":true,"href":"https:\/\/www.radiopiu.net\/wordpress\/wp-json\/wp\/v2\/users\/4"}],"replies":[{"embeddable":true,"href":"https:\/\/www.radiopiu.net\/wordpress\/wp-json\/wp\/v2\/comments?post=259708"}],"version-history":[{"count":0,"href":"https:\/\/www.radiopiu.net\/wordpress\/wp-json\/wp\/v2\/posts\/259708\/revisions"}],"wp:featuredmedia":[{"embeddable":true,"href":"https:\/\/www.radiopiu.net\/wordpress\/wp-json\/wp\/v2\/media\/145345"}],"wp:attachment":[{"href":"https:\/\/www.radiopiu.net\/wordpress\/wp-json\/wp\/v2\/media?parent=259708"}],"wp:term":[{"taxonomy":"category","embeddable":true,"href":"https:\/\/www.radiopiu.net\/wordpress\/wp-json\/wp\/v2\/categories?post=259708"},{"taxonomy":"post_tag","embeddable":true,"href":"https:\/\/www.radiopiu.net\/wordpress\/wp-json\/wp\/v2\/tags?post=259708"}],"curies":[{"name":"wp","href":"https:\/\/api.w.org\/{rel}","templated":true}]}}