{"id":259777,"date":"2022-03-08T05:53:05","date_gmt":"2022-03-08T04:53:05","guid":{"rendered":"https:\/\/www.radiopiu.net\/wordpress\/?p=259777"},"modified":"2022-03-08T06:19:03","modified_gmt":"2022-03-08T05:19:03","slug":"susamea","status":"publish","type":"post","link":"https:\/\/www.radiopiu.net\/wordpress\/susamea\/","title":{"rendered":"SUSANNA E MELCHIORRE NEL CUORE DI GOSALDO"},"content":{"rendered":"<p><strong><a class=\"dt-pswp-item\" href=\"https:\/\/www.radiopiu.net\/wordpress\/wp-content\/uploads\/2022\/02\/275047871_512855146869897_868996295822449918_n.jpg\" data-dt-img-description=\"\" data-large_image_width=\"151\" data-large_image_height=\"240\"><img loading=\"lazy\" decoding=\"async\" class=\"size-full wp-image-263471 alignleft\" src=\"https:\/\/www.radiopiu.net\/wordpress\/wp-content\/uploads\/2022\/02\/275047871_512855146869897_868996295822449918_n.jpg\" alt=\"\" width=\"151\" height=\"240\" \/><\/a>GOSALDO<\/strong> \u00a0<em>&#8220;Ecco scoperta la nostra sorpresa per San Valentino. Inviateci le vostro foto pi\u00f9 belle dal 14 al 21 febbraio e nella settimana successiva, chi ricever\u00e0 pi\u00f9 &#8220;mi piace&#8221;, sar\u00e0 premiato con un piccolo pensiero.\u00a0<\/em>Si presentava cosi&#8217; la bella iniziativa della proloco di Gosaldo. E ora ecco i vincitori: \u00a0Susanna Melchiorre con i complimenti e l&#8217;augurio di &#8230;tanto amore.<\/p>\n<p>&nbsp;<\/p>\n<p>&nbsp;<\/p>\n<p>&nbsp;<\/p>\n<p>&nbsp;<\/p>\n<p>&nbsp;<\/p>\n<p>&nbsp;<\/p>\n<p><strong>ARCHIVIO RADIO PIU<\/strong><\/p>\n<p><strong><a href=\"https:\/\/www.radiopiu.net\/wordpress\/un-cuore-che-unisce-lagordino\/32914d12-439f-4c82-8d4d-2566f1dd94d6\/\" rel=\"attachment wp-att-259398\"><img loading=\"lazy\" decoding=\"async\" class=\"wp-image-259398 alignleft\" src=\"https:\/\/www.radiopiu.net\/wordpress\/wp-content\/uploads\/2022\/02\/32914d12-439f-4c82-8d4d-2566f1dd94d6-300x225.jpg\" alt=\"\" width=\"185\" height=\"139\" srcset=\"https:\/\/www.radiopiu.net\/wordpress\/wp-content\/uploads\/2022\/02\/32914d12-439f-4c82-8d4d-2566f1dd94d6-300x225.jpg 300w, https:\/\/www.radiopiu.net\/wordpress\/wp-content\/uploads\/2022\/02\/32914d12-439f-4c82-8d4d-2566f1dd94d6-1024x768.jpg 1024w, https:\/\/www.radiopiu.net\/wordpress\/wp-content\/uploads\/2022\/02\/32914d12-439f-4c82-8d4d-2566f1dd94d6-768x576.jpg 768w, https:\/\/www.radiopiu.net\/wordpress\/wp-content\/uploads\/2022\/02\/32914d12-439f-4c82-8d4d-2566f1dd94d6-1536x1152.jpg 1536w, https:\/\/www.radiopiu.net\/wordpress\/wp-content\/uploads\/2022\/02\/32914d12-439f-4c82-8d4d-2566f1dd94d6.jpg 1600w\" sizes=\"auto, (max-width: 185px) 100vw, 185px\" \/><\/a><\/strong><\/p>\n<p>&nbsp;<\/p>\n<p><strong>ieri alla radio, di Gianni Santomaso<\/strong><\/p>\n<audio class=\"wp-audio-shortcode\" id=\"audio-259777-1\" preload=\"none\" style=\"width: 100%;\" controls=\"controls\"><source type=\"audio\/mpeg\" src=\"https:\/\/www.radiopiu.net\/wordpress\/wp-content\/uploads\/2022\/02\/GIANNI-CUORI-AGORDINO.mp3?_=1\" \/><a href=\"https:\/\/www.radiopiu.net\/wordpress\/wp-content\/uploads\/2022\/02\/GIANNI-CUORI-AGORDINO.mp3\">https:\/\/www.radiopiu.net\/wordpress\/wp-content\/uploads\/2022\/02\/GIANNI-CUORI-AGORDINO.mp3<\/a><\/audio>\n<p>&nbsp;<\/p>\n<p>&nbsp;<\/p>\n<p>**<\/p>\n","protected":false},"excerpt":{"rendered":"<p>GOSALDO \u00a0&#8220;Ecco scoperta la nostra sorpresa per San Valentino. Inviateci le vostro foto pi\u00f9 belle dal 14 al 21 febbraio e nella settimana successiva, chi ricever\u00e0 pi\u00f9 &#8220;mi piace&#8221;, sar\u00e0 premiato con un piccolo pensiero.\u00a0Si presentava cosi&#8217; la bella iniziativa della proloco di Gosaldo. E ora ecco i vincitori: \u00a0Susanna Melchiorre con i complimenti e&hellip;<\/p>\n","protected":false},"author":4,"featured_media":263471,"comment_status":"closed","ping_status":"closed","sticky":false,"template":"","format":"standard","meta":{"_monsterinsights_skip_tracking":false,"_monsterinsights_sitenote_active":false,"_monsterinsights_sitenote_note":"","_monsterinsights_sitenote_category":0,"footnotes":""},"categories":[51,49],"tags":[],"class_list":["post-259777","post","type-post","status-publish","format-standard","has-post-thumbnail","hentry","category-evidenza-top","category-news-18","category-51","category-49","description-off"],"img_url":"https:\/\/www.radiopiu.net\/wordpress\/wp-content\/uploads\/2022\/02\/275047871_512855146869897_868996295822449918_n.jpg","_links":{"self":[{"href":"https:\/\/www.radiopiu.net\/wordpress\/wp-json\/wp\/v2\/posts\/259777","targetHints":{"allow":["GET"]}}],"collection":[{"href":"https:\/\/www.radiopiu.net\/wordpress\/wp-json\/wp\/v2\/posts"}],"about":[{"href":"https:\/\/www.radiopiu.net\/wordpress\/wp-json\/wp\/v2\/types\/post"}],"author":[{"embeddable":true,"href":"https:\/\/www.radiopiu.net\/wordpress\/wp-json\/wp\/v2\/users\/4"}],"replies":[{"embeddable":true,"href":"https:\/\/www.radiopiu.net\/wordpress\/wp-json\/wp\/v2\/comments?post=259777"}],"version-history":[{"count":0,"href":"https:\/\/www.radiopiu.net\/wordpress\/wp-json\/wp\/v2\/posts\/259777\/revisions"}],"wp:featuredmedia":[{"embeddable":true,"href":"https:\/\/www.radiopiu.net\/wordpress\/wp-json\/wp\/v2\/media\/263471"}],"wp:attachment":[{"href":"https:\/\/www.radiopiu.net\/wordpress\/wp-json\/wp\/v2\/media?parent=259777"}],"wp:term":[{"taxonomy":"category","embeddable":true,"href":"https:\/\/www.radiopiu.net\/wordpress\/wp-json\/wp\/v2\/categories?post=259777"},{"taxonomy":"post_tag","embeddable":true,"href":"https:\/\/www.radiopiu.net\/wordpress\/wp-json\/wp\/v2\/tags?post=259777"}],"curies":[{"name":"wp","href":"https:\/\/api.w.org\/{rel}","templated":true}]}}