{"id":259817,"date":"2022-02-17T05:44:10","date_gmt":"2022-02-17T04:44:10","guid":{"rendered":"https:\/\/www.radiopiu.net\/wordpress\/?p=259817"},"modified":"2022-02-17T05:47:24","modified_gmt":"2022-02-17T04:47:24","slug":"tribuvenezia","status":"publish","type":"post","link":"https:\/\/www.radiopiu.net\/wordpress\/tribuvenezia\/","title":{"rendered":"PAPA&#8217; AGORDINO ASSOLTO DALLE ACCUSE INFAMANTI &#8220;DICO GRAZIE A MIA MOGLIE&#8221;"},"content":{"rendered":"<blockquote>\n<h2><span style=\"color: #ff0000;\">OGGI SUL CORRIERE DELLE ALPI<\/span><br \/>\n<span style=\"color: #ff0000;\">di\u00a0 GIGI SOSSO\u00a0<\/span><\/h2>\n<\/blockquote>\n<p><strong><img loading=\"lazy\" decoding=\"async\" class=\"alignleft\" src=\"https:\/\/www.radiopiu.net\/wordpress\/wp-content\/uploads\/2018\/07\/TRIBUNALE-1.jpg\" width=\"195\" height=\"146\" \/>REDAZIONE<\/strong> Oggi il quotidiano bellunese riprende l&#8217;argomento gi\u00e0 anticipato ieri, un padre portato in Tribunale dalla figlia con accuse infamanti, condannato a 9 anni in primo grado, assolto in appello a Venezia.<\/p>\n<p>BELLUNO. Il padre agordino, che rischiava nove anni di prigione per violenze sessuali su una figlia adottiva, \u00e8 tornato in vita. Tra il processo con la condanna e l&#8217;appello con l&#8217;assoluzione \u00e8 passata un&#8217;eternit\u00e0 di sofferenza. Prima additato in paese come un orco, per non parlare di quello che gli sarebbe successo in carcere, secondo l&#8217;implacabile codice dei detenuti. Poi la fine dell&#8217;incubo, con una chiamata del nuovo avvocato difensore Cesare Stradaioli. Quando la sua esistenza \u00e8 finita nel frullatore, la sua dignit\u00e0 di uomo e pap\u00e0 si \u00e8 lamentata, come se fosse stata ferita: <em>\u00abMi sono certamente sentito ferito nella mia dignit\u00e0 personale, perch\u00e9 ero estraneo alle accuse. Allo stesso tempo, ho provato una grande amarezza, perch\u00e9 temevo che in questa vicenda ci andassero di mezzo le mie figlie adottive\u00bb<\/em>. Una delle quali l&#8217;aveva accusato di uno dei reati pi\u00f9 infamanti, salvo poi ritrattare in aula e non essere creduta.\u00a0 <em>&#8220;Non avrei potuto affrontare questa tremenda esperienza senza l&#8217;appoggio di mia moglie&#8221;&#8230;\u00a0\u00a0<\/em><\/p>\n<p>&nbsp;<\/p>\n<p>**<\/p>\n","protected":false},"excerpt":{"rendered":"<p>OGGI SUL CORRIERE DELLE ALPI di\u00a0 GIGI SOSSO\u00a0 REDAZIONE Oggi il quotidiano bellunese riprende l&#8217;argomento gi\u00e0 anticipato ieri, un padre portato in Tribunale dalla figlia con accuse infamanti, condannato a 9 anni in primo grado, assolto in appello a Venezia. BELLUNO. Il padre agordino, che rischiava nove anni di prigione per violenze sessuali su una&hellip;<\/p>\n","protected":false},"author":4,"featured_media":53164,"comment_status":"closed","ping_status":"closed","sticky":false,"template":"","format":"standard","meta":{"_monsterinsights_skip_tracking":false,"_monsterinsights_sitenote_active":false,"_monsterinsights_sitenote_note":"","_monsterinsights_sitenote_category":0,"footnotes":""},"categories":[51,49],"tags":[],"class_list":["post-259817","post","type-post","status-publish","format-standard","has-post-thumbnail","hentry","category-evidenza-top","category-news-18","category-51","category-49","description-off"],"img_url":"https:\/\/www.radiopiu.net\/wordpress\/wp-content\/uploads\/2018\/07\/TRIBUNALE-1.jpg","_links":{"self":[{"href":"https:\/\/www.radiopiu.net\/wordpress\/wp-json\/wp\/v2\/posts\/259817","targetHints":{"allow":["GET"]}}],"collection":[{"href":"https:\/\/www.radiopiu.net\/wordpress\/wp-json\/wp\/v2\/posts"}],"about":[{"href":"https:\/\/www.radiopiu.net\/wordpress\/wp-json\/wp\/v2\/types\/post"}],"author":[{"embeddable":true,"href":"https:\/\/www.radiopiu.net\/wordpress\/wp-json\/wp\/v2\/users\/4"}],"replies":[{"embeddable":true,"href":"https:\/\/www.radiopiu.net\/wordpress\/wp-json\/wp\/v2\/comments?post=259817"}],"version-history":[{"count":0,"href":"https:\/\/www.radiopiu.net\/wordpress\/wp-json\/wp\/v2\/posts\/259817\/revisions"}],"wp:featuredmedia":[{"embeddable":true,"href":"https:\/\/www.radiopiu.net\/wordpress\/wp-json\/wp\/v2\/media\/53164"}],"wp:attachment":[{"href":"https:\/\/www.radiopiu.net\/wordpress\/wp-json\/wp\/v2\/media?parent=259817"}],"wp:term":[{"taxonomy":"category","embeddable":true,"href":"https:\/\/www.radiopiu.net\/wordpress\/wp-json\/wp\/v2\/categories?post=259817"},{"taxonomy":"post_tag","embeddable":true,"href":"https:\/\/www.radiopiu.net\/wordpress\/wp-json\/wp\/v2\/tags?post=259817"}],"curies":[{"name":"wp","href":"https:\/\/api.w.org\/{rel}","templated":true}]}}