{"id":259840,"date":"2022-02-16T10:02:22","date_gmt":"2022-02-16T09:02:22","guid":{"rendered":"https:\/\/www.radiopiu.net\/wordpress\/?p=259840"},"modified":"2022-02-16T10:02:22","modified_gmt":"2022-02-16T09:02:22","slug":"bollettino-neve-al-suolo-arpav-malga-losch-dove-si-e-registrato-il-maggior-cumulo-di-neve-fresca","status":"publish","type":"post","link":"https:\/\/www.radiopiu.net\/wordpress\/bollettino-neve-al-suolo-arpav-malga-losch-dove-si-e-registrato-il-maggior-cumulo-di-neve-fresca\/","title":{"rendered":"BOLLETTINO NEVE AL SUOLO ARPAV. MALGA LOSCH DOVE SI E&#8217; REGISTRATO IL MAGGIOR CUMULO DI NEVE FRESCA"},"content":{"rendered":"<p><strong>LIVINALLONGO<\/strong> Il Centro Valanghe ARPAV di Arabba ha diramato il bollettino della neve al suolo dopo le nevicate delle ultime ore. A Malga Losch di Frassen\u00e8 dove si registra il maggior cumulo di neve fresca con 46 cm caduti. Ma tutta la zona delle Dolomiti Meridionali \u00e8 stata la pi\u00f9 interessata dalle precipitazioni. Da inizio inverno i Monti Alti di Ornella \u00e8 la zona in cui si \u00e8 registrato il maggior cumulo totale con 123 cm.<\/p>\n<p><strong>IL BOLLETTINO NEVE AL SUOLO<\/strong><\/p>\n<a href=\"https:\/\/www.radiopiu.net\/wordpress\/wp-content\/uploads\/2022\/02\/2022_02_16_Dolomiti-Neve-al-suolo.pdf\" class=\"pdfemb-viewer\" style=\"\" data-width=\"max\" data-height=\"max\" data-toolbar=\"top\" data-toolbar-fixed=\"on\">2022_02_16_Dolomiti Neve al suolo<\/a>\n<p>&nbsp;<\/p>\n<p>&nbsp;<\/p>\n<p>*****<\/p>\n","protected":false},"excerpt":{"rendered":"<p>LIVINALLONGO Il Centro Valanghe ARPAV di Arabba ha diramato il bollettino della neve al suolo dopo le nevicate delle ultime ore. A Malga Losch di Frassen\u00e8 dove si registra il maggior cumulo di neve fresca con 46 cm caduti. Ma tutta la zona delle Dolomiti Meridionali \u00e8 stata la pi\u00f9 interessata dalle precipitazioni. Da inizio&hellip;<\/p>\n","protected":false},"author":4,"featured_media":181963,"comment_status":"closed","ping_status":"closed","sticky":false,"template":"","format":"standard","meta":{"_monsterinsights_skip_tracking":false,"_monsterinsights_sitenote_active":false,"_monsterinsights_sitenote_note":"","_monsterinsights_sitenote_category":0,"footnotes":""},"categories":[49],"tags":[],"class_list":["post-259840","post","type-post","status-publish","format-standard","has-post-thumbnail","hentry","category-news-18","category-49","description-off"],"img_url":"https:\/\/www.radiopiu.net\/wordpress\/wp-content\/uploads\/2020\/12\/NEVE-ALBERI.jpg","_links":{"self":[{"href":"https:\/\/www.radiopiu.net\/wordpress\/wp-json\/wp\/v2\/posts\/259840","targetHints":{"allow":["GET"]}}],"collection":[{"href":"https:\/\/www.radiopiu.net\/wordpress\/wp-json\/wp\/v2\/posts"}],"about":[{"href":"https:\/\/www.radiopiu.net\/wordpress\/wp-json\/wp\/v2\/types\/post"}],"author":[{"embeddable":true,"href":"https:\/\/www.radiopiu.net\/wordpress\/wp-json\/wp\/v2\/users\/4"}],"replies":[{"embeddable":true,"href":"https:\/\/www.radiopiu.net\/wordpress\/wp-json\/wp\/v2\/comments?post=259840"}],"version-history":[{"count":0,"href":"https:\/\/www.radiopiu.net\/wordpress\/wp-json\/wp\/v2\/posts\/259840\/revisions"}],"wp:featuredmedia":[{"embeddable":true,"href":"https:\/\/www.radiopiu.net\/wordpress\/wp-json\/wp\/v2\/media\/181963"}],"wp:attachment":[{"href":"https:\/\/www.radiopiu.net\/wordpress\/wp-json\/wp\/v2\/media?parent=259840"}],"wp:term":[{"taxonomy":"category","embeddable":true,"href":"https:\/\/www.radiopiu.net\/wordpress\/wp-json\/wp\/v2\/categories?post=259840"},{"taxonomy":"post_tag","embeddable":true,"href":"https:\/\/www.radiopiu.net\/wordpress\/wp-json\/wp\/v2\/tags?post=259840"}],"curies":[{"name":"wp","href":"https:\/\/api.w.org\/{rel}","templated":true}]}}