{"id":259849,"date":"2022-02-16T11:16:44","date_gmt":"2022-02-16T10:16:44","guid":{"rendered":"https:\/\/www.radiopiu.net\/wordpress\/?p=259849"},"modified":"2022-02-16T11:16:44","modified_gmt":"2022-02-16T10:16:44","slug":"caro-bollette-bard-nuova-causa-di-spopolamento-per-la-montagna-sfruttata","status":"publish","type":"post","link":"https:\/\/www.radiopiu.net\/wordpress\/caro-bollette-bard-nuova-causa-di-spopolamento-per-la-montagna-sfruttata\/","title":{"rendered":"CARO BOLLETTE. BARD: \u00abNUOVA CAUSA DI SPOPOLAMENTO PER LA MONTAGNA SFRUTTATA"},"content":{"rendered":"<p><strong><a href=\"https:\/\/www.radiopiu.net\/wordpress\/bona-bard-in-bocca-al-lupo-a-tutti-ora-al-lavoro-per-una-provincia-forte\/andrea-bona-bard\/\" rel=\"attachment wp-att-235612\"><img loading=\"lazy\" decoding=\"async\" class=\"size-medium wp-image-235612 alignleft\" src=\"https:\/\/www.radiopiu.net\/wordpress\/wp-content\/uploads\/2021\/10\/Andrea-Bona-BARD-300x237.jpg\" alt=\"\" width=\"300\" height=\"237\" srcset=\"https:\/\/www.radiopiu.net\/wordpress\/wp-content\/uploads\/2021\/10\/Andrea-Bona-BARD-300x237.jpg 300w, https:\/\/www.radiopiu.net\/wordpress\/wp-content\/uploads\/2021\/10\/Andrea-Bona-BARD-768x607.jpg 768w, https:\/\/www.radiopiu.net\/wordpress\/wp-content\/uploads\/2021\/10\/Andrea-Bona-BARD.jpg 1024w\" sizes=\"auto, (max-width: 300px) 100vw, 300px\" \/><\/a>BELLUNO <\/strong>\u00ab<em>Gli aumenti di gas e luce, che in alcuni casi raggiungono anche il 50-60% in pi\u00f9 rispetto al passato, sono una batosta incredibile per tutti i cittadini, ancora di pi\u00f9 per i residenti della montagna dove il riscaldamento \u00e8 una delle principali voci di costo delle famiglie. Se non si trova al pi\u00f9 presto una soluzione, non solo l&#8217;assenza dei servizi, ma anche i costi insostenibili di quelle risorse energetiche fondamentali per la vita di tutti i giorni spingeranno la gente ad andarsene<\/em>\u00bb. Questa l&#8217;analisi del presidente del movimento Belluno Autonoma Regione Dolomiti, Andrea Bona, sull&#8217;andamento dei costi energetici in Italia. \u00ab<em>Ci sono due aspetti: il primo \u00e8 quello del costo del gas, che per le popolazioni della montagna deve trovare ulteriori occasioni di riduzione del prezzo. Non si pu\u00f2 pensare che in paesi dove il riscaldamento, per necessit\u00e0 e non per sfizio, resta acceso 6 mesi all&#8217;anno i cittadini e le comunit\u00e0 possano assorbire gli aumenti senza colpo ferire: parliamo di famiglie con bambini, di persone anziane sole, di scuole, di servizi pubblici, di impianti sportivi che sono strutture fondamentali per la socialit\u00e0 soprattutto dei pi\u00f9 giovani. Se si spengono le caldaie, si chiudono i paesi. &#8211; commenta Bona \u2013 L&#8217;altro aspetto poi \u00e8 quello dell&#8217;energia elettrica: \u00e8 inaccettabile che il Bellunese paghi gli stessi rincari di tutto il resto d&#8217;Italia quando il suo territorio \u00e8 segnato dalle centrali idroelettriche. Rinunciamo alle risorse idriche e alle nostre bellezze ambientali per subire poi la beffa di non avere un minimo vantaggio dalla produzione locale di energia: serve al pi\u00f9 presto uno strumento di compensazione su questo fronte per il nostro territorio<\/em>\u00bb.<\/p>\n<p>&nbsp;<\/p>\n<p>&nbsp;<\/p>\n<p>&nbsp;<\/p>\n<p>*****<\/p>\n","protected":false},"excerpt":{"rendered":"<p>BELLUNO \u00abGli aumenti di gas e luce, che in alcuni casi raggiungono anche il 50-60% in pi\u00f9 rispetto al passato, sono una batosta incredibile per tutti i cittadini, ancora di pi\u00f9 per i residenti della montagna dove il riscaldamento \u00e8 una delle principali voci di costo delle famiglie. Se non si trova al pi\u00f9 presto&hellip;<\/p>\n","protected":false},"author":4,"featured_media":235612,"comment_status":"closed","ping_status":"closed","sticky":false,"template":"","format":"standard","meta":{"_monsterinsights_skip_tracking":false,"_monsterinsights_sitenote_active":false,"_monsterinsights_sitenote_note":"","_monsterinsights_sitenote_category":0,"footnotes":""},"categories":[49],"tags":[],"class_list":["post-259849","post","type-post","status-publish","format-standard","has-post-thumbnail","hentry","category-news-18","category-49","description-off"],"img_url":"https:\/\/www.radiopiu.net\/wordpress\/wp-content\/uploads\/2021\/10\/Andrea-Bona-BARD.jpg","_links":{"self":[{"href":"https:\/\/www.radiopiu.net\/wordpress\/wp-json\/wp\/v2\/posts\/259849","targetHints":{"allow":["GET"]}}],"collection":[{"href":"https:\/\/www.radiopiu.net\/wordpress\/wp-json\/wp\/v2\/posts"}],"about":[{"href":"https:\/\/www.radiopiu.net\/wordpress\/wp-json\/wp\/v2\/types\/post"}],"author":[{"embeddable":true,"href":"https:\/\/www.radiopiu.net\/wordpress\/wp-json\/wp\/v2\/users\/4"}],"replies":[{"embeddable":true,"href":"https:\/\/www.radiopiu.net\/wordpress\/wp-json\/wp\/v2\/comments?post=259849"}],"version-history":[{"count":0,"href":"https:\/\/www.radiopiu.net\/wordpress\/wp-json\/wp\/v2\/posts\/259849\/revisions"}],"wp:featuredmedia":[{"embeddable":true,"href":"https:\/\/www.radiopiu.net\/wordpress\/wp-json\/wp\/v2\/media\/235612"}],"wp:attachment":[{"href":"https:\/\/www.radiopiu.net\/wordpress\/wp-json\/wp\/v2\/media?parent=259849"}],"wp:term":[{"taxonomy":"category","embeddable":true,"href":"https:\/\/www.radiopiu.net\/wordpress\/wp-json\/wp\/v2\/categories?post=259849"},{"taxonomy":"post_tag","embeddable":true,"href":"https:\/\/www.radiopiu.net\/wordpress\/wp-json\/wp\/v2\/tags?post=259849"}],"curies":[{"name":"wp","href":"https:\/\/api.w.org\/{rel}","templated":true}]}}