{"id":259883,"date":"2022-02-17T05:42:15","date_gmt":"2022-02-17T04:42:15","guid":{"rendered":"https:\/\/www.radiopiu.net\/wordpress\/?p=259883"},"modified":"2022-02-17T05:48:00","modified_gmt":"2022-02-17T04:48:00","slug":"domani-i-funerali-di-daniela-alfieri","status":"publish","type":"post","link":"https:\/\/www.radiopiu.net\/wordpress\/domani-i-funerali-di-daniela-alfieri\/","title":{"rendered":"DOMANI I FUNERALI DI DANIELA ALFIERI"},"content":{"rendered":"<p><strong><img loading=\"lazy\" decoding=\"async\" class=\"alignleft\" src=\"https:\/\/www.radiopiu.net\/wordpress\/wp-content\/uploads\/2022\/02\/32d150c6-aeac-47b6-9705-81aa7363045a.jpg\" width=\"130\" height=\"190\" \/><\/strong><\/p>\n<p>&nbsp;<\/p>\n<p><strong>ALLEGHE<\/strong> Una parte di Daniela continuer\u00e0 a vivere, la famiglia ha deciso per la donazione degli organi. Il suo spirito continuer\u00e0 ad aleggiare a Masar\u00e8 in quella casa dove ha condiviso l&#8217;amore con il marito Stefano Orsingher e i figli Giulia e Davide. Questa sera alle 17 in chiesa sar\u00e0 recitato il rosario, domani alle 14.30 il funerale nella Chiesa Parrocchiale di San Biagio.<\/p>\n<p><strong>IERI ALLA RADIO\u00a0<\/strong><\/p>\n<p><strong>di Gianni Santomaso<\/strong><\/p>\n<audio class=\"wp-audio-shortcode\" id=\"audio-259883-1\" preload=\"none\" style=\"width: 100%;\" controls=\"controls\"><source type=\"audio\/mpeg\" src=\"https:\/\/www.radiopiu.net\/wordpress\/wp-content\/uploads\/2022\/02\/gianni-daniela-alfieri.mp3?_=1\" \/><a href=\"https:\/\/www.radiopiu.net\/wordpress\/wp-content\/uploads\/2022\/02\/gianni-daniela-alfieri.mp3\">https:\/\/www.radiopiu.net\/wordpress\/wp-content\/uploads\/2022\/02\/gianni-daniela-alfieri.mp3<\/a><\/audio>\n<p>&nbsp;<\/p>\n<p>&nbsp;<\/p>\n<p>***<\/p>\n<p>&nbsp;<\/p>\n","protected":false},"excerpt":{"rendered":"<p>&nbsp; ALLEGHE Una parte di Daniela continuer\u00e0 a vivere, la famiglia ha deciso per la donazione degli organi. Il suo spirito continuer\u00e0 ad aleggiare a Masar\u00e8 in quella casa dove ha condiviso l&#8217;amore con il marito Stefano Orsingher e i figli Giulia e Davide. Questa sera alle 17 in chiesa sar\u00e0 recitato il rosario, domani&hellip;<\/p>\n","protected":false},"author":4,"featured_media":259893,"comment_status":"closed","ping_status":"closed","sticky":false,"template":"","format":"standard","meta":{"_monsterinsights_skip_tracking":false,"_monsterinsights_sitenote_active":false,"_monsterinsights_sitenote_note":"","_monsterinsights_sitenote_category":0,"footnotes":""},"categories":[51,49],"tags":[],"class_list":["post-259883","post","type-post","status-publish","format-standard","has-post-thumbnail","hentry","category-evidenza-top","category-news-18","category-51","category-49","description-off"],"img_url":"https:\/\/www.radiopiu.net\/wordpress\/wp-content\/uploads\/2022\/02\/32d150c6-aeac-47b6-9705-81aa7363045a.jpg","_links":{"self":[{"href":"https:\/\/www.radiopiu.net\/wordpress\/wp-json\/wp\/v2\/posts\/259883","targetHints":{"allow":["GET"]}}],"collection":[{"href":"https:\/\/www.radiopiu.net\/wordpress\/wp-json\/wp\/v2\/posts"}],"about":[{"href":"https:\/\/www.radiopiu.net\/wordpress\/wp-json\/wp\/v2\/types\/post"}],"author":[{"embeddable":true,"href":"https:\/\/www.radiopiu.net\/wordpress\/wp-json\/wp\/v2\/users\/4"}],"replies":[{"embeddable":true,"href":"https:\/\/www.radiopiu.net\/wordpress\/wp-json\/wp\/v2\/comments?post=259883"}],"version-history":[{"count":0,"href":"https:\/\/www.radiopiu.net\/wordpress\/wp-json\/wp\/v2\/posts\/259883\/revisions"}],"wp:featuredmedia":[{"embeddable":true,"href":"https:\/\/www.radiopiu.net\/wordpress\/wp-json\/wp\/v2\/media\/259893"}],"wp:attachment":[{"href":"https:\/\/www.radiopiu.net\/wordpress\/wp-json\/wp\/v2\/media?parent=259883"}],"wp:term":[{"taxonomy":"category","embeddable":true,"href":"https:\/\/www.radiopiu.net\/wordpress\/wp-json\/wp\/v2\/categories?post=259883"},{"taxonomy":"post_tag","embeddable":true,"href":"https:\/\/www.radiopiu.net\/wordpress\/wp-json\/wp\/v2\/tags?post=259883"}],"curies":[{"name":"wp","href":"https:\/\/api.w.org\/{rel}","templated":true}]}}