{"id":259983,"date":"2022-02-18T05:45:12","date_gmt":"2022-02-18T04:45:12","guid":{"rendered":"https:\/\/www.radiopiu.net\/wordpress\/?p=259983"},"modified":"2022-02-18T09:47:40","modified_gmt":"2022-02-18T08:47:40","slug":"giornale-radiopiu-18-febbraio-2022-direttore-mirko-mezzacasa","status":"publish","type":"post","link":"https:\/\/www.radiopiu.net\/wordpress\/giornale-radiopiu-18-febbraio-2022-direttore-mirko-mezzacasa\/","title":{"rendered":"GIORNALE RADIOPIU 18 FEBBRAIO 2022 DIRETTORE MIRKO MEZZACASA"},"content":{"rendered":"<h3 class=\"kvgmc6g5 cxmmr5t8 oygrvhab hcukyx3x c1et5uql\"><span style=\"color: #0000ff;\"><strong>INFORMAZIONE il canale su TELEGRAM informazione di prima mano e in tempo reale. iscriviti ed aiutaci a farlo conoscere<\/strong><\/span><\/h3>\n<p>&nbsp;<\/p>\n<hr \/>\n<p>&nbsp;<\/p>\n<blockquote>\n<h3>DOMENICA AL NOF FILO&#8217; DI CENCENIGHE VACCINAZIONI ANTI\u00a0 COVID AD ACCESSO LIBERO<\/h3>\n<\/blockquote>\n<p><strong>\u00a0CENCENIGHE<\/strong> Domenica dalle 9 alle 13 al Nof Filo&#8217; nuova giornata di vaccinazioni con i medici di medicina generale e i pediatri, collabora il Comune di Cencenighe. Ammesse tutte le categorie vaccinabili per prima e terza dose. Informazioni: www.aulss1.veneto.it.<\/p>\n<p>&nbsp;<\/p>\n<hr \/>\n<p>&nbsp;<\/p>\n<blockquote>\n<h2>ACQUA INQUINATA IN ALCUNE FRAZIONI<\/h2>\n<\/blockquote>\n<p><strong><img loading=\"lazy\" decoding=\"async\" class=\"alignleft\" src=\"https:\/\/www.radiopiu.net\/wordpress\/wp-content\/uploads\/2018\/08\/ACQUA.jpeg\" width=\"175\" height=\"105\" \/>\u00a0CANALE D&#8217; AGORDO<\/strong> Gestione Servizi Pubblici informa che nelle LOCALITA&#8217; FREGONA, PISOLIVA E LA MORA l&#8217;acqua erogata dall&#8217;acquedotto non \u00e8 potabile e non pu\u00f2 essere usata per scopi alimentari. Verr\u00e0 effettuato servizio sostitutivo con approvvigionamento alternativo di emergenza nelle localit\u00e0 di Pisoliva e Fregona. GSP ha, comunque, gi\u00e0 adottato necessari interventi di pulizia e disinfezione della rete. Ulteriori informazioni saranno fornite nei prossimi giorni. Per maggiori informazioni \u00e8 possibile contattare il Servizio Clienti al numero 800 306 999 o +39 0445 230521 (da estero) .<\/p>\n<p>&nbsp;<\/p>\n<blockquote><p><em>Come al solito il cittadino pagher\u00e0! Perch\u00e9 Gsp non ha ancora concretizzato una logica aspettativa: quando l&#8217;acqua \u00e8 inquinata si abbassi la bolletta, si tenga conto dei giorni e settimane di disagio all&#8217;utente che paga regolarmente il conto senza fiatare e gli aumenti non sono mai mancati, non mancano, non mancheranno<\/em><\/p><\/blockquote>\n<p>&nbsp;<\/p>\n<hr \/>\n<p>&nbsp;<\/p>\n<blockquote>\n<h3><a class=\"dt-pswp-item\" href=\"https:\/\/www.radiopiu.net\/wordpress\/wp-content\/uploads\/2022\/02\/4d839dd5-1f94-478b-aded-81f477229947.jpg\" data-dt-img-description=\"\" data-large_image_width=\"1080\" data-large_image_height=\"1920\"><img loading=\"lazy\" decoding=\"async\" class=\"size-medium wp-image-260029 alignleft\" src=\"https:\/\/www.radiopiu.net\/wordpress\/wp-content\/uploads\/2022\/02\/4d839dd5-1f94-478b-aded-81f477229947-169x300.jpg\" alt=\"\" width=\"169\" height=\"300\" srcset=\"https:\/\/www.radiopiu.net\/wordpress\/wp-content\/uploads\/2022\/02\/4d839dd5-1f94-478b-aded-81f477229947-169x300.jpg 169w, https:\/\/www.radiopiu.net\/wordpress\/wp-content\/uploads\/2022\/02\/4d839dd5-1f94-478b-aded-81f477229947-576x1024.jpg 576w, https:\/\/www.radiopiu.net\/wordpress\/wp-content\/uploads\/2022\/02\/4d839dd5-1f94-478b-aded-81f477229947-768x1365.jpg 768w, https:\/\/www.radiopiu.net\/wordpress\/wp-content\/uploads\/2022\/02\/4d839dd5-1f94-478b-aded-81f477229947-864x1536.jpg 864w, https:\/\/www.radiopiu.net\/wordpress\/wp-content\/uploads\/2022\/02\/4d839dd5-1f94-478b-aded-81f477229947.jpg 1080w\" sizes=\"auto, (max-width: 169px) 100vw, 169px\" \/><\/a><\/h3>\n<h3><\/h3>\n<h3>FRANA COL PIZZON AL TORNER. ADDIO STRADA DI EMERGENZA E CICLABILE.<\/h3>\n<h3>QUELLO CHE NON VEDREMO PIU&#8217;: MASSI SASSI E TERRICCIO TRAVOLGONO BOSCHI E TRACCIATI<\/h3>\n<p>&nbsp;<\/p>\n<p><span style=\"color: #ff0000;\">CADONO LE BRACCIA AGLI AMMINISTRATORTI AGORDINI, DA VENETO STRADE SILVANO VERNIZZI\u00a0 <em>&#8220;LA FRANA E&#8217; DA RIMUOVERE VALUTANDO I RISCHI SUL MATERIALE INSTABILE&#8221;<\/em><\/span><\/p>\n<p><strong>di GIANNI SANTOMASO<\/strong><\/p><\/blockquote>\n<audio class=\"wp-audio-shortcode\" id=\"audio-259983-1\" preload=\"none\" style=\"width: 100%;\" controls=\"controls\"><source type=\"audio\/mpeg\" src=\"https:\/\/www.radiopiu.net\/wordpress\/wp-content\/uploads\/2022\/02\/GIANNI-SANTOMASO-1.mp3?_=1\" \/><a href=\"https:\/\/www.radiopiu.net\/wordpress\/wp-content\/uploads\/2022\/02\/GIANNI-SANTOMASO-1.mp3\">https:\/\/www.radiopiu.net\/wordpress\/wp-content\/uploads\/2022\/02\/GIANNI-SANTOMASO-1.mp3<\/a><\/audio>\n<blockquote><p>&nbsp;<\/p>\n<p><span style=\"color: #ff0000;\">CHE NE SARA&#8217; DELLA CICLABILE BRIBANO-CENCENIGHE. Il Presidente del Parco Nazionale Ennio Vigne <em>&#8220;Per la ciclabile si \u00e8 optato per la soluzione in destra orografica, dall&#8217;altra sarebbe stato necessario un paramassi da 3 milioni di euro. Dove \u00e8 scesa la frana i\u00a0 funzionari mi hanno informato che non c&#8217;erano state avvisaglie&#8221;<\/em><\/span><\/p>\n<p><strong>di GIANNI SANTOMASO\u00a0<\/strong><\/p><\/blockquote>\n<audio class=\"wp-audio-shortcode\" id=\"audio-259983-2\" preload=\"none\" style=\"width: 100%;\" controls=\"controls\"><source type=\"audio\/mpeg\" src=\"https:\/\/www.radiopiu.net\/wordpress\/wp-content\/uploads\/2022\/02\/GIANNI-PISTA-CICLABILE.mp3?_=2\" \/><a href=\"https:\/\/www.radiopiu.net\/wordpress\/wp-content\/uploads\/2022\/02\/GIANNI-PISTA-CICLABILE.mp3\">https:\/\/www.radiopiu.net\/wordpress\/wp-content\/uploads\/2022\/02\/GIANNI-PISTA-CICLABILE.mp3<\/a><\/audio>\n<blockquote><p>&nbsp;<\/p><\/blockquote>\n<p style=\"text-align: left;\"><a class=\"dt-pswp-item\" href=\"https:\/\/www.radiopiu.net\/wordpress\/wp-content\/uploads\/2022\/02\/27ca1583-0694-4ecb-ae80-d66575748a9c.jpg\" data-dt-img-description=\"\" data-large_image_width=\"1057\" data-large_image_height=\"1600\"><img loading=\"lazy\" decoding=\"async\" class=\"wp-image-260124 alignleft\" src=\"https:\/\/www.radiopiu.net\/wordpress\/wp-content\/uploads\/2022\/02\/27ca1583-0694-4ecb-ae80-d66575748a9c-198x300.jpg\" alt=\"\" width=\"255\" height=\"386\" srcset=\"https:\/\/www.radiopiu.net\/wordpress\/wp-content\/uploads\/2022\/02\/27ca1583-0694-4ecb-ae80-d66575748a9c-198x300.jpg 198w, https:\/\/www.radiopiu.net\/wordpress\/wp-content\/uploads\/2022\/02\/27ca1583-0694-4ecb-ae80-d66575748a9c-676x1024.jpg 676w, https:\/\/www.radiopiu.net\/wordpress\/wp-content\/uploads\/2022\/02\/27ca1583-0694-4ecb-ae80-d66575748a9c-768x1163.jpg 768w, https:\/\/www.radiopiu.net\/wordpress\/wp-content\/uploads\/2022\/02\/27ca1583-0694-4ecb-ae80-d66575748a9c-1015x1536.jpg 1015w, https:\/\/www.radiopiu.net\/wordpress\/wp-content\/uploads\/2022\/02\/27ca1583-0694-4ecb-ae80-d66575748a9c.jpg 1057w\" sizes=\"auto, (max-width: 255px) 100vw, 255px\" \/><\/a><strong>RIVAMONTE <\/strong>Un pezzo di montagna, un grande pezzo di montagna, si \u00e8 staccato l&#8217;altra notte sulla destra orografica del torrente Cordevole tra il ponte del Torner\u00a0 e quello dei Castei dove la strada spiana, poco a lato della ex casa cantoniera. La strada non c&#8217;\u00e8 pi\u00f9 dalle quattro di questa mattina (come conferma il sismografo di Agordo che ha rilevato la vibrazione dalle ex miniere dell&#8217;Istituto Minerario), quella strada \u00e8 completamente franata con sentieri, mulattiere, piante e\u00a0 ambienti incantantevoli ed irripetibili come il Pinnacolo definitivamente abbattuto. Alla fine degli anni 70 una valanga travolse e uccise tre persone che si stavano spostando verso Sospirolo. Pochi anni fa un camion della Guarnier\u00a0 venne colpito da un sasso sul cassone, per fortuna senza feriti\u00a0 \u00a0Fu allora che apri&#8217; in emergenza la galleria dei Castei in fase di ultimazione. Questa notte dei ciclopici sassi hanno portato via la\u00a0 strada sfiorando la casa cantoniera, travolgendo anche i pali della luce. Per l&#8217;Agordino \u00e8 un danno grave. Quella strada era il cuore della ciclabile, a suo tempo era stata valutata anche la possibilit\u00e0 di un percorso lungo la ex ferrovia, le gallerie sono ancora integre, ma i costi erano troppo elevati.\u00a0 Veneto Strade aveva ribadito l&#8217;importanza della strada in vista dei lavori in galleria dei Castei per le continue venute d&#8217;acqua dall&#8217;alto. Lavori che potrebbero creare disagi in\u00a0 mancanza di una viabilit\u00e0 alternativa e valida, il Comelico insegna. Sotto a quella strada ci sono le condotte del gas metano per la Conca Agordina, fortunatamente il tratto ancorato al ponte non ha subito danni. (MM)<\/p>\n<blockquote><p><em>foto Tagliata San Martino con Ponte Castei Casa Cantoniera, Forte Alto e rete di mulattiere militari_anno 1998. La parte franata \u00e8 tutta quella, nella foto, dalla Casa Cantoniera verso sinistra ed oltre. Archivio Tiziano De Col<\/em><\/p><\/blockquote>\n\n\t\t\t<style type='text\/css'>\n\t\t\t\t#gallery-1 {\n\t\t\t\t\tmargin: auto;\n\t\t\t\t}\n\t\t\t\t#gallery-1 .gallery-item {\n\t\t\t\t\tfloat: left;\n\t\t\t\t\tmargin-top: 10px;\n\t\t\t\t\ttext-align: center;\n\t\t\t\t\twidth: 25%;\n\t\t\t\t}\n\t\t\t\t#gallery-1 img {\n\t\t\t\t\tborder: 2px solid #cfcfcf;\n\t\t\t\t}\n\t\t\t\t#gallery-1 .gallery-caption {\n\t\t\t\t\tmargin-left: 0;\n\t\t\t\t}\n\t\t\t\t\/* see gallery_shortcode() in wp-includes\/media.php *\/\n\t\t\t<\/style>\n\t\t<div id='gallery-1' class='dt-gallery-container gallery galleryid-259983 gallery-columns-4 gallery-size-medium'><dl class='gallery-item'>\n\t\t\t\t<dt class='gallery-icon landscape'>\n\t\t\t\t\t<a class=\"rollover rollover-zoom dt-pswp-item\" title=\"2833771e-fc3f-490d-92a1-d5226c898820\" data-dt-img-description=\"\" data-large_image_width=\"2000\" data-large_image_height=\"1496\"href='https:\/\/www.radiopiu.net\/wordpress\/wp-content\/uploads\/2022\/02\/2833771e-fc3f-490d-92a1-d5226c898820.jpg'><img loading=\"lazy\" decoding=\"async\" width=\"300\" height=\"224\" src=\"https:\/\/www.radiopiu.net\/wordpress\/wp-content\/uploads\/2022\/02\/2833771e-fc3f-490d-92a1-d5226c898820-300x224.jpg\" class=\"attachment-medium size-medium\" alt=\"\" srcset=\"https:\/\/www.radiopiu.net\/wordpress\/wp-content\/uploads\/2022\/02\/2833771e-fc3f-490d-92a1-d5226c898820-300x224.jpg 300w, https:\/\/www.radiopiu.net\/wordpress\/wp-content\/uploads\/2022\/02\/2833771e-fc3f-490d-92a1-d5226c898820-1024x766.jpg 1024w, https:\/\/www.radiopiu.net\/wordpress\/wp-content\/uploads\/2022\/02\/2833771e-fc3f-490d-92a1-d5226c898820-768x574.jpg 768w, https:\/\/www.radiopiu.net\/wordpress\/wp-content\/uploads\/2022\/02\/2833771e-fc3f-490d-92a1-d5226c898820-1536x1149.jpg 1536w, https:\/\/www.radiopiu.net\/wordpress\/wp-content\/uploads\/2022\/02\/2833771e-fc3f-490d-92a1-d5226c898820.jpg 2000w\" sizes=\"auto, (max-width: 300px) 100vw, 300px\" \/><\/a>\n\t\t\t\t<\/dt><\/dl><dl class='gallery-item'>\n\t\t\t\t<dt class='gallery-icon landscape'>\n\t\t\t\t\t<a class=\"rollover rollover-zoom dt-pswp-item\" title=\"760a1b65-8307-425d-9ec2-f581f755e9e8\" data-dt-img-description=\"\" data-large_image_width=\"2000\" data-large_image_height=\"1496\"href='https:\/\/www.radiopiu.net\/wordpress\/wp-content\/uploads\/2022\/02\/760a1b65-8307-425d-9ec2-f581f755e9e8.jpg'><img loading=\"lazy\" decoding=\"async\" width=\"300\" height=\"224\" src=\"https:\/\/www.radiopiu.net\/wordpress\/wp-content\/uploads\/2022\/02\/760a1b65-8307-425d-9ec2-f581f755e9e8-300x224.jpg\" class=\"attachment-medium size-medium\" alt=\"\" srcset=\"https:\/\/www.radiopiu.net\/wordpress\/wp-content\/uploads\/2022\/02\/760a1b65-8307-425d-9ec2-f581f755e9e8-300x224.jpg 300w, https:\/\/www.radiopiu.net\/wordpress\/wp-content\/uploads\/2022\/02\/760a1b65-8307-425d-9ec2-f581f755e9e8-1024x766.jpg 1024w, https:\/\/www.radiopiu.net\/wordpress\/wp-content\/uploads\/2022\/02\/760a1b65-8307-425d-9ec2-f581f755e9e8-768x574.jpg 768w, https:\/\/www.radiopiu.net\/wordpress\/wp-content\/uploads\/2022\/02\/760a1b65-8307-425d-9ec2-f581f755e9e8-1536x1149.jpg 1536w, https:\/\/www.radiopiu.net\/wordpress\/wp-content\/uploads\/2022\/02\/760a1b65-8307-425d-9ec2-f581f755e9e8.jpg 2000w\" sizes=\"auto, (max-width: 300px) 100vw, 300px\" \/><\/a>\n\t\t\t\t<\/dt><\/dl><dl class='gallery-item'>\n\t\t\t\t<dt class='gallery-icon landscape'>\n\t\t\t\t\t<a class=\"rollover rollover-zoom dt-pswp-item\" title=\"1937e669-1e1a-458f-8873-c856140cd0d3\" data-dt-img-description=\"\" data-large_image_width=\"1920\" data-large_image_height=\"1080\"href='https:\/\/www.radiopiu.net\/wordpress\/wp-content\/uploads\/2022\/02\/1937e669-1e1a-458f-8873-c856140cd0d3.jpg'><img loading=\"lazy\" decoding=\"async\" width=\"300\" height=\"169\" src=\"https:\/\/www.radiopiu.net\/wordpress\/wp-content\/uploads\/2022\/02\/1937e669-1e1a-458f-8873-c856140cd0d3-300x169.jpg\" class=\"attachment-medium size-medium\" alt=\"\" srcset=\"https:\/\/www.radiopiu.net\/wordpress\/wp-content\/uploads\/2022\/02\/1937e669-1e1a-458f-8873-c856140cd0d3-300x169.jpg 300w, https:\/\/www.radiopiu.net\/wordpress\/wp-content\/uploads\/2022\/02\/1937e669-1e1a-458f-8873-c856140cd0d3-1024x576.jpg 1024w, https:\/\/www.radiopiu.net\/wordpress\/wp-content\/uploads\/2022\/02\/1937e669-1e1a-458f-8873-c856140cd0d3-768x432.jpg 768w, https:\/\/www.radiopiu.net\/wordpress\/wp-content\/uploads\/2022\/02\/1937e669-1e1a-458f-8873-c856140cd0d3-1536x864.jpg 1536w, https:\/\/www.radiopiu.net\/wordpress\/wp-content\/uploads\/2022\/02\/1937e669-1e1a-458f-8873-c856140cd0d3.jpg 1920w\" sizes=\"auto, (max-width: 300px) 100vw, 300px\" \/><\/a>\n\t\t\t\t<\/dt><\/dl><dl class='gallery-item'>\n\t\t\t\t<dt class='gallery-icon landscape'>\n\t\t\t\t\t<a class=\"rollover rollover-zoom dt-pswp-item\" title=\"4dee4438-2989-4111-924c-c6ab09c0b640\" data-dt-img-description=\"\" data-large_image_width=\"1920\" data-large_image_height=\"1080\"href='https:\/\/www.radiopiu.net\/wordpress\/wp-content\/uploads\/2022\/02\/4dee4438-2989-4111-924c-c6ab09c0b640.jpg'><img loading=\"lazy\" decoding=\"async\" width=\"300\" height=\"169\" src=\"https:\/\/www.radiopiu.net\/wordpress\/wp-content\/uploads\/2022\/02\/4dee4438-2989-4111-924c-c6ab09c0b640-300x169.jpg\" class=\"attachment-medium size-medium\" alt=\"\" srcset=\"https:\/\/www.radiopiu.net\/wordpress\/wp-content\/uploads\/2022\/02\/4dee4438-2989-4111-924c-c6ab09c0b640-300x169.jpg 300w, https:\/\/www.radiopiu.net\/wordpress\/wp-content\/uploads\/2022\/02\/4dee4438-2989-4111-924c-c6ab09c0b640-1024x576.jpg 1024w, https:\/\/www.radiopiu.net\/wordpress\/wp-content\/uploads\/2022\/02\/4dee4438-2989-4111-924c-c6ab09c0b640-768x432.jpg 768w, https:\/\/www.radiopiu.net\/wordpress\/wp-content\/uploads\/2022\/02\/4dee4438-2989-4111-924c-c6ab09c0b640-1536x864.jpg 1536w, https:\/\/www.radiopiu.net\/wordpress\/wp-content\/uploads\/2022\/02\/4dee4438-2989-4111-924c-c6ab09c0b640.jpg 1920w\" sizes=\"auto, (max-width: 300px) 100vw, 300px\" \/><\/a>\n\t\t\t\t<\/dt><\/dl><br style=\"clear: both\" \/><dl class='gallery-item'>\n\t\t\t\t<dt class='gallery-icon landscape'>\n\t\t\t\t\t<a class=\"rollover rollover-zoom dt-pswp-item\" title=\"49c84fda-4ada-4171-9622-d84a518b051e\" data-dt-img-description=\"\" data-large_image_width=\"1920\" data-large_image_height=\"1080\"href='https:\/\/www.radiopiu.net\/wordpress\/wp-content\/uploads\/2022\/02\/49c84fda-4ada-4171-9622-d84a518b051e.jpg'><img loading=\"lazy\" decoding=\"async\" width=\"300\" height=\"169\" src=\"https:\/\/www.radiopiu.net\/wordpress\/wp-content\/uploads\/2022\/02\/49c84fda-4ada-4171-9622-d84a518b051e-300x169.jpg\" class=\"attachment-medium size-medium\" alt=\"\" srcset=\"https:\/\/www.radiopiu.net\/wordpress\/wp-content\/uploads\/2022\/02\/49c84fda-4ada-4171-9622-d84a518b051e-300x169.jpg 300w, https:\/\/www.radiopiu.net\/wordpress\/wp-content\/uploads\/2022\/02\/49c84fda-4ada-4171-9622-d84a518b051e-1024x576.jpg 1024w, https:\/\/www.radiopiu.net\/wordpress\/wp-content\/uploads\/2022\/02\/49c84fda-4ada-4171-9622-d84a518b051e-768x432.jpg 768w, https:\/\/www.radiopiu.net\/wordpress\/wp-content\/uploads\/2022\/02\/49c84fda-4ada-4171-9622-d84a518b051e-1536x864.jpg 1536w, https:\/\/www.radiopiu.net\/wordpress\/wp-content\/uploads\/2022\/02\/49c84fda-4ada-4171-9622-d84a518b051e.jpg 1920w\" sizes=\"auto, (max-width: 300px) 100vw, 300px\" \/><\/a>\n\t\t\t\t<\/dt><\/dl><dl class='gallery-item'>\n\t\t\t\t<dt class='gallery-icon landscape'>\n\t\t\t\t\t<a class=\"rollover rollover-zoom dt-pswp-item\" title=\"fbe194fc-edc2-490e-9872-447dce6a39a6\" data-dt-img-description=\"\" data-large_image_width=\"1920\" data-large_image_height=\"1080\"href='https:\/\/www.radiopiu.net\/wordpress\/wp-content\/uploads\/2022\/02\/fbe194fc-edc2-490e-9872-447dce6a39a6.jpg'><img loading=\"lazy\" decoding=\"async\" width=\"300\" height=\"169\" src=\"https:\/\/www.radiopiu.net\/wordpress\/wp-content\/uploads\/2022\/02\/fbe194fc-edc2-490e-9872-447dce6a39a6-300x169.jpg\" class=\"attachment-medium size-medium\" alt=\"\" aria-describedby=\"gallery-1-260025\" srcset=\"https:\/\/www.radiopiu.net\/wordpress\/wp-content\/uploads\/2022\/02\/fbe194fc-edc2-490e-9872-447dce6a39a6-300x169.jpg 300w, https:\/\/www.radiopiu.net\/wordpress\/wp-content\/uploads\/2022\/02\/fbe194fc-edc2-490e-9872-447dce6a39a6-1024x576.jpg 1024w, https:\/\/www.radiopiu.net\/wordpress\/wp-content\/uploads\/2022\/02\/fbe194fc-edc2-490e-9872-447dce6a39a6-768x432.jpg 768w, https:\/\/www.radiopiu.net\/wordpress\/wp-content\/uploads\/2022\/02\/fbe194fc-edc2-490e-9872-447dce6a39a6-1536x864.jpg 1536w, https:\/\/www.radiopiu.net\/wordpress\/wp-content\/uploads\/2022\/02\/fbe194fc-edc2-490e-9872-447dce6a39a6.jpg 1920w\" sizes=\"auto, (max-width: 300px) 100vw, 300px\" \/><\/a>\n\t\t\t\t<\/dt>\n\t\t\t\t\t<dd class='wp-caption-text gallery-caption' id='gallery-1-260025'>\n\t\t\t\t\tDOPO\n\t\t\t\t\t<\/dd><\/dl><dl class='gallery-item'>\n\t\t\t\t<dt class='gallery-icon landscape'>\n\t\t\t\t\t<a class=\"rollover rollover-zoom dt-pswp-item\" title=\"5cd68c8c-c3e6-4837-8c9a-174ea8a4be35\" data-dt-img-description=\"\" data-large_image_width=\"1920\" data-large_image_height=\"1080\"href='https:\/\/www.radiopiu.net\/wordpress\/wp-content\/uploads\/2022\/02\/5cd68c8c-c3e6-4837-8c9a-174ea8a4be35.jpg'><img loading=\"lazy\" decoding=\"async\" width=\"300\" height=\"169\" src=\"https:\/\/www.radiopiu.net\/wordpress\/wp-content\/uploads\/2022\/02\/5cd68c8c-c3e6-4837-8c9a-174ea8a4be35-300x169.jpg\" class=\"attachment-medium size-medium\" alt=\"\" srcset=\"https:\/\/www.radiopiu.net\/wordpress\/wp-content\/uploads\/2022\/02\/5cd68c8c-c3e6-4837-8c9a-174ea8a4be35-300x169.jpg 300w, https:\/\/www.radiopiu.net\/wordpress\/wp-content\/uploads\/2022\/02\/5cd68c8c-c3e6-4837-8c9a-174ea8a4be35-1024x576.jpg 1024w, https:\/\/www.radiopiu.net\/wordpress\/wp-content\/uploads\/2022\/02\/5cd68c8c-c3e6-4837-8c9a-174ea8a4be35-768x432.jpg 768w, https:\/\/www.radiopiu.net\/wordpress\/wp-content\/uploads\/2022\/02\/5cd68c8c-c3e6-4837-8c9a-174ea8a4be35-1536x864.jpg 1536w, https:\/\/www.radiopiu.net\/wordpress\/wp-content\/uploads\/2022\/02\/5cd68c8c-c3e6-4837-8c9a-174ea8a4be35.jpg 1920w\" sizes=\"auto, (max-width: 300px) 100vw, 300px\" \/><\/a>\n\t\t\t\t<\/dt><\/dl><dl class='gallery-item'>\n\t\t\t\t<dt class='gallery-icon landscape'>\n\t\t\t\t\t<a class=\"rollover rollover-zoom dt-pswp-item\" title=\"41033fed-0be7-4915-951b-65a868dfdb9a\" data-dt-img-description=\"\" data-large_image_width=\"1920\" data-large_image_height=\"1080\"href='https:\/\/www.radiopiu.net\/wordpress\/wp-content\/uploads\/2022\/02\/41033fed-0be7-4915-951b-65a868dfdb9a.jpg'><img loading=\"lazy\" decoding=\"async\" width=\"300\" height=\"169\" src=\"https:\/\/www.radiopiu.net\/wordpress\/wp-content\/uploads\/2022\/02\/41033fed-0be7-4915-951b-65a868dfdb9a-300x169.jpg\" class=\"attachment-medium size-medium\" alt=\"\" srcset=\"https:\/\/www.radiopiu.net\/wordpress\/wp-content\/uploads\/2022\/02\/41033fed-0be7-4915-951b-65a868dfdb9a-300x169.jpg 300w, https:\/\/www.radiopiu.net\/wordpress\/wp-content\/uploads\/2022\/02\/41033fed-0be7-4915-951b-65a868dfdb9a-1024x576.jpg 1024w, https:\/\/www.radiopiu.net\/wordpress\/wp-content\/uploads\/2022\/02\/41033fed-0be7-4915-951b-65a868dfdb9a-768x432.jpg 768w, https:\/\/www.radiopiu.net\/wordpress\/wp-content\/uploads\/2022\/02\/41033fed-0be7-4915-951b-65a868dfdb9a-1536x864.jpg 1536w, https:\/\/www.radiopiu.net\/wordpress\/wp-content\/uploads\/2022\/02\/41033fed-0be7-4915-951b-65a868dfdb9a.jpg 1920w\" sizes=\"auto, (max-width: 300px) 100vw, 300px\" \/><\/a>\n\t\t\t\t<\/dt><\/dl><br style=\"clear: both\" \/>\n\t\t\t<\/div>\n\n<blockquote>\n<h3>IL PINNACOLO CHE NON C&#8217;E&#8217; PIU&#8217;. LE FOTO PRIMA E DOPO LA FRANA TRA TORNER E IL SAS DE SAN MARTIN<\/h3>\n<\/blockquote>\n<p><strong>RIVAMONTE<\/strong> Il pinnacolo dopo la casa cantoniera non c&#8217;\u00e8 pi\u00f9 dopo la frana che \u00e8 scesa tra Torner e il Sas di San Martin. Era in una zona non tanto battuta dagli escursionisti, ma una volta individuato lo si vedeva anche dall&#8217;Osteria Giovannelli. La frana lo ha letteralmente travolto. La foto del pinnacolo \u00e8 di Lanfranco Sbardella del Gruppo Speleo CAI Feltre dove il gruppo stava lavorando per documentare e rilevare i bunker lungo la strada militare<\/p>\n\n\t\t\t<style type='text\/css'>\n\t\t\t\t#gallery-2 {\n\t\t\t\t\tmargin: auto;\n\t\t\t\t}\n\t\t\t\t#gallery-2 .gallery-item {\n\t\t\t\t\tfloat: left;\n\t\t\t\t\tmargin-top: 10px;\n\t\t\t\t\ttext-align: center;\n\t\t\t\t\twidth: 50%;\n\t\t\t\t}\n\t\t\t\t#gallery-2 img {\n\t\t\t\t\tborder: 2px solid #cfcfcf;\n\t\t\t\t}\n\t\t\t\t#gallery-2 .gallery-caption {\n\t\t\t\t\tmargin-left: 0;\n\t\t\t\t}\n\t\t\t\t\/* see gallery_shortcode() in wp-includes\/media.php *\/\n\t\t\t<\/style>\n\t\t<div id='gallery-2' class='dt-gallery-container gallery galleryid-259983 gallery-columns-2 gallery-size-thumbnail'><dl class='gallery-item'>\n\t\t\t\t<dt class='gallery-icon portrait'>\n\t\t\t\t\t<a class=\"rollover rollover-zoom dt-pswp-item\" title=\"da77b2cc-23fb-49e4-997e-c56d13b1915a\" data-dt-img-description=\"\" data-large_image_width=\"1200\" data-large_image_height=\"1600\"href='https:\/\/www.radiopiu.net\/wordpress\/wp-content\/uploads\/2022\/02\/da77b2cc-23fb-49e4-997e-c56d13b1915a.jpg'><img loading=\"lazy\" decoding=\"async\" width=\"150\" height=\"150\" src=\"https:\/\/www.radiopiu.net\/wordpress\/wp-content\/uploads\/2022\/02\/da77b2cc-23fb-49e4-997e-c56d13b1915a-150x150.jpg\" class=\"attachment-thumbnail size-thumbnail\" alt=\"\" aria-describedby=\"gallery-2-260076\" \/><\/a>\n\t\t\t\t<\/dt>\n\t\t\t\t\t<dd class='wp-caption-text gallery-caption' id='gallery-2-260076'>\n\t\t\t\t\tPRIMA\n\t\t\t\t\t<\/dd><\/dl><dl class='gallery-item'>\n\t\t\t\t<dt class='gallery-icon landscape'>\n\t\t\t\t\t<a class=\"rollover rollover-zoom dt-pswp-item\" title=\"fbe194fc-edc2-490e-9872-447dce6a39a6\" data-dt-img-description=\"\" data-large_image_width=\"1920\" data-large_image_height=\"1080\"href='https:\/\/www.radiopiu.net\/wordpress\/wp-content\/uploads\/2022\/02\/fbe194fc-edc2-490e-9872-447dce6a39a6.jpg'><img loading=\"lazy\" decoding=\"async\" width=\"150\" height=\"150\" src=\"https:\/\/www.radiopiu.net\/wordpress\/wp-content\/uploads\/2022\/02\/fbe194fc-edc2-490e-9872-447dce6a39a6-150x150.jpg\" class=\"attachment-thumbnail size-thumbnail\" alt=\"\" aria-describedby=\"gallery-2-260025\" \/><\/a>\n\t\t\t\t<\/dt>\n\t\t\t\t\t<dd class='wp-caption-text gallery-caption' id='gallery-2-260025'>\n\t\t\t\t\tDOPO\n\t\t\t\t\t<\/dd><\/dl><br style=\"clear: both\" \/>\n\t\t\t<\/div>\n\n<p>&nbsp;<\/p>\n<blockquote>\n<h3>CHIACCHERANDO CON UN &#8220;ADDETTO AI LAVORI&#8221; IN ZONA CASTEI E CAMPANILE DEI BARANCI<\/h3>\n<\/blockquote>\n<p><strong><a class=\"dt-pswp-item\" href=\"https:\/\/www.radiopiu.net\/wordpress\/wp-content\/uploads\/2022\/02\/17.5.20-La-fontana.jpg\" data-dt-img-description=\" La fontana\" data-large_image_width=\"1024\" data-large_image_height=\"680\"><img loading=\"lazy\" decoding=\"async\" class=\"size-medium wp-image-260159 alignleft\" src=\"https:\/\/www.radiopiu.net\/wordpress\/wp-content\/uploads\/2022\/02\/17.5.20-La-fontana-300x199.jpg\" alt=\"\" width=\"300\" height=\"199\" srcset=\"https:\/\/www.radiopiu.net\/wordpress\/wp-content\/uploads\/2022\/02\/17.5.20-La-fontana-300x199.jpg 300w, https:\/\/www.radiopiu.net\/wordpress\/wp-content\/uploads\/2022\/02\/17.5.20-La-fontana-768x510.jpg 768w, https:\/\/www.radiopiu.net\/wordpress\/wp-content\/uploads\/2022\/02\/17.5.20-La-fontana.jpg 1024w\" sizes=\"auto, (max-width: 300px) 100vw, 300px\" \/><\/a>REDAZIONE<\/strong> Giorgio Fontanive \u00e8 un attento scrittore di montagna, la sua vita l&#8217;ha trascorsa pi\u00f9 guardando verso l&#8217;alto o verso il basso, comunque su piani inclinati ma ben poco in orizzontale. Un modo come un altro per dire che Giorgio \u00e8 un &#8220;fossile&#8221; del suo territorio, anche e soprattutto in zona Castei dove una frana ieri mattina ha fatto un disastro. Allora Giorgio, oggi ti senti un po&#8217; fortunato? <em>&#8220;Mi sembra che la casualit\u00e0 mi abbia salvato pi\u00f9 volte da incidenti in cui avrei potuto incorrere dato che per quasi mezzo secolo ho girovagato in ogni angolo di quell\u2019area; dal 2018 poi, sono stato pi\u00f9 e pi\u00f9 volte di qua e anche di l\u00e0 del Cord\u00e9vole&#8221;<\/em> Quindi abbiamo fatto centro, la persona ideale per parlare con cognizione di causa, di certo ben documentata anche alla luce dell&#8217;ultimo tuo libro \u201cDal Pont dei Cast\u00e8i al Sass de le Carbon\u00e8re\u201d prima e dopo Vaia.<em> &#8220;Adesso\u00a0 sar\u00e0 da aggiungere prima e dopo la frana del 17 febbraio 2022&#8221;.\u00a0<\/em>A Giorgio va riconosciuto il merito di \u00a0aver completato le ricerche sulla \u201cvia Veneziana\u201d, la mulattiera che superava il Sass de S.Martin fino in et\u00e0 napoleonica che altrimenti adesso sarebbe un bel problema.<em> &#8220;Per dirla tutta sul pinnacolo di cui parlavi il Campanile dei Baranci (vedi articoli precedenti ndr), io ci sono stato 2 volte nel 1976 e avevo lasciato anche il barattolo con i nomi dei primi salitori compagni d\u2019avventure per la via del versante nord&#8221;. <\/em>Caro Giorgio mi piacerebbe se tu riuscissi\u00a0 a trovare alcune parole opportunamente calate per\u00a0 &#8220;scusare&#8221; la montagna per questo disastro. <em>&#8220;Sono cose che accadono inopinatamente ed interrompono le attivit\u00e0 umane: da quell\u2019area sotto il C\u00f2l Pizz\u00f3n (si chiama cos\u00ec la montagna), 6\/7000 anni fa si stacc\u00f2 la frana che diede origine al lago di Agordo; c\u2019\u00e8 mancato poco che il torrente si bloccasse anche questa volta e non sarebbe affatto disdicevole uno specchio d\u2019acqua nella gola del Cord\u00e9vole. Senza meravigliarsi: che le montagne cadono e cadranno ancora&#8221;.\u00a0<\/em>Mi sembra che ultimamente alcuni eventi seguano le tue tracce&#8230; <em>&#8220;Spero che una volta non accadano al momento sbagliato perch\u00e9 ho ancora delle cose da fare: peraltro non in questo periodo che sono fermo per covid e non posso muovermi. Ma domani chiss\u00e0&#8221;. (MM)<\/em><\/p>\n<p><strong>LA GALLERIA FOTOGRAFICA DI GIORGIO FONTANIVE\u00a0<\/strong><\/p>\n\n\t\t\t<style type='text\/css'>\n\t\t\t\t#gallery-3 {\n\t\t\t\t\tmargin: auto;\n\t\t\t\t}\n\t\t\t\t#gallery-3 .gallery-item {\n\t\t\t\t\tfloat: left;\n\t\t\t\t\tmargin-top: 10px;\n\t\t\t\t\ttext-align: center;\n\t\t\t\t\twidth: 33%;\n\t\t\t\t}\n\t\t\t\t#gallery-3 img {\n\t\t\t\t\tborder: 2px solid #cfcfcf;\n\t\t\t\t}\n\t\t\t\t#gallery-3 .gallery-caption {\n\t\t\t\t\tmargin-left: 0;\n\t\t\t\t}\n\t\t\t\t\/* see gallery_shortcode() in wp-includes\/media.php *\/\n\t\t\t<\/style>\n\t\t<div id='gallery-3' class='dt-gallery-container gallery galleryid-259983 gallery-columns-3 gallery-size-thumbnail'><dl class='gallery-item'>\n\t\t\t\t<dt class='gallery-icon portrait'>\n\t\t\t\t\t<a class=\"rollover rollover-zoom dt-pswp-item\" title=\"Campanile dei Baranci 2014 - Copia\" data-dt-img-description=\"\" data-large_image_width=\"1014\" data-large_image_height=\"1403\"href='https:\/\/www.radiopiu.net\/wordpress\/wp-content\/uploads\/2022\/02\/Campanile-dei-Baranci-2014-Copia-rotated-e1645116121635.jpg'><img loading=\"lazy\" decoding=\"async\" width=\"150\" height=\"150\" src=\"https:\/\/www.radiopiu.net\/wordpress\/wp-content\/uploads\/2022\/02\/Campanile-dei-Baranci-2014-Copia-rotated-e1645116121635-150x150.jpg\" class=\"attachment-thumbnail size-thumbnail\" alt=\"\" aria-describedby=\"gallery-3-260160\" \/><\/a>\n\t\t\t\t<\/dt>\n\t\t\t\t\t<dd class='wp-caption-text gallery-caption' id='gallery-3-260160'>\n\t\t\t\t\tCampanile dei Baranci 2014 \n\t\t\t\t\t<\/dd><\/dl><dl class='gallery-item'>\n\t\t\t\t<dt class='gallery-icon portrait'>\n\t\t\t\t\t<a class=\"rollover rollover-zoom dt-pswp-item\" title=\"Il Campanile dei Baranci (1)\" data-dt-img-description=\"\" data-large_image_width=\"672\" data-large_image_height=\"2020\"href='https:\/\/www.radiopiu.net\/wordpress\/wp-content\/uploads\/2022\/02\/Il-Campanile-dei-Baranci-1.jpg'><img loading=\"lazy\" decoding=\"async\" width=\"150\" height=\"150\" src=\"https:\/\/www.radiopiu.net\/wordpress\/wp-content\/uploads\/2022\/02\/Il-Campanile-dei-Baranci-1-150x150.jpg\" class=\"attachment-thumbnail size-thumbnail\" alt=\"\" aria-describedby=\"gallery-3-260161\" \/><\/a>\n\t\t\t\t<\/dt>\n\t\t\t\t\t<dd class='wp-caption-text gallery-caption' id='gallery-3-260161'>\n\t\t\t\t\tIl Campanile dei Baranci (1)\n\t\t\t\t\t<\/dd><\/dl><dl class='gallery-item'>\n\t\t\t\t<dt class='gallery-icon portrait'>\n\t\t\t\t\t<a class=\"rollover rollover-zoom dt-pswp-item\" title=\"Il Campanile dei Baranci (2)\" data-dt-img-description=\"\" data-large_image_width=\"1629\" data-large_image_height=\"2560\"href='https:\/\/www.radiopiu.net\/wordpress\/wp-content\/uploads\/2022\/02\/Il-Campanile-dei-Baranci-2-scaled.jpg'><img loading=\"lazy\" decoding=\"async\" width=\"150\" height=\"150\" src=\"https:\/\/www.radiopiu.net\/wordpress\/wp-content\/uploads\/2022\/02\/Il-Campanile-dei-Baranci-2-150x150.jpg\" class=\"attachment-thumbnail size-thumbnail\" alt=\"\" aria-describedby=\"gallery-3-260162\" \/><\/a>\n\t\t\t\t<\/dt>\n\t\t\t\t\t<dd class='wp-caption-text gallery-caption' id='gallery-3-260162'>\n\t\t\t\t\tIl Campanile dei Baranci (2)\n\t\t\t\t\t<\/dd><\/dl><br style=\"clear: both\" \/>\n\t\t\t<\/div>\n\n<p>&nbsp;<\/p>\n<p>&nbsp;<\/p>\n<hr \/>\n<p>&nbsp;<\/p>\n<blockquote>\n<h3>SPAZZATA VIA ANCHE L&#8217;ANTICA FONTANA ESAGONALE<\/h3>\n<\/blockquote>\n<p><strong><img loading=\"lazy\" decoding=\"async\" class=\"alignleft\" src=\"https:\/\/www.radiopiu.net\/wordpress\/wp-content\/uploads\/2022\/02\/a58a1f1b-b309-4bba-aa86-95b8f8185f62.jpg\" width=\"131\" height=\"175\" \/><\/strong><\/p>\n<p><strong>RIVAMONTE\u00a0<\/strong> La bella fontana esagonale \u00e8 stata travolta e completamente distrutta da un macigno. Aveva trovato collocazione accanto alla casa cantoniera, la frana l&#8217;ha spazzata via assieme alla linea elettrica risparmiando l&#8217;ex abitazione del cantoniere dell&#8217;allora Anas poi Veneto Strade.<\/p>\n<p>A proposito di Veneto Strade consola la constatazione riportata nel comunicato stampa &#8220;&#8221;<em><span class=\"d2edcug0 hpfvmrgz qv66sw1b c1et5uql lr9zc1uh a8c37x1j fe6kdd0r mau55g9w c8b282yb keod5gw0 nxhoafnm aigsh9s9 d3f4x2em iv3no6db jq4qci2q a3bd9o3v b1v8xokw oo9gr5id\" dir=\"auto\">I detriti sono arrivati fino alla strada senza danneggiarla in maniera significativa&#8221;.\u00a0<\/span><\/em><span class=\"d2edcug0 hpfvmrgz qv66sw1b c1et5uql lr9zc1uh a8c37x1j fe6kdd0r mau55g9w c8b282yb keod5gw0 nxhoafnm aigsh9s9 d3f4x2em iv3no6db jq4qci2q a3bd9o3v b1v8xokw oo9gr5id\" dir=\"auto\">Quindi \u00e8 ammissibile pensare che la strada possa presto essere sgomberata garantendo l&#8217;alternativa alla galleria dei Castei e dando concrete speranze per la famosa &#8220;Regina&#8221;, la ciclabile dalla Valbelluna all&#8217;Agordino. (in copertina la frana da Campedel di Taibon, di Gessica Brancaleone) (MM)<\/span><\/p>\n<p>&nbsp;<\/p>\n\n\t\t\t<style type='text\/css'>\n\t\t\t\t#gallery-4 {\n\t\t\t\t\tmargin: auto;\n\t\t\t\t}\n\t\t\t\t#gallery-4 .gallery-item {\n\t\t\t\t\tfloat: left;\n\t\t\t\t\tmargin-top: 10px;\n\t\t\t\t\ttext-align: center;\n\t\t\t\t\twidth: 33%;\n\t\t\t\t}\n\t\t\t\t#gallery-4 img {\n\t\t\t\t\tborder: 2px solid #cfcfcf;\n\t\t\t\t}\n\t\t\t\t#gallery-4 .gallery-caption {\n\t\t\t\t\tmargin-left: 0;\n\t\t\t\t}\n\t\t\t\t\/* see gallery_shortcode() in wp-includes\/media.php *\/\n\t\t\t<\/style>\n\t\t<div id='gallery-4' class='dt-gallery-container gallery galleryid-259983 gallery-columns-3 gallery-size-thumbnail'><dl class='gallery-item'>\n\t\t\t\t<dt class='gallery-icon landscape'>\n\t\t\t\t\t<a class=\"rollover rollover-zoom dt-pswp-item\" title=\"671873ad-00e0-42a5-a2b4-f17209ffefde\" data-dt-img-description=\"\" data-large_image_width=\"568\" data-large_image_height=\"459\"href='https:\/\/www.radiopiu.net\/wordpress\/wp-content\/uploads\/2022\/02\/671873ad-00e0-42a5-a2b4-f17209ffefde.jpg'><img loading=\"lazy\" decoding=\"async\" width=\"150\" height=\"150\" src=\"https:\/\/www.radiopiu.net\/wordpress\/wp-content\/uploads\/2022\/02\/671873ad-00e0-42a5-a2b4-f17209ffefde-150x150.jpg\" class=\"attachment-thumbnail size-thumbnail\" alt=\"\" \/><\/a>\n\t\t\t\t<\/dt><\/dl><dl class='gallery-item'>\n\t\t\t\t<dt class='gallery-icon portrait'>\n\t\t\t\t\t<a class=\"rollover rollover-zoom dt-pswp-item\" title=\"a7cd8cff-c0ca-4604-883c-ab42660517c0\" data-dt-img-description=\"\" data-large_image_width=\"672\" data-large_image_height=\"796\"href='https:\/\/www.radiopiu.net\/wordpress\/wp-content\/uploads\/2022\/02\/a7cd8cff-c0ca-4604-883c-ab42660517c0.jpg'><img loading=\"lazy\" decoding=\"async\" width=\"150\" height=\"150\" src=\"https:\/\/www.radiopiu.net\/wordpress\/wp-content\/uploads\/2022\/02\/a7cd8cff-c0ca-4604-883c-ab42660517c0-150x150.jpg\" class=\"attachment-thumbnail size-thumbnail\" alt=\"\" \/><\/a>\n\t\t\t\t<\/dt><\/dl><dl class='gallery-item'>\n\t\t\t\t<dt class='gallery-icon landscape'>\n\t\t\t\t\t<a class=\"rollover rollover-zoom dt-pswp-item\" title=\"bddebcbf-d949-41f4-910c-98a41058ff65\" data-dt-img-description=\"\" data-large_image_width=\"2048\" data-large_image_height=\"921\"href='https:\/\/www.radiopiu.net\/wordpress\/wp-content\/uploads\/2022\/02\/bddebcbf-d949-41f4-910c-98a41058ff65.jpg'><img loading=\"lazy\" decoding=\"async\" width=\"150\" height=\"150\" src=\"https:\/\/www.radiopiu.net\/wordpress\/wp-content\/uploads\/2022\/02\/bddebcbf-d949-41f4-910c-98a41058ff65-150x150.jpg\" class=\"attachment-thumbnail size-thumbnail\" alt=\"\" \/><\/a>\n\t\t\t\t<\/dt><\/dl><br style=\"clear: both\" \/>\n\t\t\t<\/div>\n\n<p>&nbsp;<\/p>\n<blockquote>\n<h3><a class=\"dt-pswp-item\" href=\"https:\/\/www.radiopiu.net\/wordpress\/wp-content\/uploads\/2022\/02\/8610c716-741e-4e6d-af72-86f9da55f171.jpg\" data-dt-img-description=\"\" data-large_image_width=\"1084\" data-large_image_height=\"728\"><img loading=\"lazy\" decoding=\"async\" class=\"size-medium wp-image-260206 alignleft\" src=\"https:\/\/www.radiopiu.net\/wordpress\/wp-content\/uploads\/2022\/02\/8610c716-741e-4e6d-af72-86f9da55f171-300x201.jpg\" alt=\"\" width=\"300\" height=\"201\" srcset=\"https:\/\/www.radiopiu.net\/wordpress\/wp-content\/uploads\/2022\/02\/8610c716-741e-4e6d-af72-86f9da55f171-300x201.jpg 300w, https:\/\/www.radiopiu.net\/wordpress\/wp-content\/uploads\/2022\/02\/8610c716-741e-4e6d-af72-86f9da55f171-1024x688.jpg 1024w, https:\/\/www.radiopiu.net\/wordpress\/wp-content\/uploads\/2022\/02\/8610c716-741e-4e6d-af72-86f9da55f171-768x516.jpg 768w, https:\/\/www.radiopiu.net\/wordpress\/wp-content\/uploads\/2022\/02\/8610c716-741e-4e6d-af72-86f9da55f171.jpg 1084w\" sizes=\"auto, (max-width: 300px) 100vw, 300px\" \/><\/a>PER VENETO STRADE LA STRADA NON E&#8217; STATA DANNEGGIATA IN MANIERA SIGNIFICATIVA<\/h3>\n<\/blockquote>\n<p><strong>DA VENETO STRADE:<\/strong> &#8220;<em><span class=\"d2edcug0 hpfvmrgz qv66sw1b c1et5uql lr9zc1uh a8c37x1j fe6kdd0r mau55g9w c8b282yb keod5gw0 nxhoafnm aigsh9s9 d3f4x2em iv3no6db jq4qci2q a3bd9o3v b1v8xokw oo9gr5id\" dir=\"auto\">I detriti sono arrivati fino alla strada senza danneggiarla in maniera significativa. La frana si \u00e8 sviluppata in un tratto del by pass della galleria dei Castei dove non si erano verificati crolli. In quel tratto non erano stati fatti interventi. La strada \u00e8 chiusa da tempo al traffico e non erano state completate tutte le verifiche tecniche ispettive anche in ragione del dissesto generale dei versanti conseguenti alla tempesta Vaia. La casa cantoniera vicina non ha subito danni&#8221;.<\/span><\/em><\/p>\n<p>foto Tiziano De Col Delimitazione approssimativa del corpo di frana verso la casa cantoniera<\/p>\n<p>&nbsp;<\/p>\n<hr \/>\n<p>&nbsp;<\/p>\n<blockquote>\n<h3>LA GALLERIA DI VAS CHIUSE PER CINQUE MESI, STESSO PROBLEMA DEL TUNNEL DEI CASTEI, OGGI PRIVO DI VIABILITA&#8217; ALTERNATIVA DOPO LA FRANA DI IERI<\/h3>\n<\/blockquote>\n<p><strong><a href=\"https:\/\/www.radiopiu.net\/wordpress\/wp-content\/uploads\/2022\/02\/image-1.webp\"><img loading=\"lazy\" decoding=\"async\" class=\" wp-image-260193 alignleft\" src=\"https:\/\/www.radiopiu.net\/wordpress\/wp-content\/uploads\/2022\/02\/image-1-300x169.webp\" alt=\"\" width=\"247\" height=\"139\" srcset=\"https:\/\/www.radiopiu.net\/wordpress\/wp-content\/uploads\/2022\/02\/image-1-300x169.webp 300w, https:\/\/www.radiopiu.net\/wordpress\/wp-content\/uploads\/2022\/02\/image-1-768x432.webp 768w, https:\/\/www.radiopiu.net\/wordpress\/wp-content\/uploads\/2022\/02\/image-1.webp 960w\" sizes=\"auto, (max-width: 247px) 100vw, 247px\" \/><\/a>QUERO-VAS<\/strong> I lavori per la riqualificazione della galleria tra Vas e Segusino inizieranno in aprile e comporter\u00e0 la chiusura completa del tunnel per cinque mesi. Da sempre il traforo tra le province di Belluno e Treviso inaugurato nel 2003 \u00e8 soggetto a infiltrazioni d&#8217;acqua in concomitanza di piogge intense che costringono l&#8217;ente gestore a chiudere il transito a causa della strada allagata, esattamente quello che succede fin dall&#8217;apertura nella galleria dei Castei. La durata dei lavori avr\u00e0\u00a0 una durata complessiva di 150 giorni.\u00a0 Con la galleria chiusa gli automobilisti saranno costretti ad intraprendere un percorso pi\u00f9 lungo per recarsi nel Trevigiano, o per salire nel Bellunese, transitando lungo l&#8217;altra sponda del Piave, dalla parte di Alano.<\/p>\n<p>&nbsp;<\/p>\n<p>&nbsp;<\/p>\n<hr \/>\n<p>&nbsp;<\/p>\n<blockquote>\n<h2>GALLERIA DEL COMELICO: E&#8217; MURO CONTRO MURO. DUE ORE DI CONFRONTO PER PARTORIRE UN TOPOLINO<\/h2>\n<\/blockquote>\n<p><strong><a class=\"dt-pswp-item\" href=\"https:\/\/www.radiopiu.net\/wordpress\/wp-content\/uploads\/2021\/02\/galleria-comelico.jpg\" data-dt-img-description=\"\" data-large_image_width=\"500\" data-large_image_height=\"594\"><img loading=\"lazy\" decoding=\"async\" class=\"wp-image-192243 alignleft\" src=\"https:\/\/www.radiopiu.net\/wordpress\/wp-content\/uploads\/2021\/02\/galleria-comelico-253x300.jpg\" alt=\"\" width=\"138\" height=\"164\" srcset=\"https:\/\/www.radiopiu.net\/wordpress\/wp-content\/uploads\/2021\/02\/galleria-comelico-253x300.jpg 253w, https:\/\/www.radiopiu.net\/wordpress\/wp-content\/uploads\/2021\/02\/galleria-comelico.jpg 500w\" sizes=\"auto, (max-width: 138px) 100vw, 138px\" \/><\/a><\/strong><\/p>\n<p>&nbsp;<\/p>\n<p>&nbsp;<\/p>\n<p><strong>di\u00a0 MORENO GIOLI<\/strong><\/p>\n<audio class=\"wp-audio-shortcode\" id=\"audio-259983-3\" preload=\"none\" style=\"width: 100%;\" controls=\"controls\"><source type=\"audio\/mpeg\" src=\"https:\/\/www.radiopiu.net\/wordpress\/wp-content\/uploads\/2022\/02\/MRENO.mp3?_=3\" \/><a href=\"https:\/\/www.radiopiu.net\/wordpress\/wp-content\/uploads\/2022\/02\/MRENO.mp3\">https:\/\/www.radiopiu.net\/wordpress\/wp-content\/uploads\/2022\/02\/MRENO.mp3<\/a><\/audio>\n<p>&nbsp;<\/p>\n<p>&nbsp;<\/p>\n<hr \/>\n<blockquote>\n<h3><\/h3>\n<h3>BOND &#8220;CHE D&#8217;INCA&#8217; CONVOCHI SUBITO UN TAVOLO CON ANAS E PARLAMENTARI&#8221;<\/h3>\n<\/blockquote>\n<p><strong><a class=\"dt-pswp-item\" href=\"https:\/\/www.radiopiu.net\/wordpress\/wp-content\/uploads\/2020\/05\/Dario-Bond.jpg\" data-dt-img-description=\"\" data-large_image_width=\"165\" data-large_image_height=\"228\"><img loading=\"lazy\" decoding=\"async\" class=\" wp-image-138833 alignleft\" src=\"https:\/\/www.radiopiu.net\/wordpress\/wp-content\/uploads\/2020\/05\/Dario-Bond.jpg\" alt=\"\" width=\"73\" height=\"101\" \/><\/a>ROMA<\/strong>\u00a0 <em>\u201cIl ministro D\u2019Inc\u00e0 convochi subito un tavolo di lavoro con parlamentari e Anas nazionale\u201d \u201cLancio un appello al ministro Federico D\u2019Inc\u00e0: organizzi un incontro per far capire ad Anas le preoccupazioni della gente del Comelico\u201d.<\/em> \u00c8 quanto afferma il deputato Dario Bond dopo aver raccolto i timori di residenti e imprese della vallata comeliana.<\/p>\n<p><em>\u201cGli interventi sulla galleria sono importanti e utili per garantire la viabilit\u00e0 della valle. Ma non si pu\u00f2 pensare di isolare il Comelico.<\/em> <em>\u00c8 necessario che Anas nazionale comprenda la pressione che arriva dal territorio e studi modalit\u00e0 alternative per tenere la galleria aperta durante le lavorazioni. O, alla peggio, individui cadenzature diverse nei periodi di chiusura. \u00c8 impossibile che gli uffici regionali di Anas adottino una posizione cos\u00ec rigida verso la montagna bellunese. Gli amministratori di Anas e il ministro Giovannini devono sapere cosa accade sui territori, lontano da Roma\u201d.<\/em><\/p>\n<p>&nbsp;<\/p>\n<p>&nbsp;<\/p>\n<hr \/>\n<p>&nbsp;<\/p>\n<blockquote>\n<h3>ACC E IDEAL STANDARD, FEDERICO D&#8217;INCA&#8217; &#8220;SERVE FARE SQUADRA A PRESIDIO DEL TERRITORIO&#8221;<\/h3>\n<\/blockquote>\n<p><strong>VENEZIA<\/strong> Ieri il Ministro per i rapporti con il Parlamento, Federico D&#8217;Inc\u00e0 \u00e8\u00a0 intervenuto al congresso della Cisl Venezia. Occasione per parlare delle vertenze lavorative del territorio veneto, come <a class=\"oajrlxb2 g5ia77u1 qu0x051f esr5mh6w e9989ue4 r7d6kgcz rq0escxv nhd2j8a9 nc684nl6 p7hjln8o kvgmc6g5 cxmmr5t8 oygrvhab hcukyx3x jb3vyjys rz4wbd8a qt6c0cv9 a8nywdso i1ao9s8h esuyzwwr f1sip0of lzcic4wl gpro0wi8 oo9gr5id lrazzd5p\" tabindex=\"0\" role=\"link\" href=\"https:\/\/www.facebook.com\/watch\/hashtag\/acc?__eep__=6%2F&amp;__tn__=*NK\">Acc<\/a>\u00a0e\u00a0<a class=\"oajrlxb2 g5ia77u1 qu0x051f esr5mh6w e9989ue4 r7d6kgcz rq0escxv nhd2j8a9 nc684nl6 p7hjln8o kvgmc6g5 cxmmr5t8 oygrvhab hcukyx3x jb3vyjys rz4wbd8a qt6c0cv9 a8nywdso i1ao9s8h esuyzwwr f1sip0of lzcic4wl gpro0wi8 oo9gr5id lrazzd5p\" tabindex=\"0\" role=\"link\" href=\"https:\/\/www.facebook.com\/watch\/hashtag\/idealstandard?__eep__=6%2F&amp;__tn__=*NK\">#IdealStandard.<\/a><em> &#8220;Che ho seguito personalmente &#8211; dice il Ministro &#8211; e che, grazie alla collaborazione tra sindacati, aziende, amministratori locali e istituzioni centrali stiamo affrontando al meglio, proteggendo le eccellenze italiane e le professionalit\u00e0 e le esperienze dei nostri lavoratori&#8221;<\/em><\/p>\n<p><strong>IL MINISTRO FEDERICO D&#8217;INCA&#8217;<\/strong><\/p>\n<div style=\"width: 432px;\" class=\"wp-video\"><video class=\"wp-video-shortcode\" id=\"video-259983-1\" width=\"432\" height=\"240\" preload=\"metadata\" controls=\"controls\"><source type=\"video\/mp4\" src=\"https:\/\/www.radiopiu.net\/wordpress\/wp-content\/uploads\/2022\/02\/WhatsApp-Video-2022-02-17-at-15.10.14-1.mp4?_=1\" \/><a href=\"https:\/\/www.radiopiu.net\/wordpress\/wp-content\/uploads\/2022\/02\/WhatsApp-Video-2022-02-17-at-15.10.14-1.mp4\">https:\/\/www.radiopiu.net\/wordpress\/wp-content\/uploads\/2022\/02\/WhatsApp-Video-2022-02-17-at-15.10.14-1.mp4<\/a><\/video><\/div>\n<p>&nbsp;<\/p>\n<p>&nbsp;<\/p>\n<hr \/>\n<p>&nbsp;<\/p>\n<blockquote>\n<h3>ACC DI MEL IN AULA AL SENATO NEL RICORDO DI SAVIANE<\/h3>\n<p><em>Il Ministro per lo Sviluppo Economico Giorgetti. \u201cQuesto primo e importante passo &#8211; ha dichiarato in chiusura del suo intervento &#8211; \u00e8 stato reso possibile grazie all\u2019impegno di chi ha seguito la via della lealt\u00e0 e della concretezza, abbandonando percorsi velleitari&#8221;<\/em><\/p><\/blockquote>\n<p><strong><a class=\"dt-pswp-item\" href=\"https:\/\/www.radiopiu.net\/wordpress\/wp-content\/uploads\/2021\/08\/paolo_saviane.jpg\" data-dt-img-description=\"\" data-large_image_width=\"1280\" data-large_image_height=\"720\"><img loading=\"lazy\" decoding=\"async\" class=\" wp-image-228679 alignleft\" src=\"https:\/\/www.radiopiu.net\/wordpress\/wp-content\/uploads\/2021\/08\/paolo_saviane-300x169.jpg\" alt=\"\" width=\"238\" height=\"134\" srcset=\"https:\/\/www.radiopiu.net\/wordpress\/wp-content\/uploads\/2021\/08\/paolo_saviane-300x169.jpg 300w, https:\/\/www.radiopiu.net\/wordpress\/wp-content\/uploads\/2021\/08\/paolo_saviane-1024x576.jpg 1024w, https:\/\/www.radiopiu.net\/wordpress\/wp-content\/uploads\/2021\/08\/paolo_saviane-768x432.jpg 768w, https:\/\/www.radiopiu.net\/wordpress\/wp-content\/uploads\/2021\/08\/paolo_saviane.jpg 1280w\" sizes=\"auto, (max-width: 238px) 100vw, 238px\" \/><\/a>\u00a0<\/strong><strong>ROMA<\/strong> il Ministro per lo Sviluppo Economico Giorgetti ha ripercorso la storia degli ultimi anni fino alla soluzione emersa nell\u2019ambito del tavolo di crisi pochi giorni fa. L\u201911 febbraio, infatti, sulla base di un progetto di completa riconversione industriale, \u00e8 stata autorizzata la cessione a Sest Spa, azienda di Limana del gruppo LuVe, leader in Europa nella produzione di scambiatori di calore.\u00a0 L\u2019intervento \u00e8 stato la risposta all\u2019interrogazione rivolta dal senatore Paolo Tosato che ha esordito ricordando il senatore bellunese Paolo Saviane, mancato lo scorso agosto. <em>\u201cParlo a nome del gruppo parlamentare della Lega \u2013 ha dichiarato &#8211; e idealmente anche a nome del compianto collega Paolo Saviane che da quel territorio proveniva e che l\u2019ha sempre rappresentato con grande spirito di servizio e di passione\u201d.<\/em> Alle parole \u00e8 seguito un lungo applauso dell\u2019aula.<\/p>\n<p><strong>IL DEPUTATO MIRCO BADOLE<\/strong><\/p>\n<audio class=\"wp-audio-shortcode\" id=\"audio-259983-4\" preload=\"none\" style=\"width: 100%;\" controls=\"controls\"><source type=\"audio\/mpeg\" src=\"https:\/\/www.radiopiu.net\/wordpress\/wp-content\/uploads\/2022\/02\/daviane.mp3?_=4\" \/><a href=\"https:\/\/www.radiopiu.net\/wordpress\/wp-content\/uploads\/2022\/02\/daviane.mp3\">https:\/\/www.radiopiu.net\/wordpress\/wp-content\/uploads\/2022\/02\/daviane.mp3<\/a><\/audio>\n<p>&nbsp;<\/p>\n<hr \/>\n<p>&nbsp;<\/p>\n<blockquote>\n<h3>INCIDENTE DAVANTI ALLA FABBRICA DI BIRRA, ANZIANO FERITO<\/h3>\n<p><strong> <a class=\"dt-pswp-item\" href=\"https:\/\/www.radiopiu.net\/wordpress\/wp-content\/uploads\/2022\/02\/e3406690-caa8-43ff-b5cf-64fc76b29433.jpg\" data-dt-img-description=\"\" data-large_image_width=\"1920\" data-large_image_height=\"1080\"><img loading=\"lazy\" decoding=\"async\" class=\" wp-image-260192 alignleft\" src=\"https:\/\/www.radiopiu.net\/wordpress\/wp-content\/uploads\/2022\/02\/e3406690-caa8-43ff-b5cf-64fc76b29433-300x169.jpg\" alt=\"\" width=\"233\" height=\"131\" srcset=\"https:\/\/www.radiopiu.net\/wordpress\/wp-content\/uploads\/2022\/02\/e3406690-caa8-43ff-b5cf-64fc76b29433-300x169.jpg 300w, https:\/\/www.radiopiu.net\/wordpress\/wp-content\/uploads\/2022\/02\/e3406690-caa8-43ff-b5cf-64fc76b29433-1024x576.jpg 1024w, https:\/\/www.radiopiu.net\/wordpress\/wp-content\/uploads\/2022\/02\/e3406690-caa8-43ff-b5cf-64fc76b29433-768x432.jpg 768w, https:\/\/www.radiopiu.net\/wordpress\/wp-content\/uploads\/2022\/02\/e3406690-caa8-43ff-b5cf-64fc76b29433-1536x864.jpg 1536w, https:\/\/www.radiopiu.net\/wordpress\/wp-content\/uploads\/2022\/02\/e3406690-caa8-43ff-b5cf-64fc76b29433.jpg 1920w\" sizes=\"auto, (max-width: 233px) 100vw, 233px\" \/><\/a><\/strong><strong style=\"font-size: 14px;\">PEDAVENA\u00a0<\/strong><span style=\"font-size: 14px; font-weight: normal;\"> Anziano ferito in modo non grave nello scontro di ieri mattina tra due auto,\u00a0 una Daihatsu Terios e una Audi, a bordo della quale viaggiava come passeggero l&#8217;anziano che ha urtato violentemente la testa, procurandosi un taglio. Il traffico, a quell&#8217;ora intenso, \u00e8 andato in tilt con molti veicoli sono rimasti in coda prima e dopo la birreria fino a quando non sono terminate le operazioni di soccorso e di rilievo per ricostruire la dinamica dell&#8217;incidente.<\/span><\/p><\/blockquote>\n<p>I vigili del fuoco di Feltre sono\u00a0 intervenuti anche\u00a0 a Norcen per rimettere in strada una autovettura rimasta impantanata.<\/p>\n<p>&nbsp;<\/p>\n<hr \/>\n<p>&nbsp;<\/p>\n<blockquote>\n<h3>I &#8220;PIRATI&#8221; DELLA ROTATORIA, SBRUFFONI E BESTEMMIATORI DA SOCIAL HANNO UN NOME<\/h3>\n<\/blockquote>\n<p><strong><a class=\"dt-pswp-item\" href=\"https:\/\/www.radiopiu.net\/wordpress\/wp-content\/uploads\/2022\/02\/a87eb583-7009-4926-a22e-bf8ad101c4d1-1.jpg\" data-dt-img-description=\"\" data-large_image_width=\"1920\" data-large_image_height=\"1080\"><img loading=\"lazy\" decoding=\"async\" class=\"size-medium wp-image-260000 alignleft\" src=\"https:\/\/www.radiopiu.net\/wordpress\/wp-content\/uploads\/2022\/02\/a87eb583-7009-4926-a22e-bf8ad101c4d1-1-300x169.jpg\" alt=\"\" width=\"300\" height=\"169\" srcset=\"https:\/\/www.radiopiu.net\/wordpress\/wp-content\/uploads\/2022\/02\/a87eb583-7009-4926-a22e-bf8ad101c4d1-1-300x169.jpg 300w, https:\/\/www.radiopiu.net\/wordpress\/wp-content\/uploads\/2022\/02\/a87eb583-7009-4926-a22e-bf8ad101c4d1-1-1024x576.jpg 1024w, https:\/\/www.radiopiu.net\/wordpress\/wp-content\/uploads\/2022\/02\/a87eb583-7009-4926-a22e-bf8ad101c4d1-1-768x432.jpg 768w, https:\/\/www.radiopiu.net\/wordpress\/wp-content\/uploads\/2022\/02\/a87eb583-7009-4926-a22e-bf8ad101c4d1-1-1536x864.jpg 1536w, https:\/\/www.radiopiu.net\/wordpress\/wp-content\/uploads\/2022\/02\/a87eb583-7009-4926-a22e-bf8ad101c4d1-1.jpg 1920w\" sizes=\"auto, (max-width: 300px) 100vw, 300px\" \/><\/a>LIMANA\u00a0<\/strong> \u00a0Tagliano la rotonda viaggiando in contromano a bordo di un furgone, attraversano l&#8217;aiuola evitando a pelo il pick up, documentano il tutto con un video diventato virale.\u00a0 I carabinieri della stazione di Trichiana hanno gi\u00e0\u00a0 identificato l&#8217;autista alle dipendenze di una impresa edile.\u00a0 A bordo del furgone erano in tre: due italiani e uno di nazionalit\u00e0 spagnola, residenti nella zona di Trichiana, dove ha sede l&#8217;azienda per cui lavorano.\u00a0 Potrebbero non esserci multe per l&#8217;azzardata manovra o per il fatto, documentato dal video, di non indossare le cinture di sicurezza essendo passati oltre tre mesi dal fatto, ma potrebbe altresi&#8217; arrivare il conto dalla Provincia (proprietaria della rotonda) per i danni all&#8217;aiuola.<\/p>\n<p><span style=\"color: #ff0000;\"><strong>IERI ALLA RADIO\u00a0<\/strong><\/span><\/p>\n<blockquote>\n<h3>FILMANO LA BRAVATA MENTRE &#8220;TAGLIANO&#8221; LA ROTONDA DI LIMANA<\/h3>\n<\/blockquote>\n<p><strong>LIMANA<\/strong> Il furgone svolta a destra alla rotatoria di Cesa, &#8220;taglia&#8221; la rotatoria superando l&#8217;utilitaria, scavalca l&#8217;aiuola e torna in strada in contromano mentre arriva un pick up, evitato lo schianto. E&#8217; tutto documentato perch\u00e9 i furbi della rotonda lo hanno pure filmato e non manca nemmeno la colonna sonora fatta di voci eccitate con raffica di bestemmie. Sul furgone da lavoro l&#8217;autista, un uomo che gli siede a fianco e una terza persona seduta sul sedile del furgone che viaggia in direzione da Limana verso Trichiana. Il video di 35 secondi \u00e8 stato girato probabilmente tra l&#8217;estate e l&#8217;autunno ieri \u00e8 diventato &#8220;virale&#8221; su Whatsapp, dove si sono scatenate le condivisioni. E ieri in tarda mattinata \u00e8 arrivato anche sul cellulare del sindaco Milena De Zanet, che ha segnalato il filmato alla polizia municipale <em>\u00abPotevano causare un incidente &#8211; dice il primo cittadino-\u00a0 \u00a0ci erano state segnalate delle uscite di strada in quel punto ma non avremmo mai pensato che fossero volontarie\u00bb<\/em>.<\/p>\n<p>&nbsp;<\/p>\n<p>**<\/p>\n<p>&nbsp;<\/p>\n<hr \/>\n<p>&nbsp;<\/p>\n<blockquote>\n<h3>CREDITO D&#8217;IMPOSTA PER LE IMPRESE TURISTICHE, AMMESSI I RIFUGI<\/h3>\n<\/blockquote>\n<p><strong><a class=\"dt-pswp-item\" href=\"https:\/\/www.radiopiu.net\/wordpress\/wp-content\/uploads\/2021\/06\/Rifugio-Galassi-primavera.jpg\" data-dt-img-description=\"\" data-large_image_width=\"1280\" data-large_image_height=\"853\"><img loading=\"lazy\" decoding=\"async\" class=\" wp-image-218883 alignleft\" src=\"https:\/\/www.radiopiu.net\/wordpress\/wp-content\/uploads\/2021\/06\/Rifugio-Galassi-primavera-300x200.jpg\" alt=\"\" width=\"257\" height=\"171\" srcset=\"https:\/\/www.radiopiu.net\/wordpress\/wp-content\/uploads\/2021\/06\/Rifugio-Galassi-primavera-300x200.jpg 300w, https:\/\/www.radiopiu.net\/wordpress\/wp-content\/uploads\/2021\/06\/Rifugio-Galassi-primavera-1024x682.jpg 1024w, https:\/\/www.radiopiu.net\/wordpress\/wp-content\/uploads\/2021\/06\/Rifugio-Galassi-primavera-768x512.jpg 768w, https:\/\/www.radiopiu.net\/wordpress\/wp-content\/uploads\/2021\/06\/Rifugio-Galassi-primavera.jpg 1280w\" sizes=\"auto, (max-width: 257px) 100vw, 257px\" \/><\/a>BELLUNO<\/strong> I<span id=\"page50R_mcid9\" class=\"markedContent\"><span dir=\"ltr\" role=\"presentation\">l Ministero del Turismo ha chiarito <\/span><span dir=\"ltr\" role=\"presentation\">che anche i Rifugi Alpini possono accedere ai benefici. Il tutto viene confermato da una specifica FAQ <\/span><span dir=\"ltr\" role=\"presentation\">Ministeriale che afferma testualmente che \u201cI rifugi alpini ed escursionistici (inclusi in apposito elenco istituito dalla <\/span><span dir=\"ltr\" role=\"presentation\">Regione o dalla Provincia autonoma) possono beneficiare degli incentivi, in quanto imprese del comparto turistico, <\/span><span dir=\"ltr\" role=\"presentation\">Iscritte al Registro delle imprese commerciale\u201d. <\/span><\/span><span id=\"page50R_mcid13\" class=\"markedContent\"><span dir=\"ltr\" role=\"presentation\">In vista dell&#8217;apertura dei bandi per l&#8217;ottenimento di crediti di imposta e contributi a sostegno della riqualificazione<\/span><br role=\"presentation\" \/><span dir=\"ltr\" role=\"presentation\">dell&#8217;offerta turistica sui filoni previsti dal PNRR (risparmio energetico, abbattimento delle barriere architettoniche, <\/span><span dir=\"ltr\" role=\"presentation\">adeguamento sismico e digitalizzazione) era infatti fondamentale avere la certezza che anche il comparto <\/span><span dir=\"ltr\" role=\"presentation\">rifugistico potesse concorrere per l&#8217;ottenimento di eventuali aiuti che, \u00e8 giusto comunque ricordare, rientrano in una <\/span><span dir=\"ltr\" role=\"presentation\">sfera di intervento a carattere nazionale a front<\/span> <span dir=\"ltr\" role=\"presentation\">e della presentazione in tempi stretti di idonee progettualit\u00e0 di <\/span><span dir=\"ltr\" role=\"presentation\">intervento.<br \/>\n<\/span><\/span><\/p>\n<p>&nbsp;<\/p>\n<hr \/>\n<p>&nbsp;<\/p>\n<p>&nbsp;<\/p>\n<blockquote>\n<h4>OGGI AD AGORDO ALLE 14.30 NELLA CHIESA ARCIDIACONALE L&#8217;ULTIMO SALUTO AD ANDREA DEON.<\/h4>\n<h4>ALLA STESSA ORA AD ALLEGHE L&#8217;ABBRACCIO ALLA FAMIGLIA ORSINGHER NEL RICORDO DI DANIELA ALFIERI<\/h4>\n<\/blockquote>\n<p><strong><img loading=\"lazy\" decoding=\"async\" class=\"alignleft\" src=\"https:\/\/www.radiopiu.net\/wordpress\/wp-content\/uploads\/2022\/02\/719227a3-66bc-4381-971a-a5c3e27abffd.jpg\" width=\"167\" height=\"193\" \/><\/strong><\/p>\n<p><strong><img loading=\"lazy\" decoding=\"async\" class=\"alignleft\" src=\"https:\/\/www.radiopiu.net\/wordpress\/wp-content\/uploads\/2022\/02\/32d150c6-aeac-47b6-9705-81aa7363045a.jpg\" width=\"130\" height=\"190\" \/><\/strong><\/p>\n<p>&nbsp;<\/p>\n<p>&nbsp;<\/p>\n<p>&nbsp;<\/p>\n<p>&nbsp;<\/p>\n<p>&nbsp;<\/p>\n<p>&nbsp;<\/p>\n<p>&nbsp;<\/p>\n<p>&nbsp;<\/p>\n<p>&nbsp;<\/p>\n<hr \/>\n<p>&nbsp;<\/p>\n<blockquote class=\"wp-embedded-content\" data-secret=\"RhD45fDDjU\"><p><a href=\"https:\/\/www.radiopiu.net\/wordpress\/aggiornamentonaz2022feb17\/\">CORONAVIRUS: AGGIORNAMENTO NAZIONALE 16 FEBBRAIO 2022<\/a><\/p><\/blockquote>\n<p><iframe loading=\"lazy\" class=\"wp-embedded-content\" sandbox=\"allow-scripts\" security=\"restricted\" style=\"position: absolute; clip: rect(1px, 1px, 1px, 1px);\" title=\"&#8220;CORONAVIRUS: AGGIORNAMENTO NAZIONALE 16 FEBBRAIO 2022&#8221; &#8212; Radio Pi\u00f9\" src=\"https:\/\/www.radiopiu.net\/wordpress\/aggiornamentonaz2022feb17\/embed\/#?secret=RhD45fDDjU\" data-secret=\"RhD45fDDjU\" width=\"600\" height=\"338\" frameborder=\"0\" marginwidth=\"0\" marginheight=\"0\" scrolling=\"no\"><\/iframe><\/p>\n<p>&nbsp;<\/p>\n<blockquote class=\"wp-embedded-content\" data-secret=\"8ZF0SYI23b\"><p><a href=\"https:\/\/www.radiopiu.net\/wordpress\/calano-i-ricoveri-21-decessi-e-5880-nuovi-positivi-nelle-ultime-24-ore-in-veneto\/\">CALANO I RICOVERI, 21 DECESSI E 5880 NUOVI POSITIVI NELLE ULTIME 24 ORE IN VENETO<\/a><\/p><\/blockquote>\n<p><iframe loading=\"lazy\" class=\"wp-embedded-content\" sandbox=\"allow-scripts\" security=\"restricted\" style=\"position: absolute; clip: rect(1px, 1px, 1px, 1px);\" title=\"&#8220;CALANO I RICOVERI, 21 DECESSI E 5880 NUOVI POSITIVI NELLE ULTIME 24 ORE IN VENETO&#8221; &#8212; Radio Pi\u00f9\" src=\"https:\/\/www.radiopiu.net\/wordpress\/calano-i-ricoveri-21-decessi-e-5880-nuovi-positivi-nelle-ultime-24-ore-in-veneto\/embed\/#?secret=8ZF0SYI23b\" data-secret=\"8ZF0SYI23b\" width=\"600\" height=\"338\" frameborder=\"0\" marginwidth=\"0\" marginheight=\"0\" scrolling=\"no\"><\/iframe><\/p>\n<p>&nbsp;<\/p>\n<h2>I GRAFICI DI TIZIANO DE COL<\/h2>\n\n\t\t\t<style type='text\/css'>\n\t\t\t\t#gallery-5 {\n\t\t\t\t\tmargin: auto;\n\t\t\t\t}\n\t\t\t\t#gallery-5 .gallery-item {\n\t\t\t\t\tfloat: left;\n\t\t\t\t\tmargin-top: 10px;\n\t\t\t\t\ttext-align: center;\n\t\t\t\t\twidth: 33%;\n\t\t\t\t}\n\t\t\t\t#gallery-5 img {\n\t\t\t\t\tborder: 2px solid #cfcfcf;\n\t\t\t\t}\n\t\t\t\t#gallery-5 .gallery-caption {\n\t\t\t\t\tmargin-left: 0;\n\t\t\t\t}\n\t\t\t\t\/* see gallery_shortcode() in wp-includes\/media.php *\/\n\t\t\t<\/style>\n\t\t<div id='gallery-5' class='dt-gallery-container gallery galleryid-259983 gallery-columns-3 gallery-size-thumbnail'><dl class='gallery-item'>\n\t\t\t\t<dt class='gallery-icon landscape'>\n\t\t\t\t\t<a class=\"rollover rollover-zoom dt-pswp-item\" title=\"ecb6284d-e890-4213-8e8e-aa5803a9174b\" data-dt-img-description=\"\" data-large_image_width=\"580\" data-large_image_height=\"355\"href='https:\/\/www.radiopiu.net\/wordpress\/wp-content\/uploads\/2022\/02\/ecb6284d-e890-4213-8e8e-aa5803a9174b.jpg'><img loading=\"lazy\" decoding=\"async\" width=\"150\" height=\"150\" src=\"https:\/\/www.radiopiu.net\/wordpress\/wp-content\/uploads\/2022\/02\/ecb6284d-e890-4213-8e8e-aa5803a9174b-150x150.jpg\" class=\"attachment-thumbnail size-thumbnail\" alt=\"\" \/><\/a>\n\t\t\t\t<\/dt><\/dl><dl class='gallery-item'>\n\t\t\t\t<dt class='gallery-icon landscape'>\n\t\t\t\t\t<a class=\"rollover rollover-zoom dt-pswp-item\" title=\"73e09b03-ae55-4475-92c3-5837145ff7d6\" data-dt-img-description=\"\" data-large_image_width=\"618\" data-large_image_height=\"359\"href='https:\/\/www.radiopiu.net\/wordpress\/wp-content\/uploads\/2022\/02\/73e09b03-ae55-4475-92c3-5837145ff7d6.jpg'><img loading=\"lazy\" decoding=\"async\" width=\"150\" height=\"150\" src=\"https:\/\/www.radiopiu.net\/wordpress\/wp-content\/uploads\/2022\/02\/73e09b03-ae55-4475-92c3-5837145ff7d6-150x150.jpg\" class=\"attachment-thumbnail size-thumbnail\" alt=\"\" \/><\/a>\n\t\t\t\t<\/dt><\/dl><dl class='gallery-item'>\n\t\t\t\t<dt class='gallery-icon landscape'>\n\t\t\t\t\t<a class=\"rollover rollover-zoom dt-pswp-item\" title=\"08123c7e-fb4f-4cf8-8e21-d35d177e3d6a\" data-dt-img-description=\"\" data-large_image_width=\"610\" data-large_image_height=\"360\"href='https:\/\/www.radiopiu.net\/wordpress\/wp-content\/uploads\/2022\/02\/08123c7e-fb4f-4cf8-8e21-d35d177e3d6a.jpg'><img loading=\"lazy\" decoding=\"async\" width=\"150\" height=\"150\" src=\"https:\/\/www.radiopiu.net\/wordpress\/wp-content\/uploads\/2022\/02\/08123c7e-fb4f-4cf8-8e21-d35d177e3d6a-150x150.jpg\" class=\"attachment-thumbnail size-thumbnail\" alt=\"\" \/><\/a>\n\t\t\t\t<\/dt><\/dl><br style=\"clear: both\" \/><dl class='gallery-item'>\n\t\t\t\t<dt class='gallery-icon landscape'>\n\t\t\t\t\t<a class=\"rollover rollover-zoom dt-pswp-item\" title=\"9eb15711-aec6-4ad1-b843-023e395ad9e0\" data-dt-img-description=\"\" data-large_image_width=\"602\" data-large_image_height=\"366\"href='https:\/\/www.radiopiu.net\/wordpress\/wp-content\/uploads\/2022\/02\/9eb15711-aec6-4ad1-b843-023e395ad9e0.jpg'><img loading=\"lazy\" decoding=\"async\" width=\"150\" height=\"150\" src=\"https:\/\/www.radiopiu.net\/wordpress\/wp-content\/uploads\/2022\/02\/9eb15711-aec6-4ad1-b843-023e395ad9e0-150x150.jpg\" class=\"attachment-thumbnail size-thumbnail\" alt=\"\" \/><\/a>\n\t\t\t\t<\/dt><\/dl><dl class='gallery-item'>\n\t\t\t\t<dt class='gallery-icon landscape'>\n\t\t\t\t\t<a class=\"rollover rollover-zoom dt-pswp-item\" title=\"148dcdab-d16d-48dc-a799-82058c3a5f95\" data-dt-img-description=\"\" data-large_image_width=\"616\" data-large_image_height=\"362\"href='https:\/\/www.radiopiu.net\/wordpress\/wp-content\/uploads\/2022\/02\/148dcdab-d16d-48dc-a799-82058c3a5f95.jpg'><img loading=\"lazy\" decoding=\"async\" width=\"150\" height=\"150\" src=\"https:\/\/www.radiopiu.net\/wordpress\/wp-content\/uploads\/2022\/02\/148dcdab-d16d-48dc-a799-82058c3a5f95-150x150.jpg\" class=\"attachment-thumbnail size-thumbnail\" alt=\"\" \/><\/a>\n\t\t\t\t<\/dt><\/dl><dl class='gallery-item'>\n\t\t\t\t<dt class='gallery-icon landscape'>\n\t\t\t\t\t<a class=\"rollover rollover-zoom dt-pswp-item\" title=\"d161038a-4c54-42d5-9dcc-86db9bb44392\" data-dt-img-description=\"\" data-large_image_width=\"614\" data-large_image_height=\"356\"href='https:\/\/www.radiopiu.net\/wordpress\/wp-content\/uploads\/2022\/02\/d161038a-4c54-42d5-9dcc-86db9bb44392.jpg'><img loading=\"lazy\" decoding=\"async\" width=\"150\" height=\"150\" src=\"https:\/\/www.radiopiu.net\/wordpress\/wp-content\/uploads\/2022\/02\/d161038a-4c54-42d5-9dcc-86db9bb44392-150x150.jpg\" class=\"attachment-thumbnail size-thumbnail\" alt=\"\" \/><\/a>\n\t\t\t\t<\/dt><\/dl><br style=\"clear: both\" \/>\n\t\t\t<\/div>\n\n<p>&nbsp;<\/p>\n<p>&nbsp;<\/p>\n<p>&nbsp;<\/p>\n<hr \/>\n<p>&nbsp;<\/p>\n<p>&nbsp;<\/p>\n<h2><span style=\"color: #99cc00;\">LO SCIOPERO BIANCO DEI MEDICI DI FAMIGLIA<\/span><\/h2>\n<p><strong>di Mirko Mezzacasa<\/strong><\/p>\n<p><strong><img loading=\"lazy\" decoding=\"async\" class=\"alignleft\" src=\"https:\/\/www.radiopiu.net\/wordpress\/wp-content\/uploads\/2022\/02\/download.jpg\" width=\"237\" height=\"133\" \/>REDAZIONE<\/strong> Una serie di giornate di sciopero, finch\u00e9 sar\u00e0 necessario, per chiedere alla Regione di tornare a rivolgere attenzione alla medicina di territorio, arrivata al limite dopo due anni di pandemia. \u00c8 la protesta indetta da Smi e Snami, sindacati dei medici di famiglia veneti, che, dal 16 febbraio, interromperanno l\u2019attivit\u00e0 informatica per tre giorni a settimana \u2013 dal luned\u00ec al mercoled\u00ec \u2013 fino a fine marzo.<\/p>\n<p><strong>L&#8217;INTERVISTA A LILIANA LORA<\/strong> segretaria regionale e vice presidente nazionale di SMI<\/p>\n<audio class=\"wp-audio-shortcode\" id=\"audio-259983-5\" preload=\"none\" style=\"width: 100%;\" controls=\"controls\"><source type=\"audio\/mpeg\" src=\"https:\/\/www.radiopiu.net\/wordpress\/wp-content\/uploads\/2022\/02\/liliana.mp3?_=5\" \/><a href=\"https:\/\/www.radiopiu.net\/wordpress\/wp-content\/uploads\/2022\/02\/liliana.mp3\">https:\/\/www.radiopiu.net\/wordpress\/wp-content\/uploads\/2022\/02\/liliana.mp3<\/a><\/audio>\n<p>&nbsp;<\/p>\n<p>&nbsp;<\/p>\n<hr \/>\n<p>&nbsp;<\/p>\n<blockquote>\n<h3>Switch-off televisivo PROGRAMMI IN TERRITORIO FODOM<\/h3>\n<\/blockquote>\n<p><strong><img loading=\"lazy\" decoding=\"async\" class=\"alignleft\" src=\"https:\/\/www.radiopiu.net\/wordpress\/wp-content\/uploads\/2020\/09\/d326aa93-6e19-4b3f-89d4-4ef5a84ec353.jpg\" width=\"107\" height=\"214\" \/><\/strong><\/p>\n<p>&nbsp;<\/p>\n<p>&nbsp;<\/p>\n<p><strong>LIVINALLONGO<\/strong> Programmi, non solo quelli televisivi ma anche per il futuro dei cittadini. Nelle parole del sindaco Leandro Grones tutte le novit\u00e0 con lo switch off televisivo del digitale terrestre<\/p>\n<audio class=\"wp-audio-shortcode\" id=\"audio-259983-6\" preload=\"none\" style=\"width: 100%;\" controls=\"controls\"><source type=\"audio\/mpeg\" src=\"https:\/\/www.radiopiu.net\/wordpress\/wp-content\/uploads\/2022\/02\/LEANDRO-GRONES.mp3?_=6\" \/><a href=\"https:\/\/www.radiopiu.net\/wordpress\/wp-content\/uploads\/2022\/02\/LEANDRO-GRONES.mp3\">https:\/\/www.radiopiu.net\/wordpress\/wp-content\/uploads\/2022\/02\/LEANDRO-GRONES.mp3<\/a><\/audio>\n<p>&nbsp;<\/p>\n<p>&nbsp;<\/p>\n<hr \/>\n<p>&nbsp;<\/p>\n<p>&nbsp;<\/p>\n<blockquote>\n<h3>NUOVI ORARI PUNTI TAMPONE<\/h3>\n<\/blockquote>\n<p><strong><a href=\"https:\/\/www.radiopiu.net\/wordpress\/giornale-radiopiu-23-gennaio-2021-direttore-mirko-mezzacasa\/tamponi-paludi-1\/\" rel=\"attachment wp-att-186210\"><img loading=\"lazy\" decoding=\"async\" class=\"size-medium wp-image-186210 alignleft\" src=\"https:\/\/www.radiopiu.net\/wordpress\/wp-content\/uploads\/2021\/01\/Tamponi-Paludi-1-300x169.jpg\" alt=\"\" width=\"300\" height=\"169\" srcset=\"https:\/\/www.radiopiu.net\/wordpress\/wp-content\/uploads\/2021\/01\/Tamponi-Paludi-1-300x169.jpg 300w, https:\/\/www.radiopiu.net\/wordpress\/wp-content\/uploads\/2021\/01\/Tamponi-Paludi-1-1024x576.jpg 1024w, https:\/\/www.radiopiu.net\/wordpress\/wp-content\/uploads\/2021\/01\/Tamponi-Paludi-1-768x432.jpg 768w, https:\/\/www.radiopiu.net\/wordpress\/wp-content\/uploads\/2021\/01\/Tamponi-Paludi-1-1536x864.jpg 1536w, https:\/\/www.radiopiu.net\/wordpress\/wp-content\/uploads\/2021\/01\/Tamponi-Paludi-1.jpg 1600w\" sizes=\"auto, (max-width: 300px) 100vw, 300px\" \/><\/a>BELLUNO <\/strong>Entrano in vigore nuovi orari dei punti tampone, riorganizzati alla luce del calo della necessit\u00e0. Si ricorda che i tamponi si eseguono solo su prenotazione dal sito ww.aulss1.veneto.it o su invio dell\u2019unit\u00e0 di crisi. Questi i nuovi orari: Paludi dal luned\u00ec al sabato dalle 8.30 alle 16.00 e domenica dalle 8.30 alle 13.30: su prenotazione per tamponi green pass, tamponi antigenici e molecolari prescritti del curante, tamponi di sorveglianza programmati dall&#8217;Unit\u00e0 di Crisi Covid; domenica dalle 14 alle 18.30 accesso libero per soggetti sintomatici. Feltre &#8211; dal luned\u00ec al sabato dalle 8 alle 13.30: su prenotazione per tamponi green pass, tamponi antigenici e molecolari prescritti del curante, tamponi di sorveglianza programmati dall&#8217;Unit\u00e0 di Crisi Covid; Agordo &#8211; marted\u00ec, gioved\u00ec e sabato dalle 8 alle 10.30: su prenotazione per tamponi antigenici e molecolari prescritti del curante, tamponi di sorveglianza programmati dall&#8217;Unit\u00e0 di Crisi Covid; Tai di Cadore &#8211; marted\u00ec, gioved\u00ec e sabato dalle 13 alle 16 : su prenotazione per tamponi antigenici e molecolari prescritti del curante, tamponi di sorveglianza programmati dall&#8217;Unit\u00e0 di Crisi Covid. Alla luce della consistente riduzione di attivit\u00e0, cessa l&#8217;operativit\u00e0 del drive-in ospedaliero &#8220;pediatrico&#8221; di S. Gervasio Prosegue, fino a diversa determinazione, la prenotabilit\u00e0, dal luned\u00ec al sabato, dalle 8 alle 15, di tamponi antigenici e tamponi molecolari (prescritti dal curante) presso l&#8217;ospedale Codivilla Putti di Cortina (gestione GVM)<\/p>\n<p>&nbsp;<\/p>\n<p>&nbsp;<\/p>\n<hr \/>\n<p>&nbsp;<\/p>\n<blockquote>\n<h3>PER SILVIA CESTARO I FONDI POR, FESR E FSE + SONO LA CHANCE PER LA MONTAGNA BELLUNESE<\/h3>\n<\/blockquote>\n<p><a class=\"dt-pswp-item\" href=\"https:\/\/www.radiopiu.net\/wordpress\/wp-content\/uploads\/2021\/10\/consiglieri019-scaled.jpg\" data-dt-img-description=\"VENEZIA 08-10-2020.FOTOATTUALITA'. PALAZZO FERRO FINI.CONSIGLIO REGIONALE . RITRATTI DEI NUOVI CONSIGLIERI REGIONALI.NELLA FOTO: SILVIA CESTARO\" data-large_image_width=\"1752\" data-large_image_height=\"2560\"><img loading=\"lazy\" decoding=\"async\" class=\"wp-image-237952 alignleft\" src=\"https:\/\/www.radiopiu.net\/wordpress\/wp-content\/uploads\/2021\/10\/consiglieri019-205x300.jpg\" alt=\"\" width=\"112\" height=\"164\" srcset=\"https:\/\/www.radiopiu.net\/wordpress\/wp-content\/uploads\/2021\/10\/consiglieri019-205x300.jpg 205w, https:\/\/www.radiopiu.net\/wordpress\/wp-content\/uploads\/2021\/10\/consiglieri019-701x1024.jpg 701w, https:\/\/www.radiopiu.net\/wordpress\/wp-content\/uploads\/2021\/10\/consiglieri019-768x1123.jpg 768w, https:\/\/www.radiopiu.net\/wordpress\/wp-content\/uploads\/2021\/10\/consiglieri019-1051x1536.jpg 1051w, https:\/\/www.radiopiu.net\/wordpress\/wp-content\/uploads\/2021\/10\/consiglieri019-1401x2048.jpg 1401w, https:\/\/www.radiopiu.net\/wordpress\/wp-content\/uploads\/2021\/10\/consiglieri019-scaled.jpg 1752w\" sizes=\"auto, (max-width: 112px) 100vw, 112px\" \/><\/a><strong>VENEZIA<\/strong> Due miliardi di euro in arrivo in Veneto nei prossimi sette anni: i bandi Por Fesr e Fse + saranno la chance per la montagna bellunese. Terminate le audizioni con i portatori di interesse, i documenti con le linee programmatiche sui prossimi bandi sono stati discussi all\u2019interno delle commissioni e in Consiglio regionale, seguir\u00e0 l&#8217;invio della documentazione in Europa. Gi\u00e0 entro l&#8217;anno usciranno i primi bandi. Nei mesi scorsi gli uffici regionali hanno incontrati associazioni di categoria, enti del terzo settore, sindacati e gruppi di cittadini per raccogliere le richieste e le necessit\u00e0 dei territori, cos\u00ec da delineare una programmazione che possa davvero dare risposte al Veneto. In tutto 90 interlocutori, che hanno prodotto un primo documento sottoposto al vaglio della prima commissione. Il testo finale che ne uscir\u00e0 sar\u00e0 inviato in Europa.<\/p>\n<p><strong>SILVIA CESTARO, CONSIGLIERE REGIONALE<\/strong><\/p>\n<audio class=\"wp-audio-shortcode\" id=\"audio-259983-7\" preload=\"none\" style=\"width: 100%;\" controls=\"controls\"><source type=\"audio\/mpeg\" src=\"https:\/\/www.radiopiu.net\/wordpress\/wp-content\/uploads\/2022\/02\/Cestaro-su-fondi-Por-Fesr-Fes.mp3?_=7\" \/><a href=\"https:\/\/www.radiopiu.net\/wordpress\/wp-content\/uploads\/2022\/02\/Cestaro-su-fondi-Por-Fesr-Fes.mp3\">https:\/\/www.radiopiu.net\/wordpress\/wp-content\/uploads\/2022\/02\/Cestaro-su-fondi-Por-Fesr-Fes.mp3<\/a><\/audio>\n<p>&nbsp;<\/p>\n<p>&nbsp;<\/p>\n<p>&nbsp;<\/p>\n<hr \/>\n<p>&nbsp;<\/p>\n<blockquote>\n<h3>REFARMING FREQUENZE TV. ZAIA, \u201cIL NUOVO DIGITALE NON PUO\u2019 PENALIZZARE LE TV LOCALI&#8221;<\/h3>\n<\/blockquote>\n<p><strong><a class=\"dt-pswp-item\" href=\"https:\/\/www.radiopiu.net\/wordpress\/wp-content\/uploads\/2022\/02\/TELEVISIONE-TV.jpg\" data-dt-img-description=\"\" data-large_image_width=\"1920\" data-large_image_height=\"1280\"><img loading=\"lazy\" decoding=\"async\" class=\"size-medium wp-image-260071 alignleft\" src=\"https:\/\/www.radiopiu.net\/wordpress\/wp-content\/uploads\/2022\/02\/TELEVISIONE-TV-300x200.jpg\" alt=\"\" width=\"300\" height=\"200\" srcset=\"https:\/\/www.radiopiu.net\/wordpress\/wp-content\/uploads\/2022\/02\/TELEVISIONE-TV-300x200.jpg 300w, https:\/\/www.radiopiu.net\/wordpress\/wp-content\/uploads\/2022\/02\/TELEVISIONE-TV-1024x683.jpg 1024w, https:\/\/www.radiopiu.net\/wordpress\/wp-content\/uploads\/2022\/02\/TELEVISIONE-TV-768x512.jpg 768w, https:\/\/www.radiopiu.net\/wordpress\/wp-content\/uploads\/2022\/02\/TELEVISIONE-TV-1536x1024.jpg 1536w, https:\/\/www.radiopiu.net\/wordpress\/wp-content\/uploads\/2022\/02\/TELEVISIONE-TV.jpg 1920w\" sizes=\"auto, (max-width: 300px) 100vw, 300px\" \/><\/a>VENEZIA<\/strong> \u201cNon ci si pu\u00f2 dimenticare di chi negli anni ha investito offrendo quotidianamente informazione puntuale a milioni di Veneti, gli stessi che hanno scelto come primo mezzo la televisione per informarsi soprattutto durante i mesi della pandemia. Sono soddisfatto che la Commissione abbia licenziato il testo di conversione del DL 228\/2021, \u2018decreto Milleproroghe\u2019, accogliendo la nostra proposta inviata al Governo ancora a maggio dello scorso anno che chiedeva di garantire una equivalente ricevibilit\u00e0 dei programmi locali rispetto ai programmi trasmessi dalle reti nazionali&#8221;. Lo dice il Presidente della Regione del Veneto, Luca Zaia, intervenendo nuovamente sul nuovo digitale e sulla risintonizzazione dei canali, alla luce dell\u2019emendamento approvato dalla Commissione in sede di conversione del DL 228\/2021 \u201cdecreto Milleproroghe\u201d che ha trovato la condivisone di tutti i partiti. In concreto, ora, il MISE, sentito l\u2019AGCOM, potr\u00e0 avviare un\u2019istruttoria sui concreti progetti di rete degli operatori assegnatari, che nel caso Veneto \u00e8 RaiWay, attenuando le limitazioni radioelettriche alla frequenza di primo livello delle emittenti locali. In tal modo la rete RaiWay potr\u00e0 garantire potenze maggiori che diano garanzia non solo di \u201c<em>copertura\u201d<\/em> ma anche di \u201c<em>ricevibilit\u00e0 effettiva\u201d<\/em>, nel rispetto degli accordi internazionali.<\/p>\n<p>&nbsp;<\/p>\n<blockquote>\n<h3>POSSAMAI E CAMANI (PD) &#8220;IL MILLEPROROGHE PER SALVARE LE TV<\/h3>\n<\/blockquote>\n<p><strong><a class=\"dt-pswp-item\" href=\"https:\/\/www.radiopiu.net\/wordpress\/wp-content\/uploads\/2021\/09\/POSSAMAI-1-scaled.jpg\" data-dt-img-description=\"\" data-large_image_width=\"2560\" data-large_image_height=\"1707\"><img loading=\"lazy\" decoding=\"async\" class=\" wp-image-233259 alignleft\" src=\"https:\/\/www.radiopiu.net\/wordpress\/wp-content\/uploads\/2021\/09\/POSSAMAI-1-300x200.jpg\" alt=\"\" width=\"210\" height=\"140\" srcset=\"https:\/\/www.radiopiu.net\/wordpress\/wp-content\/uploads\/2021\/09\/POSSAMAI-1-300x200.jpg 300w, https:\/\/www.radiopiu.net\/wordpress\/wp-content\/uploads\/2021\/09\/POSSAMAI-1-1024x683.jpg 1024w, https:\/\/www.radiopiu.net\/wordpress\/wp-content\/uploads\/2021\/09\/POSSAMAI-1-768x512.jpg 768w, https:\/\/www.radiopiu.net\/wordpress\/wp-content\/uploads\/2021\/09\/POSSAMAI-1-1536x1024.jpg 1536w, https:\/\/www.radiopiu.net\/wordpress\/wp-content\/uploads\/2021\/09\/POSSAMAI-1-2048x1365.jpg 2048w\" sizes=\"auto, (max-width: 210px) 100vw, 210px\" \/><\/a>VENEZIA<\/strong>\u00a0 <em>\u201cIl pluralismo dell\u2019informazione \u00e8 fondamentale cos\u00ec come la salvaguardia dei posti di lavoro, per questo siamo soddisfatti del risultato che siamo riusciti a portare a casa con un emendamento al Milleproroghe. Il passaggio al \u2018nuovo digitale\u2019 non spegner\u00e0 le tv di un milione e mezzo di cittadini\u201d<\/em>. \u00c8 quanto affermano in una nota il capogruppo del Partito Democratico Giacomo Possamai (foto) e la vice Vanessa Camani dopo il via libera all\u2019emendamento dem, approvato in commissione Bilancio alla Camera da tutti i gruppi parlamentari, per l\u2019istituzione di un tavolo al ministero dello Sviluppo economico che risolva definitivamente il problema delle nuove frequenze. <em>\u201cLe televisioni locali svolgono un ruolo importante al servizio del territorio, sono dei pres\u00ecdi che vanno difesi. Il loro grido di allarme non \u00e8 rimasto inascoltato<\/em>.<em> Adesso la palla passa a ministero e Agcom per rimodulare la potenza dei segnali e assicurare a tutti gli utenti un\u2019adeguata ricezione, ma la strada \u00e8 stata tracciata\u201d.\u00a0<\/em><\/p>\n<p>&nbsp;<\/p>\n<p>&nbsp;<\/p>\n<hr \/>\n<p>&nbsp;<\/p>\n<blockquote>\n<h3><strong>UN DEFIBRILLATORE ALLO STADIO DI MEL, NEL RICORDO DI CARLO ALBERTO CONTE <\/strong><strong style=\"font-size: 14px;\">\u00a0<\/strong><\/h3>\n<\/blockquote>\n<p><strong><a class=\"dt-pswp-item\" href=\"https:\/\/www.radiopiu.net\/wordpress\/wp-content\/uploads\/2022\/02\/Borgo-Valbelluna_stadio_1.jpg\" data-dt-img-description=\"\" data-large_image_width=\"1024\" data-large_image_height=\"576\"><img loading=\"lazy\" decoding=\"async\" class=\"size-medium wp-image-260152 alignleft\" src=\"https:\/\/www.radiopiu.net\/wordpress\/wp-content\/uploads\/2022\/02\/Borgo-Valbelluna_stadio_1-300x169.jpg\" alt=\"\" width=\"300\" height=\"169\" srcset=\"https:\/\/www.radiopiu.net\/wordpress\/wp-content\/uploads\/2022\/02\/Borgo-Valbelluna_stadio_1-300x169.jpg 300w, https:\/\/www.radiopiu.net\/wordpress\/wp-content\/uploads\/2022\/02\/Borgo-Valbelluna_stadio_1-768x432.jpg 768w, https:\/\/www.radiopiu.net\/wordpress\/wp-content\/uploads\/2022\/02\/Borgo-Valbelluna_stadio_1.jpg 1024w\" sizes=\"auto, (max-width: 300px) 100vw, 300px\" \/><\/a>BORGO VALBELLUNA<\/strong> Un defibrillatore nel ricordo di Carlo Alberto Conte. Sar\u00e0 posizionato nei rinnovati impianti sportivi di Mel, in localit\u00e0 La Lora, nel Comune di Borgo Valbelluna, grazie all\u2019iniziativa del Gs La Piave 2000. La societ\u00e0 bellunese, presieduta da Patrizia Tremea, ha avviato una raccolta di fondi destinata all\u2019acquisto del dispositivo salvavita. Il defibrillatore sar\u00e0 collocato all\u2019aperto, nelle vicinanze della pista di atletica, e costituir\u00e0 un motivo di ulteriore sicurezza per tutti gli utilizzatori del campo. Il Gs La Piave ha condiviso <a class=\"dt-pswp-item\" href=\"https:\/\/www.radiopiu.net\/wordpress\/wp-content\/uploads\/2022\/02\/Tremea_Patrizia_presidente-del-Gs-La-Piave-2000_b-1.jpg\" data-dt-img-description=\"\" data-large_image_width=\"727\" data-large_image_height=\"1004\"><img loading=\"lazy\" decoding=\"async\" class=\"size-medium wp-image-260153 alignright\" src=\"https:\/\/www.radiopiu.net\/wordpress\/wp-content\/uploads\/2022\/02\/Tremea_Patrizia_presidente-del-Gs-La-Piave-2000_b-1-217x300.jpg\" alt=\"\" width=\"217\" height=\"300\" srcset=\"https:\/\/www.radiopiu.net\/wordpress\/wp-content\/uploads\/2022\/02\/Tremea_Patrizia_presidente-del-Gs-La-Piave-2000_b-1-217x300.jpg 217w, https:\/\/www.radiopiu.net\/wordpress\/wp-content\/uploads\/2022\/02\/Tremea_Patrizia_presidente-del-Gs-La-Piave-2000_b-1.jpg 727w\" sizes=\"auto, (max-width: 217px) 100vw, 217px\" \/><\/a>l\u2019iniziativa con il Gs Fiamme Oro Padova, la societ\u00e0 di Carlo Alberto. Il defibrillatore sar\u00e0 posizionato allo stadio di Mel con una piccola cerimonia, in occasione della campestre regionale del 27 febbraio, che proprio agli impianti sportivi avr\u00e0 il suo fulcro. <span lang=\"EN-US\">\u201c<\/span><i>Abbiamo pensato di dedicarlo a Carlo Alberto Conte, il giovane atleta padovano colpito da un malore, poi purtroppo rivelatosi fatale, in occasione del cross regionale di Vittorio Veneto del 23 gennaio<\/i> <span lang=\"EN-US\">\u2013<\/span> spiega la presidente Tremea (foto) -.\u00a0 <i>Noi c<span lang=\"EN-US\">\u2019<\/span>eravamo, Carlo Alberto stava correndo anche insieme ai nostri ragazzi. Siamo rimasti tutti molto scossi da quanto accaduto, questa disgrazia ci ha fatto riflettere, una volta di pi\u00f9, sulla necessit\u00e0 di rendere sempre pi\u00f9 sicuri i luoghi dello sport<\/i><span lang=\"EN-US\">\u201d<\/span>.<\/p>\n<blockquote><p><em>La donazione per l\u2019acquisto del defibrillatore pu\u00f2 essere fatta al Gs La Piave 2000, utilizzando il seguente IBAN:\u00a0 IT10T0827961150000031059275. Causale: \u201cDonazione acquisto defibrillatore\u201d.\u00a0<\/em><\/p><\/blockquote>\n<p>&nbsp;<\/p>\n<p>&nbsp;<\/p>\n<hr \/>\n<p>&nbsp;<\/p>\n<blockquote>\n<h3>SCUOLA, COLMELLERE (LEGA) AL MINISTRO BIANCHI: \u201cVIA DA SUBITO IL LIMITE DI 15 ALUNNI PER FORMARE LE PRIME ELEMENTARI\u201d<\/h3>\n<\/blockquote>\n<p><strong>ROMA <\/strong>Se non verr\u00e0 rimosso il limite minimo di 15 alunni per la formazione delle prime elementari, il prossimo anno scolastico registrer\u00e0 gravi disagi organizzativi, con la necessit\u00e0 di comporre molte classi miste. Le classi prime delle Primarie del Veneto, infatti, perderanno da settembre 3.295 alunni rispetto all\u2019anno precedente (gli iscritti totali sono 35.442), di cui 2.222 nelle Statali e 1.073 nelle Paritarie, e in molte scuole non si riuscir\u00e0 a raggiungere il numero minimo di 15 bambini per formare una classe. Questo avviene in aree montane a maggiore dispersione abitativa ma anche \u2013 e in modo evidentissimo \u2013 nelle grandi province. Stando ai dati forniti dall\u2019Ufficio scolastico regionale, rispetto al 2021 Verona perder\u00e0 819 iscritti alle classi prime delle Primarie (-10,3%), Treviso 725 (-9,8%), Padova 567 (-7,7%), Vicenza 525 (-7,5%), Venezia 340 (-5,6%), Rovigo 194 (-12,6%) e Belluno 125 (-9,1%).<\/p>\n<p>&nbsp;<\/p>\n<p>&nbsp;<\/p>\n<hr \/>\n<p>&nbsp;<\/p>\n<blockquote>\n<h3 class=\"p1\"><span class=\"s1\">LA PROVINCIA CERCA UN TECNICO PER IL SETTORE DIFESA DEL SUOLO, PATRIMONIO E VIABILIT\u00c0, ASSUNZIONE A TEMPO INDETERMINATO PER SOSTITUIRE I PENSIONAMENTI<\/span><\/h3>\n<\/blockquote>\n<p class=\"p1\"><span class=\"s1\"><strong>BELLUNO <\/strong>La Provincia di Belluno cerca un tecnico da inserire in organico. \u00c8 stato bandito il concorso per l\u2019assunzione a tempo indeterminato di una ulteriore figura professionale di istruttore tecnico di categoria C da destinare al settore Difesa del Suolo, Patrimonio e Viabilit\u00e0 per la sostituzione di personale cessato dal servizio nel corso del 2021. <\/span><span class=\"s1\">Per l&#8217;ammissione al concorso \u00e8 richiesto il possesso di un diploma di scuola media superiore che consente l\u2019accesso all\u2019Universit\u00e0 di natura tecnica, ovvero un qualsiasi diploma di istruzione secondaria superiore purch\u00e9 accompagnato da un diploma di laurea nelle discipline afferenti a ingegneria o architettura. <\/span><span class=\"s1\">Le prove d\u2019esame saranno indirizzate ad accertare il possesso delle competenze richieste. E consisteranno in\u00a0una prova scritta (in calendario il 6 aprile) e in\u00a0una prova orale (prevista per il 13 aprile). Per presentare domanda c\u2019\u00e8 tempo fino al 14 marzo (tutti i dettagli e la documentazione si trovano sul sito della Provincia, <a href=\"http:\/\/www.provincia.belluno.it\/\"><span class=\"s2\">www.provincia.belluno.it<\/span><\/a>).<\/span><\/p>\n<p>&nbsp;<\/p>\n<p>&nbsp;<\/p>\n<hr \/>\n<p>&nbsp;<\/p>\n<blockquote>\n<h3>LAVORI SULLA CONDOTTA FOGNARIA, DISAGI PER LA CIRCOLAZIONE<\/h3>\n<\/blockquote>\n<p><strong>ROCCA PIETORE<\/strong> In localit\u00e0 Masar\u00e8 dal civico 7 al civico 20 fino al 25 febbraio senso unico alternato. il 24 febbraio dalle 7 alle 24 interdizione totale al traffico veicolare dal civico 12A (condominio Elena) al civico 20<\/p>\n<p>&nbsp;<\/p>\n<p>&nbsp;<\/p>\n<hr \/>\n<p>&nbsp;<\/p>\n<blockquote>\n<h3>LA GUARDIA DI FINANZA APRE AL CONCORSO\u00a0 PER 12 ESECUTORI E\u00a0 1 ARCHIVISTA DELLA BANDA <span dir=\"ltr\" role=\"presentation\">MUSICALE\u00a0<\/span><\/h3>\n<\/blockquote>\n<p><br role=\"presentation\" \/><span dir=\"ltr\" role=\"presentation\">Possono partecipare i cittadini italiani di et\u00e0 compresa fra i 18 e i 40 anni in possesso, oltre che del<\/span><br role=\"presentation\" \/><span dir=\"ltr\" role=\"presentation\">diploma di istruzione secondaria di secondo grado, anche di idoneo titolo di studio. Presentazione delle domande entro le 12 del 28 febbraio <\/span><span dir=\"ltr\" role=\"presentation\">\u00a0esclusivamente mediante la procedura <\/span><span dir=\"ltr\" role=\"presentation\">telematica disponibile sul portale attivo all\u2019indirizzo \u201chttps:\/\/concorsi.gdf.gov.it\u201d.<\/span><\/p>\n<p>&nbsp;<\/p>\n<p>&nbsp;<\/p>\n<hr \/>\n<p>&nbsp;<\/p>\n<blockquote>\n<h3>SABATO 26 FEBBRAIO CARNEVALE A SOSPIROLO<\/h3>\n<\/blockquote>\n<p><strong>SOSPIROLO<\/strong>\u00a0 Sabato 26 febbraio al Centro civico di Sospirolo alle 15 con la \u00a0Proloco Monti del Sole e il \u00a0patrocinio del Comune di Sospirolo \u00a0tradizionale appuntamento con\u00a0 Carnevale dei bambini.\u00a0 * Spettacolo\u00a0\u00a0\u201cChe occhi Grandi che Hai! Manuale di corteggiamento per Lupi e affini\u201d\u00a0 \u00a0 con Cristina Gianni e Davide De Bona di Teatro Piteco.\u00a0 A seguire all&#8217;aperto la sfilata delle mascherine<\/p>\n<p>&nbsp;<\/p>\n<hr \/>\n<p>&nbsp;<\/p>\n<blockquote>\n<h3>INIZIATIVE A GOSALDO, DALLA PROLOCO ALLA NEVE<\/h3>\n<\/blockquote>\n<p><strong>GOSALDO<\/strong>\u00a0 La prima iniziativa della proloco <em>&#8220;Ecco scoperta la nostra sorpresa per San Valentino. Inviateci le vostro foto pi\u00f9 belle dal 14 al 21 febbraio e nella settimana successiva, chi ricever\u00e0 pi\u00f9 &#8220;mi piace&#8221;, sar\u00e0 premiato con un piccolo pensiero. Inviate le fotografie a:\u00a0 prolocogosaldo@gmail.com oppure Whatsapp 3383967056&#8243;<\/em> Il contest ha gi\u00e0 avuto inizio e buon scatto.<br \/>\nSempre la proloco organizza con gli Amici della Piazza &#8220;all&#8217;arrembaggio arrivano i pirati&#8221;, sabato alle 15.30 nella sala polifunzionale delle ex scuole medie di Gosaldo con il duo G&amp;G e i pi\u00f9 giovani (ma non solo) sono invitati a partecipare in maschera.<br \/>\nA Forcella Aurine il 27 febbraio il trofeo del Gruppo Alpini di Frassen\u00e8, gara di slalom gigante aperta a tutti, partenza primo concorrente alle 10, premi ai primi 3 di ogni categoria. Iscrizioni entro le 18 del 26 febbraio al Bar Alpino (0437 67253) Little Bar (0437 67193). Con la collaborazione di Aurine Ski Progetto Desma.<\/p>\n\n\t\t\t<style type='text\/css'>\n\t\t\t\t#gallery-6 {\n\t\t\t\t\tmargin: auto;\n\t\t\t\t}\n\t\t\t\t#gallery-6 .gallery-item {\n\t\t\t\t\tfloat: left;\n\t\t\t\t\tmargin-top: 10px;\n\t\t\t\t\ttext-align: center;\n\t\t\t\t\twidth: 33%;\n\t\t\t\t}\n\t\t\t\t#gallery-6 img {\n\t\t\t\t\tborder: 2px solid #cfcfcf;\n\t\t\t\t}\n\t\t\t\t#gallery-6 .gallery-caption {\n\t\t\t\t\tmargin-left: 0;\n\t\t\t\t}\n\t\t\t\t\/* see gallery_shortcode() in wp-includes\/media.php *\/\n\t\t\t<\/style>\n\t\t<div id='gallery-6' class='dt-gallery-container gallery galleryid-259983 gallery-columns-3 gallery-size-thumbnail'><dl class='gallery-item'>\n\t\t\t\t<dt class='gallery-icon landscape'>\n\t\t\t\t\t<a class=\"rollover rollover-zoom dt-pswp-item\" title=\"273861415_6947192841989335_7071267388495310987_n\" data-dt-img-description=\"\" data-large_image_width=\"720\" data-large_image_height=\"540\"href='https:\/\/www.radiopiu.net\/wordpress\/wp-content\/uploads\/2022\/02\/273861415_6947192841989335_7071267388495310987_n.jpg'><img loading=\"lazy\" decoding=\"async\" width=\"150\" height=\"150\" src=\"https:\/\/www.radiopiu.net\/wordpress\/wp-content\/uploads\/2022\/02\/273861415_6947192841989335_7071267388495310987_n-150x150.jpg\" class=\"attachment-thumbnail size-thumbnail\" alt=\"\" \/><\/a>\n\t\t\t\t<\/dt><\/dl><dl class='gallery-item'>\n\t\t\t\t<dt class='gallery-icon portrait'>\n\t\t\t\t\t<a class=\"rollover rollover-zoom dt-pswp-item\" title=\"274067202_6958211580887461_846800283031527178_n\" data-dt-img-description=\"\" data-large_image_width=\"526\" data-large_image_height=\"789\"href='https:\/\/www.radiopiu.net\/wordpress\/wp-content\/uploads\/2022\/02\/274067202_6958211580887461_846800283031527178_n.jpg'><img loading=\"lazy\" decoding=\"async\" width=\"150\" height=\"150\" src=\"https:\/\/www.radiopiu.net\/wordpress\/wp-content\/uploads\/2022\/02\/274067202_6958211580887461_846800283031527178_n-150x150.jpg\" class=\"attachment-thumbnail size-thumbnail\" alt=\"\" \/><\/a>\n\t\t\t\t<\/dt><\/dl><dl class='gallery-item'>\n\t\t\t\t<dt class='gallery-icon portrait'>\n\t\t\t\t\t<a class=\"rollover rollover-zoom dt-pswp-item\" title=\"273927969_10219130263120144_6567494010658918619_n\" data-dt-img-description=\"\" data-large_image_width=\"678\" data-large_image_height=\"960\"href='https:\/\/www.radiopiu.net\/wordpress\/wp-content\/uploads\/2022\/02\/273927969_10219130263120144_6567494010658918619_n.jpg'><img loading=\"lazy\" decoding=\"async\" width=\"150\" height=\"150\" src=\"https:\/\/www.radiopiu.net\/wordpress\/wp-content\/uploads\/2022\/02\/273927969_10219130263120144_6567494010658918619_n-150x150.jpg\" class=\"attachment-thumbnail size-thumbnail\" alt=\"\" \/><\/a>\n\t\t\t\t<\/dt><\/dl><br style=\"clear: both\" \/>\n\t\t\t<\/div>\n\n<p>&nbsp;<\/p>\n<hr \/>\n<p>&nbsp;<\/p>\n<p>&nbsp;<\/p>\n<blockquote>\n<h3><strong><a class=\"dt-pswp-item\" href=\"https:\/\/www.radiopiu.net\/wordpress\/wp-content\/uploads\/2022\/02\/886b3f2b-b7cd-4798-b1eb-08350e6e3d57.jpg\" data-dt-img-description=\"\" data-large_image_width=\"1536\" data-large_image_height=\"2048\"><img loading=\"lazy\" decoding=\"async\" class=\" wp-image-260139 alignleft\" src=\"https:\/\/www.radiopiu.net\/wordpress\/wp-content\/uploads\/2022\/02\/886b3f2b-b7cd-4798-b1eb-08350e6e3d57-225x300.jpg\" alt=\"\" width=\"170\" height=\"227\" srcset=\"https:\/\/www.radiopiu.net\/wordpress\/wp-content\/uploads\/2022\/02\/886b3f2b-b7cd-4798-b1eb-08350e6e3d57-225x300.jpg 225w, https:\/\/www.radiopiu.net\/wordpress\/wp-content\/uploads\/2022\/02\/886b3f2b-b7cd-4798-b1eb-08350e6e3d57-768x1024.jpg 768w, https:\/\/www.radiopiu.net\/wordpress\/wp-content\/uploads\/2022\/02\/886b3f2b-b7cd-4798-b1eb-08350e6e3d57-1152x1536.jpg 1152w, https:\/\/www.radiopiu.net\/wordpress\/wp-content\/uploads\/2022\/02\/886b3f2b-b7cd-4798-b1eb-08350e6e3d57.jpg 1536w\" sizes=\"auto, (max-width: 170px) 100vw, 170px\" \/><\/a><\/strong>LA STRADA PER VILLA PATT NON E&#8217; UNA DISCARICA<\/h3>\n<\/blockquote>\n<p><strong>SEDICO<\/strong> Forse ripeterlo pu\u00f2 servire, magari aiuta i disattenti a non confondere la discarica con\u00a0 una verde ripa anche se ingiallita dalla stagione invernale. Certo \u00e8 comodo aprire la porta dell&#8217;auto e far rotolare gi\u00f9 sacchetti di immondizie e quant&#8217;altro, quindi r<em>epetita iuvant &#8220;La strada per Villa Patt non \u00e8 una discarica&#8221;<\/em><\/p>\n<p>&nbsp;<\/p>\n<p>&nbsp;<\/p>\n<p>&nbsp;<\/p>\n<p>&nbsp;<\/p>\n<p>&nbsp;<\/p>\n<hr \/>\n<p>&nbsp;<\/p>\n<blockquote>\n<h3>GRAN FINALE PER LA MOSTRA \u201cACQUA FERRO FUOCO. ARTE DELLE SPADE NEL BELLUNESE\u201d<\/h3>\n<\/blockquote>\n<p><strong>BELLUNO<\/strong> Gran finale per la mostra \u201cAcqua ferro fuoco. Arte delle spade nel Bellunese\u201d allestita nell\u2019ambito del progetto KLANG \u2013 Spade di leoni e aquile, finanziato dall\u2019UE, dal Fondo FESR e Interreg V-A Italia-Austria 2014-2020 e visitabile al terzo piano del museo civico di Belluno fino al 6 marzo: nelle due ultime settimane di apertura, anche l\u2019incontro con i conservatori di musei importanti. Marted\u00ec 22 alle 17.30 Palazzo Fulcis ospiter\u00e0 Federica Manoli del Museo Poldi Pezzoli con un intervento su \u201cGian Giacomo Poldi Pezzoli e il collezionismo di armi e armature nel XIX secolo\u201d, mentre il 1 marzo alla stessa ora l\u2019appuntamento sar\u00e0 con Andrea Bellieni della Fondazione Musei Civici di Venezia che parler\u00e0 delle \u201cAntiche armerie veneziane: dai palazzi ai Civici Musei\u201d. Le conferenze saranno online.<\/p>\n<p>&nbsp;<\/p>\n<p>&nbsp;<\/p>\n<hr \/>\n<p>&nbsp;<\/p>\n<h2><span style=\"color: #ff0000;\">IERI ALLA RADIO<\/span><\/h2>\n<h2><span style=\"color: #808000;\">ALLO ZERO TERMICO: ROBERTO CHISSALE&#8217;<\/span><\/h2>\n<blockquote><p><em><a class=\"dt-pswp-item\" href=\"https:\/\/www.radiopiu.net\/wordpress\/wp-content\/uploads\/2021\/03\/COOPERATIVA-LATTERIA-AGORDINO.png\" data-dt-img-description=\"\" data-large_image_width=\"300\" data-large_image_height=\"200\"><img loading=\"lazy\" decoding=\"async\" class=\" wp-image-194321 alignleft\" src=\"https:\/\/www.radiopiu.net\/wordpress\/wp-content\/uploads\/2021\/03\/COOPERATIVA-LATTERIA-AGORDINO.png\" alt=\"\" width=\"171\" height=\"114\" \/><\/a>ZERO TERMICO E\u2019 UN VIAGGIO ALLA SCOPERTA DEL NOSTRO TERRITORIO, DALLA VOCE DEI PROTAGONISTI. TURISMO, SPORT, EVENTI, CULTURA, INTRATTENIMENTO. DAL LUNEDI\u2019 AL VENERDI ALLE 15.10 ALLE 20.30. ZERO TERMICO. UN APPUNTAMENTO IN COLLABORAZIONE CON: SPORT 203. LA NATURALE PORTA D\u2019INGRESSO\u2026.VERSO LO ZERO TERMICO. LOCALITA\u2019 LE CAMPE STRADA AGORDO BELLUNO. ABBIGLIAMENTO E ATTREZZATURA\u2026.DEDICATI A CHI AMA LA MONTAGNA.<\/em><\/p><\/blockquote>\n<p><strong>di Claudio Fontanive<\/strong><\/p>\n<p><strong>PUNTATA 28, CON ROBERTO CHISSALE&#8217; PRESIDENTE DELLA COOPERATIVA LATTERIA DI VALLATA<\/strong><\/p>\n<audio class=\"wp-audio-shortcode\" id=\"audio-259983-8\" preload=\"none\" style=\"width: 100%;\" controls=\"controls\"><source type=\"audio\/mpeg\" src=\"https:\/\/www.radiopiu.net\/wordpress\/wp-content\/uploads\/2022\/02\/roberto-cissale-17-febbraio.mp3?_=8\" \/><a href=\"https:\/\/www.radiopiu.net\/wordpress\/wp-content\/uploads\/2022\/02\/roberto-cissale-17-febbraio.mp3\">https:\/\/www.radiopiu.net\/wordpress\/wp-content\/uploads\/2022\/02\/roberto-cissale-17-febbraio.mp3<\/a><\/audio>\n<p>&nbsp;<\/p>\n<p>&nbsp;<\/p>\n<p>&nbsp;<\/p>\n<hr \/>\n<p>&nbsp;<\/p>\n<p><strong>TUTTI I LUNEDI ALLE 10,30 E 1900, LA DOMENICA ALLE 8 007 IN CONDOTTA, LA SCUOLA CON LA PROF. MARIA ROSA SALMAZO E CLAUDIO FONTANIVE, IN PODCAST TUTTE LE PUNTATE DELLE ULTIME STAGIONI.<\/strong><\/p>\n<p>&nbsp;<\/p>\n<blockquote class=\"wp-embedded-content\" data-secret=\"4Yf5AWUEFi\"><p><a href=\"https:\/\/www.radiopiu.net\/wordpress\/007incondotta-9\/\">007 in condotta<\/a><\/p><\/blockquote>\n<p><iframe loading=\"lazy\" class=\"wp-embedded-content\" sandbox=\"allow-scripts\" security=\"restricted\" style=\"position: absolute; clip: rect(1px, 1px, 1px, 1px);\" title=\"&#8220;007 in condotta&#8221; &#8212; Radio Pi\u00f9\" src=\"https:\/\/www.radiopiu.net\/wordpress\/007incondotta-9\/embed\/#?secret=4Yf5AWUEFi\" data-secret=\"4Yf5AWUEFi\" width=\"600\" height=\"338\" frameborder=\"0\" marginwidth=\"0\" marginheight=\"0\" scrolling=\"no\"><\/iframe><\/p>\n<p>&nbsp;<\/p>\n<hr \/>\n<p>&nbsp;<\/p>\n<p>&nbsp;<\/p>\n<blockquote class=\"wp-embedded-content\" data-secret=\"Jr6NFZY4DL\"><p><a href=\"https:\/\/www.radiopiu.net\/wordpress\/raccoltaso1\/\">LA RACCOLTA: 160 BATTUTE&#8230;SMS IN RIVA, di Sostene Schena<\/a><\/p><\/blockquote>\n<p><iframe loading=\"lazy\" class=\"wp-embedded-content\" sandbox=\"allow-scripts\" security=\"restricted\" style=\"position: absolute; clip: rect(1px, 1px, 1px, 1px);\" title=\"&#8220;LA RACCOLTA: 160 BATTUTE&#8230;SMS IN RIVA, di Sostene Schena&#8221; &#8212; Radio Pi\u00f9\" src=\"https:\/\/www.radiopiu.net\/wordpress\/raccoltaso1\/embed\/#?secret=Jr6NFZY4DL\" data-secret=\"Jr6NFZY4DL\" width=\"600\" height=\"338\" frameborder=\"0\" marginwidth=\"0\" marginheight=\"0\" scrolling=\"no\"><\/iframe><\/p>\n<p>&nbsp;<\/p>\n<hr \/>\n<p>&nbsp;<\/p>\n<div>\n<div class=\"b654a4as d2edcug0\">\n<div class=\"rq0escxv hkbzh7o3 jwdofwj8 n8tt0mok r8blr3vg hyh9befq\">\n<p><a class=\"dt-pswp-item\" href=\"https:\/\/www.radiopiu.net\/wordpress\/wp-content\/uploads\/2020\/10\/pp.jpg\" data-dt-img-description=\"\" data-large_image_width=\"640\" data-large_image_height=\"640\"><img loading=\"lazy\" decoding=\"async\" class=\"wp-image-163678 alignleft\" src=\"https:\/\/www.radiopiu.net\/wordpress\/wp-content\/uploads\/2020\/10\/pp-300x300.jpg\" alt=\"\" width=\"106\" height=\"106\" srcset=\"https:\/\/www.radiopiu.net\/wordpress\/wp-content\/uploads\/2020\/10\/pp-300x300.jpg 300w, https:\/\/www.radiopiu.net\/wordpress\/wp-content\/uploads\/2020\/10\/pp-150x150.jpg 150w, https:\/\/www.radiopiu.net\/wordpress\/wp-content\/uploads\/2020\/10\/pp-125x125.jpg 125w, https:\/\/www.radiopiu.net\/wordpress\/wp-content\/uploads\/2020\/10\/pp-200x200.jpg 200w, https:\/\/www.radiopiu.net\/wordpress\/wp-content\/uploads\/2020\/10\/pp-80x80.jpg 80w, https:\/\/www.radiopiu.net\/wordpress\/wp-content\/uploads\/2020\/10\/pp-480x480.jpg 480w, https:\/\/www.radiopiu.net\/wordpress\/wp-content\/uploads\/2020\/10\/pp.jpg 640w\" sizes=\"auto, (max-width: 106px) 100vw, 106px\" \/><\/a><\/p>\n<\/div>\n<\/div>\n<\/div>\n<div>\n<div class=\"page-title-head hgroup\">\n<div class=\"page-title-head hgroup\">\n<div class=\"b654a4as d2edcug0\">\n<div class=\"j83agx80 btwxx1t3 lhclo0ds hop8lmos nkwizq5d scwd0bx6 roh60bw9\">\n<div class=\"rq0escxv hkbzh7o3 jwdofwj8 n8tt0mok r8blr3vg hyh9befq\">\n<div class=\"do00u71z l9j0dhe7 k4urcfbm\">\n<h2><span style=\"color: #000080;\">\u00a0<\/span><span style=\"color: #000080;\">DON CESARE, IL PENSIERO DEL GIORNO. ALLA RADIO ALLE 7 DEL MATTINO E ALLE 19.30 DELLA SERA.<\/span><\/h2>\n<\/div>\n<div class=\"do00u71z l9j0dhe7 k4urcfbm\">\n<audio class=\"wp-audio-shortcode\" id=\"audio-259983-9\" preload=\"none\" style=\"width: 100%;\" controls=\"controls\"><source type=\"audio\/mpeg\" src=\"https:\/\/www.radiopiu.net\/wordpress\/wp-content\/uploads\/2022\/02\/CESARE-6.mp3?_=9\" \/><a href=\"https:\/\/www.radiopiu.net\/wordpress\/wp-content\/uploads\/2022\/02\/CESARE-6.mp3\">https:\/\/www.radiopiu.net\/wordpress\/wp-content\/uploads\/2022\/02\/CESARE-6.mp3<\/a><\/audio>\n<p>&nbsp;<\/p>\n<p>&nbsp;<\/p>\n<hr \/>\n<p>&nbsp;<\/p>\n<h3 class=\"kvgmc6g5 cxmmr5t8 oygrvhab hcukyx3x c1et5uql\"><span style=\"color: #0000ff;\"><strong>INFORMAZIONE il canale su TELEGRAM informazione di prima mano e in tempo reale. iscriviti ed aiutaci a farlo conoscere\u00a0\u00a0<\/strong><\/span><\/h3>\n<p>&nbsp;<\/p>\n<p>&nbsp;<\/p>\n<hr \/>\n<p>&nbsp;<\/p>\n<div class=\"do00u71z l9j0dhe7 k4urcfbm\">\n<div>\n<div class=\"page-title-head hgroup\">\n<div class=\"page-title-head hgroup\">\n<div class=\"b654a4as d2edcug0\">\n<div class=\"j83agx80 btwxx1t3 lhclo0ds hop8lmos nkwizq5d scwd0bx6 roh60bw9\">\n<div class=\"rq0escxv hkbzh7o3 jwdofwj8 n8tt0mok r8blr3vg hyh9befq\">\n<div class=\"do00u71z l9j0dhe7 k4urcfbm\">\n<div class=\"page-title-head hgroup\">\n<div class=\"page-title-head hgroup\">\n<div class=\"b654a4as d2edcug0\">\n<div class=\"j83agx80 btwxx1t3 lhclo0ds hop8lmos nkwizq5d scwd0bx6 roh60bw9\">\n<div class=\"rq0escxv hkbzh7o3 jwdofwj8 n8tt0mok r8blr3vg hyh9befq\">\n<div class=\"do00u71z l9j0dhe7 k4urcfbm\">\n<div class=\"ecm0bbzt e5nlhep0 a8c37x1j\">\n<div class=\"kvgmc6g5 cxmmr5t8 oygrvhab hcukyx3x c1et5uql\">\n<div class=\"gmail-kvgmc6g5 gmail-cxmmr5t8 gmail-oygrvhab gmail-hcukyx3x gmail-c1et5uql gmail-ii04i59q\">\n<div class=\"page-title-head hgroup\">\n<div class=\"page-title-head hgroup\">\n<div class=\"b654a4as d2edcug0\">\n<div class=\"j83agx80 btwxx1t3 lhclo0ds hop8lmos nkwizq5d scwd0bx6 roh60bw9\">\n<div class=\"rq0escxv hkbzh7o3 jwdofwj8 n8tt0mok r8blr3vg hyh9befq\">\n<div class=\"do00u71z l9j0dhe7 k4urcfbm\">\n<div class=\"page-title-head hgroup\">\n<div class=\"page-title-head hgroup\">\n<div class=\"b654a4as d2edcug0\">\n<div class=\"j83agx80 btwxx1t3 lhclo0ds hop8lmos nkwizq5d scwd0bx6 roh60bw9\">\n<div class=\"rq0escxv hkbzh7o3 jwdofwj8 n8tt0mok r8blr3vg hyh9befq\">\n<div class=\"do00u71z l9j0dhe7 k4urcfbm\">\n<div>\n<div class=\"page-title-head hgroup\">\n<div class=\"page-title-head hgroup\">\n<div class=\"b654a4as d2edcug0\">\n<div class=\"j83agx80 btwxx1t3 lhclo0ds hop8lmos nkwizq5d scwd0bx6 roh60bw9\">\n<div class=\"rq0escxv hkbzh7o3 jwdofwj8 n8tt0mok r8blr3vg hyh9befq\">\n<div class=\"do00u71z l9j0dhe7 k4urcfbm\">\n<div class=\"ecm0bbzt e5nlhep0 a8c37x1j\">\n<div class=\"kvgmc6g5 cxmmr5t8 oygrvhab hcukyx3x c1et5uql\">\n<div class=\"gmail-kvgmc6g5 gmail-cxmmr5t8 gmail-oygrvhab gmail-hcukyx3x gmail-c1et5uql gmail-ii04i59q\">\n<div class=\"page-title-head hgroup\">\n<div class=\"page-title-head hgroup\">\n<div class=\"b654a4as d2edcug0\">\n<div class=\"j83agx80 btwxx1t3 lhclo0ds hop8lmos nkwizq5d scwd0bx6 roh60bw9\">\n<div class=\"rq0escxv hkbzh7o3 jwdofwj8 n8tt0mok r8blr3vg hyh9befq\">\n<div class=\"do00u71z l9j0dhe7 k4urcfbm\">\n<blockquote>\n<h3><span style=\"color: #ff0000;\">IN VIVO VERSO, SETTIMA STAGIONE CON BRUNELLA MORO, DAL LUNEDI AL VENERDI ALLE 7.10, 10.10 E 18.50\u00a0\u00a0<\/span><\/h3>\n<\/blockquote>\n<p>&nbsp;<\/p>\n<div class=\"page-title-head hgroup\">\n<blockquote>\n<h3 class=\"entry-title\">TUTTO CI\u00d2 DI MANUELE CARBOGNO<\/h3>\n<\/blockquote>\n<p>AUDIO<\/p>\n<audio class=\"wp-audio-shortcode\" id=\"audio-259983-10\" preload=\"none\" style=\"width: 100%;\" controls=\"controls\"><source type=\"audio\/mpeg\" src=\"https:\/\/www.radiopiu.net\/wordpress\/wp-content\/uploads\/2022\/02\/04-MANUELE-CARBOGNO-TUTTO-CIO.mp3?_=10\" \/><a href=\"https:\/\/www.radiopiu.net\/wordpress\/wp-content\/uploads\/2022\/02\/04-MANUELE-CARBOGNO-TUTTO-CIO.mp3\">https:\/\/www.radiopiu.net\/wordpress\/wp-content\/uploads\/2022\/02\/04-MANUELE-CARBOGNO-TUTTO-CIO.mp3<\/a><\/audio>\n<p>&nbsp;<\/p>\n<\/div>\n<div class=\"page-title-breadcrumbs\">\n<p><strong>Manuele Carbogno<\/strong><\/p>\n<p><img loading=\"lazy\" decoding=\"async\" class=\"alignleft\" src=\"https:\/\/www.radiopiu.net\/wordpress\/wp-content\/uploads\/2022\/02\/4-foto-manuele-carbogno-1.jpg\" width=\"239\" height=\"270\" \/>Sto imparando a scrivere ci\u00f2 che sento,<br \/>\nsenza rime e senza inganni,<br \/>\na fiato pieno, senza affanni,<br \/>\nlo faccio e non mi pento,<br \/>\noggi, tutto ci\u00f2 che di lei mi completa,<br \/>\nmi ha messo, d&#8217;innanzi, al viso,<br \/>\nuna foto, ed io con il sorriso,<br \/>\ne nel mio viso, il suo sorriso, come la seta,<br \/>\nd&#8217;incanto, ed attratto,<br \/>\nun richiamo dalla natura,<br \/>\ntutto ci\u00f2 che incenerisce la paura,<br \/>\nmi sono incantato, come il th\u00e8 per il cappellaio matto,<br \/>\nla natura, ed oggi ho rivisto il fiume,<br \/>\nguardando tutto ci\u00f2 che \u00e8 uscito dagli argini,<br \/>\ntutto ci\u00f2 che ha avuto il coraggio di isolarsi,<br \/>\ne non per salvarsi, bens\u00ec, per dedicarsi.<\/p>\n<\/div>\n<p><strong>LA RACCOLTA COMPLETA\u00a0 \u00a0<\/strong><\/p>\n<blockquote class=\"wp-embedded-content\" data-secret=\"gVmAqPglO6\"><p><a href=\"https:\/\/www.radiopiu.net\/wordpress\/in-vivo-verso\/\">In Vivo Verso<\/a><\/p><\/blockquote>\n<p><iframe loading=\"lazy\" class=\"wp-embedded-content\" sandbox=\"allow-scripts\" security=\"restricted\" style=\"position: absolute; clip: rect(1px, 1px, 1px, 1px);\" title=\"&#8220;In Vivo Verso&#8221; &#8212; Radio Pi\u00f9\" src=\"https:\/\/www.radiopiu.net\/wordpress\/in-vivo-verso\/embed\/#?secret=gVmAqPglO6\" data-secret=\"gVmAqPglO6\" width=\"600\" height=\"338\" frameborder=\"0\" marginwidth=\"0\" marginheight=\"0\" scrolling=\"no\"><\/iframe><\/p>\n<p>&nbsp;<\/p>\n<hr \/>\n<p>&nbsp;<\/p>\n<h2><span style=\"color: #808000;\">GOCCE DI FILOSOFIA<\/span><\/h2>\n<p><strong>PUNTATA 139 CON LISA DE LUCA<\/strong><\/p>\n<audio class=\"wp-audio-shortcode\" id=\"audio-259983-11\" preload=\"none\" style=\"width: 100%;\" controls=\"controls\"><source type=\"audio\/mpeg\" src=\"https:\/\/www.radiopiu.net\/wordpress\/wp-content\/uploads\/2022\/02\/FI4-1.mp3?_=11\" \/><a href=\"https:\/\/www.radiopiu.net\/wordpress\/wp-content\/uploads\/2022\/02\/FI4-1.mp3\">https:\/\/www.radiopiu.net\/wordpress\/wp-content\/uploads\/2022\/02\/FI4-1.mp3<\/a><\/audio>\n<p>&nbsp;<\/p>\n<p><strong>raccolta completa<\/strong><\/p>\n<blockquote class=\"wp-embedded-content\" data-secret=\"yMEXuAQO5u\"><p><a href=\"https:\/\/www.radiopiu.net\/wordpress\/gocce-filosofia\/\">Gocce di filosofia, PRIMA E SECONDA STAGIONE 2022<\/a><\/p><\/blockquote>\n<p><iframe loading=\"lazy\" class=\"wp-embedded-content\" sandbox=\"allow-scripts\" security=\"restricted\" style=\"position: absolute; clip: rect(1px, 1px, 1px, 1px);\" title=\"&#8220;Gocce di filosofia, PRIMA E SECONDA STAGIONE 2022&#8221; &#8212; Radio Pi\u00f9\" src=\"https:\/\/www.radiopiu.net\/wordpress\/gocce-filosofia\/embed\/#?secret=yMEXuAQO5u\" data-secret=\"yMEXuAQO5u\" width=\"600\" height=\"338\" frameborder=\"0\" marginwidth=\"0\" marginheight=\"0\" scrolling=\"no\"><\/iframe><\/p>\n<p>&nbsp;<\/p>\n<hr \/>\n<p>&nbsp;<\/p>\n<p><span style=\"color: #0000ff;\">MUSICA PIU&#8217;\u00a0<\/span><\/p>\n<p><a href=\"https:\/\/www.radiopiu.net\/wordpress\/giornale-radiopiu-20-settembre-2021-direttore-mirko-mezzacasa\/pp-79\/\" rel=\"attachment wp-att-232921\"><img loading=\"lazy\" decoding=\"async\" class=\"wp-image-232921 alignleft\" src=\"https:\/\/www.radiopiu.net\/wordpress\/wp-content\/uploads\/2021\/09\/pp-1-300x300.jpg\" alt=\"\" width=\"135\" height=\"135\" srcset=\"https:\/\/www.radiopiu.net\/wordpress\/wp-content\/uploads\/2021\/09\/pp-1-300x300.jpg 300w, https:\/\/www.radiopiu.net\/wordpress\/wp-content\/uploads\/2021\/09\/pp-1-150x150.jpg 150w, https:\/\/www.radiopiu.net\/wordpress\/wp-content\/uploads\/2021\/09\/pp-1.jpg 640w\" sizes=\"auto, (max-width: 135px) 100vw, 135px\" \/><\/a><\/p>\n<div class=\"mkdf-post-text\">\n<div class=\"mkdf-post-text-inner\">\n<div class=\"mkdf-post-text-main\">\n<div class=\"mkdf-post-text\">\n<div class=\"mkdf-post-text-inner\">\n<div class=\"mkdf-post-text-main\">\n<div class=\"mkdf-post-text\">\n<div class=\"mkdf-post-text-inner\">\n<div class=\"mkdf-post-text-main\">\n<div class=\"page-title-head hgroup\">\n<div class=\"page-title-head hgroup\">\n<div class=\"mkdf-post-text\">\n<div class=\"mkdf-post-text-inner\">\n<div class=\"mkdf-post-text-main\">\n<div class=\"mkdf-post-text\">\n<div class=\"mkdf-post-text-inner\">\n<div class=\"mkdf-post-text-main\">\n<div class=\"page-title-head hgroup\">\n<div class=\"page-title-head hgroup\">\n<div class=\"page-title-head hgroup\">\n<div class=\"page-title-head hgroup\">\n<div class=\"b654a4as d2edcug0\">\n<div class=\"page-title-head hgroup\">\n<div class=\"page-title-head hgroup\">\n<div class=\"page-title-head hgroup\">\n<div class=\"page-title-head hgroup\">\n<div class=\"b654a4as d2edcug0\">\n<div class=\"page-title-head hgroup\">\n<div class=\"page-title-head hgroup\">\n<div class=\"page-title-head hgroup\">\n<div class=\"page-title-head hgroup\">\n<div class=\"b654a4as d2edcug0\">\n<div class=\"mkdf-post-text\">\n<div class=\"mkdf-post-text-inner\">\n<div class=\"mkdf-post-text-main\">\n<div class=\"mkdf-post-text\">\n<div class=\"mkdf-post-text-inner\">\n<div class=\"mkdf-post-text-main\">\n<div class=\"mkdf-post-text\">\n<div class=\"mkdf-post-text-inner\">\n<div class=\"mkdf-post-text-main\">\n<div class=\"page-title-head hgroup\">\n<div class=\"page-title-head hgroup\">\n<div class=\"mkdf-post-text\">\n<div class=\"mkdf-post-text-inner\">\n<div class=\"mkdf-post-text-main\">\n<div class=\"mkdf-post-text\">\n<div class=\"mkdf-post-text-inner\">\n<div class=\"mkdf-post-text-main\">\n<div class=\"page-title-head hgroup\">\n<div class=\"page-title-head hgroup\">\n<div class=\"page-title-head hgroup\">\n<div class=\"page-title-head hgroup\">\n<div class=\"b654a4as d2edcug0\">\n<div class=\"page-title-head hgroup\">\n<div class=\"page-title-head hgroup\">\n<div class=\"page-title-head hgroup\">\n<div class=\"page-title-head hgroup\">\n<div class=\"b654a4as d2edcug0\">\n<div class=\"page-title-head hgroup\">\n<div class=\"page-title-head hgroup\">\n<div class=\"page-title-head hgroup\">\n<div class=\"page-title-head hgroup\">\n<div class=\"b654a4as d2edcug0\">\n<div><\/div>\n<div><\/div>\n<div>\n<p><strong>MUSICA ALLA RADIO, IL PROGRAMMA DI LORIS SCUSSEL &#8220;COLLAGE OPERAZIONE NOSTALGIA&#8221; DAL LUNEDI AL VENERDI ALLE 16.00\u00a0 E ALLE 23\u00a0<\/strong><\/p>\n<\/div>\n<p><strong>\u00a0\u00a0<\/strong><\/p>\n<p><strong>PUNTATA 544 DEL 17 FEBBRAIO 2022<\/strong><\/p>\n<audio class=\"wp-audio-shortcode\" id=\"audio-259983-12\" preload=\"none\" style=\"width: 100%;\" controls=\"controls\"><source type=\"audio\/mpeg\" src=\"https:\/\/www.radiopiu.net\/wordpress\/wp-content\/uploads\/2022\/02\/Collage-544.mp3?_=12\" \/><a href=\"https:\/\/www.radiopiu.net\/wordpress\/wp-content\/uploads\/2022\/02\/Collage-544.mp3\">https:\/\/www.radiopiu.net\/wordpress\/wp-content\/uploads\/2022\/02\/Collage-544.mp3<\/a><\/audio>\n<p>&nbsp;<\/p>\n<\/div>\n<\/div>\n<\/div>\n<\/div>\n<\/div>\n<\/div>\n<\/div>\n<\/div>\n<\/div>\n<\/div>\n<\/div>\n<\/div>\n<\/div>\n<\/div>\n<\/div>\n<\/div>\n<\/div>\n<\/div>\n<\/div>\n<\/div>\n<\/div>\n<\/div>\n<\/div>\n<\/div>\n<\/div>\n<\/div>\n<\/div>\n<\/div>\n<\/div>\n<\/div>\n<\/div>\n<\/div>\n<\/div>\n<\/div>\n<\/div>\n<\/div>\n<\/div>\n<\/div>\n<\/div>\n<\/div>\n<\/div>\n<\/div>\n<\/div>\n<\/div>\n<\/div>\n<\/div>\n<\/div>\n<\/div>\n<\/div>\n<\/div>\n<\/div>\n<\/div>\n<\/div>\n<\/div>\n<\/div>\n<\/div>\n<\/div>\n<\/div>\n<\/div>\n<\/div>\n<\/div>\n<\/div>\n<\/div>\n<\/div>\n<hr \/>\n<p>&nbsp;<\/p>\n<p>&nbsp;<\/p>\n<blockquote class=\"wp-embedded-content\" data-secret=\"CggFATXBv2\"><p><a href=\"https:\/\/www.radiopiu.net\/wordpress\/freemix-la-liberta-musicale-mixata-da-dj-athos-e-raccontata-da-dj-jack\/\">FREEMIX, LA LIBERTA&#8217; MUSICALE MIXATA DA DJ ATHOS E RACCONTATA DA DJ JACK<\/a><\/p><\/blockquote>\n<p><iframe loading=\"lazy\" class=\"wp-embedded-content\" sandbox=\"allow-scripts\" security=\"restricted\" style=\"position: absolute; clip: rect(1px, 1px, 1px, 1px);\" title=\"&#8220;FREEMIX, LA LIBERTA&#8217; MUSICALE MIXATA DA DJ ATHOS E RACCONTATA DA DJ JACK&#8221; &#8212; Radio Pi\u00f9\" src=\"https:\/\/www.radiopiu.net\/wordpress\/freemix-la-liberta-musicale-mixata-da-dj-athos-e-raccontata-da-dj-jack\/embed\/#?secret=CggFATXBv2\" data-secret=\"CggFATXBv2\" width=\"600\" height=\"338\" frameborder=\"0\" marginwidth=\"0\" marginheight=\"0\" scrolling=\"no\"><\/iframe><\/p>\n<p>&nbsp;<\/p>\n<blockquote class=\"wp-embedded-content\" data-secret=\"nIkXkojIMW\"><p><a href=\"https:\/\/www.radiopiu.net\/wordpress\/da-ieri-alla-radio-in-palinsesto-loris-e-maurizio-con-la-grande-musica\/\">IL BLUES ALLA RADIO &#8230; COME NON L&#8217;AVETE MAI SENTITO PRIMA<\/a><\/p><\/blockquote>\n<p><iframe loading=\"lazy\" class=\"wp-embedded-content\" sandbox=\"allow-scripts\" security=\"restricted\" style=\"position: absolute; clip: rect(1px, 1px, 1px, 1px);\" title=\"&#8220;IL BLUES ALLA RADIO &#8230; COME NON L&#8217;AVETE MAI SENTITO PRIMA&#8221; &#8212; Radio Pi\u00f9\" src=\"https:\/\/www.radiopiu.net\/wordpress\/da-ieri-alla-radio-in-palinsesto-loris-e-maurizio-con-la-grande-musica\/embed\/#?secret=nIkXkojIMW\" data-secret=\"nIkXkojIMW\" width=\"600\" height=\"338\" frameborder=\"0\" marginwidth=\"0\" marginheight=\"0\" scrolling=\"no\"><\/iframe><\/p>\n<p>&nbsp;<\/p>\n<hr \/>\n<p>&nbsp;<\/p>\n<blockquote>\n<h3><span style=\"color: #0000ff;\">INFORMAZIONE il canale su TELEGRAM informazione di prima mano e in tempo reale. iscriviti ed aiutaci a farlo conoscere\u00a0\u00a0<\/span><\/h3>\n<\/blockquote>\n<div>\n<div class=\"page-title-head hgroup\">\n<div class=\"page-title-head hgroup\">\n<div class=\"page-title-head hgroup\">\n<div class=\"page-title-head hgroup\">\n<div class=\"b654a4as d2edcug0\">\n<div class=\"page-title-head hgroup\">\n<div class=\"page-title-head hgroup\">\n<div class=\"page-title-head hgroup\">\n<div class=\"page-title-head hgroup\">\n<div class=\"b654a4as d2edcug0\">\n<div class=\"page-title-head hgroup\">\n<div class=\"page-title-head hgroup\">\n<div class=\"page-title-head hgroup\">\n<div class=\"page-title-head hgroup\">\n<div class=\"page-title-head hgroup\">\n<div class=\"page-title-head hgroup\">\n<div class=\"page-title-head hgroup\">\n<div class=\"page-title-head hgroup\">\n<div class=\"page-title-head hgroup\">\n<div class=\"b654a4as d2edcug0\">\n<div class=\"page-title-head hgroup\">\n<div class=\"page-title-head hgroup\">\n<div class=\"page-title-head hgroup\">\n<div class=\"page-title-head hgroup\">\n<div class=\"b654a4as d2edcug0\">\n<div>\n<p>&nbsp;<\/p>\n<\/div>\n<div>\n<div class=\"page-title-head hgroup\">\n<div class=\"page-title-head hgroup\">\n<div class=\"page-title-head hgroup\">\n<div class=\"page-title-head hgroup\">\n<div class=\"page-title-head hgroup\">\n<div class=\"b654a4as d2edcug0\">\n<div>\n<hr \/>\n<\/div>\n<\/div>\n<div>\n<div>\n<p>&nbsp;<\/p>\n<\/div>\n<div>\n<div>\n<p>&nbsp;<\/p>\n<\/div>\n<div>\n<div>\n<p><strong>DUE MINUTI UN LIBRO, TUTTI I GIORNI ALLA RADIO ALLE 9.40 E ALLE 17.50\u00a0<\/strong><\/p>\n<div>\n<div>\n<p><strong>LA RACCOLTA COMPLETA\u00a0\u00a0<\/strong><\/p>\n<\/div>\n<div>\n<blockquote class=\"wp-embedded-content\" data-secret=\"qzq1a3i7Dg\"><p><a href=\"https:\/\/www.radiopiu.net\/wordpress\/due-minuti-un-libro\/\">Due minuti un libro<\/a><\/p><\/blockquote>\n<p><iframe loading=\"lazy\" class=\"wp-embedded-content\" sandbox=\"allow-scripts\" security=\"restricted\" style=\"position: absolute; clip: rect(1px, 1px, 1px, 1px);\" title=\"&#8220;Due minuti un libro&#8221; &#8212; Radio Pi\u00f9\" src=\"https:\/\/www.radiopiu.net\/wordpress\/due-minuti-un-libro\/embed\/#?secret=qzq1a3i7Dg\" data-secret=\"qzq1a3i7Dg\" width=\"600\" height=\"338\" frameborder=\"0\" marginwidth=\"0\" marginheight=\"0\" scrolling=\"no\"><\/iframe><\/p>\n<\/div>\n<\/div>\n<\/div>\n<div class=\"mkdf-post-text\">\n<div class=\"mkdf-post-text-inner\">\n<div class=\"mkdf-post-text-main\">\n<div class=\"mkdf-post-text\">\n<div class=\"mkdf-post-text-inner\">\n<div class=\"mkdf-post-text-main\">\n<div class=\"mkdf-post-text\">\n<div class=\"mkdf-post-text-inner\">\n<div class=\"mkdf-post-text-main\">\n<div class=\"page-title-head hgroup\">\n<div class=\"page-title-head hgroup\">\n<div class=\"mkdf-post-text\">\n<div class=\"mkdf-post-text-inner\">\n<div class=\"mkdf-post-text-main\">\n<div class=\"mkdf-post-text\">\n<div class=\"mkdf-post-text-inner\">\n<div class=\"mkdf-post-text-main\">\n<div class=\"page-title-head hgroup\">\n<div class=\"page-title-head hgroup\">\n<div class=\"page-title-head hgroup\">\n<div class=\"page-title-head hgroup\">\n<div class=\"b654a4as d2edcug0\">\n<div class=\"page-title-head hgroup\">\n<div class=\"page-title-head hgroup\">\n<div class=\"page-title-head hgroup\">\n<div class=\"page-title-head hgroup\">\n<div class=\"b654a4as d2edcug0\">\n<div class=\"page-title-head hgroup\">\n<div class=\"page-title-head hgroup\">\n<div class=\"page-title-head hgroup\">\n<div class=\"page-title-head hgroup\">\n<div class=\"b654a4as d2edcug0\">\n<div>\n<p>&nbsp;<\/p>\n<\/div>\n<div>\n<hr \/>\n<p>&nbsp;<\/p>\n<\/div>\n<h2><span style=\"color: #808000;\">L&#8217;ALMANACCO LADINO\u00a0\u00a0<\/span><\/h2>\n<p><strong>PUNTATA DEL 14 FEBBRAIO 2022<\/strong><\/p>\n<audio class=\"wp-audio-shortcode\" id=\"audio-259983-13\" preload=\"none\" style=\"width: 100%;\" controls=\"controls\"><source type=\"audio\/mpeg\" src=\"https:\/\/www.radiopiu.net\/wordpress\/wp-content\/uploads\/2022\/02\/77\u00b0Almanacco-Ladino_Anpezo.mp3?_=13\" \/><a href=\"https:\/\/www.radiopiu.net\/wordpress\/wp-content\/uploads\/2022\/02\/77\u00b0Almanacco-Ladino_Anpezo.mp3\">https:\/\/www.radiopiu.net\/wordpress\/wp-content\/uploads\/2022\/02\/77\u00b0Almanacco-Ladino_Anpezo.mp3<\/a><\/audio>\n<p>&nbsp;<\/p>\n<p><strong>LA RACCOLTA<\/strong><\/p>\n<blockquote class=\"wp-embedded-content\" data-secret=\"04RnlSAIdU\"><p><a href=\"https:\/\/www.radiopiu.net\/wordpress\/almanacco-ladino\/\">Almanacco Ladino<\/a><\/p><\/blockquote>\n<p><iframe loading=\"lazy\" class=\"wp-embedded-content\" sandbox=\"allow-scripts\" security=\"restricted\" style=\"position: absolute; clip: rect(1px, 1px, 1px, 1px);\" title=\"&#8220;Almanacco Ladino&#8221; &#8212; Radio Pi\u00f9\" src=\"https:\/\/www.radiopiu.net\/wordpress\/almanacco-ladino\/embed\/#?secret=04RnlSAIdU\" data-secret=\"04RnlSAIdU\" width=\"600\" height=\"338\" frameborder=\"0\" marginwidth=\"0\" marginheight=\"0\" scrolling=\"no\"><\/iframe><\/p>\n<p>&nbsp;<\/p>\n<hr \/>\n<p>&nbsp;<\/p>\n<h2><span style=\"color: #33cccc;\">LA RASSEGNA STAMPA DA L&#8217;AMICO DEL POPOLO<\/span><\/h2>\n<p><strong>LA RACCOLTA COMPLETA<\/strong><\/p>\n<blockquote class=\"wp-embedded-content\" data-secret=\"ELn7VWuPDN\"><p><a href=\"https:\/\/www.radiopiu.net\/wordpress\/rassegna-stampa-di-gianni-santomaso\/\">Rassegna stampa da l&#8217;amico del popolo &#8211; di Gianni Santomaso<\/a><\/p><\/blockquote>\n<p><iframe loading=\"lazy\" class=\"wp-embedded-content\" sandbox=\"allow-scripts\" security=\"restricted\" style=\"position: absolute; clip: rect(1px, 1px, 1px, 1px);\" title=\"&#8220;Rassegna stampa da l&#8217;amico del popolo &#8211; di Gianni Santomaso&#8221; &#8212; Radio Pi\u00f9\" src=\"https:\/\/www.radiopiu.net\/wordpress\/rassegna-stampa-di-gianni-santomaso\/embed\/#?secret=ELn7VWuPDN\" data-secret=\"ELn7VWuPDN\" width=\"600\" height=\"338\" frameborder=\"0\" marginwidth=\"0\" marginheight=\"0\" scrolling=\"no\"><\/iframe><\/p>\n<p>&nbsp;<\/p>\n<hr \/>\n<p>&nbsp;<\/p>\n<h2><span style=\"color: #800080;\">I RACCONTI DI PAOLO SOPPELSA\u00a0<\/span><\/h2>\n<p><strong>LA RACCOLTA COMPLETA<\/strong><\/p>\n<blockquote class=\"wp-embedded-content\" data-secret=\"cnkw1FfY9W\"><p><a href=\"https:\/\/www.radiopiu.net\/wordpress\/i-racconti-di-paolo-soppelsa\/\">I racconti di Paolo Soppelsa<\/a><\/p><\/blockquote>\n<p><iframe loading=\"lazy\" class=\"wp-embedded-content\" sandbox=\"allow-scripts\" security=\"restricted\" style=\"position: absolute; clip: rect(1px, 1px, 1px, 1px);\" title=\"&#8220;I racconti di Paolo Soppelsa&#8221; &#8212; Radio Pi\u00f9\" src=\"https:\/\/www.radiopiu.net\/wordpress\/i-racconti-di-paolo-soppelsa\/embed\/#?secret=cnkw1FfY9W\" data-secret=\"cnkw1FfY9W\" width=\"600\" height=\"338\" frameborder=\"0\" marginwidth=\"0\" marginheight=\"0\" scrolling=\"no\"><\/iframe><\/p>\n<p>&nbsp;<\/p>\n<hr \/>\n<\/div>\n<div class=\"b654a4as d2edcug0\">\n<p>&nbsp;<\/p>\n<p><a href=\"https:\/\/www.radiopiu.net\/wordpress\/giornale-radiopiu-26-settembre-2018-direttore-mirko-mezzacasa\/viabilita-2\/\" rel=\"attachment wp-att-61954\"><img loading=\"lazy\" decoding=\"async\" class=\"aligncenter wp-image-61954 size-full\" src=\"https:\/\/www.radiopiu.net\/wordpress\/wp-content\/uploads\/2018\/09\/viabilita.jpeg\" sizes=\"auto, (max-width: 800px) 100vw, 800px\" srcset=\"https:\/\/www.radiopiu.net\/wordpress\/wp-content\/uploads\/2018\/09\/viabilita.jpeg 800w, https:\/\/www.radiopiu.net\/wordpress\/wp-content\/uploads\/2018\/09\/viabilita-300x38.jpeg 300w, https:\/\/www.radiopiu.net\/wordpress\/wp-content\/uploads\/2018\/09\/viabilita-768x96.jpeg 768w\" alt=\"\" width=\"800\" height=\"100\" \/><\/a><\/p>\n<div class=\"ecm0bbzt e5nlhep0 a8c37x1j\">\n<div class=\"kvgmc6g5 cxmmr5t8 oygrvhab hcukyx3x c1et5uql\">\n<div class=\"gmail-kvgmc6g5 gmail-cxmmr5t8 gmail-oygrvhab gmail-hcukyx3x gmail-c1et5uql gmail-ii04i59q\">\n<div class=\"page-title-head hgroup\">\n<div class=\"page-title-head hgroup\">\n<div class=\"b654a4as d2edcug0\">\n<div class=\"j83agx80 btwxx1t3 lhclo0ds hop8lmos nkwizq5d scwd0bx6 roh60bw9\">\n<div class=\"rq0escxv hkbzh7o3 jwdofwj8 n8tt0mok r8blr3vg hyh9befq\">\n<div class=\"do00u71z l9j0dhe7 k4urcfbm\">\n<div class=\"page-title-head hgroup\">\n<div class=\"page-title-head hgroup\">\n<div class=\"page-title-head hgroup\">\n<div class=\"page-title-head hgroup\">\n<div class=\"b654a4as d2edcug0\">\n<div class=\"page-title-head hgroup\">\n<div class=\"page-title-head hgroup\">\n<div class=\"page-title-head hgroup\">\n<div class=\"page-title-head hgroup\">\n<div class=\"b654a4as d2edcug0\">\n<div class=\"page-title-head hgroup\">\n<div class=\"page-title-head hgroup\">\n<div class=\"page-title-head hgroup\">\n<div class=\"page-title-head hgroup\">\n<div class=\"page-title-head hgroup\">\n<div class=\"page-title-head hgroup\">\n<div class=\"page-title-head hgroup\">\n<div class=\"page-title-head hgroup\">\n<div class=\"page-title-head hgroup\">\n<div class=\"b654a4as d2edcug0\">\n<div class=\"page-title-head hgroup\">\n<div class=\"page-title-head hgroup\">\n<div class=\"page-title-head hgroup\">\n<div class=\"page-title-head hgroup\">\n<div class=\"b654a4as d2edcug0\">\n<div class=\"page-title-head hgroup\">\n<div class=\"page-title-head hgroup\">\n<div class=\"page-title-head hgroup\">\n<div class=\"page-title-head hgroup\">\n<div class=\"page-title-head hgroup\">\n<div class=\"mkdf-post-text\">\n<div class=\"mkdf-post-text-inner\">\n<div class=\"mkdf-post-text-main\">\n<div class=\"mkdf-post-text\">\n<div class=\"mkdf-post-text-inner\">\n<div class=\"mkdf-post-text-main\">\n<div class=\"mkdf-post-text\">\n<div class=\"mkdf-post-text-inner\">\n<div class=\"mkdf-post-text-main\">\n<div class=\"page-title-head hgroup\">\n<div class=\"page-title-head hgroup\">\n<div class=\"mkdf-post-text\">\n<div class=\"mkdf-post-text-inner\">\n<div class=\"mkdf-post-text-main\">\n<div class=\"mkdf-post-text\">\n<div class=\"mkdf-post-text-inner\">\n<div class=\"mkdf-post-text-main\">\n<div class=\"page-title-head hgroup\">\n<div class=\"page-title-head hgroup\">\n<div class=\"page-title-head hgroup\">\n<div class=\"page-title-head hgroup\">\n<div class=\"b654a4as d2edcug0\">\n<div class=\"page-title-head hgroup\">\n<div class=\"page-title-head hgroup\">\n<div class=\"page-title-head hgroup\">\n<div class=\"page-title-head hgroup\">\n<div class=\"b654a4as d2edcug0\">\n<div class=\"page-title-head hgroup\">\n<div class=\"page-title-head hgroup\">\n<div class=\"page-title-head hgroup\">\n<div class=\"page-title-head hgroup\">\n<div class=\"b654a4as d2edcug0\">\n<div class=\"chat-input\">\n<div class=\"chat-input-container\">\n<div class=\"rows-wrapper chat-input-wrapper\">\n<div class=\"reply-wrapper\">\n<div class=\"btn-menu\">\n<div class=\"btn-menu-item tgico-replace rp\">\n<div class=\"c-ripple\">\n<div class=\"bubbles scrolled-down\">\n<div class=\"scrollable scrollable-y\">\n<div class=\"bubbles-inner has-rights is-chat is-channel\">\n<div class=\"bubbles-date-group\">\n<div class=\"bubble hide-name is-out can-have-tail is-group-first is-group-last is-read\" data-mid=\"5377294335\" data-peer-id=\"-1478820725\" data-timestamp=\"1638437407\">\n<div class=\"bubble-content-wrapper\">\n<div class=\"bubble-content\">\n<p class=\"message\" dir=\"auto\"><strong>\u00a0\u00a0<\/strong><\/p>\n<\/div>\n<\/div>\n<\/div>\n<\/div>\n<\/div>\n<\/div>\n<\/div>\n<\/div>\n<\/div>\n<\/div>\n<\/div>\n<\/div>\n<\/div>\n<\/div>\n<\/div>\n<\/div>\n<\/div>\n<\/div>\n<\/div>\n<\/div>\n<\/div>\n<\/div>\n<\/div>\n<\/div>\n<\/div>\n<\/div>\n<\/div>\n<\/div>\n<\/div>\n<\/div>\n<\/div>\n<\/div>\n<\/div>\n<\/div>\n<\/div>\n<\/div>\n<\/div>\n<\/div>\n<\/div>\n<\/div>\n<\/div>\n<\/div>\n<\/div>\n<\/div>\n<\/div>\n<\/div>\n<\/div>\n<\/div>\n<\/div>\n<\/div>\n<\/div>\n<\/div>\n<\/div>\n<\/div>\n<\/div>\n<\/div>\n<\/div>\n<\/div>\n<\/div>\n<\/div>\n<\/div>\n<\/div>\n<\/div>\n<\/div>\n<\/div>\n<\/div>\n<\/div>\n<\/div>\n<\/div>\n<\/div>\n<\/div>\n<\/div>\n<\/div>\n<\/div>\n<\/div>\n<\/div>\n<\/div>\n<\/div>\n<\/div>\n<\/div>\n<\/div>\n<\/div>\n<\/div>\n<\/div>\n<\/div>\n<\/div>\n<\/div>\n<\/div>\n<\/div>\n<\/div>\n<\/div>\n<\/div>\n<\/div>\n<\/div>\n<\/div>\n<\/div>\n<\/div>\n<\/div>\n<\/div>\n<\/div>\n<\/div>\n<\/div>\n<\/div>\n<\/div>\n<\/div>\n<\/div>\n<\/div>\n<\/div>\n<\/div>\n<\/div>\n<\/div>\n<\/div>\n<\/div>\n<\/div>\n<\/div>\n<\/div>\n<\/div>\n<\/div>\n<\/div>\n<\/div>\n<\/div>\n<\/div>\n<\/div>\n<\/div>\n<\/div>\n<\/div>\n<\/div>\n<\/div>\n<\/div>\n<\/div>\n<\/div>\n<\/div>\n<\/div>\n<\/div>\n<\/div>\n<\/div>\n<\/div>\n<\/div>\n<\/div>\n<\/div>\n<\/div>\n<\/div>\n<\/div>\n<\/div>\n<\/div>\n<\/div>\n<\/div>\n<\/div>\n<\/div>\n<\/div>\n<\/div>\n<\/div>\n<\/div>\n<\/div>\n<\/div>\n<\/div>\n<\/div>\n<\/div>\n<\/div>\n<\/div>\n<\/div>\n<\/div>\n<\/div>\n<\/div>\n<\/div>\n<\/div>\n<\/div>\n<\/div>\n<div>\n<div class=\"page-title-head hgroup\">\n<div class=\"page-title-head hgroup\">\n<div class=\"b654a4as d2edcug0\">\n<div class=\"j83agx80 btwxx1t3 lhclo0ds hop8lmos nkwizq5d scwd0bx6 roh60bw9\">\n<div class=\"rq0escxv hkbzh7o3 jwdofwj8 n8tt0mok r8blr3vg hyh9befq\">\n<div class=\"do00u71z l9j0dhe7 k4urcfbm\">\n<div class=\"ecm0bbzt e5nlhep0 a8c37x1j\">\n<div class=\"kvgmc6g5 cxmmr5t8 oygrvhab hcukyx3x c1et5uql\">\n<div class=\"gmail-kvgmc6g5 gmail-cxmmr5t8 gmail-oygrvhab gmail-hcukyx3x gmail-c1et5uql gmail-ii04i59q\">\n<div class=\"page-title-head hgroup\">\n<div class=\"page-title-head hgroup\">\n<div class=\"b654a4as d2edcug0\">\n<div class=\"j83agx80 btwxx1t3 lhclo0ds hop8lmos nkwizq5d scwd0bx6 roh60bw9\">\n<div class=\"rq0escxv hkbzh7o3 jwdofwj8 n8tt0mok r8blr3vg hyh9befq\">\n<div class=\"do00u71z l9j0dhe7 k4urcfbm\">\n<div class=\"page-title-head hgroup\">\n<div class=\"page-title-head hgroup\">\n<div class=\"page-title-head hgroup\">\n<div class=\"page-title-head hgroup\">\n<div class=\"b654a4as d2edcug0\">\n<div class=\"page-title-head hgroup\">\n<div class=\"page-title-head hgroup\">\n<div class=\"page-title-head hgroup\">\n<div class=\"page-title-head hgroup\">\n<div class=\"b654a4as d2edcug0\">\n<div class=\"page-title-head hgroup\">\n<div class=\"page-title-head hgroup\">\n<div class=\"page-title-head hgroup\">\n<div class=\"page-title-head hgroup\">\n<div class=\"page-title-head hgroup\">\n<div class=\"page-title-head hgroup\">\n<div class=\"page-title-head hgroup\">\n<div class=\"page-title-head hgroup\">\n<div class=\"page-title-head hgroup\">\n<div class=\"b654a4as d2edcug0\">\n<div class=\"page-title-head hgroup\">\n<div class=\"page-title-head hgroup\">\n<div class=\"page-title-head hgroup\">\n<div class=\"page-title-head hgroup\">\n<div class=\"b654a4as d2edcug0\">\n<div class=\"page-title-head hgroup\">\n<div class=\"page-title-head hgroup\">\n<div class=\"page-title-head hgroup\">\n<div class=\"page-title-head hgroup\">\n<div class=\"page-title-head hgroup\">\n<div class=\"mkdf-post-text\">\n<div class=\"mkdf-post-text-inner\">\n<div class=\"mkdf-post-text-main\">\n<div class=\"mkdf-post-text\">\n<div class=\"mkdf-post-text-inner\">\n<div class=\"mkdf-post-text-main\">\n<div class=\"mkdf-post-text\">\n<div class=\"mkdf-post-text-inner\">\n<div class=\"mkdf-post-text-main\">\n<div class=\"page-title-head hgroup\">\n<div class=\"page-title-head hgroup\">\n<div class=\"mkdf-post-text\">\n<div class=\"mkdf-post-text-inner\">\n<div class=\"mkdf-post-text-main\">\n<div class=\"mkdf-post-text\">\n<div class=\"mkdf-post-text-inner\">\n<div class=\"mkdf-post-text-main\">\n<div class=\"page-title-head hgroup\">\n<div class=\"page-title-head hgroup\">\n<div class=\"page-title-head hgroup\">\n<div class=\"page-title-head hgroup\">\n<div class=\"b654a4as d2edcug0\">\n<div class=\"page-title-head hgroup\">\n<div class=\"page-title-head hgroup\">\n<div class=\"page-title-head hgroup\">\n<div class=\"page-title-head hgroup\">\n<div class=\"b654a4as d2edcug0\">\n<div class=\"page-title-head hgroup\">\n<div class=\"page-title-head hgroup\">\n<div class=\"page-title-head hgroup\">\n<div class=\"page-title-head hgroup\">\n<div class=\"b654a4as d2edcug0\">\n<div class=\"ecm0bbzt e5nlhep0 a8c37x1j\">\n<div class=\"kvgmc6g5 cxmmr5t8 oygrvhab hcukyx3x c1et5uql\">\n<div class=\"gmail-kvgmc6g5 gmail-cxmmr5t8 gmail-oygrvhab gmail-hcukyx3x gmail-c1et5uql gmail-ii04i59q\">\n<div class=\"page-title-head hgroup\">\n<div class=\"page-title-head hgroup\">\n<div class=\"b654a4as d2edcug0\">\n<div class=\"j83agx80 btwxx1t3 lhclo0ds hop8lmos nkwizq5d scwd0bx6 roh60bw9\">\n<div class=\"rq0escxv hkbzh7o3 jwdofwj8 n8tt0mok r8blr3vg hyh9befq\">\n<div class=\"do00u71z l9j0dhe7 k4urcfbm\">\n<div class=\"page-title-head hgroup\">\n<div class=\"page-title-head hgroup\">\n<div class=\"page-title-head hgroup\">\n<div class=\"page-title-head hgroup\">\n<div class=\"b654a4as d2edcug0\">\n<div class=\"page-title-head hgroup\">\n<div class=\"page-title-head hgroup\">\n<div class=\"page-title-head hgroup\">\n<div class=\"page-title-head hgroup\">\n<div class=\"b654a4as d2edcug0\">\n<div class=\"page-title-head hgroup\">\n<div class=\"page-title-head hgroup\">\n<div class=\"page-title-head hgroup\">\n<div class=\"page-title-head hgroup\">\n<div class=\"page-title-head hgroup\">\n<div class=\"page-title-head hgroup\">\n<div class=\"page-title-head hgroup\">\n<div class=\"page-title-head hgroup\">\n<div class=\"page-title-head hgroup\">\n<div class=\"b654a4as d2edcug0\">\n<div class=\"page-title-head hgroup\">\n<div class=\"page-title-head hgroup\">\n<div class=\"page-title-head hgroup\">\n<div class=\"page-title-head hgroup\">\n<div class=\"b654a4as d2edcug0\">\n<div class=\"page-title-head hgroup\">\n<div class=\"page-title-head hgroup\">\n<div class=\"page-title-head hgroup\">\n<div class=\"page-title-head hgroup\">\n<div class=\"page-title-head hgroup\">\n<div class=\"mkdf-post-text\">\n<div class=\"mkdf-post-text-inner\">\n<div class=\"mkdf-post-text-main\">\n<div class=\"mkdf-post-text\">\n<div class=\"mkdf-post-text-inner\">\n<div class=\"mkdf-post-text-main\">\n<div class=\"mkdf-post-text\">\n<div class=\"mkdf-post-text-inner\">\n<div class=\"mkdf-post-text-main\">\n<div class=\"page-title-head hgroup\">\n<div class=\"page-title-head hgroup\">\n<div class=\"mkdf-post-text\">\n<div class=\"mkdf-post-text-inner\">\n<div class=\"mkdf-post-text-main\">\n<div class=\"mkdf-post-text\">\n<div class=\"mkdf-post-text-inner\">\n<div class=\"mkdf-post-text-main\">\n<div class=\"page-title-head hgroup\">\n<div class=\"page-title-head hgroup\">\n<div class=\"page-title-head hgroup\">\n<div class=\"page-title-head hgroup\">\n<div class=\"b654a4as d2edcug0\">\n<div class=\"page-title-head hgroup\">\n<div class=\"page-title-head hgroup\">\n<div class=\"page-title-head hgroup\">\n<div class=\"page-title-head hgroup\">\n<div class=\"b654a4as d2edcug0\">\n<div class=\"page-title-head hgroup\">\n<div class=\"page-title-head hgroup\">\n<div class=\"page-title-head hgroup\">\n<div class=\"page-title-head hgroup\">\n<div class=\"b654a4as d2edcug0\">\n<blockquote class=\"wp-embedded-content\" data-secret=\"FZK91XLDOu\"><p><a href=\"https:\/\/www.radiopiu.net\/wordpress\/viabilita\/\">viabilita<\/a><\/p><\/blockquote>\n<p><iframe loading=\"lazy\" class=\"wp-embedded-content\" sandbox=\"allow-scripts\" security=\"restricted\" style=\"position: absolute; clip: rect(1px, 1px, 1px, 1px);\" title=\"&#8220;viabilita&#8221; &#8212; Radio Pi\u00f9\" src=\"https:\/\/www.radiopiu.net\/wordpress\/viabilita\/embed\/#?secret=FZK91XLDOu\" data-secret=\"FZK91XLDOu\" width=\"600\" height=\"338\" frameborder=\"0\" marginwidth=\"0\" marginheight=\"0\" scrolling=\"no\"><\/iframe><\/p>\n<p>&nbsp;<\/p>\n<hr \/>\n<p>&nbsp;<\/p>\n<\/div>\n<div class=\"b654a4as d2edcug0\">\n<div class=\"ecm0bbzt e5nlhep0 a8c37x1j\">\n<div class=\"kvgmc6g5 cxmmr5t8 oygrvhab hcukyx3x c1et5uql\">\n<div class=\"gmail-kvgmc6g5 gmail-cxmmr5t8 gmail-oygrvhab gmail-hcukyx3x gmail-c1et5uql gmail-ii04i59q\">\n<div>\n<div class=\"page-title-head hgroup\">\n<div class=\"page-title-head hgroup\">\n<div class=\"b654a4as d2edcug0\">\n<div class=\"j83agx80 btwxx1t3 lhclo0ds hop8lmos nkwizq5d scwd0bx6 roh60bw9\">\n<div class=\"rq0escxv hkbzh7o3 jwdofwj8 n8tt0mok r8blr3vg hyh9befq\">\n<div class=\"do00u71z l9j0dhe7 k4urcfbm\">\n<div>\n<div class=\"page-title-head hgroup\">\n<div class=\"page-title-head hgroup\">\n<div class=\"page-title-head hgroup\">\n<div class=\"page-title-head hgroup\">\n<div class=\"b654a4as d2edcug0\">\n<div class=\"page-title-head hgroup\">\n<div class=\"page-title-head hgroup\">\n<div class=\"page-title-head hgroup\">\n<div class=\"page-title-head hgroup\">\n<div class=\"b654a4as d2edcug0\">\n<div class=\"page-title-head hgroup\">\n<div class=\"page-title-head hgroup\">\n<div class=\"page-title-head hgroup\">\n<div class=\"page-title-head hgroup\">\n<div class=\"page-title-head hgroup\">\n<div class=\"mkdf-post-text\">\n<div class=\"mkdf-post-text-inner\">\n<div class=\"mkdf-post-text-main\">\n<div class=\"mkdf-post-text\">\n<div class=\"mkdf-post-text-inner\">\n<div class=\"mkdf-post-text-main\">\n<div class=\"mkdf-post-text\">\n<div class=\"mkdf-post-text-inner\">\n<div class=\"mkdf-post-text-main\">\n<div class=\"page-title-head hgroup\">\n<div class=\"page-title-head hgroup\">\n<div class=\"mkdf-post-text\">\n<div class=\"mkdf-post-text-inner\">\n<div class=\"mkdf-post-text-main\">\n<div class=\"mkdf-post-text\">\n<div class=\"mkdf-post-text-inner\">\n<div class=\"mkdf-post-text-main\">\n<div>\n<div class=\"page-title-head hgroup\">\n<div class=\"page-title-head hgroup\">\n<div>\n<div class=\"page-title-head hgroup\">\n<div class=\"page-title-head hgroup\">\n<div class=\"b654a4as d2edcug0\">\n<div>\n<div class=\"page-title-head hgroup\" style=\"text-align: left;\">\n<div class=\"page-title-head hgroup\">\n<div dir=\"auto\">\n<p><a class=\"dt-pswp-item pspw-wrap-ready\" href=\"https:\/\/i0.wp.com\/www.radiopiu.net\/wordpress\/wp-content\/uploads\/2018\/09\/WhatsApp-Image-2018-09-20-at-16.04.06.jpeg?ssl=1\" data-dt-img-description=\"\" data-large_image_width=\"800\" data-large_image_height=\"100\"><img loading=\"lazy\" decoding=\"async\" class=\"aligncenter wp-image-61378 size-full jetpack-lazy-image jetpack-lazy-image--handled\" src=\"https:\/\/i0.wp.com\/www.radiopiu.net\/wordpress\/wp-content\/uploads\/2018\/09\/WhatsApp-Image-2018-09-20-at-16.04.06.jpeg?resize=800%2C100&amp;ssl=1\" sizes=\"auto, (max-width: 800px) 100vw, 800px\" srcset=\"https:\/\/i0.wp.com\/www.radiopiu.net\/wordpress\/wp-content\/uploads\/2018\/09\/WhatsApp-Image-2018-09-20-at-16.04.06.jpeg?w=800&amp;ssl=1 800w, https:\/\/i0.wp.com\/www.radiopiu.net\/wordpress\/wp-content\/uploads\/2018\/09\/WhatsApp-Image-2018-09-20-at-16.04.06.jpeg?resize=300%2C38&amp;ssl=1 300w, https:\/\/i0.wp.com\/www.radiopiu.net\/wordpress\/wp-content\/uploads\/2018\/09\/WhatsApp-Image-2018-09-20-at-16.04.06.jpeg?resize=768%2C96&amp;ssl=1 768w\" alt=\"\" width=\"800\" height=\"100\" data-lazy-loaded=\"1\" \/><\/a><\/p>\n<\/div>\n<\/div>\n<\/div>\n<\/div>\n<\/div>\n<\/div>\n<\/div>\n<\/div>\n<\/div>\n<\/div>\n<\/div>\n<\/div>\n<\/div>\n<\/div>\n<\/div>\n<\/div>\n<\/div>\n<\/div>\n<\/div>\n<\/div>\n<\/div>\n<\/div>\n<\/div>\n<\/div>\n<\/div>\n<\/div>\n<\/div>\n<\/div>\n<\/div>\n<\/div>\n<\/div>\n<\/div>\n<\/div>\n<\/div>\n<\/div>\n<\/div>\n<\/div>\n<\/div>\n<\/div>\n<\/div>\n<\/div>\n<\/div>\n<\/div>\n<\/div>\n<p>&nbsp;<\/p>\n<\/div>\n<\/div>\n<\/div>\n<\/div>\n<\/div>\n<\/div>\n<\/div>\n<\/div>\n<\/div>\n<\/div>\n<\/div>\n<\/div>\n<\/div>\n<\/div>\n<\/div>\n<\/div>\n<\/div>\n<\/div>\n<\/div>\n<\/div>\n<\/div>\n<\/div>\n<\/div>\n<\/div>\n<\/div>\n<\/div>\n<\/div>\n<\/div>\n<\/div>\n<\/div>\n<\/div>\n<\/div>\n<\/div>\n<\/div>\n<\/div>\n<\/div>\n<\/div>\n<\/div>\n<\/div>\n<\/div>\n<\/div>\n<\/div>\n<\/div>\n<\/div>\n<\/div>\n<\/div>\n<\/div>\n<\/div>\n<\/div>\n<\/div>\n<\/div>\n<\/div>\n<\/div>\n<\/div>\n<\/div>\n<\/div>\n<\/div>\n<\/div>\n<\/div>\n<\/div>\n<\/div>\n<\/div>\n<\/div>\n<\/div>\n<\/div>\n<\/div>\n<\/div>\n<\/div>\n<\/div>\n<\/div>\n<\/div>\n<\/div>\n<\/div>\n<\/div>\n<\/div>\n<\/div>\n<\/div>\n<\/div>\n<\/div>\n<\/div>\n<\/div>\n<\/div>\n<\/div>\n<\/div>\n<\/div>\n<\/div>\n<\/div>\n<\/div>\n<\/div>\n<\/div>\n<\/div>\n<\/div>\n<\/div>\n<\/div>\n<\/div>\n<\/div>\n<\/div>\n<\/div>\n<\/div>\n<\/div>\n<\/div>\n<\/div>\n<\/div>\n<\/div>\n<\/div>\n<\/div>\n<\/div>\n<\/div>\n<\/div>\n<\/div>\n<\/div>\n<\/div>\n<\/div>\n<\/div>\n<\/div>\n<\/div>\n<\/div>\n<\/div>\n<\/div>\n<\/div>\n<\/div>\n<\/div>\n<\/div>\n<\/div>\n<\/div>\n<\/div>\n<\/div>\n<\/div>\n<\/div>\n<\/div>\n<\/div>\n<\/div>\n<\/div>\n<\/div>\n<\/div>\n<\/div>\n<\/div>\n<\/div>\n<\/div>\n<\/div>\n<\/div>\n<\/div>\n<\/div>\n<\/div>\n<\/div>\n<\/div>\n<\/div>\n<\/div>\n<\/div>\n<\/div>\n<\/div>\n<\/div>\n<\/div>\n<\/div>\n<\/div>\n<\/div>\n<\/div>\n<\/div>\n<\/div>\n<\/div>\n<\/div>\n<\/div>\n<\/div>\n<\/div>\n<\/div>\n<\/div>\n<\/div>\n<\/div>\n<\/div>\n<\/div>\n<\/div>\n<\/div>\n<\/div>\n<\/div>\n<\/div>\n<\/div>\n<\/div>\n<\/div>\n<\/div>\n<\/div>\n<\/div>\n<\/div>\n<\/div>\n<\/div>\n<\/div>\n<\/div>\n<\/div>\n<p><center><b>Venerdi 18<\/b><\/center><b>Tempo atteso: <\/b>Stupenda giornata, ben soleggiata, con cielo terso, aria limpida e ottima visibilit\u00e0 sulla maggiore parte della montagna veneta, eccetto iniziali nebbie o nubi basse in alcune conche prealpine, specie la Valbelluna, in rapido dissolvimento. Inversione termica nelle ore pi\u00f9 fredde e mitezza diurna a tutte le quote.<br \/>\n<b>Precipitazioni: <\/b>Assenti (0%).<br \/>\n<b>Temperature: <\/b>Perlopi\u00f9 senza notevoli variazioni o in leggero aumento, eccetto eventuale calo delle minime e inversione termica nei fondovalle prealpini qualora le nubi basse fossero assenti. Su Prealpi a 1500 m min 2\u00b0C max 8\u00b0C, a 2000 m min 0\u00b0C max 5\u00b0C; su Dolomiti a 2000 m min -1\u00b0C max 6\u00b0C, a 3000 m min -4\u00b0C max 1\u00b0C.<br \/>\n<b>Venti: <\/b>Nelle valli deboli di direzione variabile, salvo locali rinforzi mattutini per brezze di monte su alcuni settori prealpini; in quota tesi\/forti da nord-ovest durante la notte e moderati\/tesi disponendosi da ovest sud-ovest in giornata, a 15-40 km\/h a 2000 m e a 35-75 km\/h a 3000 m. Nottetempo le raffiche potranno ancora toccare gli 80\/90 km\/h.<\/p>\n<hr \/>\n<p><center><b>Sabato 19<\/b><\/center><b>Tempo atteso: <\/b>Sulle Prealpi estesa copertura nuvolosa per nubi stratiformi, anche basse, con scarsa visibilit\u00e0 e ambiente assai uggioso. Sulle Dolomiti la copertura sar\u00e0 presente ma meno densa e non si escludono chance di tratti soleggiati, specie a inizio giornata e nel tardo pomeriggio\/sera. Riduzione dell&#8217;escursione termica giornaliera a tutte le quote, specie nei settori interessati da nubi basse persistenti.<br \/>\n<b>Precipitazioni: <\/b>Pressoch\u00e9 assenti sulle Dolomiti (10%), mentre non saranno del tutto da escludere sulle Prealpi, specie su quelle orientali (20\/30%). In ogni caso si tratter\u00e0 di qualche fiocco oltre i 1500\/1600 m e di sporadiche pioviggine in alcune valli prealpine.<br \/>\n<b>Temperature: <\/b>In generale diminuzione con minime osservate alla sera in quota. Potrebbero fare eccezione le minime del mattino nelle valli in relazione all&#8217;assenza d&#8217;irraggiamento notturno per copertura nuvolosa. Su Prealpi a 1500 m min 0\u00b0C max 1\u00b0C, a 2000 m min -2\u00b0C max 0\u00b0C; su Dolomiti a 2000 m min -3\u00b0C max 0\u00b0C, a 3000 m min -9\u00b0C max -3\u00b0C.<br \/>\n<b>Venti: <\/b>Nelle valli generalmente deboli di direzione variabile; in quota tesi da sud-ovest nottetempo sulle cime dolomitiche pi\u00f9 alte e su alcune dorsali prealpine, poi perlopi\u00f9 moderati, sempre da sud-ovest, a 15-35 km\/h a 2000 m e a 25-45 km\/h a 3000 m.<\/p>\n<hr \/>\n<p><center><b>Domenica 20<\/b><\/center>Nella prima parte del giorno in prevalenza soleggiato, salvo residue nubi basse mattutine su alcuni settori prealpini, in diradamento. Nel corso del pomeriggio riduzione del soleggiamento per ingresso di nubi stratiformi medie e medio-alte. Temperature minime in calo e massime in ripresa. Atmosfera di nuovo assai ventosa sulle cime dolomitiche pi\u00f9 alte per venti tesi da nord-ovest, la suddetta ventilazione dovrebbe non propagarsi sotto i 2500 m, salvo qualche temporanea raffica.<\/p>\n<hr \/>\n<p><center><b>Lunedi 21<\/b><\/center>Parzialmente nuvoloso ovunque a inizio giornata, poi aumento della copertura nuvolosa sulle Dolomiti, assieme a una crescente probabilit\u00e0 di deboli precipitazioni sotto forma di neve ventata sopra i 1200\/1400 m e qualche goccia nelle valli. Nello stesso tempo, sulle Prealpi, graduale riduzione della copertura nuvolosa e rasserenamenti sempre pi\u00f9 ampi. In quota rinforzo dei venti da nord nord-ovest fino a forti nel pomeriggio\/sera; mentre il Foehn si diffonder\u00e0 nelle valli dal pomeriggio in poi. Previsore: R.L.Th.<\/p>\n<p>&nbsp;<\/p>\n<hr \/>\n<p>&nbsp;<\/p>\n<p><img loading=\"lazy\" decoding=\"async\" class=\"wp-image-60761 size-full aligncenter\" src=\"https:\/\/www.radiopiu.net\/wordpress\/wp-content\/uploads\/2018\/09\/sport.jpg\" alt=\"\" width=\"800\" height=\"100\" srcset=\"https:\/\/www.radiopiu.net\/wordpress\/wp-content\/uploads\/2018\/09\/sport.jpg 800w, https:\/\/www.radiopiu.net\/wordpress\/wp-content\/uploads\/2018\/09\/sport-300x38.jpg 300w, https:\/\/www.radiopiu.net\/wordpress\/wp-content\/uploads\/2018\/09\/sport-768x96.jpg 768w\" sizes=\"auto, (max-width: 800px) 100vw, 800px\" \/><\/p>\n<p>&nbsp;<\/p>\n<p><span style=\"color: #0000ff;\"><strong>HOCKEY SU GHIACCIO<\/strong><\/span><\/p>\n<blockquote>\n<h3>SCONFITTA SONANTE PER LE CIVETTE CONTRO IL FIEMME E IL PERGINE SARA\u2019 L\u2019AVVERSARIO DEI QUARTI DI FINALE<\/h3>\n<\/blockquote>\n<p><strong><a class=\"dt-pswp-item\" href=\"https:\/\/www.radiopiu.net\/wordpress\/wp-content\/uploads\/2019\/02\/704B3B5E-C6E2-4913-81FA-D6D96DABDD98.jpeg\" data-dt-img-description=\"\" data-large_image_width=\"1200\" data-large_image_height=\"800\"><img loading=\"lazy\" decoding=\"async\" class=\"size-medium wp-image-75954 alignleft\" src=\"https:\/\/www.radiopiu.net\/wordpress\/wp-content\/uploads\/2019\/02\/704B3B5E-C6E2-4913-81FA-D6D96DABDD98-300x200.jpeg\" alt=\"\" width=\"300\" height=\"200\" srcset=\"https:\/\/www.radiopiu.net\/wordpress\/wp-content\/uploads\/2019\/02\/704B3B5E-C6E2-4913-81FA-D6D96DABDD98-300x200.jpeg 300w, https:\/\/www.radiopiu.net\/wordpress\/wp-content\/uploads\/2019\/02\/704B3B5E-C6E2-4913-81FA-D6D96DABDD98-768x512.jpeg 768w, https:\/\/www.radiopiu.net\/wordpress\/wp-content\/uploads\/2019\/02\/704B3B5E-C6E2-4913-81FA-D6D96DABDD98-1024x683.jpeg 1024w, https:\/\/www.radiopiu.net\/wordpress\/wp-content\/uploads\/2019\/02\/704B3B5E-C6E2-4913-81FA-D6D96DABDD98.jpeg 1200w\" sizes=\"auto, (max-width: 300px) 100vw, 300px\" \/><\/a>FIEMME \u2013 ALLEGHE 8-2<\/strong><\/p>\n<p>PARZIALI: 1-0, 4-1, 3-1<\/p>\n<p>GOL: pt. 17\u201923\u201d Vinatzer. st. 0\u201955\u201d Moucka, 1\u201956\u201d e 12\u201915 Vinatzer, 6\u201941\u201d Kiviranta, 13\u201918\u201d Locatin. tt. 4\u201930\u201d Eastman, 7\u201959\u201d Kiviranta, 11&#8217;05&#8221; Locatin, 15\u201903\u201d Odorizzi<\/p>\n<p>&nbsp;<\/p>\n<p>Una sconfitta che brucia per l\u2019Alleghe. Le civette tornano da Cavalese senza punti in tasca dopo una sfida che ha visto gli agordini giocare bene ad hockey solo nei primi 20 minuti gara, poi la squadra di Fontana spegne la luce e concede troppo ad un Fiemme che non resta a guardare e chiude la sfida nel secondo tempo. Nel frattempo il Caldaro vince contro l\u2019Unterland Cavaliers e costringe gli agordini ad aggiudicarsi la quarta posizione e di conseguenza trovarsi di fronte il Pergine ai quarti di finale ma con il vantaggio della prima partita in casa. Partono bene le civette che fin da subito mettono in difficolt\u00e0 il Fiemme. I trentini non si fanno sorprendere e rispondono con alcune conclusioni verso la gabbia difesa da Scola. I ritmi sono alti e la partita scorre veloce. Gli agordini hanno pi\u00f9 volte l\u2019occasione di sbloccare il punteggio al primo powerplay a favore. Si lotta su ogni disco ma le difese lavorano bene e il gol non arriva. Match che si incattivisce e fioccano le prime penalit\u00e0 per entrambe le formazioni. Scola \u00e8 in serata e in due occasioni salva il risultato per l\u2019Alleghe. Vinatzer per\u00f2 non perdona e riesce ad infilare il disco alle spalle del golie agordino dopo un assist d\u2019oro di Chelodi. Il secondo tempo inizia nel peggiore dei modi per l\u2019Alleghe che nel giro di due minuti subisce due marcature. Il secondo gol trentino arriva dalla stecca del ceco Moucka mentre Vinatzer beffa per la seconda volta Scola. Un disastro della squadra allenata da Fontana che sembra non riuscire a rialzarsi dalla batosta. Un timeout dell\u2019allenatore alleghese sprona gli agordini che riescono ad accorciare le distanze in doppia superiorit\u00e0 con Kiviranta. Non mollano i fiemmesi che continuano a premere con intensit\u00e0. Le civette provano a rispondere in contropiede ma Peiti non si fa sorprendere. Ad avere la meglio sono ancora i padroni di casa che calano il poker ancora una volta con Vinatzer, tripletta personale per lui. Biancorossi che spengono la luce definitivamente e subiscono la quinta marcatura con Locatin. Sembrano arrendersi gli agordini che non riescono a rimettere in ordine le idee. Nel terzo drittel Fontana opta per sostituire Scola con Zanardi. Il Fiemme continua a spingere ma non incrementa il vantaggio. \u00c8 un assedio dei trentini che colpiscono la traversa e impegnano il portiere agordino pi\u00f9 volte. Arriva la sesta rete fiemmese con Eastman. Kiviranta sigla la doppietta personale poco dopo accorciando di nuovo il divario. Locatin a tu per tu con Zanardi non sbaglia e porta a 7 i gol della squadra locale. A chiudere definitivamente la partita ci pensa Odorizzi a 5\u2019 dal termine.<\/p>\n<p>&nbsp;<\/p>\n<p>&nbsp;<\/p>\n<hr \/>\n<p>&nbsp;<\/p>\n<p><span style=\"color: #0000ff;\"><strong>SCI ALPINISMO<\/strong><\/span><\/p>\n<blockquote>\n<h3>LA TRANSCAVALLO PARTIRA&#8217; DOMENICA E NON SABATO, LO CONSIGLIA LA METEO<\/h3>\n<\/blockquote>\n<p><strong>ALPAGO<\/strong> Il Comitato Organizzatore ha deciso di spostare la partenza della 39^ Transcavallo da sabato 19 febbraio a domenica 20 febbraio.\u00a0 La partenza sar\u00e0 data alle ore 7:30 da Casera Cate per la prova Team, mentre la gara individuale partir\u00e0 sempre da Casera Cate alle 8:15.<\/p>\n<p>&nbsp;<\/p>\n<\/div>\n<\/div>\n<\/div>\n<\/div>\n<\/div>\n<\/div>\n<\/div>\n<\/div>\n","protected":false},"excerpt":{"rendered":"<p>INFORMAZIONE il canale su TELEGRAM informazione di prima mano e in tempo reale. iscriviti ed aiutaci a farlo conoscere &nbsp; &nbsp; DOMENICA AL NOF FILO&#8217; DI CENCENIGHE VACCINAZIONI ANTI\u00a0 COVID AD ACCESSO LIBERO \u00a0CENCENIGHE Domenica dalle 9 alle 13 al Nof Filo&#8217; nuova giornata di vaccinazioni con i medici di medicina generale e i pediatri,&hellip;<\/p>\n","protected":false},"author":4,"featured_media":260192,"comment_status":"closed","ping_status":"closed","sticky":false,"template":"","format":"standard","meta":{"_monsterinsights_skip_tracking":false,"_monsterinsights_sitenote_active":false,"_monsterinsights_sitenote_note":"","_monsterinsights_sitenote_category":0,"footnotes":""},"categories":[104,86,49],"tags":[],"class_list":["post-259983","post","type-post","status-publish","format-standard","has-post-thumbnail","hentry","category-evidenza_3","category-gr","category-news-18","category-104","category-86","category-49","description-off"],"img_url":"https:\/\/www.radiopiu.net\/wordpress\/wp-content\/uploads\/2022\/02\/e3406690-caa8-43ff-b5cf-64fc76b29433.jpg","_links":{"self":[{"href":"https:\/\/www.radiopiu.net\/wordpress\/wp-json\/wp\/v2\/posts\/259983","targetHints":{"allow":["GET"]}}],"collection":[{"href":"https:\/\/www.radiopiu.net\/wordpress\/wp-json\/wp\/v2\/posts"}],"about":[{"href":"https:\/\/www.radiopiu.net\/wordpress\/wp-json\/wp\/v2\/types\/post"}],"author":[{"embeddable":true,"href":"https:\/\/www.radiopiu.net\/wordpress\/wp-json\/wp\/v2\/users\/4"}],"replies":[{"embeddable":true,"href":"https:\/\/www.radiopiu.net\/wordpress\/wp-json\/wp\/v2\/comments?post=259983"}],"version-history":[{"count":0,"href":"https:\/\/www.radiopiu.net\/wordpress\/wp-json\/wp\/v2\/posts\/259983\/revisions"}],"wp:featuredmedia":[{"embeddable":true,"href":"https:\/\/www.radiopiu.net\/wordpress\/wp-json\/wp\/v2\/media\/260192"}],"wp:attachment":[{"href":"https:\/\/www.radiopiu.net\/wordpress\/wp-json\/wp\/v2\/media?parent=259983"}],"wp:term":[{"taxonomy":"category","embeddable":true,"href":"https:\/\/www.radiopiu.net\/wordpress\/wp-json\/wp\/v2\/categories?post=259983"},{"taxonomy":"post_tag","embeddable":true,"href":"https:\/\/www.radiopiu.net\/wordpress\/wp-json\/wp\/v2\/tags?post=259983"}],"curies":[{"name":"wp","href":"https:\/\/api.w.org\/{rel}","templated":true}]}}