{"id":260154,"date":"2022-02-17T17:25:33","date_gmt":"2022-02-17T16:25:33","guid":{"rendered":"https:\/\/www.radiopiu.net\/wordpress\/?p=260154"},"modified":"2022-02-18T05:49:58","modified_gmt":"2022-02-18T04:49:58","slug":"un-defibrillatore-allo-stadio-di-mel-nel-ricordo-di-carlo-alberto-conte","status":"publish","type":"post","link":"https:\/\/www.radiopiu.net\/wordpress\/un-defibrillatore-allo-stadio-di-mel-nel-ricordo-di-carlo-alberto-conte\/","title":{"rendered":"UN DEFIBRILLATORE ALLO STADIO DI MEL, NEL RICORDO DI CARLO ALBERTO CONTE\u00a0"},"content":{"rendered":"<blockquote>\n<h2><strong style=\"font-size: 14px;\">\u00a0<\/strong><\/h2>\n<\/blockquote>\n<p><strong><a class=\"dt-pswp-item\" href=\"https:\/\/www.radiopiu.net\/wordpress\/wp-content\/uploads\/2022\/02\/Borgo-Valbelluna_stadio_1.jpg\" data-dt-img-description=\"\" data-large_image_width=\"1024\" data-large_image_height=\"576\"><img loading=\"lazy\" decoding=\"async\" class=\"size-medium wp-image-260152 alignleft\" src=\"https:\/\/www.radiopiu.net\/wordpress\/wp-content\/uploads\/2022\/02\/Borgo-Valbelluna_stadio_1-300x169.jpg\" alt=\"\" width=\"300\" height=\"169\" srcset=\"https:\/\/www.radiopiu.net\/wordpress\/wp-content\/uploads\/2022\/02\/Borgo-Valbelluna_stadio_1-300x169.jpg 300w, https:\/\/www.radiopiu.net\/wordpress\/wp-content\/uploads\/2022\/02\/Borgo-Valbelluna_stadio_1-768x432.jpg 768w, https:\/\/www.radiopiu.net\/wordpress\/wp-content\/uploads\/2022\/02\/Borgo-Valbelluna_stadio_1.jpg 1024w\" sizes=\"auto, (max-width: 300px) 100vw, 300px\" \/><\/a>BORGO VALBELLUNA<\/strong> Un defibrillatore nel ricordo di Carlo Alberto Conte. Sar\u00e0 posizionato nei rinnovati impianti sportivi di Mel, in localit\u00e0 La Lora, nel Comune di Borgo Valbelluna, grazie all\u2019iniziativa del Gs La Piave 2000. La societ\u00e0 bellunese, presieduta da Patrizia Tremea, ha avviato una raccolta di fondi destinata all\u2019acquisto del dispositivo salvavita. Il defibrillatore sar\u00e0 collocato all\u2019aperto, nelle vicinanze della pista di atletica, e costituir\u00e0 un motivo di ulteriore sicurezza per tutti gli utilizzatori del campo. Il Gs La Piave ha condiviso <a class=\"dt-pswp-item\" href=\"https:\/\/www.radiopiu.net\/wordpress\/wp-content\/uploads\/2022\/02\/Tremea_Patrizia_presidente-del-Gs-La-Piave-2000_b-1.jpg\" data-dt-img-description=\"\" data-large_image_width=\"727\" data-large_image_height=\"1004\"><img loading=\"lazy\" decoding=\"async\" class=\"size-medium wp-image-260153 alignright\" src=\"https:\/\/www.radiopiu.net\/wordpress\/wp-content\/uploads\/2022\/02\/Tremea_Patrizia_presidente-del-Gs-La-Piave-2000_b-1-217x300.jpg\" alt=\"\" width=\"217\" height=\"300\" srcset=\"https:\/\/www.radiopiu.net\/wordpress\/wp-content\/uploads\/2022\/02\/Tremea_Patrizia_presidente-del-Gs-La-Piave-2000_b-1-217x300.jpg 217w, https:\/\/www.radiopiu.net\/wordpress\/wp-content\/uploads\/2022\/02\/Tremea_Patrizia_presidente-del-Gs-La-Piave-2000_b-1.jpg 727w\" sizes=\"auto, (max-width: 217px) 100vw, 217px\" \/><\/a>l\u2019iniziativa con il Gs Fiamme Oro Padova, la societ\u00e0 di Carlo Alberto. Il defibrillatore sar\u00e0 posizionato allo stadio di Mel con una piccola cerimonia, in occasione della campestre regionale del 27 febbraio, che proprio agli impianti sportivi avr\u00e0 il suo fulcro. <span lang=\"EN-US\">\u201c<\/span><i>Abbiamo pensato di dedicarlo a Carlo Alberto Conte, il giovane atleta padovano colpito da un malore, poi purtroppo rivelatosi fatale, in occasione del cross regionale di Vittorio Veneto del 23 gennaio<\/i> <span lang=\"EN-US\">\u2013<\/span> spiega la presidente Tremea (foto) -.\u00a0 <i>Noi c<span lang=\"EN-US\">\u2019<\/span>eravamo, Carlo Alberto stava correndo anche insieme ai nostri ragazzi. Siamo rimasti tutti molto scossi da quanto accaduto, questa disgrazia ci ha fatto riflettere, una volta di pi\u00f9, sulla necessit\u00e0 di rendere sempre pi\u00f9 sicuri i luoghi dello sport<\/i><span lang=\"EN-US\">\u201d<\/span>.<\/p>\n<blockquote><p><em>La donazione per l\u2019acquisto del defibrillatore pu\u00f2 essere fatta al Gs La Piave 2000, utilizzando il seguente IBAN:\u00a0 IT10T0827961150000031059275. Causale: \u201cDonazione acquisto defibrillatore\u201d.\u00a0<\/em><\/p><\/blockquote>\n<p>&nbsp;<\/p>\n","protected":false},"excerpt":{"rendered":"<p>\u00a0 BORGO VALBELLUNA Un defibrillatore nel ricordo di Carlo Alberto Conte. Sar\u00e0 posizionato nei rinnovati impianti sportivi di Mel, in localit\u00e0 La Lora, nel Comune di Borgo Valbelluna, grazie all\u2019iniziativa del Gs La Piave 2000. La societ\u00e0 bellunese, presieduta da Patrizia Tremea, ha avviato una raccolta di fondi destinata all\u2019acquisto del dispositivo salvavita. Il defibrillatore&hellip;<\/p>\n","protected":false},"author":4,"featured_media":260152,"comment_status":"closed","ping_status":"closed","sticky":false,"template":"","format":"standard","meta":{"_monsterinsights_skip_tracking":false,"_monsterinsights_sitenote_active":false,"_monsterinsights_sitenote_note":"","_monsterinsights_sitenote_category":0,"footnotes":""},"categories":[51,49],"tags":[],"class_list":["post-260154","post","type-post","status-publish","format-standard","has-post-thumbnail","hentry","category-evidenza-top","category-news-18","category-51","category-49","description-off"],"img_url":"https:\/\/www.radiopiu.net\/wordpress\/wp-content\/uploads\/2022\/02\/Borgo-Valbelluna_stadio_1.jpg","_links":{"self":[{"href":"https:\/\/www.radiopiu.net\/wordpress\/wp-json\/wp\/v2\/posts\/260154","targetHints":{"allow":["GET"]}}],"collection":[{"href":"https:\/\/www.radiopiu.net\/wordpress\/wp-json\/wp\/v2\/posts"}],"about":[{"href":"https:\/\/www.radiopiu.net\/wordpress\/wp-json\/wp\/v2\/types\/post"}],"author":[{"embeddable":true,"href":"https:\/\/www.radiopiu.net\/wordpress\/wp-json\/wp\/v2\/users\/4"}],"replies":[{"embeddable":true,"href":"https:\/\/www.radiopiu.net\/wordpress\/wp-json\/wp\/v2\/comments?post=260154"}],"version-history":[{"count":0,"href":"https:\/\/www.radiopiu.net\/wordpress\/wp-json\/wp\/v2\/posts\/260154\/revisions"}],"wp:featuredmedia":[{"embeddable":true,"href":"https:\/\/www.radiopiu.net\/wordpress\/wp-json\/wp\/v2\/media\/260152"}],"wp:attachment":[{"href":"https:\/\/www.radiopiu.net\/wordpress\/wp-json\/wp\/v2\/media?parent=260154"}],"wp:term":[{"taxonomy":"category","embeddable":true,"href":"https:\/\/www.radiopiu.net\/wordpress\/wp-json\/wp\/v2\/categories?post=260154"},{"taxonomy":"post_tag","embeddable":true,"href":"https:\/\/www.radiopiu.net\/wordpress\/wp-json\/wp\/v2\/tags?post=260154"}],"curies":[{"name":"wp","href":"https:\/\/api.w.org\/{rel}","templated":true}]}}