{"id":260158,"date":"2022-02-18T05:39:52","date_gmt":"2022-02-18T04:39:52","guid":{"rendered":"https:\/\/www.radiopiu.net\/wordpress\/?p=260158"},"modified":"2022-02-18T05:48:10","modified_gmt":"2022-02-18T04:48:10","slug":"chiaccherando-con-un-addetto-ai-lavori-in-zona-castei","status":"publish","type":"post","link":"https:\/\/www.radiopiu.net\/wordpress\/chiaccherando-con-un-addetto-ai-lavori-in-zona-castei\/","title":{"rendered":"CHIACCHERANDO CON UN &#8220;ADDETTO AI LAVORI&#8221; IN ZONA CASTEI E CAMPANILE DEI BARANCI"},"content":{"rendered":"<p><strong><a class=\"dt-pswp-item\" href=\"https:\/\/www.radiopiu.net\/wordpress\/wp-content\/uploads\/2022\/02\/17.5.20-La-fontana.jpg\" data-dt-img-description=\" La fontana\" data-large_image_width=\"1024\" data-large_image_height=\"680\"><img loading=\"lazy\" decoding=\"async\" class=\"size-medium wp-image-260159 alignleft\" src=\"https:\/\/www.radiopiu.net\/wordpress\/wp-content\/uploads\/2022\/02\/17.5.20-La-fontana-300x199.jpg\" alt=\"\" width=\"300\" height=\"199\" srcset=\"https:\/\/www.radiopiu.net\/wordpress\/wp-content\/uploads\/2022\/02\/17.5.20-La-fontana-300x199.jpg 300w, https:\/\/www.radiopiu.net\/wordpress\/wp-content\/uploads\/2022\/02\/17.5.20-La-fontana-768x510.jpg 768w, https:\/\/www.radiopiu.net\/wordpress\/wp-content\/uploads\/2022\/02\/17.5.20-La-fontana.jpg 1024w\" sizes=\"auto, (max-width: 300px) 100vw, 300px\" \/><\/a><\/strong><em><strong>REDAZIONE<\/strong> Giorgio Fontanive \u00e8 un attento scrittore di montagna, la sua vita l&#8217;ha trascorsa pi\u00f9 guardando verso l&#8217;alto o verso il basso, comunque su piani inclinati ma ben poco in orizzontale. Un modo come un altro per dire che Giorgio \u00e8 un &#8220;fossile&#8221; del suo territorio, anche e soprattutto in zona Castei dove una frana stamane ha fatto un disastro. Allora Giorgio, oggi ti senti un po&#8217; fortunato? &#8220;Mi sembra che la casualit\u00e0 mi abbia salvato pi\u00f9 volte da incidenti in cui avrei potuto incorrere dato che per quasi mezzo secolo ho girovagato in ogni angolo di quell\u2019area; dal 2018 poi, sono stato pi\u00f9 e pi\u00f9 volte di qua e anche di l\u00e0 del Cord\u00e9vole&#8221; Quindi abbiamo fatto centro, la persona ideale per parlare con cognizione di causa, di certo ben documentata anche alla luce dell&#8217;ultimo tuo libro \u201cDal Pont dei Cast\u00e8i al Sass de le Carbon\u00e8re\u201d prima e dopo Vaia. &#8220;Adesso\u00a0 sar\u00e0 da aggiungere prima e dopo la frana del 17 febbraio 2022&#8221;.\u00a0A Giorgio va riconosciuto il merito di \u00a0aver completato le ricerche sulla \u201cvia Veneziana\u201d, la mulattiera che superava il Sass de S.Martin fino in et\u00e0 napoleonica che altrimenti adesso sarebbe un bel problema. &#8220;Per dirla tutta sul pinnacolo di cui parlavi (vedi articoli precedenti ndr), io ci sono stato 2 volte nel 1976 e avevo lasciato anche il barattolo con i nomi dei primi salitori compagni d\u2019avventure per la via del versante nord&#8221;. Caro Giorgio mi piacerebbe se tu riuscissi\u00a0 a trovare alcune parole opportunamente calate per\u00a0 &#8220;scusare&#8221; la montagna per questo disastro. &#8220;Sono cose che accadono inopinatamente ed interrompono le attivit\u00e0 umane: da quell\u2019area sotto il C\u00f2l Pizz\u00f3n (si chiama cos\u00ec la montagna), 6\/7000 anni fa si stacc\u00f2 la frana che diede origine al lago di Agordo; c\u2019\u00e8 mancato poco che il torrente si bloccasse anche questa volta e non sarebbe affatto disdicevole uno specchio d\u2019acqua nella gola del Cord\u00e9vole. Senza meravigliarsi: che le montagne cadono e cadranno ancora&#8221;.\u00a0Mi sembra che ultimamente alcuni eventi seguano le tue tracce&#8230; &#8220;Spero che una volta non accadano al momento sbagliato perch\u00e9 ho ancora delle cose da fare: peraltro non in questo periodo che sono fermo per covid e non posso muovermi. Ma domani chiss\u00e0&#8221;.\u00a0 <\/em><\/p>\n<p><strong>LA GALLERIA FOTOGRAFICA DI GIORGIO FONTANIVE\u00a0<\/strong><\/p>\n\n\t\t\t<style type='text\/css'>\n\t\t\t\t#gallery-1 {\n\t\t\t\t\tmargin: auto;\n\t\t\t\t}\n\t\t\t\t#gallery-1 .gallery-item {\n\t\t\t\t\tfloat: left;\n\t\t\t\t\tmargin-top: 10px;\n\t\t\t\t\ttext-align: center;\n\t\t\t\t\twidth: 33%;\n\t\t\t\t}\n\t\t\t\t#gallery-1 img {\n\t\t\t\t\tborder: 2px solid #cfcfcf;\n\t\t\t\t}\n\t\t\t\t#gallery-1 .gallery-caption {\n\t\t\t\t\tmargin-left: 0;\n\t\t\t\t}\n\t\t\t\t\/* see gallery_shortcode() in wp-includes\/media.php *\/\n\t\t\t<\/style>\n\t\t<div id='gallery-1' class='dt-gallery-container gallery galleryid-260158 gallery-columns-3 gallery-size-thumbnail'><dl class='gallery-item'>\n\t\t\t\t<dt class='gallery-icon portrait'>\n\t\t\t\t\t<a class=\"rollover rollover-zoom dt-pswp-item\" title=\"Campanile dei Baranci 2014 - Copia\" data-dt-img-description=\"\" data-large_image_width=\"1014\" data-large_image_height=\"1403\"href='https:\/\/www.radiopiu.net\/wordpress\/wp-content\/uploads\/2022\/02\/Campanile-dei-Baranci-2014-Copia-rotated-e1645116121635.jpg'><img loading=\"lazy\" decoding=\"async\" width=\"150\" height=\"150\" src=\"https:\/\/www.radiopiu.net\/wordpress\/wp-content\/uploads\/2022\/02\/Campanile-dei-Baranci-2014-Copia-rotated-e1645116121635-150x150.jpg\" class=\"attachment-thumbnail size-thumbnail\" alt=\"\" aria-describedby=\"gallery-1-260160\" \/><\/a>\n\t\t\t\t<\/dt>\n\t\t\t\t\t<dd class='wp-caption-text gallery-caption' id='gallery-1-260160'>\n\t\t\t\t\tCampanile dei Baranci 2014 \n\t\t\t\t\t<\/dd><\/dl><dl class='gallery-item'>\n\t\t\t\t<dt class='gallery-icon portrait'>\n\t\t\t\t\t<a class=\"rollover rollover-zoom dt-pswp-item\" title=\"Il Campanile dei Baranci (1)\" data-dt-img-description=\"\" data-large_image_width=\"672\" data-large_image_height=\"2020\"href='https:\/\/www.radiopiu.net\/wordpress\/wp-content\/uploads\/2022\/02\/Il-Campanile-dei-Baranci-1.jpg'><img loading=\"lazy\" decoding=\"async\" width=\"150\" height=\"150\" src=\"https:\/\/www.radiopiu.net\/wordpress\/wp-content\/uploads\/2022\/02\/Il-Campanile-dei-Baranci-1-150x150.jpg\" class=\"attachment-thumbnail size-thumbnail\" alt=\"\" aria-describedby=\"gallery-1-260161\" \/><\/a>\n\t\t\t\t<\/dt>\n\t\t\t\t\t<dd class='wp-caption-text gallery-caption' id='gallery-1-260161'>\n\t\t\t\t\tIl Campanile dei Baranci (1)\n\t\t\t\t\t<\/dd><\/dl><dl class='gallery-item'>\n\t\t\t\t<dt class='gallery-icon portrait'>\n\t\t\t\t\t<a class=\"rollover rollover-zoom dt-pswp-item\" title=\"Il Campanile dei Baranci (2)\" data-dt-img-description=\"\" data-large_image_width=\"1629\" data-large_image_height=\"2560\"href='https:\/\/www.radiopiu.net\/wordpress\/wp-content\/uploads\/2022\/02\/Il-Campanile-dei-Baranci-2-scaled.jpg'><img loading=\"lazy\" decoding=\"async\" width=\"150\" height=\"150\" src=\"https:\/\/www.radiopiu.net\/wordpress\/wp-content\/uploads\/2022\/02\/Il-Campanile-dei-Baranci-2-150x150.jpg\" class=\"attachment-thumbnail size-thumbnail\" alt=\"\" aria-describedby=\"gallery-1-260162\" \/><\/a>\n\t\t\t\t<\/dt>\n\t\t\t\t\t<dd class='wp-caption-text gallery-caption' id='gallery-1-260162'>\n\t\t\t\t\tIl Campanile dei Baranci (2)\n\t\t\t\t\t<\/dd><\/dl><br style=\"clear: both\" \/>\n\t\t\t<\/div>\n\n<p>&nbsp;<\/p>\n<p>***<\/p>\n<p>&nbsp;<\/p>\n","protected":false},"excerpt":{"rendered":"<p>REDAZIONE Giorgio Fontanive \u00e8 un attento scrittore di montagna, la sua vita l&#8217;ha trascorsa pi\u00f9 guardando verso l&#8217;alto o verso il basso, comunque su piani inclinati ma ben poco in orizzontale. Un modo come un altro per dire che Giorgio \u00e8 un &#8220;fossile&#8221; del suo territorio, anche e soprattutto in zona Castei dove una frana&hellip;<\/p>\n","protected":false},"author":4,"featured_media":260160,"comment_status":"closed","ping_status":"closed","sticky":false,"template":"","format":"standard","meta":{"_monsterinsights_skip_tracking":false,"_monsterinsights_sitenote_active":false,"_monsterinsights_sitenote_note":"","_monsterinsights_sitenote_category":0,"footnotes":""},"categories":[51,49],"tags":[],"class_list":["post-260158","post","type-post","status-publish","format-standard","has-post-thumbnail","hentry","category-evidenza-top","category-news-18","category-51","category-49","description-off"],"img_url":"https:\/\/www.radiopiu.net\/wordpress\/wp-content\/uploads\/2022\/02\/Campanile-dei-Baranci-2014-Copia-rotated-e1645116121635.jpg","_links":{"self":[{"href":"https:\/\/www.radiopiu.net\/wordpress\/wp-json\/wp\/v2\/posts\/260158","targetHints":{"allow":["GET"]}}],"collection":[{"href":"https:\/\/www.radiopiu.net\/wordpress\/wp-json\/wp\/v2\/posts"}],"about":[{"href":"https:\/\/www.radiopiu.net\/wordpress\/wp-json\/wp\/v2\/types\/post"}],"author":[{"embeddable":true,"href":"https:\/\/www.radiopiu.net\/wordpress\/wp-json\/wp\/v2\/users\/4"}],"replies":[{"embeddable":true,"href":"https:\/\/www.radiopiu.net\/wordpress\/wp-json\/wp\/v2\/comments?post=260158"}],"version-history":[{"count":0,"href":"https:\/\/www.radiopiu.net\/wordpress\/wp-json\/wp\/v2\/posts\/260158\/revisions"}],"wp:featuredmedia":[{"embeddable":true,"href":"https:\/\/www.radiopiu.net\/wordpress\/wp-json\/wp\/v2\/media\/260160"}],"wp:attachment":[{"href":"https:\/\/www.radiopiu.net\/wordpress\/wp-json\/wp\/v2\/media?parent=260158"}],"wp:term":[{"taxonomy":"category","embeddable":true,"href":"https:\/\/www.radiopiu.net\/wordpress\/wp-json\/wp\/v2\/categories?post=260158"},{"taxonomy":"post_tag","embeddable":true,"href":"https:\/\/www.radiopiu.net\/wordpress\/wp-json\/wp\/v2\/tags?post=260158"}],"curies":[{"name":"wp","href":"https:\/\/api.w.org\/{rel}","templated":true}]}}