{"id":260196,"date":"2022-02-18T05:43:10","date_gmt":"2022-02-18T04:43:10","guid":{"rendered":"https:\/\/www.radiopiu.net\/wordpress\/?p=260196"},"modified":"2022-02-18T06:31:33","modified_gmt":"2022-02-18T05:31:33","slug":"i-pirati-della-rotatoria-sbruffoni-e-bestemmiatori-da-social-hanno-un-nome","status":"publish","type":"post","link":"https:\/\/www.radiopiu.net\/wordpress\/i-pirati-della-rotatoria-sbruffoni-e-bestemmiatori-da-social-hanno-un-nome\/","title":{"rendered":"I &#8220;PIRATI&#8221; DELLA ROTATORIA, SBRUFFONI E BESTEMMIATORI DA SOCIAL HANNO UN NOME \u00a0"},"content":{"rendered":"<blockquote>\n<h3><\/h3>\n<\/blockquote>\n<p><strong><a class=\"dt-pswp-item\" href=\"https:\/\/www.radiopiu.net\/wordpress\/wp-content\/uploads\/2022\/02\/a87eb583-7009-4926-a22e-bf8ad101c4d1-1.jpg\" data-dt-img-description=\"\" data-large_image_width=\"1920\" data-large_image_height=\"1080\"><img loading=\"lazy\" decoding=\"async\" class=\"size-medium wp-image-260000 alignleft\" src=\"https:\/\/www.radiopiu.net\/wordpress\/wp-content\/uploads\/2022\/02\/a87eb583-7009-4926-a22e-bf8ad101c4d1-1-300x169.jpg\" alt=\"\" width=\"300\" height=\"169\" srcset=\"https:\/\/www.radiopiu.net\/wordpress\/wp-content\/uploads\/2022\/02\/a87eb583-7009-4926-a22e-bf8ad101c4d1-1-300x169.jpg 300w, https:\/\/www.radiopiu.net\/wordpress\/wp-content\/uploads\/2022\/02\/a87eb583-7009-4926-a22e-bf8ad101c4d1-1-1024x576.jpg 1024w, https:\/\/www.radiopiu.net\/wordpress\/wp-content\/uploads\/2022\/02\/a87eb583-7009-4926-a22e-bf8ad101c4d1-1-768x432.jpg 768w, https:\/\/www.radiopiu.net\/wordpress\/wp-content\/uploads\/2022\/02\/a87eb583-7009-4926-a22e-bf8ad101c4d1-1-1536x864.jpg 1536w, https:\/\/www.radiopiu.net\/wordpress\/wp-content\/uploads\/2022\/02\/a87eb583-7009-4926-a22e-bf8ad101c4d1-1.jpg 1920w\" sizes=\"auto, (max-width: 300px) 100vw, 300px\" \/><\/a>LIMANA\u00a0<\/strong> \u00a0Tagliano la rotonda viaggiando in contromano a bordo di un furgone, attraversano l&#8217;aiuola evitando a pelo il pick up, documentano il tutto con un video diventato virale.\u00a0 I carabinieri della stazione di Trichiana hanno gi\u00e0\u00a0 identificato l&#8217;autista alle dipendenze di una impresa edile.\u00a0 A bordo del furgone erano in tre: due italiani e uno di nazionalit\u00e0 spagnola, residenti nella zona di Trichiana, dove ha sede l&#8217;azienda per cui lavorano.\u00a0 Potrebbero non esserci multe per l&#8217;azzardata manovra o per il fatto, documentato dal video, di non indossare le cinture di sicurezza essendo passati oltre tre mesi dal fatto, ma potrebbe altresi&#8217; arrivare il conto dalla Provincia (proprietaria della rotonda) per i danni all&#8217;aiuola.<\/p>\n<p>&nbsp;<\/p>\n<p><span style=\"color: #ff0000;\"><strong>IERI ALLA RADIO\u00a0<\/strong><\/span><\/p>\n<blockquote>\n<h3>FILMANO LA BRAVATA MENTRE &#8220;TAGLIANO&#8221; LA ROTONDA DI LIMANA<\/h3>\n<\/blockquote>\n<p><strong>LIMANA<\/strong> Il furgone svolta a destra alla rotatoria di Cesa, &#8220;taglia&#8221; la rotatoria superando l&#8217;utilitaria, scavalca l&#8217;aiuola e torna in strada in contromano mentre arriva un pick up, evitato lo schianto. E&#8217; tutto documentato perch\u00e9 i furbi della rotonda lo hanno pure filmato e non manca nemmeno la colonna sonora fatta di voci eccitate con raffica di bestemmie. Sul furgone da lavoro l&#8217;autista, un uomo che gli siede a fianco e una terza persona seduta sul sedile del furgone che viaggia in direzione da Limana verso Trichiana. Il video di 35 secondi \u00e8 stato girato probabilmente tra l&#8217;estate e l&#8217;autunno ieri \u00e8 diventato &#8220;virale&#8221; su Whatsapp, dove si sono scatenate le condivisioni. E ieri in tarda mattinata \u00e8 arrivato anche sul cellulare del sindaco Milena De Zanet, che ha segnalato il filmato alla polizia municipale <em>\u00abPotevano causare un incidente &#8211; dice il primo cittadino-\u00a0 \u00a0ci erano state segnalate delle uscite di strada in quel punto ma non avremmo mai pensato che fossero volontarie\u00bb<\/em>.<\/p>\n<p>&nbsp;<\/p>\n<p>**<\/p>\n","protected":false},"excerpt":{"rendered":"<p>LIMANA\u00a0 \u00a0Tagliano la rotonda viaggiando in contromano a bordo di un furgone, attraversano l&#8217;aiuola evitando a pelo il pick up, documentano il tutto con un video diventato virale.\u00a0 I carabinieri della stazione di Trichiana hanno gi\u00e0\u00a0 identificato l&#8217;autista alle dipendenze di una impresa edile.\u00a0 A bordo del furgone erano in tre: due italiani e uno&hellip;<\/p>\n","protected":false},"author":4,"featured_media":260000,"comment_status":"closed","ping_status":"closed","sticky":false,"template":"","format":"standard","meta":{"_monsterinsights_skip_tracking":false,"_monsterinsights_sitenote_active":false,"_monsterinsights_sitenote_note":"","_monsterinsights_sitenote_category":0,"footnotes":""},"categories":[51,49],"tags":[],"class_list":["post-260196","post","type-post","status-publish","format-standard","has-post-thumbnail","hentry","category-evidenza-top","category-news-18","category-51","category-49","description-off"],"img_url":"https:\/\/www.radiopiu.net\/wordpress\/wp-content\/uploads\/2022\/02\/a87eb583-7009-4926-a22e-bf8ad101c4d1-1.jpg","_links":{"self":[{"href":"https:\/\/www.radiopiu.net\/wordpress\/wp-json\/wp\/v2\/posts\/260196","targetHints":{"allow":["GET"]}}],"collection":[{"href":"https:\/\/www.radiopiu.net\/wordpress\/wp-json\/wp\/v2\/posts"}],"about":[{"href":"https:\/\/www.radiopiu.net\/wordpress\/wp-json\/wp\/v2\/types\/post"}],"author":[{"embeddable":true,"href":"https:\/\/www.radiopiu.net\/wordpress\/wp-json\/wp\/v2\/users\/4"}],"replies":[{"embeddable":true,"href":"https:\/\/www.radiopiu.net\/wordpress\/wp-json\/wp\/v2\/comments?post=260196"}],"version-history":[{"count":0,"href":"https:\/\/www.radiopiu.net\/wordpress\/wp-json\/wp\/v2\/posts\/260196\/revisions"}],"wp:featuredmedia":[{"embeddable":true,"href":"https:\/\/www.radiopiu.net\/wordpress\/wp-json\/wp\/v2\/media\/260000"}],"wp:attachment":[{"href":"https:\/\/www.radiopiu.net\/wordpress\/wp-json\/wp\/v2\/media?parent=260196"}],"wp:term":[{"taxonomy":"category","embeddable":true,"href":"https:\/\/www.radiopiu.net\/wordpress\/wp-json\/wp\/v2\/categories?post=260196"},{"taxonomy":"post_tag","embeddable":true,"href":"https:\/\/www.radiopiu.net\/wordpress\/wp-json\/wp\/v2\/tags?post=260196"}],"curies":[{"name":"wp","href":"https:\/\/api.w.org\/{rel}","templated":true}]}}