{"id":260378,"date":"2022-02-19T05:19:30","date_gmt":"2022-02-19T04:19:30","guid":{"rendered":"https:\/\/www.radiopiu.net\/wordpress\/?p=260378"},"modified":"2022-02-19T05:58:33","modified_gmt":"2022-02-19T04:58:33","slug":"4-settembre-2022-giovanni-paolo-i-beato","status":"publish","type":"post","link":"https:\/\/www.radiopiu.net\/wordpress\/4-settembre-2022-giovanni-paolo-i-beato\/","title":{"rendered":"4 SETTEMBRE 2022 GIOVANNI PAOLO I BEATO"},"content":{"rendered":"<p><strong>CANALE D&#8217;AGORDO<\/strong> Il 4 settembre suoneranno le campane a distesa, Giovanni Paolo I sar\u00e0 proclamato Beato e il Santo Padre Francesco presenzier\u00e0 la celebrazione. L&#8217;anticipazione da Roma dal Museo dei Papi dove \u00e8 stata affissa la locandina nella bacheca della Congregazione delle Cause dei Santi a Roma.<\/p>\n<p>grazie a Simone Ongaro<\/p>\n<p>&nbsp;<\/p>\n<p><a class=\"dt-pswp-item\" href=\"https:\/\/www.radiopiu.net\/wordpress\/wp-content\/uploads\/2022\/02\/04623a0c-040e-42e3-bccf-b4027b16e37d.jpg\" data-dt-img-description=\"\" data-large_image_width=\"1496\" data-large_image_height=\"2000\"><img loading=\"lazy\" decoding=\"async\" class=\"alignnone wp-image-260379 size-large\" src=\"https:\/\/www.radiopiu.net\/wordpress\/wp-content\/uploads\/2022\/02\/04623a0c-040e-42e3-bccf-b4027b16e37d-766x1024.jpg\" alt=\"\" width=\"766\" height=\"1024\" srcset=\"https:\/\/www.radiopiu.net\/wordpress\/wp-content\/uploads\/2022\/02\/04623a0c-040e-42e3-bccf-b4027b16e37d-766x1024.jpg 766w, https:\/\/www.radiopiu.net\/wordpress\/wp-content\/uploads\/2022\/02\/04623a0c-040e-42e3-bccf-b4027b16e37d-224x300.jpg 224w, https:\/\/www.radiopiu.net\/wordpress\/wp-content\/uploads\/2022\/02\/04623a0c-040e-42e3-bccf-b4027b16e37d-768x1027.jpg 768w, https:\/\/www.radiopiu.net\/wordpress\/wp-content\/uploads\/2022\/02\/04623a0c-040e-42e3-bccf-b4027b16e37d-1149x1536.jpg 1149w, https:\/\/www.radiopiu.net\/wordpress\/wp-content\/uploads\/2022\/02\/04623a0c-040e-42e3-bccf-b4027b16e37d.jpg 1496w\" sizes=\"auto, (max-width: 766px) 100vw, 766px\" \/><\/a><\/p>\n","protected":false},"excerpt":{"rendered":"<p>CANALE D&#8217;AGORDO Il 4 settembre suoneranno le campane a distesa, Giovanni Paolo I sar\u00e0 proclamato Beato e il Santo Padre Francesco presenzier\u00e0 la celebrazione. L&#8217;anticipazione da Roma dal Museo dei Papi dove \u00e8 stata affissa la locandina nella bacheca della Congregazione delle Cause dei Santi a Roma. grazie a Simone Ongaro &nbsp;<\/p>\n","protected":false},"author":4,"featured_media":260379,"comment_status":"closed","ping_status":"closed","sticky":false,"template":"","format":"standard","meta":{"_monsterinsights_skip_tracking":false,"_monsterinsights_sitenote_active":false,"_monsterinsights_sitenote_note":"","_monsterinsights_sitenote_category":0,"footnotes":""},"categories":[51,49],"tags":[],"class_list":["post-260378","post","type-post","status-publish","format-standard","has-post-thumbnail","hentry","category-evidenza-top","category-news-18","category-51","category-49","description-off"],"img_url":"https:\/\/www.radiopiu.net\/wordpress\/wp-content\/uploads\/2022\/02\/04623a0c-040e-42e3-bccf-b4027b16e37d.jpg","_links":{"self":[{"href":"https:\/\/www.radiopiu.net\/wordpress\/wp-json\/wp\/v2\/posts\/260378","targetHints":{"allow":["GET"]}}],"collection":[{"href":"https:\/\/www.radiopiu.net\/wordpress\/wp-json\/wp\/v2\/posts"}],"about":[{"href":"https:\/\/www.radiopiu.net\/wordpress\/wp-json\/wp\/v2\/types\/post"}],"author":[{"embeddable":true,"href":"https:\/\/www.radiopiu.net\/wordpress\/wp-json\/wp\/v2\/users\/4"}],"replies":[{"embeddable":true,"href":"https:\/\/www.radiopiu.net\/wordpress\/wp-json\/wp\/v2\/comments?post=260378"}],"version-history":[{"count":0,"href":"https:\/\/www.radiopiu.net\/wordpress\/wp-json\/wp\/v2\/posts\/260378\/revisions"}],"wp:featuredmedia":[{"embeddable":true,"href":"https:\/\/www.radiopiu.net\/wordpress\/wp-json\/wp\/v2\/media\/260379"}],"wp:attachment":[{"href":"https:\/\/www.radiopiu.net\/wordpress\/wp-json\/wp\/v2\/media?parent=260378"}],"wp:term":[{"taxonomy":"category","embeddable":true,"href":"https:\/\/www.radiopiu.net\/wordpress\/wp-json\/wp\/v2\/categories?post=260378"},{"taxonomy":"post_tag","embeddable":true,"href":"https:\/\/www.radiopiu.net\/wordpress\/wp-json\/wp\/v2\/tags?post=260378"}],"curies":[{"name":"wp","href":"https:\/\/api.w.org\/{rel}","templated":true}]}}