{"id":260401,"date":"2022-02-18T23:59:18","date_gmt":"2022-02-18T22:59:18","guid":{"rendered":"https:\/\/www.radiopiu.net\/wordpress\/?p=260401"},"modified":"2022-02-19T05:57:46","modified_gmt":"2022-02-19T04:57:46","slug":"lagordina-calcio-e-gli-impegni-del-fine-settimana","status":"publish","type":"post","link":"https:\/\/www.radiopiu.net\/wordpress\/lagordina-calcio-e-gli-impegni-del-fine-settimana\/","title":{"rendered":"L&#8217;AGORDINA CALCIO E GLI IMPEGNI DEL FINE SETTIMANA"},"content":{"rendered":"<p><strong><a class=\"dt-pswp-item\" href=\"https:\/\/www.radiopiu.net\/wordpress\/wp-content\/uploads\/2021\/10\/CALCIO-2021.jpg\" data-dt-img-description=\"\" data-large_image_width=\"1920\" data-large_image_height=\"1280\"><img loading=\"lazy\" decoding=\"async\" class=\"size-medium wp-image-235116 alignleft\" src=\"https:\/\/www.radiopiu.net\/wordpress\/wp-content\/uploads\/2021\/10\/CALCIO-2021-300x200.jpg\" alt=\"\" width=\"300\" height=\"200\" srcset=\"https:\/\/www.radiopiu.net\/wordpress\/wp-content\/uploads\/2021\/10\/CALCIO-2021-300x200.jpg 300w, https:\/\/www.radiopiu.net\/wordpress\/wp-content\/uploads\/2021\/10\/CALCIO-2021-1024x683.jpg 1024w, https:\/\/www.radiopiu.net\/wordpress\/wp-content\/uploads\/2021\/10\/CALCIO-2021-768x512.jpg 768w, https:\/\/www.radiopiu.net\/wordpress\/wp-content\/uploads\/2021\/10\/CALCIO-2021-1536x1024.jpg 1536w, https:\/\/www.radiopiu.net\/wordpress\/wp-content\/uploads\/2021\/10\/CALCIO-2021.jpg 1920w\" sizes=\"auto, (max-width: 300px) 100vw, 300px\" \/><\/a>AGORDO <\/strong>Fine settimana calcistico per l\u2019Agordina Calcio che si presenta all\u2019appuntamento con le tre squadre iscritte ai campionati regionali. I primi a scendere in campo sono i ragazzi della Juniores allenata da Roberto Fontanive che oggi alle 15 giocheranno in casa all\u2019Ivano Dorigo il derby contro l\u2019Alapgo. Domani alle 10:30 sar\u00e0 il turno degli Allievi che sempre all\u2019Ivano Dorigo di Agordo si troveranno di fronte il Cadore 1919. Dopo la sconfitta di misura della settimana scorsa contro l\u2019Arten, la prima squadra allenata da Marco Lorenzi giocher\u00e0 la sua seconda partita del 2022. Trasferta in terra alpagota per la compagine di agordina che domani alle 14:30 sar\u00e0 impegnata contro la Fulgor Farra. Ancora fermi i campionati provinciali e femminili. Domani pomeriggio su Radio Pi\u00f9 l\u2019appuntamento con \u201cDomenica Pi\u00f9 Sport\u201d per seguire in diretta la partita dell\u2019Agordina.<\/p>\n<p>&nbsp;<\/p>\n<p>&nbsp;<\/p>\n<p>&nbsp;<\/p>\n<p>*****<\/p>\n","protected":false},"excerpt":{"rendered":"<p>AGORDO Fine settimana calcistico per l\u2019Agordina Calcio che si presenta all\u2019appuntamento con le tre squadre iscritte ai campionati regionali. I primi a scendere in campo sono i ragazzi della Juniores allenata da Roberto Fontanive che oggi alle 15 giocheranno in casa all\u2019Ivano Dorigo il derby contro l\u2019Alapgo. Domani alle 10:30 sar\u00e0 il turno degli Allievi&hellip;<\/p>\n","protected":false},"author":4,"featured_media":235116,"comment_status":"closed","ping_status":"closed","sticky":false,"template":"","format":"standard","meta":{"_monsterinsights_skip_tracking":false,"_monsterinsights_sitenote_active":false,"_monsterinsights_sitenote_note":"","_monsterinsights_sitenote_category":0,"footnotes":""},"categories":[104,49],"tags":[],"class_list":["post-260401","post","type-post","status-publish","format-standard","has-post-thumbnail","hentry","category-evidenza_3","category-news-18","category-104","category-49","description-off"],"img_url":"https:\/\/www.radiopiu.net\/wordpress\/wp-content\/uploads\/2021\/10\/CALCIO-2021.jpg","_links":{"self":[{"href":"https:\/\/www.radiopiu.net\/wordpress\/wp-json\/wp\/v2\/posts\/260401","targetHints":{"allow":["GET"]}}],"collection":[{"href":"https:\/\/www.radiopiu.net\/wordpress\/wp-json\/wp\/v2\/posts"}],"about":[{"href":"https:\/\/www.radiopiu.net\/wordpress\/wp-json\/wp\/v2\/types\/post"}],"author":[{"embeddable":true,"href":"https:\/\/www.radiopiu.net\/wordpress\/wp-json\/wp\/v2\/users\/4"}],"replies":[{"embeddable":true,"href":"https:\/\/www.radiopiu.net\/wordpress\/wp-json\/wp\/v2\/comments?post=260401"}],"version-history":[{"count":0,"href":"https:\/\/www.radiopiu.net\/wordpress\/wp-json\/wp\/v2\/posts\/260401\/revisions"}],"wp:featuredmedia":[{"embeddable":true,"href":"https:\/\/www.radiopiu.net\/wordpress\/wp-json\/wp\/v2\/media\/235116"}],"wp:attachment":[{"href":"https:\/\/www.radiopiu.net\/wordpress\/wp-json\/wp\/v2\/media?parent=260401"}],"wp:term":[{"taxonomy":"category","embeddable":true,"href":"https:\/\/www.radiopiu.net\/wordpress\/wp-json\/wp\/v2\/categories?post=260401"},{"taxonomy":"post_tag","embeddable":true,"href":"https:\/\/www.radiopiu.net\/wordpress\/wp-json\/wp\/v2\/tags?post=260401"}],"curies":[{"name":"wp","href":"https:\/\/api.w.org\/{rel}","templated":true}]}}