{"id":260508,"date":"2022-02-22T04:59:46","date_gmt":"2022-02-22T03:59:46","guid":{"rendered":"https:\/\/www.radiopiu.net\/wordpress\/?p=260508"},"modified":"2022-02-22T06:09:43","modified_gmt":"2022-02-22T05:09:43","slug":"barpnorvegia","status":"publish","type":"post","link":"https:\/\/www.radiopiu.net\/wordpress\/barpnorvegia\/","title":{"rendered":"IN BOCCA AL LUPO AD ELIA BARP\u00a0"},"content":{"rendered":"<blockquote>\n<h3><\/h3>\n<p><em>Prende il via oggi il Mondiale di Elia Barp.\u00a0 Il fondista di Trichiana sar\u00e0 al via della 30 km skating mass start dei Campionato del mondo Juniores di Lygna che scatter\u00e0 alle 15 e che vedr\u00e0 confrontarsi 74 Juniores. Barp della Fiamme Gialle avr\u00e0 il pettorale numero 8\u00a0<\/em><\/p><\/blockquote>\n<p>&nbsp;<\/p>\n<p><strong><a class=\"dt-pswp-item\" href=\"https:\/\/www.radiopiu.net\/wordpress\/wp-content\/uploads\/2022\/02\/image2-scaled.jpeg\" data-dt-img-description=\"\" data-large_image_width=\"2560\" data-large_image_height=\"1707\"><img loading=\"lazy\" decoding=\"async\" class=\" wp-image-259682 alignleft\" src=\"https:\/\/www.radiopiu.net\/wordpress\/wp-content\/uploads\/2022\/02\/image2-300x200.jpeg\" alt=\"\" width=\"158\" height=\"105\" srcset=\"https:\/\/www.radiopiu.net\/wordpress\/wp-content\/uploads\/2022\/02\/image2-300x200.jpeg 300w, https:\/\/www.radiopiu.net\/wordpress\/wp-content\/uploads\/2022\/02\/image2-1024x683.jpeg 1024w, https:\/\/www.radiopiu.net\/wordpress\/wp-content\/uploads\/2022\/02\/image2-768x512.jpeg 768w, https:\/\/www.radiopiu.net\/wordpress\/wp-content\/uploads\/2022\/02\/image2-1536x1024.jpeg 1536w, https:\/\/www.radiopiu.net\/wordpress\/wp-content\/uploads\/2022\/02\/image2-2048x1365.jpeg 2048w\" sizes=\"auto, (max-width: 158px) 100vw, 158px\" \/><\/a>FALCADE <\/strong>Elia Barp, atleta trichianese trapiantato a Falcade, \u00e8 quel che si definisce una promessa dello sci di fondo. Classe 2002, arruolato nel gruppo sportivo Fiamme Gialle, Elia \u00e8 cresciuto nello Ski College Veneto di Falcade e sulla pista \u201cPietro Scola\u201d trascorre gran parte delle sue giornate tra una sessione e l\u2019 altra di allenamento. Il sogno sono i Giochi Olimpici in casa, tra 4 anni, ma ora il focus sono i Mondiali Juniores di sci di fondo che si svolgeranno a Lygna, in Norvegia, dal 22 febbraio al 6 marzo.<\/p>\n<p><strong>L&#8217;INTERVISTA AD ELIA BARP<\/strong><\/p>\n<audio class=\"wp-audio-shortcode\" id=\"audio-260508-1\" preload=\"none\" style=\"width: 100%;\" controls=\"controls\"><source type=\"audio\/mpeg\" src=\"https:\/\/www.radiopiu.net\/wordpress\/wp-content\/uploads\/2022\/02\/INTERVISTA-ELIA-BARP.mp3?_=1\" \/><a href=\"https:\/\/www.radiopiu.net\/wordpress\/wp-content\/uploads\/2022\/02\/INTERVISTA-ELIA-BARP.mp3\">https:\/\/www.radiopiu.net\/wordpress\/wp-content\/uploads\/2022\/02\/INTERVISTA-ELIA-BARP.mp3<\/a><\/audio>\n<p>&nbsp;<\/p>\n<p>&nbsp;<\/p>\n<p>*****<\/p>\n","protected":false},"excerpt":{"rendered":"<p>Prende il via oggi il Mondiale di Elia Barp.\u00a0 Il fondista di Trichiana sar\u00e0 al via della 30 km skating mass start dei Campionato del mondo Juniores di Lygna che scatter\u00e0 alle 15 e che vedr\u00e0 confrontarsi 74 Juniores. Barp della Fiamme Gialle avr\u00e0 il pettorale numero 8\u00a0 &nbsp; FALCADE Elia Barp, atleta trichianese trapiantato&hellip;<\/p>\n","protected":false},"author":4,"featured_media":259682,"comment_status":"closed","ping_status":"closed","sticky":false,"template":"","format":"standard","meta":{"_monsterinsights_skip_tracking":false,"_monsterinsights_sitenote_active":false,"_monsterinsights_sitenote_note":"","_monsterinsights_sitenote_category":0,"footnotes":""},"categories":[104,49],"tags":[],"class_list":["post-260508","post","type-post","status-publish","format-standard","has-post-thumbnail","hentry","category-evidenza_3","category-news-18","category-104","category-49","description-off"],"img_url":"https:\/\/www.radiopiu.net\/wordpress\/wp-content\/uploads\/2022\/02\/image2-scaled.jpeg","_links":{"self":[{"href":"https:\/\/www.radiopiu.net\/wordpress\/wp-json\/wp\/v2\/posts\/260508","targetHints":{"allow":["GET"]}}],"collection":[{"href":"https:\/\/www.radiopiu.net\/wordpress\/wp-json\/wp\/v2\/posts"}],"about":[{"href":"https:\/\/www.radiopiu.net\/wordpress\/wp-json\/wp\/v2\/types\/post"}],"author":[{"embeddable":true,"href":"https:\/\/www.radiopiu.net\/wordpress\/wp-json\/wp\/v2\/users\/4"}],"replies":[{"embeddable":true,"href":"https:\/\/www.radiopiu.net\/wordpress\/wp-json\/wp\/v2\/comments?post=260508"}],"version-history":[{"count":0,"href":"https:\/\/www.radiopiu.net\/wordpress\/wp-json\/wp\/v2\/posts\/260508\/revisions"}],"wp:featuredmedia":[{"embeddable":true,"href":"https:\/\/www.radiopiu.net\/wordpress\/wp-json\/wp\/v2\/media\/259682"}],"wp:attachment":[{"href":"https:\/\/www.radiopiu.net\/wordpress\/wp-json\/wp\/v2\/media?parent=260508"}],"wp:term":[{"taxonomy":"category","embeddable":true,"href":"https:\/\/www.radiopiu.net\/wordpress\/wp-json\/wp\/v2\/categories?post=260508"},{"taxonomy":"post_tag","embeddable":true,"href":"https:\/\/www.radiopiu.net\/wordpress\/wp-json\/wp\/v2\/tags?post=260508"}],"curies":[{"name":"wp","href":"https:\/\/api.w.org\/{rel}","templated":true}]}}