{"id":260654,"date":"2022-02-20T23:59:54","date_gmt":"2022-02-20T22:59:54","guid":{"rendered":"https:\/\/www.radiopiu.net\/wordpress\/?p=260654"},"modified":"2022-02-20T17:21:21","modified_gmt":"2022-02-20T16:21:21","slug":"il-vescovo-marangoni-a-lamon-presiede-la-messa-nel-centenario-di-padre-romano","status":"publish","type":"post","link":"https:\/\/www.radiopiu.net\/wordpress\/il-vescovo-marangoni-a-lamon-presiede-la-messa-nel-centenario-di-padre-romano\/","title":{"rendered":"IL VESCOVO MARANGONI A LAMON PRESIEDE LA MESSA NEL CENTENARIO DI PADRE ROMANO"},"content":{"rendered":"<p><strong>di Renato Bona<\/strong><\/p>\n<p>In occasione della ricorrenza del centenario della nascita di Romano Bottegal, lamonese di San Donato, dove era nato il 28 dicembre 1921, ultimo di sei figli di una famiglia molto povera, il vescovo della diocesi di Belluno-Feltre monsignor Renato Marangoni \u2013 come annunciato dal sito \u201cchiesabellunofeltre\u201d ha presieduto dalle 10,30 la celebrazione della messa dedicata al venerabile padre Romano, monaco e contemplativo. Dopo le scuole elementari, entr\u00f2 nel seminario minore di Feltre e quindi in quello maggiore di Belluno (dove il vice rettore era monsignor Albino Luciani, il futuro \u201cPapa bellunese del sorriso\u201d che sarebbe asceso al soglio di Pietro il 26 agosto 1978 \u2013 ndr.). Matur\u00f2 la vocazione monastica ma dovette attendere l\u2019ordinazione sacerdotale, avvenuta il 29 giugno 1946, per entrare nell\u2019abbazia delle Tre Fontane di Roma ed emettere la professione solenne nel 1951. Fu maestro dei fratelli conversi, cantore, poi maestro dei novizi e priore. A conclusione dei corsi all\u2019Universit\u00e0 Gregoriana consegu\u00ec la licenza in teologia nel 1953 e otto anni pi\u00f9 tardi \u201crispose all\u2019appello dell\u2019abate del monastero di Latroubn in Israele, che cercava volontari per realizzare una fondazione in Libano, ottenendo il permesso di partecipare a questo tentativo\u201d Studi\u00f2 dunque l\u2019arabo, il siriaco e la liturgia orientale e quando il progetto libanese non venne avallato dal Capitolo generale dei Trappisti, rientr\u00f2 alle Tre Fontane dove gli fu concesso di condurre una vita eremitica nel territorio del Monastero. Peraltro, col nuovo superiore venne negato al giovane monaco lamonese di proseguire la sua esperienza e ci\u00f2 lo indusse a partire per il Libano, ponendosi sotto l\u2019autorit\u00e0 del Vescovo melkita di Baalbek. Vivendo come eremita a Jabbouleh e brevemente in Terra Santa: un\u2019esistenza poverissima con l\u2019 alimentazione appena sufficiente, senza riscaldamento n\u00e9 altro sollievo. Ci\u00f2 non gli imped\u00ec di essere esempio di amicizia e di amore verso i cristiani ed i musulmani. Insomma: la sua fu autentica vita di austerit\u00e0, preghiera, perdono. Ormai consumato dalla tubercolosi. Mor\u00ec per arresto cardiaco nell\u2019ospedale di Beyrouth il 19 febbraio 1978, all\u2019et\u00e0 di 56 anni, dopo 32 anni di vita monastica, di cui 14 passati in solitudine. Va ricordato che vicino al suo eremo oggi sorge un convento che continua l\u2019opera di contemplazione incominciata da padre Romano Bottegal. Il sito \u201csanti beati\u201d scrive fra l\u2019altro di Bottegal: \u201c\u2026Si spegne il 19 febbraio 1978 coronando nella pace del Signore uno straordinario itinerario spirituale. Questa figura monastica fuori del comune, questo grande mistico, la cui fama di santit\u00e0 si sta estendendo nel mondo, ha gi\u00e0 ispirato molte persone e suscitato adesioni, devozioni e amicizie spirituali, soprattutto in Libano e nel Bellunese. Se la sua austerissima vita \u00e8 difficilmente imitabile, la semplicit\u00e0 e l\u2019unificazione da lui raggiunte sono invece il cammino normale di ogni ricercatore di Dio\u201d. Ancora: \u201cLa penitenza non l\u2019ha indurito. andava fino in fondo a quel che faceva, ma senza perdere il senso pratico e senza intristirsi. Anzi, era gioioso, sorridente, amabile pieno di amore e anche di tenerezza.. Tutti testimoni parlano della sua gioia e dell\u2019irradiazione della presenza del Signore dal suo volto, frutto anche di qualche esperienza mistica, di cui ha conservato un geloso segreto ma che traspariva chiaramente dal suo \u2018Diario segreto\u2019. Padre Romano ha vissuto in mezzo ai mussulmani, pregando molto, pregando e perdonando.. Arrestato nella notte dai soldati siriani che avevano invaso e saccheggiato il suo eremo, fu subito rilasciato dal comandante mussulmano, che poi su raccomand\u00f2 alle sue preghiere. Padre Romano diceva che il miglior apostolato in mezzo ai mussulmani era una vita povera, di preghiera, di lavoro e che la sua missione in mezzo a loro era di vivere solo, ma vicino a loro pi\u00f9 povero di loro, aiutandoli e amandoli. I contadini del luogo si domandavano come padre Romano potesse condurre un tal genere d\u2019esistenza e dicevano che era grazie alla sua presenza che Dio li benediceva\u201d. \u201cPapa Francesco l\u2019ha dichiarato venerabile il 9 dicembre 2013\u201d.<\/p>\n\n\t\t\t<style type='text\/css'>\n\t\t\t\t#gallery-1 {\n\t\t\t\t\tmargin: auto;\n\t\t\t\t}\n\t\t\t\t#gallery-1 .gallery-item {\n\t\t\t\t\tfloat: left;\n\t\t\t\t\tmargin-top: 10px;\n\t\t\t\t\ttext-align: center;\n\t\t\t\t\twidth: 25%;\n\t\t\t\t}\n\t\t\t\t#gallery-1 img {\n\t\t\t\t\tborder: 2px solid #cfcfcf;\n\t\t\t\t}\n\t\t\t\t#gallery-1 .gallery-caption {\n\t\t\t\t\tmargin-left: 0;\n\t\t\t\t}\n\t\t\t\t\/* see gallery_shortcode() in wp-includes\/media.php *\/\n\t\t\t<\/style>\n\t\t<div id='gallery-1' class='dt-gallery-container gallery galleryid-260654 gallery-columns-4 gallery-size-medium'><dl class='gallery-item'>\n\t\t\t\t<dt class='gallery-icon portrait'>\n\t\t\t\t\t<a class=\"rollover\" href='https:\/\/www.radiopiu.net\/wordpress\/il-vescovo-marangoni-a-lamon-presiede-la-messa-nel-centenario-di-padre-romano\/273613002_501111211400849_5324177041624534620_n\/'><img loading=\"lazy\" decoding=\"async\" width=\"280\" height=\"300\" src=\"https:\/\/www.radiopiu.net\/wordpress\/wp-content\/uploads\/2022\/02\/273613002_501111211400849_5324177041624534620_n-280x300.jpg\" class=\"attachment-medium size-medium\" alt=\"\" srcset=\"https:\/\/www.radiopiu.net\/wordpress\/wp-content\/uploads\/2022\/02\/273613002_501111211400849_5324177041624534620_n-280x300.jpg 280w, https:\/\/www.radiopiu.net\/wordpress\/wp-content\/uploads\/2022\/02\/273613002_501111211400849_5324177041624534620_n.jpg 300w\" sizes=\"auto, (max-width: 280px) 100vw, 280px\" \/><\/a>\n\t\t\t\t<\/dt><\/dl><dl class='gallery-item'>\n\t\t\t\t<dt class='gallery-icon landscape'>\n\t\t\t\t\t<a class=\"rollover\" href='https:\/\/www.radiopiu.net\/wordpress\/il-vescovo-marangoni-a-lamon-presiede-la-messa-nel-centenario-di-padre-romano\/273794494_683289996176682_2897079001269198162_n\/'><img loading=\"lazy\" decoding=\"async\" width=\"300\" height=\"188\" src=\"https:\/\/www.radiopiu.net\/wordpress\/wp-content\/uploads\/2022\/02\/273794494_683289996176682_2897079001269198162_n-300x188.jpg\" class=\"attachment-medium size-medium\" alt=\"\" srcset=\"https:\/\/www.radiopiu.net\/wordpress\/wp-content\/uploads\/2022\/02\/273794494_683289996176682_2897079001269198162_n-300x188.jpg 300w, https:\/\/www.radiopiu.net\/wordpress\/wp-content\/uploads\/2022\/02\/273794494_683289996176682_2897079001269198162_n.jpg 640w\" sizes=\"auto, (max-width: 300px) 100vw, 300px\" \/><\/a>\n\t\t\t\t<\/dt><\/dl><dl class='gallery-item'>\n\t\t\t\t<dt class='gallery-icon portrait'>\n\t\t\t\t\t<a class=\"rollover\" href='https:\/\/www.radiopiu.net\/wordpress\/il-vescovo-marangoni-a-lamon-presiede-la-messa-nel-centenario-di-padre-romano\/273635285_528766965244452_3987724724082862351_n\/'><img loading=\"lazy\" decoding=\"async\" width=\"205\" height=\"300\" src=\"https:\/\/www.radiopiu.net\/wordpress\/wp-content\/uploads\/2022\/02\/273635285_528766965244452_3987724724082862351_n-205x300.jpg\" class=\"attachment-medium size-medium\" alt=\"\" srcset=\"https:\/\/www.radiopiu.net\/wordpress\/wp-content\/uploads\/2022\/02\/273635285_528766965244452_3987724724082862351_n-205x300.jpg 205w, https:\/\/www.radiopiu.net\/wordpress\/wp-content\/uploads\/2022\/02\/273635285_528766965244452_3987724724082862351_n.jpg 320w\" sizes=\"auto, (max-width: 205px) 100vw, 205px\" \/><\/a>\n\t\t\t\t<\/dt><\/dl><dl class='gallery-item'>\n\t\t\t\t<dt class='gallery-icon landscape'>\n\t\t\t\t\t<a class=\"rollover\" href='https:\/\/www.radiopiu.net\/wordpress\/il-vescovo-marangoni-a-lamon-presiede-la-messa-nel-centenario-di-padre-romano\/273828426_458323502653447_4891831054696607972_n\/'><img loading=\"lazy\" decoding=\"async\" width=\"300\" height=\"181\" src=\"https:\/\/www.radiopiu.net\/wordpress\/wp-content\/uploads\/2022\/02\/273828426_458323502653447_4891831054696607972_n-300x181.png\" class=\"attachment-medium size-medium\" alt=\"\" srcset=\"https:\/\/www.radiopiu.net\/wordpress\/wp-content\/uploads\/2022\/02\/273828426_458323502653447_4891831054696607972_n-300x181.png 300w, https:\/\/www.radiopiu.net\/wordpress\/wp-content\/uploads\/2022\/02\/273828426_458323502653447_4891831054696607972_n.png 669w\" sizes=\"auto, (max-width: 300px) 100vw, 300px\" \/><\/a>\n\t\t\t\t<\/dt><\/dl><br style=\"clear: both\" \/><dl class='gallery-item'>\n\t\t\t\t<dt class='gallery-icon landscape'>\n\t\t\t\t\t<a class=\"rollover\" href='https:\/\/www.radiopiu.net\/wordpress\/il-vescovo-marangoni-a-lamon-presiede-la-messa-nel-centenario-di-padre-romano\/274016942_327965419268198_2065756915740357647_n\/'><img loading=\"lazy\" decoding=\"async\" width=\"300\" height=\"201\" src=\"https:\/\/www.radiopiu.net\/wordpress\/wp-content\/uploads\/2022\/02\/274016942_327965419268198_2065756915740357647_n-300x201.jpg\" class=\"attachment-medium size-medium\" alt=\"\" srcset=\"https:\/\/www.radiopiu.net\/wordpress\/wp-content\/uploads\/2022\/02\/274016942_327965419268198_2065756915740357647_n-300x201.jpg 300w, https:\/\/www.radiopiu.net\/wordpress\/wp-content\/uploads\/2022\/02\/274016942_327965419268198_2065756915740357647_n.jpg 600w\" sizes=\"auto, (max-width: 300px) 100vw, 300px\" \/><\/a>\n\t\t\t\t<\/dt><\/dl><dl class='gallery-item'>\n\t\t\t\t<dt class='gallery-icon landscape'>\n\t\t\t\t\t<a class=\"rollover\" href='https:\/\/www.radiopiu.net\/wordpress\/il-vescovo-marangoni-a-lamon-presiede-la-messa-nel-centenario-di-padre-romano\/274212428_357286776053806_1063981563430191765_n\/'><img loading=\"lazy\" decoding=\"async\" width=\"300\" height=\"168\" src=\"https:\/\/www.radiopiu.net\/wordpress\/wp-content\/uploads\/2022\/02\/274212428_357286776053806_1063981563430191765_n-300x168.jpg\" class=\"attachment-medium size-medium\" alt=\"\" srcset=\"https:\/\/www.radiopiu.net\/wordpress\/wp-content\/uploads\/2022\/02\/274212428_357286776053806_1063981563430191765_n-300x168.jpg 300w, https:\/\/www.radiopiu.net\/wordpress\/wp-content\/uploads\/2022\/02\/274212428_357286776053806_1063981563430191765_n.jpg 718w\" sizes=\"auto, (max-width: 300px) 100vw, 300px\" \/><\/a>\n\t\t\t\t<\/dt><\/dl><dl class='gallery-item'>\n\t\t\t\t<dt class='gallery-icon portrait'>\n\t\t\t\t\t<a class=\"rollover\" href='https:\/\/www.radiopiu.net\/wordpress\/il-vescovo-marangoni-a-lamon-presiede-la-messa-nel-centenario-di-padre-romano\/273868508_330640992330385_3388332409101649185_n\/'><img loading=\"lazy\" decoding=\"async\" width=\"185\" height=\"300\" src=\"https:\/\/www.radiopiu.net\/wordpress\/wp-content\/uploads\/2022\/02\/273868508_330640992330385_3388332409101649185_n-185x300.jpg\" class=\"attachment-medium size-medium\" alt=\"\" srcset=\"https:\/\/www.radiopiu.net\/wordpress\/wp-content\/uploads\/2022\/02\/273868508_330640992330385_3388332409101649185_n-185x300.jpg 185w, https:\/\/www.radiopiu.net\/wordpress\/wp-content\/uploads\/2022\/02\/273868508_330640992330385_3388332409101649185_n.jpg 320w\" sizes=\"auto, (max-width: 185px) 100vw, 185px\" \/><\/a>\n\t\t\t\t<\/dt><\/dl><dl class='gallery-item'>\n\t\t\t\t<dt class='gallery-icon portrait'>\n\t\t\t\t\t<a class=\"rollover\" href='https:\/\/www.radiopiu.net\/wordpress\/il-vescovo-marangoni-a-lamon-presiede-la-messa-nel-centenario-di-padre-romano\/273611472_322752186570704_2947772661519295322_n\/'><img loading=\"lazy\" decoding=\"async\" width=\"212\" height=\"300\" src=\"https:\/\/www.radiopiu.net\/wordpress\/wp-content\/uploads\/2022\/02\/273611472_322752186570704_2947772661519295322_n-212x300.jpg\" class=\"attachment-medium size-medium\" alt=\"\" srcset=\"https:\/\/www.radiopiu.net\/wordpress\/wp-content\/uploads\/2022\/02\/273611472_322752186570704_2947772661519295322_n-212x300.jpg 212w, https:\/\/www.radiopiu.net\/wordpress\/wp-content\/uploads\/2022\/02\/273611472_322752186570704_2947772661519295322_n.jpg 320w\" sizes=\"auto, (max-width: 212px) 100vw, 212px\" \/><\/a>\n\t\t\t\t<\/dt><\/dl><br style=\"clear: both\" \/>\n\t\t\t<\/div>\n\n<p>NELLE FOTO (Wikipedia; sito chiesabellunofeltre; Sara Alessandrini; Google): padre Romano Bottegal; il suo paese natale: San Donato di Lamon; la parrocchiale lamonese dove il vescovo di Belluno-Feltre, Renato Marangoni, ha presieduto la celebrazione della messa per il centenario di Bottegal; l\u2019abbazia delle Tre Fontane a Roma; pubblicazioni dedicate al monaco lamonese.<\/p>\n","protected":false},"excerpt":{"rendered":"<p>di Renato Bona In occasione della ricorrenza del centenario della nascita di Romano Bottegal, lamonese di San Donato, dove era nato il 28 dicembre 1921, ultimo di sei figli di una famiglia molto povera, il vescovo della diocesi di Belluno-Feltre monsignor Renato Marangoni \u2013 come annunciato dal sito \u201cchiesabellunofeltre\u201d ha presieduto dalle 10,30 la celebrazione&hellip;<\/p>\n","protected":false},"author":4,"featured_media":260656,"comment_status":"closed","ping_status":"closed","sticky":false,"template":"","format":"standard","meta":{"_monsterinsights_skip_tracking":false,"_monsterinsights_sitenote_active":false,"_monsterinsights_sitenote_note":"","_monsterinsights_sitenote_category":0,"footnotes":""},"categories":[49],"tags":[],"class_list":["post-260654","post","type-post","status-publish","format-standard","has-post-thumbnail","hentry","category-news-18","category-49","description-off"],"img_url":"https:\/\/www.radiopiu.net\/wordpress\/wp-content\/uploads\/2022\/02\/273794494_683289996176682_2897079001269198162_n.jpg","_links":{"self":[{"href":"https:\/\/www.radiopiu.net\/wordpress\/wp-json\/wp\/v2\/posts\/260654","targetHints":{"allow":["GET"]}}],"collection":[{"href":"https:\/\/www.radiopiu.net\/wordpress\/wp-json\/wp\/v2\/posts"}],"about":[{"href":"https:\/\/www.radiopiu.net\/wordpress\/wp-json\/wp\/v2\/types\/post"}],"author":[{"embeddable":true,"href":"https:\/\/www.radiopiu.net\/wordpress\/wp-json\/wp\/v2\/users\/4"}],"replies":[{"embeddable":true,"href":"https:\/\/www.radiopiu.net\/wordpress\/wp-json\/wp\/v2\/comments?post=260654"}],"version-history":[{"count":0,"href":"https:\/\/www.radiopiu.net\/wordpress\/wp-json\/wp\/v2\/posts\/260654\/revisions"}],"wp:featuredmedia":[{"embeddable":true,"href":"https:\/\/www.radiopiu.net\/wordpress\/wp-json\/wp\/v2\/media\/260656"}],"wp:attachment":[{"href":"https:\/\/www.radiopiu.net\/wordpress\/wp-json\/wp\/v2\/media?parent=260654"}],"wp:term":[{"taxonomy":"category","embeddable":true,"href":"https:\/\/www.radiopiu.net\/wordpress\/wp-json\/wp\/v2\/categories?post=260654"},{"taxonomy":"post_tag","embeddable":true,"href":"https:\/\/www.radiopiu.net\/wordpress\/wp-json\/wp\/v2\/tags?post=260654"}],"curies":[{"name":"wp","href":"https:\/\/api.w.org\/{rel}","templated":true}]}}