{"id":260719,"date":"2022-02-21T05:22:32","date_gmt":"2022-02-21T04:22:32","guid":{"rendered":"https:\/\/www.radiopiu.net\/wordpress\/?p=260719"},"modified":"2022-02-21T05:41:51","modified_gmt":"2022-02-21T04:41:51","slug":"esenzioni-da-vaccino-medico-indagato-per-falso-e-ambulatori-perquisiti","status":"publish","type":"post","link":"https:\/\/www.radiopiu.net\/wordpress\/esenzioni-da-vaccino-medico-indagato-per-falso-e-ambulatori-perquisiti\/","title":{"rendered":"ESENZIONI DA VACCINO, MEDICO INDAGATO PER FALSO E\u00a0 AMBULATORI PERQUISITI"},"content":{"rendered":"<blockquote><p><strong>A dare notizia di quanto accaduto \u00e8 lo stesso medico che ha pubblicato la cronaca di quanto accaduto due giorni fa anche sul proprio profilo Facebook.<\/strong><br \/>\n<a class=\"dt-pswp-item\" href=\"https:\/\/www.radiopiu.net\/wordpress\/wp-content\/uploads\/2021\/10\/police-3394767__480.jpg\" data-dt-img-description=\"\" data-large_image_width=\"719\" data-large_image_height=\"480\"><img loading=\"lazy\" decoding=\"async\" class=\"size-medium wp-image-239926 alignleft\" src=\"https:\/\/www.radiopiu.net\/wordpress\/wp-content\/uploads\/2021\/10\/police-3394767__480-300x200.jpg\" alt=\"\" width=\"300\" height=\"200\" srcset=\"https:\/\/www.radiopiu.net\/wordpress\/wp-content\/uploads\/2021\/10\/police-3394767__480-300x200.jpg 300w, https:\/\/www.radiopiu.net\/wordpress\/wp-content\/uploads\/2021\/10\/police-3394767__480.jpg 719w\" sizes=\"auto, (max-width: 300px) 100vw, 300px\" \/><\/a><em>\u00abEra arrivata una mail che indicava questa modifica, ma non l&#8217;ho letta, perch\u00e9 di giorno faccio il medico di base, ogni notte sono in guardia medica e anche nel fine settimana. Non riesco a stare dietro a tutte le cose che cambiano di giorno in giorno e poi ho le mail intasate dalle richieste dei pazienti\u00bb. <\/em>Il medico dunque, sostiene di non aver visto la comunicazione che le procedure per le esenzioni sono state cambiate. Sul proprio profilo Favero aggiunge che i Carabinieri <em>\u00abavrebbero portato via il pc di sede se non gli avessi detto che i certificati sono solo sul programma in internet. Il governo sta bloccando per i medici la possibilit\u00e0 di fare il certificato di esenzione vaccinale. Dal 7 febbraio ma io l&#8217;ho scoperto solo il giorno 15 &#8211; lo si pu\u00f2 fare solo con un sistema che prevede l&#8217;accesso con Qrcode e password che non ci \u00e8 stata <a class=\"dt-pswp-item\" href=\"https:\/\/www.radiopiu.net\/wordpress\/wp-content\/uploads\/2022\/02\/21368811_1143103675790574_791677524803461149_o.jpg\" data-dt-img-description=\"\" data-large_image_width=\"960\" data-large_image_height=\"490\"><img loading=\"lazy\" decoding=\"async\" class=\"size-medium wp-image-260723 alignright\" src=\"https:\/\/www.radiopiu.net\/wordpress\/wp-content\/uploads\/2022\/02\/21368811_1143103675790574_791677524803461149_o-300x153.jpg\" alt=\"\" width=\"300\" height=\"153\" srcset=\"https:\/\/www.radiopiu.net\/wordpress\/wp-content\/uploads\/2022\/02\/21368811_1143103675790574_791677524803461149_o-300x153.jpg 300w, https:\/\/www.radiopiu.net\/wordpress\/wp-content\/uploads\/2022\/02\/21368811_1143103675790574_791677524803461149_o-768x392.jpg 768w, https:\/\/www.radiopiu.net\/wordpress\/wp-content\/uploads\/2022\/02\/21368811_1143103675790574_791677524803461149_o.jpg 960w\" sizes=\"auto, (max-width: 300px) 100vw, 300px\" \/><\/a>fornita; per cui la procedura non funziona&#8221;.<\/em><\/p><\/blockquote>\n<p><strong>ALLEGHE<\/strong>\u00a0 Due ambulatori perquisiti, sequestrati telefoni e computer. La Procura di Belluno ha aperto un&#8217;indagine nei confronti del\u00a0 medico\u00a0 di base e di guardia medica in Alto Agordino Luca Favero, per alcune esenzioni alla vaccinazione Covid che ha rilasciato. Sabato pomeriggio i carabinieri della stazione di Caprile, in esecuzione dell&#8217;ordine della Procura, hanno effettuato una perquisizione negli ambulatori di Caprile e Livinallongo, dove hanno sequestrato i computer e i telefonini del medico per compiere accertamenti finalizzati alle indagini. L&#8217;accusa \u00e8 di falsit\u00e0 ideologica in certificati commessa da persone esercenti un servizio di pubblica necessit\u00e0. \u00a0Un uomo e una donna dell&#8217;Alto Agordino ora devono difendersi dall&#8217;accusa di falsit\u00e0 ideologica in certificati commessa da persone esercenti un servizio di pubblica necessit\u00e0 in concorso e tentata truffa<\/p>\n<p>&nbsp;<\/p>\n<h2>archivio radiopiu<\/h2>\n<blockquote class=\"wp-embedded-content\" data-secret=\"kwsw7bqcBh\"><p><a href=\"https:\/\/www.radiopiu.net\/wordpress\/254887-2as\/\">VITA DA  MEDICO IN TERRITORIO FODOM &#8220;NON SONO STATO RIABILITATO, ME NE VADO&#8221;<\/a><\/p><\/blockquote>\n<p><iframe loading=\"lazy\" class=\"wp-embedded-content\" sandbox=\"allow-scripts\" security=\"restricted\" style=\"position: absolute; clip: rect(1px, 1px, 1px, 1px);\" title=\"&#8220;VITA DA  MEDICO IN TERRITORIO FODOM &#8220;NON SONO STATO RIABILITATO, ME NE VADO&#8221;&#8221; &#8212; Radio Pi\u00f9\" src=\"https:\/\/www.radiopiu.net\/wordpress\/254887-2as\/embed\/#?secret=kwsw7bqcBh\" data-secret=\"kwsw7bqcBh\" width=\"600\" height=\"338\" frameborder=\"0\" marginwidth=\"0\" marginheight=\"0\" scrolling=\"no\"><\/iframe><\/p>\n<p>&nbsp;<\/p>\n<blockquote class=\"wp-embedded-content\" data-secret=\"sTf7UuMXMy\"><p><a href=\"https:\/\/www.radiopiu.net\/wordpress\/la-lettera-del-dottor-luca-favero-sospeso-dallordine-dei-medici\/\">LA LETTERA, DEL DOTTOR LUCA FAVERO SOSPESO DALL&#8217;ORDINE DEI MEDICI<\/a><\/p><\/blockquote>\n<p><iframe loading=\"lazy\" class=\"wp-embedded-content\" sandbox=\"allow-scripts\" security=\"restricted\" style=\"position: absolute; clip: rect(1px, 1px, 1px, 1px);\" title=\"&#8220;LA LETTERA, DEL DOTTOR LUCA FAVERO SOSPESO DALL&#8217;ORDINE DEI MEDICI&#8221; &#8212; Radio Pi\u00f9\" src=\"https:\/\/www.radiopiu.net\/wordpress\/la-lettera-del-dottor-luca-favero-sospeso-dallordine-dei-medici\/embed\/#?secret=sTf7UuMXMy\" data-secret=\"sTf7UuMXMy\" width=\"600\" height=\"338\" frameborder=\"0\" marginwidth=\"0\" marginheight=\"0\" scrolling=\"no\"><\/iframe><\/p>\n<p>&nbsp;<\/p>\n<p>***<\/p>\n","protected":false},"excerpt":{"rendered":"<p>A dare notizia di quanto accaduto \u00e8 lo stesso medico che ha pubblicato la cronaca di quanto accaduto due giorni fa anche sul proprio profilo Facebook. \u00abEra arrivata una mail che indicava questa modifica, ma non l&#8217;ho letta, perch\u00e9 di giorno faccio il medico di base, ogni notte sono in guardia medica e anche nel&hellip;<\/p>\n","protected":false},"author":4,"featured_media":239926,"comment_status":"closed","ping_status":"closed","sticky":false,"template":"","format":"standard","meta":{"_monsterinsights_skip_tracking":false,"_monsterinsights_sitenote_active":false,"_monsterinsights_sitenote_note":"","_monsterinsights_sitenote_category":0,"footnotes":""},"categories":[51,49],"tags":[],"class_list":["post-260719","post","type-post","status-publish","format-standard","has-post-thumbnail","hentry","category-evidenza-top","category-news-18","category-51","category-49","description-off"],"img_url":"https:\/\/www.radiopiu.net\/wordpress\/wp-content\/uploads\/2021\/10\/police-3394767__480.jpg","_links":{"self":[{"href":"https:\/\/www.radiopiu.net\/wordpress\/wp-json\/wp\/v2\/posts\/260719","targetHints":{"allow":["GET"]}}],"collection":[{"href":"https:\/\/www.radiopiu.net\/wordpress\/wp-json\/wp\/v2\/posts"}],"about":[{"href":"https:\/\/www.radiopiu.net\/wordpress\/wp-json\/wp\/v2\/types\/post"}],"author":[{"embeddable":true,"href":"https:\/\/www.radiopiu.net\/wordpress\/wp-json\/wp\/v2\/users\/4"}],"replies":[{"embeddable":true,"href":"https:\/\/www.radiopiu.net\/wordpress\/wp-json\/wp\/v2\/comments?post=260719"}],"version-history":[{"count":0,"href":"https:\/\/www.radiopiu.net\/wordpress\/wp-json\/wp\/v2\/posts\/260719\/revisions"}],"wp:featuredmedia":[{"embeddable":true,"href":"https:\/\/www.radiopiu.net\/wordpress\/wp-json\/wp\/v2\/media\/239926"}],"wp:attachment":[{"href":"https:\/\/www.radiopiu.net\/wordpress\/wp-json\/wp\/v2\/media?parent=260719"}],"wp:term":[{"taxonomy":"category","embeddable":true,"href":"https:\/\/www.radiopiu.net\/wordpress\/wp-json\/wp\/v2\/categories?post=260719"},{"taxonomy":"post_tag","embeddable":true,"href":"https:\/\/www.radiopiu.net\/wordpress\/wp-json\/wp\/v2\/tags?post=260719"}],"curies":[{"name":"wp","href":"https:\/\/api.w.org\/{rel}","templated":true}]}}