{"id":260863,"date":"2022-02-21T23:59:39","date_gmt":"2022-02-21T22:59:39","guid":{"rendered":"https:\/\/www.radiopiu.net\/wordpress\/?p=260863"},"modified":"2022-02-21T15:13:05","modified_gmt":"2022-02-21T14:13:05","slug":"libro-del-1993-selva-di-cadore-come-era-quando-stalle-e-fienili-erano-cosa-viva","status":"publish","type":"post","link":"https:\/\/www.radiopiu.net\/wordpress\/libro-del-1993-selva-di-cadore-come-era-quando-stalle-e-fienili-erano-cosa-viva\/","title":{"rendered":"LIBRO DEL 1993: \u201cSELVA DI CADORE COME ERA\u201d QUANDO STALLE E FIENILI ERANO COSA \u201cVIVA\u201d"},"content":{"rendered":"<p><strong>di RENATO BONA<\/strong><\/p>\n<p>Concludiamo con questo servizio la \u201cricognizione\u201d del capitolo \u201cCase, stalle e fienili\u201d del libro \u201cSelva di Cadore come era\u201d (in ladino: \u201cSelva da nosak\u00e0n\u201d), del prof. don Lorenzo Dell\u2019Andrea il quale lo ha realizzato con l\u2019Union de i Ladi\u00f1 de Selva e la bellunese tipografia Piave nel novembre 1993. L\u2019autore giustamente aveva scritto che le fotografie, numerose e decisamente di pregio, molte scattate da lui stesso o comunque appartenenti alla sua raccolta, \u201csono molto interessanti perch\u00e9 mostrano alcuni edifici antichi, case e fienili, evidenziandone talune caratteristiche\u201d ma forse &#8211; sottolineava &#8211; non \u00e8 questo il motivo principale d\u2019interesse. Per la gente di Selva queste case e questi fienili hanno un sapore particolare. Per gli anziani sono un richiamo e una rievocazione dei tempi in cui Selva\u2026 era Selva, quando le stalle e i fienili erano cosa \u2018viva\u2019, quando le\u2019stue\u2019 nelle lunghe serate d\u2019inverno accoglievano nel loro tepore attorno al tavolo o sulla \u2018kuba de l forn\u00e9l\u2019 tutta la famiglia. Oggi non \u00e8 pi\u00f9 cos\u00ec\u201d. Infatti \u201cgli edifici sorti in questi ultimi decenni sono quasi sempre \u2018case costruite sul territorio di Selva\u2019 ma non \u2018case di Selva\u2019; e in quanto alla \u2018stua\u2019 quasi tutti, purtroppo, negli scorsi decenni hanno fatto a gara per sostituire il \u2018forn\u00e9l\u2019 con il termosifone o, peggio ancora, con la stufa a cherosene\u201d. Per i giovani invece &#8211; concludeva Dell\u2019Andrea &#8211; queste fotografie saranno un\u2019occasione per conoscere alcune caratteristiche dell\u2019architettura del proprio paese. E volesse il cielo che, per i giovai e per gli anziani, la \u2018lettura\u2019 di queste fotografie fosse anche un\u2019occasione e uno stimolo per dare finalmente il via ad uno studio serio delle caratteristiche costruttive \u2018classiche\u2019 di Selva di Cadore e per applicarle rigorosamente (e anche \u2018obbligatoriamente\u2019) nella progettazione di nuovi edifici e nella ristrutturazione di quelli esistenti\u201d. La prima immagine che proponiamo \u00e8 quella del \u2018tabie de l Nini\u2019 a L\u2019Aiva che \u201cpresenta la stalla e tutta la parte superiore della \u2018zopa de l fen\u2019 in muratura. E\u2019 una soluzione spesso usata, mentre \u00e8 invece un elemento anomalo la stanza da abitazione sul lato sinistro della\u2019zopa\u2019 (la stanza era usata per ospitare i \u2018seg\u00e0c\u2019 foresti). Altro elemento fuori dell\u2019ordinario il piccolo \u2018palanz\u00ecn\u2019 supplementare ricavato sull\u2019 \u2018aic\u00e8r\u2019. Da notare, ai lati del \u2018palanz\u00ecn\u2019 superiore, le due aperture per la luce che si aggiungono alle tradizionali \u2018barkonele\u2019 in alto\u201d (raccolta Museo di Selva di Cadore). Segue quella del \u2018tabie de la Giustina\u2019 a Toffol dove \u201cla \u2018zopa de l fen\u2019 \u00e8 tutta in muratura, con tre aperture sul davanti e aperture maggiori laterali. Il \u2018palanz\u00ecn\u2019 \u00e8 interrotto in corrispondenza della \u2018era\u2019 che si apre in una \u2018bifora\u2019 con ampio davanzale. Davanzali erano posti anche davanti alle \u2018barkonele\u2019 che hanno la forma di anfora\u201d. (foto e raccolta L. Dell\u2019Andrea). Ed eccoci al \u2018tabie de i post\u00ecn\u2019 a Toffol: \u201cE\u2019 del tipo ladino recente. La grata della \u2018z\u00f2pa\u2019 \u00e8 piacevolmente divisa in due parti. Davanti \u00e8 appesa una scala. Era infatti usuale appendere alle pareti del fienile attrezzi vari (scale, erpici ecc.). A sinistra, in basso, \u2018l stal\u00f2t del kuco\u2019 e, subito sopra, il \u2018tabed\u00e8l\u2019, costruzione spesso aggiunta ai fienili per deposito di legna e attrezzi o anche per supplire alla limitata capienza della \u2018zopa de l f\u00e8n\u2019. Davanti alla stalla, a sinistra, la \u2018zopa de l led\u00e0m\u2019. In primo piano il \u2018travai\u2019 dei Riz per la ferratura delle mucche\u201d. Foto e raccolta di L. Dell\u2019Andrea anche per \u201cAlcuni tabie a Toffol, circa l\u2019anno 1960. In alto il \u2018tabie de la Giustina\u2019, a sinistra il vecchio \u2018tabie de i Deven\u2019 poi divenuto \u2018de i Piva e de i Pezuoi\u2019; davanti il \u2018tabie de i Tromba\u2019. Si notano i \u2018palanz\u00ecn con man\u00f3c\u2019 posti a essiccare. In primo piano il \u2018mol\u00ecn de i Padre\u2019\u201d. La quinta immagine \u00e8 accompagnata da una dicitura che ricorda come \u201cIl lato settentrionale nei fienili \u00e8 generalmente tutto chiuso, con grande uso di tavole affiancate\u2026 Elementi decorativi in tutti i fienili sono le \u2018barkonele\u2019: hanno forme geometriche oppure di animali e di fiori o di oggetti (frequenti i vasi) con interpretazioni spesso fantastiche. Servono sia per dare luce ed aria, sia per abbellimento. Normalmente le aperture non hanno vetro o altra protezione, talora per\u00f2 ci pu\u00f2 essere all\u2019interno un apposito sistema per chiudere l\u2019apertura. La ricerca di abbellimento \u00e8 presente dappertutto; si osservi, nella foto, il motivo ornamentale sopra la porta \u2018de era\u2019\u201d (raccolta Museo di Selva di Cadore). E siamo cos\u00ec giunti al \u2018palanz\u00ecn\u2019 del \u2018tabie de i Tromba\u2019 a Toffol: un possente incastro di travature, complesso e molto elaborato, sostiene il \u2018palanz\u00ecn\u2019, la \u2018era\u2019 e le altre strutture superiori, scaricando in modo equilibrato il peso sul muro della \u2018zopa\u2019\u201d. Foto e racolta L. Dell\u2019Andrea come nel caso della vecchia stalla del \u2018tabie de i Tromba\u2019 sempre a Toffol, dove \u201cIl soffitto \u00e8 dotato di grosse travature per sostenere il peso del fieno della sovrastante \u2018zopa\u2019. Al centro una colonna di legno (\u2018kolonda de stala\u2019) poggiante su un basamento in pietra, ha una duplice funzione di rinforzo della travatura e di servizio per appoggiare, sulla panca che gira attorno, secchie e altro materiale per il governo degli animali\u201d. Segue, sempre dalla raccolta Dell\u2019Andrea la foto di bellissimi tetti in scandole del \u2018tabie de i Tronba e del Molin de i Padre\u201d a Toffol che \u201cnon hanno nulla da spartire con le orribili (anche se pi\u00f9 economiche lamiere zincate). E concludiamo con le ultime due immagini, stesso autore e medesima raccolta. Maria Chizzolin Dell\u2019Andrea \u2018Maria Parona\u2019, nella \u2018stua de i Tromba\u2019 a Toffol nel 1972: alle pareti in legno sono appese immagini sacre (non mancano mai un Crocifisso e le candele benedette nel giorno della Candelora), quadri di familiari, i ricordi di parenti e compaesani deceduti. Il \u2018forn\u00e9l\u2019 forniva calore per 24 ore. Per questo la \u2018stua\u2019 era al centro della casa, dove si lavorava (le donne filavano, facevano calza, ricamavano); nella \u2018stua\u2019 si pregava, si consumavano i pasti, ci si intratteneva chiacchierando o giocando a carte. Nella foto un particolare: il \u2018forn\u00e9l\u2019 \u00e8 dotato di un supporto in legno retrattile chiamato \u2018pas\u00e8t\u2019 che veniva estratto per appendervi il \u2018lavi\u00e9z\u2019 con i \u2018papazu\u00f3i\u2019 o la \u2018menestra da orz\u2019 preparati sul \u2018lar\u00ecn\u2019 in cucina, \u2018fuora inte ciesa\u2019. Infine; la \u2018kros de la kolm\u2019 sulla \u2018ci\u00e9sa de ki de la kolm\u2019 a Toffol dove: \u201cEra usanza dei nostri avi porre in testa al travo del culmine del tetto una croce di ferro, la \u201ckros de la kolm\u2019. Un\u2019usanza ladina cio\u00e8 tipica della civilt\u00e0 e della cultura della nostra gente. Un\u2019usanza moto bella e ricchissima di significati\u201d.<\/p>\n\n\t\t\t<style type='text\/css'>\n\t\t\t\t#gallery-1 {\n\t\t\t\t\tmargin: auto;\n\t\t\t\t}\n\t\t\t\t#gallery-1 .gallery-item {\n\t\t\t\t\tfloat: left;\n\t\t\t\t\tmargin-top: 10px;\n\t\t\t\t\ttext-align: center;\n\t\t\t\t\twidth: 33%;\n\t\t\t\t}\n\t\t\t\t#gallery-1 img {\n\t\t\t\t\tborder: 2px solid #cfcfcf;\n\t\t\t\t}\n\t\t\t\t#gallery-1 .gallery-caption {\n\t\t\t\t\tmargin-left: 0;\n\t\t\t\t}\n\t\t\t\t\/* see gallery_shortcode() in wp-includes\/media.php *\/\n\t\t\t<\/style>\n\t\t<div id='gallery-1' class='dt-gallery-container gallery galleryid-260863 gallery-columns-3 gallery-size-thumbnail'><dl class='gallery-item'>\n\t\t\t\t<dt class='gallery-icon portrait'>\n\t\t\t\t\t<a class=\"rollover rollover-zoom dt-pswp-item\" title=\"273823106_635169594226255_5300873619130010633_n\" data-dt-img-description=\"\" data-large_image_width=\"155\" data-large_image_height=\"225\"href='https:\/\/www.radiopiu.net\/wordpress\/wp-content\/uploads\/2022\/02\/273823106_635169594226255_5300873619130010633_n.jpg'><img loading=\"lazy\" decoding=\"async\" width=\"150\" height=\"150\" src=\"https:\/\/www.radiopiu.net\/wordpress\/wp-content\/uploads\/2022\/02\/273823106_635169594226255_5300873619130010633_n-150x150.jpg\" class=\"attachment-thumbnail size-thumbnail\" alt=\"\" \/><\/a>\n\t\t\t\t<\/dt><\/dl><dl class='gallery-item'>\n\t\t\t\t<dt class='gallery-icon portrait'>\n\t\t\t\t\t<a class=\"rollover rollover-zoom dt-pswp-item\" title=\"273726060_278821067706595_8583125083372960866_n\" data-dt-img-description=\"\" data-large_image_width=\"156\" data-large_image_height=\"225\"href='https:\/\/www.radiopiu.net\/wordpress\/wp-content\/uploads\/2022\/02\/273726060_278821067706595_8583125083372960866_n.jpg'><img loading=\"lazy\" decoding=\"async\" width=\"150\" height=\"150\" src=\"https:\/\/www.radiopiu.net\/wordpress\/wp-content\/uploads\/2022\/02\/273726060_278821067706595_8583125083372960866_n-150x150.jpg\" class=\"attachment-thumbnail size-thumbnail\" alt=\"\" \/><\/a>\n\t\t\t\t<\/dt><\/dl><dl class='gallery-item'>\n\t\t\t\t<dt class='gallery-icon landscape'>\n\t\t\t\t\t<a class=\"rollover rollover-zoom dt-pswp-item\" title=\"273754344_531838631460471_8967956700006351019_n\" data-dt-img-description=\"\" data-large_image_width=\"228\" data-large_image_height=\"205\"href='https:\/\/www.radiopiu.net\/wordpress\/wp-content\/uploads\/2022\/02\/273754344_531838631460471_8967956700006351019_n.jpg'><img loading=\"lazy\" decoding=\"async\" width=\"150\" height=\"150\" src=\"https:\/\/www.radiopiu.net\/wordpress\/wp-content\/uploads\/2022\/02\/273754344_531838631460471_8967956700006351019_n-150x150.jpg\" class=\"attachment-thumbnail size-thumbnail\" alt=\"\" \/><\/a>\n\t\t\t\t<\/dt><\/dl><br style=\"clear: both\" \/><dl class='gallery-item'>\n\t\t\t\t<dt class='gallery-icon landscape'>\n\t\t\t\t\t<a class=\"rollover rollover-zoom dt-pswp-item\" title=\"273944108_5155250704486545_1913047021859115566_n\" data-dt-img-description=\"\" data-large_image_width=\"235\" data-large_image_height=\"204\"href='https:\/\/www.radiopiu.net\/wordpress\/wp-content\/uploads\/2022\/02\/273944108_5155250704486545_1913047021859115566_n.jpg'><img loading=\"lazy\" decoding=\"async\" width=\"150\" height=\"150\" src=\"https:\/\/www.radiopiu.net\/wordpress\/wp-content\/uploads\/2022\/02\/273944108_5155250704486545_1913047021859115566_n-150x150.jpg\" class=\"attachment-thumbnail size-thumbnail\" alt=\"\" \/><\/a>\n\t\t\t\t<\/dt><\/dl><dl class='gallery-item'>\n\t\t\t\t<dt class='gallery-icon portrait'>\n\t\t\t\t\t<a class=\"rollover rollover-zoom dt-pswp-item\" title=\"273911442_652082486032050_6398373698455850828_n\" data-dt-img-description=\"\" data-large_image_width=\"173\" data-large_image_height=\"204\"href='https:\/\/www.radiopiu.net\/wordpress\/wp-content\/uploads\/2022\/02\/273911442_652082486032050_6398373698455850828_n.jpg'><img loading=\"lazy\" decoding=\"async\" width=\"150\" height=\"150\" src=\"https:\/\/www.radiopiu.net\/wordpress\/wp-content\/uploads\/2022\/02\/273911442_652082486032050_6398373698455850828_n-150x150.jpg\" class=\"attachment-thumbnail size-thumbnail\" alt=\"\" \/><\/a>\n\t\t\t\t<\/dt><\/dl><dl class='gallery-item'>\n\t\t\t\t<dt class='gallery-icon landscape'>\n\t\t\t\t\t<a class=\"rollover rollover-zoom dt-pswp-item\" title=\"273622398_500326891462836_4847790543850355684_n\" data-dt-img-description=\"\" data-large_image_width=\"367\" data-large_image_height=\"206\"href='https:\/\/www.radiopiu.net\/wordpress\/wp-content\/uploads\/2022\/02\/273622398_500326891462836_4847790543850355684_n.jpg'><img loading=\"lazy\" decoding=\"async\" width=\"150\" height=\"150\" src=\"https:\/\/www.radiopiu.net\/wordpress\/wp-content\/uploads\/2022\/02\/273622398_500326891462836_4847790543850355684_n-150x150.jpg\" class=\"attachment-thumbnail size-thumbnail\" alt=\"\" \/><\/a>\n\t\t\t\t<\/dt><\/dl><br style=\"clear: both\" \/>\n\t\t\t<\/div>\n\n<p>&nbsp;<\/p>\n<p>\u00a7\u00a7<\/p>\n","protected":false},"excerpt":{"rendered":"<p>di RENATO BONA Concludiamo con questo servizio la \u201cricognizione\u201d del capitolo \u201cCase, stalle e fienili\u201d del libro \u201cSelva di Cadore come era\u201d (in ladino: \u201cSelva da nosak\u00e0n\u201d), del prof. don Lorenzo Dell\u2019Andrea il quale lo ha realizzato con l\u2019Union de i Ladi\u00f1 de Selva e la bellunese tipografia Piave nel novembre 1993. L\u2019autore giustamente aveva&hellip;<\/p>\n","protected":false},"author":4,"featured_media":260873,"comment_status":"closed","ping_status":"closed","sticky":false,"template":"","format":"standard","meta":{"_monsterinsights_skip_tracking":false,"_monsterinsights_sitenote_active":false,"_monsterinsights_sitenote_note":"","_monsterinsights_sitenote_category":0,"footnotes":""},"categories":[104,49],"tags":[],"class_list":["post-260863","post","type-post","status-publish","format-standard","has-post-thumbnail","hentry","category-evidenza_3","category-news-18","category-104","category-49","description-off"],"img_url":"https:\/\/www.radiopiu.net\/wordpress\/wp-content\/uploads\/2022\/02\/273785178_506861277652888_5164580108860009016_n.jpg","_links":{"self":[{"href":"https:\/\/www.radiopiu.net\/wordpress\/wp-json\/wp\/v2\/posts\/260863","targetHints":{"allow":["GET"]}}],"collection":[{"href":"https:\/\/www.radiopiu.net\/wordpress\/wp-json\/wp\/v2\/posts"}],"about":[{"href":"https:\/\/www.radiopiu.net\/wordpress\/wp-json\/wp\/v2\/types\/post"}],"author":[{"embeddable":true,"href":"https:\/\/www.radiopiu.net\/wordpress\/wp-json\/wp\/v2\/users\/4"}],"replies":[{"embeddable":true,"href":"https:\/\/www.radiopiu.net\/wordpress\/wp-json\/wp\/v2\/comments?post=260863"}],"version-history":[{"count":0,"href":"https:\/\/www.radiopiu.net\/wordpress\/wp-json\/wp\/v2\/posts\/260863\/revisions"}],"wp:featuredmedia":[{"embeddable":true,"href":"https:\/\/www.radiopiu.net\/wordpress\/wp-json\/wp\/v2\/media\/260873"}],"wp:attachment":[{"href":"https:\/\/www.radiopiu.net\/wordpress\/wp-json\/wp\/v2\/media?parent=260863"}],"wp:term":[{"taxonomy":"category","embeddable":true,"href":"https:\/\/www.radiopiu.net\/wordpress\/wp-json\/wp\/v2\/categories?post=260863"},{"taxonomy":"post_tag","embeddable":true,"href":"https:\/\/www.radiopiu.net\/wordpress\/wp-json\/wp\/v2\/tags?post=260863"}],"curies":[{"name":"wp","href":"https:\/\/api.w.org\/{rel}","templated":true}]}}