{"id":260940,"date":"2022-02-23T06:00:27","date_gmt":"2022-02-23T05:00:27","guid":{"rendered":"https:\/\/www.radiopiu.net\/wordpress\/?p=260940"},"modified":"2022-02-23T16:36:12","modified_gmt":"2022-02-23T15:36:12","slug":"giornale-radiopiu-23-febbraio-2022-direttore-mirko-mezzacasa","status":"publish","type":"post","link":"https:\/\/www.radiopiu.net\/wordpress\/giornale-radiopiu-23-febbraio-2022-direttore-mirko-mezzacasa\/","title":{"rendered":"GIORNALE RADIOPIU 23 FEBBRAIO 2022 DIRETTORE MIRKO MEZZACASA"},"content":{"rendered":"<h3 class=\"kvgmc6g5 cxmmr5t8 oygrvhab hcukyx3x c1et5uql\"><span style=\"color: #0000ff;\"><strong><a class=\"dt-pswp-item\" href=\"https:\/\/www.radiopiu.net\/wordpress\/wp-content\/uploads\/2022\/02\/San-Vito-di-cadore-incidente-davanti-allalbergo-Cima-Belpra4.jpg\" data-dt-img-description=\"\" data-large_image_width=\"600\" data-large_image_height=\"800\"><img loading=\"lazy\" decoding=\"async\" class=\"size-medium wp-image-261121 alignleft\" src=\"https:\/\/www.radiopiu.net\/wordpress\/wp-content\/uploads\/2022\/02\/San-Vito-di-cadore-incidente-davanti-allalbergo-Cima-Belpra4-225x300.jpg\" alt=\"\" width=\"225\" height=\"300\" srcset=\"https:\/\/www.radiopiu.net\/wordpress\/wp-content\/uploads\/2022\/02\/San-Vito-di-cadore-incidente-davanti-allalbergo-Cima-Belpra4-225x300.jpg 225w, https:\/\/www.radiopiu.net\/wordpress\/wp-content\/uploads\/2022\/02\/San-Vito-di-cadore-incidente-davanti-allalbergo-Cima-Belpra4.jpg 600w\" sizes=\"auto, (max-width: 225px) 100vw, 225px\" \/><\/a><\/strong><\/span><\/h3>\n<p><strong>SAN VITO DI CADORE\u00a0<\/strong> Ieri sera alle 19.15 incidente a San Vito di Cadore davanti all&#8217;albergo Cima Belpr\u00e0, nessun ferito grave ma disagi per oltre due ore per gli utenti della strada mentre i vigili del fuoco hanno rimesso in sicurezza viabilit\u00e0 e mezzi e i carabinieri hanno provveduto per i rilievi di legge. La strada \u00e8 rimasta chiusa un paio d&#8217;ore con deviazioni in loco.\u00a0 \u00a0<span style=\"color: #0000ff;\"><strong>FOTO DI ANDREA, VIABILITA&#8217; PROVINCIA DI BELLUNO &#8211; TELEGRAM &#8211;\u00a0<\/strong><\/span><\/p>\n<h3><\/h3>\n<h3 class=\"kvgmc6g5 cxmmr5t8 oygrvhab hcukyx3x c1et5uql\"><span style=\"color: #ff0000;\"><strong>INFORMAZIONE il canale su TELEGRAM informazione di prima mano e in tempo reale. iscriviti ed aiutaci a farlo conoscere\u00a0<\/strong><\/span><\/h3>\n<p><strong>\u00a0 \u00a0<\/strong><\/p>\n<p>&nbsp;<\/p>\n<p>&nbsp;<\/p>\n<p><strong>REVOCATA L&#8217;ORDINANZA DI CHIUSURA DELLA COMUNALE A MASARE&#8217; DI\u00a0 ROCCA PIETORE.<\/strong><span dir=\"ltr\" role=\"presentation\"> I lavori sono stati posticipati causa <\/span><span dir=\"ltr\" role=\"presentation\">maltempo e per poter permettere la regolare transitabilit\u00e0 della viabilit\u00e0 Comunale durante <\/span><span dir=\"ltr\" role=\"presentation\">queste<\/span> <span dir=\"ltr\" role=\"presentation\">settimane<\/span> <span dir=\"ltr\" role=\"presentation\">che<\/span> <span dir=\"ltr\" role=\"presentation\">risultano<\/span> <span dir=\"ltr\" role=\"presentation\">essere<\/span> <span dir=\"ltr\" role=\"presentation\">particolarmente<\/span> <span dir=\"ltr\" role=\"presentation\">soggette<\/span> <span dir=\"ltr\" role=\"presentation\">ad<\/span> <span dir=\"ltr\" role=\"presentation\">un<\/span> <span dir=\"ltr\" role=\"presentation\">importante<\/span> <span dir=\"ltr\" role=\"presentation\">afflusso <\/span><span dir=\"ltr\" role=\"presentation\">turistico<\/span><\/p>\n<p>&nbsp;<\/p>\n<hr \/>\n<p>&nbsp;<\/p>\n<p>&nbsp;<\/p>\n<p><strong>COVID NELL&#8217;AGORDINO<\/strong>, I POSITIVI IERI:\u00a0 COLLE SANTA LUCIA 2, FALCADE 18, LA VALLE 4, AGORDO 74, ROCCA PIETORE 8, CANALE D&#8217;AGORDO 8 ALLEGHE 3 LIVINALLONGO 6 GOSALDO 4 FALCADE 15 TAIBON 8<\/p>\n<p>&nbsp;<\/p>\n<p>&nbsp;<\/p>\n<hr \/>\n<p>&nbsp;<\/p>\n<blockquote>\n<h2>ACQUA INQUINATA IN ALCUNE FRAZIONI<\/h2>\n<\/blockquote>\n<p><strong><img loading=\"lazy\" decoding=\"async\" class=\"alignleft\" src=\"https:\/\/www.radiopiu.net\/wordpress\/wp-content\/uploads\/2018\/08\/ACQUA.jpeg\" width=\"175\" height=\"105\" \/>\u00a0CANALE D&#8217; AGORDO<\/strong> Gestione Servizi Pubblici informa che nelle LOCALITA&#8217; FREGONA, PISOLIVA E LA MORA l&#8217;acqua erogata dall&#8217;acquedotto non \u00e8 potabile e non pu\u00f2 essere usata per scopi alimentari. Verr\u00e0 effettuato servizio sostitutivo con approvvigionamento alternativo di emergenza nelle localit\u00e0 di Pisoliva e Fregona. GSP ha, comunque, gi\u00e0 adottato necessari interventi di pulizia e disinfezione della rete. Ulteriori informazioni saranno fornite nei prossimi giorni. Per maggiori informazioni \u00e8 possibile contattare il Servizio Clienti al numero 800 306 999 o +39 0445 230521 (da estero) .<\/p>\n<p>&nbsp;<\/p>\n<p>&nbsp;<\/p>\n<hr \/>\n<p>&nbsp;<\/p>\n<blockquote>\n<h3>VENERDI&#8217; 25 FEBBRAIO LO SCIOPERO GENERALE DEI TRASPORTI<\/h3>\n<\/blockquote>\n<p><strong>BELLUNO<\/strong> \u00c8 stato istituito per venerd\u00ec 25 febbraio lo sciopero generale dei trasporti indetto dalle segreterie nazionali di FILT-CGIL, FIT-CISL, UILTRASPORTI, FAISA-CISAL e UGL-FNA. Lo sciopero \u00e8 di 24 ore ma DolomitiBus garantisce il servizio dalle 5:40 alle 8:09 e Dalle 12:10 alle 15:39. DolomitiBus precisa che le corse in partenza prima dell&#8217;inizio dello sciopero verranno effettuate regolarmente e che le stesse una volta iniziate proseguiranno fino al capolinea<\/p>\n<p>&nbsp;<\/p>\n<hr \/>\n<p>&nbsp;<\/p>\n<blockquote>\n<h2>&#8220;PENELOPE&#8221; PER ALESSANDRO<\/h2>\n<\/blockquote>\n<p><strong><a class=\"dt-pswp-item\" href=\"https:\/\/www.radiopiu.net\/wordpress\/wp-content\/uploads\/2022\/02\/Alessandro_Albignasego-PD.jpg\" data-dt-img-description=\"\" data-large_image_width=\"1240\" data-large_image_height=\"1754\"><img loading=\"lazy\" decoding=\"async\" class=\"size-medium wp-image-261055 alignleft\" src=\"https:\/\/www.radiopiu.net\/wordpress\/wp-content\/uploads\/2022\/02\/Alessandro_Albignasego-PD-212x300.jpg\" alt=\"\" width=\"212\" height=\"300\" srcset=\"https:\/\/www.radiopiu.net\/wordpress\/wp-content\/uploads\/2022\/02\/Alessandro_Albignasego-PD-212x300.jpg 212w, https:\/\/www.radiopiu.net\/wordpress\/wp-content\/uploads\/2022\/02\/Alessandro_Albignasego-PD-724x1024.jpg 724w, https:\/\/www.radiopiu.net\/wordpress\/wp-content\/uploads\/2022\/02\/Alessandro_Albignasego-PD-768x1086.jpg 768w, https:\/\/www.radiopiu.net\/wordpress\/wp-content\/uploads\/2022\/02\/Alessandro_Albignasego-PD-1086x1536.jpg 1086w, https:\/\/www.radiopiu.net\/wordpress\/wp-content\/uploads\/2022\/02\/Alessandro_Albignasego-PD.jpg 1240w\" sizes=\"auto, (max-width: 212px) 100vw, 212px\" \/><\/a><\/strong><\/p>\n<p>&nbsp;<\/p>\n<p><strong>REDAZIONE <\/strong>Stamane l&#8217;associazione Penelope del Veneto ci ha dato la bella notizia, <em>&#8220;con immenso piacere che comunichiamo che Andy, scomparso da Creazzo (VI) il 21 febbraio u.s. \u00e8 stato ritrovato, grazie alle segnalazioni pervenute&#8221;. Sono invece ancora in corso le ricerche<\/em><strong><em> di\u00a0 <\/em><\/strong>Alessandro scomparso da Albignasego (PD). Sulla locandina le informazioni dei soggetti scomparsi e i numeri da contattare in caso di avvistamento.<\/p>\n<p>&nbsp;<\/p>\n<p>&nbsp;<\/p>\n<p>&nbsp;<\/p>\n<p>&nbsp;<\/p>\n<p>&nbsp;<\/p>\n<p>&nbsp;<\/p>\n<p>&nbsp;<\/p>\n<p>&nbsp;<\/p>\n<hr \/>\n<p>&nbsp;<\/p>\n<blockquote>\n<h3>AUTO CON LE RUOTE ALL&#8217;ARIA A BASTIA D&#8217;ALPAGO. CONDUCENTE LIEVEMENTE FERITO<\/h3>\n<h2><strong><a class=\"dt-pswp-item\" href=\"https:\/\/www.radiopiu.net\/wordpress\/wp-content\/uploads\/2022\/02\/2743c3f4-540a-4846-a238-c26ceaddf14b.jpg\" data-dt-img-description=\"\" data-large_image_width=\"790\" data-large_image_height=\"497\"><img loading=\"lazy\" decoding=\"async\" class=\"size-medium wp-image-261092 alignleft\" src=\"https:\/\/www.radiopiu.net\/wordpress\/wp-content\/uploads\/2022\/02\/2743c3f4-540a-4846-a238-c26ceaddf14b-300x189.jpg\" alt=\"\" width=\"300\" height=\"189\" srcset=\"https:\/\/www.radiopiu.net\/wordpress\/wp-content\/uploads\/2022\/02\/2743c3f4-540a-4846-a238-c26ceaddf14b-300x189.jpg 300w, https:\/\/www.radiopiu.net\/wordpress\/wp-content\/uploads\/2022\/02\/2743c3f4-540a-4846-a238-c26ceaddf14b-768x483.jpg 768w, https:\/\/www.radiopiu.net\/wordpress\/wp-content\/uploads\/2022\/02\/2743c3f4-540a-4846-a238-c26ceaddf14b.jpg 790w\" sizes=\"auto, (max-width: 300px) 100vw, 300px\" \/><\/a> <\/strong><\/h2>\n<\/blockquote>\n<p><strong>\u00a0<\/strong><\/p>\n<p><strong>ALPAGO<\/strong> Ieri mattina alle 9 i Vigili del Fuoco sono intervenuti in localit\u00e0 Bastia nel comune di Alpago per l\u2019uscita autonoma di un\u2019auto finita rovesciata, dopo la perdita di controllo del conducente rimasto lievemente ferito. I pompieri arrivati da Belluno, hanno messo in sicurezza la vettura, mentre il conducente venuto fuori autonomamente \u00e8 stato assistito sul posto dal personale del SUEM. I Carabinieri hanno deviato il traffico ed eseguito i rilievi del sinistro. Le operazioni di soccorso sono terminate dopo circa un\u2019ora.<\/p>\n<p>&nbsp;<\/p>\n<hr \/>\n<p>&nbsp;<\/p>\n<p><strong>OGGI SUL CORRIERE DELLE ALPI<\/strong><br \/>\nDI GIGI SOSSO<\/p>\n<blockquote>\n<h2>Strozzarono il pitbull Kaos il proprietario vuole i danni<\/h2>\n<\/blockquote>\n<p><em>Al via il processo a due agordini accusati dell&#8217;uccisione dell&#8217;animale nel 2019 Due associazioni si costituiscono parte civile per aiutare altri cani\u00a0<\/em><\/p>\n<p><strong><a href=\"https:\/\/www.radiopiu.net\/wordpress\/wp-content\/uploads\/2022\/02\/amici-proprietario-640x335-1.webp\"><img loading=\"lazy\" decoding=\"async\" class=\"size-medium wp-image-261152 alignleft\" src=\"https:\/\/www.radiopiu.net\/wordpress\/wp-content\/uploads\/2022\/02\/amici-proprietario-640x335-1-300x157.webp\" alt=\"\" width=\"300\" height=\"157\" srcset=\"https:\/\/www.radiopiu.net\/wordpress\/wp-content\/uploads\/2022\/02\/amici-proprietario-640x335-1-300x157.webp 300w, https:\/\/www.radiopiu.net\/wordpress\/wp-content\/uploads\/2022\/02\/amici-proprietario-640x335-1.webp 640w\" sizes=\"auto, (max-width: 300px) 100vw, 300px\" \/><\/a>AGORDO<\/strong>\u00a0 Strangolarono un pitbull con il suo guinzaglio. Kaos mor\u00ec la sera del venerd\u00ec santo del 2019 nel parcheggio di un supermercato di Agordo. Un video pi\u00f9 chiaro di un documentario mostra la scena e un&#8217;autopsia spiega le cause del decesso: la rottura della trachea, come se fosse stato impiccato. Nel drammatico filmato, a raccontarla tutta, si vedono tre persone addosso al cane, ma due sono accusate di uccisione di animale. &#8230;. \u00a0Il video \u00e8 agli atti, essendo stato molto utile per la ricostruzione dei fatti e adesso c&#8217;\u00e8 il processo. Chiunque per crudelt\u00e0 o senza necessit\u00e0 cagiona la morte di un animale \u00e8 punito con la reclusione da quattro mesi a due anni. Le difese invocheranno quasi sicuramente lo stato di necessit\u00e0&#8230;<\/p>\n<p>&nbsp;<\/p>\n<blockquote>\n<h2>Un intruglio come vaccino Covid: erborista nei guai<\/h2>\n<\/blockquote>\n<p><em>Alla Bottega delle Erbacce si potevano trovare &#8220;rimedi&#8221; per qualsiasi malattia la titolare nei guai per esercizio abusivo della professione<\/em><\/p>\n<p><a class=\"dt-pswp-item\" href=\"https:\/\/www.radiopiu.net\/wordpress\/wp-content\/uploads\/2022\/02\/th-16.jpg\" data-dt-img-description=\"\" data-large_image_width=\"288\" data-large_image_height=\"192\"><img loading=\"lazy\" decoding=\"async\" class=\"size-full wp-image-261153 alignleft\" src=\"https:\/\/www.radiopiu.net\/wordpress\/wp-content\/uploads\/2022\/02\/th-16.jpg\" alt=\"\" width=\"288\" height=\"192\" \/><\/a>\u00a0<strong>FELTRE\u00a0 <\/strong>Bastava presentarsi in negozio con la diagnosi e il rimedio era bello e pronto sullo scaffale. Se poi la diagnosi precisa non c&#8217;era, ci pensava Anna Maria Ronzon. La titolare della Bottega delle Erbacce, l&#8217;erboristeria feltrina di Borgo Ruga \u00e8 stata perquisita dal Nas di Treviso e portata a processo per esercizio abusivo della professione di farmacista. Si va dal Tubercolinum al Molluscum Contagiosum, passando per l&#8217;Aspergillus Niger o l&#8217;Influenzinum proprio per il Covid.Nessuno mette in dubbio il fatto che volesse fare solo del bene ai suoi clienti, ma non si \u00e8 mai laureata e nemmeno ha fatto parte dell&#8217;Ordine dei Farmacisti&#8230;<\/p>\n<p>&nbsp;<\/p>\n<p>&nbsp;<\/p>\n<hr \/>\n<p>&nbsp;<\/p>\n<blockquote>\n<h3>CORTINA MILANO 2026, BOND &#8220;MISURE URGENTI PER LE INFRASTRUTTURE&#8221;<\/h3>\n<\/blockquote>\n<p><strong><a class=\"dt-pswp-item\" href=\"https:\/\/www.radiopiu.net\/wordpress\/wp-content\/uploads\/2022\/02\/274293737_4792202810906257_7063154450325912332_n.jpg\" data-dt-img-description=\"\" data-large_image_width=\"1200\" data-large_image_height=\"800\"><img loading=\"lazy\" decoding=\"async\" class=\"size-medium wp-image-260715 alignleft\" src=\"https:\/\/www.radiopiu.net\/wordpress\/wp-content\/uploads\/2022\/02\/274293737_4792202810906257_7063154450325912332_n-300x200.jpg\" alt=\"\" width=\"300\" height=\"200\" srcset=\"https:\/\/www.radiopiu.net\/wordpress\/wp-content\/uploads\/2022\/02\/274293737_4792202810906257_7063154450325912332_n-300x200.jpg 300w, https:\/\/www.radiopiu.net\/wordpress\/wp-content\/uploads\/2022\/02\/274293737_4792202810906257_7063154450325912332_n-1024x683.jpg 1024w, https:\/\/www.radiopiu.net\/wordpress\/wp-content\/uploads\/2022\/02\/274293737_4792202810906257_7063154450325912332_n-768x512.jpg 768w, https:\/\/www.radiopiu.net\/wordpress\/wp-content\/uploads\/2022\/02\/274293737_4792202810906257_7063154450325912332_n.jpg 1200w\" sizes=\"auto, (max-width: 300px) 100vw, 300px\" \/><\/a>ROMA<\/strong> <em>\u201cLe Olimpiadi invernali 2026 le abbiamo volute, le abbiamo ottenute, e ora dobbiamo farle, e bene. Il governo si impegni con misure urgenti e finanziamenti concreti per le Federazioni e anche per le opere infrastrutturali\u201d<\/em>. Cos\u00ec il deputato Dario Bond, intervenuto alla Camera con un apposito ordine del giorno sul tema. <em>\u201cE poi bisogna accelerare sulle infrastrutture\u201d continua il deputato Dario Bond. \u201cSiamo solo all\u2019inizio delle progettazioni delle opere viarie su Cortina. Tra quattro anni non potremo accogliere sportivi e tifosi se non saranno realizzati gli interventi previsti. Massima fiducia alla sottosegretaria allo sport Vezzali, ma il governo deve dare un segnale forte, di massima operativit\u00e0. Io ho iniziato oggi a pungolare l\u2019esecutivo su questa questione, ma ricorder\u00f2 il tema ogni settimana nei prossimi mesi\u201d.\u00a0\u00a0<\/em><\/p>\n<p>&nbsp;<\/p>\n<p>&nbsp;<\/p>\n<hr \/>\n<p>&nbsp;<\/p>\n<blockquote>\n<h3>MILANO CORTINA 2026. APPROVATO L\u2019ACCORDO DI PROGRAMMA PER LA RIQUALIFICAZIONE DELLA PISTA DA BOB \u201cEUGENIO MONTI\u201d<\/h3>\n<\/blockquote>\n<p><strong><a class=\"dt-pswp-item\" href=\"https:\/\/www.radiopiu.net\/wordpress\/wp-content\/uploads\/2021\/04\/cortina_guide_bob-1.jpg\" data-dt-img-description=\"\" data-large_image_width=\"600\" data-large_image_height=\"300\"><img loading=\"lazy\" decoding=\"async\" class=\"size-medium wp-image-204667 alignleft\" src=\"https:\/\/www.radiopiu.net\/wordpress\/wp-content\/uploads\/2021\/04\/cortina_guide_bob-1-300x150.jpg\" alt=\"\" width=\"300\" height=\"150\" srcset=\"https:\/\/www.radiopiu.net\/wordpress\/wp-content\/uploads\/2021\/04\/cortina_guide_bob-1-300x150.jpg 300w, https:\/\/www.radiopiu.net\/wordpress\/wp-content\/uploads\/2021\/04\/cortina_guide_bob-1.jpg 600w\" sizes=\"auto, (max-width: 300px) 100vw, 300px\" \/><\/a>VENEZIA <\/strong>\u201c<em>Con la sigla dell\u2019Accordo di programma per la realizzazione ed il cofinanziamento dell\u2019intervento di riqualificazione dell\u2019impianto di bob \u2018Eugenio Monti\u2019 si mette nero su bianco l\u2019impegno della Regione nella realizzazione di una delle opere simbolo delle Olimpiadi Milano Cortina 2026. Il progetto diventa a tutti gli effetti un\u2019opera infrastrutturale che pone le basi per la rinascita della montagna veneta e per la realizzazione di un piano ambientale sostenibile che intende crescere ispirandosi ai principi dell\u2019Agenda Onu 2030. Con la riqualificazione dell\u2019impianto di bob, Cortina segner\u00e0 il punto di partenza per un nuovo corso del territorio montano, con la storia sportiva a dare avvio ad una nuova fase di sviluppo economico, ambientale, infrastrutturale e turistico<\/em>\u201d. Il Presidente della Regione Veneto Luca Zaia commenta cos\u00ec l\u2019approvazione odierna, da parte della Giunta regionale, dell\u2019Accordo di programma tra Regione, Provincia di Belluno e Comune di Cortina d\u2019Ampezzo per la realizzazione ed il cofinanziamento dell\u2019intervento di riqualificazione dell\u2019impianto di bob \u201cEugenio Monti\u201d, che sancisce la volont\u00e0 dei tre soggetti di realizzare l\u2019opera. L\u2019intervento di riqualificazione dell\u2019impianto di bob \u201cEugenio Monti\u201d di Cortina d\u2019Ampezzo, finanziato con un emendamento del Governo nell\u2019ambito dell\u2019ultima manovra di bilancio, \u00e8 stato individuato nel Masterplan olimpico quale \u201cVenue\u201d di gara per lo svolgimento delle discipline del bob, dello slittino e dello skeleton, e rientra tra i progetti strategici di maggiore rilievo nell\u2019ambito delle attivit\u00e0 finalizzate all\u2019organizzazione dei Giochi Olimpici e Paralimpici Invernali Milano Cortina 2026. In base all\u2019Accordo di Programma, in un\u2019ottica di comune sinergia tra enti locali e con l\u2019obiettivo di ottenere un impianto sportivo di eccellenza sotto il profilo della sicurezza degli atleti e delle caratteristiche sportive, valutando le soluzioni migliori in grado di contemperare gli aspetti ambientali, paesaggistici e sportivi, vengono riconosciuti gli impegni specifici in capo ai tre soggetti sottoscrittori. La Regione ha gi\u00e0 predisposto il Documento di fattibilit\u00e0 delle alternative progettuali e il Progetto di fattibilit\u00e0 tecnica economica, mentre la Provincia di Belluno ed il comune di Cortina si impegnano a cofinanziare l\u2019intervento con un importo pari a 500.000 euro ciascuno.<\/p>\n<p>&nbsp;<\/p>\n<p>&nbsp;<\/p>\n<hr \/>\n<p>&nbsp;<\/p>\n<blockquote>\n<h3>CICLABILE LE CAMPE-LISTOLADE SENZA PACE, PRESENTATO APPELLO AL CONSIGLIO DI STATO<\/h3>\n<\/blockquote>\n<p><strong><a class=\"dt-pswp-item\" href=\"https:\/\/www.radiopiu.net\/wordpress\/wp-content\/uploads\/2022\/02\/ths.jpg\" data-dt-img-description=\"\" data-large_image_width=\"363\" data-large_image_height=\"204\"><img loading=\"lazy\" decoding=\"async\" class=\"size-medium wp-image-261163 alignleft\" src=\"https:\/\/www.radiopiu.net\/wordpress\/wp-content\/uploads\/2022\/02\/ths-300x169.jpg\" alt=\"\" width=\"300\" height=\"169\" srcset=\"https:\/\/www.radiopiu.net\/wordpress\/wp-content\/uploads\/2022\/02\/ths-300x169.jpg 300w, https:\/\/www.radiopiu.net\/wordpress\/wp-content\/uploads\/2022\/02\/ths.jpg 363w\" sizes=\"auto, (max-width: 300px) 100vw, 300px\" \/><\/a>AGORDO<\/strong><\/p>\n<p>Di Gianni Santomaso<\/p>\n<audio class=\"wp-audio-shortcode\" id=\"audio-260940-1\" preload=\"none\" style=\"width: 100%;\" controls=\"controls\"><source type=\"audio\/mpeg\" src=\"https:\/\/www.radiopiu.net\/wordpress\/wp-content\/uploads\/2022\/02\/GIANNI-CICLABILE-SENZA-PACE.mp3?_=1\" \/><a href=\"https:\/\/www.radiopiu.net\/wordpress\/wp-content\/uploads\/2022\/02\/GIANNI-CICLABILE-SENZA-PACE.mp3\">https:\/\/www.radiopiu.net\/wordpress\/wp-content\/uploads\/2022\/02\/GIANNI-CICLABILE-SENZA-PACE.mp3<\/a><\/audio>\n<p>&nbsp;<\/p>\n<p>archivio radiopiu<\/p>\n<blockquote class=\"wp-embedded-content\" data-secret=\"8h1KV7HTSk\"><p><a href=\"https:\/\/www.radiopiu.net\/wordpress\/ciclabile-ad-agordo-una-storia-infinita-il-tar-respinge-il-ricorso\/\">CICLABILE AD AGORDO, UNA STORIA INFINITA IL TAR RESPINGE IL RICORSO<\/a><\/p><\/blockquote>\n<p><iframe loading=\"lazy\" class=\"wp-embedded-content\" sandbox=\"allow-scripts\" security=\"restricted\" style=\"position: absolute; clip: rect(1px, 1px, 1px, 1px);\" title=\"&#8220;CICLABILE AD AGORDO, UNA STORIA INFINITA IL TAR RESPINGE IL RICORSO&#8221; &#8212; Radio Pi\u00f9\" src=\"https:\/\/www.radiopiu.net\/wordpress\/ciclabile-ad-agordo-una-storia-infinita-il-tar-respinge-il-ricorso\/embed\/#?secret=8h1KV7HTSk\" data-secret=\"8h1KV7HTSk\" width=\"600\" height=\"338\" frameborder=\"0\" marginwidth=\"0\" marginheight=\"0\" scrolling=\"no\"><\/iframe><\/p>\n<p>&nbsp;<\/p>\n<hr \/>\n<p>&nbsp;<\/p>\n<blockquote>\n<h3>AFFIDATO L&#8217;INCARICO PER QUATTRO NUOVI PARCHEGGI AD AGORDO<\/h3>\n<\/blockquote>\n<p><strong><a class=\"dt-pswp-item\" href=\"https:\/\/www.radiopiu.net\/wordpress\/wp-content\/uploads\/2020\/07\/a6f2e1ab-3eee-4bd8-94c2-1e61077f1e91.jpg\" data-dt-img-description=\"\" data-large_image_width=\"960\" data-large_image_height=\"720\"><img loading=\"lazy\" decoding=\"async\" class=\" wp-image-151435 alignleft\" src=\"https:\/\/www.radiopiu.net\/wordpress\/wp-content\/uploads\/2020\/07\/a6f2e1ab-3eee-4bd8-94c2-1e61077f1e91-300x225.jpg\" alt=\"\" width=\"207\" height=\"155\" srcset=\"https:\/\/www.radiopiu.net\/wordpress\/wp-content\/uploads\/2020\/07\/a6f2e1ab-3eee-4bd8-94c2-1e61077f1e91-300x225.jpg 300w, https:\/\/www.radiopiu.net\/wordpress\/wp-content\/uploads\/2020\/07\/a6f2e1ab-3eee-4bd8-94c2-1e61077f1e91-768x576.jpg 768w, https:\/\/www.radiopiu.net\/wordpress\/wp-content\/uploads\/2020\/07\/a6f2e1ab-3eee-4bd8-94c2-1e61077f1e91.jpg 960w\" sizes=\"auto, (max-width: 207px) 100vw, 207px\" \/><\/a>AGORDO<\/strong><\/p>\n<p>di Gianni Santomaso<\/p>\n<audio class=\"wp-audio-shortcode\" id=\"audio-260940-2\" preload=\"none\" style=\"width: 100%;\" controls=\"controls\"><source type=\"audio\/mpeg\" src=\"https:\/\/www.radiopiu.net\/wordpress\/wp-content\/uploads\/2022\/02\/GIANNI-AGORDO-4-NUOVI-PARCHEGGI.mp3?_=2\" \/><a href=\"https:\/\/www.radiopiu.net\/wordpress\/wp-content\/uploads\/2022\/02\/GIANNI-AGORDO-4-NUOVI-PARCHEGGI.mp3\">https:\/\/www.radiopiu.net\/wordpress\/wp-content\/uploads\/2022\/02\/GIANNI-AGORDO-4-NUOVI-PARCHEGGI.mp3<\/a><\/audio>\n<p>&nbsp;<\/p>\n<hr \/>\n<p>&nbsp;<\/p>\n<blockquote class=\"wp-embedded-content\" data-secret=\"Nduq3JElvJ\"><p><a href=\"https:\/\/www.radiopiu.net\/wordpress\/aggiornamentonaz2022feb22\/\">CORONAVIRUS: AGGIORNAMENTO NAZIONALE 22 FEBBRAIO 2022<\/a><\/p><\/blockquote>\n<p><iframe loading=\"lazy\" class=\"wp-embedded-content\" sandbox=\"allow-scripts\" security=\"restricted\" style=\"position: absolute; clip: rect(1px, 1px, 1px, 1px);\" title=\"&#8220;CORONAVIRUS: AGGIORNAMENTO NAZIONALE 22 FEBBRAIO 2022&#8221; &#8212; Radio Pi\u00f9\" src=\"https:\/\/www.radiopiu.net\/wordpress\/aggiornamentonaz2022feb22\/embed\/#?secret=Nduq3JElvJ\" data-secret=\"Nduq3JElvJ\" width=\"600\" height=\"338\" frameborder=\"0\" marginwidth=\"0\" marginheight=\"0\" scrolling=\"no\"><\/iframe><\/p>\n<p>&nbsp;<\/p>\n<blockquote class=\"wp-embedded-content\" data-secret=\"bB48JrQkco\"><p><a href=\"https:\/\/www.radiopiu.net\/wordpress\/aggzoea2a\/\">ANCHE IERI UNA VITTIMA OGNI ORA, +10 PAZIENTI IN OSPEDALE -1 IN TERAPIA INTENSIVA<\/a><\/p><\/blockquote>\n<p><iframe loading=\"lazy\" class=\"wp-embedded-content\" sandbox=\"allow-scripts\" security=\"restricted\" style=\"position: absolute; clip: rect(1px, 1px, 1px, 1px);\" title=\"&#8220;ANCHE IERI UNA VITTIMA OGNI ORA, +10 PAZIENTI IN OSPEDALE -1 IN TERAPIA INTENSIVA&#8221; &#8212; Radio Pi\u00f9\" src=\"https:\/\/www.radiopiu.net\/wordpress\/aggzoea2a\/embed\/#?secret=bB48JrQkco\" data-secret=\"bB48JrQkco\" width=\"600\" height=\"338\" frameborder=\"0\" marginwidth=\"0\" marginheight=\"0\" scrolling=\"no\"><\/iframe><\/p>\n<h2>I GRAFICI DI TIZIANO DE COL<\/h2>\n\n\t\t\t<style type='text\/css'>\n\t\t\t\t#gallery-1 {\n\t\t\t\t\tmargin: auto;\n\t\t\t\t}\n\t\t\t\t#gallery-1 .gallery-item {\n\t\t\t\t\tfloat: left;\n\t\t\t\t\tmargin-top: 10px;\n\t\t\t\t\ttext-align: center;\n\t\t\t\t\twidth: 33%;\n\t\t\t\t}\n\t\t\t\t#gallery-1 img {\n\t\t\t\t\tborder: 2px solid #cfcfcf;\n\t\t\t\t}\n\t\t\t\t#gallery-1 .gallery-caption {\n\t\t\t\t\tmargin-left: 0;\n\t\t\t\t}\n\t\t\t\t\/* see gallery_shortcode() in wp-includes\/media.php *\/\n\t\t\t<\/style>\n\t\t<div id='gallery-1' class='dt-gallery-container gallery galleryid-260940 gallery-columns-3 gallery-size-medium'><dl class='gallery-item'>\n\t\t\t\t<dt class='gallery-icon landscape'>\n\t\t\t\t\t<a class=\"rollover rollover-zoom dt-pswp-item\" title=\"d0322007-9ba5-4a29-a7c7-0773bfb03807\" data-dt-img-description=\"\" data-large_image_width=\"586\" data-large_image_height=\"359\"href='https:\/\/www.radiopiu.net\/wordpress\/wp-content\/uploads\/2022\/02\/d0322007-9ba5-4a29-a7c7-0773bfb03807.jpg'><img loading=\"lazy\" decoding=\"async\" width=\"300\" height=\"184\" src=\"https:\/\/www.radiopiu.net\/wordpress\/wp-content\/uploads\/2022\/02\/d0322007-9ba5-4a29-a7c7-0773bfb03807-300x184.jpg\" class=\"attachment-medium size-medium\" alt=\"\" srcset=\"https:\/\/www.radiopiu.net\/wordpress\/wp-content\/uploads\/2022\/02\/d0322007-9ba5-4a29-a7c7-0773bfb03807-300x184.jpg 300w, https:\/\/www.radiopiu.net\/wordpress\/wp-content\/uploads\/2022\/02\/d0322007-9ba5-4a29-a7c7-0773bfb03807.jpg 586w\" sizes=\"auto, (max-width: 300px) 100vw, 300px\" \/><\/a>\n\t\t\t\t<\/dt><\/dl><dl class='gallery-item'>\n\t\t\t\t<dt class='gallery-icon landscape'>\n\t\t\t\t\t<a class=\"rollover rollover-zoom dt-pswp-item\" title=\"a8bb7362-29c7-4224-a2d6-96a5b9ee2cbf\" data-dt-img-description=\"\" data-large_image_width=\"600\" data-large_image_height=\"364\"href='https:\/\/www.radiopiu.net\/wordpress\/wp-content\/uploads\/2022\/02\/a8bb7362-29c7-4224-a2d6-96a5b9ee2cbf.jpg'><img loading=\"lazy\" decoding=\"async\" width=\"300\" height=\"182\" src=\"https:\/\/www.radiopiu.net\/wordpress\/wp-content\/uploads\/2022\/02\/a8bb7362-29c7-4224-a2d6-96a5b9ee2cbf-300x182.jpg\" class=\"attachment-medium size-medium\" alt=\"\" srcset=\"https:\/\/www.radiopiu.net\/wordpress\/wp-content\/uploads\/2022\/02\/a8bb7362-29c7-4224-a2d6-96a5b9ee2cbf-300x182.jpg 300w, https:\/\/www.radiopiu.net\/wordpress\/wp-content\/uploads\/2022\/02\/a8bb7362-29c7-4224-a2d6-96a5b9ee2cbf.jpg 600w\" sizes=\"auto, (max-width: 300px) 100vw, 300px\" \/><\/a>\n\t\t\t\t<\/dt><\/dl><dl class='gallery-item'>\n\t\t\t\t<dt class='gallery-icon landscape'>\n\t\t\t\t\t<a class=\"rollover rollover-zoom dt-pswp-item\" title=\"24a26996-4bfd-436a-b66d-084166838b73\" data-dt-img-description=\"\" data-large_image_width=\"608\" data-large_image_height=\"359\"href='https:\/\/www.radiopiu.net\/wordpress\/wp-content\/uploads\/2022\/02\/24a26996-4bfd-436a-b66d-084166838b73.jpg'><img loading=\"lazy\" decoding=\"async\" width=\"300\" height=\"177\" src=\"https:\/\/www.radiopiu.net\/wordpress\/wp-content\/uploads\/2022\/02\/24a26996-4bfd-436a-b66d-084166838b73-300x177.jpg\" class=\"attachment-medium size-medium\" alt=\"\" srcset=\"https:\/\/www.radiopiu.net\/wordpress\/wp-content\/uploads\/2022\/02\/24a26996-4bfd-436a-b66d-084166838b73-300x177.jpg 300w, https:\/\/www.radiopiu.net\/wordpress\/wp-content\/uploads\/2022\/02\/24a26996-4bfd-436a-b66d-084166838b73.jpg 608w\" sizes=\"auto, (max-width: 300px) 100vw, 300px\" \/><\/a>\n\t\t\t\t<\/dt><\/dl><br style=\"clear: both\" \/><dl class='gallery-item'>\n\t\t\t\t<dt class='gallery-icon landscape'>\n\t\t\t\t\t<a class=\"rollover rollover-zoom dt-pswp-item\" title=\"84b029d1-5642-4fec-9b23-898c6b9c2447\" data-dt-img-description=\"\" data-large_image_width=\"616\" data-large_image_height=\"362\"href='https:\/\/www.radiopiu.net\/wordpress\/wp-content\/uploads\/2022\/02\/84b029d1-5642-4fec-9b23-898c6b9c2447.jpg'><img loading=\"lazy\" decoding=\"async\" width=\"300\" height=\"176\" src=\"https:\/\/www.radiopiu.net\/wordpress\/wp-content\/uploads\/2022\/02\/84b029d1-5642-4fec-9b23-898c6b9c2447-300x176.jpg\" class=\"attachment-medium size-medium\" alt=\"\" srcset=\"https:\/\/www.radiopiu.net\/wordpress\/wp-content\/uploads\/2022\/02\/84b029d1-5642-4fec-9b23-898c6b9c2447-300x176.jpg 300w, https:\/\/www.radiopiu.net\/wordpress\/wp-content\/uploads\/2022\/02\/84b029d1-5642-4fec-9b23-898c6b9c2447.jpg 616w\" sizes=\"auto, (max-width: 300px) 100vw, 300px\" \/><\/a>\n\t\t\t\t<\/dt><\/dl><dl class='gallery-item'>\n\t\t\t\t<dt class='gallery-icon landscape'>\n\t\t\t\t\t<a class=\"rollover rollover-zoom dt-pswp-item\" title=\"deeb3856-aeca-470b-85e8-7bdadeb06fc7\" data-dt-img-description=\"\" data-large_image_width=\"582\" data-large_image_height=\"362\"href='https:\/\/www.radiopiu.net\/wordpress\/wp-content\/uploads\/2022\/02\/deeb3856-aeca-470b-85e8-7bdadeb06fc7.jpg'><img loading=\"lazy\" decoding=\"async\" width=\"300\" height=\"187\" src=\"https:\/\/www.radiopiu.net\/wordpress\/wp-content\/uploads\/2022\/02\/deeb3856-aeca-470b-85e8-7bdadeb06fc7-300x187.jpg\" class=\"attachment-medium size-medium\" alt=\"\" srcset=\"https:\/\/www.radiopiu.net\/wordpress\/wp-content\/uploads\/2022\/02\/deeb3856-aeca-470b-85e8-7bdadeb06fc7-300x187.jpg 300w, https:\/\/www.radiopiu.net\/wordpress\/wp-content\/uploads\/2022\/02\/deeb3856-aeca-470b-85e8-7bdadeb06fc7.jpg 582w\" sizes=\"auto, (max-width: 300px) 100vw, 300px\" \/><\/a>\n\t\t\t\t<\/dt><\/dl><dl class='gallery-item'>\n\t\t\t\t<dt class='gallery-icon landscape'>\n\t\t\t\t\t<a class=\"rollover rollover-zoom dt-pswp-item\" title=\"059ec480-fc7e-4c9f-9de2-a97fd5e0d57c\" data-dt-img-description=\"\" data-large_image_width=\"599\" data-large_image_height=\"364\"href='https:\/\/www.radiopiu.net\/wordpress\/wp-content\/uploads\/2022\/02\/059ec480-fc7e-4c9f-9de2-a97fd5e0d57c.jpg'><img loading=\"lazy\" decoding=\"async\" width=\"300\" height=\"182\" src=\"https:\/\/www.radiopiu.net\/wordpress\/wp-content\/uploads\/2022\/02\/059ec480-fc7e-4c9f-9de2-a97fd5e0d57c-300x182.jpg\" class=\"attachment-medium size-medium\" alt=\"\" srcset=\"https:\/\/www.radiopiu.net\/wordpress\/wp-content\/uploads\/2022\/02\/059ec480-fc7e-4c9f-9de2-a97fd5e0d57c-300x182.jpg 300w, https:\/\/www.radiopiu.net\/wordpress\/wp-content\/uploads\/2022\/02\/059ec480-fc7e-4c9f-9de2-a97fd5e0d57c.jpg 599w\" sizes=\"auto, (max-width: 300px) 100vw, 300px\" \/><\/a>\n\t\t\t\t<\/dt><\/dl><br style=\"clear: both\" \/>\n\t\t\t<\/div>\n\n<p>&nbsp;<\/p>\n<hr \/>\n<p><strong>\u00a0\u00a0<\/strong><\/p>\n<blockquote>\n<h3>CAMPAGNA VACCINALE ANTI COVID: L&#8217;83,7% DELLA POPOLAZIONE BELLUNESE HA RICEVUTO IL CICLO COMPLETO<\/h3>\n<\/blockquote>\n<p><strong><a class=\"dt-pswp-item\" href=\"https:\/\/www.radiopiu.net\/wordpress\/wp-content\/uploads\/2022\/01\/VACCINO-BAMBINI.png\" data-dt-img-description=\"\" data-large_image_width=\"1280\" data-large_image_height=\"917\"><img loading=\"lazy\" decoding=\"async\" class=\"size-medium wp-image-252796 alignleft\" src=\"https:\/\/www.radiopiu.net\/wordpress\/wp-content\/uploads\/2022\/01\/VACCINO-BAMBINI-300x215.png\" alt=\"\" width=\"300\" height=\"215\" srcset=\"https:\/\/www.radiopiu.net\/wordpress\/wp-content\/uploads\/2022\/01\/VACCINO-BAMBINI-300x215.png 300w, https:\/\/www.radiopiu.net\/wordpress\/wp-content\/uploads\/2022\/01\/VACCINO-BAMBINI-1024x734.png 1024w, https:\/\/www.radiopiu.net\/wordpress\/wp-content\/uploads\/2022\/01\/VACCINO-BAMBINI-768x550.png 768w, https:\/\/www.radiopiu.net\/wordpress\/wp-content\/uploads\/2022\/01\/VACCINO-BAMBINI.png 1280w\" sizes=\"auto, (max-width: 300px) 100vw, 300px\" \/><\/a>BELLUNO<\/strong> Aggiornamento settimanale sulla campagna vaccinale in provincia di Belluno a cura dell&#8217;Ulss 1 Dolomiti. Totale dosi somministrate: 439.895. 85% \u2013 164.250 persone vaccinate con primo ciclo over 5, 83,7% &#8211; 161.847 persone con ciclo completo over 5, 29.229 (15,1%) persone ancora da vaccinare over 5 anni. Di queste 6.946 sono risultate positive negli ultimi 90 giorni. Risultano vaccinati con almeno una dose: Il 30,2% dei 5-11 enni (3.286), l\u201981,2% % dei 12- 19 enni (11.531), l\u2019 86,2 % dei 20-29enni (16.331), l\u2019 82,2% dei 30-39enni (16.306), l\u2019 80,4% dei 40-49enni (22.112), l\u201988,2 % dei 50-59enni (29.303), il 90,7% dei 60-69enni (25.319), il 94,8% dei 70-79enni (22.525), circa il 100% degli over 80. Le persone ancora da vaccinare sono cos\u00ec suddivise: 5-11 anni: 7.603 (69,9%), 12-19 anni: 2.684 (18,9%), 20-29 anni: 2.651 (14,0%), 30-39 anni: 3.606 (18,2%), 40-49 anni: 5.427 (19,7%), 50-59 anni: 3.943 (11,9%), 60-69 anni: 2.619 (9,4%), 70 79 anni: 1.259 (5,3%). Dal 1 gennaio al 21 febbraio 2022: sono state somministrate 5.612 prime dosi (+150 nella settimana 14-21 febbraio) di cui 2.043 a persone con pi\u00f9 di 50 anni (+106 nella settimana 14-21 febbraio). Gli over 50 non ancora vaccinati ad oggi sono 7.821 (di questi, 2745 sono risultati positivi negli ultimi 90 giorni). 128.967 terze dosi gi\u00e0 somministrate pari a l&#8217;86,4% della popolazione totale eleggibile gi\u00e0 vaccinato con dose booster. La popolazione ad oggi eleggibile per la terza dose \u00e8 pari a 149.218. Tra gli eleggibili che ancora non hanno fatto il booster , circa 20 mila persone, circa 8.000 sono risultati positivi negli ultimi 120 giorni, quindi gli eleggibili \u201creali\u201d ancora da vaccinare sono 12.000 persone. L\u2019evidente rallentamento epidemico registrato in questi giorni accompagnato al quasi completamento della campagna vaccinale anti-Covid, consentono di dedicare personale esperto e spazi operativi al recupero di alcune vaccinazioni &#8220;non Covid&#8221; rimaste sospese nel periodo emergenziale. Saranno convocati, con varie modalit\u00e0 (lettera invito, SMS, chiamata telefonica) o tramite prenotazione online, giovani, adulti e anziani, per offrire le seguenti principali vaccinazioni: HPV (11 e 12enni); DTP Polio e Meningo ACWY (15enni); Pneumococco e Herpes Zoster (65enni e coorti precedenti); TBE (tutte le et\u00e0). Si sta anche mettendo a punto la prenotabilit\u00e0 online per facilitare l&#8217;accesso vaccinale con orari graditi all&#8217;utente, nei vari punti vaccinali (CVP Sedico, Feltre, Agordo, Tai di Cadore).<\/p>\n<p>&nbsp;<\/p>\n<p>&nbsp;<\/p>\n<hr \/>\n<p>&nbsp;<\/p>\n<blockquote>\n<h3>NUOVI ORARI COVID POINT TAMPONI DAL 1 MARZO<\/h3>\n<\/blockquote>\n<p><strong><a class=\"dt-pswp-item\" href=\"https:\/\/www.radiopiu.net\/wordpress\/wp-content\/uploads\/2021\/01\/Tamponi-Paludi-1.jpg\" data-dt-img-description=\"\" data-large_image_width=\"1600\" data-large_image_height=\"900\"><img loading=\"lazy\" decoding=\"async\" class=\"size-medium wp-image-186210 alignleft\" src=\"https:\/\/www.radiopiu.net\/wordpress\/wp-content\/uploads\/2021\/01\/Tamponi-Paludi-1-300x169.jpg\" alt=\"\" width=\"300\" height=\"169\" srcset=\"https:\/\/www.radiopiu.net\/wordpress\/wp-content\/uploads\/2021\/01\/Tamponi-Paludi-1-300x169.jpg 300w, https:\/\/www.radiopiu.net\/wordpress\/wp-content\/uploads\/2021\/01\/Tamponi-Paludi-1-1024x576.jpg 1024w, https:\/\/www.radiopiu.net\/wordpress\/wp-content\/uploads\/2021\/01\/Tamponi-Paludi-1-768x432.jpg 768w, https:\/\/www.radiopiu.net\/wordpress\/wp-content\/uploads\/2021\/01\/Tamponi-Paludi-1-1536x864.jpg 1536w, https:\/\/www.radiopiu.net\/wordpress\/wp-content\/uploads\/2021\/01\/Tamponi-Paludi-1.jpg 1600w\" sizes=\"auto, (max-width: 300px) 100vw, 300px\" \/><\/a>BELLUNO <\/strong>L&#8217;ulteriore rallentamento epidemico registrato nei giorni scorsi consente un ridimensionamento dell&#8217;offerta tamponi sul territorio, congruente con le basse prenotazioni registrate. Di seguito i nuovi orari di operativit\u00e0 dei Covid Point, attivi dal 1 marzo 2022: PALUDI: dal luned\u00ec alla domenica, dalle 8.30 alle 12.30, FELTRE: dal luned\u00ec al venerd\u00ec, dalle 8.30 alle 12.30, AGORDO: marted\u00ec &#8211; gioved\u00ec &#8211; sabato, dalle 8.30 alle 10.00, TAI DI CADORE:\u00a0 marted\u00ec &#8211; gioved\u00ec &#8211; sabato, dalle 13.30 alle 15.30. In questi orari saranno garantiti i tamponi &#8220;di sorveglianza&#8221; richiesti dall&#8217;Unit\u00e0 di Crisi e i tamponi prenotati dagli utenti nel sito www.aulss1.veneto.it Rimane per ora attivo dal luned\u00ec al sabato, con orario 8 &#8211; 15, il punto tamponi in convenzione presso l&#8217;ospedale Codivilla Putti di Cortina. Per informazioni di dettaglio e prenotazioni consultare il sito <a href=\"http:\/\/www.aulss1.veneto.it\/\">www.aulss1.veneto.it<\/a><\/p>\n<p>&nbsp;<\/p>\n<p>&nbsp;<\/p>\n<hr \/>\n<p>&nbsp;<\/p>\n<blockquote>\n<h3>PSICOLOGO IN RIANIMAZIONE: RINNOVATA LA CONVENZIONE<\/h3>\n<\/blockquote>\n<p><strong><a class=\"dt-pswp-item\" href=\"https:\/\/www.radiopiu.net\/wordpress\/wp-content\/uploads\/2020\/03\/ULSS-1-DOLOMITI-LOGO.jpg\" data-dt-img-description=\"\" data-large_image_width=\"298\" data-large_image_height=\"219\"><img loading=\"lazy\" decoding=\"async\" class=\"size-full wp-image-121256 alignleft\" src=\"https:\/\/www.radiopiu.net\/wordpress\/wp-content\/uploads\/2020\/03\/ULSS-1-DOLOMITI-LOGO.jpg\" alt=\"\" width=\"298\" height=\"219\" \/><\/a>BELLUNO <\/strong>Rinnovata la convenzione con BellunoRianima per il potenziamento del supporto psicologico in Rianimazione. Da alcuni anni, l\u2019Associazione BellunoRianima Onlus, offre, mediante convenzione, un servizio di assistenza psicologica alle persone\u00a0 ricoverate in Rianimazione e ai loro familiari, a potenziamento di quanto gi\u00e0 garantito dall\u2019U.O.S. di Psicologia Ospedaliera. Tale servizio si realizza con la messa a disposizione di uno psicologo, che opera all\u2019interno dell\u2019U.O.S. di Terapia Intensiva, per 100\/110 ore all\u2019anno, al fine di favorire la comunicazione tra curanti, persone assistite e loro familiari. La Rianimazione, infatti, \u00e8 il luogo di cura dove si concentrano i pazienti pi\u00f9 gravi e dove intense sono le reazioni emotive dei familiari, in quanto l\u2019incertezza sul futuro \u00e8 alla base di profonde sofferenze psicologiche, che si estendono inevitabilmente anche agli affetti pi\u00f9 cari. Il servizio messo a disposizione dell\u2019Associazione \u00e8 finalizzato a supportare l\u2019equipe della Rianimazione per migliorare la compliance di paziente e famiglia e per favorire, nel personale, l\u2019elaborazione di quanto pu\u00f2 emergere a contatto prolungato con la sofferenza e\/o la morte. A tale scopo, sono stati previsti anche momenti formativi a favore del personale che opera in Rianimazione, su temi di interesse specifico e di attualit\u00e0. Con riferimento al paziente e ai suoi familiari, lo psicologo dell\u2019Associazione potr\u00e0 fare da riferimento per aiutarli ad affrontare le reazioni emotive legate alla criticit\u00e0 della situazione e per individuare risorse personali e familiari che aiutino a far fronte alla difficile esperienza.<\/p>\n<p>&nbsp;<\/p>\n<p>&nbsp;<\/p>\n<hr \/>\n<p>&nbsp;<\/p>\n<blockquote>\n<h3>REGIONE: INSEDIATA COMMISSIONE PARI OPPORTUNITA\u2019<\/h3>\n<\/blockquote>\n<p><strong>VENEZIA <\/strong>L\u2019Assessore regionale a istruzione, formazione e lavoro con delega alle pari opportunit\u00e0 ha presieduto ieri l\u2019insediamento della nuova Commissione regionale pari opportunit\u00e0, nominata lo scorso 21 dicembre con decreto del Presidente della Regione del Veneto Luca Zaia. \u201c<em>Una commissione ricca di esperienze diverse, et\u00e0 differenti, complementari nelle competenze professionali con la stessa sensibilit\u00e0 nell\u2019approccio di valorizzazione, a partire dal dato culturale del concetto di pari opportunit\u00e0 \u2013 sottolinea Donazzan -. Stiamo parlando di pari opportunit\u00e0: tra donne e uomini, tra generazioni, nell\u2019accesso ai servizi, condividendo la priorit\u00e0 che oggi \u00e8 quella della natalit\u00e0, dell\u2019aiuto e del sostegno alla maternit\u00e0 e di un\u2019educazione che sensibilizzi sui temi delle pari opportunit\u00e0<\/em>\u201d. Nell\u2019occasione si \u00e8 definito anche il metodo di lavoro della Commissione nella legislatura in corso.<\/p>\n<p>&nbsp;<\/p>\n<p>&nbsp;<\/p>\n<hr \/>\n<p>&nbsp;<\/p>\n<p><strong>AGENZIA DIRE<\/strong><\/p>\n<table class=\"rnb-col-1\" border=\"0\" width=\"100%\" cellspacing=\"0\" cellpadding=\"0\" align=\"left\">\n<tbody>\n<tr>\n<td>\n<div>\n<div><strong><a class=\"dt-pswp-item\" href=\"https:\/\/www.radiopiu.net\/wordpress\/wp-content\/uploads\/2022\/02\/4cf90c6e3c8c0386b99ee5086a93248d5781dbd63f842a900cfb279129d356b2.jpg\" data-dt-img-description=\"\" data-large_image_width=\"512\" data-large_image_height=\"341\"><img loading=\"lazy\" decoding=\"async\" class=\" wp-image-261022 alignleft\" src=\"https:\/\/www.radiopiu.net\/wordpress\/wp-content\/uploads\/2022\/02\/4cf90c6e3c8c0386b99ee5086a93248d5781dbd63f842a900cfb279129d356b2-300x200.jpg\" alt=\"\" width=\"243\" height=\"162\" srcset=\"https:\/\/www.radiopiu.net\/wordpress\/wp-content\/uploads\/2022\/02\/4cf90c6e3c8c0386b99ee5086a93248d5781dbd63f842a900cfb279129d356b2-300x200.jpg 300w, https:\/\/www.radiopiu.net\/wordpress\/wp-content\/uploads\/2022\/02\/4cf90c6e3c8c0386b99ee5086a93248d5781dbd63f842a900cfb279129d356b2.jpg 512w\" sizes=\"auto, (max-width: 243px) 100vw, 243px\" \/><\/a>Caccia, il Pd chiede al governo di impugnare piano venatorio veneto<\/strong><\/div>\n<div>&#8220;Viola standard minimi e uniformi di tutela della fauna&#8221;<\/div>\n<div><\/div>\n<div><strong>VENEZIA<\/strong> &#8211; <em>&#8220;Il Piano faunistico venatorio approvato a gennaio dalla Regione Veneto &#8220;contiene diverse disposizioni contrastanti<\/em>. \u00a0A segnalarlo sono i deputati democratici Diego Zardini e Patrizia Prestipino, in una interrogazione parlamentare alla presidenza del Consiglio dei ministri presentata ieri e visionata dalla &#8216;Dire&#8217;. La richiesta avanzata dai due dem \u00e8 che, &#8220;alla luce delle criticit\u00e0 sopra richiamate&#8221;, il Governo valuti &#8220;se sussistono i presupposti per impugnare le citate disposizioni&#8221;.<\/div>\n<div><\/div>\n<div><\/div>\n<div><\/div>\n<\/div>\n<\/td>\n<\/tr>\n<\/tbody>\n<\/table>\n<hr \/>\n<p>&nbsp;<\/p>\n<p>&nbsp;<\/p>\n<hr \/>\n<blockquote>\n<h3><strong>\u00a0\u00a0<\/strong><\/h3>\n<h3><strong>PROGRAMMA TRIENNALE DELLA CULTURA DEL VENETO<\/strong><\/h3>\n<\/blockquote>\n<p><strong><a class=\"dt-pswp-item\" href=\"https:\/\/www.radiopiu.net\/wordpress\/wp-content\/uploads\/2020\/05\/ZAIA-1.jpg\" data-dt-img-description=\"\" data-large_image_width=\"656\" data-large_image_height=\"492\"><img loading=\"lazy\" decoding=\"async\" class=\" wp-image-139388 alignleft\" src=\"https:\/\/www.radiopiu.net\/wordpress\/wp-content\/uploads\/2020\/05\/ZAIA-1-300x225.jpg\" alt=\"\" width=\"186\" height=\"140\" srcset=\"https:\/\/www.radiopiu.net\/wordpress\/wp-content\/uploads\/2020\/05\/ZAIA-1-300x225.jpg 300w, https:\/\/www.radiopiu.net\/wordpress\/wp-content\/uploads\/2020\/05\/ZAIA-1.jpg 656w\" sizes=\"auto, (max-width: 186px) 100vw, 186px\" \/><\/a>VENEZIA <\/strong>\u201c<em>Conservazione e valorizzazione del patrimonio monumentale e museale, servizi e attivit\u00e0 culturali, spettacolo, imprese culturali e creative, sostegno alle grandi istituzioni del territorio. Sono questi i punti chiave del primo programma triennale della cultura della Regione del Veneto: uno strumento di pianificazione che delinea il futuro e lo sviluppo di un comparto strategico, quello culturale, che si inserisce in una prospettiva pi\u00f9 ampia di promozione e valorizzazione del Veneto, rinforzando cos\u00ec l\u2019offerta turistica della regione pi\u00f9 visitata d\u2019Italia<\/em>\u201d. Lo dice il Presidente della Regione del Veneto, Luca Zaia, in merito all\u2019approvazione in Consiglio Regionale del Programma Triennale della cultura 2022-24<\/p>\n<p>&nbsp;<\/p>\n<p>&nbsp;<\/p>\n<hr \/>\n<p>&nbsp;<\/p>\n<p><strong>INCONTRI<\/strong><\/p>\n<blockquote>\n<h3><strong><a class=\"dt-pswp-item\" href=\"https:\/\/www.radiopiu.net\/wordpress\/wp-content\/uploads\/2022\/02\/434-2022-2.jpeg\" data-dt-img-description=\"\" data-large_image_width=\"1600\" data-large_image_height=\"1200\"><img loading=\"lazy\" decoding=\"async\" class=\"wp-image-261004 alignleft\" src=\"https:\/\/www.radiopiu.net\/wordpress\/wp-content\/uploads\/2022\/02\/434-2022-2-300x225.jpeg\" alt=\"\" width=\"219\" height=\"164\" srcset=\"https:\/\/www.radiopiu.net\/wordpress\/wp-content\/uploads\/2022\/02\/434-2022-2-300x225.jpeg 300w, https:\/\/www.radiopiu.net\/wordpress\/wp-content\/uploads\/2022\/02\/434-2022-2-1024x768.jpeg 1024w, https:\/\/www.radiopiu.net\/wordpress\/wp-content\/uploads\/2022\/02\/434-2022-2-768x576.jpeg 768w, https:\/\/www.radiopiu.net\/wordpress\/wp-content\/uploads\/2022\/02\/434-2022-2-1536x1152.jpeg 1536w, https:\/\/www.radiopiu.net\/wordpress\/wp-content\/uploads\/2022\/02\/434-2022-2.jpeg 1600w\" sizes=\"auto, (max-width: 219px) 100vw, 219px\" \/><\/a>IL PRESIDENTE LUCA ZAIA RICEVE IL <\/strong><strong>PRESIDENTE DEI GIOVANI IMPRENDITORI DI CONFINDUSTRIA VENETO MARCO DALLA BERNARDINA<\/strong><\/h3>\n<\/blockquote>\n<p><strong> VENEZIA<\/strong> Il Presidente della Regione Veneto Luca Zaia, ha ricevuto oggi a palazzo Balbi, sede della Giunta regionale a Venezia, il Presidente dei Giovani Imprenditori di Confindustria Veneto, Marco Dalla Bernardina. Nel corso dell\u2019incontro sono stati trattati temi di comune interesse.<\/p>\n<p>&nbsp;<\/p>\n<hr \/>\n<p>&nbsp;<\/p>\n<blockquote>\n<h3>&#8220;NEVEGAL, INTERVENIRE SULLA VIABILIT\u00c0 PER RESIDENTI E TURISTI&#8221;. LE ASSOCIAZIONI UNITE PER CHIEDERE COLLEGAMENTI COMPRENSORIALI STRATEGICI<\/h3>\n<\/blockquote>\n<p><strong><a class=\"dt-pswp-item\" href=\"https:\/\/www.radiopiu.net\/wordpress\/wp-content\/uploads\/2020\/06\/be8b9967-cf21-4f23-8e42-b56b1c184d9b.jpg\" data-dt-img-description=\"\" data-large_image_width=\"2048\" data-large_image_height=\"1024\"><img loading=\"lazy\" decoding=\"async\" class=\"size-medium wp-image-147116 alignleft\" src=\"https:\/\/www.radiopiu.net\/wordpress\/wp-content\/uploads\/2020\/06\/be8b9967-cf21-4f23-8e42-b56b1c184d9b-300x150.jpg\" alt=\"\" width=\"300\" height=\"150\" srcset=\"https:\/\/www.radiopiu.net\/wordpress\/wp-content\/uploads\/2020\/06\/be8b9967-cf21-4f23-8e42-b56b1c184d9b-300x150.jpg 300w, https:\/\/www.radiopiu.net\/wordpress\/wp-content\/uploads\/2020\/06\/be8b9967-cf21-4f23-8e42-b56b1c184d9b-1024x512.jpg 1024w, https:\/\/www.radiopiu.net\/wordpress\/wp-content\/uploads\/2020\/06\/be8b9967-cf21-4f23-8e42-b56b1c184d9b-768x384.jpg 768w, https:\/\/www.radiopiu.net\/wordpress\/wp-content\/uploads\/2020\/06\/be8b9967-cf21-4f23-8e42-b56b1c184d9b-1536x768.jpg 1536w, https:\/\/www.radiopiu.net\/wordpress\/wp-content\/uploads\/2020\/06\/be8b9967-cf21-4f23-8e42-b56b1c184d9b.jpg 2048w\" sizes=\"auto, (max-width: 300px) 100vw, 300px\" \/><\/a>BELLUNO <\/strong>Le associazioni del Nevegal &#8211; Belluno Alpina, Proprietari Nevegal, Amici del Nevegal, Nevegallika e Comitato frazionale di Valmorel\u00a0 &#8211; segnalano la situazione della viabilit\u00e0 nel comprensorio e il rischio di aggravamento delle condizioni di isolamento delle sue frazioni. \u201c<em>Nell&#8217;ottica comprensoriale alla quale come associazioni da tempo lavoriamo,\u201d affermano le associazioni \u201cresidenzialit\u00e0 e turismo sono legati a doppia corda ad una buona viabilit\u00e0: la strada che collega Nevegal con Ronce e Valmorel \u00e8 un&#8217;importante arteria per l&#8217;area, ma versa in condizioni non dignitose. Chiediamo che venga al pi\u00f9 presto realizzato un intervento di adeguamento e sistemazione di questa viabilit\u00e0. Questa cos\u00ec come molte altre strade di quese frazioni non sono adeguate ad un transito veicolare regolare: sul fronte turistico, sono inaffrontabili ed anche su quello residenziale forniscono poche garanzie. Cos\u00ec facendo, si mantengono le frazioni separate fra loro, aumentando l&#8217;isolamento e il rischio di spopolamento, e non si sfrutta appieno il potenziale naturalistico e culturale del comprensorio<\/em>\u201d. L&#8217;associazione Belluno Alpina ricorda poi \u201c<em>come il progetto antispopolamento Ronce 2020 punti allo sviluppo delle localit\u00e0 di questo territorio che nelle sue varie zone propone peculiarit\u00e0 diverse pronte ad attirare ogni tipo di visitatore: il Nevegal per un turismo invernale ed estivo sportivo e \u201cdi massa\u201d; Ronce per gli aspetti naturalistici, tradizionali e di storia montana; Valmorel per l&#8217;agricoltura e la cultura<\/em>\u201d. Tutte le associazioni sono impegnate, a vario titolo e nei vari settori, nella cura e nel rilancio del comprensorio, ma ora ritengono fondamentale che le istituzioni si attivino per collegare tutte le localit\u00e0 e concretizzare cos\u00ec il legame comprensoriale: \u201c<em>Il PNRR, a nostro avviso,\u201d concludono \u201csul nostro territorio deve servire a riequilibrare le situazioni di disuguaglianza e di squilibrio che da tempo colpiscono le aree montane prealpine del capoluogo e dell&#8217;intero comprensorio: anche se a scadenza, ci auguriamo che l&#8217;amministrazione del capoluogo, che sappiamo ha predisposto con l&#8217;assessore ai lavori pubblici Biagio Giannone vari progetti tra i quali appunto il progetto del tratto di strada in questione Ronce-Nevegal, sia pronta per poter intercettare eventuali bandi dedicati; \u00e8 necessario per\u00f2 che i nostri parlamentari trovino soluzioni per sostenere le Prealpi, visto che i comuni da soli non possono fare niente e che gli ultimi bandi nazionali ci hanno ignorato. Serve infine, e continuiamo a ribadirlo, un&#8217;unione dei territori per offrire un pacchetto completo ai turisti: se i comuni non lavorano insieme, \u00e8 inutile parlare e ragionare a livello di comprensorio. Vanno individuate le risorse per la strada silvopastorale, valutando anche l\u2019utilizzo dei fondi Vaia vista l&#8217;avanzata implacabile del bostrico, e vanno trovate fonti alternative di finanziamenti al progetto \u201cValorizzazione della montagna di Buzzati\u201d che era stato proposto al Bando Habitat di Fondazione Cariverona. Senza strade dignitose, anche i residenti fanno fatica e possono scoraggiarsi, fino ad abbandonare il proprio territorio: \u00e8 quindi fondamentale ascoltare gli abitanti e i proprietari delle abitazioni, sentinelle e manutentori di questo territorio enorme che senza il loro lavoro e la loro presenza \u00e8 destinato a trasformarsi in boscaglia senza cura<\/em>\u201d.<\/p>\n\n\t\t\t<style type='text\/css'>\n\t\t\t\t#gallery-2 {\n\t\t\t\t\tmargin: auto;\n\t\t\t\t}\n\t\t\t\t#gallery-2 .gallery-item {\n\t\t\t\t\tfloat: left;\n\t\t\t\t\tmargin-top: 10px;\n\t\t\t\t\ttext-align: center;\n\t\t\t\t\twidth: 33%;\n\t\t\t\t}\n\t\t\t\t#gallery-2 img {\n\t\t\t\t\tborder: 2px solid #cfcfcf;\n\t\t\t\t}\n\t\t\t\t#gallery-2 .gallery-caption {\n\t\t\t\t\tmargin-left: 0;\n\t\t\t\t}\n\t\t\t\t\/* see gallery_shortcode() in wp-includes\/media.php *\/\n\t\t\t<\/style>\n\t\t<div id='gallery-2' class='dt-gallery-container gallery galleryid-260940 gallery-columns-3 gallery-size-thumbnail'><dl class='gallery-item'>\n\t\t\t\t<dt class='gallery-icon landscape'>\n\t\t\t\t\t<a class=\"rollover rollover-zoom dt-pswp-item\" title=\"ea545b8a-7829-48aa-b6f1-41f131d42a02\" data-dt-img-description=\"\" data-large_image_width=\"2048\" data-large_image_height=\"1536\"href='https:\/\/www.radiopiu.net\/wordpress\/wp-content\/uploads\/2022\/02\/ea545b8a-7829-48aa-b6f1-41f131d42a02.jpg'><img loading=\"lazy\" decoding=\"async\" width=\"150\" height=\"150\" src=\"https:\/\/www.radiopiu.net\/wordpress\/wp-content\/uploads\/2022\/02\/ea545b8a-7829-48aa-b6f1-41f131d42a02-150x150.jpg\" class=\"attachment-thumbnail size-thumbnail\" alt=\"\" \/><\/a>\n\t\t\t\t<\/dt><\/dl><dl class='gallery-item'>\n\t\t\t\t<dt class='gallery-icon portrait'>\n\t\t\t\t\t<a class=\"rollover rollover-zoom dt-pswp-item\" title=\"d8f1beaf-12e7-4b4e-bab5-f496bd693b84\" data-dt-img-description=\"\" data-large_image_width=\"1536\" data-large_image_height=\"2048\"href='https:\/\/www.radiopiu.net\/wordpress\/wp-content\/uploads\/2022\/02\/d8f1beaf-12e7-4b4e-bab5-f496bd693b84.jpg'><img loading=\"lazy\" decoding=\"async\" width=\"150\" height=\"150\" src=\"https:\/\/www.radiopiu.net\/wordpress\/wp-content\/uploads\/2022\/02\/d8f1beaf-12e7-4b4e-bab5-f496bd693b84-150x150.jpg\" class=\"attachment-thumbnail size-thumbnail\" alt=\"\" \/><\/a>\n\t\t\t\t<\/dt><\/dl><dl class='gallery-item'>\n\t\t\t\t<dt class='gallery-icon portrait'>\n\t\t\t\t\t<a class=\"rollover rollover-zoom dt-pswp-item\" title=\"62e95510-6a47-4c45-9b4a-430c27c16535\" data-dt-img-description=\"\" data-large_image_width=\"1536\" data-large_image_height=\"2048\"href='https:\/\/www.radiopiu.net\/wordpress\/wp-content\/uploads\/2022\/02\/62e95510-6a47-4c45-9b4a-430c27c16535.jpg'><img loading=\"lazy\" decoding=\"async\" width=\"150\" height=\"150\" src=\"https:\/\/www.radiopiu.net\/wordpress\/wp-content\/uploads\/2022\/02\/62e95510-6a47-4c45-9b4a-430c27c16535-150x150.jpg\" class=\"attachment-thumbnail size-thumbnail\" alt=\"\" \/><\/a>\n\t\t\t\t<\/dt><\/dl><br style=\"clear: both\" \/><dl class='gallery-item'>\n\t\t\t\t<dt class='gallery-icon portrait'>\n\t\t\t\t\t<a class=\"rollover rollover-zoom dt-pswp-item\" title=\"4344e884-1ee9-472b-8f1c-fad884aa80fa\" data-dt-img-description=\"\" data-large_image_width=\"1536\" data-large_image_height=\"2048\"href='https:\/\/www.radiopiu.net\/wordpress\/wp-content\/uploads\/2022\/02\/4344e884-1ee9-472b-8f1c-fad884aa80fa.jpg'><img loading=\"lazy\" decoding=\"async\" width=\"150\" height=\"150\" src=\"https:\/\/www.radiopiu.net\/wordpress\/wp-content\/uploads\/2022\/02\/4344e884-1ee9-472b-8f1c-fad884aa80fa-150x150.jpg\" class=\"attachment-thumbnail size-thumbnail\" alt=\"\" \/><\/a>\n\t\t\t\t<\/dt><\/dl><dl class='gallery-item'>\n\t\t\t\t<dt class='gallery-icon portrait'>\n\t\t\t\t\t<a class=\"rollover rollover-zoom dt-pswp-item\" title=\"40d6b7d2-b879-48b4-b4ed-a7ee29be7eb3\" data-dt-img-description=\"\" data-large_image_width=\"1536\" data-large_image_height=\"2048\"href='https:\/\/www.radiopiu.net\/wordpress\/wp-content\/uploads\/2022\/02\/40d6b7d2-b879-48b4-b4ed-a7ee29be7eb3.jpg'><img loading=\"lazy\" decoding=\"async\" width=\"150\" height=\"150\" src=\"https:\/\/www.radiopiu.net\/wordpress\/wp-content\/uploads\/2022\/02\/40d6b7d2-b879-48b4-b4ed-a7ee29be7eb3-150x150.jpg\" class=\"attachment-thumbnail size-thumbnail\" alt=\"\" \/><\/a>\n\t\t\t\t<\/dt><\/dl><dl class='gallery-item'>\n\t\t\t\t<dt class='gallery-icon portrait'>\n\t\t\t\t\t<a class=\"rollover rollover-zoom dt-pswp-item\" title=\"8659a91e-6e0d-44f2-8f46-df8ddbaa21f9\" data-dt-img-description=\"\" data-large_image_width=\"1536\" data-large_image_height=\"2048\"href='https:\/\/www.radiopiu.net\/wordpress\/wp-content\/uploads\/2022\/02\/8659a91e-6e0d-44f2-8f46-df8ddbaa21f9.jpg'><img loading=\"lazy\" decoding=\"async\" width=\"150\" height=\"150\" src=\"https:\/\/www.radiopiu.net\/wordpress\/wp-content\/uploads\/2022\/02\/8659a91e-6e0d-44f2-8f46-df8ddbaa21f9-150x150.jpg\" class=\"attachment-thumbnail size-thumbnail\" alt=\"\" \/><\/a>\n\t\t\t\t<\/dt><\/dl><br style=\"clear: both\" \/>\n\t\t\t<\/div>\n\n<p>&nbsp;<\/p>\n<p>&nbsp;<\/p>\n<hr \/>\n<p>&nbsp;<\/p>\n<h3><\/h3>\n<blockquote>\n<h3>FINE SETTIMANA NEL RICORDO DEI CADUTI PER LA LOTTA DI LIBERAZIONE NEL FELTRINO<\/h3>\n<\/blockquote>\n<p><strong><a class=\"dt-pswp-item\" href=\"https:\/\/www.radiopiu.net\/wordpress\/wp-content\/uploads\/2022\/02\/anpi-feltre.jpg\" data-dt-img-description=\"\" data-large_image_width=\"552\" data-large_image_height=\"462\"><img loading=\"lazy\" decoding=\"async\" class=\" wp-image-261116 alignleft\" src=\"https:\/\/www.radiopiu.net\/wordpress\/wp-content\/uploads\/2022\/02\/anpi-feltre-300x251.jpg\" alt=\"\" width=\"160\" height=\"134\" srcset=\"https:\/\/www.radiopiu.net\/wordpress\/wp-content\/uploads\/2022\/02\/anpi-feltre-300x251.jpg 300w, https:\/\/www.radiopiu.net\/wordpress\/wp-content\/uploads\/2022\/02\/anpi-feltre.jpg 552w\" sizes=\"auto, (max-width: 160px) 100vw, 160px\" \/><\/a>FELTRE<\/strong><\/p>\n<p>di Roberto Bona<\/p>\n<audio class=\"wp-audio-shortcode\" id=\"audio-260940-3\" preload=\"none\" style=\"width: 100%;\" controls=\"controls\"><source type=\"audio\/mpeg\" src=\"https:\/\/www.radiopiu.net\/wordpress\/wp-content\/uploads\/2022\/02\/ROBERTO-BONA-RICORDO-CADUTI-LIBERAZIONE.mp3?_=3\" \/><a href=\"https:\/\/www.radiopiu.net\/wordpress\/wp-content\/uploads\/2022\/02\/ROBERTO-BONA-RICORDO-CADUTI-LIBERAZIONE.mp3\">https:\/\/www.radiopiu.net\/wordpress\/wp-content\/uploads\/2022\/02\/ROBERTO-BONA-RICORDO-CADUTI-LIBERAZIONE.mp3<\/a><\/audio>\n<p>&nbsp;<\/p>\n<p>&nbsp;<\/p>\n<p>&nbsp;<\/p>\n<hr \/>\n<blockquote>\n<h3><\/h3>\n<h3>UN VINO SPECIALE PER CELEBRARE LA COLLEZIONE DI VETRI D&#8217;ARTE NASCI FRANZOIA<\/h3>\n<\/blockquote>\n<p><strong><a class=\"dt-pswp-item\" href=\"https:\/\/www.radiopiu.net\/wordpress\/wp-content\/uploads\/2022\/02\/7fe8dbff-1446-4494-b508-3791d04de2ba.jpg\" data-dt-img-description=\"\" data-large_image_width=\"1600\" data-large_image_height=\"901\"><img loading=\"lazy\" decoding=\"async\" class=\" wp-image-261100 alignleft\" src=\"https:\/\/www.radiopiu.net\/wordpress\/wp-content\/uploads\/2022\/02\/7fe8dbff-1446-4494-b508-3791d04de2ba-300x169.jpg\" alt=\"\" width=\"227\" height=\"128\" srcset=\"https:\/\/www.radiopiu.net\/wordpress\/wp-content\/uploads\/2022\/02\/7fe8dbff-1446-4494-b508-3791d04de2ba-300x169.jpg 300w, https:\/\/www.radiopiu.net\/wordpress\/wp-content\/uploads\/2022\/02\/7fe8dbff-1446-4494-b508-3791d04de2ba-1024x577.jpg 1024w, https:\/\/www.radiopiu.net\/wordpress\/wp-content\/uploads\/2022\/02\/7fe8dbff-1446-4494-b508-3791d04de2ba-768x432.jpg 768w, https:\/\/www.radiopiu.net\/wordpress\/wp-content\/uploads\/2022\/02\/7fe8dbff-1446-4494-b508-3791d04de2ba-1536x865.jpg 1536w, https:\/\/www.radiopiu.net\/wordpress\/wp-content\/uploads\/2022\/02\/7fe8dbff-1446-4494-b508-3791d04de2ba.jpg 1600w\" sizes=\"auto, (max-width: 227px) 100vw, 227px\" \/><\/a>FELTRE<\/strong><\/p>\n<p>di Moreno Gioli<\/p>\n<audio class=\"wp-audio-shortcode\" id=\"audio-260940-4\" preload=\"none\" style=\"width: 100%;\" controls=\"controls\"><source type=\"audio\/mpeg\" src=\"https:\/\/www.radiopiu.net\/wordpress\/wp-content\/uploads\/2022\/02\/GIOLI-VINO-FELTRE.mp3?_=4\" \/><a href=\"https:\/\/www.radiopiu.net\/wordpress\/wp-content\/uploads\/2022\/02\/GIOLI-VINO-FELTRE.mp3\">https:\/\/www.radiopiu.net\/wordpress\/wp-content\/uploads\/2022\/02\/GIOLI-VINO-FELTRE.mp3<\/a><\/audio>\n<p>&nbsp;<\/p>\n<p><strong>L&#8217;ASSESSORE DEL COMUNE DI FELTRE ALESSANDRO DEL BIANCO<\/strong><\/p>\n<audio class=\"wp-audio-shortcode\" id=\"audio-260940-5\" preload=\"none\" style=\"width: 100%;\" controls=\"controls\"><source type=\"audio\/mpeg\" src=\"https:\/\/www.radiopiu.net\/wordpress\/wp-content\/uploads\/2022\/02\/ALESSANDRO-DEL-BIANCO-VINO-FELTRE.mp3?_=5\" \/><a href=\"https:\/\/www.radiopiu.net\/wordpress\/wp-content\/uploads\/2022\/02\/ALESSANDRO-DEL-BIANCO-VINO-FELTRE.mp3\">https:\/\/www.radiopiu.net\/wordpress\/wp-content\/uploads\/2022\/02\/ALESSANDRO-DEL-BIANCO-VINO-FELTRE.mp3<\/a><\/audio>\n<p>&nbsp;<\/p>\n<p><strong>EGIDIO D&#8217;INCA&#8217; DI PIAN DELLE VETTE<\/strong><\/p>\n<audio class=\"wp-audio-shortcode\" id=\"audio-260940-6\" preload=\"none\" style=\"width: 100%;\" controls=\"controls\"><source type=\"audio\/mpeg\" src=\"https:\/\/www.radiopiu.net\/wordpress\/wp-content\/uploads\/2022\/02\/EGIDIO-DINCA-VINO-FELTRE.mp3?_=6\" \/><a href=\"https:\/\/www.radiopiu.net\/wordpress\/wp-content\/uploads\/2022\/02\/EGIDIO-DINCA-VINO-FELTRE.mp3\">https:\/\/www.radiopiu.net\/wordpress\/wp-content\/uploads\/2022\/02\/EGIDIO-DINCA-VINO-FELTRE.mp3<\/a><\/audio>\n<p>&nbsp;<\/p>\n<hr \/>\n<p>&nbsp;<\/p>\n<blockquote>\n<h2>\u201cCARNEVAI DE LE VAI&#8221; di Gabriele Riva<\/h2>\n<\/blockquote>\n<blockquote>\n<h2>Carnevali e mascherate tradizionali dell\u2019Agordino<\/h2>\n<\/blockquote>\n<p><strong>DI GIANNI SANTOMASO<\/strong><\/p>\n<audio class=\"wp-audio-shortcode\" id=\"audio-260940-7\" preload=\"none\" style=\"width: 100%;\" controls=\"controls\"><source type=\"audio\/mpeg\" src=\"https:\/\/www.radiopiu.net\/wordpress\/wp-content\/uploads\/2022\/02\/GIANNI-CARENAVALI-DELLE-VALLI.mp3?_=7\" \/><a href=\"https:\/\/www.radiopiu.net\/wordpress\/wp-content\/uploads\/2022\/02\/GIANNI-CARENAVALI-DELLE-VALLI.mp3\">https:\/\/www.radiopiu.net\/wordpress\/wp-content\/uploads\/2022\/02\/GIANNI-CARENAVALI-DELLE-VALLI.mp3<\/a><\/audio>\n<p>&nbsp;<\/p>\n<p><strong><a class=\"dt-pswp-item\" href=\"https:\/\/www.radiopiu.net\/wordpress\/wp-content\/uploads\/2022\/02\/Rivamonte2.jpg\" data-dt-img-description=\"Rivamonte2\" data-large_image_width=\"1737\" data-large_image_height=\"932\"><img loading=\"lazy\" decoding=\"async\" class=\" wp-image-261006 alignleft\" src=\"https:\/\/www.radiopiu.net\/wordpress\/wp-content\/uploads\/2022\/02\/Rivamonte2-300x161.jpg\" alt=\"\" width=\"399\" height=\"214\" srcset=\"https:\/\/www.radiopiu.net\/wordpress\/wp-content\/uploads\/2022\/02\/Rivamonte2-300x161.jpg 300w, https:\/\/www.radiopiu.net\/wordpress\/wp-content\/uploads\/2022\/02\/Rivamonte2-1024x549.jpg 1024w, https:\/\/www.radiopiu.net\/wordpress\/wp-content\/uploads\/2022\/02\/Rivamonte2-768x412.jpg 768w, https:\/\/www.radiopiu.net\/wordpress\/wp-content\/uploads\/2022\/02\/Rivamonte2-1536x824.jpg 1536w, https:\/\/www.radiopiu.net\/wordpress\/wp-content\/uploads\/2022\/02\/Rivamonte2.jpg 1737w\" sizes=\"auto, (max-width: 399px) 100vw, 399px\" \/><\/a>VOLTAGO<\/strong> Dopo lo stop forzato del 2020, finalmente quest\u2019anno i carnevali tradizionali dell\u2019Agordino, seppure ancora in maniera ridotta e con alcune restrizioni anti-covid, non si sono fatti scoraggiare, anzi, carichi di voglia di divertimento, per troppo tempo assopito, si sono organizzati e, unendo le forze, hanno riportato questo patrimonio culturale popolare nel giusto posto che gli spettava. I cinque appuntamenti classici, ovvero le cinque mascherate storiche di Selva di Cadore, Sottoguda, Rivamonte, Laste e Canale d\u2019Agordo\/Valle del Biois, ora riunite sotto il nome di \u201cCarnevai de le vai\u201d, hanno rispolverato maschere lignee, costumi e personaggi tipici, riti e tradizioni caratteristiche, se non uniche, di queste piccole comunit\u00e0 di montagna; perch\u00e9, come si legge sul depliant stampato per l\u2019occasione: \u201cNonostante l\u2019apertura e il rinnovamento ad una societ\u00e0 sempre pi\u00f9 modernizzata i carnevali tradizionali delle Dolomiti\u00a0Agordine hanno mantenuto una genuina arcaicit\u00e0.\u00a0I loro personaggi tipici mostrano una provenienza lontana\u00a0nel tempo; i Matazin di Sottoguda, Laste e della Val Fiorentina, la Zinghen\u00e9sta della Valle del Biois e gli \u00d2lt da Bel e da Burt delle valli del P\u00f3i (Conca Agordina) portano in s\u00e9 caratteri e aspetti di portata sociale e di religiosit\u00e0 popolare che si perdono nella notte dei tempi\u2026\u201d.<br \/>\nIl primo appuntamento, \u201cCarneval inte Selva\u201d, si \u00e8 svolto domenica 13 febbraio in comune di Selva di Cadore con la sfilata partita a Pescul in direzione di Santa Fosca, passando per L\u2019Andria. Questa mascherata non si svolgeva da quasi 20 anni e, grazie all\u2019impegno della Pro Loco Val Fiorentina e dell\u2019Union Ladign de Selva, Matazin e Lach\u00e8 hanno potuto tornare a fare bella mostra di s\u00e9.<br \/>\nAnche a Sottoguda, sabato 19 febbraio \u2013 alla \u201cMascor\u00e8da\u201d, secondo appuntamento della manifestazione \u2013 i Matazin e il Capomascora hanno tirato fuori dai cassetti nastri colorati, campanelli e cilindro e hanno incontrato paesani e turisti felici e soddisfatti di rivedere e risentire la colorata e sonora brigata aggirarsi nelle frazioni tra Col di Rocca e i Serrai. \u201cOlt da Riva e compagnia bela\u201d, il terzo appuntamento con le mascherate tradizionali, si \u00e8 svolto domenica 20 a Rivamonte, dove le maschere di legno, gli \u00f2lt, appunto, l\u2019hanno fatta da padroni mostrandosi nelle pi\u00f9 svariate fogge e forme e nelle pi\u00f9 diverse espressioni facciali: sorridenti, sornioni, arrabbiati, timidi o strafottenti. Nel paesino del P\u00f3i la sfilata \u00e8 partita dal piazzale della chiesa parrocchiale e, addentrandosi tra le case e i fienili e fermandosi qua e l\u00e0 per qualche ballo popolare, si \u00e8 diretta, poi, verso il piazzale del ristorante Al Molin dove la festa \u00e8 continuata. Le ultime due tappe di \u201cCarnevai de le vai\u201d si terranno a Laste \u2013 \u201cMascorada da Laste\u201d \u2013 e in Valle del Biois \u2013 \u201cLa Zinghen\u00e9sta\u201d \u2013 rispettivamente sabato 26 e domenica 27 febbraio. Anche questi due appuntamenti saranno festeggiati in tono minore e, per cos\u00ec dire, saranno frutto di \u201corganizzazioni spontanee\u201d di gruppetti mascherati, ci\u00f2 proprio per l\u2019impossibilit\u00e0, dovuta alle restrizioni anti-covid, di preparare in maniera ufficiale e consueta attivit\u00e0 e momenti che il calendario solitamente proponeva.<br \/>\nPartecipare a queste manifestazioni carnascialesche significa immergersi in un\u2019atmosfera in cui realt\u00e0 e finzione si confondono e dove essere e agire non seguono pi\u00f9 le regole quotidiane della vita vera. Una maschera sul volto o un trucco un po\u2019 vistoso, un cappello a larghe tese o un vestito fuori taglia e tanta, tanta voglia di divertirsi; questi sono gli ingredienti principali per far parte degli allegri gruppi dei \u201cCarnevai de le vai\u201d. Buon divertimento perch\u00e9\u2026 \u201cChi non ride mai non \u00e8 una persona seria\u201d, parola di Charlie Chaplin.<\/p>\n\n\t\t\t<style type='text\/css'>\n\t\t\t\t#gallery-3 {\n\t\t\t\t\tmargin: auto;\n\t\t\t\t}\n\t\t\t\t#gallery-3 .gallery-item {\n\t\t\t\t\tfloat: left;\n\t\t\t\t\tmargin-top: 10px;\n\t\t\t\t\ttext-align: center;\n\t\t\t\t\twidth: 33%;\n\t\t\t\t}\n\t\t\t\t#gallery-3 img {\n\t\t\t\t\tborder: 2px solid #cfcfcf;\n\t\t\t\t}\n\t\t\t\t#gallery-3 .gallery-caption {\n\t\t\t\t\tmargin-left: 0;\n\t\t\t\t}\n\t\t\t\t\/* see gallery_shortcode() in wp-includes\/media.php *\/\n\t\t\t<\/style>\n\t\t<div id='gallery-3' class='dt-gallery-container gallery galleryid-260940 gallery-columns-3 gallery-size-thumbnail'><dl class='gallery-item'>\n\t\t\t\t<dt class='gallery-icon portrait'>\n\t\t\t\t\t<a class=\"rollover rollover-zoom dt-pswp-item\" title=\"DepliantCover\" data-dt-img-description=\"\" data-large_image_width=\"1000\" data-large_image_height=\"1321\"href='https:\/\/www.radiopiu.net\/wordpress\/wp-content\/uploads\/2022\/02\/DepliantCover.jpg'><img loading=\"lazy\" decoding=\"async\" width=\"150\" height=\"150\" src=\"https:\/\/www.radiopiu.net\/wordpress\/wp-content\/uploads\/2022\/02\/DepliantCover-150x150.jpg\" class=\"attachment-thumbnail size-thumbnail\" alt=\"\" \/><\/a>\n\t\t\t\t<\/dt><\/dl><dl class='gallery-item'>\n\t\t\t\t<dt class='gallery-icon landscape'>\n\t\t\t\t\t<a class=\"rollover rollover-zoom dt-pswp-item\" title=\"Rivamonte2\" data-dt-img-description=\"\" data-large_image_width=\"1737\" data-large_image_height=\"932\"href='https:\/\/www.radiopiu.net\/wordpress\/wp-content\/uploads\/2022\/02\/Rivamonte2.jpg'><img loading=\"lazy\" decoding=\"async\" width=\"150\" height=\"150\" src=\"https:\/\/www.radiopiu.net\/wordpress\/wp-content\/uploads\/2022\/02\/Rivamonte2-150x150.jpg\" class=\"attachment-thumbnail size-thumbnail\" alt=\"\" aria-describedby=\"gallery-3-261006\" \/><\/a>\n\t\t\t\t<\/dt>\n\t\t\t\t\t<dd class='wp-caption-text gallery-caption' id='gallery-3-261006'>\n\t\t\t\t\tRivamonte2\n\t\t\t\t\t<\/dd><\/dl><dl class='gallery-item'>\n\t\t\t\t<dt class='gallery-icon portrait'>\n\t\t\t\t\t<a class=\"rollover rollover-zoom dt-pswp-item\" title=\"Zinghenesta\" data-dt-img-description=\"\" data-large_image_width=\"557\" data-large_image_height=\"598\"href='https:\/\/www.radiopiu.net\/wordpress\/wp-content\/uploads\/2022\/02\/Zinghenesta.jpg'><img loading=\"lazy\" decoding=\"async\" width=\"150\" height=\"150\" src=\"https:\/\/www.radiopiu.net\/wordpress\/wp-content\/uploads\/2022\/02\/Zinghenesta-150x150.jpg\" class=\"attachment-thumbnail size-thumbnail\" alt=\"\" aria-describedby=\"gallery-3-261011\" \/><\/a>\n\t\t\t\t<\/dt>\n\t\t\t\t\t<dd class='wp-caption-text gallery-caption' id='gallery-3-261011'>\n\t\t\t\t\tZinghenesta Canale d&#8217;Agordo\n\t\t\t\t\t<\/dd><\/dl><br style=\"clear: both\" \/><dl class='gallery-item'>\n\t\t\t\t<dt class='gallery-icon portrait'>\n\t\t\t\t\t<a class=\"rollover rollover-zoom dt-pswp-item\" title=\"Laste\" data-dt-img-description=\"\" data-large_image_width=\"925\" data-large_image_height=\"1599\"href='https:\/\/www.radiopiu.net\/wordpress\/wp-content\/uploads\/2022\/02\/Laste.jpg'><img loading=\"lazy\" decoding=\"async\" width=\"150\" height=\"150\" src=\"https:\/\/www.radiopiu.net\/wordpress\/wp-content\/uploads\/2022\/02\/Laste-150x150.jpg\" class=\"attachment-thumbnail size-thumbnail\" alt=\"\" aria-describedby=\"gallery-3-261009\" \/><\/a>\n\t\t\t\t<\/dt>\n\t\t\t\t\t<dd class='wp-caption-text gallery-caption' id='gallery-3-261009'>\n\t\t\t\t\tLaste di Rocca Pietore\n\t\t\t\t\t<\/dd><\/dl><dl class='gallery-item'>\n\t\t\t\t<dt class='gallery-icon portrait'>\n\t\t\t\t\t<a class=\"rollover rollover-zoom dt-pswp-item\" title=\"Selva\" data-dt-img-description=\"\" data-large_image_width=\"1010\" data-large_image_height=\"1375\"href='https:\/\/www.radiopiu.net\/wordpress\/wp-content\/uploads\/2022\/02\/Selva.jpg'><img loading=\"lazy\" decoding=\"async\" width=\"150\" height=\"150\" src=\"https:\/\/www.radiopiu.net\/wordpress\/wp-content\/uploads\/2022\/02\/Selva-150x150.jpg\" class=\"attachment-thumbnail size-thumbnail\" alt=\"\" aria-describedby=\"gallery-3-261008\" \/><\/a>\n\t\t\t\t<\/dt>\n\t\t\t\t\t<dd class='wp-caption-text gallery-caption' id='gallery-3-261008'>\n\t\t\t\t\tSelva di Cadore\n\t\t\t\t\t<\/dd><\/dl><dl class='gallery-item'>\n\t\t\t\t<dt class='gallery-icon portrait'>\n\t\t\t\t\t<a class=\"rollover rollover-zoom dt-pswp-item\" title=\"Sottoguda\" data-dt-img-description=\"\" data-large_image_width=\"500\" data-large_image_height=\"620\"href='https:\/\/www.radiopiu.net\/wordpress\/wp-content\/uploads\/2022\/02\/Sottoguda.jpg'><img loading=\"lazy\" decoding=\"async\" width=\"150\" height=\"150\" src=\"https:\/\/www.radiopiu.net\/wordpress\/wp-content\/uploads\/2022\/02\/Sottoguda-150x150.jpg\" class=\"attachment-thumbnail size-thumbnail\" alt=\"\" aria-describedby=\"gallery-3-261007\" \/><\/a>\n\t\t\t\t<\/dt>\n\t\t\t\t\t<dd class='wp-caption-text gallery-caption' id='gallery-3-261007'>\n\t\t\t\t\tSottoguda di Rocca Pietore\n\t\t\t\t\t<\/dd><\/dl><br style=\"clear: both\" \/>\n\t\t\t<\/div>\n\n<p>&nbsp;<\/p>\n<p>&nbsp;<\/p>\n<hr \/>\n<p>&nbsp;<\/p>\n<blockquote>\n<h3>PICCOLE GRANDI STORIE DI EMIGRANTI: SI LEGGE ANCHE DI ESTER RIPOSI \u201cIRINA\u201d<\/h3>\n<\/blockquote>\n<p><strong>DI RENATO BONA<\/strong><\/p>\n<p>Proprio il giorno del novantacinquesimo compleanno, il 19 ottobre del 2016, era mancata nella sua abitazione di Belluno-Piazza Santo Stefano, Ester Riposi, nota fra l\u2019altro come la \u201cPartigiana Irina\u201d o \u201cLa ragazza in bicicletta\u201d. Vogliamo ricordarla perch\u00e9, oltre ad essere stati amici (ospiti della sua abitazione di Roma; un lungo viaggio a Strasburgo per un impegno come esponenti entrambi dell\u2019Associazione emigranti bellunesi; la bella festa a Castion per le onorificenze che erano state conferite a noi due e al comune amico Bepi Zanfron, il noto ed apprezzato fotoreporter del Vajont) eravamo e siamo, sinceramente ammirati per la storia di questa dinamica bellunese che, la maggiore di tre fratelli, era nativa di Villa di Villa (nel comune che allora era Mel ed ora Borgo Valbelluna) ma presto trasferitasi con la famiglia a Trichiana, paese della madre. Premesso che la notizia della sua scomparsa aveva suscitato profondo cordoglio, in particolare nel mondo dell\u2019emigrazione per il quale molto si era spesa, vediamo di illustrarne la figura attingendo in particolare dall\u2019ottimo libro \u201cPiccole grandi storie di emigranti\u201d che Ivano Pocchiesa Cno (purtroppo scomparso), Mario Fornaro ed Aduo Vio (quest\u2019ultimo, emigrante in Germania, ha voluto dedicarlo a ricordo del padre Gino 1907-1979, che fu anch\u2019egli emigrante \u2013 ndr.), hanno realizzato con Media diffusion editrice e l\u2019agenzia Polaris nel dicembre del 1991(foto di Bepi Zanfron, Dario Fontanive, Renato Idi, Aldo Pellencin e degli autori). Il capitolo che le \u00e8 dedicato si apre cos\u00ec: \u201cQuante sono le storie degli emigranti inserite nella terribile vicenda della seconda guerra mondiale, dal 1940 al 1945? Ne prendiamo ad esempio una, emblematica, vissuta da una donna dal nome dolce, un nome che arriva dalla Russia, che richiama alla mente epopee di Alpini, campi di girasole nutriti di sangue italiano, infinite sofferenze dei nostri soldati sul Don, simboli come Nikolajewska, neve e tormente, morti e dispersi\u201d. Quindi, il profilo di Ester che emigra per lavoro, come bambinaia, nel 1937, all\u2019et\u00e0 di 16 anni, e resta nella Capitale per sei anni, fino al 19 luglio del 1943 quando la \u201cCitt\u00e0 santa\u201d viene bombardata. Torna a casa e trova un altro lavoro nella zona di Vittorio Veneto, nella taverna gestita da una cugina della madre, il cui marito, \u00e8 il socialista e antifascista Ferruccio Faggin (sar\u00e0 vice sindaco di Vittorio Veneto dopo il 25 aprile della Liberazione) col quale collabora per aiutare gli sbandati ed i rifugiati, portando loro in Cansiglio \u201csigarette e cioccolato barattando con i tedeschi carne, fagioli e patate\u201d. Diventa una staffetta partigiana che \u201csi avventura sulle montagne con carichi di pane e armi, ed \u00e8 stata comandante della sezione collegamenti con 33 staffette da smistare per i comandi della Brigata Nannetti e Garibaldi, VII Alpini, Comando di zona, missione Tillman. Partecipa anche ad un combattimento a Ref\u00f2s di Limana e porta in salvo su un carro, nel cuor della notte, un compagno gravemente ferito, il padre di Oscar De Bona (gi\u00e0 presidente della Provincia di Belluno ed oggi dell\u2019associazione Bellunesi nel mondo, il quale firmava il saluto che apriva il volume, nella sua veste di presidente della Consulta veneta per l\u2019emigrazione e, appunto, della Provincia). \u201cIrina\u201d partecipa alla liberazione di Belluno con \u201cRudy\u201d (Decimo Granzotto, il primo sindaco di Belluno dopo la Liberazione) e fa da battistrada alla \u201cMissione Tilman\u201d. Finita nel 1945 la seconda guerra mondiale, la nostra ridiventa Ester e sogna di fare la maestra elementare, lavorando di giorno e studiando la notte, ma\u2026 a 25 anni \u00e8 di nuovo alla ricerca di un\u2019occupazione e guarda con interesse alla Svizzera come del resto moltissimi altri bellunesi. Rimase quasi due anni in un negozio di abbigliamento maschile a Lucerna quindi torna a Trichiana e grazie all\u2019incontro con il senatore Attilio Tissi fu assunta dalla direzione del partito socialdemocratico e successivamente approda alla Camera come \u201cgiornaliera\u201d, pagata cio\u00e8 a giornata. Faticosamente sal\u00ec o gradini del sociale diventando \u201ccontrattista\u201d con incarichi al Parlamento europeo di Lussemburgo e, dopo, di Strasburgo. \u201cIn questa posizione andava un po\u2019 meglio\u2026\u201d. E\u2019 del 1967 la svolta: partecipa al concorso per tre posti di aiuto bibliotecario dove risulta prima degli interni: la mia vita \u2013 come ebbe modo di dire \u2013si \u00e8 capovolta, avevo per me, per mia sorella (sempre ammalata e che viveva con me a Roma) una certezza che fino ad allora non avevamo mai avuto\u201d. Numerosi gli incarichi ricoperti in quel periodo: segretaria della sezione Anpi, dei Combattenti e reduci, presidente onorario del nucleo nazionale socialdemocratico di Montecitorio e dei sindacati di categoria. Nel giugno del 1977 il definitivo ritorno a casa con la quiescenza, impegnandosi tuttavia nel direttivo dell\u2019Associazione emigranti bellunesi. Tra i ricordi che citava sovente, \u201cil rapporto di stima e di amicizia con Pertini: \u201cda presidente della Camera, frequentava la mia casa nel centro storico di Roma con la consorte Carla e con altri amici. Veniva per mangiare la polenta di cui era ghiottissimo\u2026 Il 6 ottobre 1978, gi\u00e0 presidente della Repubblica, mi invi\u00f2 un telegramma per annunciarmi: \u201cSono fiero di comunicarti che in data odierna ti ho conferito l\u2019onorificenza di Cavaliere al merito della Repubblica italiana\u201d. E\u2019 un telegramma che Ester-Irina conservava come una reliquia!<\/p>\n\n\t\t\t<style type='text\/css'>\n\t\t\t\t#gallery-4 {\n\t\t\t\t\tmargin: auto;\n\t\t\t\t}\n\t\t\t\t#gallery-4 .gallery-item {\n\t\t\t\t\tfloat: left;\n\t\t\t\t\tmargin-top: 10px;\n\t\t\t\t\ttext-align: center;\n\t\t\t\t\twidth: 20%;\n\t\t\t\t}\n\t\t\t\t#gallery-4 img {\n\t\t\t\t\tborder: 2px solid #cfcfcf;\n\t\t\t\t}\n\t\t\t\t#gallery-4 .gallery-caption {\n\t\t\t\t\tmargin-left: 0;\n\t\t\t\t}\n\t\t\t\t\/* see gallery_shortcode() in wp-includes\/media.php *\/\n\t\t\t<\/style>\n\t\t<div id='gallery-4' class='dt-gallery-container gallery galleryid-260940 gallery-columns-5 gallery-size-thumbnail'><dl class='gallery-item'>\n\t\t\t\t<dt class='gallery-icon portrait'>\n\t\t\t\t\t<a class=\"rollover rollover-zoom dt-pswp-item\" title=\"273774942_1221412115051261_2269391484986359522_n\" data-dt-img-description=\"\" data-large_image_width=\"156\" data-large_image_height=\"240\"href='https:\/\/www.radiopiu.net\/wordpress\/wp-content\/uploads\/2022\/02\/273774942_1221412115051261_2269391484986359522_n.jpg'><img loading=\"lazy\" decoding=\"async\" width=\"150\" height=\"150\" src=\"https:\/\/www.radiopiu.net\/wordpress\/wp-content\/uploads\/2022\/02\/273774942_1221412115051261_2269391484986359522_n-150x150.jpg\" class=\"attachment-thumbnail size-thumbnail\" alt=\"\" \/><\/a>\n\t\t\t\t<\/dt><\/dl><dl class='gallery-item'>\n\t\t\t\t<dt class='gallery-icon portrait'>\n\t\t\t\t\t<a class=\"rollover rollover-zoom dt-pswp-item\" title=\"273919771_1038883000053072_942713082931732940_n\" data-dt-img-description=\"\" data-large_image_width=\"157\" data-large_image_height=\"206\"href='https:\/\/www.radiopiu.net\/wordpress\/wp-content\/uploads\/2022\/02\/273919771_1038883000053072_942713082931732940_n.jpg'><img loading=\"lazy\" decoding=\"async\" width=\"150\" height=\"150\" src=\"https:\/\/www.radiopiu.net\/wordpress\/wp-content\/uploads\/2022\/02\/273919771_1038883000053072_942713082931732940_n-150x150.jpg\" class=\"attachment-thumbnail size-thumbnail\" alt=\"\" \/><\/a>\n\t\t\t\t<\/dt><\/dl><dl class='gallery-item'>\n\t\t\t\t<dt class='gallery-icon portrait'>\n\t\t\t\t\t<a class=\"rollover rollover-zoom dt-pswp-item\" title=\"274514423_993389107937595_9345601178693761_n\" data-dt-img-description=\"\" data-large_image_width=\"154\" data-large_image_height=\"206\"href='https:\/\/www.radiopiu.net\/wordpress\/wp-content\/uploads\/2022\/02\/274514423_993389107937595_9345601178693761_n.jpg'><img loading=\"lazy\" decoding=\"async\" width=\"150\" height=\"150\" src=\"https:\/\/www.radiopiu.net\/wordpress\/wp-content\/uploads\/2022\/02\/274514423_993389107937595_9345601178693761_n-150x150.jpg\" class=\"attachment-thumbnail size-thumbnail\" alt=\"\" \/><\/a>\n\t\t\t\t<\/dt><\/dl><dl class='gallery-item'>\n\t\t\t\t<dt class='gallery-icon portrait'>\n\t\t\t\t\t<a class=\"rollover rollover-zoom dt-pswp-item\" title=\"273702064_683521963090020_5471682569488785345_n\" data-dt-img-description=\"\" data-large_image_width=\"160\" data-large_image_height=\"203\"href='https:\/\/www.radiopiu.net\/wordpress\/wp-content\/uploads\/2022\/02\/273702064_683521963090020_5471682569488785345_n.jpg'><img loading=\"lazy\" decoding=\"async\" width=\"150\" height=\"150\" src=\"https:\/\/www.radiopiu.net\/wordpress\/wp-content\/uploads\/2022\/02\/273702064_683521963090020_5471682569488785345_n-150x150.jpg\" class=\"attachment-thumbnail size-thumbnail\" alt=\"\" \/><\/a>\n\t\t\t\t<\/dt><\/dl><dl class='gallery-item'>\n\t\t\t\t<dt class='gallery-icon landscape'>\n\t\t\t\t\t<a class=\"rollover rollover-zoom dt-pswp-item\" title=\"274623728_262723445892162_8915988223670150277_n\" data-dt-img-description=\"\" data-large_image_width=\"370\" data-large_image_height=\"202\"href='https:\/\/www.radiopiu.net\/wordpress\/wp-content\/uploads\/2022\/02\/274623728_262723445892162_8915988223670150277_n.jpg'><img loading=\"lazy\" decoding=\"async\" width=\"150\" height=\"150\" src=\"https:\/\/www.radiopiu.net\/wordpress\/wp-content\/uploads\/2022\/02\/274623728_262723445892162_8915988223670150277_n-150x150.jpg\" class=\"attachment-thumbnail size-thumbnail\" alt=\"\" \/><\/a>\n\t\t\t\t<\/dt><\/dl><br style=\"clear: both\" \/><dl class='gallery-item'>\n\t\t\t\t<dt class='gallery-icon portrait'>\n\t\t\t\t\t<a class=\"rollover rollover-zoom dt-pswp-item\" title=\"273954225_2834866000150759_6351966421036044975_n\" data-dt-img-description=\"\" data-large_image_width=\"158\" data-large_image_height=\"240\"href='https:\/\/www.radiopiu.net\/wordpress\/wp-content\/uploads\/2022\/02\/273954225_2834866000150759_6351966421036044975_n.jpg'><img loading=\"lazy\" decoding=\"async\" width=\"150\" height=\"150\" src=\"https:\/\/www.radiopiu.net\/wordpress\/wp-content\/uploads\/2022\/02\/273954225_2834866000150759_6351966421036044975_n-150x150.jpg\" class=\"attachment-thumbnail size-thumbnail\" alt=\"\" \/><\/a>\n\t\t\t\t<\/dt><\/dl><dl class='gallery-item'>\n\t\t\t\t<dt class='gallery-icon landscape'>\n\t\t\t\t\t<a class=\"rollover rollover-zoom dt-pswp-item\" title=\"273855218_540061097166275_4048669966257353717_n\" data-dt-img-description=\"\" data-large_image_width=\"206\" data-large_image_height=\"206\"href='https:\/\/www.radiopiu.net\/wordpress\/wp-content\/uploads\/2022\/02\/273855218_540061097166275_4048669966257353717_n.jpg'><img loading=\"lazy\" decoding=\"async\" width=\"150\" height=\"150\" src=\"https:\/\/www.radiopiu.net\/wordpress\/wp-content\/uploads\/2022\/02\/273855218_540061097166275_4048669966257353717_n-150x150.jpg\" class=\"attachment-thumbnail size-thumbnail\" alt=\"\" srcset=\"https:\/\/www.radiopiu.net\/wordpress\/wp-content\/uploads\/2022\/02\/273855218_540061097166275_4048669966257353717_n-150x150.jpg 150w, https:\/\/www.radiopiu.net\/wordpress\/wp-content\/uploads\/2022\/02\/273855218_540061097166275_4048669966257353717_n.jpg 206w\" sizes=\"auto, (max-width: 150px) 100vw, 150px\" \/><\/a>\n\t\t\t\t<\/dt><\/dl><dl class='gallery-item'>\n\t\t\t\t<dt class='gallery-icon portrait'>\n\t\t\t\t\t<a class=\"rollover rollover-zoom dt-pswp-item\" title=\"274219570_2298251030322011_2179667008979336581_n\" data-dt-img-description=\"\" data-large_image_width=\"205\" data-large_image_height=\"206\"href='https:\/\/www.radiopiu.net\/wordpress\/wp-content\/uploads\/2022\/02\/274219570_2298251030322011_2179667008979336581_n.jpg'><img loading=\"lazy\" decoding=\"async\" width=\"150\" height=\"150\" src=\"https:\/\/www.radiopiu.net\/wordpress\/wp-content\/uploads\/2022\/02\/274219570_2298251030322011_2179667008979336581_n-150x150.jpg\" class=\"attachment-thumbnail size-thumbnail\" alt=\"\" srcset=\"https:\/\/www.radiopiu.net\/wordpress\/wp-content\/uploads\/2022\/02\/274219570_2298251030322011_2179667008979336581_n-150x150.jpg 150w, https:\/\/www.radiopiu.net\/wordpress\/wp-content\/uploads\/2022\/02\/274219570_2298251030322011_2179667008979336581_n.jpg 205w\" sizes=\"auto, (max-width: 150px) 100vw, 150px\" \/><\/a>\n\t\t\t\t<\/dt><\/dl><dl class='gallery-item'>\n\t\t\t\t<dt class='gallery-icon portrait'>\n\t\t\t\t\t<a class=\"rollover rollover-zoom dt-pswp-item\" title=\"273999160_1348763605586592_5473937893486751057_n\" data-dt-img-description=\"\" data-large_image_width=\"158\" data-large_image_height=\"206\"href='https:\/\/www.radiopiu.net\/wordpress\/wp-content\/uploads\/2022\/02\/273999160_1348763605586592_5473937893486751057_n.jpg'><img loading=\"lazy\" decoding=\"async\" width=\"150\" height=\"150\" src=\"https:\/\/www.radiopiu.net\/wordpress\/wp-content\/uploads\/2022\/02\/273999160_1348763605586592_5473937893486751057_n-150x150.jpg\" class=\"attachment-thumbnail size-thumbnail\" alt=\"\" \/><\/a>\n\t\t\t\t<\/dt><\/dl><dl class='gallery-item'>\n\t\t\t\t<dt class='gallery-icon landscape'>\n\t\t\t\t\t<a class=\"rollover rollover-zoom dt-pswp-item\" title=\"274033448_410729370812117_6464288826743784473_n\" data-dt-img-description=\"\" data-large_image_width=\"300\" data-large_image_height=\"168\"href='https:\/\/www.radiopiu.net\/wordpress\/wp-content\/uploads\/2022\/02\/274033448_410729370812117_6464288826743784473_n.jpg'><img loading=\"lazy\" decoding=\"async\" width=\"150\" height=\"150\" src=\"https:\/\/www.radiopiu.net\/wordpress\/wp-content\/uploads\/2022\/02\/274033448_410729370812117_6464288826743784473_n-150x150.jpg\" class=\"attachment-thumbnail size-thumbnail\" alt=\"\" \/><\/a>\n\t\t\t\t<\/dt><\/dl><br style=\"clear: both\" \/>\n\t\t\t<\/div>\n\n<p>&nbsp;<\/p>\n<p>NELLE FOTO (riproduzioni da \u201cPiccole grandi storie di emigranti\u201d); la copertina del volume; Ester Riposi; gli autori del libro: Ivano Pocchiesa Cno, Mario Fornaro, Aduo Vio; ancora la partigiana \u201cIrina\u201d il giorno del settantesimo compleanno e a pronunciare il discorso per il 25 aprile al monumento alla Resistenza di Augusto Murer nella Piazza dei Martiri di Belluno; la Riposi con Giuseppe \u201cBepi\u201d Zanfron e Renato Bona in festa per l\u2019onorificenza ottenuta dai tre al merito della Repubblica italiana; gruppo di partigiane e partigiani durante una marcia di trasferimento in montagna; pubblicazione dedicata alle staffette-donne della Resistenza bellunese.<\/p>\n<p>&nbsp;<\/p>\n<p>&nbsp;<\/p>\n<hr \/>\n<p>&nbsp;<\/p>\n<blockquote>\n<h3>CAMBIA LA VIABILITA&#8217; A FELTRE. IN PROGRAMMA LAVORI IN VIA CENTRALE<\/h3>\n<\/blockquote>\n<p><strong>FELTRE<\/strong> Il comune di Feltre ha esposto un&#8217;ordinanza di divieto di transito in Via Centrale per tutti i veicoli, cicli e motocicli per un tratto di 15 metri tra la SS 50 verso Zermen. Il divieto sar\u00e0 attivo fino a venerdi per consentire la sostituzione della griglia per la raccolta delle acque meteoriche.<\/p>\n<p>&nbsp;<\/p>\n<p>&nbsp;<\/p>\n<hr \/>\n<p>&nbsp;<\/p>\n<blockquote>\n<h3>I CONSIGLI COMUNALI IN AGORDINO<\/h3>\n<\/blockquote>\n<p><strong>SAN TOMASO<\/strong> Il sindaco di San Tomaso Moreno De Val ha convocato il consiglio comunale per domani alle 18:30 presso la sala consigliare. Sono 7 i punti all&#8217;ordine del giorno su cui discutere, tra questi l&#8217;approvazione dei lavori pubblici per il triennio 2022-2024 e l&#8217;acquisizione de beni e servizi, la presa d&#8217;atto del documento unico di programmazione, il bilancio di previsione 2022-2024 e il mutamento di destinazione di alcuni terreni di uso civico in localit\u00e0 I Piegn per la coltivazione di una cava.<\/p>\n<p><strong>LIVINALLONGO<\/strong>\u00a0 L&#8217;assemblea \u00e8 convocata per domani alle 20 in Municipio. All&#8217;ordine del giorno un unico punto, la variante 1-22 al piano degli interventi, adozione.<\/p>\n<p><strong>CANALE D&#8217;AGORDO<\/strong> Il sindaco di Canale D&#8217;Agordo Flavio Colcergnan ha convocato per sabato mattina alle 9 il consiglio comunale nella sala Lina Zand\u00f2. Sette punti da discutere tra cui il documento unico di programmazione, l&#8217;addizionale comunale all&#8217;imposta sul reddito del triennio 2022\/24, l&#8217;approvazione delle aliquote e detrazioni l&#8217;imposta municipale propria IMU 2022 e il bilancio di previsione 2022\/24.<\/p>\n<p>&nbsp;<\/p>\n<p>&nbsp;<\/p>\n<hr \/>\n<p>&nbsp;<\/p>\n<blockquote><p>&nbsp;<\/p>\n<blockquote>\n<h3><a class=\"dt-pswp-item\" href=\"https:\/\/www.radiopiu.net\/wordpress\/wp-content\/uploads\/2022\/02\/4ffa84fc-ccb7-48e4-93f7-340dbd232a9b.jpg\" data-dt-img-description=\"\" data-large_image_width=\"778\" data-large_image_height=\"1075\"><img loading=\"lazy\" decoding=\"async\" class=\" wp-image-260903 alignleft\" src=\"https:\/\/www.radiopiu.net\/wordpress\/wp-content\/uploads\/2022\/02\/4ffa84fc-ccb7-48e4-93f7-340dbd232a9b-217x300.jpg\" alt=\"\" width=\"129\" height=\"178\" srcset=\"https:\/\/www.radiopiu.net\/wordpress\/wp-content\/uploads\/2022\/02\/4ffa84fc-ccb7-48e4-93f7-340dbd232a9b-217x300.jpg 217w, https:\/\/www.radiopiu.net\/wordpress\/wp-content\/uploads\/2022\/02\/4ffa84fc-ccb7-48e4-93f7-340dbd232a9b-741x1024.jpg 741w, https:\/\/www.radiopiu.net\/wordpress\/wp-content\/uploads\/2022\/02\/4ffa84fc-ccb7-48e4-93f7-340dbd232a9b-768x1061.jpg 768w, https:\/\/www.radiopiu.net\/wordpress\/wp-content\/uploads\/2022\/02\/4ffa84fc-ccb7-48e4-93f7-340dbd232a9b.jpg 778w\" sizes=\"auto, (max-width: 129px) 100vw, 129px\" \/><\/a>RITORNANO LE ATTIVITA&#8217; DEL CENTRO ESTIVO DI AGORDO<\/h3>\n<\/blockquote>\n<p><strong>AGORDO<\/strong> \u00c8 in programma per sabato un doppio appuntamento con gli amici del centro Estivo di Agordo. Al mattino dalle 9:30 alle 12:30 l&#8217;appuntamento \u00e8 per i bambini delle scuole elementari con i laboratori creativi a tema carnevale. Nel pomeriggio i ragazzi delle medie sono protagonisti di &#8220;A carnevale&#8230;ogni schermo vale?&#8221;. Ritrovo al Centro Parrocchiale di Agordo. Per info e prenotazioni Francesco al 340 3493530 o Gloria al 347 0034669.<\/p>\n<p><strong>GLORIA CASOT, ANIMATRICE DEL CENTRO ESTIVO<\/strong><\/p>\n<audio class=\"wp-audio-shortcode\" id=\"audio-260940-8\" preload=\"none\" style=\"width: 100%;\" controls=\"controls\"><source type=\"audio\/mpeg\" src=\"https:\/\/www.radiopiu.net\/wordpress\/wp-content\/uploads\/2022\/02\/GLORIA-CASOT-ANIMATRICE.mp3?_=8\" \/><a href=\"https:\/\/www.radiopiu.net\/wordpress\/wp-content\/uploads\/2022\/02\/GLORIA-CASOT-ANIMATRICE.mp3\">https:\/\/www.radiopiu.net\/wordpress\/wp-content\/uploads\/2022\/02\/GLORIA-CASOT-ANIMATRICE.mp3<\/a><\/audio>\n<p>&nbsp;<\/p><\/blockquote>\n<p>&nbsp;<\/p>\n<hr \/>\n<p>&nbsp;<\/p>\n<blockquote>\n<h3>SABATO 26 FEBBRAIO CARNEVALE A SOSPIROLO<\/h3>\n<\/blockquote>\n<p><strong>SOSPIROLO<\/strong>\u00a0 Sabato 26 febbraio al Centro civico di Sospirolo alle 15 con la \u00a0Proloco Monti del Sole e il \u00a0patrocinio del Comune di Sospirolo \u00a0tradizionale appuntamento con\u00a0 Carnevale dei bambini.\u00a0 * Spettacolo\u00a0\u00a0\u201cChe occhi Grandi che Hai! Manuale di corteggiamento per Lupi e affini\u201d\u00a0 \u00a0 con Cristina Gianni e Davide De Bona di Teatro Piteco.\u00a0 A seguire all&#8217;aperto la sfilata delle mascherine<\/p>\n<p>&nbsp;<\/p>\n<p>&nbsp;<\/p>\n<hr \/>\n<p>&nbsp;<\/p>\n<blockquote>\n<h3>CARNEVALE AL MUSEO VITTORINO CAZZETTA<\/h3>\n<\/blockquote>\n<p><strong>SELVA DI CADORE<\/strong> Al Museo Vittorino Cazzetta domenica 27 febbraio alle ore 17.00 \u00e8 previsto il laboratorio sul carnevale intitolato FILOSOFI A TESTA IN GIU&#8217;. Attivit\u00e0 compresa nel costo del biglietto d&#8217;ingresso del museo.<\/p>\n<p>&nbsp;<\/p>\n<p>&nbsp;<\/p>\n<hr \/>\n<p>&nbsp;<\/p>\n<blockquote>\n<h3>PATTINAGGIO APERTO AL PUBBLICO AD ALLEGHE<\/h3>\n<\/blockquote>\n<p><strong>ALLEGHE<\/strong> L&#8217;Alvise De Toni apre al pattinaggio libero. Oggi dalle 16:30 alle 18:30, venerd\u00ec dalle 21 alle 23, sabato dalle 16:30 alle 18:30 e domenica dalle 14:30 alle 16:30 e dalle 21 alle 23.<\/p>\n<p>&nbsp;<\/p>\n<p>&nbsp;<\/p>\n<p>&nbsp;<\/p>\n<hr \/>\n<p>&nbsp;<\/p>\n<p>&nbsp;<\/p>\n<blockquote class=\"wp-embedded-content\" data-secret=\"jPDdHtrhUE\"><p><a href=\"https:\/\/www.radiopiu.net\/wordpress\/mensileagoaa\/\">VENT&#8217;ANNI FA&#8230;. NICOLA SAVARIS E I RICORDI DEL TELEGRAFO<\/a><\/p><\/blockquote>\n<p><iframe loading=\"lazy\" class=\"wp-embedded-content\" sandbox=\"allow-scripts\" security=\"restricted\" style=\"position: absolute; clip: rect(1px, 1px, 1px, 1px);\" title=\"&#8220;VENT&#8217;ANNI FA&#8230;. NICOLA SAVARIS E I RICORDI DEL TELEGRAFO&#8221; &#8212; Radio Pi\u00f9\" src=\"https:\/\/www.radiopiu.net\/wordpress\/mensileagoaa\/embed\/#?secret=jPDdHtrhUE\" data-secret=\"jPDdHtrhUE\" width=\"600\" height=\"338\" frameborder=\"0\" marginwidth=\"0\" marginheight=\"0\" scrolling=\"no\"><\/iframe><\/p>\n<p>&nbsp;<\/p>\n<hr \/>\n<p>&nbsp;<\/p>\n<blockquote>\n<h3>GUGLIELMO MARCONI HA INVENTATO LA RADIO PER ASCOLTARE MIRKO DI RADIO PIU&#8217;<\/h3>\n<\/blockquote>\n<p><strong>REDAZIONE<\/strong> \u00c8 iniziata venerd\u00ec scorso la nuova stagione di &#8220;Fratelli di Crozza&#8221;, il programma che va in onda ogni venerd\u00ec sera sul NOVE del gruppo Discovery. Tra le tante imitazioni di Maurizio Crozza torna immancabilmente anche quella del governatore del Veneto Luca Zaia e di conseguenza viene chiamato in causa anche Mirko di Radio Pi\u00f9. Questa volta in apertura affermando che &#8220;Guglielmo Marconi ha inventato la radio per ascoltare Mirko di Radio Pi\u00f9&#8230;&#8221;<\/p>\n<p><strong>L&#8217;IMITAZIONE DI CROZZA-ZAIA<\/strong><\/p>\n<p><iframe loading=\"lazy\" title=\"Crozza Zaia: &quot;Per le Olimpiadi ho dovuto imparare il cinese. Sentite...&quot;\" width=\"1200\" height=\"675\" src=\"https:\/\/www.youtube.com\/embed\/-w1GBHiEeJM?feature=oembed\" frameborder=\"0\" allow=\"accelerometer; autoplay; clipboard-write; encrypted-media; gyroscope; picture-in-picture\" allowfullscreen><\/iframe><\/p>\n<p>&nbsp;<\/p>\n<hr \/>\n<p>&nbsp;<\/p>\n<h2><span style=\"color: #ff0000;\">IERI ALLA RADIO<\/span><\/h2>\n<blockquote>\n<h2>ALLO ZERO TERMICO: FONDAZIONE TEATRI DOLOMITI<\/h2>\n<\/blockquote>\n<blockquote><p><em><a class=\"dt-pswp-item\" href=\"https:\/\/www.radiopiu.net\/wordpress\/wp-content\/uploads\/2022\/02\/124441612_3563966310349639_7635874184275140871_n.jpg\" data-dt-img-description=\"\" data-large_image_width=\"1296\" data-large_image_height=\"1303\"><img loading=\"lazy\" decoding=\"async\" class=\"wp-image-261000 alignleft\" src=\"https:\/\/www.radiopiu.net\/wordpress\/wp-content\/uploads\/2022\/02\/124441612_3563966310349639_7635874184275140871_n-298x300.jpg\" alt=\"\" width=\"121\" height=\"122\" srcset=\"https:\/\/www.radiopiu.net\/wordpress\/wp-content\/uploads\/2022\/02\/124441612_3563966310349639_7635874184275140871_n-298x300.jpg 298w, https:\/\/www.radiopiu.net\/wordpress\/wp-content\/uploads\/2022\/02\/124441612_3563966310349639_7635874184275140871_n-1018x1024.jpg 1018w, https:\/\/www.radiopiu.net\/wordpress\/wp-content\/uploads\/2022\/02\/124441612_3563966310349639_7635874184275140871_n-150x150.jpg 150w, https:\/\/www.radiopiu.net\/wordpress\/wp-content\/uploads\/2022\/02\/124441612_3563966310349639_7635874184275140871_n-768x772.jpg 768w, https:\/\/www.radiopiu.net\/wordpress\/wp-content\/uploads\/2022\/02\/124441612_3563966310349639_7635874184275140871_n.jpg 1296w\" sizes=\"auto, (max-width: 121px) 100vw, 121px\" \/><\/a>ZERO TERMICO E\u2019 UN VIAGGIO ALLA SCOPERTA DEL NOSTRO TERRITORIO, DALLA VOCE DEI PROTAGONISTI. TURISMO, SPORT, EVENTI, CULTURA, INTRATTENIMENTO. DAL LUNEDI\u2019 AL VENERDI ALLE 15.10 ALLE 20.30. ZERO TERMICO. UN APPUNTAMENTO IN COLLABORAZIONE CON: SPORT 203. LA NATURALE PORTA D\u2019INGRESSO\u2026.VERSO LO ZERO TERMICO. LOCALITA\u2019 LE CAMPE STRADA AGORDO BELLUNO. ABBIGLIAMENTO E ATTREZZATURA\u2026.DEDICATI A CHI AMA LA MONTAGNA.<\/em><\/p><\/blockquote>\n<p><strong>di Claudio Fontanive<\/strong><\/p>\n<p><strong>PUNTATA 32, CON\u00a0 LA PRESIDENTE FONDAZIONE TEATRI DOLOMITI TIZIANA PAGANI CESA<\/strong><\/p>\n<audio class=\"wp-audio-shortcode\" id=\"audio-260940-9\" preload=\"none\" style=\"width: 100%;\" controls=\"controls\"><source type=\"audio\/mpeg\" src=\"https:\/\/www.radiopiu.net\/wordpress\/wp-content\/uploads\/2022\/02\/pagani-cesa-fondazione-teatri-22-febbraio.mp3?_=9\" \/><a href=\"https:\/\/www.radiopiu.net\/wordpress\/wp-content\/uploads\/2022\/02\/pagani-cesa-fondazione-teatri-22-febbraio.mp3\">https:\/\/www.radiopiu.net\/wordpress\/wp-content\/uploads\/2022\/02\/pagani-cesa-fondazione-teatri-22-febbraio.mp3<\/a><\/audio>\n<div class=\"kvgmc6g5 cxmmr5t8 oygrvhab hcukyx3x c1et5uql ii04i59q\">\n<div dir=\"auto\">Al Teatro Comunale di Belluno &#8220;Alice in wonderland&#8221; di Circus-Theatre Elysium!\u00a0 Alice, il Cappellaio Matto, il Coniglio, il Gatto del Cheshire, la Regina e tutti gli indimenticabili personaggi appariranno al pubblico con la magia del circo teatro grazie alla scenografia immersiva e a incredibili suggestioni in 3D. In questa versione della celebre storia di Alice, la ragazza si innamora del Principe Azzurro e, superando ostacoli inimmaginabili, riesce a coronare il suo sogno. <span class=\"pq6dq46d tbxw36s4 knj5qynh kvgmc6g5 ditlmg2l oygrvhab nvdbi5me sf5mxxl7 gl3lb2sf hhz5lgdu\"><img loading=\"lazy\" decoding=\"async\" src=\"https:\/\/static.xx.fbcdn.net\/images\/emoji.php\/v9\/ted\/1\/16\/1f4ab.png\" alt=\"&#x1f4ab;\" width=\"16\" height=\"16\" \/> Venerd\u00ec 25 febbraio ore 21.00 <\/span>Teatro Comunale di Belluno (BL)<\/div>\n<\/div>\n<p>&nbsp;<\/p>\n<p>&nbsp;<\/p>\n<hr \/>\n<p>&nbsp;<\/p>\n<p><strong>TUTTI I LUNEDI ALLE 10,30 E 1900, LA DOMENICA ALLE 8 007 IN CONDOTTA, LA SCUOLA CON LA PROF. MARIA ROSA SALMAZO E CLAUDIO FONTANIVE, IN PODCAST TUTTE LE PUNTATE DELLE ULTIME STAGIONI.<\/strong><\/p>\n<p>&nbsp;<\/p>\n<blockquote class=\"wp-embedded-content\" data-secret=\"8a9QqOwUry\"><p><a href=\"https:\/\/www.radiopiu.net\/wordpress\/007incondotta-9\/\">007 in condotta<\/a><\/p><\/blockquote>\n<p><iframe loading=\"lazy\" class=\"wp-embedded-content\" sandbox=\"allow-scripts\" security=\"restricted\" style=\"position: absolute; clip: rect(1px, 1px, 1px, 1px);\" title=\"&#8220;007 in condotta&#8221; &#8212; Radio Pi\u00f9\" src=\"https:\/\/www.radiopiu.net\/wordpress\/007incondotta-9\/embed\/#?secret=8a9QqOwUry\" data-secret=\"8a9QqOwUry\" width=\"600\" height=\"338\" frameborder=\"0\" marginwidth=\"0\" marginheight=\"0\" scrolling=\"no\"><\/iframe><\/p>\n<p>&nbsp;<\/p>\n<hr \/>\n<p>&nbsp;<\/p>\n<p>&nbsp;<\/p>\n<p>https:\/\/www.radiopiu.net\/wordpress\/raccoltaso1\/<\/p>\n<p>&nbsp;<\/p>\n<hr \/>\n<p>&nbsp;<\/p>\n<div>\n<div class=\"b654a4as d2edcug0\">\n<div class=\"rq0escxv hkbzh7o3 jwdofwj8 n8tt0mok r8blr3vg hyh9befq\">\n<p><a class=\"dt-pswp-item\" href=\"https:\/\/www.radiopiu.net\/wordpress\/wp-content\/uploads\/2020\/10\/pp.jpg\" data-dt-img-description=\"\" data-large_image_width=\"640\" data-large_image_height=\"640\"><img loading=\"lazy\" decoding=\"async\" class=\"wp-image-163678 alignleft\" src=\"https:\/\/www.radiopiu.net\/wordpress\/wp-content\/uploads\/2020\/10\/pp-300x300.jpg\" alt=\"\" width=\"106\" height=\"106\" srcset=\"https:\/\/www.radiopiu.net\/wordpress\/wp-content\/uploads\/2020\/10\/pp-300x300.jpg 300w, https:\/\/www.radiopiu.net\/wordpress\/wp-content\/uploads\/2020\/10\/pp-150x150.jpg 150w, https:\/\/www.radiopiu.net\/wordpress\/wp-content\/uploads\/2020\/10\/pp-125x125.jpg 125w, https:\/\/www.radiopiu.net\/wordpress\/wp-content\/uploads\/2020\/10\/pp-200x200.jpg 200w, https:\/\/www.radiopiu.net\/wordpress\/wp-content\/uploads\/2020\/10\/pp-80x80.jpg 80w, https:\/\/www.radiopiu.net\/wordpress\/wp-content\/uploads\/2020\/10\/pp-480x480.jpg 480w, https:\/\/www.radiopiu.net\/wordpress\/wp-content\/uploads\/2020\/10\/pp.jpg 640w\" sizes=\"auto, (max-width: 106px) 100vw, 106px\" \/><\/a><\/p>\n<\/div>\n<\/div>\n<\/div>\n<div>\n<div class=\"page-title-head hgroup\">\n<div class=\"page-title-head hgroup\">\n<div class=\"b654a4as d2edcug0\">\n<div class=\"j83agx80 btwxx1t3 lhclo0ds hop8lmos nkwizq5d scwd0bx6 roh60bw9\">\n<div class=\"rq0escxv hkbzh7o3 jwdofwj8 n8tt0mok r8blr3vg hyh9befq\">\n<div class=\"do00u71z l9j0dhe7 k4urcfbm\">\n<h2><span style=\"color: #000080;\">\u00a0<\/span><span style=\"color: #000080;\">DON CESARE, IL PENSIERO DEL GIORNO. ALLA RADIO ALLE 7 DEL MATTINO E ALLE 19.30 DELLA SERA.<\/span><\/h2>\n<\/div>\n<div class=\"do00u71z l9j0dhe7 k4urcfbm\">\n<audio class=\"wp-audio-shortcode\" id=\"audio-260940-10\" preload=\"none\" style=\"width: 100%;\" controls=\"controls\"><source type=\"audio\/mpeg\" src=\"https:\/\/www.radiopiu.net\/wordpress\/wp-content\/uploads\/2022\/02\/cesare-11.mp3?_=10\" \/><a href=\"https:\/\/www.radiopiu.net\/wordpress\/wp-content\/uploads\/2022\/02\/cesare-11.mp3\">https:\/\/www.radiopiu.net\/wordpress\/wp-content\/uploads\/2022\/02\/cesare-11.mp3<\/a><\/audio>\n<p>&nbsp;<\/p>\n<hr \/>\n<p>&nbsp;<\/p>\n<h3 class=\"kvgmc6g5 cxmmr5t8 oygrvhab hcukyx3x c1et5uql\"><span style=\"color: #0000ff;\"><strong>INFORMAZIONE il canale su TELEGRAM informazione di prima mano e in tempo reale. iscriviti ed aiutaci a farlo conoscere\u00a0\u00a0<\/strong><\/span><\/h3>\n<p>&nbsp;<\/p>\n<p>&nbsp;<\/p>\n<hr \/>\n<p>&nbsp;<\/p>\n<div class=\"do00u71z l9j0dhe7 k4urcfbm\">\n<div>\n<div class=\"page-title-head hgroup\">\n<div class=\"page-title-head hgroup\">\n<div class=\"b654a4as d2edcug0\">\n<div class=\"j83agx80 btwxx1t3 lhclo0ds hop8lmos nkwizq5d scwd0bx6 roh60bw9\">\n<div class=\"rq0escxv hkbzh7o3 jwdofwj8 n8tt0mok r8blr3vg hyh9befq\">\n<div class=\"do00u71z l9j0dhe7 k4urcfbm\">\n<div class=\"page-title-head hgroup\">\n<div class=\"page-title-head hgroup\">\n<div class=\"b654a4as d2edcug0\">\n<div class=\"j83agx80 btwxx1t3 lhclo0ds hop8lmos nkwizq5d scwd0bx6 roh60bw9\">\n<div class=\"rq0escxv hkbzh7o3 jwdofwj8 n8tt0mok r8blr3vg hyh9befq\">\n<div class=\"do00u71z l9j0dhe7 k4urcfbm\">\n<div class=\"ecm0bbzt e5nlhep0 a8c37x1j\">\n<div class=\"kvgmc6g5 cxmmr5t8 oygrvhab hcukyx3x c1et5uql\">\n<div class=\"gmail-kvgmc6g5 gmail-cxmmr5t8 gmail-oygrvhab gmail-hcukyx3x gmail-c1et5uql gmail-ii04i59q\">\n<div class=\"page-title-head hgroup\">\n<div class=\"page-title-head hgroup\">\n<div class=\"b654a4as d2edcug0\">\n<div class=\"j83agx80 btwxx1t3 lhclo0ds hop8lmos nkwizq5d scwd0bx6 roh60bw9\">\n<div class=\"rq0escxv hkbzh7o3 jwdofwj8 n8tt0mok r8blr3vg hyh9befq\">\n<div class=\"do00u71z l9j0dhe7 k4urcfbm\">\n<div class=\"page-title-head hgroup\">\n<div class=\"page-title-head hgroup\">\n<div class=\"b654a4as d2edcug0\">\n<div class=\"j83agx80 btwxx1t3 lhclo0ds hop8lmos nkwizq5d scwd0bx6 roh60bw9\">\n<div class=\"rq0escxv hkbzh7o3 jwdofwj8 n8tt0mok r8blr3vg hyh9befq\">\n<div class=\"do00u71z l9j0dhe7 k4urcfbm\">\n<div>\n<div class=\"page-title-head hgroup\">\n<div class=\"page-title-head hgroup\">\n<div class=\"b654a4as d2edcug0\">\n<div class=\"j83agx80 btwxx1t3 lhclo0ds hop8lmos nkwizq5d scwd0bx6 roh60bw9\">\n<div class=\"rq0escxv hkbzh7o3 jwdofwj8 n8tt0mok r8blr3vg hyh9befq\">\n<div class=\"do00u71z l9j0dhe7 k4urcfbm\">\n<div class=\"ecm0bbzt e5nlhep0 a8c37x1j\">\n<div class=\"kvgmc6g5 cxmmr5t8 oygrvhab hcukyx3x c1et5uql\">\n<div class=\"gmail-kvgmc6g5 gmail-cxmmr5t8 gmail-oygrvhab gmail-hcukyx3x gmail-c1et5uql gmail-ii04i59q\">\n<div class=\"page-title-head hgroup\">\n<div class=\"page-title-head hgroup\">\n<div class=\"b654a4as d2edcug0\">\n<div class=\"j83agx80 btwxx1t3 lhclo0ds hop8lmos nkwizq5d scwd0bx6 roh60bw9\">\n<div class=\"rq0escxv hkbzh7o3 jwdofwj8 n8tt0mok r8blr3vg hyh9befq\">\n<div class=\"do00u71z l9j0dhe7 k4urcfbm\">\n<blockquote>\n<h3><span style=\"color: #ff0000;\">IN VIVO VERSO, SETTIMA STAGIONE CON BRUNELLA MORO, DAL LUNEDI AL VENERDI ALLE 7.10, 10.10 E 18.50\u00a0\u00a0<\/span><\/h3>\n<h3>TU PER ME di FRANCO CALLEGARO<\/h3>\n<p>AUDIO<\/p>\n<audio class=\"wp-audio-shortcode\" id=\"audio-260940-11\" preload=\"none\" style=\"width: 100%;\" controls=\"controls\"><source type=\"audio\/mpeg\" src=\"https:\/\/www.radiopiu.net\/wordpress\/wp-content\/uploads\/2022\/02\/2-FRANCO-CALLEGARO-TU-PER-ME.mp3?_=11\" \/><a href=\"https:\/\/www.radiopiu.net\/wordpress\/wp-content\/uploads\/2022\/02\/2-FRANCO-CALLEGARO-TU-PER-ME.mp3\">https:\/\/www.radiopiu.net\/wordpress\/wp-content\/uploads\/2022\/02\/2-FRANCO-CALLEGARO-TU-PER-ME.mp3<\/a><\/audio>\n<p>&nbsp;<\/p>\n<p><strong><img loading=\"lazy\" decoding=\"async\" class=\"alignleft\" src=\"https:\/\/www.radiopiu.net\/wordpress\/wp-content\/uploads\/2022\/02\/2-FOTO-FRANCO-CALLEGARO.jpg\" width=\"137\" height=\"206\" \/>TU PER ME<\/strong><br \/>\nTu, per me,<br \/>\nsei la rugiada<br \/>\nche ristora l\u2019erbe e i fiori,<br \/>\nsei il rifugio che mi accoglie,<br \/>\nquando gridano i dolori.<br \/>\nTu, per me,<br \/>\nhai lo splendore<br \/>\ndella luce dell\u2019aurora,<br \/>\nsei lo sguardo che accarezza,<br \/>\nsei la brezza che mi sfiora.<br \/>\nTu, per me,<br \/>\nsei la tenacia,<br \/>\nsei l\u2019orgoglio e la passione,<br \/>\nsei la luce sempre accesa,<br \/>\nsei il cuore e la ragione.<br \/>\nTu, per me,<br \/>\nsei la pazienza,<br \/>\nla saggezza tollerante,<br \/>\nsei gentile e generosa,<br \/>\nla mia sposa e la mia amante.<br \/>\nEcco, adesso tu lo sai<br \/>\nquel che penso che tu sia,<br \/>\nma bastava ti dicessi\u2026<br \/>\nche tu sei la mia poesia.<\/p><\/blockquote>\n<p><strong>LA RACCOLTA COMPLETA\u00a0 \u00a0\u00a0<\/strong><\/p>\n<blockquote class=\"wp-embedded-content\" data-secret=\"kDDZmc1aOS\"><p><a href=\"https:\/\/www.radiopiu.net\/wordpress\/in-vivo-verso\/\">In Vivo Verso<\/a><\/p><\/blockquote>\n<p><iframe loading=\"lazy\" class=\"wp-embedded-content\" sandbox=\"allow-scripts\" security=\"restricted\" style=\"position: absolute; clip: rect(1px, 1px, 1px, 1px);\" title=\"&#8220;In Vivo Verso&#8221; &#8212; Radio Pi\u00f9\" src=\"https:\/\/www.radiopiu.net\/wordpress\/in-vivo-verso\/embed\/#?secret=kDDZmc1aOS\" data-secret=\"kDDZmc1aOS\" width=\"600\" height=\"338\" frameborder=\"0\" marginwidth=\"0\" marginheight=\"0\" scrolling=\"no\"><\/iframe><\/p>\n<p>&nbsp;<\/p>\n<hr \/>\n<p>&nbsp;<\/p>\n<h2><span style=\"color: #808000;\">GOCCE DI FILOSOFIA<\/span><\/h2>\n<p><strong>PUNTATA 142<\/strong><\/p>\n<audio class=\"wp-audio-shortcode\" id=\"audio-260940-12\" preload=\"none\" style=\"width: 100%;\" controls=\"controls\"><source type=\"audio\/mpeg\" src=\"https:\/\/www.radiopiu.net\/wordpress\/wp-content\/uploads\/2022\/02\/FI2-2.mp3?_=12\" \/><a href=\"https:\/\/www.radiopiu.net\/wordpress\/wp-content\/uploads\/2022\/02\/FI2-2.mp3\">https:\/\/www.radiopiu.net\/wordpress\/wp-content\/uploads\/2022\/02\/FI2-2.mp3<\/a><\/audio>\n<p>&nbsp;<\/p>\n<p><strong>LA RACCOLTA COMPLETA<\/strong><\/p>\n<blockquote class=\"wp-embedded-content\" data-secret=\"ZGKRlT0Ca3\"><p><a href=\"https:\/\/www.radiopiu.net\/wordpress\/gocce-filosofia\/\">Gocce di filosofia, PRIMA E SECONDA STAGIONE 2022<\/a><\/p><\/blockquote>\n<p><iframe loading=\"lazy\" class=\"wp-embedded-content\" sandbox=\"allow-scripts\" security=\"restricted\" style=\"position: absolute; clip: rect(1px, 1px, 1px, 1px);\" title=\"&#8220;Gocce di filosofia, PRIMA E SECONDA STAGIONE 2022&#8221; &#8212; Radio Pi\u00f9\" src=\"https:\/\/www.radiopiu.net\/wordpress\/gocce-filosofia\/embed\/#?secret=ZGKRlT0Ca3\" data-secret=\"ZGKRlT0Ca3\" width=\"600\" height=\"338\" frameborder=\"0\" marginwidth=\"0\" marginheight=\"0\" scrolling=\"no\"><\/iframe><\/p>\n<p>&nbsp;<\/p>\n<hr \/>\n<p>&nbsp;<\/p>\n<p><span style=\"color: #0000ff;\">MUSICA PIU&#8217;\u00a0<\/span><\/p>\n<p><a href=\"https:\/\/www.radiopiu.net\/wordpress\/giornale-radiopiu-20-settembre-2021-direttore-mirko-mezzacasa\/pp-79\/\" rel=\"attachment wp-att-232921\"><img loading=\"lazy\" decoding=\"async\" class=\"wp-image-232921 alignleft\" src=\"https:\/\/www.radiopiu.net\/wordpress\/wp-content\/uploads\/2021\/09\/pp-1-300x300.jpg\" alt=\"\" width=\"135\" height=\"135\" srcset=\"https:\/\/www.radiopiu.net\/wordpress\/wp-content\/uploads\/2021\/09\/pp-1-300x300.jpg 300w, https:\/\/www.radiopiu.net\/wordpress\/wp-content\/uploads\/2021\/09\/pp-1-150x150.jpg 150w, https:\/\/www.radiopiu.net\/wordpress\/wp-content\/uploads\/2021\/09\/pp-1.jpg 640w\" sizes=\"auto, (max-width: 135px) 100vw, 135px\" \/><\/a><\/p>\n<div class=\"mkdf-post-text\">\n<div class=\"mkdf-post-text-inner\">\n<div class=\"mkdf-post-text-main\">\n<div class=\"mkdf-post-text\">\n<div class=\"mkdf-post-text-inner\">\n<div class=\"mkdf-post-text-main\">\n<div class=\"mkdf-post-text\">\n<div class=\"mkdf-post-text-inner\">\n<div class=\"mkdf-post-text-main\">\n<div class=\"page-title-head hgroup\">\n<div class=\"page-title-head hgroup\">\n<div class=\"mkdf-post-text\">\n<div class=\"mkdf-post-text-inner\">\n<div class=\"mkdf-post-text-main\">\n<div class=\"mkdf-post-text\">\n<div class=\"mkdf-post-text-inner\">\n<div class=\"mkdf-post-text-main\">\n<div class=\"page-title-head hgroup\">\n<div class=\"page-title-head hgroup\">\n<div class=\"page-title-head hgroup\">\n<div class=\"page-title-head hgroup\">\n<div class=\"b654a4as d2edcug0\">\n<div class=\"page-title-head hgroup\">\n<div class=\"page-title-head hgroup\">\n<div class=\"page-title-head hgroup\">\n<div class=\"page-title-head hgroup\">\n<div class=\"b654a4as d2edcug0\">\n<div class=\"page-title-head hgroup\">\n<div class=\"page-title-head hgroup\">\n<div class=\"page-title-head hgroup\">\n<div class=\"page-title-head hgroup\">\n<div class=\"b654a4as d2edcug0\">\n<div class=\"mkdf-post-text\">\n<div class=\"mkdf-post-text-inner\">\n<div class=\"mkdf-post-text-main\">\n<div class=\"mkdf-post-text\">\n<div class=\"mkdf-post-text-inner\">\n<div class=\"mkdf-post-text-main\">\n<div class=\"mkdf-post-text\">\n<div class=\"mkdf-post-text-inner\">\n<div class=\"mkdf-post-text-main\">\n<div class=\"page-title-head hgroup\">\n<div class=\"page-title-head hgroup\">\n<div class=\"mkdf-post-text\">\n<div class=\"mkdf-post-text-inner\">\n<div class=\"mkdf-post-text-main\">\n<div class=\"mkdf-post-text\">\n<div class=\"mkdf-post-text-inner\">\n<div class=\"mkdf-post-text-main\">\n<div class=\"page-title-head hgroup\">\n<div class=\"page-title-head hgroup\">\n<div class=\"page-title-head hgroup\">\n<div class=\"page-title-head hgroup\">\n<div class=\"b654a4as d2edcug0\">\n<div class=\"page-title-head hgroup\">\n<div class=\"page-title-head hgroup\">\n<div class=\"page-title-head hgroup\">\n<div class=\"page-title-head hgroup\">\n<div class=\"b654a4as d2edcug0\">\n<div class=\"page-title-head hgroup\">\n<div class=\"page-title-head hgroup\">\n<div class=\"page-title-head hgroup\">\n<div class=\"page-title-head hgroup\">\n<div class=\"b654a4as d2edcug0\">\n<div><\/div>\n<div><\/div>\n<div>\n<p><strong>MUSICA ALLA RADIO, IL PROGRAMMA DI LORIS SCUSSEL &#8220;COLLAGE OPERAZIONE NOSTALGIA&#8221; DAL LUNEDI AL VENERDI ALLE 16.00\u00a0 E ALLE 23\u00a0<\/strong><\/p>\n<\/div>\n<p><strong>PUNTATA 547 DEL 22 FEBBRAIO 2022<\/strong><\/p>\n<audio class=\"wp-audio-shortcode\" id=\"audio-260940-13\" preload=\"none\" style=\"width: 100%;\" controls=\"controls\"><source type=\"audio\/mpeg\" src=\"https:\/\/www.radiopiu.net\/wordpress\/wp-content\/uploads\/2022\/02\/Collage-547.mp3?_=13\" \/><a href=\"https:\/\/www.radiopiu.net\/wordpress\/wp-content\/uploads\/2022\/02\/Collage-547.mp3\">https:\/\/www.radiopiu.net\/wordpress\/wp-content\/uploads\/2022\/02\/Collage-547.mp3<\/a><\/audio>\n<p>&nbsp;<\/p>\n<\/div>\n<\/div>\n<\/div>\n<\/div>\n<\/div>\n<\/div>\n<\/div>\n<\/div>\n<\/div>\n<\/div>\n<\/div>\n<\/div>\n<\/div>\n<\/div>\n<\/div>\n<\/div>\n<\/div>\n<\/div>\n<\/div>\n<\/div>\n<\/div>\n<\/div>\n<\/div>\n<\/div>\n<\/div>\n<\/div>\n<\/div>\n<\/div>\n<\/div>\n<\/div>\n<\/div>\n<\/div>\n<\/div>\n<\/div>\n<\/div>\n<\/div>\n<\/div>\n<\/div>\n<\/div>\n<\/div>\n<\/div>\n<\/div>\n<\/div>\n<\/div>\n<\/div>\n<\/div>\n<\/div>\n<\/div>\n<\/div>\n<\/div>\n<\/div>\n<\/div>\n<\/div>\n<\/div>\n<\/div>\n<\/div>\n<\/div>\n<\/div>\n<\/div>\n<\/div>\n<\/div>\n<\/div>\n<\/div>\n<\/div>\n<div class=\"mkdf-post-text\">\n<div class=\"mkdf-post-text-inner\">\n<div class=\"mkdf-post-text-main\">\n<div class=\"mkdf-post-text\">\n<div class=\"mkdf-post-text-inner\">\n<div class=\"mkdf-post-text-main\">\n<div class=\"mkdf-post-text\">\n<div class=\"mkdf-post-text-inner\">\n<div class=\"mkdf-post-text-main\">\n<div class=\"page-title-head hgroup\">\n<div class=\"page-title-head hgroup\">\n<div class=\"mkdf-post-text\">\n<div class=\"mkdf-post-text-inner\">\n<div class=\"mkdf-post-text-main\">\n<div class=\"mkdf-post-text\">\n<div class=\"mkdf-post-text-inner\">\n<div class=\"mkdf-post-text-main\">\n<div class=\"page-title-head hgroup\">\n<div class=\"page-title-head hgroup\">\n<div class=\"page-title-head hgroup\">\n<div class=\"page-title-head hgroup\">\n<div class=\"b654a4as d2edcug0\">\n<div class=\"page-title-head hgroup\">\n<div class=\"page-title-head hgroup\">\n<div class=\"page-title-head hgroup\">\n<div class=\"page-title-head hgroup\">\n<div class=\"b654a4as d2edcug0\">\n<div class=\"page-title-head hgroup\">\n<div class=\"page-title-head hgroup\">\n<div class=\"page-title-head hgroup\">\n<div class=\"page-title-head hgroup\">\n<div class=\"b654a4as d2edcug0\">\n<div class=\"mkdf-post-text\">\n<div class=\"mkdf-post-text-inner\">\n<div class=\"mkdf-post-text-main\">\n<div class=\"mkdf-post-text\">\n<div class=\"mkdf-post-text-inner\">\n<div class=\"mkdf-post-text-main\">\n<div class=\"mkdf-post-text\">\n<div class=\"mkdf-post-text-inner\">\n<div class=\"mkdf-post-text-main\">\n<div class=\"page-title-head hgroup\">\n<div class=\"page-title-head hgroup\">\n<div class=\"mkdf-post-text\">\n<div class=\"mkdf-post-text-inner\">\n<div class=\"mkdf-post-text-main\">\n<div class=\"mkdf-post-text\">\n<div class=\"mkdf-post-text-inner\">\n<div class=\"mkdf-post-text-main\">\n<div class=\"page-title-head hgroup\">\n<div class=\"page-title-head hgroup\">\n<div class=\"page-title-head hgroup\">\n<div class=\"page-title-head hgroup\">\n<div class=\"b654a4as d2edcug0\">\n<div class=\"page-title-head hgroup\">\n<div class=\"page-title-head hgroup\">\n<div class=\"page-title-head hgroup\">\n<div class=\"page-title-head hgroup\">\n<div class=\"b654a4as d2edcug0\">\n<div class=\"page-title-head hgroup\">\n<div class=\"page-title-head hgroup\">\n<div class=\"page-title-head hgroup\">\n<div class=\"page-title-head hgroup\">\n<div class=\"b654a4as d2edcug0\">\n<p><strong><a class=\"dt-pswp-item\" href=\"https:\/\/www.radiopiu.net\/wordpress\/wp-content\/uploads\/2022\/02\/Eric-Clapton.jpg\" data-dt-img-description=\"\" data-large_image_width=\"225\" data-large_image_height=\"225\"><img loading=\"lazy\" decoding=\"async\" class=\" wp-image-260595 alignleft\" src=\"https:\/\/www.radiopiu.net\/wordpress\/wp-content\/uploads\/2022\/02\/Eric-Clapton.jpg\" alt=\"\" width=\"150\" height=\"150\" srcset=\"https:\/\/www.radiopiu.net\/wordpress\/wp-content\/uploads\/2022\/02\/Eric-Clapton.jpg 225w, https:\/\/www.radiopiu.net\/wordpress\/wp-content\/uploads\/2022\/02\/Eric-Clapton-150x150.jpg 150w\" sizes=\"auto, (max-width: 150px) 100vw, 150px\" \/><\/a>di Loris Scussel<\/strong><\/p>\n<p>Luned\u00ec e gioved\u00ec Collage proporr\u00e0 brani di musica italiana, marted\u00ec puntata dedicata all\u2019Hard Rock dalle cui basi ha avuto origine il genere Metal, per intenderci quello degli AC\/DC che secondo Crozza\/Zaia sono stati scoperti da Mirko di Radio Pi\u00f9. Mercoled\u00ec assaggeremo un minestrone di generi diversi tra loro con una cantante israeliana che canter\u00e0 un classico della canzone napoletana poi musica brasiliana, chitarre e cos\u00ec via. Venerd\u00ec per chiudere in bellezza daremo spazio ad alcuni successi della musica internazionale. Il programma andr\u00e0 in onda dal luned\u00ec al venerd\u00ec alle 16,00 e alle 23,00.<\/p>\n<p>&nbsp;<\/p>\n<p>&nbsp;<\/p>\n<\/div>\n<\/div>\n<\/div>\n<\/div>\n<\/div>\n<\/div>\n<\/div>\n<\/div>\n<\/div>\n<\/div>\n<\/div>\n<\/div>\n<\/div>\n<\/div>\n<\/div>\n<\/div>\n<\/div>\n<\/div>\n<\/div>\n<\/div>\n<\/div>\n<\/div>\n<\/div>\n<\/div>\n<\/div>\n<\/div>\n<\/div>\n<\/div>\n<\/div>\n<\/div>\n<\/div>\n<\/div>\n<\/div>\n<\/div>\n<\/div>\n<\/div>\n<\/div>\n<\/div>\n<\/div>\n<\/div>\n<\/div>\n<\/div>\n<\/div>\n<\/div>\n<\/div>\n<\/div>\n<\/div>\n<\/div>\n<\/div>\n<\/div>\n<\/div>\n<\/div>\n<\/div>\n<\/div>\n<\/div>\n<\/div>\n<\/div>\n<\/div>\n<\/div>\n<\/div>\n<\/div>\n<\/div>\n<\/div>\n<\/div>\n<hr \/>\n<p>&nbsp;<\/p>\n<p>&nbsp;<\/p>\n<p>&nbsp;<\/p>\n<p>https:\/\/www.radiopiu.net\/wordpress\/freemix-la-liberta-musicale-mixata-da-dj-athos-e-raccontata-da-dj-jack\/<\/p>\n<p>&nbsp;<\/p>\n<blockquote class=\"wp-embedded-content\" data-secret=\"hn5ISLhUF1\"><p><a href=\"https:\/\/www.radiopiu.net\/wordpress\/da-ieri-alla-radio-in-palinsesto-loris-e-maurizio-con-la-grande-musica\/\">IL BLUES ALLA RADIO &#8230; COME NON L&#8217;AVETE MAI SENTITO PRIMA<\/a><\/p><\/blockquote>\n<p><iframe loading=\"lazy\" class=\"wp-embedded-content\" sandbox=\"allow-scripts\" security=\"restricted\" style=\"position: absolute; clip: rect(1px, 1px, 1px, 1px);\" title=\"&#8220;IL BLUES ALLA RADIO &#8230; COME NON L&#8217;AVETE MAI SENTITO PRIMA&#8221; &#8212; Radio Pi\u00f9\" src=\"https:\/\/www.radiopiu.net\/wordpress\/da-ieri-alla-radio-in-palinsesto-loris-e-maurizio-con-la-grande-musica\/embed\/#?secret=hn5ISLhUF1\" data-secret=\"hn5ISLhUF1\" width=\"600\" height=\"338\" frameborder=\"0\" marginwidth=\"0\" marginheight=\"0\" scrolling=\"no\"><\/iframe><\/p>\n<p>&nbsp;<\/p>\n<hr \/>\n<p>&nbsp;<\/p>\n<blockquote>\n<h3><span style=\"color: #0000ff;\">INFORMAZIONE il canale su TELEGRAM informazione di prima mano e in tempo reale. iscriviti ed aiutaci a farlo conoscere\u00a0\u00a0<\/span><\/h3>\n<\/blockquote>\n<div>\n<div class=\"page-title-head hgroup\">\n<div class=\"page-title-head hgroup\">\n<div class=\"page-title-head hgroup\">\n<div class=\"page-title-head hgroup\">\n<div class=\"b654a4as d2edcug0\">\n<div class=\"page-title-head hgroup\">\n<div class=\"page-title-head hgroup\">\n<div class=\"page-title-head hgroup\">\n<div class=\"page-title-head hgroup\">\n<div class=\"b654a4as d2edcug0\">\n<div class=\"page-title-head hgroup\">\n<div class=\"page-title-head hgroup\">\n<div class=\"page-title-head hgroup\">\n<div class=\"page-title-head hgroup\">\n<div class=\"page-title-head hgroup\">\n<div class=\"page-title-head hgroup\">\n<div class=\"page-title-head hgroup\">\n<div class=\"page-title-head hgroup\">\n<div class=\"page-title-head hgroup\">\n<div class=\"b654a4as d2edcug0\">\n<div class=\"page-title-head hgroup\">\n<div class=\"page-title-head hgroup\">\n<div class=\"page-title-head hgroup\">\n<div class=\"page-title-head hgroup\">\n<div class=\"b654a4as d2edcug0\">\n<div>\n<p>&nbsp;<\/p>\n<\/div>\n<div>\n<div class=\"page-title-head hgroup\">\n<div class=\"page-title-head hgroup\">\n<div class=\"page-title-head hgroup\">\n<div class=\"page-title-head hgroup\">\n<div class=\"page-title-head hgroup\">\n<div class=\"b654a4as d2edcug0\">\n<div>\n<hr \/>\n<\/div>\n<\/div>\n<div>\n<div>\n<p>&nbsp;<\/p>\n<\/div>\n<div>\n<div>\n<p>&nbsp;<\/p>\n<\/div>\n<div>\n<div>\n<p><strong>DUE MINUTI UN LIBRO, TUTTI I GIORNI ALLA RADIO ALLE 9.40 E ALLE 17.50\u00a0<\/strong><\/p>\n<div>\n<div>\n<p><strong>LA RACCOLTA COMPLETA\u00a0\u00a0<\/strong><\/p>\n<\/div>\n<div>\n<blockquote class=\"wp-embedded-content\" data-secret=\"0Rws85Mg09\"><p><a href=\"https:\/\/www.radiopiu.net\/wordpress\/due-minuti-un-libro\/\">Due minuti un libro<\/a><\/p><\/blockquote>\n<p><iframe loading=\"lazy\" class=\"wp-embedded-content\" sandbox=\"allow-scripts\" security=\"restricted\" style=\"position: absolute; clip: rect(1px, 1px, 1px, 1px);\" title=\"&#8220;Due minuti un libro&#8221; &#8212; Radio Pi\u00f9\" src=\"https:\/\/www.radiopiu.net\/wordpress\/due-minuti-un-libro\/embed\/#?secret=0Rws85Mg09\" data-secret=\"0Rws85Mg09\" width=\"600\" height=\"338\" frameborder=\"0\" marginwidth=\"0\" marginheight=\"0\" scrolling=\"no\"><\/iframe><\/p>\n<\/div>\n<\/div>\n<\/div>\n<div class=\"mkdf-post-text\">\n<div class=\"mkdf-post-text-inner\">\n<div class=\"mkdf-post-text-main\">\n<div class=\"mkdf-post-text\">\n<div class=\"mkdf-post-text-inner\">\n<div class=\"mkdf-post-text-main\">\n<div class=\"mkdf-post-text\">\n<div class=\"mkdf-post-text-inner\">\n<div class=\"mkdf-post-text-main\">\n<div class=\"page-title-head hgroup\">\n<div class=\"page-title-head hgroup\">\n<div class=\"mkdf-post-text\">\n<div class=\"mkdf-post-text-inner\">\n<div class=\"mkdf-post-text-main\">\n<div class=\"mkdf-post-text\">\n<div class=\"mkdf-post-text-inner\">\n<div class=\"mkdf-post-text-main\">\n<div class=\"page-title-head hgroup\">\n<div class=\"page-title-head hgroup\">\n<div class=\"page-title-head hgroup\">\n<div class=\"page-title-head hgroup\">\n<div class=\"b654a4as d2edcug0\">\n<div class=\"page-title-head hgroup\">\n<div class=\"page-title-head hgroup\">\n<div class=\"page-title-head hgroup\">\n<div class=\"page-title-head hgroup\">\n<div class=\"b654a4as d2edcug0\">\n<div class=\"page-title-head hgroup\">\n<div class=\"page-title-head hgroup\">\n<div class=\"page-title-head hgroup\">\n<div class=\"page-title-head hgroup\">\n<div class=\"b654a4as d2edcug0\">\n<div>\n<p>&nbsp;<\/p>\n<\/div>\n<div>\n<hr \/>\n<p>&nbsp;<\/p>\n<\/div>\n<h2><span style=\"color: #808000;\">L&#8217;ALMANACCO LADINO\u00a0\u00a0<\/span><\/h2>\n<p><strong>LA RACCOLTA<\/strong><\/p>\n<blockquote class=\"wp-embedded-content\" data-secret=\"tavAFBaaXE\"><p><a href=\"https:\/\/www.radiopiu.net\/wordpress\/almanacco-ladino\/\">Almanacco Ladino<\/a><\/p><\/blockquote>\n<p><iframe loading=\"lazy\" class=\"wp-embedded-content\" sandbox=\"allow-scripts\" security=\"restricted\" style=\"position: absolute; clip: rect(1px, 1px, 1px, 1px);\" title=\"&#8220;Almanacco Ladino&#8221; &#8212; Radio Pi\u00f9\" src=\"https:\/\/www.radiopiu.net\/wordpress\/almanacco-ladino\/embed\/#?secret=tavAFBaaXE\" data-secret=\"tavAFBaaXE\" width=\"600\" height=\"338\" frameborder=\"0\" marginwidth=\"0\" marginheight=\"0\" scrolling=\"no\"><\/iframe><\/p>\n<p>&nbsp;<\/p>\n<hr \/>\n<p>&nbsp;<\/p>\n<h2><span style=\"color: #33cccc;\">LA RASSEGNA STAMPA DA L&#8217;AMICO DEL POPOLO<\/span><\/h2>\n<p><strong><a class=\"dt-pswp-item\" href=\"https:\/\/www.radiopiu.net\/wordpress\/wp-content\/uploads\/2019\/07\/falvio_colcergnan.jpg\" data-dt-img-description=\"\" data-large_image_width=\"1400\" data-large_image_height=\"788\"><img loading=\"lazy\" decoding=\"async\" class=\"size-medium wp-image-92770 alignleft\" src=\"https:\/\/www.radiopiu.net\/wordpress\/wp-content\/uploads\/2019\/07\/falvio_colcergnan-300x169.jpg\" alt=\"\" width=\"300\" height=\"169\" srcset=\"https:\/\/www.radiopiu.net\/wordpress\/wp-content\/uploads\/2019\/07\/falvio_colcergnan-300x169.jpg 300w, https:\/\/www.radiopiu.net\/wordpress\/wp-content\/uploads\/2019\/07\/falvio_colcergnan-768x432.jpg 768w, https:\/\/www.radiopiu.net\/wordpress\/wp-content\/uploads\/2019\/07\/falvio_colcergnan-1024x576.jpg 1024w, https:\/\/www.radiopiu.net\/wordpress\/wp-content\/uploads\/2019\/07\/falvio_colcergnan.jpg 1400w\" sizes=\"auto, (max-width: 300px) 100vw, 300px\" \/><\/a>di Gianni Santomaso<\/strong><\/p>\n<p>OSPITE: Flavio Colcergnan, sindaco di Canale D&#8217;Agordo<\/p>\n<audio class=\"wp-audio-shortcode\" id=\"audio-260940-14\" preload=\"none\" style=\"width: 100%;\" controls=\"controls\"><source type=\"audio\/mpeg\" src=\"https:\/\/www.radiopiu.net\/wordpress\/wp-content\/uploads\/2022\/02\/RASSEGNA-GIANNI-3.mp3?_=14\" \/><a href=\"https:\/\/www.radiopiu.net\/wordpress\/wp-content\/uploads\/2022\/02\/RASSEGNA-GIANNI-3.mp3\">https:\/\/www.radiopiu.net\/wordpress\/wp-content\/uploads\/2022\/02\/RASSEGNA-GIANNI-3.mp3<\/a><\/audio>\n<p>&nbsp;<\/p>\n<p><strong>LA RACCOLTA COMPLETA<\/strong><\/p>\n<blockquote class=\"wp-embedded-content\" data-secret=\"fmpnxSJmhU\"><p><a href=\"https:\/\/www.radiopiu.net\/wordpress\/rassegna-stampa-di-gianni-santomaso\/\">Rassegna stampa da l&#8217;amico del popolo &#8211; di Gianni Santomaso<\/a><\/p><\/blockquote>\n<p><iframe loading=\"lazy\" class=\"wp-embedded-content\" sandbox=\"allow-scripts\" security=\"restricted\" style=\"position: absolute; clip: rect(1px, 1px, 1px, 1px);\" title=\"&#8220;Rassegna stampa da l&#8217;amico del popolo &#8211; di Gianni Santomaso&#8221; &#8212; Radio Pi\u00f9\" src=\"https:\/\/www.radiopiu.net\/wordpress\/rassegna-stampa-di-gianni-santomaso\/embed\/#?secret=fmpnxSJmhU\" data-secret=\"fmpnxSJmhU\" width=\"600\" height=\"338\" frameborder=\"0\" marginwidth=\"0\" marginheight=\"0\" scrolling=\"no\"><\/iframe><\/p>\n<p>&nbsp;<\/p>\n<hr \/>\n<p>&nbsp;<\/p>\n<h2><span style=\"color: #800080;\">I RACCONTI DI PAOLO SOPPELSA\u00a0<\/span><\/h2>\n<p><strong>LA RACCOLTA COMPLETA<\/strong><\/p>\n<blockquote class=\"wp-embedded-content\" data-secret=\"3hHZBsEBuS\"><p><a href=\"https:\/\/www.radiopiu.net\/wordpress\/i-racconti-di-paolo-soppelsa\/\">I racconti di Paolo Soppelsa<\/a><\/p><\/blockquote>\n<p><iframe loading=\"lazy\" class=\"wp-embedded-content\" sandbox=\"allow-scripts\" security=\"restricted\" style=\"position: absolute; clip: rect(1px, 1px, 1px, 1px);\" title=\"&#8220;I racconti di Paolo Soppelsa&#8221; &#8212; Radio Pi\u00f9\" src=\"https:\/\/www.radiopiu.net\/wordpress\/i-racconti-di-paolo-soppelsa\/embed\/#?secret=3hHZBsEBuS\" data-secret=\"3hHZBsEBuS\" width=\"600\" height=\"338\" frameborder=\"0\" marginwidth=\"0\" marginheight=\"0\" scrolling=\"no\"><\/iframe><\/p>\n<p>&nbsp;<\/p>\n<\/div>\n<\/div>\n<\/div>\n<\/div>\n<\/div>\n<\/div>\n<\/div>\n<\/div>\n<\/div>\n<\/div>\n<\/div>\n<\/div>\n<\/div>\n<\/div>\n<\/div>\n<\/div>\n<\/div>\n<\/div>\n<\/div>\n<\/div>\n<\/div>\n<\/div>\n<\/div>\n<\/div>\n<\/div>\n<\/div>\n<\/div>\n<\/div>\n<\/div>\n<\/div>\n<\/div>\n<\/div>\n<\/div>\n<\/div>\n<\/div>\n<\/div>\n<\/div>\n<\/div>\n<\/div>\n<\/div>\n<\/div>\n<\/div>\n<\/div>\n<\/div>\n<\/div>\n<\/div>\n<\/div>\n<\/div>\n<\/div>\n<\/div>\n<\/div>\n<\/div>\n<\/div>\n<\/div>\n<\/div>\n<\/div>\n<\/div>\n<\/div>\n<\/div>\n<\/div>\n<\/div>\n<\/div>\n<\/div>\n<\/div>\n<\/div>\n<\/div>\n<\/div>\n<div>\n<div class=\"page-title-head hgroup\">\n<div class=\"page-title-head hgroup\">\n<div class=\"page-title-head hgroup\">\n<div class=\"page-title-head hgroup\">\n<div class=\"b654a4as d2edcug0\">\n<div class=\"page-title-head hgroup\">\n<div class=\"page-title-head hgroup\">\n<div class=\"page-title-head hgroup\">\n<div class=\"page-title-head hgroup\">\n<div class=\"b654a4as d2edcug0\">\n<div class=\"page-title-head hgroup\">\n<div class=\"page-title-head hgroup\">\n<div class=\"page-title-head hgroup\">\n<div class=\"page-title-head hgroup\">\n<div class=\"page-title-head hgroup\">\n<div class=\"page-title-head hgroup\">\n<div class=\"page-title-head hgroup\">\n<div class=\"page-title-head hgroup\">\n<div class=\"page-title-head hgroup\">\n<div class=\"b654a4as d2edcug0\">\n<div class=\"page-title-head hgroup\">\n<div class=\"page-title-head hgroup\">\n<div class=\"page-title-head hgroup\">\n<div class=\"page-title-head hgroup\">\n<div class=\"b654a4as d2edcug0\">\n<div>\n<div class=\"page-title-head hgroup\">\n<div class=\"page-title-head hgroup\">\n<div class=\"page-title-head hgroup\">\n<div class=\"page-title-head hgroup\">\n<div class=\"page-title-head hgroup\">\n<div>\n<div>\n<div>\n<div class=\"mkdf-post-text\">\n<div class=\"mkdf-post-text-inner\">\n<div class=\"mkdf-post-text-main\">\n<div class=\"mkdf-post-text\">\n<div class=\"mkdf-post-text-inner\">\n<div class=\"mkdf-post-text-main\">\n<div class=\"mkdf-post-text\">\n<div class=\"mkdf-post-text-inner\">\n<div class=\"mkdf-post-text-main\">\n<div class=\"page-title-head hgroup\">\n<div class=\"page-title-head hgroup\">\n<div class=\"mkdf-post-text\">\n<div class=\"mkdf-post-text-inner\">\n<div class=\"mkdf-post-text-main\">\n<div class=\"mkdf-post-text\">\n<div class=\"mkdf-post-text-inner\">\n<div class=\"mkdf-post-text-main\">\n<div class=\"page-title-head hgroup\">\n<div class=\"page-title-head hgroup\">\n<div class=\"page-title-head hgroup\">\n<div class=\"page-title-head hgroup\">\n<div class=\"b654a4as d2edcug0\">\n<div class=\"page-title-head hgroup\">\n<div class=\"page-title-head hgroup\">\n<div class=\"page-title-head hgroup\">\n<div class=\"page-title-head hgroup\">\n<div class=\"b654a4as d2edcug0\">\n<div class=\"page-title-head hgroup\">\n<div class=\"page-title-head hgroup\">\n<div class=\"page-title-head hgroup\">\n<div class=\"page-title-head hgroup\">\n<div class=\"b654a4as d2edcug0\">\n<hr \/>\n<\/div>\n<div class=\"b654a4as d2edcug0\">\n<p>&nbsp;<\/p>\n<p><a href=\"https:\/\/www.radiopiu.net\/wordpress\/giornale-radiopiu-26-settembre-2018-direttore-mirko-mezzacasa\/viabilita-2\/\" rel=\"attachment wp-att-61954\"><img loading=\"lazy\" decoding=\"async\" class=\"aligncenter wp-image-61954 size-full\" src=\"https:\/\/www.radiopiu.net\/wordpress\/wp-content\/uploads\/2018\/09\/viabilita.jpeg\" sizes=\"auto, (max-width: 800px) 100vw, 800px\" srcset=\"https:\/\/www.radiopiu.net\/wordpress\/wp-content\/uploads\/2018\/09\/viabilita.jpeg 800w, https:\/\/www.radiopiu.net\/wordpress\/wp-content\/uploads\/2018\/09\/viabilita-300x38.jpeg 300w, https:\/\/www.radiopiu.net\/wordpress\/wp-content\/uploads\/2018\/09\/viabilita-768x96.jpeg 768w\" alt=\"\" width=\"800\" height=\"100\" \/><\/a><\/p>\n<\/div>\n<\/div>\n<\/div>\n<\/div>\n<\/div>\n<\/div>\n<\/div>\n<\/div>\n<\/div>\n<\/div>\n<\/div>\n<\/div>\n<\/div>\n<\/div>\n<\/div>\n<\/div>\n<\/div>\n<\/div>\n<\/div>\n<\/div>\n<\/div>\n<\/div>\n<\/div>\n<\/div>\n<\/div>\n<\/div>\n<\/div>\n<\/div>\n<\/div>\n<\/div>\n<\/div>\n<\/div>\n<\/div>\n<\/div>\n<\/div>\n<\/div>\n<\/div>\n<\/div>\n<\/div>\n<\/div>\n<\/div>\n<\/div>\n<\/div>\n<\/div>\n<\/div>\n<\/div>\n<\/div>\n<\/div>\n<\/div>\n<\/div>\n<\/div>\n<\/div>\n<\/div>\n<\/div>\n<\/div>\n<\/div>\n<\/div>\n<\/div>\n<\/div>\n<\/div>\n<\/div>\n<\/div>\n<\/div>\n<\/div>\n<\/div>\n<\/div>\n<\/div>\n<\/div>\n<\/div>\n<\/div>\n<\/div>\n<\/div>\n<\/div>\n<\/div>\n<\/div>\n<\/div>\n<\/div>\n<\/div>\n<\/div>\n<\/div>\n<\/div>\n<\/div>\n<\/div>\n<div>\n<div class=\"page-title-head hgroup\">\n<div class=\"page-title-head hgroup\">\n<div class=\"b654a4as d2edcug0\">\n<div class=\"j83agx80 btwxx1t3 lhclo0ds hop8lmos nkwizq5d scwd0bx6 roh60bw9\">\n<div class=\"rq0escxv hkbzh7o3 jwdofwj8 n8tt0mok r8blr3vg hyh9befq\">\n<div class=\"do00u71z l9j0dhe7 k4urcfbm\">\n<div class=\"ecm0bbzt e5nlhep0 a8c37x1j\">\n<div class=\"kvgmc6g5 cxmmr5t8 oygrvhab hcukyx3x c1et5uql\">\n<div class=\"gmail-kvgmc6g5 gmail-cxmmr5t8 gmail-oygrvhab gmail-hcukyx3x gmail-c1et5uql gmail-ii04i59q\">\n<div class=\"page-title-head hgroup\">\n<div class=\"page-title-head hgroup\">\n<div class=\"b654a4as d2edcug0\">\n<div class=\"j83agx80 btwxx1t3 lhclo0ds hop8lmos nkwizq5d scwd0bx6 roh60bw9\">\n<div class=\"rq0escxv hkbzh7o3 jwdofwj8 n8tt0mok r8blr3vg hyh9befq\">\n<div class=\"do00u71z l9j0dhe7 k4urcfbm\">\n<div class=\"page-title-head hgroup\">\n<div class=\"page-title-head hgroup\">\n<div class=\"page-title-head hgroup\">\n<div class=\"page-title-head hgroup\">\n<div class=\"b654a4as d2edcug0\">\n<div class=\"page-title-head hgroup\">\n<div class=\"page-title-head hgroup\">\n<div class=\"page-title-head hgroup\">\n<div class=\"page-title-head hgroup\">\n<div class=\"b654a4as d2edcug0\">\n<div class=\"page-title-head hgroup\">\n<div class=\"page-title-head hgroup\">\n<div class=\"page-title-head hgroup\">\n<div class=\"page-title-head hgroup\">\n<div class=\"page-title-head hgroup\">\n<div class=\"page-title-head hgroup\">\n<div class=\"page-title-head hgroup\">\n<div class=\"page-title-head hgroup\">\n<div class=\"page-title-head hgroup\">\n<div class=\"b654a4as d2edcug0\">\n<div class=\"page-title-head hgroup\">\n<div class=\"page-title-head hgroup\">\n<div class=\"page-title-head hgroup\">\n<div class=\"page-title-head hgroup\">\n<div class=\"b654a4as d2edcug0\">\n<div class=\"page-title-head hgroup\">\n<div class=\"page-title-head hgroup\">\n<div class=\"page-title-head hgroup\">\n<div class=\"page-title-head hgroup\">\n<div class=\"page-title-head hgroup\">\n<div class=\"mkdf-post-text\">\n<div class=\"mkdf-post-text-inner\">\n<div class=\"mkdf-post-text-main\">\n<div class=\"mkdf-post-text\">\n<div class=\"mkdf-post-text-inner\">\n<div class=\"mkdf-post-text-main\">\n<div class=\"mkdf-post-text\">\n<div class=\"mkdf-post-text-inner\">\n<div class=\"mkdf-post-text-main\">\n<div class=\"page-title-head hgroup\">\n<div class=\"page-title-head hgroup\">\n<div class=\"mkdf-post-text\">\n<div class=\"mkdf-post-text-inner\">\n<div class=\"mkdf-post-text-main\">\n<div class=\"mkdf-post-text\">\n<div class=\"mkdf-post-text-inner\">\n<div class=\"mkdf-post-text-main\">\n<div class=\"page-title-head hgroup\">\n<div class=\"page-title-head hgroup\">\n<div class=\"page-title-head hgroup\">\n<div class=\"page-title-head hgroup\">\n<div class=\"b654a4as d2edcug0\">\n<div class=\"page-title-head hgroup\">\n<div class=\"page-title-head hgroup\">\n<div class=\"page-title-head hgroup\">\n<div class=\"page-title-head hgroup\">\n<div class=\"b654a4as d2edcug0\">\n<div class=\"page-title-head hgroup\">\n<div class=\"page-title-head hgroup\">\n<div class=\"page-title-head hgroup\">\n<div class=\"page-title-head hgroup\">\n<div class=\"b654a4as d2edcug0\">\n<div class=\"ecm0bbzt e5nlhep0 a8c37x1j\">\n<div class=\"kvgmc6g5 cxmmr5t8 oygrvhab hcukyx3x c1et5uql\">\n<div class=\"gmail-kvgmc6g5 gmail-cxmmr5t8 gmail-oygrvhab gmail-hcukyx3x gmail-c1et5uql gmail-ii04i59q\">\n<div class=\"page-title-head hgroup\">\n<div class=\"page-title-head hgroup\">\n<div class=\"b654a4as d2edcug0\">\n<div class=\"j83agx80 btwxx1t3 lhclo0ds hop8lmos nkwizq5d scwd0bx6 roh60bw9\">\n<div class=\"rq0escxv hkbzh7o3 jwdofwj8 n8tt0mok r8blr3vg hyh9befq\">\n<div class=\"do00u71z l9j0dhe7 k4urcfbm\">\n<div class=\"page-title-head hgroup\">\n<div class=\"page-title-head hgroup\">\n<div class=\"page-title-head hgroup\">\n<div class=\"page-title-head hgroup\">\n<div class=\"b654a4as d2edcug0\">\n<div class=\"page-title-head hgroup\">\n<div class=\"page-title-head hgroup\">\n<div class=\"page-title-head hgroup\">\n<div class=\"page-title-head hgroup\">\n<div class=\"b654a4as d2edcug0\">\n<div class=\"page-title-head hgroup\">\n<div class=\"page-title-head hgroup\">\n<div class=\"page-title-head hgroup\">\n<div class=\"page-title-head hgroup\">\n<div class=\"page-title-head hgroup\">\n<div class=\"page-title-head hgroup\">\n<div class=\"page-title-head hgroup\">\n<div class=\"page-title-head hgroup\">\n<div class=\"page-title-head hgroup\">\n<div class=\"b654a4as d2edcug0\">\n<div class=\"page-title-head hgroup\">\n<div class=\"page-title-head hgroup\">\n<div class=\"page-title-head hgroup\">\n<div class=\"page-title-head hgroup\">\n<div class=\"b654a4as d2edcug0\">\n<div class=\"page-title-head hgroup\">\n<div class=\"page-title-head hgroup\">\n<div class=\"page-title-head hgroup\">\n<div class=\"page-title-head hgroup\">\n<div class=\"page-title-head hgroup\">\n<div class=\"mkdf-post-text\">\n<div class=\"mkdf-post-text-inner\">\n<div class=\"mkdf-post-text-main\">\n<div class=\"mkdf-post-text\">\n<div class=\"mkdf-post-text-inner\">\n<div class=\"mkdf-post-text-main\">\n<div class=\"mkdf-post-text\">\n<div class=\"mkdf-post-text-inner\">\n<div class=\"mkdf-post-text-main\">\n<div class=\"page-title-head hgroup\">\n<div class=\"page-title-head hgroup\">\n<div class=\"mkdf-post-text\">\n<div class=\"mkdf-post-text-inner\">\n<div class=\"mkdf-post-text-main\">\n<div class=\"mkdf-post-text\">\n<div class=\"mkdf-post-text-inner\">\n<div class=\"mkdf-post-text-main\">\n<div class=\"page-title-head hgroup\">\n<div class=\"page-title-head hgroup\">\n<div class=\"page-title-head hgroup\">\n<div class=\"page-title-head hgroup\">\n<div class=\"b654a4as d2edcug0\">\n<div class=\"page-title-head hgroup\">\n<div class=\"page-title-head hgroup\">\n<div class=\"page-title-head hgroup\">\n<div class=\"page-title-head hgroup\">\n<div class=\"b654a4as d2edcug0\">\n<div class=\"page-title-head hgroup\">\n<div class=\"page-title-head hgroup\">\n<div class=\"page-title-head hgroup\">\n<div class=\"page-title-head hgroup\">\n<div class=\"b654a4as d2edcug0\">\n<p>&nbsp;<\/p>\n<blockquote class=\"wp-embedded-content\" data-secret=\"0QUJyDaHee\"><p><a href=\"https:\/\/www.radiopiu.net\/wordpress\/viabilita\/\">viabilita<\/a><\/p><\/blockquote>\n<p><iframe loading=\"lazy\" class=\"wp-embedded-content\" sandbox=\"allow-scripts\" security=\"restricted\" style=\"position: absolute; clip: rect(1px, 1px, 1px, 1px);\" title=\"&#8220;viabilita&#8221; &#8212; Radio Pi\u00f9\" src=\"https:\/\/www.radiopiu.net\/wordpress\/viabilita\/embed\/#?secret=0QUJyDaHee\" data-secret=\"0QUJyDaHee\" width=\"600\" height=\"338\" frameborder=\"0\" marginwidth=\"0\" marginheight=\"0\" scrolling=\"no\"><\/iframe><\/p>\n<hr \/>\n<p>&nbsp;<\/p>\n<\/div>\n<div class=\"b654a4as d2edcug0\">\n<div class=\"ecm0bbzt e5nlhep0 a8c37x1j\">\n<div class=\"kvgmc6g5 cxmmr5t8 oygrvhab hcukyx3x c1et5uql\">\n<div class=\"gmail-kvgmc6g5 gmail-cxmmr5t8 gmail-oygrvhab gmail-hcukyx3x gmail-c1et5uql gmail-ii04i59q\">\n<div>\n<div class=\"page-title-head hgroup\">\n<div class=\"page-title-head hgroup\">\n<div class=\"b654a4as d2edcug0\">\n<div class=\"j83agx80 btwxx1t3 lhclo0ds hop8lmos nkwizq5d scwd0bx6 roh60bw9\">\n<div class=\"rq0escxv hkbzh7o3 jwdofwj8 n8tt0mok r8blr3vg hyh9befq\">\n<div class=\"do00u71z l9j0dhe7 k4urcfbm\">\n<div>\n<div class=\"page-title-head hgroup\">\n<div class=\"page-title-head hgroup\">\n<div class=\"page-title-head hgroup\">\n<div class=\"page-title-head hgroup\">\n<div class=\"b654a4as d2edcug0\">\n<div class=\"page-title-head hgroup\">\n<div class=\"page-title-head hgroup\">\n<div class=\"page-title-head hgroup\">\n<div class=\"page-title-head hgroup\">\n<div class=\"b654a4as d2edcug0\">\n<div class=\"page-title-head hgroup\">\n<div class=\"page-title-head hgroup\">\n<div class=\"page-title-head hgroup\">\n<div class=\"page-title-head hgroup\">\n<div class=\"page-title-head hgroup\">\n<div class=\"mkdf-post-text\">\n<div class=\"mkdf-post-text-inner\">\n<div class=\"mkdf-post-text-main\">\n<div class=\"mkdf-post-text\">\n<div class=\"mkdf-post-text-inner\">\n<div class=\"mkdf-post-text-main\">\n<div class=\"mkdf-post-text\">\n<div class=\"mkdf-post-text-inner\">\n<div class=\"mkdf-post-text-main\">\n<div class=\"page-title-head hgroup\">\n<div class=\"page-title-head hgroup\">\n<div class=\"mkdf-post-text\">\n<div class=\"mkdf-post-text-inner\">\n<div class=\"mkdf-post-text-main\">\n<div class=\"mkdf-post-text\">\n<div class=\"mkdf-post-text-inner\">\n<div class=\"mkdf-post-text-main\">\n<div>\n<div class=\"page-title-head hgroup\">\n<div class=\"page-title-head hgroup\">\n<div>\n<div class=\"page-title-head hgroup\">\n<div class=\"page-title-head hgroup\">\n<div class=\"b654a4as d2edcug0\">\n<div>\n<div class=\"page-title-head hgroup\" style=\"text-align: left;\">\n<div class=\"page-title-head hgroup\">\n<div dir=\"auto\">\n<p><a class=\"dt-pswp-item pspw-wrap-ready\" href=\"https:\/\/i0.wp.com\/www.radiopiu.net\/wordpress\/wp-content\/uploads\/2018\/09\/WhatsApp-Image-2018-09-20-at-16.04.06.jpeg?ssl=1\" data-dt-img-description=\"\" data-large_image_width=\"800\" data-large_image_height=\"100\"><img loading=\"lazy\" decoding=\"async\" class=\"aligncenter wp-image-61378 size-full jetpack-lazy-image jetpack-lazy-image--handled\" src=\"https:\/\/i0.wp.com\/www.radiopiu.net\/wordpress\/wp-content\/uploads\/2018\/09\/WhatsApp-Image-2018-09-20-at-16.04.06.jpeg?resize=800%2C100&amp;ssl=1\" sizes=\"auto, (max-width: 800px) 100vw, 800px\" srcset=\"https:\/\/i0.wp.com\/www.radiopiu.net\/wordpress\/wp-content\/uploads\/2018\/09\/WhatsApp-Image-2018-09-20-at-16.04.06.jpeg?w=800&amp;ssl=1 800w, https:\/\/i0.wp.com\/www.radiopiu.net\/wordpress\/wp-content\/uploads\/2018\/09\/WhatsApp-Image-2018-09-20-at-16.04.06.jpeg?resize=300%2C38&amp;ssl=1 300w, https:\/\/i0.wp.com\/www.radiopiu.net\/wordpress\/wp-content\/uploads\/2018\/09\/WhatsApp-Image-2018-09-20-at-16.04.06.jpeg?resize=768%2C96&amp;ssl=1 768w\" alt=\"\" width=\"800\" height=\"100\" data-lazy-loaded=\"1\" \/><\/a><\/p>\n<\/div>\n<\/div>\n<\/div>\n<\/div>\n<\/div>\n<\/div>\n<\/div>\n<\/div>\n<\/div>\n<\/div>\n<\/div>\n<\/div>\n<\/div>\n<\/div>\n<\/div>\n<\/div>\n<\/div>\n<\/div>\n<\/div>\n<\/div>\n<\/div>\n<\/div>\n<\/div>\n<\/div>\n<\/div>\n<\/div>\n<\/div>\n<\/div>\n<\/div>\n<\/div>\n<\/div>\n<\/div>\n<\/div>\n<\/div>\n<\/div>\n<\/div>\n<\/div>\n<\/div>\n<\/div>\n<\/div>\n<\/div>\n<\/div>\n<\/div>\n<\/div>\n<p>&nbsp;<\/p>\n<\/div>\n<\/div>\n<\/div>\n<\/div>\n<\/div>\n<\/div>\n<\/div>\n<\/div>\n<\/div>\n<\/div>\n<\/div>\n<\/div>\n<\/div>\n<\/div>\n<\/div>\n<\/div>\n<\/div>\n<\/div>\n<\/div>\n<\/div>\n<\/div>\n<\/div>\n<\/div>\n<\/div>\n<\/div>\n<\/div>\n<\/div>\n<\/div>\n<\/div>\n<\/div>\n<\/div>\n<\/div>\n<\/div>\n<\/div>\n<\/div>\n<\/div>\n<\/div>\n<\/div>\n<\/div>\n<\/div>\n<\/div>\n<\/div>\n<\/div>\n<\/div>\n<\/div>\n<\/div>\n<\/div>\n<\/div>\n<\/div>\n<\/div>\n<\/div>\n<\/div>\n<\/div>\n<\/div>\n<\/div>\n<\/div>\n<\/div>\n<\/div>\n<\/div>\n<\/div>\n<\/div>\n<\/div>\n<\/div>\n<\/div>\n<\/div>\n<\/div>\n<\/div>\n<\/div>\n<\/div>\n<\/div>\n<\/div>\n<\/div>\n<\/div>\n<\/div>\n<\/div>\n<\/div>\n<\/div>\n<\/div>\n<\/div>\n<\/div>\n<\/div>\n<\/div>\n<\/div>\n<\/div>\n<\/div>\n<\/div>\n<\/div>\n<\/div>\n<\/div>\n<\/div>\n<\/div>\n<\/div>\n<\/div>\n<\/div>\n<\/div>\n<\/div>\n<\/div>\n<\/div>\n<\/div>\n<\/div>\n<\/div>\n<\/div>\n<\/div>\n<\/div>\n<\/div>\n<\/div>\n<\/div>\n<\/div>\n<\/div>\n<\/div>\n<\/div>\n<\/div>\n<\/div>\n<\/div>\n<\/div>\n<\/div>\n<\/div>\n<\/div>\n<\/div>\n<\/div>\n<\/div>\n<\/div>\n<\/div>\n<\/div>\n<\/div>\n<\/div>\n<\/div>\n<\/div>\n<\/div>\n<\/div>\n<\/div>\n<\/div>\n<\/div>\n<\/div>\n<\/div>\n<\/div>\n<\/div>\n<\/div>\n<\/div>\n<\/div>\n<\/div>\n<\/div>\n<\/div>\n<\/div>\n<\/div>\n<\/div>\n<\/div>\n<\/div>\n<\/div>\n<\/div>\n<\/div>\n<\/div>\n<\/div>\n<\/div>\n<\/div>\n<\/div>\n<\/div>\n<\/div>\n<\/div>\n<\/div>\n<\/div>\n<\/div>\n<\/div>\n<\/div>\n<\/div>\n<\/div>\n<\/div>\n<\/div>\n<\/div>\n<\/div>\n<\/div>\n<\/div>\n<\/div>\n<\/div>\n<\/div>\n<\/div>\n<\/div>\n<\/div>\n<\/div>\n<\/div>\n<\/div>\n<\/div>\n<\/div>\n<\/div>\n<\/div>\n<\/div>\n<\/div>\n<p><center><b>Mercoledi 23<\/b><\/center><b>Tempo atteso: <\/b>Stupenda giornata soleggiata sui monti veneti, con cielo sereno, aria tersa e ottima visibilit\u00e0. Tra notte e primissimo mattino possibile qualche annuvolamento irregolare sulle Dolomiti settentrionali.<br \/>\n<b>Precipitazioni: <\/b>Assenti (0%)<br \/>\n<b>Temperature: <\/b>In rialzo, eccetto calo delle minime nei fondovalle. Su Prealpi a 1500 m: min 2 max 5, a 2000 m: min -2 max 0 su Dolomiti a 2000 m: min -3 max 0, a 3000 m: min -10 max -4<br \/>\n<b>Venti: <\/b>In quota forti da nord nord-ovest fino al primo pomeriggio, poi in sensibile attenuazione; nelle valli deboli di direzione variabile, eccetto qualche raffica per residuo Foehn tra la notte e parte del mattino a 15-35 km\/h a 2000 m e 30-85 km\/h a 3000 m.<\/p>\n<hr \/>\n<p><center><b>Giovedi 24<\/b><\/center><b>Tempo atteso: <\/b>Fino al primo mattino da sereno a poco nuvoloso poi aumento delle nuvolosit\u00e0 da ovest verso est per nubi alte e sottili anche estese durante le ore centrali della giornata e in grado a tratti di mascherare il sole.<br \/>\n<b>Precipitazioni: <\/b>Assenti (0%)<br \/>\n<b>Temperature: <\/b>Senza notevoli variazioni o in leggera flessione. Su Prealpi a 1500 m: min 1 max 3, a 2000 m: min -2 max -1 Dolomiti a 2000 m: min -3 max -2, a 3000 m: min -7 max -5<br \/>\n<b>Venti: <\/b>Deboli di direzione variabile nelle valli, salvo locali rinforzi notturni per brezze di monte su alcuni settori prealpini; in quota deboli\/moderati da sud-ovest, in rinforzo fino a tesi sulle cime pi\u00f9 alte durante le ore centrali, a 5-15 km\/h a 2000 m e 30-55 km\/h a 3000 m.<\/p>\n<hr \/>\n<p><center><b>Venerdi 25<\/b><\/center>Al mattino sereno o poco nuvoloso, dalle ore centrali e soprattutto nel pomeriggio aumento della nuvolosit\u00e0 fino a molto nuvoloso o coperto con possibili deboli o molto deboli precipitazioni eventualmente nevose fin sui 1000 metri, in calo in caso di precipitazioni prolungate in serata fin sui 700 metri. Temperature in calo in quota specie dalla sera. Venti nelle valli deboli variabili, in quota deboli o moderati occidentali in rotazione e rinforzo da Nord in serata sulle Dolomiti.<\/p>\n<hr \/>\n<p><center><b>Sabato 26<\/b><\/center>Evoluzione incerta: fino al mattino molte nubi specie sui settori esposti alle correnti orientali e su Prealpi con residue debolissime nevicate fin sui 600\/800 m, nel pomeriggio tendenza a schiarite via via pi\u00f9 ampie specie su Dolomiti settentrionali. Temperature in ulteriore calo in quota, in possibile aumento le minime in valle. e venti in quota moderati o forti da nordest specie su Prealpi. Previsore: DDL<\/p>\n<p>&nbsp;<\/p>\n<p>&nbsp;<\/p>\n<hr \/>\n<p>&nbsp;<\/p>\n<p><img loading=\"lazy\" decoding=\"async\" class=\"wp-image-60761 size-full aligncenter\" src=\"https:\/\/www.radiopiu.net\/wordpress\/wp-content\/uploads\/2018\/09\/sport.jpg\" alt=\"\" width=\"800\" height=\"100\" srcset=\"https:\/\/www.radiopiu.net\/wordpress\/wp-content\/uploads\/2018\/09\/sport.jpg 800w, https:\/\/www.radiopiu.net\/wordpress\/wp-content\/uploads\/2018\/09\/sport-300x38.jpg 300w, https:\/\/www.radiopiu.net\/wordpress\/wp-content\/uploads\/2018\/09\/sport-768x96.jpg 768w\" sizes=\"auto, (max-width: 800px) 100vw, 800px\" \/><\/p>\n<p>&nbsp;<\/p>\n<p><span style=\"color: #0000ff;\"><strong>SCI DI FONDO<\/strong><\/span><\/p>\n<blockquote>\n<h3>TERMINA CON UN QUATTORDICESIMO POSTO LA 30 KM DI ELIA BARP AI MONDIALI IN NORVEGIA<\/h3>\n<\/blockquote>\n<p><strong><a class=\"dt-pswp-item\" href=\"https:\/\/www.radiopiu.net\/wordpress\/wp-content\/uploads\/2022\/02\/image2-scaled.jpeg\" data-dt-img-description=\"\" data-large_image_width=\"2560\" data-large_image_height=\"1707\"><img loading=\"lazy\" decoding=\"async\" class=\"size-medium wp-image-259682 alignleft\" src=\"https:\/\/www.radiopiu.net\/wordpress\/wp-content\/uploads\/2022\/02\/image2-300x200.jpeg\" alt=\"\" width=\"300\" height=\"200\" srcset=\"https:\/\/www.radiopiu.net\/wordpress\/wp-content\/uploads\/2022\/02\/image2-300x200.jpeg 300w, https:\/\/www.radiopiu.net\/wordpress\/wp-content\/uploads\/2022\/02\/image2-1024x683.jpeg 1024w, https:\/\/www.radiopiu.net\/wordpress\/wp-content\/uploads\/2022\/02\/image2-768x512.jpeg 768w, https:\/\/www.radiopiu.net\/wordpress\/wp-content\/uploads\/2022\/02\/image2-1536x1024.jpeg 1536w, https:\/\/www.radiopiu.net\/wordpress\/wp-content\/uploads\/2022\/02\/image2-2048x1365.jpeg 2048w\" sizes=\"auto, (max-width: 300px) 100vw, 300px\" \/><\/a>LYGNA (NORVEGIA)<\/strong> Terminata la prima giornata ai Mondiali Juniores di Fondo in Norvegia. Ottima prestazione di Elia Barp che ha chiuso la 30 km con un quattordicesimo posto e primo degli italiani in gara. Una gara dominata dai russi che li ha visti conquistare le prime quattro posizioni. Elia ha chiuso con il tempo di 1h15&#8217;58&#8221; con un distacco di 3&#8217;10&#8221; dal primo arrivato, il russo Ivshin. Era partito bene Barp che dopo 5 km era nel gruppo di testa ma poi la gara \u00e8 stata in salita per il ragazzo bellunese che al decimo km era scivolato in undicesima posizione. Una gara in cui Elia ha lottato rimanendo al passo con il gruppo di testa fino a 10 km dall&#8217;arrivo. Poi la supremazia degli avversari si \u00e8 fatta vedere con il fondista delle Fiamme Gialle che ha perso quasi un minuto dal primo a 5 km dal termine. Ultimi chilometri di difficolt\u00e0 per Barp che perde qualche posizione terminando la sua gara nei primi 15 al mondo della categoria Juniores.<\/p>\n<p>&nbsp;<\/p>\n<p>&nbsp;<\/p>\n<p>&nbsp;<\/p>\n<p>&nbsp;<\/p>\n<p>&nbsp;<\/p>\n<p>&nbsp;<\/p>\n<hr \/>\n<p>&nbsp;<\/p>\n<p><span style=\"color: #0000ff;\"><strong>CALCIO<\/strong><\/span><\/p>\n<blockquote>\n<h3>PRIMI 3 PUNTI DEL 2022 PER L&#8217;AGORDINA, QUOTA SALVEZZA SEMPRE PIU&#8217; VICINA<\/h3>\n<\/blockquote>\n<p><strong><a class=\"dt-pswp-item\" href=\"https:\/\/www.radiopiu.net\/wordpress\/wp-content\/uploads\/2018\/12\/CALCIO-VINTAGE.jpg\" data-dt-img-description=\"\" data-large_image_width=\"800\" data-large_image_height=\"500\"><img loading=\"lazy\" decoding=\"async\" class=\"size-medium wp-image-69635 alignleft\" src=\"https:\/\/www.radiopiu.net\/wordpress\/wp-content\/uploads\/2018\/12\/CALCIO-VINTAGE-300x188.jpg\" alt=\"\" width=\"300\" height=\"188\" srcset=\"https:\/\/www.radiopiu.net\/wordpress\/wp-content\/uploads\/2018\/12\/CALCIO-VINTAGE-300x188.jpg 300w, https:\/\/www.radiopiu.net\/wordpress\/wp-content\/uploads\/2018\/12\/CALCIO-VINTAGE-768x480.jpg 768w, https:\/\/www.radiopiu.net\/wordpress\/wp-content\/uploads\/2018\/12\/CALCIO-VINTAGE.jpg 800w\" sizes=\"auto, (max-width: 300px) 100vw, 300px\" \/><\/a>AGORDO<\/strong> Che l&#8217;obbiettivo sia la salvezza i dirigenti dell&#8217;Agordina Calcio se lo ripetono da inizio campionato ma la stagione della squadra allenata da Marco Lorenzi non \u00e8 certo da buttare via. I ragazzi di Agordo hanno incamerato 3 punti importanti sul campo ostico di Farra D&#8217;Alpago battendo la Fulgor per 3 a 1. Una bella soddisfazione per tutta la squadra visti i precedenti con gli alpagotti. Tre punti che lanciano l&#8217;Agordina al quarto posto in classifica ad un solo punto da un Ponte Nelle Alpi che occupa il gradino pi\u00f9 basso del podio e a otto lunghezze dai quei 30 punti che vorrebbero dire salvezza quasi assicurata. Domenica la squadra di Lorenzi torner\u00e0 all&#8217;Ivano Dorigo di Agordo per trovarsi di fronte il Gemelle che nell&#8217;ultima partita ha battuto la prima della classe Arsi\u00e8.<\/p>\n<p><strong>MARCO LORENZI, ALLENATORE DELL&#8217;AGORDINA<\/strong><\/p>\n<audio class=\"wp-audio-shortcode\" id=\"audio-260940-15\" preload=\"none\" style=\"width: 100%;\" controls=\"controls\"><source type=\"audio\/mpeg\" src=\"https:\/\/www.radiopiu.net\/wordpress\/wp-content\/uploads\/2022\/02\/MARCO-LORENZI-FULGOR.mp3?_=15\" \/><a href=\"https:\/\/www.radiopiu.net\/wordpress\/wp-content\/uploads\/2022\/02\/MARCO-LORENZI-FULGOR.mp3\">https:\/\/www.radiopiu.net\/wordpress\/wp-content\/uploads\/2022\/02\/MARCO-LORENZI-FULGOR.mp3<\/a><\/audio>\n<p>&nbsp;<\/p>\n<hr \/>\n<p>&nbsp;<\/p>\n<p><span style=\"color: #3366ff;\"><strong>HOCKEY SU GHIACCIO\u00a0<\/strong><\/span><\/p>\n<blockquote>\n<h3>SABATO AL VIA I QUARTI DI FINALE DELL&#8217;ITALIAN HOCKEY LEAGUE. L&#8217;ALLEGHE CONTRO IL PERGINE<\/h3>\n<\/blockquote>\n<p><strong>ALLEGHE<\/strong> Inizier\u00e0 sabato prossimo la fase finale del campionato IHL 2021\/22. L&#8217;Alleghe ha chiuso il Master Round al quarto posto e di fronte si trover\u00e0 la quinta classificata, in questo caso il Pergine. Le civette avranno il vantaggio di giocare la prima partita in casa quindi sabato sera al De Toni i biancorossi ospiteranno le linci per gara 1 dei quarti di finale. Si giocher\u00e0 al meglio delle 7 gare quindi chi vince prima 4 partite passa il turno ed accede alle semifinali.<\/p>\n<p><strong>IL TABELLONE DEI PLAYOFF IHL 2021\/22<\/strong><\/p>\n<p><a class=\"dt-pswp-item\" href=\"https:\/\/www.radiopiu.net\/wordpress\/wp-content\/uploads\/2022\/02\/Schermata-2022-02-21-alle-15.53.44.png\" data-dt-img-description=\"\" data-large_image_width=\"1400\" data-large_image_height=\"1810\"><img loading=\"lazy\" decoding=\"async\" class=\"wp-image-260888 size-large aligncenter\" src=\"https:\/\/www.radiopiu.net\/wordpress\/wp-content\/uploads\/2022\/02\/Schermata-2022-02-21-alle-15.53.44-792x1024.png\" alt=\"\" width=\"792\" height=\"1024\" srcset=\"https:\/\/www.radiopiu.net\/wordpress\/wp-content\/uploads\/2022\/02\/Schermata-2022-02-21-alle-15.53.44-792x1024.png 792w, https:\/\/www.radiopiu.net\/wordpress\/wp-content\/uploads\/2022\/02\/Schermata-2022-02-21-alle-15.53.44-232x300.png 232w, https:\/\/www.radiopiu.net\/wordpress\/wp-content\/uploads\/2022\/02\/Schermata-2022-02-21-alle-15.53.44-768x993.png 768w, https:\/\/www.radiopiu.net\/wordpress\/wp-content\/uploads\/2022\/02\/Schermata-2022-02-21-alle-15.53.44-1188x1536.png 1188w, https:\/\/www.radiopiu.net\/wordpress\/wp-content\/uploads\/2022\/02\/Schermata-2022-02-21-alle-15.53.44.png 1400w\" sizes=\"auto, (max-width: 792px) 100vw, 792px\" \/><\/a><\/p>\n<p>&nbsp;<\/p>\n<p>&nbsp;<\/p>\n<\/div>\n<\/div>\n<\/div>\n<\/div>\n<\/div>\n<\/div>\n<\/div>\n<\/div>\n","protected":false},"excerpt":{"rendered":"<p>SAN VITO DI CADORE\u00a0 Ieri sera alle 19.15 incidente a San Vito di Cadore davanti all&#8217;albergo Cima Belpr\u00e0, nessun ferito grave ma disagi per oltre due ore per gli utenti della strada mentre i vigili del fuoco hanno rimesso in sicurezza viabilit\u00e0 e mezzi e i carabinieri hanno provveduto per i rilievi di legge. La&hellip;<\/p>\n","protected":false},"author":4,"featured_media":261123,"comment_status":"closed","ping_status":"closed","sticky":false,"template":"","format":"standard","meta":{"_monsterinsights_skip_tracking":false,"_monsterinsights_sitenote_active":false,"_monsterinsights_sitenote_note":"","_monsterinsights_sitenote_category":0,"footnotes":""},"categories":[104,86,49],"tags":[],"class_list":["post-260940","post","type-post","status-publish","format-standard","has-post-thumbnail","hentry","category-evidenza_3","category-gr","category-news-18","category-104","category-86","category-49","description-off"],"img_url":"https:\/\/www.radiopiu.net\/wordpress\/wp-content\/uploads\/2022\/02\/inci.jpg","_links":{"self":[{"href":"https:\/\/www.radiopiu.net\/wordpress\/wp-json\/wp\/v2\/posts\/260940","targetHints":{"allow":["GET"]}}],"collection":[{"href":"https:\/\/www.radiopiu.net\/wordpress\/wp-json\/wp\/v2\/posts"}],"about":[{"href":"https:\/\/www.radiopiu.net\/wordpress\/wp-json\/wp\/v2\/types\/post"}],"author":[{"embeddable":true,"href":"https:\/\/www.radiopiu.net\/wordpress\/wp-json\/wp\/v2\/users\/4"}],"replies":[{"embeddable":true,"href":"https:\/\/www.radiopiu.net\/wordpress\/wp-json\/wp\/v2\/comments?post=260940"}],"version-history":[{"count":0,"href":"https:\/\/www.radiopiu.net\/wordpress\/wp-json\/wp\/v2\/posts\/260940\/revisions"}],"wp:featuredmedia":[{"embeddable":true,"href":"https:\/\/www.radiopiu.net\/wordpress\/wp-json\/wp\/v2\/media\/261123"}],"wp:attachment":[{"href":"https:\/\/www.radiopiu.net\/wordpress\/wp-json\/wp\/v2\/media?parent=260940"}],"wp:term":[{"taxonomy":"category","embeddable":true,"href":"https:\/\/www.radiopiu.net\/wordpress\/wp-json\/wp\/v2\/categories?post=260940"},{"taxonomy":"post_tag","embeddable":true,"href":"https:\/\/www.radiopiu.net\/wordpress\/wp-json\/wp\/v2\/tags?post=260940"}],"curies":[{"name":"wp","href":"https:\/\/api.w.org\/{rel}","templated":true}]}}