{"id":261005,"date":"2022-02-23T06:19:05","date_gmt":"2022-02-23T05:19:05","guid":{"rendered":"https:\/\/www.radiopiu.net\/wordpress\/?p=261005"},"modified":"2022-02-23T06:20:07","modified_gmt":"2022-02-23T05:20:07","slug":"carnevai-de-le-vai-di-gabriele-riv","status":"publish","type":"post","link":"https:\/\/www.radiopiu.net\/wordpress\/carnevai-de-le-vai-di-gabriele-riv\/","title":{"rendered":"\u201cCARNEVAI DE LE VAI&#8221; di Gabriele Riva"},"content":{"rendered":"<blockquote>\n<h2>Carnevali e mascherate tradizionali dell\u2019Agordino<\/h2>\n<\/blockquote>\n<p><strong>VOLTAGO<\/strong> Dopo lo stop forzato del 2020, finalmente quest\u2019anno i carnevali tradizionali dell\u2019Agordino, seppure ancora in maniera ridotta e con alcune restrizioni anti-covid, non si sono fatti scoraggiare, anzi, carichi di voglia di divertimento, per troppo tempo assopito, si sono organizzati e, unendo le forze, hanno riportato questo patrimonio culturale popolare nel giusto posto che gli spettava. I cinque appuntamenti classici, ovvero le cinque mascherate storiche di Selva di Cadore, Sottoguda, Rivamonte, Laste e Canale d\u2019Agordo\/Valle del Biois, ora riunite sotto il nome di \u201cCarnevai de le vai\u201d, hanno rispolverato maschere lignee, costumi e personaggi tipici, riti e tradizioni caratteristiche, se non uniche, di queste piccole comunit\u00e0 di montagna; perch\u00e9, come si legge sul depliant stampato per l\u2019occasione: \u201cNonostante l\u2019apertura e il rinnovamento ad una societ\u00e0 sempre pi\u00f9 modernizzata i carnevali tradizionali delle Dolomiti\u00a0Agordine hanno mantenuto una genuina arcaicit\u00e0.\u00a0I loro personaggi tipici mostrano una provenienza lontana\u00a0nel tempo; i Matazin di Sottoguda, Laste e della Val Fiorentina, la Zinghen\u00e9sta della Valle del Biois e gli \u00d2lt da Bel e da Burt delle valli del P\u00f3i (Conca Agordina) portano in s\u00e9 caratteri e aspetti di portata sociale e di religiosit\u00e0 popolare che si perdono nella notte dei tempi\u2026\u201d.<br \/>\nIl primo appuntamento, \u201cCarneval inte Selva\u201d, si \u00e8 svolto domenica 13 febbraio in comune di Selva di Cadore con la sfilata partita a Pescul in direzione di Santa Fosca, passando per L\u2019Andria. Questa mascherata non si svolgeva da quasi 20 anni e, grazie all\u2019impegno della Pro Loco Val Fiorentina e dell\u2019Union Ladign de Selva, Matazin e Lach\u00e8 hanno potuto tornare a fare bella mostra di s\u00e9.<br \/>\nAnche a Sottoguda, sabato 19 febbraio \u2013 alla \u201cMascor\u00e8da\u201d, secondo appuntamento della manifestazione \u2013 i Matazin e il Capomascora hanno tirato fuori dai cassetti nastri colorati, campanelli e cilindro e hanno incontrato paesani e turisti felici e soddisfatti di rivedere e risentire la colorata e sonora brigata aggirarsi nelle frazioni tra Col di Rocca e i Serrai. \u201cOlt da Riva e compagnia bela\u201d, il terzo appuntamento con le mascherate tradizionali, si \u00e8 svolto domenica 20 a Rivamonte, dove le maschere di legno, gli \u00f2lt, appunto, l\u2019hanno fatta da padroni mostrandosi nelle pi\u00f9 svariate fogge e forme e nelle pi\u00f9 diverse espressioni facciali: sorridenti, sornioni, arrabbiati, timidi o strafottenti. Nel paesino del P\u00f3i la sfilata \u00e8 partita dal piazzale della chiesa parrocchiale e, addentrandosi tra le case e i fienili e fermandosi qua e l\u00e0 per qualche ballo popolare, si \u00e8 diretta, poi, verso il piazzale del ristorante Al Molin dove la festa \u00e8 continuata. Le ultime due tappe di \u201cCarnevai de le vai\u201d si terranno a Laste \u2013 \u201cMascorada da Laste\u201d \u2013 e in Valle del Biois \u2013 \u201cLa Zinghen\u00e9sta\u201d \u2013 rispettivamente sabato 26 e domenica 27 febbraio. Anche questi due appuntamenti saranno festeggiati in tono minore e, per cos\u00ec dire, saranno frutto di \u201corganizzazioni spontanee\u201d di gruppetti mascherati, ci\u00f2 proprio per l\u2019impossibilit\u00e0, dovuta alle restrizioni anti-covid, di preparare in maniera ufficiale e consueta attivit\u00e0 e momenti che il calendario solitamente proponeva.<br \/>\nPartecipare a queste manifestazioni carnascialesche significa immergersi in un\u2019atmosfera in cui realt\u00e0 e finzione si confondono e dove essere e agire non seguono pi\u00f9 le regole quotidiane della vita vera. Una maschera sul volto o un trucco un po\u2019 vistoso, un cappello a larghe tese o un vestito fuori taglia e tanta, tanta voglia di divertirsi; questi sono gli ingredienti principali per far parte degli allegri gruppi dei \u201cCarnevai de le vai\u201d. Buon divertimento perch\u00e9\u2026 \u201cChi non ride mai non \u00e8 una persona seria\u201d, parola di Charlie Chaplin.<\/p>\n\n\t\t\t<style type='text\/css'>\n\t\t\t\t#gallery-1 {\n\t\t\t\t\tmargin: auto;\n\t\t\t\t}\n\t\t\t\t#gallery-1 .gallery-item {\n\t\t\t\t\tfloat: left;\n\t\t\t\t\tmargin-top: 10px;\n\t\t\t\t\ttext-align: center;\n\t\t\t\t\twidth: 33%;\n\t\t\t\t}\n\t\t\t\t#gallery-1 img {\n\t\t\t\t\tborder: 2px solid #cfcfcf;\n\t\t\t\t}\n\t\t\t\t#gallery-1 .gallery-caption {\n\t\t\t\t\tmargin-left: 0;\n\t\t\t\t}\n\t\t\t\t\/* see gallery_shortcode() in wp-includes\/media.php *\/\n\t\t\t<\/style>\n\t\t<div id='gallery-1' class='dt-gallery-container gallery galleryid-261005 gallery-columns-3 gallery-size-thumbnail'><dl class='gallery-item'>\n\t\t\t\t<dt class='gallery-icon portrait'>\n\t\t\t\t\t<a class=\"rollover rollover-zoom dt-pswp-item\" title=\"DepliantCover\" data-dt-img-description=\"\" data-large_image_width=\"1000\" data-large_image_height=\"1321\"href='https:\/\/www.radiopiu.net\/wordpress\/wp-content\/uploads\/2022\/02\/DepliantCover.jpg'><img loading=\"lazy\" decoding=\"async\" width=\"150\" height=\"150\" src=\"https:\/\/www.radiopiu.net\/wordpress\/wp-content\/uploads\/2022\/02\/DepliantCover-150x150.jpg\" class=\"attachment-thumbnail size-thumbnail\" alt=\"\" \/><\/a>\n\t\t\t\t<\/dt><\/dl><dl class='gallery-item'>\n\t\t\t\t<dt class='gallery-icon landscape'>\n\t\t\t\t\t<a class=\"rollover rollover-zoom dt-pswp-item\" title=\"Rivamonte2\" data-dt-img-description=\"\" data-large_image_width=\"1737\" data-large_image_height=\"932\"href='https:\/\/www.radiopiu.net\/wordpress\/wp-content\/uploads\/2022\/02\/Rivamonte2.jpg'><img loading=\"lazy\" decoding=\"async\" width=\"150\" height=\"150\" src=\"https:\/\/www.radiopiu.net\/wordpress\/wp-content\/uploads\/2022\/02\/Rivamonte2-150x150.jpg\" class=\"attachment-thumbnail size-thumbnail\" alt=\"\" aria-describedby=\"gallery-1-261006\" \/><\/a>\n\t\t\t\t<\/dt>\n\t\t\t\t\t<dd class='wp-caption-text gallery-caption' id='gallery-1-261006'>\n\t\t\t\t\tRivamonte2\n\t\t\t\t\t<\/dd><\/dl><dl class='gallery-item'>\n\t\t\t\t<dt class='gallery-icon portrait'>\n\t\t\t\t\t<a class=\"rollover rollover-zoom dt-pswp-item\" title=\"Zinghenesta\" data-dt-img-description=\"\" data-large_image_width=\"557\" data-large_image_height=\"598\"href='https:\/\/www.radiopiu.net\/wordpress\/wp-content\/uploads\/2022\/02\/Zinghenesta.jpg'><img loading=\"lazy\" decoding=\"async\" width=\"150\" height=\"150\" src=\"https:\/\/www.radiopiu.net\/wordpress\/wp-content\/uploads\/2022\/02\/Zinghenesta-150x150.jpg\" class=\"attachment-thumbnail size-thumbnail\" alt=\"\" aria-describedby=\"gallery-1-261011\" \/><\/a>\n\t\t\t\t<\/dt>\n\t\t\t\t\t<dd class='wp-caption-text gallery-caption' id='gallery-1-261011'>\n\t\t\t\t\tZinghenesta Canale d&#8217;Agordo\n\t\t\t\t\t<\/dd><\/dl><br style=\"clear: both\" \/><dl class='gallery-item'>\n\t\t\t\t<dt class='gallery-icon portrait'>\n\t\t\t\t\t<a class=\"rollover rollover-zoom dt-pswp-item\" title=\"Laste\" data-dt-img-description=\"\" data-large_image_width=\"925\" data-large_image_height=\"1599\"href='https:\/\/www.radiopiu.net\/wordpress\/wp-content\/uploads\/2022\/02\/Laste.jpg'><img loading=\"lazy\" decoding=\"async\" width=\"150\" height=\"150\" src=\"https:\/\/www.radiopiu.net\/wordpress\/wp-content\/uploads\/2022\/02\/Laste-150x150.jpg\" class=\"attachment-thumbnail size-thumbnail\" alt=\"\" aria-describedby=\"gallery-1-261009\" \/><\/a>\n\t\t\t\t<\/dt>\n\t\t\t\t\t<dd class='wp-caption-text gallery-caption' id='gallery-1-261009'>\n\t\t\t\t\tLaste di Rocca Pietore\n\t\t\t\t\t<\/dd><\/dl><dl class='gallery-item'>\n\t\t\t\t<dt class='gallery-icon portrait'>\n\t\t\t\t\t<a class=\"rollover rollover-zoom dt-pswp-item\" title=\"Selva\" data-dt-img-description=\"\" data-large_image_width=\"1010\" data-large_image_height=\"1375\"href='https:\/\/www.radiopiu.net\/wordpress\/wp-content\/uploads\/2022\/02\/Selva.jpg'><img loading=\"lazy\" decoding=\"async\" width=\"150\" height=\"150\" src=\"https:\/\/www.radiopiu.net\/wordpress\/wp-content\/uploads\/2022\/02\/Selva-150x150.jpg\" class=\"attachment-thumbnail size-thumbnail\" alt=\"\" aria-describedby=\"gallery-1-261008\" \/><\/a>\n\t\t\t\t<\/dt>\n\t\t\t\t\t<dd class='wp-caption-text gallery-caption' id='gallery-1-261008'>\n\t\t\t\t\tSelva di Cadore\n\t\t\t\t\t<\/dd><\/dl><dl class='gallery-item'>\n\t\t\t\t<dt class='gallery-icon portrait'>\n\t\t\t\t\t<a class=\"rollover rollover-zoom dt-pswp-item\" title=\"Sottoguda\" data-dt-img-description=\"\" data-large_image_width=\"500\" data-large_image_height=\"620\"href='https:\/\/www.radiopiu.net\/wordpress\/wp-content\/uploads\/2022\/02\/Sottoguda.jpg'><img loading=\"lazy\" decoding=\"async\" width=\"150\" height=\"150\" src=\"https:\/\/www.radiopiu.net\/wordpress\/wp-content\/uploads\/2022\/02\/Sottoguda-150x150.jpg\" class=\"attachment-thumbnail size-thumbnail\" alt=\"\" aria-describedby=\"gallery-1-261007\" \/><\/a>\n\t\t\t\t<\/dt>\n\t\t\t\t\t<dd class='wp-caption-text gallery-caption' id='gallery-1-261007'>\n\t\t\t\t\tSottoguda di Rocca Pietore\n\t\t\t\t\t<\/dd><\/dl><br style=\"clear: both\" \/>\n\t\t\t<\/div>\n\n","protected":false},"excerpt":{"rendered":"<p>Carnevali e mascherate tradizionali dell\u2019Agordino VOLTAGO Dopo lo stop forzato del 2020, finalmente quest\u2019anno i carnevali tradizionali dell\u2019Agordino, seppure ancora in maniera ridotta e con alcune restrizioni anti-covid, non si sono fatti scoraggiare, anzi, carichi di voglia di divertimento, per troppo tempo assopito, si sono organizzati e, unendo le forze, hanno riportato questo patrimonio culturale&hellip;<\/p>\n","protected":false},"author":4,"featured_media":261011,"comment_status":"closed","ping_status":"closed","sticky":false,"template":"","format":"standard","meta":{"_monsterinsights_skip_tracking":false,"_monsterinsights_sitenote_active":false,"_monsterinsights_sitenote_note":"","_monsterinsights_sitenote_category":0,"footnotes":""},"categories":[49],"tags":[],"class_list":["post-261005","post","type-post","status-publish","format-standard","has-post-thumbnail","hentry","category-news-18","category-49","description-off"],"img_url":"https:\/\/www.radiopiu.net\/wordpress\/wp-content\/uploads\/2022\/02\/Zinghenesta.jpg","_links":{"self":[{"href":"https:\/\/www.radiopiu.net\/wordpress\/wp-json\/wp\/v2\/posts\/261005","targetHints":{"allow":["GET"]}}],"collection":[{"href":"https:\/\/www.radiopiu.net\/wordpress\/wp-json\/wp\/v2\/posts"}],"about":[{"href":"https:\/\/www.radiopiu.net\/wordpress\/wp-json\/wp\/v2\/types\/post"}],"author":[{"embeddable":true,"href":"https:\/\/www.radiopiu.net\/wordpress\/wp-json\/wp\/v2\/users\/4"}],"replies":[{"embeddable":true,"href":"https:\/\/www.radiopiu.net\/wordpress\/wp-json\/wp\/v2\/comments?post=261005"}],"version-history":[{"count":0,"href":"https:\/\/www.radiopiu.net\/wordpress\/wp-json\/wp\/v2\/posts\/261005\/revisions"}],"wp:featuredmedia":[{"embeddable":true,"href":"https:\/\/www.radiopiu.net\/wordpress\/wp-json\/wp\/v2\/media\/261011"}],"wp:attachment":[{"href":"https:\/\/www.radiopiu.net\/wordpress\/wp-json\/wp\/v2\/media?parent=261005"}],"wp:term":[{"taxonomy":"category","embeddable":true,"href":"https:\/\/www.radiopiu.net\/wordpress\/wp-json\/wp\/v2\/categories?post=261005"},{"taxonomy":"post_tag","embeddable":true,"href":"https:\/\/www.radiopiu.net\/wordpress\/wp-json\/wp\/v2\/tags?post=261005"}],"curies":[{"name":"wp","href":"https:\/\/api.w.org\/{rel}","templated":true}]}}