{"id":261047,"date":"2022-02-23T05:50:25","date_gmt":"2022-02-23T04:50:25","guid":{"rendered":"https:\/\/www.radiopiu.net\/wordpress\/?p=261047"},"modified":"2022-02-23T05:44:23","modified_gmt":"2022-02-23T04:44:23","slug":"nevegal-intervenire-sulla-viabilita-per-residenti-e-turisti-le-associazioni-unite-per-chiedere-collegamenti-comprensoriali-strategici","status":"publish","type":"post","link":"https:\/\/www.radiopiu.net\/wordpress\/nevegal-intervenire-sulla-viabilita-per-residenti-e-turisti-le-associazioni-unite-per-chiedere-collegamenti-comprensoriali-strategici\/","title":{"rendered":"&#8220;NEVEGAL, INTERVENIRE SULLA VIABILIT\u00c0 PER RESIDENTI E TURISTI&#8221;. LE ASSOCIAZIONI UNITE PER CHIEDERE COLLEGAMENTI COMPRENSORIALI STRATEGICI"},"content":{"rendered":"<p><strong><a class=\"dt-pswp-item\" href=\"https:\/\/www.radiopiu.net\/wordpress\/wp-content\/uploads\/2020\/06\/be8b9967-cf21-4f23-8e42-b56b1c184d9b.jpg\" data-dt-img-description=\"\" data-large_image_width=\"2048\" data-large_image_height=\"1024\"><img loading=\"lazy\" decoding=\"async\" class=\"size-medium wp-image-147116 alignleft\" src=\"https:\/\/www.radiopiu.net\/wordpress\/wp-content\/uploads\/2020\/06\/be8b9967-cf21-4f23-8e42-b56b1c184d9b-300x150.jpg\" alt=\"\" width=\"300\" height=\"150\" srcset=\"https:\/\/www.radiopiu.net\/wordpress\/wp-content\/uploads\/2020\/06\/be8b9967-cf21-4f23-8e42-b56b1c184d9b-300x150.jpg 300w, https:\/\/www.radiopiu.net\/wordpress\/wp-content\/uploads\/2020\/06\/be8b9967-cf21-4f23-8e42-b56b1c184d9b-1024x512.jpg 1024w, https:\/\/www.radiopiu.net\/wordpress\/wp-content\/uploads\/2020\/06\/be8b9967-cf21-4f23-8e42-b56b1c184d9b-768x384.jpg 768w, https:\/\/www.radiopiu.net\/wordpress\/wp-content\/uploads\/2020\/06\/be8b9967-cf21-4f23-8e42-b56b1c184d9b-1536x768.jpg 1536w, https:\/\/www.radiopiu.net\/wordpress\/wp-content\/uploads\/2020\/06\/be8b9967-cf21-4f23-8e42-b56b1c184d9b.jpg 2048w\" sizes=\"auto, (max-width: 300px) 100vw, 300px\" \/><\/a>BELLUNO <\/strong>Le associazioni del Nevegal &#8211; Belluno Alpina, Proprietari Nevegal, Amici del Nevegal, Nevegallika e Comitato frazionale di Valmorel\u00a0 &#8211; segnalano la situazione della viabilit\u00e0 nel comprensorio e il rischio di aggravamento delle condizioni di isolamento delle sue frazioni. \u201c<em>Nell&#8217;ottica comprensoriale alla quale come associazioni da tempo lavoriamo,\u201d affermano le associazioni \u201cresidenzialit\u00e0 e turismo sono legati a doppia corda ad una buona viabilit\u00e0: la strada che collega Nevegal con Ronce e Valmorel \u00e8 un&#8217;importante arteria per l&#8217;area, ma versa in condizioni non dignitose. Chiediamo che venga al pi\u00f9 presto realizzato un intervento di adeguamento e sistemazione di questa viabilit\u00e0. Questa cos\u00ec come molte altre strade di quese frazioni non sono adeguate ad un transito veicolare regolare: sul fronte turistico, sono inaffrontabili ed anche su quello residenziale forniscono poche garanzie. Cos\u00ec facendo, si mantengono le frazioni separate fra loro, aumentando l&#8217;isolamento e il rischio di spopolamento, e non si sfrutta appieno il potenziale naturalistico e culturale del comprensorio<\/em>\u201d. L&#8217;associazione Belluno Alpina ricorda poi \u201c<em>come il progetto antispopolamento Ronce 2020 punti allo sviluppo delle localit\u00e0 di questo territorio che nelle sue varie zone propone peculiarit\u00e0 diverse pronte ad attirare ogni tipo di visitatore: il Nevegal per un turismo invernale ed estivo sportivo e \u201cdi massa\u201d; Ronce per gli aspetti naturalistici, tradizionali e di storia montana; Valmorel per l&#8217;agricoltura e la cultura<\/em>\u201d. Tutte le associazioni sono impegnate, a vario titolo e nei vari settori, nella cura e nel rilancio del comprensorio, ma ora ritengono fondamentale che le istituzioni si attivino per collegare tutte le localit\u00e0 e concretizzare cos\u00ec il legame comprensoriale: \u201c<em>Il PNRR, a nostro avviso,\u201d concludono \u201csul nostro territorio deve servire a riequilibrare le situazioni di disuguaglianza e di squilibrio che da tempo colpiscono le aree montane prealpine del capoluogo e dell&#8217;intero comprensorio: anche se a scadenza, ci auguriamo che l&#8217;amministrazione del capoluogo, che sappiamo ha predisposto con l&#8217;assessore ai lavori pubblici Biagio Giannone vari progetti tra i quali appunto il progetto del tratto di strada in questione Ronce-Nevegal, sia pronta per poter intercettare eventuali bandi dedicati; \u00e8 necessario per\u00f2 che i nostri parlamentari trovino soluzioni per sostenere le Prealpi, visto che i comuni da soli non possono fare niente e che gli ultimi bandi nazionali ci hanno ignorato. Serve infine, e continuiamo a ribadirlo, un&#8217;unione dei territori per offrire un pacchetto completo ai turisti: se i comuni non lavorano insieme, \u00e8 inutile parlare e ragionare a livello di comprensorio. Vanno individuate le risorse per la strada silvopastorale, valutando anche l\u2019utilizzo dei fondi Vaia vista l&#8217;avanzata implacabile del bostrico, e vanno trovate fonti alternative di finanziamenti al progetto \u201cValorizzazione della montagna di Buzzati\u201d che era stato proposto al Bando Habitat di Fondazione Cariverona. Senza strade dignitose, anche i residenti fanno fatica e possono scoraggiarsi, fino ad abbandonare il proprio territorio: \u00e8 quindi fondamentale ascoltare gli abitanti e i proprietari delle abitazioni, sentinelle e manutentori di questo territorio enorme che senza il loro lavoro e la loro presenza \u00e8 destinato a trasformarsi in boscaglia senza cura<\/em>\u201d.<\/p>\n\n\t\t\t<style type='text\/css'>\n\t\t\t\t#gallery-1 {\n\t\t\t\t\tmargin: auto;\n\t\t\t\t}\n\t\t\t\t#gallery-1 .gallery-item {\n\t\t\t\t\tfloat: left;\n\t\t\t\t\tmargin-top: 10px;\n\t\t\t\t\ttext-align: center;\n\t\t\t\t\twidth: 33%;\n\t\t\t\t}\n\t\t\t\t#gallery-1 img {\n\t\t\t\t\tborder: 2px solid #cfcfcf;\n\t\t\t\t}\n\t\t\t\t#gallery-1 .gallery-caption {\n\t\t\t\t\tmargin-left: 0;\n\t\t\t\t}\n\t\t\t\t\/* see gallery_shortcode() in wp-includes\/media.php *\/\n\t\t\t<\/style>\n\t\t<div id='gallery-1' class='dt-gallery-container gallery galleryid-261047 gallery-columns-3 gallery-size-medium'><dl class='gallery-item'>\n\t\t\t\t<dt class='gallery-icon landscape'>\n\t\t\t\t\t<a class=\"rollover rollover-zoom dt-pswp-item\" title=\"ea545b8a-7829-48aa-b6f1-41f131d42a02\" data-dt-img-description=\"\" data-large_image_width=\"2048\" data-large_image_height=\"1536\"href='https:\/\/www.radiopiu.net\/wordpress\/wp-content\/uploads\/2022\/02\/ea545b8a-7829-48aa-b6f1-41f131d42a02.jpg'><img loading=\"lazy\" decoding=\"async\" width=\"300\" height=\"225\" src=\"https:\/\/www.radiopiu.net\/wordpress\/wp-content\/uploads\/2022\/02\/ea545b8a-7829-48aa-b6f1-41f131d42a02-300x225.jpg\" class=\"attachment-medium size-medium\" alt=\"\" srcset=\"https:\/\/www.radiopiu.net\/wordpress\/wp-content\/uploads\/2022\/02\/ea545b8a-7829-48aa-b6f1-41f131d42a02-300x225.jpg 300w, https:\/\/www.radiopiu.net\/wordpress\/wp-content\/uploads\/2022\/02\/ea545b8a-7829-48aa-b6f1-41f131d42a02-1024x768.jpg 1024w, https:\/\/www.radiopiu.net\/wordpress\/wp-content\/uploads\/2022\/02\/ea545b8a-7829-48aa-b6f1-41f131d42a02-768x576.jpg 768w, https:\/\/www.radiopiu.net\/wordpress\/wp-content\/uploads\/2022\/02\/ea545b8a-7829-48aa-b6f1-41f131d42a02-1536x1152.jpg 1536w, https:\/\/www.radiopiu.net\/wordpress\/wp-content\/uploads\/2022\/02\/ea545b8a-7829-48aa-b6f1-41f131d42a02.jpg 2048w\" sizes=\"auto, (max-width: 300px) 100vw, 300px\" \/><\/a>\n\t\t\t\t<\/dt><\/dl><dl class='gallery-item'>\n\t\t\t\t<dt class='gallery-icon portrait'>\n\t\t\t\t\t<a class=\"rollover rollover-zoom dt-pswp-item\" title=\"d8f1beaf-12e7-4b4e-bab5-f496bd693b84\" data-dt-img-description=\"\" data-large_image_width=\"1536\" data-large_image_height=\"2048\"href='https:\/\/www.radiopiu.net\/wordpress\/wp-content\/uploads\/2022\/02\/d8f1beaf-12e7-4b4e-bab5-f496bd693b84.jpg'><img loading=\"lazy\" decoding=\"async\" width=\"225\" height=\"300\" src=\"https:\/\/www.radiopiu.net\/wordpress\/wp-content\/uploads\/2022\/02\/d8f1beaf-12e7-4b4e-bab5-f496bd693b84-225x300.jpg\" class=\"attachment-medium size-medium\" alt=\"\" srcset=\"https:\/\/www.radiopiu.net\/wordpress\/wp-content\/uploads\/2022\/02\/d8f1beaf-12e7-4b4e-bab5-f496bd693b84-225x300.jpg 225w, https:\/\/www.radiopiu.net\/wordpress\/wp-content\/uploads\/2022\/02\/d8f1beaf-12e7-4b4e-bab5-f496bd693b84-768x1024.jpg 768w, https:\/\/www.radiopiu.net\/wordpress\/wp-content\/uploads\/2022\/02\/d8f1beaf-12e7-4b4e-bab5-f496bd693b84-1152x1536.jpg 1152w, https:\/\/www.radiopiu.net\/wordpress\/wp-content\/uploads\/2022\/02\/d8f1beaf-12e7-4b4e-bab5-f496bd693b84.jpg 1536w\" sizes=\"auto, (max-width: 225px) 100vw, 225px\" \/><\/a>\n\t\t\t\t<\/dt><\/dl><dl class='gallery-item'>\n\t\t\t\t<dt class='gallery-icon portrait'>\n\t\t\t\t\t<a class=\"rollover rollover-zoom dt-pswp-item\" title=\"62e95510-6a47-4c45-9b4a-430c27c16535\" data-dt-img-description=\"\" data-large_image_width=\"1536\" data-large_image_height=\"2048\"href='https:\/\/www.radiopiu.net\/wordpress\/wp-content\/uploads\/2022\/02\/62e95510-6a47-4c45-9b4a-430c27c16535.jpg'><img loading=\"lazy\" decoding=\"async\" width=\"225\" height=\"300\" src=\"https:\/\/www.radiopiu.net\/wordpress\/wp-content\/uploads\/2022\/02\/62e95510-6a47-4c45-9b4a-430c27c16535-225x300.jpg\" class=\"attachment-medium size-medium\" alt=\"\" srcset=\"https:\/\/www.radiopiu.net\/wordpress\/wp-content\/uploads\/2022\/02\/62e95510-6a47-4c45-9b4a-430c27c16535-225x300.jpg 225w, https:\/\/www.radiopiu.net\/wordpress\/wp-content\/uploads\/2022\/02\/62e95510-6a47-4c45-9b4a-430c27c16535-768x1024.jpg 768w, https:\/\/www.radiopiu.net\/wordpress\/wp-content\/uploads\/2022\/02\/62e95510-6a47-4c45-9b4a-430c27c16535-1152x1536.jpg 1152w, https:\/\/www.radiopiu.net\/wordpress\/wp-content\/uploads\/2022\/02\/62e95510-6a47-4c45-9b4a-430c27c16535.jpg 1536w\" sizes=\"auto, (max-width: 225px) 100vw, 225px\" \/><\/a>\n\t\t\t\t<\/dt><\/dl><br style=\"clear: both\" \/><dl class='gallery-item'>\n\t\t\t\t<dt class='gallery-icon portrait'>\n\t\t\t\t\t<a class=\"rollover rollover-zoom dt-pswp-item\" title=\"4344e884-1ee9-472b-8f1c-fad884aa80fa\" data-dt-img-description=\"\" data-large_image_width=\"1536\" data-large_image_height=\"2048\"href='https:\/\/www.radiopiu.net\/wordpress\/wp-content\/uploads\/2022\/02\/4344e884-1ee9-472b-8f1c-fad884aa80fa.jpg'><img loading=\"lazy\" decoding=\"async\" width=\"225\" height=\"300\" src=\"https:\/\/www.radiopiu.net\/wordpress\/wp-content\/uploads\/2022\/02\/4344e884-1ee9-472b-8f1c-fad884aa80fa-225x300.jpg\" class=\"attachment-medium size-medium\" alt=\"\" srcset=\"https:\/\/www.radiopiu.net\/wordpress\/wp-content\/uploads\/2022\/02\/4344e884-1ee9-472b-8f1c-fad884aa80fa-225x300.jpg 225w, https:\/\/www.radiopiu.net\/wordpress\/wp-content\/uploads\/2022\/02\/4344e884-1ee9-472b-8f1c-fad884aa80fa-768x1024.jpg 768w, https:\/\/www.radiopiu.net\/wordpress\/wp-content\/uploads\/2022\/02\/4344e884-1ee9-472b-8f1c-fad884aa80fa-1152x1536.jpg 1152w, https:\/\/www.radiopiu.net\/wordpress\/wp-content\/uploads\/2022\/02\/4344e884-1ee9-472b-8f1c-fad884aa80fa.jpg 1536w\" sizes=\"auto, (max-width: 225px) 100vw, 225px\" \/><\/a>\n\t\t\t\t<\/dt><\/dl><dl class='gallery-item'>\n\t\t\t\t<dt class='gallery-icon portrait'>\n\t\t\t\t\t<a class=\"rollover rollover-zoom dt-pswp-item\" title=\"40d6b7d2-b879-48b4-b4ed-a7ee29be7eb3\" data-dt-img-description=\"\" data-large_image_width=\"1536\" data-large_image_height=\"2048\"href='https:\/\/www.radiopiu.net\/wordpress\/wp-content\/uploads\/2022\/02\/40d6b7d2-b879-48b4-b4ed-a7ee29be7eb3.jpg'><img loading=\"lazy\" decoding=\"async\" width=\"225\" height=\"300\" src=\"https:\/\/www.radiopiu.net\/wordpress\/wp-content\/uploads\/2022\/02\/40d6b7d2-b879-48b4-b4ed-a7ee29be7eb3-225x300.jpg\" class=\"attachment-medium size-medium\" alt=\"\" srcset=\"https:\/\/www.radiopiu.net\/wordpress\/wp-content\/uploads\/2022\/02\/40d6b7d2-b879-48b4-b4ed-a7ee29be7eb3-225x300.jpg 225w, https:\/\/www.radiopiu.net\/wordpress\/wp-content\/uploads\/2022\/02\/40d6b7d2-b879-48b4-b4ed-a7ee29be7eb3-768x1024.jpg 768w, https:\/\/www.radiopiu.net\/wordpress\/wp-content\/uploads\/2022\/02\/40d6b7d2-b879-48b4-b4ed-a7ee29be7eb3-1152x1536.jpg 1152w, https:\/\/www.radiopiu.net\/wordpress\/wp-content\/uploads\/2022\/02\/40d6b7d2-b879-48b4-b4ed-a7ee29be7eb3.jpg 1536w\" sizes=\"auto, (max-width: 225px) 100vw, 225px\" \/><\/a>\n\t\t\t\t<\/dt><\/dl><dl class='gallery-item'>\n\t\t\t\t<dt class='gallery-icon portrait'>\n\t\t\t\t\t<a class=\"rollover rollover-zoom dt-pswp-item\" title=\"8659a91e-6e0d-44f2-8f46-df8ddbaa21f9\" data-dt-img-description=\"\" data-large_image_width=\"1536\" data-large_image_height=\"2048\"href='https:\/\/www.radiopiu.net\/wordpress\/wp-content\/uploads\/2022\/02\/8659a91e-6e0d-44f2-8f46-df8ddbaa21f9.jpg'><img loading=\"lazy\" decoding=\"async\" width=\"225\" height=\"300\" src=\"https:\/\/www.radiopiu.net\/wordpress\/wp-content\/uploads\/2022\/02\/8659a91e-6e0d-44f2-8f46-df8ddbaa21f9-225x300.jpg\" class=\"attachment-medium size-medium\" alt=\"\" srcset=\"https:\/\/www.radiopiu.net\/wordpress\/wp-content\/uploads\/2022\/02\/8659a91e-6e0d-44f2-8f46-df8ddbaa21f9-225x300.jpg 225w, https:\/\/www.radiopiu.net\/wordpress\/wp-content\/uploads\/2022\/02\/8659a91e-6e0d-44f2-8f46-df8ddbaa21f9-768x1024.jpg 768w, https:\/\/www.radiopiu.net\/wordpress\/wp-content\/uploads\/2022\/02\/8659a91e-6e0d-44f2-8f46-df8ddbaa21f9-1152x1536.jpg 1152w, https:\/\/www.radiopiu.net\/wordpress\/wp-content\/uploads\/2022\/02\/8659a91e-6e0d-44f2-8f46-df8ddbaa21f9.jpg 1536w\" sizes=\"auto, (max-width: 225px) 100vw, 225px\" \/><\/a>\n\t\t\t\t<\/dt><\/dl><br style=\"clear: both\" \/>\n\t\t\t<\/div>\n\n<p>&nbsp;<\/p>\n<p>*****<\/p>\n","protected":false},"excerpt":{"rendered":"<p>BELLUNO Le associazioni del Nevegal &#8211; Belluno Alpina, Proprietari Nevegal, Amici del Nevegal, Nevegallika e Comitato frazionale di Valmorel\u00a0 &#8211; segnalano la situazione della viabilit\u00e0 nel comprensorio e il rischio di aggravamento delle condizioni di isolamento delle sue frazioni. \u201cNell&#8217;ottica comprensoriale alla quale come associazioni da tempo lavoriamo,\u201d affermano le associazioni \u201cresidenzialit\u00e0 e turismo sono&hellip;<\/p>\n","protected":false},"author":4,"featured_media":147116,"comment_status":"closed","ping_status":"closed","sticky":false,"template":"","format":"standard","meta":{"_monsterinsights_skip_tracking":false,"_monsterinsights_sitenote_active":false,"_monsterinsights_sitenote_note":"","_monsterinsights_sitenote_category":0,"footnotes":""},"categories":[104,49],"tags":[],"class_list":["post-261047","post","type-post","status-publish","format-standard","has-post-thumbnail","hentry","category-evidenza_3","category-news-18","category-104","category-49","description-off"],"img_url":"https:\/\/www.radiopiu.net\/wordpress\/wp-content\/uploads\/2020\/06\/be8b9967-cf21-4f23-8e42-b56b1c184d9b.jpg","_links":{"self":[{"href":"https:\/\/www.radiopiu.net\/wordpress\/wp-json\/wp\/v2\/posts\/261047","targetHints":{"allow":["GET"]}}],"collection":[{"href":"https:\/\/www.radiopiu.net\/wordpress\/wp-json\/wp\/v2\/posts"}],"about":[{"href":"https:\/\/www.radiopiu.net\/wordpress\/wp-json\/wp\/v2\/types\/post"}],"author":[{"embeddable":true,"href":"https:\/\/www.radiopiu.net\/wordpress\/wp-json\/wp\/v2\/users\/4"}],"replies":[{"embeddable":true,"href":"https:\/\/www.radiopiu.net\/wordpress\/wp-json\/wp\/v2\/comments?post=261047"}],"version-history":[{"count":0,"href":"https:\/\/www.radiopiu.net\/wordpress\/wp-json\/wp\/v2\/posts\/261047\/revisions"}],"wp:featuredmedia":[{"embeddable":true,"href":"https:\/\/www.radiopiu.net\/wordpress\/wp-json\/wp\/v2\/media\/147116"}],"wp:attachment":[{"href":"https:\/\/www.radiopiu.net\/wordpress\/wp-json\/wp\/v2\/media?parent=261047"}],"wp:term":[{"taxonomy":"category","embeddable":true,"href":"https:\/\/www.radiopiu.net\/wordpress\/wp-json\/wp\/v2\/categories?post=261047"},{"taxonomy":"post_tag","embeddable":true,"href":"https:\/\/www.radiopiu.net\/wordpress\/wp-json\/wp\/v2\/tags?post=261047"}],"curies":[{"name":"wp","href":"https:\/\/api.w.org\/{rel}","templated":true}]}}