{"id":261060,"date":"2022-02-23T05:40:02","date_gmt":"2022-02-23T04:40:02","guid":{"rendered":"https:\/\/www.radiopiu.net\/wordpress\/?p=261060"},"modified":"2022-02-23T05:48:22","modified_gmt":"2022-02-23T04:48:22","slug":"milano-cortina-2026-approvato-laccordo-di-programma-per-la-riqualificazione-della-pista-da-bob-eugenio-monti","status":"publish","type":"post","link":"https:\/\/www.radiopiu.net\/wordpress\/milano-cortina-2026-approvato-laccordo-di-programma-per-la-riqualificazione-della-pista-da-bob-eugenio-monti\/","title":{"rendered":"MILANO CORTINA 2026. APPROVATO L\u2019ACCORDO DI PROGRAMMA PER LA RIQUALIFICAZIONE DELLA PISTA DA BOB \u201cEUGENIO MONTI\u201d"},"content":{"rendered":"<p><strong><a class=\"dt-pswp-item\" href=\"https:\/\/www.radiopiu.net\/wordpress\/wp-content\/uploads\/2021\/04\/cortina_guide_bob-1.jpg\" data-dt-img-description=\"\" data-large_image_width=\"600\" data-large_image_height=\"300\"><img loading=\"lazy\" decoding=\"async\" class=\"size-medium wp-image-204667 alignleft\" src=\"https:\/\/www.radiopiu.net\/wordpress\/wp-content\/uploads\/2021\/04\/cortina_guide_bob-1-300x150.jpg\" alt=\"\" width=\"300\" height=\"150\" srcset=\"https:\/\/www.radiopiu.net\/wordpress\/wp-content\/uploads\/2021\/04\/cortina_guide_bob-1-300x150.jpg 300w, https:\/\/www.radiopiu.net\/wordpress\/wp-content\/uploads\/2021\/04\/cortina_guide_bob-1.jpg 600w\" sizes=\"auto, (max-width: 300px) 100vw, 300px\" \/><\/a>VENEZIA <\/strong>\u201c<em>Con la sigla dell\u2019Accordo di programma per la realizzazione ed il cofinanziamento dell\u2019intervento di riqualificazione dell\u2019impianto di bob \u2018Eugenio Monti\u2019 si mette nero su bianco l\u2019impegno della Regione nella realizzazione di una delle opere simbolo delle Olimpiadi Milano Cortina 2026. Il progetto diventa a tutti gli effetti un\u2019opera infrastrutturale che pone le basi per la rinascita della montagna veneta e per la realizzazione di un piano ambientale sostenibile che intende crescere ispirandosi ai principi dell\u2019Agenda Onu 2030. Con la riqualificazione dell\u2019impianto di bob, Cortina segner\u00e0 il punto di partenza per un nuovo corso del territorio montano, con la storia sportiva a dare avvio ad una nuova fase di sviluppo economico, ambientale, infrastrutturale e turistico<\/em>\u201d. Il Presidente della Regione Veneto Luca Zaia commenta cos\u00ec l\u2019approvazione odierna, da parte della Giunta regionale, dell\u2019Accordo di programma tra Regione, Provincia di Belluno e Comune di Cortina d\u2019Ampezzo per la realizzazione ed il cofinanziamento dell\u2019intervento di riqualificazione dell\u2019impianto di bob \u201cEugenio Monti\u201d, che sancisce la volont\u00e0 dei tre soggetti di realizzare l\u2019opera. L\u2019intervento di riqualificazione dell\u2019impianto di bob \u201cEugenio Monti\u201d di Cortina d\u2019Ampezzo, finanziato con un emendamento del Governo nell\u2019ambito dell\u2019ultima manovra di bilancio, \u00e8 stato individuato nel Masterplan olimpico quale \u201cVenue\u201d di gara per lo svolgimento delle discipline del bob, dello slittino e dello skeleton, e rientra tra i progetti strategici di maggiore rilievo nell\u2019ambito delle attivit\u00e0 finalizzate all\u2019organizzazione dei Giochi Olimpici e Paralimpici Invernali Milano Cortina 2026. In base all\u2019Accordo di Programma, in un\u2019ottica di comune sinergia tra enti locali e con l\u2019obiettivo di ottenere un impianto sportivo di eccellenza sotto il profilo della sicurezza degli atleti e delle caratteristiche sportive, valutando le soluzioni migliori in grado di contemperare gli aspetti ambientali, paesaggistici e sportivi, vengono riconosciuti gli impegni specifici in capo ai tre soggetti sottoscrittori. La Regione ha gi\u00e0 predisposto il Documento di fattibilit\u00e0 delle alternative progettuali e il Progetto di fattibilit\u00e0 tecnica economica, mentre la Provincia di Belluno ed il comune di Cortina si impegnano a cofinanziare l\u2019intervento con un importo pari a 500.000 euro ciascuno.<\/p>\n<p>&nbsp;<\/p>\n<p>&nbsp;<\/p>\n<p>*****<\/p>\n","protected":false},"excerpt":{"rendered":"<p>VENEZIA \u201cCon la sigla dell\u2019Accordo di programma per la realizzazione ed il cofinanziamento dell\u2019intervento di riqualificazione dell\u2019impianto di bob \u2018Eugenio Monti\u2019 si mette nero su bianco l\u2019impegno della Regione nella realizzazione di una delle opere simbolo delle Olimpiadi Milano Cortina 2026. Il progetto diventa a tutti gli effetti un\u2019opera infrastrutturale che pone le basi per&hellip;<\/p>\n","protected":false},"author":4,"featured_media":204667,"comment_status":"closed","ping_status":"closed","sticky":false,"template":"","format":"standard","meta":{"_monsterinsights_skip_tracking":false,"_monsterinsights_sitenote_active":false,"_monsterinsights_sitenote_note":"","_monsterinsights_sitenote_category":0,"footnotes":""},"categories":[51,49],"tags":[],"class_list":["post-261060","post","type-post","status-publish","format-standard","has-post-thumbnail","hentry","category-evidenza-top","category-news-18","category-51","category-49","description-off"],"img_url":"https:\/\/www.radiopiu.net\/wordpress\/wp-content\/uploads\/2021\/04\/cortina_guide_bob-1.jpg","_links":{"self":[{"href":"https:\/\/www.radiopiu.net\/wordpress\/wp-json\/wp\/v2\/posts\/261060","targetHints":{"allow":["GET"]}}],"collection":[{"href":"https:\/\/www.radiopiu.net\/wordpress\/wp-json\/wp\/v2\/posts"}],"about":[{"href":"https:\/\/www.radiopiu.net\/wordpress\/wp-json\/wp\/v2\/types\/post"}],"author":[{"embeddable":true,"href":"https:\/\/www.radiopiu.net\/wordpress\/wp-json\/wp\/v2\/users\/4"}],"replies":[{"embeddable":true,"href":"https:\/\/www.radiopiu.net\/wordpress\/wp-json\/wp\/v2\/comments?post=261060"}],"version-history":[{"count":0,"href":"https:\/\/www.radiopiu.net\/wordpress\/wp-json\/wp\/v2\/posts\/261060\/revisions"}],"wp:featuredmedia":[{"embeddable":true,"href":"https:\/\/www.radiopiu.net\/wordpress\/wp-json\/wp\/v2\/media\/204667"}],"wp:attachment":[{"href":"https:\/\/www.radiopiu.net\/wordpress\/wp-json\/wp\/v2\/media?parent=261060"}],"wp:term":[{"taxonomy":"category","embeddable":true,"href":"https:\/\/www.radiopiu.net\/wordpress\/wp-json\/wp\/v2\/categories?post=261060"},{"taxonomy":"post_tag","embeddable":true,"href":"https:\/\/www.radiopiu.net\/wordpress\/wp-json\/wp\/v2\/tags?post=261060"}],"curies":[{"name":"wp","href":"https:\/\/api.w.org\/{rel}","templated":true}]}}