{"id":261086,"date":"2022-02-22T17:15:58","date_gmt":"2022-02-22T16:15:58","guid":{"rendered":"https:\/\/www.radiopiu.net\/wordpress\/?p=261086"},"modified":"2022-02-22T17:16:24","modified_gmt":"2022-02-22T16:16:24","slug":"campagna-vaccinale-anti-covid-l837-della-popolazione-ha-ricevuto-il-ciclo-completo","status":"publish","type":"post","link":"https:\/\/www.radiopiu.net\/wordpress\/campagna-vaccinale-anti-covid-l837-della-popolazione-ha-ricevuto-il-ciclo-completo\/","title":{"rendered":"CAMPAGNA VACCINALE ANTI COVID: L&#8217;83,7% DELLA POPOLAZIONE BELLUNESE HA RICEVUTO IL CICLO COMPLETO"},"content":{"rendered":"<p><strong><a class=\"dt-pswp-item\" href=\"https:\/\/www.radiopiu.net\/wordpress\/wp-content\/uploads\/2022\/01\/VACCINO-BAMBINI.png\" data-dt-img-description=\"\" data-large_image_width=\"1280\" data-large_image_height=\"917\"><img loading=\"lazy\" decoding=\"async\" class=\"size-medium wp-image-252796 alignleft\" src=\"https:\/\/www.radiopiu.net\/wordpress\/wp-content\/uploads\/2022\/01\/VACCINO-BAMBINI-300x215.png\" alt=\"\" width=\"300\" height=\"215\" srcset=\"https:\/\/www.radiopiu.net\/wordpress\/wp-content\/uploads\/2022\/01\/VACCINO-BAMBINI-300x215.png 300w, https:\/\/www.radiopiu.net\/wordpress\/wp-content\/uploads\/2022\/01\/VACCINO-BAMBINI-1024x734.png 1024w, https:\/\/www.radiopiu.net\/wordpress\/wp-content\/uploads\/2022\/01\/VACCINO-BAMBINI-768x550.png 768w, https:\/\/www.radiopiu.net\/wordpress\/wp-content\/uploads\/2022\/01\/VACCINO-BAMBINI.png 1280w\" sizes=\"auto, (max-width: 300px) 100vw, 300px\" \/><\/a>BELLUNO<\/strong> Aggiornamento settimana sulla campagna vaccinale in provincia di Belluno a cura dell&#8217;Ulss 1 Dolomiti. Totale dosi somministrate: 439.895. 85% \u2013 164.250 persone vaccinate con primo ciclo over 5, 83,7% &#8211; 161.847 persone con ciclo completo over 5, 29.229 (15,1%) persone ancora da vaccinare over 5 anni. Di queste 6.946 sono risultate positive negli ultimi 90 giorni. Risultano vaccinati con almeno una dose: Il 30,2% dei 5-11 enni (3.286), l\u201981,2% % dei 12- 19 enni (11.531), l\u2019 86,2 % dei 20-29enni (16.331), l\u2019 82,2% dei 30-39enni (16.306), l\u2019 80,4% dei 40-49enni (22.112), l\u201988,2 % dei 50-59enni (29.303), il 90,7% dei 60-69enni (25.319), il 94,8% dei 70-79enni (22.525), circa il 100% degli over 80. Le persone ancora da vaccinare sono cos\u00ec suddivise: 5-11 anni: 7.603 (69,9%), 12-19 anni: 2.684 (18,9%), 20-29 anni: 2.651 (14,0%), 30-39 anni: 3.606 (18,2%), 40-49 anni: 5.427 (19,7%), 50-59 anni: 3.943 (11,9%), 60-69 anni: 2.619 (9,4%), 70 79 anni: 1.259 (5,3%). Dal 1 gennaio al 21 febbraio 2022: sono state somministrate 5.612 prime dosi (+150 nella settimana 14-21 febbraio) di cui 2.043 a persone con pi\u00f9 di 50 anni (+106 nella settimana 14-21 febbraio). Gli over 50 non ancora vaccinati ad oggi sono 7.821 (di questi, 2745 sono risultati positivi negli ultimi 90 giorni). 128.967 terze dosi gi\u00e0 somministrate pari a l&#8217;86,4% della popolazione totale eleggibile gi\u00e0 vaccinato con dose booster. La popolazione ad oggi eleggibile per la terza dose \u00e8 pari a 149.218. Tra gli eleggibili che ancora non hanno fatto il booster , circa 20 mila persone, circa 8.000 sono risultati positivi negli ultimi 120 giorni, quindi gli eleggibili \u201creali\u201d ancora da vaccinare sono 12.000 persone. L\u2019evidente rallentamento epidemico registrato in questi giorni accompagnato al quasi completamento della campagna vaccinale anti-Covid, consentono di dedicare personale esperto e spazi operativi al recupero di alcune vaccinazioni &#8220;non Covid&#8221; rimaste sospese nel periodo emergenziale. Saranno convocati, con varie modalit\u00e0 (lettera invito, SMS, chiamata telefonica) o tramite prenotazione online, giovani, adulti e anziani, per offrire le seguenti principali vaccinazioni: HPV (11 e 12enni); DTP Polio e Meningo ACWY (15enni); Pneumococco e Herpes Zoster (65enni e coorti precedenti); TBE (tutte le et\u00e0). Si sta anche mettendo a punto la prenotabilit\u00e0 online per facilitare l&#8217;accesso vaccinale con orari graditi all&#8217;utente, nei vari punti vaccinali (CVP Sedico, Feltre, Agordo, Tai di Cadore).<\/p>\n","protected":false},"excerpt":{"rendered":"<p>BELLUNO Aggiornamento settimana sulla campagna vaccinale in provincia di Belluno a cura dell&#8217;Ulss 1 Dolomiti. Totale dosi somministrate: 439.895. 85% \u2013 164.250 persone vaccinate con primo ciclo over 5, 83,7% &#8211; 161.847 persone con ciclo completo over 5, 29.229 (15,1%) persone ancora da vaccinare over 5 anni. Di queste 6.946 sono risultate positive negli ultimi&hellip;<\/p>\n","protected":false},"author":4,"featured_media":252796,"comment_status":"closed","ping_status":"closed","sticky":false,"template":"","format":"standard","meta":{"_monsterinsights_skip_tracking":false,"_monsterinsights_sitenote_active":false,"_monsterinsights_sitenote_note":"","_monsterinsights_sitenote_category":0,"footnotes":""},"categories":[51,49],"tags":[],"class_list":["post-261086","post","type-post","status-publish","format-standard","has-post-thumbnail","hentry","category-evidenza-top","category-news-18","category-51","category-49","description-off"],"img_url":"https:\/\/www.radiopiu.net\/wordpress\/wp-content\/uploads\/2022\/01\/VACCINO-BAMBINI.png","_links":{"self":[{"href":"https:\/\/www.radiopiu.net\/wordpress\/wp-json\/wp\/v2\/posts\/261086","targetHints":{"allow":["GET"]}}],"collection":[{"href":"https:\/\/www.radiopiu.net\/wordpress\/wp-json\/wp\/v2\/posts"}],"about":[{"href":"https:\/\/www.radiopiu.net\/wordpress\/wp-json\/wp\/v2\/types\/post"}],"author":[{"embeddable":true,"href":"https:\/\/www.radiopiu.net\/wordpress\/wp-json\/wp\/v2\/users\/4"}],"replies":[{"embeddable":true,"href":"https:\/\/www.radiopiu.net\/wordpress\/wp-json\/wp\/v2\/comments?post=261086"}],"version-history":[{"count":0,"href":"https:\/\/www.radiopiu.net\/wordpress\/wp-json\/wp\/v2\/posts\/261086\/revisions"}],"wp:featuredmedia":[{"embeddable":true,"href":"https:\/\/www.radiopiu.net\/wordpress\/wp-json\/wp\/v2\/media\/252796"}],"wp:attachment":[{"href":"https:\/\/www.radiopiu.net\/wordpress\/wp-json\/wp\/v2\/media?parent=261086"}],"wp:term":[{"taxonomy":"category","embeddable":true,"href":"https:\/\/www.radiopiu.net\/wordpress\/wp-json\/wp\/v2\/categories?post=261086"},{"taxonomy":"post_tag","embeddable":true,"href":"https:\/\/www.radiopiu.net\/wordpress\/wp-json\/wp\/v2\/tags?post=261086"}],"curies":[{"name":"wp","href":"https:\/\/api.w.org\/{rel}","templated":true}]}}