{"id":261119,"date":"2022-02-24T06:00:35","date_gmt":"2022-02-24T05:00:35","guid":{"rendered":"https:\/\/www.radiopiu.net\/wordpress\/?p=261119"},"modified":"2022-02-24T07:58:16","modified_gmt":"2022-02-24T06:58:16","slug":"giornale-radiopiu-24-febbraio-2022-direttore-mirko-mezzacasa","status":"publish","type":"post","link":"https:\/\/www.radiopiu.net\/wordpress\/giornale-radiopiu-24-febbraio-2022-direttore-mirko-mezzacasa\/","title":{"rendered":"GIORNALE RADIOPIU 24 FEBBRAIO 2022 DIRETTORE MIRKO MEZZACASA"},"content":{"rendered":"<p>&nbsp;<\/p>\n<h3 class=\"kvgmc6g5 cxmmr5t8 oygrvhab hcukyx3x c1et5uql\"><span style=\"color: #0000ff;\"><strong>INFORMAZIONE il canale su TELEGRAM informazione di prima mano e in tempo reale. iscriviti ed aiutaci a farlo conoscere\u00a0<\/strong><\/span><\/h3>\n<p>&nbsp;<\/p>\n<p>&nbsp;<\/p>\n<h3 class=\"kvgmc6g5 cxmmr5t8 oygrvhab hcukyx3x c1et5uql\"><span style=\"color: #0000ff;\"><strong><img loading=\"lazy\" decoding=\"async\" class=\"alignleft\" src=\"https:\/\/www.radiopiu.net\/wordpress\/wp-content\/uploads\/2022\/02\/274479912_1574724589570747_7441509432807062829_n.jpg\" width=\"296\" height=\"207\" \/><\/strong><\/span><\/h3>\n<p><strong>DA SOTTO L&#8217;AGNER IL MESSAGGIO DI PACE NEL MONDO<\/strong><\/p>\n<p><strong>VOLTAGO Fate le foto, non le guerre.\u00a0 Lo raccomanda <a class=\"oajrlxb2 g5ia77u1 qu0x051f esr5mh6w e9989ue4 r7d6kgcz rq0escxv nhd2j8a9 nc684nl6 p7hjln8o kvgmc6g5 cxmmr5t8 oygrvhab hcukyx3x jb3vyjys rz4wbd8a qt6c0cv9 a8nywdso i1ao9s8h esuyzwwr f1sip0of lzcic4wl gpro0wi8 q66pz984 b1v8xokw\" tabindex=\"0\" role=\"link\" href=\"https:\/\/www.facebook.com\/mario.demarco.5030?__cft__[0]=AZWlyFGuRWkgTS_94xYVGtU4sdNPZciFpgvTMJwfc-e_XnSrpH3_clvxOrmeWV_9nF9KOq5nots5jG1acgxKh-Z0HYGiUktoN8GgL4-KxB30lbW6atVeMQZgnF5at4j0NLWwaTWrHQ9G1GcQgogYYqLczxT9XNDGL9bvzjr-isacww&amp;__tn__=-]K-R\"><span class=\"nc684nl6\">Mario De Marco<\/span><\/a> regalandoci la foto di un appostamento fotografico. Un messaggio di pace privo di alcun secondo fine se non &#8220;No alla guerra&#8221;. Come direbbero i\u00a0 Giganti &#8220;mettete fiori nei vostri cannoni&#8221;.<\/strong><\/p>\n<p>&nbsp;<\/p>\n<p>&nbsp;<\/p>\n<p>&nbsp;<\/p>\n<p>&nbsp;<\/p>\n<hr \/>\n<p>&nbsp;<\/p>\n<blockquote>\n<h3><a class=\"dt-pswp-item\" href=\"https:\/\/www.radiopiu.net\/wordpress\/wp-content\/uploads\/2021\/02\/elia-barp-7.-mondiali-vuokatti-10-km-skating-12.02.2021-1536x1022-1.jpeg\" data-dt-img-description=\"\" data-large_image_width=\"1536\" data-large_image_height=\"1022\"><img loading=\"lazy\" decoding=\"async\" class=\"size-medium wp-image-190942 alignright\" src=\"https:\/\/www.radiopiu.net\/wordpress\/wp-content\/uploads\/2021\/02\/elia-barp-7.-mondiali-vuokatti-10-km-skating-12.02.2021-1536x1022-1-300x200.jpeg\" alt=\"\" width=\"300\" height=\"200\" srcset=\"https:\/\/www.radiopiu.net\/wordpress\/wp-content\/uploads\/2021\/02\/elia-barp-7.-mondiali-vuokatti-10-km-skating-12.02.2021-1536x1022-1-300x200.jpeg 300w, https:\/\/www.radiopiu.net\/wordpress\/wp-content\/uploads\/2021\/02\/elia-barp-7.-mondiali-vuokatti-10-km-skating-12.02.2021-1536x1022-1-1024x681.jpeg 1024w, https:\/\/www.radiopiu.net\/wordpress\/wp-content\/uploads\/2021\/02\/elia-barp-7.-mondiali-vuokatti-10-km-skating-12.02.2021-1536x1022-1-768x511.jpeg 768w, https:\/\/www.radiopiu.net\/wordpress\/wp-content\/uploads\/2021\/02\/elia-barp-7.-mondiali-vuokatti-10-km-skating-12.02.2021-1536x1022-1.jpeg 1536w\" sizes=\"auto, (max-width: 300px) 100vw, 300px\" \/><\/a>I MONDIALI IN NORVEGIA DI ELIA BARP<br \/>\n<em><span id=\"mOcchielloArticolo\" class=\"col-xs-12 m5\">Miglior tempo di frazione per Barp ma l&#8217;Italia \u00e8 sesta<\/span><\/em><\/h3>\n<\/blockquote>\n<div id=\"articoloBody\" class=\"row bbianco nero\">\n<div id=\"\" class=\"col-xs-12 hidden-xs contenutoArticolo columned\">La staffetta 4&#215;5 km maschile dei Mondiali Juniores di Lygna, in Norvegia, ha visto l&#8217;Italia chiudere al sesto posto (terza un anno fa\u00a0 a Vuokatti). Elia Barp \u00e8 stato autore prima di una gran rimonta e poi di una volata vincente sulla Russia.\u00a0 Non ha potuto fare di pi\u00f9 essendo partito dal settimo posto lontano 55 secondi dalla zona podio. Barp si \u00e8 giocato il 5\u00b0 posto con la Svezia, mancandolo di un soffio; la staffetta azzurra chiude cos\u00ec a 58 dalla Russia, vincitrice dopo il poker nella 30 km di marted\u00ec.<\/div>\n<div><\/div>\n<div><\/div>\n<\/div>\n<p>&nbsp;<\/p>\n<hr \/>\n<p><strong>\u00a0<\/strong><\/p>\n<p><strong>COVID NELL&#8217;AGORDINO<\/strong>, I POSITIVI IERI:\u00a0 COLLE SANTA LUCIA 2, FALCADE 10, LA VALLE 8, AGORDO 62, ROCCA PIETORE 11, CANALE D&#8217;AGORDO 8 ALLEGHE 3 LIVINALLONGO 6 GOSALDO 4 SAN TOMASO 1<\/p>\n<p>&nbsp;<\/p>\n<hr \/>\n<p>&nbsp;<\/p>\n<blockquote>\n<h2>ACQUA INQUINATA IN ALCUNE FRAZIONI<\/h2>\n<\/blockquote>\n<p><strong><img loading=\"lazy\" decoding=\"async\" class=\"alignleft\" src=\"https:\/\/www.radiopiu.net\/wordpress\/wp-content\/uploads\/2018\/08\/ACQUA.jpeg\" width=\"175\" height=\"105\" \/>\u00a0CANALE D&#8217; AGORDO<\/strong> Gestione Servizi Pubblici informa che nelle LOCALITA&#8217; FREGONA, PISOLIVA E LA MORA l&#8217;acqua erogata dall&#8217;acquedotto non \u00e8 potabile e non pu\u00f2 essere usata per scopi alimentari. Verr\u00e0 effettuato servizio sostitutivo con approvvigionamento alternativo di emergenza nelle localit\u00e0 di Pisoliva e Fregona. GSP ha, comunque, gi\u00e0 adottato necessari interventi di pulizia e disinfezione della rete. Ulteriori informazioni saranno fornite nei prossimi giorni. Per maggiori informazioni \u00e8 possibile contattare il Servizio Clienti al numero 800 306 999 o +39 0445 230521 (da estero) .<\/p>\n<blockquote>\n<h3>DILLO A RADIO PIU&#8217;&#8230;. GSP SI E&#8217; DIMENTICATA DELLE FRAZIONI DI CANALE D&#8217;AGORDO SENZ&#8217;ACQUA POTABILE DA DUE SETTIMANE?<\/h3>\n<\/blockquote>\n<p><strong><img loading=\"lazy\" decoding=\"async\" class=\"alignleft\" src=\"https:\/\/www.radiopiu.net\/wordpress\/wp-content\/uploads\/2022\/01\/IMG-20220121-WA0004.jpg\" width=\"293\" height=\"164\" \/>CANALE D&#8217;AGORDO<\/strong> Venti giorni fa il primo comunicato &#8220;l&#8217;acqua non \u00e8 potabile&#8221;, quindi la notizia dei contenitori per l&#8217;acqua che sotto lo zero diventa ghiaccio. Riceviamo e volentieri pubblichiamo da Susy Dan (Falcade),\u00a0 aggiungendo che \u00e8 vero, Gsp non ha minimamente comunicato n\u00e8 le motivazione del disagio, n\u00e8 i tempi, n\u00e8 lo sconto che prevede per il totale disservizio perch\u00e9 purtroppo per il contribuente questo non \u00e8 previsto<\/p>\n<blockquote><p><em>Da ormai due settimane a Fregona e Pisoliva l\u2019acqua non \u00e8 potabile e non pu\u00f2 essere utilizzata per scopi alimentari. Certo, \u00e8 un problema che si ripropone con una certa frequenza, ma non per periodi cos\u00ec lunghi. Tuttavia agli utenti, che pure sono facilmente e puntualmente raggiunti dalle bollette, non \u00e8 pervenuta da GSP Gestione Servizi Pubblici , alcuna informazione n\u00e9 sull\u2019entit\u00e0 del problema n\u00e9 sui prevedibili tempi di ripristino del servizio. Contattata telefonicamente, la Societ\u00e0 ha confermato il perdurare della situazione e informato che, a Fregona e Pisoliva, un servizio di approvvigionamento sostitutivo \u00e8 assicurato da cisterne mobili. <\/em><em>Non resta che attendere fiduciosi, armati di secchi e di taniche, qualche novit\u00e0\u2026.<\/em><\/p>\n<p><em>Susy Dan\u00a0<\/em><\/p>\n<p>&nbsp;<\/p>\n<p>&nbsp;<\/p><\/blockquote>\n<hr \/>\n<p>&nbsp;<\/p>\n<p>&nbsp;<\/p>\n<blockquote>\n<h3>OGGI LIMANA SENZ&#8217;ACQUA<\/h3>\n<\/blockquote>\n<p><strong><img loading=\"lazy\" decoding=\"async\" class=\"alignleft\" src=\"https:\/\/www.radiopiu.net\/wordpress\/wp-content\/uploads\/2021\/03\/BICCHIERE-ACQUA.jpg\" width=\"173\" height=\"115\" \/>LIMANA<\/strong><\/p>\n<p><strong>di DAMIANO TORMEN<\/strong><\/p>\n<p>&nbsp;<\/p>\n<p><strong>AUDIO<\/strong><\/p>\n<audio class=\"wp-audio-shortcode\" id=\"audio-261119-1\" preload=\"none\" style=\"width: 100%;\" controls=\"controls\"><source type=\"audio\/mpeg\" src=\"https:\/\/www.radiopiu.net\/wordpress\/wp-content\/uploads\/2022\/02\/DAMIANO-1-1.mp3?_=1\" \/><a href=\"https:\/\/www.radiopiu.net\/wordpress\/wp-content\/uploads\/2022\/02\/DAMIANO-1-1.mp3\">https:\/\/www.radiopiu.net\/wordpress\/wp-content\/uploads\/2022\/02\/DAMIANO-1-1.mp3<\/a><\/audio>\n<p>&nbsp;<\/p>\n<blockquote><p>&nbsp;<\/p><\/blockquote>\n<hr \/>\n<p>&nbsp;<\/p>\n<blockquote>\n<h3>VENERDI SCIOPERO DEL TRASPORTO PUBBLICO LOCALE. PERCHE&#8217;?<\/h3>\n<\/blockquote>\n<p><strong><img loading=\"lazy\" decoding=\"async\" class=\"alignleft\" src=\"https:\/\/www.radiopiu.net\/wordpress\/wp-content\/uploads\/2020\/06\/80c303ed-9a2e-49f0-8b20-3dd5e061bbf3.jpg\" width=\"245\" height=\"184\" \/>BELLUNO<\/strong> \u00c8 stato istituito per venerd\u00ec\u00a0 lo sciopero generale dei trasporti indetto dalle segreterie nazionali di Cgil Cisl e Uil. Lo sciopero \u00e8 di 24 ore ma DolomitiBus garantisce il servizio dalle 5:40 alle 8:09 e Dalle 12:10 alle 15:39.<em> &#8220;Lo sciopero &#8211; spiega in una nota Alessandra Fontana della Filt Cgil a nome delle organizzazioni sindacali &#8211;\u00a0 \u00e8 stato proclamato a livello nazionale per il rinnovo del contratto nazionale\u00a0 scaduto da oltre 4 anni. In Provincia per\u00f2 assume un significato, se possibile, ancora pi\u00f9 forte. Vogliamo ridare la voce ai tanti autisti che quotidianamente svolgono la propria attivit\u00e0 con condizioni lavorative sempre pi\u00f9 faticose e difficili. Vogliamo restituire al mittente le giustificazioni che addosserebbero alla mancanza di personale il taglio di corse o la perdita di servizi. Se i servizi e le corse saltano non \u00e8 colpa degli autisti, loro malgrado costretti a rinunciare ad una professione che hanno scelto e che hanno amato. Peccato che questa professione non sia pi\u00f9 remunerativa, con stipendi assolutamente inadeguati e non consenta pi\u00f9 alcuna vita privata, con turni e impegni insostenibili. E anche la passione pi\u00f9 sincera, l&#8217;amore per il proprio lavoro e la propria terra si spengono quando non vi \u00e8 pi\u00f9 alcun riconoscimento, non dalle aziende e nemmeno, spesso, dalla stessa utenza (si pensi ai casi di aggressioni e minaccia). I bilanci non tengono e non consentono alcun riconoscimento economico&#8221; ci viene spesso spiegato ai tavoli di trattativa. E&#8217; con piacere che scopriamo che Dolomiti Bus si colloca al 46esimo posto nella classifica delle aziende top in Provincia. Questo risultato, molto pi\u00f9 che di tenuta, \u00e8 merito dei lavoratori che, prima, durante e dopo la pandemia&#8221;. <\/em>In occasione dello sciopero i sindacalisti verranno\u00a0 ricevuti dal Presidente della Provincia e porteranno un\u00a0 documento con le ragioni dello sciopero, che\u00a0 riassume lo stato dei trasferimenti Statali alla Regione e da questa alle aziende e la necessit\u00e0 che la politica, a tutti i livelli, faccia la propria parte per risolvere questa lunga vertenza.<\/p>\n<p>&nbsp;<\/p>\n<p>&nbsp;<\/p>\n<hr \/>\n<p>&nbsp;<\/p>\n<blockquote>\n<h3>OTTO MINORENNI I POSSIBILI AUTORI DEGLI ATTI VANDALICI DI FELTRE<\/h3>\n<\/blockquote>\n<p><strong><img loading=\"lazy\" decoding=\"async\" class=\"alignleft\" src=\"https:\/\/www.radiopiu.net\/wordpress\/wp-content\/uploads\/2022\/02\/miglioramento_sismico_negrelli_feltre-1024x768-1.jpg\" width=\"166\" height=\"124\" \/>FELTRE<\/strong> Gli autori dei gravi atti vandalici dello scorso gennaio all&#8217;Istituto Negrelli e alla primaria di secondo grado &#8220;Rocca&#8221; di Feltre sono stati smascherati dai Carabinieri della stazione di Feltre diretta dal capitano Luca Innelli. Si tratta di otto minorenni di et\u00e0 compresa\u00a0 tra i 13 e i 15 anni, alcuni iscritti nei due istituti presi di mira dai vandali. I giovani sono stati denunciati alla Procura della Repubblica presso il Tribunale per i minori di Venezia che ha disposto accertamenti e perquisizioni. Dalle operazioni dei Carabinieri le prove:\u00a0 immagini e video realizzati durante i vandalismi e poi divulgati via social network e chat locali. Gli atti vandalici sono stati messi a segno nelle ore pomeridiane, nei fine settimana, nei plessi scolastici dove i ragazzini\u00a0 conoscevano gli accessi e i luoghi privi di telecamere, eccetto le loro. Al termine delle operazioni i minori sono stati riaffidati alle famiglie e dovranno rispondere all&#8217;autorit\u00e0 giudiziaria minorile di Venezia per i reati di danneggiamento aggravato( danni stimati superiori ai 10.000 euro) furto aggravato ai distributori bevande e interruzione di pubblico servizio perch\u00e9 le lezioni furono sospese e i 400 studenti rimandati a casa per due giorni.\u00a0 Sono intanto ancora in corso accertamenti su analoghi episodi commessi nel corso del 2021 in diversi istituti scolastici di Feltre e dintorni.<\/p>\n<p>&nbsp;<\/p>\n<blockquote>\n<blockquote><p><b>IL PRESIDENTE DELLA PROVINCIA ROBERTO PADRIN<\/b><\/p><\/blockquote>\n<audio class=\"wp-audio-shortcode\" id=\"audio-261119-2\" preload=\"none\" style=\"width: 100%;\" controls=\"controls\"><source type=\"audio\/mpeg\" src=\"https:\/\/www.radiopiu.net\/wordpress\/wp-content\/uploads\/2022\/02\/padrin.mp3?_=2\" \/><a href=\"https:\/\/www.radiopiu.net\/wordpress\/wp-content\/uploads\/2022\/02\/padrin.mp3\">https:\/\/www.radiopiu.net\/wordpress\/wp-content\/uploads\/2022\/02\/padrin.mp3<\/a><\/audio>\n<p>&nbsp;<\/p>\n<blockquote>\n<h3><strong>IL COMMISSARIO DELLA LEGA NORD FRANCO GIDONI<\/strong><\/h3>\n<\/blockquote>\n<audio class=\"wp-audio-shortcode\" id=\"audio-261119-3\" preload=\"none\" style=\"width: 100%;\" controls=\"controls\"><source type=\"audio\/mpeg\" src=\"https:\/\/www.radiopiu.net\/wordpress\/wp-content\/uploads\/2022\/02\/GIDONI-1.mp3?_=3\" \/><a href=\"https:\/\/www.radiopiu.net\/wordpress\/wp-content\/uploads\/2022\/02\/GIDONI-1.mp3\">https:\/\/www.radiopiu.net\/wordpress\/wp-content\/uploads\/2022\/02\/GIDONI-1.mp3<\/a><\/audio>\n<p>&nbsp;<\/p>\n<blockquote>\n<h3>IL SINDACO DI FELTRE PAOLO PERENZIN<\/h3>\n<\/blockquote>\n<p><em>&#8220;\u201cGrazie ai militari della stazione dei carabinieri di Feltre per la tempestivit\u00e0 e professionalit\u00e0.\u00a0 Non posso che essere sorpreso e molto amareggiato nell\u2019apprendere che i responsabili sono ragazzini, ci ricorda quanto debba essere attenta e continua l\u2019azione educativa\u00a0 delle famiglie e istituzioni. Fatti del genere non possono in ogni caso essere tollerati. Mi auguro\u00a0 che serva da monito per tutti, nell\u2019interesse della piena e matura convivenza civile che da sempre contraddistingue la nostra comunit\u00e0\u201d<\/em>.<\/p>\n<p>&nbsp;<\/p>\n<p>&nbsp;<\/p><\/blockquote>\n<p>&nbsp;<\/p>\n<hr \/>\n<p>&nbsp;<\/p>\n<blockquote>\n<h3>ATTI VANDALICI A BORGO PRA, LEGA &#8220;UNA PARTE DELLA CITTA&#8217; DA RENDERE ANCOR PIU&#8217; VISIBILE&#8221;<\/h3>\n<\/blockquote>\n<p><strong><a href=\"https:\/\/www.radiopiu.net\/wordpress\/wp-content\/uploads\/2022\/02\/image-2.webp\"><img loading=\"lazy\" decoding=\"async\" class=\" wp-image-261260 alignleft\" src=\"https:\/\/www.radiopiu.net\/wordpress\/wp-content\/uploads\/2022\/02\/image-2-300x169.webp\" alt=\"\" width=\"217\" height=\"122\" srcset=\"https:\/\/www.radiopiu.net\/wordpress\/wp-content\/uploads\/2022\/02\/image-2-300x169.webp 300w, https:\/\/www.radiopiu.net\/wordpress\/wp-content\/uploads\/2022\/02\/image-2-768x432.webp 768w, https:\/\/www.radiopiu.net\/wordpress\/wp-content\/uploads\/2022\/02\/image-2.webp 960w\" sizes=\"auto, (max-width: 217px) 100vw, 217px\" \/><\/a>BELLUNO<\/strong> Auto danneggiate, caos nelle ore notturne e atti vandalici anche ai beni pubblici nell\u2019area delle scuole primarie, dove nella notte tra sabato e domenica scorse \u00e8 stata imbrattata la meridiana realizzata dai piccoli nel cortile. \u00c8 solo l\u2019ultimo gesto di una serie che vede il borgo sulla riva del Piave preso di mira da ragazzi e bande che cercano angoli bui e appartati per fare festa.\u00a0 Il tema e il problema sono sempre quelli della mancanza di controlli nelle ore notturne, degli agenti di polizia locale che di sera non sono in servizio. Per la sezione cittadina della Lega Nord \u00e8 necessario intervenire e reprimere questa ondata di violenza e di incivilt\u00e0 prima che tante zone della citt\u00e0 diventino aree di nessuno.<\/p>\n<p><strong>IL CONSIGLIERE COMUNALE MARZIO SOVILLA<\/strong><\/p>\n<audio class=\"wp-audio-shortcode\" id=\"audio-261119-4\" preload=\"none\" style=\"width: 100%;\" controls=\"controls\"><source type=\"audio\/mpeg\" src=\"https:\/\/www.radiopiu.net\/wordpress\/wp-content\/uploads\/2022\/02\/sovilla.mp3?_=4\" \/><a href=\"https:\/\/www.radiopiu.net\/wordpress\/wp-content\/uploads\/2022\/02\/sovilla.mp3\">https:\/\/www.radiopiu.net\/wordpress\/wp-content\/uploads\/2022\/02\/sovilla.mp3<\/a><\/audio>\n<p>&nbsp;<\/p>\n<p><strong>IL SEGRETARIO PAOLO LUCIANI<\/strong><\/p>\n<audio class=\"wp-audio-shortcode\" id=\"audio-261119-5\" preload=\"none\" style=\"width: 100%;\" controls=\"controls\"><source type=\"audio\/mpeg\" src=\"https:\/\/www.radiopiu.net\/wordpress\/wp-content\/uploads\/2022\/02\/Luciani-su-Borgo-Piave.mp3?_=5\" \/><a href=\"https:\/\/www.radiopiu.net\/wordpress\/wp-content\/uploads\/2022\/02\/Luciani-su-Borgo-Piave.mp3\">https:\/\/www.radiopiu.net\/wordpress\/wp-content\/uploads\/2022\/02\/Luciani-su-Borgo-Piave.mp3<\/a><\/audio>\n<p>&nbsp;<\/p>\n<p>&nbsp;<\/p>\n<hr \/>\n<blockquote>\n<h3><\/h3>\n<h3>LE CURVE DI RIF, ANGOLAZIONI PERICOLOSE<\/h3>\n<\/blockquote>\n<p><strong><a class=\"dt-pswp-item\" href=\"https:\/\/www.radiopiu.net\/wordpress\/wp-content\/uploads\/2022\/02\/IMG_20220223_105846-scaled.jpg\" data-dt-img-description=\"\" data-large_image_width=\"2560\" data-large_image_height=\"1920\"><img loading=\"lazy\" decoding=\"async\" class=\"size-medium wp-image-261187 alignleft\" src=\"https:\/\/www.radiopiu.net\/wordpress\/wp-content\/uploads\/2022\/02\/IMG_20220223_105846-300x225.jpg\" alt=\"\" width=\"300\" height=\"225\" srcset=\"https:\/\/www.radiopiu.net\/wordpress\/wp-content\/uploads\/2022\/02\/IMG_20220223_105846-300x225.jpg 300w, https:\/\/www.radiopiu.net\/wordpress\/wp-content\/uploads\/2022\/02\/IMG_20220223_105846-1024x768.jpg 1024w, https:\/\/www.radiopiu.net\/wordpress\/wp-content\/uploads\/2022\/02\/IMG_20220223_105846-768x576.jpg 768w, https:\/\/www.radiopiu.net\/wordpress\/wp-content\/uploads\/2022\/02\/IMG_20220223_105846-1536x1152.jpg 1536w, https:\/\/www.radiopiu.net\/wordpress\/wp-content\/uploads\/2022\/02\/IMG_20220223_105846-2048x1536.jpg 2048w\" sizes=\"auto, (max-width: 300px) 100vw, 300px\" \/><\/a><\/strong><\/p>\n<p>&nbsp;<\/p>\n<p><strong>AGORDO<\/strong> Il mezzo pesante in discesa da Rif \u00e8 rimasto incastrato tra muro e guardrail, \u00e8 successo ieri mattina alle 11, i vigili del fuoco\u00a0 sul posto per aiutare l&#8217;autista a rimettersi in strada.<\/p>\n<p>&nbsp;<\/p>\n<p>&nbsp;<\/p>\n<p>&nbsp;<\/p>\n<p>&nbsp;<\/p>\n<p>&nbsp;<\/p>\n<blockquote>\n<h3>IERI MATTINA A PONTE NELLA ALPI ASINI IN PASSEGGIATA<\/h3>\n<\/blockquote>\n<p><img loading=\"lazy\" decoding=\"async\" class=\"\" src=\"https:\/\/www.radiopiu.net\/wordpress\/wp-content\/uploads\/2022\/02\/9aa8e86f-3409-4025-abb8-3a18e3a35bd9.jpg\" width=\"270\" height=\"284\" \/><\/p>\n<p>&nbsp;<\/p>\n<p>&nbsp;<\/p>\n<hr \/>\n<p>&nbsp;<\/p>\n<blockquote>\n<h3>DOPO L&#8217;ARRESTO DEI &#8220;TOPI&#8221; D&#8217;APPARTAMENTO IN QUESTURA IL BOTTINO A DISPOSIZIONE DEI PROPRIETARI<\/h3>\n<\/blockquote>\n<p><strong><img loading=\"lazy\" decoding=\"async\" class=\"alignleft\" src=\"https:\/\/www.radiopiu.net\/wordpress\/wp-content\/uploads\/2018\/10\/Volante-Questura.jpg\" width=\"128\" height=\"85\" \/>BELLUNO<\/strong> In Questura a Belluno \u00e8 disponibile il materiale sequestrato lo scorso 7 febbraio nel giorno in cui sono stati arrestati due soggetti indiziati di aver commesso una serie di reati predatori tra lo scorso settembre e gennaio. Tutto il materiale \u00e8 visionabile sul sito della Polizia di Stato nella sottosezione &#8220;bacheca&#8221; selezionando la voce &#8220;recuperti&#8221; dopo aver inserito la provincia di Belluno<br \/>\nACCESSO AL LINK DIRETTO, <span style=\"color: #0000ff;\"><strong><a style=\"color: #0000ff;\" href=\"https:\/\/questure.poliziadistato.it\/bacheca?ritr=1&amp;cat=&amp;prov=23&amp;data%5Bd%5D=&amp;data%5BM%5D=&amp;data%5BY%5D=&amp;data_ritrovamento%5Bd%5D=&amp;data_ritrovamento%5BM%5D=&amp;data_ritrovamento%5BY%5D=&amp;contact=&amp;rif=&amp;testo=&amp;testoritr=&amp;Submit=++Cerca++\">CLICCA QUI<\/a><\/strong><\/span><\/p>\n<p>&nbsp;<\/p>\n<hr \/>\n<p>&nbsp;<\/p>\n<blockquote>\n<h2>&#8220;PENELOPE&#8221; PER ALESSANDRO<\/h2>\n<\/blockquote>\n<p>&nbsp;<\/p>\n<p>&nbsp;<\/p>\n<p><strong><a class=\"dt-pswp-item\" href=\"https:\/\/www.radiopiu.net\/wordpress\/wp-content\/uploads\/2022\/02\/Alessandro_Albignasego-PD.jpg\" data-dt-img-description=\"\" data-large_image_width=\"1240\" data-large_image_height=\"1754\"><img loading=\"lazy\" decoding=\"async\" class=\"size-medium wp-image-261055 alignright\" src=\"https:\/\/www.radiopiu.net\/wordpress\/wp-content\/uploads\/2022\/02\/Alessandro_Albignasego-PD-212x300.jpg\" alt=\"\" width=\"212\" height=\"300\" srcset=\"https:\/\/www.radiopiu.net\/wordpress\/wp-content\/uploads\/2022\/02\/Alessandro_Albignasego-PD-212x300.jpg 212w, https:\/\/www.radiopiu.net\/wordpress\/wp-content\/uploads\/2022\/02\/Alessandro_Albignasego-PD-724x1024.jpg 724w, https:\/\/www.radiopiu.net\/wordpress\/wp-content\/uploads\/2022\/02\/Alessandro_Albignasego-PD-768x1086.jpg 768w, https:\/\/www.radiopiu.net\/wordpress\/wp-content\/uploads\/2022\/02\/Alessandro_Albignasego-PD-1086x1536.jpg 1086w, https:\/\/www.radiopiu.net\/wordpress\/wp-content\/uploads\/2022\/02\/Alessandro_Albignasego-PD.jpg 1240w\" sizes=\"auto, (max-width: 212px) 100vw, 212px\" \/><\/a>REDAZIONE <\/strong>Ieri\u00a0l&#8217;associazione Penelope del Veneto ci ha dato la bella notizia, <em>&#8220;con immenso piacere che comunichiamo che Andy, scomparso da Creazzo (VI) il 21 febbraio u.s. \u00e8 stato ritrovato, grazie alle segnalazioni pervenute&#8221;. Sono invece ancora in corso le ricerche<\/em><strong><em> di\u00a0 <\/em><\/strong>Alessandro scomparso da Albignasego (PD). Sulla locandina le informazioni dei soggetti scomparsi e i numeri da contattare in caso di avvistamento.<\/p>\n<p>&nbsp;<\/p>\n<p>&nbsp;<\/p>\n<p>&nbsp;<\/p>\n<p>&nbsp;<\/p>\n<hr \/>\n<p>&nbsp;<\/p>\n<blockquote>\n<h3>FIAMME A FONZASO, VIGILI DEL FUOCO IN AZIONE<\/h3>\n<\/blockquote>\n<p><strong>FONZASO<\/strong> Un corto circuito incendia un frigorifero e rende inagibile un&#8217;intera abitazione in una casa in localit\u00e0 Frassen\u00e8. Il frigorifero \u00e8 stato completamente avvolto dalle fiamme che hanno poi distrutto anche un forno a microonde e un altro fornetto elettrico che si trovavano vicino. Quando i vigili del fuoco di Feltre sono arrivati hanno trovato la stanza con il tetto a volta completamente invasa dal fuoco mentre il fumo ha raggiunto tutto il resto dell&#8217;abitazione annerendo le pareti. L&#8217;uomo, che vive da solo, ha comunque gi\u00e0 trovato la solidariet\u00e0 di un vicino di casa che si \u00e8 offerto di ospitarlo per la notte.<\/p>\n<p>&nbsp;<\/p>\n<hr \/>\n<p>&nbsp;<\/p>\n<blockquote>\n<h3>L&#8217;INTERNICOLA DEL &#8220;SINDACO CELEBROLESO&#8221; A PROCESSO<\/h3>\n<\/blockquote>\n<p><strong><img loading=\"lazy\" decoding=\"async\" class=\"alignleft\" src=\"https:\/\/www.radiopiu.net\/wordpress\/wp-content\/uploads\/2018\/07\/TRIBUNALE-2.jpg\" width=\"195\" height=\"146\" \/>BELLUNO<\/strong> La leonessa da tastiera lombarda di Brescia \u00e8 stata denunciata per diffamazione anche dal sindaco di Livinallongo Leandro Grones pesantemente offeso sui social. Il Sindaco Fodom con l&#8217;avvocato Massimo Montino (studio Prade) ha deciso di non costituirsi parte civile ma di procedere in termini civili. C&#8217;\u00e8 poi l&#8217;altra causa promossa da Grones con il collega di Rocca Pietore Andrea De Bernardin per le invettive post vaia &#8220;agordini nullafacenti&#8221; e qui\u00a0 viene contestata la diffamazione via social<\/p>\n<p>&nbsp;<\/p>\n<p>&nbsp;<\/p>\n<p>&nbsp;<\/p>\n<p>ARCHIVIO RADIOPIU<\/p>\n<blockquote class=\"wp-embedded-content\" data-secret=\"zjofhtY5qF\"><p><a href=\"https:\/\/www.radiopiu.net\/wordpress\/corrrrrr\/\">I &#8220;LAZZARONI&#8221; E &#8220;ASSISTENZIALISTI&#8221; TRASCINANO LA BRESCIANA IN TRIBUNALE<\/a><\/p><\/blockquote>\n<p><iframe loading=\"lazy\" class=\"wp-embedded-content\" sandbox=\"allow-scripts\" security=\"restricted\" style=\"position: absolute; clip: rect(1px, 1px, 1px, 1px);\" title=\"&#8220;I &#8220;LAZZARONI&#8221; E &#8220;ASSISTENZIALISTI&#8221; TRASCINANO LA BRESCIANA IN TRIBUNALE&#8221; &#8212; Radio Pi\u00f9\" src=\"https:\/\/www.radiopiu.net\/wordpress\/corrrrrr\/embed\/#?secret=zjofhtY5qF\" data-secret=\"zjofhtY5qF\" width=\"600\" height=\"338\" frameborder=\"0\" marginwidth=\"0\" marginheight=\"0\" scrolling=\"no\"><\/iframe><\/p>\n<p>&nbsp;<\/p>\n<hr \/>\n<p>&nbsp;<\/p>\n<blockquote>\n<h3>ACC, RAMMARICO PER IL FALLIMENTO ITALCOMP, MA SOLLIEVO PER L&#8217;AQUISIZIONE DI LU.VE<\/h3>\n<\/blockquote>\n<p><strong><a class=\"dt-pswp-item\" href=\"https:\/\/www.radiopiu.net\/wordpress\/wp-content\/uploads\/2022\/02\/th-18.jpg\" data-dt-img-description=\"\" data-large_image_width=\"371\" data-large_image_height=\"167\"><img loading=\"lazy\" decoding=\"async\" class=\"size-medium wp-image-261297 alignleft\" src=\"https:\/\/www.radiopiu.net\/wordpress\/wp-content\/uploads\/2022\/02\/th-18-300x135.jpg\" alt=\"\" width=\"300\" height=\"135\" srcset=\"https:\/\/www.radiopiu.net\/wordpress\/wp-content\/uploads\/2022\/02\/th-18-300x135.jpg 300w, https:\/\/www.radiopiu.net\/wordpress\/wp-content\/uploads\/2022\/02\/th-18.jpg 371w\" sizes=\"auto, (max-width: 300px) 100vw, 300px\" \/><\/a>BORGO VALBELLUNA<\/strong> E&#8217; stato confermato l\u2019interessamento della societ\u00e0 Sest del gruppo LU-VE per la realt\u00e0 ex ACC-Wanbao. Sest ha intenzione di assumere 150 lavoratori su un totale di 250, anche se gli esuberi effettivi potrebbero secondo il commissario straordinario scendere a 35, fra pensionandi e coloro che gi\u00e0 possono essere occupati altrove. L\u2019assunzione sar\u00e0 preceduta da distacchi temporanei: i primi 40 distacchi inizieranno subito, per poi proseguire a scaglioni nell\u2019arco di due anni e mezzo: 30 entro il gennaio 2023, 30 entro luglio 2023, 30 entro gennaio 2024 e i restanti 20 entro luglio 2024. Gli investimenti ammonterebbero a 6 milioni di euro, pi\u00f9 i 2 spesi per l\u2019immobile.<em> &#8220;Come sindacati &#8211; si legge nella nota congiunta Cgil- Cisl e Uil &#8211; abbiamo espresso sollievo per l\u2019arrivo di un compratore solido e italiano come LU-VE, anche se purtroppo dobbiamo constatare che il fallimento del progetto Italcomp, inizialmente lanciato dal Ministero dello Sviluppo economico e poi rinnegato, far\u00e0 pagare un prezzo industriale e occupazionale non fosse altro che per i 400 lavoratori torinesi ex Embraco licenziati a gennaio&#8221;.<\/em> I sindacati chiedono la proroga della procedura di amministrazione straordinaria anche al fine di garantire la massima copertura possibile in termini di ammortizzatori sociali per tutti i lavoratori. Chiesta inoltre\u00a0 la ricollocazione di coloro che purtroppo non saranno assorbiti. <em>&#8220;Abbiamo apprezzato la assunzione di responsabilit\u00e0 della Regione <\/em><em>Veneto, presente nella persona dell\u2019assessore Donazzan, a garantire la ricollocazione di tutti i lavoratori e come sindacato chiediamo la tutela salariale e normativa&#8221;.\u00a0 <\/em>In sede territoriale inizier\u00e0 nei prossimi giorni il confronto sulla cessazione di azienda, mentre il giorno 9 ci si rincontrer\u00e0 al MiSe.<\/p>\n<p>&nbsp;<\/p>\n<blockquote>\n<h3><strong>DONAZZAN, \u201cFINE DELL\u2019INDUSTRIA DEL COMPRESSORE DEL FRIGORIFERO. FESTEGGIAMO ARRIVO DI LU-VE.<\/strong><\/h3>\n<\/blockquote>\n<p><em><strong><a class=\"dt-pswp-item\" href=\"https:\/\/www.radiopiu.net\/wordpress\/wp-content\/uploads\/2020\/04\/DONAZZAN-e1604585643454.jpg\" data-dt-img-description=\"\" data-large_image_width=\"2048\" data-large_image_height=\"2048\"><img loading=\"lazy\" decoding=\"async\" class=\"wp-image-128499 alignleft\" src=\"https:\/\/www.radiopiu.net\/wordpress\/wp-content\/uploads\/2020\/04\/DONAZZAN-e1604585643454-300x300.jpg\" alt=\"\" width=\"121\" height=\"121\" srcset=\"https:\/\/www.radiopiu.net\/wordpress\/wp-content\/uploads\/2020\/04\/DONAZZAN-e1604585643454-300x300.jpg 300w, https:\/\/www.radiopiu.net\/wordpress\/wp-content\/uploads\/2020\/04\/DONAZZAN-e1604585643454-1024x1024.jpg 1024w, https:\/\/www.radiopiu.net\/wordpress\/wp-content\/uploads\/2020\/04\/DONAZZAN-e1604585643454-150x150.jpg 150w, https:\/\/www.radiopiu.net\/wordpress\/wp-content\/uploads\/2020\/04\/DONAZZAN-e1604585643454-768x768.jpg 768w, https:\/\/www.radiopiu.net\/wordpress\/wp-content\/uploads\/2020\/04\/DONAZZAN-e1604585643454-1536x1536.jpg 1536w, https:\/\/www.radiopiu.net\/wordpress\/wp-content\/uploads\/2020\/04\/DONAZZAN-e1604585643454.jpg 2048w\" sizes=\"auto, (max-width: 121px) 100vw, 121px\" \/><\/a>VENEZIA<\/strong> \u201cOggi si \u00e8 scritta una pagina ingloriosa per la politica dell\u2019industria italiana. Si \u00e8 chiusa, di fatto, la storia della Zanussi Industrie Meccaniche, la storia del compressore, parte nobile dell\u2019elettrodomestico pi\u00f9 diffuso al mondo, il frigorifero, settore che continuer\u00e0 a crescere. Si chiudono qui i nostri ragionamenti con il sindacato, con una parte del Governo, su come mantenere in vita una filiera del compressore italiano, anche alla luce della pandemia e della manifesta evidenza che parte di produzioni dalla Cina non sar\u00e0 pi\u00f9 conveniente n\u00e9 fare n\u00e9 importare\u201d. <\/em>Cos\u00ec l\u2019Assessore regionale al lavoro del Veneto commenta l\u2019esito dell\u2019incontro odierno in sede ministeriale relativo alla situazione di ACC Wanbao di Borgo Valbelluna. <em>\u201cAl MISE oggi festeggiamo con la promessa che la Regione del Veneto sar\u00e0 sempre accanto a quello stabilimento e, in particolare, al progetto industriale che l\u2019azienda italiana LU-Ve, di due famiglie italiane e una bellunese, hanno deciso di continuare ad investire sulla produzione\u201d conclude l\u2019Assessore regionale al lavoro del Veneto&#8221;.<\/em><\/p>\n<p>&nbsp;<\/p>\n<blockquote>\n<h3>D&#8217;INCA&#8217;, DA LUVE PROSPETTIVE SOLIDE, MASSIMA ATTENZIONE AL FUTURO DEI LAVORATORI<\/h3>\n<\/blockquote>\n<p><strong><a class=\"dt-pswp-item\" href=\"https:\/\/www.radiopiu.net\/wordpress\/wp-content\/uploads\/2021\/02\/dinca.jpg\" data-dt-img-description=\"\" data-large_image_width=\"1080\" data-large_image_height=\"1079\"><img loading=\"lazy\" decoding=\"async\" class=\"wp-image-190918 alignleft\" src=\"https:\/\/www.radiopiu.net\/wordpress\/wp-content\/uploads\/2021\/02\/dinca-300x300.jpg\" alt=\"\" width=\"191\" height=\"191\" srcset=\"https:\/\/www.radiopiu.net\/wordpress\/wp-content\/uploads\/2021\/02\/dinca-300x300.jpg 300w, https:\/\/www.radiopiu.net\/wordpress\/wp-content\/uploads\/2021\/02\/dinca-1024x1024.jpg 1024w, https:\/\/www.radiopiu.net\/wordpress\/wp-content\/uploads\/2021\/02\/dinca-150x150.jpg 150w, https:\/\/www.radiopiu.net\/wordpress\/wp-content\/uploads\/2021\/02\/dinca-768x767.jpg 768w, https:\/\/www.radiopiu.net\/wordpress\/wp-content\/uploads\/2021\/02\/dinca.jpg 1080w\" sizes=\"auto, (max-width: 191px) 100vw, 191px\" \/><\/a><\/strong><\/p>\n<p><strong>ROMA<\/strong> &#8220;\u201cIl gruppo Lu-Ve ha dimostrato solidit\u00e0 e forte credibilit\u00e0 per il rilancio e la riconversione dello stabilimento Acc di Borgo Valbelluna: all\u2019azienda va il nostro ringraziamento per avere accettato questa sfida importante che garantir\u00e0 un futuro al sito produttivo. Nell\u2019incontro al Mise la propriet\u00e0 ha esposto chiaramente le proprie intenzioni, annunciando l\u2019investimento previsto e illustrando il percorso che, negli anni, ha portato al consolidamento del gruppo. Bisogna accompagnare questo percorso di acquisizione continuando la sinergia istituzionale, in raccordo con azienda e il Commissario Straordinario, che finora ha permesso di raggiungere questo importante risultato. E\u2019 assolutamente rilevante affrontare la ricollocazione dei dipendenti e lavorare, come Governo, per il loro futuro&#8221;.<\/p>\n<p>&nbsp;<\/p>\n<p>&nbsp;<\/p>\n<p>&nbsp;<\/p>\n<p>&nbsp;<\/p>\n<hr \/>\n<p>&nbsp;<\/p>\n<p>&nbsp;<\/p>\n<blockquote>\n<h3>LUXOTTICA: DUE GIORNATE DI STOP VENERDI 15 APRILE E VENERDI 3 GIUGNO<\/h3>\n<\/blockquote>\n<p><strong><a class=\"dt-pswp-item\" href=\"https:\/\/www.radiopiu.net\/wordpress\/wp-content\/uploads\/2021\/12\/LUXOTTICA-FRAMONT.jpg\" data-dt-img-description=\"\" data-large_image_width=\"2048\" data-large_image_height=\"1536\"><img loading=\"lazy\" decoding=\"async\" class=\"wp-image-246066 alignleft\" src=\"https:\/\/www.radiopiu.net\/wordpress\/wp-content\/uploads\/2021\/12\/LUXOTTICA-FRAMONT-300x225.jpg\" alt=\"\" width=\"147\" height=\"110\" srcset=\"https:\/\/www.radiopiu.net\/wordpress\/wp-content\/uploads\/2021\/12\/LUXOTTICA-FRAMONT-300x225.jpg 300w, https:\/\/www.radiopiu.net\/wordpress\/wp-content\/uploads\/2021\/12\/LUXOTTICA-FRAMONT-1024x768.jpg 1024w, https:\/\/www.radiopiu.net\/wordpress\/wp-content\/uploads\/2021\/12\/LUXOTTICA-FRAMONT-768x576.jpg 768w, https:\/\/www.radiopiu.net\/wordpress\/wp-content\/uploads\/2021\/12\/LUXOTTICA-FRAMONT-1536x1152.jpg 1536w, https:\/\/www.radiopiu.net\/wordpress\/wp-content\/uploads\/2021\/12\/LUXOTTICA-FRAMONT.jpg 2048w\" sizes=\"auto, (max-width: 147px) 100vw, 147px\" \/><\/a>AGORDO<\/strong>\u00a0 Rsu e Azienda si sono incontrate per calendarizzare un recupero parziale della flessibilit\u00e0 positiva effettuata da settembre in poi. Le giornate di chiusura previste saranno &#8211; venerd\u00ec 15 aprile e venerd\u00ec 3 giugno.\u00a0 Per omogeneit\u00e0, e fatti salvi gli enti strettamente necessari che dovranno garantire continuit\u00e0 del servizio, anche gli uffici si fermeranno nelle suddette giornate. Per gli impiegati, chiaramente, mancando la flessibilit\u00e0, verranno utilizzati istituti individuali (nell\u2019ordine ferie arretrate, FIT, Pir e banca ore).<\/p>\n<p>&nbsp;<\/p>\n<p>&nbsp;<\/p>\n<hr \/>\n<blockquote>\n<h3>BUON TRENTESIMO COMPLEANNO PROTEZIONE CIVILE. BOTTACIN: \u201cUN ESERCITO DI PACE SEMPRE A DISPOSIZIONE DEI CITTADINI E DEI TERRITORI\u201d<\/h3>\n<\/blockquote>\n<p><strong><a class=\"dt-pswp-item\" href=\"https:\/\/www.radiopiu.net\/wordpress\/wp-content\/uploads\/2022\/02\/Ass-Bottacin-con-capo-Dipart-PC-Curcio-con-rappresentanza-volontari-a-Marghera-scaled.jpg\" data-dt-img-description=\"\" data-large_image_width=\"2560\" data-large_image_height=\"1920\"><img loading=\"lazy\" decoding=\"async\" class=\" wp-image-261225 alignleft\" src=\"https:\/\/www.radiopiu.net\/wordpress\/wp-content\/uploads\/2022\/02\/Ass-Bottacin-con-capo-Dipart-PC-Curcio-con-rappresentanza-volontari-a-Marghera-300x225.jpg\" alt=\"\" width=\"237\" height=\"178\" srcset=\"https:\/\/www.radiopiu.net\/wordpress\/wp-content\/uploads\/2022\/02\/Ass-Bottacin-con-capo-Dipart-PC-Curcio-con-rappresentanza-volontari-a-Marghera-300x225.jpg 300w, https:\/\/www.radiopiu.net\/wordpress\/wp-content\/uploads\/2022\/02\/Ass-Bottacin-con-capo-Dipart-PC-Curcio-con-rappresentanza-volontari-a-Marghera-1024x768.jpg 1024w, https:\/\/www.radiopiu.net\/wordpress\/wp-content\/uploads\/2022\/02\/Ass-Bottacin-con-capo-Dipart-PC-Curcio-con-rappresentanza-volontari-a-Marghera-768x576.jpg 768w, https:\/\/www.radiopiu.net\/wordpress\/wp-content\/uploads\/2022\/02\/Ass-Bottacin-con-capo-Dipart-PC-Curcio-con-rappresentanza-volontari-a-Marghera-1536x1152.jpg 1536w, https:\/\/www.radiopiu.net\/wordpress\/wp-content\/uploads\/2022\/02\/Ass-Bottacin-con-capo-Dipart-PC-Curcio-con-rappresentanza-volontari-a-Marghera-2048x1536.jpg 2048w\" sizes=\"auto, (max-width: 237px) 100vw, 237px\" \/><\/a>VENEZIA<\/strong> Oggi\u00a0 ricorre il trentesimo compleanno del Sistema di Protezione Civile, che venne istituito e regolamentato, come Servizio nazionale in Italia, il 24 febbraio con Legge 225 nel 1992. Prima di allora esistevano delle organizzazioni di protezione civile, costituite da semplici cittadini che si attivavano in forma spontanea, volontaria e solidaristica ogni qualvolta scoppiava, sul territorio nazionale, una qualche catastrofe ed emergenza (terremoti, alluvioni, etc.).<\/p>\n<p>&nbsp;<\/p>\n<p>&nbsp;<\/p>\n<p>&nbsp;<\/p>\n<p><strong>L&#8217;ASSESSORE REGIONALE ALLA PROTEZIONE CIVILE GIANPAOLO BOTTACIN<\/strong><\/p>\n<audio class=\"wp-audio-shortcode\" id=\"audio-261119-6\" preload=\"none\" style=\"width: 100%;\" controls=\"controls\"><source type=\"audio\/mpeg\" src=\"https:\/\/www.radiopiu.net\/wordpress\/wp-content\/uploads\/2022\/02\/bottacin.mp3?_=6\" \/><a href=\"https:\/\/www.radiopiu.net\/wordpress\/wp-content\/uploads\/2022\/02\/bottacin.mp3\">https:\/\/www.radiopiu.net\/wordpress\/wp-content\/uploads\/2022\/02\/bottacin.mp3<\/a><\/audio>\n<p>&nbsp;<\/p>\n<blockquote>\n<h3>IL PRESIDENTE DELLA REGIONE, LUCA ZAIA<\/h3>\n<p><em>\u201cBuon compleanno alla Protezione Civile. Le donne e gli uomini di questa organizzazione di volontariato solidaristico spengono trenta candeline, che equivalgono a trent\u2019anni di impegno e lavoro per la prevenzione del territorio e il soccorso dei cittadini. Parliamo di persone che hanno scelto di mettersi a disposizione della cittadinanza nei momenti pi\u00f9 difficili rappresentati da catastrofi, quali terremoti o alluvioni. Una squadra al top: donne e uomini che, di fronte ad una emergenza, sono i primi ad arrivare e gli ultimi ad andarsene. Una squadra che, da quando \u00e8 stata organizzata e istituita formalmente a livello nazionale nel 1992, garantisce la sicurezza della gente, che \u00e8 consapevole che se e quando dovesse capitare qualcosa di brutto, non \u00e8 sola, ma trova tante mani pronte a dare una mano\u201d.\u00a0<\/em><\/p><\/blockquote>\n<p>&nbsp;<\/p>\n<hr \/>\n<p>&nbsp;<\/p>\n<p>&nbsp;<\/p>\n<blockquote>\n<h3>AVVIATI ALTRI QUATTRO CANTIERI SUL LIGONT, AL VIA I LAVORI SULL&#8217;AURICH<\/h3>\n<\/blockquote>\n<p><strong>FELTRE\u00a0<\/strong> \u00a0Grazie al favorevole decorso climatico della stagione invernale sono stati nei giorni scorsi avviati, a cura delle strutture regionali dei Servizi Forestali, una serie di lavori di regimazione idraulica del torrente Ligont, a monte dell\u2019ospedale di Feltre. <em>\u201cSi tratta di quattro interventi, per un impegno di 300mila euro \u2013 spiega l\u2019assessore al Dissesto idrogeologico Gianpaolo Bottacin &#8211; localizzati tra la zona delle fornaci di Villabruna e il cimitero di Foen&#8221; <\/em>Nell\u2019ambito dello stesso finanziamento \u00e8 previsto anche un quinto e ulteriore lavoro, che partir\u00e0 nelle prossime settimane, sul torrente Aurich in prossimit\u00e0 dell\u2019abitato di Villaga: <em>\u201cqui sui prevede la costruzione di una difesa spondale in gabbioni metallici riempiti di pietrame &#8211; specifica Bottacin &#8211; per il contenimento di fenomeni erosivi della sponda da parte del torrente nei pressi del ponte di via San Fermo. <\/em>Tutti e cinque gli interventi, condizioni meteo e imprevisti permettendo, dovrebbero concludersi entro l\u2019inizio dell\u2019estate.<\/p>\n\n\t\t\t<style type='text\/css'>\n\t\t\t\t#gallery-1 {\n\t\t\t\t\tmargin: auto;\n\t\t\t\t}\n\t\t\t\t#gallery-1 .gallery-item {\n\t\t\t\t\tfloat: left;\n\t\t\t\t\tmargin-top: 10px;\n\t\t\t\t\ttext-align: center;\n\t\t\t\t\twidth: 33%;\n\t\t\t\t}\n\t\t\t\t#gallery-1 img {\n\t\t\t\t\tborder: 2px solid #cfcfcf;\n\t\t\t\t}\n\t\t\t\t#gallery-1 .gallery-caption {\n\t\t\t\t\tmargin-left: 0;\n\t\t\t\t}\n\t\t\t\t\/* see gallery_shortcode() in wp-includes\/media.php *\/\n\t\t\t<\/style>\n\t\t<div id='gallery-1' class='dt-gallery-container gallery galleryid-261119 gallery-columns-3 gallery-size-thumbnail'><dl class='gallery-item'>\n\t\t\t\t<dt class='gallery-icon portrait'>\n\t\t\t\t\t<a class=\"rollover rollover-zoom dt-pswp-item\" title=\"ccc50b58-fccd-4290-a7df-c0c65ee5478e\" data-dt-img-description=\"\" data-large_image_width=\"552\" data-large_image_height=\"732\"href='https:\/\/www.radiopiu.net\/wordpress\/wp-content\/uploads\/2022\/02\/ccc50b58-fccd-4290-a7df-c0c65ee5478e.jpg'><img loading=\"lazy\" decoding=\"async\" width=\"150\" height=\"150\" src=\"https:\/\/www.radiopiu.net\/wordpress\/wp-content\/uploads\/2022\/02\/ccc50b58-fccd-4290-a7df-c0c65ee5478e-150x150.jpg\" class=\"attachment-thumbnail size-thumbnail\" alt=\"\" \/><\/a>\n\t\t\t\t<\/dt><\/dl><dl class='gallery-item'>\n\t\t\t\t<dt class='gallery-icon landscape'>\n\t\t\t\t\t<a class=\"rollover rollover-zoom dt-pswp-item\" title=\"a1b2f402-771c-4322-9a2d-152997d9e128\" data-dt-img-description=\"\" data-large_image_width=\"1600\" data-large_image_height=\"1200\"href='https:\/\/www.radiopiu.net\/wordpress\/wp-content\/uploads\/2022\/02\/a1b2f402-771c-4322-9a2d-152997d9e128.jpg'><img loading=\"lazy\" decoding=\"async\" width=\"150\" height=\"150\" src=\"https:\/\/www.radiopiu.net\/wordpress\/wp-content\/uploads\/2022\/02\/a1b2f402-771c-4322-9a2d-152997d9e128-150x150.jpg\" class=\"attachment-thumbnail size-thumbnail\" alt=\"\" \/><\/a>\n\t\t\t\t<\/dt><\/dl><dl class='gallery-item'>\n\t\t\t\t<dt class='gallery-icon portrait'>\n\t\t\t\t\t<a class=\"rollover rollover-zoom dt-pswp-item\" title=\"b59577b7-071f-46a7-a498-8716d03fa185\" data-dt-img-description=\"\" data-large_image_width=\"1219\" data-large_image_height=\"1600\"href='https:\/\/www.radiopiu.net\/wordpress\/wp-content\/uploads\/2022\/02\/b59577b7-071f-46a7-a498-8716d03fa185.jpg'><img loading=\"lazy\" decoding=\"async\" width=\"150\" height=\"150\" src=\"https:\/\/www.radiopiu.net\/wordpress\/wp-content\/uploads\/2022\/02\/b59577b7-071f-46a7-a498-8716d03fa185-150x150.jpg\" class=\"attachment-thumbnail size-thumbnail\" alt=\"\" \/><\/a>\n\t\t\t\t<\/dt><\/dl><br style=\"clear: both\" \/>\n\t\t\t<\/div>\n\n<p>&nbsp;<\/p>\n<hr \/>\n<p>&nbsp;<\/p>\n<blockquote>\n<h3>VALLADA E IL DUP,\u00a0 PROGETTO CONSISTENTE PER LA DIFESA IDROGEOLOGICA DELLE FRAZIONI<\/h3>\n<\/blockquote>\n<p>&nbsp;<\/p>\n<p>&nbsp;<\/p>\n<p><strong>di GIANNI SANTOMASO<\/strong><\/p>\n<p><strong>AUDIO<\/strong><\/p>\n<audio class=\"wp-audio-shortcode\" id=\"audio-261119-7\" preload=\"none\" style=\"width: 100%;\" controls=\"controls\"><source type=\"audio\/mpeg\" src=\"https:\/\/www.radiopiu.net\/wordpress\/wp-content\/uploads\/2022\/02\/GIANNI.mp3?_=7\" \/><a href=\"https:\/\/www.radiopiu.net\/wordpress\/wp-content\/uploads\/2022\/02\/GIANNI.mp3\">https:\/\/www.radiopiu.net\/wordpress\/wp-content\/uploads\/2022\/02\/GIANNI.mp3<\/a><\/audio>\n<p>&nbsp;<\/p>\n\n\t\t\t<style type='text\/css'>\n\t\t\t\t#gallery-2 {\n\t\t\t\t\tmargin: auto;\n\t\t\t\t}\n\t\t\t\t#gallery-2 .gallery-item {\n\t\t\t\t\tfloat: left;\n\t\t\t\t\tmargin-top: 10px;\n\t\t\t\t\ttext-align: center;\n\t\t\t\t\twidth: 50%;\n\t\t\t\t}\n\t\t\t\t#gallery-2 img {\n\t\t\t\t\tborder: 2px solid #cfcfcf;\n\t\t\t\t}\n\t\t\t\t#gallery-2 .gallery-caption {\n\t\t\t\t\tmargin-left: 0;\n\t\t\t\t}\n\t\t\t\t\/* see gallery_shortcode() in wp-includes\/media.php *\/\n\t\t\t<\/style>\n\t\t<div id='gallery-2' class='dt-gallery-container gallery galleryid-261119 gallery-columns-2 gallery-size-thumbnail'><dl class='gallery-item'>\n\t\t\t\t<dt class='gallery-icon portrait'>\n\t\t\t\t\t<a class=\"rollover rollover-zoom dt-pswp-item\" title=\"Soglie sul Rif de Pian\u00e9za\" data-dt-img-description=\"\" data-large_image_width=\"1500\" data-large_image_height=\"2000\"href='https:\/\/www.radiopiu.net\/wordpress\/wp-content\/uploads\/2022\/02\/Soglie-sul-Rif-de-Pianeza.jpg'><img loading=\"lazy\" decoding=\"async\" width=\"150\" height=\"150\" src=\"https:\/\/www.radiopiu.net\/wordpress\/wp-content\/uploads\/2022\/02\/Soglie-sul-Rif-de-Pianeza-150x150.jpg\" class=\"attachment-thumbnail size-thumbnail\" alt=\"\" aria-describedby=\"gallery-2-261315\" \/><\/a>\n\t\t\t\t<\/dt>\n\t\t\t\t\t<dd class='wp-caption-text gallery-caption' id='gallery-2-261315'>\n\t\t\t\t\tSoglie sul Rif de Pian\u00e9za\n\t\t\t\t\t<\/dd><\/dl><dl class='gallery-item'>\n\t\t\t\t<dt class='gallery-icon portrait'>\n\t\t\t\t\t<a class=\"rollover rollover-zoom dt-pswp-item\" title=\"Zona alluvionale Lagar\u00e9i\" data-dt-img-description=\"\" data-large_image_width=\"1500\" data-large_image_height=\"2000\"href='https:\/\/www.radiopiu.net\/wordpress\/wp-content\/uploads\/2022\/02\/Zona-alluvionale-Lagarei.jpg'><img loading=\"lazy\" decoding=\"async\" width=\"150\" height=\"150\" src=\"https:\/\/www.radiopiu.net\/wordpress\/wp-content\/uploads\/2022\/02\/Zona-alluvionale-Lagarei-150x150.jpg\" class=\"attachment-thumbnail size-thumbnail\" alt=\"\" aria-describedby=\"gallery-2-261321\" \/><\/a>\n\t\t\t\t<\/dt>\n\t\t\t\t\t<dd class='wp-caption-text gallery-caption' id='gallery-2-261321'>\n\t\t\t\t\tZona alluvionale Lagar\u00e9i\n\t\t\t\t\t<\/dd><\/dl><br style=\"clear: both\" \/><dl class='gallery-item'>\n\t\t\t\t<dt class='gallery-icon landscape'>\n\t\t\t\t\t<a class=\"rollover rollover-zoom dt-pswp-item\" title=\"Strada sistemata Todesch-Cogul\" data-dt-img-description=\"\" data-large_image_width=\"2000\" data-large_image_height=\"1500\"href='https:\/\/www.radiopiu.net\/wordpress\/wp-content\/uploads\/2022\/02\/Strada-sistemata-Todesch-Cogul.jpg'><img loading=\"lazy\" decoding=\"async\" width=\"150\" height=\"150\" src=\"https:\/\/www.radiopiu.net\/wordpress\/wp-content\/uploads\/2022\/02\/Strada-sistemata-Todesch-Cogul-150x150.jpg\" class=\"attachment-thumbnail size-thumbnail\" alt=\"\" aria-describedby=\"gallery-2-261320\" \/><\/a>\n\t\t\t\t<\/dt>\n\t\t\t\t\t<dd class='wp-caption-text gallery-caption' id='gallery-2-261320'>\n\t\t\t\t\tStrada sistemata Todesch-Cogul\n\t\t\t\t\t<\/dd><\/dl><dl class='gallery-item'>\n\t\t\t\t<dt class='gallery-icon portrait'>\n\t\t\t\t\t<a class=\"rollover rollover-zoom dt-pswp-item\" title=\"Consolidamento argine sopra municipio\" data-dt-img-description=\"\" data-large_image_width=\"1500\" data-large_image_height=\"2000\"href='https:\/\/www.radiopiu.net\/wordpress\/wp-content\/uploads\/2022\/02\/Consolidamento-argine-sopra-municipio.jpg'><img loading=\"lazy\" decoding=\"async\" width=\"150\" height=\"150\" src=\"https:\/\/www.radiopiu.net\/wordpress\/wp-content\/uploads\/2022\/02\/Consolidamento-argine-sopra-municipio-150x150.jpg\" class=\"attachment-thumbnail size-thumbnail\" alt=\"\" aria-describedby=\"gallery-2-261319\" \/><\/a>\n\t\t\t\t<\/dt>\n\t\t\t\t\t<dd class='wp-caption-text gallery-caption' id='gallery-2-261319'>\n\t\t\t\t\tConsolidamento argine sopra municipio\n\t\t\t\t\t<\/dd><\/dl><br style=\"clear: both\" \/>\n\t\t\t<\/div>\n\n<p>&nbsp;<\/p>\n<p>&nbsp;<\/p>\n<hr \/>\n<blockquote>\n<h2><\/h2>\n<h2>REVOCATA L&#8217;ORDINANZA DI CHIUSURA DELLA STRADA COMUNALE AL MASARE&#8217;<\/h2>\n<\/blockquote>\n<p><strong>REVOCATA L&#8217;ORDINANZA DI CHIUSURA DELLA COMUNALE A MASARE&#8217; DI\u00a0 ROCCA PIETORE.<\/strong><span dir=\"ltr\" role=\"presentation\"> I lavori sono stati posticipati causa <\/span><span dir=\"ltr\" role=\"presentation\">maltempo e per poter permettere la regolare transitabilit\u00e0 della viabilit\u00e0 Comunale durante <\/span><span dir=\"ltr\" role=\"presentation\">queste<\/span> <span dir=\"ltr\" role=\"presentation\">settimane<\/span> <span dir=\"ltr\" role=\"presentation\">che<\/span> <span dir=\"ltr\" role=\"presentation\">risultano<\/span> <span dir=\"ltr\" role=\"presentation\">essere<\/span> <span dir=\"ltr\" role=\"presentation\">particolarmente<\/span> <span dir=\"ltr\" role=\"presentation\">soggette<\/span> <span dir=\"ltr\" role=\"presentation\">ad<\/span> <span dir=\"ltr\" role=\"presentation\">un<\/span> <span dir=\"ltr\" role=\"presentation\">importante<\/span> <span dir=\"ltr\" role=\"presentation\">afflusso <\/span><span dir=\"ltr\" role=\"presentation\">turistico<\/span><\/p>\n<p>&nbsp;<\/p>\n<blockquote>\n<h3>IN ORARIO DI LAVORO CHIUDE LA STRADA PER CARACOI , FINO AL 31 MARZO<\/h3>\n<\/blockquote>\n<p><strong><img loading=\"lazy\" decoding=\"async\" class=\"alignleft\" src=\"https:\/\/www.radiopiu.net\/wordpress\/wp-content\/uploads\/2020\/01\/Caracoi-2.jpeg\" width=\"222\" height=\"132\" \/><\/strong><\/p>\n<p><strong>ROCCA PIETORE<\/strong> Con i lavori di scavo per la posa del cavidotto interrato lungo la sede stradale da parte di E Distribuzione, almeno fino al 31 marzo Caracoi Agoin da Caracoi Cimai non sar\u00e0 raggiungibile durante l&#8217;apertura del cantiere, sono previste delle finestre per il transito all&#8217;ora di pranzo e a met\u00e0 pomeriggio,\u00a0\u00a0 ovvero strada chiusa: dalle 8.30 alle 12.30, dalle 13.30 alle 14.45 e dalle 15 alle 17, dal lunedi al sabato (domenica esclusa) fino al 12 marzo, dal lunedi al venerdi dal 14 marzo in poi. I lavori di interramento della linea porteranno un importante miglioramento sul servizio.<\/p>\n<p>&nbsp;<\/p>\n<p>&nbsp;<\/p>\n<p>&nbsp;<\/p>\n<hr \/>\n<p>&nbsp;<\/p>\n<p>&nbsp;<\/p>\n<blockquote>\n<h3>ECOVOLONTARI TRA BUSCHE E SANTA GIUSTINA cercasi uomini e donne di buona volont\u00e0<\/h3>\n<\/blockquote>\n<p><strong><img loading=\"lazy\" decoding=\"async\" class=\"alignleft\" src=\"https:\/\/www.radiopiu.net\/wordpress\/wp-content\/uploads\/2018\/03\/rifiuti-argine-fiume-po-canaro-02-3.jpg\" width=\"152\" height=\"101\" \/>di DAMIANO TORMEN<\/strong><\/p>\n<p><strong>AUDIO<\/strong><\/p>\n<audio class=\"wp-audio-shortcode\" id=\"audio-261119-8\" preload=\"none\" style=\"width: 100%;\" controls=\"controls\"><source type=\"audio\/mpeg\" src=\"https:\/\/www.radiopiu.net\/wordpress\/wp-content\/uploads\/2022\/02\/DAMIANO-2.mp3?_=8\" \/><a href=\"https:\/\/www.radiopiu.net\/wordpress\/wp-content\/uploads\/2022\/02\/DAMIANO-2.mp3\">https:\/\/www.radiopiu.net\/wordpress\/wp-content\/uploads\/2022\/02\/DAMIANO-2.mp3<\/a><\/audio>\n<p>&nbsp;<\/p>\n<p>&nbsp;<\/p>\n<hr \/>\n<blockquote>\n<h3><\/h3>\n<h3>EFFICIENTAMENTO ENERGETICO LAMPADE A LED IN SOSTITUZIONE DI QUELLE OBSOLETE<\/h3>\n<\/blockquote>\n<p><strong><a class=\"dt-pswp-item\" href=\"https:\/\/www.radiopiu.net\/wordpress\/wp-content\/uploads\/2020\/11\/IMG_20201117_112638-scaled.jpg\" data-dt-img-description=\"\" data-large_image_width=\"2560\" data-large_image_height=\"1440\"><img loading=\"lazy\" decoding=\"async\" class=\" wp-image-173499 alignleft\" src=\"https:\/\/www.radiopiu.net\/wordpress\/wp-content\/uploads\/2020\/11\/IMG_20201117_112638-300x169.jpg\" alt=\"\" width=\"263\" height=\"148\" srcset=\"https:\/\/www.radiopiu.net\/wordpress\/wp-content\/uploads\/2020\/11\/IMG_20201117_112638-300x169.jpg 300w, https:\/\/www.radiopiu.net\/wordpress\/wp-content\/uploads\/2020\/11\/IMG_20201117_112638-1024x576.jpg 1024w, https:\/\/www.radiopiu.net\/wordpress\/wp-content\/uploads\/2020\/11\/IMG_20201117_112638-768x432.jpg 768w, https:\/\/www.radiopiu.net\/wordpress\/wp-content\/uploads\/2020\/11\/IMG_20201117_112638-1536x864.jpg 1536w, https:\/\/www.radiopiu.net\/wordpress\/wp-content\/uploads\/2020\/11\/IMG_20201117_112638-2048x1152.jpg 2048w\" sizes=\"auto, (max-width: 263px) 100vw, 263px\" \/><\/a>FELTRE<\/strong> Con 130 mila euro l&#8217;amministrazione comunale prevede la sostituzione di apparecchiature obsolete (in particolare le lampade al sodio) con nuova tecnologia a risparmio energetico a LED e fa seguito a quanto gi\u00e0 realizzato negli scorsi anni in altre zone. Con il nuovo progetto sono stati individuati circa 180 lampioni stradali dotati di sistema di illuminazione di vecchia generazione posizionati lungo le strade di maggior traffico veicolare e con la presenza di importanti attraversamenti pedonali. L\u2019obiettivo della sostituzione \u00e8 infatti non soltanto quello di garantire una sensibile riduzione dei consumi energetici, ma anche quello di mettere in piena sicurezza la viabilit\u00e0 principale di Feltre. In continuit\u00e0 con i lavori gi\u00e0 eseguiti negli anni passati si provveder\u00e0 alla sostituzione delle attuali lampade presenti nelle seguenti vie: Via Belluno, Via Panoramica, Viale Monte Grappa, Via Vignigole, Via Monte Lungo, Via 14 Agosto, Via Rizzarda, Via Bagnols Sur Ceze.<\/p>\n<p><strong>L&#8217;ASSESSORE ADIS ZATTA\u00a0<\/strong><\/p>\n<audio class=\"wp-audio-shortcode\" id=\"audio-261119-9\" preload=\"none\" style=\"width: 100%;\" controls=\"controls\"><source type=\"audio\/mpeg\" src=\"https:\/\/www.radiopiu.net\/wordpress\/wp-content\/uploads\/2022\/02\/ADIS-ZATTA.mp3?_=9\" \/><a href=\"https:\/\/www.radiopiu.net\/wordpress\/wp-content\/uploads\/2022\/02\/ADIS-ZATTA.mp3\">https:\/\/www.radiopiu.net\/wordpress\/wp-content\/uploads\/2022\/02\/ADIS-ZATTA.mp3<\/a><\/audio>\n<p>&nbsp;<\/p>\n<hr \/>\n<blockquote>\n<h3>CARO SINDACO&#8230; &#8220;CHIEDIAMO UNO SPAZIO FISICO PER MIGLIORARE IL LAVORO DELLE MINORANZE&#8221;<\/h3>\n<\/blockquote>\n<div><strong><a class=\"dt-pswp-item\" href=\"https:\/\/www.radiopiu.net\/wordpress\/wp-content\/uploads\/2022\/02\/Consiglieri-De-Francesch-e-Costa.jpeg\" data-dt-img-description=\"\" data-large_image_width=\"1080\" data-large_image_height=\"791\"><img loading=\"lazy\" decoding=\"async\" class=\" wp-image-261195 alignleft\" src=\"https:\/\/www.radiopiu.net\/wordpress\/wp-content\/uploads\/2022\/02\/Consiglieri-De-Francesch-e-Costa-300x220.jpeg\" alt=\"\" width=\"218\" height=\"160\" srcset=\"https:\/\/www.radiopiu.net\/wordpress\/wp-content\/uploads\/2022\/02\/Consiglieri-De-Francesch-e-Costa-300x220.jpeg 300w, https:\/\/www.radiopiu.net\/wordpress\/wp-content\/uploads\/2022\/02\/Consiglieri-De-Francesch-e-Costa-1024x750.jpeg 1024w, https:\/\/www.radiopiu.net\/wordpress\/wp-content\/uploads\/2022\/02\/Consiglieri-De-Francesch-e-Costa-768x562.jpeg 768w, https:\/\/www.radiopiu.net\/wordpress\/wp-content\/uploads\/2022\/02\/Consiglieri-De-Francesch-e-Costa.jpeg 1080w\" sizes=\"auto, (max-width: 218px) 100vw, 218px\" \/><\/a>ALPAGO<\/strong> Il gruppo\u00a0<span id=\"page3R_mcid0\" class=\"markedContent\"><span dir=\"ltr\" role=\"presentation\">\u201cAlpago, insieme per il futuro\u201d\u00a0 alle recenti elezioni ha mancato gli scranni di maggioranza\u00a0 <\/span><span dir=\"ltr\" role=\"presentation\">per pochissimi voti,\u00a0 con rotonde vittorie in <\/span><span dir=\"ltr\" role=\"presentation\">5 seggi su 9. Situazione che rammarica non c&#8217;\u00e8 dubbio ma \u00e8 anche un motivo in pi\u00f9 per i consiglieri di opposizione per non deludere i tanti che hanno messo la crocetta sul loro simbolo. I consiglieri con entusiasmo stanno affrontando la nuova avventura <\/span><\/span><span id=\"page3R_mcid0\" class=\"markedContent\"><span dir=\"ltr\" role=\"presentation\">in prima linea per i cittadini e per <\/span><span dir=\"ltr\" role=\"presentation\">il territorio.\u00a0 In questi giorni hanno consegnato <\/span><\/span><span id=\"page3R_mcid1\" class=\"markedContent\">\u00a0<span dir=\"ltr\" role=\"presentation\">alla\u00a0 maggioranza l<\/span><span dir=\"ltr\" role=\"presentation\">a richiesta <\/span><span dir=\"ltr\" role=\"presentation\">di una stanza all\u2019inter<\/span><span dir=\"ltr\" role=\"presentation\">no della sede Municipale di Puos, a beneficio di tutte le minoranze <\/span><span dir=\"ltr\" role=\"presentation\">consiliari.<em> &#8220;<\/em><\/span><\/span><em><span id=\"page3R_mcid2\" class=\"markedContent\"><span dir=\"ltr\" role=\"presentation\">Al di l\u00e0 del dato elettorale che ha assegnato alle minoranze insediate in seno al consiglio comunale una <\/span><span dir=\"ltr\" role=\"presentation\">rappresentativit\u00e0 pari al 70% dei votanti <span id=\"page3R_mcid0\" class=\"markedContent\">\u00a0&#8211; dichiarano i consiglieri Vanessa De Francesch e Federico Costa (FOTO)- <\/span>\u00a0riteniamo che una tale soluzione logistica possa essere uno <\/span><span dir=\"ltr\" role=\"presentation\">strumento di valenza democratica per assicurare la piena funzionalit\u00e0 del Consiglio stesso; un luogo dedicato <\/span><span dir=\"ltr\" role=\"presentation\">ad analizzare e studiare la documentazione e gli atti che via via verranno<\/span> <span dir=\"ltr\" role=\"presentation\">sottoposti all\u2019esame e al voto del <\/span><span dir=\"ltr\" role=\"presentation\">Consiglio Comunale&#8221;.\u00a0<\/span><\/span><\/em><span id=\"page3R_mcid2\" class=\"markedContent\"><span dir=\"ltr\" role=\"presentation\">Con il primo contatto con gli organi di informazioni dopo le elezioni i consiglieri colgono anche l&#8217;occasione<\/span><\/span><span id=\"page3R_mcid4\" class=\"markedContent\">\u00a0<span dir=\"ltr\" role=\"presentation\">per ringraziare\u00a0 chi a <\/span><span dir=\"ltr\" role=\"presentation\">\u00a0vario titolo\u00a0 ha sostenuto la costruzione del programma e il <\/span><span dir=\"ltr\" role=\"presentation\">percorso della campagna elettorale. <em>&#8220;<\/em><\/span><\/span><em><span id=\"page3R_mcid5\" class=\"markedContent\"><span dir=\"ltr\" role=\"presentation\">Vogliamo ribadire il nostro impegno e continuare ad essere un riferimento per la nostra comunit\u00e0 &#8211; concludono i consiglieri &#8211;\u00a0 <\/span><span dir=\"ltr\" role=\"presentation\">con azioni concrete e dando voce anche alle frazioni pi\u00f9 periferiche, ad oggi non rappresentate in Consiglio, <\/span><span dir=\"ltr\" role=\"presentation\">ma che ci avevano premiato con la loro fiducia&#8221;.<\/span><\/span><\/em><\/div>\n<div><\/div>\n<div><\/div>\n<div>\n<hr \/>\n<\/div>\n<blockquote>\n<h3>TRE IMPORTANTI NOVITA&#8217; NEL PIANO OPERE PUBLICHE DALLA SCUOLA AI SOTTOPASSI<\/h3>\n<\/blockquote>\n<div><strong><a class=\"dt-pswp-item\" href=\"https:\/\/www.radiopiu.net\/wordpress\/wp-content\/uploads\/2022\/02\/Scuola_infanzia_Zattieri_del_Piave-1.jpg\" data-dt-img-description=\"\" data-large_image_width=\"2349\" data-large_image_height=\"1399\"><img loading=\"lazy\" decoding=\"async\" class=\" wp-image-261253 alignleft\" src=\"https:\/\/www.radiopiu.net\/wordpress\/wp-content\/uploads\/2022\/02\/Scuola_infanzia_Zattieri_del_Piave-1-300x179.jpg\" alt=\"\" width=\"250\" height=\"149\" srcset=\"https:\/\/www.radiopiu.net\/wordpress\/wp-content\/uploads\/2022\/02\/Scuola_infanzia_Zattieri_del_Piave-1-300x179.jpg 300w, https:\/\/www.radiopiu.net\/wordpress\/wp-content\/uploads\/2022\/02\/Scuola_infanzia_Zattieri_del_Piave-1-1024x610.jpg 1024w, https:\/\/www.radiopiu.net\/wordpress\/wp-content\/uploads\/2022\/02\/Scuola_infanzia_Zattieri_del_Piave-1-768x457.jpg 768w, https:\/\/www.radiopiu.net\/wordpress\/wp-content\/uploads\/2022\/02\/Scuola_infanzia_Zattieri_del_Piave-1-1536x915.jpg 1536w, https:\/\/www.radiopiu.net\/wordpress\/wp-content\/uploads\/2022\/02\/Scuola_infanzia_Zattieri_del_Piave-1-2048x1220.jpg 2048w\" sizes=\"auto, (max-width: 250px) 100vw, 250px\" \/><\/a>PONTE NELLE ALPI<\/strong> Efficientamento energetico della Scuola dell\u2019Infanzia degli \u201cZattieri del Piave\u201d, sottopasso di Nuova Erto e ponte dei Mazzucchi: il piano triennale di opere pubbliche del Comune di Ponte nelle Alpi si arricchisce di tre nuovi segmenti.<span class=\"gmail-Apple-converted-space\">\u00a0<\/span>La novit\u00e0 riguarda il miglioramento degli spazi e l\u2019efficientanento energetico, anche attraverso l\u2019adeguamento impiantistico, della Scuola dell\u2019Infanzia \u201cZattieri del Piave\u201d, per una spesa complessiva di 700mila euro. In programma la messa in sicurezza del sottopasso alla linea ferroviaria in localit\u00e0 Nuova Erto, con la realizzazione di un idoneo sistema di allontanamento delle acque per un importo di 600mila euro. Infine, spazio alle opere di riduzione del rischio residuo di frana e al ripristino delle condizioni di sicurezza della strada comunale di accesso al borgo Mazzucchi, nell\u2019Oltrerai: la spesa \u00e8 di 500mila euro&#8221;, ha affermato il sindaco Paolo Vendramini.<\/div>\n<div><\/div>\n<div><\/div>\n<hr \/>\n<p>&nbsp;<\/p>\n<blockquote>\n<h3>UN PREMIO PER LA ULSS1 DA BOLLINO AZZURRO, IL RICONOSCIMENTO AL LAVORO DI SQUADRA<\/h3>\n<\/blockquote>\n<p><strong>BELLUNO<\/strong>\u00a0 Tra i 94 ospedali in Italia premiati dalla Fondazione Osservatorio nazionale sulla salute della donna e di genere, nel quadro della prima edizione del Bollino Azzurro (2022-2023), c\u2019\u00e8 anche l\u2019Ulss Dolomiti con l\u2019ospedale di Feltre . E&#8217; il riconoscimento assegnato agli ospedali che assicurano un approccio professionale e interdisciplinare nei percorsi diagnostici e terapeutici dedicati alle persone con tumore alla prostata. La partecipazione all\u2019iniziativa era aperta a tutti gli ospedali partendo da quelli del network Bollini Rosa di Fondazione Onda. La valutazione delle 155 strutture ospedaliere candidate e la conseguente assegnazione del Bollino Azzurro si sono basate sulla compilazione di un questionario di mappatura articolato su 10 domande, volte a misurare la qualit\u00e0 e la multidisciplinarit\u00e0 dei servizi. Tra queste, 5 fanno riferimento a requisiti definiti essenziali dalla commissione, ovvero: il numero medio di nuovi casi di tumore alla prostata trattati dalla struttura che deve essere superiore a 100, l\u2019offerta di un approccio multidisciplinare per la gestione della malattia, il core team composto da urologo, oncologo medico e oncologo radioterapista, a cui devono aggiungersi anatomo patologo e specialista in diagnostica per immagini. Infine, risulta fondamentale la partecipazione a sessioni e programmi di aggiornamento in tema di tumore alla prostata. Sulla base di questi criteri,\u00a094 strutture hanno ottenuto il\u00a0riconoscimento, tra cui, appunto, l\u2019ospedale di Feltre.<\/p>\n\n\t\t\t<style type='text\/css'>\n\t\t\t\t#gallery-3 {\n\t\t\t\t\tmargin: auto;\n\t\t\t\t}\n\t\t\t\t#gallery-3 .gallery-item {\n\t\t\t\t\tfloat: left;\n\t\t\t\t\tmargin-top: 10px;\n\t\t\t\t\ttext-align: center;\n\t\t\t\t\twidth: 50%;\n\t\t\t\t}\n\t\t\t\t#gallery-3 img {\n\t\t\t\t\tborder: 2px solid #cfcfcf;\n\t\t\t\t}\n\t\t\t\t#gallery-3 .gallery-caption {\n\t\t\t\t\tmargin-left: 0;\n\t\t\t\t}\n\t\t\t\t\/* see gallery_shortcode() in wp-includes\/media.php *\/\n\t\t\t<\/style>\n\t\t<div id='gallery-3' class='dt-gallery-container gallery galleryid-261119 gallery-columns-2 gallery-size-thumbnail'><dl class='gallery-item'>\n\t\t\t\t<dt class='gallery-icon landscape'>\n\t\t\t\t\t<a class=\"rollover rollover-zoom dt-pswp-item\" title=\"WhatsApp Image 2022-02-23 at 09.34.20\" data-dt-img-description=\"\" data-large_image_width=\"1024\" data-large_image_height=\"892\"href='https:\/\/www.radiopiu.net\/wordpress\/wp-content\/uploads\/2022\/02\/WhatsApp-Image-2022-02-23-at-09.34.20.jpeg'><img loading=\"lazy\" decoding=\"async\" width=\"150\" height=\"150\" src=\"https:\/\/www.radiopiu.net\/wordpress\/wp-content\/uploads\/2022\/02\/WhatsApp-Image-2022-02-23-at-09.34.20-150x150.jpeg\" class=\"attachment-thumbnail size-thumbnail\" alt=\"\" \/><\/a>\n\t\t\t\t<\/dt><\/dl><dl class='gallery-item'>\n\t\t\t\t<dt class='gallery-icon portrait'>\n\t\t\t\t\t<a class=\"rollover rollover-zoom dt-pswp-item\" title=\"WhatsApp Image 2022-02-23 at 11.12.30\" data-dt-img-description=\"\" data-large_image_width=\"610\" data-large_image_height=\"1024\"href='https:\/\/www.radiopiu.net\/wordpress\/wp-content\/uploads\/2022\/02\/WhatsApp-Image-2022-02-23-at-11.12.30.jpeg'><img loading=\"lazy\" decoding=\"async\" width=\"150\" height=\"150\" src=\"https:\/\/www.radiopiu.net\/wordpress\/wp-content\/uploads\/2022\/02\/WhatsApp-Image-2022-02-23-at-11.12.30-150x150.jpeg\" class=\"attachment-thumbnail size-thumbnail\" alt=\"\" \/><\/a>\n\t\t\t\t<\/dt><\/dl><br style=\"clear: both\" \/>\n\t\t\t<\/div>\n\n<p>&nbsp;<\/p>\n<p>&nbsp;<\/p>\n<hr \/>\n<p>&nbsp;<\/p>\n<blockquote class=\"wp-embedded-content\" data-secret=\"45Hh0rmo0Q\"><p><a href=\"https:\/\/www.radiopiu.net\/wordpress\/aggiornamentonaz2022feb22\/\">CORONAVIRUS: AGGIORNAMENTO NAZIONALE 22 FEBBRAIO 2022<\/a><\/p><\/blockquote>\n<p><iframe loading=\"lazy\" class=\"wp-embedded-content\" sandbox=\"allow-scripts\" security=\"restricted\" style=\"position: absolute; clip: rect(1px, 1px, 1px, 1px);\" title=\"&#8220;CORONAVIRUS: AGGIORNAMENTO NAZIONALE 22 FEBBRAIO 2022&#8221; &#8212; Radio Pi\u00f9\" src=\"https:\/\/www.radiopiu.net\/wordpress\/aggiornamentonaz2022feb22\/embed\/#?secret=45Hh0rmo0Q\" data-secret=\"45Hh0rmo0Q\" width=\"600\" height=\"338\" frameborder=\"0\" marginwidth=\"0\" marginheight=\"0\" scrolling=\"no\"><\/iframe><\/p>\n<p>&nbsp;<\/p>\n<blockquote class=\"wp-embedded-content\" data-secret=\"aLuEPjBubn\"><p><a href=\"https:\/\/www.radiopiu.net\/wordpress\/aggzoea2aas\/\">UN GIORNO CON MENO DI 5000 NUOVI CASI, IN DIMINUZIONE I RICOVERI STABILI I DECESSI +27 IN 24 ORE<\/a><\/p><\/blockquote>\n<p><iframe loading=\"lazy\" class=\"wp-embedded-content\" sandbox=\"allow-scripts\" security=\"restricted\" style=\"position: absolute; clip: rect(1px, 1px, 1px, 1px);\" title=\"&#8220;UN GIORNO CON MENO DI 5000 NUOVI CASI, IN DIMINUZIONE I RICOVERI STABILI I DECESSI +27 IN 24 ORE&#8221; &#8212; Radio Pi\u00f9\" src=\"https:\/\/www.radiopiu.net\/wordpress\/aggzoea2aas\/embed\/#?secret=aLuEPjBubn\" data-secret=\"aLuEPjBubn\" width=\"600\" height=\"338\" frameborder=\"0\" marginwidth=\"0\" marginheight=\"0\" scrolling=\"no\"><\/iframe><\/p>\n<p>&nbsp;<\/p>\n<h2>I GRAFICI DI TIZIANO DE COL<\/h2>\n\n\t\t\t<style type='text\/css'>\n\t\t\t\t#gallery-4 {\n\t\t\t\t\tmargin: auto;\n\t\t\t\t}\n\t\t\t\t#gallery-4 .gallery-item {\n\t\t\t\t\tfloat: left;\n\t\t\t\t\tmargin-top: 10px;\n\t\t\t\t\ttext-align: center;\n\t\t\t\t\twidth: 33%;\n\t\t\t\t}\n\t\t\t\t#gallery-4 img {\n\t\t\t\t\tborder: 2px solid #cfcfcf;\n\t\t\t\t}\n\t\t\t\t#gallery-4 .gallery-caption {\n\t\t\t\t\tmargin-left: 0;\n\t\t\t\t}\n\t\t\t\t\/* see gallery_shortcode() in wp-includes\/media.php *\/\n\t\t\t<\/style>\n\t\t<div id='gallery-4' class='dt-gallery-container gallery galleryid-261119 gallery-columns-3 gallery-size-thumbnail'><dl class='gallery-item'>\n\t\t\t\t<dt class='gallery-icon landscape'>\n\t\t\t\t\t<a class=\"rollover rollover-zoom dt-pswp-item\" title=\"05397763-bc2f-4646-b4c0-dbfefd204a4e\" data-dt-img-description=\"\" data-large_image_width=\"597\" data-large_image_height=\"357\"href='https:\/\/www.radiopiu.net\/wordpress\/wp-content\/uploads\/2022\/02\/05397763-bc2f-4646-b4c0-dbfefd204a4e.jpg'><img loading=\"lazy\" decoding=\"async\" width=\"150\" height=\"150\" src=\"https:\/\/www.radiopiu.net\/wordpress\/wp-content\/uploads\/2022\/02\/05397763-bc2f-4646-b4c0-dbfefd204a4e-150x150.jpg\" class=\"attachment-thumbnail size-thumbnail\" alt=\"\" \/><\/a>\n\t\t\t\t<\/dt><\/dl><dl class='gallery-item'>\n\t\t\t\t<dt class='gallery-icon landscape'>\n\t\t\t\t\t<a class=\"rollover rollover-zoom dt-pswp-item\" title=\"b7130c94-da5e-441c-84e5-a791a3892bbb\" data-dt-img-description=\"\" data-large_image_width=\"604\" data-large_image_height=\"358\"href='https:\/\/www.radiopiu.net\/wordpress\/wp-content\/uploads\/2022\/02\/b7130c94-da5e-441c-84e5-a791a3892bbb.jpg'><img loading=\"lazy\" decoding=\"async\" width=\"150\" height=\"150\" src=\"https:\/\/www.radiopiu.net\/wordpress\/wp-content\/uploads\/2022\/02\/b7130c94-da5e-441c-84e5-a791a3892bbb-150x150.jpg\" class=\"attachment-thumbnail size-thumbnail\" alt=\"\" \/><\/a>\n\t\t\t\t<\/dt><\/dl><dl class='gallery-item'>\n\t\t\t\t<dt class='gallery-icon landscape'>\n\t\t\t\t\t<a class=\"rollover rollover-zoom dt-pswp-item\" title=\"ef35face-1e56-420f-8ac1-c3c6160f8e74\" data-dt-img-description=\"\" data-large_image_width=\"604\" data-large_image_height=\"357\"href='https:\/\/www.radiopiu.net\/wordpress\/wp-content\/uploads\/2022\/02\/ef35face-1e56-420f-8ac1-c3c6160f8e74.jpg'><img loading=\"lazy\" decoding=\"async\" width=\"150\" height=\"150\" src=\"https:\/\/www.radiopiu.net\/wordpress\/wp-content\/uploads\/2022\/02\/ef35face-1e56-420f-8ac1-c3c6160f8e74-150x150.jpg\" class=\"attachment-thumbnail size-thumbnail\" alt=\"\" \/><\/a>\n\t\t\t\t<\/dt><\/dl><br style=\"clear: both\" \/><dl class='gallery-item'>\n\t\t\t\t<dt class='gallery-icon landscape'>\n\t\t\t\t\t<a class=\"rollover rollover-zoom dt-pswp-item\" title=\"2fc2e285-121f-4088-a9b5-5295dab33b5f\" data-dt-img-description=\"\" data-large_image_width=\"612\" data-large_image_height=\"367\"href='https:\/\/www.radiopiu.net\/wordpress\/wp-content\/uploads\/2022\/02\/2fc2e285-121f-4088-a9b5-5295dab33b5f.jpg'><img loading=\"lazy\" decoding=\"async\" width=\"150\" height=\"150\" src=\"https:\/\/www.radiopiu.net\/wordpress\/wp-content\/uploads\/2022\/02\/2fc2e285-121f-4088-a9b5-5295dab33b5f-150x150.jpg\" class=\"attachment-thumbnail size-thumbnail\" alt=\"\" \/><\/a>\n\t\t\t\t<\/dt><\/dl><dl class='gallery-item'>\n\t\t\t\t<dt class='gallery-icon landscape'>\n\t\t\t\t\t<a class=\"rollover rollover-zoom dt-pswp-item\" title=\"537e0c3e-f2b7-466c-9d5b-9dd456309117\" data-dt-img-description=\"\" data-large_image_width=\"612\" data-large_image_height=\"364\"href='https:\/\/www.radiopiu.net\/wordpress\/wp-content\/uploads\/2022\/02\/537e0c3e-f2b7-466c-9d5b-9dd456309117.jpg'><img loading=\"lazy\" decoding=\"async\" width=\"150\" height=\"150\" src=\"https:\/\/www.radiopiu.net\/wordpress\/wp-content\/uploads\/2022\/02\/537e0c3e-f2b7-466c-9d5b-9dd456309117-150x150.jpg\" class=\"attachment-thumbnail size-thumbnail\" alt=\"\" \/><\/a>\n\t\t\t\t<\/dt><\/dl><dl class='gallery-item'>\n\t\t\t\t<dt class='gallery-icon landscape'>\n\t\t\t\t\t<a class=\"rollover rollover-zoom dt-pswp-item\" title=\"34b793e8-1200-41d7-8299-db8b8076c85c\" data-dt-img-description=\"\" data-large_image_width=\"630\" data-large_image_height=\"379\"href='https:\/\/www.radiopiu.net\/wordpress\/wp-content\/uploads\/2022\/02\/34b793e8-1200-41d7-8299-db8b8076c85c.jpg'><img loading=\"lazy\" decoding=\"async\" width=\"150\" height=\"150\" src=\"https:\/\/www.radiopiu.net\/wordpress\/wp-content\/uploads\/2022\/02\/34b793e8-1200-41d7-8299-db8b8076c85c-150x150.jpg\" class=\"attachment-thumbnail size-thumbnail\" alt=\"\" \/><\/a>\n\t\t\t\t<\/dt><\/dl><br style=\"clear: both\" \/>\n\t\t\t<\/div>\n\n<p>&nbsp;<\/p>\n<p>&nbsp;<\/p>\n<hr \/>\n<p>&nbsp;<\/p>\n<p>&nbsp;<\/p>\n<blockquote>\n<h2><strong>MILANO CORTINA 2026. ZAIA, \u201cNOMINA DEL COMMISSARIO SANT\u2019ANDREA SIGNIFICA ACCELERARE IN VISTA DELLE OLIMPIADI 2026\u201d<\/strong><\/h2>\n<\/blockquote>\n<p><a class=\"dt-pswp-item\" href=\"https:\/\/www.radiopiu.net\/wordpress\/wp-content\/uploads\/2022\/02\/SantAndrea-Luigi.jpg\" data-dt-img-description=\"\" data-large_image_width=\"200\" data-large_image_height=\"267\"><img loading=\"lazy\" decoding=\"async\" class=\"wp-image-261286 alignleft\" src=\"https:\/\/www.radiopiu.net\/wordpress\/wp-content\/uploads\/2022\/02\/SantAndrea-Luigi.jpg\" alt=\"\" width=\"89\" height=\"119\" \/><\/a> <em>\u201cE\u2019 un\u2019ottima notizia la nomina di Luigi Valerio Sant\u2019Andrea a commissario dei lavori di Milano Cortina 2026. Un passo in avanti importante, atteso peraltro da mesi e direi cruciale considerato che ci permetter\u00e0 di utilizzare le procedure semplificate in modo da accelerare i tempi di realizzazione delle opere stradali. Abbiamo quattro anni davanti a noi e c\u2019\u00e8 bisogno dell\u2019aiuto di tutti per raggiungere un obbiettivo comune che \u00e8 quello di far in modo che queste Olimpiadi siano organizzate nel miglior modo possibile\u201d. <\/em>Lo afferma il Presidente della Regione del Veneto, Luca Zaia, esprimendo soddisfazione per la nomina dell\u2019attuale amministratore delegato Luigi Valerio Sant\u2019Andrea, a commissario straordinario della societ\u00e0 \u201cInfrastrutture Milano-Cortina<\/p>\n<p>&nbsp;<\/p>\n<div><\/div>\n<div>\n<blockquote>\n<h3>\u00a0Bond: \u201cBene la nomina del commissario Sant\u2019Andrea. Ora si brucino le tappe\u201d<\/h3>\n<\/blockquote>\n<p><strong>ROMA <\/strong>\u201cOra bisogna bruciare le tappe per arrivare ad avere le opere concluse per dicembre 2025\u201d. Cos\u00ec in una nota il deputato Dario Bond. <em>\u201cSi tratta di opere fondamentali, non solo per le Olimpiadi, ma per il futuro della montagna bellunese e veneta. Nei giorni scorsi avevo sollevato la questione alla Camera. Ora non posso che esprimere soddisfazione: il mio appello accorato al governo e la sensibilizzazione di alcuni ministri hanno dato frutto. Ma attenzione: si tratta solo di una prima tappa, a cui dovranno seguire fatti concreti. Il commissario straordinario potr\u00e0 avvalersi di procedure veloci, ma l\u2019attenzione deve rimanere altissima. Quattro anni non sono troppi e non consentono distrazioni\u201d.<\/em><\/p>\n<\/div>\n<p>&nbsp;<\/p>\n<blockquote>\n<h3>Il Ministro Federico D&#8217;Inc\u00e0<\/h3>\n<\/blockquote>\n<p><em>\u201cHo sempre auspicato la nomina di Luigi Sant\u2019Andrea come Commissario straordinario e quello di oggi \u00e8 un passo molto importante per accelerare le procedure legate alle opere infrastrutturali. Sant\u2019Andrea \u00e8 una persona di grande spessore che ha dimostrato le proprie capacit\u00e0 gi\u00e0 in occasione del Mondiale di Sci del 2021 di Cortina. La comunit\u00e0 bellunese, il Veneto e il nostro Paese attendono le importanti ripercussioni di un evento unico su cui questo Governo e il precedente hanno stanziato importantissime risorse\u201d.<\/em><\/p>\n<p>&nbsp;<\/p>\n<p>&nbsp;<\/p>\n<hr \/>\n<blockquote>\n<h3><\/h3>\n<blockquote>\n<h3>TURISMO. SEMPRE PIU&#8217; DIFFICILE IL RECLUTAMENTO SOPRATTUTTO TRA I GIOVANI<\/h3>\n<\/blockquote>\n<p><strong>VENEZIA<\/strong> La ripresa del settore turistico, dopo il blocco forzato delle attivit\u00e0 dovuto alla pandemia, si \u00e8 accompagnata a grandi difficolt\u00e0 di reclutamento dei lavoratori. Secondo l\u2019ultima analisi della Fondazione Think Tank Nord Est, condotta a partire dalle previsioni di assunzione delle imprese dell\u2019indagine Unioncamere-ANPAL, il comparto turistico in Veneto, nel corso del 2021, ha espresso un fabbisogno di personale leggermente superiore al 2019, incontrando per\u00f2 maggiori ostacoli nel reperimento delle maestranze.<br \/>\nInfatti, i \u201cservizi di alloggio e ristorazione\u201d, in Veneto, nel 2021 hanno programmato quasi 85 mila assunzioni, un valore addirittura pi\u00f9 elevato del 2019, dopo il calo del 2020 quando le entrate previste erano di poco superiori alle 50 mila unit\u00e0. Tra gli altri settori con i valori pi\u00f9 elevati c\u2019\u00e8 il commercio con 64.500 previsioni di assunzione (nel 2019 erano state oltre 70 mila), i servizi alle imprese ed alle persone con 33.650 (un dato poco pi\u00f9 alto del 2019), i trasporti e la logistica con 33.160 (inferiore ai 35.280 del 2019), le costruzioni con 31.000 (nel 2019 erano meno di 30 mila). <em>\u201cLa pandemia ha provocato una forte perdita di professionalit\u00e0 nel settore turistico &#8211; commenta Antonio Ferrarelli, presidente della Fondazione Think Tank Nord Est &#8211; in quanto molti lavoratori, alla ricerca di un impiego pi\u00f9 stabile, hanno trovato occupazione in altri settori. Oggi le strutture ricettive e le attivit\u00e0 di ristorazione incontrano molte difficolt\u00e0 nel reclutamento del personale: per questo \u00e8 fondamentale ridurre stabilmente il costo del lavoro. In generale, poi, le localit\u00e0 turistiche dovrebbero ambire ad allungare la propria stagionalit\u00e0, verso un modello di turismo tutto l\u2019anno&#8221;.\u00a0\u00a0<\/em><\/p>\n<p>&nbsp;<\/p>\n<p>&nbsp;<\/p><\/blockquote>\n<hr \/>\n<blockquote><p>&nbsp;<\/p>\n<p>&nbsp;<\/p>\n<blockquote>\n<h3>\u00a0CAMBIO DI GOVERNANCE ALLA PIAVE MAITEX<\/h3>\n<\/blockquote>\n<p><strong>FELTRE<\/strong> La Piave Maitex di Feltre che da lavoro a 100 persone, si avvia verso nuove prospettive con un cambio di governance.\u00a0 Lydia Barbini \u00e8 entrata nel CdA della storica azienda tessile nel 2019 con un mandato annuale. E&#8217; stato nominato Amministratore Unico Marco Ballorini, consulente di fiducia dei soci di maggioranza Elena e Gianfranco Barbini e dei figli Giacomo Righetti (Sermen) e Matteo Barbini (Wide Group).<\/p>\n<p>&nbsp;<\/p>\n<p>&nbsp;<\/p><\/blockquote>\n<hr \/>\n<blockquote>\n<h3><\/h3>\n<p>&nbsp;<\/p>\n<blockquote>\n<h3>DOGLIONI E DE BETTIN AD EDOLO PER DIFENDERE LA MONTAGNA<\/h3>\n<\/blockquote>\n<p><strong><a class=\"dt-pswp-item\" href=\"https:\/\/www.radiopiu.net\/wordpress\/wp-content\/uploads\/2022\/02\/220222-Doglioni-De-Bettin-Masneri.jpeg\" data-dt-img-description=\"\" data-large_image_width=\"1024\" data-large_image_height=\"768\"><img loading=\"lazy\" decoding=\"async\" class=\" wp-image-261236 alignleft\" src=\"https:\/\/www.radiopiu.net\/wordpress\/wp-content\/uploads\/2022\/02\/220222-Doglioni-De-Bettin-Masneri-300x225.jpeg\" alt=\"\" width=\"287\" height=\"215\" srcset=\"https:\/\/www.radiopiu.net\/wordpress\/wp-content\/uploads\/2022\/02\/220222-Doglioni-De-Bettin-Masneri-300x225.jpeg 300w, https:\/\/www.radiopiu.net\/wordpress\/wp-content\/uploads\/2022\/02\/220222-Doglioni-De-Bettin-Masneri-768x576.jpeg 768w, https:\/\/www.radiopiu.net\/wordpress\/wp-content\/uploads\/2022\/02\/220222-Doglioni-De-Bettin-Masneri.jpeg 1024w\" sizes=\"auto, (max-width: 287px) 100vw, 287px\" \/><\/a>BELLUNO<\/strong> Il Presidente di Confcommercio Belluno Paolo Doglioni e l\u2019ingener Francesco De Bettin hanno incontrato ad Edolo\u00a0 Luca Masneri, Sindaco della citt\u00e0 e Coordinatore del Tavolo Tecnico che sta lavorando a supporto del Ministro Gelmini per l\u2019elaborazione della Legge Montagna Di tale tavolo Doglioni \u00e8 parte attiva in rappresentanza del sistema Confcommercio nazionale. Insieme sono state approfondite le tematiche relative alla premialit\u00e0 dovuta alla segregazione dell\u2019anidride carbonica da parte di pascoli, prati, boschi e foreste secolari e disetanee, mediante la negoziazione sul mercato telematico di speciali certificati verdi. Il modello, gi\u00e0 oggetto di analisi da parte del citato Tavolo, ha ottime potenzialit\u00e0 di implementazione perch\u00e9 privo di costi a carico della spesa pubblica ed anzi in grado di incrementare le Casse dell\u2019Erario in modo importante. Infine il Presidente Doglioni ha sottolineato l\u2019innovazione sociale e territoriali generata dall\u2019Universit\u00e0 della Montagna attivata tre anni fa ad Edolo.<\/p>\n<p>&nbsp;<\/p><\/blockquote>\n<p>&nbsp;<\/p>\n<hr \/>\n<blockquote><p>&nbsp;<\/p>\n<h3><b><span style=\"font-size: large;\">Zottis e Possamai (PD): \u201cBostrico, dal Consiglio l\u2019invito alla Giunta a fare di pi\u00f9: il fatalismo non serve\u201d<\/span><\/b><\/h3>\n<p><strong><a class=\"dt-pswp-item\" href=\"https:\/\/www.radiopiu.net\/wordpress\/wp-content\/uploads\/2021\/09\/ZOTTIS-3-scaled.jpg\" data-dt-img-description=\"\" data-large_image_width=\"1706\" data-large_image_height=\"2560\"><img loading=\"lazy\" decoding=\"async\" class=\"wp-image-233262 alignleft\" src=\"https:\/\/www.radiopiu.net\/wordpress\/wp-content\/uploads\/2021\/09\/ZOTTIS-3-200x300.jpg\" alt=\"\" width=\"99\" height=\"149\" srcset=\"https:\/\/www.radiopiu.net\/wordpress\/wp-content\/uploads\/2021\/09\/ZOTTIS-3-200x300.jpg 200w, https:\/\/www.radiopiu.net\/wordpress\/wp-content\/uploads\/2021\/09\/ZOTTIS-3-683x1024.jpg 683w, https:\/\/www.radiopiu.net\/wordpress\/wp-content\/uploads\/2021\/09\/ZOTTIS-3-768x1152.jpg 768w, https:\/\/www.radiopiu.net\/wordpress\/wp-content\/uploads\/2021\/09\/ZOTTIS-3-1024x1536.jpg 1024w, https:\/\/www.radiopiu.net\/wordpress\/wp-content\/uploads\/2021\/09\/ZOTTIS-3-1365x2048.jpg 1365w, https:\/\/www.radiopiu.net\/wordpress\/wp-content\/uploads\/2021\/09\/ZOTTIS-3-scaled.jpg 1706w\" sizes=\"auto, (max-width: 99px) 100vw, 99px\" \/><\/a>VENEZIA<\/strong> <em>\u201cQuesta mozione, approvata all\u2019unanimit\u00e0, servir\u00e0 almeno a spingere la Regione a fare qualcosa di pi\u00f9 e di meglio nella lotta al bostrico, lasciando da parte fatalismi o rimpalli di responsabilit\u00e0\u201d<\/em>. \u00c8 quanto affermano la consigliera del Partito Democratico Francesca Zottis (foto) e il capogruppo Giacomo Possamai dopo il voto positivo, all\u2019unanimit\u00e0, del Consiglio alla mozione presentata dai dem ormai ad agosto 2021. <em>\u201cDa allora qualcosa \u00e8 cambiato almeno a livello nazionale visto che il Governo con l\u2019ultima legge di bilancio ha snellito le procedure per le operazioni pi\u00f9 urgenti, a partire dagli abbattimenti, andando in deroga ad ogni disposizione vigente in materia vincolistica e di valutazione di impatto ambientale e stanziando risorse ad hoc. I Comuni per\u00f2 hanno bisogno di certezze sulle procedure e i limiti fin dove possono spingersi, perci\u00f2 va fatta chiarezza con i ministeri delle Politiche agricole e dei Beni culturali, ad esempio, sulla realizzazione delle piste di esbosco e degli impianti di teleferica&#8221;<\/em>. Per il PD la Regione \u00e8 stata piuttosto latitante, con lo scarico di responsabilit\u00e0 fra assessori e anche un certo fatalismo<\/p>\n<p>&nbsp;<\/p>\n<p>&nbsp;<\/p><\/blockquote>\n<hr \/>\n<p>&nbsp;<\/p>\n<blockquote>\n<h3>CRESCERE BENE TRA FIOCCHI DI NEVE E MONTAGNE INCANTATE<\/h3>\n<p><strong>ROCCA PIETORE<\/strong> E&#8217; bello essere bambini a Rocca Pietore, soprattutto perch\u00e9 significa essere seguiti da persone preparate, come la Maestra Nadia Costa che da decenni dedica parte del suo tempo a insegnare ai pi\u00f9 piccoli le basi dello sci di fondo. Un vero valore aggiunto per gli alunni della scuola dell&#8217;infanzia. Poi ci sono gli uomini e le donne del Soccorso Alpino Val Pettorina-Marmolada che sulla neve di Malga Ciapela hanno portato gli studenti delle primarie per insegnare\u00a0 i comportamenti\u00a0 in tema sicurezza in montagna nella stagione invernale con artva, pala e sonda.<\/p>\n\n\t\t\t<style type='text\/css'>\n\t\t\t\t#gallery-5 {\n\t\t\t\t\tmargin: auto;\n\t\t\t\t}\n\t\t\t\t#gallery-5 .gallery-item {\n\t\t\t\t\tfloat: left;\n\t\t\t\t\tmargin-top: 10px;\n\t\t\t\t\ttext-align: center;\n\t\t\t\t\twidth: 50%;\n\t\t\t\t}\n\t\t\t\t#gallery-5 img {\n\t\t\t\t\tborder: 2px solid #cfcfcf;\n\t\t\t\t}\n\t\t\t\t#gallery-5 .gallery-caption {\n\t\t\t\t\tmargin-left: 0;\n\t\t\t\t}\n\t\t\t\t\/* see gallery_shortcode() in wp-includes\/media.php *\/\n\t\t\t<\/style>\n\t\t<div id='gallery-5' class='dt-gallery-container gallery galleryid-261119 gallery-columns-2 gallery-size-thumbnail'><dl class='gallery-item'>\n\t\t\t\t<dt class='gallery-icon portrait'>\n\t\t\t\t\t<a class=\"rollover rollover-zoom dt-pswp-item\" title=\"95e106f5-071d-4546-80be-e4ebac0415a7\" data-dt-img-description=\"\" data-large_image_width=\"720\" data-large_image_height=\"1600\"href='https:\/\/www.radiopiu.net\/wordpress\/wp-content\/uploads\/2022\/02\/95e106f5-071d-4546-80be-e4ebac0415a7.jpg'><img loading=\"lazy\" decoding=\"async\" width=\"150\" height=\"150\" src=\"https:\/\/www.radiopiu.net\/wordpress\/wp-content\/uploads\/2022\/02\/95e106f5-071d-4546-80be-e4ebac0415a7-150x150.jpg\" class=\"attachment-thumbnail size-thumbnail\" alt=\"\" aria-describedby=\"gallery-5-261294\" \/><\/a>\n\t\t\t\t<\/dt>\n\t\t\t\t\t<dd class='wp-caption-text gallery-caption' id='gallery-5-261294'>\n\t\t\t\t\tcon Nadia\n\t\t\t\t\t<\/dd><\/dl><dl class='gallery-item'>\n\t\t\t\t<dt class='gallery-icon landscape'>\n\t\t\t\t\t<a class=\"rollover rollover-zoom dt-pswp-item\" title=\"6c6b9e8f-3516-464f-b774-c36e284b624f\" data-dt-img-description=\"\" data-large_image_width=\"888\" data-large_image_height=\"768\"href='https:\/\/www.radiopiu.net\/wordpress\/wp-content\/uploads\/2022\/02\/6c6b9e8f-3516-464f-b774-c36e284b624f.jpg'><img loading=\"lazy\" decoding=\"async\" width=\"150\" height=\"150\" src=\"https:\/\/www.radiopiu.net\/wordpress\/wp-content\/uploads\/2022\/02\/6c6b9e8f-3516-464f-b774-c36e284b624f-150x150.jpg\" class=\"attachment-thumbnail size-thumbnail\" alt=\"\" aria-describedby=\"gallery-5-261293\" \/><\/a>\n\t\t\t\t<\/dt>\n\t\t\t\t\t<dd class='wp-caption-text gallery-caption' id='gallery-5-261293'>\n\t\t\t\t\tcon il Soccorso Alpino\n\t\t\t\t\t<\/dd><\/dl><br style=\"clear: both\" \/>\n\t\t\t<\/div>\n\n<p>&nbsp;<\/p><\/blockquote>\n<hr \/>\n<blockquote>\n<h3><\/h3>\n<h3><\/h3>\n<blockquote>\n<h3>FINE SETTIMANA NEL RICORDO DEI CADUTI PER LA LOTTA DI LIBERAZIONE NEL FELTRINO<\/h3>\n<\/blockquote>\n<p><strong><a class=\"dt-pswp-item\" href=\"https:\/\/www.radiopiu.net\/wordpress\/wp-content\/uploads\/2022\/02\/anpi-feltre.jpg\" data-dt-img-description=\"\" data-large_image_width=\"552\" data-large_image_height=\"462\"><img loading=\"lazy\" decoding=\"async\" class=\" wp-image-261116 alignleft\" src=\"https:\/\/www.radiopiu.net\/wordpress\/wp-content\/uploads\/2022\/02\/anpi-feltre-300x251.jpg\" alt=\"\" width=\"160\" height=\"134\" srcset=\"https:\/\/www.radiopiu.net\/wordpress\/wp-content\/uploads\/2022\/02\/anpi-feltre-300x251.jpg 300w, https:\/\/www.radiopiu.net\/wordpress\/wp-content\/uploads\/2022\/02\/anpi-feltre.jpg 552w\" sizes=\"auto, (max-width: 160px) 100vw, 160px\" \/><\/a>FELTRE<\/strong><\/p>\n<p>di Roberto Bona<\/p>\n<audio class=\"wp-audio-shortcode\" id=\"audio-261119-10\" preload=\"none\" style=\"width: 100%;\" controls=\"controls\"><source type=\"audio\/mpeg\" src=\"https:\/\/www.radiopiu.net\/wordpress\/wp-content\/uploads\/2022\/02\/ROBERTO-BONA-RICORDO-CADUTI-LIBERAZIONE.mp3?_=10\" \/><a href=\"https:\/\/www.radiopiu.net\/wordpress\/wp-content\/uploads\/2022\/02\/ROBERTO-BONA-RICORDO-CADUTI-LIBERAZIONE.mp3\">https:\/\/www.radiopiu.net\/wordpress\/wp-content\/uploads\/2022\/02\/ROBERTO-BONA-RICORDO-CADUTI-LIBERAZIONE.mp3<\/a><\/audio>\n<p>&nbsp;<\/p>\n<p>&nbsp;<\/p>\n<p>&nbsp;<\/p>\n<blockquote>\n<hr \/>\n<blockquote>\n<h3><a class=\"dt-pswp-item\" href=\"https:\/\/www.radiopiu.net\/wordpress\/wp-content\/uploads\/2022\/02\/4ffa84fc-ccb7-48e4-93f7-340dbd232a9b.jpg\" data-dt-img-description=\"\" data-large_image_width=\"778\" data-large_image_height=\"1075\"><img loading=\"lazy\" decoding=\"async\" class=\" wp-image-260903 alignleft\" src=\"https:\/\/www.radiopiu.net\/wordpress\/wp-content\/uploads\/2022\/02\/4ffa84fc-ccb7-48e4-93f7-340dbd232a9b-217x300.jpg\" alt=\"\" width=\"129\" height=\"178\" srcset=\"https:\/\/www.radiopiu.net\/wordpress\/wp-content\/uploads\/2022\/02\/4ffa84fc-ccb7-48e4-93f7-340dbd232a9b-217x300.jpg 217w, https:\/\/www.radiopiu.net\/wordpress\/wp-content\/uploads\/2022\/02\/4ffa84fc-ccb7-48e4-93f7-340dbd232a9b-741x1024.jpg 741w, https:\/\/www.radiopiu.net\/wordpress\/wp-content\/uploads\/2022\/02\/4ffa84fc-ccb7-48e4-93f7-340dbd232a9b-768x1061.jpg 768w, https:\/\/www.radiopiu.net\/wordpress\/wp-content\/uploads\/2022\/02\/4ffa84fc-ccb7-48e4-93f7-340dbd232a9b.jpg 778w\" sizes=\"auto, (max-width: 129px) 100vw, 129px\" \/><\/a>RITORNANO LE ATTIVITA&#8217; DEL CENTRO ESTIVO DI AGORDO<\/h3>\n<\/blockquote>\n<p><strong>AGORDO<\/strong> \u00c8 in programma per sabato un doppio appuntamento con gli amici del centro Estivo di Agordo. Al mattino dalle 9:30 alle 12:30 l&#8217;appuntamento \u00e8 per i bambini delle scuole elementari con i laboratori creativi a tema carnevale. Nel pomeriggio i ragazzi delle medie sono protagonisti di &#8220;A carnevale&#8230;ogni schermo vale?&#8221;. Ritrovo al Centro Parrocchiale di Agordo. Per info e prenotazioni Francesco al 340 3493530 o Gloria al 347 0034669.<\/p>\n<p><strong>GLORIA CASOT, ANIMATRICE DEL CENTRO ESTIVO<\/strong><\/p>\n<audio class=\"wp-audio-shortcode\" id=\"audio-261119-11\" preload=\"none\" style=\"width: 100%;\" controls=\"controls\"><source type=\"audio\/mpeg\" src=\"https:\/\/www.radiopiu.net\/wordpress\/wp-content\/uploads\/2022\/02\/GLORIA-CASOT-ANIMATRICE.mp3?_=11\" \/><a href=\"https:\/\/www.radiopiu.net\/wordpress\/wp-content\/uploads\/2022\/02\/GLORIA-CASOT-ANIMATRICE.mp3\">https:\/\/www.radiopiu.net\/wordpress\/wp-content\/uploads\/2022\/02\/GLORIA-CASOT-ANIMATRICE.mp3<\/a><\/audio>\n<p>&nbsp;<\/p><\/blockquote>\n<p>&nbsp;<\/p>\n<h3><\/h3>\n<\/blockquote>\n<hr \/>\n<blockquote>\n<h3><\/h3>\n<h3>VERSO BASSANO E IL LAGO DI GARDA CON L&#8217;IMMANCABILE INCHINO ALL&#8217;AGNER<\/h3>\n<\/blockquote>\n<p><strong>VOLTAGO<\/strong> A quanto pare condizioni ottimali di vento e corrente, dall&#8217;Austria al vicentino o fino al veronese sulle sponde del lago di Garda, tra le Dolomiti il tragitto dalle grandi emozioni. Sopra Voltago nella macchina fotografica di Duilio Da Campo<\/p>\n\n\t\t\t<style type='text\/css'>\n\t\t\t\t#gallery-6 {\n\t\t\t\t\tmargin: auto;\n\t\t\t\t}\n\t\t\t\t#gallery-6 .gallery-item {\n\t\t\t\t\tfloat: left;\n\t\t\t\t\tmargin-top: 10px;\n\t\t\t\t\ttext-align: center;\n\t\t\t\t\twidth: 33%;\n\t\t\t\t}\n\t\t\t\t#gallery-6 img {\n\t\t\t\t\tborder: 2px solid #cfcfcf;\n\t\t\t\t}\n\t\t\t\t#gallery-6 .gallery-caption {\n\t\t\t\t\tmargin-left: 0;\n\t\t\t\t}\n\t\t\t\t\/* see gallery_shortcode() in wp-includes\/media.php *\/\n\t\t\t<\/style>\n\t\t<div id='gallery-6' class='dt-gallery-container gallery galleryid-261119 gallery-columns-3 gallery-size-medium'><dl class='gallery-item'>\n\t\t\t\t<dt class='gallery-icon landscape'>\n\t\t\t\t\t<a class=\"rollover rollover-zoom dt-pswp-item\" title=\"cfa8aa0c-8058-4130-b13f-e7aa0f889982\" data-dt-img-description=\"\" data-large_image_width=\"2000\" data-large_image_height=\"934\"href='https:\/\/www.radiopiu.net\/wordpress\/wp-content\/uploads\/2022\/02\/cfa8aa0c-8058-4130-b13f-e7aa0f889982.jpg'><img loading=\"lazy\" decoding=\"async\" width=\"300\" height=\"140\" src=\"https:\/\/www.radiopiu.net\/wordpress\/wp-content\/uploads\/2022\/02\/cfa8aa0c-8058-4130-b13f-e7aa0f889982-300x140.jpg\" class=\"attachment-medium size-medium\" alt=\"\" srcset=\"https:\/\/www.radiopiu.net\/wordpress\/wp-content\/uploads\/2022\/02\/cfa8aa0c-8058-4130-b13f-e7aa0f889982-300x140.jpg 300w, https:\/\/www.radiopiu.net\/wordpress\/wp-content\/uploads\/2022\/02\/cfa8aa0c-8058-4130-b13f-e7aa0f889982-1024x478.jpg 1024w, https:\/\/www.radiopiu.net\/wordpress\/wp-content\/uploads\/2022\/02\/cfa8aa0c-8058-4130-b13f-e7aa0f889982-768x359.jpg 768w, https:\/\/www.radiopiu.net\/wordpress\/wp-content\/uploads\/2022\/02\/cfa8aa0c-8058-4130-b13f-e7aa0f889982-1536x717.jpg 1536w, https:\/\/www.radiopiu.net\/wordpress\/wp-content\/uploads\/2022\/02\/cfa8aa0c-8058-4130-b13f-e7aa0f889982.jpg 2000w\" sizes=\"auto, (max-width: 300px) 100vw, 300px\" \/><\/a>\n\t\t\t\t<\/dt><\/dl><dl class='gallery-item'>\n\t\t\t\t<dt class='gallery-icon landscape'>\n\t\t\t\t\t<a class=\"rollover rollover-zoom dt-pswp-item\" title=\"5e6cbbaf-ef70-4672-b128-72aef6124c22\" data-dt-img-description=\"\" data-large_image_width=\"2000\" data-large_image_height=\"934\"href='https:\/\/www.radiopiu.net\/wordpress\/wp-content\/uploads\/2022\/02\/5e6cbbaf-ef70-4672-b128-72aef6124c22.jpg'><img loading=\"lazy\" decoding=\"async\" width=\"300\" height=\"140\" src=\"https:\/\/www.radiopiu.net\/wordpress\/wp-content\/uploads\/2022\/02\/5e6cbbaf-ef70-4672-b128-72aef6124c22-300x140.jpg\" class=\"attachment-medium size-medium\" alt=\"\" srcset=\"https:\/\/www.radiopiu.net\/wordpress\/wp-content\/uploads\/2022\/02\/5e6cbbaf-ef70-4672-b128-72aef6124c22-300x140.jpg 300w, https:\/\/www.radiopiu.net\/wordpress\/wp-content\/uploads\/2022\/02\/5e6cbbaf-ef70-4672-b128-72aef6124c22-1024x478.jpg 1024w, https:\/\/www.radiopiu.net\/wordpress\/wp-content\/uploads\/2022\/02\/5e6cbbaf-ef70-4672-b128-72aef6124c22-768x359.jpg 768w, https:\/\/www.radiopiu.net\/wordpress\/wp-content\/uploads\/2022\/02\/5e6cbbaf-ef70-4672-b128-72aef6124c22-1536x717.jpg 1536w, https:\/\/www.radiopiu.net\/wordpress\/wp-content\/uploads\/2022\/02\/5e6cbbaf-ef70-4672-b128-72aef6124c22.jpg 2000w\" sizes=\"auto, (max-width: 300px) 100vw, 300px\" \/><\/a>\n\t\t\t\t<\/dt><\/dl><dl class='gallery-item'>\n\t\t\t\t<dt class='gallery-icon landscape'>\n\t\t\t\t\t<a class=\"rollover rollover-zoom dt-pswp-item\" title=\"4ac0e8ca-3845-44db-acc7-d09d3e83ddef\" data-dt-img-description=\"\" data-large_image_width=\"2000\" data-large_image_height=\"934\"href='https:\/\/www.radiopiu.net\/wordpress\/wp-content\/uploads\/2022\/02\/4ac0e8ca-3845-44db-acc7-d09d3e83ddef.jpg'><img loading=\"lazy\" decoding=\"async\" width=\"300\" height=\"140\" src=\"https:\/\/www.radiopiu.net\/wordpress\/wp-content\/uploads\/2022\/02\/4ac0e8ca-3845-44db-acc7-d09d3e83ddef-300x140.jpg\" class=\"attachment-medium size-medium\" alt=\"\" srcset=\"https:\/\/www.radiopiu.net\/wordpress\/wp-content\/uploads\/2022\/02\/4ac0e8ca-3845-44db-acc7-d09d3e83ddef-300x140.jpg 300w, https:\/\/www.radiopiu.net\/wordpress\/wp-content\/uploads\/2022\/02\/4ac0e8ca-3845-44db-acc7-d09d3e83ddef-1024x478.jpg 1024w, https:\/\/www.radiopiu.net\/wordpress\/wp-content\/uploads\/2022\/02\/4ac0e8ca-3845-44db-acc7-d09d3e83ddef-768x359.jpg 768w, https:\/\/www.radiopiu.net\/wordpress\/wp-content\/uploads\/2022\/02\/4ac0e8ca-3845-44db-acc7-d09d3e83ddef-1536x717.jpg 1536w, https:\/\/www.radiopiu.net\/wordpress\/wp-content\/uploads\/2022\/02\/4ac0e8ca-3845-44db-acc7-d09d3e83ddef.jpg 2000w\" sizes=\"auto, (max-width: 300px) 100vw, 300px\" \/><\/a>\n\t\t\t\t<\/dt><\/dl><br style=\"clear: both\" \/><dl class='gallery-item'>\n\t\t\t\t<dt class='gallery-icon landscape'>\n\t\t\t\t\t<a class=\"rollover rollover-zoom dt-pswp-item\" title=\"e15c1973-d3c2-4fe3-b0e7-f210a4e61b80\" data-dt-img-description=\"\" data-large_image_width=\"2000\" data-large_image_height=\"934\"href='https:\/\/www.radiopiu.net\/wordpress\/wp-content\/uploads\/2022\/02\/e15c1973-d3c2-4fe3-b0e7-f210a4e61b80.jpg'><img loading=\"lazy\" decoding=\"async\" width=\"300\" height=\"140\" src=\"https:\/\/www.radiopiu.net\/wordpress\/wp-content\/uploads\/2022\/02\/e15c1973-d3c2-4fe3-b0e7-f210a4e61b80-300x140.jpg\" class=\"attachment-medium size-medium\" alt=\"\" srcset=\"https:\/\/www.radiopiu.net\/wordpress\/wp-content\/uploads\/2022\/02\/e15c1973-d3c2-4fe3-b0e7-f210a4e61b80-300x140.jpg 300w, https:\/\/www.radiopiu.net\/wordpress\/wp-content\/uploads\/2022\/02\/e15c1973-d3c2-4fe3-b0e7-f210a4e61b80-1024x478.jpg 1024w, https:\/\/www.radiopiu.net\/wordpress\/wp-content\/uploads\/2022\/02\/e15c1973-d3c2-4fe3-b0e7-f210a4e61b80-768x359.jpg 768w, https:\/\/www.radiopiu.net\/wordpress\/wp-content\/uploads\/2022\/02\/e15c1973-d3c2-4fe3-b0e7-f210a4e61b80-1536x717.jpg 1536w, https:\/\/www.radiopiu.net\/wordpress\/wp-content\/uploads\/2022\/02\/e15c1973-d3c2-4fe3-b0e7-f210a4e61b80.jpg 2000w\" sizes=\"auto, (max-width: 300px) 100vw, 300px\" \/><\/a>\n\t\t\t\t<\/dt><\/dl><dl class='gallery-item'>\n\t\t\t\t<dt class='gallery-icon landscape'>\n\t\t\t\t\t<a class=\"rollover rollover-zoom dt-pswp-item\" title=\"c44a5662-e5d2-4478-bbc3-347773214980\" data-dt-img-description=\"\" data-large_image_width=\"2000\" data-large_image_height=\"934\"href='https:\/\/www.radiopiu.net\/wordpress\/wp-content\/uploads\/2022\/02\/c44a5662-e5d2-4478-bbc3-347773214980.jpg'><img loading=\"lazy\" decoding=\"async\" width=\"300\" height=\"140\" src=\"https:\/\/www.radiopiu.net\/wordpress\/wp-content\/uploads\/2022\/02\/c44a5662-e5d2-4478-bbc3-347773214980-300x140.jpg\" class=\"attachment-medium size-medium\" alt=\"\" srcset=\"https:\/\/www.radiopiu.net\/wordpress\/wp-content\/uploads\/2022\/02\/c44a5662-e5d2-4478-bbc3-347773214980-300x140.jpg 300w, https:\/\/www.radiopiu.net\/wordpress\/wp-content\/uploads\/2022\/02\/c44a5662-e5d2-4478-bbc3-347773214980-1024x478.jpg 1024w, https:\/\/www.radiopiu.net\/wordpress\/wp-content\/uploads\/2022\/02\/c44a5662-e5d2-4478-bbc3-347773214980-768x359.jpg 768w, https:\/\/www.radiopiu.net\/wordpress\/wp-content\/uploads\/2022\/02\/c44a5662-e5d2-4478-bbc3-347773214980-1536x717.jpg 1536w, https:\/\/www.radiopiu.net\/wordpress\/wp-content\/uploads\/2022\/02\/c44a5662-e5d2-4478-bbc3-347773214980.jpg 2000w\" sizes=\"auto, (max-width: 300px) 100vw, 300px\" \/><\/a>\n\t\t\t\t<\/dt><\/dl><dl class='gallery-item'>\n\t\t\t\t<dt class='gallery-icon landscape'>\n\t\t\t\t\t<a class=\"rollover rollover-zoom dt-pswp-item\" title=\"3e18e495-2c41-4f8c-af60-192a06a00f95\" data-dt-img-description=\"\" data-large_image_width=\"2000\" data-large_image_height=\"934\"href='https:\/\/www.radiopiu.net\/wordpress\/wp-content\/uploads\/2022\/02\/3e18e495-2c41-4f8c-af60-192a06a00f95.jpg'><img loading=\"lazy\" decoding=\"async\" width=\"300\" height=\"140\" src=\"https:\/\/www.radiopiu.net\/wordpress\/wp-content\/uploads\/2022\/02\/3e18e495-2c41-4f8c-af60-192a06a00f95-300x140.jpg\" class=\"attachment-medium size-medium\" alt=\"\" srcset=\"https:\/\/www.radiopiu.net\/wordpress\/wp-content\/uploads\/2022\/02\/3e18e495-2c41-4f8c-af60-192a06a00f95-300x140.jpg 300w, https:\/\/www.radiopiu.net\/wordpress\/wp-content\/uploads\/2022\/02\/3e18e495-2c41-4f8c-af60-192a06a00f95-1024x478.jpg 1024w, https:\/\/www.radiopiu.net\/wordpress\/wp-content\/uploads\/2022\/02\/3e18e495-2c41-4f8c-af60-192a06a00f95-768x359.jpg 768w, https:\/\/www.radiopiu.net\/wordpress\/wp-content\/uploads\/2022\/02\/3e18e495-2c41-4f8c-af60-192a06a00f95-1536x717.jpg 1536w, https:\/\/www.radiopiu.net\/wordpress\/wp-content\/uploads\/2022\/02\/3e18e495-2c41-4f8c-af60-192a06a00f95.jpg 2000w\" sizes=\"auto, (max-width: 300px) 100vw, 300px\" \/><\/a>\n\t\t\t\t<\/dt><\/dl><br style=\"clear: both\" \/>\n\t\t\t<\/div>\n\n<p>&nbsp;<\/p>\n<blockquote class=\"wp-embedded-content\" data-secret=\"8fFUHcx3hk\"><p><a href=\"https:\/\/www.radiopiu.net\/wordpress\/carnevai-de-le-vai-di-gabriele-riv\/\">\u201cCARNEVAI DE LE VAI&#8221; di Gabriele Riva<\/a><\/p><\/blockquote>\n<p><iframe loading=\"lazy\" class=\"wp-embedded-content\" sandbox=\"allow-scripts\" security=\"restricted\" style=\"position: absolute; clip: rect(1px, 1px, 1px, 1px);\" title=\"&#8220;\u201cCARNEVAI DE LE VAI&#8221; di Gabriele Riva&#8221; &#8212; Radio Pi\u00f9\" src=\"https:\/\/www.radiopiu.net\/wordpress\/carnevai-de-le-vai-di-gabriele-riv\/embed\/#?secret=8fFUHcx3hk\" data-secret=\"8fFUHcx3hk\" width=\"600\" height=\"338\" frameborder=\"0\" marginwidth=\"0\" marginheight=\"0\" scrolling=\"no\"><\/iframe><\/p>\n<p>&nbsp;<\/p>\n<hr \/>\n<blockquote>\n<h3><\/h3>\n<h3>CAMBIA LA VIABILITA&#8217; A FELTRE. IN PROGRAMMA LAVORI IN VIA CENTRALE<\/h3>\n<\/blockquote>\n<p><strong>FELTRE<\/strong> Il comune di Feltre ha esposto un&#8217;ordinanza di divieto di transito in Via Centrale per tutti i veicoli, cicli e motocicli per un tratto di 15 metri tra la SS 50 verso Zermen. Il divieto sar\u00e0 attivo fino a venerdi per consentire la sostituzione della griglia per la raccolta delle acque meteoriche.<\/p>\n<p>&nbsp;<\/p>\n<p>&nbsp;<\/p>\n<hr \/>\n<p>&nbsp;<\/p>\n<blockquote>\n<h3>I CONSIGLI COMUNALI IN AGORDINO<\/h3>\n<\/blockquote>\n<p><strong>SAN TOMASO<\/strong> Il sindaco di San Tomaso Moreno De Val ha convocato il consiglio comunale per oggi alle 18:30 presso la sala consigliare. Sono 7 i punti all&#8217;ordine del giorno su cui discutere, tra questi l&#8217;approvazione dei lavori pubblici per il triennio 2022-2024 e l&#8217;acquisizione de beni e servizi, la presa d&#8217;atto del documento unico di programmazione, il bilancio di previsione 2022-2024 e il mutamento di destinazione di alcuni terreni di uso civico in localit\u00e0 I Piegn per la coltivazione di una cava.<\/p>\n<p><strong>LIVINALLONGO<\/strong>\u00a0 L&#8217;assemblea \u00e8 convocata per oggi alle 20 in Municipio. All&#8217;ordine del giorno un unico punto, la variante 1-22 al piano degli interventi, adozione.<\/p>\n<p><strong>CANALE D&#8217;AGORDO<\/strong> Il sindaco di Canale D&#8217;Agordo Flavio Colcergnan ha convocato per sabato mattina alle 9 il consiglio comunale nella sala Lina Zand\u00f2. Sette punti da discutere tra cui il documento unico di programmazione, l&#8217;addizionale comunale all&#8217;imposta sul reddito del triennio 2022\/24, l&#8217;approvazione delle aliquote e detrazioni l&#8217;imposta municipale propria IMU 2022 e il bilancio di previsione 2022\/24.<\/p>\n<p>&nbsp;<\/p>\n<p>&nbsp;<\/p>\n<hr \/>\n<p>&nbsp;<\/p>\n<blockquote>\n<h3>PER IL SECONDO ANNO LA SCI ALPINISTICA IN VALLE DI SAN LUCANO<\/h3>\n<\/blockquote>\n<p><strong><a class=\"dt-pswp-item\" href=\"https:\/\/www.radiopiu.net\/wordpress\/wp-content\/uploads\/2022\/02\/th-17.jpg\" data-dt-img-description=\"\" data-large_image_width=\"330\" data-large_image_height=\"198\"><img loading=\"lazy\" decoding=\"async\" class=\" wp-image-261248 alignleft\" src=\"https:\/\/www.radiopiu.net\/wordpress\/wp-content\/uploads\/2022\/02\/th-17-300x180.jpg\" alt=\"\" width=\"252\" height=\"151\" srcset=\"https:\/\/www.radiopiu.net\/wordpress\/wp-content\/uploads\/2022\/02\/th-17-300x180.jpg 300w, https:\/\/www.radiopiu.net\/wordpress\/wp-content\/uploads\/2022\/02\/th-17.jpg 330w\" sizes=\"auto, (max-width: 252px) 100vw, 252px\" \/><\/a>TAIBON<\/strong> La Pro Loco, il gruppo Piodech, il Gruppo Sportivo, le Scandole Storte ed il Comune di\u00a0 organizzano per domenica\u00a0 una gara di sci alpinismo non competitiva. La partenza \u00e8 prevista alle 10 sul Piazzale presso la locanda Col di Pra, iscrizioni dalle 8. Il tracciato: Col di Pra, i Chin, le Farsenade, localit\u00e0 del Molin a Col di Pra, Pont, Casera Pian de la Stua. La gara prevede, prima di intraprendere la salita principale lungo la strada comunale per Pont, anche una breve salita in localita Farsenade di un centinaio di metri con un dislivello complessivo di 630. Nel caso l\u2019innevamento lungo la prima parte della salita da Col di Pr\u00e0 verso Pont non sia sufficiente l\u2019organizzazione ha previsto un percorso alternativo dove l\u2019innevamento \u00e8 sicuramente assicurato. Questo prevede un anello da effettuare due volte con la stessa partenza prevista per la gara ufficiale ed arrivo sempre a Col di Pra con un dislivello complessivo di 250 metri. I partecipanti dovranno essere muniti di Green Pass, come prevede l\u2019attuale normativa anti Covid.<\/p>\n<p><strong>l&#8217;amico Eugenio Bien<\/strong><\/p>\n<audio class=\"wp-audio-shortcode\" id=\"audio-261119-12\" preload=\"none\" style=\"width: 100%;\" controls=\"controls\"><source type=\"audio\/mpeg\" src=\"https:\/\/www.radiopiu.net\/wordpress\/wp-content\/uploads\/2022\/02\/eugenio-bien.mp3?_=12\" \/><a href=\"https:\/\/www.radiopiu.net\/wordpress\/wp-content\/uploads\/2022\/02\/eugenio-bien.mp3\">https:\/\/www.radiopiu.net\/wordpress\/wp-content\/uploads\/2022\/02\/eugenio-bien.mp3<\/a><\/audio>\n<p>&nbsp;<\/p>\n<p>&nbsp;<\/p>\n<p>&nbsp;<\/p>\n<hr \/>\n<p>&nbsp;<\/p>\n<blockquote>\n<h3>SABATO 26 FEBBRAIO CARNEVALE A SOSPIROLO<\/h3>\n<\/blockquote>\n<p><strong>SOSPIROLO<\/strong>\u00a0 Sabato 26 febbraio al Centro civico di Sospirolo alle 15 con la \u00a0Proloco Monti del Sole e il \u00a0patrocinio del Comune di Sospirolo \u00a0tradizionale appuntamento con\u00a0 Carnevale dei bambini.\u00a0 * Spettacolo\u00a0\u00a0\u201cChe occhi Grandi che Hai! Manuale di corteggiamento per Lupi e affini\u201d\u00a0 \u00a0 con Cristina Gianni e Davide De Bona di Teatro Piteco.\u00a0 A seguire all&#8217;aperto la sfilata delle mascherine<\/p>\n<p>&nbsp;<\/p>\n<p>&nbsp;<\/p>\n<hr \/>\n<p>&nbsp;<\/p>\n<blockquote>\n<h3>CARNEVALE NEL CAPOLUOGO CADORINO<\/h3>\n<\/blockquote>\n<p><strong>PIEVE DI CADORE<\/strong> <span id=\"page50R_mcid8\" class=\"markedContent\"><span dir=\"ltr\" role=\"presentation\">Il primo marzo i commercianti <\/span><span dir=\"ltr\" role=\"presentation\">distribuiranno ai bambini presenti in Piazza Tiziano a partire dalle 15:30, caramelle e altri dolciumi per allietare il <\/span><span dir=\"ltr\" role=\"presentation\">pomeriggio in maschera. <\/span><\/span><span id=\"page50R_mcid12\" class=\"markedContent\"><span dir=\"ltr\" role=\"presentation\">Le attivit\u00e0 commerciali di Pieve di Cadore sono consapevoli dell\u2019importanza strategica della loro presenza nel <\/span><span dir=\"ltr\" role=\"presentation\">mantenere vitale il centro storico e comunque tutto il Paese. Da queste giunge dunque un forte segnale di positivit\u00e0 <\/span><span dir=\"ltr\" role=\"presentation\">nell\u2019essere parte attiva nell\u2019organizzazione delle attivit\u00e0 di animazione.<\/span><\/span><\/p>\n<p>&nbsp;<\/p>\n<p>&nbsp;<\/p>\n<hr \/>\n<p>&nbsp;<\/p>\n<blockquote>\n<h3>PATTINAGGIO APERTO AL PUBBLICO AD ALLEGHE<\/h3>\n<\/blockquote>\n<p><strong>ALLEGHE<\/strong> L&#8217;Alvise De Toni apre al pattinaggio libero. Domani dalle 21 alle 23, sabato dalle 16:30 alle 18:30 e domenica dalle 14:30 alle 16:30 e dalle 21 alle 23.<\/p>\n<p>&nbsp;<\/p>\n<p>&nbsp;<\/p>\n<hr \/>\n<p>&nbsp;<\/p>\n<blockquote>\n<h3><a class=\"dt-pswp-item\" href=\"https:\/\/www.radiopiu.net\/wordpress\/wp-content\/uploads\/2022\/02\/4ffa84fc-ccb7-48e4-93f7-340dbd232a9b.jpg\" data-dt-img-description=\"\" data-large_image_width=\"778\" data-large_image_height=\"1075\"><img loading=\"lazy\" decoding=\"async\" class=\" wp-image-260903 alignleft\" src=\"https:\/\/www.radiopiu.net\/wordpress\/wp-content\/uploads\/2022\/02\/4ffa84fc-ccb7-48e4-93f7-340dbd232a9b-217x300.jpg\" alt=\"\" width=\"129\" height=\"178\" srcset=\"https:\/\/www.radiopiu.net\/wordpress\/wp-content\/uploads\/2022\/02\/4ffa84fc-ccb7-48e4-93f7-340dbd232a9b-217x300.jpg 217w, https:\/\/www.radiopiu.net\/wordpress\/wp-content\/uploads\/2022\/02\/4ffa84fc-ccb7-48e4-93f7-340dbd232a9b-741x1024.jpg 741w, https:\/\/www.radiopiu.net\/wordpress\/wp-content\/uploads\/2022\/02\/4ffa84fc-ccb7-48e4-93f7-340dbd232a9b-768x1061.jpg 768w, https:\/\/www.radiopiu.net\/wordpress\/wp-content\/uploads\/2022\/02\/4ffa84fc-ccb7-48e4-93f7-340dbd232a9b.jpg 778w\" sizes=\"auto, (max-width: 129px) 100vw, 129px\" \/><\/a>RITORNANO LE ATTIVITA&#8217; DEL CENTRO ESTIVO DI AGORDO<\/h3>\n<\/blockquote>\n<p><strong>AGORDO<\/strong> \u00c8 in programma per sabato un doppio appuntamento con gli amici del centro Estivo di Agordo. Al mattino dalle 9:30 alle 12:30 l&#8217;appuntamento \u00e8 per i bambini delle scuole elementari con i laboratori creativi a tema carnevale. Nel pomeriggio i ragazzi delle medie sono protagonisti di &#8220;A carnevale&#8230;ogni schermo vale?&#8221;. Ritrovo al Centro Parrocchiale di Agordo. Per info e prenotazioni Francesco al 340 3493530 o Gloria al 347 0034669.<\/p>\n<p><strong>GLORIA CASOT, ANIMATRICE DEL CENTRO ESTIVO<\/strong><\/p>\n<audio class=\"wp-audio-shortcode\" id=\"audio-261119-13\" preload=\"none\" style=\"width: 100%;\" controls=\"controls\"><source type=\"audio\/mpeg\" src=\"https:\/\/www.radiopiu.net\/wordpress\/wp-content\/uploads\/2022\/02\/GLORIA-CASOT-ANIMATRICE.mp3?_=13\" \/><a href=\"https:\/\/www.radiopiu.net\/wordpress\/wp-content\/uploads\/2022\/02\/GLORIA-CASOT-ANIMATRICE.mp3\">https:\/\/www.radiopiu.net\/wordpress\/wp-content\/uploads\/2022\/02\/GLORIA-CASOT-ANIMATRICE.mp3<\/a><\/audio>\n<p>&nbsp;<\/p>\n<hr \/>\n<p>&nbsp;<\/p>\n<h2><span style=\"color: #ff0000;\"><strong>IERI ALLA RADIO\u00a0<\/strong><\/span><\/h2>\n<p>Il ritorno dell&#8217;esperto Francesco Zillio con i suoi partner<\/p>\n<p><iframe loading=\"lazy\" title=\"EPCENTER E I SUOI PARTNES CON FRANCESCO ZILLIO, GABRIELE DESTRO\" width=\"1200\" height=\"675\" src=\"https:\/\/www.youtube.com\/embed\/tbyo6oc03K4?feature=oembed\" frameborder=\"0\" allow=\"accelerometer; autoplay; clipboard-write; encrypted-media; gyroscope; picture-in-picture\" allowfullscreen><\/iframe><\/p>\n<p>&nbsp;<\/p>\n<p>LA RACCOLTA COMPLETA<\/p>\n<blockquote class=\"wp-embedded-content\" data-secret=\"RPBMoN9vVj\"><p><a href=\"https:\/\/www.radiopiu.net\/wordpress\/tecnologie-con-francesco-zillio\/\">TECNOLOGIE CON FRANCESCO ZILLIO<\/a><\/p><\/blockquote>\n<p><iframe loading=\"lazy\" class=\"wp-embedded-content\" sandbox=\"allow-scripts\" security=\"restricted\" style=\"position: absolute; clip: rect(1px, 1px, 1px, 1px);\" title=\"&#8220;TECNOLOGIE CON FRANCESCO ZILLIO&#8221; &#8212; Radio Pi\u00f9\" src=\"https:\/\/www.radiopiu.net\/wordpress\/tecnologie-con-francesco-zillio\/embed\/#?secret=RPBMoN9vVj\" data-secret=\"RPBMoN9vVj\" width=\"600\" height=\"338\" frameborder=\"0\" marginwidth=\"0\" marginheight=\"0\" scrolling=\"no\"><\/iframe><\/p>\n<p>&nbsp;<\/p>\n<hr \/>\n<p>&nbsp;<\/p>\n<h2><span style=\"color: #ff0000;\">IERI ALLA RADIO<\/span><\/h2>\n<blockquote>\n<h2>ALLO ZERO TERMICO: LA MARMOLADA<\/h2>\n<\/blockquote>\n<blockquote><p><em><a class=\"dt-pswp-item\" href=\"https:\/\/www.radiopiu.net\/wordpress\/wp-content\/uploads\/2022\/02\/MARMOLADA.jpeg\" data-dt-img-description=\"\" data-large_image_width=\"1190\" data-large_image_height=\"780\"><img loading=\"lazy\" decoding=\"async\" class=\"wp-image-261271 alignleft\" src=\"https:\/\/www.radiopiu.net\/wordpress\/wp-content\/uploads\/2022\/02\/MARMOLADA-300x197.jpeg\" alt=\"\" width=\"225\" height=\"148\" srcset=\"https:\/\/www.radiopiu.net\/wordpress\/wp-content\/uploads\/2022\/02\/MARMOLADA-300x197.jpeg 300w, https:\/\/www.radiopiu.net\/wordpress\/wp-content\/uploads\/2022\/02\/MARMOLADA-1024x671.jpeg 1024w, https:\/\/www.radiopiu.net\/wordpress\/wp-content\/uploads\/2022\/02\/MARMOLADA-768x503.jpeg 768w, https:\/\/www.radiopiu.net\/wordpress\/wp-content\/uploads\/2022\/02\/MARMOLADA.jpeg 1190w\" sizes=\"auto, (max-width: 225px) 100vw, 225px\" \/><\/a>ZERO TERMICO E\u2019 UN VIAGGIO ALLA SCOPERTA DEL NOSTRO TERRITORIO, DALLA VOCE DEI PROTAGONISTI. TURISMO, SPORT, EVENTI, CULTURA, INTRATTENIMENTO. DAL LUNEDI\u2019 AL VENERDI ALLE 15.10 ALLE 20.30. ZERO TERMICO. UN APPUNTAMENTO IN COLLABORAZIONE CON: SPORT 203. LA NATURALE PORTA D\u2019INGRESSO\u2026.VERSO LO ZERO TERMICO. LOCALITA\u2019 LE CAMPE STRADA AGORDO BELLUNO. ABBIGLIAMENTO E ATTREZZATURA\u2026.DEDICATI A CHI AMA LA MONTAGNA.<\/em><\/p><\/blockquote>\n<p><strong>di Claudio Fontanive<\/strong><\/p>\n<p><strong>PUNTATA 33, CON\u00a0 ROMINA DARMAN DALLA MARMOLADA<\/strong><\/p>\n<audio class=\"wp-audio-shortcode\" id=\"audio-261119-14\" preload=\"none\" style=\"width: 100%;\" controls=\"controls\"><source type=\"audio\/mpeg\" src=\"https:\/\/www.radiopiu.net\/wordpress\/wp-content\/uploads\/2022\/02\/romina-darman-marmolada-23-febbraio.mp3?_=14\" \/><a href=\"https:\/\/www.radiopiu.net\/wordpress\/wp-content\/uploads\/2022\/02\/romina-darman-marmolada-23-febbraio.mp3\">https:\/\/www.radiopiu.net\/wordpress\/wp-content\/uploads\/2022\/02\/romina-darman-marmolada-23-febbraio.mp3<\/a><\/audio>\n<p>&nbsp;<\/p>\n<hr \/>\n<p>&nbsp;<\/p>\n<p><strong>TUTTI I LUNEDI ALLE 10,30 E 1900, LA DOMENICA ALLE 8 007 IN CONDOTTA, LA SCUOLA CON LA PROF. MARIA ROSA SALMAZO E CLAUDIO FONTANIVE, IN PODCAST TUTTE LE PUNTATE DELLE ULTIME STAGIONI.<\/strong><\/p>\n<p>&nbsp;<\/p>\n<blockquote class=\"wp-embedded-content\" data-secret=\"f57sb7zeSs\"><p><a href=\"https:\/\/www.radiopiu.net\/wordpress\/007incondotta-9\/\">007 in condotta<\/a><\/p><\/blockquote>\n<p><iframe loading=\"lazy\" class=\"wp-embedded-content\" sandbox=\"allow-scripts\" security=\"restricted\" style=\"position: absolute; clip: rect(1px, 1px, 1px, 1px);\" title=\"&#8220;007 in condotta&#8221; &#8212; Radio Pi\u00f9\" src=\"https:\/\/www.radiopiu.net\/wordpress\/007incondotta-9\/embed\/#?secret=f57sb7zeSs\" data-secret=\"f57sb7zeSs\" width=\"600\" height=\"338\" frameborder=\"0\" marginwidth=\"0\" marginheight=\"0\" scrolling=\"no\"><\/iframe><\/p>\n<p>&nbsp;<\/p>\n<hr \/>\n<p>&nbsp;<\/p>\n<p>&nbsp;<\/p>\n<p>https:\/\/www.radiopiu.net\/wordpress\/raccoltaso1\/<\/p>\n<p>&nbsp;<\/p>\n<hr \/>\n<p>&nbsp;<\/p>\n<div>\n<div class=\"b654a4as d2edcug0\">\n<div class=\"rq0escxv hkbzh7o3 jwdofwj8 n8tt0mok r8blr3vg hyh9befq\">\n<p><a class=\"dt-pswp-item\" href=\"https:\/\/www.radiopiu.net\/wordpress\/wp-content\/uploads\/2020\/10\/pp.jpg\" data-dt-img-description=\"\" data-large_image_width=\"640\" data-large_image_height=\"640\"><img loading=\"lazy\" decoding=\"async\" class=\"wp-image-163678 alignleft\" src=\"https:\/\/www.radiopiu.net\/wordpress\/wp-content\/uploads\/2020\/10\/pp-300x300.jpg\" alt=\"\" width=\"106\" height=\"106\" srcset=\"https:\/\/www.radiopiu.net\/wordpress\/wp-content\/uploads\/2020\/10\/pp-300x300.jpg 300w, https:\/\/www.radiopiu.net\/wordpress\/wp-content\/uploads\/2020\/10\/pp-150x150.jpg 150w, https:\/\/www.radiopiu.net\/wordpress\/wp-content\/uploads\/2020\/10\/pp-125x125.jpg 125w, https:\/\/www.radiopiu.net\/wordpress\/wp-content\/uploads\/2020\/10\/pp-200x200.jpg 200w, https:\/\/www.radiopiu.net\/wordpress\/wp-content\/uploads\/2020\/10\/pp-80x80.jpg 80w, https:\/\/www.radiopiu.net\/wordpress\/wp-content\/uploads\/2020\/10\/pp-480x480.jpg 480w, https:\/\/www.radiopiu.net\/wordpress\/wp-content\/uploads\/2020\/10\/pp.jpg 640w\" sizes=\"auto, (max-width: 106px) 100vw, 106px\" \/><\/a><\/p>\n<\/div>\n<\/div>\n<\/div>\n<div>\n<div class=\"page-title-head hgroup\">\n<div class=\"page-title-head hgroup\">\n<div class=\"b654a4as d2edcug0\">\n<div class=\"j83agx80 btwxx1t3 lhclo0ds hop8lmos nkwizq5d scwd0bx6 roh60bw9\">\n<div class=\"rq0escxv hkbzh7o3 jwdofwj8 n8tt0mok r8blr3vg hyh9befq\">\n<div class=\"do00u71z l9j0dhe7 k4urcfbm\">\n<h2><span style=\"color: #000080;\">\u00a0<\/span><span style=\"color: #000080;\">DON CESARE, IL PENSIERO DEL GIORNO. ALLA RADIO ALLE 7 DEL MATTINO E ALLE 19.30 DELLA SERA.<\/span><\/h2>\n<\/div>\n<div class=\"do00u71z l9j0dhe7 k4urcfbm\">\n<audio class=\"wp-audio-shortcode\" id=\"audio-261119-15\" preload=\"none\" style=\"width: 100%;\" controls=\"controls\"><source type=\"audio\/mpeg\" src=\"https:\/\/www.radiopiu.net\/wordpress\/wp-content\/uploads\/2022\/02\/CESARE-8.mp3?_=15\" \/><a href=\"https:\/\/www.radiopiu.net\/wordpress\/wp-content\/uploads\/2022\/02\/CESARE-8.mp3\">https:\/\/www.radiopiu.net\/wordpress\/wp-content\/uploads\/2022\/02\/CESARE-8.mp3<\/a><\/audio>\n<p>&nbsp;<\/p>\n<hr \/>\n<p>&nbsp;<\/p>\n<h3 class=\"kvgmc6g5 cxmmr5t8 oygrvhab hcukyx3x c1et5uql\"><span style=\"color: #0000ff;\"><strong>INFORMAZIONE il canale su TELEGRAM informazione di prima mano e in tempo reale. iscriviti ed aiutaci a farlo conoscere\u00a0\u00a0<\/strong><\/span><\/h3>\n<p>&nbsp;<\/p>\n<p>&nbsp;<\/p>\n<hr \/>\n<p>&nbsp;<\/p>\n<div class=\"do00u71z l9j0dhe7 k4urcfbm\">\n<div>\n<div class=\"page-title-head hgroup\">\n<div class=\"page-title-head hgroup\">\n<div class=\"b654a4as d2edcug0\">\n<div class=\"j83agx80 btwxx1t3 lhclo0ds hop8lmos nkwizq5d scwd0bx6 roh60bw9\">\n<div class=\"rq0escxv hkbzh7o3 jwdofwj8 n8tt0mok r8blr3vg hyh9befq\">\n<div class=\"do00u71z l9j0dhe7 k4urcfbm\">\n<div class=\"page-title-head hgroup\">\n<div class=\"page-title-head hgroup\">\n<div class=\"b654a4as d2edcug0\">\n<div class=\"j83agx80 btwxx1t3 lhclo0ds hop8lmos nkwizq5d scwd0bx6 roh60bw9\">\n<div class=\"rq0escxv hkbzh7o3 jwdofwj8 n8tt0mok r8blr3vg hyh9befq\">\n<div class=\"do00u71z l9j0dhe7 k4urcfbm\">\n<div class=\"ecm0bbzt e5nlhep0 a8c37x1j\">\n<div class=\"kvgmc6g5 cxmmr5t8 oygrvhab hcukyx3x c1et5uql\">\n<div class=\"gmail-kvgmc6g5 gmail-cxmmr5t8 gmail-oygrvhab gmail-hcukyx3x gmail-c1et5uql gmail-ii04i59q\">\n<div class=\"page-title-head hgroup\">\n<div class=\"page-title-head hgroup\">\n<div class=\"b654a4as d2edcug0\">\n<div class=\"j83agx80 btwxx1t3 lhclo0ds hop8lmos nkwizq5d scwd0bx6 roh60bw9\">\n<div class=\"rq0escxv hkbzh7o3 jwdofwj8 n8tt0mok r8blr3vg hyh9befq\">\n<div class=\"do00u71z l9j0dhe7 k4urcfbm\">\n<div class=\"page-title-head hgroup\">\n<div class=\"page-title-head hgroup\">\n<div class=\"b654a4as d2edcug0\">\n<div class=\"j83agx80 btwxx1t3 lhclo0ds hop8lmos nkwizq5d scwd0bx6 roh60bw9\">\n<div class=\"rq0escxv hkbzh7o3 jwdofwj8 n8tt0mok r8blr3vg hyh9befq\">\n<div class=\"do00u71z l9j0dhe7 k4urcfbm\">\n<div>\n<div class=\"page-title-head hgroup\">\n<div class=\"page-title-head hgroup\">\n<div class=\"b654a4as d2edcug0\">\n<div class=\"j83agx80 btwxx1t3 lhclo0ds hop8lmos nkwizq5d scwd0bx6 roh60bw9\">\n<div class=\"rq0escxv hkbzh7o3 jwdofwj8 n8tt0mok r8blr3vg hyh9befq\">\n<div class=\"do00u71z l9j0dhe7 k4urcfbm\">\n<div class=\"ecm0bbzt e5nlhep0 a8c37x1j\">\n<div class=\"kvgmc6g5 cxmmr5t8 oygrvhab hcukyx3x c1et5uql\">\n<div class=\"gmail-kvgmc6g5 gmail-cxmmr5t8 gmail-oygrvhab gmail-hcukyx3x gmail-c1et5uql gmail-ii04i59q\">\n<div class=\"page-title-head hgroup\">\n<div class=\"page-title-head hgroup\">\n<div class=\"b654a4as d2edcug0\">\n<div class=\"j83agx80 btwxx1t3 lhclo0ds hop8lmos nkwizq5d scwd0bx6 roh60bw9\">\n<div class=\"rq0escxv hkbzh7o3 jwdofwj8 n8tt0mok r8blr3vg hyh9befq\">\n<div class=\"do00u71z l9j0dhe7 k4urcfbm\">\n<blockquote>\n<h3><span style=\"color: #ff0000;\">IN VIVO VERSO, SETTIMA STAGIONE CON BRUNELLA MORO, DAL LUNEDI AL VENERDI ALLE 7.10, 10.10 E 18.50\u00a0\u00a0<\/span><\/h3>\n<\/blockquote>\n<blockquote>\n<h3>UNA STRANA SENSAZIONE di PLG Pieve di Cadore<\/h3>\n<\/blockquote>\n<p><strong>AUDIO<\/strong><\/p>\n<audio class=\"wp-audio-shortcode\" id=\"audio-261119-16\" preload=\"none\" style=\"width: 100%;\" controls=\"controls\"><source type=\"audio\/mpeg\" src=\"https:\/\/www.radiopiu.net\/wordpress\/wp-content\/uploads\/2022\/02\/3-PIG-PIEVE-DI-CADORE-TU-PER-ME.mp3?_=16\" \/><a href=\"https:\/\/www.radiopiu.net\/wordpress\/wp-content\/uploads\/2022\/02\/3-PIG-PIEVE-DI-CADORE-TU-PER-ME.mp3\">https:\/\/www.radiopiu.net\/wordpress\/wp-content\/uploads\/2022\/02\/3-PIG-PIEVE-DI-CADORE-TU-PER-ME.mp3<\/a><\/audio>\n<p>&nbsp;<\/p>\n<p>PLG Pieve di Cadore<br \/>\n<img loading=\"lazy\" decoding=\"async\" class=\"alignleft\" src=\"https:\/\/www.radiopiu.net\/wordpress\/wp-content\/uploads\/2022\/02\/3-FOTO-PLG-PIEVE-DI-CADORE.jpg\" width=\"184\" height=\"138\" \/><strong>UNA STRANA SENSAZIONE<\/strong><\/p>\n<p>Ecco \u00e8 mattina,<br \/>\nmi sveglio, mi alzo,<br \/>\ninizia la giornata.<br \/>\nQualcosa mi turba<br \/>\nnon riesco a capire.<br \/>\nEsco, cammino per strada<br \/>\nla sensazione non mi abbandona.<br \/>\nMi sento diverso,<br \/>\nvolo nell&#8217;aria.<br \/>\nCosa succede, mi chiedo,<br \/>\nquesta sensazione di appagamento,<br \/>\ndi gioia di serenit\u00e0.<br \/>\nPoi Tu. . . Sofia.<br \/>\nSei venuta a salutare il Nonno<br \/>\ntutto il giorno insieme,<br \/>\nbaci abbracci,<br \/>\nci tenevamo stretti l&#8217;un l&#8217;altro.<br \/>\nChe magnifica giornata, ecco cos&#8217;\u00e8,<br \/>\nquesta magnifica sensazione.<br \/>\nLa gioia e la felicit\u00e0 di averti rivista.<\/p>\n<p>&nbsp;<\/p>\n<p>LA RACCOLTA COMPLETA<\/p>\n<p><strong> \u00a0<\/strong><\/p>\n<blockquote class=\"wp-embedded-content\" data-secret=\"9qyeWumHhI\"><p><a href=\"https:\/\/www.radiopiu.net\/wordpress\/in-vivo-verso\/\">In Vivo Verso<\/a><\/p><\/blockquote>\n<p><iframe loading=\"lazy\" class=\"wp-embedded-content\" sandbox=\"allow-scripts\" security=\"restricted\" style=\"position: absolute; clip: rect(1px, 1px, 1px, 1px);\" title=\"&#8220;In Vivo Verso&#8221; &#8212; Radio Pi\u00f9\" src=\"https:\/\/www.radiopiu.net\/wordpress\/in-vivo-verso\/embed\/#?secret=9qyeWumHhI\" data-secret=\"9qyeWumHhI\" width=\"600\" height=\"338\" frameborder=\"0\" marginwidth=\"0\" marginheight=\"0\" scrolling=\"no\"><\/iframe><\/p>\n<p>&nbsp;<\/p>\n<hr \/>\n<p>&nbsp;<\/p>\n<h2><span style=\"color: #808000;\">GOCCE DI FILOSOFIA<\/span><\/h2>\n<p><strong>PUNTATA 143<\/strong><\/p>\n<audio class=\"wp-audio-shortcode\" id=\"audio-261119-17\" preload=\"none\" style=\"width: 100%;\" controls=\"controls\"><source type=\"audio\/mpeg\" src=\"https:\/\/www.radiopiu.net\/wordpress\/wp-content\/uploads\/2022\/02\/FI3-2.mp3?_=17\" \/><a href=\"https:\/\/www.radiopiu.net\/wordpress\/wp-content\/uploads\/2022\/02\/FI3-2.mp3\">https:\/\/www.radiopiu.net\/wordpress\/wp-content\/uploads\/2022\/02\/FI3-2.mp3<\/a><\/audio>\n<p>&nbsp;<\/p>\n<p><strong>LA RACCOLTA COMPLETA<\/strong><\/p>\n<blockquote class=\"wp-embedded-content\" data-secret=\"wEAIdovOTf\"><p><a href=\"https:\/\/www.radiopiu.net\/wordpress\/gocce-filosofia\/\">Gocce di filosofia, PRIMA E SECONDA STAGIONE 2022<\/a><\/p><\/blockquote>\n<p><iframe loading=\"lazy\" class=\"wp-embedded-content\" sandbox=\"allow-scripts\" security=\"restricted\" style=\"position: absolute; clip: rect(1px, 1px, 1px, 1px);\" title=\"&#8220;Gocce di filosofia, PRIMA E SECONDA STAGIONE 2022&#8221; &#8212; Radio Pi\u00f9\" src=\"https:\/\/www.radiopiu.net\/wordpress\/gocce-filosofia\/embed\/#?secret=wEAIdovOTf\" data-secret=\"wEAIdovOTf\" width=\"600\" height=\"338\" frameborder=\"0\" marginwidth=\"0\" marginheight=\"0\" scrolling=\"no\"><\/iframe><\/p>\n<p>&nbsp;<\/p>\n<hr \/>\n<p>&nbsp;<\/p>\n<p><span style=\"color: #0000ff;\">MUSICA PIU&#8217;\u00a0<\/span><\/p>\n<p><a href=\"https:\/\/www.radiopiu.net\/wordpress\/giornale-radiopiu-20-settembre-2021-direttore-mirko-mezzacasa\/pp-79\/\" rel=\"attachment wp-att-232921\"><img loading=\"lazy\" decoding=\"async\" class=\"wp-image-232921 alignleft\" src=\"https:\/\/www.radiopiu.net\/wordpress\/wp-content\/uploads\/2021\/09\/pp-1-300x300.jpg\" alt=\"\" width=\"135\" height=\"135\" srcset=\"https:\/\/www.radiopiu.net\/wordpress\/wp-content\/uploads\/2021\/09\/pp-1-300x300.jpg 300w, https:\/\/www.radiopiu.net\/wordpress\/wp-content\/uploads\/2021\/09\/pp-1-150x150.jpg 150w, https:\/\/www.radiopiu.net\/wordpress\/wp-content\/uploads\/2021\/09\/pp-1.jpg 640w\" sizes=\"auto, (max-width: 135px) 100vw, 135px\" \/><\/a><\/p>\n<div class=\"mkdf-post-text\">\n<div class=\"mkdf-post-text-inner\">\n<div class=\"mkdf-post-text-main\">\n<div class=\"mkdf-post-text\">\n<div class=\"mkdf-post-text-inner\">\n<div class=\"mkdf-post-text-main\">\n<div class=\"mkdf-post-text\">\n<div class=\"mkdf-post-text-inner\">\n<div class=\"mkdf-post-text-main\">\n<div class=\"page-title-head hgroup\">\n<div class=\"page-title-head hgroup\">\n<div class=\"mkdf-post-text\">\n<div class=\"mkdf-post-text-inner\">\n<div class=\"mkdf-post-text-main\">\n<div class=\"mkdf-post-text\">\n<div class=\"mkdf-post-text-inner\">\n<div class=\"mkdf-post-text-main\">\n<div class=\"page-title-head hgroup\">\n<div class=\"page-title-head hgroup\">\n<div class=\"page-title-head hgroup\">\n<div class=\"page-title-head hgroup\">\n<div class=\"b654a4as d2edcug0\">\n<div class=\"page-title-head hgroup\">\n<div class=\"page-title-head hgroup\">\n<div class=\"page-title-head hgroup\">\n<div class=\"page-title-head hgroup\">\n<div class=\"b654a4as d2edcug0\">\n<div class=\"page-title-head hgroup\">\n<div class=\"page-title-head hgroup\">\n<div class=\"page-title-head hgroup\">\n<div class=\"page-title-head hgroup\">\n<div class=\"b654a4as d2edcug0\">\n<div class=\"mkdf-post-text\">\n<div class=\"mkdf-post-text-inner\">\n<div class=\"mkdf-post-text-main\">\n<div class=\"mkdf-post-text\">\n<div class=\"mkdf-post-text-inner\">\n<div class=\"mkdf-post-text-main\">\n<div class=\"mkdf-post-text\">\n<div class=\"mkdf-post-text-inner\">\n<div class=\"mkdf-post-text-main\">\n<div class=\"page-title-head hgroup\">\n<div class=\"page-title-head hgroup\">\n<div class=\"mkdf-post-text\">\n<div class=\"mkdf-post-text-inner\">\n<div class=\"mkdf-post-text-main\">\n<div class=\"mkdf-post-text\">\n<div class=\"mkdf-post-text-inner\">\n<div class=\"mkdf-post-text-main\">\n<div class=\"page-title-head hgroup\">\n<div class=\"page-title-head hgroup\">\n<div class=\"page-title-head hgroup\">\n<div class=\"page-title-head hgroup\">\n<div class=\"b654a4as d2edcug0\">\n<div class=\"page-title-head hgroup\">\n<div class=\"page-title-head hgroup\">\n<div class=\"page-title-head hgroup\">\n<div class=\"page-title-head hgroup\">\n<div class=\"b654a4as d2edcug0\">\n<div class=\"page-title-head hgroup\">\n<div class=\"page-title-head hgroup\">\n<div class=\"page-title-head hgroup\">\n<div class=\"page-title-head hgroup\">\n<div class=\"b654a4as d2edcug0\">\n<div><\/div>\n<div><\/div>\n<div>\n<p><strong>MUSICA ALLA RADIO, IL PROGRAMMA DI LORIS SCUSSEL &#8220;COLLAGE OPERAZIONE NOSTALGIA&#8221; DAL LUNEDI AL VENERDI ALLE 16.00\u00a0 E ALLE 23\u00a0<\/strong><\/p>\n<\/div>\n<p><strong>PUNTATA 548 DEL 23 FEBBRAIO 2022<\/strong><\/p>\n<audio class=\"wp-audio-shortcode\" id=\"audio-261119-18\" preload=\"none\" style=\"width: 100%;\" controls=\"controls\"><source type=\"audio\/mpeg\" src=\"https:\/\/www.radiopiu.net\/wordpress\/wp-content\/uploads\/2022\/02\/Collage-548.mp3?_=18\" \/><a href=\"https:\/\/www.radiopiu.net\/wordpress\/wp-content\/uploads\/2022\/02\/Collage-548.mp3\">https:\/\/www.radiopiu.net\/wordpress\/wp-content\/uploads\/2022\/02\/Collage-548.mp3<\/a><\/audio>\n<p>&nbsp;<\/p>\n<\/div>\n<\/div>\n<\/div>\n<\/div>\n<\/div>\n<\/div>\n<\/div>\n<\/div>\n<\/div>\n<\/div>\n<\/div>\n<\/div>\n<\/div>\n<\/div>\n<\/div>\n<\/div>\n<\/div>\n<\/div>\n<\/div>\n<\/div>\n<\/div>\n<\/div>\n<\/div>\n<\/div>\n<\/div>\n<\/div>\n<\/div>\n<\/div>\n<\/div>\n<\/div>\n<\/div>\n<\/div>\n<\/div>\n<\/div>\n<\/div>\n<\/div>\n<\/div>\n<\/div>\n<\/div>\n<\/div>\n<\/div>\n<\/div>\n<\/div>\n<\/div>\n<\/div>\n<\/div>\n<\/div>\n<\/div>\n<\/div>\n<\/div>\n<\/div>\n<\/div>\n<\/div>\n<\/div>\n<\/div>\n<\/div>\n<\/div>\n<\/div>\n<\/div>\n<\/div>\n<\/div>\n<\/div>\n<\/div>\n<\/div>\n<div class=\"mkdf-post-text\">\n<div class=\"mkdf-post-text-inner\">\n<div class=\"mkdf-post-text-main\">\n<div class=\"mkdf-post-text\">\n<div class=\"mkdf-post-text-inner\">\n<div class=\"mkdf-post-text-main\">\n<div class=\"mkdf-post-text\">\n<div class=\"mkdf-post-text-inner\">\n<div class=\"mkdf-post-text-main\">\n<div class=\"page-title-head hgroup\">\n<div class=\"page-title-head hgroup\">\n<div class=\"mkdf-post-text\">\n<div class=\"mkdf-post-text-inner\">\n<div class=\"mkdf-post-text-main\">\n<div class=\"mkdf-post-text\">\n<div class=\"mkdf-post-text-inner\">\n<div class=\"mkdf-post-text-main\">\n<div class=\"page-title-head hgroup\">\n<div class=\"page-title-head hgroup\">\n<div class=\"page-title-head hgroup\">\n<div class=\"page-title-head hgroup\">\n<div class=\"b654a4as d2edcug0\">\n<div class=\"page-title-head hgroup\">\n<div class=\"page-title-head hgroup\">\n<div class=\"page-title-head hgroup\">\n<div class=\"page-title-head hgroup\">\n<div class=\"b654a4as d2edcug0\">\n<div class=\"page-title-head hgroup\">\n<div class=\"page-title-head hgroup\">\n<div class=\"page-title-head hgroup\">\n<div class=\"page-title-head hgroup\">\n<div class=\"b654a4as d2edcug0\">\n<div class=\"mkdf-post-text\">\n<div class=\"mkdf-post-text-inner\">\n<div class=\"mkdf-post-text-main\">\n<div class=\"mkdf-post-text\">\n<div class=\"mkdf-post-text-inner\">\n<div class=\"mkdf-post-text-main\">\n<div class=\"mkdf-post-text\">\n<div class=\"mkdf-post-text-inner\">\n<div class=\"mkdf-post-text-main\">\n<div class=\"page-title-head hgroup\">\n<div class=\"page-title-head hgroup\">\n<div class=\"mkdf-post-text\">\n<div class=\"mkdf-post-text-inner\">\n<div class=\"mkdf-post-text-main\">\n<div class=\"mkdf-post-text\">\n<div class=\"mkdf-post-text-inner\">\n<div class=\"mkdf-post-text-main\">\n<div class=\"page-title-head hgroup\">\n<div class=\"page-title-head hgroup\">\n<div class=\"page-title-head hgroup\">\n<div class=\"page-title-head hgroup\">\n<div class=\"b654a4as d2edcug0\">\n<div class=\"page-title-head hgroup\">\n<div class=\"page-title-head hgroup\">\n<div class=\"page-title-head hgroup\">\n<div class=\"page-title-head hgroup\">\n<div class=\"b654a4as d2edcug0\">\n<div class=\"page-title-head hgroup\">\n<div class=\"page-title-head hgroup\">\n<div class=\"page-title-head hgroup\">\n<div class=\"page-title-head hgroup\">\n<div class=\"b654a4as d2edcug0\">\n<p><strong><a class=\"dt-pswp-item\" href=\"https:\/\/www.radiopiu.net\/wordpress\/wp-content\/uploads\/2022\/02\/Eric-Clapton.jpg\" data-dt-img-description=\"\" data-large_image_width=\"225\" data-large_image_height=\"225\"><img loading=\"lazy\" decoding=\"async\" class=\" wp-image-260595 alignleft\" src=\"https:\/\/www.radiopiu.net\/wordpress\/wp-content\/uploads\/2022\/02\/Eric-Clapton.jpg\" alt=\"\" width=\"150\" height=\"150\" srcset=\"https:\/\/www.radiopiu.net\/wordpress\/wp-content\/uploads\/2022\/02\/Eric-Clapton.jpg 225w, https:\/\/www.radiopiu.net\/wordpress\/wp-content\/uploads\/2022\/02\/Eric-Clapton-150x150.jpg 150w\" sizes=\"auto, (max-width: 150px) 100vw, 150px\" \/><\/a>di Loris Scussel<\/strong><\/p>\n<p>Luned\u00ec e gioved\u00ec Collage proporr\u00e0 brani di musica italiana, marted\u00ec puntata dedicata all\u2019Hard Rock dalle cui basi ha avuto origine il genere Metal, per intenderci quello degli AC\/DC che secondo Crozza\/Zaia sono stati scoperti da Mirko di Radio Pi\u00f9. Mercoled\u00ec assaggeremo un minestrone di generi diversi tra loro con una cantante israeliana che canter\u00e0 un classico della canzone napoletana poi musica brasiliana, chitarre e cos\u00ec via. Venerd\u00ec per chiudere in bellezza daremo spazio ad alcuni successi della musica internazionale. Il programma andr\u00e0 in onda dal luned\u00ec al venerd\u00ec alle 16,00 e alle 23,00.<\/p>\n<p>&nbsp;<\/p>\n<p>&nbsp;<\/p>\n<\/div>\n<\/div>\n<\/div>\n<\/div>\n<\/div>\n<\/div>\n<\/div>\n<\/div>\n<\/div>\n<\/div>\n<\/div>\n<\/div>\n<\/div>\n<\/div>\n<\/div>\n<\/div>\n<\/div>\n<\/div>\n<\/div>\n<\/div>\n<\/div>\n<\/div>\n<\/div>\n<\/div>\n<\/div>\n<\/div>\n<\/div>\n<\/div>\n<\/div>\n<\/div>\n<\/div>\n<\/div>\n<\/div>\n<\/div>\n<\/div>\n<\/div>\n<\/div>\n<\/div>\n<\/div>\n<\/div>\n<\/div>\n<\/div>\n<\/div>\n<\/div>\n<\/div>\n<\/div>\n<\/div>\n<\/div>\n<\/div>\n<\/div>\n<\/div>\n<\/div>\n<\/div>\n<\/div>\n<\/div>\n<\/div>\n<\/div>\n<\/div>\n<\/div>\n<\/div>\n<\/div>\n<\/div>\n<\/div>\n<\/div>\n<hr \/>\n<p>&nbsp;<\/p>\n<p>&nbsp;<\/p>\n<p>&nbsp;<\/p>\n<p>https:\/\/www.radiopiu.net\/wordpress\/freemix-la-liberta-musicale-mixata-da-dj-athos-e-raccontata-da-dj-jack\/<\/p>\n<p>&nbsp;<\/p>\n<blockquote class=\"wp-embedded-content\" data-secret=\"SCq9DERl2x\"><p><a href=\"https:\/\/www.radiopiu.net\/wordpress\/da-ieri-alla-radio-in-palinsesto-loris-e-maurizio-con-la-grande-musica\/\">IL BLUES ALLA RADIO &#8230; COME NON L&#8217;AVETE MAI SENTITO PRIMA<\/a><\/p><\/blockquote>\n<p><iframe loading=\"lazy\" class=\"wp-embedded-content\" sandbox=\"allow-scripts\" security=\"restricted\" style=\"position: absolute; clip: rect(1px, 1px, 1px, 1px);\" title=\"&#8220;IL BLUES ALLA RADIO &#8230; COME NON L&#8217;AVETE MAI SENTITO PRIMA&#8221; &#8212; Radio Pi\u00f9\" src=\"https:\/\/www.radiopiu.net\/wordpress\/da-ieri-alla-radio-in-palinsesto-loris-e-maurizio-con-la-grande-musica\/embed\/#?secret=SCq9DERl2x\" data-secret=\"SCq9DERl2x\" width=\"600\" height=\"338\" frameborder=\"0\" marginwidth=\"0\" marginheight=\"0\" scrolling=\"no\"><\/iframe><\/p>\n<p>&nbsp;<\/p>\n<hr \/>\n<p>&nbsp;<\/p>\n<blockquote>\n<h3><span style=\"color: #0000ff;\">INFORMAZIONE il canale su TELEGRAM informazione di prima mano e in tempo reale. iscriviti ed aiutaci a farlo conoscere\u00a0\u00a0<\/span><\/h3>\n<\/blockquote>\n<div>\n<div class=\"page-title-head hgroup\">\n<div class=\"page-title-head hgroup\">\n<div class=\"page-title-head hgroup\">\n<div class=\"page-title-head hgroup\">\n<div class=\"b654a4as d2edcug0\">\n<div class=\"page-title-head hgroup\">\n<div class=\"page-title-head hgroup\">\n<div class=\"page-title-head hgroup\">\n<div class=\"page-title-head hgroup\">\n<div class=\"b654a4as d2edcug0\">\n<div class=\"page-title-head hgroup\">\n<div class=\"page-title-head hgroup\">\n<div class=\"page-title-head hgroup\">\n<div class=\"page-title-head hgroup\">\n<div class=\"page-title-head hgroup\">\n<div class=\"page-title-head hgroup\">\n<div class=\"page-title-head hgroup\">\n<div class=\"page-title-head hgroup\">\n<div class=\"page-title-head hgroup\">\n<div class=\"b654a4as d2edcug0\">\n<div class=\"page-title-head hgroup\">\n<div class=\"page-title-head hgroup\">\n<div class=\"page-title-head hgroup\">\n<div class=\"page-title-head hgroup\">\n<div class=\"b654a4as d2edcug0\">\n<div>\n<p>&nbsp;<\/p>\n<\/div>\n<div>\n<div class=\"page-title-head hgroup\">\n<div class=\"page-title-head hgroup\">\n<div class=\"page-title-head hgroup\">\n<div class=\"page-title-head hgroup\">\n<div class=\"page-title-head hgroup\">\n<div class=\"b654a4as d2edcug0\">\n<div>\n<hr \/>\n<\/div>\n<\/div>\n<div>\n<div>\n<p>&nbsp;<\/p>\n<\/div>\n<div>\n<div>\n<p>&nbsp;<\/p>\n<\/div>\n<div>\n<div>\n<p><strong>DUE MINUTI UN LIBRO, TUTTI I GIORNI ALLA RADIO ALLE 9.40 E ALLE 17.50\u00a0<\/strong><\/p>\n<div>\n<div>\n<p><strong>LA RACCOLTA COMPLETA\u00a0\u00a0<\/strong><\/p>\n<\/div>\n<div>\n<blockquote class=\"wp-embedded-content\" data-secret=\"iuGSHTssAO\"><p><a href=\"https:\/\/www.radiopiu.net\/wordpress\/due-minuti-un-libro\/\">Due minuti un libro<\/a><\/p><\/blockquote>\n<p><iframe loading=\"lazy\" class=\"wp-embedded-content\" sandbox=\"allow-scripts\" security=\"restricted\" style=\"position: absolute; clip: rect(1px, 1px, 1px, 1px);\" title=\"&#8220;Due minuti un libro&#8221; &#8212; Radio Pi\u00f9\" src=\"https:\/\/www.radiopiu.net\/wordpress\/due-minuti-un-libro\/embed\/#?secret=iuGSHTssAO\" data-secret=\"iuGSHTssAO\" width=\"600\" height=\"338\" frameborder=\"0\" marginwidth=\"0\" marginheight=\"0\" scrolling=\"no\"><\/iframe><\/p>\n<\/div>\n<\/div>\n<\/div>\n<div class=\"mkdf-post-text\">\n<div class=\"mkdf-post-text-inner\">\n<div class=\"mkdf-post-text-main\">\n<div class=\"mkdf-post-text\">\n<div class=\"mkdf-post-text-inner\">\n<div class=\"mkdf-post-text-main\">\n<div class=\"mkdf-post-text\">\n<div class=\"mkdf-post-text-inner\">\n<div class=\"mkdf-post-text-main\">\n<div class=\"page-title-head hgroup\">\n<div class=\"page-title-head hgroup\">\n<div class=\"mkdf-post-text\">\n<div class=\"mkdf-post-text-inner\">\n<div class=\"mkdf-post-text-main\">\n<div class=\"mkdf-post-text\">\n<div class=\"mkdf-post-text-inner\">\n<div class=\"mkdf-post-text-main\">\n<div class=\"page-title-head hgroup\">\n<div class=\"page-title-head hgroup\">\n<div class=\"page-title-head hgroup\">\n<div class=\"page-title-head hgroup\">\n<div class=\"b654a4as d2edcug0\">\n<div class=\"page-title-head hgroup\">\n<div class=\"page-title-head hgroup\">\n<div class=\"page-title-head hgroup\">\n<div class=\"page-title-head hgroup\">\n<div class=\"b654a4as d2edcug0\">\n<div class=\"page-title-head hgroup\">\n<div class=\"page-title-head hgroup\">\n<div class=\"page-title-head hgroup\">\n<div class=\"page-title-head hgroup\">\n<div class=\"b654a4as d2edcug0\">\n<div>\n<p>&nbsp;<\/p>\n<\/div>\n<div>\n<hr \/>\n<p>&nbsp;<\/p>\n<\/div>\n<h2><span style=\"color: #808000;\">L&#8217;ALMANACCO LADINO\u00a0\u00a0<\/span><\/h2>\n<p><strong>LA RACCOLTA<\/strong><\/p>\n<blockquote class=\"wp-embedded-content\" data-secret=\"T9mHnR59g3\"><p><a href=\"https:\/\/www.radiopiu.net\/wordpress\/almanacco-ladino\/\">Almanacco Ladino<\/a><\/p><\/blockquote>\n<p><iframe loading=\"lazy\" class=\"wp-embedded-content\" sandbox=\"allow-scripts\" security=\"restricted\" style=\"position: absolute; clip: rect(1px, 1px, 1px, 1px);\" title=\"&#8220;Almanacco Ladino&#8221; &#8212; Radio Pi\u00f9\" src=\"https:\/\/www.radiopiu.net\/wordpress\/almanacco-ladino\/embed\/#?secret=T9mHnR59g3\" data-secret=\"T9mHnR59g3\" width=\"600\" height=\"338\" frameborder=\"0\" marginwidth=\"0\" marginheight=\"0\" scrolling=\"no\"><\/iframe><\/p>\n<p>&nbsp;<\/p>\n<hr \/>\n<p>&nbsp;<\/p>\n<h2><span style=\"color: #33cccc;\">LA RASSEGNA STAMPA DA L&#8217;AMICO DEL POPOLO<\/span><\/h2>\n<p><strong><a class=\"dt-pswp-item\" href=\"https:\/\/www.radiopiu.net\/wordpress\/wp-content\/uploads\/2019\/07\/falvio_colcergnan.jpg\" data-dt-img-description=\"\" data-large_image_width=\"1400\" data-large_image_height=\"788\"><img loading=\"lazy\" decoding=\"async\" class=\"size-medium wp-image-92770 alignleft\" src=\"https:\/\/www.radiopiu.net\/wordpress\/wp-content\/uploads\/2019\/07\/falvio_colcergnan-300x169.jpg\" alt=\"\" width=\"300\" height=\"169\" srcset=\"https:\/\/www.radiopiu.net\/wordpress\/wp-content\/uploads\/2019\/07\/falvio_colcergnan-300x169.jpg 300w, https:\/\/www.radiopiu.net\/wordpress\/wp-content\/uploads\/2019\/07\/falvio_colcergnan-768x432.jpg 768w, https:\/\/www.radiopiu.net\/wordpress\/wp-content\/uploads\/2019\/07\/falvio_colcergnan-1024x576.jpg 1024w, https:\/\/www.radiopiu.net\/wordpress\/wp-content\/uploads\/2019\/07\/falvio_colcergnan.jpg 1400w\" sizes=\"auto, (max-width: 300px) 100vw, 300px\" \/><\/a>di Gianni Santomaso<\/strong><\/p>\n<p>OSPITE: Flavio Colcergnan, sindaco di Canale D&#8217;Agordo<\/p>\n<audio class=\"wp-audio-shortcode\" id=\"audio-261119-19\" preload=\"none\" style=\"width: 100%;\" controls=\"controls\"><source type=\"audio\/mpeg\" src=\"https:\/\/www.radiopiu.net\/wordpress\/wp-content\/uploads\/2022\/02\/RASSEGNA-GIANNI-3.mp3?_=19\" \/><a href=\"https:\/\/www.radiopiu.net\/wordpress\/wp-content\/uploads\/2022\/02\/RASSEGNA-GIANNI-3.mp3\">https:\/\/www.radiopiu.net\/wordpress\/wp-content\/uploads\/2022\/02\/RASSEGNA-GIANNI-3.mp3<\/a><\/audio>\n<p>&nbsp;<\/p>\n<p><strong>LA RACCOLTA COMPLETA<\/strong><\/p>\n<blockquote class=\"wp-embedded-content\" data-secret=\"JcLEreQCFk\"><p><a href=\"https:\/\/www.radiopiu.net\/wordpress\/rassegna-stampa-di-gianni-santomaso\/\">Rassegna stampa da l&#8217;amico del popolo &#8211; di Gianni Santomaso<\/a><\/p><\/blockquote>\n<p><iframe loading=\"lazy\" class=\"wp-embedded-content\" sandbox=\"allow-scripts\" security=\"restricted\" style=\"position: absolute; clip: rect(1px, 1px, 1px, 1px);\" title=\"&#8220;Rassegna stampa da l&#8217;amico del popolo &#8211; di Gianni Santomaso&#8221; &#8212; Radio Pi\u00f9\" src=\"https:\/\/www.radiopiu.net\/wordpress\/rassegna-stampa-di-gianni-santomaso\/embed\/#?secret=JcLEreQCFk\" data-secret=\"JcLEreQCFk\" width=\"600\" height=\"338\" frameborder=\"0\" marginwidth=\"0\" marginheight=\"0\" scrolling=\"no\"><\/iframe><\/p>\n<p>&nbsp;<\/p>\n<hr \/>\n<p>&nbsp;<\/p>\n<h2><span style=\"color: #800080;\">I RACCONTI DI PAOLO SOPPELSA\u00a0<\/span><\/h2>\n<p><strong>LA RACCOLTA COMPLETA<\/strong><\/p>\n<blockquote class=\"wp-embedded-content\" data-secret=\"HpjSuZHN3b\"><p><a href=\"https:\/\/www.radiopiu.net\/wordpress\/i-racconti-di-paolo-soppelsa\/\">I racconti di Paolo Soppelsa<\/a><\/p><\/blockquote>\n<p><iframe loading=\"lazy\" class=\"wp-embedded-content\" sandbox=\"allow-scripts\" security=\"restricted\" style=\"position: absolute; clip: rect(1px, 1px, 1px, 1px);\" title=\"&#8220;I racconti di Paolo Soppelsa&#8221; &#8212; Radio Pi\u00f9\" src=\"https:\/\/www.radiopiu.net\/wordpress\/i-racconti-di-paolo-soppelsa\/embed\/#?secret=HpjSuZHN3b\" data-secret=\"HpjSuZHN3b\" width=\"600\" height=\"338\" frameborder=\"0\" marginwidth=\"0\" marginheight=\"0\" scrolling=\"no\"><\/iframe><\/p>\n<p>&nbsp;<\/p>\n<\/div>\n<\/div>\n<\/div>\n<\/div>\n<\/div>\n<\/div>\n<\/div>\n<\/div>\n<\/div>\n<\/div>\n<\/div>\n<\/div>\n<\/div>\n<\/div>\n<\/div>\n<\/div>\n<\/div>\n<\/div>\n<\/div>\n<\/div>\n<\/div>\n<\/div>\n<\/div>\n<\/div>\n<\/div>\n<\/div>\n<\/div>\n<\/div>\n<\/div>\n<\/div>\n<\/div>\n<\/div>\n<\/div>\n<\/div>\n<\/div>\n<\/div>\n<\/div>\n<\/div>\n<\/div>\n<\/div>\n<\/div>\n<\/div>\n<\/div>\n<\/div>\n<\/div>\n<\/div>\n<\/div>\n<\/div>\n<\/div>\n<\/div>\n<\/div>\n<\/div>\n<\/div>\n<\/div>\n<\/div>\n<\/div>\n<\/div>\n<\/div>\n<\/div>\n<\/div>\n<\/div>\n<\/div>\n<\/div>\n<\/div>\n<\/div>\n<\/div>\n<\/div>\n<div>\n<div class=\"page-title-head hgroup\">\n<div class=\"page-title-head hgroup\">\n<div class=\"page-title-head hgroup\">\n<div class=\"page-title-head hgroup\">\n<div class=\"b654a4as d2edcug0\">\n<div class=\"page-title-head hgroup\">\n<div class=\"page-title-head hgroup\">\n<div class=\"page-title-head hgroup\">\n<div class=\"page-title-head hgroup\">\n<div class=\"b654a4as d2edcug0\">\n<div class=\"page-title-head hgroup\">\n<div class=\"page-title-head hgroup\">\n<div class=\"page-title-head hgroup\">\n<div class=\"page-title-head hgroup\">\n<div class=\"page-title-head hgroup\">\n<div class=\"page-title-head hgroup\">\n<div class=\"page-title-head hgroup\">\n<div class=\"page-title-head hgroup\">\n<div class=\"page-title-head hgroup\">\n<div class=\"b654a4as d2edcug0\">\n<div class=\"page-title-head hgroup\">\n<div class=\"page-title-head hgroup\">\n<div class=\"page-title-head hgroup\">\n<div class=\"page-title-head hgroup\">\n<div class=\"b654a4as d2edcug0\">\n<div>\n<div class=\"page-title-head hgroup\">\n<div class=\"page-title-head hgroup\">\n<div class=\"page-title-head hgroup\">\n<div class=\"page-title-head hgroup\">\n<div class=\"page-title-head hgroup\">\n<div>\n<div>\n<div>\n<div class=\"mkdf-post-text\">\n<div class=\"mkdf-post-text-inner\">\n<div class=\"mkdf-post-text-main\">\n<div class=\"mkdf-post-text\">\n<div class=\"mkdf-post-text-inner\">\n<div class=\"mkdf-post-text-main\">\n<div class=\"mkdf-post-text\">\n<div class=\"mkdf-post-text-inner\">\n<div class=\"mkdf-post-text-main\">\n<div class=\"page-title-head hgroup\">\n<div class=\"page-title-head hgroup\">\n<div class=\"mkdf-post-text\">\n<div class=\"mkdf-post-text-inner\">\n<div class=\"mkdf-post-text-main\">\n<div class=\"mkdf-post-text\">\n<div class=\"mkdf-post-text-inner\">\n<div class=\"mkdf-post-text-main\">\n<div class=\"page-title-head hgroup\">\n<div class=\"page-title-head hgroup\">\n<div class=\"page-title-head hgroup\">\n<div class=\"page-title-head hgroup\">\n<div class=\"b654a4as d2edcug0\">\n<div class=\"page-title-head hgroup\">\n<div class=\"page-title-head hgroup\">\n<div class=\"page-title-head hgroup\">\n<div class=\"page-title-head hgroup\">\n<div class=\"b654a4as d2edcug0\">\n<div class=\"page-title-head hgroup\">\n<div class=\"page-title-head hgroup\">\n<div class=\"page-title-head hgroup\">\n<div class=\"page-title-head hgroup\">\n<div class=\"b654a4as d2edcug0\">\n<hr \/>\n<\/div>\n<div class=\"b654a4as d2edcug0\">\n<p>&nbsp;<\/p>\n<p><a href=\"https:\/\/www.radiopiu.net\/wordpress\/giornale-radiopiu-26-settembre-2018-direttore-mirko-mezzacasa\/viabilita-2\/\" rel=\"attachment wp-att-61954\"><img loading=\"lazy\" decoding=\"async\" class=\"aligncenter wp-image-61954 size-full\" src=\"https:\/\/www.radiopiu.net\/wordpress\/wp-content\/uploads\/2018\/09\/viabilita.jpeg\" sizes=\"auto, (max-width: 800px) 100vw, 800px\" srcset=\"https:\/\/www.radiopiu.net\/wordpress\/wp-content\/uploads\/2018\/09\/viabilita.jpeg 800w, https:\/\/www.radiopiu.net\/wordpress\/wp-content\/uploads\/2018\/09\/viabilita-300x38.jpeg 300w, https:\/\/www.radiopiu.net\/wordpress\/wp-content\/uploads\/2018\/09\/viabilita-768x96.jpeg 768w\" alt=\"\" width=\"800\" height=\"100\" \/><\/a><\/p>\n<\/div>\n<\/div>\n<\/div>\n<\/div>\n<\/div>\n<\/div>\n<\/div>\n<\/div>\n<\/div>\n<\/div>\n<\/div>\n<\/div>\n<\/div>\n<\/div>\n<\/div>\n<\/div>\n<\/div>\n<\/div>\n<\/div>\n<\/div>\n<\/div>\n<\/div>\n<\/div>\n<\/div>\n<\/div>\n<\/div>\n<\/div>\n<\/div>\n<\/div>\n<\/div>\n<\/div>\n<\/div>\n<\/div>\n<\/div>\n<\/div>\n<\/div>\n<\/div>\n<\/div>\n<\/div>\n<\/div>\n<\/div>\n<\/div>\n<\/div>\n<\/div>\n<\/div>\n<\/div>\n<\/div>\n<\/div>\n<\/div>\n<\/div>\n<\/div>\n<\/div>\n<\/div>\n<\/div>\n<\/div>\n<\/div>\n<\/div>\n<\/div>\n<\/div>\n<\/div>\n<\/div>\n<\/div>\n<\/div>\n<\/div>\n<\/div>\n<\/div>\n<\/div>\n<\/div>\n<\/div>\n<\/div>\n<\/div>\n<\/div>\n<\/div>\n<\/div>\n<\/div>\n<\/div>\n<\/div>\n<\/div>\n<\/div>\n<\/div>\n<\/div>\n<\/div>\n<\/div>\n<div>\n<div class=\"page-title-head hgroup\">\n<div class=\"page-title-head hgroup\">\n<div class=\"b654a4as d2edcug0\">\n<div class=\"j83agx80 btwxx1t3 lhclo0ds hop8lmos nkwizq5d scwd0bx6 roh60bw9\">\n<div class=\"rq0escxv hkbzh7o3 jwdofwj8 n8tt0mok r8blr3vg hyh9befq\">\n<div class=\"do00u71z l9j0dhe7 k4urcfbm\">\n<div class=\"ecm0bbzt e5nlhep0 a8c37x1j\">\n<div class=\"kvgmc6g5 cxmmr5t8 oygrvhab hcukyx3x c1et5uql\">\n<div class=\"gmail-kvgmc6g5 gmail-cxmmr5t8 gmail-oygrvhab gmail-hcukyx3x gmail-c1et5uql gmail-ii04i59q\">\n<div class=\"page-title-head hgroup\">\n<div class=\"page-title-head hgroup\">\n<div class=\"b654a4as d2edcug0\">\n<div class=\"j83agx80 btwxx1t3 lhclo0ds hop8lmos nkwizq5d scwd0bx6 roh60bw9\">\n<div class=\"rq0escxv hkbzh7o3 jwdofwj8 n8tt0mok r8blr3vg hyh9befq\">\n<div class=\"do00u71z l9j0dhe7 k4urcfbm\">\n<div class=\"page-title-head hgroup\">\n<div class=\"page-title-head hgroup\">\n<div class=\"page-title-head hgroup\">\n<div class=\"page-title-head hgroup\">\n<div class=\"b654a4as d2edcug0\">\n<div class=\"page-title-head hgroup\">\n<div class=\"page-title-head hgroup\">\n<div class=\"page-title-head hgroup\">\n<div class=\"page-title-head hgroup\">\n<div class=\"b654a4as d2edcug0\">\n<div class=\"page-title-head hgroup\">\n<div class=\"page-title-head hgroup\">\n<div class=\"page-title-head hgroup\">\n<div class=\"page-title-head hgroup\">\n<div class=\"page-title-head hgroup\">\n<div class=\"page-title-head hgroup\">\n<div class=\"page-title-head hgroup\">\n<div class=\"page-title-head hgroup\">\n<div class=\"page-title-head hgroup\">\n<div class=\"b654a4as d2edcug0\">\n<div class=\"page-title-head hgroup\">\n<div class=\"page-title-head hgroup\">\n<div class=\"page-title-head hgroup\">\n<div class=\"page-title-head hgroup\">\n<div class=\"b654a4as d2edcug0\">\n<div class=\"page-title-head hgroup\">\n<div class=\"page-title-head hgroup\">\n<div class=\"page-title-head hgroup\">\n<div class=\"page-title-head hgroup\">\n<div class=\"page-title-head hgroup\">\n<div class=\"mkdf-post-text\">\n<div class=\"mkdf-post-text-inner\">\n<div class=\"mkdf-post-text-main\">\n<div class=\"mkdf-post-text\">\n<div class=\"mkdf-post-text-inner\">\n<div class=\"mkdf-post-text-main\">\n<div class=\"mkdf-post-text\">\n<div class=\"mkdf-post-text-inner\">\n<div class=\"mkdf-post-text-main\">\n<div class=\"page-title-head hgroup\">\n<div class=\"page-title-head hgroup\">\n<div class=\"mkdf-post-text\">\n<div class=\"mkdf-post-text-inner\">\n<div class=\"mkdf-post-text-main\">\n<div class=\"mkdf-post-text\">\n<div class=\"mkdf-post-text-inner\">\n<div class=\"mkdf-post-text-main\">\n<div class=\"page-title-head hgroup\">\n<div class=\"page-title-head hgroup\">\n<div class=\"page-title-head hgroup\">\n<div class=\"page-title-head hgroup\">\n<div class=\"b654a4as d2edcug0\">\n<div class=\"page-title-head hgroup\">\n<div class=\"page-title-head hgroup\">\n<div class=\"page-title-head hgroup\">\n<div class=\"page-title-head hgroup\">\n<div class=\"b654a4as d2edcug0\">\n<div class=\"page-title-head hgroup\">\n<div class=\"page-title-head hgroup\">\n<div class=\"page-title-head hgroup\">\n<div class=\"page-title-head hgroup\">\n<div class=\"b654a4as d2edcug0\">\n<div class=\"ecm0bbzt e5nlhep0 a8c37x1j\">\n<div class=\"kvgmc6g5 cxmmr5t8 oygrvhab hcukyx3x c1et5uql\">\n<div class=\"gmail-kvgmc6g5 gmail-cxmmr5t8 gmail-oygrvhab gmail-hcukyx3x gmail-c1et5uql gmail-ii04i59q\">\n<div class=\"page-title-head hgroup\">\n<div class=\"page-title-head hgroup\">\n<div class=\"b654a4as d2edcug0\">\n<div class=\"j83agx80 btwxx1t3 lhclo0ds hop8lmos nkwizq5d scwd0bx6 roh60bw9\">\n<div class=\"rq0escxv hkbzh7o3 jwdofwj8 n8tt0mok r8blr3vg hyh9befq\">\n<div class=\"do00u71z l9j0dhe7 k4urcfbm\">\n<div class=\"page-title-head hgroup\">\n<div class=\"page-title-head hgroup\">\n<div class=\"page-title-head hgroup\">\n<div class=\"page-title-head hgroup\">\n<div class=\"b654a4as d2edcug0\">\n<div class=\"page-title-head hgroup\">\n<div class=\"page-title-head hgroup\">\n<div class=\"page-title-head hgroup\">\n<div class=\"page-title-head hgroup\">\n<div class=\"b654a4as d2edcug0\">\n<div class=\"page-title-head hgroup\">\n<div class=\"page-title-head hgroup\">\n<div class=\"page-title-head hgroup\">\n<div class=\"page-title-head hgroup\">\n<div class=\"page-title-head hgroup\">\n<div class=\"page-title-head hgroup\">\n<div class=\"page-title-head hgroup\">\n<div class=\"page-title-head hgroup\">\n<div class=\"page-title-head hgroup\">\n<div class=\"b654a4as d2edcug0\">\n<div class=\"page-title-head hgroup\">\n<div class=\"page-title-head hgroup\">\n<div class=\"page-title-head hgroup\">\n<div class=\"page-title-head hgroup\">\n<div class=\"b654a4as d2edcug0\">\n<div class=\"page-title-head hgroup\">\n<div class=\"page-title-head hgroup\">\n<div class=\"page-title-head hgroup\">\n<div class=\"page-title-head hgroup\">\n<div class=\"page-title-head hgroup\">\n<div class=\"mkdf-post-text\">\n<div class=\"mkdf-post-text-inner\">\n<div class=\"mkdf-post-text-main\">\n<div class=\"mkdf-post-text\">\n<div class=\"mkdf-post-text-inner\">\n<div class=\"mkdf-post-text-main\">\n<div class=\"mkdf-post-text\">\n<div class=\"mkdf-post-text-inner\">\n<div class=\"mkdf-post-text-main\">\n<div class=\"page-title-head hgroup\">\n<div class=\"page-title-head hgroup\">\n<div class=\"mkdf-post-text\">\n<div class=\"mkdf-post-text-inner\">\n<div class=\"mkdf-post-text-main\">\n<div class=\"mkdf-post-text\">\n<div class=\"mkdf-post-text-inner\">\n<div class=\"mkdf-post-text-main\">\n<div class=\"page-title-head hgroup\">\n<div class=\"page-title-head hgroup\">\n<div class=\"page-title-head hgroup\">\n<div class=\"page-title-head hgroup\">\n<div class=\"b654a4as d2edcug0\">\n<div class=\"page-title-head hgroup\">\n<div class=\"page-title-head hgroup\">\n<div class=\"page-title-head hgroup\">\n<div class=\"page-title-head hgroup\">\n<div class=\"b654a4as d2edcug0\">\n<div class=\"page-title-head hgroup\">\n<div class=\"page-title-head hgroup\">\n<div class=\"page-title-head hgroup\">\n<div class=\"page-title-head hgroup\">\n<div class=\"b654a4as d2edcug0\">\n<p>&nbsp;<\/p>\n<blockquote class=\"wp-embedded-content\" data-secret=\"lgN9vyZND8\"><p><a href=\"https:\/\/www.radiopiu.net\/wordpress\/viabilita\/\">viabilita<\/a><\/p><\/blockquote>\n<p><iframe loading=\"lazy\" class=\"wp-embedded-content\" sandbox=\"allow-scripts\" security=\"restricted\" style=\"position: absolute; clip: rect(1px, 1px, 1px, 1px);\" title=\"&#8220;viabilita&#8221; &#8212; Radio Pi\u00f9\" src=\"https:\/\/www.radiopiu.net\/wordpress\/viabilita\/embed\/#?secret=lgN9vyZND8\" data-secret=\"lgN9vyZND8\" width=\"600\" height=\"338\" frameborder=\"0\" marginwidth=\"0\" marginheight=\"0\" scrolling=\"no\"><\/iframe><\/p>\n<hr \/>\n<p>&nbsp;<\/p>\n<\/div>\n<div class=\"b654a4as d2edcug0\">\n<div class=\"ecm0bbzt e5nlhep0 a8c37x1j\">\n<div class=\"kvgmc6g5 cxmmr5t8 oygrvhab hcukyx3x c1et5uql\">\n<div class=\"gmail-kvgmc6g5 gmail-cxmmr5t8 gmail-oygrvhab gmail-hcukyx3x gmail-c1et5uql gmail-ii04i59q\">\n<div>\n<div class=\"page-title-head hgroup\">\n<div class=\"page-title-head hgroup\">\n<div class=\"b654a4as d2edcug0\">\n<div class=\"j83agx80 btwxx1t3 lhclo0ds hop8lmos nkwizq5d scwd0bx6 roh60bw9\">\n<div class=\"rq0escxv hkbzh7o3 jwdofwj8 n8tt0mok r8blr3vg hyh9befq\">\n<div class=\"do00u71z l9j0dhe7 k4urcfbm\">\n<div>\n<div class=\"page-title-head hgroup\">\n<div class=\"page-title-head hgroup\">\n<div class=\"page-title-head hgroup\">\n<div class=\"page-title-head hgroup\">\n<div class=\"b654a4as d2edcug0\">\n<div class=\"page-title-head hgroup\">\n<div class=\"page-title-head hgroup\">\n<div class=\"page-title-head hgroup\">\n<div class=\"page-title-head hgroup\">\n<div class=\"b654a4as d2edcug0\">\n<div class=\"page-title-head hgroup\">\n<div class=\"page-title-head hgroup\">\n<div class=\"page-title-head hgroup\">\n<div class=\"page-title-head hgroup\">\n<div class=\"page-title-head hgroup\">\n<div class=\"mkdf-post-text\">\n<div class=\"mkdf-post-text-inner\">\n<div class=\"mkdf-post-text-main\">\n<div class=\"mkdf-post-text\">\n<div class=\"mkdf-post-text-inner\">\n<div class=\"mkdf-post-text-main\">\n<div class=\"mkdf-post-text\">\n<div class=\"mkdf-post-text-inner\">\n<div class=\"mkdf-post-text-main\">\n<div class=\"page-title-head hgroup\">\n<div class=\"page-title-head hgroup\">\n<div class=\"mkdf-post-text\">\n<div class=\"mkdf-post-text-inner\">\n<div class=\"mkdf-post-text-main\">\n<div class=\"mkdf-post-text\">\n<div class=\"mkdf-post-text-inner\">\n<div class=\"mkdf-post-text-main\">\n<div>\n<div class=\"page-title-head hgroup\">\n<div class=\"page-title-head hgroup\">\n<div>\n<div class=\"page-title-head hgroup\">\n<div class=\"page-title-head hgroup\">\n<div class=\"b654a4as d2edcug0\">\n<div>\n<div class=\"page-title-head hgroup\" style=\"text-align: left;\">\n<div class=\"page-title-head hgroup\">\n<div dir=\"auto\">\n<p><a class=\"dt-pswp-item pspw-wrap-ready\" href=\"https:\/\/i0.wp.com\/www.radiopiu.net\/wordpress\/wp-content\/uploads\/2018\/09\/WhatsApp-Image-2018-09-20-at-16.04.06.jpeg?ssl=1\" data-dt-img-description=\"\" data-large_image_width=\"800\" data-large_image_height=\"100\"><img loading=\"lazy\" decoding=\"async\" class=\"aligncenter wp-image-61378 size-full jetpack-lazy-image jetpack-lazy-image--handled\" src=\"https:\/\/i0.wp.com\/www.radiopiu.net\/wordpress\/wp-content\/uploads\/2018\/09\/WhatsApp-Image-2018-09-20-at-16.04.06.jpeg?resize=800%2C100&amp;ssl=1\" sizes=\"auto, (max-width: 800px) 100vw, 800px\" srcset=\"https:\/\/i0.wp.com\/www.radiopiu.net\/wordpress\/wp-content\/uploads\/2018\/09\/WhatsApp-Image-2018-09-20-at-16.04.06.jpeg?w=800&amp;ssl=1 800w, https:\/\/i0.wp.com\/www.radiopiu.net\/wordpress\/wp-content\/uploads\/2018\/09\/WhatsApp-Image-2018-09-20-at-16.04.06.jpeg?resize=300%2C38&amp;ssl=1 300w, https:\/\/i0.wp.com\/www.radiopiu.net\/wordpress\/wp-content\/uploads\/2018\/09\/WhatsApp-Image-2018-09-20-at-16.04.06.jpeg?resize=768%2C96&amp;ssl=1 768w\" alt=\"\" width=\"800\" height=\"100\" data-lazy-loaded=\"1\" \/><\/a><\/p>\n<\/div>\n<\/div>\n<\/div>\n<\/div>\n<\/div>\n<\/div>\n<\/div>\n<\/div>\n<\/div>\n<\/div>\n<\/div>\n<\/div>\n<\/div>\n<\/div>\n<\/div>\n<\/div>\n<\/div>\n<\/div>\n<\/div>\n<\/div>\n<\/div>\n<\/div>\n<\/div>\n<\/div>\n<\/div>\n<\/div>\n<\/div>\n<\/div>\n<\/div>\n<\/div>\n<\/div>\n<\/div>\n<\/div>\n<\/div>\n<\/div>\n<\/div>\n<\/div>\n<\/div>\n<\/div>\n<\/div>\n<\/div>\n<\/div>\n<\/div>\n<\/div>\n<p>&nbsp;<\/p>\n<\/div>\n<\/div>\n<\/div>\n<\/div>\n<\/div>\n<\/div>\n<\/div>\n<\/div>\n<\/div>\n<\/div>\n<\/div>\n<\/div>\n<\/div>\n<\/div>\n<\/div>\n<\/div>\n<\/div>\n<\/div>\n<\/div>\n<\/div>\n<\/div>\n<\/div>\n<\/div>\n<\/div>\n<\/div>\n<\/div>\n<\/div>\n<\/div>\n<\/div>\n<\/div>\n<\/div>\n<\/div>\n<\/div>\n<\/div>\n<\/div>\n<\/div>\n<\/div>\n<\/div>\n<\/div>\n<\/div>\n<\/div>\n<\/div>\n<\/div>\n<\/div>\n<\/div>\n<\/div>\n<\/div>\n<\/div>\n<\/div>\n<\/div>\n<\/div>\n<\/div>\n<\/div>\n<\/div>\n<\/div>\n<\/div>\n<\/div>\n<\/div>\n<\/div>\n<\/div>\n<\/div>\n<\/div>\n<\/div>\n<\/div>\n<\/div>\n<\/div>\n<\/div>\n<\/div>\n<\/div>\n<\/div>\n<\/div>\n<\/div>\n<\/div>\n<\/div>\n<\/div>\n<\/div>\n<\/div>\n<\/div>\n<\/div>\n<\/div>\n<\/div>\n<\/div>\n<\/div>\n<\/div>\n<\/div>\n<\/div>\n<\/div>\n<\/div>\n<\/div>\n<\/div>\n<\/div>\n<\/div>\n<\/div>\n<\/div>\n<\/div>\n<\/div>\n<\/div>\n<\/div>\n<\/div>\n<\/div>\n<\/div>\n<\/div>\n<\/div>\n<\/div>\n<\/div>\n<\/div>\n<\/div>\n<\/div>\n<\/div>\n<\/div>\n<\/div>\n<\/div>\n<\/div>\n<\/div>\n<\/div>\n<\/div>\n<\/div>\n<\/div>\n<\/div>\n<\/div>\n<\/div>\n<\/div>\n<\/div>\n<\/div>\n<\/div>\n<\/div>\n<\/div>\n<\/div>\n<\/div>\n<\/div>\n<\/div>\n<\/div>\n<\/div>\n<\/div>\n<\/div>\n<\/div>\n<\/div>\n<\/div>\n<\/div>\n<\/div>\n<\/div>\n<\/div>\n<\/div>\n<\/div>\n<\/div>\n<\/div>\n<\/div>\n<\/div>\n<\/div>\n<\/div>\n<\/div>\n<\/div>\n<\/div>\n<\/div>\n<\/div>\n<\/div>\n<\/div>\n<\/div>\n<\/div>\n<\/div>\n<\/div>\n<\/div>\n<\/div>\n<\/div>\n<\/div>\n<\/div>\n<\/div>\n<\/div>\n<\/div>\n<\/div>\n<\/div>\n<\/div>\n<\/div>\n<\/div>\n<\/div>\n<\/div>\n<\/div>\n<\/div>\n<\/div>\n<\/div>\n<\/div>\n<\/div>\n<\/div>\n<\/div>\n<\/div>\n<\/div>\n<\/div>\n<p>&nbsp;<\/p>\n<p><center><b>Giovedi 24<\/b><\/center><b>Tempo atteso: <\/b>Fino al primo mattino da sereno a poco nuvoloso poi aumento delle nuvolosit\u00e0 da ovest verso est per nubi alte e sottili anche estese durante le ore centrali della giornata e in grado a tratti di mascherare il sole.<br \/>\n<b>Precipitazioni: <\/b>Assenti (0%)<br \/>\n<b>Temperature: <\/b>Senza notevoli variazioni o in leggera flessione le massime. Su Prealpi a 1500 m: min 2 max 4, a 2000 m: min -2 max 0 Su Dolomiti a 2000 m: min -2 max 0, a 3000 m: min -8 max -6<br \/>\n<b>Venti: <\/b>Deboli di direzione variabile nelle valli, salvo locali rinforzi notturni per brezze di monte su alcuni settori prealpini; in quota deboli\/moderati da sud-ovest, in rinforzo fino a tesi sulle cime pi\u00f9 alte durante le ore centrali, a 10-25 km\/h a 2000 m e 30-50 km\/h a 3000 m.<\/p>\n<hr \/>\n<p><center><b>Venerdi 25<\/b><\/center><b>Tempo atteso: <\/b>Fino a met\u00e0 mattinata sereno o poco nuvoloso, in seguito aumento della nuvolosit\u00e0 fino a molto nuvoloso o coperto con possibili deboli precipitazioni in veloce trasferimento dalle Dolomiti alle Prealpi.<br \/>\n<b>Precipitazioni: <\/b>Al mattino generalmente assenti (0-10%), dal mezzogiorno aumento della probabilit\u00e0 a partire dalle Dolomiti (50-70%) di un p\u00f2 di neve burrascosa in veloce trasferimento alle Prealpi (60-80%) dove potranno risultare anche sottoforma di rovescio. Limite neve generalmente in calo attorno a 1000 metri, solo localmente pi\u00f9 basso in caso di precipitazioni prolungate in serata su Prealpi. Sono previsti accumuli scarsi generalmente 1-5 cm oltre i 1500 metri, solo localmente fino a 10 cm.<br \/>\n<b>Temperature: <\/b>Temperature in calo in quota specie dalla sera con minime raggiunte in serata. Su Prealpi a 1500 m: min -2 max 3, a 2000 m: min -6 max 0 Dolomiti a 2000 m: min -8 max -1, a 3000 m: min -14 max -8<br \/>\n<b>Venti: <\/b>Venti nelle valli deboli variabili, in quota inizialmente deboli o moderati occidentali in rotazione e rinforzo da Nord\/nordest in serata sulle Dolomiti, a 10-30 km\/h a 2000 m e 20-50 km\/h a 3000 m.<\/p>\n<hr \/>\n<p><center><b>Sabato 26<\/b><\/center>Nella notte e fino all&#8217;alba residua nuvolosit\u00e0 specie sui settori esposti alle correnti orientali e su Prealpi con qualche eventuale fiocco fin sui 700\/900 m, in seguito schiarite via via pi\u00f9 ampie fino a sereno o poco nuvoloso con qualche addensamento su Dolomiti settentrionali e qualche cumulo nel pomeriggio su Prealpi. Temperature in ulteriore calo, in possibile aumento le minime in valle. Venti in quota forti da nordest specie la mattino.<\/p>\n<hr \/>\n<p><center><b>Domenica 27<\/b><\/center>Giornata soleggiata sulla montagna veneta con cielo sereno o al pi\u00f9 poco nuvoloso ed ottima visibilit\u00e0. Venti in quota moderati\/tesi da nordest. Temperature stazionarie o in lieve aumento in quota, in calo le minime a fondovalle con forti gelate. Previsore:DDL<\/p>\n<p>&nbsp;<\/p>\n<hr \/>\n<p>&nbsp;<\/p>\n<p><img loading=\"lazy\" decoding=\"async\" class=\"wp-image-60761 size-full aligncenter\" src=\"https:\/\/www.radiopiu.net\/wordpress\/wp-content\/uploads\/2018\/09\/sport.jpg\" alt=\"\" width=\"800\" height=\"100\" srcset=\"https:\/\/www.radiopiu.net\/wordpress\/wp-content\/uploads\/2018\/09\/sport.jpg 800w, https:\/\/www.radiopiu.net\/wordpress\/wp-content\/uploads\/2018\/09\/sport-300x38.jpg 300w, https:\/\/www.radiopiu.net\/wordpress\/wp-content\/uploads\/2018\/09\/sport-768x96.jpg 768w\" sizes=\"auto, (max-width: 800px) 100vw, 800px\" \/><\/p>\n<p>&nbsp;<\/p>\n<p><span style=\"color: #3366ff;\"><strong>HOCKEY SU GHIACCIO\u00a0<\/strong><\/span><\/p>\n<blockquote>\n<h3>SABATO AL VIA I QUARTI DI FINALE DELL&#8217;ITALIAN HOCKEY LEAGUE. L&#8217;ALLEGHE CONTRO IL PERGINE<\/h3>\n<\/blockquote>\n<p><strong>ALLEGHE<\/strong> Inizier\u00e0 sabato prossimo la fase finale del campionato IHL 2021\/22. L&#8217;Alleghe ha chiuso il Master Round al quarto posto e di fronte si trover\u00e0 la quinta classificata, in questo caso il Pergine. Le civette avranno il vantaggio di giocare la prima partita in casa quindi sabato sera al De Toni i biancorossi ospiteranno le linci per gara 1 dei quarti di finale. Si giocher\u00e0 al meglio delle 7 gare quindi chi vince prima 4 partite passa il turno ed accede alle semifinali.<\/p>\n<p><strong>IL TABELLONE DEI PLAYOFF IHL 2021\/22<\/strong><\/p>\n<p><a class=\"dt-pswp-item\" href=\"https:\/\/www.radiopiu.net\/wordpress\/wp-content\/uploads\/2022\/02\/Schermata-2022-02-21-alle-15.53.44.png\" data-dt-img-description=\"\" data-large_image_width=\"1400\" data-large_image_height=\"1810\"><img loading=\"lazy\" decoding=\"async\" class=\"wp-image-260888 size-large aligncenter\" src=\"https:\/\/www.radiopiu.net\/wordpress\/wp-content\/uploads\/2022\/02\/Schermata-2022-02-21-alle-15.53.44-792x1024.png\" alt=\"\" width=\"792\" height=\"1024\" srcset=\"https:\/\/www.radiopiu.net\/wordpress\/wp-content\/uploads\/2022\/02\/Schermata-2022-02-21-alle-15.53.44-792x1024.png 792w, https:\/\/www.radiopiu.net\/wordpress\/wp-content\/uploads\/2022\/02\/Schermata-2022-02-21-alle-15.53.44-232x300.png 232w, https:\/\/www.radiopiu.net\/wordpress\/wp-content\/uploads\/2022\/02\/Schermata-2022-02-21-alle-15.53.44-768x993.png 768w, https:\/\/www.radiopiu.net\/wordpress\/wp-content\/uploads\/2022\/02\/Schermata-2022-02-21-alle-15.53.44-1188x1536.png 1188w, https:\/\/www.radiopiu.net\/wordpress\/wp-content\/uploads\/2022\/02\/Schermata-2022-02-21-alle-15.53.44.png 1400w\" sizes=\"auto, (max-width: 792px) 100vw, 792px\" \/><\/a><\/p>\n<p>&nbsp;<\/p>\n<p>&nbsp;<\/p>\n<p><span style=\"color: #0000ff;\"><strong>PALLAVOLO MASCHILE\u00a0<\/strong><\/span><\/p>\n<p><span style=\"color: #0000ff;\"><strong><a class=\"dt-pswp-item\" href=\"https:\/\/www.radiopiu.net\/wordpress\/wp-content\/uploads\/2022\/02\/Stefano_Guolla_schiaccia_al_debutto_di_Pineto-1.jpg\" data-dt-img-description=\"Ph. Andrea Iommarini\" data-large_image_width=\"770\" data-large_image_height=\"513\"><img loading=\"lazy\" decoding=\"async\" class=\" wp-image-261233 alignleft\" src=\"https:\/\/www.radiopiu.net\/wordpress\/wp-content\/uploads\/2022\/02\/Stefano_Guolla_schiaccia_al_debutto_di_Pineto-1-300x200.jpg\" alt=\"\" width=\"255\" height=\"170\" srcset=\"https:\/\/www.radiopiu.net\/wordpress\/wp-content\/uploads\/2022\/02\/Stefano_Guolla_schiaccia_al_debutto_di_Pineto-1-300x200.jpg 300w, https:\/\/www.radiopiu.net\/wordpress\/wp-content\/uploads\/2022\/02\/Stefano_Guolla_schiaccia_al_debutto_di_Pineto-1-768x512.jpg 768w, https:\/\/www.radiopiu.net\/wordpress\/wp-content\/uploads\/2022\/02\/Stefano_Guolla_schiaccia_al_debutto_di_Pineto-1.jpg 770w\" sizes=\"auto, (max-width: 255px) 100vw, 255px\" \/><\/a><br \/>\n<\/strong><\/span><\/p>\n<blockquote>\n<h3>IL PROSSIMO IMPEGNO DELLA PALLAVOLO BELLUNO<\/h3>\n<\/blockquote>\n<p><strong>BELLUNO<\/strong>\u00a0 Archiviata la settimana degli alti e bassi (dal trionfo con Macerata al rovescio con Brugherio), la Da Rold Logistics ha ripreso ad allenarsi in vista del prossimo impegno: a Savigliano contro il Monge Gerbaudo. E, in Piemonte, si giocher\u00e0 di sabato: alle 20.30.<span class=\"gmail-Apple-converted-space\"> (Ph. Andrea Iommarini)<\/span><\/p>\n<p>&nbsp;<\/p>\n<p>&nbsp;<\/p>\n<p><span style=\"color: #0000ff;\"><strong>NUOTO<\/strong><\/span><\/p>\n<blockquote>\n<h3>TERZA GIORNATA A SPRESIANO, LA SPORTIVAMENTE CONFERMA I PROGRESSI<\/h3>\n<\/blockquote>\n<p><span id=\"page2R_mcid5\" class=\"markedContent\"><span dir=\"ltr\" role=\"presentation\"><strong><a class=\"dt-pswp-item\" href=\"https:\/\/www.radiopiu.net\/wordpress\/wp-content\/uploads\/2022\/02\/Sportivamente_a_Spresiano.jpg\" data-dt-img-description=\"\" data-large_image_width=\"954\" data-large_image_height=\"717\"><img loading=\"lazy\" decoding=\"async\" class=\"size-medium wp-image-261234 alignleft\" src=\"https:\/\/www.radiopiu.net\/wordpress\/wp-content\/uploads\/2022\/02\/Sportivamente_a_Spresiano-300x225.jpg\" alt=\"\" width=\"300\" height=\"225\" srcset=\"https:\/\/www.radiopiu.net\/wordpress\/wp-content\/uploads\/2022\/02\/Sportivamente_a_Spresiano-300x225.jpg 300w, https:\/\/www.radiopiu.net\/wordpress\/wp-content\/uploads\/2022\/02\/Sportivamente_a_Spresiano-768x577.jpg 768w, https:\/\/www.radiopiu.net\/wordpress\/wp-content\/uploads\/2022\/02\/Sportivamente_a_Spresiano.jpg 954w\" sizes=\"auto, (max-width: 300px) 100vw, 300px\" \/><\/a>BELLUNO<\/strong> La Sportivamente Belluno ha affrontato con grinta e consapevolezza dei propri mezzi la terza <\/span><span dir=\"ltr\" role=\"presentation\">giornata di gare di circuito, andata in scena nella piscina Spresiano. Nessun dubbio: la squadra \u00e8 <\/span><span dir=\"ltr\" role=\"presentation\">in continuo miglioramento. <\/span><\/span><span id=\"page2R_mcid6\" class=\"markedContent\"><span dir=\"ltr\" role=\"presentation\">Tra i giovani spicca la performance di Luca Odolo (2006), che nei 50 stile ha decretato il suo nuovo <\/span><span dir=\"ltr\" role=\"presentation\">miglior tempo (25\u201d9) e ha pure ottenuto la prima posizione nella categoria Ragazzi. Nuovi balzi <\/span><span dir=\"ltr\" role=\"presentation\">avanti anche nei 200 stile: hanno abbattuto i loro record Ivan Somacal (2\u201905\u201d3 e terzo fra i <\/span><span dir=\"ltr\" role=\"presentation\">Ragazzi), Luca Odolo (2\u201909\u201d7), Samuele Gashi (2\u201916\u201d3), Matteo Longi (2\u201918\u201d4), Valentina Sovilla <\/span><span dir=\"ltr\" role=\"presentation\">(2\u201918\u201d7) e Marco Sponga (2\u201918\u201d9). Bene pure le sorelle Caldart: nei 100 rana Camilla (2008) ha <\/span><span dir=\"ltr\" role=\"presentation\">ottenuto la seconda posizione, mentre Sofia ha raggiunto il terzo posto fra le Juniores, La stessa<\/span><br role=\"presentation\" \/><span dir=\"ltr\" role=\"presentation\">Sofia ha ulteriormente abbassato il suo record nei 100 delfino, chiudendo seconda nella categoria <\/span><span dir=\"ltr\" role=\"presentation\">Juniores (1\u201911\u201d7), dietro alla compagna di squadra Sara Sommacal (1\u201909\u201d6). Proprio Sara (classe <\/span><span dir=\"ltr\" role=\"presentation\">2007) \u00e8 stata protagonista pure nei 50 stile, grazie al primato nella sua categoria con il tempo di <\/span><span dir=\"ltr\" role=\"presentation\">28\u201d5. Applausi, inoltre, per Tomaso Damiano Miari Fulcis (terzo nei 100 rana) e Matteo Longi, che<\/span><br role=\"presentation\" \/><span dir=\"ltr\" role=\"presentation\">nei 100 delfino ha abbassato il suo personale di ben 4 secondi (1\u201913). <\/span><\/span><span id=\"page2R_mcid7\" class=\"markedContent\"><span dir=\"ltr\" role=\"presentation\">Pollice alto, infine, per la la staffetta 4 x 100 stile con la squadra femminile (Sara Sommacal, <\/span><span dir=\"ltr\" role=\"presentation\">Eleonora Cibien, Valentina Sovilla Valentina, Minerva Dall\u2019O\u2019) terza in 4\u201913\u201d7, dietro a Hydros e<\/span><br role=\"presentation\" \/><span dir=\"ltr\" role=\"presentation\">Padovanuoto, mentre quella maschile \u00e8 quarta in 3\u201958\u201d2 (Alessandro Facchin, Samuele Gashi, <\/span><span dir=\"ltr\" role=\"presentation\">Luca Odolo, Ivan Somacal).<\/span><\/span><span id=\"page2R_mcid8\" class=\"markedContent\"><br role=\"presentation\" \/><span dir=\"ltr\" role=\"presentation\">La Sportivamente Belluno, seguita dai tecnici Cassol e Bortot. non si ferma. E, in un clima sereno <\/span><span dir=\"ltr\" role=\"presentation\">e di condivisione, prosegue i suoi allenamenti nella piscina di Belluno. Prossimo appuntamento d<\/span><span dir=\"ltr\" role=\"presentation\">omenica 27 febbraio, a Treviso.<\/span><\/span><\/p>\n<p>&nbsp;<\/p>\n<p>&nbsp;<\/p>\n<\/div>\n<\/div>\n<\/div>\n<\/div>\n<\/div>\n<\/div>\n<\/div>\n<\/div>\n","protected":false},"excerpt":{"rendered":"<p>&nbsp; INFORMAZIONE il canale su TELEGRAM informazione di prima mano e in tempo reale. iscriviti ed aiutaci a farlo conoscere\u00a0 &nbsp; &nbsp; DA SOTTO L&#8217;AGNER IL MESSAGGIO DI PACE NEL MONDO VOLTAGO Fate le foto, non le guerre.\u00a0 Lo raccomanda Mario De Marco regalandoci la foto di un appostamento fotografico. Un messaggio di pace privo&hellip;<\/p>\n","protected":false},"author":4,"featured_media":261172,"comment_status":"closed","ping_status":"closed","sticky":false,"template":"","format":"standard","meta":{"_monsterinsights_skip_tracking":false,"_monsterinsights_sitenote_active":false,"_monsterinsights_sitenote_note":"","_monsterinsights_sitenote_category":0,"footnotes":""},"categories":[104,86,49],"tags":[],"class_list":["post-261119","post","type-post","status-publish","format-standard","has-post-thumbnail","hentry","category-evidenza_3","category-gr","category-news-18","category-104","category-86","category-49","description-off"],"img_url":"https:\/\/www.radiopiu.net\/wordpress\/wp-content\/uploads\/2022\/02\/9aa8e86f-3409-4025-abb8-3a18e3a35bd9.jpg","_links":{"self":[{"href":"https:\/\/www.radiopiu.net\/wordpress\/wp-json\/wp\/v2\/posts\/261119","targetHints":{"allow":["GET"]}}],"collection":[{"href":"https:\/\/www.radiopiu.net\/wordpress\/wp-json\/wp\/v2\/posts"}],"about":[{"href":"https:\/\/www.radiopiu.net\/wordpress\/wp-json\/wp\/v2\/types\/post"}],"author":[{"embeddable":true,"href":"https:\/\/www.radiopiu.net\/wordpress\/wp-json\/wp\/v2\/users\/4"}],"replies":[{"embeddable":true,"href":"https:\/\/www.radiopiu.net\/wordpress\/wp-json\/wp\/v2\/comments?post=261119"}],"version-history":[{"count":0,"href":"https:\/\/www.radiopiu.net\/wordpress\/wp-json\/wp\/v2\/posts\/261119\/revisions"}],"wp:featuredmedia":[{"embeddable":true,"href":"https:\/\/www.radiopiu.net\/wordpress\/wp-json\/wp\/v2\/media\/261172"}],"wp:attachment":[{"href":"https:\/\/www.radiopiu.net\/wordpress\/wp-json\/wp\/v2\/media?parent=261119"}],"wp:term":[{"taxonomy":"category","embeddable":true,"href":"https:\/\/www.radiopiu.net\/wordpress\/wp-json\/wp\/v2\/categories?post=261119"},{"taxonomy":"post_tag","embeddable":true,"href":"https:\/\/www.radiopiu.net\/wordpress\/wp-json\/wp\/v2\/tags?post=261119"}],"curies":[{"name":"wp","href":"https:\/\/api.w.org\/{rel}","templated":true}]}}