{"id":261154,"date":"2022-02-23T05:59:53","date_gmt":"2022-02-23T04:59:53","guid":{"rendered":"https:\/\/www.radiopiu.net\/wordpress\/?p=261154"},"modified":"2022-02-23T06:09:40","modified_gmt":"2022-02-23T05:09:40","slug":"strozzarono-il-pitbull-kaos-il-proprietario-vuole-i-danni","status":"publish","type":"post","link":"https:\/\/www.radiopiu.net\/wordpress\/strozzarono-il-pitbull-kaos-il-proprietario-vuole-i-danni\/","title":{"rendered":"Strozzarono il pitbull Kaos il proprietario vuole i danni"},"content":{"rendered":"<p><strong>OGGI SUL CORRIERE DELLE ALPI<\/strong><br \/>\nDI GIGI SOSSO<\/p>\n<p><em>Al via il processo a due agordini accusati dell&#8217;uccisione dell&#8217;animale nel 2019 Due associazioni si costituiscono parte civile per aiutare altri cani\u00a0<\/em><\/p>\n<p><strong><a href=\"https:\/\/www.radiopiu.net\/wordpress\/wp-content\/uploads\/2022\/02\/amici-proprietario-640x335-1.webp\"><img loading=\"lazy\" decoding=\"async\" class=\"size-medium wp-image-261152 alignleft\" src=\"https:\/\/www.radiopiu.net\/wordpress\/wp-content\/uploads\/2022\/02\/amici-proprietario-640x335-1-300x157.webp\" alt=\"\" width=\"300\" height=\"157\" srcset=\"https:\/\/www.radiopiu.net\/wordpress\/wp-content\/uploads\/2022\/02\/amici-proprietario-640x335-1-300x157.webp 300w, https:\/\/www.radiopiu.net\/wordpress\/wp-content\/uploads\/2022\/02\/amici-proprietario-640x335-1.webp 640w\" sizes=\"auto, (max-width: 300px) 100vw, 300px\" \/><\/a>AGORDO<\/strong>\u00a0 Strangolarono un pitbull con il suo guinzaglio. Kaos mor\u00ec la sera del venerd\u00ec santo del 2019 nel parcheggio di un supermercato di Agordo. Un video pi\u00f9 chiaro di un documentario mostra la scena e un&#8217;autopsia spiega le cause del decesso: la rottura della trachea, come se fosse stato impiccato. Nel drammatico filmato, a raccontarla tutta, si vedono tre persone addosso al cane, ma due sono accusate di uccisione di animale. &#8230;. \u00a0Il video \u00e8 agli atti, essendo stato molto utile per la ricostruzione dei fatti e adesso c&#8217;\u00e8 il processo. Chiunque per crudelt\u00e0 o senza necessit\u00e0 cagiona la morte di un animale \u00e8 punito con la reclusione da quattro mesi a due anni. Le difese invocheranno quasi sicuramente lo stato di necessit&#8230;<\/p>\n<blockquote>\n<h2>Un intruglio come vaccino Covid: erborista nei guai<\/h2>\n<\/blockquote>\n<p><em>Alla Bottega delle Erbacce si potevano trovare &#8220;rimedi&#8221; per qualsiasi malattia la titolare nei guai per esercizio abusivo della professione<\/em><\/p>\n<p><a class=\"dt-pswp-item\" href=\"https:\/\/www.radiopiu.net\/wordpress\/wp-content\/uploads\/2022\/02\/th-16.jpg\" data-dt-img-description=\"\" data-large_image_width=\"288\" data-large_image_height=\"192\"><img loading=\"lazy\" decoding=\"async\" class=\"size-full wp-image-261153 alignleft\" src=\"https:\/\/www.radiopiu.net\/wordpress\/wp-content\/uploads\/2022\/02\/th-16.jpg\" alt=\"\" width=\"288\" height=\"192\" \/><\/a>\u00a0<strong>FELTRE\u00a0 <\/strong>Bastava presentarsi in negozio con la diagnosi e il rimedio era bello e pronto sullo scaffale. Se poi la diagnosi precisa non c&#8217;era, ci pensava Anna Maria Ronzon. La titolare della Bottega delle Erbacce, l&#8217;erboristeria feltrina di Borgo Ruga \u00e8 stata perquisita dal Nas di Treviso e portata a processo per esercizio abusivo della professione di farmacista. Si va dal Tubercolinum al Molluscum Contagiosum, passando per l&#8217;Aspergillus Niger o l&#8217;Influenzinum proprio per il Covid.Nessuno mette in dubbio il fatto che volesse fare solo del bene ai suoi clienti, ma non si \u00e8 mai laureata e nemmeno ha fatto parte dell&#8217;Ordine dei Farmacisti&#8230;<\/p>\n<p>\u00b0\u00b0\u00b0<\/p>\n","protected":false},"excerpt":{"rendered":"<p>OGGI SUL CORRIERE DELLE ALPI DI GIGI SOSSO Al via il processo a due agordini accusati dell&#8217;uccisione dell&#8217;animale nel 2019 Due associazioni si costituiscono parte civile per aiutare altri cani\u00a0 AGORDO\u00a0 Strangolarono un pitbull con il suo guinzaglio. Kaos mor\u00ec la sera del venerd\u00ec santo del 2019 nel parcheggio di un supermercato di Agordo. Un&hellip;<\/p>\n","protected":false},"author":4,"featured_media":261152,"comment_status":"closed","ping_status":"closed","sticky":false,"template":"","format":"standard","meta":{"_monsterinsights_skip_tracking":false,"_monsterinsights_sitenote_active":false,"_monsterinsights_sitenote_note":"","_monsterinsights_sitenote_category":0,"footnotes":""},"categories":[51,49],"tags":[],"class_list":["post-261154","post","type-post","status-publish","format-standard","has-post-thumbnail","hentry","category-evidenza-top","category-news-18","category-51","category-49","description-off"],"img_url":"https:\/\/www.radiopiu.net\/wordpress\/wp-content\/uploads\/2022\/02\/amici-proprietario-640x335-1.webp","_links":{"self":[{"href":"https:\/\/www.radiopiu.net\/wordpress\/wp-json\/wp\/v2\/posts\/261154","targetHints":{"allow":["GET"]}}],"collection":[{"href":"https:\/\/www.radiopiu.net\/wordpress\/wp-json\/wp\/v2\/posts"}],"about":[{"href":"https:\/\/www.radiopiu.net\/wordpress\/wp-json\/wp\/v2\/types\/post"}],"author":[{"embeddable":true,"href":"https:\/\/www.radiopiu.net\/wordpress\/wp-json\/wp\/v2\/users\/4"}],"replies":[{"embeddable":true,"href":"https:\/\/www.radiopiu.net\/wordpress\/wp-json\/wp\/v2\/comments?post=261154"}],"version-history":[{"count":0,"href":"https:\/\/www.radiopiu.net\/wordpress\/wp-json\/wp\/v2\/posts\/261154\/revisions"}],"wp:featuredmedia":[{"embeddable":true,"href":"https:\/\/www.radiopiu.net\/wordpress\/wp-json\/wp\/v2\/media\/261152"}],"wp:attachment":[{"href":"https:\/\/www.radiopiu.net\/wordpress\/wp-json\/wp\/v2\/media?parent=261154"}],"wp:term":[{"taxonomy":"category","embeddable":true,"href":"https:\/\/www.radiopiu.net\/wordpress\/wp-json\/wp\/v2\/categories?post=261154"},{"taxonomy":"post_tag","embeddable":true,"href":"https:\/\/www.radiopiu.net\/wordpress\/wp-json\/wp\/v2\/tags?post=261154"}],"curies":[{"name":"wp","href":"https:\/\/api.w.org\/{rel}","templated":true}]}}