{"id":261194,"date":"2022-02-23T11:21:50","date_gmt":"2022-02-23T10:21:50","guid":{"rendered":"https:\/\/www.radiopiu.net\/wordpress\/?p=261194"},"modified":"2022-02-23T11:21:50","modified_gmt":"2022-02-23T10:21:50","slug":"caro-sindaco-chiediamo-uno-spazio-fisico-per-migliorare-il-lavoro-delle-minoranze","status":"publish","type":"post","link":"https:\/\/www.radiopiu.net\/wordpress\/caro-sindaco-chiediamo-uno-spazio-fisico-per-migliorare-il-lavoro-delle-minoranze\/","title":{"rendered":"CARO SINDACO&#8230; &#8220;CHIEDIAMO UNO SPAZIO FISICO PER MIGLIORARE IL LAVORO DELLE MINORANZE&#8221;"},"content":{"rendered":"<div><strong><a class=\"dt-pswp-item\" href=\"https:\/\/www.radiopiu.net\/wordpress\/wp-content\/uploads\/2022\/02\/Consiglieri-De-Francesch-e-Costa.jpeg\" data-dt-img-description=\"\" data-large_image_width=\"1080\" data-large_image_height=\"791\"><img loading=\"lazy\" decoding=\"async\" class=\" wp-image-261195 alignleft\" src=\"https:\/\/www.radiopiu.net\/wordpress\/wp-content\/uploads\/2022\/02\/Consiglieri-De-Francesch-e-Costa-300x220.jpeg\" alt=\"\" width=\"218\" height=\"160\" srcset=\"https:\/\/www.radiopiu.net\/wordpress\/wp-content\/uploads\/2022\/02\/Consiglieri-De-Francesch-e-Costa-300x220.jpeg 300w, https:\/\/www.radiopiu.net\/wordpress\/wp-content\/uploads\/2022\/02\/Consiglieri-De-Francesch-e-Costa-1024x750.jpeg 1024w, https:\/\/www.radiopiu.net\/wordpress\/wp-content\/uploads\/2022\/02\/Consiglieri-De-Francesch-e-Costa-768x562.jpeg 768w, https:\/\/www.radiopiu.net\/wordpress\/wp-content\/uploads\/2022\/02\/Consiglieri-De-Francesch-e-Costa.jpeg 1080w\" sizes=\"auto, (max-width: 218px) 100vw, 218px\" \/><\/a>ALPAGO<\/strong> Il gruppo\u00a0<span id=\"page3R_mcid0\" class=\"markedContent\"><span dir=\"ltr\" role=\"presentation\">\u201cAlpago, insieme per il futuro\u201d\u00a0 alle recenti elezioni ha mancato gli scranni di maggioranza\u00a0 <\/span><span dir=\"ltr\" role=\"presentation\">per pochissimi voti,\u00a0 con rotonde vittorie in <\/span><span dir=\"ltr\" role=\"presentation\">5 seggi su 9. Situazione che rammarica non c&#8217;\u00e8 dubbio ma \u00e8 anche un motivo in pi\u00f9 per i consiglieri di opposizione per non deludere i tanti che hanno messo la crocetta sul loro simbolo. I consiglieri con entusiasmo stanno affrontando la nuova avventura <\/span><\/span><span id=\"page3R_mcid0\" class=\"markedContent\"><span dir=\"ltr\" role=\"presentation\">in prima linea per i cittadini e per <\/span><span dir=\"ltr\" role=\"presentation\">il territorio.\u00a0 In questi giorni hanno consegnato <\/span><\/span><span id=\"page3R_mcid1\" class=\"markedContent\">\u00a0<span dir=\"ltr\" role=\"presentation\">alla\u00a0 maggioranza l<\/span><span dir=\"ltr\" role=\"presentation\">a richiesta <\/span><span dir=\"ltr\" role=\"presentation\">di una stanza all\u2019inter<\/span><span dir=\"ltr\" role=\"presentation\">no della sede Municipale di Puos, a beneficio di tutte le minoranze <\/span><span dir=\"ltr\" role=\"presentation\">consiliari.<em> &#8220;<\/em><\/span><\/span><em><span id=\"page3R_mcid2\" class=\"markedContent\"><span dir=\"ltr\" role=\"presentation\">Al di l\u00e0 del dato elettorale che ha assegnato alle minoranze insediate in seno al consiglio comunale una <\/span><span dir=\"ltr\" role=\"presentation\">rappresentativit\u00e0 pari al 70% dei votanti <span id=\"page3R_mcid0\" class=\"markedContent\">\u00a0&#8211; dichiarano i consiglieri Vanessa De Francesch e Federico Costa (FOTO)- <\/span>\u00a0riteniamo che una tale soluzione logistica possa essere uno <\/span><span dir=\"ltr\" role=\"presentation\">strumento di valenza democratica per assicurare la piena funzionalit\u00e0 del Consiglio stesso; un luogo dedicato <\/span><span dir=\"ltr\" role=\"presentation\">ad analizzare e studiare la documentazione e gli atti che via via verranno<\/span> <span dir=\"ltr\" role=\"presentation\">sottoposti all\u2019esame e al voto del <\/span><span dir=\"ltr\" role=\"presentation\">Consiglio Comunale&#8221;.\u00a0<\/span><\/span><\/em><span id=\"page3R_mcid2\" class=\"markedContent\"><span dir=\"ltr\" role=\"presentation\">Con il primo contatto con gli organi di informazioni dopo le elezioni i consiglieri colgono anche l&#8217;occasione<\/span><\/span><span id=\"page3R_mcid4\" class=\"markedContent\">\u00a0<span dir=\"ltr\" role=\"presentation\">per ringraziare\u00a0 chi a <\/span><span dir=\"ltr\" role=\"presentation\">\u00a0vario titolo\u00a0 ha sostenuto la costruzione del programma e il <\/span><span dir=\"ltr\" role=\"presentation\">percorso della campagna elettorale. <em>&#8220;<\/em><\/span><\/span><em><span id=\"page3R_mcid5\" class=\"markedContent\"><span dir=\"ltr\" role=\"presentation\">Vogliamo ribadire il nostro impegno e continuare ad essere un riferimento per la nostra comunit\u00e0 &#8211; concludono i consiglieri &#8211;\u00a0 <\/span><span dir=\"ltr\" role=\"presentation\">con azioni concrete e dando voce anche alle frazioni pi\u00f9 periferiche, ad oggi non rappresentate in Consiglio, <\/span><span dir=\"ltr\" role=\"presentation\">ma che ci avevano premiato con la loro fiducia&#8221;.<\/span><\/span><\/em><\/div>\n<div><\/div>\n<div><\/div>\n<div>***<\/div>\n","protected":false},"excerpt":{"rendered":"<p>ALPAGO Il gruppo\u00a0\u201cAlpago, insieme per il futuro\u201d\u00a0 alle recenti elezioni ha mancato gli scranni di maggioranza\u00a0 per pochissimi voti,\u00a0 con rotonde vittorie in 5 seggi su 9. Situazione che rammarica non c&#8217;\u00e8 dubbio ma \u00e8 anche un motivo in pi\u00f9 per i consiglieri di opposizione per non deludere i tanti che hanno messo la crocetta&hellip;<\/p>\n","protected":false},"author":4,"featured_media":261195,"comment_status":"closed","ping_status":"closed","sticky":false,"template":"","format":"standard","meta":{"_monsterinsights_skip_tracking":false,"_monsterinsights_sitenote_active":false,"_monsterinsights_sitenote_note":"","_monsterinsights_sitenote_category":0,"footnotes":""},"categories":[104,49],"tags":[],"class_list":["post-261194","post","type-post","status-publish","format-standard","has-post-thumbnail","hentry","category-evidenza_3","category-news-18","category-104","category-49","description-off"],"img_url":"https:\/\/www.radiopiu.net\/wordpress\/wp-content\/uploads\/2022\/02\/Consiglieri-De-Francesch-e-Costa.jpeg","_links":{"self":[{"href":"https:\/\/www.radiopiu.net\/wordpress\/wp-json\/wp\/v2\/posts\/261194","targetHints":{"allow":["GET"]}}],"collection":[{"href":"https:\/\/www.radiopiu.net\/wordpress\/wp-json\/wp\/v2\/posts"}],"about":[{"href":"https:\/\/www.radiopiu.net\/wordpress\/wp-json\/wp\/v2\/types\/post"}],"author":[{"embeddable":true,"href":"https:\/\/www.radiopiu.net\/wordpress\/wp-json\/wp\/v2\/users\/4"}],"replies":[{"embeddable":true,"href":"https:\/\/www.radiopiu.net\/wordpress\/wp-json\/wp\/v2\/comments?post=261194"}],"version-history":[{"count":0,"href":"https:\/\/www.radiopiu.net\/wordpress\/wp-json\/wp\/v2\/posts\/261194\/revisions"}],"wp:featuredmedia":[{"embeddable":true,"href":"https:\/\/www.radiopiu.net\/wordpress\/wp-json\/wp\/v2\/media\/261195"}],"wp:attachment":[{"href":"https:\/\/www.radiopiu.net\/wordpress\/wp-json\/wp\/v2\/media?parent=261194"}],"wp:term":[{"taxonomy":"category","embeddable":true,"href":"https:\/\/www.radiopiu.net\/wordpress\/wp-json\/wp\/v2\/categories?post=261194"},{"taxonomy":"post_tag","embeddable":true,"href":"https:\/\/www.radiopiu.net\/wordpress\/wp-json\/wp\/v2\/tags?post=261194"}],"curies":[{"name":"wp","href":"https:\/\/api.w.org\/{rel}","templated":true}]}}