{"id":261222,"date":"2022-02-23T14:25:58","date_gmt":"2022-02-23T13:25:58","guid":{"rendered":"https:\/\/www.radiopiu.net\/wordpress\/?p=261222"},"modified":"2022-02-24T06:21:58","modified_gmt":"2022-02-24T05:21:58","slug":"buon-trentesimo-compleanno-protezione-civile-bottacin-un-esercito-di-pace-sempre-a-disposizione-dei-cittadini-e-dei-territori","status":"publish","type":"post","link":"https:\/\/www.radiopiu.net\/wordpress\/buon-trentesimo-compleanno-protezione-civile-bottacin-un-esercito-di-pace-sempre-a-disposizione-dei-cittadini-e-dei-territori\/","title":{"rendered":"BUON TRENTESIMO COMPLEANNO PROTEZIONE CIVILE. BOTTACIN: \u201cUN ESERCITO DI PACE SEMPRE A DISPOSIZIONE DEI CITTADINI E DEI TERRITORI\u201d"},"content":{"rendered":"<p><strong><a class=\"dt-pswp-item\" href=\"https:\/\/www.radiopiu.net\/wordpress\/wp-content\/uploads\/2022\/02\/Ass-Bottacin-con-capo-Dipart-PC-Curcio-con-rappresentanza-volontari-a-Marghera-scaled.jpg\" data-dt-img-description=\"\" data-large_image_width=\"2560\" data-large_image_height=\"1920\"><img loading=\"lazy\" decoding=\"async\" class=\" wp-image-261225 alignleft\" src=\"https:\/\/www.radiopiu.net\/wordpress\/wp-content\/uploads\/2022\/02\/Ass-Bottacin-con-capo-Dipart-PC-Curcio-con-rappresentanza-volontari-a-Marghera-300x225.jpg\" alt=\"\" width=\"237\" height=\"178\" srcset=\"https:\/\/www.radiopiu.net\/wordpress\/wp-content\/uploads\/2022\/02\/Ass-Bottacin-con-capo-Dipart-PC-Curcio-con-rappresentanza-volontari-a-Marghera-300x225.jpg 300w, https:\/\/www.radiopiu.net\/wordpress\/wp-content\/uploads\/2022\/02\/Ass-Bottacin-con-capo-Dipart-PC-Curcio-con-rappresentanza-volontari-a-Marghera-1024x768.jpg 1024w, https:\/\/www.radiopiu.net\/wordpress\/wp-content\/uploads\/2022\/02\/Ass-Bottacin-con-capo-Dipart-PC-Curcio-con-rappresentanza-volontari-a-Marghera-768x576.jpg 768w, https:\/\/www.radiopiu.net\/wordpress\/wp-content\/uploads\/2022\/02\/Ass-Bottacin-con-capo-Dipart-PC-Curcio-con-rappresentanza-volontari-a-Marghera-1536x1152.jpg 1536w, https:\/\/www.radiopiu.net\/wordpress\/wp-content\/uploads\/2022\/02\/Ass-Bottacin-con-capo-Dipart-PC-Curcio-con-rappresentanza-volontari-a-Marghera-2048x1536.jpg 2048w\" sizes=\"auto, (max-width: 237px) 100vw, 237px\" \/><\/a>VENEZIA<\/strong> Domani ricorre il trentesimo compleanno del Sistema di Protezione Civile, che venne istituito e regolamentato, come Servizio nazionale in Italia, il 24 febbraio con Legge 225 nel 1992. Prima di allora esistevano delle organizzazioni di protezione civile, costituite da semplici cittadini che si attivavano in forma spontanea, volontaria e solidaristica ogni qualvolta scoppiava, sul territorio nazionale, una qualche catastrofe ed emergenza (terremoti, alluvioni, etc.).<\/p>\n<p><strong>L&#8217;ASSESSORE REGIONALE ALLA PROTEZIONE CIVILE GIANPAOLO BOTTACIN<\/strong><\/p>\n<audio class=\"wp-audio-shortcode\" id=\"audio-261222-1\" preload=\"none\" style=\"width: 100%;\" controls=\"controls\"><source type=\"audio\/mpeg\" src=\"https:\/\/www.radiopiu.net\/wordpress\/wp-content\/uploads\/2022\/02\/bottacin.mp3?_=1\" \/><a href=\"https:\/\/www.radiopiu.net\/wordpress\/wp-content\/uploads\/2022\/02\/bottacin.mp3\">https:\/\/www.radiopiu.net\/wordpress\/wp-content\/uploads\/2022\/02\/bottacin.mp3<\/a><\/audio>\n<p>&nbsp;<\/p>\n<blockquote>\n<h3>IL PRESIDENTE DELLA REGIONE, LUCA ZAIA<\/h3>\n<p><em>\u201cBuon compleanno alla Protezione Civile. Le donne e gli uomini di questa organizzazione di volontariato solidaristico spengono trenta candeline, che equivalgono a trent\u2019anni di impegno e lavoro per la prevenzione del territorio e il soccorso dei cittadini. Parliamo di persone che hanno scelto di mettersi a disposizione della cittadinanza nei momenti pi\u00f9 difficili rappresentati da catastrofi, quali terremoti o alluvioni. Una squadra al top: donne e uomini che, di fronte ad una emergenza, sono i primi ad arrivare e gli ultimi ad andarsene. Una squadra che, da quando \u00e8 stata organizzata e istituita formalmente a livello nazionale nel 1992, garantisce la sicurezza della gente, che \u00e8 consapevole che se e quando dovesse capitare qualcosa di brutto, non \u00e8 sola, ma trova tante mani pronte a dare una mano\u201d.\u00a0<\/em><\/p><\/blockquote>\n<p>&nbsp;<\/p>\n<p>***<\/p>\n<p>&nbsp;<\/p>\n","protected":false},"excerpt":{"rendered":"<p>VENEZIA Domani ricorre il trentesimo compleanno del Sistema di Protezione Civile, che venne istituito e regolamentato, come Servizio nazionale in Italia, il 24 febbraio con Legge 225 nel 1992. Prima di allora esistevano delle organizzazioni di protezione civile, costituite da semplici cittadini che si attivavano in forma spontanea, volontaria e solidaristica ogni qualvolta scoppiava, sul&hellip;<\/p>\n","protected":false},"author":4,"featured_media":261225,"comment_status":"closed","ping_status":"closed","sticky":false,"template":"","format":"standard","meta":{"_monsterinsights_skip_tracking":false,"_monsterinsights_sitenote_active":false,"_monsterinsights_sitenote_note":"","_monsterinsights_sitenote_category":0,"footnotes":""},"categories":[51,49],"tags":[],"class_list":["post-261222","post","type-post","status-publish","format-standard","has-post-thumbnail","hentry","category-evidenza-top","category-news-18","category-51","category-49","description-off"],"img_url":"https:\/\/www.radiopiu.net\/wordpress\/wp-content\/uploads\/2022\/02\/Ass-Bottacin-con-capo-Dipart-PC-Curcio-con-rappresentanza-volontari-a-Marghera-scaled.jpg","_links":{"self":[{"href":"https:\/\/www.radiopiu.net\/wordpress\/wp-json\/wp\/v2\/posts\/261222","targetHints":{"allow":["GET"]}}],"collection":[{"href":"https:\/\/www.radiopiu.net\/wordpress\/wp-json\/wp\/v2\/posts"}],"about":[{"href":"https:\/\/www.radiopiu.net\/wordpress\/wp-json\/wp\/v2\/types\/post"}],"author":[{"embeddable":true,"href":"https:\/\/www.radiopiu.net\/wordpress\/wp-json\/wp\/v2\/users\/4"}],"replies":[{"embeddable":true,"href":"https:\/\/www.radiopiu.net\/wordpress\/wp-json\/wp\/v2\/comments?post=261222"}],"version-history":[{"count":0,"href":"https:\/\/www.radiopiu.net\/wordpress\/wp-json\/wp\/v2\/posts\/261222\/revisions"}],"wp:featuredmedia":[{"embeddable":true,"href":"https:\/\/www.radiopiu.net\/wordpress\/wp-json\/wp\/v2\/media\/261225"}],"wp:attachment":[{"href":"https:\/\/www.radiopiu.net\/wordpress\/wp-json\/wp\/v2\/media?parent=261222"}],"wp:term":[{"taxonomy":"category","embeddable":true,"href":"https:\/\/www.radiopiu.net\/wordpress\/wp-json\/wp\/v2\/categories?post=261222"},{"taxonomy":"post_tag","embeddable":true,"href":"https:\/\/www.radiopiu.net\/wordpress\/wp-json\/wp\/v2\/tags?post=261222"}],"curies":[{"name":"wp","href":"https:\/\/api.w.org\/{rel}","templated":true}]}}