{"id":261255,"date":"2022-02-24T05:48:17","date_gmt":"2022-02-24T04:48:17","guid":{"rendered":"https:\/\/www.radiopiu.net\/wordpress\/?p=261255"},"modified":"2022-02-24T06:21:33","modified_gmt":"2022-02-24T05:21:33","slug":"atti-vandalici-a-borgo-pra-lega-una-parte-della-citta-da-rendere-ancor-piu-visibile","status":"publish","type":"post","link":"https:\/\/www.radiopiu.net\/wordpress\/atti-vandalici-a-borgo-pra-lega-una-parte-della-citta-da-rendere-ancor-piu-visibile\/","title":{"rendered":"ATTI VANDALICI A BORGO PRA, LEGA &#8220;UNA PARTE DELLA CITTA&#8217; DA RENDERE ANCOR PIU&#8217; VISIBILE&#8221;"},"content":{"rendered":"<p><strong><img loading=\"lazy\" decoding=\"async\" class=\"alignleft\" src=\"https:\/\/www.radiopiu.net\/wordpress\/wp-content\/uploads\/2022\/02\/image-2.webp\" width=\"279\" height=\"157\" \/>BELLUNO<\/strong> Auto danneggiate, caos nelle ore notturne e atti vandalici anche ai beni pubblici nell\u2019area delle scuole primarie, dove nella notte tra sabato e domenica scorse \u00e8 stata imbrattata la meridiana realizzata dai piccoli nel cortile. \u00c8 solo l\u2019ultimo gesto di una serie che vede il borgo sulla riva del Piave preso di mira da ragazzi e bande che cercano angoli bui e appartati per fare festa.\u00a0 Il tema e il problema sono sempre quelli della mancanza di controlli nelle ore notturne, degli agenti di polizia locale che di sera non sono in servizio. Per la sezione cittadina della Lega Nord \u00e8 necessario intervenire e reprimere questa ondata di violenza e di incivilt\u00e0 prima che tante zone della citt\u00e0 diventino aree di nessuno.<\/p>\n<p><strong>IL CONSIGLIERE COMUNALE MARZIO SOVILLA<\/strong><\/p>\n<audio class=\"wp-audio-shortcode\" id=\"audio-261255-1\" preload=\"none\" style=\"width: 100%;\" controls=\"controls\"><source type=\"audio\/mpeg\" src=\"https:\/\/www.radiopiu.net\/wordpress\/wp-content\/uploads\/2022\/02\/sovilla.mp3?_=1\" \/><a href=\"https:\/\/www.radiopiu.net\/wordpress\/wp-content\/uploads\/2022\/02\/sovilla.mp3\">https:\/\/www.radiopiu.net\/wordpress\/wp-content\/uploads\/2022\/02\/sovilla.mp3<\/a><\/audio>\n<p>&nbsp;<\/p>\n<p><strong>IL SEGRETARIO PAOLO LUCIANI<\/strong><\/p>\n<audio class=\"wp-audio-shortcode\" id=\"audio-261255-2\" preload=\"none\" style=\"width: 100%;\" controls=\"controls\"><source type=\"audio\/mpeg\" src=\"https:\/\/www.radiopiu.net\/wordpress\/wp-content\/uploads\/2022\/02\/Luciani-su-Borgo-Piave.mp3?_=2\" \/><a href=\"https:\/\/www.radiopiu.net\/wordpress\/wp-content\/uploads\/2022\/02\/Luciani-su-Borgo-Piave.mp3\">https:\/\/www.radiopiu.net\/wordpress\/wp-content\/uploads\/2022\/02\/Luciani-su-Borgo-Piave.mp3<\/a><\/audio>\n<p>&nbsp;<\/p>\n<p>***<\/p>\n","protected":false},"excerpt":{"rendered":"<p>BELLUNO Auto danneggiate, caos nelle ore notturne e atti vandalici anche ai beni pubblici nell\u2019area delle scuole primarie, dove nella notte tra sabato e domenica scorse \u00e8 stata imbrattata la meridiana realizzata dai piccoli nel cortile. \u00c8 solo l\u2019ultimo gesto di una serie che vede il borgo sulla riva del Piave preso di mira da&hellip;<\/p>\n","protected":false},"author":4,"featured_media":261260,"comment_status":"closed","ping_status":"closed","sticky":false,"template":"","format":"standard","meta":{"_monsterinsights_skip_tracking":false,"_monsterinsights_sitenote_active":false,"_monsterinsights_sitenote_note":"","_monsterinsights_sitenote_category":0,"footnotes":""},"categories":[51,49],"tags":[],"class_list":["post-261255","post","type-post","status-publish","format-standard","has-post-thumbnail","hentry","category-evidenza-top","category-news-18","category-51","category-49","description-off"],"img_url":"https:\/\/www.radiopiu.net\/wordpress\/wp-content\/uploads\/2022\/02\/image-2.webp","_links":{"self":[{"href":"https:\/\/www.radiopiu.net\/wordpress\/wp-json\/wp\/v2\/posts\/261255","targetHints":{"allow":["GET"]}}],"collection":[{"href":"https:\/\/www.radiopiu.net\/wordpress\/wp-json\/wp\/v2\/posts"}],"about":[{"href":"https:\/\/www.radiopiu.net\/wordpress\/wp-json\/wp\/v2\/types\/post"}],"author":[{"embeddable":true,"href":"https:\/\/www.radiopiu.net\/wordpress\/wp-json\/wp\/v2\/users\/4"}],"replies":[{"embeddable":true,"href":"https:\/\/www.radiopiu.net\/wordpress\/wp-json\/wp\/v2\/comments?post=261255"}],"version-history":[{"count":0,"href":"https:\/\/www.radiopiu.net\/wordpress\/wp-json\/wp\/v2\/posts\/261255\/revisions"}],"wp:featuredmedia":[{"embeddable":true,"href":"https:\/\/www.radiopiu.net\/wordpress\/wp-json\/wp\/v2\/media\/261260"}],"wp:attachment":[{"href":"https:\/\/www.radiopiu.net\/wordpress\/wp-json\/wp\/v2\/media?parent=261255"}],"wp:term":[{"taxonomy":"category","embeddable":true,"href":"https:\/\/www.radiopiu.net\/wordpress\/wp-json\/wp\/v2\/categories?post=261255"},{"taxonomy":"post_tag","embeddable":true,"href":"https:\/\/www.radiopiu.net\/wordpress\/wp-json\/wp\/v2\/tags?post=261255"}],"curies":[{"name":"wp","href":"https:\/\/api.w.org\/{rel}","templated":true}]}}