{"id":261287,"date":"2022-02-24T05:54:40","date_gmt":"2022-02-24T04:54:40","guid":{"rendered":"https:\/\/www.radiopiu.net\/wordpress\/?p=261287"},"modified":"2022-02-24T06:24:33","modified_gmt":"2022-02-24T05:24:33","slug":"dillo-a-radio-piu-gsp-si-e-dimenticata-delle-frazioni-di-canale-dagordo-senzacqua-potabile-da-due-settimane","status":"publish","type":"post","link":"https:\/\/www.radiopiu.net\/wordpress\/dillo-a-radio-piu-gsp-si-e-dimenticata-delle-frazioni-di-canale-dagordo-senzacqua-potabile-da-due-settimane\/","title":{"rendered":"DILLO A RADIO PIU&#8217;&#8230;. GSP SI E&#8217; DIMENTICATA DELLE FRAZIONI DI CANALE D&#8217;AGORDO SENZ&#8217;ACQUA POTABILE DA DUE SETTIMANE?"},"content":{"rendered":"<p><strong><img loading=\"lazy\" decoding=\"async\" class=\"alignleft\" src=\"https:\/\/www.radiopiu.net\/wordpress\/wp-content\/uploads\/2022\/01\/IMG-20220121-WA0004.jpg\" width=\"293\" height=\"164\" \/>CANALE D&#8217;AGORDO<\/strong> Venti giorni fa il primo comunicato &#8220;l&#8217;acqua non \u00e8 potabile&#8221;, quindi la notizia dei contenitori per l&#8217;acqua che sotto lo zero diventa ghiaccio. Riceviamo e volentieri pubblichiamo da Susy Dan (Falcade),\u00a0 aggiungendo che \u00e8 vero, Gsp non ha minimamente comunicato n\u00e8 le motivazione del disagio, n\u00e8 i tempi, n\u00e8 lo sconto che prevede per il totale disservizio perch\u00e9 purtroppo per il contribuente questo non \u00e8 previsto<\/p>\n<blockquote><p><em>Da ormai due settimane a Fregona e Pisoliva l\u2019acqua non \u00e8 potabile e non pu\u00f2 essere utilizzata per scopi alimentari. Certo, \u00e8 un problema che si ripropone con una certa frequenza, ma non per periodi cos\u00ec lunghi. Tuttavia agli utenti, che pure sono facilmente e puntualmente raggiunti dalle bollette, non \u00e8 pervenuta da GSP Gestione Servizi Pubblici , alcuna informazione n\u00e9 sull\u2019entit\u00e0 del problema n\u00e9 sui prevedibili tempi di ripristino del servizio. Contattata telefonicamente, la Societ\u00e0 ha confermato il perdurare della situazione e informato che, a Fregona e Pisoliva, un servizio di approvvigionamento sostitutivo \u00e8 assicurato da cisterne mobili. <\/em><em>Non resta che attendere fiduciosi, armati di secchi e di taniche, qualche novit\u00e0\u2026.<\/em><\/p>\n<p><em>Susy Dan<\/em><\/p><\/blockquote>\n<p>&nbsp;<\/p>\n<hr \/>\n<p>&nbsp;<\/p>\n","protected":false},"excerpt":{"rendered":"<p>CANALE D&#8217;AGORDO Venti giorni fa il primo comunicato &#8220;l&#8217;acqua non \u00e8 potabile&#8221;, quindi la notizia dei contenitori per l&#8217;acqua che sotto lo zero diventa ghiaccio. Riceviamo e volentieri pubblichiamo da Susy Dan (Falcade),\u00a0 aggiungendo che \u00e8 vero, Gsp non ha minimamente comunicato n\u00e8 le motivazione del disagio, n\u00e8 i tempi, n\u00e8 lo sconto che prevede&hellip;<\/p>\n","protected":false},"author":4,"featured_media":255378,"comment_status":"closed","ping_status":"closed","sticky":false,"template":"","format":"standard","meta":{"_monsterinsights_skip_tracking":false,"_monsterinsights_sitenote_active":false,"_monsterinsights_sitenote_note":"","_monsterinsights_sitenote_category":0,"footnotes":""},"categories":[51,49],"tags":[],"class_list":["post-261287","post","type-post","status-publish","format-standard","has-post-thumbnail","hentry","category-evidenza-top","category-news-18","category-51","category-49","description-off"],"img_url":"https:\/\/www.radiopiu.net\/wordpress\/wp-content\/uploads\/2022\/01\/IMG-20220121-WA0004.jpg","_links":{"self":[{"href":"https:\/\/www.radiopiu.net\/wordpress\/wp-json\/wp\/v2\/posts\/261287","targetHints":{"allow":["GET"]}}],"collection":[{"href":"https:\/\/www.radiopiu.net\/wordpress\/wp-json\/wp\/v2\/posts"}],"about":[{"href":"https:\/\/www.radiopiu.net\/wordpress\/wp-json\/wp\/v2\/types\/post"}],"author":[{"embeddable":true,"href":"https:\/\/www.radiopiu.net\/wordpress\/wp-json\/wp\/v2\/users\/4"}],"replies":[{"embeddable":true,"href":"https:\/\/www.radiopiu.net\/wordpress\/wp-json\/wp\/v2\/comments?post=261287"}],"version-history":[{"count":0,"href":"https:\/\/www.radiopiu.net\/wordpress\/wp-json\/wp\/v2\/posts\/261287\/revisions"}],"wp:featuredmedia":[{"embeddable":true,"href":"https:\/\/www.radiopiu.net\/wordpress\/wp-json\/wp\/v2\/media\/255378"}],"wp:attachment":[{"href":"https:\/\/www.radiopiu.net\/wordpress\/wp-json\/wp\/v2\/media?parent=261287"}],"wp:term":[{"taxonomy":"category","embeddable":true,"href":"https:\/\/www.radiopiu.net\/wordpress\/wp-json\/wp\/v2\/categories?post=261287"},{"taxonomy":"post_tag","embeddable":true,"href":"https:\/\/www.radiopiu.net\/wordpress\/wp-json\/wp\/v2\/tags?post=261287"}],"curies":[{"name":"wp","href":"https:\/\/api.w.org\/{rel}","templated":true}]}}