{"id":261290,"date":"2022-02-24T05:51:07","date_gmt":"2022-02-24T04:51:07","guid":{"rendered":"https:\/\/www.radiopiu.net\/wordpress\/?p=261290"},"modified":"2022-02-24T06:20:26","modified_gmt":"2022-02-24T05:20:26","slug":"venerdi-sciopero-del-trasporto-pubblico-locale-perche","status":"publish","type":"post","link":"https:\/\/www.radiopiu.net\/wordpress\/venerdi-sciopero-del-trasporto-pubblico-locale-perche\/","title":{"rendered":"VENERDI SCIOPERO DEL TRASPORTO PUBBLICO LOCALE. PERCHE&#8217;?"},"content":{"rendered":"<p><strong><img loading=\"lazy\" decoding=\"async\" class=\"alignleft\" src=\"https:\/\/www.radiopiu.net\/wordpress\/wp-content\/uploads\/2020\/06\/80c303ed-9a2e-49f0-8b20-3dd5e061bbf3.jpg\" width=\"245\" height=\"184\" \/>BELLUNO<\/strong> \u00c8 stato istituito per venerd\u00ec\u00a0 lo sciopero generale dei trasporti indetto dalle segreterie nazionali di Cgil Cisl e Uil. Lo sciopero \u00e8 di 24 ore ma DolomitiBus garantisce il servizio dalle 5:40 alle 8:09 e Dalle 12:10 alle 15:39.<em> &#8220;Lo sciopero &#8211; spiega in una nota Alessandra Fontana della Filt Cgil a nome delle organizzazioni sindacali &#8211;\u00a0 \u00e8 stato proclamato a livello nazionale per il rinnovo del contratto nazionale\u00a0 scaduto da oltre 4 anni. In Provincia per\u00f2 assume un significato, se possibile, ancora pi\u00f9 forte. Vogliamo ridare la voce ai tanti autisti che quotidianamente svolgono la propria attivit\u00e0 con condizioni lavorative sempre pi\u00f9 faticose e difficili. Vogliamo restituire al mittente le giustificazioni che addosserebbero alla mancanza di personale il taglio di corse o la perdita di servizi. Se i servizi e le corse saltano non \u00e8 colpa degli autisti, loro malgrado costretti a rinunciare ad una professione che hanno scelto e che hanno amato. Peccato che questa professione non sia pi\u00f9 remunerativa, con stipendi assolutamente inadeguati e non consenta pi\u00f9 alcuna vita privata, con turni e impegni insostenibili. E anche la passione pi\u00f9 sincera, l&#8217;amore per il proprio lavoro e la propria terra si spengono quando non vi \u00e8 pi\u00f9 alcun riconoscimento, non dalle aziende e nemmeno, spesso, dalla stessa utenza (si pensi ai casi di aggressioni e minaccia). I bilanci non tengono e non consentono alcun riconoscimento economico&#8221; ci viene spesso spiegato ai tavoli di trattativa. E&#8217; con piacere che scopriamo che Dolomiti Bus si colloca al 46esimo posto nella classifica delle aziende top in Provincia. Questo risultato, molto pi\u00f9 che di tenuta, \u00e8 merito dei lavoratori che, prima, durante e dopo la pandemia&#8221;. <\/em>In occasione dello sciopero i sindacalisti verranno\u00a0 ricevuti dal Presidente della Provincia e porteranno un\u00a0 documento con le ragioni dello sciopero, che\u00a0 riassume lo stato dei trasferimenti Statali alla Regione e da questa alle aziende e la necessit\u00e0 che la politica, a tutti i livelli, faccia la propria parte per risolvere questa lunga vertenza.<\/p>\n<p>&nbsp;<\/p>\n<p>***<\/p>\n","protected":false},"excerpt":{"rendered":"<p>BELLUNO \u00c8 stato istituito per venerd\u00ec\u00a0 lo sciopero generale dei trasporti indetto dalle segreterie nazionali di Cgil Cisl e Uil. Lo sciopero \u00e8 di 24 ore ma DolomitiBus garantisce il servizio dalle 5:40 alle 8:09 e Dalle 12:10 alle 15:39. &#8220;Lo sciopero &#8211; spiega in una nota Alessandra Fontana della Filt Cgil a nome delle&hellip;<\/p>\n","protected":false},"author":4,"featured_media":145520,"comment_status":"closed","ping_status":"closed","sticky":false,"template":"","format":"standard","meta":{"_monsterinsights_skip_tracking":false,"_monsterinsights_sitenote_active":false,"_monsterinsights_sitenote_note":"","_monsterinsights_sitenote_category":0,"footnotes":""},"categories":[51,49],"tags":[],"class_list":["post-261290","post","type-post","status-publish","format-standard","has-post-thumbnail","hentry","category-evidenza-top","category-news-18","category-51","category-49","description-off"],"img_url":"https:\/\/www.radiopiu.net\/wordpress\/wp-content\/uploads\/2020\/06\/80c303ed-9a2e-49f0-8b20-3dd5e061bbf3.jpg","_links":{"self":[{"href":"https:\/\/www.radiopiu.net\/wordpress\/wp-json\/wp\/v2\/posts\/261290","targetHints":{"allow":["GET"]}}],"collection":[{"href":"https:\/\/www.radiopiu.net\/wordpress\/wp-json\/wp\/v2\/posts"}],"about":[{"href":"https:\/\/www.radiopiu.net\/wordpress\/wp-json\/wp\/v2\/types\/post"}],"author":[{"embeddable":true,"href":"https:\/\/www.radiopiu.net\/wordpress\/wp-json\/wp\/v2\/users\/4"}],"replies":[{"embeddable":true,"href":"https:\/\/www.radiopiu.net\/wordpress\/wp-json\/wp\/v2\/comments?post=261290"}],"version-history":[{"count":0,"href":"https:\/\/www.radiopiu.net\/wordpress\/wp-json\/wp\/v2\/posts\/261290\/revisions"}],"wp:featuredmedia":[{"embeddable":true,"href":"https:\/\/www.radiopiu.net\/wordpress\/wp-json\/wp\/v2\/media\/145520"}],"wp:attachment":[{"href":"https:\/\/www.radiopiu.net\/wordpress\/wp-json\/wp\/v2\/media?parent=261290"}],"wp:term":[{"taxonomy":"category","embeddable":true,"href":"https:\/\/www.radiopiu.net\/wordpress\/wp-json\/wp\/v2\/categories?post=261290"},{"taxonomy":"post_tag","embeddable":true,"href":"https:\/\/www.radiopiu.net\/wordpress\/wp-json\/wp\/v2\/tags?post=261290"}],"curies":[{"name":"wp","href":"https:\/\/api.w.org\/{rel}","templated":true}]}}