{"id":261306,"date":"2022-02-24T05:50:45","date_gmt":"2022-02-24T04:50:45","guid":{"rendered":"https:\/\/www.radiopiu.net\/wordpress\/?p=261306"},"modified":"2022-02-24T06:20:49","modified_gmt":"2022-02-24T05:20:49","slug":"luxottica-due-giornate-di-stop-venerdi-15-aprile-e-venerdi-3-giugno","status":"publish","type":"post","link":"https:\/\/www.radiopiu.net\/wordpress\/luxottica-due-giornate-di-stop-venerdi-15-aprile-e-venerdi-3-giugno\/","title":{"rendered":"LUXOTTICA: DUE GIORNATE DI STOP VENERDI 15 APRILE E VENERDI 3 GIUGNO"},"content":{"rendered":"<blockquote>\n<h3><\/h3>\n<\/blockquote>\n<p><strong><a class=\"dt-pswp-item\" href=\"https:\/\/www.radiopiu.net\/wordpress\/wp-content\/uploads\/2021\/12\/LUXOTTICA-FRAMONT.jpg\" data-dt-img-description=\"\" data-large_image_width=\"2048\" data-large_image_height=\"1536\"><img loading=\"lazy\" decoding=\"async\" class=\"wp-image-246066 alignleft\" src=\"https:\/\/www.radiopiu.net\/wordpress\/wp-content\/uploads\/2021\/12\/LUXOTTICA-FRAMONT-300x225.jpg\" alt=\"\" width=\"147\" height=\"110\" srcset=\"https:\/\/www.radiopiu.net\/wordpress\/wp-content\/uploads\/2021\/12\/LUXOTTICA-FRAMONT-300x225.jpg 300w, https:\/\/www.radiopiu.net\/wordpress\/wp-content\/uploads\/2021\/12\/LUXOTTICA-FRAMONT-1024x768.jpg 1024w, https:\/\/www.radiopiu.net\/wordpress\/wp-content\/uploads\/2021\/12\/LUXOTTICA-FRAMONT-768x576.jpg 768w, https:\/\/www.radiopiu.net\/wordpress\/wp-content\/uploads\/2021\/12\/LUXOTTICA-FRAMONT-1536x1152.jpg 1536w, https:\/\/www.radiopiu.net\/wordpress\/wp-content\/uploads\/2021\/12\/LUXOTTICA-FRAMONT.jpg 2048w\" sizes=\"auto, (max-width: 147px) 100vw, 147px\" \/><\/a>AGORDO<\/strong> Oggi Rsu e Azienda si sono incontrate per calendarizzare un recupero parziale della flessibilit\u00e0 positiva effettuata da settembre in poi. Le giornate di chiusura previste saranno &#8211; venerd\u00ec 15 aprile e venerd\u00ec 3 giugno.\u00a0 Per omogeneit\u00e0, e fatti salvi gli enti strettamente necessari che dovranno garantire continuit\u00e0 del servizio, anche gli uffici si fermeranno nelle suddette giornate. Per gli impiegati, chiaramente, mancando la flessibilit\u00e0, verranno utilizzati istituti individuali (nell\u2019ordine ferie arretrate, FIT, Pir e banca ore).<\/p>\n<p>&nbsp;<\/p>\n<p>&nbsp;<\/p>\n<p>**<\/p>\n","protected":false},"excerpt":{"rendered":"<p>AGORDO Oggi Rsu e Azienda si sono incontrate per calendarizzare un recupero parziale della flessibilit\u00e0 positiva effettuata da settembre in poi. Le giornate di chiusura previste saranno &#8211; venerd\u00ec 15 aprile e venerd\u00ec 3 giugno.\u00a0 Per omogeneit\u00e0, e fatti salvi gli enti strettamente necessari che dovranno garantire continuit\u00e0 del servizio, anche gli uffici si fermeranno&hellip;<\/p>\n","protected":false},"author":4,"featured_media":237170,"comment_status":"closed","ping_status":"closed","sticky":false,"template":"","format":"standard","meta":{"_monsterinsights_skip_tracking":false,"_monsterinsights_sitenote_active":false,"_monsterinsights_sitenote_note":"","_monsterinsights_sitenote_category":0,"footnotes":""},"categories":[104,49],"tags":[],"class_list":["post-261306","post","type-post","status-publish","format-standard","has-post-thumbnail","hentry","category-evidenza_3","category-news-18","category-104","category-49","description-off"],"img_url":"https:\/\/www.radiopiu.net\/wordpress\/wp-content\/uploads\/2021\/10\/d9aec963-3a78-43c3-b8cb-9d7cb5a0fde9.jpg","_links":{"self":[{"href":"https:\/\/www.radiopiu.net\/wordpress\/wp-json\/wp\/v2\/posts\/261306","targetHints":{"allow":["GET"]}}],"collection":[{"href":"https:\/\/www.radiopiu.net\/wordpress\/wp-json\/wp\/v2\/posts"}],"about":[{"href":"https:\/\/www.radiopiu.net\/wordpress\/wp-json\/wp\/v2\/types\/post"}],"author":[{"embeddable":true,"href":"https:\/\/www.radiopiu.net\/wordpress\/wp-json\/wp\/v2\/users\/4"}],"replies":[{"embeddable":true,"href":"https:\/\/www.radiopiu.net\/wordpress\/wp-json\/wp\/v2\/comments?post=261306"}],"version-history":[{"count":0,"href":"https:\/\/www.radiopiu.net\/wordpress\/wp-json\/wp\/v2\/posts\/261306\/revisions"}],"wp:featuredmedia":[{"embeddable":true,"href":"https:\/\/www.radiopiu.net\/wordpress\/wp-json\/wp\/v2\/media\/237170"}],"wp:attachment":[{"href":"https:\/\/www.radiopiu.net\/wordpress\/wp-json\/wp\/v2\/media?parent=261306"}],"wp:term":[{"taxonomy":"category","embeddable":true,"href":"https:\/\/www.radiopiu.net\/wordpress\/wp-json\/wp\/v2\/categories?post=261306"},{"taxonomy":"post_tag","embeddable":true,"href":"https:\/\/www.radiopiu.net\/wordpress\/wp-json\/wp\/v2\/tags?post=261306"}],"curies":[{"name":"wp","href":"https:\/\/api.w.org\/{rel}","templated":true}]}}