{"id":261477,"date":"2022-02-25T06:12:53","date_gmt":"2022-02-25T05:12:53","guid":{"rendered":"https:\/\/www.radiopiu.net\/wordpress\/?p=261477"},"modified":"2022-02-25T08:40:03","modified_gmt":"2022-02-25T07:40:03","slug":"nel-sempre-piu-inclusivo-comprensorio-del-civetta-il-dono-di-deborah-compagnoni","status":"publish","type":"post","link":"https:\/\/www.radiopiu.net\/wordpress\/nel-sempre-piu-inclusivo-comprensorio-del-civetta-il-dono-di-deborah-compagnoni\/","title":{"rendered":"NEL SEMPRE PIU&#8217; INCLUSIVO COMPRENSORIO DEL CIVETTA IL DONO DI DEBORAH COMPAGNONI\u00a0"},"content":{"rendered":"<blockquote>\n<h3><\/h3>\n<p><em>La consegna delle carrozzine \u00e8 avvenuta con una semplice cerimonia all&#8217;interno del rifugio Grande Baita Civetta, ospiti del gestore Luca De Zordo. Alla giornata inclusiva ha partecipato anche Kristian Ghedina<\/em><\/p><\/blockquote>\n<p><strong><em><a class=\"dt-pswp-item\" href=\"https:\/\/www.radiopiu.net\/wordpress\/wp-content\/uploads\/2022\/02\/ce543c5b-c62d-4382-afe3-8517c7a77c62.jpg\" data-dt-img-description=\"\" data-large_image_width=\"1080\" data-large_image_height=\"1920\"><img loading=\"lazy\" decoding=\"async\" class=\" wp-image-261476 alignleft\" src=\"https:\/\/www.radiopiu.net\/wordpress\/wp-content\/uploads\/2022\/02\/ce543c5b-c62d-4382-afe3-8517c7a77c62-169x300.jpg\" alt=\"\" width=\"130\" height=\"231\" srcset=\"https:\/\/www.radiopiu.net\/wordpress\/wp-content\/uploads\/2022\/02\/ce543c5b-c62d-4382-afe3-8517c7a77c62-169x300.jpg 169w, https:\/\/www.radiopiu.net\/wordpress\/wp-content\/uploads\/2022\/02\/ce543c5b-c62d-4382-afe3-8517c7a77c62-576x1024.jpg 576w, https:\/\/www.radiopiu.net\/wordpress\/wp-content\/uploads\/2022\/02\/ce543c5b-c62d-4382-afe3-8517c7a77c62-768x1365.jpg 768w, https:\/\/www.radiopiu.net\/wordpress\/wp-content\/uploads\/2022\/02\/ce543c5b-c62d-4382-afe3-8517c7a77c62-864x1536.jpg 864w, https:\/\/www.radiopiu.net\/wordpress\/wp-content\/uploads\/2022\/02\/ce543c5b-c62d-4382-afe3-8517c7a77c62.jpg 1080w\" sizes=\"auto, (max-width: 130px) 100vw, 130px\" \/><\/a><\/em><\/strong><\/p>\n<p><strong>ALLEGHE<\/strong> Deborah Compagnoni e l&#8217;associazione trevigiana &#8220;Camminare per la vita&#8221; (di cui \u00e8 presidente) ha scelto i Piani di Pezz\u00e9 per la consegna di cinque carrozzine per disabili, una per ogni rifugio nell&#8217;area. Il progetto &#8220;Insieme ovunque&#8221; : hanno aderito i rifugio Grande Baita Civetta, lo chalet Col dei Baldi, il rifugio Pian de Crep, il rifugio Su&#8217;n Paradis ed il rifugio Palafavera. Ognuno dei cinque gestori ha preso in consegna una carrozzina per disabili e una targhetta per la porta d&#8217;ingresso, che le qualifica come struttura attrezzata. <em>\u00abSin dalla prima edizione di &#8220;Camminare per la vita&#8221; abbiamo individuato tracciati da percorrere insieme che fossero liberamente fruibili da chiunque, dalla persona portatrice di handicap a quella temporaneamente deficitaria nel movimento, alla mamma con il passeggino ed alla persona anziana\u00bb, ha spiegato Deborah Compagnoni, \u00abla libera accessibilit\u00e0 di ogni luogo rappresenta una priorit\u00e0 per noi di &#8220;Camminare per la vita&#8221;<\/em>\u00a0 \u00a0che nell&#8217;occasione ha sciato insieme ad allievi e mastri della associazioni &#8220;Brainpower&#8221; e &#8220;Scie di passione&#8221;.\u00ab\u00c8 bello vedere che persone come Deborah, che hanno reso grande il nostro Paese con lo sport, si prodigano assieme ai tanti volontari delle associazioni che sostengono per rendere pi\u00f9 agevole la vita di atleti con difficolt\u00e0. Questo \u00e8 il valore della solidariet\u00e0\u00bb, ha detto il campione ampezzano.L&#8217;associazione &#8220;Camminare per la vita&#8221; organizza eventi benefici dal 2017. Cinque anni in cui sono stati raccolti 180mila euro, destinati principalmente a progetti di cura e ricerca in ambito pediatrico. Tra le attivit\u00e0 figura anche l&#8217;accessibilit\u00e0, promossa attraverso il progetto denominato &#8220;Insieme ovunque&#8221;.<\/p>\n<p>&nbsp;<\/p>\n<p><strong>\u00a0<\/strong><\/p>\n<p>&nbsp;<\/p>\n<p>**<\/p>\n","protected":false},"excerpt":{"rendered":"<p>La consegna delle carrozzine \u00e8 avvenuta con una semplice cerimonia all&#8217;interno del rifugio Grande Baita Civetta, ospiti del gestore Luca De Zordo. Alla giornata inclusiva ha partecipato anche Kristian Ghedina ALLEGHE Deborah Compagnoni e l&#8217;associazione trevigiana &#8220;Camminare per la vita&#8221; (di cui \u00e8 presidente) ha scelto i Piani di Pezz\u00e9 per la consegna di cinque&hellip;<\/p>\n","protected":false},"author":4,"featured_media":261476,"comment_status":"closed","ping_status":"closed","sticky":false,"template":"","format":"standard","meta":{"_monsterinsights_skip_tracking":false,"_monsterinsights_sitenote_active":false,"_monsterinsights_sitenote_note":"","_monsterinsights_sitenote_category":0,"footnotes":""},"categories":[51,49],"tags":[],"class_list":["post-261477","post","type-post","status-publish","format-standard","has-post-thumbnail","hentry","category-evidenza-top","category-news-18","category-51","category-49","description-off"],"img_url":"https:\/\/www.radiopiu.net\/wordpress\/wp-content\/uploads\/2022\/02\/ce543c5b-c62d-4382-afe3-8517c7a77c62.jpg","_links":{"self":[{"href":"https:\/\/www.radiopiu.net\/wordpress\/wp-json\/wp\/v2\/posts\/261477","targetHints":{"allow":["GET"]}}],"collection":[{"href":"https:\/\/www.radiopiu.net\/wordpress\/wp-json\/wp\/v2\/posts"}],"about":[{"href":"https:\/\/www.radiopiu.net\/wordpress\/wp-json\/wp\/v2\/types\/post"}],"author":[{"embeddable":true,"href":"https:\/\/www.radiopiu.net\/wordpress\/wp-json\/wp\/v2\/users\/4"}],"replies":[{"embeddable":true,"href":"https:\/\/www.radiopiu.net\/wordpress\/wp-json\/wp\/v2\/comments?post=261477"}],"version-history":[{"count":0,"href":"https:\/\/www.radiopiu.net\/wordpress\/wp-json\/wp\/v2\/posts\/261477\/revisions"}],"wp:featuredmedia":[{"embeddable":true,"href":"https:\/\/www.radiopiu.net\/wordpress\/wp-json\/wp\/v2\/media\/261476"}],"wp:attachment":[{"href":"https:\/\/www.radiopiu.net\/wordpress\/wp-json\/wp\/v2\/media?parent=261477"}],"wp:term":[{"taxonomy":"category","embeddable":true,"href":"https:\/\/www.radiopiu.net\/wordpress\/wp-json\/wp\/v2\/categories?post=261477"},{"taxonomy":"post_tag","embeddable":true,"href":"https:\/\/www.radiopiu.net\/wordpress\/wp-json\/wp\/v2\/tags?post=261477"}],"curies":[{"name":"wp","href":"https:\/\/api.w.org\/{rel}","templated":true}]}}