{"id":261501,"date":"2022-02-25T07:16:27","date_gmt":"2022-02-25T06:16:27","guid":{"rendered":"https:\/\/www.radiopiu.net\/wordpress\/?p=261501"},"modified":"2022-02-25T10:59:58","modified_gmt":"2022-02-25T09:59:58","slug":"guerraandera","status":"publish","type":"post","link":"https:\/\/www.radiopiu.net\/wordpress\/guerraandera\/","title":{"rendered":"GUERRA!  QUALUNQUE SIA LA SUA PROVENIENZA IL DENARO E&#8217; SEMPRE IL DENARO"},"content":{"rendered":"<p><strong>DILLO A RADIO PIU<\/strong><\/p>\n<p>di ANDREA AMICO<\/p>\n<p><a class=\"dt-pswp-item\" href=\"https:\/\/www.radiopiu.net\/wordpress\/wp-content\/uploads\/2022\/02\/274583039_500070041699855_6647906325322124345_n.jpg\" data-dt-img-description=\"\" data-large_image_width=\"640\" data-large_image_height=\"360\"><img loading=\"lazy\" decoding=\"async\" class=\" wp-image-261502 alignleft\" src=\"https:\/\/www.radiopiu.net\/wordpress\/wp-content\/uploads\/2022\/02\/274583039_500070041699855_6647906325322124345_n-300x169.jpg\" alt=\"\" width=\"277\" height=\"156\" srcset=\"https:\/\/www.radiopiu.net\/wordpress\/wp-content\/uploads\/2022\/02\/274583039_500070041699855_6647906325322124345_n-300x169.jpg 300w, https:\/\/www.radiopiu.net\/wordpress\/wp-content\/uploads\/2022\/02\/274583039_500070041699855_6647906325322124345_n.jpg 640w\" sizes=\"auto, (max-width: 277px) 100vw, 277px\" \/><\/a><em>La sensazione ogni santa volta \u00e8 quella di una grande tragedia, ansia, agitazione e poi? Nel 1990 in Italia il Tg4 mostrava le &#8220;immagini verdi&#8221; notturne dei bombardamenti della guerra del Golfo. Poi qui in Friuli abbiamo avuto a fianco la guerra in Jugoslavia nel 1991, i profughi, le immagini alla tv e adesso sembra cos\u00ec lontana nel tempo, per noi. Nel 1998 anche in Kosovo che rispetto all&#8217;Ucraina \u00e8 pi\u00f9 vicino e ce lo siamo praticamente dimenticato. Per decenni l&#8217;Europa ha vissuto con una Germania divisa tra due grandi potenze militari, in Friuli in particolare avevamo il confine est, oltre di esso un dittatore, dal nostro lato caserme e installazioni militari, tutto pronto per resistere qualche giorno ad un eventuale invasione della Russia e dei suoi alleati, con lo spettro della guerra atomica. Avevamo paura noi del dittatore durante la guerra fredda perch\u00e9 non ci conveniva ricordare che eravamo stati fascisti e nel 1941 li abbiamo invasi e massacrati, alla fine per\u00f2 la guerra l&#8217;abbiamo persa e abbiamo venduto l&#8217;anima agli Stati Uniti per salvarci&#8230;, abbiamo girato l&#8217;armadio della vergogna, abbiamo dimenticato le foibe, pari e patta e palla al centro, poi quale sia il centro&#8230; Ed ogni volta, come l&#8217;11 settembre 2001 sembra la fine del mondo, lo stravolgimento assoluto dell&#8217;ordine mondiale, invece \u00e8 solo una guerra che inizia e finisce, anche quando \u00e8 mondiale, pecunia non olet.<\/em><\/p>\n<p>&nbsp;<\/p>\n<p>***<\/p>\n","protected":false},"excerpt":{"rendered":"<p>DILLO A RADIO PIU di ANDREA AMICO La sensazione ogni santa volta \u00e8 quella di una grande tragedia, ansia, agitazione e poi? Nel 1990 in Italia il Tg4 mostrava le &#8220;immagini verdi&#8221; notturne dei bombardamenti della guerra del Golfo. Poi qui in Friuli abbiamo avuto a fianco la guerra in Jugoslavia nel 1991, i profughi,&hellip;<\/p>\n","protected":false},"author":4,"featured_media":261502,"comment_status":"closed","ping_status":"closed","sticky":false,"template":"","format":"standard","meta":{"_monsterinsights_skip_tracking":false,"_monsterinsights_sitenote_active":false,"_monsterinsights_sitenote_note":"","_monsterinsights_sitenote_category":0,"footnotes":""},"categories":[51,49],"tags":[],"class_list":["post-261501","post","type-post","status-publish","format-standard","has-post-thumbnail","hentry","category-evidenza-top","category-news-18","category-51","category-49","description-off"],"img_url":"https:\/\/www.radiopiu.net\/wordpress\/wp-content\/uploads\/2022\/02\/274583039_500070041699855_6647906325322124345_n.jpg","_links":{"self":[{"href":"https:\/\/www.radiopiu.net\/wordpress\/wp-json\/wp\/v2\/posts\/261501","targetHints":{"allow":["GET"]}}],"collection":[{"href":"https:\/\/www.radiopiu.net\/wordpress\/wp-json\/wp\/v2\/posts"}],"about":[{"href":"https:\/\/www.radiopiu.net\/wordpress\/wp-json\/wp\/v2\/types\/post"}],"author":[{"embeddable":true,"href":"https:\/\/www.radiopiu.net\/wordpress\/wp-json\/wp\/v2\/users\/4"}],"replies":[{"embeddable":true,"href":"https:\/\/www.radiopiu.net\/wordpress\/wp-json\/wp\/v2\/comments?post=261501"}],"version-history":[{"count":0,"href":"https:\/\/www.radiopiu.net\/wordpress\/wp-json\/wp\/v2\/posts\/261501\/revisions"}],"wp:featuredmedia":[{"embeddable":true,"href":"https:\/\/www.radiopiu.net\/wordpress\/wp-json\/wp\/v2\/media\/261502"}],"wp:attachment":[{"href":"https:\/\/www.radiopiu.net\/wordpress\/wp-json\/wp\/v2\/media?parent=261501"}],"wp:term":[{"taxonomy":"category","embeddable":true,"href":"https:\/\/www.radiopiu.net\/wordpress\/wp-json\/wp\/v2\/categories?post=261501"},{"taxonomy":"post_tag","embeddable":true,"href":"https:\/\/www.radiopiu.net\/wordpress\/wp-json\/wp\/v2\/tags?post=261501"}],"curies":[{"name":"wp","href":"https:\/\/api.w.org\/{rel}","templated":true}]}}