{"id":261570,"date":"2022-02-25T14:40:51","date_gmt":"2022-02-25T13:40:51","guid":{"rendered":"https:\/\/www.radiopiu.net\/wordpress\/?p=261570"},"modified":"2022-02-25T14:40:51","modified_gmt":"2022-02-25T13:40:51","slug":"inaugurato-il-rinnovato-iat-di-piazza-duomo","status":"publish","type":"post","link":"https:\/\/www.radiopiu.net\/wordpress\/inaugurato-il-rinnovato-iat-di-piazza-duomo\/","title":{"rendered":"INAUGURATO IL RINNOVATO IAT DI PIAZZA DUOMO"},"content":{"rendered":"<blockquote>\n<h3><\/h3>\n<\/blockquote>\n<p><a class=\"dt-pswp-item\" href=\"https:\/\/www.radiopiu.net\/wordpress\/wp-content\/uploads\/2022\/02\/Taglio-nastro-IAT-1.jpeg\" data-dt-img-description=\"\" data-large_image_width=\"1563\" data-large_image_height=\"956\"><img loading=\"lazy\" decoding=\"async\" class=\" wp-image-261569 alignleft\" src=\"https:\/\/www.radiopiu.net\/wordpress\/wp-content\/uploads\/2022\/02\/Taglio-nastro-IAT-1-300x183.jpeg\" alt=\"\" width=\"259\" height=\"158\" srcset=\"https:\/\/www.radiopiu.net\/wordpress\/wp-content\/uploads\/2022\/02\/Taglio-nastro-IAT-1-300x183.jpeg 300w, https:\/\/www.radiopiu.net\/wordpress\/wp-content\/uploads\/2022\/02\/Taglio-nastro-IAT-1-1024x626.jpeg 1024w, https:\/\/www.radiopiu.net\/wordpress\/wp-content\/uploads\/2022\/02\/Taglio-nastro-IAT-1-768x470.jpeg 768w, https:\/\/www.radiopiu.net\/wordpress\/wp-content\/uploads\/2022\/02\/Taglio-nastro-IAT-1-1536x939.jpeg 1536w, https:\/\/www.radiopiu.net\/wordpress\/wp-content\/uploads\/2022\/02\/Taglio-nastro-IAT-1.jpeg 1563w\" sizes=\"auto, (max-width: 259px) 100vw, 259px\" \/><\/a><strong>BELLUNO<\/strong> Taglio del nastro ieri\u00a0 mattina per il rinnovato ufficio turistico di Piazza Duomo, alla presenza dell&#8217;assessora al turismo del Comune di Belluno Yuki d&#8217;Emilia, dell&#8217;assessore regionale al turismo Federico Caner e del Presidente della Provincia di Belluno Roberto Padrin. I locali sono stati interessati da profondi lavori di risistemazione degli interni, realizzati grazie al contributo di 30mila euro arrivato dalla Regione Veneto tramite il progetto \u201cLe porte dell&#8217;accoglienza\u201d dedicato proprio al restyling sotto un&#8217;identit\u00e0 comune di tutti gli uffici turistici dei capoluoghi regionali. Per lo IAT del capoluogo, questo sar\u00e0 un passo verso il futuro: \u00abAbbiamo anche installato un maxi-schermo collegato ad Internet dove scorreranno immagini del nostro territorio, ma anche gli eventi e gli appuntamenti in zona. \u00c8 visibile anche durante gli orari di chiusura, cos\u00ec da garantire un servizio ancora pi\u00f9 completo\u00bb, dice l&#8217;assessora d&#8217;Emilia. L&#8217;ufficio turistico osserver\u00e0 i seguenti orari di apertura: luned\u00ec, sabato e domenica dalle 10 alle 13 e dalle 14 alle 17; marted\u00ec, gioved\u00ec e venerd\u00ec dalle 10 alle 13; mercoled\u00ec chiuso.<\/p>\n","protected":false},"excerpt":{"rendered":"<p>BELLUNO Taglio del nastro ieri\u00a0 mattina per il rinnovato ufficio turistico di Piazza Duomo, alla presenza dell&#8217;assessora al turismo del Comune di Belluno Yuki d&#8217;Emilia, dell&#8217;assessore regionale al turismo Federico Caner e del Presidente della Provincia di Belluno Roberto Padrin. I locali sono stati interessati da profondi lavori di risistemazione degli interni, realizzati grazie al&hellip;<\/p>\n","protected":false},"author":4,"featured_media":261569,"comment_status":"closed","ping_status":"closed","sticky":false,"template":"","format":"standard","meta":{"_monsterinsights_skip_tracking":false,"_monsterinsights_sitenote_active":false,"_monsterinsights_sitenote_note":"","_monsterinsights_sitenote_category":0,"footnotes":""},"categories":[49],"tags":[],"class_list":["post-261570","post","type-post","status-publish","format-standard","has-post-thumbnail","hentry","category-news-18","category-49","description-off"],"img_url":"https:\/\/www.radiopiu.net\/wordpress\/wp-content\/uploads\/2022\/02\/Taglio-nastro-IAT-1.jpeg","_links":{"self":[{"href":"https:\/\/www.radiopiu.net\/wordpress\/wp-json\/wp\/v2\/posts\/261570","targetHints":{"allow":["GET"]}}],"collection":[{"href":"https:\/\/www.radiopiu.net\/wordpress\/wp-json\/wp\/v2\/posts"}],"about":[{"href":"https:\/\/www.radiopiu.net\/wordpress\/wp-json\/wp\/v2\/types\/post"}],"author":[{"embeddable":true,"href":"https:\/\/www.radiopiu.net\/wordpress\/wp-json\/wp\/v2\/users\/4"}],"replies":[{"embeddable":true,"href":"https:\/\/www.radiopiu.net\/wordpress\/wp-json\/wp\/v2\/comments?post=261570"}],"version-history":[{"count":0,"href":"https:\/\/www.radiopiu.net\/wordpress\/wp-json\/wp\/v2\/posts\/261570\/revisions"}],"wp:featuredmedia":[{"embeddable":true,"href":"https:\/\/www.radiopiu.net\/wordpress\/wp-json\/wp\/v2\/media\/261569"}],"wp:attachment":[{"href":"https:\/\/www.radiopiu.net\/wordpress\/wp-json\/wp\/v2\/media?parent=261570"}],"wp:term":[{"taxonomy":"category","embeddable":true,"href":"https:\/\/www.radiopiu.net\/wordpress\/wp-json\/wp\/v2\/categories?post=261570"},{"taxonomy":"post_tag","embeddable":true,"href":"https:\/\/www.radiopiu.net\/wordpress\/wp-json\/wp\/v2\/tags?post=261570"}],"curies":[{"name":"wp","href":"https:\/\/api.w.org\/{rel}","templated":true}]}}