{"id":261739,"date":"2022-02-28T05:41:37","date_gmt":"2022-02-28T04:41:37","guid":{"rendered":"https:\/\/www.radiopiu.net\/wordpress\/?p=261739"},"modified":"2022-02-28T09:27:24","modified_gmt":"2022-02-28T08:27:24","slug":"giornale-radiopiu-28-febbraio-2022-direttore-mirko-mezzacasa","status":"publish","type":"post","link":"https:\/\/www.radiopiu.net\/wordpress\/giornale-radiopiu-28-febbraio-2022-direttore-mirko-mezzacasa\/","title":{"rendered":"GIORNALE RADIOPIU 28 FEBBRAIO 2022 DIRETTORE MIRKO MEZZACASA"},"content":{"rendered":"<h3 class=\"kvgmc6g5 cxmmr5t8 oygrvhab hcukyx3x c1et5uql\"><span style=\"color: #0000ff;\"><strong>INFORMAZIONE il canale su TELEGRAM informazione di prima mano e in tempo reale. iscriviti ed aiutaci a farlo conoscere\u00a0 \u00a0<\/strong><\/span><\/h3>\n<p>&nbsp;<\/p>\n<div class=\"page-title-head hgroup\">\n<blockquote>\n<h3 class=\"entry-title\">INCENDIO DI UNA CANNA FUMARIA A TOCCOL DI AGORDO<\/h3>\n<\/blockquote>\n<\/div>\n<div class=\"page-title-breadcrumbs\"><\/div>\n<p><strong><a class=\"dt-pswp-item\" href=\"https:\/\/www.radiopiu.net\/wordpress\/wp-content\/uploads\/2020\/05\/VIGILI-DEL-FUOCO-LOGO.png\" data-dt-img-description=\"\" data-large_image_width=\"1200\" data-large_image_height=\"1200\"><img loading=\"lazy\" decoding=\"async\" class=\" wp-image-138743 alignleft\" src=\"https:\/\/www.radiopiu.net\/wordpress\/wp-content\/uploads\/2020\/05\/VIGILI-DEL-FUOCO-LOGO-300x300.png\" alt=\"\" width=\"98\" height=\"98\" srcset=\"https:\/\/www.radiopiu.net\/wordpress\/wp-content\/uploads\/2020\/05\/VIGILI-DEL-FUOCO-LOGO-300x300.png 300w, https:\/\/www.radiopiu.net\/wordpress\/wp-content\/uploads\/2020\/05\/VIGILI-DEL-FUOCO-LOGO-1024x1024.png 1024w, https:\/\/www.radiopiu.net\/wordpress\/wp-content\/uploads\/2020\/05\/VIGILI-DEL-FUOCO-LOGO-150x150.png 150w, https:\/\/www.radiopiu.net\/wordpress\/wp-content\/uploads\/2020\/05\/VIGILI-DEL-FUOCO-LOGO-768x768.png 768w, https:\/\/www.radiopiu.net\/wordpress\/wp-content\/uploads\/2020\/05\/VIGILI-DEL-FUOCO-LOGO.png 1200w\" sizes=\"auto, (max-width: 98px) 100vw, 98px\" \/><\/a> <\/strong><\/p>\n<p><strong>AGORDO<\/strong> I Vigili del Fuoco di Agordo sono intervenuti ieri sera alle 22 nella frazione di Toccol per un incendio ad una canna fumaria. I pompieri hanno provveduto allo spegnimento, la pulizia e il controllo della stessa. Sul posto APS e autoscala. L&#8217;intervento \u00e8 durato circa due ore. Non si sono registrati danni o feriti.<\/p>\n<p>&nbsp;<\/p>\n<p>&nbsp;<\/p>\n<hr \/>\n<p>&nbsp;<\/p>\n<blockquote><p><em><span class=\"intro\">E&#8217; auspicabile che qualche associazione dei consumatori si faccia avanti e chieda a Gsp di regolare la fatturazione tenendo conto che da quasi un mese l&#8217;acqua in casa \u00e8 un lusso per chi abita le frazioni nel Comune di Canale d&#8217;Agordo.<\/span><\/em><\/p><\/blockquote>\n<p><strong>\u00a0SE IL SITO DA ANCORA LA NOTIZIA DI ACQUA INQUINATA I PALI DELLA LUCE DELLE FRAZIONI RACCONTANO ALTRO&#8230;.<\/strong><\/p>\n<p><a class=\"dt-pswp-item\" href=\"https:\/\/www.radiopiu.net\/wordpress\/wp-content\/uploads\/2022\/02\/373aa05a-2ee3-4745-85f2-30297d31d303.jpg\" data-dt-img-description=\"\" data-large_image_width=\"899\" data-large_image_height=\"1599\"><img loading=\"lazy\" decoding=\"async\" class=\"wp-image-262029 aligncenter\" src=\"https:\/\/www.radiopiu.net\/wordpress\/wp-content\/uploads\/2022\/02\/373aa05a-2ee3-4745-85f2-30297d31d303-169x300.jpg\" alt=\"\" width=\"271\" height=\"481\" srcset=\"https:\/\/www.radiopiu.net\/wordpress\/wp-content\/uploads\/2022\/02\/373aa05a-2ee3-4745-85f2-30297d31d303-169x300.jpg 169w, https:\/\/www.radiopiu.net\/wordpress\/wp-content\/uploads\/2022\/02\/373aa05a-2ee3-4745-85f2-30297d31d303-576x1024.jpg 576w, https:\/\/www.radiopiu.net\/wordpress\/wp-content\/uploads\/2022\/02\/373aa05a-2ee3-4745-85f2-30297d31d303-768x1366.jpg 768w, https:\/\/www.radiopiu.net\/wordpress\/wp-content\/uploads\/2022\/02\/373aa05a-2ee3-4745-85f2-30297d31d303-864x1536.jpg 864w, https:\/\/www.radiopiu.net\/wordpress\/wp-content\/uploads\/2022\/02\/373aa05a-2ee3-4745-85f2-30297d31d303.jpg 899w\" sizes=\"auto, (max-width: 271px) 100vw, 271px\" \/><\/a><\/p>\n<p>&nbsp;<\/p>\n<hr \/>\n<p>&nbsp;<\/p>\n<blockquote>\n<h3>SCONTRO DAVANTI ALLA COFILOK, UN FERITO<\/h3>\n<\/blockquote>\n<p><strong>REDAZIONE<\/strong> Ieri sera\u00a0 alle 21:15, di domenica i vigili del fuoco sono intervenuti lungo la SS 50 al km 22+700 nel Comune di Santa Giustina per lo scontro tra tre auto: una persona \u00e8 rimasta ferita. I pompieri arrivati da Belluno, hanno messo in sicurezza i mezzi, mentre il ferito \u00e8 stato assistito dal personale del SUEM per essere trasferito in ospedale. Le operazioni di soccorso dei vigili del fuoco sono terminate dopo circa due ore.<\/p>\n\n\t\t\t<style type='text\/css'>\n\t\t\t\t#gallery-1 {\n\t\t\t\t\tmargin: auto;\n\t\t\t\t}\n\t\t\t\t#gallery-1 .gallery-item {\n\t\t\t\t\tfloat: left;\n\t\t\t\t\tmargin-top: 10px;\n\t\t\t\t\ttext-align: center;\n\t\t\t\t\twidth: 20%;\n\t\t\t\t}\n\t\t\t\t#gallery-1 img {\n\t\t\t\t\tborder: 2px solid #cfcfcf;\n\t\t\t\t}\n\t\t\t\t#gallery-1 .gallery-caption {\n\t\t\t\t\tmargin-left: 0;\n\t\t\t\t}\n\t\t\t\t\/* see gallery_shortcode() in wp-includes\/media.php *\/\n\t\t\t<\/style>\n\t\t<div id='gallery-1' class='dt-gallery-container gallery galleryid-261739 gallery-columns-5 gallery-size-thumbnail'><dl class='gallery-item'>\n\t\t\t\t<dt class='gallery-icon landscape'>\n\t\t\t\t\t<a class=\"rollover rollover-zoom dt-pswp-item\" title=\"dd16a7cf-30fa-4225-95a0-cfd4f4e65ea3\" data-dt-img-description=\"\" data-large_image_width=\"1280\" data-large_image_height=\"960\"href='https:\/\/www.radiopiu.net\/wordpress\/wp-content\/uploads\/2022\/02\/dd16a7cf-30fa-4225-95a0-cfd4f4e65ea3.jpg'><img loading=\"lazy\" decoding=\"async\" width=\"150\" height=\"150\" src=\"https:\/\/www.radiopiu.net\/wordpress\/wp-content\/uploads\/2022\/02\/dd16a7cf-30fa-4225-95a0-cfd4f4e65ea3-150x150.jpg\" class=\"attachment-thumbnail size-thumbnail\" alt=\"\" \/><\/a>\n\t\t\t\t<\/dt><\/dl><dl class='gallery-item'>\n\t\t\t\t<dt class='gallery-icon landscape'>\n\t\t\t\t\t<a class=\"rollover rollover-zoom dt-pswp-item\" title=\"fe197599-24b3-44a2-afbb-03b76c8913ea\" data-dt-img-description=\"\" data-large_image_width=\"1280\" data-large_image_height=\"960\"href='https:\/\/www.radiopiu.net\/wordpress\/wp-content\/uploads\/2022\/02\/fe197599-24b3-44a2-afbb-03b76c8913ea.jpg'><img loading=\"lazy\" decoding=\"async\" width=\"150\" height=\"150\" src=\"https:\/\/www.radiopiu.net\/wordpress\/wp-content\/uploads\/2022\/02\/fe197599-24b3-44a2-afbb-03b76c8913ea-150x150.jpg\" class=\"attachment-thumbnail size-thumbnail\" alt=\"\" \/><\/a>\n\t\t\t\t<\/dt><\/dl><dl class='gallery-item'>\n\t\t\t\t<dt class='gallery-icon landscape'>\n\t\t\t\t\t<a class=\"rollover rollover-zoom dt-pswp-item\" title=\"e59e45ef-f5f0-474a-8846-488d8847143d\" data-dt-img-description=\"\" data-large_image_width=\"1280\" data-large_image_height=\"960\"href='https:\/\/www.radiopiu.net\/wordpress\/wp-content\/uploads\/2022\/02\/e59e45ef-f5f0-474a-8846-488d8847143d.jpg'><img loading=\"lazy\" decoding=\"async\" width=\"150\" height=\"150\" src=\"https:\/\/www.radiopiu.net\/wordpress\/wp-content\/uploads\/2022\/02\/e59e45ef-f5f0-474a-8846-488d8847143d-150x150.jpg\" class=\"attachment-thumbnail size-thumbnail\" alt=\"\" \/><\/a>\n\t\t\t\t<\/dt><\/dl><dl class='gallery-item'>\n\t\t\t\t<dt class='gallery-icon landscape'>\n\t\t\t\t\t<a class=\"rollover rollover-zoom dt-pswp-item\" title=\"5e957da2-07a3-4f9a-ac7b-5a3be5115bac\" data-dt-img-description=\"\" data-large_image_width=\"1280\" data-large_image_height=\"960\"href='https:\/\/www.radiopiu.net\/wordpress\/wp-content\/uploads\/2022\/02\/5e957da2-07a3-4f9a-ac7b-5a3be5115bac.jpg'><img loading=\"lazy\" decoding=\"async\" width=\"150\" height=\"150\" src=\"https:\/\/www.radiopiu.net\/wordpress\/wp-content\/uploads\/2022\/02\/5e957da2-07a3-4f9a-ac7b-5a3be5115bac-150x150.jpg\" class=\"attachment-thumbnail size-thumbnail\" alt=\"\" \/><\/a>\n\t\t\t\t<\/dt><\/dl><dl class='gallery-item'>\n\t\t\t\t<dt class='gallery-icon landscape'>\n\t\t\t\t\t<a class=\"rollover rollover-zoom dt-pswp-item\" title=\"ae8759fb-19d9-4649-b45d-81b1b30080e0\" data-dt-img-description=\"\" data-large_image_width=\"1280\" data-large_image_height=\"960\"href='https:\/\/www.radiopiu.net\/wordpress\/wp-content\/uploads\/2022\/02\/ae8759fb-19d9-4649-b45d-81b1b30080e0.jpg'><img loading=\"lazy\" decoding=\"async\" width=\"150\" height=\"150\" src=\"https:\/\/www.radiopiu.net\/wordpress\/wp-content\/uploads\/2022\/02\/ae8759fb-19d9-4649-b45d-81b1b30080e0-150x150.jpg\" class=\"attachment-thumbnail size-thumbnail\" alt=\"\" \/><\/a>\n\t\t\t\t<\/dt><\/dl><br style=\"clear: both\" \/>\n\t\t\t<\/div>\n\n<p>&nbsp;<\/p>\n<hr \/>\n<p>&nbsp;<\/p>\n<div id=\"mailleftcontainer\">\n<blockquote>\n<h3>LACRIME DI MONTAGNA PER GUIDO, OGGI L&#8217;ULTIMO SALUTO NELL&#8217;ARCIDIACONALE<\/h3>\n<\/blockquote>\n<p class=\"post-title\"><strong><a class=\"dt-pswp-item\" href=\"https:\/\/www.radiopiu.net\/wordpress\/wp-content\/uploads\/2022\/02\/guido.jpg\" data-dt-img-description=\"\" data-large_image_width=\"209\" data-large_image_height=\"253\"><img loading=\"lazy\" decoding=\"async\" class=\" wp-image-261850 alignleft\" src=\"https:\/\/www.radiopiu.net\/wordpress\/wp-content\/uploads\/2022\/02\/guido.jpg\" alt=\"\" width=\"157\" height=\"190\" \/><\/a>AGORDO<\/strong> Si terranno oggi alle 14.30 nell&#8217;Arcidiaconale di Agordo i funerali di Guido Pagani, 69 anni, deceduto per malore venerdi in localit\u00e0 Zingari Bassi sopra Falcade. Oggi l&#8217;abbraccio alla moglie Sandra, ai figli Carlo e Luisa\u00a0 e del mondo alpinistico agordino e non solo. La famiglia ha porto un sentito ringraziamento agli amici del Soccorso Alpino per l&#8217;impegno nelle ricerche e nel recupero del loro caro. Il Forum per l&#8217;architettura della Provincia di Belluno lo ha ricordato sul proprio sito con questa parole\u00a0 <em>Difficile, sull&#8217;onda emotiva di questa tragedia, tracciare un profilo dell&#8217;amico Guido. La nostra Associazione, alla quale Guido aveva aderito e partecipato in forma attiva, non si occupa di alpinismo ma di architettura in ambiente alpino.\u00a0 Guido aveva trasferito i valori della sua immensa passione per la montagna, nella sua professione e ha messo a disposizione di tutti la sua cultura e la sua straordinaria sensibilit\u00e0 per la natura e l&#8217;ambiente. Abbiamo perso un vero amico, una splendida persona.\u00a0<\/em><strong> Forum per l&#8217;architettura della provincia di Belluno.<\/strong><\/p>\n<p>&nbsp;<\/p>\n<blockquote>\n<h3><span style=\"color: #ff0000;\">ieri alla radio<\/span> GUIDO PAGANI E IL RICORDO DEGLI AMICI<\/h3>\n<\/blockquote>\n<p><strong>AGORDO<\/strong><\/p>\n<p>di Gianni Santomaso<\/p>\n<audio class=\"wp-audio-shortcode\" id=\"audio-261739-1\" preload=\"none\" style=\"width: 100%;\" controls=\"controls\"><source type=\"audio\/mpeg\" src=\"https:\/\/www.radiopiu.net\/wordpress\/wp-content\/uploads\/2022\/02\/gianni-ricordo-guido-pagani.mp3?_=1\" \/><a href=\"https:\/\/www.radiopiu.net\/wordpress\/wp-content\/uploads\/2022\/02\/gianni-ricordo-guido-pagani.mp3\">https:\/\/www.radiopiu.net\/wordpress\/wp-content\/uploads\/2022\/02\/gianni-ricordo-guido-pagani.mp3<\/a><\/audio>\n<p>&nbsp;<\/p>\n\n\t\t\t<style type='text\/css'>\n\t\t\t\t#gallery-2 {\n\t\t\t\t\tmargin: auto;\n\t\t\t\t}\n\t\t\t\t#gallery-2 .gallery-item {\n\t\t\t\t\tfloat: left;\n\t\t\t\t\tmargin-top: 10px;\n\t\t\t\t\ttext-align: center;\n\t\t\t\t\twidth: 33%;\n\t\t\t\t}\n\t\t\t\t#gallery-2 img {\n\t\t\t\t\tborder: 2px solid #cfcfcf;\n\t\t\t\t}\n\t\t\t\t#gallery-2 .gallery-caption {\n\t\t\t\t\tmargin-left: 0;\n\t\t\t\t}\n\t\t\t\t\/* see gallery_shortcode() in wp-includes\/media.php *\/\n\t\t\t<\/style>\n\t\t<div id='gallery-2' class='dt-gallery-container gallery galleryid-261739 gallery-columns-3 gallery-size-thumbnail'><dl class='gallery-item'>\n\t\t\t\t<dt class='gallery-icon landscape'>\n\t\t\t\t\t<a class=\"rollover rollover-zoom dt-pswp-item\" title=\"pale di San Lucano\" data-dt-img-description=\"\" data-large_image_width=\"2560\" data-large_image_height=\"1920\"href='https:\/\/www.radiopiu.net\/wordpress\/wp-content\/uploads\/2022\/02\/pale-di-San-Lucano-scaled.jpg'><img loading=\"lazy\" decoding=\"async\" width=\"150\" height=\"150\" src=\"https:\/\/www.radiopiu.net\/wordpress\/wp-content\/uploads\/2022\/02\/pale-di-San-Lucano-150x150.jpg\" class=\"attachment-thumbnail size-thumbnail\" alt=\"\" \/><\/a>\n\t\t\t\t<\/dt><\/dl><dl class='gallery-item'>\n\t\t\t\t<dt class='gallery-icon landscape'>\n\t\t\t\t\t<a class=\"rollover rollover-zoom dt-pswp-item\" title=\"Pale di San Lucano (3)\" data-dt-img-description=\"\" data-large_image_width=\"2560\" data-large_image_height=\"1920\"href='https:\/\/www.radiopiu.net\/wordpress\/wp-content\/uploads\/2022\/02\/Pale-di-San-Lucano-3-scaled.jpg'><img loading=\"lazy\" decoding=\"async\" width=\"150\" height=\"150\" src=\"https:\/\/www.radiopiu.net\/wordpress\/wp-content\/uploads\/2022\/02\/Pale-di-San-Lucano-3-150x150.jpg\" class=\"attachment-thumbnail size-thumbnail\" alt=\"\" \/><\/a>\n\t\t\t\t<\/dt><\/dl><dl class='gallery-item'>\n\t\t\t\t<dt class='gallery-icon landscape'>\n\t\t\t\t\t<a class=\"rollover rollover-zoom dt-pswp-item\" title=\"Pilastro grigio Mulaz anno 2016 (4)\" data-dt-img-description=\"\" data-large_image_width=\"2560\" data-large_image_height=\"1920\"href='https:\/\/www.radiopiu.net\/wordpress\/wp-content\/uploads\/2022\/02\/Pilastro-grigio-Mulaz-anno-2016-4-scaled.jpg'><img loading=\"lazy\" decoding=\"async\" width=\"150\" height=\"150\" src=\"https:\/\/www.radiopiu.net\/wordpress\/wp-content\/uploads\/2022\/02\/Pilastro-grigio-Mulaz-anno-2016-4-150x150.jpg\" class=\"attachment-thumbnail size-thumbnail\" alt=\"\" \/><\/a>\n\t\t\t\t<\/dt><\/dl><br style=\"clear: both\" \/><dl class='gallery-item'>\n\t\t\t\t<dt class='gallery-icon landscape'>\n\t\t\t\t\t<a class=\"rollover rollover-zoom dt-pswp-item\" title=\"Campanil Alto Lastei (2)\" data-dt-img-description=\"\" data-large_image_width=\"2560\" data-large_image_height=\"1920\"href='https:\/\/www.radiopiu.net\/wordpress\/wp-content\/uploads\/2022\/02\/Campanil-Alto-Lastei-2-scaled.jpg'><img loading=\"lazy\" decoding=\"async\" width=\"150\" height=\"150\" src=\"https:\/\/www.radiopiu.net\/wordpress\/wp-content\/uploads\/2022\/02\/Campanil-Alto-Lastei-2-150x150.jpg\" class=\"attachment-thumbnail size-thumbnail\" alt=\"\" \/><\/a>\n\t\t\t\t<\/dt><\/dl><dl class='gallery-item'>\n\t\t\t\t<dt class='gallery-icon portrait'>\n\t\t\t\t\t<a class=\"rollover rollover-zoom dt-pswp-item\" title=\"Pilastro grigio Mulaz anno 2016 (3)\" data-dt-img-description=\"\" data-large_image_width=\"1920\" data-large_image_height=\"2560\"href='https:\/\/www.radiopiu.net\/wordpress\/wp-content\/uploads\/2022\/02\/Pilastro-grigio-Mulaz-anno-2016-3-scaled.jpg'><img loading=\"lazy\" decoding=\"async\" width=\"150\" height=\"150\" src=\"https:\/\/www.radiopiu.net\/wordpress\/wp-content\/uploads\/2022\/02\/Pilastro-grigio-Mulaz-anno-2016-3-150x150.jpg\" class=\"attachment-thumbnail size-thumbnail\" alt=\"\" \/><\/a>\n\t\t\t\t<\/dt><\/dl><dl class='gallery-item'>\n\t\t\t\t<dt class='gallery-icon portrait'>\n\t\t\t\t\t<a class=\"rollover rollover-zoom dt-pswp-item\" title=\"Pilastro grigio Mulaz anno 2016\" data-dt-img-description=\"\" data-large_image_width=\"1920\" data-large_image_height=\"2560\"href='https:\/\/www.radiopiu.net\/wordpress\/wp-content\/uploads\/2022\/02\/Pilastro-grigio-Mulaz-anno-2016-scaled.jpg'><img loading=\"lazy\" decoding=\"async\" width=\"150\" height=\"150\" src=\"https:\/\/www.radiopiu.net\/wordpress\/wp-content\/uploads\/2022\/02\/Pilastro-grigio-Mulaz-anno-2016-150x150.jpg\" class=\"attachment-thumbnail size-thumbnail\" alt=\"\" \/><\/a>\n\t\t\t\t<\/dt><\/dl><br style=\"clear: both\" \/>\n\t\t\t<\/div>\n\n<p>&nbsp;<\/p>\n<blockquote><p><strong>IL RICORDO DI BEPI PELLEGRINON<\/strong><\/p>\n<p><em>Ci eravamo rivisti lo scorso agosto dopo anni di silenzio in occasione della festa per il libro di Giorgio Ronchi. Suo padre, Giacomo, padovano di origini rodigine, scomparso da quarant\u2019anni era un professore di lettere del Liceo Tito Livio di Padova, frequentatore incallito della Valle del Biois, cui aveva dedicato, nel corso degli anni sessanta-settanta una serie di opuscoli frutto di preziose ricerche storiche che avevamo condotto assieme. Guido, nato nel 1952, \u00e8 stato avviato alla montagna dal genitore che era anche un bravo fotografo. Agli esordi della passione alpinistica al giovane capit\u00f2 un incidente lungo la via Tissi alla Cime dell\u2019Auta, ma se la cav\u00f2 bene.\u00a0 Poi continu\u00f2 a scalare in compagnia dei tanti alpinisti della valle, raggiungendo livelli di assoluta bravura. In quegli anni arrampic\u00f2 con i fratelli Bruno e Giorgio De Don\u00e0, Franco Busin, Armando Rudatis, Claudio Luchetta, Giorgio Ronchi ed altri. Ci fu un periodo in cui non c\u2019era ripetizione impegnativa che non venisse compiuta dalle cordate agordine. Ebbi la fortuna di legarmi anch\u2019io alla sua corda a met\u00e0 degli anni settanta, quando esaurita la fase atletica del mio alpinismo, mi dedicai ad una serie di ascensioni che non avevo potuto realizzare in precedenza.\u00a0 Cos\u00ec sono allora nate una serie di vie nuove sulla Catena settentrionale delle Pale di S.Martino (Cima delle Fede sud-est; Cima del Cacciatore nord-ovest; Le Zirocole da sud; Punta Paula per il pilastro nord-ovest; Sentinella delle Comelle per la parete sud-est). Guido era un giovane che matur\u00f2 molte esperienze (fra l\u2019altro, partecip\u00f2 alla Spedizione valligiana alle Ande che port\u00f2 alla conquista di una cima vergine battezzata Val Biois) ma non si \u00e8 mai montato la testa ed \u00e8 rimasto coi piedi per terra. Parlava poco, ma le cose che diceva erano sempre dettate dall\u2019amicizia con l\u2019ambiente alpinistico della valle, con cui ha continuato, nonostante i suoi impegni di lavoro, a mantenere un fraterno rapporto. Ora che un tragico frangente ce lo ha portato via, sentiremo sicuramente la sua mancanza. Ma lo ricorderemo come merita fra i nostri monti.<\/em><\/p><\/blockquote>\n<p>&nbsp;<\/p>\n<p>&nbsp;<\/p>\n<hr \/>\n<p>&nbsp;<\/p>\n<p>&nbsp;<\/p>\n<blockquote><p><strong><a class=\"dt-pswp-item\" href=\"https:\/\/www.radiopiu.net\/wordpress\/wp-content\/uploads\/2022\/02\/polli.jpg\" data-dt-img-description=\"\" data-large_image_width=\"203\" data-large_image_height=\"251\"><img loading=\"lazy\" decoding=\"async\" class=\"wp-image-262015 alignleft\" src=\"https:\/\/www.radiopiu.net\/wordpress\/wp-content\/uploads\/2022\/02\/polli.jpg\" alt=\"\" width=\"121\" height=\"150\" \/><\/a>L&#8217;ULTIMO SALUTO A JACOPO POLLI\u00a0<\/strong><\/p>\n<p><strong>SANTA GIUSTINA\u00a0<\/strong> I funerali di Jacopo Polli si terranno domani alle 11 nella Arcipretale di Santa Giustina. Ne danno l&#8217;annuncio la mamma, il pap\u00e0 la moglie Paola che ringrazia il dottor Bertelle e l&#8217;equipe delle cure domiciliari, nonch\u00e9 all&#8217;Hospice Le Vette di Feltre per l&#8217;encomiabile supporto.<\/p><\/blockquote>\n<p>&nbsp;<\/p>\n<p>&nbsp;<\/p>\n<p>&nbsp;<\/p>\n<hr \/>\n<p>&nbsp;<\/p>\n<blockquote>\n<h3 class=\"entry-title\">VALANGA SUL VANT DE LE FORZELE, UNO SCIALPINISTA COINVOLTO<\/h3>\n<\/blockquote>\n<p><strong class=\"photoswipe-wrapper\"><a class=\"dt-pswp-item pspw-wrap-ready\" href=\"https:\/\/www.radiopiu.net\/wordpress\/wp-content\/uploads\/2022\/02\/salt_20220227_160658_350.jpg\" data-dt-img-description=\"\" data-large_image_width=\"1773\" data-large_image_height=\"2364\"><img loading=\"lazy\" decoding=\"async\" class=\"wp-image-261900 alignleft\" src=\"https:\/\/www.radiopiu.net\/wordpress\/wp-content\/uploads\/2022\/02\/salt_20220227_160658_350-225x300.jpg\" sizes=\"auto, (max-width: 122px) 100vw, 122px\" srcset=\"https:\/\/www.radiopiu.net\/wordpress\/wp-content\/uploads\/2022\/02\/salt_20220227_160658_350-225x300.jpg 225w, https:\/\/www.radiopiu.net\/wordpress\/wp-content\/uploads\/2022\/02\/salt_20220227_160658_350-768x1024.jpg 768w, https:\/\/www.radiopiu.net\/wordpress\/wp-content\/uploads\/2022\/02\/salt_20220227_160658_350-1152x1536.jpg 1152w, https:\/\/www.radiopiu.net\/wordpress\/wp-content\/uploads\/2022\/02\/salt_20220227_160658_350-1536x2048.jpg 1536w, https:\/\/www.radiopiu.net\/wordpress\/wp-content\/uploads\/2022\/02\/salt_20220227_160658_350.jpg 1773w\" alt=\"\" width=\"122\" height=\"163\" \/><\/a>VAL DI ZOLDO\u00a0<\/strong>\u00a0Ha fortunatamente riportato solo un probabile trauma alla caviglia lo scialpinista coinvolto da una valanga sul Vant de le Forzele, nel Gruppo del San Sebastiano. C.M., 48 anni, di Sovramonte (BL), stava scendendo con amici \u2013 pi\u00f9 a monte un altro gruppo di sciatori \u2013 quando \u00e8 avvenuto il distacco che lo ha trascinato per diverse decine di metri. Lo sciatore, che \u00e8 sempre restato in superficie, \u00e8 stato subito raggiunto dai compagni che hanno lanciato l\u2019allarme attorno alle 13. Individuato il punto in cui si trovava, sul versante nord della Gardesana, l\u2019elicottero del Suem di Pieve di Cadore ha sbarcato con il verricello tecnico di elisoccorso, unit\u00e0 cinofila da valanga e medico. L\u2019uomo, con un sospetto trauma al piede, \u00e8 poi stato issato a bordo per essere trasportato all\u2019ospedale di Belluno.<\/p>\n<p>&nbsp;<\/p>\n<p>&nbsp;<\/p>\n<hr \/>\n<p>&nbsp;<\/p>\n<blockquote>\n<h3>ALLE TRE DEL MATTINO L&#8217;INCIDENTE ALL&#8217;USCITA DELLA GALLERIA DI COL CAVALIER<\/h3>\n<\/blockquote>\n<p><strong>BELLUNO<\/strong> Erano le 2.50 nella notte tra sabato e domenica quando \u00e8 stato richiesto l&#8217;intervento del 118 all&#8217;uscita della galleria Col Cavalier. Sul posto il 118 e i vigili del fuoco. Nessun ferito grave, fortunatamente e un po&#8217; miracolosamente, a bordo dell&#8217;auto c&#8217;erano due persone. I pompieri hanno lavorato fino alle cinque del mattino per mettere in sicurezza la viabilit\u00e0\u00a0 e un palo pericolante centrato in pieno dell&#8217;auto.<\/p>\n\n\t\t\t<style type='text\/css'>\n\t\t\t\t#gallery-3 {\n\t\t\t\t\tmargin: auto;\n\t\t\t\t}\n\t\t\t\t#gallery-3 .gallery-item {\n\t\t\t\t\tfloat: left;\n\t\t\t\t\tmargin-top: 10px;\n\t\t\t\t\ttext-align: center;\n\t\t\t\t\twidth: 33%;\n\t\t\t\t}\n\t\t\t\t#gallery-3 img {\n\t\t\t\t\tborder: 2px solid #cfcfcf;\n\t\t\t\t}\n\t\t\t\t#gallery-3 .gallery-caption {\n\t\t\t\t\tmargin-left: 0;\n\t\t\t\t}\n\t\t\t\t\/* see gallery_shortcode() in wp-includes\/media.php *\/\n\t\t\t<\/style>\n\t\t<div id='gallery-3' class='dt-gallery-container gallery galleryid-261739 gallery-columns-3 gallery-size-thumbnail'><dl class='gallery-item'>\n\t\t\t\t<dt class='gallery-icon landscape'>\n\t\t\t\t\t<a class=\"rollover rollover-zoom dt-pswp-item\" title=\"169dde1f-8493-42f5-80f4-45e3ac3c99fe\" data-dt-img-description=\"\" data-large_image_width=\"960\" data-large_image_height=\"720\"href='https:\/\/www.radiopiu.net\/wordpress\/wp-content\/uploads\/2022\/02\/169dde1f-8493-42f5-80f4-45e3ac3c99fe.jpg'><img loading=\"lazy\" decoding=\"async\" width=\"150\" height=\"150\" src=\"https:\/\/www.radiopiu.net\/wordpress\/wp-content\/uploads\/2022\/02\/169dde1f-8493-42f5-80f4-45e3ac3c99fe-150x150.jpg\" class=\"attachment-thumbnail size-thumbnail\" alt=\"\" \/><\/a>\n\t\t\t\t<\/dt><\/dl><dl class='gallery-item'>\n\t\t\t\t<dt class='gallery-icon landscape'>\n\t\t\t\t\t<a class=\"rollover rollover-zoom dt-pswp-item\" title=\"d34b1a01-b889-4093-9b8d-34b88280b600\" data-dt-img-description=\"\" data-large_image_width=\"1280\" data-large_image_height=\"960\"href='https:\/\/www.radiopiu.net\/wordpress\/wp-content\/uploads\/2022\/02\/d34b1a01-b889-4093-9b8d-34b88280b600.jpg'><img loading=\"lazy\" decoding=\"async\" width=\"150\" height=\"150\" src=\"https:\/\/www.radiopiu.net\/wordpress\/wp-content\/uploads\/2022\/02\/d34b1a01-b889-4093-9b8d-34b88280b600-150x150.jpg\" class=\"attachment-thumbnail size-thumbnail\" alt=\"\" \/><\/a>\n\t\t\t\t<\/dt><\/dl><dl class='gallery-item'>\n\t\t\t\t<dt class='gallery-icon landscape'>\n\t\t\t\t\t<a class=\"rollover rollover-zoom dt-pswp-item\" title=\"ac37e4c8-11e8-4610-9db0-b69884e3567a\" data-dt-img-description=\"\" data-large_image_width=\"960\" data-large_image_height=\"613\"href='https:\/\/www.radiopiu.net\/wordpress\/wp-content\/uploads\/2022\/02\/ac37e4c8-11e8-4610-9db0-b69884e3567a.jpg'><img loading=\"lazy\" decoding=\"async\" width=\"150\" height=\"150\" src=\"https:\/\/www.radiopiu.net\/wordpress\/wp-content\/uploads\/2022\/02\/ac37e4c8-11e8-4610-9db0-b69884e3567a-150x150.jpg\" class=\"attachment-thumbnail size-thumbnail\" alt=\"\" \/><\/a>\n\t\t\t\t<\/dt><\/dl><br style=\"clear: both\" \/>\n\t\t\t<\/div>\n\n<p>&nbsp;<\/p>\n<hr \/>\n<p>&nbsp;<\/p>\n<blockquote>\n<h3>E&#8217; MANCATO UN PIONIERE DELLA LUXOTTICA, IL MAESTRO DEL LAVORO.<\/h3>\n<\/blockquote>\n<p><strong>BELLUNO <\/strong>E&#8217; mancato\u00a0 a 86 anni\u00a0 Armando De Pellegrin\u00a0 storico caporeparto della Luxottica fin dagli anni Sessanta,\u00a0 abitava a Belluno, in via Mameli. Erano gli anni in cui Leonardo Del Vecchio dava concretezza alle sue idee con\u00a0 il capo-officina, Luigi Francavilla oggi presidente onorario e\u00a0 Armando de Pellegrin che 20 anni fa fu premiato con la Stella al merito del lavoro, conferita con decreto del presidente della Repubblica.<\/p>\n<p>&nbsp;<\/p>\n<p>&nbsp;<\/p>\n<hr \/>\n<p>&nbsp;<\/p>\n<blockquote>\n<h3>RUZZOLA LUNGO IL PENDIO A MALGA GARDA DI LENTIAI<\/h3>\n<\/blockquote>\n<p><strong><a class=\"dt-pswp-item\" href=\"https:\/\/www.radiopiu.net\/wordpress\/wp-content\/uploads\/2022\/02\/4063da5f-f442-4e26-9beb-eb7473b3f855.jpg\" data-dt-img-description=\"\" data-large_image_width=\"1079\" data-large_image_height=\"720\"><img loading=\"lazy\" decoding=\"async\" class=\" wp-image-260644 alignleft\" src=\"https:\/\/www.radiopiu.net\/wordpress\/wp-content\/uploads\/2022\/02\/4063da5f-f442-4e26-9beb-eb7473b3f855-300x200.jpg\" alt=\"\" width=\"151\" height=\"101\" srcset=\"https:\/\/www.radiopiu.net\/wordpress\/wp-content\/uploads\/2022\/02\/4063da5f-f442-4e26-9beb-eb7473b3f855-300x200.jpg 300w, https:\/\/www.radiopiu.net\/wordpress\/wp-content\/uploads\/2022\/02\/4063da5f-f442-4e26-9beb-eb7473b3f855-1024x683.jpg 1024w, https:\/\/www.radiopiu.net\/wordpress\/wp-content\/uploads\/2022\/02\/4063da5f-f442-4e26-9beb-eb7473b3f855-768x512.jpg 768w, https:\/\/www.radiopiu.net\/wordpress\/wp-content\/uploads\/2022\/02\/4063da5f-f442-4e26-9beb-eb7473b3f855.jpg 1079w\" sizes=\"auto, (max-width: 151px) 100vw, 151px\" \/><\/a>BORGO VALBELLUNA<\/strong> Sabato alle 16.15 circa la Centrale del 118 \u00e8 stata allertata dal marito di una donna, ruzzolata diversi metri lungo un pendio nelle vicinanze di Malga Garda a Lentiai. Dopo essere risaliti alle coordinate del luogo grazie alle indicazioni fornite dall&#8217;uomo, sul posto \u00e8 stato inviato l&#8217;elicottero del Suem di Pieve di Cadore. Alla donna, una 63enne residente a Breganze (VI), sono state prestate le prime cure a seguito delle possibili contusioni e traumi riportati nella caduta. Imbarcata, l&#8217;infortunata \u00e8 stata trasportata all&#8217;ospedale di Belluno.<\/p>\n<p>&nbsp;<\/p>\n<p>&nbsp;<\/p>\n<hr \/>\n<p>&nbsp;<\/p>\n<blockquote>\n<h3>OLTRE 300 PERSONE AL PARCO CITTA&#8217; DI BOLOGNA DI BELLUNO PER ESPRIME SOLIDARIETA&#8217; AL POPOLO UCRAINO<\/h3>\n<\/blockquote>\n<p><strong>BELLUNO<\/strong><\/p>\n<p>di Moreno Gioli<\/p>\n<audio class=\"wp-audio-shortcode\" id=\"audio-261739-2\" preload=\"none\" style=\"width: 100%;\" controls=\"controls\"><source type=\"audio\/mpeg\" src=\"https:\/\/www.radiopiu.net\/wordpress\/wp-content\/uploads\/2022\/02\/gioli-ucraina.mp3?_=2\" \/><a href=\"https:\/\/www.radiopiu.net\/wordpress\/wp-content\/uploads\/2022\/02\/gioli-ucraina.mp3\">https:\/\/www.radiopiu.net\/wordpress\/wp-content\/uploads\/2022\/02\/gioli-ucraina.mp3<\/a><\/audio>\n<p>&nbsp;<\/p>\n\n\t\t\t<style type='text\/css'>\n\t\t\t\t#gallery-4 {\n\t\t\t\t\tmargin: auto;\n\t\t\t\t}\n\t\t\t\t#gallery-4 .gallery-item {\n\t\t\t\t\tfloat: left;\n\t\t\t\t\tmargin-top: 10px;\n\t\t\t\t\ttext-align: center;\n\t\t\t\t\twidth: 25%;\n\t\t\t\t}\n\t\t\t\t#gallery-4 img {\n\t\t\t\t\tborder: 2px solid #cfcfcf;\n\t\t\t\t}\n\t\t\t\t#gallery-4 .gallery-caption {\n\t\t\t\t\tmargin-left: 0;\n\t\t\t\t}\n\t\t\t\t\/* see gallery_shortcode() in wp-includes\/media.php *\/\n\t\t\t<\/style>\n\t\t<div id='gallery-4' class='dt-gallery-container gallery galleryid-261739 gallery-columns-4 gallery-size-thumbnail'><dl class='gallery-item'>\n\t\t\t\t<dt class='gallery-icon landscape'>\n\t\t\t\t\t<a class=\"rollover rollover-zoom dt-pswp-item\" title=\"4123e000-58ca-4b1c-b854-2d22d75b5d92\" data-dt-img-description=\"\" data-large_image_width=\"2000\" data-large_image_height=\"1128\"href='https:\/\/www.radiopiu.net\/wordpress\/wp-content\/uploads\/2022\/02\/4123e000-58ca-4b1c-b854-2d22d75b5d92.jpg'><img loading=\"lazy\" decoding=\"async\" width=\"150\" height=\"150\" src=\"https:\/\/www.radiopiu.net\/wordpress\/wp-content\/uploads\/2022\/02\/4123e000-58ca-4b1c-b854-2d22d75b5d92-150x150.jpg\" class=\"attachment-thumbnail size-thumbnail\" alt=\"\" \/><\/a>\n\t\t\t\t<\/dt><\/dl><dl class='gallery-item'>\n\t\t\t\t<dt class='gallery-icon landscape'>\n\t\t\t\t\t<a class=\"rollover rollover-zoom dt-pswp-item\" title=\"ff34e3ea-8a69-48be-8428-245d2a383d10\" data-dt-img-description=\"\" data-large_image_width=\"2048\" data-large_image_height=\"1154\"href='https:\/\/www.radiopiu.net\/wordpress\/wp-content\/uploads\/2022\/02\/ff34e3ea-8a69-48be-8428-245d2a383d10.jpg'><img loading=\"lazy\" decoding=\"async\" width=\"150\" height=\"150\" src=\"https:\/\/www.radiopiu.net\/wordpress\/wp-content\/uploads\/2022\/02\/ff34e3ea-8a69-48be-8428-245d2a383d10-150x150.jpg\" class=\"attachment-thumbnail size-thumbnail\" alt=\"\" \/><\/a>\n\t\t\t\t<\/dt><\/dl><dl class='gallery-item'>\n\t\t\t\t<dt class='gallery-icon landscape'>\n\t\t\t\t\t<a class=\"rollover rollover-zoom dt-pswp-item\" title=\"a96e8724-47bf-43d1-aaf1-a92c0e83b731\" data-dt-img-description=\"\" data-large_image_width=\"2048\" data-large_image_height=\"1154\"href='https:\/\/www.radiopiu.net\/wordpress\/wp-content\/uploads\/2022\/02\/a96e8724-47bf-43d1-aaf1-a92c0e83b731.jpg'><img loading=\"lazy\" decoding=\"async\" width=\"150\" height=\"150\" src=\"https:\/\/www.radiopiu.net\/wordpress\/wp-content\/uploads\/2022\/02\/a96e8724-47bf-43d1-aaf1-a92c0e83b731-150x150.jpg\" class=\"attachment-thumbnail size-thumbnail\" alt=\"\" \/><\/a>\n\t\t\t\t<\/dt><\/dl><dl class='gallery-item'>\n\t\t\t\t<dt class='gallery-icon landscape'>\n\t\t\t\t\t<a class=\"rollover rollover-zoom dt-pswp-item\" title=\"65031e4f-ce76-41dd-bf9b-2287804a7391\" data-dt-img-description=\"\" data-large_image_width=\"2048\" data-large_image_height=\"1154\"href='https:\/\/www.radiopiu.net\/wordpress\/wp-content\/uploads\/2022\/02\/65031e4f-ce76-41dd-bf9b-2287804a7391.jpg'><img loading=\"lazy\" decoding=\"async\" width=\"150\" height=\"150\" src=\"https:\/\/www.radiopiu.net\/wordpress\/wp-content\/uploads\/2022\/02\/65031e4f-ce76-41dd-bf9b-2287804a7391-150x150.jpg\" class=\"attachment-thumbnail size-thumbnail\" alt=\"\" \/><\/a>\n\t\t\t\t<\/dt><\/dl><br style=\"clear: both\" \/>\n\t\t\t<\/div>\n\n<p>&nbsp;<\/p>\n<hr \/>\n<p>&nbsp;<\/p>\n<blockquote>\n<h3>ZAIRA, SPLENDIDA ZINGHENESTA<\/h3>\n<\/blockquote>\n<p><strong>CANALE D&#8217;AGORDO\u00a0<\/strong> Lo aveva preannunciato l&#8217;organizzazione che causa pandemia covid il carnevale nella sua forma pi\u00f9 nota e classica con immancabile grande presenza di pubblico sarebbe stato annullato,\u00a0 ma non escludendo qualche apparizione. Ieri in paese ha sfilato il corteo mascherato\u00a0 e la Zinghenesta che \u00e8 diversa a ogni edizione. Quest&#8217;anno a \u00e8 stata scelta la bella Zaira De Ventura di Fregona. Il corteo ha poi girato per la Valle del Biois fino\u00a0 al passo Valles e all&#8217;albergo Dolomiti di Caverson.<\/p>\n<p><img loading=\"lazy\" decoding=\"async\" class=\"\" src=\"https:\/\/www.radiopiu.net\/wordpress\/wp-content\/uploads\/2022\/02\/ZINCH.jpg\" width=\"320\" height=\"246\" \/><\/p>\n<p>&nbsp;<\/p>\n<hr \/>\n<p>&nbsp;<\/p>\n<blockquote class=\"wp-embedded-content\" data-secret=\"pCkaVEbBpn\"><p><a href=\"https:\/\/www.radiopiu.net\/wordpress\/aggiornamentonaz2022feb27\/\">CORONAVIRUS: AGGIORNAMENTO NAZIONALE 27 FEBBRAIO 2022<\/a><\/p><\/blockquote>\n<p><iframe loading=\"lazy\" class=\"wp-embedded-content\" sandbox=\"allow-scripts\" security=\"restricted\" style=\"position: absolute; clip: rect(1px, 1px, 1px, 1px);\" title=\"&#8220;CORONAVIRUS: AGGIORNAMENTO NAZIONALE 27 FEBBRAIO 2022&#8221; &#8212; Radio Pi\u00f9\" src=\"https:\/\/www.radiopiu.net\/wordpress\/aggiornamentonaz2022feb27\/embed\/#?secret=pCkaVEbBpn\" data-secret=\"pCkaVEbBpn\" width=\"600\" height=\"338\" frameborder=\"0\" marginwidth=\"0\" marginheight=\"0\" scrolling=\"no\"><\/iframe><\/p>\n<p>&nbsp;<\/p>\n<blockquote class=\"wp-embedded-content\" data-secret=\"421kNnR1E7\"><p><a href=\"https:\/\/www.radiopiu.net\/wordpress\/tre-decessi-e-2633-nuovi-positivi-in-veneto-nelle-ultime-24-ore-calano-i-ricoveri\/\">TRE DECESSI E 2633 NUOVI POSITIVI IN VENETO NELLE ULTIME 24 ORE. CALANO I RICOVERI<\/a><\/p><\/blockquote>\n<p><iframe loading=\"lazy\" class=\"wp-embedded-content\" sandbox=\"allow-scripts\" security=\"restricted\" style=\"position: absolute; clip: rect(1px, 1px, 1px, 1px);\" title=\"&#8220;TRE DECESSI E 2633 NUOVI POSITIVI IN VENETO NELLE ULTIME 24 ORE. CALANO I RICOVERI&#8221; &#8212; Radio Pi\u00f9\" src=\"https:\/\/www.radiopiu.net\/wordpress\/tre-decessi-e-2633-nuovi-positivi-in-veneto-nelle-ultime-24-ore-calano-i-ricoveri\/embed\/#?secret=421kNnR1E7\" data-secret=\"421kNnR1E7\" width=\"600\" height=\"338\" frameborder=\"0\" marginwidth=\"0\" marginheight=\"0\" scrolling=\"no\"><\/iframe><\/p>\n<p>&nbsp;<\/p>\n<\/div>\n<h2>I GRAFICI DI TIZIANO DE COL<\/h2>\n\n\t\t\t<style type='text\/css'>\n\t\t\t\t#gallery-5 {\n\t\t\t\t\tmargin: auto;\n\t\t\t\t}\n\t\t\t\t#gallery-5 .gallery-item {\n\t\t\t\t\tfloat: left;\n\t\t\t\t\tmargin-top: 10px;\n\t\t\t\t\ttext-align: center;\n\t\t\t\t\twidth: 33%;\n\t\t\t\t}\n\t\t\t\t#gallery-5 img {\n\t\t\t\t\tborder: 2px solid #cfcfcf;\n\t\t\t\t}\n\t\t\t\t#gallery-5 .gallery-caption {\n\t\t\t\t\tmargin-left: 0;\n\t\t\t\t}\n\t\t\t\t\/* see gallery_shortcode() in wp-includes\/media.php *\/\n\t\t\t<\/style>\n\t\t<div id='gallery-5' class='dt-gallery-container gallery galleryid-261739 gallery-columns-3 gallery-size-thumbnail'><dl class='gallery-item'>\n\t\t\t\t<dt class='gallery-icon landscape'>\n\t\t\t\t\t<a class=\"rollover rollover-zoom dt-pswp-item\" title=\"f4c3e737-e967-45e2-9750-2f6a864bf004\" data-dt-img-description=\"\" data-large_image_width=\"598\" data-large_image_height=\"362\"href='https:\/\/www.radiopiu.net\/wordpress\/wp-content\/uploads\/2022\/02\/f4c3e737-e967-45e2-9750-2f6a864bf004.jpg'><img loading=\"lazy\" decoding=\"async\" width=\"150\" height=\"150\" src=\"https:\/\/www.radiopiu.net\/wordpress\/wp-content\/uploads\/2022\/02\/f4c3e737-e967-45e2-9750-2f6a864bf004-150x150.jpg\" class=\"attachment-thumbnail size-thumbnail\" alt=\"\" \/><\/a>\n\t\t\t\t<\/dt><\/dl><dl class='gallery-item'>\n\t\t\t\t<dt class='gallery-icon landscape'>\n\t\t\t\t\t<a class=\"rollover rollover-zoom dt-pswp-item\" title=\"90a06799-74a7-4285-97d9-083e9cba48c6\" data-dt-img-description=\"\" data-large_image_width=\"615\" data-large_image_height=\"370\"href='https:\/\/www.radiopiu.net\/wordpress\/wp-content\/uploads\/2022\/02\/90a06799-74a7-4285-97d9-083e9cba48c6.jpg'><img loading=\"lazy\" decoding=\"async\" width=\"150\" height=\"150\" src=\"https:\/\/www.radiopiu.net\/wordpress\/wp-content\/uploads\/2022\/02\/90a06799-74a7-4285-97d9-083e9cba48c6-150x150.jpg\" class=\"attachment-thumbnail size-thumbnail\" alt=\"\" \/><\/a>\n\t\t\t\t<\/dt><\/dl><dl class='gallery-item'>\n\t\t\t\t<dt class='gallery-icon landscape'>\n\t\t\t\t\t<a class=\"rollover rollover-zoom dt-pswp-item\" title=\"e6daef4d-7d4f-4878-b57d-0ab26ef08b31\" data-dt-img-description=\"\" data-large_image_width=\"602\" data-large_image_height=\"359\"href='https:\/\/www.radiopiu.net\/wordpress\/wp-content\/uploads\/2022\/02\/e6daef4d-7d4f-4878-b57d-0ab26ef08b31.jpg'><img loading=\"lazy\" decoding=\"async\" width=\"150\" height=\"150\" src=\"https:\/\/www.radiopiu.net\/wordpress\/wp-content\/uploads\/2022\/02\/e6daef4d-7d4f-4878-b57d-0ab26ef08b31-150x150.jpg\" class=\"attachment-thumbnail size-thumbnail\" alt=\"\" \/><\/a>\n\t\t\t\t<\/dt><\/dl><br style=\"clear: both\" \/><dl class='gallery-item'>\n\t\t\t\t<dt class='gallery-icon landscape'>\n\t\t\t\t\t<a class=\"rollover rollover-zoom dt-pswp-item\" title=\"be835f3f-1c16-44f3-baa4-8e1ee177022f\" data-dt-img-description=\"\" data-large_image_width=\"608\" data-large_image_height=\"367\"href='https:\/\/www.radiopiu.net\/wordpress\/wp-content\/uploads\/2022\/02\/be835f3f-1c16-44f3-baa4-8e1ee177022f.jpg'><img loading=\"lazy\" decoding=\"async\" width=\"150\" height=\"150\" src=\"https:\/\/www.radiopiu.net\/wordpress\/wp-content\/uploads\/2022\/02\/be835f3f-1c16-44f3-baa4-8e1ee177022f-150x150.jpg\" class=\"attachment-thumbnail size-thumbnail\" alt=\"\" \/><\/a>\n\t\t\t\t<\/dt><\/dl><dl class='gallery-item'>\n\t\t\t\t<dt class='gallery-icon landscape'>\n\t\t\t\t\t<a class=\"rollover rollover-zoom dt-pswp-item\" title=\"46646851-860b-4216-b8f6-bbd9198dad34\" data-dt-img-description=\"\" data-large_image_width=\"626\" data-large_image_height=\"349\"href='https:\/\/www.radiopiu.net\/wordpress\/wp-content\/uploads\/2022\/02\/46646851-860b-4216-b8f6-bbd9198dad34.jpg'><img loading=\"lazy\" decoding=\"async\" width=\"150\" height=\"150\" src=\"https:\/\/www.radiopiu.net\/wordpress\/wp-content\/uploads\/2022\/02\/46646851-860b-4216-b8f6-bbd9198dad34-150x150.jpg\" class=\"attachment-thumbnail size-thumbnail\" alt=\"\" \/><\/a>\n\t\t\t\t<\/dt><\/dl><dl class='gallery-item'>\n\t\t\t\t<dt class='gallery-icon landscape'>\n\t\t\t\t\t<a class=\"rollover rollover-zoom dt-pswp-item\" title=\"fca643c9-f9dd-49a4-8610-26d14eab905f\" data-dt-img-description=\"\" data-large_image_width=\"614\" data-large_image_height=\"353\"href='https:\/\/www.radiopiu.net\/wordpress\/wp-content\/uploads\/2022\/02\/fca643c9-f9dd-49a4-8610-26d14eab905f.jpg'><img loading=\"lazy\" decoding=\"async\" width=\"150\" height=\"150\" src=\"https:\/\/www.radiopiu.net\/wordpress\/wp-content\/uploads\/2022\/02\/fca643c9-f9dd-49a4-8610-26d14eab905f-150x150.jpg\" class=\"attachment-thumbnail size-thumbnail\" alt=\"\" \/><\/a>\n\t\t\t\t<\/dt><\/dl><br style=\"clear: both\" \/>\n\t\t\t<\/div>\n\n<p>&nbsp;<\/p>\n<hr \/>\n<p>&nbsp;<\/p>\n<blockquote>\n<h3>A DUE ANNI DAL PRIMO CASO DI COVID IN PROVINCIA, L&#8217;ULSS 1 DOLOMITI TIRA LE SOMME DELL&#8217;EMERGENZA<\/h3>\n<\/blockquote>\n<p><strong><a class=\"dt-pswp-item\" href=\"https:\/\/www.radiopiu.net\/wordpress\/wp-content\/uploads\/2021\/06\/COVID.jpg\" data-dt-img-description=\"\" data-large_image_width=\"960\" data-large_image_height=\"638\"><img loading=\"lazy\" decoding=\"async\" class=\"size-medium wp-image-216348 alignleft\" src=\"https:\/\/www.radiopiu.net\/wordpress\/wp-content\/uploads\/2021\/06\/COVID-300x199.jpg\" alt=\"\" width=\"300\" height=\"199\" srcset=\"https:\/\/www.radiopiu.net\/wordpress\/wp-content\/uploads\/2021\/06\/COVID-300x199.jpg 300w, https:\/\/www.radiopiu.net\/wordpress\/wp-content\/uploads\/2021\/06\/COVID-768x510.jpg 768w, https:\/\/www.radiopiu.net\/wordpress\/wp-content\/uploads\/2021\/06\/COVID.jpg 960w\" sizes=\"auto, (max-width: 300px) 100vw, 300px\" \/><\/a>BELLUNO <\/strong>A due anni dal primo caso covid positivo in ulss Dolomiti, il Dipartimento di Prevenzione diffonde un report con i principali dati epidemiologici da febbraio 2020 a febbraio 2022. \u00ab<em>Pur a fronte di quattro ondate epidemiche sempre pi\u00f9 impegnative, con numeri nella quarta ondata assolutamente eccezionali e non prevedibili, il Dipartimento di Prevenzione \u00e8 riuscito con i suoi team emergenziali e con il fondamentale lavoro parallelo dei medici di famiglia e delle farmacie del territorio a a gestire con tempestivit\u00e0 tutta la casistica covid emergente, un\u2019offerta tamponi capillare e solida e una campagna vaccinale che ogni operatore ricorder\u00e0 come unica. Il risultati di salute, pur con le fatiche derivanti da una pandemia storica, appaino gi\u00e0 evidenti attestando che l\u2019impegno di ogni singolo professionista produce risultati visibili a favore dei cittadini<\/em>\u00bb, commenta il direttore del dipartimento di Prevenzione Sandro Cinquetti. \u00ab<em>Dopo due anni di grande lavoro di tutta l\u2019Azienda sanitaria che ho avuto l\u2019onore di guidare nell\u2019anno appena trascorso \u00e8 il tempo del ringraziamento: alle Istituzioni sempre presenti, al personale Ulss in prima linea nella gestione covid e tutto il personale che ha consentito il proseguimento delle attivit\u00e0 \u201cnon covid\u201d; ai tanti operatori sanitari in pensione rientrati come volontari che hanno donato il loro tempo libero alla comunit\u00e0 dimostrando un enorme senso civico, ai sindaci e agli operatori dei comuni che ci hanno sostenuto con impegno personale e di risorse; alle forze dell\u2019ordine, sempre al nostro fianco nei momenti critici; alla scuola, con la quale abbiamo ben collaborato in situazione, a volte, di grande difficolt\u00e0, al tessuto economico che ha sostenuto con generosit\u00e0 la campagna. Un ringraziamento particolare al vasto mondo del volontariato che ci ha affiancato nei covid point e nei centri vaccinali dedicando ore di lavoro gratuito, passione, attenzione ai dettagli. C\u2019\u00e8 ancora molto lavoro da fare e lo faremo, ma gi\u00e0 vediamo la luce in fondo al tunnel<\/em>\u00bb, commenta il Direttore Generale Maria Garzia Carraro.<\/p>\n<p><strong>I DUE ANNI DI COVID IN PROVINCIA DI BELLUNO NEL REPORT DELL&#8217;ULSS 1 DOLOMITI (14 PAGINE)<\/strong><\/p>\n<a href=\"https:\/\/www.radiopiu.net\/wordpress\/wp-content\/uploads\/2022\/02\/2-anni-di-covid_v3.pdf\" class=\"pdfemb-viewer\" style=\"\" data-width=\"max\" data-height=\"max\" data-toolbar=\"top\" data-toolbar-fixed=\"on\">2 anni di covid_v3<\/a>\n<p>&nbsp;<\/p>\n<hr \/>\n<p>&nbsp;<\/p>\n<blockquote>\n<h3>A PONTE NELLE ALPI APERTO UNO SPORTELLO D&#8217;ASCOLTO PER I CITTADINI UCRAINI<\/h3>\n<\/blockquote>\n<p><strong><a class=\"dt-pswp-item\" href=\"https:\/\/www.radiopiu.net\/wordpress\/wp-content\/uploads\/2022\/02\/Piazza_della_Poesia_Ucraina.jpg\" data-dt-img-description=\"\" data-large_image_width=\"1591\" data-large_image_height=\"1193\"><img loading=\"lazy\" decoding=\"async\" class=\"size-medium wp-image-261743 alignleft\" src=\"https:\/\/www.radiopiu.net\/wordpress\/wp-content\/uploads\/2022\/02\/Piazza_della_Poesia_Ucraina-300x225.jpg\" alt=\"\" width=\"300\" height=\"225\" srcset=\"https:\/\/www.radiopiu.net\/wordpress\/wp-content\/uploads\/2022\/02\/Piazza_della_Poesia_Ucraina-300x225.jpg 300w, https:\/\/www.radiopiu.net\/wordpress\/wp-content\/uploads\/2022\/02\/Piazza_della_Poesia_Ucraina-1024x768.jpg 1024w, https:\/\/www.radiopiu.net\/wordpress\/wp-content\/uploads\/2022\/02\/Piazza_della_Poesia_Ucraina-768x576.jpg 768w, https:\/\/www.radiopiu.net\/wordpress\/wp-content\/uploads\/2022\/02\/Piazza_della_Poesia_Ucraina-1536x1152.jpg 1536w, https:\/\/www.radiopiu.net\/wordpress\/wp-content\/uploads\/2022\/02\/Piazza_della_Poesia_Ucraina.jpg 1591w\" sizes=\"auto, (max-width: 300px) 100vw, 300px\" \/><\/a>PONTE NELLE ALPI <\/strong><span style=\"font-family: 'Helvetica',sans-serif; color: black;\">Uno sportello d\u2019ascolto per i residenti di cittadinanza ucraina: lo apriranno Spi Cgil e l\u2019amministrazione comunale di Ponte nelle Alpi.\u00a0<\/span><span style=\"font-family: 'Helvetica',sans-serif; color: black;\">\u00abEsprimiamo la pi\u00f9 ferma condanna per l\u2019invasione russa, per il conflitto e per i bombardamenti, in sfregio ad ogni regola dei diritti internazionali &#8211; esordisce il sindaco Paolo Vendramini -. Come comunit\u00e0 siamo impegnati in tutte le azioni pacifiche e democratiche per far valere la pace. La nostra mobilitazione \u00e8 iniziata con l\u2019illuminazione della piazza della Poesia, di fronte alla biblioteca civica, e l\u2019accensione della scritta \u201cSiamo vicino al popolo ucraino\u201d\u00bb.<span class=\"gmail-apple-converted-space\">\u00a0<\/span><\/span><span style=\"font-family: 'Helvetica',sans-serif; color: black;\">Da oggi, lo Spi Cgil &#8211; che con il referente di zona Luigi Da Corte segue il Caaf &#8211; e l\u2019amministrazione daranno quindi il via allo sportello d\u2019ascolto per le cittadine e i cittadini residenti di nazionalit\u00e0 ucraina, che in comune sono 35. Lo sportello, con ricevimento in presenza, sar\u00e0 aperto dalle 9 alle 10.15, nella sala consiliare del municipio: \u00abUn riferimento per la comprensibile preoccupazione e l\u2019ansia delle persone rispetto ai tragici avvenimenti, ma anche un modo di fare rete con i servizi del territorio e le associazioni di volontariato, raccogliendo eventuali informazioni in merito a possibilit\u00e0 di ricongiungimento con familiari\u00bb. <\/span><span style=\"font-family: 'Helvetica',sans-serif; color: black;\">Il servizio potr\u00e0 essere parte attiva anche in caso di raccolta di fondi o aiuti. In pi\u00f9, \u00e8 possibile avere delucidazioni, chiamando l\u2019ufficio relazioni con il pubblico al numero 0437-9866: \u00abIn Veneto &#8211; conclude Vendramini &#8211; sono ad esempio 5mila le assistenti familiari ucraine, molte delle quali nella nostra provincia. E curano i nostri anziani\u00bb.<\/span><\/p>\n<p>&nbsp;<\/p>\n<p>&nbsp;<\/p>\n<hr \/>\n<p>&nbsp;<\/p>\n<h2><span style=\"color: #ff0000;\"><a class=\"dt-pswp-item\" href=\"https:\/\/www.radiopiu.net\/wordpress\/wp-content\/uploads\/2022\/02\/0-3.png\" data-dt-img-description=\"\" data-large_image_width=\"1637\" data-large_image_height=\"1812\"><img loading=\"lazy\" decoding=\"async\" class=\" wp-image-261951 alignleft\" src=\"https:\/\/www.radiopiu.net\/wordpress\/wp-content\/uploads\/2022\/02\/0-3-271x300.png\" alt=\"\" width=\"167\" height=\"185\" srcset=\"https:\/\/www.radiopiu.net\/wordpress\/wp-content\/uploads\/2022\/02\/0-3-271x300.png 271w, https:\/\/www.radiopiu.net\/wordpress\/wp-content\/uploads\/2022\/02\/0-3-925x1024.png 925w, https:\/\/www.radiopiu.net\/wordpress\/wp-content\/uploads\/2022\/02\/0-3-768x850.png 768w, https:\/\/www.radiopiu.net\/wordpress\/wp-content\/uploads\/2022\/02\/0-3-1388x1536.png 1388w, https:\/\/www.radiopiu.net\/wordpress\/wp-content\/uploads\/2022\/02\/0-3.png 1637w\" sizes=\"auto, (max-width: 167px) 100vw, 167px\" \/><\/a>DAL CORRIERE DELLE ALPI ogni lunedi le storie di vita e di personaggi dell&#8217;Agordino, in &#8220;vivere l&#8217;Agordino&#8221;<\/span><\/h2>\n<h3>PAOLO BARONE, IL MEDICO DI BASE CHE HA LOTTATO IN PRIMA LINEA CONTRO IL COVID<\/h3>\n<p><strong>CANALE D&#8217;AGORDO <\/strong>Come ogni lunedi Gianni Santomaso dalle pagine del Corriere delle Alpi racconta una storia, un personaggio, un pezzo di vita dell\u2019Agordino \u201cVivere l\u2019Agordino\u201d una raccolta spaccato di vita agordina con le immancabili vignette di Erica Andrich<\/p>\n<p><strong>di Gianni Santomaso<\/strong><\/p>\n<p>&nbsp;<\/p>\n<p>&nbsp;<\/p>\n<hr \/>\n<p>&nbsp;<\/p>\n<blockquote>\n<h3>VIGILI DEL FUOCO A SAN TOMASO, LAGUSELLO E SELVA DI CADORE<\/h3>\n<\/blockquote>\n<p><strong>SAN TOMASO<\/strong> Sabato sera alle 21.30 i Vigili del Fuoco di Agordo sono saliti ad Avoscan di San Tomaso in seguito all&#8217;allarme per un camino in fiamme. Nell&#8217;arco di due ore i vigili del fuoco hanno provveduto a spegnere le fiamme e provvedere alla messa in sicurezza della canna fumaria. Non ci sono stati n\u00e8 feriti n\u00e8 danni grazie al rapido intervento dei vigili del fuoco.<\/p>\n<p><strong>ALLEGHE<\/strong>\u00a0 L&#8217;altra sera i Pompieri Volontari di Caprile sono intervenuti\u00a0 a Lagusello di Alleghe per un incendio boschivo. Tre le squadre intervenute con A.P.S., Ranger e L 200.<\/p>\n\n\t\t\t<style type='text\/css'>\n\t\t\t\t#gallery-6 {\n\t\t\t\t\tmargin: auto;\n\t\t\t\t}\n\t\t\t\t#gallery-6 .gallery-item {\n\t\t\t\t\tfloat: left;\n\t\t\t\t\tmargin-top: 10px;\n\t\t\t\t\ttext-align: center;\n\t\t\t\t\twidth: 33%;\n\t\t\t\t}\n\t\t\t\t#gallery-6 img {\n\t\t\t\t\tborder: 2px solid #cfcfcf;\n\t\t\t\t}\n\t\t\t\t#gallery-6 .gallery-caption {\n\t\t\t\t\tmargin-left: 0;\n\t\t\t\t}\n\t\t\t\t\/* see gallery_shortcode() in wp-includes\/media.php *\/\n\t\t\t<\/style>\n\t\t<div id='gallery-6' class='dt-gallery-container gallery galleryid-261739 gallery-columns-3 gallery-size-thumbnail'><dl class='gallery-item'>\n\t\t\t\t<dt class='gallery-icon portrait'>\n\t\t\t\t\t<a class=\"rollover rollover-zoom dt-pswp-item\" title=\"274772411_1349899618771449_5921433551579283339_n\" data-dt-img-description=\"\" data-large_image_width=\"960\" data-large_image_height=\"1280\"href='https:\/\/www.radiopiu.net\/wordpress\/wp-content\/uploads\/2022\/02\/274772411_1349899618771449_5921433551579283339_n.jpg'><img loading=\"lazy\" decoding=\"async\" width=\"150\" height=\"150\" src=\"https:\/\/www.radiopiu.net\/wordpress\/wp-content\/uploads\/2022\/02\/274772411_1349899618771449_5921433551579283339_n-150x150.jpg\" class=\"attachment-thumbnail size-thumbnail\" alt=\"\" \/><\/a>\n\t\t\t\t<\/dt><\/dl><dl class='gallery-item'>\n\t\t\t\t<dt class='gallery-icon landscape'>\n\t\t\t\t\t<a class=\"rollover rollover-zoom dt-pswp-item\" title=\"274290476_1349899548771456_3433796603247679583_n\" data-dt-img-description=\"\" data-large_image_width=\"1280\" data-large_image_height=\"960\"href='https:\/\/www.radiopiu.net\/wordpress\/wp-content\/uploads\/2022\/02\/274290476_1349899548771456_3433796603247679583_n.jpg'><img loading=\"lazy\" decoding=\"async\" width=\"150\" height=\"150\" src=\"https:\/\/www.radiopiu.net\/wordpress\/wp-content\/uploads\/2022\/02\/274290476_1349899548771456_3433796603247679583_n-150x150.jpg\" class=\"attachment-thumbnail size-thumbnail\" alt=\"\" \/><\/a>\n\t\t\t\t<\/dt><\/dl><dl class='gallery-item'>\n\t\t\t\t<dt class='gallery-icon portrait'>\n\t\t\t\t\t<a class=\"rollover rollover-zoom dt-pswp-item\" title=\"274472214_1349899658771445_9056798454351321836_n\" data-dt-img-description=\"\" data-large_image_width=\"960\" data-large_image_height=\"1280\"href='https:\/\/www.radiopiu.net\/wordpress\/wp-content\/uploads\/2022\/02\/274472214_1349899658771445_9056798454351321836_n.jpg'><img loading=\"lazy\" decoding=\"async\" width=\"150\" height=\"150\" src=\"https:\/\/www.radiopiu.net\/wordpress\/wp-content\/uploads\/2022\/02\/274472214_1349899658771445_9056798454351321836_n-150x150.jpg\" class=\"attachment-thumbnail size-thumbnail\" alt=\"\" \/><\/a>\n\t\t\t\t<\/dt><\/dl><br style=\"clear: both\" \/>\n\t\t\t<\/div>\n\n<p><strong>SELVA DI CADORE<\/strong> Nei giorni scorsi i pompieri volontari di Selva di Cadore su richiesta della Sala operativa 115 VF di Belluno sono intervenuti per il taglio di una pianta su sede stradale, a causa del forte vento.<\/p>\n\n\t\t\t<style type='text\/css'>\n\t\t\t\t#gallery-7 {\n\t\t\t\t\tmargin: auto;\n\t\t\t\t}\n\t\t\t\t#gallery-7 .gallery-item {\n\t\t\t\t\tfloat: left;\n\t\t\t\t\tmargin-top: 10px;\n\t\t\t\t\ttext-align: center;\n\t\t\t\t\twidth: 50%;\n\t\t\t\t}\n\t\t\t\t#gallery-7 img {\n\t\t\t\t\tborder: 2px solid #cfcfcf;\n\t\t\t\t}\n\t\t\t\t#gallery-7 .gallery-caption {\n\t\t\t\t\tmargin-left: 0;\n\t\t\t\t}\n\t\t\t\t\/* see gallery_shortcode() in wp-includes\/media.php *\/\n\t\t\t<\/style>\n\t\t<div id='gallery-7' class='dt-gallery-container gallery galleryid-261739 gallery-columns-2 gallery-size-thumbnail'><dl class='gallery-item'>\n\t\t\t\t<dt class='gallery-icon portrait'>\n\t\t\t\t\t<a class=\"rollover rollover-zoom dt-pswp-item\" title=\"274156048_10209876145576286_8937555683278597016_n\" data-dt-img-description=\"\" data-large_image_width=\"526\" data-large_image_height=\"1371\"href='https:\/\/www.radiopiu.net\/wordpress\/wp-content\/uploads\/2022\/02\/274156048_10209876145576286_8937555683278597016_n.jpg'><img loading=\"lazy\" decoding=\"async\" width=\"150\" height=\"150\" src=\"https:\/\/www.radiopiu.net\/wordpress\/wp-content\/uploads\/2022\/02\/274156048_10209876145576286_8937555683278597016_n-150x150.jpg\" class=\"attachment-thumbnail size-thumbnail\" alt=\"\" \/><\/a>\n\t\t\t\t<\/dt><\/dl><dl class='gallery-item'>\n\t\t\t\t<dt class='gallery-icon landscape'>\n\t\t\t\t\t<a class=\"rollover rollover-zoom dt-pswp-item\" title=\"safe_image\" data-dt-img-description=\"\" data-large_image_width=\"500\" data-large_image_height=\"261\"href='https:\/\/www.radiopiu.net\/wordpress\/wp-content\/uploads\/2022\/02\/safe_image.jpg'><img loading=\"lazy\" decoding=\"async\" width=\"150\" height=\"150\" src=\"https:\/\/www.radiopiu.net\/wordpress\/wp-content\/uploads\/2022\/02\/safe_image-150x150.jpg\" class=\"attachment-thumbnail size-thumbnail\" alt=\"\" \/><\/a>\n\t\t\t\t<\/dt><\/dl><br style=\"clear: both\" \/>\n\t\t\t<\/div>\n\n<p>&nbsp;<\/p>\n<hr \/>\n<p>&nbsp;<\/p>\n<blockquote>\n<h3>L&#8217;EMOZIONE DI LINO DE PRA, PRESIDENTE DELLA SEZIONE ALPINI DI BELLUNO, DOPO L&#8217;UDIENZA CON PAPA FRANCESCO<\/h3>\n<\/blockquote>\n<p><strong><a class=\"dt-pswp-item\" href=\"https:\/\/www.radiopiu.net\/wordpress\/wp-content\/uploads\/2021\/01\/lino-de-pra-presidente-sezione-alpini-belluno-scaled.jpg\" data-dt-img-description=\"\" data-large_image_width=\"1920\" data-large_image_height=\"2560\"><img loading=\"lazy\" decoding=\"async\" class=\"size-medium wp-image-185857 alignleft\" src=\"https:\/\/www.radiopiu.net\/wordpress\/wp-content\/uploads\/2021\/01\/lino-de-pra-presidente-sezione-alpini-belluno-225x300.jpg\" alt=\"\" width=\"225\" height=\"300\" srcset=\"https:\/\/www.radiopiu.net\/wordpress\/wp-content\/uploads\/2021\/01\/lino-de-pra-presidente-sezione-alpini-belluno-225x300.jpg 225w, https:\/\/www.radiopiu.net\/wordpress\/wp-content\/uploads\/2021\/01\/lino-de-pra-presidente-sezione-alpini-belluno-768x1024.jpg 768w, https:\/\/www.radiopiu.net\/wordpress\/wp-content\/uploads\/2021\/01\/lino-de-pra-presidente-sezione-alpini-belluno-1152x1536.jpg 1152w, https:\/\/www.radiopiu.net\/wordpress\/wp-content\/uploads\/2021\/01\/lino-de-pra-presidente-sezione-alpini-belluno-1536x2048.jpg 1536w, https:\/\/www.radiopiu.net\/wordpress\/wp-content\/uploads\/2021\/01\/lino-de-pra-presidente-sezione-alpini-belluno-scaled.jpg 1920w\" sizes=\"auto, (max-width: 225px) 100vw, 225px\" \/><\/a>BELLUNO<\/strong> \u00ab<em>Una grande e forte emozione, oltre che un sentimento sincero di riconoscenza per il gesto e le parole rivolteci<\/em>\u00bb, sostiene Lino De Pra, presidente della Sezione Alpini di Belluno, all\u2019uscita dall\u2019udienza che papa Francesco ha concesso alla delegazione dell\u2019A.N.A. \u00ab<em>Con i colleghi presidenti di tutte le Sezioni dell\u2019A.N.A. &#8211; continua De Pra &#8211; abbiamo apprezzato il fatto che papa Francesco abbia mantenuto l\u2019impegno programmato con noi pur avendo disdetto le udienze a causa anche della sua indisposizione, nonche\u0301 per il clima generale che tutti stiamo vivendo. Il Pontefice ci ha rivolto parole di encomio assai lusinghiere quando ci ha detto che non siamo rimasti spettatori durante i momenti piu\u0300 difficili, ma siamo stati e siamo, invece, coraggiosi protagonisti del tempo che stiamo vivendo. Questa nostra concretezza nel servire, anima dell\u2019A.N.A., e\u0300 stata considerata da papa Francesco come Vangelo messo in pratica. Il che ci ha riempito tutti di orgoglio e ci ha fornito nuovo stimolo per continuare sulla strada intrapresa piu\u0300 di cento anni fa dai padri fondatori dell\u2019Associazione Nazionale Alpini<\/em>\u00bb. De Pra ha considerato l\u2019udienza papale come una emozionante esperienza personale della quale intende farsi interprete per condividerla con i delegati all\u2019assemblea sezionale di domenica prossima 6 marzo al Teatro Giovanni XXIII di Belluno\u00bb.<\/p>\n<p>&nbsp;<\/p>\n<p>&nbsp;<\/p>\n<hr \/>\n<p>&nbsp;<\/p>\n<blockquote>\n<h3 class=\"entry-title\">STOP AL SUPERBONUS 110% ? SPESI 2 MILIARDI PUBBLICI PER L\u20191,3% DEGLI EDIFICI RESIDENZIALI PRESENTI IN VENETO<\/h3>\n<\/blockquote>\n<p class=\"photoswipe-wrapper\"><a class=\"dt-pswp-item pspw-wrap-ready\" href=\"https:\/\/www.radiopiu.net\/wordpress\/wp-content\/uploads\/2022\/02\/Schermata-2022-02-26-alle-13.56.49.png\" data-dt-img-description=\"\" data-large_image_width=\"1226\" data-large_image_height=\"1578\"><img loading=\"lazy\" decoding=\"async\" class=\"alignleft size-medium wp-image-261748\" src=\"https:\/\/www.radiopiu.net\/wordpress\/wp-content\/uploads\/2022\/02\/Schermata-2022-02-26-alle-13.56.49-233x300.png\" sizes=\"auto, (max-width: 233px) 100vw, 233px\" srcset=\"https:\/\/www.radiopiu.net\/wordpress\/wp-content\/uploads\/2022\/02\/Schermata-2022-02-26-alle-13.56.49-233x300.png 233w, https:\/\/www.radiopiu.net\/wordpress\/wp-content\/uploads\/2022\/02\/Schermata-2022-02-26-alle-13.56.49-796x1024.png 796w, https:\/\/www.radiopiu.net\/wordpress\/wp-content\/uploads\/2022\/02\/Schermata-2022-02-26-alle-13.56.49-768x989.png 768w, https:\/\/www.radiopiu.net\/wordpress\/wp-content\/uploads\/2022\/02\/Schermata-2022-02-26-alle-13.56.49-1193x1536.png 1193w, https:\/\/www.radiopiu.net\/wordpress\/wp-content\/uploads\/2022\/02\/Schermata-2022-02-26-alle-13.56.49.png 1226w\" alt=\"\" width=\"233\" height=\"300\" \/><\/a>A seguito di 13.933 asseverazioni depositate al 31 gennaio scorso, lo Stato, con il Superbonus del 110 per cento, per la nostra regione dovr\u00e0 farsi carico di una spesa di 2 miliardi di euro. Se teniamo conto che in Veneto \u00e8 presente un milione di edifici residenziali, stimiamo che, fino ad ora, questo provvedimento abbia interessato solo l\u20191,3 per cento del totale degli immobili destinati ad uso abitativo (vedi Tab. 1). In altre parole, consentendo ai proprietari che riqualificano i propri immobili una detrazione fiscale al 110 per cento, spendiamo 2 miliardi per migliorare l\u2019efficienza energetica di una infinitesima quota di edifici presenti in Veneto che, comunque, \u00e8 la regione d\u2019Italia pi\u00f9 \u201cinteressata\u201d da questa misura. A dirlo \u00e8 l\u2019Ufficio studi della CGIA.<\/p>\n<p><strong>Speso quanto il reddito di cittadinanza<\/strong><br \/>\nA livello nazionale, con il Superbonus 110 per cento abbiamo erogato 20 miliardi di euro: lo stesso importo speso fino ad ora con il reddito di cittadinanza. A differenza di quest\u2019ultima misura, per\u00f2, i vantaggi hanno interessato pochissime persone, in particolar modo facoltose, con un livello di istruzione medio-alto e con propriet\u00e0 immobiliari ubicate nei centri storici delle grandi citt\u00e0, in particolar modo del Centronord. Insomma, \u00e8 una misura molto costosa, fortemente sbilanciata a favore dei ricchi e, come vedremo in seguito, anche distorsiva del mercato.<\/p>\n<p><strong>Bisogna anticipare il decalage<\/strong><br \/>\nIl Superbonus, pertanto, non va \u201cbocciato\u201d per aver provocato comportamenti fraudolenti. Anzi. Secondo i dati dell\u2019Agenzia delle Entrate, dei 4,4 miliardi di irregolarit\u00e0 riscontrate, \u201csolo\u201d 132 milioni di euro sono ascrivibili a questa misura. Il Superbonus va criticato, invece, perch\u00e9 presenta un costo in capo alla fiscalit\u00e0 generale spaventoso e non proporzionale al numero di edifici che vengono \u201cefficientati\u201d. Pertanto, secondo gli artigiani mestrini, la soglia di detraibilit\u00e0 delle spese sostenute andrebbe abbassata quanto prima, portata, ad esempio, al 60-70 per cento, anticipando il decalage stabilito dall\u2019ultima finanziaria . Cos\u00ec facendo, si obbligherebbe il proprietario dell\u2019immobile a una significativa compartecipazione alla spesa dell\u2019intervento manutentivo. Sia chiaro, nessuno disconosce il ruolo che in questi ultimi anni hanno avuto i bonus nel rilanciare l\u2019edilizia, nel far emergere il nero e nel migliorare la qualit\u00e0 delle nostre abitazioni; ci mancherebbe. Tuttavia, la convinzione di aver speso troppo e di aver \u201cdrogato\u201d il mercato edilizio \u00e8 molto elevata.<\/p>\n<p class=\"photoswipe-wrapper\"><strong>Prezzi dei materiali alle stelle<\/strong><br \/>\n<a class=\"dt-pswp-item pspw-wrap-ready\" href=\"https:\/\/www.radiopiu.net\/wordpress\/wp-content\/uploads\/2022\/02\/Schermata-2022-02-26-alle-13.57.08.png\" data-dt-img-description=\"\" data-large_image_width=\"1196\" data-large_image_height=\"1448\"><img loading=\"lazy\" decoding=\"async\" class=\"alignleft size-medium wp-image-261750\" src=\"https:\/\/www.radiopiu.net\/wordpress\/wp-content\/uploads\/2022\/02\/Schermata-2022-02-26-alle-13.57.08-248x300.png\" sizes=\"auto, (max-width: 248px) 100vw, 248px\" srcset=\"https:\/\/www.radiopiu.net\/wordpress\/wp-content\/uploads\/2022\/02\/Schermata-2022-02-26-alle-13.57.08-248x300.png 248w, https:\/\/www.radiopiu.net\/wordpress\/wp-content\/uploads\/2022\/02\/Schermata-2022-02-26-alle-13.57.08-846x1024.png 846w, https:\/\/www.radiopiu.net\/wordpress\/wp-content\/uploads\/2022\/02\/Schermata-2022-02-26-alle-13.57.08-768x930.png 768w, https:\/\/www.radiopiu.net\/wordpress\/wp-content\/uploads\/2022\/02\/Schermata-2022-02-26-alle-13.57.08.png 1196w\" alt=\"\" width=\"248\" height=\"300\" \/><\/a>Ricordiamo che questo meccanismo, che consente di detrarre fiscalmente molto pi\u00f9 di quanto un proprietario \u00e8 chiamato a spendere per ristrutturare un edificio, ha innescato una bolla inflattiva preoccupante, alimentata anche dal forte aumento dei prezzi registrato nell\u2019ultimo anno da tutte le materie prime. A fronte di un boom della domanda che, tra l\u2019altro, per legge deve essere soddisfatta entro un determinato periodo di tempo, il Superbonus 110 per cento ha contribuito a far schizzare all\u2019ins\u00f9 i prezzi di moltissimi materiali (ferro, acciaio, legno, sabbia, laterizi, bitume, cemento, etc.) e altri sono pressoch\u00e9 introvabili (lana di roccia, polistirene, ponteggi, etc.).<\/p>\n<p><strong>Boom di imprese edili soprattutto al Sud<\/strong><br \/>\nE\u2019 importante, altres\u00ec, sottolineare anche il trend delle imprese attive presenti nel settore delle costruzioni. Secondo i dati delle Camere di Commercio, infatti, nel 2021 il numero complessivo in Veneto \u00e8 cresciuto di 829 unit\u00e0 (+ 1,3 per cento circa rispetto al 2020), portando lo stock regionale a raggiungere quota 62.985. Di particolare rilievo il risultato ottenuto nel Mezzogiorno: in 12 mesi le aziende sono aumentate di oltre 7 mila unit\u00e0, di cui quasi 3 mila hanno la sede in Campania e poco meno di 1.800 in Sicilia (vedi Tab. 2). Dati puntuali ancora non ce ne sono, ma questo boom \u00e8 sicuramente riconducibile agli effetti legati alla numerosit\u00e0 di bonus che per legge sono stati introdotti in questi ultimi anni nell\u2019edilizia. Non solo. Pare di capire che una buona parte di queste nuove attivit\u00e0 siano guidate da imprenditori stranieri che \u201cpresidiano\u201d in misura sempre pi\u00f9 significativa questo settore, spesso abbassandone il livello di qualit\u00e0 ed efficienza.<\/p>\n<p class=\"photoswipe-wrapper\"><strong><a class=\"dt-pswp-item pspw-wrap-ready\" href=\"https:\/\/www.radiopiu.net\/wordpress\/wp-content\/uploads\/2022\/02\/Schermata-2022-02-26-alle-13.57.40.png\" data-dt-img-description=\"\" data-large_image_width=\"1280\" data-large_image_height=\"1600\"><img loading=\"lazy\" decoding=\"async\" class=\"alignleft size-medium wp-image-261749\" src=\"https:\/\/www.radiopiu.net\/wordpress\/wp-content\/uploads\/2022\/02\/Schermata-2022-02-26-alle-13.57.40-240x300.png\" sizes=\"auto, (max-width: 240px) 100vw, 240px\" srcset=\"https:\/\/www.radiopiu.net\/wordpress\/wp-content\/uploads\/2022\/02\/Schermata-2022-02-26-alle-13.57.40-240x300.png 240w, https:\/\/www.radiopiu.net\/wordpress\/wp-content\/uploads\/2022\/02\/Schermata-2022-02-26-alle-13.57.40-819x1024.png 819w, https:\/\/www.radiopiu.net\/wordpress\/wp-content\/uploads\/2022\/02\/Schermata-2022-02-26-alle-13.57.40-768x960.png 768w, https:\/\/www.radiopiu.net\/wordpress\/wp-content\/uploads\/2022\/02\/Schermata-2022-02-26-alle-13.57.40-1229x1536.png 1229w, https:\/\/www.radiopiu.net\/wordpress\/wp-content\/uploads\/2022\/02\/Schermata-2022-02-26-alle-13.57.40.png 1280w\" alt=\"\" width=\"240\" height=\"300\" \/><\/a>Il Veneto guida la corsa al 110%<\/strong><br \/>\nCome dicevamo, a livello regionale \u00e8 il Veneto ad aver registrato il ricorso pi\u00f9 numeroso al Superbonus 110 per cento in relazione agli edifici residenziali esistenti. Con 13.933 asseverazioni, l\u2019incidenza percentuale di queste ultime sul numero degli edifici residenziali esistenti \u00e8 pari all\u20191,3 per cento, scende nel Lazio e in Toscana all\u20191,2 per cento e all\u20191,1 per cento in Emilia Romagna e in Lombardia. Le regioni meno coinvolte, invece, sono la Calabria e il Molise (entrambe con un\u2019incidenza dello 0,6 per cento), la Sicilia e la Liguria (entrambe con lo 0,5 per cento) . A livello nazionale, infine, l\u2019importo medio delle detrazioni a fine lavori previsto \u00e8 pari a 187.437 euro per edificio residenziale. Il picco massimo lo scorgiamo in Basilicata (299.026 euro), Abruzzo (244.127 euro) e Campania (238.952 euro). Chiudono la graduatoria, invece, Toscana (153.373 euro), Veneto (146.171) e Friuli Venezia Giulia (144.177 euro) (vedi Tab. 3). Verosimilmente, nelle regioni pi\u00f9 a est del Paese registriamo il livello di detrazioni pi\u00f9 contenuto perch\u00e8 la spesa media per ciascun intervento di riqualificazione \u00e8 inferiore a tutte le altre.<\/p>\n<p>&nbsp;<\/p>\n<p>&nbsp;<\/p>\n<p>&nbsp;<\/p>\n<hr \/>\n<p>&nbsp;<\/p>\n<blockquote>\n<h3>NASCEVA A COSTALTA NOVANTANOVE ANNI FA IL PITTORE E POETA GIOVANNI DE BETTIN LINC.<\/h3>\n<\/blockquote>\n<div dir=\"auto\" role=\"none\">\n<p><strong>di RENATO BONA\u00a0<\/strong><\/p>\n<\/div>\n<div class=\"ii04i59q jq4qci2q g9io39s2 oo9gr5id\" dir=\"auto\" role=\"none\">Seppe trasmettere il genio dell\u2019arte anche al fratello e ai figli (compreso Pierluigi, per lustri sacrestano della cattedrale-basilica del Duomo di Belluno) Ricorreva mercoled\u00ec 23 febbraio scorso il novantanovesimo anniversario della nascita del comelicese Giovanni De Bettin Linc. pittore accademico di fama internazionale, fine poeta e cantore della ladinit\u00e0 comeliana, mancato il 4 giugno del 2006 a seguito di una emorragia del 31 maggio. Unanime il cordoglio per questa che &#8211; come ebbero modo di evidenziare Italo Zandonella Callegher e Mario Fait in \u201cEscursioni Comelico e Sappada, Cierre ed. 1997, figurava \u201ctra le persone che spiccano per impegno ed intraprendenza dando lustro alla propria terra\u201d e dopo aver sottolineato che nell\u2019Atelier di Costalta (la Stua Cultural a lui dedicata &#8211; ndr.) c\u2019\u00e8 una mostra permanente delle sue opere, specificavano che \u201cUomo schivo e sensibile, buono e ironico, ha saputo trasmettere il genio dell\u2019arte anche ad altri membri della sua famiglia: ai suoi figli tutti pittori e musicisti (compreso Pierluigi, gi\u00e0 sacrestano apprezzato della cattedrale di Belluno, mancato il 27 luglio 2016 \u2013 ndr.), e al fratello Alberto\u201d. L\u2019amico di chi stende queste note, Lucio Eicher Clere, anima del Gruppo Musicale di Costalta che mosse i suoi primi passi, facendo prove di canto proprio nello studio pittorico della via Chiappetin di quello che ne era considerato il \u201cpadre\u201d, appunto Giovanni, a dieci anni dalla morte di De Bettin ebbe modo di ricordarne la figura e l\u2019opera sul quotidiano Il Gazzettino, in occasione dell\u2019inaugurazione della mostra \u201cI Ritratti\u201d con una ventina di opere tra le pi\u00f9 significative della produzione artistica del pittore tra i pi\u00f9 validi del secondo Novecento cadorino. Il Gruppo ne interpret\u00f2 infatti il lavoro pi\u00f9 faticoso dal punto di vista della scrittura ladina, cio\u00e8 la libera traduzione del romanzo I promessi sposi di Alessandro Manzoni nel dialetto ladino costaltese, con il titolo \u2018I Nuizes\u2019. Il libro, pubblicato nel 1983, \u00e8 molto originale, perch\u00e9 adatta il testo manzoniano alla parlata popolare, seguendo lo schema del confronto in dialogo tra i vari personaggi. Eicher Clere non manc\u00f2 di dire che \u201cGiovanni De Bettin diede spazio alla sua vena creativa con oltre duemila quadri nei suoi 50 anni di professione pittorica, ma seppe anche dare dignit\u00e0 al ladino con poesie e i lavori di traduzione\u201d. Si occup\u00f2 di Giovanni De Bettin Linc. anche il pubblicista Roberto Bona (tra l\u2019altro mio fratello \u2013 ndr.) evidenziando fra l\u2019altro come il poliedrico artista avesse \u201cfatto della sua origine comelicese la fonte di ispirazione sincera e feconda del suo operare artistico\u201d. E ricordando che nell&#8217;estate 2002 De Bettin ha tradotto in ladino &#8220;Le avventure di Pinocchio&#8221; nel volume \u201cPinocchio ladin\u201d mentre il suo amore per le tradizioni costaltesi \u00e8 testimoniato anche nel volume, pure edito dal Gruppo Musicale, \u201cDidos i nos veces\u201d. Comunque &#8211; sostenevano i suoi amici-allievi-colleghi &#8211; \u201cprima ancora che scrittore ladino \u00e8 conosciuto come pittore la cui fama ha valicato gli orizzonti dolomitici\u201d grazie a numerose opere pittoriche di indiscusso pregio fra le oltre duemila realizzate in una carriera cinquantennale prodiga di meritate soddisfazioni quali la commenda dell&#8217;Ordine al merito della Repubblica Italiana, l\u2019iscrizione all&#8217;Accademia francese Arts-Sciences-Lettres, all&#8217;Accademia Tiberina in Roma, al Centre de Liaison des Artistes in Deauville in Francia. Viene dunque naturale condividere un\u2019altra testimonianza del Gruppo Musicale di Costalta, questa: \u201cAccostarsi a Giovanni De Bettin \u00e8 come immergersi dentro alla storia millenaria di questa valle marginale, dove i volti delle persone sono segnati come le cortecce degli alberi, dove natura e uomo hanno imparato a convivere tanto che nei suoi quadri le sfumature tra figure e paesaggio sono impercettibili. Un mondo, quello da lui dipinto, che conserva un fascino poetico e che colpisce ed attrae chi lo guarda\u201d. Nonch\u00e9 il giudizio del critico d\u2019arte Enzo Santese sull\u2019\u201dIdillio ed elegia nella pittura di Giovani De Bettin\u201d, questo: \u201cLa sua opera si fonda quasi esclusivamente sull\u2019atmosfera di famiglia (intesa anche in senso lato, come comunit\u00e0 paesana), quindi su paesaggi montani inseriti in un ambito che equivale alla scrittura di un cantastorie\u201d.<\/div>\n<div dir=\"auto\" role=\"none\"><\/div>\n<div dir=\"auto\" role=\"none\">\n\n\t\t\t<style type='text\/css'>\n\t\t\t\t#gallery-8 {\n\t\t\t\t\tmargin: auto;\n\t\t\t\t}\n\t\t\t\t#gallery-8 .gallery-item {\n\t\t\t\t\tfloat: left;\n\t\t\t\t\tmargin-top: 10px;\n\t\t\t\t\ttext-align: center;\n\t\t\t\t\twidth: 16%;\n\t\t\t\t}\n\t\t\t\t#gallery-8 img {\n\t\t\t\t\tborder: 2px solid #cfcfcf;\n\t\t\t\t}\n\t\t\t\t#gallery-8 .gallery-caption {\n\t\t\t\t\tmargin-left: 0;\n\t\t\t\t}\n\t\t\t\t\/* see gallery_shortcode() in wp-includes\/media.php *\/\n\t\t\t<\/style>\n\t\t<div id='gallery-8' class='dt-gallery-container gallery galleryid-261739 gallery-columns-6 gallery-size-thumbnail'><dl class='gallery-item'>\n\t\t\t\t<dt class='gallery-icon portrait'>\n\t\t\t\t\t<a class=\"rollover rollover-zoom dt-pswp-item\" title=\"274468511_365363481881309_3483252973419970207_n\" data-dt-img-description=\"\" data-large_image_width=\"144\" data-large_image_height=\"208\"href='https:\/\/www.radiopiu.net\/wordpress\/wp-content\/uploads\/2022\/02\/274468511_365363481881309_3483252973419970207_n.jpg'><img loading=\"lazy\" decoding=\"async\" width=\"144\" height=\"150\" src=\"https:\/\/www.radiopiu.net\/wordpress\/wp-content\/uploads\/2022\/02\/274468511_365363481881309_3483252973419970207_n-144x150.jpg\" class=\"attachment-thumbnail size-thumbnail\" alt=\"\" \/><\/a>\n\t\t\t\t<\/dt><\/dl><dl class='gallery-item'>\n\t\t\t\t<dt class='gallery-icon portrait'>\n\t\t\t\t\t<a class=\"rollover rollover-zoom dt-pswp-item\" title=\"273978144_7060774007327805_8419865199616488374_n\" data-dt-img-description=\"\" data-large_image_width=\"400\" data-large_image_height=\"505\"href='https:\/\/www.radiopiu.net\/wordpress\/wp-content\/uploads\/2022\/02\/273978144_7060774007327805_8419865199616488374_n.jpg'><img loading=\"lazy\" decoding=\"async\" width=\"150\" height=\"150\" src=\"https:\/\/www.radiopiu.net\/wordpress\/wp-content\/uploads\/2022\/02\/273978144_7060774007327805_8419865199616488374_n-150x150.jpg\" class=\"attachment-thumbnail size-thumbnail\" alt=\"\" \/><\/a>\n\t\t\t\t<\/dt><\/dl><dl class='gallery-item'>\n\t\t\t\t<dt class='gallery-icon landscape'>\n\t\t\t\t\t<a class=\"rollover rollover-zoom dt-pswp-item\" title=\"274241128_279447150998042_5515867279769347643_n\" data-dt-img-description=\"\" data-large_image_width=\"550\" data-large_image_height=\"435\"href='https:\/\/www.radiopiu.net\/wordpress\/wp-content\/uploads\/2022\/02\/274241128_279447150998042_5515867279769347643_n.jpg'><img loading=\"lazy\" decoding=\"async\" width=\"150\" height=\"150\" src=\"https:\/\/www.radiopiu.net\/wordpress\/wp-content\/uploads\/2022\/02\/274241128_279447150998042_5515867279769347643_n-150x150.jpg\" class=\"attachment-thumbnail size-thumbnail\" alt=\"\" \/><\/a>\n\t\t\t\t<\/dt><\/dl><dl class='gallery-item'>\n\t\t\t\t<dt class='gallery-icon landscape'>\n\t\t\t\t\t<a class=\"rollover rollover-zoom dt-pswp-item\" title=\"274013106_379569830263234_5496305832166408651_n\" data-dt-img-description=\"\" data-large_image_width=\"500\" data-large_image_height=\"373\"href='https:\/\/www.radiopiu.net\/wordpress\/wp-content\/uploads\/2022\/02\/274013106_379569830263234_5496305832166408651_n.jpg'><img loading=\"lazy\" decoding=\"async\" width=\"150\" height=\"150\" src=\"https:\/\/www.radiopiu.net\/wordpress\/wp-content\/uploads\/2022\/02\/274013106_379569830263234_5496305832166408651_n-150x150.jpg\" class=\"attachment-thumbnail size-thumbnail\" alt=\"\" \/><\/a>\n\t\t\t\t<\/dt><\/dl><dl class='gallery-item'>\n\t\t\t\t<dt class='gallery-icon portrait'>\n\t\t\t\t\t<a class=\"rollover rollover-zoom dt-pswp-item\" title=\"274434413_827570621383731_5067081632442486527_n\" data-dt-img-description=\"\" data-large_image_width=\"375\" data-large_image_height=\"500\"href='https:\/\/www.radiopiu.net\/wordpress\/wp-content\/uploads\/2022\/02\/274434413_827570621383731_5067081632442486527_n.jpg'><img loading=\"lazy\" decoding=\"async\" width=\"150\" height=\"150\" src=\"https:\/\/www.radiopiu.net\/wordpress\/wp-content\/uploads\/2022\/02\/274434413_827570621383731_5067081632442486527_n-150x150.jpg\" class=\"attachment-thumbnail size-thumbnail\" alt=\"\" \/><\/a>\n\t\t\t\t<\/dt><\/dl><dl class='gallery-item'>\n\t\t\t\t<dt class='gallery-icon portrait'>\n\t\t\t\t\t<a class=\"rollover rollover-zoom dt-pswp-item\" title=\"274303430_5188622637824096_8528717131396707007_n\" data-dt-img-description=\"\" data-large_image_width=\"325\" data-large_image_height=\"500\"href='https:\/\/www.radiopiu.net\/wordpress\/wp-content\/uploads\/2022\/02\/274303430_5188622637824096_8528717131396707007_n.jpg'><img loading=\"lazy\" decoding=\"async\" width=\"150\" height=\"150\" src=\"https:\/\/www.radiopiu.net\/wordpress\/wp-content\/uploads\/2022\/02\/274303430_5188622637824096_8528717131396707007_n-150x150.jpg\" class=\"attachment-thumbnail size-thumbnail\" alt=\"\" \/><\/a>\n\t\t\t\t<\/dt><\/dl><br style=\"clear: both\" \/><dl class='gallery-item'>\n\t\t\t\t<dt class='gallery-icon landscape'>\n\t\t\t\t\t<a class=\"rollover rollover-zoom dt-pswp-item\" title=\"273964641_993846474671062_2253665571413077460_n\" data-dt-img-description=\"\" data-large_image_width=\"550\" data-large_image_height=\"461\"href='https:\/\/www.radiopiu.net\/wordpress\/wp-content\/uploads\/2022\/02\/273964641_993846474671062_2253665571413077460_n.jpg'><img loading=\"lazy\" decoding=\"async\" width=\"150\" height=\"150\" src=\"https:\/\/www.radiopiu.net\/wordpress\/wp-content\/uploads\/2022\/02\/273964641_993846474671062_2253665571413077460_n-150x150.jpg\" class=\"attachment-thumbnail size-thumbnail\" alt=\"\" \/><\/a>\n\t\t\t\t<\/dt><\/dl><dl class='gallery-item'>\n\t\t\t\t<dt class='gallery-icon landscape'>\n\t\t\t\t\t<a class=\"rollover rollover-zoom dt-pswp-item\" title=\"274252150_919867908678186_8092626319121539884_n\" data-dt-img-description=\"\" data-large_image_width=\"550\" data-large_image_height=\"391\"href='https:\/\/www.radiopiu.net\/wordpress\/wp-content\/uploads\/2022\/02\/274252150_919867908678186_8092626319121539884_n.jpg'><img loading=\"lazy\" decoding=\"async\" width=\"150\" height=\"150\" src=\"https:\/\/www.radiopiu.net\/wordpress\/wp-content\/uploads\/2022\/02\/274252150_919867908678186_8092626319121539884_n-150x150.jpg\" class=\"attachment-thumbnail size-thumbnail\" alt=\"\" \/><\/a>\n\t\t\t\t<\/dt><\/dl><dl class='gallery-item'>\n\t\t\t\t<dt class='gallery-icon portrait'>\n\t\t\t\t\t<a class=\"rollover rollover-zoom dt-pswp-item\" title=\"273978144_251830413812667_4929069554990402530_n\" data-dt-img-description=\"\" data-large_image_width=\"355\" data-large_image_height=\"500\"href='https:\/\/www.radiopiu.net\/wordpress\/wp-content\/uploads\/2022\/02\/273978144_251830413812667_4929069554990402530_n.jpg'><img loading=\"lazy\" decoding=\"async\" width=\"150\" height=\"150\" src=\"https:\/\/www.radiopiu.net\/wordpress\/wp-content\/uploads\/2022\/02\/273978144_251830413812667_4929069554990402530_n-150x150.jpg\" class=\"attachment-thumbnail size-thumbnail\" alt=\"\" \/><\/a>\n\t\t\t\t<\/dt><\/dl><dl class='gallery-item'>\n\t\t\t\t<dt class='gallery-icon landscape'>\n\t\t\t\t\t<a class=\"rollover rollover-zoom dt-pswp-item\" title=\"274148854_466940184820757_1637358290517130725_n\" data-dt-img-description=\"\" data-large_image_width=\"550\" data-large_image_height=\"408\"href='https:\/\/www.radiopiu.net\/wordpress\/wp-content\/uploads\/2022\/02\/274148854_466940184820757_1637358290517130725_n.jpg'><img loading=\"lazy\" decoding=\"async\" width=\"150\" height=\"150\" src=\"https:\/\/www.radiopiu.net\/wordpress\/wp-content\/uploads\/2022\/02\/274148854_466940184820757_1637358290517130725_n-150x150.jpg\" class=\"attachment-thumbnail size-thumbnail\" alt=\"\" \/><\/a>\n\t\t\t\t<\/dt><\/dl><dl class='gallery-item'>\n\t\t\t\t<dt class='gallery-icon landscape'>\n\t\t\t\t\t<a class=\"rollover rollover-zoom dt-pswp-item\" title=\"274803877_495836105238014_3364897820196319081_n\" data-dt-img-description=\"\" data-large_image_width=\"550\" data-large_image_height=\"267\"href='https:\/\/www.radiopiu.net\/wordpress\/wp-content\/uploads\/2022\/02\/274803877_495836105238014_3364897820196319081_n.jpg'><img loading=\"lazy\" decoding=\"async\" width=\"150\" height=\"150\" src=\"https:\/\/www.radiopiu.net\/wordpress\/wp-content\/uploads\/2022\/02\/274803877_495836105238014_3364897820196319081_n-150x150.jpg\" class=\"attachment-thumbnail size-thumbnail\" alt=\"\" \/><\/a>\n\t\t\t\t<\/dt><\/dl><dl class='gallery-item'>\n\t\t\t\t<dt class='gallery-icon landscape'>\n\t\t\t\t\t<a class=\"rollover rollover-zoom dt-pswp-item\" title=\"274019413_1130122877772999_4775143098858895896_n\" data-dt-img-description=\"\" data-large_image_width=\"550\" data-large_image_height=\"413\"href='https:\/\/www.radiopiu.net\/wordpress\/wp-content\/uploads\/2022\/02\/274019413_1130122877772999_4775143098858895896_n.jpg'><img loading=\"lazy\" decoding=\"async\" width=\"150\" height=\"150\" src=\"https:\/\/www.radiopiu.net\/wordpress\/wp-content\/uploads\/2022\/02\/274019413_1130122877772999_4775143098858895896_n-150x150.jpg\" class=\"attachment-thumbnail size-thumbnail\" alt=\"\" \/><\/a>\n\t\t\t\t<\/dt><\/dl><br style=\"clear: both\" \/><dl class='gallery-item'>\n\t\t\t\t<dt class='gallery-icon portrait'>\n\t\t\t\t\t<a class=\"rollover rollover-zoom dt-pswp-item\" title=\"274065538_688112248895266_7578977032644522696_n\" data-dt-img-description=\"\" data-large_image_width=\"389\" data-large_image_height=\"550\"href='https:\/\/www.radiopiu.net\/wordpress\/wp-content\/uploads\/2022\/02\/274065538_688112248895266_7578977032644522696_n.jpg'><img loading=\"lazy\" decoding=\"async\" width=\"150\" height=\"150\" src=\"https:\/\/www.radiopiu.net\/wordpress\/wp-content\/uploads\/2022\/02\/274065538_688112248895266_7578977032644522696_n-150x150.jpg\" class=\"attachment-thumbnail size-thumbnail\" alt=\"\" \/><\/a>\n\t\t\t\t<\/dt><\/dl><dl class='gallery-item'>\n\t\t\t\t<dt class='gallery-icon portrait'>\n\t\t\t\t\t<a class=\"rollover rollover-zoom dt-pswp-item\" title=\"274391898_1388774101541203_4045238491887974674_n\" data-dt-img-description=\"\" data-large_image_width=\"387\" data-large_image_height=\"550\"href='https:\/\/www.radiopiu.net\/wordpress\/wp-content\/uploads\/2022\/02\/274391898_1388774101541203_4045238491887974674_n.jpg'><img loading=\"lazy\" decoding=\"async\" width=\"150\" height=\"150\" src=\"https:\/\/www.radiopiu.net\/wordpress\/wp-content\/uploads\/2022\/02\/274391898_1388774101541203_4045238491887974674_n-150x150.jpg\" class=\"attachment-thumbnail size-thumbnail\" alt=\"\" \/><\/a>\n\t\t\t\t<\/dt><\/dl><dl class='gallery-item'>\n\t\t\t\t<dt class='gallery-icon portrait'>\n\t\t\t\t\t<a class=\"rollover rollover-zoom dt-pswp-item\" title=\"273999150_397923408840569_8463856602854705980_n\" data-dt-img-description=\"\" data-large_image_width=\"401\" data-large_image_height=\"550\"href='https:\/\/www.radiopiu.net\/wordpress\/wp-content\/uploads\/2022\/02\/273999150_397923408840569_8463856602854705980_n.jpg'><img loading=\"lazy\" decoding=\"async\" width=\"150\" height=\"150\" src=\"https:\/\/www.radiopiu.net\/wordpress\/wp-content\/uploads\/2022\/02\/273999150_397923408840569_8463856602854705980_n-150x150.jpg\" class=\"attachment-thumbnail size-thumbnail\" alt=\"\" \/><\/a>\n\t\t\t\t<\/dt><\/dl><dl class='gallery-item'>\n\t\t\t\t<dt class='gallery-icon landscape'>\n\t\t\t\t\t<a class=\"rollover rollover-zoom dt-pswp-item\" title=\"273787594_487185216178670_3127649451013096564_n\" data-dt-img-description=\"\" data-large_image_width=\"550\" data-large_image_height=\"427\"href='https:\/\/www.radiopiu.net\/wordpress\/wp-content\/uploads\/2022\/02\/273787594_487185216178670_3127649451013096564_n.jpg'><img loading=\"lazy\" decoding=\"async\" width=\"150\" height=\"150\" src=\"https:\/\/www.radiopiu.net\/wordpress\/wp-content\/uploads\/2022\/02\/273787594_487185216178670_3127649451013096564_n-150x150.jpg\" class=\"attachment-thumbnail size-thumbnail\" alt=\"\" \/><\/a>\n\t\t\t\t<\/dt><\/dl><dl class='gallery-item'>\n\t\t\t\t<dt class='gallery-icon portrait'>\n\t\t\t\t\t<a class=\"rollover rollover-zoom dt-pswp-item\" title=\"274506841_629363244799080_2750946118990356232_n\" data-dt-img-description=\"\" data-large_image_width=\"347\" data-large_image_height=\"500\"href='https:\/\/www.radiopiu.net\/wordpress\/wp-content\/uploads\/2022\/02\/274506841_629363244799080_2750946118990356232_n.jpg'><img loading=\"lazy\" decoding=\"async\" width=\"150\" height=\"150\" src=\"https:\/\/www.radiopiu.net\/wordpress\/wp-content\/uploads\/2022\/02\/274506841_629363244799080_2750946118990356232_n-150x150.jpg\" class=\"attachment-thumbnail size-thumbnail\" alt=\"\" \/><\/a>\n\t\t\t\t<\/dt><\/dl>\n\t\t\t\t<br style='clear: both' \/>\n\t\t\t<\/div>\n\n<\/div>\n<p class=\"ii04i59q jq4qci2q g9io39s2 oo9gr5id\" dir=\"auto\" role=\"none\">NELLE FOTO (dal sito digilander.libero. it.costaltadicadore): il grande artista di Costalta di Comelico, Giovanni De Bettin Linc.; \u201cTramonto del giorno\u2026 e della vita\u201d, opera del 1983; \u201cBagnante\u201d del 1975; \u201cCavalli al pascolo\u201d; \u201cContadino con ciotola e piccone\u201d, anni \u201980; \u201cCristo coronato di spine\u201d, anni \u201970; \u201cFamiglia Oscar Coi\u201d; \u201cFendineve\u201d; Giovanni Paolo II nei boschi del Cadore\u201d, del 1993; la \u201cRaccolta del fieno\u201d, anni \u201990; \u201cLe tre et\u00e0 della vita\u201d realizzato nel 1980; \u201cMungitura\u201d, anni \u201990; \u201cPaesaggio con abeti\u201d; \u201cPala di San Rocco\u201d della chiesa parrocchiale di Costalta, anno 1971; ritratto del figlio Daniele; \u201cRitratto del padre\u201d; \u201cStudio di nudo\u201d; \u201cVecchio cacciatore\u201d.<\/p>\n<hr \/>\n<div class=\"page\" title=\"Page 1\">\n<div class=\"layoutArea\">\n<div class=\"column\">\n<blockquote>\n<h3><\/h3>\n<h3>\u00a0LA GUARDIA DI FINANZA CERCA 1175 ALLIEVI MARESCIALLI<\/h3>\n<\/blockquote>\n<p><strong>ROMA<\/strong> E&#8217; stato pubblicato il concorso, per titoli ed esami, per l\u2019ammissione di 1.175 allievi marescialli al 94\u00b0 corso presso la Scuola Ispettori e Sovrintendenti della Guardia di Finanza, per l\u2019anno accademico 2022\/2023. La domanda di partecipazione al concorso, da presentare entro le ore 12 del 21 marzo https:\/\/concorsi.gdf.gov.it.<\/p>\n<p>&nbsp;<\/p>\n<p>&nbsp;<\/p>\n<hr \/>\n<p>&nbsp;<\/p>\n<\/div>\n<\/div>\n<\/div>\n<blockquote>\n<h3>SERVIZIO CIVILE UNIVERSALE ANCHE AL DIPARTIMENTO DI PREVENZIONE DELL&#8217;ULSS1 DOLOMITI<\/h3>\n<\/blockquote>\n<p><strong><a class=\"dt-pswp-item\" href=\"https:\/\/www.radiopiu.net\/wordpress\/wp-content\/uploads\/2018\/09\/servizio-civile.png\" data-dt-img-description=\"\" data-large_image_width=\"1193\" data-large_image_height=\"1193\"><img loading=\"lazy\" decoding=\"async\" class=\"wp-image-60515 alignleft\" src=\"https:\/\/www.radiopiu.net\/wordpress\/wp-content\/uploads\/2018\/09\/servizio-civile-300x300.png\" alt=\"\" width=\"123\" height=\"123\" srcset=\"https:\/\/www.radiopiu.net\/wordpress\/wp-content\/uploads\/2018\/09\/servizio-civile-300x300.png 300w, https:\/\/www.radiopiu.net\/wordpress\/wp-content\/uploads\/2018\/09\/servizio-civile-150x150.png 150w, https:\/\/www.radiopiu.net\/wordpress\/wp-content\/uploads\/2018\/09\/servizio-civile-768x768.png 768w, https:\/\/www.radiopiu.net\/wordpress\/wp-content\/uploads\/2018\/09\/servizio-civile-1024x1024.png 1024w, https:\/\/www.radiopiu.net\/wordpress\/wp-content\/uploads\/2018\/09\/servizio-civile.png 1193w\" sizes=\"auto, (max-width: 123px) 100vw, 123px\" \/><\/a>BELLUNO<\/strong> E&#8217;<span style=\"font-family: Calibri, sans-serif;\">\u00a0possibile candidarsi per un posto per il Servizio Civile al <\/span><span style=\"font-family: Calibri, sans-serif;\">Dipartimento di Prevenzione dell\u2019Ulss Dolomiti. <\/span><span style=\"font-family: Calibri, sans-serif;\">L\u2019Ulss Dolomiti ha aderito a uno dei progetti<\/span><span style=\"font-family: Calibri, sans-serif;\">, per l\u2019affiancamento alla realizzazione e coordinamento delle attivit\u00e0 di promozione alla salute in collaborazione con Enti e Associazioni del territorio, rivolte alla popolazione. <\/span><span style=\"font-family: Calibri, sans-serif;\">Il progetto avr\u00e0 durata di 365 giorni, per un impegno di <\/span><span style=\"font-family: Calibri, sans-serif;\">25 ore alla settimana<\/span> <span style=\"color: #050505;\"><span style=\"font-family: Calibri, sans-serif;\">per 1 anno, con un\u2019indennit\u00e0 mensile di 444,30 \u20ac e<\/span><\/span><span style=\"font-family: Calibri, sans-serif;\"> la possibilit\u00e0 di usufruire di ferie e malattia retribuita. <\/span><span style=\"color: #050505;\"><span style=\"font-family: Calibri, sans-serif;\">Informazioni e bando di selezione: <\/span><\/span><span style=\"color: #0000ff;\"><span lang=\"zxx\"><u><a class=\"western\" href=\"https:\/\/www.feltrino.bl.it\/myportal\/CMF64\/vivere\/serviziocivile\/bando2021?fbclid=IwAR3IgyE0tmACZcuIDbsGAvOE037DUSjGau1FfqSfWAbEYG4lFyFcszm0fBU\" target=\"_blank\" rel=\"noopener\"><span style=\"font-family: Calibri, sans-serif;\">https:\/\/www.feltrino.bl.it\/&#8230;\/serviziocivile\/bando2021<\/span><\/a><\/u><\/span><\/span><\/p>\n<p>&nbsp;<\/p>\n<hr \/>\n<div class=\"page-title-breadcrumbs\">\n<div class=\"dati1w0a hv4rvrfc osnr6wyh\">\n<p>&nbsp;<\/p>\n<\/div>\n<p>&nbsp;<\/p>\n<p><strong>CARNEVALE AL MIS<\/strong> Domani dalle 15 in poi nella sale dell&#8217;ex asilo festa di carnevale con passeggiate per le vie del paese e&#8230; se in compagnia vuoi mangiare, qualche cosa devi portare.<\/p>\n<\/div>\n<p>&nbsp;<\/p>\n<p>&nbsp;<\/p>\n<p>&nbsp;<\/p>\n<hr \/>\n<p>&nbsp;<\/p>\n<blockquote>\n<h3>CAMMINANATURALMENTE DI MARZO 2022<\/h3>\n<\/blockquote>\n<p><strong><a class=\"dt-pswp-item\" href=\"https:\/\/www.radiopiu.net\/wordpress\/wp-content\/uploads\/2022\/02\/Immagine2.jpg\" data-dt-img-description=\"\" data-large_image_width=\"1043\" data-large_image_height=\"783\"><img loading=\"lazy\" decoding=\"async\" class=\"size-medium wp-image-261639 alignleft\" src=\"https:\/\/www.radiopiu.net\/wordpress\/wp-content\/uploads\/2022\/02\/Immagine2-300x225.jpg\" alt=\"\" width=\"300\" height=\"225\" srcset=\"https:\/\/www.radiopiu.net\/wordpress\/wp-content\/uploads\/2022\/02\/Immagine2-300x225.jpg 300w, https:\/\/www.radiopiu.net\/wordpress\/wp-content\/uploads\/2022\/02\/Immagine2-1024x769.jpg 1024w, https:\/\/www.radiopiu.net\/wordpress\/wp-content\/uploads\/2022\/02\/Immagine2-768x577.jpg 768w, https:\/\/www.radiopiu.net\/wordpress\/wp-content\/uploads\/2022\/02\/Immagine2.jpg 1043w\" sizes=\"auto, (max-width: 300px) 100vw, 300px\" \/><\/a>BELLUNO\u00a0<\/strong>La Biblioteca civica di Belluno organizza Itinerari naturalistici ed ambientali con Anacleto Boranga: Sabato 5 marzo 2022 \u2013 BOSCO DELLE CASTAGNE \u2013 suggestioni e ricordi Il Bosco delle Castagne si trova su un\u2019altura isolata che offre un panorama a 360\u00b0 sui monti della Val Belluna e dell\u2019Alpago. Sabato 12 marzo 2022 \u2013 LE ANTICHE ROGGE LUNGO IL CORDEVOLE Un fitto reticolo di canali si diramava, lungo le sponde del Cordevole, per ricavare dallo scorrere dell\u2019acqua l\u2019 energia motrice per il funzionamento di una numerosa serie di opifici. che costituivano un polo preindustriale presente gi\u00e0 nel medioevo. Prenotazione obbligatoria presso la sede della Biblioteca civica di Belluno oppure al tel. 0437 948093, o inviando una e-mail a biblioteca@comune.belluno.it entro il giorno precedente l\u2019escursione, fino ad un massimo di 30 partecipanti per ogni escursione. Nel caso di brutto tempo l\u2019escursione verr\u00e0 annullata o rimandata a data da destinarsi. Eventuali informazioni al tel 340 876 9665 (Anacleto).<\/p>\n<p>&nbsp;<\/p>\n<p>&nbsp;<\/p>\n<hr \/>\n<p>&nbsp;<\/p>\n<blockquote>\n<h3>L&#8217;UFFICIO PRO LOCO DI CANALE D&#8217;AGORDO CHIUDE A MARZO<\/h3>\n<\/blockquote>\n<p><strong>CANALE D&#8217;AGORDO <\/strong>L&#8217;ufficio pro loco a marzo rimarr\u00e0 CHIUSO, mentre il Museo Albino Luciani apre SU RICHIESTA per <b>gruppi<\/b> di almeno 10 persone con preavviso di almeno un giorno. Per necessit\u00e0 ed urgenze contattare il numero 04371948001 oppure via mail a <a title=\"mailto:info@prolococanale.it\" href=\"mailto:info@prolococanale.it\">info@prolococanale.it<\/a> e <a title=\"mailto:info@fondazionepapaluciani.com\" href=\"mailto:info@fondazionepapaluciani.com\">info@fondazionepapaluciani.com<\/a>.<\/p>\n<p>&nbsp;<\/p>\n<p>&nbsp;<\/p>\n<hr \/>\n<p>&nbsp;<\/p>\n<blockquote>\n<h3>DUE APPUNTAMENTI CON IL GAMP<\/h3>\n<\/blockquote>\n<p><strong>AGORDO <\/strong>Sono due gli appuntamenti con il Gamp nelle prossime settimane. Sabato 5 marzo alle 17 in Sala Don Tamis ad Agordo l&#8217;assemblea annuale dei soci, domenica 13 marzo \u00e8 in programma una gita a Bologna in occasione del Bologna Mineral Show con partenza da Agordo. Per prenotazioni e info scrivere o telefonare al 3400890160 Manuel Conedera (presidente) o 3884955756 Davide Conedera (segretario) o via e-mail a info@agordogampdolomiti.it<\/p>\n<p>&nbsp;<\/p>\n<p>&nbsp;<\/p>\n<hr \/>\n<p>&nbsp;<\/p>\n<blockquote>\n<h3>PATTINAGGIO LIBERO\u00a0 AL PALAGHIACCIO DI ALLEGHE<\/h3>\n<\/blockquote>\n<p><strong>ALLEGHE <\/strong>Anche questa settimana il Palaghiaccio Alvise De Toni sar\u00e0 aperto per il pattinaggio libero. Stasera dalle 21 alle 23, domani l&#8217;Ice Disco Dance con DJ Jack dalle 21 alle 23, mercoled\u00ec dalle 16:30 alle 18:30, venerd\u00ec dalle 21 alle 23, sabato dalle 16:30 alle 18:30 e dalle 21 alle 23 e domenica dalle 14:30 alle 16:30.<\/p>\n<p>&nbsp;<\/p>\n<p>&nbsp;<\/p>\n<hr \/>\n<p>&nbsp;<\/p>\n<h2><span style=\"color: #ff0000;\">IERI ALLA RADIO\u00a0<\/span><\/h2>\n<h2><strong><a class=\"dt-pswp-item\" href=\"https:\/\/www.radiopiu.net\/wordpress\/wp-content\/uploads\/2020\/12\/DON-GIORGIO-LISE.jpg\" data-dt-img-description=\"\" data-large_image_width=\"1600\" data-large_image_height=\"901\"><img loading=\"lazy\" decoding=\"async\" class=\"size-medium wp-image-177420 alignleft\" src=\"https:\/\/www.radiopiu.net\/wordpress\/wp-content\/uploads\/2020\/12\/DON-GIORGIO-LISE-300x169.jpg\" alt=\"\" width=\"300\" height=\"169\" srcset=\"https:\/\/www.radiopiu.net\/wordpress\/wp-content\/uploads\/2020\/12\/DON-GIORGIO-LISE-300x169.jpg 300w, https:\/\/www.radiopiu.net\/wordpress\/wp-content\/uploads\/2020\/12\/DON-GIORGIO-LISE-1024x577.jpg 1024w, https:\/\/www.radiopiu.net\/wordpress\/wp-content\/uploads\/2020\/12\/DON-GIORGIO-LISE-768x432.jpg 768w, https:\/\/www.radiopiu.net\/wordpress\/wp-content\/uploads\/2020\/12\/DON-GIORGIO-LISE-1536x865.jpg 1536w, https:\/\/www.radiopiu.net\/wordpress\/wp-content\/uploads\/2020\/12\/DON-GIORGIO-LISE.jpg 1600w\" sizes=\"auto, (max-width: 300px) 100vw, 300px\" \/><\/a><\/strong><span style=\"color: #800080;\">DUE MINUTI PER TE<\/span><\/h2>\n<p><strong>APPUNTAMENTO DEL FINE SETTIMANA CON DON GIORGIO LISE<\/strong><\/p>\n<audio class=\"wp-audio-shortcode\" id=\"audio-261739-3\" preload=\"none\" style=\"width: 100%;\" controls=\"controls\"><source type=\"audio\/mpeg\" src=\"https:\/\/www.radiopiu.net\/wordpress\/wp-content\/uploads\/2022\/02\/DON-GIORGIO-3.mp3?_=3\" \/><a href=\"https:\/\/www.radiopiu.net\/wordpress\/wp-content\/uploads\/2022\/02\/DON-GIORGIO-3.mp3\">https:\/\/www.radiopiu.net\/wordpress\/wp-content\/uploads\/2022\/02\/DON-GIORGIO-3.mp3<\/a><\/audio>\n<p>&nbsp;<\/p>\n<hr \/>\n<p>&nbsp;<\/p>\n<p><strong>TUTTI I LUNEDI ALLE 10,30 E 1900, LA DOMENICA ALLE 8 007 IN CONDOTTA, LA SCUOLA CON LA PROF. MARIA ROSA SALMAZO E CLAUDIO FONTANIVE, IN PODCAST TUTTE LE PUNTATE DELLE ULTIME STAGIONI.<\/strong><\/p>\n<p>&nbsp;<\/p>\n<blockquote class=\"wp-embedded-content\" data-secret=\"b0kim0CecJ\"><p><a href=\"https:\/\/www.radiopiu.net\/wordpress\/007incondotta-9\/\">007 in condotta<\/a><\/p><\/blockquote>\n<p><iframe loading=\"lazy\" class=\"wp-embedded-content\" sandbox=\"allow-scripts\" security=\"restricted\" style=\"position: absolute; clip: rect(1px, 1px, 1px, 1px);\" title=\"&#8220;007 in condotta&#8221; &#8212; Radio Pi\u00f9\" src=\"https:\/\/www.radiopiu.net\/wordpress\/007incondotta-9\/embed\/#?secret=b0kim0CecJ\" data-secret=\"b0kim0CecJ\" width=\"600\" height=\"338\" frameborder=\"0\" marginwidth=\"0\" marginheight=\"0\" scrolling=\"no\"><\/iframe><\/p>\n<p>&nbsp;<\/p>\n<hr \/>\n<p>&nbsp;<\/p>\n<p>&nbsp;<\/p>\n<p>https:\/\/www.radiopiu.net\/wordpress\/raccoltaso1\/<\/p>\n<p>&nbsp;<\/p>\n<hr \/>\n<p>&nbsp;<\/p>\n<div>\n<div class=\"b654a4as d2edcug0\">\n<div class=\"rq0escxv hkbzh7o3 jwdofwj8 n8tt0mok r8blr3vg hyh9befq\">\n<p><a class=\"dt-pswp-item\" href=\"https:\/\/www.radiopiu.net\/wordpress\/wp-content\/uploads\/2020\/10\/pp.jpg\" data-dt-img-description=\"\" data-large_image_width=\"640\" data-large_image_height=\"640\"><img loading=\"lazy\" decoding=\"async\" class=\"wp-image-163678 alignleft\" src=\"https:\/\/www.radiopiu.net\/wordpress\/wp-content\/uploads\/2020\/10\/pp-300x300.jpg\" alt=\"\" width=\"106\" height=\"106\" srcset=\"https:\/\/www.radiopiu.net\/wordpress\/wp-content\/uploads\/2020\/10\/pp-300x300.jpg 300w, https:\/\/www.radiopiu.net\/wordpress\/wp-content\/uploads\/2020\/10\/pp-150x150.jpg 150w, https:\/\/www.radiopiu.net\/wordpress\/wp-content\/uploads\/2020\/10\/pp-125x125.jpg 125w, https:\/\/www.radiopiu.net\/wordpress\/wp-content\/uploads\/2020\/10\/pp-200x200.jpg 200w, https:\/\/www.radiopiu.net\/wordpress\/wp-content\/uploads\/2020\/10\/pp-80x80.jpg 80w, https:\/\/www.radiopiu.net\/wordpress\/wp-content\/uploads\/2020\/10\/pp-480x480.jpg 480w, https:\/\/www.radiopiu.net\/wordpress\/wp-content\/uploads\/2020\/10\/pp.jpg 640w\" sizes=\"auto, (max-width: 106px) 100vw, 106px\" \/><\/a><\/p>\n<\/div>\n<\/div>\n<\/div>\n<div>\n<div class=\"page-title-head hgroup\">\n<div class=\"page-title-head hgroup\">\n<div class=\"b654a4as d2edcug0\">\n<div class=\"j83agx80 btwxx1t3 lhclo0ds hop8lmos nkwizq5d scwd0bx6 roh60bw9\">\n<div class=\"rq0escxv hkbzh7o3 jwdofwj8 n8tt0mok r8blr3vg hyh9befq\">\n<div class=\"do00u71z l9j0dhe7 k4urcfbm\">\n<h2><span style=\"color: #000080;\">\u00a0<\/span><span style=\"color: #000080;\">DON CESARE, IL PENSIERO DEL GIORNO. ALLA RADIO ALLE 7 DEL MATTINO E ALLE 19.30 DELLA SERA.\u00a0<\/span><\/h2>\n<p>&nbsp;<\/p>\n<\/div>\n<\/div>\n<\/div>\n<\/div>\n<\/div>\n<\/div>\n<\/div>\n<audio class=\"wp-audio-shortcode\" id=\"audio-261739-4\" preload=\"none\" style=\"width: 100%;\" controls=\"controls\"><source type=\"audio\/mpeg\" src=\"https:\/\/www.radiopiu.net\/wordpress\/wp-content\/uploads\/2022\/02\/cesare-13.mp3?_=4\" \/><a href=\"https:\/\/www.radiopiu.net\/wordpress\/wp-content\/uploads\/2022\/02\/cesare-13.mp3\">https:\/\/www.radiopiu.net\/wordpress\/wp-content\/uploads\/2022\/02\/cesare-13.mp3<\/a><\/audio>\n<p>&nbsp;<\/p>\n<hr \/>\n<p>&nbsp;<\/p>\n<h3 class=\"kvgmc6g5 cxmmr5t8 oygrvhab hcukyx3x c1et5uql\"><span style=\"color: #0000ff;\"><strong>INFORMAZIONE il canale su TELEGRAM informazione di prima mano e in tempo reale. iscriviti ed aiutaci a farlo conoscere\u00a0\u00a0<\/strong><\/span><\/h3>\n<p>&nbsp;<\/p>\n<p>&nbsp;<\/p>\n<hr \/>\n<p>&nbsp;<\/p>\n<div class=\"do00u71z l9j0dhe7 k4urcfbm\">\n<div class=\"page-title-head hgroup\">\n<div class=\"page-title-head hgroup\">\n<div class=\"b654a4as d2edcug0\">\n<div class=\"j83agx80 btwxx1t3 lhclo0ds hop8lmos nkwizq5d scwd0bx6 roh60bw9\">\n<div class=\"rq0escxv hkbzh7o3 jwdofwj8 n8tt0mok r8blr3vg hyh9befq\">\n<div class=\"do00u71z l9j0dhe7 k4urcfbm\">\n<div class=\"page-title-head hgroup\">\n<div class=\"page-title-head hgroup\">\n<div class=\"b654a4as d2edcug0\">\n<div class=\"j83agx80 btwxx1t3 lhclo0ds hop8lmos nkwizq5d scwd0bx6 roh60bw9\">\n<div class=\"rq0escxv hkbzh7o3 jwdofwj8 n8tt0mok r8blr3vg hyh9befq\">\n<div class=\"do00u71z l9j0dhe7 k4urcfbm\">\n<div class=\"ecm0bbzt e5nlhep0 a8c37x1j\">\n<div class=\"kvgmc6g5 cxmmr5t8 oygrvhab hcukyx3x c1et5uql\">\n<div class=\"gmail-kvgmc6g5 gmail-cxmmr5t8 gmail-oygrvhab gmail-hcukyx3x gmail-c1et5uql gmail-ii04i59q\">\n<div class=\"page-title-head hgroup\">\n<div class=\"page-title-head hgroup\">\n<div class=\"b654a4as d2edcug0\">\n<div class=\"j83agx80 btwxx1t3 lhclo0ds hop8lmos nkwizq5d scwd0bx6 roh60bw9\">\n<div class=\"rq0escxv hkbzh7o3 jwdofwj8 n8tt0mok r8blr3vg hyh9befq\">\n<div class=\"do00u71z l9j0dhe7 k4urcfbm\">\n<div class=\"page-title-head hgroup\">\n<div class=\"page-title-head hgroup\">\n<div class=\"b654a4as d2edcug0\">\n<div class=\"j83agx80 btwxx1t3 lhclo0ds hop8lmos nkwizq5d scwd0bx6 roh60bw9\">\n<div class=\"rq0escxv hkbzh7o3 jwdofwj8 n8tt0mok r8blr3vg hyh9befq\">\n<div class=\"do00u71z l9j0dhe7 k4urcfbm\">\n<div class=\"page-title-head hgroup\">\n<div class=\"page-title-head hgroup\">\n<div class=\"b654a4as d2edcug0\">\n<div class=\"j83agx80 btwxx1t3 lhclo0ds hop8lmos nkwizq5d scwd0bx6 roh60bw9\">\n<div class=\"rq0escxv hkbzh7o3 jwdofwj8 n8tt0mok r8blr3vg hyh9befq\">\n<div class=\"do00u71z l9j0dhe7 k4urcfbm\">\n<div class=\"ecm0bbzt e5nlhep0 a8c37x1j\">\n<div class=\"kvgmc6g5 cxmmr5t8 oygrvhab hcukyx3x c1et5uql\">\n<div class=\"gmail-kvgmc6g5 gmail-cxmmr5t8 gmail-oygrvhab gmail-hcukyx3x gmail-c1et5uql gmail-ii04i59q\">\n<div class=\"page-title-head hgroup\">\n<div class=\"page-title-head hgroup\">\n<div class=\"b654a4as d2edcug0\">\n<div class=\"j83agx80 btwxx1t3 lhclo0ds hop8lmos nkwizq5d scwd0bx6 roh60bw9\">\n<div class=\"rq0escxv hkbzh7o3 jwdofwj8 n8tt0mok r8blr3vg hyh9befq\">\n<div class=\"do00u71z l9j0dhe7 k4urcfbm\">\n<blockquote>\n<h3><span style=\"color: #ff0000;\">IN VIVO VERSO, SETTIMA STAGIONE CON BRUNELLA MORO, DAL LUNEDI AL VENERDI ALLE 7.10, 10.10 E 18.50\u00a0\u00a0<\/span><\/h3>\n<\/blockquote>\n<p>&nbsp;<\/p>\n<p>LA RACCOLTA COMPLETA<\/p>\n<p><strong> \u00a0<\/strong><\/p>\n<blockquote class=\"wp-embedded-content\" data-secret=\"Dj2LnnydFw\"><p><a href=\"https:\/\/www.radiopiu.net\/wordpress\/in-vivo-verso\/\">In Vivo Verso<\/a><\/p><\/blockquote>\n<p><iframe loading=\"lazy\" class=\"wp-embedded-content\" sandbox=\"allow-scripts\" security=\"restricted\" style=\"position: absolute; clip: rect(1px, 1px, 1px, 1px);\" title=\"&#8220;In Vivo Verso&#8221; &#8212; Radio Pi\u00f9\" src=\"https:\/\/www.radiopiu.net\/wordpress\/in-vivo-verso\/embed\/#?secret=Dj2LnnydFw\" data-secret=\"Dj2LnnydFw\" width=\"600\" height=\"338\" frameborder=\"0\" marginwidth=\"0\" marginheight=\"0\" scrolling=\"no\"><\/iframe><\/p>\n<p>&nbsp;<\/p>\n<hr \/>\n<p>&nbsp;<\/p>\n<h2><span style=\"color: #808000;\">GOCCE DI FILOSOFIA<\/span><\/h2>\n<p><strong>LA RACCOLTA COMPLETA<\/strong><\/p>\n<blockquote class=\"wp-embedded-content\" data-secret=\"BW5ij8Uxzo\"><p><a href=\"https:\/\/www.radiopiu.net\/wordpress\/gocce-filosofia\/\">Gocce di filosofia, PRIMA E SECONDA STAGIONE 2022<\/a><\/p><\/blockquote>\n<p><iframe loading=\"lazy\" class=\"wp-embedded-content\" sandbox=\"allow-scripts\" security=\"restricted\" style=\"position: absolute; clip: rect(1px, 1px, 1px, 1px);\" title=\"&#8220;Gocce di filosofia, PRIMA E SECONDA STAGIONE 2022&#8221; &#8212; Radio Pi\u00f9\" src=\"https:\/\/www.radiopiu.net\/wordpress\/gocce-filosofia\/embed\/#?secret=BW5ij8Uxzo\" data-secret=\"BW5ij8Uxzo\" width=\"600\" height=\"338\" frameborder=\"0\" marginwidth=\"0\" marginheight=\"0\" scrolling=\"no\"><\/iframe><\/p>\n<p>&nbsp;<\/p>\n<p>&nbsp;<\/p>\n<hr \/>\n<p>&nbsp;<\/p>\n<p><span style=\"color: #0000ff;\">MUSICA PIU&#8217;\u00a0<\/span><\/p>\n<p><a href=\"https:\/\/www.radiopiu.net\/wordpress\/giornale-radiopiu-20-settembre-2021-direttore-mirko-mezzacasa\/pp-79\/\" rel=\"attachment wp-att-232921\"><img loading=\"lazy\" decoding=\"async\" class=\"wp-image-232921 alignleft\" src=\"https:\/\/www.radiopiu.net\/wordpress\/wp-content\/uploads\/2021\/09\/pp-1-300x300.jpg\" alt=\"\" width=\"135\" height=\"135\" srcset=\"https:\/\/www.radiopiu.net\/wordpress\/wp-content\/uploads\/2021\/09\/pp-1-300x300.jpg 300w, https:\/\/www.radiopiu.net\/wordpress\/wp-content\/uploads\/2021\/09\/pp-1-150x150.jpg 150w, https:\/\/www.radiopiu.net\/wordpress\/wp-content\/uploads\/2021\/09\/pp-1.jpg 640w\" sizes=\"auto, (max-width: 135px) 100vw, 135px\" \/><\/a><\/p>\n<div class=\"mkdf-post-text\">\n<div class=\"mkdf-post-text-inner\">\n<div class=\"mkdf-post-text-main\">\n<div class=\"mkdf-post-text\">\n<div class=\"mkdf-post-text-inner\">\n<div class=\"mkdf-post-text-main\">\n<div class=\"mkdf-post-text\">\n<div class=\"mkdf-post-text-inner\">\n<div class=\"mkdf-post-text-main\">\n<div class=\"page-title-head hgroup\">\n<div class=\"page-title-head hgroup\">\n<div class=\"mkdf-post-text\">\n<div class=\"mkdf-post-text-inner\">\n<div class=\"mkdf-post-text-main\">\n<div class=\"mkdf-post-text\">\n<div class=\"mkdf-post-text-inner\">\n<div class=\"mkdf-post-text-main\">\n<div class=\"page-title-head hgroup\">\n<div class=\"page-title-head hgroup\">\n<div class=\"page-title-head hgroup\">\n<div class=\"page-title-head hgroup\">\n<div class=\"b654a4as d2edcug0\">\n<div class=\"page-title-head hgroup\">\n<div class=\"page-title-head hgroup\">\n<div class=\"page-title-head hgroup\">\n<div class=\"page-title-head hgroup\">\n<div class=\"b654a4as d2edcug0\">\n<div class=\"page-title-head hgroup\">\n<div class=\"page-title-head hgroup\">\n<div class=\"page-title-head hgroup\">\n<div class=\"page-title-head hgroup\">\n<div class=\"b654a4as d2edcug0\">\n<div class=\"mkdf-post-text\">\n<div class=\"mkdf-post-text-inner\">\n<div class=\"mkdf-post-text-main\">\n<div class=\"mkdf-post-text\">\n<div class=\"mkdf-post-text-inner\">\n<div class=\"mkdf-post-text-main\">\n<div class=\"mkdf-post-text\">\n<div class=\"mkdf-post-text-inner\">\n<div class=\"mkdf-post-text-main\">\n<div class=\"page-title-head hgroup\">\n<div class=\"page-title-head hgroup\">\n<div class=\"mkdf-post-text\">\n<div class=\"mkdf-post-text-inner\">\n<div class=\"mkdf-post-text-main\">\n<div class=\"mkdf-post-text\">\n<div class=\"mkdf-post-text-inner\">\n<div class=\"mkdf-post-text-main\">\n<div class=\"page-title-head hgroup\">\n<div class=\"page-title-head hgroup\">\n<div class=\"page-title-head hgroup\">\n<div class=\"page-title-head hgroup\">\n<div class=\"b654a4as d2edcug0\">\n<div class=\"page-title-head hgroup\">\n<div class=\"page-title-head hgroup\">\n<div class=\"page-title-head hgroup\">\n<div class=\"page-title-head hgroup\">\n<div class=\"b654a4as d2edcug0\">\n<div class=\"page-title-head hgroup\">\n<div class=\"page-title-head hgroup\">\n<div class=\"page-title-head hgroup\">\n<div class=\"page-title-head hgroup\">\n<div class=\"b654a4as d2edcug0\">\n<div><\/div>\n<div><\/div>\n<div>\n<p><strong>MUSICA ALLA RADIO, IL PROGRAMMA DI LORIS SCUSSEL &#8220;COLLAGE OPERAZIONE NOSTALGIA&#8221; DAL LUNEDI AL VENERDI ALLE 16.00\u00a0 E ALLE 23\u00a0<\/strong><\/p>\n<\/div>\n<p>&nbsp;<\/p>\n<p>&nbsp;<\/p>\n<p>&nbsp;<\/p>\n<p>&nbsp;<\/p>\n<p><strong><a class=\"dt-pswp-item\" href=\"https:\/\/www.radiopiu.net\/wordpress\/wp-content\/uploads\/2022\/02\/Battiato.jpg\" data-dt-img-description=\"\" data-large_image_width=\"719\" data-large_image_height=\"747\"><img loading=\"lazy\" decoding=\"async\" class=\" wp-image-261859 alignleft\" src=\"https:\/\/www.radiopiu.net\/wordpress\/wp-content\/uploads\/2022\/02\/Battiato-289x300.jpg\" alt=\"\" width=\"130\" height=\"135\" srcset=\"https:\/\/www.radiopiu.net\/wordpress\/wp-content\/uploads\/2022\/02\/Battiato-289x300.jpg 289w, https:\/\/www.radiopiu.net\/wordpress\/wp-content\/uploads\/2022\/02\/Battiato.jpg 719w\" sizes=\"auto, (max-width: 130px) 100vw, 130px\" \/><\/a>di Loris Scussel<\/strong><\/p>\n<p>Con la prossima settimana saranno pi\u00f9 di 3.000 i brani proposti da Collage nella consueta alternanza tra pezzi pi\u00f9 o meno celebri senza tralasciare quelli quasi dimenticati che il programma va ogni tanto a rispolverare, in particolare mercoled\u00ec proporremo una puntata dedicata al rock prog italiano dei primi anni 70 con un Battiato ispirato dalla musica sperimentale elettronica sulle orme del maestro Karlheinz Stockhausen. Il programma andr\u00e0 in onda dal luned\u00ec al venerd\u00ec alle 16,00 e alle 23,00.<\/p>\n<p>&nbsp;<\/p>\n<p>&nbsp;<\/p>\n<hr \/>\n<\/div>\n<\/div>\n<\/div>\n<\/div>\n<\/div>\n<\/div>\n<\/div>\n<\/div>\n<\/div>\n<\/div>\n<\/div>\n<\/div>\n<\/div>\n<\/div>\n<\/div>\n<\/div>\n<\/div>\n<\/div>\n<\/div>\n<\/div>\n<\/div>\n<\/div>\n<\/div>\n<\/div>\n<\/div>\n<\/div>\n<\/div>\n<\/div>\n<\/div>\n<\/div>\n<\/div>\n<\/div>\n<\/div>\n<\/div>\n<\/div>\n<\/div>\n<\/div>\n<\/div>\n<\/div>\n<\/div>\n<\/div>\n<\/div>\n<\/div>\n<\/div>\n<\/div>\n<\/div>\n<\/div>\n<\/div>\n<\/div>\n<\/div>\n<\/div>\n<\/div>\n<\/div>\n<\/div>\n<\/div>\n<\/div>\n<\/div>\n<\/div>\n<\/div>\n<\/div>\n<\/div>\n<\/div>\n<\/div>\n<\/div>\n<p>&nbsp;<\/p>\n<p>&nbsp;<\/p>\n<p>&nbsp;<\/p>\n<p>https:\/\/www.radiopiu.net\/wordpress\/freemix-la-liberta-musicale-mixata-da-dj-athos-e-raccontata-da-dj-jack\/<\/p>\n<p>&nbsp;<\/p>\n<blockquote class=\"wp-embedded-content\" data-secret=\"HdF3RkQILd\"><p><a href=\"https:\/\/www.radiopiu.net\/wordpress\/da-ieri-alla-radio-in-palinsesto-loris-e-maurizio-con-la-grande-musica\/\">IL BLUES ALLA RADIO &#8230; COME NON L&#8217;AVETE MAI SENTITO PRIMA<\/a><\/p><\/blockquote>\n<p><iframe loading=\"lazy\" class=\"wp-embedded-content\" sandbox=\"allow-scripts\" security=\"restricted\" style=\"position: absolute; clip: rect(1px, 1px, 1px, 1px);\" title=\"&#8220;IL BLUES ALLA RADIO &#8230; COME NON L&#8217;AVETE MAI SENTITO PRIMA&#8221; &#8212; Radio Pi\u00f9\" src=\"https:\/\/www.radiopiu.net\/wordpress\/da-ieri-alla-radio-in-palinsesto-loris-e-maurizio-con-la-grande-musica\/embed\/#?secret=HdF3RkQILd\" data-secret=\"HdF3RkQILd\" width=\"600\" height=\"338\" frameborder=\"0\" marginwidth=\"0\" marginheight=\"0\" scrolling=\"no\"><\/iframe><\/p>\n<p>&nbsp;<\/p>\n<hr \/>\n<p>&nbsp;<\/p>\n<blockquote>\n<h3><span style=\"color: #0000ff;\">INFORMAZIONE il canale su TELEGRAM informazione di prima mano e in tempo reale. iscriviti ed aiutaci a farlo conoscere\u00a0\u00a0<\/span><\/h3>\n<\/blockquote>\n<div>\n<div class=\"page-title-head hgroup\">\n<div class=\"page-title-head hgroup\">\n<div class=\"page-title-head hgroup\">\n<div class=\"page-title-head hgroup\">\n<div class=\"b654a4as d2edcug0\">\n<div class=\"page-title-head hgroup\">\n<div class=\"page-title-head hgroup\">\n<div class=\"page-title-head hgroup\">\n<div class=\"page-title-head hgroup\">\n<div class=\"b654a4as d2edcug0\">\n<div class=\"page-title-head hgroup\">\n<div class=\"page-title-head hgroup\">\n<div class=\"page-title-head hgroup\">\n<div class=\"page-title-head hgroup\">\n<div class=\"page-title-head hgroup\">\n<div class=\"page-title-head hgroup\">\n<div class=\"page-title-head hgroup\">\n<div class=\"page-title-head hgroup\">\n<div class=\"page-title-head hgroup\">\n<div class=\"b654a4as d2edcug0\">\n<div class=\"page-title-head hgroup\">\n<div class=\"page-title-head hgroup\">\n<div class=\"page-title-head hgroup\">\n<div class=\"page-title-head hgroup\">\n<div class=\"b654a4as d2edcug0\">\n<div>\n<p>&nbsp;<\/p>\n<\/div>\n<div>\n<div class=\"page-title-head hgroup\">\n<div class=\"page-title-head hgroup\">\n<div class=\"page-title-head hgroup\">\n<div class=\"page-title-head hgroup\">\n<div class=\"page-title-head hgroup\">\n<div class=\"b654a4as d2edcug0\">\n<div>\n<hr \/>\n<\/div>\n<\/div>\n<div>\n<div>\n<p>&nbsp;<\/p>\n<\/div>\n<div>\n<div>\n<p>&nbsp;<\/p>\n<\/div>\n<div>\n<div>\n<p><strong>DUE MINUTI UN LIBRO, TUTTI I GIORNI ALLA RADIO ALLE 9.40 E ALLE 17.50\u00a0<\/strong><\/p>\n<div>\n<div>\n<p><strong>LA RACCOLTA COMPLETA\u00a0\u00a0<\/strong><\/p>\n<\/div>\n<div>\n<blockquote class=\"wp-embedded-content\" data-secret=\"T65n3xAmpM\"><p><a href=\"https:\/\/www.radiopiu.net\/wordpress\/due-minuti-un-libro\/\">Due minuti un libro<\/a><\/p><\/blockquote>\n<p><iframe loading=\"lazy\" class=\"wp-embedded-content\" sandbox=\"allow-scripts\" security=\"restricted\" style=\"position: absolute; clip: rect(1px, 1px, 1px, 1px);\" title=\"&#8220;Due minuti un libro&#8221; &#8212; Radio Pi\u00f9\" src=\"https:\/\/www.radiopiu.net\/wordpress\/due-minuti-un-libro\/embed\/#?secret=T65n3xAmpM\" data-secret=\"T65n3xAmpM\" width=\"600\" height=\"338\" frameborder=\"0\" marginwidth=\"0\" marginheight=\"0\" scrolling=\"no\"><\/iframe><\/p>\n<\/div>\n<\/div>\n<\/div>\n<div class=\"mkdf-post-text\">\n<div class=\"mkdf-post-text-inner\">\n<div class=\"mkdf-post-text-main\">\n<div class=\"mkdf-post-text\">\n<div class=\"mkdf-post-text-inner\">\n<div class=\"mkdf-post-text-main\">\n<div class=\"mkdf-post-text\">\n<div class=\"mkdf-post-text-inner\">\n<div class=\"mkdf-post-text-main\">\n<div class=\"page-title-head hgroup\">\n<div class=\"page-title-head hgroup\">\n<div class=\"mkdf-post-text\">\n<div class=\"mkdf-post-text-inner\">\n<div class=\"mkdf-post-text-main\">\n<div class=\"mkdf-post-text\">\n<div class=\"mkdf-post-text-inner\">\n<div class=\"mkdf-post-text-main\">\n<div class=\"page-title-head hgroup\">\n<div class=\"page-title-head hgroup\">\n<div class=\"page-title-head hgroup\">\n<div class=\"page-title-head hgroup\">\n<div class=\"b654a4as d2edcug0\">\n<div class=\"page-title-head hgroup\">\n<div class=\"page-title-head hgroup\">\n<div class=\"page-title-head hgroup\">\n<div class=\"page-title-head hgroup\">\n<div class=\"b654a4as d2edcug0\">\n<div class=\"page-title-head hgroup\">\n<div class=\"page-title-head hgroup\">\n<div class=\"page-title-head hgroup\">\n<div class=\"page-title-head hgroup\">\n<div class=\"b654a4as d2edcug0\">\n<div>\n<p>&nbsp;<\/p>\n<\/div>\n<div>\n<hr \/>\n<p>&nbsp;<\/p>\n<\/div>\n<h2><span style=\"color: #808000;\">L&#8217;ALMANACCO LADINO\u00a0\u00a0<\/span><\/h2>\n<p><strong>LA RACCOLTA<\/strong><\/p>\n<blockquote class=\"wp-embedded-content\" data-secret=\"T6yZSWHq0P\"><p><a href=\"https:\/\/www.radiopiu.net\/wordpress\/almanacco-ladino\/\">Almanacco Ladino<\/a><\/p><\/blockquote>\n<p><iframe loading=\"lazy\" class=\"wp-embedded-content\" sandbox=\"allow-scripts\" security=\"restricted\" style=\"position: absolute; clip: rect(1px, 1px, 1px, 1px);\" title=\"&#8220;Almanacco Ladino&#8221; &#8212; Radio Pi\u00f9\" src=\"https:\/\/www.radiopiu.net\/wordpress\/almanacco-ladino\/embed\/#?secret=T6yZSWHq0P\" data-secret=\"T6yZSWHq0P\" width=\"600\" height=\"338\" frameborder=\"0\" marginwidth=\"0\" marginheight=\"0\" scrolling=\"no\"><\/iframe><\/p>\n<p>&nbsp;<\/p>\n<hr \/>\n<p>&nbsp;<\/p>\n<h2><span style=\"color: #33cccc;\">LA RASSEGNA STAMPA DA L&#8217;AMICO DEL POPOLO<\/span><\/h2>\n<p><strong><a class=\"dt-pswp-item\" href=\"https:\/\/www.radiopiu.net\/wordpress\/wp-content\/uploads\/2022\/02\/Schermata-2022-02-26-alle-15.02.18.png\" data-dt-img-description=\"\" data-large_image_width=\"828\" data-large_image_height=\"604\"><img loading=\"lazy\" decoding=\"async\" class=\"size-medium wp-image-261767 alignleft\" src=\"https:\/\/www.radiopiu.net\/wordpress\/wp-content\/uploads\/2022\/02\/Schermata-2022-02-26-alle-15.02.18-300x219.png\" alt=\"\" width=\"300\" height=\"219\" srcset=\"https:\/\/www.radiopiu.net\/wordpress\/wp-content\/uploads\/2022\/02\/Schermata-2022-02-26-alle-15.02.18-300x219.png 300w, https:\/\/www.radiopiu.net\/wordpress\/wp-content\/uploads\/2022\/02\/Schermata-2022-02-26-alle-15.02.18-768x560.png 768w, https:\/\/www.radiopiu.net\/wordpress\/wp-content\/uploads\/2022\/02\/Schermata-2022-02-26-alle-15.02.18.png 828w\" sizes=\"auto, (max-width: 300px) 100vw, 300px\" \/><\/a>di Gianni Santomaso<\/strong><\/p>\n<p>OSPITE: Raffaele Crocco, giornalista TGR Rai Trento<\/p>\n<p>&nbsp;<\/p>\n<audio class=\"wp-audio-shortcode\" id=\"audio-261739-5\" preload=\"none\" style=\"width: 100%;\" controls=\"controls\"><source type=\"audio\/mpeg\" src=\"https:\/\/www.radiopiu.net\/wordpress\/wp-content\/uploads\/2022\/02\/RASSEGNA-GIANNI-5.mp3?_=5\" \/><a href=\"https:\/\/www.radiopiu.net\/wordpress\/wp-content\/uploads\/2022\/02\/RASSEGNA-GIANNI-5.mp3\">https:\/\/www.radiopiu.net\/wordpress\/wp-content\/uploads\/2022\/02\/RASSEGNA-GIANNI-5.mp3<\/a><\/audio>\n<p>&nbsp;<\/p>\n<p><strong>LA RACCOLTA COMPLETA<\/strong><\/p>\n<blockquote class=\"wp-embedded-content\" data-secret=\"W8QKXma3aT\"><p><a href=\"https:\/\/www.radiopiu.net\/wordpress\/rassegna-stampa-di-gianni-santomaso\/\">Rassegna stampa da l&#8217;amico del popolo &#8211; di Gianni Santomaso<\/a><\/p><\/blockquote>\n<p><iframe loading=\"lazy\" class=\"wp-embedded-content\" sandbox=\"allow-scripts\" security=\"restricted\" style=\"position: absolute; clip: rect(1px, 1px, 1px, 1px);\" title=\"&#8220;Rassegna stampa da l&#8217;amico del popolo &#8211; di Gianni Santomaso&#8221; &#8212; Radio Pi\u00f9\" src=\"https:\/\/www.radiopiu.net\/wordpress\/rassegna-stampa-di-gianni-santomaso\/embed\/#?secret=W8QKXma3aT\" data-secret=\"W8QKXma3aT\" width=\"600\" height=\"338\" frameborder=\"0\" marginwidth=\"0\" marginheight=\"0\" scrolling=\"no\"><\/iframe><\/p>\n<p>&nbsp;<\/p>\n<hr \/>\n<p>&nbsp;<\/p>\n<div>\n<div class=\"page-title-head hgroup\">\n<div class=\"page-title-head hgroup\">\n<div class=\"b654a4as d2edcug0\">\n<div class=\"j83agx80 btwxx1t3 lhclo0ds hop8lmos nkwizq5d scwd0bx6 roh60bw9\">\n<div class=\"rq0escxv hkbzh7o3 jwdofwj8 n8tt0mok r8blr3vg hyh9befq\">\n<div class=\"do00u71z l9j0dhe7 k4urcfbm\">\n<div class=\"ecm0bbzt e5nlhep0 a8c37x1j\">\n<div class=\"kvgmc6g5 cxmmr5t8 oygrvhab hcukyx3x c1et5uql\">\n<div class=\"gmail-kvgmc6g5 gmail-cxmmr5t8 gmail-oygrvhab gmail-hcukyx3x gmail-c1et5uql gmail-ii04i59q\">\n<div class=\"page-title-head hgroup\">\n<div class=\"page-title-head hgroup\">\n<div class=\"b654a4as d2edcug0\">\n<div class=\"j83agx80 btwxx1t3 lhclo0ds hop8lmos nkwizq5d scwd0bx6 roh60bw9\">\n<div class=\"rq0escxv hkbzh7o3 jwdofwj8 n8tt0mok r8blr3vg hyh9befq\">\n<div class=\"do00u71z l9j0dhe7 k4urcfbm\">\n<div>\n<div class=\"page-title-head hgroup\">\n<div class=\"page-title-head hgroup\">\n<div class=\"page-title-head hgroup\">\n<div class=\"page-title-head hgroup\">\n<div class=\"b654a4as d2edcug0\">\n<div class=\"page-title-head hgroup\">\n<div class=\"page-title-head hgroup\">\n<div class=\"page-title-head hgroup\">\n<div class=\"page-title-head hgroup\">\n<div class=\"b654a4as d2edcug0\">\n<div class=\"page-title-head hgroup\">\n<div class=\"page-title-head hgroup\">\n<div class=\"page-title-head hgroup\">\n<div class=\"page-title-head hgroup\">\n<div class=\"page-title-head hgroup\">\n<div class=\"page-title-head hgroup\">\n<div class=\"page-title-head hgroup\">\n<div class=\"page-title-head hgroup\">\n<div class=\"page-title-head hgroup\">\n<div class=\"b654a4as d2edcug0\">\n<div class=\"page-title-head hgroup\">\n<div class=\"page-title-head hgroup\">\n<div class=\"page-title-head hgroup\">\n<div class=\"page-title-head hgroup\">\n<div class=\"b654a4as d2edcug0\">\n<div>\n<div class=\"page-title-head hgroup\">\n<div class=\"page-title-head hgroup\">\n<div class=\"page-title-head hgroup\">\n<div class=\"page-title-head hgroup\">\n<div class=\"page-title-head hgroup\">\n<div>\n<div>\n<div>\n<div class=\"mkdf-post-text\">\n<div class=\"mkdf-post-text-inner\">\n<div class=\"mkdf-post-text-main\">\n<div class=\"mkdf-post-text\">\n<div class=\"mkdf-post-text-inner\">\n<div class=\"mkdf-post-text-main\">\n<div class=\"mkdf-post-text\">\n<div class=\"mkdf-post-text-inner\">\n<div class=\"mkdf-post-text-main\">\n<div class=\"page-title-head hgroup\">\n<div class=\"page-title-head hgroup\">\n<div class=\"mkdf-post-text\">\n<div class=\"mkdf-post-text-inner\">\n<div class=\"mkdf-post-text-main\">\n<div class=\"mkdf-post-text\">\n<div class=\"mkdf-post-text-inner\">\n<div class=\"mkdf-post-text-main\">\n<div class=\"page-title-head hgroup\">\n<div class=\"page-title-head hgroup\">\n<div class=\"page-title-head hgroup\">\n<div class=\"page-title-head hgroup\">\n<div class=\"b654a4as d2edcug0\">\n<div class=\"page-title-head hgroup\">\n<div class=\"page-title-head hgroup\">\n<div class=\"page-title-head hgroup\">\n<div class=\"page-title-head hgroup\">\n<div class=\"b654a4as d2edcug0\">\n<div class=\"page-title-head hgroup\">\n<div class=\"page-title-head hgroup\">\n<div class=\"page-title-head hgroup\">\n<div class=\"page-title-head hgroup\">\n<div class=\"b654a4as d2edcug0\">\n<p>&nbsp;<\/p>\n<h2><span style=\"color: #800080;\">I RACCONTI DI PAOLO SOPPELSA\u00a0<\/span><\/h2>\n<p><strong>LA RACCOLTA COMPLETA<\/strong><\/p>\n<blockquote class=\"wp-embedded-content\" data-secret=\"xVgGcBRmuM\"><p><a href=\"https:\/\/www.radiopiu.net\/wordpress\/i-racconti-di-paolo-soppelsa\/\">I racconti di Paolo Soppelsa<\/a><\/p><\/blockquote>\n<p><iframe loading=\"lazy\" class=\"wp-embedded-content\" sandbox=\"allow-scripts\" security=\"restricted\" style=\"position: absolute; clip: rect(1px, 1px, 1px, 1px);\" title=\"&#8220;I racconti di Paolo Soppelsa&#8221; &#8212; Radio Pi\u00f9\" src=\"https:\/\/www.radiopiu.net\/wordpress\/i-racconti-di-paolo-soppelsa\/embed\/#?secret=xVgGcBRmuM\" data-secret=\"xVgGcBRmuM\" width=\"600\" height=\"338\" frameborder=\"0\" marginwidth=\"0\" marginheight=\"0\" scrolling=\"no\"><\/iframe><\/p>\n<p>&nbsp;<\/p>\n<\/div>\n<\/div>\n<\/div>\n<\/div>\n<\/div>\n<\/div>\n<\/div>\n<\/div>\n<\/div>\n<\/div>\n<\/div>\n<\/div>\n<\/div>\n<\/div>\n<\/div>\n<\/div>\n<\/div>\n<\/div>\n<\/div>\n<\/div>\n<\/div>\n<\/div>\n<\/div>\n<\/div>\n<\/div>\n<\/div>\n<\/div>\n<\/div>\n<\/div>\n<\/div>\n<\/div>\n<\/div>\n<\/div>\n<\/div>\n<\/div>\n<\/div>\n<\/div>\n<\/div>\n<\/div>\n<\/div>\n<\/div>\n<\/div>\n<\/div>\n<\/div>\n<\/div>\n<\/div>\n<\/div>\n<\/div>\n<\/div>\n<\/div>\n<\/div>\n<\/div>\n<\/div>\n<\/div>\n<\/div>\n<\/div>\n<\/div>\n<\/div>\n<\/div>\n<\/div>\n<\/div>\n<\/div>\n<\/div>\n<\/div>\n<\/div>\n<\/div>\n<\/div>\n<div>\n<div class=\"page-title-head hgroup\">\n<div class=\"page-title-head hgroup\">\n<div class=\"page-title-head hgroup\">\n<div class=\"page-title-head hgroup\">\n<div class=\"b654a4as d2edcug0\">\n<div class=\"page-title-head hgroup\">\n<div class=\"page-title-head hgroup\">\n<div class=\"page-title-head hgroup\">\n<div class=\"page-title-head hgroup\">\n<div class=\"b654a4as d2edcug0\">\n<div class=\"page-title-head hgroup\">\n<div class=\"page-title-head hgroup\">\n<div class=\"page-title-head hgroup\">\n<div class=\"page-title-head hgroup\">\n<div class=\"page-title-head hgroup\">\n<div class=\"page-title-head hgroup\">\n<div class=\"page-title-head hgroup\">\n<div class=\"page-title-head hgroup\">\n<div class=\"page-title-head hgroup\">\n<div class=\"b654a4as d2edcug0\">\n<div class=\"page-title-head hgroup\">\n<div class=\"page-title-head hgroup\">\n<div class=\"page-title-head hgroup\">\n<div class=\"page-title-head hgroup\">\n<div class=\"b654a4as d2edcug0\">\n<div>\n<div class=\"page-title-head hgroup\">\n<div class=\"page-title-head hgroup\">\n<div class=\"page-title-head hgroup\">\n<div class=\"page-title-head hgroup\">\n<div class=\"page-title-head hgroup\">\n<div>\n<div>\n<div>\n<div class=\"mkdf-post-text\">\n<div class=\"mkdf-post-text-inner\">\n<div class=\"mkdf-post-text-main\">\n<div class=\"mkdf-post-text\">\n<div class=\"mkdf-post-text-inner\">\n<div class=\"mkdf-post-text-main\">\n<div class=\"mkdf-post-text\">\n<div class=\"mkdf-post-text-inner\">\n<div class=\"mkdf-post-text-main\">\n<div class=\"page-title-head hgroup\">\n<div class=\"page-title-head hgroup\">\n<div class=\"mkdf-post-text\">\n<div class=\"mkdf-post-text-inner\">\n<div class=\"mkdf-post-text-main\">\n<div class=\"mkdf-post-text\">\n<div class=\"mkdf-post-text-inner\">\n<div class=\"mkdf-post-text-main\">\n<div class=\"page-title-head hgroup\">\n<div class=\"page-title-head hgroup\">\n<div class=\"page-title-head hgroup\">\n<div class=\"page-title-head hgroup\">\n<div class=\"b654a4as d2edcug0\">\n<div class=\"page-title-head hgroup\">\n<div class=\"page-title-head hgroup\">\n<div class=\"page-title-head hgroup\">\n<div class=\"page-title-head hgroup\">\n<div class=\"b654a4as d2edcug0\">\n<div class=\"page-title-head hgroup\">\n<div class=\"page-title-head hgroup\">\n<div class=\"page-title-head hgroup\">\n<div class=\"page-title-head hgroup\">\n<div class=\"b654a4as d2edcug0\">\n<hr \/>\n<\/div>\n<div class=\"b654a4as d2edcug0\">\n<p>&nbsp;<\/p>\n<p><a href=\"https:\/\/www.radiopiu.net\/wordpress\/giornale-radiopiu-26-settembre-2018-direttore-mirko-mezzacasa\/viabilita-2\/\" rel=\"attachment wp-att-61954\"><img loading=\"lazy\" decoding=\"async\" class=\"aligncenter wp-image-61954 size-full\" src=\"https:\/\/www.radiopiu.net\/wordpress\/wp-content\/uploads\/2018\/09\/viabilita.jpeg\" sizes=\"auto, (max-width: 800px) 100vw, 800px\" srcset=\"https:\/\/www.radiopiu.net\/wordpress\/wp-content\/uploads\/2018\/09\/viabilita.jpeg 800w, https:\/\/www.radiopiu.net\/wordpress\/wp-content\/uploads\/2018\/09\/viabilita-300x38.jpeg 300w, https:\/\/www.radiopiu.net\/wordpress\/wp-content\/uploads\/2018\/09\/viabilita-768x96.jpeg 768w\" alt=\"\" width=\"800\" height=\"100\" \/><\/a><\/p>\n<\/div>\n<\/div>\n<\/div>\n<\/div>\n<\/div>\n<\/div>\n<\/div>\n<\/div>\n<\/div>\n<\/div>\n<\/div>\n<\/div>\n<\/div>\n<\/div>\n<\/div>\n<\/div>\n<\/div>\n<\/div>\n<\/div>\n<\/div>\n<\/div>\n<\/div>\n<\/div>\n<\/div>\n<\/div>\n<\/div>\n<\/div>\n<\/div>\n<\/div>\n<\/div>\n<\/div>\n<\/div>\n<\/div>\n<\/div>\n<\/div>\n<\/div>\n<\/div>\n<\/div>\n<\/div>\n<\/div>\n<\/div>\n<\/div>\n<\/div>\n<\/div>\n<\/div>\n<\/div>\n<\/div>\n<\/div>\n<\/div>\n<\/div>\n<\/div>\n<\/div>\n<\/div>\n<\/div>\n<\/div>\n<\/div>\n<\/div>\n<\/div>\n<\/div>\n<\/div>\n<\/div>\n<\/div>\n<\/div>\n<\/div>\n<\/div>\n<\/div>\n<\/div>\n<\/div>\n<\/div>\n<\/div>\n<\/div>\n<\/div>\n<\/div>\n<\/div>\n<\/div>\n<\/div>\n<\/div>\n<\/div>\n<\/div>\n<\/div>\n<\/div>\n<\/div>\n<\/div>\n<div>\n<div class=\"page-title-head hgroup\">\n<div class=\"page-title-head hgroup\">\n<div class=\"b654a4as d2edcug0\">\n<div class=\"j83agx80 btwxx1t3 lhclo0ds hop8lmos nkwizq5d scwd0bx6 roh60bw9\">\n<div class=\"rq0escxv hkbzh7o3 jwdofwj8 n8tt0mok r8blr3vg hyh9befq\">\n<div class=\"do00u71z l9j0dhe7 k4urcfbm\">\n<div class=\"ecm0bbzt e5nlhep0 a8c37x1j\">\n<div class=\"kvgmc6g5 cxmmr5t8 oygrvhab hcukyx3x c1et5uql\">\n<div class=\"gmail-kvgmc6g5 gmail-cxmmr5t8 gmail-oygrvhab gmail-hcukyx3x gmail-c1et5uql gmail-ii04i59q\">\n<div class=\"page-title-head hgroup\">\n<div class=\"page-title-head hgroup\">\n<div class=\"b654a4as d2edcug0\">\n<div class=\"j83agx80 btwxx1t3 lhclo0ds hop8lmos nkwizq5d scwd0bx6 roh60bw9\">\n<div class=\"rq0escxv hkbzh7o3 jwdofwj8 n8tt0mok r8blr3vg hyh9befq\">\n<div class=\"do00u71z l9j0dhe7 k4urcfbm\">\n<div class=\"page-title-head hgroup\">\n<div class=\"page-title-head hgroup\">\n<div class=\"page-title-head hgroup\">\n<div class=\"page-title-head hgroup\">\n<div class=\"b654a4as d2edcug0\">\n<div class=\"page-title-head hgroup\">\n<div class=\"page-title-head hgroup\">\n<div class=\"page-title-head hgroup\">\n<div class=\"page-title-head hgroup\">\n<div class=\"b654a4as d2edcug0\">\n<div class=\"page-title-head hgroup\">\n<div class=\"page-title-head hgroup\">\n<div class=\"page-title-head hgroup\">\n<div class=\"page-title-head hgroup\">\n<div class=\"page-title-head hgroup\">\n<div class=\"page-title-head hgroup\">\n<div class=\"page-title-head hgroup\">\n<div class=\"page-title-head hgroup\">\n<div class=\"page-title-head hgroup\">\n<div class=\"b654a4as d2edcug0\">\n<div class=\"page-title-head hgroup\">\n<div class=\"page-title-head hgroup\">\n<div class=\"page-title-head hgroup\">\n<div class=\"page-title-head hgroup\">\n<div class=\"b654a4as d2edcug0\">\n<div class=\"page-title-head hgroup\">\n<div class=\"page-title-head hgroup\">\n<div class=\"page-title-head hgroup\">\n<div class=\"page-title-head hgroup\">\n<div class=\"page-title-head hgroup\">\n<div class=\"mkdf-post-text\">\n<div class=\"mkdf-post-text-inner\">\n<div class=\"mkdf-post-text-main\">\n<div class=\"mkdf-post-text\">\n<div class=\"mkdf-post-text-inner\">\n<div class=\"mkdf-post-text-main\">\n<div class=\"mkdf-post-text\">\n<div class=\"mkdf-post-text-inner\">\n<div class=\"mkdf-post-text-main\">\n<div class=\"page-title-head hgroup\">\n<div class=\"page-title-head hgroup\">\n<div class=\"mkdf-post-text\">\n<div class=\"mkdf-post-text-inner\">\n<div class=\"mkdf-post-text-main\">\n<div class=\"mkdf-post-text\">\n<div class=\"mkdf-post-text-inner\">\n<div class=\"mkdf-post-text-main\">\n<div class=\"page-title-head hgroup\">\n<div class=\"page-title-head hgroup\">\n<div class=\"page-title-head hgroup\">\n<div class=\"page-title-head hgroup\">\n<div class=\"b654a4as d2edcug0\">\n<div class=\"page-title-head hgroup\">\n<div class=\"page-title-head hgroup\">\n<div class=\"page-title-head hgroup\">\n<div class=\"page-title-head hgroup\">\n<div class=\"b654a4as d2edcug0\">\n<div class=\"page-title-head hgroup\">\n<div class=\"page-title-head hgroup\">\n<div class=\"page-title-head hgroup\">\n<div class=\"page-title-head hgroup\">\n<div class=\"b654a4as d2edcug0\">\n<div class=\"ecm0bbzt e5nlhep0 a8c37x1j\">\n<div class=\"kvgmc6g5 cxmmr5t8 oygrvhab hcukyx3x c1et5uql\">\n<div class=\"gmail-kvgmc6g5 gmail-cxmmr5t8 gmail-oygrvhab gmail-hcukyx3x gmail-c1et5uql gmail-ii04i59q\">\n<div class=\"page-title-head hgroup\">\n<div class=\"page-title-head hgroup\">\n<div class=\"b654a4as d2edcug0\">\n<div class=\"j83agx80 btwxx1t3 lhclo0ds hop8lmos nkwizq5d scwd0bx6 roh60bw9\">\n<div class=\"rq0escxv hkbzh7o3 jwdofwj8 n8tt0mok r8blr3vg hyh9befq\">\n<div class=\"do00u71z l9j0dhe7 k4urcfbm\">\n<div class=\"page-title-head hgroup\">\n<div class=\"page-title-head hgroup\">\n<div class=\"page-title-head hgroup\">\n<div class=\"page-title-head hgroup\">\n<div class=\"b654a4as d2edcug0\">\n<div class=\"page-title-head hgroup\">\n<div class=\"page-title-head hgroup\">\n<div class=\"page-title-head hgroup\">\n<div class=\"page-title-head hgroup\">\n<div class=\"b654a4as d2edcug0\">\n<div class=\"page-title-head hgroup\">\n<div class=\"page-title-head hgroup\">\n<div class=\"page-title-head hgroup\">\n<div class=\"page-title-head hgroup\">\n<div class=\"page-title-head hgroup\">\n<div class=\"page-title-head hgroup\">\n<div class=\"page-title-head hgroup\">\n<div class=\"page-title-head hgroup\">\n<div class=\"page-title-head hgroup\">\n<div class=\"b654a4as d2edcug0\">\n<div class=\"page-title-head hgroup\">\n<div class=\"page-title-head hgroup\">\n<div class=\"page-title-head hgroup\">\n<div class=\"page-title-head hgroup\">\n<div class=\"b654a4as d2edcug0\">\n<div class=\"page-title-head hgroup\">\n<div class=\"page-title-head hgroup\">\n<div class=\"page-title-head hgroup\">\n<div class=\"page-title-head hgroup\">\n<div class=\"page-title-head hgroup\">\n<div class=\"mkdf-post-text\">\n<div class=\"mkdf-post-text-inner\">\n<div class=\"mkdf-post-text-main\">\n<div class=\"mkdf-post-text\">\n<div class=\"mkdf-post-text-inner\">\n<div class=\"mkdf-post-text-main\">\n<div class=\"mkdf-post-text\">\n<div class=\"mkdf-post-text-inner\">\n<div class=\"mkdf-post-text-main\">\n<div class=\"page-title-head hgroup\">\n<div class=\"page-title-head hgroup\">\n<div class=\"mkdf-post-text\">\n<div class=\"mkdf-post-text-inner\">\n<div class=\"mkdf-post-text-main\">\n<div class=\"mkdf-post-text\">\n<div class=\"mkdf-post-text-inner\">\n<div class=\"mkdf-post-text-main\">\n<div class=\"page-title-head hgroup\">\n<div class=\"page-title-head hgroup\">\n<div class=\"page-title-head hgroup\">\n<div class=\"page-title-head hgroup\">\n<div class=\"b654a4as d2edcug0\">\n<div class=\"page-title-head hgroup\">\n<div class=\"page-title-head hgroup\">\n<div class=\"page-title-head hgroup\">\n<div class=\"page-title-head hgroup\">\n<div class=\"b654a4as d2edcug0\">\n<div class=\"page-title-head hgroup\">\n<div class=\"page-title-head hgroup\">\n<div class=\"page-title-head hgroup\">\n<div class=\"page-title-head hgroup\">\n<div class=\"b654a4as d2edcug0\">\n<p>&nbsp;<\/p>\n<blockquote class=\"wp-embedded-content\" data-secret=\"HOLB7ANuIU\"><p><a href=\"https:\/\/www.radiopiu.net\/wordpress\/viabilita\/\">viabilita<\/a><\/p><\/blockquote>\n<p><iframe loading=\"lazy\" class=\"wp-embedded-content\" sandbox=\"allow-scripts\" security=\"restricted\" style=\"position: absolute; clip: rect(1px, 1px, 1px, 1px);\" title=\"&#8220;viabilita&#8221; &#8212; Radio Pi\u00f9\" src=\"https:\/\/www.radiopiu.net\/wordpress\/viabilita\/embed\/#?secret=HOLB7ANuIU\" data-secret=\"HOLB7ANuIU\" width=\"600\" height=\"338\" frameborder=\"0\" marginwidth=\"0\" marginheight=\"0\" scrolling=\"no\"><\/iframe><\/p>\n<p>&nbsp;<\/p>\n<hr \/>\n<\/div>\n<\/div>\n<\/div>\n<\/div>\n<\/div>\n<\/div>\n<\/div>\n<\/div>\n<\/div>\n<\/div>\n<\/div>\n<\/div>\n<\/div>\n<\/div>\n<\/div>\n<\/div>\n<\/div>\n<\/div>\n<\/div>\n<\/div>\n<\/div>\n<\/div>\n<\/div>\n<\/div>\n<\/div>\n<\/div>\n<\/div>\n<\/div>\n<\/div>\n<\/div>\n<\/div>\n<\/div>\n<\/div>\n<\/div>\n<\/div>\n<\/div>\n<\/div>\n<\/div>\n<\/div>\n<\/div>\n<\/div>\n<\/div>\n<\/div>\n<\/div>\n<\/div>\n<\/div>\n<\/div>\n<\/div>\n<\/div>\n<\/div>\n<\/div>\n<\/div>\n<\/div>\n<\/div>\n<\/div>\n<\/div>\n<\/div>\n<\/div>\n<\/div>\n<\/div>\n<\/div>\n<\/div>\n<\/div>\n<\/div>\n<\/div>\n<\/div>\n<\/div>\n<\/div>\n<\/div>\n<\/div>\n<\/div>\n<\/div>\n<\/div>\n<\/div>\n<\/div>\n<\/div>\n<\/div>\n<\/div>\n<\/div>\n<\/div>\n<\/div>\n<\/div>\n<\/div>\n<\/div>\n<\/div>\n<\/div>\n<\/div>\n<\/div>\n<\/div>\n<\/div>\n<\/div>\n<\/div>\n<\/div>\n<\/div>\n<\/div>\n<\/div>\n<\/div>\n<\/div>\n<\/div>\n<\/div>\n<\/div>\n<\/div>\n<\/div>\n<\/div>\n<\/div>\n<\/div>\n<\/div>\n<\/div>\n<\/div>\n<\/div>\n<\/div>\n<\/div>\n<\/div>\n<\/div>\n<\/div>\n<\/div>\n<\/div>\n<\/div>\n<\/div>\n<\/div>\n<\/div>\n<\/div>\n<\/div>\n<\/div>\n<\/div>\n<\/div>\n<\/div>\n<\/div>\n<\/div>\n<\/div>\n<\/div>\n<\/div>\n<\/div>\n<\/div>\n<\/div>\n<\/div>\n<\/div>\n<\/div>\n<\/div>\n<\/div>\n<\/div>\n<\/div>\n<\/div>\n<\/div>\n<\/div>\n<\/div>\n<\/div>\n<\/div>\n<\/div>\n<p>&nbsp;<\/p>\n<div>\n<div class=\"page-title-head hgroup\">\n<div class=\"page-title-head hgroup\">\n<div class=\"b654a4as d2edcug0\">\n<div class=\"j83agx80 btwxx1t3 lhclo0ds hop8lmos nkwizq5d scwd0bx6 roh60bw9\">\n<div class=\"rq0escxv hkbzh7o3 jwdofwj8 n8tt0mok r8blr3vg hyh9befq\">\n<div class=\"do00u71z l9j0dhe7 k4urcfbm\">\n<div class=\"page-title-head hgroup\">\n<div class=\"page-title-head hgroup\">\n<div class=\"b654a4as d2edcug0\">\n<div class=\"j83agx80 btwxx1t3 lhclo0ds hop8lmos nkwizq5d scwd0bx6 roh60bw9\">\n<div class=\"rq0escxv hkbzh7o3 jwdofwj8 n8tt0mok r8blr3vg hyh9befq\">\n<div class=\"do00u71z l9j0dhe7 k4urcfbm\">\n<div class=\"ecm0bbzt e5nlhep0 a8c37x1j\">\n<div class=\"kvgmc6g5 cxmmr5t8 oygrvhab hcukyx3x c1et5uql\">\n<div class=\"gmail-kvgmc6g5 gmail-cxmmr5t8 gmail-oygrvhab gmail-hcukyx3x gmail-c1et5uql gmail-ii04i59q\">\n<div class=\"page-title-head hgroup\">\n<div class=\"page-title-head hgroup\">\n<div class=\"b654a4as d2edcug0\">\n<div class=\"j83agx80 btwxx1t3 lhclo0ds hop8lmos nkwizq5d scwd0bx6 roh60bw9\">\n<div class=\"rq0escxv hkbzh7o3 jwdofwj8 n8tt0mok r8blr3vg hyh9befq\">\n<div class=\"do00u71z l9j0dhe7 k4urcfbm\">\n<div class=\"page-title-head hgroup\">\n<div class=\"page-title-head hgroup\">\n<div class=\"b654a4as d2edcug0\">\n<div class=\"j83agx80 btwxx1t3 lhclo0ds hop8lmos nkwizq5d scwd0bx6 roh60bw9\">\n<div class=\"rq0escxv hkbzh7o3 jwdofwj8 n8tt0mok r8blr3vg hyh9befq\">\n<div class=\"do00u71z l9j0dhe7 k4urcfbm\">\n<div>\n<div class=\"page-title-head hgroup\">\n<div class=\"page-title-head hgroup\">\n<div class=\"b654a4as d2edcug0\">\n<div class=\"j83agx80 btwxx1t3 lhclo0ds hop8lmos nkwizq5d scwd0bx6 roh60bw9\">\n<div class=\"rq0escxv hkbzh7o3 jwdofwj8 n8tt0mok r8blr3vg hyh9befq\">\n<div class=\"do00u71z l9j0dhe7 k4urcfbm\">\n<div class=\"ecm0bbzt e5nlhep0 a8c37x1j\">\n<div class=\"kvgmc6g5 cxmmr5t8 oygrvhab hcukyx3x c1et5uql\">\n<div class=\"gmail-kvgmc6g5 gmail-cxmmr5t8 gmail-oygrvhab gmail-hcukyx3x gmail-c1et5uql gmail-ii04i59q\">\n<div class=\"page-title-head hgroup\">\n<div class=\"page-title-head hgroup\">\n<div class=\"b654a4as d2edcug0\">\n<div class=\"j83agx80 btwxx1t3 lhclo0ds hop8lmos nkwizq5d scwd0bx6 roh60bw9\">\n<div class=\"rq0escxv hkbzh7o3 jwdofwj8 n8tt0mok r8blr3vg hyh9befq\">\n<div class=\"do00u71z l9j0dhe7 k4urcfbm\">\n<div class=\"page-title-head hgroup\">\n<div class=\"page-title-head hgroup\">\n<div class=\"page-title-head hgroup\">\n<div class=\"page-title-head hgroup\">\n<div class=\"b654a4as d2edcug0\">\n<div class=\"page-title-head hgroup\">\n<div class=\"page-title-head hgroup\">\n<div class=\"page-title-head hgroup\">\n<div class=\"page-title-head hgroup\">\n<div class=\"b654a4as d2edcug0\">\n<div class=\"page-title-head hgroup\">\n<div class=\"page-title-head hgroup\">\n<div class=\"page-title-head hgroup\">\n<div class=\"page-title-head hgroup\">\n<div class=\"page-title-head hgroup\">\n<div class=\"page-title-head hgroup\">\n<div class=\"page-title-head hgroup\">\n<div class=\"page-title-head hgroup\">\n<div class=\"page-title-head hgroup\">\n<div class=\"b654a4as d2edcug0\">\n<div class=\"page-title-head hgroup\">\n<div class=\"page-title-head hgroup\">\n<div class=\"page-title-head hgroup\">\n<div class=\"page-title-head hgroup\">\n<div class=\"b654a4as d2edcug0\">\n<div class=\"page-title-head hgroup\">\n<div class=\"page-title-head hgroup\">\n<div class=\"page-title-head hgroup\">\n<div class=\"page-title-head hgroup\">\n<div class=\"page-title-head hgroup\">\n<div class=\"mkdf-post-text\">\n<div class=\"mkdf-post-text-inner\">\n<div class=\"mkdf-post-text-main\">\n<div class=\"mkdf-post-text\">\n<div class=\"mkdf-post-text-inner\">\n<div class=\"mkdf-post-text-main\">\n<div class=\"mkdf-post-text\">\n<div class=\"mkdf-post-text-inner\">\n<div class=\"mkdf-post-text-main\">\n<div class=\"page-title-head hgroup\">\n<div class=\"page-title-head hgroup\">\n<div class=\"mkdf-post-text\">\n<div class=\"mkdf-post-text-inner\">\n<div class=\"mkdf-post-text-main\">\n<div class=\"mkdf-post-text\">\n<div class=\"mkdf-post-text-inner\">\n<div class=\"mkdf-post-text-main\">\n<div class=\"page-title-head hgroup\">\n<div class=\"page-title-head hgroup\">\n<div class=\"page-title-head hgroup\">\n<div class=\"page-title-head hgroup\">\n<div class=\"b654a4as d2edcug0\">\n<div class=\"page-title-head hgroup\">\n<div class=\"page-title-head hgroup\">\n<div class=\"page-title-head hgroup\">\n<div class=\"page-title-head hgroup\">\n<div class=\"b654a4as d2edcug0\">\n<div class=\"page-title-head hgroup\">\n<div class=\"page-title-head hgroup\">\n<div class=\"page-title-head hgroup\">\n<div class=\"page-title-head hgroup\">\n<div class=\"b654a4as d2edcug0\">\n<div class=\"ecm0bbzt e5nlhep0 a8c37x1j\">\n<div class=\"kvgmc6g5 cxmmr5t8 oygrvhab hcukyx3x c1et5uql\">\n<div class=\"gmail-kvgmc6g5 gmail-cxmmr5t8 gmail-oygrvhab gmail-hcukyx3x gmail-c1et5uql gmail-ii04i59q\">\n<div class=\"page-title-head hgroup\">\n<div class=\"page-title-head hgroup\">\n<div class=\"b654a4as d2edcug0\">\n<div class=\"j83agx80 btwxx1t3 lhclo0ds hop8lmos nkwizq5d scwd0bx6 roh60bw9\">\n<div class=\"rq0escxv hkbzh7o3 jwdofwj8 n8tt0mok r8blr3vg hyh9befq\">\n<div class=\"do00u71z l9j0dhe7 k4urcfbm\">\n<div class=\"page-title-head hgroup\">\n<div class=\"page-title-head hgroup\">\n<div class=\"page-title-head hgroup\">\n<div class=\"page-title-head hgroup\">\n<div class=\"b654a4as d2edcug0\">\n<div class=\"page-title-head hgroup\">\n<div class=\"page-title-head hgroup\">\n<div class=\"page-title-head hgroup\">\n<div class=\"page-title-head hgroup\">\n<div class=\"b654a4as d2edcug0\">\n<div class=\"page-title-head hgroup\">\n<div class=\"page-title-head hgroup\">\n<div class=\"page-title-head hgroup\">\n<div class=\"page-title-head hgroup\">\n<div class=\"page-title-head hgroup\">\n<div class=\"page-title-head hgroup\">\n<div class=\"page-title-head hgroup\">\n<div class=\"page-title-head hgroup\">\n<div class=\"page-title-head hgroup\">\n<div class=\"b654a4as d2edcug0\">\n<div class=\"page-title-head hgroup\">\n<div class=\"page-title-head hgroup\">\n<div class=\"page-title-head hgroup\">\n<div class=\"page-title-head hgroup\">\n<div class=\"b654a4as d2edcug0\">\n<div class=\"page-title-head hgroup\">\n<div class=\"page-title-head hgroup\">\n<div class=\"page-title-head hgroup\">\n<div class=\"page-title-head hgroup\">\n<div class=\"page-title-head hgroup\">\n<div class=\"mkdf-post-text\">\n<div class=\"mkdf-post-text-inner\">\n<div class=\"mkdf-post-text-main\">\n<div class=\"mkdf-post-text\">\n<div class=\"mkdf-post-text-inner\">\n<div class=\"mkdf-post-text-main\">\n<div class=\"mkdf-post-text\">\n<div class=\"mkdf-post-text-inner\">\n<div class=\"mkdf-post-text-main\">\n<div class=\"page-title-head hgroup\">\n<div class=\"page-title-head hgroup\">\n<div class=\"mkdf-post-text\">\n<div class=\"mkdf-post-text-inner\">\n<div class=\"mkdf-post-text-main\">\n<div class=\"mkdf-post-text\">\n<div class=\"mkdf-post-text-inner\">\n<div class=\"mkdf-post-text-main\">\n<div class=\"page-title-head hgroup\">\n<div class=\"page-title-head hgroup\">\n<div class=\"page-title-head hgroup\">\n<div class=\"page-title-head hgroup\">\n<div class=\"b654a4as d2edcug0\">\n<div class=\"page-title-head hgroup\">\n<div class=\"page-title-head hgroup\">\n<div class=\"page-title-head hgroup\">\n<div class=\"page-title-head hgroup\">\n<div class=\"b654a4as d2edcug0\">\n<div class=\"page-title-head hgroup\">\n<div class=\"page-title-head hgroup\">\n<div class=\"page-title-head hgroup\">\n<div class=\"page-title-head hgroup\">\n<div class=\"b654a4as d2edcug0\">\n<p>&nbsp;<\/p>\n<\/div>\n<div class=\"b654a4as d2edcug0\">\n<div class=\"ecm0bbzt e5nlhep0 a8c37x1j\">\n<div class=\"kvgmc6g5 cxmmr5t8 oygrvhab hcukyx3x c1et5uql\">\n<div class=\"gmail-kvgmc6g5 gmail-cxmmr5t8 gmail-oygrvhab gmail-hcukyx3x gmail-c1et5uql gmail-ii04i59q\">\n<div>\n<div class=\"page-title-head hgroup\">\n<div class=\"page-title-head hgroup\">\n<div class=\"b654a4as d2edcug0\">\n<div class=\"j83agx80 btwxx1t3 lhclo0ds hop8lmos nkwizq5d scwd0bx6 roh60bw9\">\n<div class=\"rq0escxv hkbzh7o3 jwdofwj8 n8tt0mok r8blr3vg hyh9befq\">\n<div class=\"do00u71z l9j0dhe7 k4urcfbm\">\n<div>\n<div class=\"page-title-head hgroup\">\n<div class=\"page-title-head hgroup\">\n<div class=\"page-title-head hgroup\">\n<div class=\"page-title-head hgroup\">\n<div class=\"b654a4as d2edcug0\">\n<div class=\"page-title-head hgroup\">\n<div class=\"page-title-head hgroup\">\n<div class=\"page-title-head hgroup\">\n<div class=\"page-title-head hgroup\">\n<div class=\"b654a4as d2edcug0\">\n<div class=\"page-title-head hgroup\">\n<div class=\"page-title-head hgroup\">\n<div class=\"page-title-head hgroup\">\n<div class=\"page-title-head hgroup\">\n<div class=\"page-title-head hgroup\">\n<div class=\"mkdf-post-text\">\n<div class=\"mkdf-post-text-inner\">\n<div class=\"mkdf-post-text-main\">\n<div class=\"mkdf-post-text\">\n<div class=\"mkdf-post-text-inner\">\n<div class=\"mkdf-post-text-main\">\n<div class=\"mkdf-post-text\">\n<div class=\"mkdf-post-text-inner\">\n<div class=\"mkdf-post-text-main\">\n<div class=\"page-title-head hgroup\">\n<div class=\"page-title-head hgroup\">\n<div class=\"mkdf-post-text\">\n<div class=\"mkdf-post-text-inner\">\n<div class=\"mkdf-post-text-main\">\n<div class=\"mkdf-post-text\">\n<div class=\"mkdf-post-text-inner\">\n<div class=\"mkdf-post-text-main\">\n<div>\n<div class=\"page-title-head hgroup\">\n<div class=\"page-title-head hgroup\">\n<div>\n<div class=\"page-title-head hgroup\">\n<div class=\"page-title-head hgroup\">\n<div class=\"b654a4as d2edcug0\">\n<div>\n<div class=\"page-title-head hgroup\" style=\"text-align: left;\">\n<div class=\"page-title-head hgroup\">\n<div dir=\"auto\">\n<p><a class=\"dt-pswp-item pspw-wrap-ready\" href=\"https:\/\/i0.wp.com\/www.radiopiu.net\/wordpress\/wp-content\/uploads\/2018\/09\/WhatsApp-Image-2018-09-20-at-16.04.06.jpeg?ssl=1\" data-dt-img-description=\"\" data-large_image_width=\"800\" data-large_image_height=\"100\"><img loading=\"lazy\" decoding=\"async\" class=\"aligncenter wp-image-61378 size-full jetpack-lazy-image jetpack-lazy-image--handled\" src=\"https:\/\/i0.wp.com\/www.radiopiu.net\/wordpress\/wp-content\/uploads\/2018\/09\/WhatsApp-Image-2018-09-20-at-16.04.06.jpeg?resize=800%2C100&amp;ssl=1\" sizes=\"auto, (max-width: 800px) 100vw, 800px\" srcset=\"https:\/\/i0.wp.com\/www.radiopiu.net\/wordpress\/wp-content\/uploads\/2018\/09\/WhatsApp-Image-2018-09-20-at-16.04.06.jpeg?w=800&amp;ssl=1 800w, https:\/\/i0.wp.com\/www.radiopiu.net\/wordpress\/wp-content\/uploads\/2018\/09\/WhatsApp-Image-2018-09-20-at-16.04.06.jpeg?resize=300%2C38&amp;ssl=1 300w, https:\/\/i0.wp.com\/www.radiopiu.net\/wordpress\/wp-content\/uploads\/2018\/09\/WhatsApp-Image-2018-09-20-at-16.04.06.jpeg?resize=768%2C96&amp;ssl=1 768w\" alt=\"\" width=\"800\" height=\"100\" data-lazy-loaded=\"1\" \/><\/a><\/p>\n<\/div>\n<\/div>\n<\/div>\n<\/div>\n<\/div>\n<\/div>\n<\/div>\n<\/div>\n<\/div>\n<\/div>\n<\/div>\n<\/div>\n<\/div>\n<\/div>\n<\/div>\n<\/div>\n<\/div>\n<\/div>\n<\/div>\n<\/div>\n<\/div>\n<\/div>\n<\/div>\n<\/div>\n<\/div>\n<\/div>\n<\/div>\n<\/div>\n<\/div>\n<\/div>\n<\/div>\n<\/div>\n<\/div>\n<\/div>\n<\/div>\n<\/div>\n<\/div>\n<\/div>\n<\/div>\n<\/div>\n<\/div>\n<\/div>\n<\/div>\n<\/div>\n<\/div>\n<\/div>\n<\/div>\n<\/div>\n<\/div>\n<\/div>\n<\/div>\n<\/div>\n<\/div>\n<\/div>\n<\/div>\n<\/div>\n<\/div>\n<\/div>\n<\/div>\n<\/div>\n<\/div>\n<\/div>\n<\/div>\n<\/div>\n<\/div>\n<\/div>\n<\/div>\n<\/div>\n<\/div>\n<\/div>\n<\/div>\n<\/div>\n<\/div>\n<\/div>\n<\/div>\n<\/div>\n<\/div>\n<\/div>\n<\/div>\n<\/div>\n<\/div>\n<\/div>\n<\/div>\n<\/div>\n<\/div>\n<\/div>\n<\/div>\n<\/div>\n<\/div>\n<\/div>\n<\/div>\n<\/div>\n<\/div>\n<\/div>\n<\/div>\n<\/div>\n<\/div>\n<\/div>\n<\/div>\n<\/div>\n<\/div>\n<\/div>\n<\/div>\n<\/div>\n<\/div>\n<\/div>\n<\/div>\n<\/div>\n<\/div>\n<\/div>\n<\/div>\n<\/div>\n<\/div>\n<\/div>\n<\/div>\n<\/div>\n<\/div>\n<\/div>\n<\/div>\n<\/div>\n<\/div>\n<\/div>\n<\/div>\n<\/div>\n<\/div>\n<\/div>\n<\/div>\n<\/div>\n<\/div>\n<\/div>\n<\/div>\n<\/div>\n<\/div>\n<\/div>\n<\/div>\n<\/div>\n<\/div>\n<\/div>\n<\/div>\n<\/div>\n<\/div>\n<\/div>\n<\/div>\n<\/div>\n<\/div>\n<\/div>\n<\/div>\n<\/div>\n<\/div>\n<\/div>\n<\/div>\n<\/div>\n<\/div>\n<\/div>\n<\/div>\n<\/div>\n<\/div>\n<\/div>\n<\/div>\n<\/div>\n<\/div>\n<\/div>\n<\/div>\n<\/div>\n<\/div>\n<\/div>\n<\/div>\n<\/div>\n<\/div>\n<\/div>\n<\/div>\n<\/div>\n<\/div>\n<\/div>\n<\/div>\n<\/div>\n<\/div>\n<\/div>\n<\/div>\n<\/div>\n<\/div>\n<\/div>\n<\/div>\n<\/div>\n<\/div>\n<\/div>\n<\/div>\n<\/div>\n<\/div>\n<\/div>\n<\/div>\n<\/div>\n<\/div>\n<\/div>\n<\/div>\n<\/div>\n<\/div>\n<\/div>\n<\/div>\n<\/div>\n<\/div>\n<\/div>\n<\/div>\n<\/div>\n<\/div>\n<\/div>\n<\/div>\n<\/div>\n<\/div>\n<\/div>\n<\/div>\n<\/div>\n<\/div>\n<\/div>\n<\/div>\n<\/div>\n<\/div>\n<\/div>\n<\/div>\n<\/div>\n<\/div>\n<\/div>\n<\/div>\n<\/div>\n<\/div>\n<\/div>\n<\/div>\n<\/div>\n<\/div>\n<\/div>\n<\/div>\n<p>&nbsp;<\/p>\n<p><center><b>Lunedi 28<\/b><\/center><b>Tempo atteso: <\/b>Tempo inizialmente ben soleggiato ovunque, con contesto termico freddo a tutte le quote ed estese gelate mattutine; l&#8217;atmosfera torner\u00e0 ad essere ventosa in quota ed anche in qualche valle per Foehn. Al pomeriggio\/sera parziale aumento della nuvolosit\u00e0 sui settori prealpini e in parte sulle Dolomiti meridionali, cui potr\u00e0 associarsi qualche debole fenomeno sui settori esposti ad est.<br \/>\n<b>Precipitazioni: <\/b>Generalmente assenti sulle Dolomiti (0\/20%); sulle Prealpi assenti al mattino (0%), poi possibili locali rovesci verso sera (30\/50%), eventualmente nevosi a 500\/800 m, anche nei fondovalle prealpini nella notte, con eventuali accumuli irrisori.<br \/>\n<b>Temperature: <\/b>In lieve aumento sulle Dolomiti, specie in quota, stazionarie su Prealpi, con minime alla sera. Su Prealpi a 1500 m min -7\u00b0C max 0\u00b0C, a 2000 m min -10\u00b0C max -3\u00b0C. Su Dolomiti a 2000 m min -10\u00b0C max -3\u00b0C, a 3000 m min -16\u00b0C max -8\u00b0C.<br \/>\n<b>Venti: <\/b>Nelle valli deboli di direzione variabile, salvo locali rinforzi per Foehn. In quota tesi\/forti da nord nord-est, a 20-45 km\/h a 2000 m e 30-65 km\/h a 3000 m.<\/p>\n<hr \/>\n<p><center><b>Martedi 1<\/b><\/center><b>Tempo atteso: <\/b>Nottetempo e fino al primo mattino cielo nuvoloso sulle Prealpi, specie occidentali, con qualche residuo fiocco fino a fondovalle non escluso del tutto. In giornata cielo perlopi\u00f9 sereno ovunque. Contesto termico diurno ancora freddo in quota, mitigato dal sole nelle valli.<br \/>\n<b>Precipitazioni: <\/b>Assenti (0%), eccetto qualche fiocco di neve fino nei fondovalle prealpini, specie occidentali, nelle prime ore della notte (20\/30%).<br \/>\n<b>Temperature: <\/b>Senza notevoli variazioni. Su Prealpi a 1500 m min -7\u00b0C max 0\u00b0C, a 2000 m min -10\u00b0C max -4\u00b0C. Su Dolomiti a 2000 m min -11\u00b0C max -4\u00b0C, a 3000 m min -16\u00b0C max -8\u00b0C.<br \/>\n<b>Venti: <\/b>Nelle valli deboli di direzione variabile, salvo locali rinforzi per Foehn. In quota da deboli a moderati in rotazione da nord-est a nord, a 10-25 km\/h a 2000 m e 15-35 km\/h a 3000 m.<\/p>\n<hr \/>\n<p><center><b>Mercoledi 2<\/b><\/center>Cielo da sereno a poco nuvoloso per passaggio di banchi di nubi alte. Generale aumento delle temperature. Venti in ulteriore attenuazione con brezze nelle valli.<\/p>\n<hr \/>\n<p><center><b>Giovedi 3<\/b><\/center>Tempo ben soleggiato con cielo perlopi\u00f9 sereno ovunque. Contesto termico pi\u00f9 mite, specie in quota, ma ancora con probabili estese gelate mattutine. Venti deboli\/moderati settentrionali in quota. Previsore: G.M.<\/p>\n<p>&nbsp;<\/p>\n<hr \/>\n<p>&nbsp;<\/p>\n<p><img loading=\"lazy\" decoding=\"async\" class=\"wp-image-60761 size-full aligncenter\" src=\"https:\/\/www.radiopiu.net\/wordpress\/wp-content\/uploads\/2018\/09\/sport.jpg\" alt=\"\" width=\"800\" height=\"100\" srcset=\"https:\/\/www.radiopiu.net\/wordpress\/wp-content\/uploads\/2018\/09\/sport.jpg 800w, https:\/\/www.radiopiu.net\/wordpress\/wp-content\/uploads\/2018\/09\/sport-300x38.jpg 300w, https:\/\/www.radiopiu.net\/wordpress\/wp-content\/uploads\/2018\/09\/sport-768x96.jpg 768w\" sizes=\"auto, (max-width: 800px) 100vw, 800px\" \/><\/p>\n<p>&nbsp;<\/p>\n<p><span style=\"color: #3366ff;\"><strong>\u00a0SCI NORDICO\u00a0<\/strong><\/span><\/p>\n<blockquote>\n<h3>UN GRANDE BUSIN VINCITORE A MONTE BONDONE<\/h3>\n<\/blockquote>\n<p><strong>REDAZIONE<\/strong> Grande Lorenzo Busin! Primo alla Viote di Monte Bondone ski marathon, bissato il successo di sabato nella prova a tecnica classica.\u00a0 Per la prima volta (sette edizioni) un atleta \u00e8 riuscito a vincere entrambe le prove sui 30 chilometri.<br \/>\nUna doppia vittoria di buona auspicio per la Vasaloppet<\/p>\n<p><a class=\"dt-pswp-item\" href=\"https:\/\/www.radiopiu.net\/wordpress\/wp-content\/uploads\/2022\/01\/LORENZO-BUSIN-2022.png\" data-dt-img-description=\"\" data-large_image_width=\"1488\" data-large_image_height=\"1090\"><img loading=\"lazy\" decoding=\"async\" class=\"alignnone size-medium wp-image-255677\" src=\"https:\/\/www.radiopiu.net\/wordpress\/wp-content\/uploads\/2022\/01\/LORENZO-BUSIN-2022-300x220.png\" alt=\"\" width=\"300\" height=\"220\" srcset=\"https:\/\/www.radiopiu.net\/wordpress\/wp-content\/uploads\/2022\/01\/LORENZO-BUSIN-2022-300x220.png 300w, https:\/\/www.radiopiu.net\/wordpress\/wp-content\/uploads\/2022\/01\/LORENZO-BUSIN-2022-1024x750.png 1024w, https:\/\/www.radiopiu.net\/wordpress\/wp-content\/uploads\/2022\/01\/LORENZO-BUSIN-2022-768x563.png 768w, https:\/\/www.radiopiu.net\/wordpress\/wp-content\/uploads\/2022\/01\/LORENZO-BUSIN-2022.png 1488w\" sizes=\"auto, (max-width: 300px) 100vw, 300px\" \/><\/a><\/p>\n<p>&nbsp;<\/p>\n<p><span style=\"color: #0000ff;\"><strong>CALCIO<\/strong><\/span><\/p>\n<blockquote>\n<h3>L&#8217;AGORDINA RIFILA UNA MANITA AL GEMELLE, IL KERALPEN PERDE A MESTRE<\/h3>\n<\/blockquote>\n<p><strong><a class=\"dt-pswp-item\" href=\"https:\/\/www.radiopiu.net\/wordpress\/wp-content\/uploads\/2019\/06\/CALCIO-2019.jpg\" data-dt-img-description=\"\" data-large_image_width=\"624\" data-large_image_height=\"351\"><img loading=\"lazy\" decoding=\"async\" class=\"size-medium wp-image-88853 alignleft\" src=\"https:\/\/www.radiopiu.net\/wordpress\/wp-content\/uploads\/2019\/06\/CALCIO-2019-300x169.jpg\" alt=\"\" width=\"300\" height=\"169\" srcset=\"https:\/\/www.radiopiu.net\/wordpress\/wp-content\/uploads\/2019\/06\/CALCIO-2019-300x169.jpg 300w, https:\/\/www.radiopiu.net\/wordpress\/wp-content\/uploads\/2019\/06\/CALCIO-2019.jpg 624w\" sizes=\"auto, (max-width: 300px) 100vw, 300px\" \/><\/a>SECONDA CATEGORIA GIR. <\/strong><strong>T \/ AGORDINA \u2013 GEMELLE 5-0 (Gol Agordina: 3 Zannoni, Dal Don, Miana)<\/strong><\/p>\n<p>Tutto facile per l\u2019Agordina che al Comunale di Sedico supera il Gemelle. Altri tre punti aggiunti in classifica e salvezza sempre pi\u00f9 vicina per la formazione allenata da Lorenzi. La squadra di Agordo chiude la partita nel primo tempo dopo che la formazione di Mel \u00e8 rimasta con l\u2019uomo in meno dopo 20\u2019 di gara. Una prestazione da incorniciare per gli agordini che continuano a giocare bene e incamerare punti importanti tanto che occupa il quarto posto della Seconda Categoria girone T del Veneto. Il Gemelle si fa subito pericoloso con un tiro che sorvola la traversa di poco. Si gioca alla pari ma l\u2019Agordina passa in vantaggio al 20\u2019. Viene atterrato in area Fossen, fallo da ultimo uomo, rigore ed espulsione di un giocatore del Gemelle. Dagli undici metri Zannoni non sbaglia. Gli ospiti, nonostante l\u2019uomo in meno, mette in difficolta gli uomini di Lorenzi. Dell\u2019Osbel deve fare i miracoli per salvare il risultato. La squadra di Mel ci prova ma nel momento migliore gli agordini siglano la seconda marcatura di giornata. \u00c8 ancora Zannoni che mette la firma al gol del due a zero con una conclusione imprendibile. Prima della pausa la squadra allenata da Lorenzi chiude la partita con Dal Don che batte l\u2019estremo del Gemelle con un siluro di destro. Nella ripresa calano i ritmi e l\u2019Agordina sembra accontentarsi del risultato. La squadra di Agordo cala il poker ancora con Zannoni, rete che chiude definitivamente la sfida di Sedico. Per chiudere in bellezza arriva anche la quinta marcatura della squadra di Lorenzi con Miana.<\/p>\n<p>&nbsp;<\/p>\n<p><strong>GIOVANISSIMI PROVINCIALI \/ SAN VITTORE \u2013 AGORDINA 2-0<\/strong><\/p>\n<p>Il nuovo anno dell\u2019Agordina allenata da De Bastiani inizia con il piede sbagliato. La compagine di Agordo torna dalla trasferta in terra feltrina a bocca asciutta. Il San Vittore vince 2 a 0 e l\u2019Agordina rimane a met\u00e0 classifica con 13 punti.<\/p>\n<p>&nbsp;<\/p>\n<p><strong>ALLIEVI REGIONALI \/ SAN VENDEMMIANO \u2013 AGORDINA 2-2<\/strong><\/p>\n<p>Gli allievi dell\u2019Agordina tornano dalla trasferta in terra trevigiana con un punto in tasca. Termina in pareggio con due gol per parte la sfida valida per il campionato regionale. San vendemmiano che passa subito in vantaggio ed Agordina che risponde poco dopo con Ferrara. I trevigiani si riportano in vantaggio ma al 20\u2019 Benvegn\u00f9 pareggia di nuovo i conti. Una partita equilibrata e punteggio giusto con gli Agordini che rimangono in fondo alla classifica ma in zona playout con 9 punti, ad una sola lunghezza dal Cadore ultimo della classe.<\/p>\n<p>&nbsp;<\/p>\n<p><strong>JUNIORES REGIONALI \/ CONDOR TREVISO \u2013 AGORDINA 3-2<\/strong><\/p>\n<p>Sconfitta di misura per l\u2019Agordina contro il Condor Treviso. Al 3\u2019 passano in vantaggio gli agordini con Stefano De Col\u00f2 che segna grazie all\u2019assist di Matthias Marcon a metterlo a porta spalancata. In seguito \u00e8 un fallo orrendo a gamba alta del n.4 del Condor ai danni di De Col\u00f2 Gabriele a far degenerare la partita: De Col\u00f2 viene colpito in testa coi tacchetti e subisce una ferita profonda in fronte, ma l\u2019arbitro lo valuta solo da giallo. Il Condor pareggia al 32\u2019 con un gol in fuorigioco non visto dal direttore di gara (1-1). Al terzo di recupero del primo tempo \u00e8 ancora il condor a segnare portandosi sul 2-1: palla in profondit\u00e0, Andrea Cancel va a coprire per l\u2019uscita del portiere Case, l\u2019attaccante trevisano lo spinge, l\u2019arbitro non vede e per un altro giocatore del condor treviso \u00e8 semplice segnare a porta vuota (2-1). Nel secondo tempo il Condor trova dopo 2 minuti il gol del 3-1. Poco dopo vengono espulsi Mister Davare dell\u2019Agordina e il capitano Manuel Selle. Al 90\u2019 Francesco Ren guadagna e trasforma il calcio di rigore del 3-2. Una sconfitta immeritata e che lascia ben pi\u00f9 che l\u2019amaro in bocca.<\/p>\n<p><strong>\u00a0<\/strong><\/p>\n<p><strong>JUNIORES PROVINCIALI \/ FIORI BARP \u2013 JUVENTINA MUGNAI 5-0<\/strong><\/p>\n<p>Prima partita del 2022 per gli Juniores del Fioribarp che sotterrano di gol la Juventina. Parte bene l\u2019anno per la squadra sedicense che incamera 3 punti nella prima sfida ufficiale del nuovo anno. Gli uomini di mister Sommacal ripartono da dove avevano lasciato rifilando una manita alla Juventina imbottita da giovani. Al 18\u2019 Capaldo sblocca il punteggio. A fine primo tempo il Fioribarp va a segno altre due volte con Santele e Contana. Nella ripresa Hykolli cala il poker su punizione e lo stesso giocatore chiude definitivamente la sfida al 73\u2019. Primo posto in classifica per i giovani di Sedico.<\/p>\n<p>&nbsp;<\/p>\n<p><strong>ECCELLENZA FEMMINILE \/ MAERNE \u2013 KERALPEN 3-0<\/strong><\/p>\n<p>Seconda sconfitta consecutiva per il Keralpen. Niente da fare per la squadra bellunese che crolla con il Maerne. A Mestre si gioca solo un tempo, il primo dove le mestrine mettono il sigillo alla partita.Primi minuti di gara con le squadre che si studiano senza creare azioni degne di nota. Il Maerne ingrana la marcia giusta e va a segno. Le mestrine ci prendono gusto e prendono di mira la porta delle bellunesi tanto che riescono a siglare altre due marcature prima dell\u2019intervallo. Nel secondo tempo calano i ritmi e la squadra di casa si accontenta del risultato incamerando i tre punti in palio<\/p>\n<p>&nbsp;<\/p>\n<hr \/>\n<blockquote>\n<h3><\/h3>\n<h3>GABRIELE MARCON, DALL&#8217;AGORDINA ALLA DOLIMITI BELLUNESI ED ORA IN PROVA AL MILAN<\/h3>\n<\/blockquote>\n<p><strong><a class=\"dt-pswp-item\" href=\"https:\/\/www.radiopiu.net\/wordpress\/wp-content\/uploads\/2022\/02\/Schermata-2022-02-27-alle-11.45.02.png\" data-dt-img-description=\"\" data-large_image_width=\"910\" data-large_image_height=\"684\"><img loading=\"lazy\" decoding=\"async\" class=\" wp-image-261855 alignleft\" src=\"https:\/\/www.radiopiu.net\/wordpress\/wp-content\/uploads\/2022\/02\/Schermata-2022-02-27-alle-11.45.02-300x225.png\" alt=\"\" width=\"240\" height=\"180\" srcset=\"https:\/\/www.radiopiu.net\/wordpress\/wp-content\/uploads\/2022\/02\/Schermata-2022-02-27-alle-11.45.02-300x225.png 300w, https:\/\/www.radiopiu.net\/wordpress\/wp-content\/uploads\/2022\/02\/Schermata-2022-02-27-alle-11.45.02-768x577.png 768w, https:\/\/www.radiopiu.net\/wordpress\/wp-content\/uploads\/2022\/02\/Schermata-2022-02-27-alle-11.45.02.png 910w\" sizes=\"auto, (max-width: 240px) 100vw, 240px\" \/><\/a>AGORDO<\/strong> Classe 2008, ha giocato nell&#8217;Agordina e ora milita nella Dolomiti Bellunesi, Gabriele Marcon sembra essere un portento del calcio e sembra che il settore giovanile del Milan lo abbia capito. Il giovane giocatore agordino nelle settimane scorse ha avuto l&#8217;occasione di fare due giorni di allenamento con i pari et\u00e0 del Milan e la soddisfazione \u00e8 tanta. Anche in casa Agordina la felicit\u00e0 si fa sentire e a fare da portavoce \u00e8 il Presidente Cosmo Forcella. &#8220;<em>Siamo felici che un altro ragazzo della Valle si stia affermando oltre regione destando l&#8217;interesse di numerosi osservatori. Indirettamente \u00e8 un riconoscimento del lavoro svolto da tutti i componenti della societ\u00e0 e dei tecnici che allenano settimanalmente i ragazzi&#8221;. <\/em>In bocca al lupo dunque a Gabriele e chiss\u00e0 che un indomani anche la Serie A parli Agordino.<\/p>\n<p>&nbsp;<\/p>\n<hr \/>\n<blockquote>\n<h3><\/h3>\n<h3>IL CAMPIONATO AGORDINO DI CALCIO SI FARA&#8217;. NELLE PROSSIME SETTIMANE LA RIUNIONE PER DELINEARE CALENDARI E MODALITA&#8217;<\/h3>\n<\/blockquote>\n<p><strong><a class=\"dt-pswp-item\" href=\"https:\/\/www.radiopiu.net\/wordpress\/wp-content\/uploads\/2019\/01\/CALCIO-GOL.jpg\" data-dt-img-description=\"\" data-large_image_width=\"800\" data-large_image_height=\"400\"><img loading=\"lazy\" decoding=\"async\" class=\"size-medium wp-image-73083 alignleft\" src=\"https:\/\/www.radiopiu.net\/wordpress\/wp-content\/uploads\/2019\/01\/CALCIO-GOL-300x150.jpg\" alt=\"\" width=\"300\" height=\"150\" srcset=\"https:\/\/www.radiopiu.net\/wordpress\/wp-content\/uploads\/2019\/01\/CALCIO-GOL-300x150.jpg 300w, https:\/\/www.radiopiu.net\/wordpress\/wp-content\/uploads\/2019\/01\/CALCIO-GOL-768x384.jpg 768w, https:\/\/www.radiopiu.net\/wordpress\/wp-content\/uploads\/2019\/01\/CALCIO-GOL.jpg 800w\" sizes=\"auto, (max-width: 300px) 100vw, 300px\" \/><\/a>AGORDO<\/strong> Dopo due anni di stop forzato a causa della pandemia, ritorna sui campi della vallata il Campionato Agordino di Calcio. Lo si \u00e8 deciso nelle ultime ore dopo una riunione in cui le 15 squadre si sono parlate per esprimere dubbi e condivisioni. Purtroppo non saranno 15 le squadre che partecipano al torneo, Frassen\u00e8 e Atletico Caviola hanno alzato bandiera bianca. Manca all&#8217;appello anche la conferma dell&#8217;Alleghe che nelle prossime ore far\u00e0 sapere se decide di iscriversi o no alla prossima edizione. Ora, con l&#8217;annuncio ufficiale che il Campionato Agordino di Calcio 2022 verr\u00e0 giocato, mancano solo le linee guida come regolamento e modalit\u00e0 di campionato. Ma queste verranno decise solo nella prossima riunione tra societ\u00e0 e Comitato Calcio Agordino in programma dopo met\u00e0 marzo.<\/p>\n<p><strong>ANDREA BALDASSI, COORDINATORE DEL COMITATO CALCIO AGORDINO<\/strong><\/p>\n<audio class=\"wp-audio-shortcode\" id=\"audio-261739-6\" preload=\"none\" style=\"width: 100%;\" controls=\"controls\"><source type=\"audio\/mpeg\" src=\"https:\/\/www.radiopiu.net\/wordpress\/wp-content\/uploads\/2022\/02\/BALDASSI-CAMPIONATO-AGORDINO.mp3?_=6\" \/><a href=\"https:\/\/www.radiopiu.net\/wordpress\/wp-content\/uploads\/2022\/02\/BALDASSI-CAMPIONATO-AGORDINO.mp3\">https:\/\/www.radiopiu.net\/wordpress\/wp-content\/uploads\/2022\/02\/BALDASSI-CAMPIONATO-AGORDINO.mp3<\/a><\/audio>\n<p>&nbsp;<\/p>\n<blockquote>\n<h3>SI RIPARTE COL CAMPIONATO AGORDINO DI CALCIO. LE CONSIDERAZIONI DOPO L&#8217;ANNUNCIO<\/h3>\n<\/blockquote>\n<p><strong><a class=\"dt-pswp-item\" href=\"https:\/\/www.radiopiu.net\/wordpress\/wp-content\/uploads\/2021\/11\/CALCIO-2021.jpg\" data-dt-img-description=\"\" data-large_image_width=\"2560\" data-large_image_height=\"1707\"><img loading=\"lazy\" decoding=\"async\" class=\" wp-image-242798 alignright\" src=\"https:\/\/www.radiopiu.net\/wordpress\/wp-content\/uploads\/2021\/11\/CALCIO-2021-300x200.jpg\" alt=\"\" width=\"224\" height=\"149\" srcset=\"https:\/\/www.radiopiu.net\/wordpress\/wp-content\/uploads\/2021\/11\/CALCIO-2021-300x200.jpg 300w, https:\/\/www.radiopiu.net\/wordpress\/wp-content\/uploads\/2021\/11\/CALCIO-2021-1024x683.jpg 1024w, https:\/\/www.radiopiu.net\/wordpress\/wp-content\/uploads\/2021\/11\/CALCIO-2021-768x512.jpg 768w, https:\/\/www.radiopiu.net\/wordpress\/wp-content\/uploads\/2021\/11\/CALCIO-2021-1536x1024.jpg 1536w, https:\/\/www.radiopiu.net\/wordpress\/wp-content\/uploads\/2021\/11\/CALCIO-2021-2048x1366.jpg 2048w\" sizes=\"auto, (max-width: 224px) 100vw, 224px\" \/><\/a>AGORDO<\/strong> La conferma \u00e8 arrivata dalla voce del coordinatore del Comitato Calcio Agordino Andrea Baldassi. Il Campionato Agordino di Calcio ritorner\u00e0 nell&#8217;estate 2022. Una competizione che fa parte della cultura della vallata agordina e che richiama all&#8217;attenzione appassionati e non del calcio giocato. Due anni di stop ma ora si riparte&#8230;da zero. Abbiamo sentito il presidente del GS Taibon Antimo Savaris e il presidente del Le Ville Andrea Rumor che ci hanno detto la sua sulla decisione presa nelle ultime ore.<\/p>\n<p><strong>ANTIMO SAVARIS, PRESIDENTE GS TAIBON<\/strong><\/p>\n<audio class=\"wp-audio-shortcode\" id=\"audio-261739-7\" preload=\"none\" style=\"width: 100%;\" controls=\"controls\"><source type=\"audio\/mpeg\" src=\"https:\/\/www.radiopiu.net\/wordpress\/wp-content\/uploads\/2022\/02\/ANTIMO-SAVARIS-CAMP-AGO.mp3?_=7\" \/><a href=\"https:\/\/www.radiopiu.net\/wordpress\/wp-content\/uploads\/2022\/02\/ANTIMO-SAVARIS-CAMP-AGO.mp3\">https:\/\/www.radiopiu.net\/wordpress\/wp-content\/uploads\/2022\/02\/ANTIMO-SAVARIS-CAMP-AGO.mp3<\/a><\/audio>\n<p>&nbsp;<\/p>\n<p><strong>ANDREA RUMOR, PRESIDENTE DEL LE VILLE<\/strong><\/p>\n<audio class=\"wp-audio-shortcode\" id=\"audio-261739-8\" preload=\"none\" style=\"width: 100%;\" controls=\"controls\"><source type=\"audio\/mpeg\" src=\"https:\/\/www.radiopiu.net\/wordpress\/wp-content\/uploads\/2022\/02\/ANDREA-RUMOR-CAMP-AGO.mp3?_=8\" \/><a href=\"https:\/\/www.radiopiu.net\/wordpress\/wp-content\/uploads\/2022\/02\/ANDREA-RUMOR-CAMP-AGO.mp3\">https:\/\/www.radiopiu.net\/wordpress\/wp-content\/uploads\/2022\/02\/ANDREA-RUMOR-CAMP-AGO.mp3<\/a><\/audio>\n<p>&nbsp;<\/p>\n<hr \/>\n<p>&nbsp;<\/p>\n<p><span style=\"color: #0000ff;\"><strong>HOCKEY SU GHIACCIO<\/strong><\/span><\/p>\n<blockquote>\n<h3>IL PERGINE ESPUGNA IL DE TONI E METTE IN TASCA GARA 1 DEI QUARTI DI FINALE IHL<\/h3>\n<\/blockquote>\n<p><strong><a class=\"dt-pswp-item\" href=\"https:\/\/www.radiopiu.net\/wordpress\/wp-content\/uploads\/2021\/12\/ALLEGHE-HOCKEY-1.jpg\" data-dt-img-description=\"\" data-large_image_width=\"1000\" data-large_image_height=\"665\"><img loading=\"lazy\" decoding=\"async\" class=\"size-medium wp-image-247056 alignleft\" src=\"https:\/\/www.radiopiu.net\/wordpress\/wp-content\/uploads\/2021\/12\/ALLEGHE-HOCKEY-1-300x200.jpg\" alt=\"\" width=\"300\" height=\"200\" srcset=\"https:\/\/www.radiopiu.net\/wordpress\/wp-content\/uploads\/2021\/12\/ALLEGHE-HOCKEY-1-300x200.jpg 300w, https:\/\/www.radiopiu.net\/wordpress\/wp-content\/uploads\/2021\/12\/ALLEGHE-HOCKEY-1-768x511.jpg 768w, https:\/\/www.radiopiu.net\/wordpress\/wp-content\/uploads\/2021\/12\/ALLEGHE-HOCKEY-1.jpg 1000w\" sizes=\"auto, (max-width: 300px) 100vw, 300px\" \/><\/a>ALLEGHE \u2013 PERGINE 1-5<\/strong><br \/>\nPARZIALI: 0-1, 1-0, 0-4<br \/>\nGOL: pt. 14\u201911\u201d Rigoni. st. 12\u201934\u201d Kiviranta. tt. 5\u201954\u201d Foltin, 9\u201914\u201d Piva, 17\u201923\u201d Meneghini, 18\u201943\u201d Andreotti<\/p>\n<p>Partono in salita i quarti di finale per l\u2019Alleghe. La squadra allenata da Fontana perde gara 1 contro un Pergine che per gran parte della partita si \u00e8 dimostrato pi\u00f9 convinto rispetto agli agordini. Le civette non giocano la miglior partita e forse ci si aspettava qualcosa in pi\u00f9 dagli alleghesi. Ora due giorni di riposo e poi di nuovo sul ghiaccio per giocare gara 2 in terra trentina e non sar\u00e0 una passeggiata. Primi minuti di gara con le squadre che giocano a ritmi altissimi. Le gabbie rimangono ma si lotta su ogni disco. L\u2019Alleghe ci prova ma il Pergine si chiude in difesa. De Val si divora il gol del vantaggio con la porta praticamente sguarnita. Subito dopo le civette ci provano di nuovo con una superiorit\u00e0 numerica ma il disco sembra non voler entrare. I biancorossi hanno un\u2019altra opportunit\u00e0 di sbloccare il punteggio ma nel momento migliore degli agordini le linci trovano il gol del vantaggio. A beffare Scola ci pensa Rigoni dopo una serie di passaggi che hanno mandato letteralmente in bambola la difesa dei padroni di casa. Accusano il colpo gli alleghesi che non riescono a rialzarsi. Nel secondo tempo le civette sembrano pi\u00f9 convinte ed impegnano il golie avversario in pi\u00f9 occasioni. Il Pergine prova a colpire in contropiede ma la difesa agordina non si fa sorprendere ma anche Scola fa i miracoli. A riportare in parit\u00e0 la partita ci pensa Kiviranta. Nel momento peggiore gli agordini rialzano la testa con il finlandese che insacca da distanza ravvicinata. I trentini sembrano essere pi\u00f9 agguerriti ma Scola non lascia passare un disco. Il gioco diventa maschio e ad essere preso di mira \u00e8 il faro della formazione alleghese Kiviranta che pi\u00f9 volte deve subire delle cariche al limite del regolamento. Nel terzo tempo le due formazioni danno spettacolo con tanti cambi di fronte. Il Pergine si avvicina al secondo gol con Conci ma il disco viene bloccato dal portiere agordino. Le linci vanno di nuovo in vantaggio subito dopo. Con l\u2019ingresso della prima linea la difesa agordina va in difficolt\u00e0 e Foltin trova un assist d\u2019oro per battere Scola. Alleghe che prova a rispondere con De Toni in superiorit\u00e0 numerica ma il pareggio non arriva. Ci prendono gusto i trentini che vanno a segno per la terza volta con Piva. L\u2019Alleghe sembra non rialzarsi e stenta ad uscire dal proprio terzo. Intanto il Pergine non demorde e prova a chiudere la sfida definitivamente. Nel finale di gara Fontana gioca la carta dell\u2019uomo di movimento in pi\u00f9 ma gli ospiti calano il poker chiudendo la sfida con la rete di Meneghini. Arriva anche il quinto gol trentino con Andreotti.<\/p>\n<p>&nbsp;<\/p>\n<blockquote>\n<h3>AL DE TONI UN INTERVALLO PER RICORDARE LA STELLA AL MERITO SPORTIVO CONSEGNATA NEL 1986 ALL&#8217;ALLEGHE HOCKEY<\/h3>\n<\/blockquote>\n<p><strong>ALLEGHE\u00a0<\/strong>Sono trascorsi quasi 35 anni da quel 30 aprile 1986 quando l&#8217;Alleghe Hockey ricevette la Stella D&#8217;Oro al merito sportivo del CONI. Sabato sera, durante l&#8217;intervallo tra primo e secondo tempo di gara 1 quarti di finale tra Alleghe e Pergine, si \u00e8 voluto ricordare quel momento storico per la societ\u00e0 di via lungolago. Anche nell&#8217;ultimo numero di Slap Shot, il giornale gratuito dell&#8217;Alleghe Hockey, \u00e8 presente un articolo a firma di Renato De Toni che allo stadio ha ricordato qui giorni particolari per la squadra agordina.<br \/>\n<strong>foto<\/strong> <a class=\"oajrlxb2 g5ia77u1 qu0x051f esr5mh6w e9989ue4 r7d6kgcz rq0escxv nhd2j8a9 nc684nl6 p7hjln8o kvgmc6g5 cxmmr5t8 oygrvhab hcukyx3x jb3vyjys rz4wbd8a qt6c0cv9 a8nywdso i1ao9s8h esuyzwwr f1sip0of lzcic4wl gmql0nx0 gpro0wi8 lrazzd5p\" tabindex=\"0\" role=\"link\" href=\"https:\/\/www.facebook.com\/100001383519354\/\">Annalisa Dal Mas<\/a><\/p>\n\n\t\t\t<style type='text\/css'>\n\t\t\t\t#gallery-9 {\n\t\t\t\t\tmargin: auto;\n\t\t\t\t}\n\t\t\t\t#gallery-9 .gallery-item {\n\t\t\t\t\tfloat: left;\n\t\t\t\t\tmargin-top: 10px;\n\t\t\t\t\ttext-align: center;\n\t\t\t\t\twidth: 50%;\n\t\t\t\t}\n\t\t\t\t#gallery-9 img {\n\t\t\t\t\tborder: 2px solid #cfcfcf;\n\t\t\t\t}\n\t\t\t\t#gallery-9 .gallery-caption {\n\t\t\t\t\tmargin-left: 0;\n\t\t\t\t}\n\t\t\t\t\/* see gallery_shortcode() in wp-includes\/media.php *\/\n\t\t\t<\/style>\n\t\t<div id='gallery-9' class='dt-gallery-container gallery galleryid-261739 gallery-columns-2 gallery-size-thumbnail'><dl class='gallery-item'>\n\t\t\t\t<dt class='gallery-icon landscape'>\n\t\t\t\t\t<a class=\"rollover rollover-zoom dt-pswp-item\" title=\"585c8f6f-1f52-45fb-9915-235f8983e7d7\" data-dt-img-description=\"\" data-large_image_width=\"1024\" data-large_image_height=\"683\"href='https:\/\/www.radiopiu.net\/wordpress\/wp-content\/uploads\/2022\/02\/585c8f6f-1f52-45fb-9915-235f8983e7d7.jpg'><img loading=\"lazy\" decoding=\"async\" width=\"150\" height=\"150\" src=\"https:\/\/www.radiopiu.net\/wordpress\/wp-content\/uploads\/2022\/02\/585c8f6f-1f52-45fb-9915-235f8983e7d7-150x150.jpg\" class=\"attachment-thumbnail size-thumbnail\" alt=\"\" \/><\/a>\n\t\t\t\t<\/dt><\/dl><dl class='gallery-item'>\n\t\t\t\t<dt class='gallery-icon landscape'>\n\t\t\t\t\t<a class=\"rollover rollover-zoom dt-pswp-item\" title=\"dedd16bb-0ccf-4911-aa13-abbc077bd774\" data-dt-img-description=\"\" data-large_image_width=\"1024\" data-large_image_height=\"683\"href='https:\/\/www.radiopiu.net\/wordpress\/wp-content\/uploads\/2022\/02\/dedd16bb-0ccf-4911-aa13-abbc077bd774.jpg'><img loading=\"lazy\" decoding=\"async\" width=\"150\" height=\"150\" src=\"https:\/\/www.radiopiu.net\/wordpress\/wp-content\/uploads\/2022\/02\/dedd16bb-0ccf-4911-aa13-abbc077bd774-150x150.jpg\" class=\"attachment-thumbnail size-thumbnail\" alt=\"\" \/><\/a>\n\t\t\t\t<\/dt><\/dl><br style=\"clear: both\" \/>\n\t\t\t<\/div>\n\n<p>&nbsp;<\/p>\n<blockquote>\n<h3>IL FELTREGHIACCIO CROLLA IN GARA 2 DEI QUARTI DI FINALE<\/h3>\n<\/blockquote>\n<p><strong>FELTREGHIACCIO &#8211; BOLZANO TRENTO 2-4<\/strong><\/p>\n<p>GOL FELTREGHIACCIO: 2 Fantinel<\/p>\n<p>Di fronte ad un Drio Le Rive gremito di gente, il Feltreghiaccio non riesce nell&#8217;impresa di chiudere la serie contro il Bolzano\/Trento. La squadra mista vince e riapre i giochi per la qualificazione alle semifinali della IHL Division I. Ospiti che non sbagliano nulla nella seconda frazione e partita in saccoccia con la bella che decider\u00e0 chi approder\u00e0 alla prossima fase dei playoff. Feltreghiaccio a segno con una doppietta di Fantinel ed ora trasferta per gara 3 decisiva<\/p>\n<p>&nbsp;<\/p>\n<blockquote>\n<h3>TERMINA IL SOGNO DELL&#8217;UNDER 17 ALLEGHESE CHE PERDE AI SUPPLEMENTARI CON IL MERANO<\/h3>\n<\/blockquote>\n<p>Finisce agli ottavi di finale il sogno playoff dell&#8217;Alleghe Cortina che, dopo la vittoria in gara 1, perde la partita di ritorno con il Merano. In terra altoatesina i padroni di casa sono stati pi\u00f9 incisivo ed hanno vinto nei tempi regolamentari per 3 a 0. A decidere la squadra che doveva continuare i playoff di campionato un tempo supplementare dove il Merano \u00e8 riuscito a vincere e quindi strappare il biglietto per i quarti di finale. Termina la stagione delle giovani civette con un tredicesimo posto in classifica.<\/p>\n<p>&nbsp;<\/p>\n<hr \/>\n<p>&nbsp;<\/p>\n<p><span style=\"color: #0000ff;\"><strong>SCI DI FONDO<\/strong><\/span><\/p>\n<blockquote>\n<h3 class=\"entry-title\">SI CHIUDE CON UNO SPLENDIDO ARGENTO IL MONDIALE JUNIORES DI ELIA BARP<\/h3>\n<\/blockquote>\n<p><strong class=\"photoswipe-wrapper\"><a class=\"dt-pswp-item pspw-wrap-ready\" href=\"https:\/\/www.radiopiu.net\/wordpress\/wp-content\/uploads\/2022\/02\/image2-scaled.jpeg\" data-dt-img-description=\"\" data-large_image_width=\"2560\" data-large_image_height=\"1707\"><img loading=\"lazy\" decoding=\"async\" class=\" wp-image-259682 alignleft\" src=\"https:\/\/www.radiopiu.net\/wordpress\/wp-content\/uploads\/2022\/02\/image2-300x200.jpeg\" sizes=\"auto, (max-width: 147px) 100vw, 147px\" srcset=\"https:\/\/www.radiopiu.net\/wordpress\/wp-content\/uploads\/2022\/02\/image2-300x200.jpeg 300w, https:\/\/www.radiopiu.net\/wordpress\/wp-content\/uploads\/2022\/02\/image2-1024x683.jpeg 1024w, https:\/\/www.radiopiu.net\/wordpress\/wp-content\/uploads\/2022\/02\/image2-768x512.jpeg 768w, https:\/\/www.radiopiu.net\/wordpress\/wp-content\/uploads\/2022\/02\/image2-1536x1024.jpeg 1536w, https:\/\/www.radiopiu.net\/wordpress\/wp-content\/uploads\/2022\/02\/image2-2048x1365.jpeg 2048w\" alt=\"\" width=\"147\" height=\"98\" \/><\/a>NORVEGIA<\/strong>\u00a0Elia Barp, l\u2019atleta di Trichiana in forza alle Fiamme Gialle e Agordino d\u2019adozione dopo il suo passato nello Ski College Falcade, ha chiuso con un secondo posto il Mondiale Juniores di Fondo. Elia ha appeso al collo l\u2019argento nella sprint che ha chiuso la manifestazione. Davanti a lui solo un norvegese. Dopo il 14\u00b0 posto nella 30 km, il 6\u00e0 nella staffetta e il 4\u00b0 nella 10 km, arriva dunque un podio che conferma le capacit\u00e0 di Elia Barp in questa disciplina.<\/p>\n<p>&nbsp;<\/p>\n<p>&nbsp;<\/p>\n<hr \/>\n<p>&nbsp;<\/p>\n<p><strong><span style=\"color: #0000ff;\">BIATHLON<\/span><\/strong><\/p>\n<blockquote>\n<h3>UN ARGENTO E UN BRONZO AI TRICOLORI RAGAZZI ALLIEVI DI BIATHLON<\/h3>\n<\/blockquote>\n<p><strong>TESERO (TN)<\/strong> Si \u00e8 svolta la seconda e conclusiva giornata della seconda fase dei Campionati italiani Ragazzi \/ Allievi di biathlon (memorial Gontier). Grandissime le prestazioni delle nostre squadre Allievi: in campo maschile, il terzetto composto da Andrea Da Corte, Alex Rossi e Davide Capra ha conquistato il bronzo, tra le ragazze Vanessa Cagnati, Caterina Milani e Francesca Olivier l\u2019argento. Un bel bottino per lo Sci Club Val Biois che porta a podio 5 atleti, solo Da Corte non fa parte della squadra di Falcade.<\/p>\n\n\t\t\t<style type='text\/css'>\n\t\t\t\t#gallery-10 {\n\t\t\t\t\tmargin: auto;\n\t\t\t\t}\n\t\t\t\t#gallery-10 .gallery-item {\n\t\t\t\t\tfloat: left;\n\t\t\t\t\tmargin-top: 10px;\n\t\t\t\t\ttext-align: center;\n\t\t\t\t\twidth: 50%;\n\t\t\t\t}\n\t\t\t\t#gallery-10 img {\n\t\t\t\t\tborder: 2px solid #cfcfcf;\n\t\t\t\t}\n\t\t\t\t#gallery-10 .gallery-caption {\n\t\t\t\t\tmargin-left: 0;\n\t\t\t\t}\n\t\t\t\t\/* see gallery_shortcode() in wp-includes\/media.php *\/\n\t\t\t<\/style>\n\t\t<div id='gallery-10' class='dt-gallery-container gallery galleryid-261739 gallery-columns-2 gallery-size-thumbnail'><dl class='gallery-item'>\n\t\t\t\t<dt class='gallery-icon landscape'>\n\t\t\t\t\t<a class=\"rollover rollover-zoom dt-pswp-item\" title=\"2201fc62-7c23-46d3-a3aa-c04998d34874\" data-dt-img-description=\"\" data-large_image_width=\"1600\" data-large_image_height=\"1066\"href='https:\/\/www.radiopiu.net\/wordpress\/wp-content\/uploads\/2022\/02\/2201fc62-7c23-46d3-a3aa-c04998d34874.jpg'><img loading=\"lazy\" decoding=\"async\" width=\"150\" height=\"150\" src=\"https:\/\/www.radiopiu.net\/wordpress\/wp-content\/uploads\/2022\/02\/2201fc62-7c23-46d3-a3aa-c04998d34874-150x150.jpg\" class=\"attachment-thumbnail size-thumbnail\" alt=\"\" \/><\/a>\n\t\t\t\t<\/dt><\/dl><dl class='gallery-item'>\n\t\t\t\t<dt class='gallery-icon landscape'>\n\t\t\t\t\t<a class=\"rollover rollover-zoom dt-pswp-item\" title=\"bcd51fa2-8f50-4f0e-b075-6e8aa2625bf0\" data-dt-img-description=\"\" data-large_image_width=\"1600\" data-large_image_height=\"1066\"href='https:\/\/www.radiopiu.net\/wordpress\/wp-content\/uploads\/2022\/02\/bcd51fa2-8f50-4f0e-b075-6e8aa2625bf0.jpg'><img loading=\"lazy\" decoding=\"async\" width=\"150\" height=\"150\" src=\"https:\/\/www.radiopiu.net\/wordpress\/wp-content\/uploads\/2022\/02\/bcd51fa2-8f50-4f0e-b075-6e8aa2625bf0-150x150.jpg\" class=\"attachment-thumbnail size-thumbnail\" alt=\"\" \/><\/a>\n\t\t\t\t<\/dt><\/dl><br style=\"clear: both\" \/>\n\t\t\t<\/div>\n\n<p>&nbsp;<\/p>\n<hr \/>\n<p>&nbsp;<\/p>\n<p><span style=\"color: #0000ff;\"><strong>PALLAVOLO<\/strong><\/span><\/p>\n<blockquote>\n<h3>LA DA ROLD CROLLA CON IL SAVIGLIANO<\/h3>\n<\/blockquote>\n<p><b><a class=\"dt-pswp-item\" href=\"https:\/\/www.radiopiu.net\/wordpress\/wp-content\/uploads\/2022\/02\/Primo_tempo_di_Mozzato.jpg\" data-dt-img-description=\"\" data-large_image_width=\"1680\" data-large_image_height=\"1120\"><img loading=\"lazy\" decoding=\"async\" class=\"size-medium wp-image-261834 alignleft\" src=\"https:\/\/www.radiopiu.net\/wordpress\/wp-content\/uploads\/2022\/02\/Primo_tempo_di_Mozzato-300x200.jpg\" alt=\"\" width=\"300\" height=\"200\" srcset=\"https:\/\/www.radiopiu.net\/wordpress\/wp-content\/uploads\/2022\/02\/Primo_tempo_di_Mozzato-300x200.jpg 300w, https:\/\/www.radiopiu.net\/wordpress\/wp-content\/uploads\/2022\/02\/Primo_tempo_di_Mozzato-1024x683.jpg 1024w, https:\/\/www.radiopiu.net\/wordpress\/wp-content\/uploads\/2022\/02\/Primo_tempo_di_Mozzato-768x512.jpg 768w, https:\/\/www.radiopiu.net\/wordpress\/wp-content\/uploads\/2022\/02\/Primo_tempo_di_Mozzato-1536x1024.jpg 1536w, https:\/\/www.radiopiu.net\/wordpress\/wp-content\/uploads\/2022\/02\/Primo_tempo_di_Mozzato.jpg 1680w\" sizes=\"auto, (max-width: 300px) 100vw, 300px\" \/><\/a>MONGE-GERBAUDO SAVIGLIANO-DA ROLD LOGISTICS BELLUNO 3-1<\/b><strong> (25-18, 25-18, 20-25, 25-21)<\/strong><\/p>\n<p>Verrebbe da dire che, per i rinoceronti, la pausa del campionato di Serie A3 Credem Banca arriva al momento pi\u00f9 opportuno. Perch\u00e9 la\u00a0Da Rold Logistics Belluno\u00a0inizia ad accusare la stanchezza per il tour de force di questo avvio di 2022. E rimedia la seconda sconfitta consecutiva: la terza nelle ultime quattro sfide. Ma il fatto di aver giocato 9 partite in 38 giorni non pu\u00f2 non incidere sul rendimento di una squadra che ha bisogno &#8211; e merita &#8211; di rifiatare. Ora, infatti, \u00e8 all\u2019orizzonte un fine settimana di pausa in cui i riflettori saranno puntati sulle finali di Coppa Italia. E si torner\u00e0 sotto rete solo domenica 13 marzo, quando i bellunesi riceveranno Garlasco alla Spes Arena. In ogni caso, al netto di quanto succeder\u00e0 sugli altri campi, l\u2019ottavo posto \u00e8 e rimane di propriet\u00e0 dolomitica.<span class=\"gmail-Apple-converted-space\">\u00a0<\/span><\/p>\n<p>&nbsp;<\/p>\n<blockquote>\n<h3>LA PALLAVOLO BELLUNO FEMMINILE TORNA ALLA VITTORIA<\/h3>\n<\/blockquote>\n<p><b><a class=\"dt-pswp-item\" href=\"https:\/\/www.radiopiu.net\/wordpress\/wp-content\/uploads\/2022\/02\/Lupe_in_festa.jpg\" data-dt-img-description=\"\" data-large_image_width=\"1632\" data-large_image_height=\"1040\"><img loading=\"lazy\" decoding=\"async\" class=\" wp-image-261835 alignleft\" src=\"https:\/\/www.radiopiu.net\/wordpress\/wp-content\/uploads\/2022\/02\/Lupe_in_festa-300x191.jpg\" alt=\"\" width=\"267\" height=\"170\" srcset=\"https:\/\/www.radiopiu.net\/wordpress\/wp-content\/uploads\/2022\/02\/Lupe_in_festa-300x191.jpg 300w, https:\/\/www.radiopiu.net\/wordpress\/wp-content\/uploads\/2022\/02\/Lupe_in_festa-1024x653.jpg 1024w, https:\/\/www.radiopiu.net\/wordpress\/wp-content\/uploads\/2022\/02\/Lupe_in_festa-768x489.jpg 768w, https:\/\/www.radiopiu.net\/wordpress\/wp-content\/uploads\/2022\/02\/Lupe_in_festa-1536x979.jpg 1536w, https:\/\/www.radiopiu.net\/wordpress\/wp-content\/uploads\/2022\/02\/Lupe_in_festa.jpg 1632w\" sizes=\"auto, (max-width: 267px) 100vw, 267px\" \/><\/a>PALLAVOLO BELLUNO-UNION VOLLEY JESOLO 3-1 (<\/b><strong>23-25, 35-33, 25-20, 25-12)<\/strong><\/p>\n<p>La Pallavolo Belluno spezza l\u2019incantesimo. E interrompe una striscia negativa che durava da cinque partite. Lo fa con il carattere e il sangue freddo di chi, sotto 1-0 nel conto dei parziali, riesce ad annullare 5 set ball e a evitare uno 0-2 che avrebbe avuto il sapore della condanna. Ma questa \u00e8 una squadra che ha valori morali importanti: valori perfettamente rispecchiati dalla capitana e leader Martina Fantinel, oltre che da una splendida Cristante in regia e da un\u2019inarrestabile Fioretti in attacco (26 punti). La classifica si muove, quindi. E il bottino pieno alimenta la speranza di agguantare la salvezza.<span class=\"gmail-Apple-converted-space\">\u00a0<\/span><\/p>\n<p>&nbsp;<\/p>\n<p>&nbsp;<\/p>\n<hr \/>\n<p>&nbsp;<\/p>\n<p><span style=\"color: #0000ff;\"><strong>CORSA CAMPESTRE<\/strong><\/span><\/p>\n<blockquote>\n<h3>POKER DI MARCA NEL CROSS DI BORGO VALBELLUNA<\/h3>\n<\/blockquote>\n<p><strong><a class=\"dt-pswp-item\" href=\"https:\/\/www.radiopiu.net\/wordpress\/wp-content\/uploads\/2022\/02\/Cross4b_Bulf.jpg\" data-dt-img-description=\"\" data-large_image_width=\"1280\" data-large_image_height=\"853\"><img loading=\"lazy\" decoding=\"async\" class=\"size-medium wp-image-261981 alignleft\" src=\"https:\/\/www.radiopiu.net\/wordpress\/wp-content\/uploads\/2022\/02\/Cross4b_Bulf-300x200.jpg\" alt=\"\" width=\"300\" height=\"200\" srcset=\"https:\/\/www.radiopiu.net\/wordpress\/wp-content\/uploads\/2022\/02\/Cross4b_Bulf-300x200.jpg 300w, https:\/\/www.radiopiu.net\/wordpress\/wp-content\/uploads\/2022\/02\/Cross4b_Bulf-1024x682.jpg 1024w, https:\/\/www.radiopiu.net\/wordpress\/wp-content\/uploads\/2022\/02\/Cross4b_Bulf-768x512.jpg 768w, https:\/\/www.radiopiu.net\/wordpress\/wp-content\/uploads\/2022\/02\/Cross4b_Bulf.jpg 1280w\" sizes=\"auto, (max-width: 300px) 100vw, 300px\" \/><\/a>BORGO VALBELLUNA<\/strong> Sui saliscendi di Borgo Valbelluna, nel Bellunese, si \u00e8 conclusa la stagione veneta della corsa campestre: circa 650 atleti hanno partecipato all\u2019appuntamento finale. L\u2019ultima gara dell\u2019annata regionale ha confermato la supremazia di Paolo Zanatta (Trevisatletica) che, sui 10 km della gara assoluta, ha ottenuto il terzo successo stagionale su quattro prove. Una gara senza storia, in cui il 39enne trevigiano ha preceduto con ampio margine Luca Solone (Atl. Biotekna) e\u00a0 Daniele Farronato (Ass. Atl. Nevi). Tra gli juniores, successo di Andrea Botteon, in una gara in cui Vittorio Atletica ha monopolizzato il podio grazie al secondo posto di Alvise Bona e al terzo di Francesco Cao. Mentre tra gli allievi si \u00e8 imposto Stefano Menegale (Atl. Silca Conegliano). In campo femminile, ampio successo di Manuela Bulf (Atl. Agordina) nella gara assoluta sugli 8 km. Netti anche i successi di Beatrice Casagrande (Atl. Riviera del Brenta) tra le juniores e di Lucia Arnoldo (Dolomiti Belluno) tra le allieve. <strong>PER CONSULTARE LE CLASSIFICHE <a href=\"https:\/\/tds.sport\/it\/race\/12440\">CLICCA QUI<\/a><\/strong><\/p>\n<p>&nbsp;<\/p>\n<p>&nbsp;<\/p>\n<hr \/>\n<p>&nbsp;<\/p>\n<p><span style=\"color: #0000ff;\"><strong>SCI ALPINO<\/strong><\/span><\/p>\n<blockquote>\n<h3>LO SLALOM GIGANTE ASSIEME AGLI ALPINI DI FRASSENE&#8217;<\/h3>\n<\/blockquote>\n<p><strong>FORCELLA AURINE<\/strong> \u00c8 andato in scena ieri sulla pista di Forcella Aurine lo Slalom Gigante organizzato dagli Alpini di Frassen\u00e8. Una giornata perfettamente riuscita grazie anche alla slpendida giornata e all&#8217;impegno dei soci organizzatori. Buona l&#8217;adesione alla gara non competitiva. I tempi migliori sono di Francesco Lagan\u00e0 in ambito maschile e di Giorgia Caldart in quello femminile.<\/p>\n<p><strong>LA CLASSIFICA ASSOLUTA <a href=\"https:\/\/www.radiopiu.net\/wordpress\/wp-content\/uploads\/2022\/02\/Classifica-ufficiale-assoluta.pdf\">CLICCA QUI<\/a><\/strong><\/p>\n<p><strong>LA CLASSIFICA PER CATEGORIE <a href=\"https:\/\/www.radiopiu.net\/wordpress\/wp-content\/uploads\/2022\/02\/Classifica-ufficiale-Categorie.pdf\">CLICCA QUI<\/a><\/strong><\/p>\n<p><strong>LA FOTOGALLERY<\/strong><\/p>\n\n\t\t\t<style type='text\/css'>\n\t\t\t\t#gallery-11 {\n\t\t\t\t\tmargin: auto;\n\t\t\t\t}\n\t\t\t\t#gallery-11 .gallery-item {\n\t\t\t\t\tfloat: left;\n\t\t\t\t\tmargin-top: 10px;\n\t\t\t\t\ttext-align: center;\n\t\t\t\t\twidth: 25%;\n\t\t\t\t}\n\t\t\t\t#gallery-11 img {\n\t\t\t\t\tborder: 2px solid #cfcfcf;\n\t\t\t\t}\n\t\t\t\t#gallery-11 .gallery-caption {\n\t\t\t\t\tmargin-left: 0;\n\t\t\t\t}\n\t\t\t\t\/* see gallery_shortcode() in wp-includes\/media.php *\/\n\t\t\t<\/style>\n\t\t<div id='gallery-11' class='dt-gallery-container gallery galleryid-261739 gallery-columns-4 gallery-size-thumbnail'><dl class='gallery-item'>\n\t\t\t\t<dt class='gallery-icon landscape'>\n\t\t\t\t\t<a class=\"rollover\" href='https:\/\/www.radiopiu.net\/wordpress\/lo-slalom-gigante-assieme-agli-alpini-di-frassene\/02dc9d1f-4a85-4b15-970b-885708bd3db4\/'><img loading=\"lazy\" decoding=\"async\" width=\"150\" height=\"150\" src=\"https:\/\/www.radiopiu.net\/wordpress\/wp-content\/uploads\/2022\/02\/02dc9d1f-4a85-4b15-970b-885708bd3db4-150x150.jpg\" class=\"attachment-thumbnail size-thumbnail\" alt=\"\" \/><\/a>\n\t\t\t\t<\/dt><\/dl><dl class='gallery-item'>\n\t\t\t\t<dt class='gallery-icon landscape'>\n\t\t\t\t\t<a class=\"rollover\" href='https:\/\/www.radiopiu.net\/wordpress\/lo-slalom-gigante-assieme-agli-alpini-di-frassene\/9b1a4412-7cc4-4e46-9632-56046543041a\/'><img loading=\"lazy\" decoding=\"async\" width=\"150\" height=\"150\" src=\"https:\/\/www.radiopiu.net\/wordpress\/wp-content\/uploads\/2022\/02\/9b1a4412-7cc4-4e46-9632-56046543041a-150x150.jpg\" class=\"attachment-thumbnail size-thumbnail\" alt=\"\" \/><\/a>\n\t\t\t\t<\/dt><\/dl><dl class='gallery-item'>\n\t\t\t\t<dt class='gallery-icon landscape'>\n\t\t\t\t\t<a class=\"rollover\" href='https:\/\/www.radiopiu.net\/wordpress\/lo-slalom-gigante-assieme-agli-alpini-di-frassene\/5cc65681-84fe-4ad0-b4c2-5a0b90eaf8e7\/'><img loading=\"lazy\" decoding=\"async\" width=\"150\" height=\"150\" src=\"https:\/\/www.radiopiu.net\/wordpress\/wp-content\/uploads\/2022\/02\/5cc65681-84fe-4ad0-b4c2-5a0b90eaf8e7-150x150.jpg\" class=\"attachment-thumbnail size-thumbnail\" alt=\"\" \/><\/a>\n\t\t\t\t<\/dt><\/dl><dl class='gallery-item'>\n\t\t\t\t<dt class='gallery-icon landscape'>\n\t\t\t\t\t<a class=\"rollover\" href='https:\/\/www.radiopiu.net\/wordpress\/lo-slalom-gigante-assieme-agli-alpini-di-frassene\/2b18e146-99f0-4a05-9d15-e57780615a9a\/'><img loading=\"lazy\" decoding=\"async\" width=\"150\" height=\"150\" src=\"https:\/\/www.radiopiu.net\/wordpress\/wp-content\/uploads\/2022\/02\/2b18e146-99f0-4a05-9d15-e57780615a9a-150x150.jpg\" class=\"attachment-thumbnail size-thumbnail\" alt=\"\" \/><\/a>\n\t\t\t\t<\/dt><\/dl><br style=\"clear: both\" \/><dl class='gallery-item'>\n\t\t\t\t<dt class='gallery-icon landscape'>\n\t\t\t\t\t<a class=\"rollover\" href='https:\/\/www.radiopiu.net\/wordpress\/lo-slalom-gigante-assieme-agli-alpini-di-frassene\/e1afdc27-6388-466a-adff-b56ce9ce83b4\/'><img loading=\"lazy\" decoding=\"async\" width=\"150\" height=\"150\" src=\"https:\/\/www.radiopiu.net\/wordpress\/wp-content\/uploads\/2022\/02\/e1afdc27-6388-466a-adff-b56ce9ce83b4-150x150.jpg\" class=\"attachment-thumbnail size-thumbnail\" alt=\"\" \/><\/a>\n\t\t\t\t<\/dt><\/dl><dl class='gallery-item'>\n\t\t\t\t<dt class='gallery-icon landscape'>\n\t\t\t\t\t<a class=\"rollover\" href='https:\/\/www.radiopiu.net\/wordpress\/lo-slalom-gigante-assieme-agli-alpini-di-frassene\/ee14f0d1-9ebf-4e13-b728-a9d612969094\/'><img loading=\"lazy\" decoding=\"async\" width=\"150\" height=\"150\" src=\"https:\/\/www.radiopiu.net\/wordpress\/wp-content\/uploads\/2022\/02\/ee14f0d1-9ebf-4e13-b728-a9d612969094-150x150.jpg\" class=\"attachment-thumbnail size-thumbnail\" alt=\"\" \/><\/a>\n\t\t\t\t<\/dt><\/dl><dl class='gallery-item'>\n\t\t\t\t<dt class='gallery-icon landscape'>\n\t\t\t\t\t<a class=\"rollover\" href='https:\/\/www.radiopiu.net\/wordpress\/lo-slalom-gigante-assieme-agli-alpini-di-frassene\/66a1f805-e6a9-413a-adf7-d07bced9a2b2\/'><img loading=\"lazy\" decoding=\"async\" width=\"150\" height=\"150\" src=\"https:\/\/www.radiopiu.net\/wordpress\/wp-content\/uploads\/2022\/02\/66a1f805-e6a9-413a-adf7-d07bced9a2b2-150x150.jpg\" class=\"attachment-thumbnail size-thumbnail\" alt=\"\" \/><\/a>\n\t\t\t\t<\/dt><\/dl><dl class='gallery-item'>\n\t\t\t\t<dt class='gallery-icon landscape'>\n\t\t\t\t\t<a class=\"rollover\" href='https:\/\/www.radiopiu.net\/wordpress\/lo-slalom-gigante-assieme-agli-alpini-di-frassene\/0d74c228-153c-43b3-b8fc-99c5c0c0f980\/'><img loading=\"lazy\" decoding=\"async\" width=\"150\" height=\"150\" src=\"https:\/\/www.radiopiu.net\/wordpress\/wp-content\/uploads\/2022\/02\/0d74c228-153c-43b3-b8fc-99c5c0c0f980-150x150.jpg\" class=\"attachment-thumbnail size-thumbnail\" alt=\"\" \/><\/a>\n\t\t\t\t<\/dt><\/dl><br style=\"clear: both\" \/><dl class='gallery-item'>\n\t\t\t\t<dt class='gallery-icon landscape'>\n\t\t\t\t\t<a class=\"rollover\" href='https:\/\/www.radiopiu.net\/wordpress\/lo-slalom-gigante-assieme-agli-alpini-di-frassene\/cc45475e-1136-42af-8db4-1dd627b87bc5\/'><img loading=\"lazy\" decoding=\"async\" width=\"150\" height=\"150\" src=\"https:\/\/www.radiopiu.net\/wordpress\/wp-content\/uploads\/2022\/02\/cc45475e-1136-42af-8db4-1dd627b87bc5-150x150.jpg\" class=\"attachment-thumbnail size-thumbnail\" alt=\"\" \/><\/a>\n\t\t\t\t<\/dt><\/dl><dl class='gallery-item'>\n\t\t\t\t<dt class='gallery-icon landscape'>\n\t\t\t\t\t<a class=\"rollover\" href='https:\/\/www.radiopiu.net\/wordpress\/lo-slalom-gigante-assieme-agli-alpini-di-frassene\/82266f6d-945c-4cd7-a33f-dd36daa3539e\/'><img loading=\"lazy\" decoding=\"async\" width=\"150\" height=\"150\" src=\"https:\/\/www.radiopiu.net\/wordpress\/wp-content\/uploads\/2022\/02\/82266f6d-945c-4cd7-a33f-dd36daa3539e-150x150.jpg\" class=\"attachment-thumbnail size-thumbnail\" alt=\"\" \/><\/a>\n\t\t\t\t<\/dt><\/dl><dl class='gallery-item'>\n\t\t\t\t<dt class='gallery-icon landscape'>\n\t\t\t\t\t<a class=\"rollover\" href='https:\/\/www.radiopiu.net\/wordpress\/lo-slalom-gigante-assieme-agli-alpini-di-frassene\/384554bb-a27d-4164-b4ba-c024a5a99c47\/'><img loading=\"lazy\" decoding=\"async\" width=\"150\" height=\"150\" src=\"https:\/\/www.radiopiu.net\/wordpress\/wp-content\/uploads\/2022\/02\/384554bb-a27d-4164-b4ba-c024a5a99c47-150x150.jpg\" class=\"attachment-thumbnail size-thumbnail\" alt=\"\" \/><\/a>\n\t\t\t\t<\/dt><\/dl><dl class='gallery-item'>\n\t\t\t\t<dt class='gallery-icon landscape'>\n\t\t\t\t\t<a class=\"rollover\" href='https:\/\/www.radiopiu.net\/wordpress\/lo-slalom-gigante-assieme-agli-alpini-di-frassene\/59ecce23-4102-400d-bdc6-9513ad5d6c74\/'><img loading=\"lazy\" decoding=\"async\" width=\"150\" height=\"150\" src=\"https:\/\/www.radiopiu.net\/wordpress\/wp-content\/uploads\/2022\/02\/59ecce23-4102-400d-bdc6-9513ad5d6c74-150x150.jpg\" class=\"attachment-thumbnail size-thumbnail\" alt=\"\" \/><\/a>\n\t\t\t\t<\/dt><\/dl><br style=\"clear: both\" \/><dl class='gallery-item'>\n\t\t\t\t<dt class='gallery-icon landscape'>\n\t\t\t\t\t<a class=\"rollover\" href='https:\/\/www.radiopiu.net\/wordpress\/lo-slalom-gigante-assieme-agli-alpini-di-frassene\/b29a8413-af36-4f7c-8785-6819fba840b7\/'><img loading=\"lazy\" decoding=\"async\" width=\"150\" height=\"150\" src=\"https:\/\/www.radiopiu.net\/wordpress\/wp-content\/uploads\/2022\/02\/b29a8413-af36-4f7c-8785-6819fba840b7-150x150.jpg\" class=\"attachment-thumbnail size-thumbnail\" alt=\"\" \/><\/a>\n\t\t\t\t<\/dt><\/dl><dl class='gallery-item'>\n\t\t\t\t<dt class='gallery-icon landscape'>\n\t\t\t\t\t<a class=\"rollover\" href='https:\/\/www.radiopiu.net\/wordpress\/lo-slalom-gigante-assieme-agli-alpini-di-frassene\/1818b8d0-2177-477c-b0e5-20578b3b6d10\/'><img loading=\"lazy\" decoding=\"async\" width=\"150\" height=\"150\" src=\"https:\/\/www.radiopiu.net\/wordpress\/wp-content\/uploads\/2022\/02\/1818b8d0-2177-477c-b0e5-20578b3b6d10-150x150.jpg\" class=\"attachment-thumbnail size-thumbnail\" alt=\"\" \/><\/a>\n\t\t\t\t<\/dt><\/dl><dl class='gallery-item'>\n\t\t\t\t<dt class='gallery-icon landscape'>\n\t\t\t\t\t<a class=\"rollover\" href='https:\/\/www.radiopiu.net\/wordpress\/lo-slalom-gigante-assieme-agli-alpini-di-frassene\/69818c1b-9ad6-4163-85c2-fb5a3bec61fd\/'><img loading=\"lazy\" decoding=\"async\" width=\"150\" height=\"150\" src=\"https:\/\/www.radiopiu.net\/wordpress\/wp-content\/uploads\/2022\/02\/69818c1b-9ad6-4163-85c2-fb5a3bec61fd-150x150.jpg\" class=\"attachment-thumbnail size-thumbnail\" alt=\"\" \/><\/a>\n\t\t\t\t<\/dt><\/dl><dl class='gallery-item'>\n\t\t\t\t<dt class='gallery-icon landscape'>\n\t\t\t\t\t<a class=\"rollover\" href='https:\/\/www.radiopiu.net\/wordpress\/lo-slalom-gigante-assieme-agli-alpini-di-frassene\/6ed5288a-e32f-4394-869f-1142a91e1970\/'><img loading=\"lazy\" decoding=\"async\" width=\"150\" height=\"150\" src=\"https:\/\/www.radiopiu.net\/wordpress\/wp-content\/uploads\/2022\/02\/6ed5288a-e32f-4394-869f-1142a91e1970-150x150.jpg\" class=\"attachment-thumbnail size-thumbnail\" alt=\"\" \/><\/a>\n\t\t\t\t<\/dt><\/dl><br style=\"clear: both\" \/><dl class='gallery-item'>\n\t\t\t\t<dt class='gallery-icon landscape'>\n\t\t\t\t\t<a class=\"rollover\" href='https:\/\/www.radiopiu.net\/wordpress\/lo-slalom-gigante-assieme-agli-alpini-di-frassene\/a37c3b11-0212-41f9-93cb-7f5fffc9dcef\/'><img loading=\"lazy\" decoding=\"async\" width=\"150\" height=\"150\" src=\"https:\/\/www.radiopiu.net\/wordpress\/wp-content\/uploads\/2022\/02\/a37c3b11-0212-41f9-93cb-7f5fffc9dcef-150x150.jpg\" class=\"attachment-thumbnail size-thumbnail\" alt=\"\" \/><\/a>\n\t\t\t\t<\/dt><\/dl><dl class='gallery-item'>\n\t\t\t\t<dt class='gallery-icon landscape'>\n\t\t\t\t\t<a class=\"rollover\" href='https:\/\/www.radiopiu.net\/wordpress\/lo-slalom-gigante-assieme-agli-alpini-di-frassene\/cd90aa88-3f36-4ec0-918a-ec758a98d885\/'><img loading=\"lazy\" decoding=\"async\" width=\"150\" height=\"150\" src=\"https:\/\/www.radiopiu.net\/wordpress\/wp-content\/uploads\/2022\/02\/cd90aa88-3f36-4ec0-918a-ec758a98d885-150x150.jpg\" class=\"attachment-thumbnail size-thumbnail\" alt=\"\" \/><\/a>\n\t\t\t\t<\/dt><\/dl><dl class='gallery-item'>\n\t\t\t\t<dt class='gallery-icon landscape'>\n\t\t\t\t\t<a class=\"rollover\" href='https:\/\/www.radiopiu.net\/wordpress\/lo-slalom-gigante-assieme-agli-alpini-di-frassene\/b6135bef-2ca7-46a1-a3c6-79b6f6348b5f\/'><img loading=\"lazy\" decoding=\"async\" width=\"150\" height=\"150\" src=\"https:\/\/www.radiopiu.net\/wordpress\/wp-content\/uploads\/2022\/02\/b6135bef-2ca7-46a1-a3c6-79b6f6348b5f-150x150.jpg\" class=\"attachment-thumbnail size-thumbnail\" alt=\"\" \/><\/a>\n\t\t\t\t<\/dt><\/dl><dl class='gallery-item'>\n\t\t\t\t<dt class='gallery-icon landscape'>\n\t\t\t\t\t<a class=\"rollover\" href='https:\/\/www.radiopiu.net\/wordpress\/lo-slalom-gigante-assieme-agli-alpini-di-frassene\/5cca72de-854a-4748-b848-9078ab153405\/'><img loading=\"lazy\" decoding=\"async\" width=\"150\" height=\"150\" src=\"https:\/\/www.radiopiu.net\/wordpress\/wp-content\/uploads\/2022\/02\/5cca72de-854a-4748-b848-9078ab153405-150x150.jpg\" class=\"attachment-thumbnail size-thumbnail\" alt=\"\" \/><\/a>\n\t\t\t\t<\/dt><\/dl><br style=\"clear: both\" \/>\n\t\t\t<\/div>\n\n<p>&nbsp;<\/p>\n<\/div>\n<\/div>\n<\/div>\n<\/div>\n<\/div>\n<\/div>\n<\/div>\n<\/div>\n<\/div>\n<\/div>\n<\/div>\n<\/div>\n<\/div>\n<\/div>\n<\/div>\n<\/div>\n<\/div>\n<\/div>\n<\/div>\n<\/div>\n<\/div>\n<\/div>\n<\/div>\n<\/div>\n<\/div>\n<\/div>\n<\/div>\n<\/div>\n<\/div>\n<\/div>\n<\/div>\n<\/div>\n<\/div>\n<\/div>\n<\/div>\n<\/div>\n<\/div>\n<\/div>\n<\/div>\n<\/div>\n<\/div>\n<\/div>\n<\/div>\n<\/div>\n<\/div>\n<\/div>\n<\/div>\n<\/div>\n<\/div>\n<\/div>\n<\/div>\n<\/div>\n<\/div>\n<\/div>\n<\/div>\n<\/div>\n<\/div>\n<\/div>\n<\/div>\n<\/div>\n<\/div>\n<\/div>\n<\/div>\n<\/div>\n<\/div>\n<\/div>\n<\/div>\n<\/div>\n<\/div>\n<\/div>\n<\/div>\n<\/div>\n<\/div>\n<\/div>\n<\/div>\n<\/div>\n<\/div>\n<\/div>\n<\/div>\n<\/div>\n<\/div>\n<\/div>\n<\/div>\n<\/div>\n<\/div>\n<\/div>\n<\/div>\n<\/div>\n<\/div>\n<\/div>\n<\/div>\n<\/div>\n<\/div>\n<\/div>\n<\/div>\n<\/div>\n<\/div>\n<\/div>\n<\/div>\n<\/div>\n<\/div>\n<\/div>\n<\/div>\n<\/div>\n<\/div>\n<\/div>\n<\/div>\n<\/div>\n<\/div>\n<\/div>\n","protected":false},"excerpt":{"rendered":"<p>INFORMAZIONE il canale su TELEGRAM informazione di prima mano e in tempo reale. iscriviti ed aiutaci a farlo conoscere\u00a0 \u00a0 &nbsp; INCENDIO DI UNA CANNA FUMARIA A TOCCOL DI AGORDO AGORDO I Vigili del Fuoco di Agordo sono intervenuti ieri sera alle 22 nella frazione di Toccol per un incendio ad una canna fumaria. I&hellip;<\/p>\n","protected":false},"author":4,"featured_media":261997,"comment_status":"closed","ping_status":"closed","sticky":false,"template":"","format":"standard","meta":{"_monsterinsights_skip_tracking":false,"_monsterinsights_sitenote_active":false,"_monsterinsights_sitenote_note":"","_monsterinsights_sitenote_category":0,"footnotes":""},"categories":[104,86,49],"tags":[],"class_list":["post-261739","post","type-post","status-publish","format-standard","has-post-thumbnail","hentry","category-evidenza_3","category-gr","category-news-18","category-104","category-86","category-49","description-off"],"img_url":"https:\/\/www.radiopiu.net\/wordpress\/wp-content\/uploads\/2022\/02\/e59e45ef-f5f0-474a-8846-488d8847143d.jpg","_links":{"self":[{"href":"https:\/\/www.radiopiu.net\/wordpress\/wp-json\/wp\/v2\/posts\/261739","targetHints":{"allow":["GET"]}}],"collection":[{"href":"https:\/\/www.radiopiu.net\/wordpress\/wp-json\/wp\/v2\/posts"}],"about":[{"href":"https:\/\/www.radiopiu.net\/wordpress\/wp-json\/wp\/v2\/types\/post"}],"author":[{"embeddable":true,"href":"https:\/\/www.radiopiu.net\/wordpress\/wp-json\/wp\/v2\/users\/4"}],"replies":[{"embeddable":true,"href":"https:\/\/www.radiopiu.net\/wordpress\/wp-json\/wp\/v2\/comments?post=261739"}],"version-history":[{"count":0,"href":"https:\/\/www.radiopiu.net\/wordpress\/wp-json\/wp\/v2\/posts\/261739\/revisions"}],"wp:featuredmedia":[{"embeddable":true,"href":"https:\/\/www.radiopiu.net\/wordpress\/wp-json\/wp\/v2\/media\/261997"}],"wp:attachment":[{"href":"https:\/\/www.radiopiu.net\/wordpress\/wp-json\/wp\/v2\/media?parent=261739"}],"wp:term":[{"taxonomy":"category","embeddable":true,"href":"https:\/\/www.radiopiu.net\/wordpress\/wp-json\/wp\/v2\/categories?post=261739"},{"taxonomy":"post_tag","embeddable":true,"href":"https:\/\/www.radiopiu.net\/wordpress\/wp-json\/wp\/v2\/tags?post=261739"}],"curies":[{"name":"wp","href":"https:\/\/api.w.org\/{rel}","templated":true}]}}