{"id":261753,"date":"2022-02-26T14:24:47","date_gmt":"2022-02-26T13:24:47","guid":{"rendered":"https:\/\/www.radiopiu.net\/wordpress\/?p=261753"},"modified":"2022-02-26T14:24:47","modified_gmt":"2022-02-26T13:24:47","slug":"a-ponte-nelle-alpi-aperto-uno-sportello-dascolto-per-i-cittadini-ucraini","status":"publish","type":"post","link":"https:\/\/www.radiopiu.net\/wordpress\/a-ponte-nelle-alpi-aperto-uno-sportello-dascolto-per-i-cittadini-ucraini\/","title":{"rendered":"A PONTE NELLE ALPI APERTO UNO SPORTELLO D&#8217;ASCOLTO PER I CITTADINI UCRAINI"},"content":{"rendered":"<p><strong><a class=\"dt-pswp-item\" href=\"https:\/\/www.radiopiu.net\/wordpress\/wp-content\/uploads\/2022\/02\/Piazza_della_Poesia_Ucraina.jpg\" data-dt-img-description=\"\" data-large_image_width=\"1591\" data-large_image_height=\"1193\"><img loading=\"lazy\" decoding=\"async\" class=\"size-medium wp-image-261743 alignleft\" src=\"https:\/\/www.radiopiu.net\/wordpress\/wp-content\/uploads\/2022\/02\/Piazza_della_Poesia_Ucraina-300x225.jpg\" alt=\"\" width=\"300\" height=\"225\" srcset=\"https:\/\/www.radiopiu.net\/wordpress\/wp-content\/uploads\/2022\/02\/Piazza_della_Poesia_Ucraina-300x225.jpg 300w, https:\/\/www.radiopiu.net\/wordpress\/wp-content\/uploads\/2022\/02\/Piazza_della_Poesia_Ucraina-1024x768.jpg 1024w, https:\/\/www.radiopiu.net\/wordpress\/wp-content\/uploads\/2022\/02\/Piazza_della_Poesia_Ucraina-768x576.jpg 768w, https:\/\/www.radiopiu.net\/wordpress\/wp-content\/uploads\/2022\/02\/Piazza_della_Poesia_Ucraina-1536x1152.jpg 1536w, https:\/\/www.radiopiu.net\/wordpress\/wp-content\/uploads\/2022\/02\/Piazza_della_Poesia_Ucraina.jpg 1591w\" sizes=\"auto, (max-width: 300px) 100vw, 300px\" \/><\/a>PONTE NELLE ALPI <\/strong><span style=\"font-family: 'Helvetica',sans-serif; color: black;\">Uno sportello d\u2019ascolto per i residenti di cittadinanza ucraina: lo apriranno Spi Cgil e l\u2019amministrazione comunale di Ponte nelle Alpi.\u00a0<\/span><span style=\"font-family: 'Helvetica',sans-serif; color: black;\">\u00abEsprimiamo la pi\u00f9 ferma condanna per l\u2019invasione russa, per il conflitto e per i bombardamenti, in sfregio ad ogni regola dei diritti internazionali &#8211; esordisce il sindaco Paolo Vendramini -. Come comunit\u00e0 siamo impegnati in tutte le azioni pacifiche e democratiche per far valere la pace. La nostra mobilitazione \u00e8 iniziata con l\u2019illuminazione della piazza della Poesia, di fronte alla biblioteca civica, e l\u2019accensione della scritta \u201cSiamo vicino al popolo ucraino\u201d\u00bb.<span class=\"gmail-apple-converted-space\">\u00a0<\/span><\/span><span style=\"font-family: 'Helvetica',sans-serif; color: black;\">Da luned\u00ec 28, lo Spi Cgil &#8211; che con il referente di zona Luigi Da Corte segue il Caaf &#8211; e l\u2019amministrazione daranno quindi il via allo sportello d\u2019ascolto per le cittadine e i cittadini residenti di nazionalit\u00e0 ucraina, che in comune sono 35. Lo sportello, con ricevimento in presenza, sar\u00e0 aperto dalle 9 alle 10.15, nella sala consiliare del municipio: \u00abUn riferimento per la comprensibile preoccupazione e l\u2019ansia delle persone rispetto ai tragici avvenimenti, ma anche un modo di fare rete con i servizi del territorio e le associazioni di volontariato, raccogliendo eventuali informazioni in merito a possibilit\u00e0 di ricongiungimento con familiari\u00bb. <\/span><span style=\"font-family: 'Helvetica',sans-serif; color: black;\">Il servizio potr\u00e0 essere parte attiva anche in caso di raccolta di fondi o aiuti. In pi\u00f9, \u00e8 possibile avere delucidazioni, chiamando l\u2019ufficio relazioni con il pubblico al numero 0437-9866: \u00abIn Veneto &#8211; conclude Vendramini &#8211; sono ad esempio 5mila le assistenti familiari ucraine, molte delle quali nella nostra provincia. E curano i nostri anziani\u00bb.<\/span><\/p>\n<p>&nbsp;<\/p>\n<p>&nbsp;<\/p>\n<p>****<\/p>\n","protected":false},"excerpt":{"rendered":"<p>PONTE NELLE ALPI Uno sportello d\u2019ascolto per i residenti di cittadinanza ucraina: lo apriranno Spi Cgil e l\u2019amministrazione comunale di Ponte nelle Alpi.\u00a0\u00abEsprimiamo la pi\u00f9 ferma condanna per l\u2019invasione russa, per il conflitto e per i bombardamenti, in sfregio ad ogni regola dei diritti internazionali &#8211; esordisce il sindaco Paolo Vendramini -. Come comunit\u00e0 siamo&hellip;<\/p>\n","protected":false},"author":4,"featured_media":261743,"comment_status":"closed","ping_status":"closed","sticky":false,"template":"","format":"standard","meta":{"_monsterinsights_skip_tracking":false,"_monsterinsights_sitenote_active":false,"_monsterinsights_sitenote_note":"","_monsterinsights_sitenote_category":0,"footnotes":""},"categories":[49],"tags":[],"class_list":["post-261753","post","type-post","status-publish","format-standard","has-post-thumbnail","hentry","category-news-18","category-49","description-off"],"img_url":"https:\/\/www.radiopiu.net\/wordpress\/wp-content\/uploads\/2022\/02\/Piazza_della_Poesia_Ucraina.jpg","_links":{"self":[{"href":"https:\/\/www.radiopiu.net\/wordpress\/wp-json\/wp\/v2\/posts\/261753","targetHints":{"allow":["GET"]}}],"collection":[{"href":"https:\/\/www.radiopiu.net\/wordpress\/wp-json\/wp\/v2\/posts"}],"about":[{"href":"https:\/\/www.radiopiu.net\/wordpress\/wp-json\/wp\/v2\/types\/post"}],"author":[{"embeddable":true,"href":"https:\/\/www.radiopiu.net\/wordpress\/wp-json\/wp\/v2\/users\/4"}],"replies":[{"embeddable":true,"href":"https:\/\/www.radiopiu.net\/wordpress\/wp-json\/wp\/v2\/comments?post=261753"}],"version-history":[{"count":0,"href":"https:\/\/www.radiopiu.net\/wordpress\/wp-json\/wp\/v2\/posts\/261753\/revisions"}],"wp:featuredmedia":[{"embeddable":true,"href":"https:\/\/www.radiopiu.net\/wordpress\/wp-json\/wp\/v2\/media\/261743"}],"wp:attachment":[{"href":"https:\/\/www.radiopiu.net\/wordpress\/wp-json\/wp\/v2\/media?parent=261753"}],"wp:term":[{"taxonomy":"category","embeddable":true,"href":"https:\/\/www.radiopiu.net\/wordpress\/wp-json\/wp\/v2\/categories?post=261753"},{"taxonomy":"post_tag","embeddable":true,"href":"https:\/\/www.radiopiu.net\/wordpress\/wp-json\/wp\/v2\/tags?post=261753"}],"curies":[{"name":"wp","href":"https:\/\/api.w.org\/{rel}","templated":true}]}}