{"id":261899,"date":"2022-02-28T05:47:27","date_gmt":"2022-02-28T04:47:27","guid":{"rendered":"https:\/\/www.radiopiu.net\/wordpress\/?p=261899"},"modified":"2022-02-28T05:56:06","modified_gmt":"2022-02-28T04:56:06","slug":"valanga-sul-vant-de-le-forzele-uno-scialpinista-coinvolto","status":"publish","type":"post","link":"https:\/\/www.radiopiu.net\/wordpress\/valanga-sul-vant-de-le-forzele-uno-scialpinista-coinvolto\/","title":{"rendered":"VALANGA SUL VANT DE LE FORZELE, UNO SCIALPINISTA COINVOLTO"},"content":{"rendered":"<p><strong><a class=\"dt-pswp-item\" href=\"https:\/\/www.radiopiu.net\/wordpress\/wp-content\/uploads\/2022\/02\/salt_20220227_160658_350.jpg\" data-dt-img-description=\"\" data-large_image_width=\"1773\" data-large_image_height=\"2364\"><img loading=\"lazy\" decoding=\"async\" class=\"wp-image-261900 alignleft\" src=\"https:\/\/www.radiopiu.net\/wordpress\/wp-content\/uploads\/2022\/02\/salt_20220227_160658_350-225x300.jpg\" alt=\"\" width=\"122\" height=\"163\" srcset=\"https:\/\/www.radiopiu.net\/wordpress\/wp-content\/uploads\/2022\/02\/salt_20220227_160658_350-225x300.jpg 225w, https:\/\/www.radiopiu.net\/wordpress\/wp-content\/uploads\/2022\/02\/salt_20220227_160658_350-768x1024.jpg 768w, https:\/\/www.radiopiu.net\/wordpress\/wp-content\/uploads\/2022\/02\/salt_20220227_160658_350-1152x1536.jpg 1152w, https:\/\/www.radiopiu.net\/wordpress\/wp-content\/uploads\/2022\/02\/salt_20220227_160658_350-1536x2048.jpg 1536w, https:\/\/www.radiopiu.net\/wordpress\/wp-content\/uploads\/2022\/02\/salt_20220227_160658_350.jpg 1773w\" sizes=\"auto, (max-width: 122px) 100vw, 122px\" \/><\/a>VAL DI ZOLDO\u00a0<\/strong> Ha fortunatamente riportato solo un probabile trauma alla caviglia lo scialpinista coinvolto da una valanga sul Vant de le Forzele, nel Gruppo del San Sebastiano. C.M., 48 anni, di Sovramonte (BL), stava scendendo con amici &#8211; pi\u00f9 a monte un altro gruppo di sciatori &#8211; quando \u00e8 avvenuto il distacco che lo ha trascinato per diverse decine di metri. Lo sciatore, che \u00e8 sempre restato in superficie, \u00e8 stato subito raggiunto dai compagni che hanno lanciato l&#8217;allarme attorno alle 13. Individuato il punto in cui si trovava, sul versante nord della Gardesana, l&#8217;elicottero del Suem di Pieve di Cadore ha sbarcato con il verricello tecnico di elisoccorso, unit\u00e0 cinofila da valanga e medico. L&#8217;uomo, con un sospetto trauma al piede, \u00e8 poi stato issato a bordo per essere trasportato all&#8217;ospedale di Belluno.<\/p>\n<div dir=\"auto\"><\/div>\n","protected":false},"excerpt":{"rendered":"<p>VAL DI ZOLDO\u00a0 Ha fortunatamente riportato solo un probabile trauma alla caviglia lo scialpinista coinvolto da una valanga sul Vant de le Forzele, nel Gruppo del San Sebastiano. C.M., 48 anni, di Sovramonte (BL), stava scendendo con amici &#8211; pi\u00f9 a monte un altro gruppo di sciatori &#8211; quando \u00e8 avvenuto il distacco che lo&hellip;<\/p>\n","protected":false},"author":4,"featured_media":261900,"comment_status":"closed","ping_status":"closed","sticky":false,"template":"","format":"standard","meta":{"_monsterinsights_skip_tracking":false,"_monsterinsights_sitenote_active":false,"_monsterinsights_sitenote_note":"","_monsterinsights_sitenote_category":0,"footnotes":""},"categories":[51,49],"tags":[],"class_list":["post-261899","post","type-post","status-publish","format-standard","has-post-thumbnail","hentry","category-evidenza-top","category-news-18","category-51","category-49","description-off"],"img_url":"https:\/\/www.radiopiu.net\/wordpress\/wp-content\/uploads\/2022\/02\/salt_20220227_160658_350.jpg","_links":{"self":[{"href":"https:\/\/www.radiopiu.net\/wordpress\/wp-json\/wp\/v2\/posts\/261899","targetHints":{"allow":["GET"]}}],"collection":[{"href":"https:\/\/www.radiopiu.net\/wordpress\/wp-json\/wp\/v2\/posts"}],"about":[{"href":"https:\/\/www.radiopiu.net\/wordpress\/wp-json\/wp\/v2\/types\/post"}],"author":[{"embeddable":true,"href":"https:\/\/www.radiopiu.net\/wordpress\/wp-json\/wp\/v2\/users\/4"}],"replies":[{"embeddable":true,"href":"https:\/\/www.radiopiu.net\/wordpress\/wp-json\/wp\/v2\/comments?post=261899"}],"version-history":[{"count":0,"href":"https:\/\/www.radiopiu.net\/wordpress\/wp-json\/wp\/v2\/posts\/261899\/revisions"}],"wp:featuredmedia":[{"embeddable":true,"href":"https:\/\/www.radiopiu.net\/wordpress\/wp-json\/wp\/v2\/media\/261900"}],"wp:attachment":[{"href":"https:\/\/www.radiopiu.net\/wordpress\/wp-json\/wp\/v2\/media?parent=261899"}],"wp:term":[{"taxonomy":"category","embeddable":true,"href":"https:\/\/www.radiopiu.net\/wordpress\/wp-json\/wp\/v2\/categories?post=261899"},{"taxonomy":"post_tag","embeddable":true,"href":"https:\/\/www.radiopiu.net\/wordpress\/wp-json\/wp\/v2\/tags?post=261899"}],"curies":[{"name":"wp","href":"https:\/\/api.w.org\/{rel}","templated":true}]}}