{"id":261930,"date":"2022-02-27T23:59:55","date_gmt":"2022-02-27T22:59:55","guid":{"rendered":"https:\/\/www.radiopiu.net\/wordpress\/?p=261930"},"modified":"2022-02-28T06:01:51","modified_gmt":"2022-02-28T05:01:51","slug":"lagordina-rifila-una-manita-al-gemelle-il-keralpen-perde-a-mestre","status":"publish","type":"post","link":"https:\/\/www.radiopiu.net\/wordpress\/lagordina-rifila-una-manita-al-gemelle-il-keralpen-perde-a-mestre\/","title":{"rendered":"L&#8217;AGORDINA RIFILA UNA MANITA AL GEMELLE, IL KERALPEN PERDE A MESTRE"},"content":{"rendered":"<p><strong><a class=\"dt-pswp-item\" href=\"https:\/\/www.radiopiu.net\/wordpress\/wp-content\/uploads\/2019\/06\/CALCIO-2019.jpg\" data-dt-img-description=\"\" data-large_image_width=\"624\" data-large_image_height=\"351\"><img loading=\"lazy\" decoding=\"async\" class=\"size-medium wp-image-88853 alignleft\" src=\"https:\/\/www.radiopiu.net\/wordpress\/wp-content\/uploads\/2019\/06\/CALCIO-2019-300x169.jpg\" alt=\"\" width=\"300\" height=\"169\" srcset=\"https:\/\/www.radiopiu.net\/wordpress\/wp-content\/uploads\/2019\/06\/CALCIO-2019-300x169.jpg 300w, https:\/\/www.radiopiu.net\/wordpress\/wp-content\/uploads\/2019\/06\/CALCIO-2019.jpg 624w\" sizes=\"auto, (max-width: 300px) 100vw, 300px\" \/><\/a>SECONDA CATEGORIA GIR. <\/strong><strong>T \/ AGORDINA \u2013 GEMELLE 5-0 (Gol Agordina: 3 Zannoni, Dal Don, Miana)<\/strong><\/p>\n<p>Tutto facile per l\u2019Agordina che al Comunale di Sedico supera il Gemelle. Altri tre punti aggiunti in classifica e salvezza sempre pi\u00f9 vicina per la formazione allenata da Lorenzi. La squadra di Agordo chiude la partita nel primo tempo dopo che la formazione di Mel \u00e8 rimasta con l\u2019uomo in meno dopo 20\u2019 di gara. Una prestazione da incorniciare per gli agordini che continuano a giocare bene e incamerare punti importanti tanto che occupa il quarto posto della Seconda Categoria girone T del Veneto. Il Gemelle si fa subito pericoloso con un tiro che sorvola la traversa di poco. Si gioca alla pari ma l\u2019Agordina passa in vantaggio al 20\u2019. Viene atterrato in area Fossen, fallo da ultimo uomo, rigore ed espulsione di un giocatore del Gemelle. Dagli undici metri Zannoni non sbaglia. Gli ospiti, nonostante l\u2019uomo in meno, mette in difficolta gli uomini di Lorenzi. Dell\u2019Osbel deve fare i miracoli per salvare il risultato. La squadra di Mel ci prova ma nel momento migliore gli agordini siglano la seconda marcatura di giornata. \u00c8 ancora Zannoni che mette la firma al gol del due a zero con una conclusione imprendibile. Prima della pausa la squadra allenata da Lorenzi chiude la partita con Dal Don che batte l\u2019estremo del Gemelle con un siluro di destro. Nella ripresa calano i ritmi e l\u2019Agordina sembra accontentarsi del risultato. La squadra di Agordo cala il poker ancora con Zannoni, rete che chiude definitivamente la sfida di Sedico. Per chiudere in bellezza arriva anche la quinta marcatura della squadra di Lorenzi con Miana.<\/p>\n<p>&nbsp;<\/p>\n<p><strong>GIOVANISSIMI PROVINCIALI \/ SAN VITTORE \u2013 AGORDINA 2-0<\/strong><\/p>\n<p>Il nuovo anno dell\u2019Agordina allenata da De Bastiani inizia con il piede sbagliato. La compagine di Agordo torna dalla trasferta in terra feltrina a bocca asciutta. Il San Vittore vince 2 a 0 e l\u2019Agordina rimane a met\u00e0 classifica con 13 punti.<\/p>\n<p>&nbsp;<\/p>\n<p><strong>ALLIEVI REGIONALI \/ SAN VENDEMMIANO \u2013 AGORDINA 2-2<\/strong><\/p>\n<p>Gli allievi dell\u2019Agordina tornano dalla trasferta in terra trevigiana con un punto in tasca. Termina in pareggio con due gol per parte la sfida valida per il campionato regionale. San vendemmiano che passa subito in vantaggio ed Agordina che risponde poco dopo con Ferrara. I trevigiani si riportano in vantaggio ma al 20\u2019 Benvegn\u00f9 pareggia di nuovo i conti. Una partita equilibrata e punteggio giusto con gli Agordini che rimangono in fondo alla classifica ma in zona playout con 9 punti, ad una sola lunghezza dal Cadore ultimo della classe.<\/p>\n<p>&nbsp;<\/p>\n<p><strong>JUNIORES REGIONALI \/ CONDOR TREVISO \u2013 AGORDINA 3-2<\/strong><\/p>\n<p>Sconfitta di misura per l\u2019Agordina contro il Condor Treviso. Al 3\u2019 passano in vantaggio gli agordini con Stefano De Col\u00f2 che segna grazie all\u2019assist di Matthias Marcon a metterlo a porta spalancata. In seguito \u00e8 un fallo orrendo a gamba alta del n.4 del Condor ai danni di De Col\u00f2 Gabriele a far degenerare la partita: De Col\u00f2 viene colpito in testa coi tacchetti e subisce una ferita profonda in fronte, ma l\u2019arbitro lo valuta solo da giallo. Il Condor pareggia al 32\u2019 con un gol in fuorigioco non visto dal direttore di gara (1-1). Al terzo di recupero del primo tempo \u00e8 ancora il condor a segnare portandosi sul 2-1: palla in profondit\u00e0, Andrea Cancel va a coprire per l\u2019uscita del portiere Case, l\u2019attaccante trevisano lo spinge, l\u2019arbitro non vede e per un altro giocatore del condor treviso \u00e8 semplice segnare a porta vuota (2-1). Nel secondo tempo il Condor trova dopo 2 minuti il gol del 3-1. Poco dopo vengono espulsi Mister Davare dell\u2019Agordina e il capitano Manuel Selle. Al 90\u2019 Francesco Ren guadagna e trasforma il calcio di rigore del 3-2. Una sconfitta immeritata e che lascia ben pi\u00f9 che l\u2019amaro in bocca.<\/p>\n<p><strong>\u00a0<\/strong><\/p>\n<p><strong>JUNIORES PROVINCIALI \/ FIORI BARP \u2013 JUVENTINA MUGNAI 5-0<\/strong><\/p>\n<p>Prima partita del 2022 per gli Juniores del Fioribarp che sotterrano di gol la Juventina. Parte bene l\u2019anno per la squadra sedicense che incamera 3 punti nella prima sfida ufficiale del nuovo anno. Gli uomini di mister Sommacal ripartono da dove avevano lasciato rifilando una manita alla Juventina imbottita da giovani. Al 18\u2019 Capaldo sblocca il punteggio. A fine primo tempo il Fioribarp va a segno altre due volte con Santele e Contana. Nella ripresa Hykolli cala il poker su punizione e lo stesso giocatore chiude definitivamente la sfida al 73\u2019. Primo posto in classifica per i giovani di Sedico.<\/p>\n<p>&nbsp;<\/p>\n<p><strong>ECCELLENZA FEMMINILE \/ MAERNE \u2013 KERALPEN 3-0<\/strong><\/p>\n<p>Seconda sconfitta consecutiva per il Keralpen. Niente da fare per la squadra bellunese che crolla con il Maerne. A Mestre si gioca solo un tempo, il primo dove le mestrine mettono il sigillo alla partita.Primi minuti di gara con le squadre che si studiano senza creare azioni degne di nota. Il Maerne ingrana la marcia giusta e va a segno. Le mestrine ci prendono gusto e prendono di mira la porta delle bellunesi tanto che riescono a siglare altre due marcature prima dell\u2019intervallo. Nel secondo tempo calano i ritmi e la squadra di casa si accontenta del risultato incamerando i tre punti in palio<\/p>\n<p>&nbsp;<\/p>\n<p>&nbsp;<\/p>\n<p>&nbsp;<\/p>\n<p>*****<\/p>\n","protected":false},"excerpt":{"rendered":"<p>SECONDA CATEGORIA GIR. T \/ AGORDINA \u2013 GEMELLE 5-0 (Gol Agordina: 3 Zannoni, Dal Don, Miana) Tutto facile per l\u2019Agordina che al Comunale di Sedico supera il Gemelle. Altri tre punti aggiunti in classifica e salvezza sempre pi\u00f9 vicina per la formazione allenata da Lorenzi. La squadra di Agordo chiude la partita nel primo tempo&hellip;<\/p>\n","protected":false},"author":4,"featured_media":88853,"comment_status":"closed","ping_status":"closed","sticky":false,"template":"","format":"standard","meta":{"_monsterinsights_skip_tracking":false,"_monsterinsights_sitenote_active":false,"_monsterinsights_sitenote_note":"","_monsterinsights_sitenote_category":0,"footnotes":""},"categories":[104,49],"tags":[],"class_list":["post-261930","post","type-post","status-publish","format-standard","has-post-thumbnail","hentry","category-evidenza_3","category-news-18","category-104","category-49","description-off"],"img_url":"https:\/\/www.radiopiu.net\/wordpress\/wp-content\/uploads\/2019\/06\/CALCIO-2019.jpg","_links":{"self":[{"href":"https:\/\/www.radiopiu.net\/wordpress\/wp-json\/wp\/v2\/posts\/261930","targetHints":{"allow":["GET"]}}],"collection":[{"href":"https:\/\/www.radiopiu.net\/wordpress\/wp-json\/wp\/v2\/posts"}],"about":[{"href":"https:\/\/www.radiopiu.net\/wordpress\/wp-json\/wp\/v2\/types\/post"}],"author":[{"embeddable":true,"href":"https:\/\/www.radiopiu.net\/wordpress\/wp-json\/wp\/v2\/users\/4"}],"replies":[{"embeddable":true,"href":"https:\/\/www.radiopiu.net\/wordpress\/wp-json\/wp\/v2\/comments?post=261930"}],"version-history":[{"count":0,"href":"https:\/\/www.radiopiu.net\/wordpress\/wp-json\/wp\/v2\/posts\/261930\/revisions"}],"wp:featuredmedia":[{"embeddable":true,"href":"https:\/\/www.radiopiu.net\/wordpress\/wp-json\/wp\/v2\/media\/88853"}],"wp:attachment":[{"href":"https:\/\/www.radiopiu.net\/wordpress\/wp-json\/wp\/v2\/media?parent=261930"}],"wp:term":[{"taxonomy":"category","embeddable":true,"href":"https:\/\/www.radiopiu.net\/wordpress\/wp-json\/wp\/v2\/categories?post=261930"},{"taxonomy":"post_tag","embeddable":true,"href":"https:\/\/www.radiopiu.net\/wordpress\/wp-json\/wp\/v2\/tags?post=261930"}],"curies":[{"name":"wp","href":"https:\/\/api.w.org\/{rel}","templated":true}]}}