{"id":261979,"date":"2022-03-01T05:35:22","date_gmt":"2022-03-01T04:35:22","guid":{"rendered":"https:\/\/www.radiopiu.net\/wordpress\/?p=261979"},"modified":"2022-03-01T06:40:22","modified_gmt":"2022-03-01T05:40:22","slug":"giornale-radiopiu-01-marzo-2022-direttore-mirko-mezzacasa","status":"publish","type":"post","link":"https:\/\/www.radiopiu.net\/wordpress\/giornale-radiopiu-01-marzo-2022-direttore-mirko-mezzacasa\/","title":{"rendered":"GIORNALE RADIOPIU 01 MARZO 2022 DIRETTORE MIRKO MEZZACASA"},"content":{"rendered":"<h3 class=\"kvgmc6g5 cxmmr5t8 oygrvhab hcukyx3x c1et5uql\"><span style=\"color: #0000ff;\"><strong>INFORMAZIONE il canale su TELEGRAM informazione di prima mano e in tempo reale. iscriviti ed aiutaci a farlo conoscere\u00a0\u00a0<\/strong><\/span><\/h3>\n<hr \/>\n<p>&nbsp;<\/p>\n<blockquote>\n<h3><img loading=\"lazy\" decoding=\"async\" class=\"alignleft\" src=\"https:\/\/www.radiopiu.net\/wordpress\/wp-content\/uploads\/2022\/03\/flag-7033311__480.webp\" width=\"140\" height=\"86\" \/>IL VENETO PREPARA L&#8217;ACCOGLIENZA<\/h3>\n<h3>AUDIO<\/h3>\n<audio class=\"wp-audio-shortcode\" id=\"audio-261979-1\" preload=\"none\" style=\"width: 100%;\" controls=\"controls\"><source type=\"audio\/mpeg\" src=\"https:\/\/www.radiopiu.net\/wordpress\/wp-content\/uploads\/2022\/03\/ZAIA-PROFUGHI.mp3?_=1\" \/><a href=\"https:\/\/www.radiopiu.net\/wordpress\/wp-content\/uploads\/2022\/03\/ZAIA-PROFUGHI.mp3\">https:\/\/www.radiopiu.net\/wordpress\/wp-content\/uploads\/2022\/03\/ZAIA-PROFUGHI.mp3<\/a><\/audio>\n<h3><\/h3>\n<\/blockquote>\n<p><a href=\"https:\/\/www.facebook.com\/zaiaufficiale\/videos\/701580211212072\">https:\/\/www.facebook.com\/zaiaufficiale\/videos\/701580211212072<\/a><\/p>\n<p>&nbsp;<\/p>\n<h2><\/h2>\n<hr \/>\n<p>&nbsp;<\/p>\n<blockquote>\n<h3>UN AIUTO ALL&#8217;UCRAINA DALL&#8217;AGORDINO. PARTITA LA RACCOLTA FONDI E DI BENI DI PRIMA NECESSITA&#8217;<\/h3>\n<\/blockquote>\n<p><strong><a class=\"dt-pswp-item\" href=\"https:\/\/www.radiopiu.net\/wordpress\/wp-content\/uploads\/2022\/02\/AIUTO-UCRAINA.jpg\" data-dt-img-description=\"\" data-large_image_width=\"374\" data-large_image_height=\"188\"><img loading=\"lazy\" decoding=\"async\" class=\" wp-image-262104 alignleft\" src=\"https:\/\/www.radiopiu.net\/wordpress\/wp-content\/uploads\/2022\/02\/AIUTO-UCRAINA-300x151.jpg\" alt=\"\" width=\"195\" height=\"98\" srcset=\"https:\/\/www.radiopiu.net\/wordpress\/wp-content\/uploads\/2022\/02\/AIUTO-UCRAINA-300x151.jpg 300w, https:\/\/www.radiopiu.net\/wordpress\/wp-content\/uploads\/2022\/02\/AIUTO-UCRAINA.jpg 374w\" sizes=\"auto, (max-width: 195px) 100vw, 195px\" \/><\/a>CANALE D&#8217;AGORDO\u00a0<\/strong>\u00c8 iniziata la campagna di aiuto alla popolazione ucraina anche in Agordino. Nella sala consigliare di Canale D&#8217;Agordo dal luned\u00ec al venerd\u00ec, dalle 9 alle 19, si possono portare generi alimentari (prodotti in scatola di latta (no vetro) a lunga conservazione (pasta, riso, farina, biscotti, cioccolato, te&#8217;, caffe solubile, tonno, carne in scatola, pesce, sgombro, fagiolini, piselli omogeneizzati, prodotti per igiene personale come salviette umide, sapone, shampoo, asciugamani, piatti, bicchieri, posate monouso) e sanitari (garze, cerotti, disinfettanti, lacci emostatici, pannolini, vestiti). Si pu\u00f2 offrire anche ospitalit\u00e0 ai profughi rivolgendosi alla Caritas di Belluno contattando lo 0437 941681 oppure fare una donazione all&#8217;IBAN della Caritas di Belluno con la causale &#8220;Emergenza Ucraina&#8221; <strong>IT86P0306909606100000143821<\/strong><\/p>\n<p><strong>LORIS SERAFINI DELLA FONDAZIONE PAPA LUCIANI<\/strong><\/p>\n<audio class=\"wp-audio-shortcode\" id=\"audio-261979-2\" preload=\"none\" style=\"width: 100%;\" controls=\"controls\"><source type=\"audio\/mpeg\" src=\"https:\/\/www.radiopiu.net\/wordpress\/wp-content\/uploads\/2022\/02\/LORIS-SERAFINI-UCRAINA.mp3?_=2\" \/><a href=\"https:\/\/www.radiopiu.net\/wordpress\/wp-content\/uploads\/2022\/02\/LORIS-SERAFINI-UCRAINA.mp3\">https:\/\/www.radiopiu.net\/wordpress\/wp-content\/uploads\/2022\/02\/LORIS-SERAFINI-UCRAINA.mp3<\/a><\/audio>\n<p>&nbsp;<\/p>\n<hr \/>\n<blockquote>\n<h3><\/h3>\n<h3>L&#8217;IMPEGNO DEGLI ALPINI DI BELLUNO<\/h3>\n<\/blockquote>\n<p><span dir=\"ltr\" role=\"presentation\"><strong><a href=\"https:\/\/www.radiopiu.net\/wordpress\/wp-content\/uploads\/2022\/03\/surviving-6827952__340.webp\"><img loading=\"lazy\" decoding=\"async\" class=\"wp-image-262190 alignleft\" src=\"https:\/\/www.radiopiu.net\/wordpress\/wp-content\/uploads\/2022\/03\/surviving-6827952__340-300x200.webp\" alt=\"\" width=\"203\" height=\"135\" srcset=\"https:\/\/www.radiopiu.net\/wordpress\/wp-content\/uploads\/2022\/03\/surviving-6827952__340-300x200.webp 300w, https:\/\/www.radiopiu.net\/wordpress\/wp-content\/uploads\/2022\/03\/surviving-6827952__340.webp 510w\" sizes=\"auto, (max-width: 203px) 100vw, 203px\" \/><\/a>BELLUNO<\/strong> La Sezione Alpini di Belluno<\/span><span dir=\"ltr\" role=\"presentation\"> promuove<\/span><span dir=\"ltr\" role=\"presentation\"> la raccolta di vestiario in buone condizioni ed igienizzato che consegner\u00e0 <\/span><span dir=\"ltr\" role=\"presentation\">direttamente alla popolazione ucra\u00ecna in fuga. <\/span><span dir=\"ltr\" role=\"presentation\">Ogni Gruppo \u00e8 stato autorizzato e sollecitato ad agire autonomamente e poi tutto il materiale <\/span><span dir=\"ltr\" role=\"presentation\">raccolto sar\u00e0 concentrato nella sede sezionale di via Tissi 10 a Belluno per il successivo trasporto a <\/span><span dir=\"ltr\" role=\"presentation\">destinazione. <\/span><em><span dir=\"ltr\" role=\"presentation\">\u00abSono sicuro &#8211; sottolinea il presidente Lino De Pra &#8211; che ancora una volta le penne nere della <\/span><span dir=\"ltr\" role=\"presentation\">Sezione ed i volontari della nostra Protezione civile saranno sensibili a questo accorato appello che <\/span><span dir=\"ltr\" role=\"presentation\">promuoviamo in stretta osservanza ai principi fondanti dell<\/span><span dir=\"ltr\" role=\"presentation\">\u2019<\/span><span dir=\"ltr\" role=\"presentation\">A.N.A. in tema di solidariet\u00e0 nei <\/span><\/em><em><span dir=\"ltr\" role=\"presentation\">confronti di chiunque si trovi in stato di necessit\u00e0. Grazie sin d<\/span><span dir=\"ltr\" role=\"presentation\">\u2019<\/span><span dir=\"ltr\" role=\"presentation\">ora a tutti coloro i quali vorranno <\/span><span dir=\"ltr\" role=\"presentation\">aderire a questa nostra iniziativa umanitaria\u00bb<\/span>\u00a0<\/em><\/p>\n<p>&nbsp;<\/p>\n<hr \/>\n<p>&nbsp;<\/p>\n<blockquote>\n<h2><\/h2>\n<h2><em>ACQUA&#8230; <\/em><em>IL RITORNO ALLA NORMALITA&#8217;\u00a0<\/em><\/h2>\n<\/blockquote>\n<p><strong>\u00a0CANALE D&#8217; AGORDO<\/strong> Gestione Servizi Pubblici informa che nelle LOCALITA&#8217; FREGONA, PISOLIVA E LA MORA l&#8217;acqua erogata dall&#8217;acquedotto \u00e8 potabile e pu\u00f2 <a class=\"dt-pswp-item\" href=\"https:\/\/www.radiopiu.net\/wordpress\/wp-content\/uploads\/2022\/01\/IMG-20210910-WA0001.jpg\" data-dt-img-description=\"\" data-large_image_width=\"806\" data-large_image_height=\"818\"><img loading=\"lazy\" decoding=\"async\" class=\"wp-image-255377 alignleft\" src=\"https:\/\/www.radiopiu.net\/wordpress\/wp-content\/uploads\/2022\/01\/IMG-20210910-WA0001-296x300.jpg\" alt=\"\" width=\"103\" height=\"104\" srcset=\"https:\/\/www.radiopiu.net\/wordpress\/wp-content\/uploads\/2022\/01\/IMG-20210910-WA0001-296x300.jpg 296w, https:\/\/www.radiopiu.net\/wordpress\/wp-content\/uploads\/2022\/01\/IMG-20210910-WA0001-150x150.jpg 150w, https:\/\/www.radiopiu.net\/wordpress\/wp-content\/uploads\/2022\/01\/IMG-20210910-WA0001-768x779.jpg 768w, https:\/\/www.radiopiu.net\/wordpress\/wp-content\/uploads\/2022\/01\/IMG-20210910-WA0001.jpg 806w\" sizes=\"auto, (max-width: 103px) 100vw, 103px\" \/><\/a>essere usata per scopi alimentari, per ora fine sel disagio durato 15 giorni.<\/p>\n<blockquote>\n<h2>MA NON A\u00a0 SEREN DEL GRAPPA PER ORA<\/h2>\n<\/blockquote>\n<p><strong>SEREN DEL GRAPPA<\/strong> Perdita\u00a0 d&#8217;acqua in localit\u00e0 Fodasin svuota le vasche dell&#8217;acquedotto. Problema di approvvigionamento\u00a0 per\u00a0 le utenze di\u00a0 Pontera, Col dei Pez, Mattiet, Pian della Chiesa, Col dei Bof, Pradarzern e Valgranda. Si tratta di una perdita a un allaccio, oggi la situazione dovrebbe tornare alla normalit\u00e0.<\/p>\n<p>&nbsp;<\/p>\n<p>&nbsp;<\/p>\n<p>&nbsp;<\/p>\n<hr \/>\n<blockquote>\n<h3><\/h3>\n<h3>IL BOTTO A TRE DI DOMENICA A SANTA GIUSTINA<br \/>\n<em>Una mancata precedenza potrebbe essere alla base dello scontro\u00a0 \u00a0<\/em><\/h3>\n<\/blockquote>\n\n\t\t\t<style type='text\/css'>\n\t\t\t\t#gallery-1 {\n\t\t\t\t\tmargin: auto;\n\t\t\t\t}\n\t\t\t\t#gallery-1 .gallery-item {\n\t\t\t\t\tfloat: left;\n\t\t\t\t\tmargin-top: 10px;\n\t\t\t\t\ttext-align: center;\n\t\t\t\t\twidth: 33%;\n\t\t\t\t}\n\t\t\t\t#gallery-1 img {\n\t\t\t\t\tborder: 2px solid #cfcfcf;\n\t\t\t\t}\n\t\t\t\t#gallery-1 .gallery-caption {\n\t\t\t\t\tmargin-left: 0;\n\t\t\t\t}\n\t\t\t\t\/* see gallery_shortcode() in wp-includes\/media.php *\/\n\t\t\t<\/style>\n\t\t<div id='gallery-1' class='dt-gallery-container gallery galleryid-261979 gallery-columns-3 gallery-size-thumbnail'><dl class='gallery-item'>\n\t\t\t\t<dt class='gallery-icon landscape'>\n\t\t\t\t\t<a class=\"rollover rollover-zoom dt-pswp-item\" title=\"ae8759fb-19d9-4649-b45d-81b1b30080e0\" data-dt-img-description=\"\" data-large_image_width=\"1280\" data-large_image_height=\"960\"href='https:\/\/www.radiopiu.net\/wordpress\/wp-content\/uploads\/2022\/02\/ae8759fb-19d9-4649-b45d-81b1b30080e0.jpg'><img loading=\"lazy\" decoding=\"async\" width=\"150\" height=\"150\" src=\"https:\/\/www.radiopiu.net\/wordpress\/wp-content\/uploads\/2022\/02\/ae8759fb-19d9-4649-b45d-81b1b30080e0-150x150.jpg\" class=\"attachment-thumbnail size-thumbnail\" alt=\"\" \/><\/a>\n\t\t\t\t<\/dt><\/dl><dl class='gallery-item'>\n\t\t\t\t<dt class='gallery-icon landscape'>\n\t\t\t\t\t<a class=\"rollover rollover-zoom dt-pswp-item\" title=\"5e957da2-07a3-4f9a-ac7b-5a3be5115bac\" data-dt-img-description=\"\" data-large_image_width=\"1280\" data-large_image_height=\"960\"href='https:\/\/www.radiopiu.net\/wordpress\/wp-content\/uploads\/2022\/02\/5e957da2-07a3-4f9a-ac7b-5a3be5115bac.jpg'><img loading=\"lazy\" decoding=\"async\" width=\"150\" height=\"150\" src=\"https:\/\/www.radiopiu.net\/wordpress\/wp-content\/uploads\/2022\/02\/5e957da2-07a3-4f9a-ac7b-5a3be5115bac-150x150.jpg\" class=\"attachment-thumbnail size-thumbnail\" alt=\"\" \/><\/a>\n\t\t\t\t<\/dt><\/dl><dl class='gallery-item'>\n\t\t\t\t<dt class='gallery-icon landscape'>\n\t\t\t\t\t<a class=\"rollover rollover-zoom dt-pswp-item\" title=\"e59e45ef-f5f0-474a-8846-488d8847143d\" data-dt-img-description=\"\" data-large_image_width=\"1280\" data-large_image_height=\"960\"href='https:\/\/www.radiopiu.net\/wordpress\/wp-content\/uploads\/2022\/02\/e59e45ef-f5f0-474a-8846-488d8847143d.jpg'><img loading=\"lazy\" decoding=\"async\" width=\"150\" height=\"150\" src=\"https:\/\/www.radiopiu.net\/wordpress\/wp-content\/uploads\/2022\/02\/e59e45ef-f5f0-474a-8846-488d8847143d-150x150.jpg\" class=\"attachment-thumbnail size-thumbnail\" alt=\"\" \/><\/a>\n\t\t\t\t<\/dt><\/dl><br style=\"clear: both\" \/>\n\t\t\t<\/div>\n\n<blockquote><p><strong>SANTA GIUSTINA<\/strong> L&#8217;altra sera ll&#8217;incrocio di\u00a0 Meano. Coinvolte tre vetture, uscite tutte malconce dall&#8217;impatto. Il bilancio finale dice \u00e8 un ferito, fortunatamente non grave, trasportato all&#8217;ospedale per gli esami e le cure del caso. Coinvolte:\u00a0 una Suzuki Alto condotta dal 21 enne M.G. residente a Limana, una Renault Megane con al volante A.Z. classe 1971 di Cesiomaggiore e una Kia Sorento\u00a0 con a bordo O.B., 48 anni e residente in Alpago.<\/p><\/blockquote>\n<p>&nbsp;<\/p>\n<hr \/>\n<p>&nbsp;<\/p>\n<blockquote>\n<h3>VIGILI DEL FUOCO: DUE CAMINI IN FIAMME IN DUE GIORNI<\/h3>\n<\/blockquote>\n<p><strong><a class=\"dt-pswp-item\" href=\"https:\/\/www.radiopiu.net\/wordpress\/wp-content\/uploads\/2021\/07\/49394d4a-be71-4216-8f46-567b5b983925.jpg\" data-dt-img-description=\"\" data-large_image_width=\"1080\" data-large_image_height=\"717\"><img loading=\"lazy\" decoding=\"async\" class=\"wp-image-222516 alignleft\" src=\"https:\/\/www.radiopiu.net\/wordpress\/wp-content\/uploads\/2021\/07\/49394d4a-be71-4216-8f46-567b5b983925-300x199.jpg\" alt=\"\" width=\"185\" height=\"123\" srcset=\"https:\/\/www.radiopiu.net\/wordpress\/wp-content\/uploads\/2021\/07\/49394d4a-be71-4216-8f46-567b5b983925-300x199.jpg 300w, https:\/\/www.radiopiu.net\/wordpress\/wp-content\/uploads\/2021\/07\/49394d4a-be71-4216-8f46-567b5b983925-1024x680.jpg 1024w, https:\/\/www.radiopiu.net\/wordpress\/wp-content\/uploads\/2021\/07\/49394d4a-be71-4216-8f46-567b5b983925-768x510.jpg 768w, https:\/\/www.radiopiu.net\/wordpress\/wp-content\/uploads\/2021\/07\/49394d4a-be71-4216-8f46-567b5b983925.jpg 1080w\" sizes=\"auto, (max-width: 185px) 100vw, 185px\" \/><\/a>AGORDO<\/strong> Domenica era alle 22 vigili del fuoco a Toccol per l&#8217;incendio di un camino, nessun ferito e nessun danno. Due ore di lavoro per i vigili del fuoco di Agordo intervenuti con 2 squadre, autoscala e aps<\/p>\n<p><strong>SAN TOMASO <\/strong>Domenica\u00a0sera alle 21.30 i Vigili del Fuoco di Agordo sono saliti ad Avoscan di San Tomaso in seguito all&#8217;allarme per un camino in fiamme. Nell&#8217;arco di due ore i vigili del fuoco hanno provveduto a spegnere le fiamme e provvedere alla messa in sicurezza della canna fumaria. Non ci sono stati n\u00e8 feriti n\u00e8 danni grazie al rapido intervento dei vigili del fuoco.<\/p>\n<p>&nbsp;<\/p>\n<p>&nbsp;<\/p>\n<p>&nbsp;<\/p>\n<hr \/>\n<p>&nbsp;<\/p>\n<blockquote>\n<h3>L&#8217;ULTIMA SALITA CON GLI AMICI DELLA MONTAGNA<\/h3>\n<\/blockquote>\n<div><strong>di\u00a0 GIANNI SANTOMASO\u00a0<\/strong><\/div>\n<div><\/div>\n<div class=\"articlePlainSubHead\"><strong><img loading=\"lazy\" decoding=\"async\" class=\"alignleft\" src=\"https:\/\/www.radiopiu.net\/wordpress\/wp-content\/uploads\/2022\/02\/Pilastro-grigio-Mulaz-anno-2016-4-scaled.jpg\" width=\"207\" height=\"155\" \/>AGORDO<\/strong> Il mondo agordino della montagna ha dato ieri l&#8217;ultimo saluto a Guido Pagani, 69 anni, di Col di Foglia, ritrovato senza vita nella notte fra venerd\u00ec e sabato lungo il tracciato che sale verso il Col Margherita, colpito da un malore durante una uscita di sci alpinismo.Nell&#8217;arcidiaconale di Agordo si sono riuniti in tanti per salutare il grande appassionato di alpinismo che aveva trascorso la giovinezza a Padova. Dario Dell&#8217;Osbel, presidente del Cai di Agordo, durante la funzione funebre ha ringraziato Pagani per la sua lunga militanza nella sezione agordina, dopo quella nel Cai di Padova. Un &#8220;grazie&#8221; anche personale per averlo preso in considerazione per una ascensione con gli sci su una montagna di 7.500 metri in Cina. \u00abMi ero sentito onorato di quella proposta\u00bb, ha ricordato Dell&#8217;Osbel, anche se poi la spedizione poi non si era concretizzata. A ricordare la figura di Pagani sono stati anche un rappresentante del Cai di Padova, i figli Carlo, Luisa e la sorella.<\/div>\n<div>\n\n\t\t\t<style type='text\/css'>\n\t\t\t\t#gallery-2 {\n\t\t\t\t\tmargin: auto;\n\t\t\t\t}\n\t\t\t\t#gallery-2 .gallery-item {\n\t\t\t\t\tfloat: left;\n\t\t\t\t\tmargin-top: 10px;\n\t\t\t\t\ttext-align: center;\n\t\t\t\t\twidth: 33%;\n\t\t\t\t}\n\t\t\t\t#gallery-2 img {\n\t\t\t\t\tborder: 2px solid #cfcfcf;\n\t\t\t\t}\n\t\t\t\t#gallery-2 .gallery-caption {\n\t\t\t\t\tmargin-left: 0;\n\t\t\t\t}\n\t\t\t\t\/* see gallery_shortcode() in wp-includes\/media.php *\/\n\t\t\t<\/style>\n\t\t<div id='gallery-2' class='dt-gallery-container gallery galleryid-261979 gallery-columns-3 gallery-size-thumbnail'><dl class='gallery-item'>\n\t\t\t\t<dt class='gallery-icon portrait'>\n\t\t\t\t\t<a class=\"rollover rollover-zoom dt-pswp-item\" title=\"guido\" data-dt-img-description=\"\" data-large_image_width=\"209\" data-large_image_height=\"253\"href='https:\/\/www.radiopiu.net\/wordpress\/wp-content\/uploads\/2022\/02\/guido.jpg'><img loading=\"lazy\" decoding=\"async\" width=\"150\" height=\"150\" src=\"https:\/\/www.radiopiu.net\/wordpress\/wp-content\/uploads\/2022\/02\/guido-150x150.jpg\" class=\"attachment-thumbnail size-thumbnail\" alt=\"\" \/><\/a>\n\t\t\t\t<\/dt><\/dl><dl class='gallery-item'>\n\t\t\t\t<dt class='gallery-icon landscape'>\n\t\t\t\t\t<a class=\"rollover rollover-zoom dt-pswp-item\" title=\"Campanil Alto Lastei (2)\" data-dt-img-description=\"\" data-large_image_width=\"2560\" data-large_image_height=\"1920\"href='https:\/\/www.radiopiu.net\/wordpress\/wp-content\/uploads\/2022\/02\/Campanil-Alto-Lastei-2-scaled.jpg'><img loading=\"lazy\" decoding=\"async\" width=\"150\" height=\"150\" src=\"https:\/\/www.radiopiu.net\/wordpress\/wp-content\/uploads\/2022\/02\/Campanil-Alto-Lastei-2-150x150.jpg\" class=\"attachment-thumbnail size-thumbnail\" alt=\"\" \/><\/a>\n\t\t\t\t<\/dt><\/dl><dl class='gallery-item'>\n\t\t\t\t<dt class='gallery-icon portrait'>\n\t\t\t\t\t<a class=\"rollover rollover-zoom dt-pswp-item\" title=\"Pilastro grigio Mulaz anno 2016\" data-dt-img-description=\"\" data-large_image_width=\"1920\" data-large_image_height=\"2560\"href='https:\/\/www.radiopiu.net\/wordpress\/wp-content\/uploads\/2022\/02\/Pilastro-grigio-Mulaz-anno-2016-scaled.jpg'><img loading=\"lazy\" decoding=\"async\" width=\"150\" height=\"150\" src=\"https:\/\/www.radiopiu.net\/wordpress\/wp-content\/uploads\/2022\/02\/Pilastro-grigio-Mulaz-anno-2016-150x150.jpg\" class=\"attachment-thumbnail size-thumbnail\" alt=\"\" \/><\/a>\n\t\t\t\t<\/dt><\/dl><br style=\"clear: both\" \/>\n\t\t\t<\/div>\n\n<\/div>\n<p>***<\/p>\n<p>&nbsp;<\/p>\n<p>&nbsp;<\/p>\n<hr \/>\n<p>&nbsp;<\/p>\n<blockquote>\n<h2>E&#8217; MANCATO &#8220;IL RE DEL CIVETTA&#8221;, DA MANDELLO LARIO LA NOTIZIA DELLA MORTE DI GIORGIO REDAELLI<\/h2>\n<p><strong>DI GIANNI SANTOMASO<\/strong><\/p>\n<audio class=\"wp-audio-shortcode\" id=\"audio-261979-3\" preload=\"none\" style=\"width: 100%;\" controls=\"controls\"><source type=\"audio\/mpeg\" src=\"https:\/\/www.radiopiu.net\/wordpress\/wp-content\/uploads\/2022\/02\/GIANNI-REDAELLI.mp3?_=3\" \/><a href=\"https:\/\/www.radiopiu.net\/wordpress\/wp-content\/uploads\/2022\/02\/GIANNI-REDAELLI.mp3\">https:\/\/www.radiopiu.net\/wordpress\/wp-content\/uploads\/2022\/02\/GIANNI-REDAELLI.mp3<\/a><\/audio>\n<p>&nbsp;<\/p>\n<p>&nbsp;<\/p>\n<p><strong>REDAZIONE<\/strong>\u00a0 Giorgio Redaelli\u00a0 si \u00e8 spento\u00a0 all&#8217;Ospedale Manzoni di Lecco, classe 1935 era\u00a0 conosciuto da tutti con l&#8217;appellativo di &#8220;Il Re del Civetta&#8221; Nel 2016 fu insignito del premio Pelmo d&#8217;Oro, nella 19esima edizione a\u00a0\u00a0 San Pietro di Cadore. <strong>Premio Pelmo d\u2019Oro 2016 per la carriera alpinistica <\/strong><em>Accademico del CAI, Socio onorario del Gruppo Ragni della Grignetta, considerato il Re della Civetta per la sua assidua frequentazione e per il viscerale amore che ha sempre dimostrato per la montagna bellunese. Nel dolomitico \u201cregno del VI grado\u201d ha compiuto \u2013 spesso in cordata con alpinisti bellunesi di rango quali Roberto Sorgato e Giorgio Ronchi &#8211; memorabili imprese (come la direttissima sulla Torre Trieste e le prime invernali alla Cima Su Alto e alla via Solleder, solo per citarne alcune), che hanno scritto la storia dell\u2019alpinismo non solo delle Dolomiti, consacrando di diritto Redaelli nel \u201cgotha\u201d internazionale dei pi\u00f9 grandi alpinisti della seconda met\u00e0 del secolo scorso.<\/em><\/p>\n<p><strong>LA CARRIERA ALPINISTICA<\/strong><\/p>\n<p>Comincia ad arrampicare da ragazzino sulle Grigne poi le sue salite si sposteranno su tutto l\u2019arco alpino. Nel 1955 conosce casualmente il gruppo della Civetta di cui si innamorer\u00e0 e lo frequenter\u00e0 per vari decenni. In Civetta scaler\u00e0 quasi tutte le vie ed effettuer\u00e0 anche alcuni tentativi di nuove vie senza portarli a buon termine per vari motivi (Torre d\u2019Alleghe, Punta Civetta\u2026). Le prime scalate (appena ventenne, ed arrivare da Lecco non era proprio semplice) e le pi\u00f9 significative in Civetta: 1955: Torre Venezia, via Tissi; Torre Trieste, via Carlesso, 9a ripetizione assoluta; Cima di Terranova, via Livanos, 1a ripetizione assoluta; Cima del Banc\u00f3n, via Gabriel-Da Roit, 2a ripetizione ass. 1956: Torre Venezia: via Andrich e via Castiglioni; partecipa a un difficile soccorso sulla Solleder con Philipp e Barbier. 1956-57: Torre di Babele, via Sold\u00e0; Punta Agordo, Via Da Roit; Pulpito di Pelsa, via Dal Bianco. 1959: Torre Trieste, apertura via direttissima con Ignazio Piussi; Torre Venezia, via Ratti con Robin Smith; Cima Su Alto, via Ratti; Busazza, Spigolo Videsott \u2013Rudatis. 1960: Torre Venezia, apertura nuova via Spigolo Sud-Est. 1961: Torre delle Mede, apertura nuova via parete Est. 1962: Cima Su Alto, via Livanos, 1a ripetizione invernale con Roberto Sorgato e Giorgio Ronchi; Pan di Zucchero, apertura via Direttissima parete N-W con Vasco Taldo e Josve Aiazzi. 1963: Parete N\/W Civetta, via Solleder, mitica 1a ripetizione invernale con Ignazio Piussi e Toni Hiebeler (seguiti da Roberto Sorgato, Natalino Meneguz e Marcello Bonafede). 1967: Torre Venezia, via Andrich, 1a ripetizione invernale; Cima del Banc\u00f3n, via Da Roit, 1\u00b0 ripetizione invernale; Torre Trieste, via Tissi, 1\u00b0 ripetizione invernale. 1968: Spallone del Banc\u00f3n, apertura nuova via parete Est. 2005: a 70 anni, sale la Torre Venezia a distanza di 50 anni dalla prima volta. Pi\u00f9 che giustificato quindi il titolo di \u201cRe del Civetta\u201d che gli \u00e8 stato attribuito, non tanto per essere stato il pi\u00f9 forte su queste pareti del \u201cregno del sesto grado\u201d, ma per l\u2019assidua frequentazione e conoscenza di questa montagna, di cui si considera un \u201ceterno innamorato\u201d. Altre salite effettuate sulle Dolomiti: 1961: 5 Torri, diretta Scoiattoli; Pilastro Tofana, via Costantini; Piccolissima Lavaredo, via Cassin; Piccola Lavaredo, Spigolo Giallo; Grande Lavaredo, direttissima, tutte in cordata con Roberto Sorgato. 1964: Dopo la \u201ccontroversa vicenda\u201d con Bellenzier sulla Torre d\u2019Alleghe, Redaelli si allontana per un po\u2019 dalla Civetta, effettuando numerose salite in Marmolada, Sella e Dolomiti di Brenta, nonch\u00e9 sulle Alpi Orobie tra cui: Marmolada: parete S via Sold\u00e0; parete S via Tomasson; Lavaredo cima W, via Cassin; Gruppo del Sella: da militare con Piussi: 1a Torre, via Tissi; via Trenker; 2a Torre, Spigolo S\/W; 3a Torre, via Jahn; Sas Pordoi, via Fedele; Campanil Basso, Spigolo Graffer. Oltre che in Civetta ha arrampicato in quasi tutte le Alpi. Da ricordare, tra le altre, la prima ripetizione allo Sperone Bonatti al Dru (monte Bianco) e la prima salita senza bivacco della via Hasse-Brandler sulla Grande di Lavaredo con il grande sestogradista bellunese Roberto Sorgato. Con Sorgato fu protagonista di una rocambolesca scalata sulla Nord dell\u2019Eiger conclusa con una miracolosa ritirata causa maltempo, quando i due erano oramai giunti molto in alto. Sarebbe stata la prima scalata italiana, portata poi a termine nei giorni successivi da Armando Aste e compagni. Tra i vari riconoscimenti, nel 1999 ha ricevuto il Premio al Trento Film Festival. Impossibile contare tutte le sue salite (un migliaio solo sulle Grigne). Sicuramente ha trascorso pi\u00f9 tempo in parete (oltre 100 bivacchi) che sul lavoro, visto che l\u2019arrampicata gli \u00e8 costata ben 5 licenziamenti. 1953: Breithorn, m. Rosa, invernale con gli sci. 1954: Dente del Gigante, Gran Capucin, via Bonatti; Aiguille de Midi, 2a ascensione solitaria via Rebuffatt.1955: Nord del monte Disgrazia: Nord del Piz Roseg; Nord Pizzo Pal\u00f9. 1956: Sasso Cavallo, via Cassin, 1a invernale e 3a assoluta. 1957: Piz Ciavazes, via Micheluzzi; Sassolungo, via Comici; m. Bianco: sperone della Brenva con Cesare Maestri &#8211; Aiguille del Brenva, 1a ripetizione via Rebuffat &#8211; Aiguille de Midi, via Ottoz-Nava, 1a ripetizione. Pizzo Badile: via Cassin e via Molteni; Pizzo Cengalo: spigolo Vinci; m.Disgrazia: torre Porro 1\u00b0 ascensione assoluta; Corno Grande: 1a ascensione assoluta; Bernina: cresta Biancograt. Le 13 cime che vanno dal Gran Zebr\u00f9 al Tresero. Pizzo Scalino, Torre de Amicis,Triangolo dell\u2019Emilius, Gran Paradiso, Ruitor ecc. Dal 1968 costruisce e gestisce un rifugio ai piani di Artavaggio (rifugio Aurora, nome della moglie) e crea una palestra di roccia dove insegna ai giovani. Continua comunque a scalare, ma con ascensioni meno impegnative. Salir\u00e0 sul monte Bianco per 7 volte accompagnando moglie ed amici. Toglier\u00e0 definitivamente le scarpette nel 2005 al ritorno dalla Torre Venezia. Accademico del CAI, oltre che scalatore, ha per\u00f2 avuto tempo di diventare sindaco del suo paese (Cassina Valsassina), maestro di sci e di golf, sport quest\u2019ultimo che gli ha permesso di girare il mondo e che pratica tuttora con apprezzabile successo.<\/p>\n<p><strong>ARCHIVIO FOTOGRAFICO di Loris Santomaso<\/strong><\/p>\n\n\t\t\t<style type='text\/css'>\n\t\t\t\t#gallery-3 {\n\t\t\t\t\tmargin: auto;\n\t\t\t\t}\n\t\t\t\t#gallery-3 .gallery-item {\n\t\t\t\t\tfloat: left;\n\t\t\t\t\tmargin-top: 10px;\n\t\t\t\t\ttext-align: center;\n\t\t\t\t\twidth: 16%;\n\t\t\t\t}\n\t\t\t\t#gallery-3 img {\n\t\t\t\t\tborder: 2px solid #cfcfcf;\n\t\t\t\t}\n\t\t\t\t#gallery-3 .gallery-caption {\n\t\t\t\t\tmargin-left: 0;\n\t\t\t\t}\n\t\t\t\t\/* see gallery_shortcode() in wp-includes\/media.php *\/\n\t\t\t<\/style>\n\t\t<div id='gallery-3' class='dt-gallery-container gallery galleryid-261979 gallery-columns-6 gallery-size-thumbnail'><dl class='gallery-item'>\n\t\t\t\t<dt class='gallery-icon portrait'>\n\t\t\t\t\t<a class=\"rollover rollover-zoom dt-pswp-item\" title=\"REDAELLI-PIUSSI\" data-dt-img-description=\"\" data-large_image_width=\"1167\" data-large_image_height=\"1767\"href='https:\/\/www.radiopiu.net\/wordpress\/wp-content\/uploads\/2022\/02\/REDAELLI-PIUSSI.jpg'><img loading=\"lazy\" decoding=\"async\" width=\"150\" height=\"150\" src=\"https:\/\/www.radiopiu.net\/wordpress\/wp-content\/uploads\/2022\/02\/REDAELLI-PIUSSI-150x150.jpg\" class=\"attachment-thumbnail size-thumbnail\" alt=\"\" aria-describedby=\"gallery-3-262225\" \/><\/a>\n\t\t\t\t<\/dt>\n\t\t\t\t\t<dd class='wp-caption-text gallery-caption' id='gallery-3-262225'>\n\t\t\t\t\tREDAELLI-PIUSSI\n\t\t\t\t\t<\/dd><\/dl><dl class='gallery-item'>\n\t\t\t\t<dt class='gallery-icon landscape'>\n\t\t\t\t\t<a class=\"rollover rollover-zoom dt-pswp-item\" title=\"Giorgio Readelli-Roberto Sorgato-Marcello Bonafede (3)\" data-dt-img-description=\"\" data-large_image_width=\"2560\" data-large_image_height=\"1920\"href='https:\/\/www.radiopiu.net\/wordpress\/wp-content\/uploads\/2022\/02\/Giorgio-Readelli-Roberto-Sorgato-Marcello-Bonafede-3-scaled.jpg'><img loading=\"lazy\" decoding=\"async\" width=\"150\" height=\"150\" src=\"https:\/\/www.radiopiu.net\/wordpress\/wp-content\/uploads\/2022\/02\/Giorgio-Readelli-Roberto-Sorgato-Marcello-Bonafede-3-150x150.jpg\" class=\"attachment-thumbnail size-thumbnail\" alt=\"\" aria-describedby=\"gallery-3-262226\" \/><\/a>\n\t\t\t\t<\/dt>\n\t\t\t\t\t<dd class='wp-caption-text gallery-caption' id='gallery-3-262226'>\n\t\t\t\t\tGiorgio Readelli-Roberto Sorgato-Marcello Bonafede (3)\n\t\t\t\t\t<\/dd><\/dl><dl class='gallery-item'>\n\t\t\t\t<dt class='gallery-icon portrait'>\n\t\t\t\t\t<a class=\"rollover rollover-zoom dt-pswp-item\" title=\"Giorgio Redaelli Civetta-(1)\" data-dt-img-description=\"\" data-large_image_width=\"954\" data-large_image_height=\"1944\"href='https:\/\/www.radiopiu.net\/wordpress\/wp-content\/uploads\/2022\/02\/Giorgio-Redaelli-Civetta-1.jpg'><img loading=\"lazy\" decoding=\"async\" width=\"150\" height=\"150\" src=\"https:\/\/www.radiopiu.net\/wordpress\/wp-content\/uploads\/2022\/02\/Giorgio-Redaelli-Civetta-1-150x150.jpg\" class=\"attachment-thumbnail size-thumbnail\" alt=\"\" aria-describedby=\"gallery-3-262227\" \/><\/a>\n\t\t\t\t<\/dt>\n\t\t\t\t\t<dd class='wp-caption-text gallery-caption' id='gallery-3-262227'>\n\t\t\t\t\tGiorgio Redaelli Civetta-(1)\n\t\t\t\t\t<\/dd><\/dl><dl class='gallery-item'>\n\t\t\t\t<dt class='gallery-icon landscape'>\n\t\t\t\t\t<a class=\"rollover rollover-zoom dt-pswp-item\" title=\"1961 TOFANA Giorgio Redaelli e Roberto Sorgato\" data-dt-img-description=\"\" data-large_image_width=\"664\" data-large_image_height=\"491\"href='https:\/\/www.radiopiu.net\/wordpress\/wp-content\/uploads\/2022\/02\/1961-TOFANA-Giorgio-Redaelli-e-Roberto-Sorgato.jpg'><img loading=\"lazy\" decoding=\"async\" width=\"150\" height=\"150\" src=\"https:\/\/www.radiopiu.net\/wordpress\/wp-content\/uploads\/2022\/02\/1961-TOFANA-Giorgio-Redaelli-e-Roberto-Sorgato-150x150.jpg\" class=\"attachment-thumbnail size-thumbnail\" alt=\"\" aria-describedby=\"gallery-3-262228\" \/><\/a>\n\t\t\t\t<\/dt>\n\t\t\t\t\t<dd class='wp-caption-text gallery-caption' id='gallery-3-262228'>\n\t\t\t\t\t1961 TOFANA Giorgio Redaelli e Roberto Sorgato\n\t\t\t\t\t<\/dd><\/dl><dl class='gallery-item'>\n\t\t\t\t<dt class='gallery-icon landscape'>\n\t\t\t\t\t<a class=\"rollover rollover-zoom dt-pswp-item\" title=\"Giorgio Redaelli-Roberto Sorgato - Civetta-(1)\" data-dt-img-description=\"\" data-large_image_width=\"2560\" data-large_image_height=\"1920\"href='https:\/\/www.radiopiu.net\/wordpress\/wp-content\/uploads\/2022\/02\/Giorgio-Redaelli-Roberto-Sorgato-Civetta-1-scaled.jpg'><img loading=\"lazy\" decoding=\"async\" width=\"150\" height=\"150\" src=\"https:\/\/www.radiopiu.net\/wordpress\/wp-content\/uploads\/2022\/02\/Giorgio-Redaelli-Roberto-Sorgato-Civetta-1-150x150.jpg\" class=\"attachment-thumbnail size-thumbnail\" alt=\"\" aria-describedby=\"gallery-3-262229\" \/><\/a>\n\t\t\t\t<\/dt>\n\t\t\t\t\t<dd class='wp-caption-text gallery-caption' id='gallery-3-262229'>\n\t\t\t\t\tGiorgio Redaelli-Roberto Sorgato &#8211; Civetta-(1)\n\t\t\t\t\t<\/dd><\/dl><dl class='gallery-item'>\n\t\t\t\t<dt class='gallery-icon portrait'>\n\t\t\t\t\t<a class=\"rollover rollover-zoom dt-pswp-item\" title=\"Giorgio Redaelli giovane\" data-dt-img-description=\"\" data-large_image_width=\"1149\" data-large_image_height=\"1799\"href='https:\/\/www.radiopiu.net\/wordpress\/wp-content\/uploads\/2022\/02\/Giorgio-Redaelli-giovane.jpg'><img loading=\"lazy\" decoding=\"async\" width=\"150\" height=\"150\" src=\"https:\/\/www.radiopiu.net\/wordpress\/wp-content\/uploads\/2022\/02\/Giorgio-Redaelli-giovane-150x150.jpg\" class=\"attachment-thumbnail size-thumbnail\" alt=\"\" aria-describedby=\"gallery-3-262230\" \/><\/a>\n\t\t\t\t<\/dt>\n\t\t\t\t\t<dd class='wp-caption-text gallery-caption' id='gallery-3-262230'>\n\t\t\t\t\tGiorgio Redaelli giovane\n\t\t\t\t\t<\/dd><\/dl><br style=\"clear: both\" \/><dl class='gallery-item'>\n\t\t\t\t<dt class='gallery-icon landscape'>\n\t\t\t\t\t<a class=\"rollover rollover-zoom dt-pswp-item\" title=\"LAVAREDO 1961 Giorgio Redaelli-Roberto Sorgato\" data-dt-img-description=\"\" data-large_image_width=\"720\" data-large_image_height=\"576\"href='https:\/\/www.radiopiu.net\/wordpress\/wp-content\/uploads\/2022\/02\/LAVAREDO-1961-Giorgio-Redaelli-Roberto-Sorgato.bmp'><img loading=\"lazy\" decoding=\"async\" width=\"150\" height=\"120\" src=\"https:\/\/www.radiopiu.net\/wordpress\/wp-content\/uploads\/2022\/02\/LAVAREDO-1961-Giorgio-Redaelli-Roberto-Sorgato.bmp\" class=\"attachment-thumbnail size-thumbnail\" alt=\"\" aria-describedby=\"gallery-3-262231\" \/><\/a>\n\t\t\t\t<\/dt>\n\t\t\t\t\t<dd class='wp-caption-text gallery-caption' id='gallery-3-262231'>\n\t\t\t\t\tLAVAREDO 1961 Giorgio Redaelli-Roberto Sorgato\n\t\t\t\t\t<\/dd><\/dl><dl class='gallery-item'>\n\t\t\t\t<dt class='gallery-icon landscape'>\n\t\t\t\t\t<a class=\"rollover rollover-zoom dt-pswp-item\" title=\"Alleghe19-3-1983-Hiebeler-Piussi-Redaelli-Bonafede-Sorgato-Menegus-artefici 1a invernale via Solleder-Civetta 1963\" data-dt-img-description=\"\" data-large_image_width=\"1772\" data-large_image_height=\"1309\"href='https:\/\/www.radiopiu.net\/wordpress\/wp-content\/uploads\/2022\/02\/Alleghe19-3-1983-Hiebeler-Piussi-Redaelli-Bonafede-Sorgato-Menegus-artefici-1a-invernale-via-Solleder-Civetta-1963.jpg'><img loading=\"lazy\" decoding=\"async\" width=\"150\" height=\"150\" src=\"https:\/\/www.radiopiu.net\/wordpress\/wp-content\/uploads\/2022\/02\/Alleghe19-3-1983-Hiebeler-Piussi-Redaelli-Bonafede-Sorgato-Menegus-artefici-1a-invernale-via-Solleder-Civetta-1963-150x150.jpg\" class=\"attachment-thumbnail size-thumbnail\" alt=\"\" aria-describedby=\"gallery-3-262232\" \/><\/a>\n\t\t\t\t<\/dt>\n\t\t\t\t\t<dd class='wp-caption-text gallery-caption' id='gallery-3-262232'>\n\t\t\t\t\tAlleghe19-3-1983-Hiebeler-Piussi-Redaelli-Bonafede-Sorgato-Menegus-artefici 1a invernale via Solleder-Civetta 1963\n\t\t\t\t\t<\/dd><\/dl><dl class='gallery-item'>\n\t\t\t\t<dt class='gallery-icon landscape'>\n\t\t\t\t\t<a class=\"rollover rollover-zoom dt-pswp-item\" title=\"Redaelli-Solleder 1963- 1\u00b0 Bivacco\" data-dt-img-description=\"\" data-large_image_width=\"1799\" data-large_image_height=\"1149\"href='https:\/\/www.radiopiu.net\/wordpress\/wp-content\/uploads\/2022\/02\/Redaelli-Solleder-1963-1\u00b0-Bivacco.jpg'><img loading=\"lazy\" decoding=\"async\" width=\"150\" height=\"150\" src=\"https:\/\/www.radiopiu.net\/wordpress\/wp-content\/uploads\/2022\/02\/Redaelli-Solleder-1963-1\u00b0-Bivacco-150x150.jpg\" class=\"attachment-thumbnail size-thumbnail\" alt=\"\" aria-describedby=\"gallery-3-262233\" \/><\/a>\n\t\t\t\t<\/dt>\n\t\t\t\t\t<dd class='wp-caption-text gallery-caption' id='gallery-3-262233'>\n\t\t\t\t\tRedaelli-Solleder 1963- 1\u00b0 Bivacco\n\t\t\t\t\t<\/dd><\/dl><dl class='gallery-item'>\n\t\t\t\t<dt class='gallery-icon portrait'>\n\t\t\t\t\t<a class=\"rollover rollover-zoom dt-pswp-item\" title=\"Redaelli-Torre Venezia-Civetta\" data-dt-img-description=\"\" data-large_image_width=\"1180\" data-large_image_height=\"1772\"href='https:\/\/www.radiopiu.net\/wordpress\/wp-content\/uploads\/2022\/02\/Redaelli-Torre-Venezia-Civetta.jpg'><img loading=\"lazy\" decoding=\"async\" width=\"150\" height=\"150\" src=\"https:\/\/www.radiopiu.net\/wordpress\/wp-content\/uploads\/2022\/02\/Redaelli-Torre-Venezia-Civetta-150x150.jpg\" class=\"attachment-thumbnail size-thumbnail\" alt=\"\" aria-describedby=\"gallery-3-262234\" \/><\/a>\n\t\t\t\t<\/dt>\n\t\t\t\t\t<dd class='wp-caption-text gallery-caption' id='gallery-3-262234'>\n\t\t\t\t\tRedaelli-Torre Venezia-Civetta\n\t\t\t\t\t<\/dd><\/dl><dl class='gallery-item'>\n\t\t\t\t<dt class='gallery-icon portrait'>\n\t\t\t\t\t<a class=\"rollover rollover-zoom dt-pswp-item\" title=\"Ronchi-Sorgato-Redaelli-Su Alto-Civetta-1962\" data-dt-img-description=\"\" data-large_image_width=\"1183\" data-large_image_height=\"1185\"href='https:\/\/www.radiopiu.net\/wordpress\/wp-content\/uploads\/2022\/02\/Ronchi-Sorgato-Redaelli-Su-Alto-Civetta-1962.jpg'><img loading=\"lazy\" decoding=\"async\" width=\"150\" height=\"150\" src=\"https:\/\/www.radiopiu.net\/wordpress\/wp-content\/uploads\/2022\/02\/Ronchi-Sorgato-Redaelli-Su-Alto-Civetta-1962-150x150.jpg\" class=\"attachment-thumbnail size-thumbnail\" alt=\"\" aria-describedby=\"gallery-3-262235\" srcset=\"https:\/\/www.radiopiu.net\/wordpress\/wp-content\/uploads\/2022\/02\/Ronchi-Sorgato-Redaelli-Su-Alto-Civetta-1962-150x150.jpg 150w, https:\/\/www.radiopiu.net\/wordpress\/wp-content\/uploads\/2022\/02\/Ronchi-Sorgato-Redaelli-Su-Alto-Civetta-1962-300x300.jpg 300w, https:\/\/www.radiopiu.net\/wordpress\/wp-content\/uploads\/2022\/02\/Ronchi-Sorgato-Redaelli-Su-Alto-Civetta-1962-1022x1024.jpg 1022w, https:\/\/www.radiopiu.net\/wordpress\/wp-content\/uploads\/2022\/02\/Ronchi-Sorgato-Redaelli-Su-Alto-Civetta-1962-768x769.jpg 768w, https:\/\/www.radiopiu.net\/wordpress\/wp-content\/uploads\/2022\/02\/Ronchi-Sorgato-Redaelli-Su-Alto-Civetta-1962.jpg 1183w\" sizes=\"auto, (max-width: 150px) 100vw, 150px\" \/><\/a>\n\t\t\t\t<\/dt>\n\t\t\t\t\t<dd class='wp-caption-text gallery-caption' id='gallery-3-262235'>\n\t\t\t\t\tRonchi-Sorgato-Redaelli-Su Alto-Civetta-1962\n\t\t\t\t\t<\/dd><\/dl>\n\t\t\t\t<br style='clear: both' \/>\n\t\t\t<\/div>\n\n<p>&nbsp;<\/p><\/blockquote>\n<p>&nbsp;<\/p>\n<p>&nbsp;<\/p>\n<hr \/>\n<p>&nbsp;<\/p>\n<blockquote>\n<h3><b>ENEL ENERGIA: ACCORDO CON CONSUMATORI PER RATEIZZAZIONE FINO A 12 MESI DELLE BOLLETTE LUCE E GAS\u00a0<\/b><\/h3>\n<\/blockquote>\n<p><b>ROMA <\/b>Accordo tra Enel Energia e Associazioni dei consumatori per offrire ai clienti domestici la possibilit\u00e0 di attivare un piano di rateizzo fino a 12 mesi per il pagamento delle bollette luce e gas, con rate di importo costante, senza anticipo e senza rata minima, indipendentemente dall\u2019importo della fattura. Il tutto senza applicazione di interessi di mora o interessi di dilazione. Le condizioni di rateizzo possono essere richieste su tutte le fatture del 2022 emesse fino al 30 aprile nei confronti della clientela domestica, senza che sia necessario attenderne la scadenza.\u00a0 I clienti di Enel Energia potranno aderire a tali condizioni accedendo alla propria area clienti del sito enel.it, attraverso l\u2019APP di Enel Energia, chiamando il numero verde\u00a0800.900.860 o recandosi presso uno degli Spazio Enel e Spazio Enel Partner.<\/p>\n<p>&nbsp;<\/p>\n<hr \/>\n<p>&nbsp;<\/p>\n<blockquote>\n<h3>A VALLADA ANCORA NESSUNA SOLUZIONE E SI TEME IL PEGGIO<\/h3>\n<\/blockquote>\n<p><span style=\"color: #ff0000;\"><strong>DILLO A RADIO PIU&#8217;&#8230;.riceviamo e con piacere pubblichiamo l&#8217;intervento di una nostra ascoltatrice-lettrice.<\/strong><\/span><\/p>\n<p><strong>VALLADA &#8220;<\/strong><em>A Vallada nulla \u00e8 ancora stato fatto per la nostra sicurezza lungo la strada regionale 346 del San Pellegrino che a Vallada attraversa il paese da nord a sud. Dal passa parola che ci arriva sar\u00e0 un lavoro solo dedicato all&#8217; attraversamento pedonale e non alla messa in sicurezza del tratto e al rispetto delle regole come richiesto nella raccolta firme.\u00a0 Negli ultimi tre mesi in questo tratto ci sono stati ben due incidenti, per fortuna senza morti, dove sono anche dovute intervenire le forze dell\u2019ordine&#8221;.<\/em><br \/>\n<em>Cristina<\/em><\/p>\n<p>____<\/p>\n<h2><strong>ARCHIVIO RADIO PIU<\/strong><\/h2>\n<blockquote class=\"wp-embedded-content\" data-secret=\"uLEJe9z8og\"><p><a href=\"https:\/\/www.radiopiu.net\/wordpress\/sdfsdfsdfsdfsdfsf\/\">346 A VALLADA,  LUCHETTA &#8220;NULLA DI NUOVO, IL PROBLEMA E&#8217; NOTO E ORA CAMBIA L&#8217;INTERLOCUTORE&#8221;<\/a><\/p><\/blockquote>\n<p><iframe loading=\"lazy\" class=\"wp-embedded-content\" sandbox=\"allow-scripts\" security=\"restricted\" style=\"position: absolute; clip: rect(1px, 1px, 1px, 1px);\" title=\"&#8220;346 A VALLADA,  LUCHETTA &#8220;NULLA DI NUOVO, IL PROBLEMA E&#8217; NOTO E ORA CAMBIA L&#8217;INTERLOCUTORE&#8221;&#8221; &#8212; Radio Pi\u00f9\" src=\"https:\/\/www.radiopiu.net\/wordpress\/sdfsdfsdfsdfsdfsf\/embed\/#?secret=uLEJe9z8og\" data-secret=\"uLEJe9z8og\" width=\"600\" height=\"338\" frameborder=\"0\" marginwidth=\"0\" marginheight=\"0\" scrolling=\"no\"><\/iframe><\/p>\n<p>&nbsp;<\/p>\n<hr \/>\n<p>&nbsp;<\/p>\n<blockquote>\n<h3>LE NOVITA&#8217; AL TENNIS CLUB DI SEDICO<\/h3>\n<\/blockquote>\n<p>&nbsp;<\/p>\n<p><strong><a class=\"dt-pswp-item\" href=\"https:\/\/www.radiopiu.net\/wordpress\/wp-content\/uploads\/2022\/03\/tennis-5018589__340.jpg\" data-dt-img-description=\"\" data-large_image_width=\"564\" data-large_image_height=\"340\"><img loading=\"lazy\" decoding=\"async\" class=\"wp-image-262245 alignleft\" src=\"https:\/\/www.radiopiu.net\/wordpress\/wp-content\/uploads\/2022\/03\/tennis-5018589__340-300x181.jpg\" alt=\"\" width=\"209\" height=\"126\" srcset=\"https:\/\/www.radiopiu.net\/wordpress\/wp-content\/uploads\/2022\/03\/tennis-5018589__340-300x181.jpg 300w, https:\/\/www.radiopiu.net\/wordpress\/wp-content\/uploads\/2022\/03\/tennis-5018589__340.jpg 564w\" sizes=\"auto, (max-width: 209px) 100vw, 209px\" \/><\/a>SEDICO<\/strong><\/p>\n<p><strong>di DAMIANO TORMEN\u00a0<\/strong><\/p>\n<audio class=\"wp-audio-shortcode\" id=\"audio-261979-4\" preload=\"none\" style=\"width: 100%;\" controls=\"controls\"><source type=\"audio\/mpeg\" src=\"https:\/\/www.radiopiu.net\/wordpress\/wp-content\/uploads\/2022\/03\/damiano.mp3?_=4\" \/><a href=\"https:\/\/www.radiopiu.net\/wordpress\/wp-content\/uploads\/2022\/03\/damiano.mp3\">https:\/\/www.radiopiu.net\/wordpress\/wp-content\/uploads\/2022\/03\/damiano.mp3<\/a><\/audio>\n<p>&nbsp;<\/p>\n<hr \/>\n<p>&nbsp;<\/p>\n<blockquote>\n<h3>UNA SETTIMANA SENZA NUOVI CASI COVID PER SEI COMUNI<\/h3>\n<\/blockquote>\n<p><strong><a class=\"dt-pswp-item\" href=\"https:\/\/www.radiopiu.net\/wordpress\/wp-content\/uploads\/2022\/02\/ba7b66f1-0fb9-4167-9dc0-2f3bec366f2f.jpg\" data-dt-img-description=\"\" data-large_image_width=\"957\" data-large_image_height=\"972\"><img loading=\"lazy\" decoding=\"async\" class=\"size-medium wp-image-262195 alignleft\" src=\"https:\/\/www.radiopiu.net\/wordpress\/wp-content\/uploads\/2022\/02\/ba7b66f1-0fb9-4167-9dc0-2f3bec366f2f-295x300.jpg\" alt=\"\" width=\"295\" height=\"300\" srcset=\"https:\/\/www.radiopiu.net\/wordpress\/wp-content\/uploads\/2022\/02\/ba7b66f1-0fb9-4167-9dc0-2f3bec366f2f-295x300.jpg 295w, https:\/\/www.radiopiu.net\/wordpress\/wp-content\/uploads\/2022\/02\/ba7b66f1-0fb9-4167-9dc0-2f3bec366f2f-768x780.jpg 768w, https:\/\/www.radiopiu.net\/wordpress\/wp-content\/uploads\/2022\/02\/ba7b66f1-0fb9-4167-9dc0-2f3bec366f2f.jpg 957w\" sizes=\"auto, (max-width: 295px) 100vw, 295px\" \/><\/a>BELLUNO<\/strong> Sei i Comuni che negli ultimi sette giorni non hanno registrato nuovi casi di covid: Vodo, Zopp\u00e8, Cibiana, Ospitale, Gosaldo e Colle Santa Lucia. I Comuni con pi\u00f9 contagi sono quattro: San Nicolo&#8217;, Santo Stefano, Vodo di Cadore e Perarolo (oltre 2000 casi ogni 100mila abitanti). Negli altri Comuni la mappa \u00e8 molto meno colorata che in passato con la gran parte di Comuni che contano tra 251 e 500 casi ogni 100mila abitanti. I \u00a0nuovi casi rilevati nell\u2019ultima settimana sono 899 (-260 rispetto alla scorsa settimana), con un conseguente tasso di incidenza settimanale di 450 casi su 100 mila abitanti, in ulteriore riduzione rispetto alla settimana precedente, e inferiore all&#8217;incidenza nazionale (489 su 100 mila abitanti). La curva epidemica delle ultime settimane si comporta in modo simile a quanto accaduto in altri contesti: rapidissima crescita dettata dalla variante Omicron, molto diffusiva; speculare rapida decrescita. <strong>RICOVERI<\/strong> Sono attualmente ricoverati\u00a0 25 pazienti in area non critica, 19 negli ospedali di comunit\u00e0 1 in terapia intensiva\u00a0 <strong>TERAPIA CON ANTICORPI MONOCLONALI E MOLNUPIRAVIR <\/strong>Nella settimana sono stati somministrati 6 trattamenti con monoclonali\u00a0 per un totale di 338 dosi complessive.<\/p>\n<p>I grafici sotto riportati rappresentano l\u2019intero andamento epidemico covid dai primi di marzo 2020 ad oggi (nuovi positivi\/giorno e media settimanale nuovi positivi)<\/p>\n\n\t\t\t<style type='text\/css'>\n\t\t\t\t#gallery-4 {\n\t\t\t\t\tmargin: auto;\n\t\t\t\t}\n\t\t\t\t#gallery-4 .gallery-item {\n\t\t\t\t\tfloat: left;\n\t\t\t\t\tmargin-top: 10px;\n\t\t\t\t\ttext-align: center;\n\t\t\t\t\twidth: 50%;\n\t\t\t\t}\n\t\t\t\t#gallery-4 img {\n\t\t\t\t\tborder: 2px solid #cfcfcf;\n\t\t\t\t}\n\t\t\t\t#gallery-4 .gallery-caption {\n\t\t\t\t\tmargin-left: 0;\n\t\t\t\t}\n\t\t\t\t\/* see gallery_shortcode() in wp-includes\/media.php *\/\n\t\t\t<\/style>\n\t\t<div id='gallery-4' class='dt-gallery-container gallery galleryid-261979 gallery-columns-2 gallery-size-large'><dl class='gallery-item'>\n\t\t\t\t<dt class='gallery-icon landscape'>\n\t\t\t\t\t<a class=\"rollover rollover-zoom dt-pswp-item\" title=\"24778241-ddaf-47cc-a6d3-05d643c24509\" data-dt-img-description=\"\" data-large_image_width=\"1804\" data-large_image_height=\"898\"href='https:\/\/www.radiopiu.net\/wordpress\/wp-content\/uploads\/2022\/02\/24778241-ddaf-47cc-a6d3-05d643c24509.jpg'><img loading=\"lazy\" decoding=\"async\" width=\"1024\" height=\"510\" src=\"https:\/\/www.radiopiu.net\/wordpress\/wp-content\/uploads\/2022\/02\/24778241-ddaf-47cc-a6d3-05d643c24509-1024x510.jpg\" class=\"attachment-large size-large\" alt=\"\" srcset=\"https:\/\/www.radiopiu.net\/wordpress\/wp-content\/uploads\/2022\/02\/24778241-ddaf-47cc-a6d3-05d643c24509-1024x510.jpg 1024w, https:\/\/www.radiopiu.net\/wordpress\/wp-content\/uploads\/2022\/02\/24778241-ddaf-47cc-a6d3-05d643c24509-300x149.jpg 300w, https:\/\/www.radiopiu.net\/wordpress\/wp-content\/uploads\/2022\/02\/24778241-ddaf-47cc-a6d3-05d643c24509-768x382.jpg 768w, https:\/\/www.radiopiu.net\/wordpress\/wp-content\/uploads\/2022\/02\/24778241-ddaf-47cc-a6d3-05d643c24509-1536x765.jpg 1536w, https:\/\/www.radiopiu.net\/wordpress\/wp-content\/uploads\/2022\/02\/24778241-ddaf-47cc-a6d3-05d643c24509.jpg 1804w\" sizes=\"auto, (max-width: 1024px) 100vw, 1024px\" \/><\/a>\n\t\t\t\t<\/dt><\/dl><dl class='gallery-item'>\n\t\t\t\t<dt class='gallery-icon landscape'>\n\t\t\t\t\t<a class=\"rollover rollover-zoom dt-pswp-item\" title=\"9e5d2c28-9089-47a7-8575-0a460121cdf2\" data-dt-img-description=\"\" data-large_image_width=\"1829\" data-large_image_height=\"582\"href='https:\/\/www.radiopiu.net\/wordpress\/wp-content\/uploads\/2022\/02\/9e5d2c28-9089-47a7-8575-0a460121cdf2.jpg'><img loading=\"lazy\" decoding=\"async\" width=\"1024\" height=\"326\" src=\"https:\/\/www.radiopiu.net\/wordpress\/wp-content\/uploads\/2022\/02\/9e5d2c28-9089-47a7-8575-0a460121cdf2-1024x326.jpg\" class=\"attachment-large size-large\" alt=\"\" srcset=\"https:\/\/www.radiopiu.net\/wordpress\/wp-content\/uploads\/2022\/02\/9e5d2c28-9089-47a7-8575-0a460121cdf2-1024x326.jpg 1024w, https:\/\/www.radiopiu.net\/wordpress\/wp-content\/uploads\/2022\/02\/9e5d2c28-9089-47a7-8575-0a460121cdf2-300x95.jpg 300w, https:\/\/www.radiopiu.net\/wordpress\/wp-content\/uploads\/2022\/02\/9e5d2c28-9089-47a7-8575-0a460121cdf2-768x244.jpg 768w, https:\/\/www.radiopiu.net\/wordpress\/wp-content\/uploads\/2022\/02\/9e5d2c28-9089-47a7-8575-0a460121cdf2-1536x489.jpg 1536w, https:\/\/www.radiopiu.net\/wordpress\/wp-content\/uploads\/2022\/02\/9e5d2c28-9089-47a7-8575-0a460121cdf2.jpg 1829w\" sizes=\"auto, (max-width: 1024px) 100vw, 1024px\" \/><\/a>\n\t\t\t\t<\/dt><\/dl><br style=\"clear: both\" \/>\n\t\t\t<\/div>\n\n<blockquote>\n<h1><\/h1>\n<hr \/>\n<h1><\/h1>\n<h3>Nuovi orari covid point tamponi dal 1 marzo<\/h3>\n<\/blockquote>\n<p><strong>BELLUNO<\/strong>\u00a0 L&#8217;ulteriore rallentamento epidemico registrato nei giorni scorsi consente un ridimensionamento dell&#8217;offerta tamponi sul territorio, congruente con le basse prenotazioni registrate.\u00a0 \u2981 PALUDI: dal luned\u00ec alla domenica, dalle 8.30 alle 12.30<br \/>\n\u2981 FELTRE: dal luned\u00ec al venerd\u00ec, dalle 8.30 alle 12.30 \u2981 AGORDO: marted\u00ec &#8211; gioved\u00ec &#8211; sabato, dalle 8.30 alle 10.00 \u2981 TAI DI CADORE:\u00a0 marted\u00ec &#8211; gioved\u00ec &#8211; sabato, dalle 13.30 alle 15.30 In questi orari saranno garantiti i tamponi &#8220;di sorveglianza&#8221; richiesti dall&#8217;Unit\u00e0 di Crisi e i tamponi prenotati dagli utenti nel sito www.aulss1.veneto.it Rimane per ora attivo dal luned\u00ec al sabato, con orario 8 &#8211; 15, il punto tamponi in convenzione presso l&#8217;ospedale Codivilla Putti di Cortina Per informazioni di dettaglio e prenotazioni consultare il sito www.aulss1.veneto.it<\/p>\n<p>&nbsp;<\/p>\n<hr \/>\n<p>&nbsp;<\/p>\n<p><span style=\"color: #ff0000;\">COVID NELL&#8217;AGORDINO:<\/span> <strong>COLLE SANTA LUCIA\u00a0<\/strong> 0 POSITIVI, <strong>CANALE D&#8217;AGORDO<\/strong> 2, <strong>AGORDO<\/strong> 49<\/p>\n<p>&nbsp;<\/p>\n<p>&nbsp;<\/p>\n<blockquote class=\"wp-embedded-content\" data-secret=\"QSZkjb5fHu\"><p><a href=\"https:\/\/www.radiopiu.net\/wordpress\/nelle-ultime-24-ore-si-registrano-1253-nuove-positivita-e-3-decessi-ricoveri-stabili\/\">NELLE ULTIME 24 ORE SI REGISTRANO 1253 NUOVE POSITIVITA&#8217; E 3 DECESSI. RICOVERI STABILI<\/a><\/p><\/blockquote>\n<p><iframe loading=\"lazy\" class=\"wp-embedded-content\" sandbox=\"allow-scripts\" security=\"restricted\" style=\"position: absolute; clip: rect(1px, 1px, 1px, 1px);\" title=\"&#8220;NELLE ULTIME 24 ORE SI REGISTRANO 1253 NUOVE POSITIVITA&#8217; E 3 DECESSI. RICOVERI STABILI&#8221; &#8212; Radio Pi\u00f9\" src=\"https:\/\/www.radiopiu.net\/wordpress\/nelle-ultime-24-ore-si-registrano-1253-nuove-positivita-e-3-decessi-ricoveri-stabili\/embed\/#?secret=QSZkjb5fHu\" data-secret=\"QSZkjb5fHu\" width=\"600\" height=\"338\" frameborder=\"0\" marginwidth=\"0\" marginheight=\"0\" scrolling=\"no\"><\/iframe><\/p>\n<p>&nbsp;<\/p>\n<h2>I GRAFICI DI TIZIANO DE COL<\/h2>\n\n\t\t\t<style type='text\/css'>\n\t\t\t\t#gallery-5 {\n\t\t\t\t\tmargin: auto;\n\t\t\t\t}\n\t\t\t\t#gallery-5 .gallery-item {\n\t\t\t\t\tfloat: left;\n\t\t\t\t\tmargin-top: 10px;\n\t\t\t\t\ttext-align: center;\n\t\t\t\t\twidth: 33%;\n\t\t\t\t}\n\t\t\t\t#gallery-5 img {\n\t\t\t\t\tborder: 2px solid #cfcfcf;\n\t\t\t\t}\n\t\t\t\t#gallery-5 .gallery-caption {\n\t\t\t\t\tmargin-left: 0;\n\t\t\t\t}\n\t\t\t\t\/* see gallery_shortcode() in wp-includes\/media.php *\/\n\t\t\t<\/style>\n\t\t<div id='gallery-5' class='dt-gallery-container gallery galleryid-261979 gallery-columns-3 gallery-size-thumbnail'><dl class='gallery-item'>\n\t\t\t\t<dt class='gallery-icon landscape'>\n\t\t\t\t\t<a class=\"rollover rollover-zoom dt-pswp-item\" title=\"b71fb9df-a8e9-41af-bebe-0943b6a93b4d\" data-dt-img-description=\"\" data-large_image_width=\"596\" data-large_image_height=\"356\"href='https:\/\/www.radiopiu.net\/wordpress\/wp-content\/uploads\/2022\/03\/b71fb9df-a8e9-41af-bebe-0943b6a93b4d.jpg'><img loading=\"lazy\" decoding=\"async\" width=\"150\" height=\"150\" src=\"https:\/\/www.radiopiu.net\/wordpress\/wp-content\/uploads\/2022\/03\/b71fb9df-a8e9-41af-bebe-0943b6a93b4d-150x150.jpg\" class=\"attachment-thumbnail size-thumbnail\" alt=\"\" \/><\/a>\n\t\t\t\t<\/dt><\/dl><dl class='gallery-item'>\n\t\t\t\t<dt class='gallery-icon landscape'>\n\t\t\t\t\t<a class=\"rollover rollover-zoom dt-pswp-item\" title=\"16372ec3-50f4-465b-bfaf-b733e092ec08\" data-dt-img-description=\"\" data-large_image_width=\"619\" data-large_image_height=\"376\"href='https:\/\/www.radiopiu.net\/wordpress\/wp-content\/uploads\/2022\/03\/16372ec3-50f4-465b-bfaf-b733e092ec08.jpg'><img loading=\"lazy\" decoding=\"async\" width=\"150\" height=\"150\" src=\"https:\/\/www.radiopiu.net\/wordpress\/wp-content\/uploads\/2022\/03\/16372ec3-50f4-465b-bfaf-b733e092ec08-150x150.jpg\" class=\"attachment-thumbnail size-thumbnail\" alt=\"\" \/><\/a>\n\t\t\t\t<\/dt><\/dl><dl class='gallery-item'>\n\t\t\t\t<dt class='gallery-icon landscape'>\n\t\t\t\t\t<a class=\"rollover rollover-zoom dt-pswp-item\" title=\"42e78e46-76cb-4ef3-980d-3d94a8ca41e3\" data-dt-img-description=\"\" data-large_image_width=\"608\" data-large_image_height=\"357\"href='https:\/\/www.radiopiu.net\/wordpress\/wp-content\/uploads\/2022\/03\/42e78e46-76cb-4ef3-980d-3d94a8ca41e3.jpg'><img loading=\"lazy\" decoding=\"async\" width=\"150\" height=\"150\" src=\"https:\/\/www.radiopiu.net\/wordpress\/wp-content\/uploads\/2022\/03\/42e78e46-76cb-4ef3-980d-3d94a8ca41e3-150x150.jpg\" class=\"attachment-thumbnail size-thumbnail\" alt=\"\" \/><\/a>\n\t\t\t\t<\/dt><\/dl><br style=\"clear: both\" \/><dl class='gallery-item'>\n\t\t\t\t<dt class='gallery-icon landscape'>\n\t\t\t\t\t<a class=\"rollover rollover-zoom dt-pswp-item\" title=\"fac483bd-bba5-493c-8d29-20404e487d1a\" data-dt-img-description=\"\" data-large_image_width=\"616\" data-large_image_height=\"382\"href='https:\/\/www.radiopiu.net\/wordpress\/wp-content\/uploads\/2022\/03\/fac483bd-bba5-493c-8d29-20404e487d1a.jpg'><img loading=\"lazy\" decoding=\"async\" width=\"150\" height=\"150\" src=\"https:\/\/www.radiopiu.net\/wordpress\/wp-content\/uploads\/2022\/03\/fac483bd-bba5-493c-8d29-20404e487d1a-150x150.jpg\" class=\"attachment-thumbnail size-thumbnail\" alt=\"\" \/><\/a>\n\t\t\t\t<\/dt><\/dl><dl class='gallery-item'>\n\t\t\t\t<dt class='gallery-icon landscape'>\n\t\t\t\t\t<a class=\"rollover rollover-zoom dt-pswp-item\" title=\"f2a28282-11b0-473e-b69e-862f34d70c8c\" data-dt-img-description=\"\" data-large_image_width=\"612\" data-large_image_height=\"362\"href='https:\/\/www.radiopiu.net\/wordpress\/wp-content\/uploads\/2022\/03\/f2a28282-11b0-473e-b69e-862f34d70c8c.jpg'><img loading=\"lazy\" decoding=\"async\" width=\"150\" height=\"150\" src=\"https:\/\/www.radiopiu.net\/wordpress\/wp-content\/uploads\/2022\/03\/f2a28282-11b0-473e-b69e-862f34d70c8c-150x150.jpg\" class=\"attachment-thumbnail size-thumbnail\" alt=\"\" \/><\/a>\n\t\t\t\t<\/dt><\/dl><dl class='gallery-item'>\n\t\t\t\t<dt class='gallery-icon landscape'>\n\t\t\t\t\t<a class=\"rollover rollover-zoom dt-pswp-item\" title=\"d73fecef-d0c7-473b-8cb6-18db29ee30ca\" data-dt-img-description=\"\" data-large_image_width=\"598\" data-large_image_height=\"356\"href='https:\/\/www.radiopiu.net\/wordpress\/wp-content\/uploads\/2022\/03\/d73fecef-d0c7-473b-8cb6-18db29ee30ca.jpg'><img loading=\"lazy\" decoding=\"async\" width=\"150\" height=\"150\" src=\"https:\/\/www.radiopiu.net\/wordpress\/wp-content\/uploads\/2022\/03\/d73fecef-d0c7-473b-8cb6-18db29ee30ca-150x150.jpg\" class=\"attachment-thumbnail size-thumbnail\" alt=\"\" \/><\/a>\n\t\t\t\t<\/dt><\/dl><br style=\"clear: both\" \/>\n\t\t\t<\/div>\n\n<p>&nbsp;<\/p>\n<p>&nbsp;<\/p>\n<hr \/>\n<p>&nbsp;<\/p>\n<p>&nbsp;<\/p>\n<table class=\"rnb-col-1\" border=\"0\" width=\"100%\" cellspacing=\"0\" cellpadding=\"0\" align=\"left\">\n<tbody>\n<tr>\n<td>\n<h2><span style=\"color: #ff0000;\"><strong>Sciopero dei medici, Regione Veneto vede Snami e Smi\u00a0<\/strong><\/span><\/h2>\n<h3><em><a class=\"dt-pswp-item\" href=\"https:\/\/www.radiopiu.net\/wordpress\/wp-content\/uploads\/2022\/03\/437545607f074f73484ca8f32c42e7c14f19346ef997eef2307c18dc25c3f42e.jpg\" data-dt-img-description=\"\" data-large_image_width=\"261\" data-large_image_height=\"193\"><img loading=\"lazy\" decoding=\"async\" class=\" wp-image-262216 alignleft\" src=\"https:\/\/www.radiopiu.net\/wordpress\/wp-content\/uploads\/2022\/03\/437545607f074f73484ca8f32c42e7c14f19346ef997eef2307c18dc25c3f42e.jpg\" alt=\"\" width=\"220\" height=\"163\" \/><\/a>Flor tenta &#8216;raffreddamento&#8217;. Cauchi: con impegni scritti sospendiamo il 2<\/em><\/h3>\n<p>VENEZIA &#8211; Oggi alle 17 il direttore della sanit\u00e0 veneta Luciano Flor incontrer\u00e0 i sindacati dei medici Snami e Smi, per un incontro di raffreddamento davanti al Prefetto. Lo spiega\u00a0 il presidente di Snami Veneto, Salvatore Cauchi, raccontando che l&#8217;incontro \u00e8 stato fissato questa sera con una telefonata della segreteria di Flor. Domani, per\u00f2, lo sciopero dei medici di medicina generale proclamato dai due sindacati per il 1 e il 2 marzo si terr\u00e0 comunque, con la sospensione della dematerializzazione delle ricette. &#8220;<em>Se\u00a0 la Regione dovesse accogliere le richieste nero su bianco naturalmente noi poi faremo in modo di bloccare le altre giornate di sciopero. Certo che ci vuole un impegno scritto&#8221;, afferma Cauchi.<\/em><br \/>\nAGENZIA DIRE.<\/td>\n<\/tr>\n<\/tbody>\n<\/table>\n<p>&nbsp;<\/p>\n<p>&nbsp;<\/p>\n<hr \/>\n<p>&nbsp;<\/p>\n<p>&nbsp;<\/p>\n<blockquote>\n<h3>ULSS DOLOMITI: ARRIVATO IL VACCINO NOVAVAX<\/h3>\n<\/blockquote>\n<p><strong><a class=\"dt-pswp-item\" href=\"https:\/\/www.radiopiu.net\/wordpress\/wp-content\/uploads\/2022\/01\/VACCINO.jpg\" data-dt-img-description=\"\" data-large_image_width=\"1920\" data-large_image_height=\"1281\"><img loading=\"lazy\" decoding=\"async\" class=\" wp-image-256141 alignleft\" src=\"https:\/\/www.radiopiu.net\/wordpress\/wp-content\/uploads\/2022\/01\/VACCINO-300x200.jpg\" alt=\"\" width=\"162\" height=\"108\" srcset=\"https:\/\/www.radiopiu.net\/wordpress\/wp-content\/uploads\/2022\/01\/VACCINO-300x200.jpg 300w, https:\/\/www.radiopiu.net\/wordpress\/wp-content\/uploads\/2022\/01\/VACCINO-1024x683.jpg 1024w, https:\/\/www.radiopiu.net\/wordpress\/wp-content\/uploads\/2022\/01\/VACCINO-768x512.jpg 768w, https:\/\/www.radiopiu.net\/wordpress\/wp-content\/uploads\/2022\/01\/VACCINO-1536x1025.jpg 1536w, https:\/\/www.radiopiu.net\/wordpress\/wp-content\/uploads\/2022\/01\/VACCINO.jpg 1920w\" sizes=\"auto, (max-width: 162px) 100vw, 162px\" \/><\/a>BELLUNO <\/strong>La Farmacia centrale dell\u2019Ulss Dolomiti ha ricevuto le prime 3.500 dosi di vaccino Nuvaxovid, prodotto della ditta Novavax. Si tratta di un vaccino atteso da numerose persone non ancora vaccinate per covid, preparato con tecnologia \u201ctradizionale\u201d (proteine ricombinanti) , tecnologia gi\u00e0 usata da anni per produrre alcuni vaccini a grande diffusione (anti pertosse, anti epatite B, anti HPV). Il ciclo vaccinale primario prevede due dosi a distanza di tre settimane l\u2019una dall\u2019altra e consente di ottenere il green pass. Per accedere alla vaccinazione sono disponibili ampi spazi prenotabili presso tutti i centri vaccinali attivi (Palaskating Sedico, drive in Tai di Cadore, drive in Agordo, Centro prelievi Feltre, drive in vaccinale san Gervasio- ospedale di Belluno). L\u2019Ulss Dolomiti ha inviato oggi un SMS invito a tutte le persone non vaccinate e non colpite da covid negli ultimi 90 giorni offrendo, oltre alla prenotazione, l\u2019ACCESSO LIBERO domenica prossima, 6 marzo, presso il Palaskating di Sedico dalle 10.00 alle 18.00.<\/p>\n<p>&nbsp;<\/p>\n<p>&nbsp;<\/p>\n<hr \/>\n<p>&nbsp;<\/p>\n<blockquote>\n<h3>DALLA REGIONE IL FOCUS SU LAVORO GIOVANILE E PANDEMIA<\/h3>\n<\/blockquote>\n<p><strong><a class=\"dt-pswp-item\" href=\"https:\/\/www.radiopiu.net\/wordpress\/wp-content\/uploads\/2021\/10\/consulenza-formazione-sicurezza-sul-lavoro-4.jpg\" data-dt-img-description=\"\" data-large_image_width=\"600\" data-large_image_height=\"450\"><img loading=\"lazy\" decoding=\"async\" class=\" wp-image-237753 alignleft\" src=\"https:\/\/www.radiopiu.net\/wordpress\/wp-content\/uploads\/2021\/10\/consulenza-formazione-sicurezza-sul-lavoro-4-300x225.jpg\" alt=\"\" width=\"168\" height=\"126\" srcset=\"https:\/\/www.radiopiu.net\/wordpress\/wp-content\/uploads\/2021\/10\/consulenza-formazione-sicurezza-sul-lavoro-4-300x225.jpg 300w, https:\/\/www.radiopiu.net\/wordpress\/wp-content\/uploads\/2021\/10\/consulenza-formazione-sicurezza-sul-lavoro-4.jpg 600w\" sizes=\"auto, (max-width: 168px) 100vw, 168px\" \/><\/a>VENEZIA <\/strong>Un mercato del lavoro sempre pi\u00f9 incerto e precario, e un tasso di disoccupazione in forte crescita. Racconta di un panorama difficile, quello in cui si affacciano i giovani oggi, il numero di febbraio di Statistiche Flash realizzato a cura dell\u2019Ufficio Statistica della Regione del Veneto, dal titolo Il futuro (\u00e8) dei giovani. Non a caso ai giovani guardano il PNRR e la Strategia regionale per lo Sviluppo Sostenibile nella Macroarea 3 prevedendo interventi mirati.\u00a0 Nel 2020 la situazione occupazionale dei 20-29enni \u00e8 precipitata: il tasso di occupazione \u00e8 inferiore di 11 punti percentuali rispetto al 2008 e di 10 punti percentuali rispetto a quello della popolazione in et\u00e0 attiva cio\u00e8 nella fascia 15-64 anni. Il trend si \u00e8 invertito a scapito dei giovani: nel 2008 il tasso di occupazione dei veneti tra i 20 e i 29 anni era pi\u00f9 alto rispetto a quello della popolazione in et\u00e0 attiva, 67,4 per cento contro il 66,4 per cento, e il tasso di disoccupazione non superava il 7 per cento. Con il 2009 il quadro \u00e8 mutato, portando il tasso di disoccupazione nel 2015 al record del 18 per cento. Nel 2019 il valore sembrava sceso ai livelli pre-crisi, ma \u00e8 arrivata la pandemia a scombinare nuovamente lo scenario. Oggi i giovani non solo hanno difficolt\u00e0 nell\u2019accesso al mercato del lavoro, ma devono fare i conti anche con condizioni pi\u00f9 sfavorevoli, tra precariato e lavoro a bassa intensit\u00e0. Nel 2020 solo il 57 per cento dei giovani \u00e8 assunto a tempo indeterminato rispetto all\u201986 per cento della media. La crisi pandemica ha deteriorato una dinamica gi\u00e0 esistente trasformandola da strutturale ad allarmante: dal 2008 al 2020 la quota di occupati giovani a tempo determinato \u00e8 cresciuta di 17 punti percentuali a discapito delle forme di lavoro pi\u00f9 stabili, e il part time involontario \u00e8 salito di 25 punti. La pubblicazione \u00e8 disponibile al link: <a href=\"https:\/\/statistica.regione.veneto.it\/pubblicazioni_statistiche_flash.jsp\">https:\/\/statistica.regione.veneto.it\/pubblicazioni_statistiche_flash.jsp<\/a><\/p>\n<p>&nbsp;<\/p>\n<p>&nbsp;<\/p>\n<hr \/>\n<p>&nbsp;<\/p>\n<blockquote>\n<h3>VIVAIO DOLOMITI E IL PROGETTO DI RAZIONALIZZAZIONE DELLA RETE ELETTRICA NELLA MEDIA VALLE DEL PIAVE<\/h3>\n<\/blockquote>\n<p><strong><a class=\"dt-pswp-item\" href=\"https:\/\/www.radiopiu.net\/wordpress\/wp-content\/uploads\/2018\/07\/VIVAIO-DOLOMITI.jpg\" data-dt-img-description=\"\" data-large_image_width=\"247\" data-large_image_height=\"204\"><img loading=\"lazy\" decoding=\"async\" class=\" wp-image-53894 alignleft\" src=\"https:\/\/www.radiopiu.net\/wordpress\/wp-content\/uploads\/2018\/07\/VIVAIO-DOLOMITI.jpg\" alt=\"\" width=\"139\" height=\"115\" \/><\/a>BELLUNO<\/strong> \u00c8 stata depositata una nuova variante al progetto RTN della media Valle del Piave. Vivaio Dolomiti torna sul tema ricordando che a settembre 2021 in una video conferenza con le istituzioni locali coinvolte Terna presenta la variante al progetto, che prevede l&#8217;interramento delle due linee principali sotto il Piave in zona Andreane. &#8220;<em>Ci sono delle osservazioni verbali, sia da parte del presidente della Provincia che di altri Comuni, e ci si lascia con la richiesta di incontrarsi in presenza per visualizzare l&#8217;intero progetto chiedendo a Terna di dimostrare tecnicamente perch\u00e9 non si sceglie il percorso autostradale con la linea diretta in pianura &#8211; dicono da Vivaio Dolomiti &#8211;\u00a0 Viene completamente omesso che il progetto era gi\u00e0 depositato in Via, fra l&#8217;altro senza presentazione pubblica obbligatoria, ma peggio dimenticandosi di avvisare i Comuni coinvolti. Se aggiungiamo che l&#8217;ente Provincia andava a elezioni e a tutt&#8217;oggi non ci sono i consiglieri delegati alle varie materie, e il Comune capoluogo \u00e8 a fine mandato, ci sembra una follia procedere ora con un progetto contestato, da sempre nato male e migliorato solo grazie all&#8217;intervento della popolazione. Ci preme sottolineare &#8211; continua la nota &#8211; che le uniche osservazioni inviate dalla Provincia, fuori temine si legge sul sito del ministero, sono state inviate da un tecnico dell\u2019ente, senza supporto e condivisione politica. Chi ha dato l&#8217;indicazione di preoccuparsi del Rio dei Frari? Come sempre, noi siamo pronti a ricorre in tutte le sedi, anche solo per ritardare di qualche anno la realizzazione di un&#8217;opera nata male e che poteva essere gi\u00e0 conclusa<\/em>&#8221;<\/p>\n<p>&nbsp;<\/p>\n<p>&nbsp;<\/p>\n<hr \/>\n<p>&nbsp;<\/p>\n<p>&nbsp;<\/p>\n<p><a href=\"https:\/\/www.radiopiu.net\/wordpress\/wp-content\/uploads\/2022\/02\/mask-2483082__340.webp\"><img loading=\"lazy\" decoding=\"async\" class=\"wp-image-262172 alignleft\" src=\"https:\/\/www.radiopiu.net\/wordpress\/wp-content\/uploads\/2022\/02\/mask-2483082__340-300x200.webp\" alt=\"\" width=\"156\" height=\"104\" srcset=\"https:\/\/www.radiopiu.net\/wordpress\/wp-content\/uploads\/2022\/02\/mask-2483082__340-300x200.webp 300w, https:\/\/www.radiopiu.net\/wordpress\/wp-content\/uploads\/2022\/02\/mask-2483082__340.webp 510w\" sizes=\"auto, (max-width: 156px) 100vw, 156px\" \/><\/a><strong>IL CARNEVALE NEL 1847\u00a0 DI LUISA MANFROI\u00a0\u00a0<\/strong><\/p>\n<p>&nbsp;<\/p>\n<p><strong>AUDIO<\/strong><\/p>\n<audio class=\"wp-audio-shortcode\" id=\"audio-261979-5\" preload=\"none\" style=\"width: 100%;\" controls=\"controls\"><source type=\"audio\/mpeg\" src=\"https:\/\/www.radiopiu.net\/wordpress\/wp-content\/uploads\/2022\/02\/Il-Carnevale-nel-Regno-Lombardo-Veneto-1847.mp3?_=5\" \/><a href=\"https:\/\/www.radiopiu.net\/wordpress\/wp-content\/uploads\/2022\/02\/Il-Carnevale-nel-Regno-Lombardo-Veneto-1847.mp3\">https:\/\/www.radiopiu.net\/wordpress\/wp-content\/uploads\/2022\/02\/Il-Carnevale-nel-Regno-Lombardo-Veneto-1847.mp3<\/a><\/audio>\n<p>&nbsp;<\/p>\n<p>&nbsp;<\/p>\n<hr \/>\n<p>&nbsp;<\/p>\n<blockquote>\n<h3>L&#8217;IMPORTANZA DELLA DONAZIONE DEL SANGUE SULLE MAGLIE DELLA DYNAMO<\/h3>\n<\/blockquote>\n<p><strong><a class=\"dt-pswp-item\" href=\"https:\/\/www.radiopiu.net\/wordpress\/wp-content\/uploads\/2022\/02\/Dynamo.jpeg\" data-dt-img-description=\"\" data-large_image_width=\"1600\" data-large_image_height=\"1200\"><img loading=\"lazy\" decoding=\"async\" class=\" wp-image-262218 alignleft\" src=\"https:\/\/www.radiopiu.net\/wordpress\/wp-content\/uploads\/2022\/02\/Dynamo-300x225.jpeg\" alt=\"\" width=\"325\" height=\"244\" srcset=\"https:\/\/www.radiopiu.net\/wordpress\/wp-content\/uploads\/2022\/02\/Dynamo-300x225.jpeg 300w, https:\/\/www.radiopiu.net\/wordpress\/wp-content\/uploads\/2022\/02\/Dynamo-1024x768.jpeg 1024w, https:\/\/www.radiopiu.net\/wordpress\/wp-content\/uploads\/2022\/02\/Dynamo-768x576.jpeg 768w, https:\/\/www.radiopiu.net\/wordpress\/wp-content\/uploads\/2022\/02\/Dynamo-1536x1152.jpeg 1536w, https:\/\/www.radiopiu.net\/wordpress\/wp-content\/uploads\/2022\/02\/Dynamo.jpeg 1600w\" sizes=\"auto, (max-width: 325px) 100vw, 325px\" \/><\/a> <\/strong><\/p>\n<p><strong>\u00a0<\/strong><\/p>\n<p><strong>\u00a0<\/strong><\/p>\n<p><strong>FELTRE<\/strong> Domenica\u00a0 ha avuto ha avuto luogo la presentazione dei nuovi completi da gioco dell&#8217;U.S. Dynamo Vellai. Nelle settimane precedenti, c&#8217;\u00e8 stato un\u00a0 incontro sull&#8217;importanza della donazione del sangue con il Primario dell&#8217;ULSS 1 Dolomiti Ersilia Barbone,\u00a0 Paolo Bagattin e Lorella Bottacco,\u00a0 rappresentanti delle sezioni donatori del sangue di Vellai e Cart. Le maglie, che sul retro contengono uno slogan per la donazione &#8220;dona il sangue e salva un vita&#8221;, sono state regalate dalle sezioni di Cart, Vellai e Zermen &#8211; Nemeggio. Rappresentano l&#8217;inizio di una collaborazione tra la polisportiva di Vellai e i donatori di sangue.\u00a0 Le casacche saranno indossate dalle formazioni del club, dalla prima squadra che milita in 3a categoria, gli Juniores e gli Allievi. Positiva anche la presenza dei ragazzi: in numerosi hanno aderito al progetto e a breve saranno accompagnati in centro dai loro coetanei gi\u00e0 donatori.<\/p>\n<p>&nbsp;<\/p>\n<p>&nbsp;<\/p>\n<hr \/>\n<p>&nbsp;<\/p>\n<blockquote>\n<h3>PAOLO BARONE, IL MEDICO DI BASE CHE HA LOTTATO IN PRIMA LINEA CONTRO IL COVID<\/h3>\n<\/blockquote>\n<p><strong>CANALE D&#8217;AGORDO <\/strong>Come ogni lunedi Gianni Santomaso dalle pagine del Corriere delle Alpi racconta una storia, un personaggio, un pezzo di vita dell\u2019Agordino \u201cVivere l\u2019Agordino\u201d una raccolta spaccato di vita agordina con le immancabili vignette di Erica Andrich<\/p>\n<p><strong>di Gianni Santomaso<\/strong><\/p>\n<audio class=\"wp-audio-shortcode\" id=\"audio-261979-6\" preload=\"none\" style=\"width: 100%;\" controls=\"controls\"><source type=\"audio\/mpeg\" src=\"https:\/\/www.radiopiu.net\/wordpress\/wp-content\/uploads\/2022\/02\/GIANNI-SPECIALE-AGORDINO-PAOLO-BARONE.mp3?_=6\" \/><a href=\"https:\/\/www.radiopiu.net\/wordpress\/wp-content\/uploads\/2022\/02\/GIANNI-SPECIALE-AGORDINO-PAOLO-BARONE.mp3\">https:\/\/www.radiopiu.net\/wordpress\/wp-content\/uploads\/2022\/02\/GIANNI-SPECIALE-AGORDINO-PAOLO-BARONE.mp3<\/a><\/audio>\n<p>&nbsp;<\/p>\n\n\t\t\t<style type='text\/css'>\n\t\t\t\t#gallery-6 {\n\t\t\t\t\tmargin: auto;\n\t\t\t\t}\n\t\t\t\t#gallery-6 .gallery-item {\n\t\t\t\t\tfloat: left;\n\t\t\t\t\tmargin-top: 10px;\n\t\t\t\t\ttext-align: center;\n\t\t\t\t\twidth: 50%;\n\t\t\t\t}\n\t\t\t\t#gallery-6 img {\n\t\t\t\t\tborder: 2px solid #cfcfcf;\n\t\t\t\t}\n\t\t\t\t#gallery-6 .gallery-caption {\n\t\t\t\t\tmargin-left: 0;\n\t\t\t\t}\n\t\t\t\t\/* see gallery_shortcode() in wp-includes\/media.php *\/\n\t\t\t<\/style>\n\t\t<div id='gallery-6' class='dt-gallery-container gallery galleryid-261979 gallery-columns-2 gallery-size-thumbnail'><dl class='gallery-item'>\n\t\t\t\t<dt class='gallery-icon portrait'>\n\t\t\t\t\t<a class=\"rollover rollover-zoom dt-pswp-item\" title=\"0\" data-dt-img-description=\"\" data-large_image_width=\"1637\" data-large_image_height=\"1812\"href='https:\/\/www.radiopiu.net\/wordpress\/wp-content\/uploads\/2022\/02\/0-3.png'><img loading=\"lazy\" decoding=\"async\" width=\"150\" height=\"150\" src=\"https:\/\/www.radiopiu.net\/wordpress\/wp-content\/uploads\/2022\/02\/0-3-150x150.png\" class=\"attachment-thumbnail size-thumbnail\" alt=\"\" \/><\/a>\n\t\t\t\t<\/dt><\/dl><dl class='gallery-item'>\n\t\t\t\t<dt class='gallery-icon landscape'>\n\t\t\t\t\t<a class=\"rollover rollover-zoom dt-pswp-item\" title=\"125b5b78-94bc-42ff-94f3-2d614fbd6754\" data-dt-img-description=\"\" data-large_image_width=\"1600\" data-large_image_height=\"901\"href='https:\/\/www.radiopiu.net\/wordpress\/wp-content\/uploads\/2022\/02\/125b5b78-94bc-42ff-94f3-2d614fbd6754.jpg'><img loading=\"lazy\" decoding=\"async\" width=\"150\" height=\"150\" src=\"https:\/\/www.radiopiu.net\/wordpress\/wp-content\/uploads\/2022\/02\/125b5b78-94bc-42ff-94f3-2d614fbd6754-150x150.jpg\" class=\"attachment-thumbnail size-thumbnail\" alt=\"\" \/><\/a>\n\t\t\t\t<\/dt><\/dl><br style=\"clear: both\" \/>\n\t\t\t<\/div>\n\n<p>&nbsp;<\/p>\n<hr \/>\n<p>&nbsp;<\/p>\n<blockquote>\n<h3>GIORNATA INTERNAZIONALE DELLA DONNA: A FELTRE DUE INIZIATIVE LEGATE AL MONDO DELLA DANZA E DEL TARANTISMO<\/h3>\n<\/blockquote>\n<p><strong><a class=\"dt-pswp-item\" href=\"https:\/\/www.radiopiu.net\/wordpress\/wp-content\/uploads\/2022\/02\/Giornata-Int.-della-Donna-Feltre.jpg\" data-dt-img-description=\"\" data-large_image_width=\"1131\" data-large_image_height=\"1600\"><img loading=\"lazy\" decoding=\"async\" class=\" wp-image-262090 alignleft\" src=\"https:\/\/www.radiopiu.net\/wordpress\/wp-content\/uploads\/2022\/02\/Giornata-Int.-della-Donna-Feltre-212x300.jpg\" alt=\"\" width=\"148\" height=\"209\" srcset=\"https:\/\/www.radiopiu.net\/wordpress\/wp-content\/uploads\/2022\/02\/Giornata-Int.-della-Donna-Feltre-212x300.jpg 212w, https:\/\/www.radiopiu.net\/wordpress\/wp-content\/uploads\/2022\/02\/Giornata-Int.-della-Donna-Feltre-724x1024.jpg 724w, https:\/\/www.radiopiu.net\/wordpress\/wp-content\/uploads\/2022\/02\/Giornata-Int.-della-Donna-Feltre-768x1086.jpg 768w, https:\/\/www.radiopiu.net\/wordpress\/wp-content\/uploads\/2022\/02\/Giornata-Int.-della-Donna-Feltre-1086x1536.jpg 1086w, https:\/\/www.radiopiu.net\/wordpress\/wp-content\/uploads\/2022\/02\/Giornata-Int.-della-Donna-Feltre.jpg 1131w\" sizes=\"auto, (max-width: 148px) 100vw, 148px\" \/><\/a> <\/strong><\/p>\n<p><strong>\u00a0<\/strong><\/p>\n<p><strong>\u00a0<\/strong><\/p>\n<p><strong>FELTRE <\/strong>Feltre celebra la Giornata internazionale della Donna con due iniziative dedicate al mondo del tarantismo e della danza. L&#8217;iniziativa \u00e8 promossa dalla Commissione Pari Opportunit\u00e0 e dal Comune di Feltre e verter\u00e0 su due appuntamenti tra loro collegati. Domenica 6 marzo, dalle 10 alle 13, l&#8217;aula magna del Campus \u201cTina Merlin, presso la palazzina Bonsembiante, ospiter\u00e0 \u201cDanzando la vita\u201d, laboratorio di pizzica e danza espressiva, a cura di Ilaria Specchia. Il laboratorio \u00e8 gratuito e a numero chiuso per un massimo di 15 partecipanti. Iscrizioni al link: <a href=\"https:\/\/forms.gle\/LtgDxLY4r9Jzgq5U8\">https:\/\/forms.gle\/LtgDxLY4r9Jzgq5U8<\/a>. Marted\u00ec 8 marzo, alle 20.30, sar\u00e0 poi presentato presso il Museo Diocesano di Feltre il libro di Elianda Cazzorla dal titolo \u201cTela di Taranta\u201d. L&#8217;evento \u00e8 gratuito e su prenotazione, fino a esaurimento posti. Iscrizioni al link: <a href=\"https:\/\/forms.gle\/BETkFgYcJRCdu6FBA\">https:\/\/forms.gle\/BETkFgYcJRCdu6FBA<\/a>. Per entrambi gli eventi saranno garantite le misure di cautela e sicurezza previste per l&#8217;emergenza Covid-19; i partecipanti dovranno esibire il Green Pass e indossare la mascherina.<\/p>\n<p>&nbsp;<\/p>\n<p>&nbsp;<\/p>\n<hr \/>\n<p>&nbsp;<\/p>\n<blockquote>\n<h3>SI CERCANO VOLONTARI PER SOSTENERE LA MIGRAZIONE DEGLI ANFIBI IN PROVINCIA DI BELLUNO<\/h3>\n<\/blockquote>\n<p><strong><a class=\"dt-pswp-item\" href=\"https:\/\/www.radiopiu.net\/wordpress\/wp-content\/uploads\/2022\/02\/WhatsApp-Image-2022-02-27-at-19.34.48.jpeg\" data-dt-img-description=\"\" data-large_image_width=\"1024\" data-large_image_height=\"768\"><img loading=\"lazy\" decoding=\"async\" class=\" wp-image-262110 alignleft\" src=\"https:\/\/www.radiopiu.net\/wordpress\/wp-content\/uploads\/2022\/02\/WhatsApp-Image-2022-02-27-at-19.34.48-300x225.jpeg\" alt=\"\" width=\"177\" height=\"133\" srcset=\"https:\/\/www.radiopiu.net\/wordpress\/wp-content\/uploads\/2022\/02\/WhatsApp-Image-2022-02-27-at-19.34.48-300x225.jpeg 300w, https:\/\/www.radiopiu.net\/wordpress\/wp-content\/uploads\/2022\/02\/WhatsApp-Image-2022-02-27-at-19.34.48-768x576.jpeg 768w, https:\/\/www.radiopiu.net\/wordpress\/wp-content\/uploads\/2022\/02\/WhatsApp-Image-2022-02-27-at-19.34.48.jpeg 1024w\" sizes=\"auto, (max-width: 177px) 100vw, 177px\" \/><\/a>BELLUNO <\/strong>Il Gruppo Salvataggio Anfibi Belluno e LAC sezione di Belluno insieme per la migrazione degli anfibi in provincia di Belluno. Sta per partire la migrazione degli anfibi bellunesi ed i volontari hanno iniziato oggi l\u2019opera di posa di reti e barriere, un lavoro che occuper\u00e0 per i prossimi fine settimana diverse squadre di volontari da Ponte nelle Alpi a Rocca di Arsi\u00e8, da Borgo Valbelluna a Seren del Grappa. Un grandissimo impegno per aiutare rospi e rane a raggiungere le pozze d\u2019acqua per riprodursi. Nel loro lungo cammino incontrano numerosi ostacoli e pericoli, sono molte le attivit\u00e0 umane che ne mettono a rischio la sopravvivenza ma una delle maggiori minacce o almeno quella sulla quale i volontari possono intervenire \u00e8 quella di aiutarli nell\u2019attraversamento delle strade a maggior percorrenza sulle quali altrimenti troverebbero la morte. Si sono viste 2 squadre operare sulla Statale Alemagna a fianco del Lago di Santa Croce, localit\u00e0 Punta Trifina di Ponte nelle Alpi e Molinello di Borgo Valbelluna con le prime opere. La stagione \u00e8 ancora fredda la sera, aggravata dalla siccit\u00e0 ma basteranno un paio di giorni di pioggia per mettere in cammino migliaia di rospi e rane sulle strade bellunesi. Ora pi\u00f9 che mai l\u2019attenzione \u00e8 volta alla conservazione degli ecosistemi e della biodiversit\u00e0 e nella nostra Provincia gi\u00e0 dal 2013 sono impegnati una cinquantina di volontari che, muniti di torce frontali e secchi alla mano, gli immancabili guanti, stivali ed il giubbino catarifrangente si alternano in turni per tutto il tempo della migrazione per garantire la salvaguardia di queste preziose presenze. Lac Belluno e Gruppo Salvataggio Anfibi Belluno cercano volontari per i salvataggi serali. Sar\u00e0 necessario formare i volontari prima di imbracciare il secchio ed iniziare l\u2019attivit\u00e0 di salvataggio, ricordiamo che gli anfibi sono delicatissimi e vanno maneggiati con ma massima attenzione, a tal proposito da quest\u2019anno si vedranno susseguirsi degli incontri con esperti erpetologi per poter accrescere le competenze dei volontari, il 17 febbraio scorso si \u00e8 tenuto il primo di una serie di webinar formativi a cura del dott. Vincenzo Ferri del Comitato Conservazione della SHI, Societas Herpetologica Italica. Chi volesse partecipare alla posa delle reti e delle barriere, oppure ai salvataggi serali, pu\u00f2 scriverci una mail all\u2019indirizzo: <a href=\"mailto:grupposalvataggioanfibibelluno@gmail.com\">grupposalvataggioanfibibelluno@gmail.com<\/a> oppure contattare le referenti dei siti di salvataggio: Francesca per Punta Trifina di Ponte nelle Alpi 349\/0779187, Isabella per Molinello di Borgo Valbelluna 349\/4474104, Michela per Rocca di Arsi\u00e9 e Seren del Grappa 328\/9204968<\/p>\n\n\t\t\t<style type='text\/css'>\n\t\t\t\t#gallery-7 {\n\t\t\t\t\tmargin: auto;\n\t\t\t\t}\n\t\t\t\t#gallery-7 .gallery-item {\n\t\t\t\t\tfloat: left;\n\t\t\t\t\tmargin-top: 10px;\n\t\t\t\t\ttext-align: center;\n\t\t\t\t\twidth: 33%;\n\t\t\t\t}\n\t\t\t\t#gallery-7 img {\n\t\t\t\t\tborder: 2px solid #cfcfcf;\n\t\t\t\t}\n\t\t\t\t#gallery-7 .gallery-caption {\n\t\t\t\t\tmargin-left: 0;\n\t\t\t\t}\n\t\t\t\t\/* see gallery_shortcode() in wp-includes\/media.php *\/\n\t\t\t<\/style>\n\t\t<div id='gallery-7' class='dt-gallery-container gallery galleryid-261979 gallery-columns-3 gallery-size-thumbnail'><dl class='gallery-item'>\n\t\t\t\t<dt class='gallery-icon landscape'>\n\t\t\t\t\t<a class=\"rollover rollover-zoom dt-pswp-item\" title=\"WhatsApp Image 2021-05-23 at 21.49.38\" data-dt-img-description=\"\" data-large_image_width=\"1600\" data-large_image_height=\"1200\"href='https:\/\/www.radiopiu.net\/wordpress\/wp-content\/uploads\/2022\/02\/WhatsApp-Image-2021-05-23-at-21.49.38.jpeg'><img loading=\"lazy\" decoding=\"async\" width=\"150\" height=\"150\" src=\"https:\/\/www.radiopiu.net\/wordpress\/wp-content\/uploads\/2022\/02\/WhatsApp-Image-2021-05-23-at-21.49.38-150x150.jpeg\" class=\"attachment-thumbnail size-thumbnail\" alt=\"\" \/><\/a>\n\t\t\t\t<\/dt><\/dl><dl class='gallery-item'>\n\t\t\t\t<dt class='gallery-icon landscape'>\n\t\t\t\t\t<a class=\"rollover rollover-zoom dt-pswp-item\" title=\"WhatsApp Image 2021-05-23 at 21.51.01 (1)\" data-dt-img-description=\"\" data-large_image_width=\"1600\" data-large_image_height=\"1200\"href='https:\/\/www.radiopiu.net\/wordpress\/wp-content\/uploads\/2022\/02\/WhatsApp-Image-2021-05-23-at-21.51.01-1.jpeg'><img loading=\"lazy\" decoding=\"async\" width=\"150\" height=\"150\" src=\"https:\/\/www.radiopiu.net\/wordpress\/wp-content\/uploads\/2022\/02\/WhatsApp-Image-2021-05-23-at-21.51.01-1-150x150.jpeg\" class=\"attachment-thumbnail size-thumbnail\" alt=\"\" \/><\/a>\n\t\t\t\t<\/dt><\/dl><dl class='gallery-item'>\n\t\t\t\t<dt class='gallery-icon landscape'>\n\t\t\t\t\t<a class=\"rollover rollover-zoom dt-pswp-item\" title=\"WhatsApp Image 2022-02-27 at 19.34.47\" data-dt-img-description=\"\" data-large_image_width=\"1024\" data-large_image_height=\"768\"href='https:\/\/www.radiopiu.net\/wordpress\/wp-content\/uploads\/2022\/02\/WhatsApp-Image-2022-02-27-at-19.34.47.jpeg'><img loading=\"lazy\" decoding=\"async\" width=\"150\" height=\"150\" src=\"https:\/\/www.radiopiu.net\/wordpress\/wp-content\/uploads\/2022\/02\/WhatsApp-Image-2022-02-27-at-19.34.47-150x150.jpeg\" class=\"attachment-thumbnail size-thumbnail\" alt=\"\" \/><\/a>\n\t\t\t\t<\/dt><\/dl><br style=\"clear: both\" \/>\n\t\t\t<\/div>\n\n<p>&nbsp;<\/p>\n<hr \/>\n<p>&nbsp;<\/p>\n<p>&nbsp;<\/p>\n<blockquote><p><strong>LA DIRETTA DIFFERITA DELL&#8217;ULTIMO CONSIGLIO COMUNALE DI CANALE D&#8217;AGORDO\u00a0<\/strong><\/p><\/blockquote>\n<blockquote class=\"wp-embedded-content\" data-secret=\"NBjS7KZcjf\"><p><a href=\"https:\/\/www.radiopiu.net\/wordpress\/il-consiglio-comunale-di-canale-dagordo-diretta\/\">IL CONSIGLIO COMUNALE DI CANALE D&#8217;AGORDO &#8211; DIRETTA &#8211;<\/a><\/p><\/blockquote>\n<p><iframe loading=\"lazy\" class=\"wp-embedded-content\" sandbox=\"allow-scripts\" security=\"restricted\" style=\"position: absolute; clip: rect(1px, 1px, 1px, 1px);\" title=\"&#8220;IL CONSIGLIO COMUNALE DI CANALE D&#8217;AGORDO &#8211; DIRETTA &#8211;&#8221; &#8212; Radio Pi\u00f9\" src=\"https:\/\/www.radiopiu.net\/wordpress\/il-consiglio-comunale-di-canale-dagordo-diretta\/embed\/#?secret=NBjS7KZcjf\" data-secret=\"NBjS7KZcjf\" width=\"600\" height=\"338\" frameborder=\"0\" marginwidth=\"0\" marginheight=\"0\" scrolling=\"no\"><\/iframe><\/p>\n<p>&nbsp;<\/p>\n<p>&nbsp;<\/p>\n<hr \/>\n<blockquote>\n<h3><\/h3>\n<h3>SABATO CONSIGLIO COMUNALE A COLLE SANTA LUCIA<\/h3>\n<\/blockquote>\n<p><strong>COLLE SANTA LUCIA<\/strong> Il sindaco Paolo Frena ha convocato il consiglio comunale per sabato alle 8 presso la sala consigliare del municipio. Saranno 6 i punti da discutere tra cui l&#8217;acquisizione al patrimonio comunale di una porzione di &#8220;casa-piazza&#8221; a Villagrande, il regolamento dei controlli interni e la seconda variazione al bilancio.<\/p>\n<p>&nbsp;<\/p>\n<p>&nbsp;<\/p>\n<hr \/>\n<p>&nbsp;<\/p>\n<div class=\"page\" title=\"Page 1\">\n<div class=\"layoutArea\">\n<div class=\"column\">\n<blockquote>\n<h3>LA GUARDIA DI FINANZA CERCA 1175 ALLIEVI MARESCIALLI<\/h3>\n<\/blockquote>\n<p><strong>ROMA<\/strong> E&#8217; stato pubblicato il concorso, per titoli ed esami, per l\u2019ammissione di 1.175 allievi marescialli al 94\u00b0 corso presso la Scuola Ispettori e Sovrintendenti della Guardia di Finanza, per l\u2019anno accademico 2022\/2023. La domanda di partecipazione al concorso, da presentare entro le ore 12 del 21 marzo https:\/\/concorsi.gdf.gov.it.<\/p>\n<p>&nbsp;<\/p>\n<p>&nbsp;<\/p>\n<hr \/>\n<p>&nbsp;<\/p>\n<\/div>\n<\/div>\n<\/div>\n<blockquote>\n<h3><strong><a class=\"dt-pswp-item\" href=\"https:\/\/www.radiopiu.net\/wordpress\/wp-content\/uploads\/2018\/09\/servizio-civile.png\" data-dt-img-description=\"\" data-large_image_width=\"1193\" data-large_image_height=\"1193\"><img loading=\"lazy\" decoding=\"async\" class=\"wp-image-60515 alignleft\" src=\"https:\/\/www.radiopiu.net\/wordpress\/wp-content\/uploads\/2018\/09\/servizio-civile-300x300.png\" alt=\"\" width=\"123\" height=\"123\" srcset=\"https:\/\/www.radiopiu.net\/wordpress\/wp-content\/uploads\/2018\/09\/servizio-civile-300x300.png 300w, https:\/\/www.radiopiu.net\/wordpress\/wp-content\/uploads\/2018\/09\/servizio-civile-150x150.png 150w, https:\/\/www.radiopiu.net\/wordpress\/wp-content\/uploads\/2018\/09\/servizio-civile-768x768.png 768w, https:\/\/www.radiopiu.net\/wordpress\/wp-content\/uploads\/2018\/09\/servizio-civile-1024x1024.png 1024w, https:\/\/www.radiopiu.net\/wordpress\/wp-content\/uploads\/2018\/09\/servizio-civile.png 1193w\" sizes=\"auto, (max-width: 123px) 100vw, 123px\" \/><\/a><\/strong>SERVIZIO CIVILE UNIVERSALE ANCHE AL DIPARTIMENTO DI PREVENZIONE DELL&#8217;ULSS1 DOLOMITI<\/h3>\n<\/blockquote>\n<p><strong>BELLUNO<\/strong> E&#8217;<span style=\"font-family: Calibri, sans-serif;\">\u00a0possibile candidarsi per un posto per il Servizio Civile al <\/span><span style=\"font-family: Calibri, sans-serif;\">Dipartimento di Prevenzione dell\u2019Ulss Dolomiti. <\/span><span style=\"font-family: Calibri, sans-serif;\">L\u2019Ulss Dolomiti ha aderito a uno dei progetti<\/span><span style=\"font-family: Calibri, sans-serif;\">, per l\u2019affiancamento alla realizzazione e coordinamento delle attivit\u00e0 di promozione alla salute in collaborazione con Enti e Associazioni del territorio, rivolte alla popolazione. <\/span><span style=\"font-family: Calibri, sans-serif;\">Il progetto avr\u00e0 durata di 365 giorni, per un impegno di <\/span><span style=\"font-family: Calibri, sans-serif;\">25 ore alla settimana<\/span> <span style=\"color: #050505;\"><span style=\"font-family: Calibri, sans-serif;\">per 1 anno, con un\u2019indennit\u00e0 mensile di 444,30 \u20ac e<\/span><\/span><span style=\"font-family: Calibri, sans-serif;\"> la possibilit\u00e0 di usufruire di ferie e malattia retribuita. <\/span><span style=\"color: #050505;\"><span style=\"font-family: Calibri, sans-serif;\">Informazioni e bando di selezione: <\/span><\/span><span style=\"color: #0000ff;\"><span lang=\"zxx\"><u><a class=\"western\" href=\"https:\/\/www.feltrino.bl.it\/myportal\/CMF64\/vivere\/serviziocivile\/bando2021?fbclid=IwAR3IgyE0tmACZcuIDbsGAvOE037DUSjGau1FfqSfWAbEYG4lFyFcszm0fBU\" target=\"_blank\" rel=\"noopener\"><span style=\"font-family: Calibri, sans-serif;\">https:\/\/www.feltrino.bl.it\/&#8230;\/serviziocivile\/bando2021<\/span><\/a><\/u><\/span><\/span><\/p>\n<p>&nbsp;<\/p>\n<p>&nbsp;<\/p>\n<hr \/>\n<div class=\"page-title-breadcrumbs\">\n<div class=\"dati1w0a hv4rvrfc osnr6wyh\">\n<p>&nbsp;<\/p>\n<\/div>\n<p>&nbsp;<\/p>\n<p><strong>CARNEVALE AL MIS<\/strong> Oggi dalle 15 in poi nella sale dell&#8217;ex asilo festa di carnevale con passeggiate per le vie del paese e&#8230; se in compagnia vuoi mangiare, qualche cosa devi portare.<\/p>\n<\/div>\n<p>&nbsp;<\/p>\n<p>&nbsp;<\/p>\n<hr \/>\n<p>&nbsp;<\/p>\n<blockquote>\n<h3>CORSO DI MICOLOGIA A SEDICO<\/h3>\n<\/blockquote>\n<p><strong><a href=\"https:\/\/www.radiopiu.net\/wordpress\/wp-content\/uploads\/2022\/02\/mushrooms-548360__340.webp\"><img loading=\"lazy\" decoding=\"async\" class=\" wp-image-262157 alignleft\" src=\"https:\/\/www.radiopiu.net\/wordpress\/wp-content\/uploads\/2022\/02\/mushrooms-548360__340-300x200.webp\" alt=\"\" width=\"182\" height=\"121\" srcset=\"https:\/\/www.radiopiu.net\/wordpress\/wp-content\/uploads\/2022\/02\/mushrooms-548360__340-300x200.webp 300w, https:\/\/www.radiopiu.net\/wordpress\/wp-content\/uploads\/2022\/02\/mushrooms-548360__340.webp 510w\" sizes=\"auto, (max-width: 182px) 100vw, 182px\" \/><\/a> <\/strong><\/p>\n<p><strong>\u00a0<\/strong><\/p>\n<p><strong>BELLUNO<\/strong>\u00a0 \u00a0Venerd\u00ec 25 marzo, alle 20.30, a Sedico presso la Sala Conferenze del Palazzo dei Servizi in via Giardini, avranno inizio le dieci lezioni, aperte a tutti, del corso base di micologia \u201cParliamo di Funghi\u201d organizzato dall\u2019Associazione Micologica \u201cG. Bresadola\u201d \u2013 Gruppo di Belluno, con il Patrocinio e il Contributo del Comune di Sedico. I relatori, con il supporto di immagini digitali di alta qualit\u00e0, tratteranno temi di micologia generale, di ecologia, di tossicologia e daranno gli strumenti per il riconoscimento delle specie presenti nei nostri boschi. A conclusione del corso saranno organizzate escursioni guidate in forma di lezioni pratiche.\u00a0 Per le iscrizioni telefonare allo <span class=\"wt_Phone\">347-2587796<\/span>, o inviare una mail a: <span class=\"wt_Email\">segretario@gruppomicologicodibelluno.it<\/span>. Sar\u00e0 possibile dare la propria adesione anche in occasione della prima lezione.<\/p>\n<p>&nbsp;<\/p>\n<p>&nbsp;<\/p>\n<hr \/>\n<p>&nbsp;<\/p>\n<blockquote>\n<h3>AL VIA LA 32^EDIZIONE DEL PREMIO LETTERARIO &#8220;TRICHIANA PAESE DEL LIBRO&#8221;<\/h3>\n<\/blockquote>\n<p><strong><a class=\"dt-pswp-item\" href=\"https:\/\/www.radiopiu.net\/wordpress\/wp-content\/uploads\/2022\/02\/740c539b-1b42-4708-b43c-18e797ac628f.jpg\" data-dt-img-description=\"\" data-large_image_width=\"1010\" data-large_image_height=\"564\"><img loading=\"lazy\" decoding=\"async\" class=\" wp-image-261608 alignleft\" src=\"https:\/\/www.radiopiu.net\/wordpress\/wp-content\/uploads\/2022\/02\/740c539b-1b42-4708-b43c-18e797ac628f-300x168.jpg\" alt=\"\" width=\"159\" height=\"89\" srcset=\"https:\/\/www.radiopiu.net\/wordpress\/wp-content\/uploads\/2022\/02\/740c539b-1b42-4708-b43c-18e797ac628f-300x168.jpg 300w, https:\/\/www.radiopiu.net\/wordpress\/wp-content\/uploads\/2022\/02\/740c539b-1b42-4708-b43c-18e797ac628f-768x429.jpg 768w, https:\/\/www.radiopiu.net\/wordpress\/wp-content\/uploads\/2022\/02\/740c539b-1b42-4708-b43c-18e797ac628f.jpg 1010w\" sizes=\"auto, (max-width: 159px) 100vw, 159px\" \/><\/a>TRICHIANA<\/strong> Ai blocchi di partenza la nuova edizione del Premio Letterario Nazionale \u201cTrichiana Paese del Libro\u201d, riservato a racconti inediti. \u201cIl Segretario del Premio, nonch\u00e9 Presidente di Giuria di questa edizione, \u00e8 il poeta Franco Arminio (foto) poeta scrittore e regista\u201d, comunica con soddisfazione l\u2019assessore alla cultura di Borgo Valbelluna Monica Frapporti. Tema del bando di concorso \u201cDietro il paesaggio\u201d ovvero il titolo della prima raccolta di poesie (Mondadori, 1951) del grande poeta veneto Andrea Zanzotto. Il bando del premio letterario nazionale \u201cTrichiana paese del Libro\u201d \u00e8 reperibile sul sito istituzionale borgovalbelluna.bl.it<\/p>\n<p>&nbsp;<\/p>\n<p>&nbsp;<\/p>\n<hr \/>\n<p>&nbsp;<\/p>\n<blockquote>\n<h3>CAMMINANATURALMENTE DI MARZO 2022<\/h3>\n<\/blockquote>\n<p><strong><a class=\"dt-pswp-item\" href=\"https:\/\/www.radiopiu.net\/wordpress\/wp-content\/uploads\/2022\/02\/Immagine2.jpg\" data-dt-img-description=\"\" data-large_image_width=\"1043\" data-large_image_height=\"783\"><img loading=\"lazy\" decoding=\"async\" class=\" wp-image-261639 alignleft\" src=\"https:\/\/www.radiopiu.net\/wordpress\/wp-content\/uploads\/2022\/02\/Immagine2-300x225.jpg\" alt=\"\" width=\"163\" height=\"122\" srcset=\"https:\/\/www.radiopiu.net\/wordpress\/wp-content\/uploads\/2022\/02\/Immagine2-300x225.jpg 300w, https:\/\/www.radiopiu.net\/wordpress\/wp-content\/uploads\/2022\/02\/Immagine2-1024x769.jpg 1024w, https:\/\/www.radiopiu.net\/wordpress\/wp-content\/uploads\/2022\/02\/Immagine2-768x577.jpg 768w, https:\/\/www.radiopiu.net\/wordpress\/wp-content\/uploads\/2022\/02\/Immagine2.jpg 1043w\" sizes=\"auto, (max-width: 163px) 100vw, 163px\" \/><\/a> <\/strong><\/p>\n<p><strong>\u00a0<\/strong><\/p>\n<p><strong>BELLUNO <\/strong>La Biblioteca civica di Belluno organizza Itinerari naturalistici ed ambientali con Anacleto Boranga: Sabato 5 marzo 2022 \u2013 BOSCO DELLE CASTAGNE \u2013 suggestioni e ricordi Il Bosco delle Castagne si trova su un\u2019altura isolata che offre un panorama a 360\u00b0 sui monti della Val Belluna e dell\u2019Alpago. Sabato 12 marzo 2022 \u2013 LE ANTICHE ROGGE LUNGO IL CORDEVOLE Un fitto reticolo di canali si diramava, lungo le sponde del Cordevole, per ricavare dallo scorrere dell\u2019acqua l\u2019 energia motrice per il funzionamento di una numerosa serie di opifici. che costituivano un polo preindustriale presente gi\u00e0 nel medioevo. Prenotazione obbligatoria presso la sede della Biblioteca civica di Belluno oppure al tel. 0437 948093, o inviando una e-mail a biblioteca@comune.belluno.it entro il giorno precedente l\u2019escursione, fino ad un massimo di 30 partecipanti per ogni escursione. Nel caso di brutto tempo l\u2019escursione verr\u00e0 annullata o rimandata a data da destinarsi. Eventuali informazioni al tel 340 876 9665 (Anacleto).<\/p>\n<p>&nbsp;<\/p>\n<p>&nbsp;<\/p>\n<hr \/>\n<p>&nbsp;<\/p>\n<blockquote>\n<h3>L&#8217;UFFICIO PRO LOCO DI CANALE D&#8217;AGORDO CHIUDE A MARZO<\/h3>\n<\/blockquote>\n<p><strong>CANALE D&#8217;AGORDO <\/strong>L&#8217;ufficio pro loco a marzo rimarr\u00e0 CHIUSO, mentre il Museo Albino Luciani apre SU RICHIESTA per <b>gruppi<\/b> di almeno 10 persone con preavviso di almeno un giorno. Per necessit\u00e0 ed urgenze contattare il numero 04371948001 oppure via mail a <a title=\"mailto:info@prolococanale.it\" href=\"mailto:info@prolococanale.it\">info@prolococanale.it<\/a> e <a title=\"mailto:info@fondazionepapaluciani.com\" href=\"mailto:info@fondazionepapaluciani.com\">info@fondazionepapaluciani.com<\/a>.<\/p>\n<p>&nbsp;<\/p>\n<p>&nbsp;<\/p>\n<hr \/>\n<p>&nbsp;<\/p>\n<blockquote>\n<h3>DUE APPUNTAMENTI CON IL GAMP<\/h3>\n<\/blockquote>\n<p><strong>AGORDO <\/strong>Sono due gli appuntamenti con il Gamp nelle prossime settimane. Sabato 5 marzo alle 17 in Sala Don Tamis ad Agordo l&#8217;assemblea annuale dei soci, domenica 13 marzo \u00e8 in programma una gita a Bologna in occasione del Bologna Mineral Show con partenza da Agordo. Per prenotazioni e info scrivere o telefonare al 3400890160 Manuel Conedera (presidente) o 3884955756 Davide Conedera (segretario) o via e-mail a info@agordogampdolomiti.it<\/p>\n<p>&nbsp;<\/p>\n<p>&nbsp;<\/p>\n<hr \/>\n<p>&nbsp;<\/p>\n<blockquote>\n<h3>PATTINAGGIO LIBERO\u00a0 AL PALAGHIACCIO DI ALLEGHE<\/h3>\n<\/blockquote>\n<p><strong>ALLEGHE <\/strong>Anche questa settimana il Palaghiaccio Alvise De Toni sar\u00e0 aperto per il pattinaggio libero. Stasera l&#8217;Ice Disco Dance con DJ Jack dalle 21 alle 23. le altre aperture: domani dalle 16:30 alle 18:30, venerd\u00ec dalle 21 alle 23, sabato dalle 16:30 alle 18:30 e dalle 21 alle 23 e domenica dalle 14:30 alle 16:30.<\/p>\n<p>&nbsp;<\/p>\n<hr \/>\n<p>&nbsp;<\/p>\n<blockquote>\n<h3>L\u2019 ASSOCIAZIONE \u201cLE MUSE E LE DOLOMITI\u201d FESTEGGIA DIECI ANNI DI ATTIVITA\u2019 CON UNA NUOVA PROPOSTA FORMATIVA<\/h3>\n<\/blockquote>\n<p style=\"text-align: center;\" align=\"justify\"><span style=\"color: #000000;\"><span style=\"font-family: Helvetica, serif;\"><span style=\"font-size: small;\"><span style=\"color: #303030;\"><span style=\"font-family: Georgia, serif;\"><span style=\"font-size: medium;\"><span lang=\"it-IT\"><i>Parte il \u201cCorso collettivo di canto e teatro\u201d per bambini\/e e ragazzi\/e dai 6 anni in poi a Agordo, Cavalese, Moena e Vallada Agordina\u00a0<\/i><\/span><\/span><\/span><\/span><\/span><\/span><\/span><\/p>\n<p align=\"justify\"><span style=\"color: #000000;\"><span style=\"font-family: Helvetica, serif;\"><span style=\"font-size: small;\"><span style=\"color: #303030;\"><span style=\"font-family: Georgia, serif;\"><span style=\"font-size: medium;\"><span lang=\"it-IT\">Nel 2022 l<\/span><\/span><\/span><\/span><span style=\"color: #303030;\"><span style=\"font-family: Georgia, serif;\"><span style=\"font-size: medium;\"><span lang=\"ar-SA\">\u2019<\/span><\/span><\/span><\/span><span style=\"color: #303030;\"><span style=\"font-family: Georgia, serif;\"><span style=\"font-size: medium;\"><span lang=\"it-IT\">Associazione <\/span><\/span><\/span><\/span><span style=\"color: #303030;\"><span style=\"font-family: Georgia, serif;\"><span style=\"font-size: medium;\"><span lang=\"ar-SA\"><i>\u201c<\/i><\/span><\/span><\/span><\/span><span style=\"color: #303030;\"><span style=\"font-family: Georgia, serif;\"><span style=\"font-size: medium;\"><span lang=\"it-IT\"><i>Le Muse e le Dolomiti\u201d, <\/i><\/span><\/span><\/span><\/span><span style=\"color: #303030;\"><span style=\"font-family: Georgia, serif;\"><span style=\"font-size: medium;\"><span lang=\"it-IT\">punto di riferimento per la musica classica nelle Dolomiti, festeggia i suoi primi dieci anni di attivit\u00e0. Lo scopo dell\u2019associazione era ed \u00e8: <\/span><\/span><\/span><\/span><\/span><\/span><\/span><span style=\"color: #000000;\"><span style=\"color: #303030;\">\u201c<\/span><span style=\"font-family: Helvetica, serif;\"><span style=\"font-size: small;\"><span style=\"color: #303030;\"><span style=\"font-family: Georgia, serif;\"><span style=\"font-size: medium;\"><span lang=\"it-IT\">Valorizzare, attraverso la cultura e la formazione artistica, il territorio delle Dolomiti\u201d. <\/span><\/span><\/span><\/span><\/span><\/span><\/span><span style=\"color: #000000;\"><span style=\"font-family: Helvetica, serif;\"><span style=\"font-size: small;\"><span style=\"color: #454545;\"><span style=\"font-family: Georgia, serif;\"><span style=\"font-size: medium;\"><span lang=\"it-IT\">Per <a class=\"dt-pswp-item\" href=\"https:\/\/www.radiopiu.net\/wordpress\/wp-content\/uploads\/2022\/02\/hansel-e-gretel_1.jpg\" data-dt-img-description=\"\" data-large_image_width=\"2000\" data-large_image_height=\"1125\"><img loading=\"lazy\" decoding=\"async\" class=\"size-medium wp-image-262143 alignleft\" src=\"https:\/\/www.radiopiu.net\/wordpress\/wp-content\/uploads\/2022\/02\/hansel-e-gretel_1-300x169.jpg\" alt=\"\" width=\"300\" height=\"169\" srcset=\"https:\/\/www.radiopiu.net\/wordpress\/wp-content\/uploads\/2022\/02\/hansel-e-gretel_1-300x169.jpg 300w, https:\/\/www.radiopiu.net\/wordpress\/wp-content\/uploads\/2022\/02\/hansel-e-gretel_1-1024x576.jpg 1024w, https:\/\/www.radiopiu.net\/wordpress\/wp-content\/uploads\/2022\/02\/hansel-e-gretel_1-768x432.jpg 768w, https:\/\/www.radiopiu.net\/wordpress\/wp-content\/uploads\/2022\/02\/hansel-e-gretel_1-1536x864.jpg 1536w, https:\/\/www.radiopiu.net\/wordpress\/wp-content\/uploads\/2022\/02\/hansel-e-gretel_1.jpg 2000w\" sizes=\"auto, (max-width: 300px) 100vw, 300px\" \/><\/a>raggiungere questo scopo, l<\/span><\/span><\/span><\/span><span style=\"color: #454545;\"><span style=\"font-family: Georgia, serif;\"><span style=\"font-size: medium;\"><span lang=\"ar-SA\">\u2019<\/span><\/span><\/span><\/span><span style=\"color: #454545;\"><span style=\"font-family: Georgia, serif;\"><span style=\"font-size: medium;\"><span lang=\"it-IT\">Associazione \u201c<\/span><\/span><\/span><\/span><span style=\"color: #454545;\"><span style=\"font-family: Georgia, serif;\"><span style=\"font-size: medium;\"><span lang=\"it-IT\"><i>Le Muse e le Dolomiti<\/i><\/span><\/span><\/span><\/span><span style=\"color: #454545;\"><span style=\"font-family: Georgia, serif;\"><span style=\"font-size: medium;\"><span lang=\"it-IT\">\u201d punta particolarmente su due tipi di attivit\u00e0. La prima \u00e8 quella di organizzare concerti e spettacoli; la seconda, di offrire occasioni formative al territorio.<a class=\"dt-pswp-item\" href=\"https:\/\/www.radiopiu.net\/wordpress\/wp-content\/uploads\/2022\/02\/hansel-e-gretel_2.jpg\" data-dt-img-description=\"\" data-large_image_width=\"1500\" data-large_image_height=\"844\"><img loading=\"lazy\" decoding=\"async\" class=\"size-medium wp-image-262144 alignright\" src=\"https:\/\/www.radiopiu.net\/wordpress\/wp-content\/uploads\/2022\/02\/hansel-e-gretel_2-300x169.jpg\" alt=\"\" width=\"300\" height=\"169\" srcset=\"https:\/\/www.radiopiu.net\/wordpress\/wp-content\/uploads\/2022\/02\/hansel-e-gretel_2-300x169.jpg 300w, https:\/\/www.radiopiu.net\/wordpress\/wp-content\/uploads\/2022\/02\/hansel-e-gretel_2-1024x576.jpg 1024w, https:\/\/www.radiopiu.net\/wordpress\/wp-content\/uploads\/2022\/02\/hansel-e-gretel_2-768x432.jpg 768w, https:\/\/www.radiopiu.net\/wordpress\/wp-content\/uploads\/2022\/02\/hansel-e-gretel_2.jpg 1500w\" sizes=\"auto, (max-width: 300px) 100vw, 300px\" \/><\/a> <\/span><\/span><\/span><\/span><\/span><\/span><\/span><span style=\"font-size: small; font-family: Helvetica, serif; color: #454545;\"><span style=\"font-family: Georgia, serif;\"><span style=\"font-size: medium;\"><span lang=\"it-IT\">I due progetti si danno forza a vicenda: insieme formano un ponte tra il mondo amatoriale e il mondo professionale. In quest<\/span><\/span><\/span><\/span><span style=\"font-size: small; font-family: Helvetica, serif; color: #454545;\"><span style=\"font-family: Georgia, serif;\"><span style=\"font-size: medium;\"><span lang=\"ar-SA\">\u2019<\/span><\/span><\/span><\/span><span style=\"font-size: small; font-family: Helvetica, serif; color: #454545;\"><span style=\"font-family: Georgia, serif;\"><span style=\"font-size: medium;\"><span lang=\"it-IT\">ottica lo scorso autunno in Agordino \u00e8 stato lanciato un corso collettivo di canto e teatro per bambini\/e e ragazzi\/e dai 6 anni in poi con due sedi a Agordo e a Vallada Agordina.<\/span><\/span><\/span><\/span><\/p>\n<p align=\"justify\"><span style=\"color: #000000;\"><span style=\"font-family: Helvetica, serif;\"><span style=\"font-size: small;\"><span style=\"color: #454545;\"><span style=\"font-family: Georgia, serif;\"><span style=\"font-size: medium;\"><span lang=\"it-IT\">A marzo, saranno (ri)aperte le iscrizioni per questo corso anche nelle Valli di Fiemme e Fassa, con due nuove sedi a Moena e a Cavalese. <\/span><\/span><\/span><\/span><\/span><\/span><\/span><span style=\"color: #000000;\"><span style=\"font-family: Helvetica, serif;\"><span style=\"font-size: small;\"><span style=\"color: #454545;\"><span style=\"font-family: Georgia, serif;\"><span style=\"font-size: medium;\"><span lang=\"it-IT\">La Maestra del corso \u00e8 Oda Zoe Hochscheid, mezzosoprano, che per 13 anni \u00e8 stata docente e direttrice artistica del coro di voci bianche di Amsterdam, un\u2019eccellenza in Europa, diventato famoso in occasione dell\u2019incoronazione dell\u2019attuale Re Willem-Alexander. <\/span><\/span><\/span><\/span><\/span><\/span><\/span><span style=\"font-size: small; font-family: Helvetica, serif; color: #454545;\"><span style=\"font-family: Georgia, serif;\"><span style=\"font-size: medium;\"><span lang=\"it-IT\">Oda Zoe, ora residente nelle Dolomiti e presidente de <\/span><\/span><\/span><\/span><span style=\"font-size: small; font-family: Helvetica, serif; color: #454545;\"><span style=\"font-family: Georgia, serif;\"><span style=\"font-size: medium;\"><span lang=\"it-IT\"><i>\u201cLe Muse e le Dolomiti\u201d<\/i><\/span><\/span><\/span><\/span><span style=\"font-size: small; font-family: Helvetica, serif; color: #454545;\"><span style=\"font-family: Georgia, serif;\"><span style=\"font-size: medium;\"><span lang=\"it-IT\"> afferma: <\/span><\/span><\/span><\/span><span style=\"font-size: small; font-family: Helvetica, serif; color: #454545;\"><span style=\"font-family: Georgia, serif;\"><span style=\"font-size: medium;\"><span lang=\"ar-SA\">\u201c<\/span><\/span><\/span><\/span><span style=\"font-size: small; font-family: Helvetica, serif; color: #454545;\"><span style=\"font-family: Georgia, serif;\"><span style=\"font-size: medium;\"><span lang=\"it-IT\">Credo che cantare con bambini e giovani sia uno dei modi pi\u00f9 puri di fare musica.\u201d <\/span><\/span><\/span><\/span><span style=\"color: #000000;\"><span style=\"font-family: Helvetica, serif;\"><span style=\"font-size: small;\"><span style=\"color: #454545;\"><span style=\"font-family: Georgia, serif;\"><span style=\"font-size: medium;\"><span lang=\"it-IT\">Il progetto gode del patrocinio dei Comuni di Agordo, Cavalese, Moena e Vallada Agordina. Oda Zoe Hochscheid ringrazia tutti i Comuni coinvolti per aver creduto in questo progetto, che per la popolazione giovane del territorio non sar\u00e0 solo importante per la crescita artistica, ma rappresenter\u00e0 anche un progetto inclusivo e sociale.<\/span><\/span><\/span><\/span><\/span><\/span><\/span><\/p>\n<p align=\"justify\"><span style=\"color: #000000;\"><span style=\"font-family: Helvetica, serif;\"><span style=\"font-size: small;\"><span style=\"color: #454545;\"><span style=\"font-family: Georgia, serif;\"><span style=\"font-size: medium;\"><span lang=\"it-IT\">L<\/span><\/span><\/span><\/span><span style=\"color: #454545;\"><span style=\"font-family: Georgia, serif;\"><span style=\"font-size: medium;\"><span lang=\"ar-SA\">\u2019<\/span><\/span><\/span><\/span><span style=\"color: #454545;\"><span style=\"font-family: Georgia, serif;\"><span style=\"font-size: medium;\"><span lang=\"it-IT\">ambizione futura di questo nuovo corso, che mette insieme le due arti di musica e teatro, cos\u00ec come fa la Lirica, \u00e8 infatti di unire bambini e bambine del<\/span><\/span><\/span><\/span><span style=\"color: #454545;\"><span style=\"font-family: Georgia, serif;\"><span style=\"font-size: medium;\"><span lang=\"fr-FR\">le<\/span><\/span><\/span><\/span><span style=\"color: #454545;\"><span style=\"font-family: Georgia, serif;\"><span style=\"font-size: medium;\"><span lang=\"it-IT\"> quattro sedi del corso in un coro di voci bianche <\/span><\/span><\/span><\/span><span style=\"color: #454545;\"><span style=\"font-family: Georgia, serif;\"><span style=\"font-size: medium;\"><span lang=\"ar-SA\">\u201c<\/span><\/span><\/span><\/span><span style=\"color: #454545;\"><span style=\"font-family: Georgia, serif;\"><span style=\"font-size: medium;\"><span lang=\"it-IT\">dolomitico\u201d interregionale. <\/span><\/span><\/span><\/span><\/span><\/span><\/span><span style=\"font-size: medium; font-family: Georgia, serif; color: #454545;\">Oltre a rappresentare un\u2019offerta formativa artistica del tutto nuova per il territorio, \u00e8 anche un progetto con un forte scopo sociale: cantando in coro si impara a stare insieme e ad ascoltarsi, meglio ancora se si uniscono varie vallate in un coro interregionale. <\/span><span style=\"color: #000000;\"><span style=\"font-family: Helvetica, serif;\"><span style=\"font-size: small;\"><span style=\"color: #454545;\"><span style=\"font-family: Georgia, serif;\"><span style=\"font-size: medium;\"><span lang=\"it-IT\">L\u2019 Associazione \u201c<\/span><\/span><\/span><\/span><span style=\"color: #303030;\"><span style=\"font-family: Georgia, serif;\"><span style=\"font-size: medium;\"><span lang=\"it-IT\"><i>Le Muse e le Dolomiti\u201d<\/i><\/span><\/span><\/span><\/span><span style=\"color: #454545;\"><span style=\"font-family: Georgia, serif;\"><span style=\"font-size: medium;\"><span lang=\"it-IT\"> sta inoltre preparando la decima rassegna estiva concertistica ricca di appuntamenti; come sempre si punter\u00e0 sulla qualit\u00e0 pi\u00f9 <\/span><\/span><\/span><\/span><span style=\"color: #454545;\"><span style=\"font-family: Georgia, serif;\"><span style=\"font-size: medium;\"><span lang=\"es-ES-u-co-trad\">alta<\/span><\/span><\/span><\/span><span style=\"color: #454545;\"><span style=\"font-family: Georgia, serif;\"><span style=\"font-size: medium;\"><span lang=\"it-IT\"> e sar\u00e0 di respiro internazionale, perch\u00e9 il territorio se lo merita. <\/span><\/span><\/span><\/span><\/span><\/span><\/span><span style=\"font-size: medium; font-family: Georgia, serif; color: #454545;\">Tra qualche mese seguiranno dunque ulteriori notizie relative alla \u201cFesta dei Dieci Anni\u201d con altre importanti iniziative che coinvolgeranno tra l\u2019altro il Teatro Navalge di Moena. <\/span><span style=\"color: #000000;\"><span style=\"font-family: Helvetica, serif;\"><span style=\"font-size: small;\"><span style=\"color: #454545;\"><span style=\"font-family: Georgia, serif;\"><span style=\"font-size: medium;\"><span lang=\"it-IT\"><i>Tutte le info sul corso si trovano <\/i><\/span><\/span><\/span><\/span><\/span><\/span><\/span><span style=\"color: #000000;\"><span style=\"font-family: Helvetica, serif;\"><span style=\"font-size: small;\"><span style=\"color: #454545;\"><span style=\"font-family: Georgia, serif;\"><span style=\"font-size: medium;\"><span lang=\"it-IT\"><i>su www.musedolomiti.it<\/i><\/span><\/span><\/span><\/span><\/span><\/span><\/span><\/p>\n<p>&nbsp;<\/p>\n<p>&nbsp;<\/p>\n<hr \/>\n<p>&nbsp;<\/p>\n<blockquote>\n<h3>FRANA DI CROLLO, MARZO 2002 A LE VIZZE-TORRENTE MISSIAGA<\/h3>\n<\/blockquote>\n<p><strong>di\u00a0 TIZIANO DE COL<\/strong><\/p>\n<p><strong>LA VALLE<\/strong> In questi giorni di febbraio 2022 la nostra attenzione \u00e8 stata attratta dalla grande frana di crollo che si \u00e8 staccata nella gola dei Castei, in Comune di Rivamonte. Considerando che la \u201cbase\u201d della Protezione Civile debba essere la conoscenza , da parte della popolazione abitante, dei pericoli e\/o dei rischi ai quali potrebbe incorrere, giova sicuramente ricordare cosa accadde giusto 20 anni orsono a La Valle, nel bacino del torrente Missiaga. Il mattino del 2 marzo 2002 in paese a La Valle ci si accorse che il torrente Missiaga si era intorbidito e risalendo lungo la strada del Passo Dur\u00e0n, la quale costeggia il Missiaga per circa 3 km a monte del paese, notai, in localit\u00e0 Le Vizze, un grosso distacco per crollo, in sinistra orografica del torrente Missiaga . La base del crollo, in alveo, era a circa 970 mslm mentre la testa era a circa 1090 mslm con un dislivello di circa 120 m, una inclinazione di circa 50 gradi ed un fronte di circa 60 metri. Il fatto strano era che l\u2019inverno in corso era stato si freddo, ma particolarmente siccitoso e la zona non presentava attivit\u00e0 sorgive se non debolissime e sporadiche, quindi, il crollo non era neanche imputabile a precipitazioni elevate o a disgeli repentini. Forse il differenziale termico giorno\/notte di inizio primavera poteva aver collaborato, ma, in quel periodo stagionale, la frana era esposta al sole solo dal tardo pomeriggio essendo a nord, quindi neanche questo non poteva essere considerato come fattore scatenante. Restava come ipotesi , la perdita di coesione progressiva tra strati e il collassamento degli strati alla base per erosione progressiva da parte del torrente. Il materiale ostru\u00ec parzialmente il corso del torrente Missiaga.<br \/>\nQuesto evento fu rilevato dalla Regione Veneto e registrato nel Progetto IFFI (Inventario dei Fenomeni Franosi in Italia) , in seguito inserito nel Piano di Assetto stralcio Idrogeologico (PAI) e poi portato come un caso rappresentativo di frana per crollo con parziale intasamento dell\u2019alveo torrentizio. L\u2019evento franoso fu censito, sempre dalla Regione Veneto, all\u2019interno del Progetto Interreg denominato \u201cCATCHRISK\u201d nel 2004. Il fenomeno fu descritto come \u201cscivolamento traslativo\u201d. La massa stimata della frana di crollo venne descritta dai tecnici preposti, come formata da \u201cBlocchi lapidei lastriformi, ciottoli e ghiaia\u201d (velocit\u00e0 di crollo stimata come rapida), profondit\u00e0 di scivolamento 5 m, area interessata 8000 mq e volume della massa collassata di circa 40000 mc Strutturalmente si tratta di strati (Formazione di Livinallongo) fortemente inclinati a franappoggio verso l\u2019alveo del torrente Missiaga che hanno ceduto di colpo . In quella zona, non molti anni prima era stato eseguito dai proprietari un taglio culturale del bosco di abeti che vi insisteva e quindi anche gli strati sottostanti dovevano risultare alleggeriti e comunque nessuno aveva riscontrato tracce di lesioni superficiali che avessero potuto far pensare ad un cedimento repentino. Durante l\u2019alluvione del 1966 era \u201cscivolato a valle\u201d il bosco posto a circa 50 metri a sud della zona in questione, senza per\u00f2 interessare il substrato roccioso il quale era rimasto spoglio e consisteva in una lunga \u201clasta\u201d molto pendente, liscia e completamente spoglia. La vegetazione con il materiale franato aveva ostruito l\u2019alveo del Missiaga in pieno evento alluvionale e il rilascio dello sbarramento cre\u00f2 un effetto \u201cdomino\u201d a valle della frana, dissestando ulteriormente l\u2019alveo a monte e all\u2019interno del paese di La Valle. Questa frana di scivolamento del 1966 dovrebbe anche far ragionare sul carico massimo di vegetazione sostenibile dai versanti che approcciano, direttamente o nelle vicinanze, di alvei torrentizi o impluvi e che possono creare grossi problemi di frana nel caso di piogge molto abbondati che indeboliscono la tenuta dei versanti gravati anche da un grosso carico di vegetazione con apparati radicali non molto strutturati, come sono gli abeti.<\/p>\n<p><strong>Immagini Regione Veneto_Progetto IFFI_Workshop 2007<\/strong><\/p>\n\n\t\t\t<style type='text\/css'>\n\t\t\t\t#gallery-8 {\n\t\t\t\t\tmargin: auto;\n\t\t\t\t}\n\t\t\t\t#gallery-8 .gallery-item {\n\t\t\t\t\tfloat: left;\n\t\t\t\t\tmargin-top: 10px;\n\t\t\t\t\ttext-align: center;\n\t\t\t\t\twidth: 33%;\n\t\t\t\t}\n\t\t\t\t#gallery-8 img {\n\t\t\t\t\tborder: 2px solid #cfcfcf;\n\t\t\t\t}\n\t\t\t\t#gallery-8 .gallery-caption {\n\t\t\t\t\tmargin-left: 0;\n\t\t\t\t}\n\t\t\t\t\/* see gallery_shortcode() in wp-includes\/media.php *\/\n\t\t\t<\/style>\n\t\t<div id='gallery-8' class='dt-gallery-container gallery galleryid-261979 gallery-columns-3 gallery-size-thumbnail'><dl class='gallery-item'>\n\t\t\t\t<dt class='gallery-icon landscape'>\n\t\t\t\t\t<a class=\"rollover rollover-zoom dt-pswp-item\" title=\"Immagine Regione Veneto_Progetto IFFI_Workshop 2007_1\" data-dt-img-description=\"\" data-large_image_width=\"471\" data-large_image_height=\"377\"href='https:\/\/www.radiopiu.net\/wordpress\/wp-content\/uploads\/2022\/02\/Immagine-Regione-Veneto_Progetto-IFFI_Workshop-2007_1.jpg'><img loading=\"lazy\" decoding=\"async\" width=\"150\" height=\"150\" src=\"https:\/\/www.radiopiu.net\/wordpress\/wp-content\/uploads\/2022\/02\/Immagine-Regione-Veneto_Progetto-IFFI_Workshop-2007_1-150x150.jpg\" class=\"attachment-thumbnail size-thumbnail\" alt=\"\" \/><\/a>\n\t\t\t\t<\/dt><\/dl><dl class='gallery-item'>\n\t\t\t\t<dt class='gallery-icon portrait'>\n\t\t\t\t\t<a class=\"rollover rollover-zoom dt-pswp-item\" title=\"Immagine Regione Veneto_Progetto IFFI_Workshop 2007_3\" data-dt-img-description=\"\" data-large_image_width=\"446\" data-large_image_height=\"487\"href='https:\/\/www.radiopiu.net\/wordpress\/wp-content\/uploads\/2022\/02\/Immagine-Regione-Veneto_Progetto-IFFI_Workshop-2007_3.jpg'><img loading=\"lazy\" decoding=\"async\" width=\"150\" height=\"150\" src=\"https:\/\/www.radiopiu.net\/wordpress\/wp-content\/uploads\/2022\/02\/Immagine-Regione-Veneto_Progetto-IFFI_Workshop-2007_3-150x150.jpg\" class=\"attachment-thumbnail size-thumbnail\" alt=\"Regione-Veneto_Progetto-IFFI_Workshop-2007\" \/><\/a>\n\t\t\t\t<\/dt><\/dl><dl class='gallery-item'>\n\t\t\t\t<dt class='gallery-icon landscape'>\n\t\t\t\t\t<a class=\"rollover rollover-zoom dt-pswp-item\" title=\"Immagine Regione Veneto_Progetto IFFI_Workshop 2007_2\" data-dt-img-description=\"\" data-large_image_width=\"464\" data-large_image_height=\"338\"href='https:\/\/www.radiopiu.net\/wordpress\/wp-content\/uploads\/2022\/02\/Immagine-Regione-Veneto_Progetto-IFFI_Workshop-2007_2.jpg'><img loading=\"lazy\" decoding=\"async\" width=\"150\" height=\"150\" src=\"https:\/\/www.radiopiu.net\/wordpress\/wp-content\/uploads\/2022\/02\/Immagine-Regione-Veneto_Progetto-IFFI_Workshop-2007_2-150x150.jpg\" class=\"attachment-thumbnail size-thumbnail\" alt=\"\" \/><\/a>\n\t\t\t\t<\/dt><\/dl><br style=\"clear: both\" \/>\n\t\t\t<\/div>\n\n<p>&nbsp;<\/p>\n<p>&nbsp;<\/p>\n<p>&nbsp;<\/p>\n<hr \/>\n<blockquote>\n<h3><\/h3>\n<h3>MEZZO SECOLO FA A SALCE VEDEVA LA LUCE L\u2019ASSOCIAZIONE ASSISTENZA AGLI AMMALATI<\/h3>\n<\/blockquote>\n<p><strong>di RENATO BONA<\/strong><\/p>\n<p>Angelo Carlin di Salce, Giovani Tibolla di Marisiga, il parroco don Gioacchino Belli. Sono questi i benemeriti promotori-protagonisti, cinquant\u2019anni fa, della nascita a Salce, ridente frazione bellunese, dell\u2019Associazione parrocchiale per l\u2019assistenza volontaria ad ammalati bisognosi, identificata con la semplice sigla Avaab poi ridotta ad Avab. In occasione del ventennale del sodalizio, il maestro Mario Dell\u2019Eva, che fu tra i primi ad aderirvi, diede alle stampe con la bellunese tipografia Bongioanni, proprio nel ricordo degli ideatori e fondatori Carlin-Tibolla-Belli nonch\u00e9 dei presidenti (il primo fu proprio Tibolla, quindi Luigi Capraro poi Remigio Piccolin) e di tutti i soci deceduti, un libretto modesto nella forma ma preziosissimo nella sostanza perch\u00e9 ribadiva il detto di San Paolo: \u201cE\u2019 pi\u00f9 bello dare che ricevere\u201d ma soprattutto perch\u00e9 &#8211; lo scriveva proprio Dell\u2019Eva &#8211; \u201c\u2026 abbiamo voluto qualcosa di scritto che resti e documenti tale benemerita attivit\u00e0 a favore della collettivit\u00e0\u201d. Una pubblicazione &#8211; va detto &#8211; che viene data a tutte le famiglie della Parrocchia di San Bartolomeo perch\u00e9 &#8211; si legge &#8211; riteniamo giusto e doveroso che tutti si rendano conto della nostra esistenza, delle nostre possibilit\u00e0 di intervento e di tutte le attivit\u00e0 che vengono svolte con dedizione, altruismo, entusiasmo e sacrificio personale\u201d. E\u2019 giusto anche ricordare che il volontariato si \u00e8 tradotto in svariate migliaia di ore di assistenza, oltre a quelle prestate a favore degli anziani ispiri degli alloggi della Scuola materna, ricevendo &#8211; come si legge nel sito parrocchiale vari riconoscimenti: i pi\u00f9 importanti il \u201cPremio di Natale 1979\u201d consegnato dalla famiglia Arrigoni in memori del dott. Enrico, ed il Premio della bont\u00e0 \u201cPapa Luciani\u201d consegnato dal Vescovo mons. Ducoli il 6 febbraio 1983. Aggiungiamo che oggi, oltre agli scopi per i quali \u00e8 nata l\u2019Associazione, i volontari si dedicano anche alla pulizia dei locali delle Opere parrocchiali e all\u2019assistenza di persone in difficolt\u00e0 varie. Nel suo saluto con parole di profonda gratitudine, il parroco del tempo, don Tarcisio Piccolin scriveva fra l\u2019altro di essere rimasto incantato di fronte alla realt\u00e0 dell\u2019Avab di Salce \u201cche ho imparato a conoscere ed a \u2018copiare\u2019 gi\u00e0 una dozzina d\u2019anni fa quand\u2019ero ancora a Cadola. Una delle \u2018perle\u2019, fra tutte una delle pi\u00f9 belle, che ho trovato quando sono stato chiamato in questa Parrocchia\u201d. Restando al libretto di Dell\u2019Eva, non va trascurato, anzi, il capitolo \u201cProfilo dei fondatori\u201d in cui l\u2019autore, ricorda i laici Carlin e Tibolla che \u201cspinti ed animati da un comune spirito di altruismo di socialit\u00e0 vecchio stampo che sembrava quasi scomparsa, ebbero una tale idea filantropica, loro che per natura erano sempre inclini allo scherzo, al buon umore, e si rivolsero al parroco Gioacchino Belli trovando una porta spalancata\u201d. ANGELO CARLIN. Nato a Salce nel 1905 lavor\u00f2 fin da giovane nell\u2019arte muraria. Nel 1935 allo scoppio della guerra d\u2019Abissinia vennero convogliati nell\u2019Africa orientale, oltre ai militari, anche lavoratori adibiti in particolare alla costruzione o sistemazione di strade. Carlin part\u00ec volontario. La permanenza fu pi\u00f9 lunga del previsto causa la seconda guerra mondiale. Da prigioniero quasi libero venne adibito alla costruzione di una sontuosa residenza del Negus. Solo nel 1948, dopo 13 anni, il rimpatrio. Il nostro trov\u00f2 lavoro alla Sade, poi Enel; ebbe tre figli e fu, fra l\u2019altro, capofrazione, incarico che svolse con passione e scrupolo. Si spense a Salce il 24 novembre 1987. GIOVANNI TIBOLLA. Nato a Sedico nel 1913 da una famiglia non certo facoltosa, svolse il servizio militare a Belluno nel 5. Reggimento artiglieria da montagna e quindi ottenne di essere trasferito in Abissinia per essere vicino ad un compare di Montebelluna, fortemente preoccupato ed avvilito, \u201cdimostrandosi animato da altruismo e cameratismo\u201d; con la sconfitta del Negus giunse il momento del rimpatrio; venne poi esonerato nella seconda guerra in quanto mobilitato con le Ferrovie dello Stato. La sua famiglia era composta dalla moglie Marinella e dai figli Giorgio e Renata (quest\u2019ultima cognata di chi stende queste note, in quanto sposa di Sandro Bona, mio fratello &#8211; ndr.). \u201cNani\u201d fece parte del Gruppo di Salce dell\u2019Associazione Alpini. Mor\u00ec il 9 gennaio 1974, due anni dopo la costituzione dell\u2019Avam. DON GIOACCHINO BELLI. Nacque a San Vito di Cadore nel 1921 da una famiglia numerosa che diede alla Chiesa lui ed il fratello Giovanni, missionario in Brasile. Dopo esperienze pastorali a Castion ed Auronzo fu parroco di Salce dal 1950 e per quasi 40 anni, fino alla scomparsa il 26 febbraio 1990. Dedic\u00f2 molte energie al miglior funzionamento della Scuola materna e fu valido sostenitore dell\u2019erezione di un monumento ai Caduti e della costruzione della Cappella cimiteriale con i loculi per ospitare le salme dei sacerdoti di Salce. Fu apprezzato docente di religione all\u2019istituto commerciale \u201cCalvi\u201d e fece parte del Tribunale diocesano per l\u2019istruttoria delle pratiche per annullamenti di matrimonio.<\/p>\n\n\t\t\t<style type='text\/css'>\n\t\t\t\t#gallery-9 {\n\t\t\t\t\tmargin: auto;\n\t\t\t\t}\n\t\t\t\t#gallery-9 .gallery-item {\n\t\t\t\t\tfloat: left;\n\t\t\t\t\tmargin-top: 10px;\n\t\t\t\t\ttext-align: center;\n\t\t\t\t\twidth: 20%;\n\t\t\t\t}\n\t\t\t\t#gallery-9 img {\n\t\t\t\t\tborder: 2px solid #cfcfcf;\n\t\t\t\t}\n\t\t\t\t#gallery-9 .gallery-caption {\n\t\t\t\t\tmargin-left: 0;\n\t\t\t\t}\n\t\t\t\t\/* see gallery_shortcode() in wp-includes\/media.php *\/\n\t\t\t<\/style>\n\t\t<div id='gallery-9' class='dt-gallery-container gallery galleryid-261979 gallery-columns-5 gallery-size-thumbnail'><dl class='gallery-item'>\n\t\t\t\t<dt class='gallery-icon portrait'>\n\t\t\t\t\t<a class=\"rollover rollover-zoom dt-pswp-item\" title=\"274006041_1348286348926646_5190712931019103902_n\" data-dt-img-description=\"\" data-large_image_width=\"155\" data-large_image_height=\"260\"href='https:\/\/www.radiopiu.net\/wordpress\/wp-content\/uploads\/2022\/02\/274006041_1348286348926646_5190712931019103902_n.jpg'><img loading=\"lazy\" decoding=\"async\" width=\"150\" height=\"150\" src=\"https:\/\/www.radiopiu.net\/wordpress\/wp-content\/uploads\/2022\/02\/274006041_1348286348926646_5190712931019103902_n-150x150.jpg\" class=\"attachment-thumbnail size-thumbnail\" alt=\"\" \/><\/a>\n\t\t\t\t<\/dt><\/dl><dl class='gallery-item'>\n\t\t\t\t<dt class='gallery-icon portrait'>\n\t\t\t\t\t<a class=\"rollover rollover-zoom dt-pswp-item\" title=\"274314671_1131170644324475_3294769538109283219_n\" data-dt-img-description=\"\" data-large_image_width=\"154\" data-large_image_height=\"296\"href='https:\/\/www.radiopiu.net\/wordpress\/wp-content\/uploads\/2022\/02\/274314671_1131170644324475_3294769538109283219_n.jpg'><img loading=\"lazy\" decoding=\"async\" width=\"150\" height=\"150\" src=\"https:\/\/www.radiopiu.net\/wordpress\/wp-content\/uploads\/2022\/02\/274314671_1131170644324475_3294769538109283219_n-150x150.jpg\" class=\"attachment-thumbnail size-thumbnail\" alt=\"\" \/><\/a>\n\t\t\t\t<\/dt><\/dl><dl class='gallery-item'>\n\t\t\t\t<dt class='gallery-icon portrait'>\n\t\t\t\t\t<a class=\"rollover rollover-zoom dt-pswp-item\" title=\"274798322_5395630790466403_7391916234684574276_n\" data-dt-img-description=\"\" data-large_image_width=\"151\" data-large_image_height=\"225\"href='https:\/\/www.radiopiu.net\/wordpress\/wp-content\/uploads\/2022\/02\/274798322_5395630790466403_7391916234684574276_n.jpg'><img loading=\"lazy\" decoding=\"async\" width=\"150\" height=\"150\" src=\"https:\/\/www.radiopiu.net\/wordpress\/wp-content\/uploads\/2022\/02\/274798322_5395630790466403_7391916234684574276_n-150x150.jpg\" class=\"attachment-thumbnail size-thumbnail\" alt=\"\" \/><\/a>\n\t\t\t\t<\/dt><\/dl><dl class='gallery-item'>\n\t\t\t\t<dt class='gallery-icon portrait'>\n\t\t\t\t\t<a class=\"rollover rollover-zoom dt-pswp-item\" title=\"274509640_650658396053589_6141795807552785810_n\" data-dt-img-description=\"\" data-large_image_width=\"152\" data-large_image_height=\"225\"href='https:\/\/www.radiopiu.net\/wordpress\/wp-content\/uploads\/2022\/02\/274509640_650658396053589_6141795807552785810_n.jpg'><img loading=\"lazy\" decoding=\"async\" width=\"150\" height=\"150\" src=\"https:\/\/www.radiopiu.net\/wordpress\/wp-content\/uploads\/2022\/02\/274509640_650658396053589_6141795807552785810_n-150x150.jpg\" class=\"attachment-thumbnail size-thumbnail\" alt=\"\" \/><\/a>\n\t\t\t\t<\/dt><\/dl><dl class='gallery-item'>\n\t\t\t\t<dt class='gallery-icon portrait'>\n\t\t\t\t\t<a class=\"rollover rollover-zoom dt-pswp-item\" title=\"274594755_952977895358044_2770844444314407097_n\" data-dt-img-description=\"\" data-large_image_width=\"158\" data-large_image_height=\"240\"href='https:\/\/www.radiopiu.net\/wordpress\/wp-content\/uploads\/2022\/02\/274594755_952977895358044_2770844444314407097_n.jpg'><img loading=\"lazy\" decoding=\"async\" width=\"150\" height=\"150\" src=\"https:\/\/www.radiopiu.net\/wordpress\/wp-content\/uploads\/2022\/02\/274594755_952977895358044_2770844444314407097_n-150x150.jpg\" class=\"attachment-thumbnail size-thumbnail\" alt=\"\" \/><\/a>\n\t\t\t\t<\/dt><\/dl><br style=\"clear: both\" \/><dl class='gallery-item'>\n\t\t\t\t<dt class='gallery-icon portrait'>\n\t\t\t\t\t<a class=\"rollover rollover-zoom dt-pswp-item\" title=\"274589690_493602732428890_2388001399114980934_n\" data-dt-img-description=\"\" data-large_image_width=\"173\" data-large_image_height=\"201\"href='https:\/\/www.radiopiu.net\/wordpress\/wp-content\/uploads\/2022\/02\/274589690_493602732428890_2388001399114980934_n.jpg'><img loading=\"lazy\" decoding=\"async\" width=\"150\" height=\"150\" src=\"https:\/\/www.radiopiu.net\/wordpress\/wp-content\/uploads\/2022\/02\/274589690_493602732428890_2388001399114980934_n-150x150.jpg\" class=\"attachment-thumbnail size-thumbnail\" alt=\"\" \/><\/a>\n\t\t\t\t<\/dt><\/dl><dl class='gallery-item'>\n\t\t\t\t<dt class='gallery-icon portrait'>\n\t\t\t\t\t<a class=\"rollover rollover-zoom dt-pswp-item\" title=\"274605732_263140629317983_1523060135189677792_n\" data-dt-img-description=\"\" data-large_image_width=\"160\" data-large_image_height=\"200\"href='https:\/\/www.radiopiu.net\/wordpress\/wp-content\/uploads\/2022\/02\/274605732_263140629317983_1523060135189677792_n.jpg'><img loading=\"lazy\" decoding=\"async\" width=\"150\" height=\"150\" src=\"https:\/\/www.radiopiu.net\/wordpress\/wp-content\/uploads\/2022\/02\/274605732_263140629317983_1523060135189677792_n-150x150.jpg\" class=\"attachment-thumbnail size-thumbnail\" alt=\"\" \/><\/a>\n\t\t\t\t<\/dt><\/dl><dl class='gallery-item'>\n\t\t\t\t<dt class='gallery-icon landscape'>\n\t\t\t\t\t<a class=\"rollover rollover-zoom dt-pswp-item\" title=\"274424620_369792845065799_916717137312349397_n\" data-dt-img-description=\"\" data-large_image_width=\"504\" data-large_image_height=\"206\"href='https:\/\/www.radiopiu.net\/wordpress\/wp-content\/uploads\/2022\/02\/274424620_369792845065799_916717137312349397_n.jpg'><img loading=\"lazy\" decoding=\"async\" width=\"150\" height=\"150\" src=\"https:\/\/www.radiopiu.net\/wordpress\/wp-content\/uploads\/2022\/02\/274424620_369792845065799_916717137312349397_n-150x150.jpg\" class=\"attachment-thumbnail size-thumbnail\" alt=\"\" \/><\/a>\n\t\t\t\t<\/dt><\/dl><dl class='gallery-item'>\n\t\t\t\t<dt class='gallery-icon landscape'>\n\t\t\t\t\t<a class=\"rollover rollover-zoom dt-pswp-item\" title=\"274320095_936689007035707_8108219880528752995_n\" data-dt-img-description=\"\" data-large_image_width=\"366\" data-large_image_height=\"206\"href='https:\/\/www.radiopiu.net\/wordpress\/wp-content\/uploads\/2022\/02\/274320095_936689007035707_8108219880528752995_n.jpg'><img loading=\"lazy\" decoding=\"async\" width=\"150\" height=\"150\" src=\"https:\/\/www.radiopiu.net\/wordpress\/wp-content\/uploads\/2022\/02\/274320095_936689007035707_8108219880528752995_n-150x150.jpg\" class=\"attachment-thumbnail size-thumbnail\" alt=\"\" \/><\/a>\n\t\t\t\t<\/dt><\/dl><dl class='gallery-item'>\n\t\t\t\t<dt class='gallery-icon landscape'>\n\t\t\t\t\t<a class=\"rollover rollover-zoom dt-pswp-item\" title=\"274008771_350761193616734_5562409449103714154_n\" data-dt-img-description=\"\" data-large_image_width=\"275\" data-large_image_height=\"206\"href='https:\/\/www.radiopiu.net\/wordpress\/wp-content\/uploads\/2022\/02\/274008771_350761193616734_5562409449103714154_n-1.jpg'><img loading=\"lazy\" decoding=\"async\" width=\"150\" height=\"150\" src=\"https:\/\/www.radiopiu.net\/wordpress\/wp-content\/uploads\/2022\/02\/274008771_350761193616734_5562409449103714154_n-1-150x150.jpg\" class=\"attachment-thumbnail size-thumbnail\" alt=\"\" \/><\/a>\n\t\t\t\t<\/dt><\/dl><br style=\"clear: both\" \/>\n\t\t\t<\/div>\n\n<p>NELLE FOTO (sito della Parrocchia di Salce e riproduzioni dal libretto di Mario Dell\u2019Eva): la copertina della pubblicazione; un disegno del campanile di Salce; Angelo Carlin; Giovanni Tibolla; don Gioacchino Belli; Luigi Capraro; Remigio Piccolin; vecchia foto-ricordo per i volontari assistenza ammalati di Salce; una panoramica della frazione con in primo piano la parrocchiale; volontari ad una cerimonia religiosa.<\/p>\n<p>&nbsp;<\/p>\n<hr \/>\n<p>&nbsp;<\/p>\n<h2><span style=\"color: #ff0000;\">IERI ALLA RADIO\u00a0<\/span><\/h2>\n<h2><span style=\"color: #808000;\">ALLO ZERO TERMICO: FABRIZIO PESCOSTA DALL&#8217;AGRITURISMO PICCOLA BAITA<\/span><\/h2>\n<blockquote><p><em class=\"photoswipe-wrapper\"><a class=\"dt-pswp-item\" href=\"https:\/\/www.radiopiu.net\/wordpress\/wp-content\/uploads\/2020\/05\/PICCOLA-BAITA-FALCADE.jpg\" data-dt-img-description=\"\" data-large_image_width=\"2048\" data-large_image_height=\"1152\"><img loading=\"lazy\" decoding=\"async\" class=\"wp-image-140191 alignleft\" src=\"https:\/\/www.radiopiu.net\/wordpress\/wp-content\/uploads\/2020\/05\/PICCOLA-BAITA-FALCADE-300x169.jpg\" alt=\"\" width=\"204\" height=\"115\" srcset=\"https:\/\/www.radiopiu.net\/wordpress\/wp-content\/uploads\/2020\/05\/PICCOLA-BAITA-FALCADE-300x169.jpg 300w, https:\/\/www.radiopiu.net\/wordpress\/wp-content\/uploads\/2020\/05\/PICCOLA-BAITA-FALCADE-1024x576.jpg 1024w, https:\/\/www.radiopiu.net\/wordpress\/wp-content\/uploads\/2020\/05\/PICCOLA-BAITA-FALCADE-768x432.jpg 768w, https:\/\/www.radiopiu.net\/wordpress\/wp-content\/uploads\/2020\/05\/PICCOLA-BAITA-FALCADE-1536x864.jpg 1536w, https:\/\/www.radiopiu.net\/wordpress\/wp-content\/uploads\/2020\/05\/PICCOLA-BAITA-FALCADE.jpg 2048w\" sizes=\"auto, (max-width: 204px) 100vw, 204px\" \/><\/a>ZERO TERMICO E\u2019 UN VIAGGIO ALLA SCOPERTA DEL NOSTRO TERRITORIO, DALLA VOCE DEI PROTAGONISTI. TURISMO, SPORT, EVENTI, CULTURA, INTRATTENIMENTO. DAL LUNEDI\u2019 AL VENERDI ALLE 15.10 ALLE 20.30. ZERO TERMICO. UN APPUNTAMENTO IN COLLABORAZIONE CON: SPORT 203. LA NATURALE PORTA D\u2019INGRESSO\u2026.VERSO LO ZERO TERMICO. LOCALITA\u2019 LE CAMPE STRADA AGORDO BELLUNO. ABBIGLIAMENTO E ATTREZZATURA\u2026.DEDICATI A CHI AMA LA MONTAGNA.<\/em><\/p><\/blockquote>\n<p><strong>di Claudio Fontanive<\/strong><\/p>\n<p>OSPITE: Fabrizio Pescosta, Presidente Agriturismi Coldiretti Belluno<\/p>\n<audio class=\"wp-audio-shortcode\" id=\"audio-261979-7\" preload=\"none\" style=\"width: 100%;\" controls=\"controls\"><source type=\"audio\/mpeg\" src=\"https:\/\/www.radiopiu.net\/wordpress\/wp-content\/uploads\/2022\/02\/fabrizio-pescosta-28-febbraio.mp3?_=7\" \/><a href=\"https:\/\/www.radiopiu.net\/wordpress\/wp-content\/uploads\/2022\/02\/fabrizio-pescosta-28-febbraio.mp3\">https:\/\/www.radiopiu.net\/wordpress\/wp-content\/uploads\/2022\/02\/fabrizio-pescosta-28-febbraio.mp3<\/a><\/audio>\n<p>&nbsp;<\/p>\n<hr \/>\n<p>&nbsp;<\/p>\n<h2><span style=\"color: #008080;\">SALUTE &amp; SOCIETA&#8217;<\/span><\/h2>\n<p><strong><a class=\"dt-pswp-item\" href=\"https:\/\/www.radiopiu.net\/wordpress\/wp-content\/uploads\/2022\/02\/ca20d0f1-115a-093c-d87c-512714cea83a.jpg\" data-dt-img-description=\"\" data-large_image_width=\"800\" data-large_image_height=\"445\"><img loading=\"lazy\" decoding=\"async\" class=\"size-medium wp-image-262071 alignleft\" src=\"https:\/\/www.radiopiu.net\/wordpress\/wp-content\/uploads\/2022\/02\/ca20d0f1-115a-093c-d87c-512714cea83a-300x167.jpg\" alt=\"\" width=\"300\" height=\"167\" srcset=\"https:\/\/www.radiopiu.net\/wordpress\/wp-content\/uploads\/2022\/02\/ca20d0f1-115a-093c-d87c-512714cea83a-300x167.jpg 300w, https:\/\/www.radiopiu.net\/wordpress\/wp-content\/uploads\/2022\/02\/ca20d0f1-115a-093c-d87c-512714cea83a-768x427.jpg 768w, https:\/\/www.radiopiu.net\/wordpress\/wp-content\/uploads\/2022\/02\/ca20d0f1-115a-093c-d87c-512714cea83a.jpg 800w\" sizes=\"auto, (max-width: 300px) 100vw, 300px\" \/><\/a>PUNTATA DEL 28 FEBBRAIO 2022<\/strong><\/p>\n<p>Algodistrofia: cause e sintomi L\u2019algodistrofia \u00e8 una patologia le cui cause non sono ancora pienamente comprese. E&#8217; accompagnata da dolore forte, bruciante, alle mani o ai piedi, che non trova sollievo e che cronicizza portando il paziente a perdere le speranze di una possibile via di uscita. Pre-ipertensione\u00a0Quando la pressione arteriosa massima si trova fra 130 e 139 mmHg e la minima tra 85 e 89 mmHg si parla di Pre-ipertensione o pressione normale-alta. In questa condizione \u00e8 fondamentale modificare il proprio stile di vita, da oggi un aiuto arriva dalla nutraceutica..<\/p>\n<audio class=\"wp-audio-shortcode\" id=\"audio-261979-8\" preload=\"none\" style=\"width: 100%;\" controls=\"controls\"><source type=\"audio\/mpeg\" src=\"https:\/\/www.radiopiu.net\/wordpress\/wp-content\/uploads\/2022\/02\/SALUTE-3.mp3?_=8\" \/><a href=\"https:\/\/www.radiopiu.net\/wordpress\/wp-content\/uploads\/2022\/02\/SALUTE-3.mp3\">https:\/\/www.radiopiu.net\/wordpress\/wp-content\/uploads\/2022\/02\/SALUTE-3.mp3<\/a><\/audio>\n<p>&nbsp;<\/p>\n<p><strong>LA RACCOLTA<\/strong><\/p>\n<blockquote class=\"wp-embedded-content\" data-secret=\"6XF7yl1Hs6\"><p><a href=\"https:\/\/www.radiopiu.net\/wordpress\/saluteesocieta\/\">Salute e Societ\u00e0<\/a><\/p><\/blockquote>\n<p><iframe loading=\"lazy\" class=\"wp-embedded-content\" sandbox=\"allow-scripts\" security=\"restricted\" style=\"position: absolute; clip: rect(1px, 1px, 1px, 1px);\" title=\"&#8220;Salute e Societ\u00e0&#8221; &#8212; Radio Pi\u00f9\" src=\"https:\/\/www.radiopiu.net\/wordpress\/saluteesocieta\/embed\/#?secret=6XF7yl1Hs6\" data-secret=\"6XF7yl1Hs6\" width=\"600\" height=\"338\" frameborder=\"0\" marginwidth=\"0\" marginheight=\"0\" scrolling=\"no\"><\/iframe><\/p>\n<p>&nbsp;<\/p>\n<hr \/>\n<p>&nbsp;<\/p>\n<p><strong>TUTTI I LUNEDI ALLE 10,30 E 1900, LA DOMENICA ALLE 8 007 IN CONDOTTA, LA SCUOLA CON LA PROF. MARIA ROSA SALMAZO E CLAUDIO FONTANIVE, IN PODCAST TUTTE LE PUNTATE DELLE ULTIME STAGIONI.<\/strong><\/p>\n<p><strong>PUNTATA DEL 28 FEBBRAIO 2022<\/strong><\/p>\n<audio class=\"wp-audio-shortcode\" id=\"audio-261979-9\" preload=\"none\" style=\"width: 100%;\" controls=\"controls\"><source type=\"audio\/mpeg\" src=\"https:\/\/www.radiopiu.net\/wordpress\/wp-content\/uploads\/2022\/02\/007-28-febbraio.mp3?_=9\" \/><a href=\"https:\/\/www.radiopiu.net\/wordpress\/wp-content\/uploads\/2022\/02\/007-28-febbraio.mp3\">https:\/\/www.radiopiu.net\/wordpress\/wp-content\/uploads\/2022\/02\/007-28-febbraio.mp3<\/a><\/audio>\n<p>&nbsp;<\/p>\n<blockquote class=\"wp-embedded-content\" data-secret=\"PM5lKn8ow4\"><p><a href=\"https:\/\/www.radiopiu.net\/wordpress\/007incondotta-9\/\">007 in condotta<\/a><\/p><\/blockquote>\n<p><iframe loading=\"lazy\" class=\"wp-embedded-content\" sandbox=\"allow-scripts\" security=\"restricted\" style=\"position: absolute; clip: rect(1px, 1px, 1px, 1px);\" title=\"&#8220;007 in condotta&#8221; &#8212; Radio Pi\u00f9\" src=\"https:\/\/www.radiopiu.net\/wordpress\/007incondotta-9\/embed\/#?secret=PM5lKn8ow4\" data-secret=\"PM5lKn8ow4\" width=\"600\" height=\"338\" frameborder=\"0\" marginwidth=\"0\" marginheight=\"0\" scrolling=\"no\"><\/iframe><\/p>\n<p>&nbsp;<\/p>\n<hr \/>\n<p>&nbsp;<\/p>\n<p>&nbsp;<\/p>\n<p>https:\/\/www.radiopiu.net\/wordpress\/raccoltaso1\/<\/p>\n<p>&nbsp;<\/p>\n<hr \/>\n<p>&nbsp;<\/p>\n<div>\n<div class=\"b654a4as d2edcug0\">\n<div class=\"rq0escxv hkbzh7o3 jwdofwj8 n8tt0mok r8blr3vg hyh9befq\">\n<p><a class=\"dt-pswp-item\" href=\"https:\/\/www.radiopiu.net\/wordpress\/wp-content\/uploads\/2020\/10\/pp.jpg\" data-dt-img-description=\"\" data-large_image_width=\"640\" data-large_image_height=\"640\"><img loading=\"lazy\" decoding=\"async\" class=\"wp-image-163678 alignleft\" src=\"https:\/\/www.radiopiu.net\/wordpress\/wp-content\/uploads\/2020\/10\/pp-300x300.jpg\" alt=\"\" width=\"106\" height=\"106\" srcset=\"https:\/\/www.radiopiu.net\/wordpress\/wp-content\/uploads\/2020\/10\/pp-300x300.jpg 300w, https:\/\/www.radiopiu.net\/wordpress\/wp-content\/uploads\/2020\/10\/pp-150x150.jpg 150w, https:\/\/www.radiopiu.net\/wordpress\/wp-content\/uploads\/2020\/10\/pp-125x125.jpg 125w, https:\/\/www.radiopiu.net\/wordpress\/wp-content\/uploads\/2020\/10\/pp-200x200.jpg 200w, https:\/\/www.radiopiu.net\/wordpress\/wp-content\/uploads\/2020\/10\/pp-80x80.jpg 80w, https:\/\/www.radiopiu.net\/wordpress\/wp-content\/uploads\/2020\/10\/pp-480x480.jpg 480w, https:\/\/www.radiopiu.net\/wordpress\/wp-content\/uploads\/2020\/10\/pp.jpg 640w\" sizes=\"auto, (max-width: 106px) 100vw, 106px\" \/><\/a><\/p>\n<\/div>\n<\/div>\n<\/div>\n<div>\n<div class=\"page-title-head hgroup\">\n<div class=\"page-title-head hgroup\">\n<div class=\"b654a4as d2edcug0\">\n<div class=\"j83agx80 btwxx1t3 lhclo0ds hop8lmos nkwizq5d scwd0bx6 roh60bw9\">\n<div class=\"rq0escxv hkbzh7o3 jwdofwj8 n8tt0mok r8blr3vg hyh9befq\">\n<div class=\"do00u71z l9j0dhe7 k4urcfbm\">\n<h2><span style=\"color: #000080;\">\u00a0<\/span><span style=\"color: #000080;\">DON CESARE, IL PENSIERO DEL GIORNO. ALLA RADIO ALLE 7 DEL MATTINO E ALLE 19.30 DELLA SERA.\u00a0<\/span><\/h2>\n<audio class=\"wp-audio-shortcode\" id=\"audio-261979-10\" preload=\"none\" style=\"width: 100%;\" controls=\"controls\"><source type=\"audio\/mpeg\" src=\"https:\/\/www.radiopiu.net\/wordpress\/wp-content\/uploads\/2022\/03\/cesare.mp3?_=10\" \/><a href=\"https:\/\/www.radiopiu.net\/wordpress\/wp-content\/uploads\/2022\/03\/cesare.mp3\">https:\/\/www.radiopiu.net\/wordpress\/wp-content\/uploads\/2022\/03\/cesare.mp3<\/a><\/audio>\n<\/div>\n<\/div>\n<\/div>\n<\/div>\n<\/div>\n<\/div>\n<\/div>\n<p>&nbsp;<\/p>\n<p>&nbsp;<\/p>\n<hr \/>\n<p>&nbsp;<\/p>\n<h3 class=\"kvgmc6g5 cxmmr5t8 oygrvhab hcukyx3x c1et5uql\"><span style=\"color: #0000ff;\"><strong>INFORMAZIONE il canale su TELEGRAM informazione di prima mano e in tempo reale. iscriviti ed aiutaci a farlo conoscere\u00a0\u00a0<\/strong><\/span><\/h3>\n<p>&nbsp;<\/p>\n<p>&nbsp;<\/p>\n<hr \/>\n<p>&nbsp;<\/p>\n<div class=\"do00u71z l9j0dhe7 k4urcfbm\">\n<div class=\"page-title-head hgroup\">\n<div class=\"page-title-head hgroup\">\n<div class=\"b654a4as d2edcug0\">\n<div class=\"j83agx80 btwxx1t3 lhclo0ds hop8lmos nkwizq5d scwd0bx6 roh60bw9\">\n<div class=\"rq0escxv hkbzh7o3 jwdofwj8 n8tt0mok r8blr3vg hyh9befq\">\n<div class=\"do00u71z l9j0dhe7 k4urcfbm\">\n<div class=\"page-title-head hgroup\">\n<div class=\"page-title-head hgroup\">\n<div class=\"b654a4as d2edcug0\">\n<div class=\"j83agx80 btwxx1t3 lhclo0ds hop8lmos nkwizq5d scwd0bx6 roh60bw9\">\n<div class=\"rq0escxv hkbzh7o3 jwdofwj8 n8tt0mok r8blr3vg hyh9befq\">\n<div class=\"do00u71z l9j0dhe7 k4urcfbm\">\n<div class=\"ecm0bbzt e5nlhep0 a8c37x1j\">\n<div class=\"kvgmc6g5 cxmmr5t8 oygrvhab hcukyx3x c1et5uql\">\n<div class=\"gmail-kvgmc6g5 gmail-cxmmr5t8 gmail-oygrvhab gmail-hcukyx3x gmail-c1et5uql gmail-ii04i59q\">\n<div class=\"page-title-head hgroup\">\n<div class=\"page-title-head hgroup\">\n<div class=\"b654a4as d2edcug0\">\n<div class=\"j83agx80 btwxx1t3 lhclo0ds hop8lmos nkwizq5d scwd0bx6 roh60bw9\">\n<div class=\"rq0escxv hkbzh7o3 jwdofwj8 n8tt0mok r8blr3vg hyh9befq\">\n<div class=\"do00u71z l9j0dhe7 k4urcfbm\">\n<div class=\"page-title-head hgroup\">\n<div class=\"page-title-head hgroup\">\n<div class=\"b654a4as d2edcug0\">\n<div class=\"j83agx80 btwxx1t3 lhclo0ds hop8lmos nkwizq5d scwd0bx6 roh60bw9\">\n<div class=\"rq0escxv hkbzh7o3 jwdofwj8 n8tt0mok r8blr3vg hyh9befq\">\n<div class=\"do00u71z l9j0dhe7 k4urcfbm\">\n<div class=\"page-title-head hgroup\">\n<div class=\"page-title-head hgroup\">\n<div class=\"b654a4as d2edcug0\">\n<div class=\"j83agx80 btwxx1t3 lhclo0ds hop8lmos nkwizq5d scwd0bx6 roh60bw9\">\n<div class=\"rq0escxv hkbzh7o3 jwdofwj8 n8tt0mok r8blr3vg hyh9befq\">\n<div class=\"do00u71z l9j0dhe7 k4urcfbm\">\n<div class=\"ecm0bbzt e5nlhep0 a8c37x1j\">\n<div class=\"kvgmc6g5 cxmmr5t8 oygrvhab hcukyx3x c1et5uql\">\n<div class=\"gmail-kvgmc6g5 gmail-cxmmr5t8 gmail-oygrvhab gmail-hcukyx3x gmail-c1et5uql gmail-ii04i59q\">\n<div class=\"page-title-head hgroup\">\n<div class=\"page-title-head hgroup\">\n<div class=\"b654a4as d2edcug0\">\n<div class=\"j83agx80 btwxx1t3 lhclo0ds hop8lmos nkwizq5d scwd0bx6 roh60bw9\">\n<div class=\"rq0escxv hkbzh7o3 jwdofwj8 n8tt0mok r8blr3vg hyh9befq\">\n<div class=\"do00u71z l9j0dhe7 k4urcfbm\">\n<blockquote>\n<h3><span style=\"color: #ff0000;\">IN VIVO VERSO, SETTIMA STAGIONE CON BRUNELLA MORO, DAL LUNEDI AL VENERDI ALLE 7.10, 10.10 E 18.50\u00a0\u00a0<\/span><\/h3>\n<\/blockquote>\n<h3>CENCENIGHE AGORDINO, 6 LUGLIO 2017 di NICOLA SCODRO<\/h3>\n<p><strong>audio<\/strong><\/p>\n<audio class=\"wp-audio-shortcode\" id=\"audio-261979-11\" preload=\"none\" style=\"width: 100%;\" controls=\"controls\"><source type=\"audio\/mpeg\" src=\"https:\/\/www.radiopiu.net\/wordpress\/wp-content\/uploads\/2022\/02\/01-cencenighe-nicola-scodro.mp3?_=11\" \/><a href=\"https:\/\/www.radiopiu.net\/wordpress\/wp-content\/uploads\/2022\/02\/01-cencenighe-nicola-scodro.mp3\">https:\/\/www.radiopiu.net\/wordpress\/wp-content\/uploads\/2022\/02\/01-cencenighe-nicola-scodro.mp3<\/a><\/audio>\n<p>&nbsp;<\/p>\n<p><strong><a class=\"dt-pswp-item\" href=\"https:\/\/www.radiopiu.net\/wordpress\/wp-content\/uploads\/2022\/02\/1-NICOLA-SCODRO.jpg\" data-dt-img-description=\"\" data-large_image_width=\"580\" data-large_image_height=\"482\"><img loading=\"lazy\" decoding=\"async\" class=\"wp-image-262097 alignleft\" src=\"https:\/\/www.radiopiu.net\/wordpress\/wp-content\/uploads\/2022\/02\/1-NICOLA-SCODRO-300x249.jpg\" alt=\"\" width=\"137\" height=\"114\" srcset=\"https:\/\/www.radiopiu.net\/wordpress\/wp-content\/uploads\/2022\/02\/1-NICOLA-SCODRO-300x249.jpg 300w, https:\/\/www.radiopiu.net\/wordpress\/wp-content\/uploads\/2022\/02\/1-NICOLA-SCODRO.jpg 580w\" sizes=\"auto, (max-width: 137px) 100vw, 137px\" \/><\/a>Nicola Scodro<\/strong><\/p>\n<p>La luna \u00e8 alta,<br \/>\ndisco luminoso<br \/>\nmai quanto te<\/p>\n<p>Sei la salvezza<br \/>\nin una notte<br \/>\npopolata d&#8217;ombre<\/p>\n<p>Spettri non terreni<br \/>\nconquistano<br \/>\nil mio cuore<\/p>\n<p>Il terrore attende<br \/>\nsulla soglia<br \/>\nimmobile<\/p>\n<p><strong>LA RACCOLTA COMPLETA<\/strong><\/p>\n<p><strong> \u00a0<\/strong><\/p>\n<blockquote class=\"wp-embedded-content\" data-secret=\"l9H7lBttkk\"><p><a href=\"https:\/\/www.radiopiu.net\/wordpress\/in-vivo-verso\/\">In Vivo Verso<\/a><\/p><\/blockquote>\n<p><iframe loading=\"lazy\" class=\"wp-embedded-content\" sandbox=\"allow-scripts\" security=\"restricted\" style=\"position: absolute; clip: rect(1px, 1px, 1px, 1px);\" title=\"&#8220;In Vivo Verso&#8221; &#8212; Radio Pi\u00f9\" src=\"https:\/\/www.radiopiu.net\/wordpress\/in-vivo-verso\/embed\/#?secret=l9H7lBttkk\" data-secret=\"l9H7lBttkk\" width=\"600\" height=\"338\" frameborder=\"0\" marginwidth=\"0\" marginheight=\"0\" scrolling=\"no\"><\/iframe><\/p>\n<p>&nbsp;<\/p>\n<hr \/>\n<p>&nbsp;<\/p>\n<h2><span style=\"color: #808000;\">GOCCE DI FILOSOFIA<\/span><\/h2>\n<p><strong>PUNTATA 146<\/strong><\/p>\n<audio class=\"wp-audio-shortcode\" id=\"audio-261979-12\" preload=\"none\" style=\"width: 100%;\" controls=\"controls\"><source type=\"audio\/mpeg\" src=\"https:\/\/www.radiopiu.net\/wordpress\/wp-content\/uploads\/2022\/02\/FI1-4.mp3?_=12\" \/><a href=\"https:\/\/www.radiopiu.net\/wordpress\/wp-content\/uploads\/2022\/02\/FI1-4.mp3\">https:\/\/www.radiopiu.net\/wordpress\/wp-content\/uploads\/2022\/02\/FI1-4.mp3<\/a><\/audio>\n<p>&nbsp;<\/p>\n<p><strong>LA RACCOLTA COMPLETA<\/strong><\/p>\n<blockquote class=\"wp-embedded-content\" data-secret=\"I7QxnkX118\"><p><a href=\"https:\/\/www.radiopiu.net\/wordpress\/gocce-filosofia\/\">Gocce di filosofia, PRIMA E SECONDA STAGIONE 2022<\/a><\/p><\/blockquote>\n<p><iframe loading=\"lazy\" class=\"wp-embedded-content\" sandbox=\"allow-scripts\" security=\"restricted\" style=\"position: absolute; clip: rect(1px, 1px, 1px, 1px);\" title=\"&#8220;Gocce di filosofia, PRIMA E SECONDA STAGIONE 2022&#8221; &#8212; Radio Pi\u00f9\" src=\"https:\/\/www.radiopiu.net\/wordpress\/gocce-filosofia\/embed\/#?secret=I7QxnkX118\" data-secret=\"I7QxnkX118\" width=\"600\" height=\"338\" frameborder=\"0\" marginwidth=\"0\" marginheight=\"0\" scrolling=\"no\"><\/iframe><\/p>\n<p>&nbsp;<\/p>\n<p>&nbsp;<\/p>\n<hr \/>\n<p>&nbsp;<\/p>\n<p><span style=\"color: #0000ff;\">MUSICA PIU&#8217;\u00a0<\/span><\/p>\n<p><a href=\"https:\/\/www.radiopiu.net\/wordpress\/giornale-radiopiu-20-settembre-2021-direttore-mirko-mezzacasa\/pp-79\/\" rel=\"attachment wp-att-232921\"><img loading=\"lazy\" decoding=\"async\" class=\"wp-image-232921 alignleft\" src=\"https:\/\/www.radiopiu.net\/wordpress\/wp-content\/uploads\/2021\/09\/pp-1-300x300.jpg\" alt=\"\" width=\"135\" height=\"135\" srcset=\"https:\/\/www.radiopiu.net\/wordpress\/wp-content\/uploads\/2021\/09\/pp-1-300x300.jpg 300w, https:\/\/www.radiopiu.net\/wordpress\/wp-content\/uploads\/2021\/09\/pp-1-150x150.jpg 150w, https:\/\/www.radiopiu.net\/wordpress\/wp-content\/uploads\/2021\/09\/pp-1.jpg 640w\" sizes=\"auto, (max-width: 135px) 100vw, 135px\" \/><\/a><\/p>\n<div class=\"mkdf-post-text\">\n<div class=\"mkdf-post-text-inner\">\n<div class=\"mkdf-post-text-main\">\n<div class=\"mkdf-post-text\">\n<div class=\"mkdf-post-text-inner\">\n<div class=\"mkdf-post-text-main\">\n<div class=\"mkdf-post-text\">\n<div class=\"mkdf-post-text-inner\">\n<div class=\"mkdf-post-text-main\">\n<div class=\"page-title-head hgroup\">\n<div class=\"page-title-head hgroup\">\n<div class=\"mkdf-post-text\">\n<div class=\"mkdf-post-text-inner\">\n<div class=\"mkdf-post-text-main\">\n<div class=\"mkdf-post-text\">\n<div class=\"mkdf-post-text-inner\">\n<div class=\"mkdf-post-text-main\">\n<div class=\"page-title-head hgroup\">\n<div class=\"page-title-head hgroup\">\n<div class=\"page-title-head hgroup\">\n<div class=\"page-title-head hgroup\">\n<div class=\"b654a4as d2edcug0\">\n<div class=\"page-title-head hgroup\">\n<div class=\"page-title-head hgroup\">\n<div class=\"page-title-head hgroup\">\n<div class=\"page-title-head hgroup\">\n<div class=\"b654a4as d2edcug0\">\n<div class=\"page-title-head hgroup\">\n<div class=\"page-title-head hgroup\">\n<div class=\"page-title-head hgroup\">\n<div class=\"page-title-head hgroup\">\n<div class=\"b654a4as d2edcug0\">\n<div class=\"mkdf-post-text\">\n<div class=\"mkdf-post-text-inner\">\n<div class=\"mkdf-post-text-main\">\n<div class=\"mkdf-post-text\">\n<div class=\"mkdf-post-text-inner\">\n<div class=\"mkdf-post-text-main\">\n<div class=\"mkdf-post-text\">\n<div class=\"mkdf-post-text-inner\">\n<div class=\"mkdf-post-text-main\">\n<div class=\"page-title-head hgroup\">\n<div class=\"page-title-head hgroup\">\n<div class=\"mkdf-post-text\">\n<div class=\"mkdf-post-text-inner\">\n<div class=\"mkdf-post-text-main\">\n<div class=\"mkdf-post-text\">\n<div class=\"mkdf-post-text-inner\">\n<div class=\"mkdf-post-text-main\">\n<div class=\"page-title-head hgroup\">\n<div class=\"page-title-head hgroup\">\n<div class=\"page-title-head hgroup\">\n<div class=\"page-title-head hgroup\">\n<div class=\"b654a4as d2edcug0\">\n<div class=\"page-title-head hgroup\">\n<div class=\"page-title-head hgroup\">\n<div class=\"page-title-head hgroup\">\n<div class=\"page-title-head hgroup\">\n<div class=\"b654a4as d2edcug0\">\n<div class=\"page-title-head hgroup\">\n<div class=\"page-title-head hgroup\">\n<div class=\"page-title-head hgroup\">\n<div class=\"page-title-head hgroup\">\n<div class=\"b654a4as d2edcug0\">\n<div><\/div>\n<div><\/div>\n<div>\n<p><strong>MUSICA ALLA RADIO, IL PROGRAMMA DI LORIS SCUSSEL &#8220;COLLAGE OPERAZIONE NOSTALGIA&#8221; DAL LUNEDI AL VENERDI ALLE 16.00\u00a0 E ALLE 23\u00a0<\/strong><\/p>\n<\/div>\n<p>&nbsp;<\/p>\n<p><strong>PUNTATA 551 DEL 28 FEBBRAIO 2022<\/strong><\/p>\n<audio class=\"wp-audio-shortcode\" id=\"audio-261979-13\" preload=\"none\" style=\"width: 100%;\" controls=\"controls\"><source type=\"audio\/mpeg\" src=\"https:\/\/www.radiopiu.net\/wordpress\/wp-content\/uploads\/2022\/02\/Collage-551.mp3?_=13\" \/><a href=\"https:\/\/www.radiopiu.net\/wordpress\/wp-content\/uploads\/2022\/02\/Collage-551.mp3\">https:\/\/www.radiopiu.net\/wordpress\/wp-content\/uploads\/2022\/02\/Collage-551.mp3<\/a><\/audio>\n<p>&nbsp;<\/p>\n<p><strong><a class=\"dt-pswp-item\" href=\"https:\/\/www.radiopiu.net\/wordpress\/wp-content\/uploads\/2022\/02\/Battiato.jpg\" data-dt-img-description=\"\" data-large_image_width=\"719\" data-large_image_height=\"747\"><img loading=\"lazy\" decoding=\"async\" class=\" wp-image-261859 alignleft\" src=\"https:\/\/www.radiopiu.net\/wordpress\/wp-content\/uploads\/2022\/02\/Battiato-289x300.jpg\" alt=\"\" width=\"130\" height=\"135\" srcset=\"https:\/\/www.radiopiu.net\/wordpress\/wp-content\/uploads\/2022\/02\/Battiato-289x300.jpg 289w, https:\/\/www.radiopiu.net\/wordpress\/wp-content\/uploads\/2022\/02\/Battiato.jpg 719w\" sizes=\"auto, (max-width: 130px) 100vw, 130px\" \/><\/a>di Loris Scussel<\/strong><\/p>\n<p>Con la prossima settimana saranno pi\u00f9 di 3.000 i brani proposti da Collage nella consueta alternanza tra pezzi pi\u00f9 o meno celebri senza tralasciare quelli quasi dimenticati che il programma va ogni tanto a rispolverare, in particolare mercoled\u00ec proporremo una puntata dedicata al rock prog italiano dei primi anni 70 con un Battiato ispirato dalla musica sperimentale elettronica sulle orme del maestro Karlheinz Stockhausen. Il programma andr\u00e0 in onda dal luned\u00ec al venerd\u00ec alle 16,00 e alle 23,00.<\/p>\n<p>&nbsp;<\/p>\n<p>&nbsp;<\/p>\n<hr \/>\n<\/div>\n<\/div>\n<\/div>\n<\/div>\n<\/div>\n<\/div>\n<\/div>\n<\/div>\n<\/div>\n<\/div>\n<\/div>\n<\/div>\n<\/div>\n<\/div>\n<\/div>\n<\/div>\n<\/div>\n<\/div>\n<\/div>\n<\/div>\n<\/div>\n<\/div>\n<\/div>\n<\/div>\n<\/div>\n<\/div>\n<\/div>\n<\/div>\n<\/div>\n<\/div>\n<\/div>\n<\/div>\n<\/div>\n<\/div>\n<\/div>\n<\/div>\n<\/div>\n<\/div>\n<\/div>\n<\/div>\n<\/div>\n<\/div>\n<\/div>\n<\/div>\n<\/div>\n<\/div>\n<\/div>\n<\/div>\n<\/div>\n<\/div>\n<\/div>\n<\/div>\n<\/div>\n<\/div>\n<\/div>\n<\/div>\n<\/div>\n<\/div>\n<\/div>\n<\/div>\n<\/div>\n<\/div>\n<\/div>\n<\/div>\n<p>&nbsp;<\/p>\n<p>&nbsp;<\/p>\n<p>&nbsp;<\/p>\n<p>https:\/\/www.radiopiu.net\/wordpress\/freemix-la-liberta-musicale-mixata-da-dj-athos-e-raccontata-da-dj-jack\/<\/p>\n<p>&nbsp;<\/p>\n<blockquote class=\"wp-embedded-content\" data-secret=\"FEMcAx8klf\"><p><a href=\"https:\/\/www.radiopiu.net\/wordpress\/da-ieri-alla-radio-in-palinsesto-loris-e-maurizio-con-la-grande-musica\/\">IL BLUES ALLA RADIO &#8230; COME NON L&#8217;AVETE MAI SENTITO PRIMA<\/a><\/p><\/blockquote>\n<p><iframe loading=\"lazy\" class=\"wp-embedded-content\" sandbox=\"allow-scripts\" security=\"restricted\" style=\"position: absolute; clip: rect(1px, 1px, 1px, 1px);\" title=\"&#8220;IL BLUES ALLA RADIO &#8230; COME NON L&#8217;AVETE MAI SENTITO PRIMA&#8221; &#8212; Radio Pi\u00f9\" src=\"https:\/\/www.radiopiu.net\/wordpress\/da-ieri-alla-radio-in-palinsesto-loris-e-maurizio-con-la-grande-musica\/embed\/#?secret=FEMcAx8klf\" data-secret=\"FEMcAx8klf\" width=\"600\" height=\"338\" frameborder=\"0\" marginwidth=\"0\" marginheight=\"0\" scrolling=\"no\"><\/iframe><\/p>\n<p>&nbsp;<\/p>\n<hr \/>\n<p>&nbsp;<\/p>\n<blockquote>\n<h3><span style=\"color: #0000ff;\">INFORMAZIONE il canale su TELEGRAM informazione di prima mano e in tempo reale. iscriviti ed aiutaci a farlo conoscere\u00a0\u00a0<\/span><\/h3>\n<\/blockquote>\n<div>\n<div class=\"page-title-head hgroup\">\n<div class=\"page-title-head hgroup\">\n<div class=\"page-title-head hgroup\">\n<div class=\"page-title-head hgroup\">\n<div class=\"b654a4as d2edcug0\">\n<div class=\"page-title-head hgroup\">\n<div class=\"page-title-head hgroup\">\n<div class=\"page-title-head hgroup\">\n<div class=\"page-title-head hgroup\">\n<div class=\"b654a4as d2edcug0\">\n<div class=\"page-title-head hgroup\">\n<div class=\"page-title-head hgroup\">\n<div class=\"page-title-head hgroup\">\n<div class=\"page-title-head hgroup\">\n<div class=\"page-title-head hgroup\">\n<div class=\"page-title-head hgroup\">\n<div class=\"page-title-head hgroup\">\n<div class=\"page-title-head hgroup\">\n<div class=\"page-title-head hgroup\">\n<div class=\"b654a4as d2edcug0\">\n<div class=\"page-title-head hgroup\">\n<div class=\"page-title-head hgroup\">\n<div class=\"page-title-head hgroup\">\n<div class=\"page-title-head hgroup\">\n<div class=\"b654a4as d2edcug0\">\n<div>\n<p>&nbsp;<\/p>\n<\/div>\n<div>\n<div class=\"page-title-head hgroup\">\n<div class=\"page-title-head hgroup\">\n<div class=\"page-title-head hgroup\">\n<div class=\"page-title-head hgroup\">\n<div class=\"page-title-head hgroup\">\n<div class=\"b654a4as d2edcug0\">\n<div>\n<hr \/>\n<\/div>\n<\/div>\n<div>\n<div>\n<p>&nbsp;<\/p>\n<\/div>\n<div>\n<div>\n<p>&nbsp;<\/p>\n<\/div>\n<div>\n<div>\n<p><strong>DUE MINUTI UN LIBRO, TUTTI I GIORNI ALLA RADIO ALLE 9.40 E ALLE 17.50\u00a0<\/strong><\/p>\n<div>\n<div>\n<p><strong>LA RACCOLTA COMPLETA\u00a0\u00a0<\/strong><\/p>\n<\/div>\n<div>\n<blockquote class=\"wp-embedded-content\" data-secret=\"gDYyi0BZGU\"><p><a href=\"https:\/\/www.radiopiu.net\/wordpress\/due-minuti-un-libro\/\">Due minuti un libro<\/a><\/p><\/blockquote>\n<p><iframe loading=\"lazy\" class=\"wp-embedded-content\" sandbox=\"allow-scripts\" security=\"restricted\" style=\"position: absolute; clip: rect(1px, 1px, 1px, 1px);\" title=\"&#8220;Due minuti un libro&#8221; &#8212; Radio Pi\u00f9\" src=\"https:\/\/www.radiopiu.net\/wordpress\/due-minuti-un-libro\/embed\/#?secret=gDYyi0BZGU\" data-secret=\"gDYyi0BZGU\" width=\"600\" height=\"338\" frameborder=\"0\" marginwidth=\"0\" marginheight=\"0\" scrolling=\"no\"><\/iframe><\/p>\n<\/div>\n<\/div>\n<\/div>\n<div class=\"mkdf-post-text\">\n<div class=\"mkdf-post-text-inner\">\n<div class=\"mkdf-post-text-main\">\n<div class=\"mkdf-post-text\">\n<div class=\"mkdf-post-text-inner\">\n<div class=\"mkdf-post-text-main\">\n<div class=\"mkdf-post-text\">\n<div class=\"mkdf-post-text-inner\">\n<div class=\"mkdf-post-text-main\">\n<div class=\"page-title-head hgroup\">\n<div class=\"page-title-head hgroup\">\n<div class=\"mkdf-post-text\">\n<div class=\"mkdf-post-text-inner\">\n<div class=\"mkdf-post-text-main\">\n<div class=\"mkdf-post-text\">\n<div class=\"mkdf-post-text-inner\">\n<div class=\"mkdf-post-text-main\">\n<div class=\"page-title-head hgroup\">\n<div class=\"page-title-head hgroup\">\n<div class=\"page-title-head hgroup\">\n<div class=\"page-title-head hgroup\">\n<div class=\"b654a4as d2edcug0\">\n<div class=\"page-title-head hgroup\">\n<div class=\"page-title-head hgroup\">\n<div class=\"page-title-head hgroup\">\n<div class=\"page-title-head hgroup\">\n<div class=\"b654a4as d2edcug0\">\n<div class=\"page-title-head hgroup\">\n<div class=\"page-title-head hgroup\">\n<div class=\"page-title-head hgroup\">\n<div class=\"page-title-head hgroup\">\n<div class=\"b654a4as d2edcug0\">\n<div>\n<p>&nbsp;<\/p>\n<\/div>\n<div>\n<hr \/>\n<p>&nbsp;<\/p>\n<\/div>\n<h2><span style=\"color: #808000;\">L&#8217;ALMANACCO LADINO\u00a0\u00a0<\/span><\/h2>\n<p><strong>PUNTATA DEL 28 FEBBRAIO 2022<\/strong><\/p>\n<audio class=\"wp-audio-shortcode\" id=\"audio-261979-14\" preload=\"none\" style=\"width: 100%;\" controls=\"controls\"><source type=\"audio\/mpeg\" src=\"https:\/\/www.radiopiu.net\/wordpress\/wp-content\/uploads\/2022\/02\/78\u00b0Almanacco-Ladino_Fodom-1.mp3?_=14\" \/><a href=\"https:\/\/www.radiopiu.net\/wordpress\/wp-content\/uploads\/2022\/02\/78\u00b0Almanacco-Ladino_Fodom-1.mp3\">https:\/\/www.radiopiu.net\/wordpress\/wp-content\/uploads\/2022\/02\/78\u00b0Almanacco-Ladino_Fodom-1.mp3<\/a><\/audio>\n<p>&nbsp;<\/p>\n<p><strong>LA RACCOLTA<\/strong><\/p>\n<blockquote class=\"wp-embedded-content\" data-secret=\"zKOIbbHuHt\"><p><a href=\"https:\/\/www.radiopiu.net\/wordpress\/almanacco-ladino\/\">Almanacco Ladino<\/a><\/p><\/blockquote>\n<p><iframe loading=\"lazy\" class=\"wp-embedded-content\" sandbox=\"allow-scripts\" security=\"restricted\" style=\"position: absolute; clip: rect(1px, 1px, 1px, 1px);\" title=\"&#8220;Almanacco Ladino&#8221; &#8212; Radio Pi\u00f9\" src=\"https:\/\/www.radiopiu.net\/wordpress\/almanacco-ladino\/embed\/#?secret=zKOIbbHuHt\" data-secret=\"zKOIbbHuHt\" width=\"600\" height=\"338\" frameborder=\"0\" marginwidth=\"0\" marginheight=\"0\" scrolling=\"no\"><\/iframe><\/p>\n<p>&nbsp;<\/p>\n<hr \/>\n<p>&nbsp;<\/p>\n<h2><span style=\"color: #33cccc;\">LA RASSEGNA STAMPA DA L&#8217;AMICO DEL POPOLO<\/span><\/h2>\n<p><strong><a class=\"dt-pswp-item\" href=\"https:\/\/www.radiopiu.net\/wordpress\/wp-content\/uploads\/2022\/02\/Schermata-2022-02-26-alle-15.02.18.png\" data-dt-img-description=\"\" data-large_image_width=\"828\" data-large_image_height=\"604\"><img loading=\"lazy\" decoding=\"async\" class=\"size-medium wp-image-261767 alignleft\" src=\"https:\/\/www.radiopiu.net\/wordpress\/wp-content\/uploads\/2022\/02\/Schermata-2022-02-26-alle-15.02.18-300x219.png\" alt=\"\" width=\"300\" height=\"219\" srcset=\"https:\/\/www.radiopiu.net\/wordpress\/wp-content\/uploads\/2022\/02\/Schermata-2022-02-26-alle-15.02.18-300x219.png 300w, https:\/\/www.radiopiu.net\/wordpress\/wp-content\/uploads\/2022\/02\/Schermata-2022-02-26-alle-15.02.18-768x560.png 768w, https:\/\/www.radiopiu.net\/wordpress\/wp-content\/uploads\/2022\/02\/Schermata-2022-02-26-alle-15.02.18.png 828w\" sizes=\"auto, (max-width: 300px) 100vw, 300px\" \/><\/a>di Gianni Santomaso<\/strong><\/p>\n<p>OSPITE: Raffaele Crocco, giornalista TGR Rai Trento<\/p>\n<p>&nbsp;<\/p>\n<audio class=\"wp-audio-shortcode\" id=\"audio-261979-15\" preload=\"none\" style=\"width: 100%;\" controls=\"controls\"><source type=\"audio\/mpeg\" src=\"https:\/\/www.radiopiu.net\/wordpress\/wp-content\/uploads\/2022\/02\/RASSEGNA-GIANNI-5.mp3?_=15\" \/><a href=\"https:\/\/www.radiopiu.net\/wordpress\/wp-content\/uploads\/2022\/02\/RASSEGNA-GIANNI-5.mp3\">https:\/\/www.radiopiu.net\/wordpress\/wp-content\/uploads\/2022\/02\/RASSEGNA-GIANNI-5.mp3<\/a><\/audio>\n<p>&nbsp;<\/p>\n<p><strong>LA RACCOLTA COMPLETA<\/strong><\/p>\n<blockquote class=\"wp-embedded-content\" data-secret=\"nUkcOxocsH\"><p><a href=\"https:\/\/www.radiopiu.net\/wordpress\/rassegna-stampa-di-gianni-santomaso\/\">Rassegna stampa da l&#8217;amico del popolo &#8211; di Gianni Santomaso<\/a><\/p><\/blockquote>\n<p><iframe loading=\"lazy\" class=\"wp-embedded-content\" sandbox=\"allow-scripts\" security=\"restricted\" style=\"position: absolute; clip: rect(1px, 1px, 1px, 1px);\" title=\"&#8220;Rassegna stampa da l&#8217;amico del popolo &#8211; di Gianni Santomaso&#8221; &#8212; Radio Pi\u00f9\" src=\"https:\/\/www.radiopiu.net\/wordpress\/rassegna-stampa-di-gianni-santomaso\/embed\/#?secret=nUkcOxocsH\" data-secret=\"nUkcOxocsH\" width=\"600\" height=\"338\" frameborder=\"0\" marginwidth=\"0\" marginheight=\"0\" scrolling=\"no\"><\/iframe><\/p>\n<p>&nbsp;<\/p>\n<hr \/>\n<p>&nbsp;<\/p>\n<div>\n<div class=\"page-title-head hgroup\">\n<div class=\"page-title-head hgroup\">\n<div class=\"b654a4as d2edcug0\">\n<div class=\"j83agx80 btwxx1t3 lhclo0ds hop8lmos nkwizq5d scwd0bx6 roh60bw9\">\n<div class=\"rq0escxv hkbzh7o3 jwdofwj8 n8tt0mok r8blr3vg hyh9befq\">\n<div class=\"do00u71z l9j0dhe7 k4urcfbm\">\n<div class=\"ecm0bbzt e5nlhep0 a8c37x1j\">\n<div class=\"kvgmc6g5 cxmmr5t8 oygrvhab hcukyx3x c1et5uql\">\n<div class=\"gmail-kvgmc6g5 gmail-cxmmr5t8 gmail-oygrvhab gmail-hcukyx3x gmail-c1et5uql gmail-ii04i59q\">\n<div class=\"page-title-head hgroup\">\n<div class=\"page-title-head hgroup\">\n<div class=\"b654a4as d2edcug0\">\n<div class=\"j83agx80 btwxx1t3 lhclo0ds hop8lmos nkwizq5d scwd0bx6 roh60bw9\">\n<div class=\"rq0escxv hkbzh7o3 jwdofwj8 n8tt0mok r8blr3vg hyh9befq\">\n<div class=\"do00u71z l9j0dhe7 k4urcfbm\">\n<div>\n<div class=\"page-title-head hgroup\">\n<div class=\"page-title-head hgroup\">\n<div class=\"page-title-head hgroup\">\n<div class=\"page-title-head hgroup\">\n<div class=\"b654a4as d2edcug0\">\n<div class=\"page-title-head hgroup\">\n<div class=\"page-title-head hgroup\">\n<div class=\"page-title-head hgroup\">\n<div class=\"page-title-head hgroup\">\n<div class=\"b654a4as d2edcug0\">\n<div class=\"page-title-head hgroup\">\n<div class=\"page-title-head hgroup\">\n<div class=\"page-title-head hgroup\">\n<div class=\"page-title-head hgroup\">\n<div class=\"page-title-head hgroup\">\n<div class=\"page-title-head hgroup\">\n<div class=\"page-title-head hgroup\">\n<div class=\"page-title-head hgroup\">\n<div class=\"page-title-head hgroup\">\n<div class=\"b654a4as d2edcug0\">\n<div class=\"page-title-head hgroup\">\n<div class=\"page-title-head hgroup\">\n<div class=\"page-title-head hgroup\">\n<div class=\"page-title-head hgroup\">\n<div class=\"b654a4as d2edcug0\">\n<div>\n<div class=\"page-title-head hgroup\">\n<div class=\"page-title-head hgroup\">\n<div class=\"page-title-head hgroup\">\n<div class=\"page-title-head hgroup\">\n<div class=\"page-title-head hgroup\">\n<div>\n<div>\n<div>\n<div class=\"mkdf-post-text\">\n<div class=\"mkdf-post-text-inner\">\n<div class=\"mkdf-post-text-main\">\n<div class=\"mkdf-post-text\">\n<div class=\"mkdf-post-text-inner\">\n<div class=\"mkdf-post-text-main\">\n<div class=\"mkdf-post-text\">\n<div class=\"mkdf-post-text-inner\">\n<div class=\"mkdf-post-text-main\">\n<div class=\"page-title-head hgroup\">\n<div class=\"page-title-head hgroup\">\n<div class=\"mkdf-post-text\">\n<div class=\"mkdf-post-text-inner\">\n<div class=\"mkdf-post-text-main\">\n<div class=\"mkdf-post-text\">\n<div class=\"mkdf-post-text-inner\">\n<div class=\"mkdf-post-text-main\">\n<div class=\"page-title-head hgroup\">\n<div class=\"page-title-head hgroup\">\n<div class=\"page-title-head hgroup\">\n<div class=\"page-title-head hgroup\">\n<div class=\"b654a4as d2edcug0\">\n<div class=\"page-title-head hgroup\">\n<div class=\"page-title-head hgroup\">\n<div class=\"page-title-head hgroup\">\n<div class=\"page-title-head hgroup\">\n<div class=\"b654a4as d2edcug0\">\n<div class=\"page-title-head hgroup\">\n<div class=\"page-title-head hgroup\">\n<div class=\"page-title-head hgroup\">\n<div class=\"page-title-head hgroup\">\n<div class=\"b654a4as d2edcug0\">\n<p>&nbsp;<\/p>\n<h2><span style=\"color: #800080;\">I RACCONTI DI PAOLO SOPPELSA\u00a0<\/span><\/h2>\n<p><strong>LA STRADA DELLA SOLITUDINE<br \/>\n<\/strong><\/p>\n<p><em><strong>AUDIO<\/strong><\/em><\/p>\n<audio class=\"wp-audio-shortcode\" id=\"audio-261979-16\" preload=\"none\" style=\"width: 100%;\" controls=\"controls\"><source type=\"audio\/mpeg\" src=\"https:\/\/www.radiopiu.net\/wordpress\/wp-content\/uploads\/2022\/02\/PAOLO-SOPPELSA-LA-STRADA-DELLA-SOLITUDINE.mp3?_=16\" \/><a href=\"https:\/\/www.radiopiu.net\/wordpress\/wp-content\/uploads\/2022\/02\/PAOLO-SOPPELSA-LA-STRADA-DELLA-SOLITUDINE.mp3\">https:\/\/www.radiopiu.net\/wordpress\/wp-content\/uploads\/2022\/02\/PAOLO-SOPPELSA-LA-STRADA-DELLA-SOLITUDINE.mp3<\/a><\/audio>\n<p>&nbsp;<\/p>\n<p><a class=\"dt-pswp-item\" href=\"https:\/\/www.radiopiu.net\/wordpress\/wp-content\/uploads\/2022\/02\/5d67555d-4dcb-4bf2-a116-f33694eb18c7.jpg\" data-dt-img-description=\"\" data-large_image_width=\"960\" data-large_image_height=\"720\"><img loading=\"lazy\" decoding=\"async\" class=\"size-medium wp-image-261864 alignleft\" src=\"https:\/\/www.radiopiu.net\/wordpress\/wp-content\/uploads\/2022\/02\/5d67555d-4dcb-4bf2-a116-f33694eb18c7-300x225.jpg\" alt=\"\" width=\"300\" height=\"225\" srcset=\"https:\/\/www.radiopiu.net\/wordpress\/wp-content\/uploads\/2022\/02\/5d67555d-4dcb-4bf2-a116-f33694eb18c7-300x225.jpg 300w, https:\/\/www.radiopiu.net\/wordpress\/wp-content\/uploads\/2022\/02\/5d67555d-4dcb-4bf2-a116-f33694eb18c7-768x576.jpg 768w, https:\/\/www.radiopiu.net\/wordpress\/wp-content\/uploads\/2022\/02\/5d67555d-4dcb-4bf2-a116-f33694eb18c7.jpg 960w\" sizes=\"auto, (max-width: 300px) 100vw, 300px\" \/><\/a>\u00c8 domenica pomeriggio, il sole ha smesso di illuminare la cima del Pelsa, la campana ha gi\u00e0 battuto cinque rintocchi e per me \u00e8 il tempo del mio consueto partire da Cencenighe destinazione Belluno. \u00c8 l&#8217;orario pi\u00f9 sbagliato per mettermi in strada ma tant&#8217;\u00e8, oggi non ho particolare fretta. Alla rotonda di Ponte Alto trovo l&#8217;imbrunire e il traffico fermo; non ho granch\u00e9 voglia di fare tira e molla per chilometri, cos\u00ec, dopo breve pensare, mi dico &#8220;ma s\u00ec dai, per una volta facciamo come un tempo, quando la 203 era chiusa per incendi e si percorreva la strada del Mis&#8221;. In realt\u00e0, oggi probabilmente non converrebbe nemmeno compiere codesto tragitto impervio, ma questo pomeriggio ho voglia di qualcosa di diverso; mi va di raccogliere impressioni e capire il vivere d&#8217;inverno in quella valle parallela alla Val Cordevole. Cos\u00ec esco dall&#8217;immobile fila di auto cariche di sci e imbocco la salita che conduce a Rivamonte. Dopo un paio di tornanti percorsi con prudenza causa fondo stradale &#8220;desconeg\u00e0&#8221;, rallento per osservare la riga di fanali che a fondovalle procedono a passo d&#8217;uomo lungo la Strada Madre; centinaia di auto in colonna ed io invece da solo a percorrere quella che al momento battezzo come la &#8220;Strada della Solitudine&#8221;. A &#8220;Riva&#8221; incontro la notte, i camini fumano decisi e la neve ghiaccia sui prati; osservo le finestre illuminate delle case e penso a questi paesi, alla loro storia e alla loro gente. Terra di minatori e di &#8220;careghete&#8221;, un mestiere, quest&#8217;ultimo, che \u00e8 vera e propria arte; non ho mai avuto il privilegio di vedere dal vivo un &#8220;caregheta&#8221; all&#8217;opera, per\u00f2 mi \u00e8 capitato di vederne in TV, e sono rimasto affascinato da questo &#8220;saper fare&#8221; con le mani e con la testa. E chiss\u00e0 come si dice in lingua &#8220;Scapelament del konzha&#8221; &#8220;oggi per tornare a Belluno percorro la Valle del Mis&#8221;. Pensieri che mi accompagnano fino al bivio di Tiser, dove ha inizio la discesa che mi porter\u00e0 all&#8217;imbocco della valle vera e propria. \u00c8 perfetta solitudine quella che sto vivendo; la strada completamente deserta mi permette di raggiungere in breve tempo il ponte in ferro che conduce a quel sogno infranto che porta il nome di California; ecco, mi dico, ora inizia per davvero il Canal del Mis. Penso alla situazione strana che sto vivendo; aldil\u00e0 dei Monti del Sole il serpente d&#8217;auto che si muove alla moviola lungo la 203, qui nemmeno un&#8217;auto oltre alla mia. Nel frattempo la macchina mi avvisa che la strada potrebbe essere ghiacciata, e ha ragione; zero gradi e la luce degli abbaglianti illumina l&#8217;asfalto che inizia a luccicare. \u00c8 il momento di alzare le antenne; io e la Provinciale del Mis ci conosciamo da un quarto di secolo ormai, conosco ogni curva a memoria e, proprio per questo, non do nessuna confidenza alla strada della valle. Ho sempre dato del &#8220;Lei&#8221; a questa strada storica e affascinante ma severa; occorre portarle rispetto e percorrerla con la dovuta prudenza soprattutto d&#8217;inverno. Non \u00e8 strada da autoradio a bomba e pensare a tutt&#8217;altro; ci pensa lei a fartelo capire appena imboccata la prima serie di micro-gallerie. \u00c8 oscurit\u00e0 ormai profonda e oggi non si pu\u00f2 ammirare la natura potente e primordiale della valle; meglio restare concentrati e procedere con prudenza perch\u00e9 questo richiede il tracciato. Alla seconda serie di micro-gallerie mi devo fermare; ci sono un po&#8217; di sassi in strada e non si possono evitare perch\u00e9 la carreggiata \u00e8 a misura di vettura. Cos\u00ec scendo e alla luce dei fari rimuovo le pietre dall&#8217;asfalto. Un lavoro da pochi minuti che svolgo con calma; tanto, mi dico, potrei stare qui tutta la sera senza essere d&#8217;intralcio a nessuno. Mentre sposto i sassi a bordo strada, a farmi compagnia ci sono la quiete della sera appena iniziata, il rumore del motore al minimo, la luce dei fari che illuminano l&#8217;asfalto, la gran solitudine della valle e le classiche paure inconsce da luogo cupo e isolato; \u00e8 un po&#8217; strano, in effetti, essere da queste parti al buio da solo, ma poi ritorna un po&#8217; di sana razionalit\u00e0 che mi fa assaporare il momento particolare. Mi vengono in mente le solite domande che mi pongo d&#8217;estate, quando vengo da queste parti a cercare il fresco; domande che oggi assumono un valore decisamente diverso. &#8220;&#8230;ma come facevano a vivere da queste parti, in questa valle apparentemente avara di tutto, come trascorrevano i giorni d&#8217;inverno simili a questo che sta terminando\u2026&#8221;. La risposta \u00e8 sempre quel &#8220;era cos\u00ec&#8221;; due parole soltanto che contengono la durezza di quelle vite aggrappate ad un territorio difficile ed aspro. I pensieri scorrono insieme all&#8217;acqua del Mis, poi il ronfare al minimo dell&#8217;Alfa mi ricorda che \u00e8 ora di andare. Una serie di curve intervallate da qualche breve rettilineo mi conducono a quello che \u00e8 il confine fra l&#8217;agordino e la Valbelluna; altra breve sosta, questa volta senza scendere dall&#8217;auto. L&#8217;osteria della Stua \u00e8 un profilo appena accennato nel buio; e chiss\u00e0 quanta vita c&#8217;era fra quelle mura in serate d&#8217;inverno come questa che sto vivendo. Saranno state partite a carte, qualche ombra, fumo di trinciato e tanta umanit\u00e0. Oggi invece da queste parti regna il silenzio di fine gennaio. Il lago, illuminato dalla luna, ha un&#8217;aria stanca; il livello \u00e8 basso e le acque riflettono la luce dei potenti riflettori della diga. Ormai manca poco per uscire dalla valle; pochi chilometri, la serie di gallerie ed ecco la Valbelluna che appare come un notturno cielo stellato. Poi la severa serenit\u00e0 che trasmette la Certosa di Vedana, i cumuli di ghiaia delle Masiere e, aldil\u00e0 del Cordevole, la Strada Madre ingombra d&#8217;auto che mi attende. Ciao Strada Provinciale 2 &#8220;della solitudine&#8221;; torner\u00f2 ancora a calcare il tuo asfalto, a sentire le montagne incombere e a cercare la tua storia e la tua natura selvaggia\u2026Magiche Dolomiti!!<\/p>\n<p><strong>LA RACCOLTA COMPLETA<\/strong><\/p>\n<blockquote class=\"wp-embedded-content\" data-secret=\"peCTKMzM6l\"><p><a href=\"https:\/\/www.radiopiu.net\/wordpress\/i-racconti-di-paolo-soppelsa\/\">I racconti di Paolo Soppelsa<\/a><\/p><\/blockquote>\n<p><iframe loading=\"lazy\" class=\"wp-embedded-content\" sandbox=\"allow-scripts\" security=\"restricted\" style=\"position: absolute; clip: rect(1px, 1px, 1px, 1px);\" title=\"&#8220;I racconti di Paolo Soppelsa&#8221; &#8212; Radio Pi\u00f9\" src=\"https:\/\/www.radiopiu.net\/wordpress\/i-racconti-di-paolo-soppelsa\/embed\/#?secret=peCTKMzM6l\" data-secret=\"peCTKMzM6l\" width=\"600\" height=\"338\" frameborder=\"0\" marginwidth=\"0\" marginheight=\"0\" scrolling=\"no\"><\/iframe><\/p>\n<p>&nbsp;<\/p>\n<\/div>\n<\/div>\n<\/div>\n<\/div>\n<\/div>\n<\/div>\n<\/div>\n<\/div>\n<\/div>\n<\/div>\n<\/div>\n<\/div>\n<\/div>\n<\/div>\n<\/div>\n<\/div>\n<\/div>\n<\/div>\n<\/div>\n<\/div>\n<\/div>\n<\/div>\n<\/div>\n<\/div>\n<\/div>\n<\/div>\n<\/div>\n<\/div>\n<\/div>\n<\/div>\n<\/div>\n<\/div>\n<\/div>\n<\/div>\n<\/div>\n<\/div>\n<\/div>\n<\/div>\n<\/div>\n<\/div>\n<\/div>\n<\/div>\n<\/div>\n<\/div>\n<\/div>\n<\/div>\n<\/div>\n<\/div>\n<\/div>\n<\/div>\n<\/div>\n<\/div>\n<\/div>\n<\/div>\n<\/div>\n<\/div>\n<\/div>\n<\/div>\n<\/div>\n<\/div>\n<\/div>\n<\/div>\n<\/div>\n<\/div>\n<\/div>\n<\/div>\n<\/div>\n<div>\n<div class=\"page-title-head hgroup\">\n<div class=\"page-title-head hgroup\">\n<div class=\"page-title-head hgroup\">\n<div class=\"page-title-head hgroup\">\n<div class=\"b654a4as d2edcug0\">\n<div class=\"page-title-head hgroup\">\n<div class=\"page-title-head hgroup\">\n<div class=\"page-title-head hgroup\">\n<div class=\"page-title-head hgroup\">\n<div class=\"b654a4as d2edcug0\">\n<div class=\"page-title-head hgroup\">\n<div class=\"page-title-head hgroup\">\n<div class=\"page-title-head hgroup\">\n<div class=\"page-title-head hgroup\">\n<div class=\"page-title-head hgroup\">\n<div class=\"page-title-head hgroup\">\n<div class=\"page-title-head hgroup\">\n<div class=\"page-title-head hgroup\">\n<div class=\"page-title-head hgroup\">\n<div class=\"b654a4as d2edcug0\">\n<div class=\"page-title-head hgroup\">\n<div class=\"page-title-head hgroup\">\n<div class=\"page-title-head hgroup\">\n<div class=\"page-title-head hgroup\">\n<div class=\"b654a4as d2edcug0\">\n<div>\n<div class=\"page-title-head hgroup\">\n<div class=\"page-title-head hgroup\">\n<div class=\"page-title-head hgroup\">\n<div class=\"page-title-head hgroup\">\n<div class=\"page-title-head hgroup\">\n<div>\n<div>\n<div>\n<div class=\"mkdf-post-text\">\n<div class=\"mkdf-post-text-inner\">\n<div class=\"mkdf-post-text-main\">\n<div class=\"mkdf-post-text\">\n<div class=\"mkdf-post-text-inner\">\n<div class=\"mkdf-post-text-main\">\n<div class=\"mkdf-post-text\">\n<div class=\"mkdf-post-text-inner\">\n<div class=\"mkdf-post-text-main\">\n<div class=\"page-title-head hgroup\">\n<div class=\"page-title-head hgroup\">\n<div class=\"mkdf-post-text\">\n<div class=\"mkdf-post-text-inner\">\n<div class=\"mkdf-post-text-main\">\n<div class=\"mkdf-post-text\">\n<div class=\"mkdf-post-text-inner\">\n<div class=\"mkdf-post-text-main\">\n<div class=\"page-title-head hgroup\">\n<div class=\"page-title-head hgroup\">\n<div class=\"page-title-head hgroup\">\n<div class=\"page-title-head hgroup\">\n<div class=\"b654a4as d2edcug0\">\n<div class=\"page-title-head hgroup\">\n<div class=\"page-title-head hgroup\">\n<div class=\"page-title-head hgroup\">\n<div class=\"page-title-head hgroup\">\n<div class=\"b654a4as d2edcug0\">\n<div class=\"page-title-head hgroup\">\n<div class=\"page-title-head hgroup\">\n<div class=\"page-title-head hgroup\">\n<div class=\"page-title-head hgroup\">\n<div class=\"b654a4as d2edcug0\">\n<hr \/>\n<\/div>\n<div class=\"b654a4as d2edcug0\">\n<p>&nbsp;<\/p>\n<p><a href=\"https:\/\/www.radiopiu.net\/wordpress\/giornale-radiopiu-26-settembre-2018-direttore-mirko-mezzacasa\/viabilita-2\/\" rel=\"attachment wp-att-61954\"><img loading=\"lazy\" decoding=\"async\" class=\"aligncenter wp-image-61954 size-full\" src=\"https:\/\/www.radiopiu.net\/wordpress\/wp-content\/uploads\/2018\/09\/viabilita.jpeg\" sizes=\"auto, (max-width: 800px) 100vw, 800px\" srcset=\"https:\/\/www.radiopiu.net\/wordpress\/wp-content\/uploads\/2018\/09\/viabilita.jpeg 800w, https:\/\/www.radiopiu.net\/wordpress\/wp-content\/uploads\/2018\/09\/viabilita-300x38.jpeg 300w, https:\/\/www.radiopiu.net\/wordpress\/wp-content\/uploads\/2018\/09\/viabilita-768x96.jpeg 768w\" alt=\"\" width=\"800\" height=\"100\" \/><\/a><\/p>\n<\/div>\n<\/div>\n<\/div>\n<\/div>\n<\/div>\n<\/div>\n<\/div>\n<\/div>\n<\/div>\n<\/div>\n<\/div>\n<\/div>\n<\/div>\n<\/div>\n<\/div>\n<\/div>\n<\/div>\n<\/div>\n<\/div>\n<\/div>\n<\/div>\n<\/div>\n<\/div>\n<\/div>\n<\/div>\n<\/div>\n<\/div>\n<\/div>\n<\/div>\n<\/div>\n<\/div>\n<\/div>\n<\/div>\n<\/div>\n<\/div>\n<\/div>\n<\/div>\n<\/div>\n<\/div>\n<\/div>\n<\/div>\n<\/div>\n<\/div>\n<\/div>\n<\/div>\n<\/div>\n<\/div>\n<\/div>\n<\/div>\n<\/div>\n<\/div>\n<\/div>\n<\/div>\n<\/div>\n<\/div>\n<\/div>\n<\/div>\n<\/div>\n<\/div>\n<\/div>\n<\/div>\n<\/div>\n<\/div>\n<\/div>\n<\/div>\n<\/div>\n<\/div>\n<\/div>\n<\/div>\n<\/div>\n<\/div>\n<\/div>\n<\/div>\n<\/div>\n<\/div>\n<\/div>\n<\/div>\n<\/div>\n<\/div>\n<\/div>\n<\/div>\n<\/div>\n<\/div>\n<div>\n<div class=\"page-title-head hgroup\">\n<div class=\"page-title-head hgroup\">\n<div class=\"b654a4as d2edcug0\">\n<div class=\"j83agx80 btwxx1t3 lhclo0ds hop8lmos nkwizq5d scwd0bx6 roh60bw9\">\n<div class=\"rq0escxv hkbzh7o3 jwdofwj8 n8tt0mok r8blr3vg hyh9befq\">\n<div class=\"do00u71z l9j0dhe7 k4urcfbm\">\n<div class=\"ecm0bbzt e5nlhep0 a8c37x1j\">\n<div class=\"kvgmc6g5 cxmmr5t8 oygrvhab hcukyx3x c1et5uql\">\n<div class=\"gmail-kvgmc6g5 gmail-cxmmr5t8 gmail-oygrvhab gmail-hcukyx3x gmail-c1et5uql gmail-ii04i59q\">\n<div class=\"page-title-head hgroup\">\n<div class=\"page-title-head hgroup\">\n<div class=\"b654a4as d2edcug0\">\n<div class=\"j83agx80 btwxx1t3 lhclo0ds hop8lmos nkwizq5d scwd0bx6 roh60bw9\">\n<div class=\"rq0escxv hkbzh7o3 jwdofwj8 n8tt0mok r8blr3vg hyh9befq\">\n<div class=\"do00u71z l9j0dhe7 k4urcfbm\">\n<div class=\"page-title-head hgroup\">\n<div class=\"page-title-head hgroup\">\n<div class=\"page-title-head hgroup\">\n<div class=\"page-title-head hgroup\">\n<div class=\"b654a4as d2edcug0\">\n<div class=\"page-title-head hgroup\">\n<div class=\"page-title-head hgroup\">\n<div class=\"page-title-head hgroup\">\n<div class=\"page-title-head hgroup\">\n<div class=\"b654a4as d2edcug0\">\n<div class=\"page-title-head hgroup\">\n<div class=\"page-title-head hgroup\">\n<div class=\"page-title-head hgroup\">\n<div class=\"page-title-head hgroup\">\n<div class=\"page-title-head hgroup\">\n<div class=\"page-title-head hgroup\">\n<div class=\"page-title-head hgroup\">\n<div class=\"page-title-head hgroup\">\n<div class=\"page-title-head hgroup\">\n<div class=\"b654a4as d2edcug0\">\n<div class=\"page-title-head hgroup\">\n<div class=\"page-title-head hgroup\">\n<div class=\"page-title-head hgroup\">\n<div class=\"page-title-head hgroup\">\n<div class=\"b654a4as d2edcug0\">\n<div class=\"page-title-head hgroup\">\n<div class=\"page-title-head hgroup\">\n<div class=\"page-title-head hgroup\">\n<div class=\"page-title-head hgroup\">\n<div class=\"page-title-head hgroup\">\n<div class=\"mkdf-post-text\">\n<div class=\"mkdf-post-text-inner\">\n<div class=\"mkdf-post-text-main\">\n<div class=\"mkdf-post-text\">\n<div class=\"mkdf-post-text-inner\">\n<div class=\"mkdf-post-text-main\">\n<div class=\"mkdf-post-text\">\n<div class=\"mkdf-post-text-inner\">\n<div class=\"mkdf-post-text-main\">\n<div class=\"page-title-head hgroup\">\n<div class=\"page-title-head hgroup\">\n<div class=\"mkdf-post-text\">\n<div class=\"mkdf-post-text-inner\">\n<div class=\"mkdf-post-text-main\">\n<div class=\"mkdf-post-text\">\n<div class=\"mkdf-post-text-inner\">\n<div class=\"mkdf-post-text-main\">\n<div class=\"page-title-head hgroup\">\n<div class=\"page-title-head hgroup\">\n<div class=\"page-title-head hgroup\">\n<div class=\"page-title-head hgroup\">\n<div class=\"b654a4as d2edcug0\">\n<div class=\"page-title-head hgroup\">\n<div class=\"page-title-head hgroup\">\n<div class=\"page-title-head hgroup\">\n<div class=\"page-title-head hgroup\">\n<div class=\"b654a4as d2edcug0\">\n<div class=\"page-title-head hgroup\">\n<div class=\"page-title-head hgroup\">\n<div class=\"page-title-head hgroup\">\n<div class=\"page-title-head hgroup\">\n<div class=\"b654a4as d2edcug0\">\n<div class=\"ecm0bbzt e5nlhep0 a8c37x1j\">\n<div class=\"kvgmc6g5 cxmmr5t8 oygrvhab hcukyx3x c1et5uql\">\n<div class=\"gmail-kvgmc6g5 gmail-cxmmr5t8 gmail-oygrvhab gmail-hcukyx3x gmail-c1et5uql gmail-ii04i59q\">\n<div class=\"page-title-head hgroup\">\n<div class=\"page-title-head hgroup\">\n<div class=\"b654a4as d2edcug0\">\n<div class=\"j83agx80 btwxx1t3 lhclo0ds hop8lmos nkwizq5d scwd0bx6 roh60bw9\">\n<div class=\"rq0escxv hkbzh7o3 jwdofwj8 n8tt0mok r8blr3vg hyh9befq\">\n<div class=\"do00u71z l9j0dhe7 k4urcfbm\">\n<div class=\"page-title-head hgroup\">\n<div class=\"page-title-head hgroup\">\n<div class=\"page-title-head hgroup\">\n<div class=\"page-title-head hgroup\">\n<div class=\"b654a4as d2edcug0\">\n<div class=\"page-title-head hgroup\">\n<div class=\"page-title-head hgroup\">\n<div class=\"page-title-head hgroup\">\n<div class=\"page-title-head hgroup\">\n<div class=\"b654a4as d2edcug0\">\n<div class=\"page-title-head hgroup\">\n<div class=\"page-title-head hgroup\">\n<div class=\"page-title-head hgroup\">\n<div class=\"page-title-head hgroup\">\n<div class=\"page-title-head hgroup\">\n<div class=\"page-title-head hgroup\">\n<div class=\"page-title-head hgroup\">\n<div class=\"page-title-head hgroup\">\n<div class=\"page-title-head hgroup\">\n<div class=\"b654a4as d2edcug0\">\n<div class=\"page-title-head hgroup\">\n<div class=\"page-title-head hgroup\">\n<div class=\"page-title-head hgroup\">\n<div class=\"page-title-head hgroup\">\n<div class=\"b654a4as d2edcug0\">\n<div class=\"page-title-head hgroup\">\n<div class=\"page-title-head hgroup\">\n<div class=\"page-title-head hgroup\">\n<div class=\"page-title-head hgroup\">\n<div class=\"page-title-head hgroup\">\n<div class=\"mkdf-post-text\">\n<div class=\"mkdf-post-text-inner\">\n<div class=\"mkdf-post-text-main\">\n<div class=\"mkdf-post-text\">\n<div class=\"mkdf-post-text-inner\">\n<div class=\"mkdf-post-text-main\">\n<div class=\"mkdf-post-text\">\n<div class=\"mkdf-post-text-inner\">\n<div class=\"mkdf-post-text-main\">\n<div class=\"page-title-head hgroup\">\n<div class=\"page-title-head hgroup\">\n<div class=\"mkdf-post-text\">\n<div class=\"mkdf-post-text-inner\">\n<div class=\"mkdf-post-text-main\">\n<div class=\"mkdf-post-text\">\n<div class=\"mkdf-post-text-inner\">\n<div class=\"mkdf-post-text-main\">\n<div class=\"page-title-head hgroup\">\n<div class=\"page-title-head hgroup\">\n<div class=\"page-title-head hgroup\">\n<div class=\"page-title-head hgroup\">\n<div class=\"b654a4as d2edcug0\">\n<div class=\"page-title-head hgroup\">\n<div class=\"page-title-head hgroup\">\n<div class=\"page-title-head hgroup\">\n<div class=\"page-title-head hgroup\">\n<div class=\"b654a4as d2edcug0\">\n<div class=\"page-title-head hgroup\">\n<div class=\"page-title-head hgroup\">\n<div class=\"page-title-head hgroup\">\n<div class=\"page-title-head hgroup\">\n<div class=\"b654a4as d2edcug0\">\n<p>&nbsp;<\/p>\n<blockquote class=\"wp-embedded-content\" data-secret=\"wKJXWdkZlb\"><p><a href=\"https:\/\/www.radiopiu.net\/wordpress\/viabilita\/\">viabilita<\/a><\/p><\/blockquote>\n<p><iframe loading=\"lazy\" class=\"wp-embedded-content\" sandbox=\"allow-scripts\" security=\"restricted\" style=\"position: absolute; clip: rect(1px, 1px, 1px, 1px);\" title=\"&#8220;viabilita&#8221; &#8212; Radio Pi\u00f9\" src=\"https:\/\/www.radiopiu.net\/wordpress\/viabilita\/embed\/#?secret=wKJXWdkZlb\" data-secret=\"wKJXWdkZlb\" width=\"600\" height=\"338\" frameborder=\"0\" marginwidth=\"0\" marginheight=\"0\" scrolling=\"no\"><\/iframe><\/p>\n<p>&nbsp;<\/p>\n<hr \/>\n<\/div>\n<\/div>\n<\/div>\n<\/div>\n<\/div>\n<\/div>\n<\/div>\n<\/div>\n<\/div>\n<\/div>\n<\/div>\n<\/div>\n<\/div>\n<\/div>\n<\/div>\n<\/div>\n<\/div>\n<\/div>\n<\/div>\n<\/div>\n<\/div>\n<\/div>\n<\/div>\n<\/div>\n<\/div>\n<\/div>\n<\/div>\n<\/div>\n<\/div>\n<\/div>\n<\/div>\n<\/div>\n<\/div>\n<\/div>\n<\/div>\n<\/div>\n<\/div>\n<\/div>\n<\/div>\n<\/div>\n<\/div>\n<\/div>\n<\/div>\n<\/div>\n<\/div>\n<\/div>\n<\/div>\n<\/div>\n<\/div>\n<\/div>\n<\/div>\n<\/div>\n<\/div>\n<\/div>\n<\/div>\n<\/div>\n<\/div>\n<\/div>\n<\/div>\n<\/div>\n<\/div>\n<\/div>\n<\/div>\n<\/div>\n<\/div>\n<\/div>\n<\/div>\n<\/div>\n<\/div>\n<\/div>\n<\/div>\n<\/div>\n<\/div>\n<\/div>\n<\/div>\n<\/div>\n<\/div>\n<\/div>\n<\/div>\n<\/div>\n<\/div>\n<\/div>\n<\/div>\n<\/div>\n<\/div>\n<\/div>\n<\/div>\n<\/div>\n<\/div>\n<\/div>\n<\/div>\n<\/div>\n<\/div>\n<\/div>\n<\/div>\n<\/div>\n<\/div>\n<\/div>\n<\/div>\n<\/div>\n<\/div>\n<\/div>\n<\/div>\n<\/div>\n<\/div>\n<\/div>\n<\/div>\n<\/div>\n<\/div>\n<\/div>\n<\/div>\n<\/div>\n<\/div>\n<\/div>\n<\/div>\n<\/div>\n<\/div>\n<\/div>\n<\/div>\n<\/div>\n<\/div>\n<\/div>\n<\/div>\n<\/div>\n<\/div>\n<\/div>\n<\/div>\n<\/div>\n<\/div>\n<\/div>\n<\/div>\n<\/div>\n<\/div>\n<\/div>\n<\/div>\n<\/div>\n<\/div>\n<\/div>\n<\/div>\n<\/div>\n<\/div>\n<\/div>\n<\/div>\n<\/div>\n<\/div>\n<\/div>\n<\/div>\n<\/div>\n<\/div>\n<p>&nbsp;<\/p>\n<div>\n<div class=\"page-title-head hgroup\">\n<div class=\"page-title-head hgroup\">\n<div class=\"b654a4as d2edcug0\">\n<div class=\"j83agx80 btwxx1t3 lhclo0ds hop8lmos nkwizq5d scwd0bx6 roh60bw9\">\n<div class=\"rq0escxv hkbzh7o3 jwdofwj8 n8tt0mok r8blr3vg hyh9befq\">\n<div class=\"do00u71z l9j0dhe7 k4urcfbm\">\n<div class=\"page-title-head hgroup\">\n<div class=\"page-title-head hgroup\">\n<div class=\"b654a4as d2edcug0\">\n<div class=\"j83agx80 btwxx1t3 lhclo0ds hop8lmos nkwizq5d scwd0bx6 roh60bw9\">\n<div class=\"rq0escxv hkbzh7o3 jwdofwj8 n8tt0mok r8blr3vg hyh9befq\">\n<div class=\"do00u71z l9j0dhe7 k4urcfbm\">\n<div class=\"ecm0bbzt e5nlhep0 a8c37x1j\">\n<div class=\"kvgmc6g5 cxmmr5t8 oygrvhab hcukyx3x c1et5uql\">\n<div class=\"gmail-kvgmc6g5 gmail-cxmmr5t8 gmail-oygrvhab gmail-hcukyx3x gmail-c1et5uql gmail-ii04i59q\">\n<div class=\"page-title-head hgroup\">\n<div class=\"page-title-head hgroup\">\n<div class=\"b654a4as d2edcug0\">\n<div class=\"j83agx80 btwxx1t3 lhclo0ds hop8lmos nkwizq5d scwd0bx6 roh60bw9\">\n<div class=\"rq0escxv hkbzh7o3 jwdofwj8 n8tt0mok r8blr3vg hyh9befq\">\n<div class=\"do00u71z l9j0dhe7 k4urcfbm\">\n<div class=\"page-title-head hgroup\">\n<div class=\"page-title-head hgroup\">\n<div class=\"b654a4as d2edcug0\">\n<div class=\"j83agx80 btwxx1t3 lhclo0ds hop8lmos nkwizq5d scwd0bx6 roh60bw9\">\n<div class=\"rq0escxv hkbzh7o3 jwdofwj8 n8tt0mok r8blr3vg hyh9befq\">\n<div class=\"do00u71z l9j0dhe7 k4urcfbm\">\n<div>\n<div class=\"page-title-head hgroup\">\n<div class=\"page-title-head hgroup\">\n<div class=\"b654a4as d2edcug0\">\n<div class=\"j83agx80 btwxx1t3 lhclo0ds hop8lmos nkwizq5d scwd0bx6 roh60bw9\">\n<div class=\"rq0escxv hkbzh7o3 jwdofwj8 n8tt0mok r8blr3vg hyh9befq\">\n<div class=\"do00u71z l9j0dhe7 k4urcfbm\">\n<div class=\"ecm0bbzt e5nlhep0 a8c37x1j\">\n<div class=\"kvgmc6g5 cxmmr5t8 oygrvhab hcukyx3x c1et5uql\">\n<div class=\"gmail-kvgmc6g5 gmail-cxmmr5t8 gmail-oygrvhab gmail-hcukyx3x gmail-c1et5uql gmail-ii04i59q\">\n<div class=\"page-title-head hgroup\">\n<div class=\"page-title-head hgroup\">\n<div class=\"b654a4as d2edcug0\">\n<div class=\"j83agx80 btwxx1t3 lhclo0ds hop8lmos nkwizq5d scwd0bx6 roh60bw9\">\n<div class=\"rq0escxv hkbzh7o3 jwdofwj8 n8tt0mok r8blr3vg hyh9befq\">\n<div class=\"do00u71z l9j0dhe7 k4urcfbm\">\n<div class=\"page-title-head hgroup\">\n<div class=\"page-title-head hgroup\">\n<div class=\"page-title-head hgroup\">\n<div class=\"page-title-head hgroup\">\n<div class=\"b654a4as d2edcug0\">\n<div class=\"page-title-head hgroup\">\n<div class=\"page-title-head hgroup\">\n<div class=\"page-title-head hgroup\">\n<div class=\"page-title-head hgroup\">\n<div class=\"b654a4as d2edcug0\">\n<div class=\"page-title-head hgroup\">\n<div class=\"page-title-head hgroup\">\n<div class=\"page-title-head hgroup\">\n<div class=\"page-title-head hgroup\">\n<div class=\"page-title-head hgroup\">\n<div class=\"page-title-head hgroup\">\n<div class=\"page-title-head hgroup\">\n<div class=\"page-title-head hgroup\">\n<div class=\"page-title-head hgroup\">\n<div class=\"b654a4as d2edcug0\">\n<div class=\"page-title-head hgroup\">\n<div class=\"page-title-head hgroup\">\n<div class=\"page-title-head hgroup\">\n<div class=\"page-title-head hgroup\">\n<div class=\"b654a4as d2edcug0\">\n<div class=\"page-title-head hgroup\">\n<div class=\"page-title-head hgroup\">\n<div class=\"page-title-head hgroup\">\n<div class=\"page-title-head hgroup\">\n<div class=\"page-title-head hgroup\">\n<div class=\"mkdf-post-text\">\n<div class=\"mkdf-post-text-inner\">\n<div class=\"mkdf-post-text-main\">\n<div class=\"mkdf-post-text\">\n<div class=\"mkdf-post-text-inner\">\n<div class=\"mkdf-post-text-main\">\n<div class=\"mkdf-post-text\">\n<div class=\"mkdf-post-text-inner\">\n<div class=\"mkdf-post-text-main\">\n<div class=\"page-title-head hgroup\">\n<div class=\"page-title-head hgroup\">\n<div class=\"mkdf-post-text\">\n<div class=\"mkdf-post-text-inner\">\n<div class=\"mkdf-post-text-main\">\n<div class=\"mkdf-post-text\">\n<div class=\"mkdf-post-text-inner\">\n<div class=\"mkdf-post-text-main\">\n<div class=\"page-title-head hgroup\">\n<div class=\"page-title-head hgroup\">\n<div class=\"page-title-head hgroup\">\n<div class=\"page-title-head hgroup\">\n<div class=\"b654a4as d2edcug0\">\n<div class=\"page-title-head hgroup\">\n<div class=\"page-title-head hgroup\">\n<div class=\"page-title-head hgroup\">\n<div class=\"page-title-head hgroup\">\n<div class=\"b654a4as d2edcug0\">\n<div class=\"page-title-head hgroup\">\n<div class=\"page-title-head hgroup\">\n<div class=\"page-title-head hgroup\">\n<div class=\"page-title-head hgroup\">\n<div class=\"b654a4as d2edcug0\">\n<div class=\"ecm0bbzt e5nlhep0 a8c37x1j\">\n<div class=\"kvgmc6g5 cxmmr5t8 oygrvhab hcukyx3x c1et5uql\">\n<div class=\"gmail-kvgmc6g5 gmail-cxmmr5t8 gmail-oygrvhab gmail-hcukyx3x gmail-c1et5uql gmail-ii04i59q\">\n<div class=\"page-title-head hgroup\">\n<div class=\"page-title-head hgroup\">\n<div class=\"b654a4as d2edcug0\">\n<div class=\"j83agx80 btwxx1t3 lhclo0ds hop8lmos nkwizq5d scwd0bx6 roh60bw9\">\n<div class=\"rq0escxv hkbzh7o3 jwdofwj8 n8tt0mok r8blr3vg hyh9befq\">\n<div class=\"do00u71z l9j0dhe7 k4urcfbm\">\n<div class=\"page-title-head hgroup\">\n<div class=\"page-title-head hgroup\">\n<div class=\"page-title-head hgroup\">\n<div class=\"page-title-head hgroup\">\n<div class=\"b654a4as d2edcug0\">\n<div class=\"page-title-head hgroup\">\n<div class=\"page-title-head hgroup\">\n<div class=\"page-title-head hgroup\">\n<div class=\"page-title-head hgroup\">\n<div class=\"b654a4as d2edcug0\">\n<div class=\"page-title-head hgroup\">\n<div class=\"page-title-head hgroup\">\n<div class=\"page-title-head hgroup\">\n<div class=\"page-title-head hgroup\">\n<div class=\"page-title-head hgroup\">\n<div class=\"page-title-head hgroup\">\n<div class=\"page-title-head hgroup\">\n<div class=\"page-title-head hgroup\">\n<div class=\"page-title-head hgroup\">\n<div class=\"b654a4as d2edcug0\">\n<div class=\"page-title-head hgroup\">\n<div class=\"page-title-head hgroup\">\n<div class=\"page-title-head hgroup\">\n<div class=\"page-title-head hgroup\">\n<div class=\"b654a4as d2edcug0\">\n<div class=\"page-title-head hgroup\">\n<div class=\"page-title-head hgroup\">\n<div class=\"page-title-head hgroup\">\n<div class=\"page-title-head hgroup\">\n<div class=\"page-title-head hgroup\">\n<div class=\"mkdf-post-text\">\n<div class=\"mkdf-post-text-inner\">\n<div class=\"mkdf-post-text-main\">\n<div class=\"mkdf-post-text\">\n<div class=\"mkdf-post-text-inner\">\n<div class=\"mkdf-post-text-main\">\n<div class=\"mkdf-post-text\">\n<div class=\"mkdf-post-text-inner\">\n<div class=\"mkdf-post-text-main\">\n<div class=\"page-title-head hgroup\">\n<div class=\"page-title-head hgroup\">\n<div class=\"mkdf-post-text\">\n<div class=\"mkdf-post-text-inner\">\n<div class=\"mkdf-post-text-main\">\n<div class=\"mkdf-post-text\">\n<div class=\"mkdf-post-text-inner\">\n<div class=\"mkdf-post-text-main\">\n<div class=\"page-title-head hgroup\">\n<div class=\"page-title-head hgroup\">\n<div class=\"page-title-head hgroup\">\n<div class=\"page-title-head hgroup\">\n<div class=\"b654a4as d2edcug0\">\n<div class=\"page-title-head hgroup\">\n<div class=\"page-title-head hgroup\">\n<div class=\"page-title-head hgroup\">\n<div class=\"page-title-head hgroup\">\n<div class=\"b654a4as d2edcug0\">\n<div class=\"page-title-head hgroup\">\n<div class=\"page-title-head hgroup\">\n<div class=\"page-title-head hgroup\">\n<div class=\"page-title-head hgroup\">\n<div class=\"b654a4as d2edcug0\">\n<p>&nbsp;<\/p>\n<\/div>\n<div class=\"b654a4as d2edcug0\">\n<div class=\"ecm0bbzt e5nlhep0 a8c37x1j\">\n<div class=\"kvgmc6g5 cxmmr5t8 oygrvhab hcukyx3x c1et5uql\">\n<div class=\"gmail-kvgmc6g5 gmail-cxmmr5t8 gmail-oygrvhab gmail-hcukyx3x gmail-c1et5uql gmail-ii04i59q\">\n<div>\n<div class=\"page-title-head hgroup\">\n<div class=\"page-title-head hgroup\">\n<div class=\"b654a4as d2edcug0\">\n<div class=\"j83agx80 btwxx1t3 lhclo0ds hop8lmos nkwizq5d scwd0bx6 roh60bw9\">\n<div class=\"rq0escxv hkbzh7o3 jwdofwj8 n8tt0mok r8blr3vg hyh9befq\">\n<div class=\"do00u71z l9j0dhe7 k4urcfbm\">\n<div>\n<div class=\"page-title-head hgroup\">\n<div class=\"page-title-head hgroup\">\n<div class=\"page-title-head hgroup\">\n<div class=\"page-title-head hgroup\">\n<div class=\"b654a4as d2edcug0\">\n<div class=\"page-title-head hgroup\">\n<div class=\"page-title-head hgroup\">\n<div class=\"page-title-head hgroup\">\n<div class=\"page-title-head hgroup\">\n<div class=\"b654a4as d2edcug0\">\n<div class=\"page-title-head hgroup\">\n<div class=\"page-title-head hgroup\">\n<div class=\"page-title-head hgroup\">\n<div class=\"page-title-head hgroup\">\n<div class=\"page-title-head hgroup\">\n<div class=\"mkdf-post-text\">\n<div class=\"mkdf-post-text-inner\">\n<div class=\"mkdf-post-text-main\">\n<div class=\"mkdf-post-text\">\n<div class=\"mkdf-post-text-inner\">\n<div class=\"mkdf-post-text-main\">\n<div class=\"mkdf-post-text\">\n<div class=\"mkdf-post-text-inner\">\n<div class=\"mkdf-post-text-main\">\n<div class=\"page-title-head hgroup\">\n<div class=\"page-title-head hgroup\">\n<div class=\"mkdf-post-text\">\n<div class=\"mkdf-post-text-inner\">\n<div class=\"mkdf-post-text-main\">\n<div class=\"mkdf-post-text\">\n<div class=\"mkdf-post-text-inner\">\n<div class=\"mkdf-post-text-main\">\n<div>\n<div class=\"page-title-head hgroup\">\n<div class=\"page-title-head hgroup\">\n<div>\n<div class=\"page-title-head hgroup\">\n<div class=\"page-title-head hgroup\">\n<div class=\"b654a4as d2edcug0\">\n<div>\n<div class=\"page-title-head hgroup\" style=\"text-align: left;\">\n<div class=\"page-title-head hgroup\">\n<div dir=\"auto\">\n<p><a class=\"dt-pswp-item pspw-wrap-ready\" href=\"https:\/\/i0.wp.com\/www.radiopiu.net\/wordpress\/wp-content\/uploads\/2018\/09\/WhatsApp-Image-2018-09-20-at-16.04.06.jpeg?ssl=1\" data-dt-img-description=\"\" data-large_image_width=\"800\" data-large_image_height=\"100\"><img loading=\"lazy\" decoding=\"async\" class=\"aligncenter wp-image-61378 size-full jetpack-lazy-image jetpack-lazy-image--handled\" src=\"https:\/\/i0.wp.com\/www.radiopiu.net\/wordpress\/wp-content\/uploads\/2018\/09\/WhatsApp-Image-2018-09-20-at-16.04.06.jpeg?resize=800%2C100&amp;ssl=1\" sizes=\"auto, (max-width: 800px) 100vw, 800px\" srcset=\"https:\/\/i0.wp.com\/www.radiopiu.net\/wordpress\/wp-content\/uploads\/2018\/09\/WhatsApp-Image-2018-09-20-at-16.04.06.jpeg?w=800&amp;ssl=1 800w, https:\/\/i0.wp.com\/www.radiopiu.net\/wordpress\/wp-content\/uploads\/2018\/09\/WhatsApp-Image-2018-09-20-at-16.04.06.jpeg?resize=300%2C38&amp;ssl=1 300w, https:\/\/i0.wp.com\/www.radiopiu.net\/wordpress\/wp-content\/uploads\/2018\/09\/WhatsApp-Image-2018-09-20-at-16.04.06.jpeg?resize=768%2C96&amp;ssl=1 768w\" alt=\"\" width=\"800\" height=\"100\" data-lazy-loaded=\"1\" \/><\/a><\/p>\n<\/div>\n<\/div>\n<\/div>\n<\/div>\n<\/div>\n<\/div>\n<\/div>\n<\/div>\n<\/div>\n<\/div>\n<\/div>\n<\/div>\n<\/div>\n<\/div>\n<\/div>\n<\/div>\n<\/div>\n<\/div>\n<\/div>\n<\/div>\n<\/div>\n<\/div>\n<\/div>\n<\/div>\n<\/div>\n<\/div>\n<\/div>\n<\/div>\n<\/div>\n<\/div>\n<\/div>\n<\/div>\n<\/div>\n<\/div>\n<\/div>\n<\/div>\n<\/div>\n<\/div>\n<\/div>\n<\/div>\n<\/div>\n<\/div>\n<\/div>\n<\/div>\n<\/div>\n<\/div>\n<\/div>\n<\/div>\n<\/div>\n<\/div>\n<\/div>\n<\/div>\n<\/div>\n<\/div>\n<\/div>\n<\/div>\n<\/div>\n<\/div>\n<\/div>\n<\/div>\n<\/div>\n<\/div>\n<\/div>\n<\/div>\n<\/div>\n<\/div>\n<\/div>\n<\/div>\n<\/div>\n<\/div>\n<\/div>\n<\/div>\n<\/div>\n<\/div>\n<\/div>\n<\/div>\n<\/div>\n<\/div>\n<\/div>\n<\/div>\n<\/div>\n<\/div>\n<\/div>\n<\/div>\n<\/div>\n<\/div>\n<\/div>\n<\/div>\n<\/div>\n<\/div>\n<\/div>\n<\/div>\n<\/div>\n<\/div>\n<\/div>\n<\/div>\n<\/div>\n<\/div>\n<\/div>\n<\/div>\n<\/div>\n<\/div>\n<\/div>\n<\/div>\n<\/div>\n<\/div>\n<\/div>\n<\/div>\n<\/div>\n<\/div>\n<\/div>\n<\/div>\n<\/div>\n<\/div>\n<\/div>\n<\/div>\n<\/div>\n<\/div>\n<\/div>\n<\/div>\n<\/div>\n<\/div>\n<\/div>\n<\/div>\n<\/div>\n<\/div>\n<\/div>\n<\/div>\n<\/div>\n<\/div>\n<\/div>\n<\/div>\n<\/div>\n<\/div>\n<\/div>\n<\/div>\n<\/div>\n<\/div>\n<\/div>\n<\/div>\n<\/div>\n<\/div>\n<\/div>\n<\/div>\n<\/div>\n<\/div>\n<\/div>\n<\/div>\n<\/div>\n<\/div>\n<\/div>\n<\/div>\n<\/div>\n<\/div>\n<\/div>\n<\/div>\n<\/div>\n<\/div>\n<\/div>\n<\/div>\n<\/div>\n<\/div>\n<\/div>\n<\/div>\n<\/div>\n<\/div>\n<\/div>\n<\/div>\n<\/div>\n<\/div>\n<\/div>\n<\/div>\n<\/div>\n<\/div>\n<\/div>\n<\/div>\n<\/div>\n<\/div>\n<\/div>\n<\/div>\n<\/div>\n<\/div>\n<\/div>\n<\/div>\n<\/div>\n<\/div>\n<\/div>\n<\/div>\n<\/div>\n<\/div>\n<\/div>\n<\/div>\n<\/div>\n<\/div>\n<\/div>\n<\/div>\n<\/div>\n<\/div>\n<\/div>\n<\/div>\n<\/div>\n<\/div>\n<\/div>\n<\/div>\n<\/div>\n<\/div>\n<\/div>\n<\/div>\n<\/div>\n<\/div>\n<\/div>\n<\/div>\n<\/div>\n<\/div>\n<\/div>\n<\/div>\n<\/div>\n<\/div>\n<\/div>\n<\/div>\n<\/div>\n<\/div>\n<\/div>\n<\/div>\n<\/div>\n<\/div>\n<\/div>\n<\/div>\n<\/div>\n<\/div>\n<\/div>\n<p>&nbsp;<\/p>\n<p><b>Martedi 1<\/b> <b>Tempo atteso: <\/b>Nottetempo e fino al primissimo mattino cielo nuvoloso sulle prealpi occidentali, con qualche residuo fiocco fino a fondovalle non escluso del tutto. In giornata cielo sereno ovunque con ottima visibilit\u00e0. Contesto termico diurno ancora freddo in quota specie al mattino, mitigato dal sole nelle valli durante le ore centrali.<br \/>\n<b>Precipitazioni: <\/b>Assenti (0%), eccetto qualche residuo fiocco di neve fino nei fondovalle prealpini, specie occidentali, nelle prime ore della notte (20\/30%).<br \/>\n<b>Temperature: <\/b>Minime in calo specie in quota su Dolomiti e su fascia Prealpina, massime stazionarie o il lieve calo. Su Prealpi a 1500 m: min -8 max 0, a 2000 m: min -10 max -5 Su Dolomiti a 2000 m: min -11 max -3, a 3000 m: min -18 max -10<br \/>\n<b>Venti: <\/b>Nelle valli deboli di direzione variabile, salvo locali rinforzi per Foehn. In quota da deboli a moderati in rotazione da nord-est a nord, a 10-25 km\/h a 2000 m e 15-30 km\/h a 3000 m.<\/p>\n<hr \/>\n<p><b>Mercoledi 2<\/b> <b>Tempo atteso: <\/b>Cielo da sereno a poco nuvoloso per passaggio di banchi di nubi alte specie tra pomeriggio e sera.<br \/>\n<b>Precipitazioni: <\/b>Assenti (0%)<br \/>\n<b>Temperature: <\/b>In generale aumento. Su Prealpi a 1500 m: min -2 max 2, a 2000 m: min -4 max -1 Su Dolomiti a 2000 m: min -4 max 0, a 3000 m: min -9 max -7<br \/>\n<b>Venti: <\/b>Nelle valli deboli a regime di brezza, in quota deboli o al pi\u00f9 moderati da Nord a 5-15 km\/h a 2000 m, 10-25 km\/h a 3000 m<\/p>\n<hr \/>\n<p><b>Giovedi 3<\/b>Tempo ben soleggiato con cielo perlopi\u00f9 sereno ovunque in giornata. Verso sera possibile comparsa di nubi basse su Prealpi e velature su Dolomiti. Temperature in generale lieve aumento in un contesto termico pi\u00f9 mite, specie in quota, ma ancora con probabili estese gelate mattutine. Venti deboli\/moderati settentrionali in quota.<\/p>\n<hr \/>\n<p><b>Venerdi 4<\/b>Tra notte e primo mattino nubi irregolari pi\u00f9 presenti su Prealpi dove localmente potranno insistere pi\u00f9 a lungo, su Dolomiti ampie schiarite con cielo generalmente poco nuvoloso Temperature in generale lieve calo, specie in quota. Venti deboli\/moderati settentrionali in quota, deboli variabili nelle valli. Previsore: DDL<\/p>\n<p>&nbsp;<\/p>\n<hr \/>\n<p>&nbsp;<\/p>\n<p><img loading=\"lazy\" decoding=\"async\" class=\"wp-image-60761 size-full aligncenter\" src=\"https:\/\/www.radiopiu.net\/wordpress\/wp-content\/uploads\/2018\/09\/sport.jpg\" alt=\"\" width=\"800\" height=\"100\" srcset=\"https:\/\/www.radiopiu.net\/wordpress\/wp-content\/uploads\/2018\/09\/sport.jpg 800w, https:\/\/www.radiopiu.net\/wordpress\/wp-content\/uploads\/2018\/09\/sport-300x38.jpg 300w, https:\/\/www.radiopiu.net\/wordpress\/wp-content\/uploads\/2018\/09\/sport-768x96.jpg 768w\" sizes=\"auto, (max-width: 800px) 100vw, 800px\" \/><\/p>\n<p>&nbsp;<\/p>\n<p><span style=\"color: #0000ff;\"><strong>\u00a0BROOMBALL<\/strong><\/span><\/p>\n<blockquote>\n<h3>DOPO LA BATTAGLIA, IL BROOMBALL BELLUNO E&#8217; IN FINALE<\/h3>\n<\/blockquote>\n<blockquote><p><strong>BROOMBALL BELLUNO-VIPITENO 4-1<\/strong><\/p><\/blockquote>\n<p><strong><a class=\"dt-pswp-item\" href=\"https:\/\/www.radiopiu.net\/wordpress\/wp-content\/uploads\/2022\/02\/273803211_1096178030923973_3370965507276933605_n.jpg\" data-dt-img-description=\"\" data-large_image_width=\"442\" data-large_image_height=\"206\"><img loading=\"lazy\" decoding=\"async\" class=\" wp-image-262181 alignleft\" src=\"https:\/\/www.radiopiu.net\/wordpress\/wp-content\/uploads\/2022\/02\/273803211_1096178030923973_3370965507276933605_n-300x140.jpg\" alt=\"\" width=\"236\" height=\"110\" srcset=\"https:\/\/www.radiopiu.net\/wordpress\/wp-content\/uploads\/2022\/02\/273803211_1096178030923973_3370965507276933605_n-300x140.jpg 300w, https:\/\/www.radiopiu.net\/wordpress\/wp-content\/uploads\/2022\/02\/273803211_1096178030923973_3370965507276933605_n.jpg 442w\" sizes=\"auto, (max-width: 236px) 100vw, 236px\" \/><\/a>ALLEGHE<\/strong> Il Belluno \u00e8 in finale dopo una battaglia, ma che battaglia, tipica di quando ti trovi difronte una squadra che per colmare il<em> gap\u00a0<\/em>tecnico-fisico decide di passare alle maniere forti, innervosendo gli avversari, mandando in confusione gli arbitri, provocando ad ogni occasione. Ma i ragazzi del Belluno non ci sono cascati, hanno stretto i denti e messo a segno una serie di reti in superiorit\u00e0 vanificando i piani architettati dagli alto atesini, sconfitti ed eliminati dal torneo. In cinque contro cinque il Broomball Belluno ha dimostrato di essere decisamente superiore,\u00a0 questo fa ben sperare per la finalissima contro la vincente dell&#8217;altra semifinale tra\u00a0 Pochi89 ed Egna. La semifinale bellunese si \u00e8 giocata ad Alleghe, da calendario era in programma al Drio Le Rive, ma impianto sabato sera impegnato per il pattinaggio artistico. Al De Toni il Belluno \u00e8 andato a segno con Lorenzo Battistel alla met\u00e0 del primo tempo. Raddoppio con un&#8217;azione ficcante di Gregory Appamea, rete importantissima sulla soglia del riposo. Al rientro sul ghiaccio il Vipiteno ha insistito sulla strategia del gioco duro e ha pagato con la terza marcatura in superiorit\u00e0\u00a0 di Ivano Delazzer dalla blu a porta vuota, infatti gli alto atesini hanno giocato la carta del sesto uomo togliendo il portiere, decisione che ha spalancato ai locali le porte per la finale. Dopo il gol della bandiera &#8211; unica consolazione per il Vipiteno &#8211; la quarta rete\u00a0 con Leonardo Battiston. Non una bella partita, il nervosismo in campo ha impoverito io gioco, anche il capitano Alberto Canei \u00e8 stato punito con penalit\u00e0 partita nonostante il suo intervento fosse esclusivamente difensivo, ma questo mette in forse la sua presenza alla finalissima di Feltre in programma sabato 12 marzo, decider\u00e0 il giudice. Con il Pochi89 o l&#8217;Egna? Se dovesse capitare la squadra di Salorno (Pochi89) sar\u00e0 una bella sfida anche per gli ex Cagnati, Vieceli e Farenzena.<\/p>\n<p>&nbsp;<\/p>\n<hr \/>\n<p>&nbsp;<\/p>\n<p>&nbsp;<\/p>\n<p><span style=\"color: #0000ff;\"><strong>SCI DI FONDO<\/strong><\/span><\/p>\n<blockquote>\n<h3>UN GRANDE BUSIN VINCITORE A MONTE BONDONE<\/h3>\n<\/blockquote>\n<p><strong>MONTE BONDONE (TN)<\/strong> Nel fine settimana si \u00e8 svolta la Viote Monte Bondone Nordic Ski Marathon. Un weekend da incorniciare per Lorenzo Busin, dove ha dominato in entrambe le giornate. La gara di sabato in tecnica classica, valevole per il titolo di campione italiano amatori, si \u00e8 svolta appunto sul Monte Bondone a Trento in una giornata caratterizzata da un forte vento, ma condizioni eccellenti per quanto riguarda la neve e il tracciato di gara. Gli atleti hanno percorso 2 giri da 15km su una pista molto nervosa, con molte curve e saliscendi. &#8220;<em>Dopo una partenza abbastanza regolare ci sono stati alcuni cambi di ritmo da parte dei miei compagni di squadra, Mauro Brigadoi e Francesco Ferrari &#8211; dice Lorenzo Busin Visto che preferisco correre la gara con un ritmo regolare ho contrattaccato su un attacco di M. Brigadoi dopo soli 7km di gara. Un po&#8217; alla volta il vantaggio \u00e8 aumentato fino a garantirmi un discreto margine. Ho continuato la mia azione per i rimanenti 23km, cercando di dosare bene le forze e sono riuscito ad aggiudicarmi la vittoria sui miei compagni di squadra&#8221;<\/em>. Busin ha chiuso con il tempo di 1h16&#8217;29&#8221; rifilando 30&#8243; al secondo arrivato. Domenica gara con le stesse caratteristiche ma in tecnica libera. Anche in questo caso a mettere in difficolt\u00e0 gli atleti \u00e8 stato il vento. &#8220;<em>La partenza \u00e8 stata questa volta pi\u00f9 decisa, un mio compagno di squadra, ha imposto fin da subito il suo ritmo, decimando la concorrenza. Dopo soli 6km il gruppo di testa era formato da 4 atleti, me compreso. Ci siamo dati cambi regolari per tutto il primo giro, rimanendo solamente in 3 dopo 15km &#8211; racconta Lorenzo &#8211; Nella discesa che segue siamo rimasti io e il mio ex compagno di squadra Thomas Rinner. A 6km dalla fine ho provato un allungo su una salita abbastanza impegnativa, Thomas ha perso metri e ne ho approfittato per andare di nuovo in fuga solitaria. Ho continuato ad incrementare il vantaggio fino all&#8217;arrivo, conquistando cos\u00ec la seconda vittoria di fila<\/em>&#8220;. L&#8217;atleta della Valle del Biois ha chiuso con il tempo di 1h13&#8217;39&#8221; staccando di quasi un minuto il diretto avversario.<\/p>\n\n\t\t\t<style type='text\/css'>\n\t\t\t\t#gallery-10 {\n\t\t\t\t\tmargin: auto;\n\t\t\t\t}\n\t\t\t\t#gallery-10 .gallery-item {\n\t\t\t\t\tfloat: left;\n\t\t\t\t\tmargin-top: 10px;\n\t\t\t\t\ttext-align: center;\n\t\t\t\t\twidth: 25%;\n\t\t\t\t}\n\t\t\t\t#gallery-10 img {\n\t\t\t\t\tborder: 2px solid #cfcfcf;\n\t\t\t\t}\n\t\t\t\t#gallery-10 .gallery-caption {\n\t\t\t\t\tmargin-left: 0;\n\t\t\t\t}\n\t\t\t\t\/* see gallery_shortcode() in wp-includes\/media.php *\/\n\t\t\t<\/style>\n\t\t<div id='gallery-10' class='dt-gallery-container gallery galleryid-261979 gallery-columns-4 gallery-size-thumbnail'><dl class='gallery-item'>\n\t\t\t\t<dt class='gallery-icon landscape'>\n\t\t\t\t\t<a class=\"rollover rollover-zoom dt-pswp-item\" title=\"ef8f0c10-a916-4a81-8c3a-d7dda1b2b394\" data-dt-img-description=\"\" data-large_image_width=\"1600\" data-large_image_height=\"1066\"href='https:\/\/www.radiopiu.net\/wordpress\/wp-content\/uploads\/2022\/02\/ef8f0c10-a916-4a81-8c3a-d7dda1b2b394.jpg'><img loading=\"lazy\" decoding=\"async\" width=\"150\" height=\"150\" src=\"https:\/\/www.radiopiu.net\/wordpress\/wp-content\/uploads\/2022\/02\/ef8f0c10-a916-4a81-8c3a-d7dda1b2b394-150x150.jpg\" class=\"attachment-thumbnail size-thumbnail\" alt=\"\" \/><\/a>\n\t\t\t\t<\/dt><\/dl><dl class='gallery-item'>\n\t\t\t\t<dt class='gallery-icon landscape'>\n\t\t\t\t\t<a class=\"rollover rollover-zoom dt-pswp-item\" title=\"17fdb44b-6783-4088-a7f0-a32ca5b10a60\" data-dt-img-description=\"\" data-large_image_width=\"1439\" data-large_image_height=\"960\"href='https:\/\/www.radiopiu.net\/wordpress\/wp-content\/uploads\/2022\/02\/17fdb44b-6783-4088-a7f0-a32ca5b10a60.jpg'><img loading=\"lazy\" decoding=\"async\" width=\"150\" height=\"150\" src=\"https:\/\/www.radiopiu.net\/wordpress\/wp-content\/uploads\/2022\/02\/17fdb44b-6783-4088-a7f0-a32ca5b10a60-150x150.jpg\" class=\"attachment-thumbnail size-thumbnail\" alt=\"\" \/><\/a>\n\t\t\t\t<\/dt><\/dl><dl class='gallery-item'>\n\t\t\t\t<dt class='gallery-icon landscape'>\n\t\t\t\t\t<a class=\"rollover rollover-zoom dt-pswp-item\" title=\"de6661bc-2de3-4fee-b3a2-20b0f77638c7\" data-dt-img-description=\"\" data-large_image_width=\"1600\" data-large_image_height=\"1066\"href='https:\/\/www.radiopiu.net\/wordpress\/wp-content\/uploads\/2022\/02\/de6661bc-2de3-4fee-b3a2-20b0f77638c7.jpg'><img loading=\"lazy\" decoding=\"async\" width=\"150\" height=\"150\" src=\"https:\/\/www.radiopiu.net\/wordpress\/wp-content\/uploads\/2022\/02\/de6661bc-2de3-4fee-b3a2-20b0f77638c7-150x150.jpg\" class=\"attachment-thumbnail size-thumbnail\" alt=\"\" \/><\/a>\n\t\t\t\t<\/dt><\/dl><dl class='gallery-item'>\n\t\t\t\t<dt class='gallery-icon landscape'>\n\t\t\t\t\t<a class=\"rollover rollover-zoom dt-pswp-item\" title=\"98efc9dc-7358-4824-93f3-48f81d50d841\" data-dt-img-description=\"\" data-large_image_width=\"1439\" data-large_image_height=\"960\"href='https:\/\/www.radiopiu.net\/wordpress\/wp-content\/uploads\/2022\/02\/98efc9dc-7358-4824-93f3-48f81d50d841.jpg'><img loading=\"lazy\" decoding=\"async\" width=\"150\" height=\"150\" src=\"https:\/\/www.radiopiu.net\/wordpress\/wp-content\/uploads\/2022\/02\/98efc9dc-7358-4824-93f3-48f81d50d841-150x150.jpg\" class=\"attachment-thumbnail size-thumbnail\" alt=\"\" \/><\/a>\n\t\t\t\t<\/dt><\/dl><br style=\"clear: both\" \/>\n\t\t\t<\/div>\n\n<p>&nbsp;<\/p>\n<hr \/>\n<p>&nbsp;<\/p>\n<p><span style=\"color: #0000ff;\"><strong>HOCKEY SU GHIACCIO\u00a0<\/strong><\/span><\/p>\n<p><strong>AUDIO<\/strong><\/p>\n<audio class=\"wp-audio-shortcode\" id=\"audio-261979-17\" preload=\"none\" style=\"width: 100%;\" controls=\"controls\"><source type=\"audio\/mpeg\" src=\"https:\/\/www.radiopiu.net\/wordpress\/wp-content\/uploads\/2022\/03\/gr-01-sport-alleghe-miana.mp3?_=17\" \/><a href=\"https:\/\/www.radiopiu.net\/wordpress\/wp-content\/uploads\/2022\/03\/gr-01-sport-alleghe-miana.mp3\">https:\/\/www.radiopiu.net\/wordpress\/wp-content\/uploads\/2022\/03\/gr-01-sport-alleghe-miana.mp3<\/a><\/audio>\n<p>&nbsp;<\/p>\n<blockquote>\n<h3>A PERGINE GARA 2 DEI QUARTI DI FINALE IHL. ALLEGHE ALLA RICERCA DEL RISCATTO<\/h3>\n<\/blockquote>\n<p><strong><a class=\"dt-pswp-item\" href=\"https:\/\/www.radiopiu.net\/wordpress\/wp-content\/uploads\/2021\/12\/ALLEGHE-HOCKEY-3.jpg\" data-dt-img-description=\"\" data-large_image_width=\"890\" data-large_image_height=\"592\"><img loading=\"lazy\" decoding=\"async\" class=\"size-medium wp-image-247605 alignleft\" src=\"https:\/\/www.radiopiu.net\/wordpress\/wp-content\/uploads\/2021\/12\/ALLEGHE-HOCKEY-3-300x200.jpg\" alt=\"\" width=\"300\" height=\"200\" srcset=\"https:\/\/www.radiopiu.net\/wordpress\/wp-content\/uploads\/2021\/12\/ALLEGHE-HOCKEY-3-300x200.jpg 300w, https:\/\/www.radiopiu.net\/wordpress\/wp-content\/uploads\/2021\/12\/ALLEGHE-HOCKEY-3-768x511.jpg 768w, https:\/\/www.radiopiu.net\/wordpress\/wp-content\/uploads\/2021\/12\/ALLEGHE-HOCKEY-3.jpg 890w\" sizes=\"auto, (max-width: 300px) 100vw, 300px\" \/><\/a>di Roberto Miana, portavoce dell&#8217;Alleghe Hockey<\/strong><\/p>\n<p>Per l&#8217;Alleghe gara 1 si \u00e8 chiusa con una pesante ed inaspettata sconfitta casalinga 1-5. La partita ha messo in mostra un Pergine in gran forma, con ottime geometrie di gioco e in grado di mettere in difficolt\u00e0 la squadra agordina che \u00e8 riuscita a rimanere in partita solo per 45 minuti, con un buon goalie Scola e il finlandese Kiviranta autore dell&#8217;unica rete alleghese, valsa il momentaneo pareggio prima dell&#8217;ultimo quarto d&#8217;ora di gioco nel quale gli ospiti hanno chiuso l&#8217;incontro, portandosi a casa una vittoria meritata. Senza troppo tempo per pensare, ora i ragazzi di coach Fontana hanno subito l&#8217;occasione di riscattarsi in terra trentina, consci di trovarsi in questa serie playoff al cospetto di un avversario in ottima forma fisica, molto pi\u00f9 carico e determinato rispetto a quello affrontato nei quattro precedenti stagionali di campionato.<\/p>\n<p><strong>Hockey PERGINE Sapiens &#8211; ALLEGHE Hockey <\/strong>Gara 2 _ quarti playoff Marted\u00ec 1\u00b0 marzo ore 20:30 \u2013 Sapiens Arena di Pergine (TN) Arbitri:\u200b Patrick Theo Gruber e Antonio Piras con giudici di linea Alessio Bedana e Alexander Wiest. Collegamenti in DIRETTA RADIOFONICA su Radio Pi\u00f9 (www.radiopiu.net) con \u201cHockey al punto giusto\u201d, in studio Marco Gaz e da Pergine interventi di Federico Paganin<\/p>\n<p>&nbsp;<\/p>\n<p>&nbsp;<\/p>\n<p>&nbsp;<\/p>\n<hr \/>\n<p>&nbsp;<\/p>\n<p><span style=\"color: #0000ff;\"><strong>SCI ALPINISMO<\/strong><\/span><\/p>\n<blockquote>\n<h3>MATTEO COSTA E GIORGIA FELICETTI I MIGLIORI NELLA CRONOSCALATA COL DI PRA&#8217;-PIAN DE LA STUA<\/h3>\n<\/blockquote>\n<p><strong><a class=\"dt-pswp-item\" href=\"https:\/\/www.radiopiu.net\/wordpress\/wp-content\/uploads\/2022\/02\/th-17.jpg\" data-dt-img-description=\"\" data-large_image_width=\"330\" data-large_image_height=\"198\"><img loading=\"lazy\" decoding=\"async\" class=\"size-medium wp-image-261248 alignleft\" src=\"https:\/\/www.radiopiu.net\/wordpress\/wp-content\/uploads\/2022\/02\/th-17-300x180.jpg\" alt=\"\" width=\"300\" height=\"180\" srcset=\"https:\/\/www.radiopiu.net\/wordpress\/wp-content\/uploads\/2022\/02\/th-17-300x180.jpg 300w, https:\/\/www.radiopiu.net\/wordpress\/wp-content\/uploads\/2022\/02\/th-17.jpg 330w\" sizes=\"auto, (max-width: 300px) 100vw, 300px\" \/><\/a>TAIBON<\/strong> \u00c8 andata in scena domenica la cronoscalata Col Di Pr\u00e0 &#8211; Pian De La Stua in Valle di San Lucano. La gara di sci alpinismo organizzata da Pro Loco, Gruppo Piodech, GS Taibon, Scandole Storte e Comune \u00e8 arrivata alla sua seconda edizione ed ha visto partecipare 35 concorrenti. In campo maschile la vittoria \u00e8 andata a Matteo Costa che ha chiuso con il tempo di 57&#8217;09&#8221;, a parimerito con Moris De Zaiacomo. Terzo posto per Valentino Costa. In campo femminile Giorgia Felicetti ha tagliato il traguardo per prima staccando di 10&#8242; Monica Todesco, sul gradino pi\u00f9 basso del podio Daniela Miatello.<\/p>\n<p><strong>PER VISUALIZZARE LE CLASSIFICHE <a href=\"https:\/\/www.radiopiu.net\/wordpress\/wp-content\/uploads\/2022\/02\/Classifiche-Cronoscalata-Col-dei-Pra-Pian-della-Stua-2022.pdf\">CLICCA QUI<\/a><\/strong><\/p>\n<p>&nbsp;<\/p>\n<p>&nbsp;<\/p>\n<hr \/>\n<p>&nbsp;<\/p>\n<p><span style=\"color: #0000ff;\"><strong>PALLAVOLO<\/strong><\/span><\/p>\n<blockquote>\n<h3>LA DA ROLD CROLLA CON IL SAVIGLIANO &#8211; LE INTERVISTE<\/h3>\n<\/blockquote>\n<p><b class=\"photoswipe-wrapper\"><a class=\"dt-pswp-item pspw-wrap-ready\" href=\"https:\/\/www.radiopiu.net\/wordpress\/wp-content\/uploads\/2022\/02\/Primo_tempo_di_Mozzato.jpg\" data-dt-img-description=\"\" data-large_image_width=\"1680\" data-large_image_height=\"1120\"><img loading=\"lazy\" decoding=\"async\" class=\"size-medium wp-image-261834 alignleft\" src=\"https:\/\/www.radiopiu.net\/wordpress\/wp-content\/uploads\/2022\/02\/Primo_tempo_di_Mozzato-300x200.jpg\" sizes=\"auto, (max-width: 300px) 100vw, 300px\" srcset=\"https:\/\/www.radiopiu.net\/wordpress\/wp-content\/uploads\/2022\/02\/Primo_tempo_di_Mozzato-300x200.jpg 300w, https:\/\/www.radiopiu.net\/wordpress\/wp-content\/uploads\/2022\/02\/Primo_tempo_di_Mozzato-1024x683.jpg 1024w, https:\/\/www.radiopiu.net\/wordpress\/wp-content\/uploads\/2022\/02\/Primo_tempo_di_Mozzato-768x512.jpg 768w, https:\/\/www.radiopiu.net\/wordpress\/wp-content\/uploads\/2022\/02\/Primo_tempo_di_Mozzato-1536x1024.jpg 1536w, https:\/\/www.radiopiu.net\/wordpress\/wp-content\/uploads\/2022\/02\/Primo_tempo_di_Mozzato.jpg 1680w\" alt=\"\" width=\"300\" height=\"200\" \/><\/a>MONGE-GERBAUDO SAVIGLIANO-DA ROLD LOGISTICS BELLUNO 3-1<\/b><strong>\u00a0(25-18, 25-18, 20-25, 25-21)<\/strong><\/p>\n<p>Verrebbe da dire che, per i rinoceronti, la pausa del campionato di Serie A3 Credem Banca arriva al momento pi\u00f9 opportuno. Perch\u00e9 la\u00a0Da Rold Logistics Belluno\u00a0inizia ad accusare la stanchezza per il tour de force di questo avvio di 2022. E rimedia la seconda sconfitta consecutiva: la terza nelle ultime quattro sfide. Ma il fatto di aver giocato 9 partite in 38 giorni non pu\u00f2 non incidere sul rendimento di una squadra che ha bisogno \u2013 e merita \u2013 di rifiatare. Ora, infatti, \u00e8 all\u2019orizzonte un fine settimana di pausa in cui i riflettori saranno puntati sulle finali di Coppa Italia. E si torner\u00e0 sotto rete solo domenica 13 marzo, quando i bellunesi riceveranno Garlasco alla Spes Arena. In ogni caso, al netto di quanto succeder\u00e0 sugli altri campi, l\u2019ottavo posto \u00e8 e rimane di propriet\u00e0 dolomitica.<span class=\"gmail-Apple-converted-space\">\u00a0<\/span><\/p>\n<p><strong>IL MISTER DIEGO POLETTO<\/strong><\/p>\n<div style=\"width: 640px;\" class=\"wp-video\"><video class=\"wp-video-shortcode\" id=\"video-261979-1\" width=\"640\" height=\"352\" preload=\"metadata\" controls=\"controls\"><source type=\"video\/mp4\" src=\"https:\/\/www.radiopiu.net\/wordpress\/wp-content\/uploads\/2022\/02\/WhatsApp-Video-2022-02-28-at-10.29.15.mp4?_=1\" \/><a href=\"https:\/\/www.radiopiu.net\/wordpress\/wp-content\/uploads\/2022\/02\/WhatsApp-Video-2022-02-28-at-10.29.15.mp4\">https:\/\/www.radiopiu.net\/wordpress\/wp-content\/uploads\/2022\/02\/WhatsApp-Video-2022-02-28-at-10.29.15.mp4<\/a><\/video><\/div>\n<p>&nbsp;<\/p>\n<p><strong>ALEX PAGANIN, CAPITANO DELLA DA ROLD LOGISTIC BELLUNO<\/strong><\/p>\n<div style=\"width: 640px;\" class=\"wp-video\"><video class=\"wp-video-shortcode\" id=\"video-261979-2\" width=\"640\" height=\"352\" preload=\"metadata\" controls=\"controls\"><source type=\"video\/mp4\" src=\"https:\/\/www.radiopiu.net\/wordpress\/wp-content\/uploads\/2022\/02\/WhatsApp-Video-2022-02-28-at-10.29.16.mp4?_=2\" \/><a href=\"https:\/\/www.radiopiu.net\/wordpress\/wp-content\/uploads\/2022\/02\/WhatsApp-Video-2022-02-28-at-10.29.16.mp4\">https:\/\/www.radiopiu.net\/wordpress\/wp-content\/uploads\/2022\/02\/WhatsApp-Video-2022-02-28-at-10.29.16.mp4<\/a><\/video><\/div>\n<p>&nbsp;<\/p>\n<\/div>\n<\/div>\n<\/div>\n<\/div>\n<\/div>\n<\/div>\n<\/div>\n<\/div>\n<\/div>\n<\/div>\n<\/div>\n<\/div>\n<\/div>\n<\/div>\n<\/div>\n<\/div>\n<\/div>\n<\/div>\n<\/div>\n<\/div>\n<\/div>\n<\/div>\n<\/div>\n<\/div>\n<\/div>\n<\/div>\n<\/div>\n<\/div>\n<\/div>\n<\/div>\n<\/div>\n<\/div>\n<\/div>\n<\/div>\n<\/div>\n<\/div>\n<\/div>\n<\/div>\n<\/div>\n<\/div>\n<\/div>\n<\/div>\n<\/div>\n<\/div>\n<\/div>\n<\/div>\n<\/div>\n<\/div>\n<\/div>\n<\/div>\n<\/div>\n<\/div>\n<\/div>\n<\/div>\n<\/div>\n<\/div>\n<\/div>\n<\/div>\n<\/div>\n<\/div>\n<\/div>\n<\/div>\n<\/div>\n<\/div>\n<\/div>\n<\/div>\n<\/div>\n<\/div>\n<\/div>\n<\/div>\n<\/div>\n<\/div>\n<\/div>\n<\/div>\n<\/div>\n<\/div>\n<\/div>\n<\/div>\n<\/div>\n<\/div>\n<\/div>\n<\/div>\n<\/div>\n<\/div>\n<\/div>\n<\/div>\n<\/div>\n<\/div>\n<\/div>\n<\/div>\n<\/div>\n<\/div>\n<\/div>\n<\/div>\n<\/div>\n<\/div>\n<\/div>\n<\/div>\n<\/div>\n<\/div>\n<\/div>\n<\/div>\n<\/div>\n<\/div>\n<\/div>\n<\/div>\n<\/div>\n<\/div>\n<\/div>\n<\/div>\n","protected":false},"excerpt":{"rendered":"<p>INFORMAZIONE il canale su TELEGRAM informazione di prima mano e in tempo reale. iscriviti ed aiutaci a farlo conoscere\u00a0\u00a0 &nbsp; IL VENETO PREPARA L&#8217;ACCOGLIENZA AUDIO &nbsp; &nbsp; UN AIUTO ALL&#8217;UCRAINA DALL&#8217;AGORDINO. PARTITA LA RACCOLTA FONDI E DI BENI DI PRIMA NECESSITA&#8217; CANALE D&#8217;AGORDO\u00a0\u00c8 iniziata la campagna di aiuto alla popolazione ucraina anche in Agordino. Nella&hellip;<\/p>\n","protected":false},"author":4,"featured_media":262188,"comment_status":"closed","ping_status":"closed","sticky":false,"template":"","format":"standard","meta":{"_monsterinsights_skip_tracking":false,"_monsterinsights_sitenote_active":false,"_monsterinsights_sitenote_note":"","_monsterinsights_sitenote_category":0,"footnotes":""},"categories":[104,86,49],"tags":[],"class_list":["post-261979","post","type-post","status-publish","format-standard","has-post-thumbnail","hentry","category-evidenza_3","category-gr","category-news-18","category-104","category-86","category-49","description-off"],"img_url":"https:\/\/www.radiopiu.net\/wordpress\/wp-content\/uploads\/2022\/03\/flag-7033311__480.webp","_links":{"self":[{"href":"https:\/\/www.radiopiu.net\/wordpress\/wp-json\/wp\/v2\/posts\/261979","targetHints":{"allow":["GET"]}}],"collection":[{"href":"https:\/\/www.radiopiu.net\/wordpress\/wp-json\/wp\/v2\/posts"}],"about":[{"href":"https:\/\/www.radiopiu.net\/wordpress\/wp-json\/wp\/v2\/types\/post"}],"author":[{"embeddable":true,"href":"https:\/\/www.radiopiu.net\/wordpress\/wp-json\/wp\/v2\/users\/4"}],"replies":[{"embeddable":true,"href":"https:\/\/www.radiopiu.net\/wordpress\/wp-json\/wp\/v2\/comments?post=261979"}],"version-history":[{"count":0,"href":"https:\/\/www.radiopiu.net\/wordpress\/wp-json\/wp\/v2\/posts\/261979\/revisions"}],"wp:featuredmedia":[{"embeddable":true,"href":"https:\/\/www.radiopiu.net\/wordpress\/wp-json\/wp\/v2\/media\/262188"}],"wp:attachment":[{"href":"https:\/\/www.radiopiu.net\/wordpress\/wp-json\/wp\/v2\/media?parent=261979"}],"wp:term":[{"taxonomy":"category","embeddable":true,"href":"https:\/\/www.radiopiu.net\/wordpress\/wp-json\/wp\/v2\/categories?post=261979"},{"taxonomy":"post_tag","embeddable":true,"href":"https:\/\/www.radiopiu.net\/wordpress\/wp-json\/wp\/v2\/tags?post=261979"}],"curies":[{"name":"wp","href":"https:\/\/api.w.org\/{rel}","templated":true}]}}