{"id":262224,"date":"2022-03-01T05:45:16","date_gmt":"2022-03-01T04:45:16","guid":{"rendered":"https:\/\/www.radiopiu.net\/wordpress\/?p=262224"},"modified":"2022-03-01T05:46:07","modified_gmt":"2022-03-01T04:46:07","slug":"giorgio-redaelli-pelmo-doro-2016-per-la-carriera-alpinistica","status":"publish","type":"post","link":"https:\/\/www.radiopiu.net\/wordpress\/giorgio-redaelli-pelmo-doro-2016-per-la-carriera-alpinistica\/","title":{"rendered":"GIORGIO REDAELLI, PELMO D&#8217;ORO 2016 PER LA CARRIERA ALPINISTICA"},"content":{"rendered":"<p><strong>\u00a0<\/strong><\/p>\n<p><strong>DI GIANNI SANTOMASO<\/strong><\/p>\n<audio class=\"wp-audio-shortcode\" id=\"audio-262224-1\" preload=\"none\" style=\"width: 100%;\" controls=\"controls\"><source type=\"audio\/mpeg\" src=\"https:\/\/www.radiopiu.net\/wordpress\/wp-content\/uploads\/2022\/02\/GIANNI-REDAELLI.mp3?_=1\" \/><a href=\"https:\/\/www.radiopiu.net\/wordpress\/wp-content\/uploads\/2022\/02\/GIANNI-REDAELLI.mp3\">https:\/\/www.radiopiu.net\/wordpress\/wp-content\/uploads\/2022\/02\/GIANNI-REDAELLI.mp3<\/a><\/audio>\n<p>&nbsp;<\/p>\n<p><strong>REDAZIONE<\/strong>\u00a0 Giorgio Redaelli\u00a0 si \u00e8 spento\u00a0 all&#8217;Ospedale Manzoni di Lecco, classe 1935 era\u00a0 conosciuto da tutti con l&#8217;appellativo di &#8220;Il Re del Civetta&#8221; Nel 2016 fu insignito del premio Pelmo d&#8217;Oro, nella 19esima edizione a\u00a0\u00a0 San Pietro di Cadore. <strong>Premio Pelmo d\u2019Oro 2016 per la carriera alpinistica <\/strong><em>Accademico del CAI, Socio onorario del Gruppo Ragni della Grignetta, considerato il Re della Civetta per la sua assidua frequentazione e per il viscerale amore che ha sempre dimostrato per la montagna bellunese. Nel dolomitico \u201cregno del VI grado\u201d ha compiuto \u2013 spesso in cordata con alpinisti bellunesi di rango quali Roberto Sorgato e Giorgio Ronchi &#8211; memorabili imprese (come la direttissima sulla Torre Trieste e le prime invernali alla Cima Su Alto e alla via Solleder, solo per citarne alcune), che hanno scritto la storia dell\u2019alpinismo non solo delle Dolomiti, consacrando di diritto Redaelli nel \u201cgotha\u201d internazionale dei pi\u00f9 grandi alpinisti della seconda met\u00e0 del secolo scorso.<\/em><\/p>\n<p><strong>LA CARRIERA ALPINISTICA<\/strong><\/p>\n<p>Comincia ad arrampicare da ragazzino sulle Grigne poi le sue salite si sposteranno su tutto l\u2019arco alpino. Nel 1955 conosce casualmente il gruppo della Civetta di cui si innamorer\u00e0 e lo frequenter\u00e0 per vari decenni. In Civetta scaler\u00e0 quasi tutte le vie ed effettuer\u00e0 anche alcuni tentativi di nuove vie senza portarli a buon termine per vari motivi (Torre d\u2019Alleghe, Punta Civetta\u2026). Le prime scalate (appena ventenne, ed arrivare da Lecco non era proprio semplice) e le pi\u00f9 significative in Civetta: 1955: Torre Venezia, via Tissi; Torre Trieste, via Carlesso, 9a ripetizione assoluta; Cima di Terranova, via Livanos, 1a ripetizione assoluta; Cima del Banc\u00f3n, via Gabriel-Da Roit, 2a ripetizione ass. 1956: Torre Venezia: via Andrich e via Castiglioni; partecipa a un difficile soccorso sulla Solleder con Philipp e Barbier. 1956-57: Torre di Babele, via Sold\u00e0; Punta Agordo, Via Da Roit; Pulpito di Pelsa, via Dal Bianco. 1959: Torre Trieste, apertura via direttissima con Ignazio Piussi; Torre Venezia, via Ratti con Robin Smith; Cima Su Alto, via Ratti; Busazza, Spigolo Videsott \u2013Rudatis. 1960: Torre Venezia, apertura nuova via Spigolo Sud-Est. 1961: Torre delle Mede, apertura nuova via parete Est. 1962: Cima Su Alto, via Livanos, 1a ripetizione invernale con Roberto Sorgato e Giorgio Ronchi; Pan di Zucchero, apertura via Direttissima parete N-W con Vasco Taldo e Josve Aiazzi. 1963: Parete N\/W Civetta, via Solleder, mitica 1a ripetizione invernale con Ignazio Piussi e Toni Hiebeler (seguiti da Roberto Sorgato, Natalino Meneguz e Marcello Bonafede). 1967: Torre Venezia, via Andrich, 1a ripetizione invernale; Cima del Banc\u00f3n, via Da Roit, 1\u00b0 ripetizione invernale; Torre Trieste, via Tissi, 1\u00b0 ripetizione invernale. 1968: Spallone del Banc\u00f3n, apertura nuova via parete Est. 2005: a 70 anni, sale la Torre Venezia a distanza di 50 anni dalla prima volta. Pi\u00f9 che giustificato quindi il titolo di \u201cRe del Civetta\u201d che gli \u00e8 stato attribuito, non tanto per essere stato il pi\u00f9 forte su queste pareti del \u201cregno del sesto grado\u201d, ma per l\u2019assidua frequentazione e conoscenza di questa montagna, di cui si considera un \u201ceterno innamorato\u201d. Altre salite effettuate sulle Dolomiti: 1961: 5 Torri, diretta Scoiattoli; Pilastro Tofana, via Costantini; Piccolissima Lavaredo, via Cassin; Piccola Lavaredo, Spigolo Giallo; Grande Lavaredo, direttissima, tutte in cordata con Roberto Sorgato. 1964: Dopo la \u201ccontroversa vicenda\u201d con Bellenzier sulla Torre d\u2019Alleghe, Redaelli si allontana per un po\u2019 dalla Civetta, effettuando numerose salite in Marmolada, Sella e Dolomiti di Brenta, nonch\u00e9 sulle Alpi Orobie tra cui: Marmolada: parete S via Sold\u00e0; parete S via Tomasson; Lavaredo cima W, via Cassin; Gruppo del Sella: da militare con Piussi: 1a Torre, via Tissi; via Trenker; 2a Torre, Spigolo S\/W; 3a Torre, via Jahn; Sas Pordoi, via Fedele; Campanil Basso, Spigolo Graffer. Oltre che in Civetta ha arrampicato in quasi tutte le Alpi. Da ricordare, tra le altre, la prima ripetizione allo Sperone Bonatti al Dru (monte Bianco) e la prima salita senza bivacco della via Hasse-Brandler sulla Grande di Lavaredo con il grande sestogradista bellunese Roberto Sorgato. Con Sorgato fu protagonista di una rocambolesca scalata sulla Nord dell\u2019Eiger conclusa con una miracolosa ritirata causa maltempo, quando i due erano oramai giunti molto in alto. Sarebbe stata la prima scalata italiana, portata poi a termine nei giorni successivi da Armando Aste e compagni. Tra i vari riconoscimenti, nel 1999 ha ricevuto il Premio al Trento Film Festival. Impossibile contare tutte le sue salite (un migliaio solo sulle Grigne). Sicuramente ha trascorso pi\u00f9 tempo in parete (oltre 100 bivacchi) che sul lavoro, visto che l\u2019arrampicata gli \u00e8 costata ben 5 licenziamenti. 1953: Breithorn, m. Rosa, invernale con gli sci. 1954: Dente del Gigante, Gran Capucin, via Bonatti; Aiguille de Midi, 2a ascensione solitaria via Rebuffatt.<br \/>\n1955: Nord del monte Disgrazia: Nord del Piz Roseg; Nord Pizzo Pal\u00f9. 1956: Sasso Cavallo, via Cassin, 1a invernale e 3a assoluta. 1957: Piz Ciavazes, via Micheluzzi; Sassolungo, via Comici; m. Bianco: sperone della Brenva con Cesare Maestri &#8211; Aiguille del Brenva, 1a ripetizione via Rebuffat &#8211; Aiguille de Midi, via Ottoz-Nava, 1a ripetizione. Pizzo Badile: via Cassin e via Molteni; Pizzo Cengalo: spigolo Vinci; m.Disgrazia: torre Porro 1\u00b0 ascensione assoluta; Corno Grande: 1a ascensione assoluta; Bernina: cresta Biancograt. Le 13 cime che vanno dal Gran Zebr\u00f9 al Tresero. Pizzo Scalino, Torre de Amicis,Triangolo dell\u2019Emilius, Gran Paradiso, Ruitor ecc. Dal 1968 costruisce e gestisce un rifugio ai piani di Artavaggio (rifugio Aurora, nome della moglie) e crea una palestra di roccia dove insegna ai giovani. Continua comunque a scalare, ma con ascensioni meno impegnative. Salir\u00e0 sul monte Bianco per 7 volte accompagnando moglie ed amici.<br \/>\nToglier\u00e0 definitivamente le scarpette nel 2005 al ritorno dalla Torre Venezia. Accademico del CAI, oltre che scalatore, ha per\u00f2 avuto tempo di diventare sindaco del suo paese (Cassina Valsassina), maestro di sci e di golf, sport quest\u2019ultimo che gli ha permesso di girare il mondo e che pratica tuttora con apprezzabile successo.<\/p>\n<p><strong>ARCHIVIO FOTOGRAFICO di Loris Santomaso<\/strong><\/p>\n\n\t\t\t<style type='text\/css'>\n\t\t\t\t#gallery-1 {\n\t\t\t\t\tmargin: auto;\n\t\t\t\t}\n\t\t\t\t#gallery-1 .gallery-item {\n\t\t\t\t\tfloat: left;\n\t\t\t\t\tmargin-top: 10px;\n\t\t\t\t\ttext-align: center;\n\t\t\t\t\twidth: 16%;\n\t\t\t\t}\n\t\t\t\t#gallery-1 img {\n\t\t\t\t\tborder: 2px solid #cfcfcf;\n\t\t\t\t}\n\t\t\t\t#gallery-1 .gallery-caption {\n\t\t\t\t\tmargin-left: 0;\n\t\t\t\t}\n\t\t\t\t\/* see gallery_shortcode() in wp-includes\/media.php *\/\n\t\t\t<\/style>\n\t\t<div id='gallery-1' class='dt-gallery-container gallery galleryid-262224 gallery-columns-6 gallery-size-thumbnail'><dl class='gallery-item'>\n\t\t\t\t<dt class='gallery-icon portrait'>\n\t\t\t\t\t<a class=\"rollover rollover-zoom dt-pswp-item\" title=\"REDAELLI-PIUSSI\" data-dt-img-description=\"\" data-large_image_width=\"1167\" data-large_image_height=\"1767\"href='https:\/\/www.radiopiu.net\/wordpress\/wp-content\/uploads\/2022\/02\/REDAELLI-PIUSSI.jpg'><img loading=\"lazy\" decoding=\"async\" width=\"150\" height=\"150\" src=\"https:\/\/www.radiopiu.net\/wordpress\/wp-content\/uploads\/2022\/02\/REDAELLI-PIUSSI-150x150.jpg\" class=\"attachment-thumbnail size-thumbnail\" alt=\"\" aria-describedby=\"gallery-1-262225\" \/><\/a>\n\t\t\t\t<\/dt>\n\t\t\t\t\t<dd class='wp-caption-text gallery-caption' id='gallery-1-262225'>\n\t\t\t\t\tREDAELLI-PIUSSI\n\t\t\t\t\t<\/dd><\/dl><dl class='gallery-item'>\n\t\t\t\t<dt class='gallery-icon landscape'>\n\t\t\t\t\t<a class=\"rollover rollover-zoom dt-pswp-item\" title=\"Giorgio Readelli-Roberto Sorgato-Marcello Bonafede (3)\" data-dt-img-description=\"\" data-large_image_width=\"2560\" data-large_image_height=\"1920\"href='https:\/\/www.radiopiu.net\/wordpress\/wp-content\/uploads\/2022\/02\/Giorgio-Readelli-Roberto-Sorgato-Marcello-Bonafede-3-scaled.jpg'><img loading=\"lazy\" decoding=\"async\" width=\"150\" height=\"150\" src=\"https:\/\/www.radiopiu.net\/wordpress\/wp-content\/uploads\/2022\/02\/Giorgio-Readelli-Roberto-Sorgato-Marcello-Bonafede-3-150x150.jpg\" class=\"attachment-thumbnail size-thumbnail\" alt=\"\" aria-describedby=\"gallery-1-262226\" \/><\/a>\n\t\t\t\t<\/dt>\n\t\t\t\t\t<dd class='wp-caption-text gallery-caption' id='gallery-1-262226'>\n\t\t\t\t\tGiorgio Readelli-Roberto Sorgato-Marcello Bonafede (3)\n\t\t\t\t\t<\/dd><\/dl><dl class='gallery-item'>\n\t\t\t\t<dt class='gallery-icon portrait'>\n\t\t\t\t\t<a class=\"rollover rollover-zoom dt-pswp-item\" title=\"Giorgio Redaelli Civetta-(1)\" data-dt-img-description=\"\" data-large_image_width=\"954\" data-large_image_height=\"1944\"href='https:\/\/www.radiopiu.net\/wordpress\/wp-content\/uploads\/2022\/02\/Giorgio-Redaelli-Civetta-1.jpg'><img loading=\"lazy\" decoding=\"async\" width=\"150\" height=\"150\" src=\"https:\/\/www.radiopiu.net\/wordpress\/wp-content\/uploads\/2022\/02\/Giorgio-Redaelli-Civetta-1-150x150.jpg\" class=\"attachment-thumbnail size-thumbnail\" alt=\"\" aria-describedby=\"gallery-1-262227\" \/><\/a>\n\t\t\t\t<\/dt>\n\t\t\t\t\t<dd class='wp-caption-text gallery-caption' id='gallery-1-262227'>\n\t\t\t\t\tGiorgio Redaelli Civetta-(1)\n\t\t\t\t\t<\/dd><\/dl><dl class='gallery-item'>\n\t\t\t\t<dt class='gallery-icon landscape'>\n\t\t\t\t\t<a class=\"rollover rollover-zoom dt-pswp-item\" title=\"1961 TOFANA Giorgio Redaelli e Roberto Sorgato\" data-dt-img-description=\"\" data-large_image_width=\"664\" data-large_image_height=\"491\"href='https:\/\/www.radiopiu.net\/wordpress\/wp-content\/uploads\/2022\/02\/1961-TOFANA-Giorgio-Redaelli-e-Roberto-Sorgato.jpg'><img loading=\"lazy\" decoding=\"async\" width=\"150\" height=\"150\" src=\"https:\/\/www.radiopiu.net\/wordpress\/wp-content\/uploads\/2022\/02\/1961-TOFANA-Giorgio-Redaelli-e-Roberto-Sorgato-150x150.jpg\" class=\"attachment-thumbnail size-thumbnail\" alt=\"\" aria-describedby=\"gallery-1-262228\" \/><\/a>\n\t\t\t\t<\/dt>\n\t\t\t\t\t<dd class='wp-caption-text gallery-caption' id='gallery-1-262228'>\n\t\t\t\t\t1961 TOFANA Giorgio Redaelli e Roberto Sorgato\n\t\t\t\t\t<\/dd><\/dl><dl class='gallery-item'>\n\t\t\t\t<dt class='gallery-icon landscape'>\n\t\t\t\t\t<a class=\"rollover rollover-zoom dt-pswp-item\" title=\"Giorgio Redaelli-Roberto Sorgato - Civetta-(1)\" data-dt-img-description=\"\" data-large_image_width=\"2560\" data-large_image_height=\"1920\"href='https:\/\/www.radiopiu.net\/wordpress\/wp-content\/uploads\/2022\/02\/Giorgio-Redaelli-Roberto-Sorgato-Civetta-1-scaled.jpg'><img loading=\"lazy\" decoding=\"async\" width=\"150\" height=\"150\" src=\"https:\/\/www.radiopiu.net\/wordpress\/wp-content\/uploads\/2022\/02\/Giorgio-Redaelli-Roberto-Sorgato-Civetta-1-150x150.jpg\" class=\"attachment-thumbnail size-thumbnail\" alt=\"\" aria-describedby=\"gallery-1-262229\" \/><\/a>\n\t\t\t\t<\/dt>\n\t\t\t\t\t<dd class='wp-caption-text gallery-caption' id='gallery-1-262229'>\n\t\t\t\t\tGiorgio Redaelli-Roberto Sorgato &#8211; Civetta-(1)\n\t\t\t\t\t<\/dd><\/dl><dl class='gallery-item'>\n\t\t\t\t<dt class='gallery-icon portrait'>\n\t\t\t\t\t<a class=\"rollover rollover-zoom dt-pswp-item\" title=\"Giorgio Redaelli giovane\" data-dt-img-description=\"\" data-large_image_width=\"1149\" data-large_image_height=\"1799\"href='https:\/\/www.radiopiu.net\/wordpress\/wp-content\/uploads\/2022\/02\/Giorgio-Redaelli-giovane.jpg'><img loading=\"lazy\" decoding=\"async\" width=\"150\" height=\"150\" src=\"https:\/\/www.radiopiu.net\/wordpress\/wp-content\/uploads\/2022\/02\/Giorgio-Redaelli-giovane-150x150.jpg\" class=\"attachment-thumbnail size-thumbnail\" alt=\"\" aria-describedby=\"gallery-1-262230\" \/><\/a>\n\t\t\t\t<\/dt>\n\t\t\t\t\t<dd class='wp-caption-text gallery-caption' id='gallery-1-262230'>\n\t\t\t\t\tGiorgio Redaelli giovane\n\t\t\t\t\t<\/dd><\/dl><br style=\"clear: both\" \/><dl class='gallery-item'>\n\t\t\t\t<dt class='gallery-icon landscape'>\n\t\t\t\t\t<a class=\"rollover rollover-zoom dt-pswp-item\" title=\"LAVAREDO 1961 Giorgio Redaelli-Roberto Sorgato\" data-dt-img-description=\"\" data-large_image_width=\"720\" data-large_image_height=\"576\"href='https:\/\/www.radiopiu.net\/wordpress\/wp-content\/uploads\/2022\/02\/LAVAREDO-1961-Giorgio-Redaelli-Roberto-Sorgato.bmp'><img loading=\"lazy\" decoding=\"async\" width=\"150\" height=\"120\" src=\"https:\/\/www.radiopiu.net\/wordpress\/wp-content\/uploads\/2022\/02\/LAVAREDO-1961-Giorgio-Redaelli-Roberto-Sorgato.bmp\" class=\"attachment-thumbnail size-thumbnail\" alt=\"\" aria-describedby=\"gallery-1-262231\" \/><\/a>\n\t\t\t\t<\/dt>\n\t\t\t\t\t<dd class='wp-caption-text gallery-caption' id='gallery-1-262231'>\n\t\t\t\t\tLAVAREDO 1961 Giorgio Redaelli-Roberto Sorgato\n\t\t\t\t\t<\/dd><\/dl><dl class='gallery-item'>\n\t\t\t\t<dt class='gallery-icon landscape'>\n\t\t\t\t\t<a class=\"rollover rollover-zoom dt-pswp-item\" title=\"Alleghe19-3-1983-Hiebeler-Piussi-Redaelli-Bonafede-Sorgato-Menegus-artefici 1a invernale via Solleder-Civetta 1963\" data-dt-img-description=\"\" data-large_image_width=\"1772\" data-large_image_height=\"1309\"href='https:\/\/www.radiopiu.net\/wordpress\/wp-content\/uploads\/2022\/02\/Alleghe19-3-1983-Hiebeler-Piussi-Redaelli-Bonafede-Sorgato-Menegus-artefici-1a-invernale-via-Solleder-Civetta-1963.jpg'><img loading=\"lazy\" decoding=\"async\" width=\"150\" height=\"150\" src=\"https:\/\/www.radiopiu.net\/wordpress\/wp-content\/uploads\/2022\/02\/Alleghe19-3-1983-Hiebeler-Piussi-Redaelli-Bonafede-Sorgato-Menegus-artefici-1a-invernale-via-Solleder-Civetta-1963-150x150.jpg\" class=\"attachment-thumbnail size-thumbnail\" alt=\"\" aria-describedby=\"gallery-1-262232\" \/><\/a>\n\t\t\t\t<\/dt>\n\t\t\t\t\t<dd class='wp-caption-text gallery-caption' id='gallery-1-262232'>\n\t\t\t\t\tAlleghe19-3-1983-Hiebeler-Piussi-Redaelli-Bonafede-Sorgato-Menegus-artefici 1a invernale via Solleder-Civetta 1963\n\t\t\t\t\t<\/dd><\/dl><dl class='gallery-item'>\n\t\t\t\t<dt class='gallery-icon landscape'>\n\t\t\t\t\t<a class=\"rollover rollover-zoom dt-pswp-item\" title=\"Redaelli-Solleder 1963- 1\u00b0 Bivacco\" data-dt-img-description=\"\" data-large_image_width=\"1799\" data-large_image_height=\"1149\"href='https:\/\/www.radiopiu.net\/wordpress\/wp-content\/uploads\/2022\/02\/Redaelli-Solleder-1963-1\u00b0-Bivacco.jpg'><img loading=\"lazy\" decoding=\"async\" width=\"150\" height=\"150\" src=\"https:\/\/www.radiopiu.net\/wordpress\/wp-content\/uploads\/2022\/02\/Redaelli-Solleder-1963-1\u00b0-Bivacco-150x150.jpg\" class=\"attachment-thumbnail size-thumbnail\" alt=\"\" aria-describedby=\"gallery-1-262233\" \/><\/a>\n\t\t\t\t<\/dt>\n\t\t\t\t\t<dd class='wp-caption-text gallery-caption' id='gallery-1-262233'>\n\t\t\t\t\tRedaelli-Solleder 1963- 1\u00b0 Bivacco\n\t\t\t\t\t<\/dd><\/dl><dl class='gallery-item'>\n\t\t\t\t<dt class='gallery-icon portrait'>\n\t\t\t\t\t<a class=\"rollover rollover-zoom dt-pswp-item\" title=\"Redaelli-Torre Venezia-Civetta\" data-dt-img-description=\"\" data-large_image_width=\"1180\" data-large_image_height=\"1772\"href='https:\/\/www.radiopiu.net\/wordpress\/wp-content\/uploads\/2022\/02\/Redaelli-Torre-Venezia-Civetta.jpg'><img loading=\"lazy\" decoding=\"async\" width=\"150\" height=\"150\" src=\"https:\/\/www.radiopiu.net\/wordpress\/wp-content\/uploads\/2022\/02\/Redaelli-Torre-Venezia-Civetta-150x150.jpg\" class=\"attachment-thumbnail size-thumbnail\" alt=\"\" aria-describedby=\"gallery-1-262234\" \/><\/a>\n\t\t\t\t<\/dt>\n\t\t\t\t\t<dd class='wp-caption-text gallery-caption' id='gallery-1-262234'>\n\t\t\t\t\tRedaelli-Torre Venezia-Civetta\n\t\t\t\t\t<\/dd><\/dl><dl class='gallery-item'>\n\t\t\t\t<dt class='gallery-icon portrait'>\n\t\t\t\t\t<a class=\"rollover rollover-zoom dt-pswp-item\" title=\"Ronchi-Sorgato-Redaelli-Su Alto-Civetta-1962\" data-dt-img-description=\"\" data-large_image_width=\"1183\" data-large_image_height=\"1185\"href='https:\/\/www.radiopiu.net\/wordpress\/wp-content\/uploads\/2022\/02\/Ronchi-Sorgato-Redaelli-Su-Alto-Civetta-1962.jpg'><img loading=\"lazy\" decoding=\"async\" width=\"150\" height=\"150\" src=\"https:\/\/www.radiopiu.net\/wordpress\/wp-content\/uploads\/2022\/02\/Ronchi-Sorgato-Redaelli-Su-Alto-Civetta-1962-150x150.jpg\" class=\"attachment-thumbnail size-thumbnail\" alt=\"\" aria-describedby=\"gallery-1-262235\" srcset=\"https:\/\/www.radiopiu.net\/wordpress\/wp-content\/uploads\/2022\/02\/Ronchi-Sorgato-Redaelli-Su-Alto-Civetta-1962-150x150.jpg 150w, https:\/\/www.radiopiu.net\/wordpress\/wp-content\/uploads\/2022\/02\/Ronchi-Sorgato-Redaelli-Su-Alto-Civetta-1962-300x300.jpg 300w, https:\/\/www.radiopiu.net\/wordpress\/wp-content\/uploads\/2022\/02\/Ronchi-Sorgato-Redaelli-Su-Alto-Civetta-1962-1022x1024.jpg 1022w, https:\/\/www.radiopiu.net\/wordpress\/wp-content\/uploads\/2022\/02\/Ronchi-Sorgato-Redaelli-Su-Alto-Civetta-1962-768x769.jpg 768w, https:\/\/www.radiopiu.net\/wordpress\/wp-content\/uploads\/2022\/02\/Ronchi-Sorgato-Redaelli-Su-Alto-Civetta-1962.jpg 1183w\" sizes=\"auto, (max-width: 150px) 100vw, 150px\" \/><\/a>\n\t\t\t\t<\/dt>\n\t\t\t\t\t<dd class='wp-caption-text gallery-caption' id='gallery-1-262235'>\n\t\t\t\t\tRonchi-Sorgato-Redaelli-Su Alto-Civetta-1962\n\t\t\t\t\t<\/dd><\/dl>\n\t\t\t\t<br style='clear: both' \/>\n\t\t\t<\/div>\n\n<p>___<\/p>\n","protected":false},"excerpt":{"rendered":"<p>\u00a0 DI GIANNI SANTOMASO &nbsp; REDAZIONE\u00a0 Giorgio Redaelli\u00a0 si \u00e8 spento\u00a0 all&#8217;Ospedale Manzoni di Lecco, classe 1935 era\u00a0 conosciuto da tutti con l&#8217;appellativo di &#8220;Il Re del Civetta&#8221; Nel 2016 fu insignito del premio Pelmo d&#8217;Oro, nella 19esima edizione a\u00a0\u00a0 San Pietro di Cadore. Premio Pelmo d\u2019Oro 2016 per la carriera alpinistica Accademico del CAI,&hellip;<\/p>\n","protected":false},"author":4,"featured_media":262233,"comment_status":"closed","ping_status":"closed","sticky":false,"template":"","format":"standard","meta":{"_monsterinsights_skip_tracking":false,"_monsterinsights_sitenote_active":false,"_monsterinsights_sitenote_note":"","_monsterinsights_sitenote_category":0,"footnotes":""},"categories":[51,49],"tags":[],"class_list":["post-262224","post","type-post","status-publish","format-standard","has-post-thumbnail","hentry","category-evidenza-top","category-news-18","category-51","category-49","description-off"],"img_url":"https:\/\/www.radiopiu.net\/wordpress\/wp-content\/uploads\/2022\/02\/Redaelli-Solleder-1963-1\u00b0-Bivacco.jpg","_links":{"self":[{"href":"https:\/\/www.radiopiu.net\/wordpress\/wp-json\/wp\/v2\/posts\/262224","targetHints":{"allow":["GET"]}}],"collection":[{"href":"https:\/\/www.radiopiu.net\/wordpress\/wp-json\/wp\/v2\/posts"}],"about":[{"href":"https:\/\/www.radiopiu.net\/wordpress\/wp-json\/wp\/v2\/types\/post"}],"author":[{"embeddable":true,"href":"https:\/\/www.radiopiu.net\/wordpress\/wp-json\/wp\/v2\/users\/4"}],"replies":[{"embeddable":true,"href":"https:\/\/www.radiopiu.net\/wordpress\/wp-json\/wp\/v2\/comments?post=262224"}],"version-history":[{"count":0,"href":"https:\/\/www.radiopiu.net\/wordpress\/wp-json\/wp\/v2\/posts\/262224\/revisions"}],"wp:featuredmedia":[{"embeddable":true,"href":"https:\/\/www.radiopiu.net\/wordpress\/wp-json\/wp\/v2\/media\/262233"}],"wp:attachment":[{"href":"https:\/\/www.radiopiu.net\/wordpress\/wp-json\/wp\/v2\/media?parent=262224"}],"wp:term":[{"taxonomy":"category","embeddable":true,"href":"https:\/\/www.radiopiu.net\/wordpress\/wp-json\/wp\/v2\/categories?post=262224"},{"taxonomy":"post_tag","embeddable":true,"href":"https:\/\/www.radiopiu.net\/wordpress\/wp-json\/wp\/v2\/tags?post=262224"}],"curies":[{"name":"wp","href":"https:\/\/api.w.org\/{rel}","templated":true}]}}