{"id":262241,"date":"2022-03-02T05:45:41","date_gmt":"2022-03-02T04:45:41","guid":{"rendered":"https:\/\/www.radiopiu.net\/wordpress\/?p=262241"},"modified":"2022-03-02T13:47:17","modified_gmt":"2022-03-02T12:47:17","slug":"giornale-radiopiu-02-marzo-2022-direttore-mirko-mezzacasa","status":"publish","type":"post","link":"https:\/\/www.radiopiu.net\/wordpress\/giornale-radiopiu-02-marzo-2022-direttore-mirko-mezzacasa\/","title":{"rendered":"GIORNALE RADIOPIU 02 MARZO 2022 DIRETTORE MIRKO MEZZACASA"},"content":{"rendered":"<h3 class=\"kvgmc6g5 cxmmr5t8 oygrvhab hcukyx3x c1et5uql\"><span style=\"color: #0000ff;\"><strong>INFORMAZIONE il canale su TELEGRAM informazione di prima mano e in tempo reale. iscriviti ed aiutaci a farlo conoscere\u00a0\u00a0<\/strong><\/span><\/h3>\n<hr \/>\n<p>&nbsp;<\/p>\n<blockquote>\n<h3>CONTRO I FUCILI I CARRI ARMATI E BOMBE&#8230; DANILO SACCO <em>&#8220;Che non siano i padri a seppellire i figli&#8221;<\/em><\/h3>\n<\/blockquote>\n<p><a class=\"dt-pswp-item\" href=\"https:\/\/www.radiopiu.net\/wordpress\/wp-content\/uploads\/2022\/03\/danilo-sacco.png\" data-dt-img-description=\"\" data-large_image_width=\"681\" data-large_image_height=\"681\"><img loading=\"lazy\" decoding=\"async\" class=\"wp-image-262409 alignleft\" src=\"https:\/\/www.radiopiu.net\/wordpress\/wp-content\/uploads\/2022\/03\/danilo-sacco-300x300.png\" alt=\"\" width=\"168\" height=\"168\" srcset=\"https:\/\/www.radiopiu.net\/wordpress\/wp-content\/uploads\/2022\/03\/danilo-sacco-300x300.png 300w, https:\/\/www.radiopiu.net\/wordpress\/wp-content\/uploads\/2022\/03\/danilo-sacco-150x150.png 150w, https:\/\/www.radiopiu.net\/wordpress\/wp-content\/uploads\/2022\/03\/danilo-sacco.png 681w\" sizes=\"auto, (max-width: 168px) 100vw, 168px\" \/><\/a><\/p>\n<p>&nbsp;<\/p>\n<p>&nbsp;<\/p>\n<p><strong>IL MESSAGGIO ALLA RADIO&#8230;.<\/strong><\/p>\n<audio class=\"wp-audio-shortcode\" id=\"audio-262241-1\" preload=\"none\" style=\"width: 100%;\" controls=\"controls\"><source type=\"audio\/mpeg\" src=\"https:\/\/www.radiopiu.net\/wordpress\/wp-content\/uploads\/2022\/03\/radio-piu-no-war-1.mp3?_=1\" \/><a href=\"https:\/\/www.radiopiu.net\/wordpress\/wp-content\/uploads\/2022\/03\/radio-piu-no-war-1.mp3\">https:\/\/www.radiopiu.net\/wordpress\/wp-content\/uploads\/2022\/03\/radio-piu-no-war-1.mp3<\/a><\/audio>\n<p><strong>montaggio David Ben<\/strong><\/p>\n<p>&nbsp;<\/p>\n<hr \/>\n<blockquote>\n<h2><em>\u00a0<\/em><\/h2>\n<\/blockquote>\n<blockquote>\n<h3>UN AIUTO ALL&#8217;UCRAINA DALL&#8217;AGORDINO. PARTITA LA RACCOLTA FONDI E DI BENI DI PRIMA NECESSITA&#8217;<\/h3>\n<\/blockquote>\n<p><strong><a class=\"dt-pswp-item\" href=\"https:\/\/www.radiopiu.net\/wordpress\/wp-content\/uploads\/2022\/02\/AIUTO-UCRAINA.jpg\" data-dt-img-description=\"\" data-large_image_width=\"374\" data-large_image_height=\"188\"><img loading=\"lazy\" decoding=\"async\" class=\" wp-image-262104 alignleft\" src=\"https:\/\/www.radiopiu.net\/wordpress\/wp-content\/uploads\/2022\/02\/AIUTO-UCRAINA-300x151.jpg\" alt=\"\" width=\"195\" height=\"98\" srcset=\"https:\/\/www.radiopiu.net\/wordpress\/wp-content\/uploads\/2022\/02\/AIUTO-UCRAINA-300x151.jpg 300w, https:\/\/www.radiopiu.net\/wordpress\/wp-content\/uploads\/2022\/02\/AIUTO-UCRAINA.jpg 374w\" sizes=\"auto, (max-width: 195px) 100vw, 195px\" \/><\/a>CANALE D&#8217;AGORDO\u00a0<\/strong>\u00c8 iniziata la campagna di aiuto alla popolazione ucraina anche in Agordino. Nella sala consigliare di Canale D&#8217;Agordo dal luned\u00ec al venerd\u00ec, dalle 9 alle 19, si possono portare generi alimentari e quanto richiesto: PRODOTTI A LUNGA CONSERVAZIONE\u00a0 &#8211; \u00a0GENERI SANITARI &#8211;\u00a0 VESTIARIO di ogni tipo anche per bambini.<\/p>\n<p><strong>OSPITALITA\u2019 AI PROFUGHI<\/strong> (RIVOLGERSI ALLA CARITAS DIOCESANA DI BELLUNO (0437.941681)\u00a0 <strong>CONTRIBUTI<\/strong> ALLA CARITAS DI BELLUNO UN\u2019OFFERTA ALL\u2019IBAN IT86P0306909606100000143821 CAUSALE \u201cEMERGENZA UCRAINA\u201d<\/p>\n<p><strong>REFERENTE:<\/strong> FONDAZIONE PAPA LUCIANI ONLUS DI CANALE D\u2019AGORDO<br \/>\nTEL. 345 1512564; loris@fondazionepapaluciani.com<\/p>\n<audio class=\"wp-audio-shortcode\" id=\"audio-262241-2\" preload=\"none\" style=\"width: 100%;\" controls=\"controls\"><source type=\"audio\/mpeg\" src=\"https:\/\/www.radiopiu.net\/wordpress\/wp-content\/uploads\/2022\/02\/LORIS-SERAFINI-UCRAINA.mp3?_=2\" \/><a href=\"https:\/\/www.radiopiu.net\/wordpress\/wp-content\/uploads\/2022\/02\/LORIS-SERAFINI-UCRAINA.mp3\">https:\/\/www.radiopiu.net\/wordpress\/wp-content\/uploads\/2022\/02\/LORIS-SERAFINI-UCRAINA.mp3<\/a><\/audio>\n<h3><\/h3>\n<blockquote>\n<h3>IL NOSTRO AUTO PER L&#8217;UCRAINA<\/h3>\n<\/blockquote>\n<p><strong>VOLTAGO<\/strong> Con l&#8217;associazione alpini bellunese anche le penne nere di Voltago promuovono la raccolta di vestiario e coperte da consegnare alla gente Ucraina in fuga. Il materiale si pu\u00f2 consegnare venerdi, sabato e domenica dalle 16 alle 18 nella sala polifunzionale di Voltago o nella chiesa vecchia a Frassene&#8217;.<\/p>\n<p>&nbsp;<\/p>\n<blockquote>\n<h3>LA RACCOLTA INDUMENTI PER I PROFUGHI AD AGORDO E TAIBON<\/h3>\n<\/blockquote>\n<p><strong>AGORDO<\/strong> Anche gli alpini di Agordo, Taibon e Rivamonte promuovono la raccolta di vestiario in buone condizioni e igienizzato da consegnare ai profughi ucraini al confine con la Polonia. La raccolta avverr\u00e0 domani, venerd\u00ec, sabato, domenica e lunedi dalle 17 alle 19 presso la sede degli alpini di Agordo in viale sommariva cortile delle scuole elementari e presso la sala dell&#8217;ex municipio di Taibon. Domenica si potranno consegnare gli indumenti anche dalle 10 alle 12.<\/p>\n<p>&nbsp;<\/p>\n<blockquote>\n<h3>GLI ALPINI DI ALLEGHE IN AIUTO AI PROFUGHI UCRAINI<\/h3>\n<\/blockquote>\n<p><strong>ALLEGHE<\/strong> Gli alpini di Alleghe aderiscono all&#8217;iniziativa della raccolta indumenti per il popolo ucraino in fuga dalla guerra. Chi volesse aderire all&#8217;iniziativa pu\u00f2 consegnare i vestiti sul tavolo posto davanti alla sede degli alpini di Masar\u00e8 entro l&#8217;8 marzo. Per informazioni 347 1031357<\/p>\n<p>&nbsp;<\/p>\n<p>&nbsp;<\/p>\n<hr \/>\n<p>&nbsp;<\/p>\n<p><span style=\"color: #ff0000;\"><strong>dal Carnevale alla Quaresima<\/strong><\/span><\/p>\n<blockquote>\n<h3><a class=\"dt-pswp-item\" href=\"https:\/\/www.radiopiu.net\/wordpress\/wp-content\/uploads\/2022\/03\/th.jpg\" data-dt-img-description=\"\" data-large_image_width=\"294\" data-large_image_height=\"170\"><img loading=\"lazy\" decoding=\"async\" class=\"wp-image-262484 alignleft\" src=\"https:\/\/www.radiopiu.net\/wordpress\/wp-content\/uploads\/2022\/03\/th.jpg\" alt=\"\" width=\"209\" height=\"121\" \/><\/a>CONSIDERAZIONI SULLE &#8220;CENERI&#8221;<\/h3>\n<p><strong>di John Francis Della Pietra\u00a0<\/strong><\/p>\n<p><em>Anche oggi si lavorava mezza giornata poi le serrande si abbassavano\u00a0 per permettere\u00a0 di partecipare alle funzioni delle ceneri in chiesa.\u00a0 <\/em><em>Il tempo scorreva anche allora ma la gente aveva il tempo di pensare e di comprendere.\u00a0 <\/em><em>O tempora o mores&#8230;<\/em><\/p><\/blockquote>\n<p>&nbsp;<\/p>\n<p>&nbsp;<\/p>\n<hr \/>\n<p>&nbsp;<\/p>\n<blockquote>\n<h3>BELLUNO PRONTA AD ACCOGLIERE I PROFUGHI, MASSARO &#8220;UNA RISPOSTA CORALE PER AIUTARE I PIU&#8217; PICCOLI&#8221;<\/h3>\n<\/blockquote>\n<p><strong>BELLUNO<\/strong><\/p>\n<p><strong>Accoglienza:\u00a0<\/strong> In attesa della riunione di oggi\u00a0 in Prefettura che dovrebbe chiarire i principali aspetti pratici dell&#8217;accoglienza dei profughi ucraini, sono gi\u00e0 state individuate alcune possibili soluzioni: \u00abAll&#8217;ex Caserma dei Vigili del Fuoco di Via Col di Lana abbiamo a disposizione cinque camerate da dieci posti l&#8217;una&#8221;\u00a0 \u00a0spiega Massaro<\/p>\n<blockquote>\n<h3>L&#8217;INTERVENTO DEL SINDACO, JACOPO MASSARO<\/h3>\n<\/blockquote>\n<div style=\"width: 1200px;\" class=\"wp-video\"><video class=\"wp-video-shortcode\" id=\"video-262241-1\" width=\"1200\" height=\"675\" preload=\"metadata\" controls=\"controls\"><source type=\"video\/mp4\" src=\"https:\/\/www.radiopiu.net\/wordpress\/wp-content\/uploads\/2022\/03\/Massaro-Riunione-emergenza-Ucraina.mp4?_=1\" \/><a href=\"https:\/\/www.radiopiu.net\/wordpress\/wp-content\/uploads\/2022\/03\/Massaro-Riunione-emergenza-Ucraina.mp4\">https:\/\/www.radiopiu.net\/wordpress\/wp-content\/uploads\/2022\/03\/Massaro-Riunione-emergenza-Ucraina.mp4<\/a><\/video><\/div>\n<p>&nbsp;<\/p>\n<p>&nbsp;<\/p>\n<hr \/>\n<blockquote>\n<h3><a href=\"https:\/\/www.radiopiu.net\/wordpress\/wp-content\/uploads\/2022\/03\/banner-7031868_960_720.webp\"><img loading=\"lazy\" decoding=\"async\" class=\" wp-image-262212 alignleft\" src=\"https:\/\/www.radiopiu.net\/wordpress\/wp-content\/uploads\/2022\/03\/banner-7031868_960_720-300x200.webp\" alt=\"\" width=\"150\" height=\"100\" srcset=\"https:\/\/www.radiopiu.net\/wordpress\/wp-content\/uploads\/2022\/03\/banner-7031868_960_720-300x200.webp 300w, https:\/\/www.radiopiu.net\/wordpress\/wp-content\/uploads\/2022\/03\/banner-7031868_960_720-768x513.webp 768w, https:\/\/www.radiopiu.net\/wordpress\/wp-content\/uploads\/2022\/03\/banner-7031868_960_720.webp 960w\" sizes=\"auto, (max-width: 150px) 100vw, 150px\" \/><\/a>Un pensiero per il popolo Ucraino<\/h3>\n<p><strong>di Susy Dan, Falcade\u00a0<\/strong><br \/>\n&#8220;I\u00a0 versi di John Donne, poeta inglese del \u2018600, dedicati agli amici ucraini, per dirgli che la loro tragedia \u00e8 anche nostra e che partecipiamo alla loro sofferenza.<\/p>\n<p><em>\u201cNessun uomo \u00e8 un\u2019isola.\u00a0 <\/em><em>Completo in se stesso.\u00a0 <\/em><em>Ogni uomo \u00e8 parte della terra. <\/em><em>Una parte del tutto. <\/em><em>Se una zolla \u00e8 portata via dal mare l<\/em><em>\u2019Europa risulta essere pi\u00f9 piccola. <\/em><em>Come se fosse un promontorio.\u00a0 <\/em><em>Come se fosse una propriet\u00e0 di amici tuoi <\/em><em>Come se fosse tua. <\/em><em>La morte di ciascun uomo mi sminuisce.\u00a0 <\/em><em>Perch\u00e9 faccio parte del genere umano. <\/em><em>E perci\u00f2 non chiederti. <\/em><em>Per chi suoni la campana. <\/em><em>Suona per te\u201d<\/em><\/p><\/blockquote>\n<p>&nbsp;<\/p>\n<hr \/>\n<p>&nbsp;<\/p>\n<p><span style=\"color: #ff0000;\"><strong>OGGI I FUNERALI DI GIORGIO REDAELLI<\/strong><\/span><\/p>\n<blockquote>\n<h3>LA MORTE DI REDAELLI &#8220;UN AMICO CARO, UN AUTENTICO UOMO DELLA MONTAGNA&#8221;<\/h3>\n<\/blockquote>\n<p><strong><a class=\"dt-pswp-item\" href=\"https:\/\/www.radiopiu.net\/wordpress\/wp-content\/uploads\/2022\/03\/4707b5d8-e3d3-4222-ab3d-bf62048e42ce.jpg\" data-dt-img-description=\"\" data-large_image_width=\"785\" data-large_image_height=\"1600\"><img loading=\"lazy\" decoding=\"async\" class=\" wp-image-262370 alignleft\" src=\"https:\/\/www.radiopiu.net\/wordpress\/wp-content\/uploads\/2022\/03\/4707b5d8-e3d3-4222-ab3d-bf62048e42ce-147x300.jpg\" alt=\"\" width=\"110\" height=\"224\" srcset=\"https:\/\/www.radiopiu.net\/wordpress\/wp-content\/uploads\/2022\/03\/4707b5d8-e3d3-4222-ab3d-bf62048e42ce-147x300.jpg 147w, https:\/\/www.radiopiu.net\/wordpress\/wp-content\/uploads\/2022\/03\/4707b5d8-e3d3-4222-ab3d-bf62048e42ce-502x1024.jpg 502w, https:\/\/www.radiopiu.net\/wordpress\/wp-content\/uploads\/2022\/03\/4707b5d8-e3d3-4222-ab3d-bf62048e42ce-768x1565.jpg 768w, https:\/\/www.radiopiu.net\/wordpress\/wp-content\/uploads\/2022\/03\/4707b5d8-e3d3-4222-ab3d-bf62048e42ce-754x1536.jpg 754w, https:\/\/www.radiopiu.net\/wordpress\/wp-content\/uploads\/2022\/03\/4707b5d8-e3d3-4222-ab3d-bf62048e42ce.jpg 785w\" sizes=\"auto, (max-width: 110px) 100vw, 110px\" \/><\/a>REDAZIONE<\/strong> Sono giorni tristi per le genti della montagna, sono ore tristi per l&#8217;amico Loris Santomaso che ieri ha salutato Guido e oggi guarda al cielo, verso il Civetta, per l&#8217;ultimo saluto di Giorgio.<\/p>\n<p>Ricordi indelebili nelle parole di Loris che ci riportano a quella bella giornata in Valle di San Lucano ai piedi dell&#8217;Agner, oppure alla consegna del Premio Pelmo d&#8217;Oro nel 2016 a Santo Stefano di Cadore.<\/p>\n<p><strong>AUDIO<\/strong><\/p>\n<audio class=\"wp-audio-shortcode\" id=\"audio-262241-3\" preload=\"none\" style=\"width: 100%;\" controls=\"controls\"><source type=\"audio\/mpeg\" src=\"https:\/\/www.radiopiu.net\/wordpress\/wp-content\/uploads\/2022\/03\/LORIS-SANTOMASO.mp3?_=3\" \/><a href=\"https:\/\/www.radiopiu.net\/wordpress\/wp-content\/uploads\/2022\/03\/LORIS-SANTOMASO.mp3\">https:\/\/www.radiopiu.net\/wordpress\/wp-content\/uploads\/2022\/03\/LORIS-SANTOMASO.mp3<\/a><\/audio>\n<p>&nbsp;<\/p>\n\n\t\t\t<style type='text\/css'>\n\t\t\t\t#gallery-1 {\n\t\t\t\t\tmargin: auto;\n\t\t\t\t}\n\t\t\t\t#gallery-1 .gallery-item {\n\t\t\t\t\tfloat: left;\n\t\t\t\t\tmargin-top: 10px;\n\t\t\t\t\ttext-align: center;\n\t\t\t\t\twidth: 33%;\n\t\t\t\t}\n\t\t\t\t#gallery-1 img {\n\t\t\t\t\tborder: 2px solid #cfcfcf;\n\t\t\t\t}\n\t\t\t\t#gallery-1 .gallery-caption {\n\t\t\t\t\tmargin-left: 0;\n\t\t\t\t}\n\t\t\t\t\/* see gallery_shortcode() in wp-includes\/media.php *\/\n\t\t\t<\/style>\n\t\t<div id='gallery-1' class='dt-gallery-container gallery galleryid-262241 gallery-columns-3 gallery-size-thumbnail'><dl class='gallery-item'>\n\t\t\t\t<dt class='gallery-icon landscape'>\n\t\t\t\t\t<a class=\"rollover rollover-zoom dt-pswp-item\" title=\"giorgio e loris\" data-dt-img-description=\"\" data-large_image_width=\"1476\" data-large_image_height=\"1107\"href='https:\/\/www.radiopiu.net\/wordpress\/wp-content\/uploads\/2022\/03\/giorgio-e-loris.jpg'><img loading=\"lazy\" decoding=\"async\" width=\"150\" height=\"150\" src=\"https:\/\/www.radiopiu.net\/wordpress\/wp-content\/uploads\/2022\/03\/giorgio-e-loris-150x150.jpg\" class=\"attachment-thumbnail size-thumbnail\" alt=\"\" \/><\/a>\n\t\t\t\t<\/dt><\/dl><dl class='gallery-item'>\n\t\t\t\t<dt class='gallery-icon portrait'>\n\t\t\t\t\t<a class=\"rollover rollover-zoom dt-pswp-item\" title=\"4a42e5f9-b8b7-4f50-ba3f-696ea3dca10d\" data-dt-img-description=\"\" data-large_image_width=\"1183\" data-large_image_height=\"1185\"href='https:\/\/www.radiopiu.net\/wordpress\/wp-content\/uploads\/2022\/03\/4a42e5f9-b8b7-4f50-ba3f-696ea3dca10d.jpg'><img loading=\"lazy\" decoding=\"async\" width=\"150\" height=\"150\" src=\"https:\/\/www.radiopiu.net\/wordpress\/wp-content\/uploads\/2022\/03\/4a42e5f9-b8b7-4f50-ba3f-696ea3dca10d-150x150.jpg\" class=\"attachment-thumbnail size-thumbnail\" alt=\"\" srcset=\"https:\/\/www.radiopiu.net\/wordpress\/wp-content\/uploads\/2022\/03\/4a42e5f9-b8b7-4f50-ba3f-696ea3dca10d-150x150.jpg 150w, https:\/\/www.radiopiu.net\/wordpress\/wp-content\/uploads\/2022\/03\/4a42e5f9-b8b7-4f50-ba3f-696ea3dca10d-300x300.jpg 300w, https:\/\/www.radiopiu.net\/wordpress\/wp-content\/uploads\/2022\/03\/4a42e5f9-b8b7-4f50-ba3f-696ea3dca10d-1022x1024.jpg 1022w, https:\/\/www.radiopiu.net\/wordpress\/wp-content\/uploads\/2022\/03\/4a42e5f9-b8b7-4f50-ba3f-696ea3dca10d-768x769.jpg 768w, https:\/\/www.radiopiu.net\/wordpress\/wp-content\/uploads\/2022\/03\/4a42e5f9-b8b7-4f50-ba3f-696ea3dca10d.jpg 1183w\" sizes=\"auto, (max-width: 150px) 100vw, 150px\" \/><\/a>\n\t\t\t\t<\/dt><\/dl><dl class='gallery-item'>\n\t\t\t\t<dt class='gallery-icon landscape'>\n\t\t\t\t\t<a class=\"rollover rollover-zoom dt-pswp-item\" title=\"in valle di san lucano\" data-dt-img-description=\"\" data-large_image_width=\"1476\" data-large_image_height=\"1107\"href='https:\/\/www.radiopiu.net\/wordpress\/wp-content\/uploads\/2022\/03\/in-valle-di-san-lucano.jpg'><img loading=\"lazy\" decoding=\"async\" width=\"150\" height=\"150\" src=\"https:\/\/www.radiopiu.net\/wordpress\/wp-content\/uploads\/2022\/03\/in-valle-di-san-lucano-150x150.jpg\" class=\"attachment-thumbnail size-thumbnail\" alt=\"\" aria-describedby=\"gallery-1-262365\" \/><\/a>\n\t\t\t\t<\/dt>\n\t\t\t\t\t<dd class='wp-caption-text gallery-caption' id='gallery-1-262365'>\n\t\t\t\t\tin valle di san lucano\n\t\t\t\t\t<\/dd><\/dl><br style=\"clear: both\" \/><dl class='gallery-item'>\n\t\t\t\t<dt class='gallery-icon landscape'>\n\t\t\t\t\t<a class=\"rollover rollover-zoom dt-pswp-item\" title=\"in valle di san lucano\" data-dt-img-description=\"\" data-large_image_width=\"1476\" data-large_image_height=\"912\"href='https:\/\/www.radiopiu.net\/wordpress\/wp-content\/uploads\/2022\/03\/in-valle-di-san-lucano-1.jpg'><img loading=\"lazy\" decoding=\"async\" width=\"150\" height=\"150\" src=\"https:\/\/www.radiopiu.net\/wordpress\/wp-content\/uploads\/2022\/03\/in-valle-di-san-lucano-1-150x150.jpg\" class=\"attachment-thumbnail size-thumbnail\" alt=\"\" aria-describedby=\"gallery-1-262367\" \/><\/a>\n\t\t\t\t<\/dt>\n\t\t\t\t\t<dd class='wp-caption-text gallery-caption' id='gallery-1-262367'>\n\t\t\t\t\tin valle di san lucano\n\t\t\t\t\t<\/dd><\/dl><dl class='gallery-item'>\n\t\t\t\t<dt class='gallery-icon landscape'>\n\t\t\t\t\t<a class=\"rollover rollover-zoom dt-pswp-item\" title=\"pelmo d&#039;oro 2016\" data-dt-img-description=\"\" data-large_image_width=\"1600\" data-large_image_height=\"1200\"href='https:\/\/www.radiopiu.net\/wordpress\/wp-content\/uploads\/2022\/03\/pelmo-doro-2016.jpg'><img loading=\"lazy\" decoding=\"async\" width=\"150\" height=\"150\" src=\"https:\/\/www.radiopiu.net\/wordpress\/wp-content\/uploads\/2022\/03\/pelmo-doro-2016-150x150.jpg\" class=\"attachment-thumbnail size-thumbnail\" alt=\"\" aria-describedby=\"gallery-1-262369\" \/><\/a>\n\t\t\t\t<\/dt>\n\t\t\t\t\t<dd class='wp-caption-text gallery-caption' id='gallery-1-262369'>\n\t\t\t\t\tpelmo d&#8217;oro 2016\n\t\t\t\t\t<\/dd><\/dl><dl class='gallery-item'>\n\t\t\t\t<dt class='gallery-icon landscape'>\n\t\t\t\t\t<a class=\"rollover rollover-zoom dt-pswp-item\" title=\"Ton\" data-dt-img-description=\"\" data-large_image_width=\"1600\" data-large_image_height=\"1181\"href='https:\/\/www.radiopiu.net\/wordpress\/wp-content\/uploads\/2022\/03\/Ton.jpg'><img loading=\"lazy\" decoding=\"async\" width=\"150\" height=\"150\" src=\"https:\/\/www.radiopiu.net\/wordpress\/wp-content\/uploads\/2022\/03\/Ton-150x150.jpg\" class=\"attachment-thumbnail size-thumbnail\" alt=\"\" aria-describedby=\"gallery-1-262371\" \/><\/a>\n\t\t\t\t<\/dt>\n\t\t\t\t\t<dd class='wp-caption-text gallery-caption' id='gallery-1-262371'>\n\t\t\t\t\tToni Hiebeler, Ignazio Piussi, Giorgio Redaelli, Marcello Bonafede, Roberto Sorgato, Natalino Menegus) della prima invernale della Solleder del 1963, Redaelli re del Civetta e i tre della prima invernale alla Su Alto nel 1962 (Giorgio Ronchi, Roberto Sorgato, Giorgio Redaelli)\n\t\t\t\t\t<\/dd><\/dl><br style=\"clear: both\" \/>\n\t\t\t<\/div>\n\n<p>&nbsp;<\/p>\n<hr \/>\n<p>&nbsp;<\/p>\n<p>&nbsp;<\/p>\n<blockquote>\n<h2><strong>LA MONTAGNA PIANGE LA PERDITA DI DUE FIGLI<\/strong><\/h2>\n<\/blockquote>\n<div>\n<p><span style=\"color: #0000ff;\">DA CAI INFORM<\/span><\/p>\n<p><strong>AGORDO\u00a0<\/strong> Geograficamente distanti, Guido e Giorgio erano in realt\u00e0 fratelli: due degli innumerevoli figli che la madre-montagna ha generato sin dalla notte dei tempi. <strong>Guido Pagani <\/strong>socio della\u00a0 Sezione e <strong>Giorgio Redaelli <\/strong>alpinisticamente<strong>\u00a0<\/strong>agordino di adozione,<strong>\u00a0<\/strong>avevano nel sangue la stessa passione per la montagna; l&#8217;avevano scalata, amata e rispettata proprio come un figlio rispetta la propria madre. Stavolta non sono caduti mentre ne salivano le ripide pareti, la vita se li \u00e8 presi come fa tristemente ogni giorno in ogni parte del mondo con le persone comuni, ma per il mondo alpinistico rimane una grande perdita. <strong>Addio Guido<\/strong>,<strong> Addio Giorgio<\/strong>, avete lasciato questo mondo, le vostre famiglie e gli amici ma ci piace immaginare che ora lass\u00f9 vi siete trovati e dopo una vigorosa stretta di mano, formate una nuova forte cordata e continuate a scalare le montagne del cielo&#8230;.\u00a0 \u00a0La Sezione Agordina \u00e8 vicina alle famiglie in questo triste momento.<\/p>\n\n\t\t\t<style type='text\/css'>\n\t\t\t\t#gallery-2 {\n\t\t\t\t\tmargin: auto;\n\t\t\t\t}\n\t\t\t\t#gallery-2 .gallery-item {\n\t\t\t\t\tfloat: left;\n\t\t\t\t\tmargin-top: 10px;\n\t\t\t\t\ttext-align: center;\n\t\t\t\t\twidth: 50%;\n\t\t\t\t}\n\t\t\t\t#gallery-2 img {\n\t\t\t\t\tborder: 2px solid #cfcfcf;\n\t\t\t\t}\n\t\t\t\t#gallery-2 .gallery-caption {\n\t\t\t\t\tmargin-left: 0;\n\t\t\t\t}\n\t\t\t\t\/* see gallery_shortcode() in wp-includes\/media.php *\/\n\t\t\t<\/style>\n\t\t<div id='gallery-2' class='dt-gallery-container gallery galleryid-262241 gallery-columns-2 gallery-size-thumbnail'><dl class='gallery-item'>\n\t\t\t\t<dt class='gallery-icon portrait'>\n\t\t\t\t\t<a class=\"rollover rollover-zoom dt-pswp-item\" title=\"3af61079-b0d0-4826-f141-1db950849c20\" data-dt-img-description=\"\" data-large_image_width=\"810\" data-large_image_height=\"1302\"href='https:\/\/www.radiopiu.net\/wordpress\/wp-content\/uploads\/2022\/03\/3af61079-b0d0-4826-f141-1db950849c20.jpg'><img loading=\"lazy\" decoding=\"async\" width=\"150\" height=\"150\" src=\"https:\/\/www.radiopiu.net\/wordpress\/wp-content\/uploads\/2022\/03\/3af61079-b0d0-4826-f141-1db950849c20-150x150.jpg\" class=\"attachment-thumbnail size-thumbnail\" alt=\"\" aria-describedby=\"gallery-2-262468\" \/><\/a>\n\t\t\t\t<\/dt>\n\t\t\t\t\t<dd class='wp-caption-text gallery-caption' id='gallery-2-262468'>\n\t\t\t\t\tGUIDO\n\t\t\t\t\t<\/dd><\/dl><dl class='gallery-item'>\n\t\t\t\t<dt class='gallery-icon landscape'>\n\t\t\t\t\t<a class=\"rollover rollover-zoom dt-pswp-item\" title=\"ea98a83d-e80c-7eda-af66-b94a318ce221\" data-dt-img-description=\"\" data-large_image_width=\"696\" data-large_image_height=\"391\"href='https:\/\/www.radiopiu.net\/wordpress\/wp-content\/uploads\/2022\/03\/ea98a83d-e80c-7eda-af66-b94a318ce221.jpg'><img loading=\"lazy\" decoding=\"async\" width=\"150\" height=\"150\" src=\"https:\/\/www.radiopiu.net\/wordpress\/wp-content\/uploads\/2022\/03\/ea98a83d-e80c-7eda-af66-b94a318ce221-150x150.jpg\" class=\"attachment-thumbnail size-thumbnail\" alt=\"\" aria-describedby=\"gallery-2-262467\" \/><\/a>\n\t\t\t\t<\/dt>\n\t\t\t\t\t<dd class='wp-caption-text gallery-caption' id='gallery-2-262467'>\n\t\t\t\t\tGIORGIO\n\t\t\t\t\t<\/dd><\/dl><br style=\"clear: both\" \/>\n\t\t\t<\/div>\n\n<\/div>\n<p>&nbsp;<\/p>\n<hr \/>\n<p>&nbsp;<\/p>\n<blockquote>\n<h3>I CARABINIERI FORESTALI IN AIUTO ALLA SCIATRICE DOPO LO SCONTRO IN PISTA<\/h3>\n<\/blockquote>\n<p align=\"JUSTIFY\"><strong>COMELICO <\/strong>Anche i Carabinieri Forestali sono impegnati per la vigilanza e la sicurezza in pista, sempre presenti in caso di emergenza, come lunedi quando in uno scontro una sciatrice ha dovuto ricorrere alla cure dei sanitari.\u00a0 La pattuglia di carabinieri\u00a0 in frazione Padola non ha perso tempo e subito dopo l&#8217;incidente (scontro con un altro sciatore) la sciatrice \u00e8 stata soccorsa e la pista messa in sicurezza in attesa dell&#8217;arrivo dell&#8217;elicottero del Suem cos\u00ec da agevolarne l&#8217;atterraggio direttamente in pista. All&#8217;infortuata \u00e8 stato diagnosticato un trauma alla schiena, ed \u00e8 stata quindi trasportata all\u2019ospedale San Martino di Belluno.<\/p>\n\n\t\t\t<style type='text\/css'>\n\t\t\t\t#gallery-3 {\n\t\t\t\t\tmargin: auto;\n\t\t\t\t}\n\t\t\t\t#gallery-3 .gallery-item {\n\t\t\t\t\tfloat: left;\n\t\t\t\t\tmargin-top: 10px;\n\t\t\t\t\ttext-align: center;\n\t\t\t\t\twidth: 33%;\n\t\t\t\t}\n\t\t\t\t#gallery-3 img {\n\t\t\t\t\tborder: 2px solid #cfcfcf;\n\t\t\t\t}\n\t\t\t\t#gallery-3 .gallery-caption {\n\t\t\t\t\tmargin-left: 0;\n\t\t\t\t}\n\t\t\t\t\/* see gallery_shortcode() in wp-includes\/media.php *\/\n\t\t\t<\/style>\n\t\t<div id='gallery-3' class='dt-gallery-container gallery galleryid-262241 gallery-columns-3 gallery-size-thumbnail'><dl class='gallery-item'>\n\t\t\t\t<dt class='gallery-icon landscape'>\n\t\t\t\t\t<a class=\"rollover rollover-zoom dt-pswp-item\" title=\"178d96ec-a341-4dfb-b04d-ee0d8a679e95\" data-dt-img-description=\"\" data-large_image_width=\"1600\" data-large_image_height=\"1200\"href='https:\/\/www.radiopiu.net\/wordpress\/wp-content\/uploads\/2022\/03\/178d96ec-a341-4dfb-b04d-ee0d8a679e95.jpg'><img loading=\"lazy\" decoding=\"async\" width=\"150\" height=\"150\" src=\"https:\/\/www.radiopiu.net\/wordpress\/wp-content\/uploads\/2022\/03\/178d96ec-a341-4dfb-b04d-ee0d8a679e95-150x150.jpg\" class=\"attachment-thumbnail size-thumbnail\" alt=\"\" \/><\/a>\n\t\t\t\t<\/dt><\/dl><dl class='gallery-item'>\n\t\t\t\t<dt class='gallery-icon landscape'>\n\t\t\t\t\t<a class=\"rollover rollover-zoom dt-pswp-item\" title=\"cd412a9a-af48-46d8-90a5-41e0005313a3\" data-dt-img-description=\"\" data-large_image_width=\"1600\" data-large_image_height=\"1200\"href='https:\/\/www.radiopiu.net\/wordpress\/wp-content\/uploads\/2022\/03\/cd412a9a-af48-46d8-90a5-41e0005313a3.jpg'><img loading=\"lazy\" decoding=\"async\" width=\"150\" height=\"150\" src=\"https:\/\/www.radiopiu.net\/wordpress\/wp-content\/uploads\/2022\/03\/cd412a9a-af48-46d8-90a5-41e0005313a3-150x150.jpg\" class=\"attachment-thumbnail size-thumbnail\" alt=\"\" \/><\/a>\n\t\t\t\t<\/dt><\/dl><dl class='gallery-item'>\n\t\t\t\t<dt class='gallery-icon landscape'>\n\t\t\t\t\t<a class=\"rollover rollover-zoom dt-pswp-item\" title=\"97045349-2fd8-4274-aeee-877f1ea6df95\" data-dt-img-description=\"\" data-large_image_width=\"1600\" data-large_image_height=\"1200\"href='https:\/\/www.radiopiu.net\/wordpress\/wp-content\/uploads\/2022\/03\/97045349-2fd8-4274-aeee-877f1ea6df95.jpg'><img loading=\"lazy\" decoding=\"async\" width=\"150\" height=\"150\" src=\"https:\/\/www.radiopiu.net\/wordpress\/wp-content\/uploads\/2022\/03\/97045349-2fd8-4274-aeee-877f1ea6df95-150x150.jpg\" class=\"attachment-thumbnail size-thumbnail\" alt=\"\" \/><\/a>\n\t\t\t\t<\/dt><\/dl><br style=\"clear: both\" \/>\n\t\t\t<\/div>\n\n<p>&nbsp;<\/p>\n<hr \/>\n<p>&nbsp;<\/p>\n<blockquote>\n<h3>CARABINIERI SUGLI SCI IMPEGNATI DI BUON MATTINO<\/h3>\n<\/blockquote>\n<p><strong>LIVINALLONGO<\/strong> Ultimo di carnevale, al culmine della stagione invernale con tanti sciatori sugli sci. Immancabili gli incidenti. Ieri nel comprensorio Arabba-Marmolada, lungo la pista Campolongo due sciatori sono entrati in collisione. S.M. 62 anni di Roma \u00e8 stato urtato alle spalle da un secondo sciatore. I Carabinieri lo hanno subito soccorso mettendo in sicurezza la pista prima dell&#8217;arrivo dell&#8217;elicottero del Suem che ha trasportato lo sfortunato sciatore all&#8217;ospedale San Martino di Belluno con una sospetta frattura dell&#8217;omero.<\/p>\n\n\t\t\t<style type='text\/css'>\n\t\t\t\t#gallery-4 {\n\t\t\t\t\tmargin: auto;\n\t\t\t\t}\n\t\t\t\t#gallery-4 .gallery-item {\n\t\t\t\t\tfloat: left;\n\t\t\t\t\tmargin-top: 10px;\n\t\t\t\t\ttext-align: center;\n\t\t\t\t\twidth: 50%;\n\t\t\t\t}\n\t\t\t\t#gallery-4 img {\n\t\t\t\t\tborder: 2px solid #cfcfcf;\n\t\t\t\t}\n\t\t\t\t#gallery-4 .gallery-caption {\n\t\t\t\t\tmargin-left: 0;\n\t\t\t\t}\n\t\t\t\t\/* see gallery_shortcode() in wp-includes\/media.php *\/\n\t\t\t<\/style>\n\t\t<div id='gallery-4' class='dt-gallery-container gallery galleryid-262241 gallery-columns-2 gallery-size-medium'><dl class='gallery-item'>\n\t\t\t\t<dt class='gallery-icon landscape'>\n\t\t\t\t\t<a class=\"rollover rollover-zoom dt-pswp-item\" title=\"8a5b3ee9-ec2b-4bde-b427-c3ca8feea8d0\" data-dt-img-description=\"\" data-large_image_width=\"1600\" data-large_image_height=\"1200\"href='https:\/\/www.radiopiu.net\/wordpress\/wp-content\/uploads\/2022\/03\/8a5b3ee9-ec2b-4bde-b427-c3ca8feea8d0.jpg'><img loading=\"lazy\" decoding=\"async\" width=\"300\" height=\"225\" src=\"https:\/\/www.radiopiu.net\/wordpress\/wp-content\/uploads\/2022\/03\/8a5b3ee9-ec2b-4bde-b427-c3ca8feea8d0-300x225.jpg\" class=\"attachment-medium size-medium\" alt=\"\" srcset=\"https:\/\/www.radiopiu.net\/wordpress\/wp-content\/uploads\/2022\/03\/8a5b3ee9-ec2b-4bde-b427-c3ca8feea8d0-300x225.jpg 300w, https:\/\/www.radiopiu.net\/wordpress\/wp-content\/uploads\/2022\/03\/8a5b3ee9-ec2b-4bde-b427-c3ca8feea8d0-1024x768.jpg 1024w, https:\/\/www.radiopiu.net\/wordpress\/wp-content\/uploads\/2022\/03\/8a5b3ee9-ec2b-4bde-b427-c3ca8feea8d0-768x576.jpg 768w, https:\/\/www.radiopiu.net\/wordpress\/wp-content\/uploads\/2022\/03\/8a5b3ee9-ec2b-4bde-b427-c3ca8feea8d0-1536x1152.jpg 1536w, https:\/\/www.radiopiu.net\/wordpress\/wp-content\/uploads\/2022\/03\/8a5b3ee9-ec2b-4bde-b427-c3ca8feea8d0.jpg 1600w\" sizes=\"auto, (max-width: 300px) 100vw, 300px\" \/><\/a>\n\t\t\t\t<\/dt><\/dl><dl class='gallery-item'>\n\t\t\t\t<dt class='gallery-icon landscape'>\n\t\t\t\t\t<a class=\"rollover rollover-zoom dt-pswp-item\" title=\"08cc8066-d837-48ce-920a-71294491178c\" data-dt-img-description=\"\" data-large_image_width=\"1600\" data-large_image_height=\"1200\"href='https:\/\/www.radiopiu.net\/wordpress\/wp-content\/uploads\/2022\/03\/08cc8066-d837-48ce-920a-71294491178c.jpg'><img loading=\"lazy\" decoding=\"async\" width=\"300\" height=\"225\" src=\"https:\/\/www.radiopiu.net\/wordpress\/wp-content\/uploads\/2022\/03\/08cc8066-d837-48ce-920a-71294491178c-300x225.jpg\" class=\"attachment-medium size-medium\" alt=\"\" srcset=\"https:\/\/www.radiopiu.net\/wordpress\/wp-content\/uploads\/2022\/03\/08cc8066-d837-48ce-920a-71294491178c-300x225.jpg 300w, https:\/\/www.radiopiu.net\/wordpress\/wp-content\/uploads\/2022\/03\/08cc8066-d837-48ce-920a-71294491178c-1024x768.jpg 1024w, https:\/\/www.radiopiu.net\/wordpress\/wp-content\/uploads\/2022\/03\/08cc8066-d837-48ce-920a-71294491178c-768x576.jpg 768w, https:\/\/www.radiopiu.net\/wordpress\/wp-content\/uploads\/2022\/03\/08cc8066-d837-48ce-920a-71294491178c-1536x1152.jpg 1536w, https:\/\/www.radiopiu.net\/wordpress\/wp-content\/uploads\/2022\/03\/08cc8066-d837-48ce-920a-71294491178c.jpg 1600w\" sizes=\"auto, (max-width: 300px) 100vw, 300px\" \/><\/a>\n\t\t\t\t<\/dt><\/dl><br style=\"clear: both\" \/>\n\t\t\t<\/div>\n\n<p>&nbsp;<\/p>\n<hr \/>\n<p>&nbsp;<\/p>\n<blockquote>\n<h3>L&#8217;ULTIMO DI MASSARO &#8220;LA CITTA&#8217; E&#8217; IN SALUTE, IN DIECI ANNI PIU&#8217; ATTIVITA&#8217; ECONOMICHE E MENO DISOCCUPATI&#8221;<\/h3>\n<\/blockquote>\n<p><strong><img loading=\"lazy\" decoding=\"async\" class=\"alignleft\" src=\"https:\/\/www.radiopiu.net\/wordpress\/wp-content\/uploads\/2022\/02\/Palazzo-rosso-illuminato-1-scaled.jpg\" width=\"201\" height=\"134\" \/>BELLUNO<\/strong><\/p>\n<p><strong>di MORENO GIOLI<\/strong><\/p>\n<audio class=\"wp-audio-shortcode\" id=\"audio-262241-4\" preload=\"none\" style=\"width: 100%;\" controls=\"controls\"><source type=\"audio\/mpeg\" src=\"https:\/\/www.radiopiu.net\/wordpress\/wp-content\/uploads\/2022\/03\/MORENO-CONSIGLIO.mp3?_=4\" \/><a href=\"https:\/\/www.radiopiu.net\/wordpress\/wp-content\/uploads\/2022\/03\/MORENO-CONSIGLIO.mp3\">https:\/\/www.radiopiu.net\/wordpress\/wp-content\/uploads\/2022\/03\/MORENO-CONSIGLIO.mp3<\/a><\/audio>\n<p>&nbsp;<\/p>\n<p>&nbsp;<\/p>\n<hr \/>\n<blockquote>\n<h3><\/h3>\n<h3>GUARDIA DI FINANZA E PROVINCIA SIGLANO IL PROTOCOLLO PER IL PNRR<\/h3>\n<\/blockquote>\n<p><strong>di MORENO GIOLI<\/strong><\/p>\n<audio class=\"wp-audio-shortcode\" id=\"audio-262241-5\" preload=\"none\" style=\"width: 100%;\" controls=\"controls\"><source type=\"audio\/mpeg\" src=\"https:\/\/www.radiopiu.net\/wordpress\/wp-content\/uploads\/2022\/03\/moreno-gioli.mp3?_=5\" \/><a href=\"https:\/\/www.radiopiu.net\/wordpress\/wp-content\/uploads\/2022\/03\/moreno-gioli.mp3\">https:\/\/www.radiopiu.net\/wordpress\/wp-content\/uploads\/2022\/03\/moreno-gioli.mp3<\/a><\/audio>\n<blockquote><p><em><span dir=\"ltr\" role=\"presentation\">La Provincia di Belluno segnaler\u00e0 gli interventi, i realizzatori o esecutori che presentino particolari elementi di <\/span><span dir=\"ltr\" role=\"presentation\">rischio, affinch\u00e9 la Guardia di Finanza possa attuare autonome attivit\u00e0 di analisi e controllo e contrasto ad <\/span><span dir=\"ltr\" role=\"presentation\">eventuali abusi o illeciti.<\/span><\/em><\/p><\/blockquote>\n<p>&nbsp;<\/p>\n<p><strong><a class=\"dt-pswp-item\" href=\"https:\/\/www.radiopiu.net\/wordpress\/wp-content\/uploads\/2022\/03\/06b93454-aea2-4e14-8f73-55eb808c2896.jpg\" data-dt-img-description=\"\" data-large_image_width=\"2000\" data-large_image_height=\"1128\"><img loading=\"lazy\" decoding=\"async\" class=\" wp-image-262386 alignleft\" src=\"https:\/\/www.radiopiu.net\/wordpress\/wp-content\/uploads\/2022\/03\/06b93454-aea2-4e14-8f73-55eb808c2896-300x169.jpg\" alt=\"\" width=\"241\" height=\"136\" srcset=\"https:\/\/www.radiopiu.net\/wordpress\/wp-content\/uploads\/2022\/03\/06b93454-aea2-4e14-8f73-55eb808c2896-300x169.jpg 300w, https:\/\/www.radiopiu.net\/wordpress\/wp-content\/uploads\/2022\/03\/06b93454-aea2-4e14-8f73-55eb808c2896-1024x578.jpg 1024w, https:\/\/www.radiopiu.net\/wordpress\/wp-content\/uploads\/2022\/03\/06b93454-aea2-4e14-8f73-55eb808c2896-768x433.jpg 768w, https:\/\/www.radiopiu.net\/wordpress\/wp-content\/uploads\/2022\/03\/06b93454-aea2-4e14-8f73-55eb808c2896-1536x866.jpg 1536w, https:\/\/www.radiopiu.net\/wordpress\/wp-content\/uploads\/2022\/03\/06b93454-aea2-4e14-8f73-55eb808c2896.jpg 2000w\" sizes=\"auto, (max-width: 241px) 100vw, 241px\" \/><\/a>BELLUNO<\/strong> <span dir=\"ltr\" role=\"presentation\">La Provincia di Belluno con il Presidente Roberto Padrin e il Comando Provinciale della Guardia di Finanza con il Comandante Colonello Dario Guarino hanno siglato un <\/span><span dir=\"ltr\" role=\"presentation\">protocollo d\u2019intesa, al fine di garantire un adeguato presidio di legalit\u00e0 a tutela delle risorse del Piano Nazionale <\/span><span dir=\"ltr\" role=\"presentation\">di Ripresa e Resilienza (Pnrr). <\/span><span dir=\"ltr\" role=\"presentation\">L&#8217;accordo ha lo scopo di dare concreta attuazione alle linee guida stabilite a livello europeo e nazionale per <\/span><span dir=\"ltr\" role=\"presentation\">accompagnare e vigilare nell\u2019attuazione di questo piano di sostegno economico e finanziario straordinario. <\/span><span dir=\"ltr\" role=\"presentation\">Saranno attuate le pi\u00f9 strette sinergie tra le Amministrazioni coinvolte, in maniera tale da prevenire e contrastare <\/span><span dir=\"ltr\" role=\"presentation\">i casi di frode, corruzione, conflitti d\u2019interesse e doppi finanziamenti. <\/span><span dir=\"ltr\" role=\"presentation\">La Provincia di Belluno ha dunque manifestato piena volont\u00e0 di collaborazione con le Fiamme Gialle, i cui <\/span><span dir=\"ltr\" role=\"presentation\">compiti istituzionali comprendono la prevenzione, ricerca e repressione delle violazioni in materia di uscite al <\/span><span dir=\"ltr\" role=\"presentation\">bilancio dell\u2019Unione Europea, di risorse e mezzi finanziari impiegati a fronte di uscite del bilancio pubblico <\/span><span dir=\"ltr\" role=\"presentation\">nonch\u00e9 di programmi pubblici di spesa e di ogni altro interesse economico-finanziario nazionale o dell\u2019Unione <\/span><span dir=\"ltr\" role=\"presentation\">Europea. <\/span><span dir=\"ltr\" role=\"presentation\">Con l\u2019intesa firmata oggi, le parti si impegnano ad assicurare un flusso reciproco di notizie e di dati utili, al fine <\/span><span dir=\"ltr\" role=\"presentation\">di una maggiore efficacia nel perseguimento dei rispettivi fini istituzionali, in modo tale da rafforzare la tutela <\/span><span dir=\"ltr\" role=\"presentation\">della legalit\u00e0 dell\u2019azione amministrativa relativa all\u2019utilizzo di risorse pubbliche, prime fra tutte quelle destinate <\/span><span dir=\"ltr\" role=\"presentation\">al PNRR.<\/span><\/p>\n<p><strong>\u00a0alla radio<\/strong><\/p>\n<p><span style=\"color: #ff00ff;\"><strong>IL COMANDANTE DARIO GUARINO<\/strong><\/span><\/p>\n<audio class=\"wp-audio-shortcode\" id=\"audio-262241-6\" preload=\"none\" style=\"width: 100%;\" controls=\"controls\"><source type=\"audio\/mpeg\" src=\"https:\/\/www.radiopiu.net\/wordpress\/wp-content\/uploads\/2022\/03\/IL-COMANDANTE.mp3?_=6\" \/><a href=\"https:\/\/www.radiopiu.net\/wordpress\/wp-content\/uploads\/2022\/03\/IL-COMANDANTE.mp3\">https:\/\/www.radiopiu.net\/wordpress\/wp-content\/uploads\/2022\/03\/IL-COMANDANTE.mp3<\/a><\/audio>\n<p><span style=\"color: #ff00ff;\"><strong>\u00a0<\/strong><\/span><\/p>\n<p><span style=\"color: #ff00ff;\"><strong>IL PRESIDENTE DELLA PROVINCIA ROBERTO PADRIN\u00a0<\/strong><\/span><\/p>\n<audio class=\"wp-audio-shortcode\" id=\"audio-262241-7\" preload=\"none\" style=\"width: 100%;\" controls=\"controls\"><source type=\"audio\/mpeg\" src=\"https:\/\/www.radiopiu.net\/wordpress\/wp-content\/uploads\/2022\/03\/IL-PRESIDENTE.mp3?_=7\" \/><a href=\"https:\/\/www.radiopiu.net\/wordpress\/wp-content\/uploads\/2022\/03\/IL-PRESIDENTE.mp3\">https:\/\/www.radiopiu.net\/wordpress\/wp-content\/uploads\/2022\/03\/IL-PRESIDENTE.mp3<\/a><\/audio>\n<p>&nbsp;<\/p>\n<p>&nbsp;<\/p>\n<hr \/>\n<p>&nbsp;<\/p>\n<blockquote>\n<h3>TURISMO NEL BELLUNESE, IMPIETOSA LA &#8220;FOTOGRAFIA&#8221; DALL&#8217;ANALISI DELLA CGIA DI MESTRE<\/h3>\n<\/blockquote>\n<p><em>Scopel. \u201cI segnali di ripresa ci sono, ma occorre avere una visione flessibile: nel Feltrino il gioco di squadra sta portando buoni risultati\u201d.<\/em><\/p>\n<p><a class=\"dt-pswp-item\" href=\"https:\/\/www.radiopiu.net\/wordpress\/wp-content\/uploads\/2021\/08\/972ec435-fa04-49e8-bf1e-048263cab367.jpg\" data-dt-img-description=\"\" data-large_image_width=\"1024\" data-large_image_height=\"684\"><img loading=\"lazy\" decoding=\"async\" class=\"wp-image-226219 alignleft\" src=\"https:\/\/www.radiopiu.net\/wordpress\/wp-content\/uploads\/2021\/08\/972ec435-fa04-49e8-bf1e-048263cab367-300x200.jpg\" alt=\"\" width=\"200\" height=\"133\" srcset=\"https:\/\/www.radiopiu.net\/wordpress\/wp-content\/uploads\/2021\/08\/972ec435-fa04-49e8-bf1e-048263cab367-300x200.jpg 300w, https:\/\/www.radiopiu.net\/wordpress\/wp-content\/uploads\/2021\/08\/972ec435-fa04-49e8-bf1e-048263cab367-768x513.jpg 768w, https:\/\/www.radiopiu.net\/wordpress\/wp-content\/uploads\/2021\/08\/972ec435-fa04-49e8-bf1e-048263cab367.jpg 1024w\" sizes=\"auto, (max-width: 200px) 100vw, 200px\" \/><\/a>L\u2019ultimo report del Centro Studi della CGIA di Mestre relativo all\u2019economia bellunese presenta alcune luci, ma anche molte ombre, relative soprattutto al settore turistico. Lo studio sottolinea in particolare &#8211; una volta di pi\u00f9 &#8211; come il comparto ricettivo mostri nell\u2019ultimo decennio evidenti segni di stagnazione nella provincia, a fronte di una situazione ben diversa in molte altre aree dell\u2019arco Alpino, dove si \u00e8 invece registrata una crescita a doppia cifra. Dario Scopel ricorda l\u2019esperienza coordinata dall\u2019Unione Montana Feltrina dove da alcuni anni, anche in concomitanza con l\u2019introduzione della tassa di soggiorno, la promozione turistica del territorio sta mostrando segnali di crescita molto interessanti.<br \/>\nstraordinari acceleratori.<\/p>\n<p><strong>AUDIO, Dario Scopel<\/strong><\/p>\n<audio class=\"wp-audio-shortcode\" id=\"audio-262241-8\" preload=\"none\" style=\"width: 100%;\" controls=\"controls\"><source type=\"audio\/mpeg\" src=\"https:\/\/www.radiopiu.net\/wordpress\/wp-content\/uploads\/2022\/03\/scopel.mp3?_=8\" \/><a href=\"https:\/\/www.radiopiu.net\/wordpress\/wp-content\/uploads\/2022\/03\/scopel.mp3\">https:\/\/www.radiopiu.net\/wordpress\/wp-content\/uploads\/2022\/03\/scopel.mp3<\/a><\/audio>\n<p>&nbsp;<\/p>\n<hr \/>\n<p>&nbsp;<\/p>\n<p><strong><span style=\"color: #ff0000;\">PAGARE TASSE DA SERIE A PER SERVIZI DI SERIE M<\/span><\/strong><\/p>\n<div class=\"page-title-head hgroup\">\n<blockquote>\n<h3 class=\"entry-title\">REN DI GOSALDO, DAL 2020 DUE PONTI IN MENO, IL TERZO COMPROMESSO. DOPO ANNI DI INCURIA LA NATURA SI E&#8217; RIPRESA IL TERRITORIO CON VAIA, POI PIU&#8217; NESSUNO HA PROVVEDUTO A PULIRE GLI ALVEI DEI TORRENTI E NEL 2020 IL &#8220;CUGINO&#8221; DI VAIA HA FATTO IL RESTO. OGGI CHI ABITA NELLE FRAZIONI PUO&#8217; SOLO GUADARE IL TORRENTE, I PONTI SONO UN LONTANO RICORDO<\/h3>\n<\/blockquote>\n<p class=\"entry-title\"><img loading=\"lazy\" decoding=\"async\" class=\"alignleft\" src=\"https:\/\/www.radiopiu.net\/wordpress\/wp-content\/uploads\/2022\/03\/IMG_20220228_124037-scaled.jpg\" width=\"179\" height=\"101\" \/><strong>DI GIANNI SANTOMASO<\/strong><\/p>\n<\/div>\n<p>&nbsp;<\/p>\n<audio class=\"wp-audio-shortcode\" id=\"audio-262241-9\" preload=\"none\" style=\"width: 100%;\" controls=\"controls\"><source type=\"audio\/mpeg\" src=\"https:\/\/www.radiopiu.net\/wordpress\/wp-content\/uploads\/2022\/03\/gianni-principale.mp3?_=9\" \/><a href=\"https:\/\/www.radiopiu.net\/wordpress\/wp-content\/uploads\/2022\/03\/gianni-principale.mp3\">https:\/\/www.radiopiu.net\/wordpress\/wp-content\/uploads\/2022\/03\/gianni-principale.mp3<\/a><\/audio>\n<p>&nbsp;<\/p>\n<p><span style=\"color: #ff0000;\"><strong>LO SPECIALE ALLA RADIO, AUDIO, VIDEO, FOTO, INTERVISTE E COMMENTI<\/strong><\/span><\/p>\n<blockquote class=\"wp-embedded-content\" data-secret=\"BfUY7wZPy0\"><p><a href=\"https:\/\/www.radiopiu.net\/wordpress\/ren-di-gosaldo-dal-2020-due-ponti-in-meno-il-terzo-compromesso-di-gianni-santomaso\/\">REN DI GOSALDO, DAL 2020 DUE PONTI IN MENO, IL TERZO COMPROMESSO di  GIANNI SANTOMASO<\/a><\/p><\/blockquote>\n<p><iframe loading=\"lazy\" class=\"wp-embedded-content\" sandbox=\"allow-scripts\" security=\"restricted\" style=\"position: absolute; clip: rect(1px, 1px, 1px, 1px);\" title=\"&#8220;REN DI GOSALDO, DAL 2020 DUE PONTI IN MENO, IL TERZO COMPROMESSO di  GIANNI SANTOMASO&#8221; &#8212; Radio Pi\u00f9\" src=\"https:\/\/www.radiopiu.net\/wordpress\/ren-di-gosaldo-dal-2020-due-ponti-in-meno-il-terzo-compromesso-di-gianni-santomaso\/embed\/#?secret=BfUY7wZPy0\" data-secret=\"BfUY7wZPy0\" width=\"600\" height=\"338\" frameborder=\"0\" marginwidth=\"0\" marginheight=\"0\" scrolling=\"no\"><\/iframe><\/p>\n<p>&nbsp;<\/p>\n<p>&nbsp;<\/p>\n<hr \/>\n<p>&nbsp;<\/p>\n<p>&nbsp;<\/p>\n<p>&nbsp;<\/p>\n<blockquote>\n<h2>L&#8217;ULTIMO COMPRESSORE, LA FOTO CONSEGNATA ALLA STORIA<\/h2>\n<p>Stefano Bona, Fiom Cgil <em>&#8220;Un patrimonio di meccanica, tecnologia, saperi operai, dilapidato per supponente inerzia&#8221;\u00a0<\/em><\/p>\n<p>&nbsp;<\/p><\/blockquote>\n<p><strong><a class=\"dt-pswp-item\" href=\"https:\/\/www.radiopiu.net\/wordpress\/wp-content\/uploads\/2022\/03\/083392cf-e663-4468-ae46-ab3d80189f29.jpg\" data-dt-img-description=\"\" data-large_image_width=\"1080\" data-large_image_height=\"810\"><img loading=\"lazy\" decoding=\"async\" class=\" wp-image-262501 alignleft\" src=\"https:\/\/www.radiopiu.net\/wordpress\/wp-content\/uploads\/2022\/03\/083392cf-e663-4468-ae46-ab3d80189f29-300x225.jpg\" alt=\"\" width=\"251\" height=\"188\" srcset=\"https:\/\/www.radiopiu.net\/wordpress\/wp-content\/uploads\/2022\/03\/083392cf-e663-4468-ae46-ab3d80189f29-300x225.jpg 300w, https:\/\/www.radiopiu.net\/wordpress\/wp-content\/uploads\/2022\/03\/083392cf-e663-4468-ae46-ab3d80189f29-1024x768.jpg 1024w, https:\/\/www.radiopiu.net\/wordpress\/wp-content\/uploads\/2022\/03\/083392cf-e663-4468-ae46-ab3d80189f29-768x576.jpg 768w, https:\/\/www.radiopiu.net\/wordpress\/wp-content\/uploads\/2022\/03\/083392cf-e663-4468-ae46-ab3d80189f29.jpg 1080w\" sizes=\"auto, (max-width: 251px) 100vw, 251px\" \/><\/a>BORGO VALBELLUNA<\/strong> Una foto da consegnare alla storia, perch\u00e9 non si dimentichi che dal 1968\u00a0 la localit\u00e0 Mel,\u00a0 molto spesso \u00e8 stata abbinata alla parola compressore, come occhiale con Agordo o le ceramiche di Trichiana e l&#8217;elenco \u00e8 ancora lungo perch\u00e9 il bellunese \u00e8 anche questo, imprenditori che hanno segnato la storia\u00a0 e marchiato il territorio. Ci sono pi\u00f9 generazioni che la chiamano ancora Zanussi, la Zanussi di Mel giusto per rimarcare il concetto. In pochi si sono affezionati alla parola Acc e molti meno ancora alla cinese Wambaoo. Questa foto ci presenta un gruppo di operai, gli <em>\u00a0&#8220;angeli della nebbia&#8221;,<\/em> cos\u00ec li chiamava Stefano Bona, uomini e donne in corteo in un dicembre bellunese di qualche anno fa, quando tutto sembrava irrimediabilmente perduto. E&#8217; il gruppo di lavoro dell&#8217;ultimo turno del pomeriggio, quello che ha messo le mani sull&#8217;ultimo compressore, l&#8217;ultimo prodotto dal dopo Vajont ad oggi per un totale di 280 milioni di pezzi. (mm)<\/p>\n<p>&nbsp;<\/p>\n<p><a class=\"dt-pswp-item\" href=\"https:\/\/www.radiopiu.net\/wordpress\/wp-content\/uploads\/2022\/03\/b9cded26-a60e-47ae-a206-e1e04e80ecda.jpg\" data-dt-img-description=\"\" data-large_image_width=\"1600\" data-large_image_height=\"1200\"><img loading=\"lazy\" decoding=\"async\" class=\" wp-image-262440 aligncenter\" src=\"https:\/\/www.radiopiu.net\/wordpress\/wp-content\/uploads\/2022\/03\/b9cded26-a60e-47ae-a206-e1e04e80ecda-300x225.jpg\" alt=\"\" width=\"448\" height=\"336\" srcset=\"https:\/\/www.radiopiu.net\/wordpress\/wp-content\/uploads\/2022\/03\/b9cded26-a60e-47ae-a206-e1e04e80ecda-300x225.jpg 300w, https:\/\/www.radiopiu.net\/wordpress\/wp-content\/uploads\/2022\/03\/b9cded26-a60e-47ae-a206-e1e04e80ecda-1024x768.jpg 1024w, https:\/\/www.radiopiu.net\/wordpress\/wp-content\/uploads\/2022\/03\/b9cded26-a60e-47ae-a206-e1e04e80ecda-768x576.jpg 768w, https:\/\/www.radiopiu.net\/wordpress\/wp-content\/uploads\/2022\/03\/b9cded26-a60e-47ae-a206-e1e04e80ecda-1536x1152.jpg 1536w, https:\/\/www.radiopiu.net\/wordpress\/wp-content\/uploads\/2022\/03\/b9cded26-a60e-47ae-a206-e1e04e80ecda.jpg 1600w\" sizes=\"auto, (max-width: 448px) 100vw, 448px\" \/><\/a><\/p>\n<p>&nbsp;<\/p>\n<p>&nbsp;<\/p>\n<hr \/>\n<p><span style=\"color: #ff0000;\"><strong>\u00a0<\/strong><\/span><\/p>\n<p><span style=\"color: #ff0000;\"><strong>\u00a0<\/strong><\/span><\/p>\n<p><span style=\"color: #ff0000;\"><strong>COVID NELL&#8217;AGORDINO, AGGIORNAMENTO POSITIVI NEI 16 COMUNI<\/strong><\/span><\/p>\n<p><strong> COLLE<\/strong> 0<strong>, AGORDO<\/strong> 50, <strong>TAIBON<\/strong> 10 <strong>SELVA DI CADORE<\/strong> 2, <strong>RIVAMONTE<\/strong> 3,, ,<strong>ROCCA PIETORE<\/strong> 3, <strong>VALLADA<\/strong> 3,, <strong>LA VALLE<\/strong> 3 <strong>CANALE D&#8217;AGORDO<\/strong> 3, <strong>GOSALDO<\/strong> 1<strong> SAN TOMASO<\/strong> 1\u200b<\/p>\n<p>&nbsp;<\/p>\n<p>&nbsp;<\/p>\n<blockquote class=\"wp-embedded-content\" data-secret=\"m28ZxtPWls\"><p><a href=\"https:\/\/www.radiopiu.net\/wordpress\/ag01marzo22a\/\">CORONAVIRUS: AGGIORNAMENTO NAZIONALE 01 MARZO 2022<\/a><\/p><\/blockquote>\n<p><iframe loading=\"lazy\" class=\"wp-embedded-content\" sandbox=\"allow-scripts\" security=\"restricted\" style=\"position: absolute; clip: rect(1px, 1px, 1px, 1px);\" title=\"&#8220;CORONAVIRUS: AGGIORNAMENTO NAZIONALE 01 MARZO 2022&#8221; &#8212; Radio Pi\u00f9\" src=\"https:\/\/www.radiopiu.net\/wordpress\/ag01marzo22a\/embed\/#?secret=m28ZxtPWls\" data-secret=\"m28ZxtPWls\" width=\"600\" height=\"338\" frameborder=\"0\" marginwidth=\"0\" marginheight=\"0\" scrolling=\"no\"><\/iframe><\/p>\n<p>&nbsp;<\/p>\n<blockquote class=\"wp-embedded-content\" data-secret=\"MzBEQgzWZM\"><p><a href=\"https:\/\/www.radiopiu.net\/wordpress\/aumentano-le-terapie-intensive-4447-nuove-positivita-e-19-decessi\/\">AUMENTANO LE TERAPIE INTENSIVE, 4447 NUOVE POSITIVITA&#8217; E 19 DECESSI IN VENETO NELLE ULTIME 24 ORE<\/a><\/p><\/blockquote>\n<p><iframe loading=\"lazy\" class=\"wp-embedded-content\" sandbox=\"allow-scripts\" security=\"restricted\" style=\"position: absolute; clip: rect(1px, 1px, 1px, 1px);\" title=\"&#8220;AUMENTANO LE TERAPIE INTENSIVE, 4447 NUOVE POSITIVITA&#8217; E 19 DECESSI IN VENETO NELLE ULTIME 24 ORE&#8221; &#8212; Radio Pi\u00f9\" src=\"https:\/\/www.radiopiu.net\/wordpress\/aumentano-le-terapie-intensive-4447-nuove-positivita-e-19-decessi\/embed\/#?secret=MzBEQgzWZM\" data-secret=\"MzBEQgzWZM\" width=\"600\" height=\"338\" frameborder=\"0\" marginwidth=\"0\" marginheight=\"0\" scrolling=\"no\"><\/iframe><\/p>\n<p>&nbsp;<\/p>\n<h2>I GRAFICI DI TIZIANO DE COL<\/h2>\n\n\t\t\t<style type='text\/css'>\n\t\t\t\t#gallery-5 {\n\t\t\t\t\tmargin: auto;\n\t\t\t\t}\n\t\t\t\t#gallery-5 .gallery-item {\n\t\t\t\t\tfloat: left;\n\t\t\t\t\tmargin-top: 10px;\n\t\t\t\t\ttext-align: center;\n\t\t\t\t\twidth: 33%;\n\t\t\t\t}\n\t\t\t\t#gallery-5 img {\n\t\t\t\t\tborder: 2px solid #cfcfcf;\n\t\t\t\t}\n\t\t\t\t#gallery-5 .gallery-caption {\n\t\t\t\t\tmargin-left: 0;\n\t\t\t\t}\n\t\t\t\t\/* see gallery_shortcode() in wp-includes\/media.php *\/\n\t\t\t<\/style>\n\t\t<div id='gallery-5' class='dt-gallery-container gallery galleryid-262241 gallery-columns-3 gallery-size-thumbnail'><dl class='gallery-item'>\n\t\t\t\t<dt class='gallery-icon landscape'>\n\t\t\t\t\t<a class=\"rollover rollover-zoom dt-pswp-item\" title=\"3fb5e32b-356b-4944-899c-0824ad97a0e9\" data-dt-img-description=\"\" data-large_image_width=\"592\" data-large_image_height=\"373\"href='https:\/\/www.radiopiu.net\/wordpress\/wp-content\/uploads\/2022\/03\/3fb5e32b-356b-4944-899c-0824ad97a0e9.jpg'><img loading=\"lazy\" decoding=\"async\" width=\"150\" height=\"150\" src=\"https:\/\/www.radiopiu.net\/wordpress\/wp-content\/uploads\/2022\/03\/3fb5e32b-356b-4944-899c-0824ad97a0e9-150x150.jpg\" class=\"attachment-thumbnail size-thumbnail\" alt=\"\" \/><\/a>\n\t\t\t\t<\/dt><\/dl><dl class='gallery-item'>\n\t\t\t\t<dt class='gallery-icon landscape'>\n\t\t\t\t\t<a class=\"rollover rollover-zoom dt-pswp-item\" title=\"d4aebb9a-974e-4ec0-86dd-b6d3c307f412\" data-dt-img-description=\"\" data-large_image_width=\"623\" data-large_image_height=\"365\"href='https:\/\/www.radiopiu.net\/wordpress\/wp-content\/uploads\/2022\/03\/d4aebb9a-974e-4ec0-86dd-b6d3c307f412.jpg'><img loading=\"lazy\" decoding=\"async\" width=\"150\" height=\"150\" src=\"https:\/\/www.radiopiu.net\/wordpress\/wp-content\/uploads\/2022\/03\/d4aebb9a-974e-4ec0-86dd-b6d3c307f412-150x150.jpg\" class=\"attachment-thumbnail size-thumbnail\" alt=\"\" \/><\/a>\n\t\t\t\t<\/dt><\/dl><dl class='gallery-item'>\n\t\t\t\t<dt class='gallery-icon landscape'>\n\t\t\t\t\t<a class=\"rollover rollover-zoom dt-pswp-item\" title=\"9fc2ff94-f2e7-4e61-929f-85b36f5b7fe5\" data-dt-img-description=\"\" data-large_image_width=\"616\" data-large_image_height=\"358\"href='https:\/\/www.radiopiu.net\/wordpress\/wp-content\/uploads\/2022\/03\/9fc2ff94-f2e7-4e61-929f-85b36f5b7fe5.jpg'><img loading=\"lazy\" decoding=\"async\" width=\"150\" height=\"150\" src=\"https:\/\/www.radiopiu.net\/wordpress\/wp-content\/uploads\/2022\/03\/9fc2ff94-f2e7-4e61-929f-85b36f5b7fe5-150x150.jpg\" class=\"attachment-thumbnail size-thumbnail\" alt=\"\" \/><\/a>\n\t\t\t\t<\/dt><\/dl><br style=\"clear: both\" \/><dl class='gallery-item'>\n\t\t\t\t<dt class='gallery-icon landscape'>\n\t\t\t\t\t<a class=\"rollover rollover-zoom dt-pswp-item\" title=\"01138a3e-ae9f-43cc-8b13-42d01135ae82\" data-dt-img-description=\"\" data-large_image_width=\"612\" data-large_image_height=\"366\"href='https:\/\/www.radiopiu.net\/wordpress\/wp-content\/uploads\/2022\/03\/01138a3e-ae9f-43cc-8b13-42d01135ae82.jpg'><img loading=\"lazy\" decoding=\"async\" width=\"150\" height=\"150\" src=\"https:\/\/www.radiopiu.net\/wordpress\/wp-content\/uploads\/2022\/03\/01138a3e-ae9f-43cc-8b13-42d01135ae82-150x150.jpg\" class=\"attachment-thumbnail size-thumbnail\" alt=\"\" \/><\/a>\n\t\t\t\t<\/dt><\/dl><dl class='gallery-item'>\n\t\t\t\t<dt class='gallery-icon landscape'>\n\t\t\t\t\t<a class=\"rollover rollover-zoom dt-pswp-item\" title=\"d3fd6b53-55cf-4f50-8d8c-1c9e0e06b17b\" data-dt-img-description=\"\" data-large_image_width=\"612\" data-large_image_height=\"358\"href='https:\/\/www.radiopiu.net\/wordpress\/wp-content\/uploads\/2022\/03\/d3fd6b53-55cf-4f50-8d8c-1c9e0e06b17b.jpg'><img loading=\"lazy\" decoding=\"async\" width=\"150\" height=\"150\" src=\"https:\/\/www.radiopiu.net\/wordpress\/wp-content\/uploads\/2022\/03\/d3fd6b53-55cf-4f50-8d8c-1c9e0e06b17b-150x150.jpg\" class=\"attachment-thumbnail size-thumbnail\" alt=\"\" \/><\/a>\n\t\t\t\t<\/dt><\/dl><dl class='gallery-item'>\n\t\t\t\t<dt class='gallery-icon landscape'>\n\t\t\t\t\t<a class=\"rollover rollover-zoom dt-pswp-item\" title=\"43e3bd78-58a2-42f8-b046-de21c03c0f7f\" data-dt-img-description=\"\" data-large_image_width=\"610\" data-large_image_height=\"363\"href='https:\/\/www.radiopiu.net\/wordpress\/wp-content\/uploads\/2022\/03\/43e3bd78-58a2-42f8-b046-de21c03c0f7f.jpg'><img loading=\"lazy\" decoding=\"async\" width=\"150\" height=\"150\" src=\"https:\/\/www.radiopiu.net\/wordpress\/wp-content\/uploads\/2022\/03\/43e3bd78-58a2-42f8-b046-de21c03c0f7f-150x150.jpg\" class=\"attachment-thumbnail size-thumbnail\" alt=\"\" \/><\/a>\n\t\t\t\t<\/dt><\/dl><br style=\"clear: both\" \/>\n\t\t\t<\/div>\n\n<blockquote><p><em><strong>Aggiornamento campagna vaccinale<\/strong> \u2981 Totale dosi somministrate: 442.251 \u2981 85% \u2013 164.359 persone vaccinate con primo ciclo over 5 \u2981 83,7% &#8211; 161.847 persone con ciclo completo over 5 \u2981 29.229 (15,1%)persone ancora da vaccinare over 5 anni Di queste 6.946 sono risultate positive negli ultimi 90 giorni\u00a0<\/em><\/p>\n<p>&nbsp;<\/p><\/blockquote>\n<hr \/>\n<p>&nbsp;<\/p>\n<blockquote>\n<h1>Nuovi orari covid point tamponi dal 1 marzo<\/h1>\n<\/blockquote>\n<p><strong>BELLUNO<\/strong>\u00a0 L&#8217;ulteriore rallentamento epidemico registrato nei giorni scorsi consente un ridimensionamento dell&#8217;offerta tamponi sul territorio, congruente con le basse prenotazioni registrate.\u00a0 \u2981 PALUDI: dal luned\u00ec alla domenica, dalle 8.30 alle 12.30 \u2981 FELTRE: dal luned\u00ec al venerd\u00ec, dalle 8.30 alle 12.30 \u2981 AGORDO: marted\u00ec &#8211; gioved\u00ec &#8211; sabato, dalle 8.30 alle 10.00 \u2981 TAI DI CADORE:\u00a0 marted\u00ec &#8211; gioved\u00ec &#8211; sabato, dalle 13.30 alle 15.30 In questi orari saranno garantiti i tamponi &#8220;di sorveglianza&#8221; richiesti dall&#8217;Unit\u00e0 di Crisi e i tamponi prenotati dagli utenti nel sito www.aulss1.veneto.it Rimane per ora attivo dal luned\u00ec al sabato, con orario 8 &#8211; 15, il punto tamponi in convenzione presso l&#8217;ospedale Codivilla Putti di Cortina Per informazioni di dettaglio e prenotazioni consultare il sito www.aulss1.veneto.it<\/p>\n<p>&nbsp;<\/p>\n<p>&nbsp;<\/p>\n<hr \/>\n<p>&nbsp;<\/p>\n<blockquote>\n<h3>43 SCUOLE E 1.900 STUDENTI HANNO GI\u00c0 ADERITO ALLA NUOVA EDIZIONE DE \u201cIL FUTURO CONTA\u201d<\/h3>\n<\/blockquote>\n<p><strong><a class=\"dt-pswp-item\" href=\"https:\/\/www.radiopiu.net\/wordpress\/wp-content\/uploads\/2021\/09\/scuola-ricomincia.jpeg\" data-dt-img-description=\"\" data-large_image_width=\"626\" data-large_image_height=\"417\"><img loading=\"lazy\" decoding=\"async\" class=\"size-medium wp-image-231886 alignleft\" src=\"https:\/\/www.radiopiu.net\/wordpress\/wp-content\/uploads\/2021\/09\/scuola-ricomincia-300x200.jpeg\" alt=\"\" width=\"300\" height=\"200\" srcset=\"https:\/\/www.radiopiu.net\/wordpress\/wp-content\/uploads\/2021\/09\/scuola-ricomincia-300x200.jpeg 300w, https:\/\/www.radiopiu.net\/wordpress\/wp-content\/uploads\/2021\/09\/scuola-ricomincia.jpeg 626w\" sizes=\"auto, (max-width: 300px) 100vw, 300px\" \/><\/a>VENEZIA <\/strong>Dieci eventi in diretta streaming per le tutte le scuole secondarie di secondo grado e formazione professionale e cinque per le scuole del primo ciclo del Veneto per avvicinarsi all\u2019educazione finanziaria da differenti prospettive: con questo obiettivo FEduF, che nell\u2019ambito della campagna \u201cIl Futuro Conta\u201d promossa dalla Regione del Veneto, sta gi\u00e0 svolgendo linee didattiche per le scuole di ogni ordine e grado del territorio sui temi dell\u2019educazione finanziaria e della cittadinanza economica, propone un ricco palinsesto di eventi. Le studentesse e gli studenti del Veneto possono cos\u00ec avvicinarsi ad argomenti che impattano fortemente sulle scelte individuali, sulla famiglia, sulle aspirazioni, sul futuro, attraverso format di divulgazione innovativi, nati per far conoscere a bambini e ragazzi i temi che condizionano la nostra vita quotidiana dei quali &#8211; spesso purtroppo &#8211; non conoscono i meccanismi pi\u00f9 importanti. Per l\u2019anno scolastico in corso hanno aderito alle linee didattiche proposte dalla Fondazione 43 scuole con circa 1900 studenti, numero destinato a crescere con la riapertura delle iscrizioni prevista per i prossimi mesi. Le scuole hanno la facolt\u00e0 di poter scegliere tra un calendario di quindici appuntamenti.<\/p>\n<p>&nbsp;<\/p>\n<p>&nbsp;<\/p>\n<hr \/>\n<p>&nbsp;<\/p>\n<blockquote>\n<h3><strong>NOMINATI NUOVI MEMBRI CONSIGLIO SUPERIORE DI SANTA\u2019<\/strong><\/h3>\n<\/blockquote>\n<p><strong>VENEZIA\u00a0<\/strong> Sono 30 i nuovi componenti non di diritto del Consiglio Superiore di Sanit\u00e0.\u00a0 Ci sono conferme\u00a0 e nuovi ingressi, entrano dieci donne, contro le tre del precedente consesso. \u201cTutti assieme, ognuno al proprio livello di competenze istituzionali \u2013 ha detto il Presidente Luca Zaia \u2013 abbiamo di fronte anche una nuova sfida: gestire al meglio l\u2019attuale fase di decrescita del virus e il passaggio alla cosiddetta fase della convivenza&#8221;.<\/p>\n<p>&nbsp;<\/p>\n<hr \/>\n<p>&nbsp;<\/p>\n<blockquote>\n<h3>FINANZIAMENTI PER LA DENATALITA&#8217; IN VENETO SONO RICHIESTI DAL PD<\/h3>\n<\/blockquote>\n<p><strong><a class=\"dt-pswp-item\" href=\"https:\/\/www.radiopiu.net\/wordpress\/wp-content\/uploads\/2018\/11\/PD.png\" data-dt-img-description=\"\" data-large_image_width=\"226\" data-large_image_height=\"182\"><img loading=\"lazy\" decoding=\"async\" class=\"size-full wp-image-67744 alignleft\" src=\"https:\/\/www.radiopiu.net\/wordpress\/wp-content\/uploads\/2018\/11\/PD.png\" alt=\"\" width=\"226\" height=\"182\" \/><\/a>VENEZIA <\/strong>\u201cPer contrastare la denatalit\u00e0 non bastano le misure del Governo, anche le Regioni devono fare la propria parte. In Veneto occorre finanziare la legge 20 del 2020 votata all\u2019unanimit\u00e0, oltre a garantire servizi gratuiti alle famiglie, a partire da asili nido e visite mediche necessarie\u201d.A chiedere interventi veri, \u201cabbandonando i proclami\u201d, sono le consigliere regionali del Partito Democratico Anna Maria Bigon e Francesca Zottis.<\/p>\n<p>&nbsp;<\/p>\n<p>&nbsp;<\/p>\n<hr \/>\n<p>&nbsp;<\/p>\n<blockquote>\n<h3>STAZIONE FERROVIA PER L&#8217;ALPAGO, PER LA LEGA BISOGNA PASSARE DALLE PAROLE AI FATTI<\/h3>\n<\/blockquote>\n<p><strong>PONTE NELLE ALPI<\/strong> Della stazione per l\u2019Alpago si parla da tempo e nell\u2019agosto dello scorso anno il sindaco Paolo Vendramini aveva effettuato anche un sopralluogo in loco, in seguito a numerose segnalazioni di utenti e turisti che lamentavano lo stato di forte degrado dell\u2019edificio. Da l\u00ec era iniziato un dialogo con i responsabili regionali delle ferrovie e di Rfi per arrivare ad un accordo sui lavori di manutenzione straordinaria necessari a mettere in sicurezza l\u2019immobile e riportare il decoro nell\u2019area. Ma oggi, di fatto, la stazione \u00e8 senza la sala d&#8217;aspetto e la biglietteria automatica, spesse volte, non funziona. L&#8217;illuminazione \u00e8 scarsa e il senso di degrado e poca sicurezza sono una costante.<\/p>\n<p><strong>PAOLO DE VETTOR DELLA LEGA<\/strong><\/p>\n<audio class=\"wp-audio-shortcode\" id=\"audio-262241-10\" preload=\"none\" style=\"width: 100%;\" controls=\"controls\"><source type=\"audio\/mpeg\" src=\"https:\/\/www.radiopiu.net\/wordpress\/wp-content\/uploads\/2022\/03\/Paolo-de-Vettor-su-stazione-per-lAlpago.mp3?_=10\" \/><a href=\"https:\/\/www.radiopiu.net\/wordpress\/wp-content\/uploads\/2022\/03\/Paolo-de-Vettor-su-stazione-per-lAlpago.mp3\">https:\/\/www.radiopiu.net\/wordpress\/wp-content\/uploads\/2022\/03\/Paolo-de-Vettor-su-stazione-per-lAlpago.mp3<\/a><\/audio>\n<p>&nbsp;<\/p>\n<hr \/>\n<p>&nbsp;<\/p>\n<blockquote>\n<h3>8 MARZO: I LIONS DALLA PARTE DELLE GIOVANI DONNE<\/h3>\n<\/blockquote>\n<p><strong><a class=\"dt-pswp-item\" href=\"https:\/\/www.radiopiu.net\/wordpress\/wp-content\/uploads\/2022\/03\/Lideatore-del-progetto-Power-Roberto-Granzotto-con-le-studentesse-cadorine.jpeg\" data-dt-img-description=\"\" data-large_image_width=\"1600\" data-large_image_height=\"899\"><img loading=\"lazy\" decoding=\"async\" class=\"size-medium wp-image-262309 alignleft\" src=\"https:\/\/www.radiopiu.net\/wordpress\/wp-content\/uploads\/2022\/03\/Lideatore-del-progetto-Power-Roberto-Granzotto-con-le-studentesse-cadorine-300x169.jpeg\" alt=\"\" width=\"300\" height=\"169\" srcset=\"https:\/\/www.radiopiu.net\/wordpress\/wp-content\/uploads\/2022\/03\/Lideatore-del-progetto-Power-Roberto-Granzotto-con-le-studentesse-cadorine-300x169.jpeg 300w, https:\/\/www.radiopiu.net\/wordpress\/wp-content\/uploads\/2022\/03\/Lideatore-del-progetto-Power-Roberto-Granzotto-con-le-studentesse-cadorine-1024x575.jpeg 1024w, https:\/\/www.radiopiu.net\/wordpress\/wp-content\/uploads\/2022\/03\/Lideatore-del-progetto-Power-Roberto-Granzotto-con-le-studentesse-cadorine-768x432.jpeg 768w, https:\/\/www.radiopiu.net\/wordpress\/wp-content\/uploads\/2022\/03\/Lideatore-del-progetto-Power-Roberto-Granzotto-con-le-studentesse-cadorine-1536x863.jpeg 1536w, https:\/\/www.radiopiu.net\/wordpress\/wp-content\/uploads\/2022\/03\/Lideatore-del-progetto-Power-Roberto-Granzotto-con-le-studentesse-cadorine.jpeg 1600w\" sizes=\"auto, (max-width: 300px) 100vw, 300px\" \/><\/a>BELLUNO <\/strong>E&#8217; pensato per le studentesse delle scuole superiori e sar\u00e0 presentato il prossimo 8 marzo in conferenza stampa il progetto Po.W.E.R., acronimo di Possibility for Women Equality and Right (Possibilit\u00e0 per l\u2019uguaglianza e il diritto delle donne), che ha dato il l\u00e0 ad un percorso proficuo per un confronto dialettico e operativo sulla parit\u00e0 di genere e l\u2019empowerment femminile. L\u2019incontro, previsto alle 17 presso la Sala Bianchi a Belluno. A prendervene parte sono state una settantina di ragazze tra i 15 e i 19 anni che sono affiancate da una formatrice professionale, la dottoressa Eleonora Pinzuti, nel rafforzare la loro autostima ed essere pienamente consapevoli dei loro diritti, anche per difendersi da episodi e situazioni di violenza.<\/p>\n<p>&nbsp;<\/p>\n<hr \/>\n<p>&nbsp;<\/p>\n<blockquote class=\"wp-embedded-content\" data-secret=\"DUzzMOVdhs\"><p><a href=\"https:\/\/www.radiopiu.net\/wordpress\/nellinverno-2021-22-e-caduta-meno-neve-rispetto-allo-scorso-anno\/\">NELL&#8217;INVERNO 2021\/22 E&#8217; CADUTA MENO NEVE RISPETTO ALLO SCORSO ANNO<\/a><\/p><\/blockquote>\n<p><iframe loading=\"lazy\" class=\"wp-embedded-content\" sandbox=\"allow-scripts\" security=\"restricted\" style=\"position: absolute; clip: rect(1px, 1px, 1px, 1px);\" title=\"&#8220;NELL&#8217;INVERNO 2021\/22 E&#8217; CADUTA MENO NEVE RISPETTO ALLO SCORSO ANNO&#8221; &#8212; Radio Pi\u00f9\" src=\"https:\/\/www.radiopiu.net\/wordpress\/nellinverno-2021-22-e-caduta-meno-neve-rispetto-allo-scorso-anno\/embed\/#?secret=DUzzMOVdhs\" data-secret=\"DUzzMOVdhs\" width=\"600\" height=\"338\" frameborder=\"0\" marginwidth=\"0\" marginheight=\"0\" scrolling=\"no\"><\/iframe><\/p>\n<p>&nbsp;<\/p>\n<p>&nbsp;<\/p>\n<hr \/>\n<p>&nbsp;<\/p>\n<blockquote>\n<h3>INCONTRO CON IL PREMIO NOBEL SHIRIN EBADI &#8220;LA PACE DALLE DONNE&#8221;<\/h3>\n<\/blockquote>\n<p><strong><a class=\"dt-pswp-item\" href=\"https:\/\/www.radiopiu.net\/wordpress\/wp-content\/uploads\/2022\/03\/Senza-nome.jpg\" data-dt-img-description=\"\" data-large_image_width=\"422\" data-large_image_height=\"283\"><img loading=\"lazy\" decoding=\"async\" class=\"size-medium wp-image-262464 alignleft\" src=\"https:\/\/www.radiopiu.net\/wordpress\/wp-content\/uploads\/2022\/03\/Senza-nome-300x201.jpg\" alt=\"\" width=\"300\" height=\"201\" srcset=\"https:\/\/www.radiopiu.net\/wordpress\/wp-content\/uploads\/2022\/03\/Senza-nome-300x201.jpg 300w, https:\/\/www.radiopiu.net\/wordpress\/wp-content\/uploads\/2022\/03\/Senza-nome.jpg 422w\" sizes=\"auto, (max-width: 300px) 100vw, 300px\" \/><\/a>BELLUNO<\/strong> L\u2019Associazione Amici delle Scuole in Rete, le Scuole in Rete per un Mondo di Solidariet\u00e0 e Pace e l\u2019Associazione Gianni Ballerio, in sinergia con l\u2019Ufficio Scolastico e tutti i partner del Progetto \u201cCittadini con il Turbo. Ripartire dal Noi\u201d nella Giornata internazionale della donna presentano un incontro di riflessione online sulla pace e sulle azioni possibili per promuoverla nel mondo, a partire dalla promozione della donna. Marted\u00ec 8 marzo, infatti, gli studenti e i cittadini interessati a riflettere su temi come Diritti Umani e pace, cos\u00ec di attualit\u00e0 in questi giorni, potranno incontrare e porre domande al premio nobel iraniano Shirin Ebadi, avvocata e prima donna musulmana e la prima iraniana a ricevere il Nobel per la pace, conferitole nel 2003 \u201cper il suo impegno a favore della pace e per la democrazia\u201d. L\u2019incontro si terr\u00e0 online dalle ore 11:00 alle 12:00 e analizzer\u00e0 la situazione della donna nel mondo e soprattutto in Iran e Medioriente, il ruolo della donna e il suo contributo per la pace.<\/p>\n<blockquote><p><em>Shirin Ebadi \u00e8 stata presidente di una sezione del tribunale di Teheran fino al 1979, quando la rivoluzione islamica la costrinse, come tutte le altre donne giudice, ad abbandonare il proprio ruolo. Svolse quindi un\u2019intensa attivit\u00e0 a difesa dei diritti umani, fondando e dirigendo &#8220;Society for Protecting the Child&#8217;s Rights&#8221;. <\/em><br \/>\n<em>Dal 2009 vive in esilio e si collegher\u00e0 da Londra con gli studenti bellunesi, mentre la sua traduttrice ufficiale dal Farsi, la lingua dell\u2019Iran, operer\u00e0 da Roma. Nel suo saggio \u201cFinch\u00e9 non saremo liberi descrive la propria lotta per i Diritti Umani\u201d.<\/em><\/p><\/blockquote>\n<p>&nbsp;<\/p>\n<p>&nbsp;<\/p>\n<hr \/>\n<p>&nbsp;<\/p>\n<blockquote>\n<h3>IL PARCO LUCI SULLA PIANA DI FALCADE, SPETTACOLO PER GLI OCCHI<\/h3>\n<\/blockquote>\n<p><strong>FALCADE<\/strong> Fino a domenica \u00e8 possibile \u00a0visitare sulla piana di Falcade, dopo le 18 della sera le luminarie. Un evento alla seconda edizione grazie alla collaborazione tra Comune di Falcade, Associazione Albergatori, ristoratori e rifugi della valle del Biois e alla disponibilit\u00e0 della ditta Michelotti di Parma, Tutto era iniziato per caso, una semplice esposizione. Quest&#8217;anno, invece, visto il successo della prima edizione ha riproposto l&#8217;iniziativa curandola maggiormente. Tutto \u00e8 stato studiato.<\/p>\n\n\t\t\t<style type='text\/css'>\n\t\t\t\t#gallery-6 {\n\t\t\t\t\tmargin: auto;\n\t\t\t\t}\n\t\t\t\t#gallery-6 .gallery-item {\n\t\t\t\t\tfloat: left;\n\t\t\t\t\tmargin-top: 10px;\n\t\t\t\t\ttext-align: center;\n\t\t\t\t\twidth: 33%;\n\t\t\t\t}\n\t\t\t\t#gallery-6 img {\n\t\t\t\t\tborder: 2px solid #cfcfcf;\n\t\t\t\t}\n\t\t\t\t#gallery-6 .gallery-caption {\n\t\t\t\t\tmargin-left: 0;\n\t\t\t\t}\n\t\t\t\t\/* see gallery_shortcode() in wp-includes\/media.php *\/\n\t\t\t<\/style>\n\t\t<div id='gallery-6' class='dt-gallery-container gallery galleryid-262241 gallery-columns-3 gallery-size-thumbnail'><dl class='gallery-item'>\n\t\t\t\t<dt class='gallery-icon portrait'>\n\t\t\t\t\t<a class=\"rollover rollover-zoom dt-pswp-item\" title=\"4c7698b8-25cf-46d4-af2f-852fb7fa3f53\" data-dt-img-description=\"\" data-large_image_width=\"1536\" data-large_image_height=\"2048\"href='https:\/\/www.radiopiu.net\/wordpress\/wp-content\/uploads\/2022\/03\/4c7698b8-25cf-46d4-af2f-852fb7fa3f53.jpg'><img loading=\"lazy\" decoding=\"async\" width=\"150\" height=\"150\" src=\"https:\/\/www.radiopiu.net\/wordpress\/wp-content\/uploads\/2022\/03\/4c7698b8-25cf-46d4-af2f-852fb7fa3f53-150x150.jpg\" class=\"attachment-thumbnail size-thumbnail\" alt=\"\" \/><\/a>\n\t\t\t\t<\/dt><\/dl><dl class='gallery-item'>\n\t\t\t\t<dt class='gallery-icon portrait'>\n\t\t\t\t\t<a class=\"rollover rollover-zoom dt-pswp-item\" title=\"8ac01838-4157-4af7-8de3-72cbfa2b6411\" data-dt-img-description=\"\" data-large_image_width=\"1536\" data-large_image_height=\"2048\"href='https:\/\/www.radiopiu.net\/wordpress\/wp-content\/uploads\/2022\/03\/8ac01838-4157-4af7-8de3-72cbfa2b6411.jpg'><img loading=\"lazy\" decoding=\"async\" width=\"150\" height=\"150\" src=\"https:\/\/www.radiopiu.net\/wordpress\/wp-content\/uploads\/2022\/03\/8ac01838-4157-4af7-8de3-72cbfa2b6411-150x150.jpg\" class=\"attachment-thumbnail size-thumbnail\" alt=\"\" \/><\/a>\n\t\t\t\t<\/dt><\/dl><dl class='gallery-item'>\n\t\t\t\t<dt class='gallery-icon landscape'>\n\t\t\t\t\t<a class=\"rollover rollover-zoom dt-pswp-item\" title=\"274707285_451421640050949_5963597053667733048_n\" data-dt-img-description=\"\" data-large_image_width=\"720\" data-large_image_height=\"540\"href='https:\/\/www.radiopiu.net\/wordpress\/wp-content\/uploads\/2022\/03\/274707285_451421640050949_5963597053667733048_n.jpg'><img loading=\"lazy\" decoding=\"async\" width=\"150\" height=\"150\" src=\"https:\/\/www.radiopiu.net\/wordpress\/wp-content\/uploads\/2022\/03\/274707285_451421640050949_5963597053667733048_n-150x150.jpg\" class=\"attachment-thumbnail size-thumbnail\" alt=\"\" \/><\/a>\n\t\t\t\t<\/dt><\/dl><br style=\"clear: both\" \/><dl class='gallery-item'>\n\t\t\t\t<dt class='gallery-icon portrait'>\n\t\t\t\t\t<a class=\"rollover rollover-zoom dt-pswp-item\" title=\"e2650cd2-d82c-446b-9ef4-ab69e8ff784b\" data-dt-img-description=\"\" data-large_image_width=\"1536\" data-large_image_height=\"2048\"href='https:\/\/www.radiopiu.net\/wordpress\/wp-content\/uploads\/2022\/03\/e2650cd2-d82c-446b-9ef4-ab69e8ff784b.jpg'><img loading=\"lazy\" decoding=\"async\" width=\"150\" height=\"150\" src=\"https:\/\/www.radiopiu.net\/wordpress\/wp-content\/uploads\/2022\/03\/e2650cd2-d82c-446b-9ef4-ab69e8ff784b-150x150.jpg\" class=\"attachment-thumbnail size-thumbnail\" alt=\"\" \/><\/a>\n\t\t\t\t<\/dt><\/dl><dl class='gallery-item'>\n\t\t\t\t<dt class='gallery-icon portrait'>\n\t\t\t\t\t<a class=\"rollover rollover-zoom dt-pswp-item\" title=\"68a2ffeb-3d4f-4dc6-b1be-65f881ad049d\" data-dt-img-description=\"\" data-large_image_width=\"1536\" data-large_image_height=\"2048\"href='https:\/\/www.radiopiu.net\/wordpress\/wp-content\/uploads\/2022\/03\/68a2ffeb-3d4f-4dc6-b1be-65f881ad049d.jpg'><img loading=\"lazy\" decoding=\"async\" width=\"150\" height=\"150\" src=\"https:\/\/www.radiopiu.net\/wordpress\/wp-content\/uploads\/2022\/03\/68a2ffeb-3d4f-4dc6-b1be-65f881ad049d-150x150.jpg\" class=\"attachment-thumbnail size-thumbnail\" alt=\"\" \/><\/a>\n\t\t\t\t<\/dt><\/dl><dl class='gallery-item'>\n\t\t\t\t<dt class='gallery-icon landscape'>\n\t\t\t\t\t<a class=\"rollover rollover-zoom dt-pswp-item\" title=\"ace0af30-0e8a-41ba-8888-3fa79030932b\" data-dt-img-description=\"\" data-large_image_width=\"2048\" data-large_image_height=\"1536\"href='https:\/\/www.radiopiu.net\/wordpress\/wp-content\/uploads\/2022\/03\/ace0af30-0e8a-41ba-8888-3fa79030932b.jpg'><img loading=\"lazy\" decoding=\"async\" width=\"150\" height=\"150\" src=\"https:\/\/www.radiopiu.net\/wordpress\/wp-content\/uploads\/2022\/03\/ace0af30-0e8a-41ba-8888-3fa79030932b-150x150.jpg\" class=\"attachment-thumbnail size-thumbnail\" alt=\"\" \/><\/a>\n\t\t\t\t<\/dt><\/dl><br style=\"clear: both\" \/>\n\t\t\t<\/div>\n\n<p>&nbsp;<\/p>\n<p>&nbsp;<\/p>\n<hr \/>\n<p>&nbsp;<\/p>\n<blockquote>\n<h3>SABATO CONSIGLIO COMUNALE A COLLE SANTA LUCIA<\/h3>\n<\/blockquote>\n<p><strong>COLLE SANTA LUCIA<\/strong> Il sindaco Paolo Frena ha convocato il consiglio comunale per sabato alle 8 presso la sala consigliare del municipio. Saranno 6 i punti da discutere tra cui l&#8217;acquisizione al patrimonio comunale di una porzione di &#8220;casa-piazza&#8221; a Villagrande, il regolamento dei controlli interni e la seconda variazione al bilancio.<\/p>\n<p>&nbsp;<\/p>\n<p>&nbsp;<\/p>\n<hr \/>\n<p>&nbsp;<\/p>\n<div class=\"page\" title=\"Page 1\">\n<div class=\"layoutArea\">\n<div class=\"column\">\n<blockquote>\n<h3>LA GUARDIA DI FINANZA CERCA 1175 ALLIEVI MARESCIALLI<\/h3>\n<\/blockquote>\n<p><strong>ROMA<\/strong> E&#8217; stato pubblicato il concorso, per titoli ed esami, per l\u2019ammissione di 1.175 allievi marescialli al 94\u00b0 corso presso la Scuola Ispettori e Sovrintendenti della Guardia di Finanza, per l\u2019anno accademico 2022\/2023. La domanda di partecipazione al concorso, da presentare entro le ore 12 del 21 marzo https:\/\/concorsi.gdf.gov.it.<\/p>\n<p>&nbsp;<\/p>\n<\/div>\n<\/div>\n<\/div>\n<p>&nbsp;<\/p>\n<p>&nbsp;<\/p>\n<hr \/>\n<p>&nbsp;<\/p>\n<blockquote>\n<h3>CORSO DI MICOLOGIA A SEDICO<\/h3>\n<\/blockquote>\n<p><strong><a href=\"https:\/\/www.radiopiu.net\/wordpress\/wp-content\/uploads\/2022\/02\/mushrooms-548360__340.webp\"><img loading=\"lazy\" decoding=\"async\" class=\" wp-image-262157 alignleft\" src=\"https:\/\/www.radiopiu.net\/wordpress\/wp-content\/uploads\/2022\/02\/mushrooms-548360__340-300x200.webp\" alt=\"\" width=\"182\" height=\"121\" srcset=\"https:\/\/www.radiopiu.net\/wordpress\/wp-content\/uploads\/2022\/02\/mushrooms-548360__340-300x200.webp 300w, https:\/\/www.radiopiu.net\/wordpress\/wp-content\/uploads\/2022\/02\/mushrooms-548360__340.webp 510w\" sizes=\"auto, (max-width: 182px) 100vw, 182px\" \/><\/a> <\/strong><\/p>\n<p><strong>\u00a0<\/strong><strong>BELLUNO<\/strong>\u00a0 \u00a0Venerd\u00ec 25 marzo, alle 20.30, a Sedico presso la Sala Conferenze del Palazzo dei Servizi in via Giardini, avranno inizio le dieci lezioni, aperte a tutti, del corso base di micologia \u201cParliamo di Funghi\u201d organizzato dall\u2019Associazione Micologica \u201cG. Bresadola\u201d \u2013 Gruppo di Belluno\u00a0 Per le iscrizioni telefonare allo <span class=\"wt_Phone\">347-2587796<\/span><\/p>\n<p>&nbsp;<\/p>\n<p>&nbsp;<\/p>\n<p>&nbsp;<\/p>\n<hr \/>\n<p>&nbsp;<\/p>\n<blockquote>\n<h3>CAMMINANATURALMENTE DI MARZO 2022<\/h3>\n<\/blockquote>\n<p><strong><a class=\"dt-pswp-item\" href=\"https:\/\/www.radiopiu.net\/wordpress\/wp-content\/uploads\/2022\/02\/Immagine2.jpg\" data-dt-img-description=\"\" data-large_image_width=\"1043\" data-large_image_height=\"783\"><img loading=\"lazy\" decoding=\"async\" class=\" wp-image-261639 alignleft\" src=\"https:\/\/www.radiopiu.net\/wordpress\/wp-content\/uploads\/2022\/02\/Immagine2-300x225.jpg\" alt=\"\" width=\"163\" height=\"122\" srcset=\"https:\/\/www.radiopiu.net\/wordpress\/wp-content\/uploads\/2022\/02\/Immagine2-300x225.jpg 300w, https:\/\/www.radiopiu.net\/wordpress\/wp-content\/uploads\/2022\/02\/Immagine2-1024x769.jpg 1024w, https:\/\/www.radiopiu.net\/wordpress\/wp-content\/uploads\/2022\/02\/Immagine2-768x577.jpg 768w, https:\/\/www.radiopiu.net\/wordpress\/wp-content\/uploads\/2022\/02\/Immagine2.jpg 1043w\" sizes=\"auto, (max-width: 163px) 100vw, 163px\" \/><\/a> <\/strong><\/p>\n<p><strong>\u00a0<\/strong><strong>BELLUNO <\/strong>La Biblioteca civica di Belluno organizza Itinerari naturalistici ed ambientali con Anacleto Boranga: Sabato 5 marzo 2022 \u2013 BOSCO DELLE CASTAGNE \u2013 suggestioni e ricordi Il Bosco delle Castagne si trova su un\u2019altura isolata che offre un panorama a 360\u00b0 sui monti della Val Belluna e dell\u2019Alpago. Sabato 12 marzo 2022 \u2013 LE ANTICHE ROGGE LUNGO IL CORDEVOLE\u00a0 informazioni al\u00a0 340 876 9665 (Anacleto Boranga).<\/p>\n<p>&nbsp;<\/p>\n<p>&nbsp;<\/p>\n<p>&nbsp;<\/p>\n<hr \/>\n<p>&nbsp;<\/p>\n<blockquote>\n<h3>DUE APPUNTAMENTI CON IL GAMP<\/h3>\n<\/blockquote>\n<p><strong>AGORDO <\/strong>Sono due gli appuntamenti con il Gamp nelle prossime settimane. Sabato 5 marzo alle 17 in Sala Don Tamis ad Agordo l&#8217;assemblea annuale dei soci, domenica 13 marzo \u00e8 in programma una gita a Bologna in occasione del Bologna Mineral Show con partenza da Agordo. Per prenotazioni e info scrivere o telefonare al 3400890160 Manuel Conedera (presidente) o 3884955756 Davide Conedera (segretario) o via e-mail a info@agordogampdolomiti.it<\/p>\n<p>&nbsp;<\/p>\n<p>&nbsp;<\/p>\n<hr \/>\n<p>&nbsp;<\/p>\n<blockquote>\n<h3>PATTINAGGIO LIBERO\u00a0 AL PALAGHIACCIO DI ALLEGHE<\/h3>\n<\/blockquote>\n<p><strong>ALLEGHE <\/strong>Anche questa settimana il Palaghiaccio Alvise De Toni sar\u00e0 aperto per il pattinaggio libero. Oggi dalle 16:30 alle 18:30, venerd\u00ec dalle 21 alle 23, sabato dalle 16:30 alle 18:30 e dalle 21 alle 23 e domenica dalle 14:30 alle 16:30.<\/p>\n<p>&nbsp;<\/p>\n<p>&nbsp;<\/p>\n<hr \/>\n<p>&nbsp;<\/p>\n<blockquote>\n<h3>MUSICA E POESIA A LIMANA NEL GIORNO DELLA FESTA DELLA DONNA<\/h3>\n<\/blockquote>\n<p><strong>LIMANA <\/strong>MUSICA E POESIA con lo <i>scrittore Antonio Chiades<\/i> ed il <i>pianista-compositore Carlo De Battista<\/i>. La serata si terr\u00e0 MARTEDI&#8217; 8 MARZO alle ore 20.30, presso la sala Luigi Nocivelli, ingresso dietro la Biblioteca Comunale di Limana, Via Ruggero Fiabane n. 3. Ingresso gratuito, si consiglia la prenotazione per i posti limitati, inviado una mail all&#8217;indirizzo <a class=\"moz-txt-link-abbreviated moz-txt-link-freetext\" href=\"mailto:sbogo.limana@valbelluna.bl.it\">sbogo.limana@valbelluna.bl.it<\/a> indicando nome e cognome di ogni partecipante, recapito telefonico.<\/p>\n<p>&nbsp;<\/p>\n<hr \/>\n<p>&nbsp;<\/p>\n<p>&nbsp;<\/p>\n<blockquote class=\"wp-embedded-content\" data-secret=\"uKpFZwt020\"><p><a href=\"https:\/\/www.radiopiu.net\/wordpress\/franastoria\/\">FRANA DI CROLLO, MARZO 2002 A LE VIZZE-TORRENTE MISSIAGA<\/a><\/p><\/blockquote>\n<p><iframe loading=\"lazy\" class=\"wp-embedded-content\" sandbox=\"allow-scripts\" security=\"restricted\" style=\"position: absolute; clip: rect(1px, 1px, 1px, 1px);\" title=\"&#8220;FRANA DI CROLLO, MARZO 2002 A LE VIZZE-TORRENTE MISSIAGA&#8221; &#8212; Radio Pi\u00f9\" src=\"https:\/\/www.radiopiu.net\/wordpress\/franastoria\/embed\/#?secret=uKpFZwt020\" data-secret=\"uKpFZwt020\" width=\"600\" height=\"338\" frameborder=\"0\" marginwidth=\"0\" marginheight=\"0\" scrolling=\"no\"><\/iframe><\/p>\n<p>&nbsp;<\/p>\n<hr \/>\n<blockquote>\n<h3><\/h3>\n<h3>31 ANNI FA LA SOLENNE E PARTECIPATA CERIMONIA PER INAUGURARE IL MONUMENTO ALL\u2019EMIGRAZIONE<\/h3>\n<\/blockquote>\n<p><strong>di\u00a0 RENATO BONA\u00a0<\/strong><\/p>\n<p>Paolo Fontanella, Aduo Vio, Romeo Saviane, Fortunato Calvi, Sergio Tormen, Sandro Pol, Silvano Casol, Silvano Zallot, Remo Dal Farra, Giuliano Dal Farra, Soffiro Fontana, Giuseppe Fontana, Elio Fontanella, Carlo Pavan, Ivo Speranza, Gilberto Vittoria, Franco De Fanti, Beniamino De Pellegrin, Maurizio Costa, Piero Zandegiacomo De Lugan, Franco Paris, Mario Sechi, Giuseppe Renon, Angelo Cero, Sergio De Mas, Roberto Pampanin, Giovanni Sachet, Alfredo Cercen\u00e0. Sono i 28 benemeriti esponenti della \u201cFamiglia bellunese\u201d del Nord Reno Westfalia in Germania che sottoscrissero l\u2019impegno finanziario per la realizzazione del \u201cMonumento all\u2019emigrazione bellunese\u201d che, opera dell\u2019affermato artista Franco Fiabane, venne inaugurato nella Piazzetta Cavour di Belluno &#8211; proprio davanti alla nuova sede dell\u2019Associazione all\u2019epoca presieduta da Maurizio Paniz &#8211; con una solenne e partecipata cerimonia domenica 17 novembre 1991. Veniva cos\u00ec coronata dal meritato successo la proposta-iniziativa lanciata nell\u2019ambito della stessa \u201cFamiglia bellunese del Nord Reno Westfalia\u201d. Era toccato al vice presidente della \u201cFamiglia\u201d Aduo Vio dare lettura della formula di donazione dove si precisava che \u201cA nome dei bellunesi in Germania, che hanno decisamente voluto e concretamente attuato l\u2019idea di un monumento all\u2019emigrazione, viene donata questa stele, opera di Franco Fiabane, alla associazione Bellunesi nel mondo, alla citt\u00e0 capoluogo, alla provincia di Belluno. A loro l\u2019impegno di custodirla nel tempo, a testimonianza e ricordo del lavoro e dei sacrifici di tutti i conterranei, passati\u2026 presenti\u2026 futuri\u2026 lontani dal verde delle nostre valli, dalla propria Patria. Possa questo simbolo diventare punto di riferimento e incontro di tutti i bellunesi migranti cittadini nel mondo\u201d. All\u2019iniziativa e alla cerimonia \u00e8 dedicato un capitolo del pregevole libro \u201cPiccole grandi storie di emigranti\u201d che Media diffusion editrice stamp\u00f2 con l\u2019Agenzia Polaris di Santa Giustina nel dicembre 1991, con testi di Ivano Pocchiesa Cno, Mario Fornaro ed Aduo Vio, ma gi\u00e0 dal retrocopertina, sotto il titolo \u201cLavoro e umilt\u00e0 simboli veri\u201d si pu\u00f2 leggere che: \u201cNel mese di novembre1991, sabato e domenica 16 e17, il mondo dell\u2019emigrazione bellunese ha celebrato il significativo momento del 25. di fondazione dell\u2019Associazione emigranti. Le manifestazioni sono coincise con la \u2018Giornata nazionale dell\u2019emigrazione\u2019 che l\u2019Abm \u00e8 riuscita quest\u2019anno, eccezionalmente, a portare a Belluno. Nell\u2019occasione sono confluiti nel capoluogo tutti i presidenti delle Famiglie bellunesi in Italia e all\u2019estero, loro delegati e soci con i relativi gonfaloni. Inserita nel denso programma di iniziative predisposto per l\u2019occasione, \u00e8 emersa, per i significati simbolici assunti, l\u2019inaugurazione ufficiale del monumento all\u2019Emigrazione bellunese\u201d. Ancora: \u201cCollocato nella piazzetta Cavour, nei pressi della stazione ferroviaria di Belluno davanti alla nuova sede dell\u2019Associazione bellunesi nel mondo, in fase di ultimazione (che ospiter\u00e0 tra l\u2019altro il museo e la biblioteca della migrazione) il monumento verr\u00e0 a costituire con il tempo un punto fisso di riferimento e \u2018pellegrinaggio\u2019 al quale confluiranno visitatori e studiosi del fenomeno migratorio da tutto il mondo\u201d. Ed \u00e8 proprio sulla base di questi presupposti che i bellunesi che operano in Germania decisero e concretizzarono l\u2019idea dell\u2019opera da erigere, assumendosene l\u2019impegno ed affidando il compito della realizzazione ad uno scultore, Franco Fiabane, appunto, noto per la sua arte e per la sua disponibilit\u00e0, il quale \u201cha trasfigurato nella pietra lo spunto di una stele che, ora, svetter\u00e0 nell\u2019azzurro del cielo, a tre metri d\u2019altezza: sembra quasi un obelisco, un monumento di stile esotico, egizianeggiante anche nella forma della decorazione scelta: una sequenza di bassorilievi. E sui quattro lati, per i posteri: la storia!\u201d. Dunque \u201cl\u2019epopea dell\u2019emigrazione bellunese in immagini, simboli e scritte che emergono da un basamento raffiguranti i cinque continenti, dove sono chiaramente identificati i lavori tradizionali dell\u2019emigrante: il minatore, il muratore, il carpentiere, il gelatiere e altri, risolti in raffigurazioni simboliche, e quindi: tralicci, miniere, baracche, fino ai pozzi di petrolio dell\u2019emigrazione cantieristica degli ultimi anni, in un\u2019opera da interpretare ma anche da leggere, visto che tre lati del quadrilatero di pietra grigia portano ben visibile un nome, una data ciascuno, che hanno marchiato a fuoco il lavoro bellunese per sempre: Marcinelle 1956, Mattmark 1965, Robiei 1966. Mentre sul quarto lato campeggia la scritta \u201cHumilitas\u201d che \u00e8 il motto scelto dal \u201cPapa bellunese del sorriso\u201d (Albino Luciani, asceso al soglio di Pietro il 26 agosto 1978 col nome di Giovanni Paolo I e la cui beatificazione \u00e8 fissata per il prossimo settembre \u2013 ndr.). La conclusione: \u201cLavoro e umilt\u00e0: simboli migliori l\u2019Emigrazione bellunese non poteva trovare\u201d. E mentre la cerimonia inaugurale di allora volgeva al termine, la dedica scritta alla base del monumento: \u201cVicini e lontani, mai soli. Bellunesi nel mondo\u201d sembrava ingigantirsi, espandersi e far breccia nei cuori\u2026<\/p>\n\n\t\t\t<style type='text\/css'>\n\t\t\t\t#gallery-7 {\n\t\t\t\t\tmargin: auto;\n\t\t\t\t}\n\t\t\t\t#gallery-7 .gallery-item {\n\t\t\t\t\tfloat: left;\n\t\t\t\t\tmargin-top: 10px;\n\t\t\t\t\ttext-align: center;\n\t\t\t\t\twidth: 16%;\n\t\t\t\t}\n\t\t\t\t#gallery-7 img {\n\t\t\t\t\tborder: 2px solid #cfcfcf;\n\t\t\t\t}\n\t\t\t\t#gallery-7 .gallery-caption {\n\t\t\t\t\tmargin-left: 0;\n\t\t\t\t}\n\t\t\t\t\/* see gallery_shortcode() in wp-includes\/media.php *\/\n\t\t\t<\/style>\n\t\t<div id='gallery-7' class='dt-gallery-container gallery galleryid-262241 gallery-columns-6 gallery-size-thumbnail'><dl class='gallery-item'>\n\t\t\t\t<dt class='gallery-icon portrait'>\n\t\t\t\t\t<a class=\"rollover rollover-zoom dt-pswp-item\" title=\"274461158_326069439547676_6774794602426386789_n\" data-dt-img-description=\"\" data-large_image_width=\"320\" data-large_image_height=\"467\"href='https:\/\/www.radiopiu.net\/wordpress\/wp-content\/uploads\/2022\/03\/274461158_326069439547676_6774794602426386789_n.jpg'><img loading=\"lazy\" decoding=\"async\" width=\"150\" height=\"150\" src=\"https:\/\/www.radiopiu.net\/wordpress\/wp-content\/uploads\/2022\/03\/274461158_326069439547676_6774794602426386789_n-150x150.jpg\" class=\"attachment-thumbnail size-thumbnail\" alt=\"\" \/><\/a>\n\t\t\t\t<\/dt><\/dl><dl class='gallery-item'>\n\t\t\t\t<dt class='gallery-icon landscape'>\n\t\t\t\t\t<a class=\"rollover rollover-zoom dt-pswp-item\" title=\"274564631_1134664047269614_6110871473908293795_n\" data-dt-img-description=\"\" data-large_image_width=\"552\" data-large_image_height=\"399\"href='https:\/\/www.radiopiu.net\/wordpress\/wp-content\/uploads\/2022\/03\/274564631_1134664047269614_6110871473908293795_n.jpg'><img loading=\"lazy\" decoding=\"async\" width=\"150\" height=\"150\" src=\"https:\/\/www.radiopiu.net\/wordpress\/wp-content\/uploads\/2022\/03\/274564631_1134664047269614_6110871473908293795_n-150x150.jpg\" class=\"attachment-thumbnail size-thumbnail\" alt=\"\" \/><\/a>\n\t\t\t\t<\/dt><\/dl><dl class='gallery-item'>\n\t\t\t\t<dt class='gallery-icon landscape'>\n\t\t\t\t\t<a class=\"rollover rollover-zoom dt-pswp-item\" title=\"274018924_660580864992930_8418806552310654439_n\" data-dt-img-description=\"\" data-large_image_width=\"618\" data-large_image_height=\"403\"href='https:\/\/www.radiopiu.net\/wordpress\/wp-content\/uploads\/2022\/03\/274018924_660580864992930_8418806552310654439_n.jpg'><img loading=\"lazy\" decoding=\"async\" width=\"150\" height=\"150\" src=\"https:\/\/www.radiopiu.net\/wordpress\/wp-content\/uploads\/2022\/03\/274018924_660580864992930_8418806552310654439_n-150x150.jpg\" class=\"attachment-thumbnail size-thumbnail\" alt=\"\" \/><\/a>\n\t\t\t\t<\/dt><\/dl><dl class='gallery-item'>\n\t\t\t\t<dt class='gallery-icon portrait'>\n\t\t\t\t\t<a class=\"rollover rollover-zoom dt-pswp-item\" title=\"274247983_965363440781549_7075736425645332663_n\" data-dt-img-description=\"\" data-large_image_width=\"302\" data-large_image_height=\"414\"href='https:\/\/www.radiopiu.net\/wordpress\/wp-content\/uploads\/2022\/03\/274247983_965363440781549_7075736425645332663_n.jpg'><img loading=\"lazy\" decoding=\"async\" width=\"150\" height=\"150\" src=\"https:\/\/www.radiopiu.net\/wordpress\/wp-content\/uploads\/2022\/03\/274247983_965363440781549_7075736425645332663_n-150x150.jpg\" class=\"attachment-thumbnail size-thumbnail\" alt=\"\" \/><\/a>\n\t\t\t\t<\/dt><\/dl><dl class='gallery-item'>\n\t\t\t\t<dt class='gallery-icon landscape'>\n\t\t\t\t\t<a class=\"rollover rollover-zoom dt-pswp-item\" title=\"273996452_370389268422588_2655104916227957811_n\" data-dt-img-description=\"\" data-large_image_width=\"590\" data-large_image_height=\"403\"href='https:\/\/www.radiopiu.net\/wordpress\/wp-content\/uploads\/2022\/03\/273996452_370389268422588_2655104916227957811_n.jpg'><img loading=\"lazy\" decoding=\"async\" width=\"150\" height=\"150\" src=\"https:\/\/www.radiopiu.net\/wordpress\/wp-content\/uploads\/2022\/03\/273996452_370389268422588_2655104916227957811_n-150x150.jpg\" class=\"attachment-thumbnail size-thumbnail\" alt=\"\" \/><\/a>\n\t\t\t\t<\/dt><\/dl><dl class='gallery-item'>\n\t\t\t\t<dt class='gallery-icon landscape'>\n\t\t\t\t\t<a class=\"rollover rollover-zoom dt-pswp-item\" title=\"274543692_950833852282171_2755843767982488155_n\" data-dt-img-description=\"\" data-large_image_width=\"596\" data-large_image_height=\"403\"href='https:\/\/www.radiopiu.net\/wordpress\/wp-content\/uploads\/2022\/03\/274543692_950833852282171_2755843767982488155_n.jpg'><img loading=\"lazy\" decoding=\"async\" width=\"150\" height=\"150\" src=\"https:\/\/www.radiopiu.net\/wordpress\/wp-content\/uploads\/2022\/03\/274543692_950833852282171_2755843767982488155_n-150x150.jpg\" class=\"attachment-thumbnail size-thumbnail\" alt=\"\" \/><\/a>\n\t\t\t\t<\/dt><\/dl><br style=\"clear: both\" \/><dl class='gallery-item'>\n\t\t\t\t<dt class='gallery-icon portrait'>\n\t\t\t\t\t<a class=\"rollover rollover-zoom dt-pswp-item\" title=\"274372054_361547472538598_7039710828454805127_n\" data-dt-img-description=\"\" data-large_image_width=\"313\" data-large_image_height=\"403\"href='https:\/\/www.radiopiu.net\/wordpress\/wp-content\/uploads\/2022\/03\/274372054_361547472538598_7039710828454805127_n.jpg'><img loading=\"lazy\" decoding=\"async\" width=\"150\" height=\"150\" src=\"https:\/\/www.radiopiu.net\/wordpress\/wp-content\/uploads\/2022\/03\/274372054_361547472538598_7039710828454805127_n-150x150.jpg\" class=\"attachment-thumbnail size-thumbnail\" alt=\"\" \/><\/a>\n\t\t\t\t<\/dt><\/dl><dl class='gallery-item'>\n\t\t\t\t<dt class='gallery-icon landscape'>\n\t\t\t\t\t<a class=\"rollover rollover-zoom dt-pswp-item\" title=\"274027615_501649628191290_5150527801555937314_n\" data-dt-img-description=\"\" data-large_image_width=\"762\" data-large_image_height=\"403\"href='https:\/\/www.radiopiu.net\/wordpress\/wp-content\/uploads\/2022\/03\/274027615_501649628191290_5150527801555937314_n.jpg'><img loading=\"lazy\" decoding=\"async\" width=\"150\" height=\"150\" src=\"https:\/\/www.radiopiu.net\/wordpress\/wp-content\/uploads\/2022\/03\/274027615_501649628191290_5150527801555937314_n-150x150.jpg\" class=\"attachment-thumbnail size-thumbnail\" alt=\"\" \/><\/a>\n\t\t\t\t<\/dt><\/dl><dl class='gallery-item'>\n\t\t\t\t<dt class='gallery-icon portrait'>\n\t\t\t\t\t<a class=\"rollover rollover-zoom dt-pswp-item\" title=\"274205670_654057215910799_310763308428190116_n\" data-dt-img-description=\"\" data-large_image_width=\"311\" data-large_image_height=\"403\"href='https:\/\/www.radiopiu.net\/wordpress\/wp-content\/uploads\/2022\/03\/274205670_654057215910799_310763308428190116_n.jpg'><img loading=\"lazy\" decoding=\"async\" width=\"150\" height=\"150\" src=\"https:\/\/www.radiopiu.net\/wordpress\/wp-content\/uploads\/2022\/03\/274205670_654057215910799_310763308428190116_n-150x150.jpg\" class=\"attachment-thumbnail size-thumbnail\" alt=\"\" \/><\/a>\n\t\t\t\t<\/dt><\/dl><dl class='gallery-item'>\n\t\t\t\t<dt class='gallery-icon landscape'>\n\t\t\t\t\t<a class=\"rollover rollover-zoom dt-pswp-item\" title=\"274083140_245091521169589_6683179917143203825_n\" data-dt-img-description=\"\" data-large_image_width=\"696\" data-large_image_height=\"403\"href='https:\/\/www.radiopiu.net\/wordpress\/wp-content\/uploads\/2022\/03\/274083140_245091521169589_6683179917143203825_n.jpg'><img loading=\"lazy\" decoding=\"async\" width=\"150\" height=\"150\" src=\"https:\/\/www.radiopiu.net\/wordpress\/wp-content\/uploads\/2022\/03\/274083140_245091521169589_6683179917143203825_n-150x150.jpg\" class=\"attachment-thumbnail size-thumbnail\" alt=\"\" \/><\/a>\n\t\t\t\t<\/dt><\/dl><dl class='gallery-item'>\n\t\t\t\t<dt class='gallery-icon landscape'>\n\t\t\t\t\t<a class=\"rollover rollover-zoom dt-pswp-item\" title=\"274702078_639341247329803_9083342687594392284_n\" data-dt-img-description=\"\" data-large_image_width=\"546\" data-large_image_height=\"403\"href='https:\/\/www.radiopiu.net\/wordpress\/wp-content\/uploads\/2022\/03\/274702078_639341247329803_9083342687594392284_n.jpg'><img loading=\"lazy\" decoding=\"async\" width=\"150\" height=\"150\" src=\"https:\/\/www.radiopiu.net\/wordpress\/wp-content\/uploads\/2022\/03\/274702078_639341247329803_9083342687594392284_n-150x150.jpg\" class=\"attachment-thumbnail size-thumbnail\" alt=\"\" \/><\/a>\n\t\t\t\t<\/dt><\/dl><dl class='gallery-item'>\n\t\t\t\t<dt class='gallery-icon landscape'>\n\t\t\t\t\t<a class=\"rollover rollover-zoom dt-pswp-item\" title=\"274573942_494942205455553_8988360563238869690_n\" data-dt-img-description=\"\" data-large_image_width=\"578\" data-large_image_height=\"403\"href='https:\/\/www.radiopiu.net\/wordpress\/wp-content\/uploads\/2022\/03\/274573942_494942205455553_8988360563238869690_n.jpg'><img loading=\"lazy\" decoding=\"async\" width=\"150\" height=\"150\" src=\"https:\/\/www.radiopiu.net\/wordpress\/wp-content\/uploads\/2022\/03\/274573942_494942205455553_8988360563238869690_n-150x150.jpg\" class=\"attachment-thumbnail size-thumbnail\" alt=\"\" \/><\/a>\n\t\t\t\t<\/dt><\/dl><br style=\"clear: both\" \/>\n\t\t\t<\/div>\n\n<p>&nbsp;<\/p>\n<p>NELLE FOTO (riproduzioni dal libro \u201cPiccole e grandi storie di emigranti\u201d di Pocchiesa, Fornaro e Vio): la copertina del volume; Colonia, settembre 1990, Aduo Vio e signora presentano una litografia di Fiabane; dicembre dello stesso anno: cena sociale dei bellunesi della \u201cFamiglia\u201d Nord Reno Westfalia a Puos d\u2019Alpago, con annuncio che il monumento \u00e8 quasi pronto; Franco Fiabane (sulla destra) al lavoro nel suo studio; 17 novembre 1991: rappresentanti delle 105 \u201cFamiglie\u201d di emigranti bellunesi nel mondo attorno al monumento; la stele dopo lo scoprimento; Vio legge il documento di donazione dell\u2019opera; l\u2019autore, Franco Fiabane, ne illustra i significati; l\u2019allora sindaco di Belluno, Gianclaudio Bressa, porge un dono della Citt\u00e0 a Vincenzo Barcelloni per lungo tempo presidente dell\u2019Aeb; corteo conclusivo della cerimonia; illustrazione alla base del monumento.<\/p>\n<p>&nbsp;<\/p>\n<hr \/>\n<blockquote>\n<h3><\/h3>\n<h3>SEI FOTO&#8230;I RICORDI ALLA RADIO &#8211; archivio radiopiu &#8211;<\/h3>\n<\/blockquote>\n<p><strong>REDAZIONE<\/strong> Anche oggi sei scatti dagli archivi della radio, all&#8217;inizio degli anni 80 il trofeo Luciano Soccol in Valle di San Lucano, nella foto volti noti, uomini e donne che si sono spesi per vivacizzare il paese di Taibon, purtroppo molti di loro non ci sono pi\u00f9. La squadra di calcio del Le Ville con un giovane Mario Scussel e i nomi importanti del calcio agordino, da Elvio\u00a0 Chiea ad Antonio\u00a0 Taio, i fratelli Dorigo, il bomber di La Valle Moreno De Col e Mario Fullin nome legato anche all&#8217;Aba pallacanestro. Un pensiero per Ivano Dorigo e il portierone Carlo &#8220;Tano&#8221; Manfroi. Uno scatto in bianco nero di una squadra di hockey di cui non ricordo la provenienza, noto invece il volto del pescatore di Agordo. La bambina stretta al collo \u00e8 Arianna Santomaso sempre di Agordo. Nella foto delle giovanili dell&#8217;Agordina con i talenti della vallata anche Silvano Mosca e il Mario il &#8220;leprotto&#8221;, il pi\u00f9 sorridente \u00e8 Gianni Santomaso.<\/p>\n\n\t\t\t<style type='text\/css'>\n\t\t\t\t#gallery-8 {\n\t\t\t\t\tmargin: auto;\n\t\t\t\t}\n\t\t\t\t#gallery-8 .gallery-item {\n\t\t\t\t\tfloat: left;\n\t\t\t\t\tmargin-top: 10px;\n\t\t\t\t\ttext-align: center;\n\t\t\t\t\twidth: 33%;\n\t\t\t\t}\n\t\t\t\t#gallery-8 img {\n\t\t\t\t\tborder: 2px solid #cfcfcf;\n\t\t\t\t}\n\t\t\t\t#gallery-8 .gallery-caption {\n\t\t\t\t\tmargin-left: 0;\n\t\t\t\t}\n\t\t\t\t\/* see gallery_shortcode() in wp-includes\/media.php *\/\n\t\t\t<\/style>\n\t\t<div id='gallery-8' class='dt-gallery-container gallery galleryid-262241 gallery-columns-3 gallery-size-thumbnail'><dl class='gallery-item'>\n\t\t\t\t<dt class='gallery-icon landscape'>\n\t\t\t\t\t<a class=\"rollover rollover-zoom dt-pswp-item\" title=\"foto_1571\" data-dt-img-description=\"\" data-large_image_width=\"1400\" data-large_image_height=\"978\"href='https:\/\/www.radiopiu.net\/wordpress\/wp-content\/uploads\/2022\/03\/foto_1571-1.jpeg'><img loading=\"lazy\" decoding=\"async\" width=\"150\" height=\"150\" src=\"https:\/\/www.radiopiu.net\/wordpress\/wp-content\/uploads\/2022\/03\/foto_1571-1-150x150.jpeg\" class=\"attachment-thumbnail size-thumbnail\" alt=\"\" \/><\/a>\n\t\t\t\t<\/dt><\/dl><dl class='gallery-item'>\n\t\t\t\t<dt class='gallery-icon landscape'>\n\t\t\t\t\t<a class=\"rollover rollover-zoom dt-pswp-item\" title=\"foto_1572\" data-dt-img-description=\"\" data-large_image_width=\"1479\" data-large_image_height=\"1033\"href='https:\/\/www.radiopiu.net\/wordpress\/wp-content\/uploads\/2022\/03\/foto_1572-1.jpeg'><img loading=\"lazy\" decoding=\"async\" width=\"150\" height=\"150\" src=\"https:\/\/www.radiopiu.net\/wordpress\/wp-content\/uploads\/2022\/03\/foto_1572-1-150x150.jpeg\" class=\"attachment-thumbnail size-thumbnail\" alt=\"\" \/><\/a>\n\t\t\t\t<\/dt><\/dl><dl class='gallery-item'>\n\t\t\t\t<dt class='gallery-icon landscape'>\n\t\t\t\t\t<a class=\"rollover rollover-zoom dt-pswp-item\" title=\"foto_1562\" data-dt-img-description=\"\" data-large_image_width=\"1190\" data-large_image_height=\"780\"href='https:\/\/www.radiopiu.net\/wordpress\/wp-content\/uploads\/2022\/03\/foto_1562-1.jpeg'><img loading=\"lazy\" decoding=\"async\" width=\"150\" height=\"150\" src=\"https:\/\/www.radiopiu.net\/wordpress\/wp-content\/uploads\/2022\/03\/foto_1562-1-150x150.jpeg\" class=\"attachment-thumbnail size-thumbnail\" alt=\"\" \/><\/a>\n\t\t\t\t<\/dt><\/dl><br style=\"clear: both\" \/><dl class='gallery-item'>\n\t\t\t\t<dt class='gallery-icon landscape'>\n\t\t\t\t\t<a class=\"rollover rollover-zoom dt-pswp-item\" title=\"foto_1563\" data-dt-img-description=\"\" data-large_image_width=\"1190\" data-large_image_height=\"780\"href='https:\/\/www.radiopiu.net\/wordpress\/wp-content\/uploads\/2022\/03\/foto_1563-2.jpeg'><img loading=\"lazy\" decoding=\"async\" width=\"150\" height=\"150\" src=\"https:\/\/www.radiopiu.net\/wordpress\/wp-content\/uploads\/2022\/03\/foto_1563-2-150x150.jpeg\" class=\"attachment-thumbnail size-thumbnail\" alt=\"\" \/><\/a>\n\t\t\t\t<\/dt><\/dl><dl class='gallery-item'>\n\t\t\t\t<dt class='gallery-icon landscape'>\n\t\t\t\t\t<a class=\"rollover rollover-zoom dt-pswp-item\" title=\"foto_1570\" data-dt-img-description=\"\" data-large_image_width=\"1292\" data-large_image_height=\"967\"href='https:\/\/www.radiopiu.net\/wordpress\/wp-content\/uploads\/2022\/03\/foto_1570.jpeg'><img loading=\"lazy\" decoding=\"async\" width=\"150\" height=\"150\" src=\"https:\/\/www.radiopiu.net\/wordpress\/wp-content\/uploads\/2022\/03\/foto_1570-150x150.jpeg\" class=\"attachment-thumbnail size-thumbnail\" alt=\"\" \/><\/a>\n\t\t\t\t<\/dt><\/dl><dl class='gallery-item'>\n\t\t\t\t<dt class='gallery-icon portrait'>\n\t\t\t\t\t<a class=\"rollover rollover-zoom dt-pswp-item\" title=\"foto_1564\" data-dt-img-description=\"\" data-large_image_width=\"780\" data-large_image_height=\"1190\"href='https:\/\/www.radiopiu.net\/wordpress\/wp-content\/uploads\/2022\/03\/foto_1564-e1646127779608.jpeg'><img loading=\"lazy\" decoding=\"async\" width=\"150\" height=\"150\" src=\"https:\/\/www.radiopiu.net\/wordpress\/wp-content\/uploads\/2022\/03\/foto_1564-e1646127779608-150x150.jpeg\" class=\"attachment-thumbnail size-thumbnail\" alt=\"\" \/><\/a>\n\t\t\t\t<\/dt><\/dl><br style=\"clear: both\" \/>\n\t\t\t<\/div>\n\n<p>&nbsp;<\/p>\n<p>&nbsp;<\/p>\n<hr \/>\n<p>&nbsp;<\/p>\n<h2><span style=\"color: #ff0000;\">IERI ALLA RADIO\u00a0<\/span><\/h2>\n<h2><span style=\"color: #808000;\">ALLO ZERO TERMICO: MORRIS DE ZAIACOMO E IL RITORNO DELLA FOCA<\/span><\/h2>\n<blockquote><p><em class=\"photoswipe-wrapper\"><a class=\"dt-pswp-item\" href=\"https:\/\/www.radiopiu.net\/wordpress\/wp-content\/uploads\/2022\/03\/Locandina_inv_2022.jpg\" data-dt-img-description=\"\" data-large_image_width=\"1239\" data-large_image_height=\"1754\"><img loading=\"lazy\" decoding=\"async\" class=\" wp-image-262336 alignleft\" src=\"https:\/\/www.radiopiu.net\/wordpress\/wp-content\/uploads\/2022\/03\/Locandina_inv_2022-212x300.jpg\" alt=\"\" width=\"133\" height=\"189\" srcset=\"https:\/\/www.radiopiu.net\/wordpress\/wp-content\/uploads\/2022\/03\/Locandina_inv_2022-212x300.jpg 212w, https:\/\/www.radiopiu.net\/wordpress\/wp-content\/uploads\/2022\/03\/Locandina_inv_2022-723x1024.jpg 723w, https:\/\/www.radiopiu.net\/wordpress\/wp-content\/uploads\/2022\/03\/Locandina_inv_2022-768x1087.jpg 768w, https:\/\/www.radiopiu.net\/wordpress\/wp-content\/uploads\/2022\/03\/Locandina_inv_2022-1085x1536.jpg 1085w, https:\/\/www.radiopiu.net\/wordpress\/wp-content\/uploads\/2022\/03\/Locandina_inv_2022.jpg 1239w\" sizes=\"auto, (max-width: 133px) 100vw, 133px\" \/><\/a>ZERO TERMICO E\u2019 UN VIAGGIO ALLA SCOPERTA DEL NOSTRO TERRITORIO, DALLA VOCE DEI PROTAGONISTI. TURISMO, SPORT, EVENTI, CULTURA, INTRATTENIMENTO. DAL LUNEDI\u2019 AL VENERDI ALLE 15.10 ALLE 20.30. ZERO TERMICO. UN APPUNTAMENTO IN COLLABORAZIONE CON: SPORT 203. LA NATURALE PORTA D\u2019INGRESSO\u2026.VERSO LO ZERO TERMICO. LOCALITA\u2019 LE CAMPE STRADA AGORDO BELLUNO. ABBIGLIAMENTO E ATTREZZATURA\u2026.DEDICATI A CHI AMA LA MONTAGNA.<\/em><\/p><\/blockquote>\n<p><strong>di Claudio Fontanive<\/strong><\/p>\n<p>OSPITE: Morris De Zaiacomo<\/p>\n<audio class=\"wp-audio-shortcode\" id=\"audio-262241-11\" preload=\"none\" style=\"width: 100%;\" controls=\"controls\"><source type=\"audio\/mpeg\" src=\"https:\/\/www.radiopiu.net\/wordpress\/wp-content\/uploads\/2022\/03\/morris-dezaiacomo-foca-01-marzo.mp3?_=11\" \/><a href=\"https:\/\/www.radiopiu.net\/wordpress\/wp-content\/uploads\/2022\/03\/morris-dezaiacomo-foca-01-marzo.mp3\">https:\/\/www.radiopiu.net\/wordpress\/wp-content\/uploads\/2022\/03\/morris-dezaiacomo-foca-01-marzo.mp3<\/a><\/audio>\n<p>&nbsp;<\/p>\n<hr \/>\n<p>&nbsp;<\/p>\n<p><strong>TUTTI I LUNEDI ALLE 10,30 E 1900, LA DOMENICA ALLE 8 007 IN CONDOTTA, LA SCUOLA CON LA PROF. MARIA ROSA SALMAZO E CLAUDIO FONTANIVE, IN PODCAST TUTTE LE PUNTATE DELLE ULTIME STAGIONI.<\/strong><\/p>\n<p>&nbsp;<\/p>\n<blockquote class=\"wp-embedded-content\" data-secret=\"tsJX8aS5EP\"><p><a href=\"https:\/\/www.radiopiu.net\/wordpress\/007incondotta-9\/\">007 in condotta<\/a><\/p><\/blockquote>\n<p><iframe loading=\"lazy\" class=\"wp-embedded-content\" sandbox=\"allow-scripts\" security=\"restricted\" style=\"position: absolute; clip: rect(1px, 1px, 1px, 1px);\" title=\"&#8220;007 in condotta&#8221; &#8212; Radio Pi\u00f9\" src=\"https:\/\/www.radiopiu.net\/wordpress\/007incondotta-9\/embed\/#?secret=tsJX8aS5EP\" data-secret=\"tsJX8aS5EP\" width=\"600\" height=\"338\" frameborder=\"0\" marginwidth=\"0\" marginheight=\"0\" scrolling=\"no\"><\/iframe><\/p>\n<p>&nbsp;<\/p>\n<hr \/>\n<p>&nbsp;<\/p>\n<p>&nbsp;<\/p>\n<p>https:\/\/www.radiopiu.net\/wordpress\/raccoltaso1\/<\/p>\n<p>&nbsp;<\/p>\n<hr \/>\n<p>&nbsp;<\/p>\n<div>\n<div class=\"b654a4as d2edcug0\">\n<div class=\"rq0escxv hkbzh7o3 jwdofwj8 n8tt0mok r8blr3vg hyh9befq\">\n<p><a class=\"dt-pswp-item\" href=\"https:\/\/www.radiopiu.net\/wordpress\/wp-content\/uploads\/2020\/10\/pp.jpg\" data-dt-img-description=\"\" data-large_image_width=\"640\" data-large_image_height=\"640\"><img loading=\"lazy\" decoding=\"async\" class=\"wp-image-163678 alignleft\" src=\"https:\/\/www.radiopiu.net\/wordpress\/wp-content\/uploads\/2020\/10\/pp-300x300.jpg\" alt=\"\" width=\"106\" height=\"106\" srcset=\"https:\/\/www.radiopiu.net\/wordpress\/wp-content\/uploads\/2020\/10\/pp-300x300.jpg 300w, https:\/\/www.radiopiu.net\/wordpress\/wp-content\/uploads\/2020\/10\/pp-150x150.jpg 150w, https:\/\/www.radiopiu.net\/wordpress\/wp-content\/uploads\/2020\/10\/pp-125x125.jpg 125w, https:\/\/www.radiopiu.net\/wordpress\/wp-content\/uploads\/2020\/10\/pp-200x200.jpg 200w, https:\/\/www.radiopiu.net\/wordpress\/wp-content\/uploads\/2020\/10\/pp-80x80.jpg 80w, https:\/\/www.radiopiu.net\/wordpress\/wp-content\/uploads\/2020\/10\/pp-480x480.jpg 480w, https:\/\/www.radiopiu.net\/wordpress\/wp-content\/uploads\/2020\/10\/pp.jpg 640w\" sizes=\"auto, (max-width: 106px) 100vw, 106px\" \/><\/a><\/p>\n<\/div>\n<\/div>\n<\/div>\n<div>\n<div class=\"page-title-head hgroup\">\n<div class=\"page-title-head hgroup\">\n<div class=\"b654a4as d2edcug0\">\n<div class=\"j83agx80 btwxx1t3 lhclo0ds hop8lmos nkwizq5d scwd0bx6 roh60bw9\">\n<div class=\"rq0escxv hkbzh7o3 jwdofwj8 n8tt0mok r8blr3vg hyh9befq\">\n<div class=\"do00u71z l9j0dhe7 k4urcfbm\">\n<h2><span style=\"color: #000080;\">\u00a0<\/span><span style=\"color: #000080;\">DON CESARE, IL PENSIERO DEL GIORNO. ALLA RADIO ALLE 7 DEL MATTINO E ALLE 19.30 DELLA SERA.\u00a0<\/span><\/h2>\n<p>&nbsp;<\/p>\n<\/div>\n<\/div>\n<\/div>\n<\/div>\n<\/div>\n<\/div>\n<\/div>\n<audio class=\"wp-audio-shortcode\" id=\"audio-262241-12\" preload=\"none\" style=\"width: 100%;\" controls=\"controls\"><source type=\"audio\/mpeg\" src=\"https:\/\/www.radiopiu.net\/wordpress\/wp-content\/uploads\/2022\/03\/cesare-1.mp3?_=12\" \/><a href=\"https:\/\/www.radiopiu.net\/wordpress\/wp-content\/uploads\/2022\/03\/cesare-1.mp3\">https:\/\/www.radiopiu.net\/wordpress\/wp-content\/uploads\/2022\/03\/cesare-1.mp3<\/a><\/audio>\n<p>&nbsp;<\/p>\n<hr \/>\n<p>&nbsp;<\/p>\n<h3 class=\"kvgmc6g5 cxmmr5t8 oygrvhab hcukyx3x c1et5uql\"><span style=\"color: #0000ff;\"><strong>INFORMAZIONE il canale su TELEGRAM informazione di prima mano e in tempo reale. iscriviti ed aiutaci a farlo conoscere\u00a0\u00a0<\/strong><\/span><\/h3>\n<p>&nbsp;<\/p>\n<p>&nbsp;<\/p>\n<hr \/>\n<p>&nbsp;<\/p>\n<div class=\"do00u71z l9j0dhe7 k4urcfbm\">\n<div class=\"page-title-head hgroup\">\n<div class=\"page-title-head hgroup\">\n<div class=\"b654a4as d2edcug0\">\n<div class=\"j83agx80 btwxx1t3 lhclo0ds hop8lmos nkwizq5d scwd0bx6 roh60bw9\">\n<div class=\"rq0escxv hkbzh7o3 jwdofwj8 n8tt0mok r8blr3vg hyh9befq\">\n<div class=\"do00u71z l9j0dhe7 k4urcfbm\">\n<div class=\"page-title-head hgroup\">\n<div class=\"page-title-head hgroup\">\n<div class=\"b654a4as d2edcug0\">\n<div class=\"j83agx80 btwxx1t3 lhclo0ds hop8lmos nkwizq5d scwd0bx6 roh60bw9\">\n<div class=\"rq0escxv hkbzh7o3 jwdofwj8 n8tt0mok r8blr3vg hyh9befq\">\n<div class=\"do00u71z l9j0dhe7 k4urcfbm\">\n<div class=\"ecm0bbzt e5nlhep0 a8c37x1j\">\n<div class=\"kvgmc6g5 cxmmr5t8 oygrvhab hcukyx3x c1et5uql\">\n<div class=\"gmail-kvgmc6g5 gmail-cxmmr5t8 gmail-oygrvhab gmail-hcukyx3x gmail-c1et5uql gmail-ii04i59q\">\n<div class=\"page-title-head hgroup\">\n<div class=\"page-title-head hgroup\">\n<div class=\"b654a4as d2edcug0\">\n<div class=\"j83agx80 btwxx1t3 lhclo0ds hop8lmos nkwizq5d scwd0bx6 roh60bw9\">\n<div class=\"rq0escxv hkbzh7o3 jwdofwj8 n8tt0mok r8blr3vg hyh9befq\">\n<div class=\"do00u71z l9j0dhe7 k4urcfbm\">\n<div class=\"page-title-head hgroup\">\n<div class=\"page-title-head hgroup\">\n<div class=\"b654a4as d2edcug0\">\n<div class=\"j83agx80 btwxx1t3 lhclo0ds hop8lmos nkwizq5d scwd0bx6 roh60bw9\">\n<div class=\"rq0escxv hkbzh7o3 jwdofwj8 n8tt0mok r8blr3vg hyh9befq\">\n<div class=\"do00u71z l9j0dhe7 k4urcfbm\">\n<div class=\"page-title-head hgroup\">\n<div class=\"page-title-head hgroup\">\n<div class=\"b654a4as d2edcug0\">\n<div class=\"j83agx80 btwxx1t3 lhclo0ds hop8lmos nkwizq5d scwd0bx6 roh60bw9\">\n<div class=\"rq0escxv hkbzh7o3 jwdofwj8 n8tt0mok r8blr3vg hyh9befq\">\n<div class=\"do00u71z l9j0dhe7 k4urcfbm\">\n<div class=\"ecm0bbzt e5nlhep0 a8c37x1j\">\n<div class=\"kvgmc6g5 cxmmr5t8 oygrvhab hcukyx3x c1et5uql\">\n<div class=\"gmail-kvgmc6g5 gmail-cxmmr5t8 gmail-oygrvhab gmail-hcukyx3x gmail-c1et5uql gmail-ii04i59q\">\n<div class=\"page-title-head hgroup\">\n<div class=\"page-title-head hgroup\">\n<div class=\"b654a4as d2edcug0\">\n<div class=\"j83agx80 btwxx1t3 lhclo0ds hop8lmos nkwizq5d scwd0bx6 roh60bw9\">\n<div class=\"rq0escxv hkbzh7o3 jwdofwj8 n8tt0mok r8blr3vg hyh9befq\">\n<div class=\"do00u71z l9j0dhe7 k4urcfbm\">\n<blockquote>\n<h3><span style=\"color: #ff0000;\">IN VIVO VERSO, SETTIMA STAGIONE CON BRUNELLA MORO, DAL LUNEDI AL VENERDI ALLE 7.10, 10.10 E 18.50\u00a0\u00a0<\/span><\/h3>\n<h3>INCERTEZZA di PAOLO DE TOFFOL<\/h3>\n<\/blockquote>\n<p><strong>AUDIO<\/strong><\/p>\n<audio class=\"wp-audio-shortcode\" id=\"audio-262241-13\" preload=\"none\" style=\"width: 100%;\" controls=\"controls\"><source type=\"audio\/mpeg\" src=\"https:\/\/www.radiopiu.net\/wordpress\/wp-content\/uploads\/2022\/02\/02-incertezza-paolo-de-toffol.mp3?_=13\" \/><a href=\"https:\/\/www.radiopiu.net\/wordpress\/wp-content\/uploads\/2022\/02\/02-incertezza-paolo-de-toffol.mp3\">https:\/\/www.radiopiu.net\/wordpress\/wp-content\/uploads\/2022\/02\/02-incertezza-paolo-de-toffol.mp3<\/a><\/audio>\n<p>&nbsp;<\/p>\n<p><a class=\"dt-pswp-item\" href=\"https:\/\/www.radiopiu.net\/wordpress\/wp-content\/uploads\/2022\/03\/2-PAOLO-DE-TOFFOL.jpg\" data-dt-img-description=\"\" data-large_image_width=\"1686\" data-large_image_height=\"1992\"><img loading=\"lazy\" decoding=\"async\" class=\" wp-image-262322 alignleft\" src=\"https:\/\/www.radiopiu.net\/wordpress\/wp-content\/uploads\/2022\/03\/2-PAOLO-DE-TOFFOL-254x300.jpg\" alt=\"\" width=\"104\" height=\"123\" srcset=\"https:\/\/www.radiopiu.net\/wordpress\/wp-content\/uploads\/2022\/03\/2-PAOLO-DE-TOFFOL-254x300.jpg 254w, https:\/\/www.radiopiu.net\/wordpress\/wp-content\/uploads\/2022\/03\/2-PAOLO-DE-TOFFOL-867x1024.jpg 867w, https:\/\/www.radiopiu.net\/wordpress\/wp-content\/uploads\/2022\/03\/2-PAOLO-DE-TOFFOL-768x907.jpg 768w, https:\/\/www.radiopiu.net\/wordpress\/wp-content\/uploads\/2022\/03\/2-PAOLO-DE-TOFFOL-1300x1536.jpg 1300w, https:\/\/www.radiopiu.net\/wordpress\/wp-content\/uploads\/2022\/03\/2-PAOLO-DE-TOFFOL.jpg 1686w\" sizes=\"auto, (max-width: 104px) 100vw, 104px\" \/><\/a><strong>INCERTEZZA<\/strong><\/p>\n<p>Sommesso e quieto come albero spoglio<br \/>\nin quest&#8217;inverno senza neve, ma gi\u00e0 profondo,<br \/>\nsurrogo la coltre bianca<br \/>\ncon una coperta di domande.<br \/>\nE l&#8217;ansia del vivere gioca crudele<br \/>\ncol mio cuore stanco<br \/>\nnell&#8217;attesa di un divenire incerto<br \/>\ne di un amore che all&#8217;orizzonte non compare.<\/p>\n<p><strong>LA RACCOLTA COMPLETA<\/strong><\/p>\n<p><strong> \u00a0<\/strong><\/p>\n<blockquote class=\"wp-embedded-content\" data-secret=\"qEJRXKPawf\"><p><a href=\"https:\/\/www.radiopiu.net\/wordpress\/in-vivo-verso\/\">In Vivo Verso<\/a><\/p><\/blockquote>\n<p><iframe loading=\"lazy\" class=\"wp-embedded-content\" sandbox=\"allow-scripts\" security=\"restricted\" style=\"position: absolute; clip: rect(1px, 1px, 1px, 1px);\" title=\"&#8220;In Vivo Verso&#8221; &#8212; Radio Pi\u00f9\" src=\"https:\/\/www.radiopiu.net\/wordpress\/in-vivo-verso\/embed\/#?secret=qEJRXKPawf\" data-secret=\"qEJRXKPawf\" width=\"600\" height=\"338\" frameborder=\"0\" marginwidth=\"0\" marginheight=\"0\" scrolling=\"no\"><\/iframe><\/p>\n<p>&nbsp;<\/p>\n<hr \/>\n<p>&nbsp;<\/p>\n<h2><span style=\"color: #808000;\">GOCCE DI FILOSOFIA<\/span><\/h2>\n<p><strong>PUNTATA 147<\/strong><\/p>\n<audio class=\"wp-audio-shortcode\" id=\"audio-262241-14\" preload=\"none\" style=\"width: 100%;\" controls=\"controls\"><source type=\"audio\/mpeg\" src=\"https:\/\/www.radiopiu.net\/wordpress\/wp-content\/uploads\/2022\/02\/FI2-3.mp3?_=14\" \/><a href=\"https:\/\/www.radiopiu.net\/wordpress\/wp-content\/uploads\/2022\/02\/FI2-3.mp3\">https:\/\/www.radiopiu.net\/wordpress\/wp-content\/uploads\/2022\/02\/FI2-3.mp3<\/a><\/audio>\n<p>&nbsp;<\/p>\n<p><strong>LA RACCOLTA COMPLETA<\/strong><\/p>\n<blockquote class=\"wp-embedded-content\" data-secret=\"HyUWpc5VX0\"><p><a href=\"https:\/\/www.radiopiu.net\/wordpress\/gocce-filosofia\/\">Gocce di filosofia, PRIMA E SECONDA STAGIONE 2022<\/a><\/p><\/blockquote>\n<p><iframe loading=\"lazy\" class=\"wp-embedded-content\" sandbox=\"allow-scripts\" security=\"restricted\" style=\"position: absolute; clip: rect(1px, 1px, 1px, 1px);\" title=\"&#8220;Gocce di filosofia, PRIMA E SECONDA STAGIONE 2022&#8221; &#8212; Radio Pi\u00f9\" src=\"https:\/\/www.radiopiu.net\/wordpress\/gocce-filosofia\/embed\/#?secret=HyUWpc5VX0\" data-secret=\"HyUWpc5VX0\" width=\"600\" height=\"338\" frameborder=\"0\" marginwidth=\"0\" marginheight=\"0\" scrolling=\"no\"><\/iframe><\/p>\n<p>&nbsp;<\/p>\n<p>&nbsp;<\/p>\n<hr \/>\n<p>&nbsp;<\/p>\n<p><span style=\"color: #0000ff;\">MUSICA PIU&#8217;\u00a0<\/span><\/p>\n<p><a href=\"https:\/\/www.radiopiu.net\/wordpress\/giornale-radiopiu-20-settembre-2021-direttore-mirko-mezzacasa\/pp-79\/\" rel=\"attachment wp-att-232921\"><img loading=\"lazy\" decoding=\"async\" class=\"wp-image-232921 alignleft\" src=\"https:\/\/www.radiopiu.net\/wordpress\/wp-content\/uploads\/2021\/09\/pp-1-300x300.jpg\" alt=\"\" width=\"135\" height=\"135\" srcset=\"https:\/\/www.radiopiu.net\/wordpress\/wp-content\/uploads\/2021\/09\/pp-1-300x300.jpg 300w, https:\/\/www.radiopiu.net\/wordpress\/wp-content\/uploads\/2021\/09\/pp-1-150x150.jpg 150w, https:\/\/www.radiopiu.net\/wordpress\/wp-content\/uploads\/2021\/09\/pp-1.jpg 640w\" sizes=\"auto, (max-width: 135px) 100vw, 135px\" \/><\/a><\/p>\n<div class=\"mkdf-post-text\">\n<div class=\"mkdf-post-text-inner\">\n<div class=\"mkdf-post-text-main\">\n<div class=\"mkdf-post-text\">\n<div class=\"mkdf-post-text-inner\">\n<div class=\"mkdf-post-text-main\">\n<div class=\"mkdf-post-text\">\n<div class=\"mkdf-post-text-inner\">\n<div class=\"mkdf-post-text-main\">\n<div class=\"page-title-head hgroup\">\n<div class=\"page-title-head hgroup\">\n<div class=\"mkdf-post-text\">\n<div class=\"mkdf-post-text-inner\">\n<div class=\"mkdf-post-text-main\">\n<div class=\"mkdf-post-text\">\n<div class=\"mkdf-post-text-inner\">\n<div class=\"mkdf-post-text-main\">\n<div class=\"page-title-head hgroup\">\n<div class=\"page-title-head hgroup\">\n<div class=\"page-title-head hgroup\">\n<div class=\"page-title-head hgroup\">\n<div class=\"b654a4as d2edcug0\">\n<div class=\"page-title-head hgroup\">\n<div class=\"page-title-head hgroup\">\n<div class=\"page-title-head hgroup\">\n<div class=\"page-title-head hgroup\">\n<div class=\"b654a4as d2edcug0\">\n<div class=\"page-title-head hgroup\">\n<div class=\"page-title-head hgroup\">\n<div class=\"page-title-head hgroup\">\n<div class=\"page-title-head hgroup\">\n<div class=\"b654a4as d2edcug0\">\n<div class=\"mkdf-post-text\">\n<div class=\"mkdf-post-text-inner\">\n<div class=\"mkdf-post-text-main\">\n<div class=\"mkdf-post-text\">\n<div class=\"mkdf-post-text-inner\">\n<div class=\"mkdf-post-text-main\">\n<div class=\"mkdf-post-text\">\n<div class=\"mkdf-post-text-inner\">\n<div class=\"mkdf-post-text-main\">\n<div class=\"page-title-head hgroup\">\n<div class=\"page-title-head hgroup\">\n<div class=\"mkdf-post-text\">\n<div class=\"mkdf-post-text-inner\">\n<div class=\"mkdf-post-text-main\">\n<div class=\"mkdf-post-text\">\n<div class=\"mkdf-post-text-inner\">\n<div class=\"mkdf-post-text-main\">\n<div class=\"page-title-head hgroup\">\n<div class=\"page-title-head hgroup\">\n<div class=\"page-title-head hgroup\">\n<div class=\"page-title-head hgroup\">\n<div class=\"b654a4as d2edcug0\">\n<div class=\"page-title-head hgroup\">\n<div class=\"page-title-head hgroup\">\n<div class=\"page-title-head hgroup\">\n<div class=\"page-title-head hgroup\">\n<div class=\"b654a4as d2edcug0\">\n<div class=\"page-title-head hgroup\">\n<div class=\"page-title-head hgroup\">\n<div class=\"page-title-head hgroup\">\n<div class=\"page-title-head hgroup\">\n<div class=\"b654a4as d2edcug0\">\n<div><\/div>\n<div><\/div>\n<div>\n<p><strong>MUSICA ALLA RADIO, IL PROGRAMMA DI LORIS SCUSSEL &#8220;COLLAGE OPERAZIONE NOSTALGIA&#8221; DAL LUNEDI AL VENERDI ALLE 16.00\u00a0 E ALLE 23\u00a0<\/strong><\/p>\n<\/div>\n<p>&nbsp;<\/p>\n<p><strong>PUNTATA 552 DEL 01 MARZO 2022<\/strong><\/p>\n<audio class=\"wp-audio-shortcode\" id=\"audio-262241-15\" preload=\"none\" style=\"width: 100%;\" controls=\"controls\"><source type=\"audio\/mpeg\" src=\"https:\/\/www.radiopiu.net\/wordpress\/wp-content\/uploads\/2022\/02\/Collage-552.mp3?_=15\" \/><a href=\"https:\/\/www.radiopiu.net\/wordpress\/wp-content\/uploads\/2022\/02\/Collage-552.mp3\">https:\/\/www.radiopiu.net\/wordpress\/wp-content\/uploads\/2022\/02\/Collage-552.mp3<\/a><\/audio>\n<p>&nbsp;<\/p>\n<p><strong><a class=\"dt-pswp-item\" href=\"https:\/\/www.radiopiu.net\/wordpress\/wp-content\/uploads\/2022\/02\/Battiato.jpg\" data-dt-img-description=\"\" data-large_image_width=\"719\" data-large_image_height=\"747\"><img loading=\"lazy\" decoding=\"async\" class=\" wp-image-261859 alignleft\" src=\"https:\/\/www.radiopiu.net\/wordpress\/wp-content\/uploads\/2022\/02\/Battiato-289x300.jpg\" alt=\"\" width=\"130\" height=\"135\" srcset=\"https:\/\/www.radiopiu.net\/wordpress\/wp-content\/uploads\/2022\/02\/Battiato-289x300.jpg 289w, https:\/\/www.radiopiu.net\/wordpress\/wp-content\/uploads\/2022\/02\/Battiato.jpg 719w\" sizes=\"auto, (max-width: 130px) 100vw, 130px\" \/><\/a>di Loris Scussel<\/strong><\/p>\n<p>Con la prossima settimana saranno pi\u00f9 di 3.000 i brani proposti da Collage nella consueta alternanza tra pezzi pi\u00f9 o meno celebri senza tralasciare quelli quasi dimenticati che il programma va ogni tanto a rispolverare, in particolare mercoled\u00ec proporremo una puntata dedicata al rock prog italiano dei primi anni 70 con un Battiato ispirato dalla musica sperimentale elettronica sulle orme del maestro Karlheinz Stockhausen. Il programma andr\u00e0 in onda dal luned\u00ec al venerd\u00ec alle 16,00 e alle 23,00.<\/p>\n<p>&nbsp;<\/p>\n<p>&nbsp;<\/p>\n<hr \/>\n<\/div>\n<\/div>\n<\/div>\n<\/div>\n<\/div>\n<\/div>\n<\/div>\n<\/div>\n<\/div>\n<\/div>\n<\/div>\n<\/div>\n<\/div>\n<\/div>\n<\/div>\n<\/div>\n<\/div>\n<\/div>\n<\/div>\n<\/div>\n<\/div>\n<\/div>\n<\/div>\n<\/div>\n<\/div>\n<\/div>\n<\/div>\n<\/div>\n<\/div>\n<\/div>\n<\/div>\n<\/div>\n<\/div>\n<\/div>\n<\/div>\n<\/div>\n<\/div>\n<\/div>\n<\/div>\n<\/div>\n<\/div>\n<\/div>\n<\/div>\n<\/div>\n<\/div>\n<\/div>\n<\/div>\n<\/div>\n<\/div>\n<\/div>\n<\/div>\n<\/div>\n<\/div>\n<\/div>\n<\/div>\n<\/div>\n<\/div>\n<\/div>\n<\/div>\n<\/div>\n<\/div>\n<\/div>\n<\/div>\n<\/div>\n<p>&nbsp;<\/p>\n<blockquote class=\"wp-embedded-content\" data-secret=\"JOptJ4b7Ia\"><p><a href=\"https:\/\/www.radiopiu.net\/wordpress\/frmx18\/\">FREEMIX, LA LIBERTA&#8217; MUSICALE MIXATA DA DJ ATHOS E RACCONTATA DA DJ JACK<\/a><\/p><\/blockquote>\n<p><iframe loading=\"lazy\" class=\"wp-embedded-content\" sandbox=\"allow-scripts\" security=\"restricted\" style=\"position: absolute; clip: rect(1px, 1px, 1px, 1px);\" title=\"&#8220;FREEMIX, LA LIBERTA&#8217; MUSICALE MIXATA DA DJ ATHOS E RACCONTATA DA DJ JACK&#8221; &#8212; Radio Pi\u00f9\" src=\"https:\/\/www.radiopiu.net\/wordpress\/frmx18\/embed\/#?secret=JOptJ4b7Ia\" data-secret=\"JOptJ4b7Ia\" width=\"600\" height=\"338\" frameborder=\"0\" marginwidth=\"0\" marginheight=\"0\" scrolling=\"no\"><\/iframe><\/p>\n<p>&nbsp;<\/p>\n<blockquote class=\"wp-embedded-content\" data-secret=\"Ri6cW5Y0kD\"><p><a href=\"https:\/\/www.radiopiu.net\/wordpress\/da-ieri-alla-radio-in-palinsesto-loris-e-maurizio-con-la-grande-musica\/\">IL BLUES ALLA RADIO &#8230; COME NON L&#8217;AVETE MAI SENTITO PRIMA<\/a><\/p><\/blockquote>\n<p><iframe loading=\"lazy\" class=\"wp-embedded-content\" sandbox=\"allow-scripts\" security=\"restricted\" style=\"position: absolute; clip: rect(1px, 1px, 1px, 1px);\" title=\"&#8220;IL BLUES ALLA RADIO &#8230; COME NON L&#8217;AVETE MAI SENTITO PRIMA&#8221; &#8212; Radio Pi\u00f9\" src=\"https:\/\/www.radiopiu.net\/wordpress\/da-ieri-alla-radio-in-palinsesto-loris-e-maurizio-con-la-grande-musica\/embed\/#?secret=Ri6cW5Y0kD\" data-secret=\"Ri6cW5Y0kD\" width=\"600\" height=\"338\" frameborder=\"0\" marginwidth=\"0\" marginheight=\"0\" scrolling=\"no\"><\/iframe><\/p>\n<p>&nbsp;<\/p>\n<hr \/>\n<p>&nbsp;<\/p>\n<blockquote>\n<h3><span style=\"color: #0000ff;\">INFORMAZIONE il canale su TELEGRAM informazione di prima mano e in tempo reale. iscriviti ed aiutaci a farlo conoscere\u00a0\u00a0<\/span><\/h3>\n<\/blockquote>\n<div>\n<div class=\"page-title-head hgroup\">\n<div class=\"page-title-head hgroup\">\n<div class=\"page-title-head hgroup\">\n<div class=\"page-title-head hgroup\">\n<div class=\"b654a4as d2edcug0\">\n<div class=\"page-title-head hgroup\">\n<div class=\"page-title-head hgroup\">\n<div class=\"page-title-head hgroup\">\n<div class=\"page-title-head hgroup\">\n<div class=\"b654a4as d2edcug0\">\n<div class=\"page-title-head hgroup\">\n<div class=\"page-title-head hgroup\">\n<div class=\"page-title-head hgroup\">\n<div class=\"page-title-head hgroup\">\n<div class=\"page-title-head hgroup\">\n<div class=\"page-title-head hgroup\">\n<div class=\"page-title-head hgroup\">\n<div class=\"page-title-head hgroup\">\n<div class=\"page-title-head hgroup\">\n<div class=\"b654a4as d2edcug0\">\n<div class=\"page-title-head hgroup\">\n<div class=\"page-title-head hgroup\">\n<div class=\"page-title-head hgroup\">\n<div class=\"page-title-head hgroup\">\n<div class=\"b654a4as d2edcug0\">\n<div>\n<p>&nbsp;<\/p>\n<\/div>\n<div>\n<div class=\"page-title-head hgroup\">\n<div class=\"page-title-head hgroup\">\n<div class=\"page-title-head hgroup\">\n<div class=\"page-title-head hgroup\">\n<div class=\"page-title-head hgroup\">\n<div class=\"b654a4as d2edcug0\">\n<div>\n<hr \/>\n<\/div>\n<\/div>\n<div>\n<div>\n<p>&nbsp;<\/p>\n<\/div>\n<div>\n<div>\n<p>&nbsp;<\/p>\n<\/div>\n<div>\n<div>\n<p><strong>DUE MINUTI UN LIBRO, TUTTI I GIORNI ALLA RADIO ALLE 9.40 E ALLE 17.50\u00a0<\/strong><\/p>\n<div>\n<div>\n<p><strong>LA RACCOLTA COMPLETA\u00a0\u00a0<\/strong><\/p>\n<\/div>\n<div>\n<blockquote class=\"wp-embedded-content\" data-secret=\"WmAD6nAau3\"><p><a href=\"https:\/\/www.radiopiu.net\/wordpress\/due-minuti-un-libro\/\">Due minuti un libro<\/a><\/p><\/blockquote>\n<p><iframe loading=\"lazy\" class=\"wp-embedded-content\" sandbox=\"allow-scripts\" security=\"restricted\" style=\"position: absolute; clip: rect(1px, 1px, 1px, 1px);\" title=\"&#8220;Due minuti un libro&#8221; &#8212; Radio Pi\u00f9\" src=\"https:\/\/www.radiopiu.net\/wordpress\/due-minuti-un-libro\/embed\/#?secret=WmAD6nAau3\" data-secret=\"WmAD6nAau3\" width=\"600\" height=\"338\" frameborder=\"0\" marginwidth=\"0\" marginheight=\"0\" scrolling=\"no\"><\/iframe><\/p>\n<\/div>\n<\/div>\n<\/div>\n<div class=\"mkdf-post-text\">\n<div class=\"mkdf-post-text-inner\">\n<div class=\"mkdf-post-text-main\">\n<div class=\"mkdf-post-text\">\n<div class=\"mkdf-post-text-inner\">\n<div class=\"mkdf-post-text-main\">\n<div class=\"mkdf-post-text\">\n<div class=\"mkdf-post-text-inner\">\n<div class=\"mkdf-post-text-main\">\n<div class=\"page-title-head hgroup\">\n<div class=\"page-title-head hgroup\">\n<div class=\"mkdf-post-text\">\n<div class=\"mkdf-post-text-inner\">\n<div class=\"mkdf-post-text-main\">\n<div class=\"mkdf-post-text\">\n<div class=\"mkdf-post-text-inner\">\n<div class=\"mkdf-post-text-main\">\n<div class=\"page-title-head hgroup\">\n<div class=\"page-title-head hgroup\">\n<div class=\"page-title-head hgroup\">\n<div class=\"page-title-head hgroup\">\n<div class=\"b654a4as d2edcug0\">\n<div class=\"page-title-head hgroup\">\n<div class=\"page-title-head hgroup\">\n<div class=\"page-title-head hgroup\">\n<div class=\"page-title-head hgroup\">\n<div class=\"b654a4as d2edcug0\">\n<div class=\"page-title-head hgroup\">\n<div class=\"page-title-head hgroup\">\n<div class=\"page-title-head hgroup\">\n<div class=\"page-title-head hgroup\">\n<div class=\"b654a4as d2edcug0\">\n<div>\n<p>&nbsp;<\/p>\n<\/div>\n<div>\n<hr \/>\n<p>&nbsp;<\/p>\n<\/div>\n<h2><span style=\"color: #808000;\">L&#8217;ALMANACCO LADINO\u00a0\u00a0<\/span><\/h2>\n<p><strong>PUNTATA DEL 28 FEBBRAIO 2022<\/strong><\/p>\n<audio class=\"wp-audio-shortcode\" id=\"audio-262241-16\" preload=\"none\" style=\"width: 100%;\" controls=\"controls\"><source type=\"audio\/mpeg\" src=\"https:\/\/www.radiopiu.net\/wordpress\/wp-content\/uploads\/2022\/02\/78\u00b0Almanacco-Ladino_Fodom-1.mp3?_=16\" \/><a href=\"https:\/\/www.radiopiu.net\/wordpress\/wp-content\/uploads\/2022\/02\/78\u00b0Almanacco-Ladino_Fodom-1.mp3\">https:\/\/www.radiopiu.net\/wordpress\/wp-content\/uploads\/2022\/02\/78\u00b0Almanacco-Ladino_Fodom-1.mp3<\/a><\/audio>\n<p>&nbsp;<\/p>\n<p><strong>LA RACCOLTA<\/strong><\/p>\n<blockquote class=\"wp-embedded-content\" data-secret=\"eXwuGiwbae\"><p><a href=\"https:\/\/www.radiopiu.net\/wordpress\/almanacco-ladino\/\">Almanacco Ladino<\/a><\/p><\/blockquote>\n<p><iframe loading=\"lazy\" class=\"wp-embedded-content\" sandbox=\"allow-scripts\" security=\"restricted\" style=\"position: absolute; clip: rect(1px, 1px, 1px, 1px);\" title=\"&#8220;Almanacco Ladino&#8221; &#8212; Radio Pi\u00f9\" src=\"https:\/\/www.radiopiu.net\/wordpress\/almanacco-ladino\/embed\/#?secret=eXwuGiwbae\" data-secret=\"eXwuGiwbae\" width=\"600\" height=\"338\" frameborder=\"0\" marginwidth=\"0\" marginheight=\"0\" scrolling=\"no\"><\/iframe><\/p>\n<p>&nbsp;<\/p>\n<hr \/>\n<p>&nbsp;<\/p>\n<h2><span style=\"color: #33cccc;\">LA RASSEGNA STAMPA DA L&#8217;AMICO DEL POPOLO<\/span><\/h2>\n<p><strong><a class=\"dt-pswp-item\" href=\"https:\/\/www.radiopiu.net\/wordpress\/wp-content\/uploads\/2022\/02\/Schermata-2022-02-26-alle-15.02.18.png\" data-dt-img-description=\"\" data-large_image_width=\"828\" data-large_image_height=\"604\"><img loading=\"lazy\" decoding=\"async\" class=\" wp-image-261767 alignleft\" src=\"https:\/\/www.radiopiu.net\/wordpress\/wp-content\/uploads\/2022\/02\/Schermata-2022-02-26-alle-15.02.18-300x219.png\" alt=\"\" width=\"138\" height=\"101\" srcset=\"https:\/\/www.radiopiu.net\/wordpress\/wp-content\/uploads\/2022\/02\/Schermata-2022-02-26-alle-15.02.18-300x219.png 300w, https:\/\/www.radiopiu.net\/wordpress\/wp-content\/uploads\/2022\/02\/Schermata-2022-02-26-alle-15.02.18-768x560.png 768w, https:\/\/www.radiopiu.net\/wordpress\/wp-content\/uploads\/2022\/02\/Schermata-2022-02-26-alle-15.02.18.png 828w\" sizes=\"auto, (max-width: 138px) 100vw, 138px\" \/><\/a>di Gianni Santomaso<\/strong><\/p>\n<p>OSPITE: Raffaele Crocco, giornalista TGR Rai Trento<\/p>\n<p>&nbsp;<\/p>\n<audio class=\"wp-audio-shortcode\" id=\"audio-262241-17\" preload=\"none\" style=\"width: 100%;\" controls=\"controls\"><source type=\"audio\/mpeg\" src=\"https:\/\/www.radiopiu.net\/wordpress\/wp-content\/uploads\/2022\/02\/RASSEGNA-GIANNI-5.mp3?_=17\" \/><a href=\"https:\/\/www.radiopiu.net\/wordpress\/wp-content\/uploads\/2022\/02\/RASSEGNA-GIANNI-5.mp3\">https:\/\/www.radiopiu.net\/wordpress\/wp-content\/uploads\/2022\/02\/RASSEGNA-GIANNI-5.mp3<\/a><\/audio>\n<p>&nbsp;<\/p>\n<p><strong>LA RACCOLTA COMPLETA<\/strong><\/p>\n<blockquote class=\"wp-embedded-content\" data-secret=\"JQ5AAj1Y1v\"><p><a href=\"https:\/\/www.radiopiu.net\/wordpress\/rassegna-stampa-di-gianni-santomaso\/\">Rassegna stampa da l&#8217;amico del popolo &#8211; di Gianni Santomaso<\/a><\/p><\/blockquote>\n<p><iframe loading=\"lazy\" class=\"wp-embedded-content\" sandbox=\"allow-scripts\" security=\"restricted\" style=\"position: absolute; clip: rect(1px, 1px, 1px, 1px);\" title=\"&#8220;Rassegna stampa da l&#8217;amico del popolo &#8211; di Gianni Santomaso&#8221; &#8212; Radio Pi\u00f9\" src=\"https:\/\/www.radiopiu.net\/wordpress\/rassegna-stampa-di-gianni-santomaso\/embed\/#?secret=JQ5AAj1Y1v\" data-secret=\"JQ5AAj1Y1v\" width=\"600\" height=\"338\" frameborder=\"0\" marginwidth=\"0\" marginheight=\"0\" scrolling=\"no\"><\/iframe><\/p>\n<p>&nbsp;<\/p>\n<hr \/>\n<p>&nbsp;<\/p>\n<div>\n<div class=\"page-title-head hgroup\">\n<div class=\"page-title-head hgroup\">\n<div class=\"b654a4as d2edcug0\">\n<div class=\"j83agx80 btwxx1t3 lhclo0ds hop8lmos nkwizq5d scwd0bx6 roh60bw9\">\n<div class=\"rq0escxv hkbzh7o3 jwdofwj8 n8tt0mok r8blr3vg hyh9befq\">\n<div class=\"do00u71z l9j0dhe7 k4urcfbm\">\n<div class=\"ecm0bbzt e5nlhep0 a8c37x1j\">\n<div class=\"kvgmc6g5 cxmmr5t8 oygrvhab hcukyx3x c1et5uql\">\n<div class=\"gmail-kvgmc6g5 gmail-cxmmr5t8 gmail-oygrvhab gmail-hcukyx3x gmail-c1et5uql gmail-ii04i59q\">\n<div class=\"page-title-head hgroup\">\n<div class=\"page-title-head hgroup\">\n<div class=\"b654a4as d2edcug0\">\n<div class=\"j83agx80 btwxx1t3 lhclo0ds hop8lmos nkwizq5d scwd0bx6 roh60bw9\">\n<div class=\"rq0escxv hkbzh7o3 jwdofwj8 n8tt0mok r8blr3vg hyh9befq\">\n<div class=\"do00u71z l9j0dhe7 k4urcfbm\">\n<div>\n<div class=\"page-title-head hgroup\">\n<div class=\"page-title-head hgroup\">\n<div class=\"page-title-head hgroup\">\n<div class=\"page-title-head hgroup\">\n<div class=\"b654a4as d2edcug0\">\n<div class=\"page-title-head hgroup\">\n<div class=\"page-title-head hgroup\">\n<div class=\"page-title-head hgroup\">\n<div class=\"page-title-head hgroup\">\n<div class=\"b654a4as d2edcug0\">\n<div class=\"page-title-head hgroup\">\n<div class=\"page-title-head hgroup\">\n<div class=\"page-title-head hgroup\">\n<div class=\"page-title-head hgroup\">\n<div class=\"page-title-head hgroup\">\n<div class=\"page-title-head hgroup\">\n<div class=\"page-title-head hgroup\">\n<div class=\"page-title-head hgroup\">\n<div class=\"page-title-head hgroup\">\n<div class=\"b654a4as d2edcug0\">\n<div class=\"page-title-head hgroup\">\n<div class=\"page-title-head hgroup\">\n<div class=\"page-title-head hgroup\">\n<div class=\"page-title-head hgroup\">\n<div class=\"b654a4as d2edcug0\">\n<div>\n<div class=\"page-title-head hgroup\">\n<div class=\"page-title-head hgroup\">\n<div class=\"page-title-head hgroup\">\n<div class=\"page-title-head hgroup\">\n<div class=\"page-title-head hgroup\">\n<div>\n<div>\n<div>\n<div class=\"mkdf-post-text\">\n<div class=\"mkdf-post-text-inner\">\n<div class=\"mkdf-post-text-main\">\n<div class=\"mkdf-post-text\">\n<div class=\"mkdf-post-text-inner\">\n<div class=\"mkdf-post-text-main\">\n<div class=\"mkdf-post-text\">\n<div class=\"mkdf-post-text-inner\">\n<div class=\"mkdf-post-text-main\">\n<div class=\"page-title-head hgroup\">\n<div class=\"page-title-head hgroup\">\n<div class=\"mkdf-post-text\">\n<div class=\"mkdf-post-text-inner\">\n<div class=\"mkdf-post-text-main\">\n<div class=\"mkdf-post-text\">\n<div class=\"mkdf-post-text-inner\">\n<div class=\"mkdf-post-text-main\">\n<div class=\"page-title-head hgroup\">\n<div class=\"page-title-head hgroup\">\n<div class=\"page-title-head hgroup\">\n<div class=\"page-title-head hgroup\">\n<div class=\"b654a4as d2edcug0\">\n<div class=\"page-title-head hgroup\">\n<div class=\"page-title-head hgroup\">\n<div class=\"page-title-head hgroup\">\n<div class=\"page-title-head hgroup\">\n<div class=\"b654a4as d2edcug0\">\n<div class=\"page-title-head hgroup\">\n<div class=\"page-title-head hgroup\">\n<div class=\"page-title-head hgroup\">\n<div class=\"page-title-head hgroup\">\n<div class=\"b654a4as d2edcug0\">\n<p>&nbsp;<\/p>\n<h2><span style=\"color: #800080;\">I RACCONTI DI PAOLO SOPPELSA\u00a0<\/span><\/h2>\n<p><strong>LA RACCOLTA COMPLETA<\/strong><\/p>\n<blockquote class=\"wp-embedded-content\" data-secret=\"Ac6YEpm9w8\"><p><a href=\"https:\/\/www.radiopiu.net\/wordpress\/i-racconti-di-paolo-soppelsa\/\">I racconti di Paolo Soppelsa<\/a><\/p><\/blockquote>\n<p><iframe loading=\"lazy\" class=\"wp-embedded-content\" sandbox=\"allow-scripts\" security=\"restricted\" style=\"position: absolute; clip: rect(1px, 1px, 1px, 1px);\" title=\"&#8220;I racconti di Paolo Soppelsa&#8221; &#8212; Radio Pi\u00f9\" src=\"https:\/\/www.radiopiu.net\/wordpress\/i-racconti-di-paolo-soppelsa\/embed\/#?secret=Ac6YEpm9w8\" data-secret=\"Ac6YEpm9w8\" width=\"600\" height=\"338\" frameborder=\"0\" marginwidth=\"0\" marginheight=\"0\" scrolling=\"no\"><\/iframe><\/p>\n<p>&nbsp;<\/p>\n<\/div>\n<\/div>\n<\/div>\n<\/div>\n<\/div>\n<\/div>\n<\/div>\n<\/div>\n<\/div>\n<\/div>\n<\/div>\n<\/div>\n<\/div>\n<\/div>\n<\/div>\n<\/div>\n<\/div>\n<\/div>\n<\/div>\n<\/div>\n<\/div>\n<\/div>\n<\/div>\n<\/div>\n<\/div>\n<\/div>\n<\/div>\n<\/div>\n<\/div>\n<\/div>\n<\/div>\n<\/div>\n<\/div>\n<\/div>\n<\/div>\n<\/div>\n<\/div>\n<\/div>\n<\/div>\n<\/div>\n<\/div>\n<\/div>\n<\/div>\n<\/div>\n<\/div>\n<\/div>\n<\/div>\n<\/div>\n<\/div>\n<\/div>\n<\/div>\n<\/div>\n<\/div>\n<\/div>\n<\/div>\n<\/div>\n<\/div>\n<\/div>\n<\/div>\n<\/div>\n<\/div>\n<\/div>\n<\/div>\n<\/div>\n<\/div>\n<\/div>\n<\/div>\n<div>\n<div class=\"page-title-head hgroup\">\n<div class=\"page-title-head hgroup\">\n<div class=\"page-title-head hgroup\">\n<div class=\"page-title-head hgroup\">\n<div class=\"b654a4as d2edcug0\">\n<div class=\"page-title-head hgroup\">\n<div class=\"page-title-head hgroup\">\n<div class=\"page-title-head hgroup\">\n<div class=\"page-title-head hgroup\">\n<div class=\"b654a4as d2edcug0\">\n<div class=\"page-title-head hgroup\">\n<div class=\"page-title-head hgroup\">\n<div class=\"page-title-head hgroup\">\n<div class=\"page-title-head hgroup\">\n<div class=\"page-title-head hgroup\">\n<div class=\"page-title-head hgroup\">\n<div class=\"page-title-head hgroup\">\n<div class=\"page-title-head hgroup\">\n<div class=\"page-title-head hgroup\">\n<div class=\"b654a4as d2edcug0\">\n<div class=\"page-title-head hgroup\">\n<div class=\"page-title-head hgroup\">\n<div class=\"page-title-head hgroup\">\n<div class=\"page-title-head hgroup\">\n<div class=\"b654a4as d2edcug0\">\n<div>\n<div class=\"page-title-head hgroup\">\n<div class=\"page-title-head hgroup\">\n<div class=\"page-title-head hgroup\">\n<div class=\"page-title-head hgroup\">\n<div class=\"page-title-head hgroup\">\n<div>\n<div>\n<div>\n<div class=\"mkdf-post-text\">\n<div class=\"mkdf-post-text-inner\">\n<div class=\"mkdf-post-text-main\">\n<div class=\"mkdf-post-text\">\n<div class=\"mkdf-post-text-inner\">\n<div class=\"mkdf-post-text-main\">\n<div class=\"mkdf-post-text\">\n<div class=\"mkdf-post-text-inner\">\n<div class=\"mkdf-post-text-main\">\n<div class=\"page-title-head hgroup\">\n<div class=\"page-title-head hgroup\">\n<div class=\"mkdf-post-text\">\n<div class=\"mkdf-post-text-inner\">\n<div class=\"mkdf-post-text-main\">\n<div class=\"mkdf-post-text\">\n<div class=\"mkdf-post-text-inner\">\n<div class=\"mkdf-post-text-main\">\n<div class=\"page-title-head hgroup\">\n<div class=\"page-title-head hgroup\">\n<div class=\"page-title-head hgroup\">\n<div class=\"page-title-head hgroup\">\n<div class=\"b654a4as d2edcug0\">\n<div class=\"page-title-head hgroup\">\n<div class=\"page-title-head hgroup\">\n<div class=\"page-title-head hgroup\">\n<div class=\"page-title-head hgroup\">\n<div class=\"b654a4as d2edcug0\">\n<div class=\"page-title-head hgroup\">\n<div class=\"page-title-head hgroup\">\n<div class=\"page-title-head hgroup\">\n<div class=\"page-title-head hgroup\">\n<div class=\"b654a4as d2edcug0\">\n<hr \/>\n<\/div>\n<div class=\"b654a4as d2edcug0\">\n<p>&nbsp;<\/p>\n<p><a href=\"https:\/\/www.radiopiu.net\/wordpress\/giornale-radiopiu-26-settembre-2018-direttore-mirko-mezzacasa\/viabilita-2\/\" rel=\"attachment wp-att-61954\"><img loading=\"lazy\" decoding=\"async\" class=\"aligncenter wp-image-61954 size-full\" src=\"https:\/\/www.radiopiu.net\/wordpress\/wp-content\/uploads\/2018\/09\/viabilita.jpeg\" sizes=\"auto, (max-width: 800px) 100vw, 800px\" srcset=\"https:\/\/www.radiopiu.net\/wordpress\/wp-content\/uploads\/2018\/09\/viabilita.jpeg 800w, https:\/\/www.radiopiu.net\/wordpress\/wp-content\/uploads\/2018\/09\/viabilita-300x38.jpeg 300w, https:\/\/www.radiopiu.net\/wordpress\/wp-content\/uploads\/2018\/09\/viabilita-768x96.jpeg 768w\" alt=\"\" width=\"800\" height=\"100\" \/><\/a><\/p>\n<\/div>\n<\/div>\n<\/div>\n<\/div>\n<\/div>\n<\/div>\n<\/div>\n<\/div>\n<\/div>\n<\/div>\n<\/div>\n<\/div>\n<\/div>\n<\/div>\n<\/div>\n<\/div>\n<\/div>\n<\/div>\n<\/div>\n<\/div>\n<\/div>\n<\/div>\n<\/div>\n<\/div>\n<\/div>\n<\/div>\n<\/div>\n<\/div>\n<\/div>\n<\/div>\n<\/div>\n<\/div>\n<\/div>\n<\/div>\n<\/div>\n<\/div>\n<\/div>\n<\/div>\n<\/div>\n<\/div>\n<\/div>\n<\/div>\n<\/div>\n<\/div>\n<\/div>\n<\/div>\n<\/div>\n<\/div>\n<\/div>\n<\/div>\n<\/div>\n<\/div>\n<\/div>\n<\/div>\n<\/div>\n<\/div>\n<\/div>\n<\/div>\n<\/div>\n<\/div>\n<\/div>\n<\/div>\n<\/div>\n<\/div>\n<\/div>\n<\/div>\n<\/div>\n<\/div>\n<\/div>\n<\/div>\n<\/div>\n<\/div>\n<\/div>\n<\/div>\n<\/div>\n<\/div>\n<\/div>\n<\/div>\n<\/div>\n<\/div>\n<\/div>\n<\/div>\n<\/div>\n<div>\n<div class=\"page-title-head hgroup\">\n<div class=\"page-title-head hgroup\">\n<div class=\"b654a4as d2edcug0\">\n<div class=\"j83agx80 btwxx1t3 lhclo0ds hop8lmos nkwizq5d scwd0bx6 roh60bw9\">\n<div class=\"rq0escxv hkbzh7o3 jwdofwj8 n8tt0mok r8blr3vg hyh9befq\">\n<div class=\"do00u71z l9j0dhe7 k4urcfbm\">\n<div class=\"ecm0bbzt e5nlhep0 a8c37x1j\">\n<div class=\"kvgmc6g5 cxmmr5t8 oygrvhab hcukyx3x c1et5uql\">\n<div class=\"gmail-kvgmc6g5 gmail-cxmmr5t8 gmail-oygrvhab gmail-hcukyx3x gmail-c1et5uql gmail-ii04i59q\">\n<div class=\"page-title-head hgroup\">\n<div class=\"page-title-head hgroup\">\n<div class=\"b654a4as d2edcug0\">\n<div class=\"j83agx80 btwxx1t3 lhclo0ds hop8lmos nkwizq5d scwd0bx6 roh60bw9\">\n<div class=\"rq0escxv hkbzh7o3 jwdofwj8 n8tt0mok r8blr3vg hyh9befq\">\n<div class=\"do00u71z l9j0dhe7 k4urcfbm\">\n<div class=\"page-title-head hgroup\">\n<div class=\"page-title-head hgroup\">\n<div class=\"page-title-head hgroup\">\n<div class=\"page-title-head hgroup\">\n<div class=\"b654a4as d2edcug0\">\n<div class=\"page-title-head hgroup\">\n<div class=\"page-title-head hgroup\">\n<div class=\"page-title-head hgroup\">\n<div class=\"page-title-head hgroup\">\n<div class=\"b654a4as d2edcug0\">\n<div class=\"page-title-head hgroup\">\n<div class=\"page-title-head hgroup\">\n<div class=\"page-title-head hgroup\">\n<div class=\"page-title-head hgroup\">\n<div class=\"page-title-head hgroup\">\n<div class=\"page-title-head hgroup\">\n<div class=\"page-title-head hgroup\">\n<div class=\"page-title-head hgroup\">\n<div class=\"page-title-head hgroup\">\n<div class=\"b654a4as d2edcug0\">\n<div class=\"page-title-head hgroup\">\n<div class=\"page-title-head hgroup\">\n<div class=\"page-title-head hgroup\">\n<div class=\"page-title-head hgroup\">\n<div class=\"b654a4as d2edcug0\">\n<div class=\"page-title-head hgroup\">\n<div class=\"page-title-head hgroup\">\n<div class=\"page-title-head hgroup\">\n<div class=\"page-title-head hgroup\">\n<div class=\"page-title-head hgroup\">\n<div class=\"mkdf-post-text\">\n<div class=\"mkdf-post-text-inner\">\n<div class=\"mkdf-post-text-main\">\n<div class=\"mkdf-post-text\">\n<div class=\"mkdf-post-text-inner\">\n<div class=\"mkdf-post-text-main\">\n<div class=\"mkdf-post-text\">\n<div class=\"mkdf-post-text-inner\">\n<div class=\"mkdf-post-text-main\">\n<div class=\"page-title-head hgroup\">\n<div class=\"page-title-head hgroup\">\n<div class=\"mkdf-post-text\">\n<div class=\"mkdf-post-text-inner\">\n<div class=\"mkdf-post-text-main\">\n<div class=\"mkdf-post-text\">\n<div class=\"mkdf-post-text-inner\">\n<div class=\"mkdf-post-text-main\">\n<div class=\"page-title-head hgroup\">\n<div class=\"page-title-head hgroup\">\n<div class=\"page-title-head hgroup\">\n<div class=\"page-title-head hgroup\">\n<div class=\"b654a4as d2edcug0\">\n<div class=\"page-title-head hgroup\">\n<div class=\"page-title-head hgroup\">\n<div class=\"page-title-head hgroup\">\n<div class=\"page-title-head hgroup\">\n<div class=\"b654a4as d2edcug0\">\n<div class=\"page-title-head hgroup\">\n<div class=\"page-title-head hgroup\">\n<div class=\"page-title-head hgroup\">\n<div class=\"page-title-head hgroup\">\n<div class=\"b654a4as d2edcug0\">\n<div class=\"ecm0bbzt e5nlhep0 a8c37x1j\">\n<div class=\"kvgmc6g5 cxmmr5t8 oygrvhab hcukyx3x c1et5uql\">\n<div class=\"gmail-kvgmc6g5 gmail-cxmmr5t8 gmail-oygrvhab gmail-hcukyx3x gmail-c1et5uql gmail-ii04i59q\">\n<div class=\"page-title-head hgroup\">\n<div class=\"page-title-head hgroup\">\n<div class=\"b654a4as d2edcug0\">\n<div class=\"j83agx80 btwxx1t3 lhclo0ds hop8lmos nkwizq5d scwd0bx6 roh60bw9\">\n<div class=\"rq0escxv hkbzh7o3 jwdofwj8 n8tt0mok r8blr3vg hyh9befq\">\n<div class=\"do00u71z l9j0dhe7 k4urcfbm\">\n<div class=\"page-title-head hgroup\">\n<div class=\"page-title-head hgroup\">\n<div class=\"page-title-head hgroup\">\n<div class=\"page-title-head hgroup\">\n<div class=\"b654a4as d2edcug0\">\n<div class=\"page-title-head hgroup\">\n<div class=\"page-title-head hgroup\">\n<div class=\"page-title-head hgroup\">\n<div class=\"page-title-head hgroup\">\n<div class=\"b654a4as d2edcug0\">\n<div class=\"page-title-head hgroup\">\n<div class=\"page-title-head hgroup\">\n<div class=\"page-title-head hgroup\">\n<div class=\"page-title-head hgroup\">\n<div class=\"page-title-head hgroup\">\n<div class=\"page-title-head hgroup\">\n<div class=\"page-title-head hgroup\">\n<div class=\"page-title-head hgroup\">\n<div class=\"page-title-head hgroup\">\n<div class=\"b654a4as d2edcug0\">\n<div class=\"page-title-head hgroup\">\n<div class=\"page-title-head hgroup\">\n<div class=\"page-title-head hgroup\">\n<div class=\"page-title-head hgroup\">\n<div class=\"b654a4as d2edcug0\">\n<div class=\"page-title-head hgroup\">\n<div class=\"page-title-head hgroup\">\n<div class=\"page-title-head hgroup\">\n<div class=\"page-title-head hgroup\">\n<div class=\"page-title-head hgroup\">\n<div class=\"mkdf-post-text\">\n<div class=\"mkdf-post-text-inner\">\n<div class=\"mkdf-post-text-main\">\n<div class=\"mkdf-post-text\">\n<div class=\"mkdf-post-text-inner\">\n<div class=\"mkdf-post-text-main\">\n<div class=\"mkdf-post-text\">\n<div class=\"mkdf-post-text-inner\">\n<div class=\"mkdf-post-text-main\">\n<div class=\"page-title-head hgroup\">\n<div class=\"page-title-head hgroup\">\n<div class=\"mkdf-post-text\">\n<div class=\"mkdf-post-text-inner\">\n<div class=\"mkdf-post-text-main\">\n<div class=\"mkdf-post-text\">\n<div class=\"mkdf-post-text-inner\">\n<div class=\"mkdf-post-text-main\">\n<div class=\"page-title-head hgroup\">\n<div class=\"page-title-head hgroup\">\n<div class=\"page-title-head hgroup\">\n<div class=\"page-title-head hgroup\">\n<div class=\"b654a4as d2edcug0\">\n<div class=\"page-title-head hgroup\">\n<div class=\"page-title-head hgroup\">\n<div class=\"page-title-head hgroup\">\n<div class=\"page-title-head hgroup\">\n<div class=\"b654a4as d2edcug0\">\n<div class=\"page-title-head hgroup\">\n<div class=\"page-title-head hgroup\">\n<div class=\"page-title-head hgroup\">\n<div class=\"page-title-head hgroup\">\n<div class=\"b654a4as d2edcug0\">\n<p>&nbsp;<\/p>\n<blockquote class=\"wp-embedded-content\" data-secret=\"vxBgtlKMcS\"><p><a href=\"https:\/\/www.radiopiu.net\/wordpress\/viabilita\/\">viabilita<\/a><\/p><\/blockquote>\n<p><iframe loading=\"lazy\" class=\"wp-embedded-content\" sandbox=\"allow-scripts\" security=\"restricted\" style=\"position: absolute; clip: rect(1px, 1px, 1px, 1px);\" title=\"&#8220;viabilita&#8221; &#8212; Radio Pi\u00f9\" src=\"https:\/\/www.radiopiu.net\/wordpress\/viabilita\/embed\/#?secret=vxBgtlKMcS\" data-secret=\"vxBgtlKMcS\" width=\"600\" height=\"338\" frameborder=\"0\" marginwidth=\"0\" marginheight=\"0\" scrolling=\"no\"><\/iframe><\/p>\n<p>&nbsp;<\/p>\n<hr \/>\n<\/div>\n<\/div>\n<\/div>\n<\/div>\n<\/div>\n<\/div>\n<\/div>\n<\/div>\n<\/div>\n<\/div>\n<\/div>\n<\/div>\n<\/div>\n<\/div>\n<\/div>\n<\/div>\n<\/div>\n<\/div>\n<\/div>\n<\/div>\n<\/div>\n<\/div>\n<\/div>\n<\/div>\n<\/div>\n<\/div>\n<\/div>\n<\/div>\n<\/div>\n<\/div>\n<\/div>\n<\/div>\n<\/div>\n<\/div>\n<\/div>\n<\/div>\n<\/div>\n<\/div>\n<\/div>\n<\/div>\n<\/div>\n<\/div>\n<\/div>\n<\/div>\n<\/div>\n<\/div>\n<\/div>\n<\/div>\n<\/div>\n<\/div>\n<\/div>\n<\/div>\n<\/div>\n<\/div>\n<\/div>\n<\/div>\n<\/div>\n<\/div>\n<\/div>\n<\/div>\n<\/div>\n<\/div>\n<\/div>\n<\/div>\n<\/div>\n<\/div>\n<\/div>\n<\/div>\n<\/div>\n<\/div>\n<\/div>\n<\/div>\n<\/div>\n<\/div>\n<\/div>\n<\/div>\n<\/div>\n<\/div>\n<\/div>\n<\/div>\n<\/div>\n<\/div>\n<\/div>\n<\/div>\n<\/div>\n<\/div>\n<\/div>\n<\/div>\n<\/div>\n<\/div>\n<\/div>\n<\/div>\n<\/div>\n<\/div>\n<\/div>\n<\/div>\n<\/div>\n<\/div>\n<\/div>\n<\/div>\n<\/div>\n<\/div>\n<\/div>\n<\/div>\n<\/div>\n<\/div>\n<\/div>\n<\/div>\n<\/div>\n<\/div>\n<\/div>\n<\/div>\n<\/div>\n<\/div>\n<\/div>\n<\/div>\n<\/div>\n<\/div>\n<\/div>\n<\/div>\n<\/div>\n<\/div>\n<\/div>\n<\/div>\n<\/div>\n<\/div>\n<\/div>\n<\/div>\n<\/div>\n<\/div>\n<\/div>\n<\/div>\n<\/div>\n<\/div>\n<\/div>\n<\/div>\n<\/div>\n<\/div>\n<\/div>\n<\/div>\n<\/div>\n<\/div>\n<\/div>\n<\/div>\n<\/div>\n<\/div>\n<\/div>\n<\/div>\n<\/div>\n<p>&nbsp;<\/p>\n<div>\n<div class=\"page-title-head hgroup\">\n<div class=\"page-title-head hgroup\">\n<div class=\"b654a4as d2edcug0\">\n<div class=\"j83agx80 btwxx1t3 lhclo0ds hop8lmos nkwizq5d scwd0bx6 roh60bw9\">\n<div class=\"rq0escxv hkbzh7o3 jwdofwj8 n8tt0mok r8blr3vg hyh9befq\">\n<div class=\"do00u71z l9j0dhe7 k4urcfbm\">\n<div class=\"page-title-head hgroup\">\n<div class=\"page-title-head hgroup\">\n<div class=\"b654a4as d2edcug0\">\n<div class=\"j83agx80 btwxx1t3 lhclo0ds hop8lmos nkwizq5d scwd0bx6 roh60bw9\">\n<div class=\"rq0escxv hkbzh7o3 jwdofwj8 n8tt0mok r8blr3vg hyh9befq\">\n<div class=\"do00u71z l9j0dhe7 k4urcfbm\">\n<div class=\"ecm0bbzt e5nlhep0 a8c37x1j\">\n<div class=\"kvgmc6g5 cxmmr5t8 oygrvhab hcukyx3x c1et5uql\">\n<div class=\"gmail-kvgmc6g5 gmail-cxmmr5t8 gmail-oygrvhab gmail-hcukyx3x gmail-c1et5uql gmail-ii04i59q\">\n<div class=\"page-title-head hgroup\">\n<div class=\"page-title-head hgroup\">\n<div class=\"b654a4as d2edcug0\">\n<div class=\"j83agx80 btwxx1t3 lhclo0ds hop8lmos nkwizq5d scwd0bx6 roh60bw9\">\n<div class=\"rq0escxv hkbzh7o3 jwdofwj8 n8tt0mok r8blr3vg hyh9befq\">\n<div class=\"do00u71z l9j0dhe7 k4urcfbm\">\n<div class=\"page-title-head hgroup\">\n<div class=\"page-title-head hgroup\">\n<div class=\"b654a4as d2edcug0\">\n<div class=\"j83agx80 btwxx1t3 lhclo0ds hop8lmos nkwizq5d scwd0bx6 roh60bw9\">\n<div class=\"rq0escxv hkbzh7o3 jwdofwj8 n8tt0mok r8blr3vg hyh9befq\">\n<div class=\"do00u71z l9j0dhe7 k4urcfbm\">\n<div>\n<div class=\"page-title-head hgroup\">\n<div class=\"page-title-head hgroup\">\n<div class=\"b654a4as d2edcug0\">\n<div class=\"j83agx80 btwxx1t3 lhclo0ds hop8lmos nkwizq5d scwd0bx6 roh60bw9\">\n<div class=\"rq0escxv hkbzh7o3 jwdofwj8 n8tt0mok r8blr3vg hyh9befq\">\n<div class=\"do00u71z l9j0dhe7 k4urcfbm\">\n<div class=\"ecm0bbzt e5nlhep0 a8c37x1j\">\n<div class=\"kvgmc6g5 cxmmr5t8 oygrvhab hcukyx3x c1et5uql\">\n<div class=\"gmail-kvgmc6g5 gmail-cxmmr5t8 gmail-oygrvhab gmail-hcukyx3x gmail-c1et5uql gmail-ii04i59q\">\n<div class=\"page-title-head hgroup\">\n<div class=\"page-title-head hgroup\">\n<div class=\"b654a4as d2edcug0\">\n<div class=\"j83agx80 btwxx1t3 lhclo0ds hop8lmos nkwizq5d scwd0bx6 roh60bw9\">\n<div class=\"rq0escxv hkbzh7o3 jwdofwj8 n8tt0mok r8blr3vg hyh9befq\">\n<div class=\"do00u71z l9j0dhe7 k4urcfbm\">\n<div class=\"page-title-head hgroup\">\n<div class=\"page-title-head hgroup\">\n<div class=\"page-title-head hgroup\">\n<div class=\"page-title-head hgroup\">\n<div class=\"b654a4as d2edcug0\">\n<div class=\"page-title-head hgroup\">\n<div class=\"page-title-head hgroup\">\n<div class=\"page-title-head hgroup\">\n<div class=\"page-title-head hgroup\">\n<div class=\"b654a4as d2edcug0\">\n<div class=\"page-title-head hgroup\">\n<div class=\"page-title-head hgroup\">\n<div class=\"page-title-head hgroup\">\n<div class=\"page-title-head hgroup\">\n<div class=\"page-title-head hgroup\">\n<div class=\"page-title-head hgroup\">\n<div class=\"page-title-head hgroup\">\n<div class=\"page-title-head hgroup\">\n<div class=\"page-title-head hgroup\">\n<div class=\"b654a4as d2edcug0\">\n<div class=\"page-title-head hgroup\">\n<div class=\"page-title-head hgroup\">\n<div class=\"page-title-head hgroup\">\n<div class=\"page-title-head hgroup\">\n<div class=\"b654a4as d2edcug0\">\n<div class=\"page-title-head hgroup\">\n<div class=\"page-title-head hgroup\">\n<div class=\"page-title-head hgroup\">\n<div class=\"page-title-head hgroup\">\n<div class=\"page-title-head hgroup\">\n<div class=\"mkdf-post-text\">\n<div class=\"mkdf-post-text-inner\">\n<div class=\"mkdf-post-text-main\">\n<div class=\"mkdf-post-text\">\n<div class=\"mkdf-post-text-inner\">\n<div class=\"mkdf-post-text-main\">\n<div class=\"mkdf-post-text\">\n<div class=\"mkdf-post-text-inner\">\n<div class=\"mkdf-post-text-main\">\n<div class=\"page-title-head hgroup\">\n<div class=\"page-title-head hgroup\">\n<div class=\"mkdf-post-text\">\n<div class=\"mkdf-post-text-inner\">\n<div class=\"mkdf-post-text-main\">\n<div class=\"mkdf-post-text\">\n<div class=\"mkdf-post-text-inner\">\n<div class=\"mkdf-post-text-main\">\n<div class=\"page-title-head hgroup\">\n<div class=\"page-title-head hgroup\">\n<div class=\"page-title-head hgroup\">\n<div class=\"page-title-head hgroup\">\n<div class=\"b654a4as d2edcug0\">\n<div class=\"page-title-head hgroup\">\n<div class=\"page-title-head hgroup\">\n<div class=\"page-title-head hgroup\">\n<div class=\"page-title-head hgroup\">\n<div class=\"b654a4as d2edcug0\">\n<div class=\"page-title-head hgroup\">\n<div class=\"page-title-head hgroup\">\n<div class=\"page-title-head hgroup\">\n<div class=\"page-title-head hgroup\">\n<div class=\"b654a4as d2edcug0\">\n<div class=\"ecm0bbzt e5nlhep0 a8c37x1j\">\n<div class=\"kvgmc6g5 cxmmr5t8 oygrvhab hcukyx3x c1et5uql\">\n<div class=\"gmail-kvgmc6g5 gmail-cxmmr5t8 gmail-oygrvhab gmail-hcukyx3x gmail-c1et5uql gmail-ii04i59q\">\n<div class=\"page-title-head hgroup\">\n<div class=\"page-title-head hgroup\">\n<div class=\"b654a4as d2edcug0\">\n<div class=\"j83agx80 btwxx1t3 lhclo0ds hop8lmos nkwizq5d scwd0bx6 roh60bw9\">\n<div class=\"rq0escxv hkbzh7o3 jwdofwj8 n8tt0mok r8blr3vg hyh9befq\">\n<div class=\"do00u71z l9j0dhe7 k4urcfbm\">\n<div class=\"page-title-head hgroup\">\n<div class=\"page-title-head hgroup\">\n<div class=\"page-title-head hgroup\">\n<div class=\"page-title-head hgroup\">\n<div class=\"b654a4as d2edcug0\">\n<div class=\"page-title-head hgroup\">\n<div class=\"page-title-head hgroup\">\n<div class=\"page-title-head hgroup\">\n<div class=\"page-title-head hgroup\">\n<div class=\"b654a4as d2edcug0\">\n<div class=\"page-title-head hgroup\">\n<div class=\"page-title-head hgroup\">\n<div class=\"page-title-head hgroup\">\n<div class=\"page-title-head hgroup\">\n<div class=\"page-title-head hgroup\">\n<div class=\"page-title-head hgroup\">\n<div class=\"page-title-head hgroup\">\n<div class=\"page-title-head hgroup\">\n<div class=\"page-title-head hgroup\">\n<div class=\"b654a4as d2edcug0\">\n<div class=\"page-title-head hgroup\">\n<div class=\"page-title-head hgroup\">\n<div class=\"page-title-head hgroup\">\n<div class=\"page-title-head hgroup\">\n<div class=\"b654a4as d2edcug0\">\n<div class=\"page-title-head hgroup\">\n<div class=\"page-title-head hgroup\">\n<div class=\"page-title-head hgroup\">\n<div class=\"page-title-head hgroup\">\n<div class=\"page-title-head hgroup\">\n<div class=\"mkdf-post-text\">\n<div class=\"mkdf-post-text-inner\">\n<div class=\"mkdf-post-text-main\">\n<div class=\"mkdf-post-text\">\n<div class=\"mkdf-post-text-inner\">\n<div class=\"mkdf-post-text-main\">\n<div class=\"mkdf-post-text\">\n<div class=\"mkdf-post-text-inner\">\n<div class=\"mkdf-post-text-main\">\n<div class=\"page-title-head hgroup\">\n<div class=\"page-title-head hgroup\">\n<div class=\"mkdf-post-text\">\n<div class=\"mkdf-post-text-inner\">\n<div class=\"mkdf-post-text-main\">\n<div class=\"mkdf-post-text\">\n<div class=\"mkdf-post-text-inner\">\n<div class=\"mkdf-post-text-main\">\n<div class=\"page-title-head hgroup\">\n<div class=\"page-title-head hgroup\">\n<div class=\"page-title-head hgroup\">\n<div class=\"page-title-head hgroup\">\n<div class=\"b654a4as d2edcug0\">\n<div class=\"page-title-head hgroup\">\n<div class=\"page-title-head hgroup\">\n<div class=\"page-title-head hgroup\">\n<div class=\"page-title-head hgroup\">\n<div class=\"b654a4as d2edcug0\">\n<div class=\"page-title-head hgroup\">\n<div class=\"page-title-head hgroup\">\n<div class=\"page-title-head hgroup\">\n<div class=\"page-title-head hgroup\">\n<div class=\"b654a4as d2edcug0\">\n<p>&nbsp;<\/p>\n<\/div>\n<div class=\"b654a4as d2edcug0\">\n<div class=\"ecm0bbzt e5nlhep0 a8c37x1j\">\n<div class=\"kvgmc6g5 cxmmr5t8 oygrvhab hcukyx3x c1et5uql\">\n<div class=\"gmail-kvgmc6g5 gmail-cxmmr5t8 gmail-oygrvhab gmail-hcukyx3x gmail-c1et5uql gmail-ii04i59q\">\n<div>\n<div class=\"page-title-head hgroup\">\n<div class=\"page-title-head hgroup\">\n<div class=\"b654a4as d2edcug0\">\n<div class=\"j83agx80 btwxx1t3 lhclo0ds hop8lmos nkwizq5d scwd0bx6 roh60bw9\">\n<div class=\"rq0escxv hkbzh7o3 jwdofwj8 n8tt0mok r8blr3vg hyh9befq\">\n<div class=\"do00u71z l9j0dhe7 k4urcfbm\">\n<div>\n<div class=\"page-title-head hgroup\">\n<div class=\"page-title-head hgroup\">\n<div class=\"page-title-head hgroup\">\n<div class=\"page-title-head hgroup\">\n<div class=\"b654a4as d2edcug0\">\n<div class=\"page-title-head hgroup\">\n<div class=\"page-title-head hgroup\">\n<div class=\"page-title-head hgroup\">\n<div class=\"page-title-head hgroup\">\n<div class=\"b654a4as d2edcug0\">\n<div class=\"page-title-head hgroup\">\n<div class=\"page-title-head hgroup\">\n<div class=\"page-title-head hgroup\">\n<div class=\"page-title-head hgroup\">\n<div class=\"page-title-head hgroup\">\n<div class=\"mkdf-post-text\">\n<div class=\"mkdf-post-text-inner\">\n<div class=\"mkdf-post-text-main\">\n<div class=\"mkdf-post-text\">\n<div class=\"mkdf-post-text-inner\">\n<div class=\"mkdf-post-text-main\">\n<div class=\"mkdf-post-text\">\n<div class=\"mkdf-post-text-inner\">\n<div class=\"mkdf-post-text-main\">\n<div class=\"page-title-head hgroup\">\n<div class=\"page-title-head hgroup\">\n<div class=\"mkdf-post-text\">\n<div class=\"mkdf-post-text-inner\">\n<div class=\"mkdf-post-text-main\">\n<div class=\"mkdf-post-text\">\n<div class=\"mkdf-post-text-inner\">\n<div class=\"mkdf-post-text-main\">\n<div>\n<div class=\"page-title-head hgroup\">\n<div class=\"page-title-head hgroup\">\n<div>\n<div class=\"page-title-head hgroup\">\n<div class=\"page-title-head hgroup\">\n<div class=\"b654a4as d2edcug0\">\n<div>\n<div class=\"page-title-head hgroup\" style=\"text-align: left;\">\n<div class=\"page-title-head hgroup\">\n<div dir=\"auto\">\n<p><a class=\"dt-pswp-item pspw-wrap-ready\" href=\"https:\/\/i0.wp.com\/www.radiopiu.net\/wordpress\/wp-content\/uploads\/2018\/09\/WhatsApp-Image-2018-09-20-at-16.04.06.jpeg?ssl=1\" data-dt-img-description=\"\" data-large_image_width=\"800\" data-large_image_height=\"100\"><img loading=\"lazy\" decoding=\"async\" class=\"aligncenter wp-image-61378 size-full jetpack-lazy-image jetpack-lazy-image--handled\" src=\"https:\/\/i0.wp.com\/www.radiopiu.net\/wordpress\/wp-content\/uploads\/2018\/09\/WhatsApp-Image-2018-09-20-at-16.04.06.jpeg?resize=800%2C100&amp;ssl=1\" sizes=\"auto, (max-width: 800px) 100vw, 800px\" srcset=\"https:\/\/i0.wp.com\/www.radiopiu.net\/wordpress\/wp-content\/uploads\/2018\/09\/WhatsApp-Image-2018-09-20-at-16.04.06.jpeg?w=800&amp;ssl=1 800w, https:\/\/i0.wp.com\/www.radiopiu.net\/wordpress\/wp-content\/uploads\/2018\/09\/WhatsApp-Image-2018-09-20-at-16.04.06.jpeg?resize=300%2C38&amp;ssl=1 300w, https:\/\/i0.wp.com\/www.radiopiu.net\/wordpress\/wp-content\/uploads\/2018\/09\/WhatsApp-Image-2018-09-20-at-16.04.06.jpeg?resize=768%2C96&amp;ssl=1 768w\" alt=\"\" width=\"800\" height=\"100\" data-lazy-loaded=\"1\" \/><\/a><\/p>\n<\/div>\n<\/div>\n<\/div>\n<\/div>\n<\/div>\n<\/div>\n<\/div>\n<\/div>\n<\/div>\n<\/div>\n<\/div>\n<\/div>\n<\/div>\n<\/div>\n<\/div>\n<\/div>\n<\/div>\n<\/div>\n<\/div>\n<\/div>\n<\/div>\n<\/div>\n<\/div>\n<\/div>\n<\/div>\n<\/div>\n<\/div>\n<\/div>\n<\/div>\n<\/div>\n<\/div>\n<\/div>\n<\/div>\n<\/div>\n<\/div>\n<\/div>\n<\/div>\n<\/div>\n<\/div>\n<\/div>\n<\/div>\n<\/div>\n<\/div>\n<\/div>\n<\/div>\n<\/div>\n<\/div>\n<\/div>\n<\/div>\n<\/div>\n<\/div>\n<\/div>\n<\/div>\n<\/div>\n<\/div>\n<\/div>\n<\/div>\n<\/div>\n<\/div>\n<\/div>\n<\/div>\n<\/div>\n<\/div>\n<\/div>\n<\/div>\n<\/div>\n<\/div>\n<\/div>\n<\/div>\n<\/div>\n<\/div>\n<\/div>\n<\/div>\n<\/div>\n<\/div>\n<\/div>\n<\/div>\n<\/div>\n<\/div>\n<\/div>\n<\/div>\n<\/div>\n<\/div>\n<\/div>\n<\/div>\n<\/div>\n<\/div>\n<\/div>\n<\/div>\n<\/div>\n<\/div>\n<\/div>\n<\/div>\n<\/div>\n<\/div>\n<\/div>\n<\/div>\n<\/div>\n<\/div>\n<\/div>\n<\/div>\n<\/div>\n<\/div>\n<\/div>\n<\/div>\n<\/div>\n<\/div>\n<\/div>\n<\/div>\n<\/div>\n<\/div>\n<\/div>\n<\/div>\n<\/div>\n<\/div>\n<\/div>\n<\/div>\n<\/div>\n<\/div>\n<\/div>\n<\/div>\n<\/div>\n<\/div>\n<\/div>\n<\/div>\n<\/div>\n<\/div>\n<\/div>\n<\/div>\n<\/div>\n<\/div>\n<\/div>\n<\/div>\n<\/div>\n<\/div>\n<\/div>\n<\/div>\n<\/div>\n<\/div>\n<\/div>\n<\/div>\n<\/div>\n<\/div>\n<\/div>\n<\/div>\n<\/div>\n<\/div>\n<\/div>\n<\/div>\n<\/div>\n<\/div>\n<\/div>\n<\/div>\n<\/div>\n<\/div>\n<\/div>\n<\/div>\n<\/div>\n<\/div>\n<\/div>\n<\/div>\n<\/div>\n<\/div>\n<\/div>\n<\/div>\n<\/div>\n<\/div>\n<\/div>\n<\/div>\n<\/div>\n<\/div>\n<\/div>\n<\/div>\n<\/div>\n<\/div>\n<\/div>\n<\/div>\n<\/div>\n<\/div>\n<\/div>\n<\/div>\n<\/div>\n<\/div>\n<\/div>\n<\/div>\n<\/div>\n<\/div>\n<\/div>\n<\/div>\n<\/div>\n<\/div>\n<\/div>\n<\/div>\n<\/div>\n<\/div>\n<\/div>\n<\/div>\n<\/div>\n<\/div>\n<\/div>\n<\/div>\n<\/div>\n<\/div>\n<\/div>\n<\/div>\n<\/div>\n<\/div>\n<\/div>\n<\/div>\n<\/div>\n<\/div>\n<\/div>\n<\/div>\n<\/div>\n<\/div>\n<\/div>\n<\/div>\n<\/div>\n<\/div>\n<\/div>\n<\/div>\n<\/div>\n<\/div>\n<\/div>\n<\/div>\n<\/div>\n<\/div>\n<\/div>\n<\/div>\n<\/div>\n<\/div>\n<p><center><b>Mercoledi 2<\/b><\/center><b>Tempo atteso: <\/b>Al mattino cielo da sereno a poco nuvoloso per qualche sottile nube alta su Dolomiti a partire da met\u00e0 mattinata. Dalle ore centrali e soprattutto nel pomeriggio velature via via pi\u00f9 estese, in grado a tratti di mascherare il sole, dapprima su Dolomiti poi anche su Prealpi dove si attarderanno fino a sera. Contesto termico ancora freddo per il periodo al mattino mentre in giornata si assister\u00e0 ad un generale rialzo termico.<br \/>\n<b>Precipitazioni: <\/b>Assenti (0%)<br \/>\n<b>Temperature: <\/b>In generale aumento Su Prealpi a 1500 m: min -3 max 3, a 2000 m: min -5 max -1 Su Dolomiti a 2000 m: min -4 max 0, a 3000 m: min -9 max -7<br \/>\n<b>Venti: <\/b>Nelle valli deboli a regime di brezza, in quota deboli o al pi\u00f9 moderati da Nord\/Nordovest a 5-15 km\/h a 2000 m, 20-30 km\/h a 3000 m<\/p>\n<hr \/>\n<p><center><b>Giovedi 3<\/b><\/center><b>Tempo atteso: <\/b>Nella notte e fino al primissimo mattino residue nubi alte su prealpi in allontanamento verso sud, in giornata tempo ben soleggiato con cielo perlopi\u00f9 sereno ovunque. Da met\u00e0 pomeriggio e soprattutto in serata irregolare aumento della nuvolosit\u00e0 su tutti settori fino a nuvoloso.<br \/>\n<b>Precipitazioni: <\/b>Assenti in giornata (0%) verso sera non esclusi debolissimi fenomeni sparsi (20-30%) a partire da Dolomiti in trasferimento a Prealpi, eventualmente nevosi fin sui 500\/800 m<br \/>\n<b>Temperature: <\/b>in generale lieve aumento in un contesto termico pi\u00f9 mite, specie in quota, ma ancora con probabili estese gelate mattutine. Su Prealpi a 1500 m: min -1 max 4, a 2000 m: min -2 max -1 Su Dolomiti a 2000 m: min -3 max 0, a 3000 m: min -10 max -9<br \/>\n<b>Venti: <\/b>Nelle valli deboli a regime di brezza, in quota deboli\/moderati da Nord a 5-15 km\/h a 2000 m, 10-25 km\/h a 3000 m<\/p>\n<hr \/>\n<p><center><b>Venerdi 4<\/b><\/center>Tra notte e primo mattino nubi irregolari con qualche residuo e debole fenomeno su Prealpi specie occidentali eventualmente nevoso oltre i 600\/800 m. In giornata ampie schiarite con cielo generalmente sereno o poco nuvoloso su Dolomiti mentre qualche addensamento potrebbe attardarsi su Prealpi per gran parte del mattino. Dal tardo pomeriggio ed in serata nuovo aumento della nuvolosit\u00e0 da nordest associato a qualche debolissimo fenomeno sparso. Temperature in generale calo a tutte le quote. Venti deboli\/moderati settentrionali in quota, deboli variabili nelle valli.<\/p>\n<hr \/>\n<p><center><b>Sabato 5<\/b><\/center>Fino al primo mattino nuvolosit\u00e0 irregolare specie su Prealpi, poi ampie schiarite ovunque fino a sereno o poco nuvoloso su tutti i settori con il passaggio di qualche nube medio-alta durante la giornata. Temperature in ulteriore calo con valori al di sotto della media del periodo. Venti in quota deboli\/moderati da nordest Previsore: DDL<\/p>\n<p>&nbsp;<\/p>\n<hr \/>\n<p>&nbsp;<\/p>\n<p><img loading=\"lazy\" decoding=\"async\" class=\"wp-image-60761 size-full aligncenter\" src=\"https:\/\/www.radiopiu.net\/wordpress\/wp-content\/uploads\/2018\/09\/sport.jpg\" alt=\"\" width=\"800\" height=\"100\" srcset=\"https:\/\/www.radiopiu.net\/wordpress\/wp-content\/uploads\/2018\/09\/sport.jpg 800w, https:\/\/www.radiopiu.net\/wordpress\/wp-content\/uploads\/2018\/09\/sport-300x38.jpg 300w, https:\/\/www.radiopiu.net\/wordpress\/wp-content\/uploads\/2018\/09\/sport-768x96.jpg 768w\" sizes=\"auto, (max-width: 800px) 100vw, 800px\" \/><\/p>\n<p><b>\u00a0<\/b><\/p>\n<p><span style=\"color: #0000ff;\"><strong>HOCKEY SU GHIACCIO<\/strong><\/span><\/p>\n<blockquote>\n<h3>IL PERGINE PORTA SUL 2 A 0 LA SERIE DEI QUARTI DI FINALE IHL MA LE CIVETTE LOTTANO FINO ALLA FINE<\/h3>\n<\/blockquote>\n<p><strong><a class=\"dt-pswp-item\" href=\"https:\/\/www.radiopiu.net\/wordpress\/wp-content\/uploads\/2022\/01\/HOCKEY-2022.jpg\" data-dt-img-description=\"\" data-large_image_width=\"1920\" data-large_image_height=\"1280\"><img loading=\"lazy\" decoding=\"async\" class=\"size-medium wp-image-255780 alignleft\" src=\"https:\/\/www.radiopiu.net\/wordpress\/wp-content\/uploads\/2022\/01\/HOCKEY-2022-300x200.jpg\" alt=\"\" width=\"300\" height=\"200\" srcset=\"https:\/\/www.radiopiu.net\/wordpress\/wp-content\/uploads\/2022\/01\/HOCKEY-2022-300x200.jpg 300w, https:\/\/www.radiopiu.net\/wordpress\/wp-content\/uploads\/2022\/01\/HOCKEY-2022-1024x683.jpg 1024w, https:\/\/www.radiopiu.net\/wordpress\/wp-content\/uploads\/2022\/01\/HOCKEY-2022-768x512.jpg 768w, https:\/\/www.radiopiu.net\/wordpress\/wp-content\/uploads\/2022\/01\/HOCKEY-2022-1536x1024.jpg 1536w, https:\/\/www.radiopiu.net\/wordpress\/wp-content\/uploads\/2022\/01\/HOCKEY-2022.jpg 1920w\" sizes=\"auto, (max-width: 300px) 100vw, 300px\" \/><\/a>PERGINE \u2013 ALLEGHE 5-3<\/strong><\/p>\n<p>PARZIALI: 1-1, 1-1, 3-1<\/p>\n<p>GOL: pt. 6\u201928\u201d Sanvido, 14\u201954\u201d De Toni. st. 12\u201944\u201d Dell\u2019Osbel, 15\u201945\u201d Bitetto. tt. 1\u201933\u201d Sanvido, 9\u201926\u201d Conci, 19\u201940\u201d Ganz, 19\u201959\u201d Sanvido<\/p>\n<p>&nbsp;<\/p>\n<p>L\u2019Alleghe ci prova, mette in campo cuore e grinta ma non riesce a pareggiare la serie con il Pergine. Gara 2 dei quarti di finale IHL finisce in tasca dei trentini che si portano sul 2 a 0 mettendo la punta dei piedi in semifinale. Match combattutto e a tratti nervoso ma le linci riescono ad approfittare di alcune disattenzioni alleghesi incamerando la seconda vittoria consecutiva. Ora gara 3 al De Toni con gli uomini di Fontana costretti a vincere per riaprire la serie ed evitare che le semifinali diventino un miraggio. Subito in salita la partita delle civette che dopo pochi secondi si trovano con l\u2019uomo in meno ma il Pergine non riesce a sbloccare la partita. I ritmi sono alti e gli agordini sembrano essere pi\u00f9 pericolosi. Il gioco \u00e8 fisico e le squadre sembrano non concedere nulla. Alla prima disattenzione i padroni di casa passano in vantaggio. Sanvido scappa in solitaria e, dopo aver aggirato la porta, batte Scola. Alleghe che prova a reagire ma le azioni offensive vengono fermate dai trentini che quando conquistano disco mettono paura agli agordini. Biancorossi che approfittano di un powerplay per pareggiare i conti con Edgar De Toni. Nel secondo drittel si lotta su ogni disco. La partita diventa maschia e le penalit\u00e0 fioccano da entrambe le parti. In doppia superiorit\u00e0 numerica le civette si avvicinano al raddoppio pi\u00f9 volte. Rispondono subito i trentini con Savido che sfiora il gol. A passare in vantaggio \u00e8 l\u2019Alleghe che sfrutta un contropiede per lanciare in rete Dell\u2019Osbel che ha trafitto Rigoni dopo essersi accentrato su passaggio di De Toni. Dura poco il vantaggio biancorosso, al primo powerplay a favore le linci pareggiano i conti con un siluro di Bitetto. Le squadre danno spettacolo e i protagonisti assoluti sono i portieri. Nel finale di tempo la squadra di Fontana subisce l\u2019ennesima penalit\u00e0 e all\u2019inizio della terza frazione il Pergine trova la rete del vantaggio con Sanvido. Si continua a lottare in balaustra alla ricerca di conquistare il puck. Soppelsa si divora il pareggio e il Pergine fa altrettanto con Andreotti. A 10\u2019 dal termine Conci cala il poker per i trentini con un rasoterra che Scola non riesce a trattenere. Intanto Piva commette un brutto fallo su De Silvestro e viene punito con la penalit\u00e0 partita. Ultima parte di gara con le squadre stanche e tanti errori da entrambi i lati. Fontana gioca la carta dell\u2019uomo di movimento in pi\u00f9 e Ganz accorcia a 20\u201d dal termine. Sanvido sigla la tripletta personale a un secondo dal termine.<\/p>\n<p>&nbsp;<\/p>\n<p>&nbsp;<\/p>\n<hr \/>\n<p>&nbsp;<\/p>\n<p>&nbsp;<\/p>\n<p>&nbsp;<\/p>\n<h3><a class=\"dt-pswp-item\" href=\"https:\/\/www.radiopiu.net\/wordpress\/wp-content\/uploads\/2022\/03\/59118795-5581-456f-8859-fe0fc2932da6.jpg\" data-dt-img-description=\"\" data-large_image_width=\"1080\" data-large_image_height=\"1080\"><img loading=\"lazy\" decoding=\"async\" class=\" wp-image-262460 alignleft\" src=\"https:\/\/www.radiopiu.net\/wordpress\/wp-content\/uploads\/2022\/03\/59118795-5581-456f-8859-fe0fc2932da6-300x300.jpg\" alt=\"\" width=\"129\" height=\"129\" srcset=\"https:\/\/www.radiopiu.net\/wordpress\/wp-content\/uploads\/2022\/03\/59118795-5581-456f-8859-fe0fc2932da6-300x300.jpg 300w, https:\/\/www.radiopiu.net\/wordpress\/wp-content\/uploads\/2022\/03\/59118795-5581-456f-8859-fe0fc2932da6-1024x1024.jpg 1024w, https:\/\/www.radiopiu.net\/wordpress\/wp-content\/uploads\/2022\/03\/59118795-5581-456f-8859-fe0fc2932da6-150x150.jpg 150w, https:\/\/www.radiopiu.net\/wordpress\/wp-content\/uploads\/2022\/03\/59118795-5581-456f-8859-fe0fc2932da6-768x768.jpg 768w, https:\/\/www.radiopiu.net\/wordpress\/wp-content\/uploads\/2022\/03\/59118795-5581-456f-8859-fe0fc2932da6.jpg 1080w\" sizes=\"auto, (max-width: 129px) 100vw, 129px\" \/><\/a>LA TIFOSERIA DEL FELTREGHIACCIO ORGANIZZA UNA CORRIERA PER GARA 3 A BOLZANO<\/h3>\n<p><strong>FELTRE<\/strong> Il sogno del Feltreghiaccio di accedere alle semifinali della IHL Division I continua. Sabato a Bolzano si giocher\u00e0 Gara 3 contro il Bolzano\/Trento e la tifoseria feltrina ha organizzato una corriera per andare in terra altoatesina e tifare la squadra di Feltre.<\/p>\n<p><strong>LUCA ZANELLA, UNO DEGLI ORGANIZZATORI DELLA TRASFERTA<\/strong><\/p>\n<audio class=\"wp-audio-shortcode\" id=\"audio-262241-18\" preload=\"none\" style=\"width: 100%;\" controls=\"controls\"><source type=\"audio\/mpeg\" src=\"https:\/\/www.radiopiu.net\/wordpress\/wp-content\/uploads\/2022\/03\/ZANELLA-CORRIERA-FELTREGHIACCIO.mp3?_=18\" \/><a href=\"https:\/\/www.radiopiu.net\/wordpress\/wp-content\/uploads\/2022\/03\/ZANELLA-CORRIERA-FELTREGHIACCIO.mp3\">https:\/\/www.radiopiu.net\/wordpress\/wp-content\/uploads\/2022\/03\/ZANELLA-CORRIERA-FELTREGHIACCIO.mp3<\/a><\/audio>\n<p>&nbsp;<\/p>\n<hr \/>\n<p>&nbsp;<\/p>\n<p><span style=\"color: #0000ff;\"><strong>CALCIO<\/strong> <\/span><\/p>\n<blockquote>\n<h3><span style=\"color: #000000; font-family: verdana, sans-serif;\"><b><span style=\"font-size: large;\">RIPARTE IL CALCIO DI CSI BELLUNO E CSI FELTRE\u00a0<\/span><\/b><\/span><\/h3>\n<\/blockquote>\n<p><span style=\"color: #000000; font-family: verdana, sans-serif;\"><strong><a class=\"dt-pswp-item\" href=\"https:\/\/www.radiopiu.net\/wordpress\/wp-content\/uploads\/2021\/09\/PALLONE-CALCIO-CSI.jpg\" data-dt-img-description=\"\" data-large_image_width=\"956\" data-large_image_height=\"637\"><img loading=\"lazy\" decoding=\"async\" class=\" wp-image-233126 alignleft\" src=\"https:\/\/www.radiopiu.net\/wordpress\/wp-content\/uploads\/2021\/09\/PALLONE-CALCIO-CSI-300x200.jpg\" alt=\"\" width=\"182\" height=\"121\" srcset=\"https:\/\/www.radiopiu.net\/wordpress\/wp-content\/uploads\/2021\/09\/PALLONE-CALCIO-CSI-300x200.jpg 300w, https:\/\/www.radiopiu.net\/wordpress\/wp-content\/uploads\/2021\/09\/PALLONE-CALCIO-CSI-768x512.jpg 768w, https:\/\/www.radiopiu.net\/wordpress\/wp-content\/uploads\/2021\/09\/PALLONE-CALCIO-CSI.jpg 956w\" sizes=\"auto, (max-width: 182px) 100vw, 182px\" \/><\/a>BELLUNO<\/strong> Dopo la pausa invernale, riparte il calcio. Lo fa con il campionato di A1 che vede in lizza le migliori cinque dei due gironi Open di andata. Si giocher\u00e0 sabato 5 e domenica 6 marzo: <\/span><span style=\"color: #000000; font-family: verdana, sans-serif;\">Bellunese Calcio \u2013 Amatori Segusino sabato 5 marzo ore 15 a Roe. Arbitro Matten; <\/span><span style=\"color: #000000; font-family: verdana, sans-serif;\">Cral Farrese \u2013 Sovramonte sabato 5 marzo ore 15 a Sant\u2019Antonio Tortal. Arbitro Decima;\u00a0 <\/span><span style=\"color: #000000; font-family: verdana, sans-serif;\">Virtus Nemeggio \u2013 Sottocastello sabato 5 marzo ore 14.30 a Celarda. Arbitro De Biasi; <\/span><span style=\"color: #000000; font-family: verdana, sans-serif;\">Calcio Soccher \u2013 Sedico Calcio sabato 5 marzo ore 15 a Soccher. Arbitro De Nardin; <\/span><span style=\"color: #000000; font-family: verdana, sans-serif;\">Vignui \u2013 Chies domenica 6 marzo ore 15 a Feltre Foro Boario. Arbitro Fallucca. <\/span><span style=\"color: #000000; font-family: verdana, sans-serif;\">Nel fine settimana del 12 e 13 marzo prender\u00e0 avvio anche il torneo di A2 mentre a fine mese scenderanno in campo le squadre Over.\u00a0<\/span><\/p>\n<p>&nbsp;<\/p>\n<hr \/>\n<p>&nbsp;<\/p>\n<p><span style=\"color: #0000ff;\"><strong>PALLAVOLO<\/strong><\/span><\/p>\n<blockquote>\n<h3>STAGIONE FINITA PER CANDEAGO, MICROFRATTURA ALLA CAVIGLIA<\/h3>\n<\/blockquote>\n<p><strong><a class=\"dt-pswp-item\" href=\"https:\/\/www.radiopiu.net\/wordpress\/wp-content\/uploads\/2022\/03\/Stagione_finita_per_Candeago.jpg\" data-dt-img-description=\"\" data-large_image_width=\"2160\" data-large_image_height=\"1440\"><img loading=\"lazy\" decoding=\"async\" class=\"size-medium wp-image-262284 alignleft\" src=\"https:\/\/www.radiopiu.net\/wordpress\/wp-content\/uploads\/2022\/03\/Stagione_finita_per_Candeago-300x200.jpg\" alt=\"\" width=\"300\" height=\"200\" srcset=\"https:\/\/www.radiopiu.net\/wordpress\/wp-content\/uploads\/2022\/03\/Stagione_finita_per_Candeago-300x200.jpg 300w, https:\/\/www.radiopiu.net\/wordpress\/wp-content\/uploads\/2022\/03\/Stagione_finita_per_Candeago-1024x683.jpg 1024w, https:\/\/www.radiopiu.net\/wordpress\/wp-content\/uploads\/2022\/03\/Stagione_finita_per_Candeago-768x512.jpg 768w, https:\/\/www.radiopiu.net\/wordpress\/wp-content\/uploads\/2022\/03\/Stagione_finita_per_Candeago-1536x1024.jpg 1536w, https:\/\/www.radiopiu.net\/wordpress\/wp-content\/uploads\/2022\/03\/Stagione_finita_per_Candeago-2048x1365.jpg 2048w\" sizes=\"auto, (max-width: 300px) 100vw, 300px\" \/><\/a>BELLUNO <\/strong>Brutta tegola per Giovanni Candeago e, di riflesso, per la Da Rold Logistics Belluno: purtroppo la stagione dello schiacciatore \u00e8 gi\u00e0 finita.<span class=\"gmail-Apple-converted-space\"> \u00a0<\/span>Dopo il serio infortunio alla caviglia, rimediato lo scorso 28 novembre, sembrava sul punto di rientrare. Tanto \u00e8 vero che circa un mese fa, a Pineto, aveva giocato due set. E pure di buon livello. Il problema, per\u00f2, continuava a sussistere. Cos\u00ec, si \u00e8 deciso di andare a fondo e di sottoporre l\u2019atleta a ulteriori esami: a quel punto, gli accertamenti hanno riscontrato una microfrattura, che va a incidere su due ossa. E che costringer\u00e0 \u201cCandy\u201d a riprendere da capo il percorso di riabilitazione. Ma con la linea del traguardo lontana poco pi\u00f9 di un mese (la bandiera a scacchi della regular season sventoler\u00e0 il prossimo 10 aprile) non c\u2019\u00e8 il tempo materiale per rientrare.<span class=\"gmail-Apple-converted-space\">\u00a0<\/span><\/p>\n<p>&nbsp;<\/p>\n<p>&nbsp;<\/p>\n<hr \/>\n<p>&nbsp;<\/p>\n<p><strong><span style=\"color: #0000ff;\">CORSA IN MONTAGNA<\/span><\/strong><\/p>\n<blockquote>\n<h3>MORENO PESCE E COMPAGNI DEL TEAM 3GAMBE, TRAGUARDO RAGGIUNTO ALLA CORTINA SNOW RUN<\/h3>\n<\/blockquote>\n<p><strong><a class=\"dt-pswp-item\" href=\"https:\/\/www.radiopiu.net\/wordpress\/wp-content\/uploads\/2022\/03\/Image-4.jpeg\" data-dt-img-description=\"\" data-large_image_width=\"427\" data-large_image_height=\"640\"><img loading=\"lazy\" decoding=\"async\" class=\" wp-image-262286 alignleft\" src=\"https:\/\/www.radiopiu.net\/wordpress\/wp-content\/uploads\/2022\/03\/Image-4-200x300.jpeg\" alt=\"\" width=\"150\" height=\"226\" srcset=\"https:\/\/www.radiopiu.net\/wordpress\/wp-content\/uploads\/2022\/03\/Image-4-200x300.jpeg 200w, https:\/\/www.radiopiu.net\/wordpress\/wp-content\/uploads\/2022\/03\/Image-4.jpeg 427w\" sizes=\"auto, (max-width: 150px) 100vw, 150px\" \/><\/a>CORTINA <\/strong>Si \u00e8 conclusa con molta soddisfazione dopo la fatica, da parte di Moreno Pesce, atleta paralimpico e quattro compagni del Team Tre Gambe, la partecipazione alla Cortina Snow Run, svoltasi sabato 26 febbraio in notturna con partenza dal centro di Cortina. La giornata di Moreno Pesce e compagni, si \u00e8 svolta in due parti e non \u00e8 stata solo incentrata sulla gara di corsa. Infatti la mattina si sono immersi nella bellezza delle Dolomiti ampezzane salendo a piedi alle 5 Torri. Un bel connubio tra agonismo, turismo ed ambiente dolomitico. Si sono presentati al nastro di partenza, alle 17.45, in una serata fredda che ha favorito per\u00f2 l\u2019indurimento della neve, fatto questo che ha certamente agevolato la salita e progressione di Pesce e compagni. Incitati al via ed al rientro dal calore del pubblico. Moreno Pesce, ha dichiarato:\u201d di aver dato tutto per poter affrontare il tracciato di gara insieme ai \u00a0compagni: Miloni, Vianello, Galli e Cutaglia. Fondamentale per noi il supporto dell\u2019organizzazione della Cortina Snow Run. Torneremo sicuramente perch\u00e9 la gara si snoda in un contesto paesaggistico bellissimo,\u00a0 il calore del pubblico c\u2019ha fatto sentire a casa e non sentire n\u00e9 fatica n\u00e9 freddo\u201d.<\/p>\n<p>&nbsp;<\/p>\n<p><span style=\"color: #0000ff;\"><strong>NUOTO<\/strong><\/span><\/p>\n<blockquote>\n<h3>ORO PER EMMA, ANCHE ALESSANDRO ALLE FINALI REGIONALI<\/h3>\n<\/blockquote>\n<p><a class=\"dt-pswp-item\" href=\"https:\/\/www.radiopiu.net\/wordpress\/wp-content\/uploads\/2022\/03\/Emma-De-Marco-e-Alessandro-Della-Vecchia.jpg\" data-dt-img-description=\"\" data-large_image_width=\"900\" data-large_image_height=\"1600\"><img loading=\"lazy\" decoding=\"async\" class=\" wp-image-262416 alignleft\" src=\"https:\/\/www.radiopiu.net\/wordpress\/wp-content\/uploads\/2022\/03\/Emma-De-Marco-e-Alessandro-Della-Vecchia-169x300.jpg\" alt=\"\" width=\"117\" height=\"208\" srcset=\"https:\/\/www.radiopiu.net\/wordpress\/wp-content\/uploads\/2022\/03\/Emma-De-Marco-e-Alessandro-Della-Vecchia-169x300.jpg 169w, https:\/\/www.radiopiu.net\/wordpress\/wp-content\/uploads\/2022\/03\/Emma-De-Marco-e-Alessandro-Della-Vecchia-576x1024.jpg 576w, https:\/\/www.radiopiu.net\/wordpress\/wp-content\/uploads\/2022\/03\/Emma-De-Marco-e-Alessandro-Della-Vecchia-768x1365.jpg 768w, https:\/\/www.radiopiu.net\/wordpress\/wp-content\/uploads\/2022\/03\/Emma-De-Marco-e-Alessandro-Della-Vecchia-864x1536.jpg 864w, https:\/\/www.radiopiu.net\/wordpress\/wp-content\/uploads\/2022\/03\/Emma-De-Marco-e-Alessandro-Della-Vecchia.jpg 900w\" sizes=\"auto, (max-width: 117px) 100vw, 117px\" \/><\/a><strong>BELLUNO\u00a0<\/strong>Domenica si \u00e8 svolta a Treviso la quarta giornata della seconda fase della stagione invernale per i nuotatori di categoria (ragazzi, juniores, cadetti e seniores) fascia A del concentramento C dove gli atleti dell&#8217;Ondablu, allenati da Mara Grelloni coadiuvata da Fiorella Da Canal si sono confrontati con i loro pari et\u00e0 delle squadre delle province di Treviso, Belluno e Venezia. Emma De Marco e Alessandro Della Vecchia hanno ottenuto i tempi per le finali regionali. Emma De Marco, oramai una certezza, ha conquistato il 1\u00b0 gradino del podio nei 50 rana (33.96) ed il quarto posto nei 200 rana con 2.42.85. In entrambe le gare sar\u00e0 alle finali regionali. Alessandro Della Vecchia con 25.74 nei 50 stile (14\u00b0) ottiene cos\u00ec il pass per le finali regionali tanto voluto.<\/p>\n<p>&nbsp;<\/p>\n<p>&nbsp;<\/p>\n<p>&nbsp;<\/p>\n<p><span style=\"color: #0000ff;\">CALCIO, DAI NOTIZIARI DELLA SCORSA SETTIMANA\u00a0\u00a0<\/span><\/p>\n<blockquote>\n<h3>IL CAMPIONATO AGORDINO DI CALCIO SI FARA&#8217;. NELLE PROSSIME SETTIMANE LA RIUNIONE PER DELINEARE CALENDARI E MODALITA&#8217;<\/h3>\n<\/blockquote>\n<p><strong><a class=\"dt-pswp-item\" href=\"https:\/\/www.radiopiu.net\/wordpress\/wp-content\/uploads\/2019\/01\/CALCIO-GOL.jpg\" data-dt-img-description=\"\" data-large_image_width=\"800\" data-large_image_height=\"400\"><img loading=\"lazy\" decoding=\"async\" class=\"size-medium wp-image-73083 alignleft\" src=\"https:\/\/www.radiopiu.net\/wordpress\/wp-content\/uploads\/2019\/01\/CALCIO-GOL-300x150.jpg\" alt=\"\" width=\"300\" height=\"150\" srcset=\"https:\/\/www.radiopiu.net\/wordpress\/wp-content\/uploads\/2019\/01\/CALCIO-GOL-300x150.jpg 300w, https:\/\/www.radiopiu.net\/wordpress\/wp-content\/uploads\/2019\/01\/CALCIO-GOL-768x384.jpg 768w, https:\/\/www.radiopiu.net\/wordpress\/wp-content\/uploads\/2019\/01\/CALCIO-GOL.jpg 800w\" sizes=\"auto, (max-width: 300px) 100vw, 300px\" \/><\/a>AGORDO<\/strong> Dopo due anni di stop forzato a causa della pandemia, ritorna sui campi della vallata il Campionato Agordino di Calcio. Lo si \u00e8 deciso nelle ultime ore dopo una riunione in cui le 15 squadre si sono parlate per esprimere dubbi e condivisioni. Purtroppo non saranno 15 le squadre che partecipano al torneo, Frassen\u00e8 e Atletico Caviola hanno alzato bandiera bianca. Manca all&#8217;appello anche la conferma dell&#8217;Alleghe che nelle prossime ore far\u00e0 sapere se decide di iscriversi o no alla prossima edizione. Ora, con l&#8217;annuncio ufficiale che il Campionato Agordino di Calcio 2022 verr\u00e0 giocato, mancano solo le linee guida come regolamento e modalit\u00e0 di campionato. Ma queste verranno decise solo nella prossima riunione tra societ\u00e0 e Comitato Calcio Agordino in programma dopo met\u00e0 marzo.<\/p>\n<p><strong>ANDREA BALDASSI, COORDINATORE DEL COMITATO CALCIO AGORDINO<\/strong><\/p>\n<audio class=\"wp-audio-shortcode\" id=\"audio-262241-19\" preload=\"none\" style=\"width: 100%;\" controls=\"controls\"><source type=\"audio\/mpeg\" src=\"https:\/\/www.radiopiu.net\/wordpress\/wp-content\/uploads\/2022\/02\/BALDASSI-CAMPIONATO-AGORDINO.mp3?_=19\" \/><a href=\"https:\/\/www.radiopiu.net\/wordpress\/wp-content\/uploads\/2022\/02\/BALDASSI-CAMPIONATO-AGORDINO.mp3\">https:\/\/www.radiopiu.net\/wordpress\/wp-content\/uploads\/2022\/02\/BALDASSI-CAMPIONATO-AGORDINO.mp3<\/a><\/audio>\n<p><strong>DAL GRUPPO SPORTIVO TAIBON, ANTIMO SAVARIS<\/strong><\/p>\n<audio class=\"wp-audio-shortcode\" id=\"audio-262241-20\" preload=\"none\" style=\"width: 100%;\" controls=\"controls\"><source type=\"audio\/mpeg\" src=\"https:\/\/www.radiopiu.net\/wordpress\/wp-content\/uploads\/2022\/02\/ANTIMO-SAVARIS-CAMP-AGO.mp3?_=20\" \/><a href=\"https:\/\/www.radiopiu.net\/wordpress\/wp-content\/uploads\/2022\/02\/ANTIMO-SAVARIS-CAMP-AGO.mp3\">https:\/\/www.radiopiu.net\/wordpress\/wp-content\/uploads\/2022\/02\/ANTIMO-SAVARIS-CAMP-AGO.mp3<\/a><\/audio>\n<p><strong>DAL LE VILLE CALCIO ANDREA RUMOR<\/strong><\/p>\n<audio class=\"wp-audio-shortcode\" id=\"audio-262241-21\" preload=\"none\" style=\"width: 100%;\" controls=\"controls\"><source type=\"audio\/mpeg\" src=\"https:\/\/www.radiopiu.net\/wordpress\/wp-content\/uploads\/2022\/02\/ANDREA-RUMOR-CAMP-AGO.mp3?_=21\" \/><a href=\"https:\/\/www.radiopiu.net\/wordpress\/wp-content\/uploads\/2022\/02\/ANDREA-RUMOR-CAMP-AGO.mp3\">https:\/\/www.radiopiu.net\/wordpress\/wp-content\/uploads\/2022\/02\/ANDREA-RUMOR-CAMP-AGO.mp3<\/a><\/audio>\n<p><strong>\u00a0<\/strong><\/p>\n<p>&nbsp;<\/p>\n<\/div>\n<\/div>\n<\/div>\n<\/div>\n<\/div>\n<\/div>\n<\/div>\n<\/div>\n<\/div>\n<\/div>\n<\/div>\n<\/div>\n<\/div>\n<\/div>\n<\/div>\n<\/div>\n<\/div>\n<\/div>\n<\/div>\n<\/div>\n<\/div>\n<\/div>\n<\/div>\n<\/div>\n<\/div>\n<\/div>\n<\/div>\n<\/div>\n<\/div>\n<\/div>\n<\/div>\n<\/div>\n<\/div>\n<\/div>\n<\/div>\n<\/div>\n<\/div>\n<\/div>\n<\/div>\n<\/div>\n<\/div>\n<\/div>\n<\/div>\n<\/div>\n<\/div>\n<\/div>\n<\/div>\n<\/div>\n<\/div>\n<\/div>\n<\/div>\n<\/div>\n<\/div>\n<\/div>\n<\/div>\n<\/div>\n<\/div>\n<\/div>\n<\/div>\n<\/div>\n<\/div>\n<\/div>\n<\/div>\n<\/div>\n<\/div>\n<\/div>\n<\/div>\n<\/div>\n<\/div>\n<\/div>\n<\/div>\n<\/div>\n<\/div>\n<\/div>\n<\/div>\n<\/div>\n<\/div>\n<\/div>\n<\/div>\n<\/div>\n<\/div>\n<\/div>\n<\/div>\n<\/div>\n<\/div>\n<\/div>\n<\/div>\n<\/div>\n<\/div>\n<\/div>\n<\/div>\n<\/div>\n<\/div>\n<\/div>\n<\/div>\n<\/div>\n<\/div>\n<\/div>\n<\/div>\n<\/div>\n<\/div>\n<\/div>\n<\/div>\n<\/div>\n<\/div>\n<\/div>\n<\/div>\n<\/div>\n<\/div>\n<\/div>\n","protected":false},"excerpt":{"rendered":"<p>INFORMAZIONE il canale su TELEGRAM informazione di prima mano e in tempo reale. iscriviti ed aiutaci a farlo conoscere\u00a0\u00a0 &nbsp; CONTRO I FUCILI I CARRI ARMATI E BOMBE&#8230; DANILO SACCO &#8220;Che non siano i padri a seppellire i figli&#8221; &nbsp; &nbsp; IL MESSAGGIO ALLA RADIO&#8230;. montaggio David Ben &nbsp; \u00a0 UN AIUTO ALL&#8217;UCRAINA DALL&#8217;AGORDINO. PARTITA&hellip;<\/p>\n","protected":false},"author":4,"featured_media":262326,"comment_status":"closed","ping_status":"closed","sticky":false,"template":"","format":"standard","meta":{"_monsterinsights_skip_tracking":false,"_monsterinsights_sitenote_active":false,"_monsterinsights_sitenote_note":"","_monsterinsights_sitenote_category":0,"footnotes":""},"categories":[104,86,49],"tags":[],"class_list":["post-262241","post","type-post","status-publish","format-standard","has-post-thumbnail","hentry","category-evidenza_3","category-gr","category-news-18","category-104","category-86","category-49","description-off"],"img_url":"https:\/\/www.radiopiu.net\/wordpress\/wp-content\/uploads\/2022\/03\/08cc8066-d837-48ce-920a-71294491178c.jpg","_links":{"self":[{"href":"https:\/\/www.radiopiu.net\/wordpress\/wp-json\/wp\/v2\/posts\/262241","targetHints":{"allow":["GET"]}}],"collection":[{"href":"https:\/\/www.radiopiu.net\/wordpress\/wp-json\/wp\/v2\/posts"}],"about":[{"href":"https:\/\/www.radiopiu.net\/wordpress\/wp-json\/wp\/v2\/types\/post"}],"author":[{"embeddable":true,"href":"https:\/\/www.radiopiu.net\/wordpress\/wp-json\/wp\/v2\/users\/4"}],"replies":[{"embeddable":true,"href":"https:\/\/www.radiopiu.net\/wordpress\/wp-json\/wp\/v2\/comments?post=262241"}],"version-history":[{"count":0,"href":"https:\/\/www.radiopiu.net\/wordpress\/wp-json\/wp\/v2\/posts\/262241\/revisions"}],"wp:featuredmedia":[{"embeddable":true,"href":"https:\/\/www.radiopiu.net\/wordpress\/wp-json\/wp\/v2\/media\/262326"}],"wp:attachment":[{"href":"https:\/\/www.radiopiu.net\/wordpress\/wp-json\/wp\/v2\/media?parent=262241"}],"wp:term":[{"taxonomy":"category","embeddable":true,"href":"https:\/\/www.radiopiu.net\/wordpress\/wp-json\/wp\/v2\/categories?post=262241"},{"taxonomy":"post_tag","embeddable":true,"href":"https:\/\/www.radiopiu.net\/wordpress\/wp-json\/wp\/v2\/tags?post=262241"}],"curies":[{"name":"wp","href":"https:\/\/api.w.org\/{rel}","templated":true}]}}